{"id":1215,"date":"2022-02-19T20:13:44","date_gmt":"2022-02-19T23:13:44","guid":{"rendered":"https:\/\/www.fenomenum.com.br\/novo\/?p=1215"},"modified":"2025-04-22T13:01:38","modified_gmt":"2025-04-22T16:01:38","slug":"ortotenias-ufos-em-voo-programado","status":"publish","type":"post","link":"https:\/\/www.fenomenum.com.br\/novo\/ortotenias-ufos-em-voo-programado\/","title":{"rendered":"Ortotenias &#8211; UFOs em Voo Programado"},"content":{"rendered":"<section id=\"inner-headline\">\n<div class=\"container\">\n<div class=\"row\">\n<div id=\"resumo\" class=\"resumo\" style=\"padding-left: 40px;\"><strong>Ortotenia \u00e9 uma teoria formulada em 1956, pelo uf\u00f3logo franc\u00eas Aim\u00e9 Michel, baseada nos dados da grande onda ufol\u00f3gica de 1954. Segundo esta teoria, os casos de avistamento n\u00e3o ocorrem ao acaso, pois observa-se uma atua\u00e7\u00e3o inteligente di\u00e1ria por tr\u00e1s destas apari\u00e7\u00f5es.<\/strong><\/div>\n<\/div>\n<\/div>\n<\/section>\n<div>\n<hr \/>\n<\/div>\n<div><\/div>\n<p>O ano de 1954 foi um ano extremamente importante para a Ufologia Mundial. Nesse ano ocorreu uma grande onda ufol\u00f3gica, de propor\u00e7\u00f5es mundiais, com v\u00e1rias centenas de avistamentos, pousos e contatos com tripulantes de UFOs. Na Fran\u00e7a, especificamente, os casos ocorreram com maior intensidade entre setembro e outubro daquele ano.<\/p>\n<p>Naquela \u00e9poca, estavam surgindo organiza\u00e7\u00f5es e pesquisadores independentes, alarmados pelo crescente n\u00famero de apari\u00e7\u00f5es ufol\u00f3gicas. Na Fran\u00e7a Aim\u00e9 Michel e Jean Cocteau eram expoentes. Em 1955, ao discutir sobre os desdobramentos da onda de 1954, Jean sugeriu \u00e0 Michel que a aparente desordem observada no conjunto de casos da referida onda ufol\u00f3gica, poderia haver alguma ordem nos casos e que Michel deveria analisar os testemunhos correspondentes a um curto per\u00edodo de tempo, podendo ser um dia, ou uma semana.<\/p>\n<p>O uf\u00f3logo franc\u00eas Aim\u00e9 Michel realizou in\u00fameros estudos e investiga\u00e7\u00f5es envolvendo os casos franceses, plotando-os em um mapa de acordo com as datas e hor\u00e1rios das ocorr\u00eancias. Ele percebeu que haviam alinhamentos claros e consistentes nessas apari\u00e7\u00f5es que ele chamou de de Ortotenias. Seus estudos foram publicados em seu livro Mysterieux Objets C\u00e9lestes, publicado em 1958 e significou um passo importante no entendimento do fen\u00f4meno e na especula\u00e7\u00e3o sobre a poss\u00edvel intencionalidade dos avistamentos ufol\u00f3gicos.<\/p>\n<p>Michel descobriu que no territ\u00f3rio franc\u00eas os casos foram aumentando diariamente at\u00e9 o dia 1\u00ba de outubro, atingindo o \u00e1pice que se manteve at\u00e9 15 de outubro daquele ano. Ap\u00f3s isso, ocorreu um decl\u00ednio no n\u00famero de casos, chegando \u00e0 n\u00edveis normais ao final de novembro. Com base nesse estudo, Michel descobriu que as caracter\u00edsticas dos avistamentos formariam padr\u00f5es espec\u00edficos consistentes.<\/p>\n<p>Logo no in\u00edcio, ficou claro \u00e0 Michel que os locais dos avistamentos n\u00e3o ocorriam ao acaso. Na verdade uma certa quantidade de avistamentos se alinhavam em retas de tr\u00eas, quatro e at\u00e9 seis pontos, o que surpreendeu Michel. \u00c0 este conjunto de linhas ele deu o nome de Ortotenias.<\/p>\n<p>Ele tamb\u00e9m percebeu que estes alinhamentos tinham curta dura\u00e7\u00e3o, ou seja, come\u00e7avam a se formar nas primeiras horas da madrugada, permanecendo durante todo o dia. Ap\u00f3s a meia noite os locais onde os casos ocorriam alternavam-se, mudando o padr\u00e3o do alinhamento. Era como se a intelig\u00eancia por tr\u00e1s do fen\u00f4meno escolhesse uma \u00e1rea espec\u00edfica a cada novo dia de manifesta\u00e7\u00e3o. Casos que ocorriam por volta da meia noite, geralmente enquadravam-se perfeitamente nos alinhamentos de dois dias consecutivos (exemplos, Foussignargues, 26 para 27 de setembro, Fig. 14).<\/p>\n<p>A maioria absoluta dos casos alinhou-se at\u00e9 o dia 10 de outubro, adequando-se plenamente \u00e0s ortotenias. No entanto, a partir dessa data, o n\u00famero de casos que n\u00e3o se alinhavam aumentou dia ap\u00f3s dia. Ao analisar os casos que n\u00e3o se alinhavam, Michel descobriu que eles eram basicamente erros de interpreta\u00e7\u00e3o e fen\u00f4menos naturais confundidos com fatos ufol\u00f3gicos. Geralmente, os alinhamentos de casos leg\u00edtimos formavam conjuntos com formato de estrela, tendo centro dela, coincidentemente, reportes de um objeto voador de maiores dimens\u00f5es recolhendo ou emitindo naves menores. Um exemplo de caso deste tipo ocorreu na noite de 22 para 23 de agosto de 1954, quando um senhor chamado Bernard Miserey, comerciante da regi\u00e3o de Vernon, departamento de Eure (Fran\u00e7a) chegava em casa. Ele guardava seu carro na garagem de sua resid\u00eancia quando surpreendeu-se com um objeto luminoso pairando im\u00f3vel e silenciosamente. Ele tinha o formato de um charuto, na posi\u00e7\u00e3o vertical. Deste objeto soltou-se um disco voador, que desceu suavemente em dire\u00e7\u00e3o \u00e0 um rio, tornando-se muito luminoso. Este objeto apresentava uma esp\u00e9cie de aur\u00e9ola muito luminosa. Ap\u00f3s alguns segundos o objeto desapareceu em dire\u00e7\u00e3o sudeste, em alta velocidade. Ap\u00f3s seu desaparecimento, outros quatro objetos surgiram do charuto, descendo suavemente.<\/p>\n<p>Em variados casos daquela onda, observadores mais pr\u00f3ximos, descreveram os objetos menores como circulares, hemisf\u00e9ricos na parte de cima e de aspecto vari\u00e1vel na parte de baixo. \u00c0 noite, e em v\u00f4o, o objeto apresentava-se geralmente luminoso. A parte de cima avermelhada, alaranjada ou dourada, a de baixo suscet\u00edvel de emitir cores tais como verde, branca-vermelho, violeta, seja simult\u00e2nea, seja separadamente. No caso de emiss\u00f5es simult\u00e2neas de muitas cores, as fontes luminosas eram como que hastes verticais pendentes do objeto, tendo essas hastes cor diferente. Estas hastes eram vistas ora aparecendo, ora alternando entre si suas cores e dando tamb\u00e9m impress\u00e3o de redemoinho. (Exemplo: observa\u00e7\u00f5es de 3 de outubro, Armenti\u00e8res, Ch\u00e2teau-Chinon, Montb\u00e9liard). Ao inv\u00e9s das hastes, sob o corpo do objeto aparecia, \u00e0s vezes, um objeto menor, muito luminoso, suscet\u00edvel de se afastar verticalmente do objeto superior (Casos de 3 de outubro: Marcoing, Li\u00e9vin, Ablain-Sant-Nazaire, Milly, Champigny).<\/p>\n<p>Igualmente, numerosas testemunhas de casos ocorridos dentro das linhas ortot\u00eanicas associaram aos diversos objetos descritos um certo n\u00famero de fen\u00f4menos, sempre os mesmos: parada do motor do carro, extin\u00e7\u00e3o dos far\u00f3is, formigamento ou sensa\u00e7\u00e3o de choque el\u00e9trico, paralisia do corpo ou dos membros locomotores), aquecimento de objetos chegando ao completo dessecamento de coisas molhadas, agita\u00e7\u00e3o ruidosa e magnetiza\u00e7\u00e3o de objetos met\u00e1licos, etc.<\/p>\n<p>Sobre as caracter\u00edsticas dos objetos em voo, as testemunhas descreveram basicamente as mesmas caracter\u00edsticas: parada no ar; movimentos em linha reta; chegada em linha reta, mudan\u00e7a de dire\u00e7\u00e3o, partida em linha reta (neste \u00faltimo caso, a altera\u00e7\u00e3o de dire\u00e7\u00e3o \u00e9 acompanhada quase sempre da seguinte manobra sempre descrita: s\u00fabita modera\u00e7\u00e3o da velocidade, parada, descida em ziguezague ou folha morta, acelera\u00e7\u00e3o r\u00e1pida e partida na nova dire\u00e7\u00e3o). (Nota: esta sequ\u00eancia de fen\u00f4menos foi observada de novo em 1958 na Uni\u00e3o Sovi\u00e9tica, com grande precis\u00e3o, segundo a revista Ogoniok no. 11, de mar\u00e7o de 1958). Alguns casos de avistamento de tripulantes foram registrados. Nesses casos o objeto ou ser tinha mais ou menos 1,10m de altura, vestido de escafandro de cor clara, ou talvez transl\u00facido; corpo grande, de deslocava-se marchando, balan\u00e7ando ou saltitando.<\/p>\n<p>A partir deste primeiro enfoque de Aim\u00e9 Michel, publicado em seu livro, outros investigadores em todo o mundo aplicaram a mesma teoria das ortotenias em suas \u00e1reas de pesquisa. No Brasil, o doutor Olavo Fontes mapeou os avistamentos ocorridos em 1960, atingindo resultados semelhantes.<\/p>\n<p>&nbsp;<\/p>\n<h3><a name=\"bavic\"><\/a>O Corredor Bavic<\/h3>\n<p>Se pegarmos os dados da onda de 1954 e assinalarmos todas elas em um mapa teremos a chamada distribui\u00e7\u00e3o aleat\u00f3ria (o impacto das balas de um fuzil contra uma parede; o das gotas de chuva sobre uma superf\u00edcie; a posi\u00e7\u00e3o das \u00e1rvores num bosque, s\u00e3o outros exemplos de distribui\u00e7\u00e3o aleat\u00f3ria). Mas se pegarmos estes mesmos dados, por dia, detectamos alinhamentos precisos que ultrapassam fronteiras de pa\u00edses.<\/p>\n<p>Em dia 15 de outubro de 1954, por exemplo, houve 8 observa\u00e7\u00f5es: em Southend (Inglaterra), Calais, Aire-su-la-Lys, Estrada Nacional 68 entre Niffer e Kembs (na fronteira franco-alem\u00e3), foz do Rio P\u00f3, oeste de Paris, Estrada no. 7 (ao sul de Montargis) e Fouesnant. Ligando-se a observa\u00e7\u00e3o italiana \u00e0 da Estrada Nacional 68, esta linha reta encontra-se, a 400 km. Dali, exatamente com as observa\u00e7\u00f5es de Aire-sur-la-Lys, Calais e Southend. Essa linha tem 1100 km de comprimento. Al\u00e9m disso, a reta que une a Estrada Nacional 68 a Montargis vai parar em Fouesnant, e a reta Montargis-Calais passa por Paris. Tomemos outro dia, digamos 24 de setembro, quando ocorreram 9 observa\u00e7\u00f5es, das quais 6 se acham na mesma reta que vai de Bayona a Vichy. Duas das outras tr\u00eas est\u00e3o alinhadas com uma observa\u00e7\u00e3o da linha anterior. Com estudos ortot\u00eanicos observou-se uma quantidade maior de avistamentos precisamente sobre a linha que liga estas duas cidades.<\/p>\n<p>Alex Mebane, pesquisador norte-americano, estabeleceu matematicamente que a probabilidade de que, sobre 9 pontos dados ao acaso, sobre uma superf\u00edcie, 6 se encontrem na mesma reta, deveria ser de pelo menos 1:500.000, podendo ser de 1:40.000.000. Dito por outras palavras: a disposi\u00e7\u00e3o retil\u00ednea das observa\u00e7\u00f5es de 24 de setembro de 1954 n\u00e3o \u00e9 aleat\u00f3ria. Corresponde a uma ordem espec\u00edfica!<\/p>\n<p>Um ano ap\u00f3s a descoberta das ortotenias, outro estudioso franc\u00eas, Jacques Bergier assinalou uma outra observa\u00e7\u00e3o nesse mesmo dia 24 de setembro de 1954, que havia escapado a Michel. Ocorrera em Portugal, essa 10a. apari\u00e7\u00e3o: um disco voador foi visto por campon\u00eas perto do pequeno povoado da Serra de Gardunha, n\u00e3o longe da fronteira espanhola. Esse ponto situa-se exatamente no prolongamento da Linha BAVIC, na dire\u00e7\u00e3o sudeste. Assim BAVIC conta n\u00e3o com 6 em 9, mas com 7 em 10 das observa\u00e7\u00f5es no mesmo dia. A probabilidade de ser isso casual chega a zero!<\/p>\n<p>Outra conclus\u00e3o importante: as linhas n\u00e3o t\u00eam a mesma natureza. As de 7 de outubro de 1954 formam s\u00f4bre a Fran\u00e7a uma rede geom\u00e9trica. As de 24 de setembro e 15 de outubro do mesmo ano reduzem-se a uma ou duas linhas, contudo muito extensas. Posteriormente, Aim\u00e9 Michel descobriu que outras observa\u00e7\u00f5es tamb\u00e9m recaiam na mesma linha BAVIC (por exemplo, as de Tulle e Brive). Retornando ao estudo de seus arquivos, Michel descobriu que durante a onda francesa de 1954, um grande n\u00famero de outras observa\u00e7\u00f5es situava-se igualmente s\u00f4bre BAVIC. \u00c0s vezes, anotavam-se v\u00e1rias reapari\u00e7\u00f5es, em datas diferentes, s\u00f4bre essa linha (casos de Dole e Jura). Com base nestes novos dados ele formulou ent\u00e3o a hip\u00f3tese de serem permanentes algumas das ortotenias, como essa Linha Bavic.<\/p>\n<p>Essa \u00faltima teoria foi testada com o aux\u00edlio de cat\u00e1logos de outros pa\u00edses. O doutor David Saunders, antigo membro do Comit\u00ea Condon, realizou um estudo sobre a notabilidade do denominado corredor &#8220;BAVIC&#8221;. Ele estendeu o alinhamento por todo o globo, e chegou a conclus\u00e3o de que a coincid\u00eancia era bastante significativa. Na Espanha, Antonio Felix Ares de Blas e David Garcia L\u00f3pez, entre outros, utilizaram a teoria de Michel aplicando-as na &#8220;ondas ufo&#8221; ib\u00e9ricas de 1950, 1968 e 1969. Nas &#8220;ondas ufo&#8221; de 1968 e 1969, apesar de n\u00e3o existirem linhas por cima dos quatro pontos, distinguiu-se um &#8220;foco de dispers\u00e3o&#8221; no Mediterr\u00e2neo que coincidia justamente nas observa\u00e7\u00f5es de determinados pa\u00edses europeus. Foram aplicados diversos argumentos para encontrar uma explica\u00e7\u00e3o natural \u00e0 &#8220;concentra\u00e7\u00e3o&#8221; de observa\u00e7\u00f5es em certos per\u00edodos e, portanto, \u00e0 hip\u00f3tese ortot\u00eanica. A linha Bavic cobre sucessivamente a Fran\u00e7a, Portugal, estados nordestinos brasileiros, Argentina, Nova Zel\u00e2ndia, Nova Guin\u00e9 Oriental, Formosa e Continente Euroasi\u00e1tico. Das seis grandes ondas sucessivas \u00e0 de 1954, cinco est\u00e3o cobertas por esse grande c\u00edrculo enigm\u00e1tico descoberto por Aim\u00e9 Michel. A Onda Norte-americana de Novembro de 1957 \u00e9 a \u00fanica que cai fora da Linha BAVIC, mas nesse caso a onda veio coincidir com um acontecimento terrestre espetacular, o lan\u00e7amento dos dois primeiros sat\u00e9lites artificiais terrestres (Sputniks I e II), podendo ser interpretada, portanto, de outra maneira e \u00e0 luz talvez de outra estrat\u00e9gia.<\/p>\n<p>No seu trabalho ortot\u00eanico, Aim\u00e9 Michel pode ter feito um descobrimento capital que, apesar das m\u00faltiplas controv\u00e9rsias, ainda \u00e9 extremamente importante para a ufologia e deve ser seriamente considerado. No seu livro &#8220;Os Fen\u00f4menos Ins\u00f3litos do Espa\u00e7o&#8221; (&#8220;L\u00eas Ph\u00e9nomenes Insolites De L&#8217;espace&#8221;, publicado por Edi\u00e7\u00f5es &#8220;La Table Ronde&#8221;, em 1967), Jacques Vall\u00e9e escreve\u00a0<i>&#8220;resta saber se a possibilidade da sua apari\u00e7\u00e3o pelo acaso n\u00e3o foi consideravelmente subestimada&#8221;<\/i>. Vall\u00e9e teve a id\u00e9ia de simular num computador uma &#8220;onda UFO&#8221;, semelhante a ocorrida em 1954. Utilizando um m\u00e9todo totalmente autom\u00e1tico, a fim de eliminar o que chamou de &#8220;vari\u00e1vel psicol\u00f3gica do pesquisador&#8221;, colocou pontos ao acaso sobre uma superf\u00edcie esf\u00e9rica representando a Fran\u00e7a. Em seguida, procurou determinar se houveram alinhamentos. Resultado: Vall\u00e9e obteve uma linha de cinco pontos, cinco linhas de quatro pontos e vinte linhas de tr\u00eas pontos. Este experimento de Jacques Vall\u00e9e prova que os alinhamentos podem efetivamente ser frutos do simples acaso. Vale ressaltar que Vall\u00e9e nunca conseguiu um alinhamento de seis pontos, como o &#8220;BAVIC&#8221;. Seria o alinhamento &#8220;BAVIC&#8221; um ind\u00edcio de intencionalidade ou uma forma\u00e7\u00e3o ao acaso que n\u00e3o ocorreu no estudo de Vall\u00e9e?<\/p>\n<p>&nbsp;<\/p>\n<h3><a name=\"corredores\"><\/a>Outros Corredores<\/h3>\n<p>Os investigadores franceses Charles Garreau e Raymond Lavier, afirmam que os UFOs aterrissam segundo um plano rigoroso: Fran\u00e7a e, sem d\u00favida, outras regi\u00f5es parecem estar situadas abaixo de uma rede invis\u00edvel, onda as malhas quadradas teriam 61.116 quil\u00f4metros de lado. Aproximadamente 80% das aterrissagens recolhidas durante vinte e oito anos, situam-se sobre o que podemos chamar de corredores de v\u00f4o permanente. Este trabalho come\u00e7ou a tomar corpo quando o investigador Raymond Lavier comparou tr\u00eas observa\u00e7\u00f5es ufol\u00f3gicas de aterrissagem sucedidas em Poncey (1954), Marliens (1967) e Brazeyen-Morvam (1958). Estes locais s\u00e3o eq\u00fcidistantes de 43.200 quil\u00f4metros entre si. Al\u00e9m disso, estavam situados em duas perpendiculares. Os investigadores franceses quadricularam (lado de 43.200 quil\u00f4metros) um mapa do Instituto Geogr\u00e1fico. Inclu\u00edram-se todas as aterrissagens cadastradas at\u00e9 o momento e claramente apareceu a exist\u00eancia de corredores permanentes. Posteriormente, comparou-se este trabalho com o realizado pelo investigador neozeland\u00eas Capit\u00e3o Bruce Cathie, que tinha descoberto no seu pa\u00eds uma quadr\u00edcula de 61.116 quil\u00f4metros, \u00e0 que denominou de &#8220;Harmonic 33&#8221;. Este esquema se superpunha exatamente ao quadriculado dos investigadores franceses, que era o suporte principal, e tinha como diagonais dois corredores descobertos. A dist\u00e2ncia de uma semidiagonal de uma quadr\u00edcula de 61.116 quil\u00f4metros \u00e9 igual a 43.200 quil\u00f4metros, que \u00e9 a mesma para a dist\u00e2ncia medida no mapa de aterrissagem da Fran\u00e7a. Poderia-se atribuir aleatoriedade a uma parte do aparecimento dos mencionados &#8220;corredores&#8221; e suas malhas, mas qualquer tentativa de interpreta\u00e7\u00e3o l\u00f3gica do fen\u00f4meno \u00e9 digna de se ter em considera\u00e7\u00e3o. Dentro da casu\u00edstica ufol\u00f3gica, recolhida desde 1947, destacamos significativos dados nos quais a inten\u00e7\u00e3o explorat\u00f3ria, suas amostras tecnol\u00f3gicas e recursos parecem evidentes.<\/p>\n<p>O doutor Olavo Fontes, a prop\u00f3sito das ortotenias sobre o Brasil, assinalava:<\/p>\n<p>&#8220;As linhas ortot\u00eanicas inclu\u00edam a localiza\u00e7\u00e3o das maiores estradas, de art\u00e9rias ferrovi\u00e1rias importantes, diques, represas, centrais el\u00e9tricas, dep\u00f3sitos de \u00e1gua e, inclusive, destacados centros e bases militares, como Fortaleza, Natal e Recife&#8221;.<\/p>\n<p>Estas constata\u00e7\u00f5es podem ser v\u00e1lidas tamb\u00e9m em outros lugares do mundo. N\u00e3o foram poucas vezes que avi\u00f5es de ca\u00e7a, em miss\u00e3o de prote\u00e7\u00e3o de uma base militar, tiveram que interceptar UFOs, assim como o relato de militares sobre as constantes apari\u00e7\u00f5es de UFOs sobre dep\u00f3sitos nucleares. Mas afinal, qual \u00e9 a verdade e a validade desses estudos? J\u00e1 se especulou at\u00e9 que os UFOs se deslocam dentro de fluxos magn\u00e9ticos espec\u00edficos, na atmosfera terrestre, mas nada ficou comprovado at\u00e9 hoje. De fato, por enquanto o fen\u00f4meno UFO \u00e9 uma inc\u00f3gnita total e todo o esfor\u00e7o que objetive encontrar uma ordem l\u00f3gica \u00e9 de suma import\u00e2ncia.<\/p>\n<p>&nbsp;<\/p>\n<div id=\"attachment_1217\" style=\"width: 915px\" class=\"wp-caption aligncenter\"><img aria-describedby=\"caption-attachment-1217\" loading=\"lazy\" class=\"wp-image-1217 size-full\" src=\"https:\/\/www.fenomenum.com.br\/novo\/wp-content\/uploads\/2022\/02\/ortotenia01.jpg\" alt=\"\" width=\"905\" height=\"967\" srcset=\"https:\/\/www.fenomenum.com.br\/novo\/wp-content\/uploads\/2022\/02\/ortotenia01.jpg 905w, https:\/\/www.fenomenum.com.br\/novo\/wp-content\/uploads\/2022\/02\/ortotenia01-400x427.jpg 400w, https:\/\/www.fenomenum.com.br\/novo\/wp-content\/uploads\/2022\/02\/ortotenia01-650x695.jpg 650w, https:\/\/www.fenomenum.com.br\/novo\/wp-content\/uploads\/2022\/02\/ortotenia01-250x267.jpg 250w, https:\/\/www.fenomenum.com.br\/novo\/wp-content\/uploads\/2022\/02\/ortotenia01-768x821.jpg 768w, https:\/\/www.fenomenum.com.br\/novo\/wp-content\/uploads\/2022\/02\/ortotenia01-150x160.jpg 150w, https:\/\/www.fenomenum.com.br\/novo\/wp-content\/uploads\/2022\/02\/ortotenia01-50x53.jpg 50w, https:\/\/www.fenomenum.com.br\/novo\/wp-content\/uploads\/2022\/02\/ortotenia01-100x107.jpg 100w, https:\/\/www.fenomenum.com.br\/novo\/wp-content\/uploads\/2022\/02\/ortotenia01-200x214.jpg 200w, https:\/\/www.fenomenum.com.br\/novo\/wp-content\/uploads\/2022\/02\/ortotenia01-300x321.jpg 300w, https:\/\/www.fenomenum.com.br\/novo\/wp-content\/uploads\/2022\/02\/ortotenia01-350x374.jpg 350w, https:\/\/www.fenomenum.com.br\/novo\/wp-content\/uploads\/2022\/02\/ortotenia01-450x481.jpg 450w, https:\/\/www.fenomenum.com.br\/novo\/wp-content\/uploads\/2022\/02\/ortotenia01-500x534.jpg 500w, https:\/\/www.fenomenum.com.br\/novo\/wp-content\/uploads\/2022\/02\/ortotenia01-550x588.jpg 550w, https:\/\/www.fenomenum.com.br\/novo\/wp-content\/uploads\/2022\/02\/ortotenia01-800x855.jpg 800w\" sizes=\"(max-width: 905px) 100vw, 905px\" \/><p id=\"caption-attachment-1217\" class=\"wp-caption-text\">Carta Ortot\u00eanica de 24 de setembro de 1954. Observa\u00e7\u00f5es indicadas: Bayonne, Lencouacq, Tulle, Usel Gelles, Clermont Ferrand, Langeac, Le Puy, Vichy.<\/p><\/div>\n<p>&nbsp;<\/p>\n<div id=\"attachment_1218\" style=\"width: 940px\" class=\"wp-caption aligncenter\"><img aria-describedby=\"caption-attachment-1218\" loading=\"lazy\" class=\"wp-image-1218 size-full\" src=\"https:\/\/www.fenomenum.com.br\/novo\/wp-content\/uploads\/2022\/02\/ortotenia02.jpg\" alt=\"\" width=\"930\" height=\"930\" srcset=\"https:\/\/www.fenomenum.com.br\/novo\/wp-content\/uploads\/2022\/02\/ortotenia02.jpg 930w, https:\/\/www.fenomenum.com.br\/novo\/wp-content\/uploads\/2022\/02\/ortotenia02-400x400.jpg 400w, https:\/\/www.fenomenum.com.br\/novo\/wp-content\/uploads\/2022\/02\/ortotenia02-650x650.jpg 650w, https:\/\/www.fenomenum.com.br\/novo\/wp-content\/uploads\/2022\/02\/ortotenia02-250x250.jpg 250w, https:\/\/www.fenomenum.com.br\/novo\/wp-content\/uploads\/2022\/02\/ortotenia02-768x768.jpg 768w, https:\/\/www.fenomenum.com.br\/novo\/wp-content\/uploads\/2022\/02\/ortotenia02-150x150.jpg 150w, https:\/\/www.fenomenum.com.br\/novo\/wp-content\/uploads\/2022\/02\/ortotenia02-50x50.jpg 50w, https:\/\/www.fenomenum.com.br\/novo\/wp-content\/uploads\/2022\/02\/ortotenia02-100x100.jpg 100w, https:\/\/www.fenomenum.com.br\/novo\/wp-content\/uploads\/2022\/02\/ortotenia02-200x200.jpg 200w, https:\/\/www.fenomenum.com.br\/novo\/wp-content\/uploads\/2022\/02\/ortotenia02-300x300.jpg 300w, https:\/\/www.fenomenum.com.br\/novo\/wp-content\/uploads\/2022\/02\/ortotenia02-350x350.jpg 350w, https:\/\/www.fenomenum.com.br\/novo\/wp-content\/uploads\/2022\/02\/ortotenia02-450x450.jpg 450w, https:\/\/www.fenomenum.com.br\/novo\/wp-content\/uploads\/2022\/02\/ortotenia02-500x500.jpg 500w, https:\/\/www.fenomenum.com.br\/novo\/wp-content\/uploads\/2022\/02\/ortotenia02-550x550.jpg 550w, https:\/\/www.fenomenum.com.br\/novo\/wp-content\/uploads\/2022\/02\/ortotenia02-800x800.jpg 800w\" sizes=\"(max-width: 930px) 100vw, 930px\" \/><p id=\"caption-attachment-1218\" class=\"wp-caption-text\">Carta Ortot\u00eanica de 27 de setembro de 1954. S\u00e3o sete pontos em tr\u00eas alinhamentos, e quatro pontos isolados. Os tr\u00eas alinhamentos de 3 pontos s\u00e3o: de Perpignan a Lemps (307 km), de Lemps a Rixheim (355 km), e de Paris \u00e0 Rixheim (392 km), Em Rixheim e Lemps: o grande ONI-Charuto com o cortejo de objetos discoidais menores. Os pontos isolados s\u00e3o: Valence, Sauzet, Lanta e Le Canet.<\/p><\/div>\n<p>&nbsp;<\/p>\n<div id=\"attachment_1219\" style=\"width: 939px\" class=\"wp-caption aligncenter\"><img aria-describedby=\"caption-attachment-1219\" loading=\"lazy\" class=\"wp-image-1219 size-full\" src=\"https:\/\/www.fenomenum.com.br\/novo\/wp-content\/uploads\/2022\/02\/ortotenia03.jpg\" alt=\"\" width=\"929\" height=\"912\" srcset=\"https:\/\/www.fenomenum.com.br\/novo\/wp-content\/uploads\/2022\/02\/ortotenia03.jpg 929w, https:\/\/www.fenomenum.com.br\/novo\/wp-content\/uploads\/2022\/02\/ortotenia03-400x393.jpg 400w, https:\/\/www.fenomenum.com.br\/novo\/wp-content\/uploads\/2022\/02\/ortotenia03-650x638.jpg 650w, https:\/\/www.fenomenum.com.br\/novo\/wp-content\/uploads\/2022\/02\/ortotenia03-250x245.jpg 250w, https:\/\/www.fenomenum.com.br\/novo\/wp-content\/uploads\/2022\/02\/ortotenia03-768x754.jpg 768w, https:\/\/www.fenomenum.com.br\/novo\/wp-content\/uploads\/2022\/02\/ortotenia03-150x147.jpg 150w, https:\/\/www.fenomenum.com.br\/novo\/wp-content\/uploads\/2022\/02\/ortotenia03-50x49.jpg 50w, https:\/\/www.fenomenum.com.br\/novo\/wp-content\/uploads\/2022\/02\/ortotenia03-100x98.jpg 100w, https:\/\/www.fenomenum.com.br\/novo\/wp-content\/uploads\/2022\/02\/ortotenia03-200x196.jpg 200w, https:\/\/www.fenomenum.com.br\/novo\/wp-content\/uploads\/2022\/02\/ortotenia03-300x295.jpg 300w, https:\/\/www.fenomenum.com.br\/novo\/wp-content\/uploads\/2022\/02\/ortotenia03-350x344.jpg 350w, https:\/\/www.fenomenum.com.br\/novo\/wp-content\/uploads\/2022\/02\/ortotenia03-450x442.jpg 450w, https:\/\/www.fenomenum.com.br\/novo\/wp-content\/uploads\/2022\/02\/ortotenia03-500x491.jpg 500w, https:\/\/www.fenomenum.com.br\/novo\/wp-content\/uploads\/2022\/02\/ortotenia03-550x540.jpg 550w, https:\/\/www.fenomenum.com.br\/novo\/wp-content\/uploads\/2022\/02\/ortotenia03-800x785.jpg 800w\" sizes=\"(max-width: 929px) 100vw, 929px\" \/><p id=\"caption-attachment-1219\" class=\"wp-caption-text\">Carta Ortot\u00eanica de 29 de setembro de 1954. S\u00e3o 8 pontos sobre 3 alinhamentos, e um grupo isolado. Temos um alinhamento de 5 pontos: Montagney-Bouzais (305 km); dois alinhamentos de 3 pontos (um entre Paris e Wassy, de 200 km, e outro entre Rebais e Cabestany, de 686 km). O grupo isolado inclui L&#8217;Aber-Wrac&#8217;h-Land\u00e9ba.<\/p><\/div>\n<p>&nbsp;<\/p>\n<div id=\"attachment_1220\" style=\"width: 1022px\" class=\"wp-caption aligncenter\"><img aria-describedby=\"caption-attachment-1220\" loading=\"lazy\" class=\"wp-image-1220 size-full\" src=\"https:\/\/www.fenomenum.com.br\/novo\/wp-content\/uploads\/2022\/02\/ortotenia04.jpg\" alt=\"\" width=\"1012\" height=\"910\" srcset=\"https:\/\/www.fenomenum.com.br\/novo\/wp-content\/uploads\/2022\/02\/ortotenia04.jpg 1012w, https:\/\/www.fenomenum.com.br\/novo\/wp-content\/uploads\/2022\/02\/ortotenia04-400x360.jpg 400w, https:\/\/www.fenomenum.com.br\/novo\/wp-content\/uploads\/2022\/02\/ortotenia04-650x584.jpg 650w, https:\/\/www.fenomenum.com.br\/novo\/wp-content\/uploads\/2022\/02\/ortotenia04-250x225.jpg 250w, https:\/\/www.fenomenum.com.br\/novo\/wp-content\/uploads\/2022\/02\/ortotenia04-768x691.jpg 768w, https:\/\/www.fenomenum.com.br\/novo\/wp-content\/uploads\/2022\/02\/ortotenia04-150x135.jpg 150w, https:\/\/www.fenomenum.com.br\/novo\/wp-content\/uploads\/2022\/02\/ortotenia04-50x45.jpg 50w, https:\/\/www.fenomenum.com.br\/novo\/wp-content\/uploads\/2022\/02\/ortotenia04-100x90.jpg 100w, https:\/\/www.fenomenum.com.br\/novo\/wp-content\/uploads\/2022\/02\/ortotenia04-200x180.jpg 200w, https:\/\/www.fenomenum.com.br\/novo\/wp-content\/uploads\/2022\/02\/ortotenia04-300x270.jpg 300w, https:\/\/www.fenomenum.com.br\/novo\/wp-content\/uploads\/2022\/02\/ortotenia04-350x315.jpg 350w, https:\/\/www.fenomenum.com.br\/novo\/wp-content\/uploads\/2022\/02\/ortotenia04-450x405.jpg 450w, https:\/\/www.fenomenum.com.br\/novo\/wp-content\/uploads\/2022\/02\/ortotenia04-500x450.jpg 500w, https:\/\/www.fenomenum.com.br\/novo\/wp-content\/uploads\/2022\/02\/ortotenia04-550x495.jpg 550w, https:\/\/www.fenomenum.com.br\/novo\/wp-content\/uploads\/2022\/02\/ortotenia04-800x719.jpg 800w\" sizes=\"(max-width: 1012px) 100vw, 1012px\" \/><p id=\"caption-attachment-1220\" class=\"wp-caption-text\">Carta Ortot\u00eanica de 2 de outubro de 1954. S\u00e3o 31 pontos formando uma enorme rede cujo centro principal se localiza sobre Poncey-sur-L&#8217;Ignon, por onde passam 8 alinhamentos. Justamente a\u00ed foi visto o ONI-Charuto em posi\u00e7\u00e3o vertical. Os alinhamentos s\u00e3o os seguintes: um de 7 pontos (entre Les Rousses e Maisoncelles, de 360 km, passando por Dijon, Poncey, Provins, Voinsles e Mauperthuis); dois de 4 pontos (o primeiro entre Bassing e Aiguillon, de 705 km., o segundo entre Pellerey e Vatan, de 235 km); cinco de 3 pontos (o primeiro entre Cholet e Willer, de 630 km, o segundo de Poncey a Clermont Ferrand, de 230 km., o terceiro de Poncey a Magnac-Laval, de 315 km., o quarto de Poneey a Avgnon, de 390 km., e o quinto de Poneey a La Grand-Combe, de 370 km.) Os onze alinhamentos restantes devem ser localizados na carta, e s\u00e3o: um de 5 pontos (entre Aurec e Quirnper), tr\u00eas de 4 pontos (Jeumont-Morestel; Wilier-Saint Paulien; Jeumont- Magnac-Laval), sete de 3 pontos (Saint-Brieuc-Morestel; Vannes-Morestel; Cholet-Morestel; Savigny- Morestel; Aiguillon-Morestel; Saint-Brieuc-Blanche Eglise; e Ch\u00e2teaumeillant-Aurec).<\/p><\/div>\n<p>&nbsp;<\/p>\n<div id=\"attachment_1221\" style=\"width: 948px\" class=\"wp-caption aligncenter\"><img aria-describedby=\"caption-attachment-1221\" loading=\"lazy\" class=\"wp-image-1221 size-full\" src=\"https:\/\/www.fenomenum.com.br\/novo\/wp-content\/uploads\/2022\/02\/ortotenia05.jpg\" alt=\"\" width=\"938\" height=\"914\" srcset=\"https:\/\/www.fenomenum.com.br\/novo\/wp-content\/uploads\/2022\/02\/ortotenia05.jpg 938w, https:\/\/www.fenomenum.com.br\/novo\/wp-content\/uploads\/2022\/02\/ortotenia05-400x390.jpg 400w, https:\/\/www.fenomenum.com.br\/novo\/wp-content\/uploads\/2022\/02\/ortotenia05-650x633.jpg 650w, https:\/\/www.fenomenum.com.br\/novo\/wp-content\/uploads\/2022\/02\/ortotenia05-250x244.jpg 250w, https:\/\/www.fenomenum.com.br\/novo\/wp-content\/uploads\/2022\/02\/ortotenia05-768x748.jpg 768w, https:\/\/www.fenomenum.com.br\/novo\/wp-content\/uploads\/2022\/02\/ortotenia05-150x146.jpg 150w, https:\/\/www.fenomenum.com.br\/novo\/wp-content\/uploads\/2022\/02\/ortotenia05-50x49.jpg 50w, https:\/\/www.fenomenum.com.br\/novo\/wp-content\/uploads\/2022\/02\/ortotenia05-100x97.jpg 100w, https:\/\/www.fenomenum.com.br\/novo\/wp-content\/uploads\/2022\/02\/ortotenia05-200x195.jpg 200w, https:\/\/www.fenomenum.com.br\/novo\/wp-content\/uploads\/2022\/02\/ortotenia05-300x292.jpg 300w, https:\/\/www.fenomenum.com.br\/novo\/wp-content\/uploads\/2022\/02\/ortotenia05-350x341.jpg 350w, https:\/\/www.fenomenum.com.br\/novo\/wp-content\/uploads\/2022\/02\/ortotenia05-450x438.jpg 450w, https:\/\/www.fenomenum.com.br\/novo\/wp-content\/uploads\/2022\/02\/ortotenia05-500x487.jpg 500w, https:\/\/www.fenomenum.com.br\/novo\/wp-content\/uploads\/2022\/02\/ortotenia05-550x536.jpg 550w, https:\/\/www.fenomenum.com.br\/novo\/wp-content\/uploads\/2022\/02\/ortotenia05-800x780.jpg 800w\" sizes=\"(max-width: 938px) 100vw, 938px\" \/><p id=\"caption-attachment-1221\" class=\"wp-caption-text\">Carta Ortot\u00eanica de 3 de outubro de 1954. Total de 34 observa\u00e7\u00f5es por milhares de testemunhas. 50% das observa\u00e7\u00f5es ocorreram na regi\u00e3o norte da Fran\u00e7a, sobre \u00e1rea de 120 km de comprimento por 70 de largura. Al\u00e9m disso, algumas observa\u00e7\u00f5es formam 4 alinhamentos: um de 6 pontos (Pommiers-La Chapelle-d&#8217;Armenti\u00e8res); um de 5 pontos (Bergerac-Bressuire); dois de 4 pontos (Benet-Leignes-sur-Fontaine, e Grandvillars-Estrada Nacional 720). S\u00f4bre Saint-Maixent, centro de intersec\u00e7\u00e3o dos dois alinhamentos de oeste, o grande Oni-charuto.<\/p><\/div>\n<p>&nbsp;<\/p>\n<div id=\"attachment_1222\" style=\"width: 1049px\" class=\"wp-caption alignnone\"><img aria-describedby=\"caption-attachment-1222\" loading=\"lazy\" class=\"wp-image-1222 size-full\" src=\"https:\/\/www.fenomenum.com.br\/novo\/wp-content\/uploads\/2022\/02\/ortotenia06.jpg\" alt=\"\" width=\"1039\" height=\"905\" srcset=\"https:\/\/www.fenomenum.com.br\/novo\/wp-content\/uploads\/2022\/02\/ortotenia06.jpg 1039w, https:\/\/www.fenomenum.com.br\/novo\/wp-content\/uploads\/2022\/02\/ortotenia06-400x348.jpg 400w, https:\/\/www.fenomenum.com.br\/novo\/wp-content\/uploads\/2022\/02\/ortotenia06-650x566.jpg 650w, https:\/\/www.fenomenum.com.br\/novo\/wp-content\/uploads\/2022\/02\/ortotenia06-250x218.jpg 250w, https:\/\/www.fenomenum.com.br\/novo\/wp-content\/uploads\/2022\/02\/ortotenia06-768x669.jpg 768w, https:\/\/www.fenomenum.com.br\/novo\/wp-content\/uploads\/2022\/02\/ortotenia06-150x131.jpg 150w, https:\/\/www.fenomenum.com.br\/novo\/wp-content\/uploads\/2022\/02\/ortotenia06-50x44.jpg 50w, https:\/\/www.fenomenum.com.br\/novo\/wp-content\/uploads\/2022\/02\/ortotenia06-100x87.jpg 100w, https:\/\/www.fenomenum.com.br\/novo\/wp-content\/uploads\/2022\/02\/ortotenia06-200x174.jpg 200w, https:\/\/www.fenomenum.com.br\/novo\/wp-content\/uploads\/2022\/02\/ortotenia06-300x261.jpg 300w, https:\/\/www.fenomenum.com.br\/novo\/wp-content\/uploads\/2022\/02\/ortotenia06-350x305.jpg 350w, https:\/\/www.fenomenum.com.br\/novo\/wp-content\/uploads\/2022\/02\/ortotenia06-450x392.jpg 450w, https:\/\/www.fenomenum.com.br\/novo\/wp-content\/uploads\/2022\/02\/ortotenia06-500x436.jpg 500w, https:\/\/www.fenomenum.com.br\/novo\/wp-content\/uploads\/2022\/02\/ortotenia06-550x479.jpg 550w, https:\/\/www.fenomenum.com.br\/novo\/wp-content\/uploads\/2022\/02\/ortotenia06-800x697.jpg 800w\" sizes=\"(max-width: 1039px) 100vw, 1039px\" \/><p id=\"caption-attachment-1222\" class=\"wp-caption-text\">Carta Ortot\u00eanica de 7 de outubro de 1954. Total de 29 observa\u00e7\u00f5es, que determinam uma complexa rede composta de 26 alinhamentos. Alguns pontos pertencem a v\u00e1rios alinhamentos. Observar os cinco pontos estelares, nas intersec\u00e7\u00f5es de alinhamentos, a saber: um cruzamento de 6 alinhamentos (Montlevic), um de 4 alinhamentos (Dordives), dois de 3 alinhamentos (Lavenay e B\u00e9ruges), e um de 2 alinhamentos (Estrada Nacional 23, a leste de Mans). O grande Oni-Charuto vertical aparece acima dos dois primeiros cruzamentos (Montlevic e Dordives). Aim\u00e9 Michel chama a aten\u00e7\u00e3o para a freq\u00fc\u00eancia com que aparece o \u00e2ngulo reto entre as linhas ortot\u00eanicas.<\/p><\/div>\n<p>&nbsp;<\/p>\n<div id=\"attachment_1223\" style=\"width: 1034px\" class=\"wp-caption aligncenter\"><img aria-describedby=\"caption-attachment-1223\" loading=\"lazy\" class=\"wp-image-1223 size-large\" src=\"https:\/\/www.fenomenum.com.br\/novo\/wp-content\/uploads\/2022\/02\/ortotenia07-1024x688.jpg\" alt=\"\" width=\"1024\" height=\"688\" \/><p id=\"caption-attachment-1223\" class=\"wp-caption-text\">Cartas Ortot\u00eanicas de 2 a 7 de outubro de 1954, superpostas para fins de compara\u00e7\u00e3o. O m\u00e9todo seguido por Aim\u00e9 Michel foi o seguinte. Fa\u00e7amos coincidir os centros respectivos das estrelas de Poncey (Carta de 2 de outubro) e de Montlevic (carta de 7), mediante uma transla\u00e7\u00e3o. Em seguida fa\u00e7amos uma rota\u00e7\u00e3o no sentido contr\u00e1rio ao do movimento dos ponteiros do rel\u00f3gio, at\u00e9 que o alinhamento Poneey-Clermont do dia 2 coincida exatamente com o alinhamento Isles-Sur-Suippes-Montlevic-Montpezat, do dia 7. Obtemos dessa maneira 7 pontos alinhados, Constatamos ent\u00e3o que o alinhamento entre Pellerey e Laval, do dia 2, recobre Corbigny-Montlevic-Marcillac, do dia 7. Obtemos 8 pontos alinhados. Outras coincid\u00eancias s\u00e3o not\u00e1veis nesta superposi\u00e7\u00e3o. O que nos interessa sobremaneira, aqui, \u00e9 o fato seguinte: todos os pontos, sem exce\u00e7\u00e3o, das duas cartas ortot\u00eanicas datadas de 2 e 7 de outubro de 1954, se superp\u00f5em de maneira surpreendente, ligando-se entre si, seja por superposi\u00e7\u00e3o pura e simples de alinhamentos onde se encontrem, seja por sua localiza\u00e7\u00e3o sobre um alinhamento pertencente ao outro dia, seja por sua localiza\u00e7\u00e3o sobre um inter-alinhamento decorrente da superposi\u00e7\u00e3o das duas redes ortot\u00eanicas conforme uma orienta\u00e7\u00e3o privilegiada.<\/p><\/div>\n<p>&nbsp;<\/p>\n<div id=\"attachment_1224\" style=\"width: 991px\" class=\"wp-caption aligncenter\"><img aria-describedby=\"caption-attachment-1224\" loading=\"lazy\" class=\"wp-image-1224 size-full\" src=\"https:\/\/www.fenomenum.com.br\/novo\/wp-content\/uploads\/2022\/02\/ortotenia08.jpg\" alt=\"\" width=\"981\" height=\"942\" srcset=\"https:\/\/www.fenomenum.com.br\/novo\/wp-content\/uploads\/2022\/02\/ortotenia08.jpg 981w, https:\/\/www.fenomenum.com.br\/novo\/wp-content\/uploads\/2022\/02\/ortotenia08-400x384.jpg 400w, https:\/\/www.fenomenum.com.br\/novo\/wp-content\/uploads\/2022\/02\/ortotenia08-650x624.jpg 650w, https:\/\/www.fenomenum.com.br\/novo\/wp-content\/uploads\/2022\/02\/ortotenia08-250x240.jpg 250w, https:\/\/www.fenomenum.com.br\/novo\/wp-content\/uploads\/2022\/02\/ortotenia08-768x737.jpg 768w, https:\/\/www.fenomenum.com.br\/novo\/wp-content\/uploads\/2022\/02\/ortotenia08-150x144.jpg 150w, https:\/\/www.fenomenum.com.br\/novo\/wp-content\/uploads\/2022\/02\/ortotenia08-50x48.jpg 50w, https:\/\/www.fenomenum.com.br\/novo\/wp-content\/uploads\/2022\/02\/ortotenia08-100x96.jpg 100w, https:\/\/www.fenomenum.com.br\/novo\/wp-content\/uploads\/2022\/02\/ortotenia08-200x192.jpg 200w, https:\/\/www.fenomenum.com.br\/novo\/wp-content\/uploads\/2022\/02\/ortotenia08-300x288.jpg 300w, https:\/\/www.fenomenum.com.br\/novo\/wp-content\/uploads\/2022\/02\/ortotenia08-350x336.jpg 350w, https:\/\/www.fenomenum.com.br\/novo\/wp-content\/uploads\/2022\/02\/ortotenia08-450x432.jpg 450w, https:\/\/www.fenomenum.com.br\/novo\/wp-content\/uploads\/2022\/02\/ortotenia08-500x480.jpg 500w, https:\/\/www.fenomenum.com.br\/novo\/wp-content\/uploads\/2022\/02\/ortotenia08-550x528.jpg 550w, https:\/\/www.fenomenum.com.br\/novo\/wp-content\/uploads\/2022\/02\/ortotenia08-800x768.jpg 800w\" sizes=\"(max-width: 981px) 100vw, 981px\" \/><p id=\"caption-attachment-1224\" class=\"wp-caption-text\">Total de 18 pontos em 8 alinhamentos, uma estrela centrada em Dom\u00e9rat por onde passam 4 alinhamentos, a saber: Birac-Heimersdorf (66 km), Montbazens-Meaux (500 km), Montbazin-Rouen (690 km), Riom-Bauquay (450 km).<\/p><\/div>\n<p>&nbsp;<\/p>\n<div id=\"attachment_1225\" style=\"width: 1034px\" class=\"wp-caption aligncenter\"><img aria-describedby=\"caption-attachment-1225\" loading=\"lazy\" class=\"wp-image-1225 size-large\" src=\"https:\/\/www.fenomenum.com.br\/novo\/wp-content\/uploads\/2022\/02\/ortotenia09-1024x763.jpg\" alt=\"\" width=\"1024\" height=\"763\" \/><p id=\"caption-attachment-1225\" class=\"wp-caption-text\">Sete pontos, s\u00f4bre 3 alinhamentos. Um de 4 pontos (Orchamps, Vennes, Vielmur-sur-Agout), dois de 3 pontos (Orchamps-Vennes-Montlu\u00e7on, e Frasne-La Rochelle). Sobre a Estrada 111, perto de Frasne, um ONI se aproxima do solo para fazer uma mudan\u00e7a de alinhamento, vindo de uma dire\u00e7\u00e3o em alta altitude (pontilhado na carta), para seguir outra ortotenia (a de Orchamps-Vennes-Vielmur).<\/p><\/div>\n<p>&nbsp;<\/p>\n<div id=\"attachment_1226\" style=\"width: 1007px\" class=\"wp-caption aligncenter\"><img aria-describedby=\"caption-attachment-1226\" loading=\"lazy\" class=\"wp-image-1226 size-full\" src=\"https:\/\/www.fenomenum.com.br\/novo\/wp-content\/uploads\/2022\/02\/ortotenia10.jpg\" alt=\"\" width=\"997\" height=\"946\" srcset=\"https:\/\/www.fenomenum.com.br\/novo\/wp-content\/uploads\/2022\/02\/ortotenia10.jpg 997w, https:\/\/www.fenomenum.com.br\/novo\/wp-content\/uploads\/2022\/02\/ortotenia10-400x380.jpg 400w, https:\/\/www.fenomenum.com.br\/novo\/wp-content\/uploads\/2022\/02\/ortotenia10-650x617.jpg 650w, https:\/\/www.fenomenum.com.br\/novo\/wp-content\/uploads\/2022\/02\/ortotenia10-250x237.jpg 250w, https:\/\/www.fenomenum.com.br\/novo\/wp-content\/uploads\/2022\/02\/ortotenia10-768x729.jpg 768w, https:\/\/www.fenomenum.com.br\/novo\/wp-content\/uploads\/2022\/02\/ortotenia10-150x142.jpg 150w, https:\/\/www.fenomenum.com.br\/novo\/wp-content\/uploads\/2022\/02\/ortotenia10-50x47.jpg 50w, https:\/\/www.fenomenum.com.br\/novo\/wp-content\/uploads\/2022\/02\/ortotenia10-100x95.jpg 100w, https:\/\/www.fenomenum.com.br\/novo\/wp-content\/uploads\/2022\/02\/ortotenia10-200x190.jpg 200w, https:\/\/www.fenomenum.com.br\/novo\/wp-content\/uploads\/2022\/02\/ortotenia10-300x285.jpg 300w, https:\/\/www.fenomenum.com.br\/novo\/wp-content\/uploads\/2022\/02\/ortotenia10-350x332.jpg 350w, https:\/\/www.fenomenum.com.br\/novo\/wp-content\/uploads\/2022\/02\/ortotenia10-450x427.jpg 450w, https:\/\/www.fenomenum.com.br\/novo\/wp-content\/uploads\/2022\/02\/ortotenia10-500x474.jpg 500w, https:\/\/www.fenomenum.com.br\/novo\/wp-content\/uploads\/2022\/02\/ortotenia10-550x522.jpg 550w, https:\/\/www.fenomenum.com.br\/novo\/wp-content\/uploads\/2022\/02\/ortotenia10-800x759.jpg 800w\" sizes=\"(max-width: 997px) 100vw, 997px\" \/><p id=\"caption-attachment-1226\" class=\"wp-caption-text\">Total de 17 pontos sobre 11 alinhamentos. Sobre a Estrada 111, repete-se a manobra de 12 de outubro (mudan\u00e7a de alinhamento). Temos: tr\u00eas alinhamentos de 5 pontos (M\u00e9ral-Poligny; Bois-le-Chazey Poligny; Angles \u2014 Louhans; Fontaine-de-Vaucluse \u2014 Saint-Germain-du-Bois; Saint-Priest \u2014 Saint \u2014 Ger- main-du-Bois; M\u00e9ral &#8211; Chardonnay; M\u00e9ral \u2014 Montrevel; Meral &#8211; Bourg; Fontaine-de-Vaucluse ; Chardonnay; Chardonnay \u2014 Poligny; e Chardonnay \u2014 Tasseni\u00e8res). O pontilhado indica 3 trajet\u00f3rias supostas.<\/p><\/div>\n<p>&nbsp;<\/p>\n<div id=\"attachment_1227\" style=\"width: 1034px\" class=\"wp-caption alignnone\"><img aria-describedby=\"caption-attachment-1227\" loading=\"lazy\" class=\"wp-image-1227 size-large\" src=\"https:\/\/www.fenomenum.com.br\/novo\/wp-content\/uploads\/2022\/02\/ortotenia11-1024x805.jpg\" alt=\"\" width=\"1024\" height=\"805\" \/><p id=\"caption-attachment-1227\" class=\"wp-caption-text\">Total de 8 pontos s\u00f4bre 3 alinhamentos. Um destes, de 5 pontos, inclui 4 aterrissagens, da Inglaterra \u00e0 It\u00e1lia (Southend-P\u00f4 di Gnocca). S\u00f4bre Kembs, Vila perto de Niffer, um ONI foi visto perdendo velocidade, e descer \u00e0 maneira de folha morta (Vide tamb\u00e9m Fig. 2), para mudar de dire\u00e7\u00e3o para SE. A Linha Southend-P\u00f4 di Gnocca passa exatamente pela Nacional 68 situada entre as duas Vilas de Niffer e Kembs.<\/p><\/div>\n<p>&nbsp;<\/p>\n<div id=\"attachment_1228\" style=\"width: 1710px\" class=\"wp-caption aligncenter\"><img aria-describedby=\"caption-attachment-1228\" loading=\"lazy\" class=\"wp-image-1228 size-full\" src=\"https:\/\/www.fenomenum.com.br\/novo\/wp-content\/uploads\/2022\/02\/ortotenia12.jpg\" alt=\"\" width=\"1700\" height=\"2230\" srcset=\"https:\/\/www.fenomenum.com.br\/novo\/wp-content\/uploads\/2022\/02\/ortotenia12.jpg 1700w, https:\/\/www.fenomenum.com.br\/novo\/wp-content\/uploads\/2022\/02\/ortotenia12-400x525.jpg 400w, https:\/\/www.fenomenum.com.br\/novo\/wp-content\/uploads\/2022\/02\/ortotenia12-650x853.jpg 650w, https:\/\/www.fenomenum.com.br\/novo\/wp-content\/uploads\/2022\/02\/ortotenia12-250x328.jpg 250w, https:\/\/www.fenomenum.com.br\/novo\/wp-content\/uploads\/2022\/02\/ortotenia12-768x1007.jpg 768w, https:\/\/www.fenomenum.com.br\/novo\/wp-content\/uploads\/2022\/02\/ortotenia12-1171x1536.jpg 1171w, https:\/\/www.fenomenum.com.br\/novo\/wp-content\/uploads\/2022\/02\/ortotenia12-1561x2048.jpg 1561w, https:\/\/www.fenomenum.com.br\/novo\/wp-content\/uploads\/2022\/02\/ortotenia12-150x197.jpg 150w, https:\/\/www.fenomenum.com.br\/novo\/wp-content\/uploads\/2022\/02\/ortotenia12-50x66.jpg 50w, https:\/\/www.fenomenum.com.br\/novo\/wp-content\/uploads\/2022\/02\/ortotenia12-100x131.jpg 100w, https:\/\/www.fenomenum.com.br\/novo\/wp-content\/uploads\/2022\/02\/ortotenia12-200x262.jpg 200w, https:\/\/www.fenomenum.com.br\/novo\/wp-content\/uploads\/2022\/02\/ortotenia12-300x394.jpg 300w, https:\/\/www.fenomenum.com.br\/novo\/wp-content\/uploads\/2022\/02\/ortotenia12-350x459.jpg 350w, https:\/\/www.fenomenum.com.br\/novo\/wp-content\/uploads\/2022\/02\/ortotenia12-450x590.jpg 450w, https:\/\/www.fenomenum.com.br\/novo\/wp-content\/uploads\/2022\/02\/ortotenia12-500x656.jpg 500w, https:\/\/www.fenomenum.com.br\/novo\/wp-content\/uploads\/2022\/02\/ortotenia12-550x721.jpg 550w, https:\/\/www.fenomenum.com.br\/novo\/wp-content\/uploads\/2022\/02\/ortotenia12-800x1049.jpg 800w, https:\/\/www.fenomenum.com.br\/novo\/wp-content\/uploads\/2022\/02\/ortotenia12-1200x1574.jpg 1200w, https:\/\/www.fenomenum.com.br\/novo\/wp-content\/uploads\/2022\/02\/ortotenia12-1600x2099.jpg 1600w\" sizes=\"(max-width: 1700px) 100vw, 1700px\" \/><p id=\"caption-attachment-1228\" class=\"wp-caption-text\">Estudo ortot\u00eanico sobre os relatos de avistamentos ocorridos no nordeste brasileiro entre 18 hrs e 20:30 hrs de 13 de maio de 1960.<\/p><\/div>\n<p>&nbsp;<\/p>\n<div id=\"attachment_1229\" style=\"width: 655px\" class=\"wp-caption aligncenter\"><img aria-describedby=\"caption-attachment-1229\" loading=\"lazy\" class=\"wp-image-1229 size-full\" src=\"https:\/\/www.fenomenum.com.br\/novo\/wp-content\/uploads\/2022\/02\/ortotenia13.jpg\" alt=\"\" width=\"645\" height=\"477\" srcset=\"https:\/\/www.fenomenum.com.br\/novo\/wp-content\/uploads\/2022\/02\/ortotenia13.jpg 645w, https:\/\/www.fenomenum.com.br\/novo\/wp-content\/uploads\/2022\/02\/ortotenia13-400x296.jpg 400w, https:\/\/www.fenomenum.com.br\/novo\/wp-content\/uploads\/2022\/02\/ortotenia13-250x185.jpg 250w, https:\/\/www.fenomenum.com.br\/novo\/wp-content\/uploads\/2022\/02\/ortotenia13-150x111.jpg 150w, https:\/\/www.fenomenum.com.br\/novo\/wp-content\/uploads\/2022\/02\/ortotenia13-50x37.jpg 50w, https:\/\/www.fenomenum.com.br\/novo\/wp-content\/uploads\/2022\/02\/ortotenia13-100x74.jpg 100w, https:\/\/www.fenomenum.com.br\/novo\/wp-content\/uploads\/2022\/02\/ortotenia13-200x148.jpg 200w, https:\/\/www.fenomenum.com.br\/novo\/wp-content\/uploads\/2022\/02\/ortotenia13-300x222.jpg 300w, https:\/\/www.fenomenum.com.br\/novo\/wp-content\/uploads\/2022\/02\/ortotenia13-350x259.jpg 350w, https:\/\/www.fenomenum.com.br\/novo\/wp-content\/uploads\/2022\/02\/ortotenia13-450x333.jpg 450w, https:\/\/www.fenomenum.com.br\/novo\/wp-content\/uploads\/2022\/02\/ortotenia13-500x370.jpg 500w, https:\/\/www.fenomenum.com.br\/novo\/wp-content\/uploads\/2022\/02\/ortotenia13-550x407.jpg 550w\" sizes=\"(max-width: 645px) 100vw, 645px\" \/><p id=\"caption-attachment-1229\" class=\"wp-caption-text\">Mapas ortot\u00eanicos de avistamentos ocorridos em Portugal e Espanha, em 1968.<\/p><\/div>\n","protected":false},"excerpt":{"rendered":"<p>Ortotenia \u00e9 uma teoria formulada em 1956, pelo uf\u00f3logo franc\u00eas Aim\u00e9 Michel, baseada nos dados da grande onda ufol\u00f3gica de 1954. Segundo esta teoria, os casos de avistamento n\u00e3o ocorrem ao acaso, pois observa-se uma atua\u00e7\u00e3o inteligente di\u00e1ria por tr\u00e1s destas apari\u00e7\u00f5es. O ano de 1954 foi um ano extremamente importante para a Ufologia Mundial. [&hellip;]<\/p>\n","protected":false},"author":4,"featured_media":1870,"comment_status":"open","ping_status":"open","sticky":false,"template":"","format":"standard","meta":{"inline_featured_image":false},"categories":[112,115],"tags":[],"_links":{"self":[{"href":"https:\/\/www.fenomenum.com.br\/novo\/wp-json\/wp\/v2\/posts\/1215"}],"collection":[{"href":"https:\/\/www.fenomenum.com.br\/novo\/wp-json\/wp\/v2\/posts"}],"about":[{"href":"https:\/\/www.fenomenum.com.br\/novo\/wp-json\/wp\/v2\/types\/post"}],"author":[{"embeddable":true,"href":"https:\/\/www.fenomenum.com.br\/novo\/wp-json\/wp\/v2\/users\/4"}],"replies":[{"embeddable":true,"href":"https:\/\/www.fenomenum.com.br\/novo\/wp-json\/wp\/v2\/comments?post=1215"}],"version-history":[{"count":1,"href":"https:\/\/www.fenomenum.com.br\/novo\/wp-json\/wp\/v2\/posts\/1215\/revisions"}],"predecessor-version":[{"id":7135,"href":"https:\/\/www.fenomenum.com.br\/novo\/wp-json\/wp\/v2\/posts\/1215\/revisions\/7135"}],"wp:featuredmedia":[{"embeddable":true,"href":"https:\/\/www.fenomenum.com.br\/novo\/wp-json\/wp\/v2\/media\/1870"}],"wp:attachment":[{"href":"https:\/\/www.fenomenum.com.br\/novo\/wp-json\/wp\/v2\/media?parent=1215"}],"wp:term":[{"taxonomy":"category","embeddable":true,"href":"https:\/\/www.fenomenum.com.br\/novo\/wp-json\/wp\/v2\/categories?post=1215"},{"taxonomy":"post_tag","embeddable":true,"href":"https:\/\/www.fenomenum.com.br\/novo\/wp-json\/wp\/v2\/tags?post=1215"}],"curies":[{"name":"wp","href":"https:\/\/api.w.org\/{rel}","templated":true}]}}