{"id":1465,"date":"2022-02-23T21:45:34","date_gmt":"2022-02-24T00:45:34","guid":{"rendered":"https:\/\/www.fenomenum.com.br\/novo\/?p=1465"},"modified":"2025-04-21T12:26:02","modified_gmt":"2025-04-21T15:26:02","slug":"caso-mario-restier","status":"publish","type":"post","link":"https:\/\/www.fenomenum.com.br\/novo\/caso-mario-restier\/","title":{"rendered":"Caso M\u00e1rio Restier"},"content":{"rendered":"<section id=\"inner-headline\">\n<div class=\"container\">\n<div class=\"row\">\n<div id=\"resumo\" class=\"resumo\" style=\"padding-left: 40px;\"><strong>Um dos mais antigos casos de contato com tripulantes e estada em um disco voador da hist\u00f3ria da Ufologia Moderna, ocorrido em 4 de dezembro de 1949.<\/strong><\/div>\n<\/div>\n<\/div>\n<\/section>\n<div>\n<hr \/>\n<\/div>\n<div>\n<p>\u00c0s 17 horas do dia 4 de dezembro de 1949, Mario Restier, que morava na cidade de Barra Mansa, regressava do s\u00edtio de seu pai, em Volta Redonda (RJ), quando notou, ainda perto do s\u00edtio, um objeto discoidal sobrevoando silenciosamente um grupo de arvores, aterrissando em seguida a 10 ou 15 metros da estrada. Surpreso, assustou-se mais ainda quando ouviu uma voz que lhe dizia: &#8220;N\u00e3o tenha medo&#8230; Quer saber do que se trata? Sabemos que voc\u00ea acredita em n\u00f3s&#8221;.<\/p>\n<p>\u00c0 sua aproxima\u00e7\u00e3o abriu-se uma portinhola no aparelho e apareceram dois tripulantes, de estatura aproximada de 1,65 (mesma altura de Mario), os quais acenaram amistosamente, como convidando-o \u00e0 entrar. Usavam uma esp\u00e9cie de saiote romano e tinham a cabe\u00e7a coberta por um gorro ou capacete.<\/p>\n<p>A primeira pergunta que M\u00e1rio lhes fez foi se acreditavam em Deus, ao que responderam imediatamente: &#8220;Deus \u00e9 um s\u00f3!&#8221;.<\/p>\n<p>Mais encorajado, o jovem entrou no disco, sendo conduzido por um corredor e uma sala com pain\u00e9is cheios de ecr\u00e3ns, quadros e bot\u00f5es. Apareciam nas telas esquemas indicando dados da locomo\u00e7\u00e3o da nave.<\/p>\n<p>Os tripulantes convidaram-no \u00e0 uma viagem. Restier respondeu que aceitaria se eles prometessem traz\u00ea-lo de volta s\u00e3o e salvo. Ap\u00f3s a confirma\u00e7\u00e3o por parte dos tripulantes do objeto deitaram-no dentro de uma esp\u00e9cie de urna ou banheira, cheia de um l\u00edquido que, segundo os seres, servia para eliminar problemas relacionados \u00e0s grandes acelera\u00e7\u00f5es, alem de hidratar e alimentar o corpo. Apenas a face ficou fora do l\u00edquido.<\/p>\n<p>Quando os tripulantes anunciaram que iriam decolar Mario adormeceu. Quando acordou foi informado de que estavam chegando. Ele foi retirado da urna e levado a outro compartimento da nave onde suas roupas e seu corpo secaram imediatamente. Foi-lhe fornecido um uniforme semelhante aos dos tripulantes do objeto.<\/p>\n<p>Ao olhar pelas vigias do disco, Mario percebeu que estava em uma esp\u00e9cie de hangar com v\u00e1rios discos semelhantes ao que embarcara. Quando olhou novamente para os tripulantes M\u00e1rio surpreso percebeu que eles estavam sentados numa esp\u00e9cie de sof\u00e1 aparentemente &#8220;desligados&#8221;. Foi ent\u00e3o que abriu-se a portinhola por ela entraram algumas pessoas que com simpatia dirigiram-se \u00e0 testemunha. Estes informaram que Mario era a terceira pessoa a estar no local e que estavam felizes por ele ter vindo.<\/p>\n<p>Em seguida estes seres levaram-no a passear por uma esp\u00e9cie de cidade onde havia outros seres. Ele foi levado \u00e0 uma esp\u00e9cie de museu onde mostraram-lhe uma tela com imagens da humanidade. nossa \u00edndole, nossas ambi\u00e7\u00f5es, viol\u00eancia, etc.<\/p>\n<p>Ap\u00f3s algumas horas Mario foi levado de volta ao disco, onde suas roupas foram devolvidas. Ele foi novamente colocado na urna com o estranho liquido. Quando acordou foi levado at\u00e9 o local onde havia embarcado. Ao chegar ao s\u00edtio do seu pai este reclamou muito por Mario ter desaparecido tanto tempo sem dar not\u00edcias, deixando preocupados todos os seus amigos e familiares. Foi ent\u00e3o que percebeu que era 14 de abril de 1950. M\u00e1rio lembrava-se de algo em torno de 6 horas de sua experi\u00eancia. Praticamente 4 meses de sua vida estavam em branco.<\/p>\n<p>O caso encontra-se detalhadamente descrito no Boletim da Sociedade Brasileira de Estudos de Discos Voadores, edi\u00e7\u00e3o 61 de 15 de abril de 1968.<\/p>\n<\/div>\n<div id=\"attachment_1467\" style=\"width: 334px\" class=\"wp-caption aligncenter\"><img aria-describedby=\"caption-attachment-1467\" loading=\"lazy\" class=\"wp-image-1467 size-full\" src=\"https:\/\/www.fenomenum.com.br\/novo\/wp-content\/uploads\/2022\/02\/cna1958.gif\" alt=\"\" width=\"324\" height=\"203\" \/><p id=\"caption-attachment-1467\" class=\"wp-caption-text\">M\u00e1rio Restir, protagonista do caso, em fotografia presente em Boletins da Sociedade Brasileira de Estudos de Discos Voadores (SBEDV).<\/p><\/div>\n<p>&nbsp;<\/p>\n<div id=\"attachment_2770\" style=\"width: 983px\" class=\"wp-caption aligncenter\"><img aria-describedby=\"caption-attachment-2770\" loading=\"lazy\" class=\"wp-image-2770 size-full\" src=\"https:\/\/www.fenomenum.com.br\/novo\/wp-content\/uploads\/2022\/02\/restier1.jpg\" alt=\"\" width=\"973\" height=\"519\" srcset=\"https:\/\/www.fenomenum.com.br\/novo\/wp-content\/uploads\/2022\/02\/restier1.jpg 973w, https:\/\/www.fenomenum.com.br\/novo\/wp-content\/uploads\/2022\/02\/restier1-400x213.jpg 400w, https:\/\/www.fenomenum.com.br\/novo\/wp-content\/uploads\/2022\/02\/restier1-650x347.jpg 650w, https:\/\/www.fenomenum.com.br\/novo\/wp-content\/uploads\/2022\/02\/restier1-250x133.jpg 250w, https:\/\/www.fenomenum.com.br\/novo\/wp-content\/uploads\/2022\/02\/restier1-768x410.jpg 768w, https:\/\/www.fenomenum.com.br\/novo\/wp-content\/uploads\/2022\/02\/restier1-150x80.jpg 150w, https:\/\/www.fenomenum.com.br\/novo\/wp-content\/uploads\/2022\/02\/restier1-50x27.jpg 50w, https:\/\/www.fenomenum.com.br\/novo\/wp-content\/uploads\/2022\/02\/restier1-100x53.jpg 100w, https:\/\/www.fenomenum.com.br\/novo\/wp-content\/uploads\/2022\/02\/restier1-200x107.jpg 200w, https:\/\/www.fenomenum.com.br\/novo\/wp-content\/uploads\/2022\/02\/restier1-300x160.jpg 300w, https:\/\/www.fenomenum.com.br\/novo\/wp-content\/uploads\/2022\/02\/restier1-350x187.jpg 350w, https:\/\/www.fenomenum.com.br\/novo\/wp-content\/uploads\/2022\/02\/restier1-450x240.jpg 450w, https:\/\/www.fenomenum.com.br\/novo\/wp-content\/uploads\/2022\/02\/restier1-500x267.jpg 500w, https:\/\/www.fenomenum.com.br\/novo\/wp-content\/uploads\/2022\/02\/restier1-550x293.jpg 550w, https:\/\/www.fenomenum.com.br\/novo\/wp-content\/uploads\/2022\/02\/restier1-800x427.jpg 800w\" sizes=\"(max-width: 973px) 100vw, 973px\" \/><p id=\"caption-attachment-2770\" class=\"wp-caption-text\">Desenho do disco voador, elaborado pelo pr\u00f3prio M\u00e1rio Restier, para a SBEDV.<\/p><\/div>\n<p>&nbsp;<\/p>\n<p>&nbsp;<\/p>\n<div id=\"attachment_2771\" style=\"width: 1034px\" class=\"wp-caption alignnone\"><img aria-describedby=\"caption-attachment-2771\" loading=\"lazy\" class=\"wp-image-2771 size-large\" src=\"https:\/\/www.fenomenum.com.br\/novo\/wp-content\/uploads\/2022\/02\/restier2-1024x759.jpg\" alt=\"\" width=\"1024\" height=\"759\" \/><p id=\"caption-attachment-2771\" class=\"wp-caption-text\">Interior do disco voador, em croqui elaborado pela pr\u00f3pria testemunha. Acervo original da SBEDV.<\/p><\/div>\n<p>&nbsp;<\/p>\n<div id=\"attachment_2772\" style=\"width: 624px\" class=\"wp-caption aligncenter\"><img aria-describedby=\"caption-attachment-2772\" loading=\"lazy\" class=\"wp-image-2772 size-large\" src=\"https:\/\/www.fenomenum.com.br\/novo\/wp-content\/uploads\/2022\/02\/restier3-614x1024.jpg\" alt=\"\" width=\"614\" height=\"1024\" \/><p id=\"caption-attachment-2772\" class=\"wp-caption-text\">Representa\u00e7\u00e3o dos tripulantes, em desenho da pr\u00f3pria testemunha. Imagem do acervo original da SBDV.<\/p><\/div>\n<p>&nbsp;<\/p>\n<div id=\"attachment_1469\" style=\"width: 970px\" class=\"wp-caption aligncenter\"><img aria-describedby=\"caption-attachment-1469\" loading=\"lazy\" class=\"wp-image-1469 size-full\" src=\"https:\/\/www.fenomenum.com.br\/novo\/wp-content\/uploads\/2022\/02\/voltaredonda.png\" alt=\"\" width=\"960\" height=\"691\" srcset=\"https:\/\/www.fenomenum.com.br\/novo\/wp-content\/uploads\/2022\/02\/voltaredonda.png 960w, https:\/\/www.fenomenum.com.br\/novo\/wp-content\/uploads\/2022\/02\/voltaredonda-400x288.png 400w, https:\/\/www.fenomenum.com.br\/novo\/wp-content\/uploads\/2022\/02\/voltaredonda-650x468.png 650w, https:\/\/www.fenomenum.com.br\/novo\/wp-content\/uploads\/2022\/02\/voltaredonda-250x180.png 250w, https:\/\/www.fenomenum.com.br\/novo\/wp-content\/uploads\/2022\/02\/voltaredonda-768x553.png 768w, https:\/\/www.fenomenum.com.br\/novo\/wp-content\/uploads\/2022\/02\/voltaredonda-150x108.png 150w, https:\/\/www.fenomenum.com.br\/novo\/wp-content\/uploads\/2022\/02\/voltaredonda-50x36.png 50w, https:\/\/www.fenomenum.com.br\/novo\/wp-content\/uploads\/2022\/02\/voltaredonda-100x72.png 100w, https:\/\/www.fenomenum.com.br\/novo\/wp-content\/uploads\/2022\/02\/voltaredonda-200x144.png 200w, https:\/\/www.fenomenum.com.br\/novo\/wp-content\/uploads\/2022\/02\/voltaredonda-300x216.png 300w, https:\/\/www.fenomenum.com.br\/novo\/wp-content\/uploads\/2022\/02\/voltaredonda-350x252.png 350w, https:\/\/www.fenomenum.com.br\/novo\/wp-content\/uploads\/2022\/02\/voltaredonda-450x324.png 450w, https:\/\/www.fenomenum.com.br\/novo\/wp-content\/uploads\/2022\/02\/voltaredonda-500x360.png 500w, https:\/\/www.fenomenum.com.br\/novo\/wp-content\/uploads\/2022\/02\/voltaredonda-550x396.png 550w, https:\/\/www.fenomenum.com.br\/novo\/wp-content\/uploads\/2022\/02\/voltaredonda-800x576.png 800w\" sizes=\"(max-width: 960px) 100vw, 960px\" \/><p id=\"caption-attachment-1469\" class=\"wp-caption-text\">A cidade de Volta Redonda (RJ), destacada em vermelho no mapa.<\/p><\/div>\n<p>&nbsp;<\/p>\n<h2>Refer\u00eancias:<\/h2>\n<hr \/>\n<ol>\n<li>BULHER, Walter e PEREIRA, Guilherme. O Livro Branco dos Discos Voadores. Petr\u00f3polis: Ed. Vozes, 1983.<\/li>\n<li>PEREIRA, Jader. Tipologia dos human\u00f3ides extraterrestres. Cole\u00e7\u00e3o Biblioteca UFO, n\u00ba 1, Mar\u00e7o 1991.<\/li>\n<li><a href=\"https:\/\/www.fenomenum.com.br\/novo\/wp-content\/uploads\/2022\/03\/B_SBEDV_04.pdf\" target=\"_blank\" rel=\"noopener\">Boletim da Sociedade Brasileira de Estudos de Discos Voadores \u2013 Ed. 004<\/a><\/li>\n<li><a href=\"https:\/\/www.fenomenum.com.br\/novo\/wp-content\/uploads\/2022\/03\/B_12_SBEDV.pdf\" target=\"_blank\" rel=\"noopener\">Boletim da Sociedade Brasileira de Estudos de Discos Voadores \u2013 Ed. 012<\/a><\/li>\n<li><a href=\"https:\/\/www.fenomenum.com.br\/novo\/wp-content\/uploads\/2022\/03\/B_60_61.pdf\" target=\"_blank\" rel=\"noopener\">Boletim da Sociedade Brasileira de Estudos de Discos Voadores \u2013 Ed. 060_61<\/a><\/li>\n<li><a href=\"https:\/\/www.fenomenum.com.br\/novo\/wp-content\/uploads\/2022\/03\/B_SBEDV_ESP_1975.pdf\" target=\"_blank\" rel=\"noopener\">Boletim da Sociedade Brasileira de Estudos de Discos Voadores \u2013 Ed. ESP_1975<\/a><\/li>\n<li>SOARES, Jos\u00e9 Victor. Hist\u00f3ria dos discos voadores no Brasil. Ufologia Nacional e Internacional, Campo Grande, n\u00ba 2, p. 15-16, maio\/junho 1985.<\/li>\n<li>SOARES, Jos\u00e9 Victor. Hist\u00f3ria dos discos voadores no Brasil. Ufologia Nacional e Internacional, Campo Grande, n\u00ba 5, p. 28-29, set\/out 1985.<\/li>\n<li>PEREIRA, Jader. Tipologia dos human\u00f3ides extraterrestres. Cole\u00e7\u00e3o Biblioteca UFO, n\u00ba 1, Mar\u00e7o 1991.<\/li>\n<li>SBEDV. Contatos com extraterrestres no Brasil. Revista UFO, Campo Grande, n\u00ba 3, p.12-15, abril 1988.<\/li>\n<\/ol>\n<div><\/div>\n<section id=\"content\">\n<div class=\"container\">\n<div class=\"row\">\n<div class=\"col-lg-8\"><\/div>\n<\/div>\n<\/div>\n<\/section>\n","protected":false},"excerpt":{"rendered":"<p>Um dos mais antigos casos de contato com tripulantes e estada em um disco voador da hist\u00f3ria da Ufologia Moderna, ocorrido em 4 de dezembro de 1949. \u00c0s 17 horas do dia 4 de dezembro de 1949, Mario Restier, que morava na cidade de Barra Mansa, regressava do s\u00edtio de seu pai, em Volta Redonda [&hellip;]<\/p>\n","protected":false},"author":4,"featured_media":1466,"comment_status":"open","ping_status":"open","sticky":false,"template":"","format":"standard","meta":{"inline_featured_image":false},"categories":[128,105],"tags":[],"_links":{"self":[{"href":"https:\/\/www.fenomenum.com.br\/novo\/wp-json\/wp\/v2\/posts\/1465"}],"collection":[{"href":"https:\/\/www.fenomenum.com.br\/novo\/wp-json\/wp\/v2\/posts"}],"about":[{"href":"https:\/\/www.fenomenum.com.br\/novo\/wp-json\/wp\/v2\/types\/post"}],"author":[{"embeddable":true,"href":"https:\/\/www.fenomenum.com.br\/novo\/wp-json\/wp\/v2\/users\/4"}],"replies":[{"embeddable":true,"href":"https:\/\/www.fenomenum.com.br\/novo\/wp-json\/wp\/v2\/comments?post=1465"}],"version-history":[{"count":1,"href":"https:\/\/www.fenomenum.com.br\/novo\/wp-json\/wp\/v2\/posts\/1465\/revisions"}],"predecessor-version":[{"id":6784,"href":"https:\/\/www.fenomenum.com.br\/novo\/wp-json\/wp\/v2\/posts\/1465\/revisions\/6784"}],"wp:featuredmedia":[{"embeddable":true,"href":"https:\/\/www.fenomenum.com.br\/novo\/wp-json\/wp\/v2\/media\/1466"}],"wp:attachment":[{"href":"https:\/\/www.fenomenum.com.br\/novo\/wp-json\/wp\/v2\/media?parent=1465"}],"wp:term":[{"taxonomy":"category","embeddable":true,"href":"https:\/\/www.fenomenum.com.br\/novo\/wp-json\/wp\/v2\/categories?post=1465"},{"taxonomy":"post_tag","embeddable":true,"href":"https:\/\/www.fenomenum.com.br\/novo\/wp-json\/wp\/v2\/tags?post=1465"}],"curies":[{"name":"wp","href":"https:\/\/api.w.org\/{rel}","templated":true}]}}