{"id":1665,"date":"2022-02-25T15:47:36","date_gmt":"2022-02-25T18:47:36","guid":{"rendered":"https:\/\/www.fenomenum.com.br\/novo\/?p=1665"},"modified":"2025-04-21T12:29:58","modified_gmt":"2025-04-21T15:29:58","slug":"o-dia-em-que-discos-voadores-assustaram-curitiba","status":"publish","type":"post","link":"https:\/\/www.fenomenum.com.br\/novo\/o-dia-em-que-discos-voadores-assustaram-curitiba\/","title":{"rendered":"O dia em que Discos Voadores Assustaram Curitiba"},"content":{"rendered":"<section id=\"inner-headline\">\n<div class=\"container\">\n<div class=\"row\">\n<div id=\"resumo\" class=\"resumo\" style=\"padding-left: 40px;\"><strong>Em 14 de dezembro de 1954, tr\u00eas discos voadores sobrevoam Curitiba (PR), a baixa altura e em plena luz do dia, assustando a popula\u00e7\u00e3o.<\/strong><\/div>\n<\/div>\n<\/div>\n<\/section>\n<div>\n<hr \/>\n<\/div>\n<div>\n<p>O ano de 1954 marcou hist\u00f3ria na Ufologia Mundial. Neste ano, ocorreu uma grande revoada de UFOs em todos os cantos do planeta e numerosos casos de avistamentos, pousos e contato com tripulantes foram registrados.<\/p>\n<p>Em Curitiba, nesse mesmo ano, ocorreu um caso impressionante. No dia 14 de dezembro de 1954, tr\u00eas discos voadores sobrevoaram a cidade por v\u00e1rias horas, chegando a se aproximar de pr\u00e9dios no centro da capital paranaense, assustando a popula\u00e7\u00e3o curitibana. Lojas da regi\u00e3o do centro fecharam as portas bem mais cedo do que de costume, em plena \u00e9poca de compras natalinas, tamanho foi o assombro gerado na ocasi\u00e3o.<\/p>\n<p>Tudo come\u00e7ou por volta das 11 horas da manh\u00e3, quando tr\u00eas pontos brilhantes surgiram no c\u00e9u, sobre Curitiba. Por volta do meio dia, estes tr\u00eas objetos diminu\u00edram sua altitude, sendo observados a partir de v\u00e1rios pontos da cidade. Eles tinham aspecto met\u00e1lico reluzente e formato discoidal.<\/p>\n<p>Por volta das 13 hrs, em v\u00e1rios pontos da cidade, haviam grupos de pessoas observando os discos voadores. Dois destes objetos deslocaram-se em dire\u00e7\u00e3o ao sul, n\u00e3o sendo mais vistos. O terceiro objeto diminuiu ainda mais sua altitude, aproximando-se de alguns pr\u00e9dios no centro. Assustados com tal aproxima\u00e7\u00e3o, lojistas fecharam suas lojas, enquanto algumas pessoas assustadas procuravam deixar a regi\u00e3o central da cidade.<\/p>\n<p>Com o crescente interesse da popula\u00e7\u00e3o curitibana em rela\u00e7\u00e3o aos misteriosos objetos, a imprensa local, notadamente as radios do centro, come\u00e7aram a noticiar o fato. Radialistas noticiavam e descreviam os fatos direto das janelas dos est\u00fadios.<\/p>\n<p>Uma das testemunhas foi o Coronel Carlos Assun\u00e7\u00e3o, Chefe de Pol\u00edcia, que declarou \u00e0 imprensa: \u201cOntem, quando me encontrava \u00e0 janela de minha resid\u00eancia, acompanhado de meu filho e esposa, avistamos um objeto de cor avermelhada e um pouco azulado e que fazia uma trajet\u00f3ria no espa\u00e7o com incr\u00edvel rapidez. Tinha um formato redondo. Na zona onde eu moro ficou apinhada de gente e posso afirmar que centenas de pessoas avistaram o que acabei de dizer\u201d.<\/p>\n<p>Devido \u00e0 grande movimenta\u00e7\u00e3o desses objetos e \u00e0 apreens\u00e3o da popula\u00e7\u00e3o, um avi\u00e3o ou mais avi\u00f5es da For\u00e7a A\u00e9rea Brasileira decolaram e tentaram se aproximar de tais objetos, mas sem sucesso. Ainda n\u00e3o se sabe exatamente quantas aeronaves decolaram do aeroporto do Bacacheri, no encal\u00e7o de tais objetos. Jornais da \u00e9poca falam em aeronaves (no plural), enquanto testemunhas da \u00e9poca falam na presen\u00e7a de uma \u00fanica aeronave, bimotor, modelo Beechcraft, usada pela FAB para aerofotogrametria. Mas embora essa tentativa de intercepta\u00e7\u00e3o tenha sido realizada, n\u00e3o existem documentos oficiais sobre este caso dispon\u00edveis entre os arquivos liberados pela FAB.<\/p>\n<p>Al\u00e9m da FAB, a Marinha do Brasil envolveu-se no caso. O fot\u00f3grafo Maxim Cicaida, da Foto Heisler (na \u00e9poca situada na rua XV de Novembro, n\u00ba 372) fotografou o objeto e a movimenta\u00e7\u00e3o da popula\u00e7\u00e3o assustada com o fen\u00f4meno. Tais fotografias foram publicadas pelo jornal O Estado do Paran\u00e1, em 16 de dezembro de 1954. Os negativos obtidos por Maxim foram enviadas \u00e0 Escola Naval, no Rio de Janeiro, para an\u00e1lises. Os resultados dessas an\u00e1lises nunca foram liberados, assim como os negativos que n\u00e3o foram devolvidos. A c\u00f3pia das fotos, obtidas pelo jornal O Estado do Paran\u00e1 tamb\u00e9m sumiram dos arquivos do jornal tempos depois.<\/p>\n<p>Passadas v\u00e1rias d\u00e9cadas deste ins\u00f3lito evento, testemunhas ainda mant\u00e9m as lembran\u00e7as v\u00edvidas daquele dia. Seus depoimentos fornecem detalhes interessantes sobre esta apari\u00e7\u00e3o. Romana Calebotta e sua amiga Rejane Cervi foram duas testemunhas que nunca esqueceram daquele dia. Elas eram amigas e vizinhas, morando no edif\u00edcio Copacabana, na regi\u00e3o central da cidade. Rejane Cervi descreve:<\/p>\n<p style=\"padding-left: 40px;\"><i>Mor\u00e1vamos no Edif\u00edcio Copacabana e lembro perfeitamente. Eu tinha 11 anos. Meu pai chamou os homens do Edif\u00edcio (entre eles estava o seu C\u00f4nsul da It\u00e1lia, seu pai, e o chin\u00eas Chang) para subirem no terra\u00e7o. Fui junto. Vimos, perfeitamente, o disco voador. O que mais chamava a aten\u00e7\u00e3o era a sua cor\/textura met\u00e1lica marron, a sua movimenta\u00e7\u00e3o e a velocidade. Caracter\u00edsticas in\u00e9ditas para mim. Depois que eles desapareceram, meu pai forneceu papel e l\u00e1pis e pediu aos que presenciaram o objeto voador que o desenhassem. Todos haviam visto a mesma coisa. Eu tamb\u00e9m desenhei. N\u00e3o sei para quem meu pai levou os desenhos.<br \/>\n<\/i><\/p>\n<p>Romana Calebotta acrescenta:<\/p>\n<p style=\"padding-left: 40px;\"><i>Eu tamb\u00e9m fui no alto do nosso pr\u00e9dio Edif\u00edcio Copacabana. Meu pai tirou algumas fotos, mas infelizmente n\u00e3o tenho mais, pois foram perdidas em uma mudan\u00e7a.<\/i><\/p>\n<p>O relato de ambas n\u00e3o \u00e9 muito diferente do relato de Celsa Munhoz de Souza, que tamb\u00e9m observou o objeto da sacada de seu apartamento.<\/p>\n<p style=\"padding-left: 40px;\"><i>Eu morava no centro e da sacada do pr\u00e9dio vi o disco passar, eu tinha 12 anos na \u00e9poca!<\/i><\/p>\n<p>Outra testemunha, Nilce Wendler observou todo a movimenta\u00e7\u00e3o dos objetos ao longo daquele dia.<\/p>\n<p style=\"padding-left: 40px;\"><i>Eu vi morava na In\u00e1cio Lustosa perto do hoje shopping M\u00fcller antes uma metal\u00fargica, lembro bem daquelas coisas brilhantes cortando o ar e sumindo em segundos , depois de ficar tempo parado im\u00f3vel. Sempre lembro disso.<\/i><\/p>\n<p>Naquele mesmdo dia, al\u00e9m de Curitiba, outras cidades observaram os tr\u00eas discos voadores. Em S\u00e3o Jos\u00e9 dos Pinhais (PR), v\u00e1rias centenas de pessoas observaram o mesmo fen\u00f4meno da popula\u00e7\u00e3o curitibana. Em POnta Grossa (PR), outras milhares de pessoas testemunharam a apari\u00e7\u00e3o de discos voadores, na tarde de 14 de dezembro. No estado vizinho de Santa Catarina, no mesmo dia, houve avistamentos de outros tr\u00eas discos voadores sobrevoando a cidade de Joinville.<\/p>\n<p>A revoada de UFOs, ocorrida em 14 de dezembro de 1954, foi uma das maiores do g\u00eanero, na Ufologia Mundial. Poucos casos foram t\u00e3o testemunhados como estes eventos aqui descritos.<\/p>\n<\/div>\n<p>&nbsp;<\/p>\n<div id=\"attachment_1668\" style=\"width: 372px\" class=\"wp-caption aligncenter\"><img aria-describedby=\"caption-attachment-1668\" loading=\"lazy\" class=\"wp-image-1668 size-full\" src=\"https:\/\/www.fenomenum.com.br\/novo\/wp-content\/uploads\/2022\/02\/curitiba2.png\" alt=\"\" width=\"362\" height=\"405\" srcset=\"https:\/\/www.fenomenum.com.br\/novo\/wp-content\/uploads\/2022\/02\/curitiba2.png 362w, https:\/\/www.fenomenum.com.br\/novo\/wp-content\/uploads\/2022\/02\/curitiba2-250x280.png 250w, https:\/\/www.fenomenum.com.br\/novo\/wp-content\/uploads\/2022\/02\/curitiba2-150x168.png 150w, https:\/\/www.fenomenum.com.br\/novo\/wp-content\/uploads\/2022\/02\/curitiba2-50x56.png 50w, https:\/\/www.fenomenum.com.br\/novo\/wp-content\/uploads\/2022\/02\/curitiba2-100x112.png 100w, https:\/\/www.fenomenum.com.br\/novo\/wp-content\/uploads\/2022\/02\/curitiba2-200x224.png 200w, https:\/\/www.fenomenum.com.br\/novo\/wp-content\/uploads\/2022\/02\/curitiba2-300x336.png 300w, https:\/\/www.fenomenum.com.br\/novo\/wp-content\/uploads\/2022\/02\/curitiba2-350x392.png 350w\" sizes=\"(max-width: 362px) 100vw, 362px\" \/><p id=\"caption-attachment-1668\" class=\"wp-caption-text\">Reportagem do Jornal Folha de S\u00e3o Paulo, de 15 de dezembro de 1954, noticiando o caso.<\/p><\/div>\n<p>&nbsp;<\/p>\n<div id=\"attachment_1669\" style=\"width: 768px\" class=\"wp-caption aligncenter\"><img aria-describedby=\"caption-attachment-1669\" loading=\"lazy\" class=\"wp-image-1669 size-large\" src=\"https:\/\/www.fenomenum.com.br\/novo\/wp-content\/uploads\/2022\/02\/curitiba3-758x1024.jpg\" alt=\"\" width=\"758\" height=\"1024\" \/><p id=\"caption-attachment-1669\" class=\"wp-caption-text\">Boletim Correio Interplanet\u00e1rio, trazendo uma mat\u00e9ria sobre o caso, em dezembro de 1956.<\/p><\/div>\n<p>&nbsp;<\/p>\n<p>&nbsp;<\/p>\n<div id=\"attachment_1670\" style=\"width: 1034px\" class=\"wp-caption aligncenter\"><img aria-describedby=\"caption-attachment-1670\" loading=\"lazy\" class=\"wp-image-1670 size-large\" src=\"https:\/\/www.fenomenum.com.br\/novo\/wp-content\/uploads\/2022\/02\/curitiba4-1024x1006.jpg\" alt=\"\" width=\"1024\" height=\"1006\" \/><p id=\"caption-attachment-1670\" class=\"wp-caption-text\">Reportagem apresentada pelo Correio Interplanet\u00e1rio, sobre o caso<\/p><\/div>\n<p>&nbsp;<\/p>\n<p>&nbsp;<\/p>\n<div id=\"attachment_1671\" style=\"width: 754px\" class=\"wp-caption aligncenter\"><img aria-describedby=\"caption-attachment-1671\" loading=\"lazy\" class=\"wp-image-1671 size-large\" src=\"https:\/\/www.fenomenum.com.br\/novo\/wp-content\/uploads\/2022\/02\/curitiba5-744x1024.jpg\" alt=\"\" width=\"744\" height=\"1024\" \/><p id=\"caption-attachment-1671\" class=\"wp-caption-text\">Reportagem do Correio Interplanet\u00e1rio sobre caso.<\/p><\/div>\n<p>&nbsp;<\/p>\n<p>&nbsp;<\/p>\n<div id=\"attachment_1672\" style=\"width: 951px\" class=\"wp-caption aligncenter\"><img aria-describedby=\"caption-attachment-1672\" loading=\"lazy\" class=\"wp-image-1672 size-full\" src=\"https:\/\/www.fenomenum.com.br\/novo\/wp-content\/uploads\/2022\/02\/curitiba6.jpg\" alt=\"\" width=\"941\" height=\"436\" srcset=\"https:\/\/www.fenomenum.com.br\/novo\/wp-content\/uploads\/2022\/02\/curitiba6.jpg 941w, https:\/\/www.fenomenum.com.br\/novo\/wp-content\/uploads\/2022\/02\/curitiba6-400x185.jpg 400w, https:\/\/www.fenomenum.com.br\/novo\/wp-content\/uploads\/2022\/02\/curitiba6-650x301.jpg 650w, https:\/\/www.fenomenum.com.br\/novo\/wp-content\/uploads\/2022\/02\/curitiba6-250x116.jpg 250w, https:\/\/www.fenomenum.com.br\/novo\/wp-content\/uploads\/2022\/02\/curitiba6-768x356.jpg 768w, https:\/\/www.fenomenum.com.br\/novo\/wp-content\/uploads\/2022\/02\/curitiba6-150x70.jpg 150w, https:\/\/www.fenomenum.com.br\/novo\/wp-content\/uploads\/2022\/02\/curitiba6-50x23.jpg 50w, https:\/\/www.fenomenum.com.br\/novo\/wp-content\/uploads\/2022\/02\/curitiba6-100x46.jpg 100w, https:\/\/www.fenomenum.com.br\/novo\/wp-content\/uploads\/2022\/02\/curitiba6-200x93.jpg 200w, https:\/\/www.fenomenum.com.br\/novo\/wp-content\/uploads\/2022\/02\/curitiba6-300x139.jpg 300w, https:\/\/www.fenomenum.com.br\/novo\/wp-content\/uploads\/2022\/02\/curitiba6-350x162.jpg 350w, https:\/\/www.fenomenum.com.br\/novo\/wp-content\/uploads\/2022\/02\/curitiba6-450x209.jpg 450w, https:\/\/www.fenomenum.com.br\/novo\/wp-content\/uploads\/2022\/02\/curitiba6-500x232.jpg 500w, https:\/\/www.fenomenum.com.br\/novo\/wp-content\/uploads\/2022\/02\/curitiba6-550x255.jpg 550w, https:\/\/www.fenomenum.com.br\/novo\/wp-content\/uploads\/2022\/02\/curitiba6-800x371.jpg 800w\" sizes=\"(max-width: 941px) 100vw, 941px\" \/><p id=\"caption-attachment-1672\" class=\"wp-caption-text\">Duas fotografias do objeto que sobrevoou Curitiba, em 14 de dezembro de 1954. O autor das imagens \u00e9 o fotografo Maxim Cicaida.<\/p><\/div>\n<p>&nbsp;<\/p>\n<div id=\"attachment_1673\" style=\"width: 957px\" class=\"wp-caption aligncenter\"><img aria-describedby=\"caption-attachment-1673\" loading=\"lazy\" class=\"wp-image-1673 size-full\" src=\"https:\/\/www.fenomenum.com.br\/novo\/wp-content\/uploads\/2022\/02\/curitiba7.jpg\" alt=\"\" width=\"947\" height=\"454\" srcset=\"https:\/\/www.fenomenum.com.br\/novo\/wp-content\/uploads\/2022\/02\/curitiba7.jpg 947w, https:\/\/www.fenomenum.com.br\/novo\/wp-content\/uploads\/2022\/02\/curitiba7-400x192.jpg 400w, https:\/\/www.fenomenum.com.br\/novo\/wp-content\/uploads\/2022\/02\/curitiba7-650x312.jpg 650w, https:\/\/www.fenomenum.com.br\/novo\/wp-content\/uploads\/2022\/02\/curitiba7-250x120.jpg 250w, https:\/\/www.fenomenum.com.br\/novo\/wp-content\/uploads\/2022\/02\/curitiba7-768x368.jpg 768w, https:\/\/www.fenomenum.com.br\/novo\/wp-content\/uploads\/2022\/02\/curitiba7-150x72.jpg 150w, https:\/\/www.fenomenum.com.br\/novo\/wp-content\/uploads\/2022\/02\/curitiba7-50x24.jpg 50w, https:\/\/www.fenomenum.com.br\/novo\/wp-content\/uploads\/2022\/02\/curitiba7-100x48.jpg 100w, https:\/\/www.fenomenum.com.br\/novo\/wp-content\/uploads\/2022\/02\/curitiba7-200x96.jpg 200w, https:\/\/www.fenomenum.com.br\/novo\/wp-content\/uploads\/2022\/02\/curitiba7-300x144.jpg 300w, https:\/\/www.fenomenum.com.br\/novo\/wp-content\/uploads\/2022\/02\/curitiba7-350x168.jpg 350w, https:\/\/www.fenomenum.com.br\/novo\/wp-content\/uploads\/2022\/02\/curitiba7-450x216.jpg 450w, https:\/\/www.fenomenum.com.br\/novo\/wp-content\/uploads\/2022\/02\/curitiba7-500x240.jpg 500w, https:\/\/www.fenomenum.com.br\/novo\/wp-content\/uploads\/2022\/02\/curitiba7-550x264.jpg 550w, https:\/\/www.fenomenum.com.br\/novo\/wp-content\/uploads\/2022\/02\/curitiba7-800x384.jpg 800w\" sizes=\"(max-width: 947px) 100vw, 947px\" \/><p id=\"caption-attachment-1673\" class=\"wp-caption-text\">Duas fotografias do objeto que sobrevoou Curitiba, em 14 de dezembro de 1954. O autor das imagens \u00e9 o fotografo Maxim Cicaida.<\/p><\/div>\n<p>&nbsp;<\/p>\n<p>&nbsp;<\/p>\n<div id=\"attachment_1674\" style=\"width: 970px\" class=\"wp-caption aligncenter\"><img aria-describedby=\"caption-attachment-1674\" loading=\"lazy\" class=\"wp-image-1674 size-full\" src=\"https:\/\/www.fenomenum.com.br\/novo\/wp-content\/uploads\/2022\/02\/curitiba8.jpg\" alt=\"\" width=\"960\" height=\"441\" srcset=\"https:\/\/www.fenomenum.com.br\/novo\/wp-content\/uploads\/2022\/02\/curitiba8.jpg 960w, https:\/\/www.fenomenum.com.br\/novo\/wp-content\/uploads\/2022\/02\/curitiba8-400x184.jpg 400w, https:\/\/www.fenomenum.com.br\/novo\/wp-content\/uploads\/2022\/02\/curitiba8-650x299.jpg 650w, https:\/\/www.fenomenum.com.br\/novo\/wp-content\/uploads\/2022\/02\/curitiba8-250x115.jpg 250w, https:\/\/www.fenomenum.com.br\/novo\/wp-content\/uploads\/2022\/02\/curitiba8-768x353.jpg 768w, https:\/\/www.fenomenum.com.br\/novo\/wp-content\/uploads\/2022\/02\/curitiba8-150x69.jpg 150w, https:\/\/www.fenomenum.com.br\/novo\/wp-content\/uploads\/2022\/02\/curitiba8-50x23.jpg 50w, https:\/\/www.fenomenum.com.br\/novo\/wp-content\/uploads\/2022\/02\/curitiba8-100x46.jpg 100w, https:\/\/www.fenomenum.com.br\/novo\/wp-content\/uploads\/2022\/02\/curitiba8-200x92.jpg 200w, https:\/\/www.fenomenum.com.br\/novo\/wp-content\/uploads\/2022\/02\/curitiba8-300x138.jpg 300w, https:\/\/www.fenomenum.com.br\/novo\/wp-content\/uploads\/2022\/02\/curitiba8-350x161.jpg 350w, https:\/\/www.fenomenum.com.br\/novo\/wp-content\/uploads\/2022\/02\/curitiba8-450x207.jpg 450w, https:\/\/www.fenomenum.com.br\/novo\/wp-content\/uploads\/2022\/02\/curitiba8-500x230.jpg 500w, https:\/\/www.fenomenum.com.br\/novo\/wp-content\/uploads\/2022\/02\/curitiba8-550x253.jpg 550w, https:\/\/www.fenomenum.com.br\/novo\/wp-content\/uploads\/2022\/02\/curitiba8-800x368.jpg 800w\" sizes=\"(max-width: 960px) 100vw, 960px\" \/><p id=\"caption-attachment-1674\" class=\"wp-caption-text\">Duas fotografias do objeto que sobrevoou Curitiba, em 14 de dezembro de 1954. O autor das imagens \u00e9 o fotografo Maxim Cicaida.<\/p><\/div>\n<p>&nbsp;<\/p>\n<div id=\"attachment_1667\" style=\"width: 215px\" class=\"wp-caption aligncenter\"><img aria-describedby=\"caption-attachment-1667\" loading=\"lazy\" class=\"wp-image-1667 size-full\" src=\"https:\/\/www.fenomenum.com.br\/novo\/wp-content\/uploads\/2022\/02\/curitiba1.jpg\" alt=\"\" width=\"205\" height=\"913\" srcset=\"https:\/\/www.fenomenum.com.br\/novo\/wp-content\/uploads\/2022\/02\/curitiba1.jpg 205w, https:\/\/www.fenomenum.com.br\/novo\/wp-content\/uploads\/2022\/02\/curitiba1-150x668.jpg 150w, https:\/\/www.fenomenum.com.br\/novo\/wp-content\/uploads\/2022\/02\/curitiba1-50x223.jpg 50w, https:\/\/www.fenomenum.com.br\/novo\/wp-content\/uploads\/2022\/02\/curitiba1-100x445.jpg 100w, https:\/\/www.fenomenum.com.br\/novo\/wp-content\/uploads\/2022\/02\/curitiba1-200x891.jpg 200w\" sizes=\"(max-width: 205px) 100vw, 205px\" \/><p id=\"caption-attachment-1667\" class=\"wp-caption-text\">Reportagem do Jornal do Brasil anunciando o caso.<\/p><\/div>\n<p>&nbsp;<\/p>\n<p>&nbsp;<\/p>\n<div id=\"attachment_1679\" style=\"width: 970px\" class=\"wp-caption aligncenter\"><img aria-describedby=\"caption-attachment-1679\" loading=\"lazy\" class=\"wp-image-1679 size-full\" src=\"https:\/\/www.fenomenum.com.br\/novo\/wp-content\/uploads\/2022\/02\/curitiba14.jpg\" alt=\"\" width=\"960\" height=\"617\" srcset=\"https:\/\/www.fenomenum.com.br\/novo\/wp-content\/uploads\/2022\/02\/curitiba14.jpg 960w, https:\/\/www.fenomenum.com.br\/novo\/wp-content\/uploads\/2022\/02\/curitiba14-400x257.jpg 400w, https:\/\/www.fenomenum.com.br\/novo\/wp-content\/uploads\/2022\/02\/curitiba14-650x418.jpg 650w, https:\/\/www.fenomenum.com.br\/novo\/wp-content\/uploads\/2022\/02\/curitiba14-250x161.jpg 250w, https:\/\/www.fenomenum.com.br\/novo\/wp-content\/uploads\/2022\/02\/curitiba14-768x494.jpg 768w, https:\/\/www.fenomenum.com.br\/novo\/wp-content\/uploads\/2022\/02\/curitiba14-150x96.jpg 150w, https:\/\/www.fenomenum.com.br\/novo\/wp-content\/uploads\/2022\/02\/curitiba14-50x32.jpg 50w, https:\/\/www.fenomenum.com.br\/novo\/wp-content\/uploads\/2022\/02\/curitiba14-100x64.jpg 100w, https:\/\/www.fenomenum.com.br\/novo\/wp-content\/uploads\/2022\/02\/curitiba14-200x129.jpg 200w, https:\/\/www.fenomenum.com.br\/novo\/wp-content\/uploads\/2022\/02\/curitiba14-300x193.jpg 300w, https:\/\/www.fenomenum.com.br\/novo\/wp-content\/uploads\/2022\/02\/curitiba14-350x225.jpg 350w, https:\/\/www.fenomenum.com.br\/novo\/wp-content\/uploads\/2022\/02\/curitiba14-450x289.jpg 450w, https:\/\/www.fenomenum.com.br\/novo\/wp-content\/uploads\/2022\/02\/curitiba14-500x321.jpg 500w, https:\/\/www.fenomenum.com.br\/novo\/wp-content\/uploads\/2022\/02\/curitiba14-550x353.jpg 550w, https:\/\/www.fenomenum.com.br\/novo\/wp-content\/uploads\/2022\/02\/curitiba14-800x514.jpg 800w\" sizes=\"(max-width: 960px) 100vw, 960px\" \/><p id=\"caption-attachment-1679\" class=\"wp-caption-text\">Reportagem do Jornal O Dia anunciando o caso.<\/p><\/div>\n<p>&nbsp;<\/p>\n<p>&nbsp;<\/p>\n<p>&nbsp;<\/p>\n<div id=\"attachment_1677\" style=\"width: 970px\" class=\"wp-caption aligncenter\"><img aria-describedby=\"caption-attachment-1677\" loading=\"lazy\" class=\"wp-image-1677 size-full\" src=\"https:\/\/www.fenomenum.com.br\/novo\/wp-content\/uploads\/2022\/02\/curitiba12.jpg\" alt=\"\" width=\"960\" height=\"828\" srcset=\"https:\/\/www.fenomenum.com.br\/novo\/wp-content\/uploads\/2022\/02\/curitiba12.jpg 960w, https:\/\/www.fenomenum.com.br\/novo\/wp-content\/uploads\/2022\/02\/curitiba12-400x345.jpg 400w, https:\/\/www.fenomenum.com.br\/novo\/wp-content\/uploads\/2022\/02\/curitiba12-650x561.jpg 650w, https:\/\/www.fenomenum.com.br\/novo\/wp-content\/uploads\/2022\/02\/curitiba12-250x216.jpg 250w, https:\/\/www.fenomenum.com.br\/novo\/wp-content\/uploads\/2022\/02\/curitiba12-768x662.jpg 768w, https:\/\/www.fenomenum.com.br\/novo\/wp-content\/uploads\/2022\/02\/curitiba12-150x129.jpg 150w, https:\/\/www.fenomenum.com.br\/novo\/wp-content\/uploads\/2022\/02\/curitiba12-50x43.jpg 50w, https:\/\/www.fenomenum.com.br\/novo\/wp-content\/uploads\/2022\/02\/curitiba12-100x86.jpg 100w, https:\/\/www.fenomenum.com.br\/novo\/wp-content\/uploads\/2022\/02\/curitiba12-200x173.jpg 200w, https:\/\/www.fenomenum.com.br\/novo\/wp-content\/uploads\/2022\/02\/curitiba12-300x259.jpg 300w, https:\/\/www.fenomenum.com.br\/novo\/wp-content\/uploads\/2022\/02\/curitiba12-350x302.jpg 350w, https:\/\/www.fenomenum.com.br\/novo\/wp-content\/uploads\/2022\/02\/curitiba12-450x388.jpg 450w, https:\/\/www.fenomenum.com.br\/novo\/wp-content\/uploads\/2022\/02\/curitiba12-500x431.jpg 500w, https:\/\/www.fenomenum.com.br\/novo\/wp-content\/uploads\/2022\/02\/curitiba12-550x474.jpg 550w, https:\/\/www.fenomenum.com.br\/novo\/wp-content\/uploads\/2022\/02\/curitiba12-800x690.jpg 800w\" sizes=\"(max-width: 960px) 100vw, 960px\" \/><p id=\"caption-attachment-1677\" class=\"wp-caption-text\">Reportagem do Jornal O Dia anunciando o caso.<\/p><\/div>\n<p>&nbsp;<\/p>\n<p>&nbsp;<\/p>\n<div id=\"attachment_1678\" style=\"width: 970px\" class=\"wp-caption aligncenter\"><img aria-describedby=\"caption-attachment-1678\" loading=\"lazy\" class=\"wp-image-1678 size-full\" src=\"https:\/\/www.fenomenum.com.br\/novo\/wp-content\/uploads\/2022\/02\/curitiba13.jpg\" alt=\"\" width=\"960\" height=\"588\" srcset=\"https:\/\/www.fenomenum.com.br\/novo\/wp-content\/uploads\/2022\/02\/curitiba13.jpg 960w, https:\/\/www.fenomenum.com.br\/novo\/wp-content\/uploads\/2022\/02\/curitiba13-400x245.jpg 400w, https:\/\/www.fenomenum.com.br\/novo\/wp-content\/uploads\/2022\/02\/curitiba13-650x398.jpg 650w, https:\/\/www.fenomenum.com.br\/novo\/wp-content\/uploads\/2022\/02\/curitiba13-250x153.jpg 250w, https:\/\/www.fenomenum.com.br\/novo\/wp-content\/uploads\/2022\/02\/curitiba13-768x470.jpg 768w, https:\/\/www.fenomenum.com.br\/novo\/wp-content\/uploads\/2022\/02\/curitiba13-150x92.jpg 150w, https:\/\/www.fenomenum.com.br\/novo\/wp-content\/uploads\/2022\/02\/curitiba13-50x31.jpg 50w, https:\/\/www.fenomenum.com.br\/novo\/wp-content\/uploads\/2022\/02\/curitiba13-100x61.jpg 100w, https:\/\/www.fenomenum.com.br\/novo\/wp-content\/uploads\/2022\/02\/curitiba13-200x123.jpg 200w, https:\/\/www.fenomenum.com.br\/novo\/wp-content\/uploads\/2022\/02\/curitiba13-300x184.jpg 300w, https:\/\/www.fenomenum.com.br\/novo\/wp-content\/uploads\/2022\/02\/curitiba13-350x214.jpg 350w, https:\/\/www.fenomenum.com.br\/novo\/wp-content\/uploads\/2022\/02\/curitiba13-450x276.jpg 450w, https:\/\/www.fenomenum.com.br\/novo\/wp-content\/uploads\/2022\/02\/curitiba13-500x306.jpg 500w, https:\/\/www.fenomenum.com.br\/novo\/wp-content\/uploads\/2022\/02\/curitiba13-550x337.jpg 550w, https:\/\/www.fenomenum.com.br\/novo\/wp-content\/uploads\/2022\/02\/curitiba13-800x490.jpg 800w\" sizes=\"(max-width: 960px) 100vw, 960px\" \/><p id=\"caption-attachment-1678\" class=\"wp-caption-text\">Reportagem do Jornal O Dia anunciando o caso.<\/p><\/div>\n<p>&nbsp;<\/p>\n<p>&nbsp;<\/p>\n<div id=\"attachment_1676\" style=\"width: 650px\" class=\"wp-caption aligncenter\"><img aria-describedby=\"caption-attachment-1676\" loading=\"lazy\" class=\"wp-image-1676 size-full\" src=\"https:\/\/www.fenomenum.com.br\/novo\/wp-content\/uploads\/2022\/02\/curitiba11.jpg\" alt=\"\" width=\"640\" height=\"960\" srcset=\"https:\/\/www.fenomenum.com.br\/novo\/wp-content\/uploads\/2022\/02\/curitiba11.jpg 640w, https:\/\/www.fenomenum.com.br\/novo\/wp-content\/uploads\/2022\/02\/curitiba11-400x600.jpg 400w, https:\/\/www.fenomenum.com.br\/novo\/wp-content\/uploads\/2022\/02\/curitiba11-250x375.jpg 250w, https:\/\/www.fenomenum.com.br\/novo\/wp-content\/uploads\/2022\/02\/curitiba11-150x225.jpg 150w, https:\/\/www.fenomenum.com.br\/novo\/wp-content\/uploads\/2022\/02\/curitiba11-50x75.jpg 50w, https:\/\/www.fenomenum.com.br\/novo\/wp-content\/uploads\/2022\/02\/curitiba11-100x150.jpg 100w, https:\/\/www.fenomenum.com.br\/novo\/wp-content\/uploads\/2022\/02\/curitiba11-200x300.jpg 200w, https:\/\/www.fenomenum.com.br\/novo\/wp-content\/uploads\/2022\/02\/curitiba11-300x450.jpg 300w, https:\/\/www.fenomenum.com.br\/novo\/wp-content\/uploads\/2022\/02\/curitiba11-350x525.jpg 350w, https:\/\/www.fenomenum.com.br\/novo\/wp-content\/uploads\/2022\/02\/curitiba11-450x675.jpg 450w, https:\/\/www.fenomenum.com.br\/novo\/wp-content\/uploads\/2022\/02\/curitiba11-500x750.jpg 500w, https:\/\/www.fenomenum.com.br\/novo\/wp-content\/uploads\/2022\/02\/curitiba11-550x825.jpg 550w\" sizes=\"(max-width: 640px) 100vw, 640px\" \/><p id=\"caption-attachment-1676\" class=\"wp-caption-text\">Reportagem do Jornal O Dia anunciando o caso.<\/p><\/div>\n<p>&nbsp;<\/p>\n<p>&nbsp;<\/p>\n<p>&nbsp;<\/p>\n<p>&nbsp;<\/p>\n<div>\n<div id=\"attachment_1675\" style=\"width: 834px\" class=\"wp-caption aligncenter\"><img aria-describedby=\"caption-attachment-1675\" loading=\"lazy\" class=\"wp-image-1675 size-large\" src=\"https:\/\/www.fenomenum.com.br\/novo\/wp-content\/uploads\/2022\/02\/curitiba10-824x1024.jpg\" alt=\"\" width=\"824\" height=\"1024\" \/><p id=\"caption-attachment-1675\" class=\"wp-caption-text\">O fot\u00f3grafo Maxim Cicaida.<\/p><\/div>\n<\/div>\n<div><\/div>\n<div><\/div>\n<div>\n<div id=\"attachment_1680\" style=\"width: 840px\" class=\"wp-caption aligncenter\"><img aria-describedby=\"caption-attachment-1680\" loading=\"lazy\" class=\"wp-image-1680 size-large\" src=\"https:\/\/www.fenomenum.com.br\/novo\/wp-content\/uploads\/2022\/02\/fo195018-830x1024.jpg\" alt=\"\" width=\"830\" height=\"1024\" \/><p id=\"caption-attachment-1680\" class=\"wp-caption-text\">\u00danica fotografia com qualidade de um dos discos voadores sobre Curitiba, obtida em 14 de dezembro de 1954. O pr\u00e9dio observado na imagem \u00e9 o Edif\u00edcio Pugley, situado na esquida da Marechal Deodoro com Monsenhor Celso, no centro de Curitiba.<\/p><\/div>\n<\/div>\n<div><\/div>\n<div><\/div>\n<div><\/div>\n<div><\/div>\n<div><\/div>\n<div><\/div>\n<h2>Refer\u00eancias:<\/h2>\n<hr \/>\n<ol>\n<li>Petit, Marco Ant\u00f4nio. UFOs: Arquivo Confidencial. CBPDV, 2007.<\/li>\n<\/ol>\n<div><\/div>\n<div><\/div>\n","protected":false},"excerpt":{"rendered":"<p>Em 14 de dezembro de 1954, tr\u00eas discos voadores sobrevoam Curitiba (PR), a baixa altura e em plena luz do dia, assustando a popula\u00e7\u00e3o. O ano de 1954 marcou hist\u00f3ria na Ufologia Mundial. Neste ano, ocorreu uma grande revoada de UFOs em todos os cantos do planeta e numerosos casos de avistamentos, pousos e contato [&hellip;]<\/p>\n","protected":false},"author":4,"featured_media":1666,"comment_status":"open","ping_status":"open","sticky":false,"template":"","format":"standard","meta":{"inline_featured_image":false},"categories":[129,105],"tags":[],"_links":{"self":[{"href":"https:\/\/www.fenomenum.com.br\/novo\/wp-json\/wp\/v2\/posts\/1665"}],"collection":[{"href":"https:\/\/www.fenomenum.com.br\/novo\/wp-json\/wp\/v2\/posts"}],"about":[{"href":"https:\/\/www.fenomenum.com.br\/novo\/wp-json\/wp\/v2\/types\/post"}],"author":[{"embeddable":true,"href":"https:\/\/www.fenomenum.com.br\/novo\/wp-json\/wp\/v2\/users\/4"}],"replies":[{"embeddable":true,"href":"https:\/\/www.fenomenum.com.br\/novo\/wp-json\/wp\/v2\/comments?post=1665"}],"version-history":[{"count":1,"href":"https:\/\/www.fenomenum.com.br\/novo\/wp-json\/wp\/v2\/posts\/1665\/revisions"}],"predecessor-version":[{"id":6808,"href":"https:\/\/www.fenomenum.com.br\/novo\/wp-json\/wp\/v2\/posts\/1665\/revisions\/6808"}],"wp:featuredmedia":[{"embeddable":true,"href":"https:\/\/www.fenomenum.com.br\/novo\/wp-json\/wp\/v2\/media\/1666"}],"wp:attachment":[{"href":"https:\/\/www.fenomenum.com.br\/novo\/wp-json\/wp\/v2\/media?parent=1665"}],"wp:term":[{"taxonomy":"category","embeddable":true,"href":"https:\/\/www.fenomenum.com.br\/novo\/wp-json\/wp\/v2\/categories?post=1665"},{"taxonomy":"post_tag","embeddable":true,"href":"https:\/\/www.fenomenum.com.br\/novo\/wp-json\/wp\/v2\/tags?post=1665"}],"curies":[{"name":"wp","href":"https:\/\/api.w.org\/{rel}","templated":true}]}}