{"id":1684,"date":"2022-02-25T16:04:44","date_gmt":"2022-02-25T19:04:44","guid":{"rendered":"https:\/\/www.fenomenum.com.br\/novo\/?p=1684"},"modified":"2025-04-21T12:29:56","modified_gmt":"2025-04-21T15:29:56","slug":"o-caso-joao-de-freitas-guimaraes","status":"publish","type":"post","link":"https:\/\/www.fenomenum.com.br\/novo\/o-caso-joao-de-freitas-guimaraes\/","title":{"rendered":"O Caso Jo\u00e3o de Freitas Guimar\u00e3es"},"content":{"rendered":"<section id=\"inner-headline\">\n<div class=\"container\">\n<div class=\"row\">\n<div id=\"resumo\" class=\"resumo\" style=\"padding-left: 40px;\"><strong>O advogado Jo\u00e3o de Freitas Guimar\u00e3es teve um contato amistoso com tripulantes de um disco voador, na regi\u00e3o de Caraguatatuba, litoral de S\u00e3o Paulo.<\/strong><\/div>\n<\/div>\n<\/div>\n<\/section>\n<div>\n<hr \/>\n<\/div>\n<div>\n<p>Em dia 16 de julho de 1956, o advogado Jo\u00e3o de Freitas Guimar\u00e3es estava em Caraguatatuba, por ocasi\u00e3o de uma viagem a servi\u00e7o. Ao chegar na cidade, encontrou o f\u00f3rum c\u00edvel fechado, pois j\u00e1 era final de tarde. Ap\u00f3s jantar, Jo\u00e3o Guimar\u00e3es foi caminhar pela praia quando, por volta das 19 horas, parou para observar o mar.<\/p>\n<p>Nesse momento um estranho objeto de formato disc\u00f3ide elevou-se, saindo do mar num trecho entre Ilha Bela e S\u00e3o Sebasti\u00e3o, no litoral de S\u00e3o Paulo. Este objeto aproximou-se de Jo\u00e3o Guimar\u00e3es e pousou a poucos metros de onde ele se encontrava.<\/p>\n<p>Uma porta se abriu e deste aparelho sa\u00edram dois homens, de aspecto humano, altos, com cabelos louros e olhos claros e serenos. Ambos usavam um macac\u00e3o verde fechados nos punhos, tornozelos e pesco\u00e7o. Intrigado, Jo\u00e3o Guimar\u00e3es perguntou se teria havido algum acidente com a m\u00e1quina, ou se estavam \u00e0 procura de algu\u00e9m. Como n\u00e3o obteve resposta refez a pergunta em ingl\u00eas, franc\u00eas e italiano, sem qualquer resposta por parte dos desconhecidos. Por meio de gestos os tripulantes do objeto pediram insistentemente que a testemunha entrasse no aparelho. Ele aceitou e em fila indiana os tr\u00eas entraram no estranho aparelho.<\/p>\n<p>&nbsp;<\/p>\n<p><a name=\"dentro\"><\/a><\/p>\n<h3>Dentro do disco voador<\/h3>\n<p>Ao entrar no disco, Jo\u00e3o Guimar\u00e3es percebeu que havia um terceiro tripulante a bordo do aparelho. A porta de acesso fechou-se e ent\u00e3o o disco voador decolou. O contatado sentiu um ligeiro mal estar e foi at\u00e9 a janela.<\/p>\n<p>Ali observou que havia gotas de \u00e1gua aderidas ao vidro nas janelas. Diante disso tentou uma nova comunica\u00e7\u00e3o perguntando se estava chovendo. Foi ent\u00e3o que um dos tripulantes respondeu n\u00e3o verbalmente, mas sim telepaticamente dizendo que n\u00e3o se tratava de chuva e sim de um efeito produzido a partir de um movimento da &#8220;rota\u00e7\u00e3o em sentido contr\u00e1rio das pe\u00e7as que compunham a nave&#8221; e que isso era comum durante suas incurs\u00f5es pela nossa atmosfera. Dentro do objeto, Jo\u00e3o Guimar\u00e3es notou que haviam mais compartimentos, embora todos permanecessem num \u00fanico ambiente. Ao olhar novamente pela janela, a testemunha observou que estava bastante escuro l\u00e1 fora e que haviam estrelas muito brilhantes. Pouco depois disso, os tripulantes informaram que eles haviam deixado a atmosfera terrestre. Durante a experi\u00eancia, Jo\u00e3o perguntou v\u00e1rias vezes aos tripulantes sobre sua origem e n\u00e3o obtendo qualquer resposta. Entretanto, o Dr. Guimar\u00e3es recebeu diversas outras informa\u00e7\u00f5es dentro do objeto. Algumas das informa\u00e7\u00f5es recebidas dizem respeito a um sistema de prote\u00e7\u00e3o contra radia\u00e7\u00e3o, existente em torno da nave. Eis um trecho do relato do Sr. Jo\u00e3o de Freitas Guimar\u00e3es:<\/p>\n<p style=\"padding-left: 40px;\"><i>&#8220;Percebi que em certo ponto da viagem, atrav\u00e9s das janelas, que passamos por uma zona intensamente escura em que os astros brilhavam extraordinariamente, sucedendo-se a regi\u00f5es enxameadas de estrelas&#8230;&#8221;. &#8220;Seguiram-se novas \u00e1reas negras, at\u00e9 que atravessamos uma camada violeta fulgurante, quando o aparelho sofreu fortes sacudidas. Fui informado por um dos seres que a nave acabava de deixar a atmosfera da Terra&#8230;&#8221;. Os seres informaram que a nave era movida &#8220;no sentido da resultante da composi\u00e7\u00e3o das for\u00e7as magn\u00e9ticas daquele lugar&#8221;. A viagem a bordo do objeto durou aproximadamente 40 minutos, sendo a testemunha deixada no local onde a experi\u00eancia teve in\u00edcio. Antes de encerrar o passeio os tripulantes marcaram um novo contato com a testemunha para o dia 12 de agosto do ano seguinte (12 de agosto de 1957), no mesmo local e na mesma hora. Por diversos motivos, Jo\u00e3o de Freitas Guimar\u00e3es n\u00e3o compareceu \u00e0 este novo encontro. Como o caso j\u00e1 havia sido bastante divulgado publicamente foram organizadas diversas caravanas para o local onde o contato ocorreria. Um dos motivos alegados por Jo\u00e3o de Freitas Guimar\u00e3es para n\u00e3o comparecer ao encontro seria uma conversa que ele teve com o Coronel Aviador Coqueiro, da FAB que teria dito: &#8220;Se eu fosse voc\u00ea eu n\u00e3o iria a esse encontro. Terei l\u00e1 dois esquadr\u00f5es de ca\u00e7a a jato para receber o disco voador&#8221;. Estavam presentes no momento desta declara\u00e7\u00e3o o Dr. Gabriel Alca, seu irm\u00e3o e um escrevente do 5\u00ba Tabelionato de Santos. Tal intimida\u00e7\u00e3o foi not\u00edcia em mat\u00e9ria no jornal O Globo de 17 de agosto de 1957. A mat\u00e9ria informa ainda que no dia esperado do contato ca\u00e7as da FAB, modelos Gloster Bector, sobrevoaram a regi\u00e3o por volta das 17 horas. Mais tarde, tr\u00eas oficias da Base de Bocaina, Major Paulo Saloma, o 2\u00ba sargento e fot\u00f3grafo Francisco Teixeira e o comandante de esquadr\u00e3o Vieira de Almeira. Na data marcada pra um novo contato haviam algumas pessoas \u00e0 espera. Mais tarde, em entrevista \u00e0 emissoras de televis\u00e3o eles declararam que avistaram um objeto disc\u00f3ide que surgiu por tr\u00e1s da Ilha Bela, passando sobre S\u00e3o Sebasti\u00e3o e que seguiu em dire\u00e7\u00e3o \u00e0 Barraque\u00e7aba.<\/i><a name=\"documentos\"><\/a><\/p>\n<h3><\/h3>\n<h3><\/h3>\n<h3>Documentos oficiais<\/h3>\n<p>Na recente divulga\u00e7\u00e3o de documentos ufol\u00f3gicos da For\u00e7a A\u00e9rea Brasileira existem documentos sobre este caso. Eles podem ser acessados a partir do seguinte link:<\/p>\n<p><a href=\"https:\/\/www.fenomenum.com.br\/ufo\/governos\/documentos\/brasil\/1950\/1956\/guimaraes.pdf\" target=\"_blank\" rel=\"noopener\">Documentos da For\u00e7a A\u00e9rea Brasileira sobre o Caso Jo\u00e3o de Freitas Guimar\u00e3es<\/a><\/p>\n<\/div>\n<div><\/div>\n<div>\n<h3>Registros da SBEDV<\/h3>\n<p>Na recente divulga\u00e7\u00e3o de documentos<\/p>\n<\/div>\n<div>\n<p>A Sociedade Brasileira de Estudos de Discos Voadores (SBEDV) foi pioneira no estudo do fen\u00f4meno OVNI em territ\u00f3rio brasileiro, tenho investigado centenas de casos de contato imediato com tripulantes destes objetos. A maioria de suas pesquisas era publicada em um boletim informativo pr\u00f3prio, de periodicidade irregular, onde eram detalhados aspectos da pesquisa, do caso ocorrido e com depoimentos dos protagonistas dos casos apresentados. O Caso Jo\u00e3o de Freitas Guimar\u00e3es \u00e9 um dos in\u00fameros casos investigados pela SBEDV, sendo apresentado em v\u00e1rios boletins da entidade. O texto a seguir \u00e9 retirado do Boletim da SBEDV, n\u00ba 4. A linguagem original, utilizada no texto, com termos e regras gramaticais da \u00e9poca, foi mantida.<\/p>\n<p>&nbsp;<\/p>\n<p><b>Transcri\u00e7\u00e3o:<\/b><\/p>\n<p style=\"padding-left: 40px;\"><i>Em seguida vamos transcrever o relato do Sr. Prof. Jo\u00e3o de Freitas Guimar\u00e3es da sua viagem num Disco Voador, em entrevista concedida \u00e0 TV-13, na noite de 27 de agosto de 1957.<\/i><\/p>\n<p style=\"padding-left: 40px;\"><i>Relata o Prof. Jo\u00e3o de Freitas Guimar\u00e3es que fora \u00e0 S\u00e3o Sebasti\u00e3o \u00e0 servi\u00e7o de sua profiss\u00e3o, de vez que \u00e9 advogado militante. Encontrando o f\u00f3rum j\u00e1 fechado, jantou e p\u00f4s-se a passear pela praia, para fazer a digest\u00e3o. N\u00e3o pode precisar a hora, pois n\u00e3o tivera preocupa\u00e7\u00e3o de olhar o rel\u00f3gio, mas calcula que seriam 19:10 ou 19:15 hs.<\/i><\/p>\n<p style=\"padding-left: 40px;\"><i>O c\u00e9u estava encoberto, sombrio, sem luar. N\u00e3o havendo banco, sentou-se na praia, p\u00f4s as m\u00e3os sobre os joelhos e ficou olhando o mar, que estava bastante escuro. De repente, percebeu que a \u00e1gua clareava, no trecho compreendido entre Ilha Bela e S\u00e3o Sebasti\u00e3o. Em seguida, elevou-se um jato d&#8217;\u00e1gua, semelhante a um repuxo, o que o fez pensar numa baleia. Verificou, logo ap\u00f3s, que se tratava de um aparelho bojudo, que tomava dire\u00e7\u00e3o da praia.<\/i><\/p>\n<p style=\"padding-left: 40px;\"><i>Ao chegar ali, lan\u00e7ou um trem de aterragem, munido de esferas. Reparara bem que eram esferas e n\u00e3o b\u00f3ias. Do aludido aparelho saltaram, ent\u00e3o, dois homens, que caminharam ao seu encontro.<\/i><\/p>\n<p style=\"padding-left: 40px;\"><i>Eram duas criaturas humanas, ou pelo menos, tinham essa apar\u00eancia. Confessa que se assustara um pouco, porque estava s\u00f3. P\u00f4s-se, ent\u00e3o, de p\u00e9, e embora experimentasse um certo receio, n\u00e3o teve, contudo, vontade de fugir.<\/i><\/p>\n<p style=\"padding-left: 40px;\"><i>Pode verificar, agora, que se tratava de indiv\u00edduos altos (acima de 1,80 m), com cabelos louros e longos, tez clara e possuindo sobrancelhas. Usavam uma esp\u00e9cie de macac\u00e3o, de cor verde, estreitando-se ao n\u00edvel do pesco\u00e7o, dos punhos e dos tornozelos. Os olhos eram claros e tranquilos.<\/i><\/p>\n<p style=\"padding-left: 40px;\"><i>Perguntou-lhes o professor se teria havido algum incidente com o aparelho, ou se estavam \u00e0 procura de algu\u00e9m ali. N\u00e3o obteve resposta. Tentou ent\u00e3o falar-lhes em franc\u00eas, ingl\u00eas e italiano, mas ainda sem resultado desta vez.<\/i><\/p>\n<p style=\"padding-left: 40px;\"><i>Teve, em seguida, a impress\u00e3o de que era convidado a entrar no aparelho. N\u00e3o sabe explicar porque fora levado a admitir que o convidavam, mas o fato \u00e9 que assim o entendeu. Pareceu-lhe que eles usavam a linguagem telep\u00e1tica. Acrescentou que n\u00e3o \u00e9 cientista, que n\u00e3o se tem ocupado de assuntos dessa natureza, mas pelo que conhece a respeito, \u00e9 levado a admitir que eles empregavam esse meio de comunica\u00e7\u00e3o, embora verificasse, mais tarde, que eles eram dotados de voz articulada. Esclarece que nunca se ocupou da quest\u00e3o dos discos voadores. Por falta de tempo, desconhecia quase tudo a respeito desse assunto. Contudo, pareceu-lhe que aquele aparelho fosse uma dessas estranhas aeronaves. Sentindo que o convite perdurava, veio-lhe, ent\u00e3o, irresist\u00edvel vontade de conhec\u00ea-lo interiormente.<\/i><\/p>\n<p style=\"padding-left: 40px;\"><i>Um dos tripulantes tomou, em seguida, a dire\u00e7\u00e3o do aparelho, dando-lhe as costas. O Dr. Freitas Guimar\u00e3es segui-o sem relut\u00e2ncia, sendo acompanhado pelo outro tripulante. Ficou, assim, no meio de ambos.<\/i><\/p>\n<p style=\"padding-left: 40px;\"><i>O tripulante que ia \u00e0 frente, alcan\u00e7ou a parte inferior da nave, e nela subiu, segurando-se \u00e0 escada com apenas uma das m\u00e3os. O Dr. Freitas Guimar\u00e3es precisou do aux\u00edlio de ambas as m\u00e3os.<\/i><\/p>\n<p style=\"padding-left: 40px;\"><i>P\u00f4de o Dr. Guimar\u00e3es observar que havia na porta de entrada do disco um outro tripulante, que ali permanecera durante todo o tempo. Quando o segundo tripulante, que caminhava atr\u00e1s do entrevistado, penetrou no aparelho, reuniu-se \u00e0quele que ficara de p\u00e9, e a porta foi fechada.<\/i><\/p>\n<p style=\"padding-left: 40px;\"><i>Contou o professor que permanecera num \u00fanico compartimento, mas p\u00f4de verificar que havia outros, tamb\u00e9m iluminados.<\/i><\/p>\n<p style=\"padding-left: 40px;\"><i>Quando o aparelho se ergueu, notou que nas vigias havia \u00e1gua, como se estivesse chovendo. Fez, ent\u00e3o a pergunta: &#8220;Est\u00e1 chovendo?&#8221;, a qual foi-lhe respondida telepaticamente, por um dos tripulantes, de que n\u00e3o se tratava de chuva. Aquela \u00e1gua originava-se da rota\u00e7\u00e3o, em sentido contr\u00e1rio, da pe\u00e7as que compunham o disco. Em toda a volta do aparelho havia um tuo de filtra\u00e7\u00e3o de raios, que tinha a propriedade de fazer o semi-v\u00e1cuo em qualquer uma das suas partes.<\/i><\/p>\n<p style=\"padding-left: 40px;\"><i>Viu, atrav\u00e9s das vigias, e acima da Terra, uma zona intensamente escura, onde astros brilhavam de uma maneira extraordin\u00e1ria. Sucediam-se regi\u00f5es enxameadas de estrelas, que cintilavam com fulgor incompar\u00e1vel, e \u00e0s quais se seguiam novas zonas escuras. Atravessaram, em continua\u00e7\u00e3o, uma camada vileta e depois outra, de um violeta vivo, fulgurante. Nessa ocasi\u00e3o, sentiu que o aparelho se sacudia fortemente. Manifestou, por isso, certo receio. Disse-lhe, ent\u00e3o, telepaticamente, um dos tripulantes: &#8220;O aparelho acaba de deixar a atmosfera de seu planeta&#8221;.<\/i><\/p>\n<p style=\"padding-left: 40px;\"><i>Durante a viagem perguntara-lhe de onde eram eles originados, mas n\u00e3o obteve resposta. N\u00e3o sabe porque raz\u00e3o n\u00e3o quiseram se identificar. Quando soube que j\u00e1 estavam fora da atmosfera da Terra, ficou assombrado. Reparou que havia no compartimento onde se encontravam, um instrumento de forma circular, no qual se moviam tr\u00eas agulhas, muito sens\u00edveis e que j\u00e1 vinham trepidando. Ao deixarem a atmosfera da Terra, as referidas agulhas passaram a vibrar intensamente. Segundo foi-lhe explicado por um dos tripulantes, o aparelho era conduzido no sentido da resultante da composi\u00e7\u00e3o das for\u00e7as magn\u00e9ticas naquele lugar.<\/i><\/p>\n<p style=\"padding-left: 40px;\"><i>Os corpos que se incendiavam no espa\u00e7o, com colora\u00e7\u00e3o diversa, as nuvens irisadas que corriam velozmente, tudo aquilo constitu\u00eda um espet\u00e1culo indescrit\u00edvel. Ao voltarem, notou que o seu rel\u00f3gio havia parado. N\u00e3o p\u00f4de, pois, verificar quanto tempo estiveram em voo, mas estima-o em 30 ou 40 minutos. Foi ao hotel e teve vontade de gritar a todos a sua extraordin\u00e1ria experi\u00eancia.<\/i><\/p>\n<p style=\"padding-left: 40px;\"><i>Pareceu-lhe que h\u00e1, da parte dos tripulantes desta aeronave, um trabalho de investiga\u00e7\u00e3o junto aos habitantes do nosso planeta. Teve a impress\u00e3o de que eles desejam nos orientar sobre os perigos que amea\u00e7am a humanidade. Na opini\u00e3o d Prof. Freitas Guimar\u00e3es, o comportamento humano \u00e9 quase selvagem. Todo o homem nasceria bom, mas em virtude das condi\u00e7\u00f5es inerentes \u00e0 Terra, torna-se mau. H\u00e1 um conjunto de experimentos de ordem cient\u00edfica que est\u00e1 sendo tratado com leviandade. O emprego indiscriminado da bomba at\u00f4mica n\u00e3o provoca, apenas o aumento da ioniza\u00e7\u00e3o da Terra. Provoca, tamb\u00e9m, a destrui\u00e7\u00e3o de camadas da atmosfera que filtram raios perigosos. Se n\u00e3o houver mais cuidado no emprego desses terr\u00edveis engenhos, todos sofreremos as conseq\u00fc\u00eancias dessas explos\u00f5es.<\/i><\/p>\n<p style=\"padding-left: 40px;\"><i>Conta, ainda, o professor que este fato ocorreu h\u00e1 mais ou menos 14 meses e que, \u00e0 exce\u00e7\u00e3o de sua esposa, n\u00e3o relatara o caso a ningu\u00e9m. Contudo h\u00e1 mais ou menos 6 meses atr\u00e1s, flou sobre o mesmo a um Juiz em S\u00e3o Paulo, Dr. Alberto Franco. Contou-o, tamb\u00e9m, a um antigo advogado daquela capital, Dr. Nilson(?).<\/i><\/p>\n<p style=\"padding-left: 40px;\"><i>Durante um almo\u00e7o que se realizou na Associa\u00e7\u00e3o dos Advogados (?), viu uma panela de alum\u00ednio e fez, em torno da mesma, uma brincadeira alusiva aos discos voadores. Os seus colegas desconfiaram, ent\u00e3o, que ele devia saber algo a respeito dessas aeronaves, que tantos coment\u00e1rios tem despertado.<\/i><\/p>\n<p style=\"padding-left: 40px;\"><i>Mais tarde, narrou o acontecido a um amigo, Dr. Lincoln Feliciano &#8211; (?). Este, naturalmente, empolgado com a narrativa, transmitiu-a \u00e0 pessoa que escreveu o artigo que vem despertando todo esse rumor. Acrescenta que, a partir dessa \u00e9poca, n\u00e3o teve mais sossego. Tem sido muito assediado por todos os meios. Embora todos que o procuram sejam muito cordiais, torna-se contudo, dif\u00edcil, pare ele, explicar exatamente como o fato se passou. Usa, para exemplificar de uma imagem: algu\u00e9m que, durante uma estranha viagem, tivesse visto, pela primeira vez, uma m\u00e1quina pneum\u00e1tica e quisesse ao voltar, descrev\u00ea-la \u00e0 pessoas interessadas, mas que nada conheciam sobre a mesma. \u00c9 claro que n\u00e3o poderia faz\u00ea-lo com precis\u00e3o. Os fatos que testemunhou ultrapassam os seus conhecimentos.<\/i><\/p>\n<p style=\"padding-left: 40px;\"><i>Declarou em seguida, n\u00e3o ter sido o primeiro cidad\u00e3o da Terra a viajar naqueles engenhos. Informa haver recebido, ap\u00f3s a divulga\u00e7\u00e3o pela Imprensa, de sua aventura, uma rela\u00e7\u00e3o de obras sobre o assunto, em algumas das quais s\u00e3o narradas experi\u00eancias semelhantes \u00e0quela que viveu.<\/i><\/p>\n<p style=\"padding-left: 40px;\"><i>Perguntado sobre se sentira mal durante a viagem, respondeu que experimentara certo mal estar quando o disco levantara voo e tamb\u00e9m baixara. Sentira-e aflito com frio nas extremidades. Atribui isso a um nervosismo natural.<\/i><\/p>\n<p style=\"padding-left: 40px;\"><i>Declara que fora combinado um novo encontro com os tripulantes do aparelho para agosto deste ano: 12 de agosto de 1957.<\/i><\/p>\n<p style=\"padding-left: 40px;\"><i>Inquirido sobre a maneira como fora marcado aquele encontro, esclareceu que, durante a viagem, mostraram-lhe os tripulantes 12 constela\u00e7\u00f5es, que dispuseram sob a forma do Zod\u00edaco. Uma roda indicava o ano, e a repeti\u00e7\u00e3o de doze vezes o n\u00famero 8, deu-lhe a impress\u00e3o do m\u00eas de agosto. Desse modo, ele interpretou como sendo aquela data.<\/i><\/p>\n<p style=\"padding-left: 40px;\"><i>Consultado sobre os motivos que o teriam impedido de comparecer ao encontro combinado, respondeu que n\u00e3o poderia ter ido. Havia sido organizada uma caravana para assistir a entrevista, o que acarretaria grande tumulto. Al\u00e9m disso, havia perdido, naquele per\u00edodo, parentes pr\u00f3ximos. Fora tamb\u00e9m, procurado por um oficial da FAB, que lhe pedira que n\u00e3o fosse ao aludido encontro. Acresce, ainda, as circunst\u00e2ncias de a Aeron\u00e1utica haver enviado avi\u00f5es de ca\u00e7a, a jato, o que poderia ser causa de vivos incidentes. Se um daqueles aparelhos atingisse o disco, isso poderia parecer um ato de trai\u00e7\u00e3o, de sua parte. Considerar-se-ia desleal se contribu\u00edsse para criar uma situa\u00e7\u00e3o desagrad\u00e1vel para com aqueles seres, que foram t\u00e3o atenciosos para com ele. Confessa ser mais prudente do que curioso. Conclui dizendo que se encontrava em plena consci\u00eancia e que est\u00e1 seguro de que n\u00e3o foi v\u00edtima de uma alucina\u00e7\u00e3o. Diz ser idealista, mas pr\u00e1tico.<\/i><\/p>\n<\/div>\n<p>&nbsp;<\/p>\n<h3>Entrevista \u00e0 SBEDV<\/h3>\n<p><b>Parece que h\u00e1 multiplicidade de formas de Discos Voadores. H\u00e1 not\u00edcias de formas de Discos Voadores que coincidem com o Disco Voador visto por V. Excia. na praia de S\u00e3o Sebasti\u00e3o?<\/b><\/p>\n<p style=\"padding-left: 40px;\">Sim. O pr\u00f3prio Disco fotografado por Almiro Bara\u00fana sobre a Ilha de Trindade, cujas fotografias tive a oportunidade de ver por ocasi\u00e3o de uma visita que fiz ao navio escola Almirante Saldanha da Gama, \u00e0 convite da pr\u00f3pria oficialidade transmitido por interm\u00e9dio do Dr. Vasconcelos, ao tempo, em servi\u00e7o na capitania dos portos desta cidade de Santos, e que ali\u00e1s esteve presente a toda a entrevista que durou cerca de 4 (quatro) horas. Foram-me exibidas 6 (seis) fotografias se n\u00e3o me falha a mem\u00f3ria, sucessivas, demonstrando que se fotografou o aparelho no curso de seu deslocamento. Tamb\u00e9m o Disco Voador fotografado do Alto da Boa Vista ( O Cruzeiro de 16 de agosto de 1958) tinha a mesma forma daquele com o qual mantive contato. Todos os dois, ali\u00e1s, tanto o da Ilha de Trindade, como o fotografado no Alto da Boa Vista, s\u00e3o id\u00eanticos, quanto a forma, ao que tive oportunidade de desenhar e correspondem ao que conheci nas praias de S\u00e3o Sebasti\u00e3o em 1956, em 16 de junho, ocorr\u00eancia divulgada em 1957, 3 semanas antes da data que havia sido ajustada com os tripulantes para um novo encontro. Esta deveria realizar-se no dia 12 de agosto de 1957, quando, j\u00e1 porque o Cel. Coqueiro, na presen\u00e7a do Dr. Gabriel Alca, do irm\u00e3o deste, de um escrevente do 5\u00b0 Tabeli\u00e3o de Santos e do meu pr\u00f3prio filho, depois de ele, Cel Coqueiro, dizer, frente ao desenho que fiz daquele aparelho, que nos arquivos da FAB, havia fotografia id\u00eantica ao desenho, disse textualmente:<\/p>\n<p style=\"padding-left: 40px;\"><i>&#8220;Eu, se fosse o senhor, n\u00e3o iria a este encontro. Terei l\u00e1 2 (dois) esquadr\u00f5es de ca\u00e7a a jato, para receber o disco voador&#8221;<\/i>\u00a0e j\u00e1 porque, ainda a v\u00e9spera do dia 12 de agosto de 1957 estivesse eu ocupado com a morte da m\u00e3e do meu sogro, e tamb\u00e9m esgotado com a aten\u00e7\u00e3o que tive que dar a rep\u00f3rteres de todo o pa\u00eds, quer durante o dia, quer durante a noite, e as vezes madrugada adentro, e ainda pela circunst\u00e2ncia de se anunciar que a grande massa de povo se deslocava a S\u00e3o Sebasti\u00e3o, resolvi n\u00e3o ir ao local do encontro.<\/p>\n<p style=\"padding-left: 40px;\">Mas soube por pessoas que deram testemunho p\u00fablico, na TV Tupi da Capital (S\u00e3o Paulo) que o disco voador passou por S\u00e3o Sebasti\u00e3o, de modo s\u00f3 para mim significativo, pois passara na praia de Baraque\u00e7aba, onde se localizavam as Terras que o meu Luis Rodan, disputava judicialmente, no Forum da Comarca de S\u00e3o Sebasti\u00e3o, contra seu s\u00f3cio Felipe Genciano Bueno, guarda da Alf\u00e2ndega de Santos.. Viram aquelas testemunhas o aparelho sair por tr\u00e1s da Ilha Bela, e tomar a dire\u00e7\u00e3o da praia de Baraque\u00e7aba, como contaram na TV Tupi, indicando ainda nomes de outras pessoas que presenciaram este fato. Ali\u00e1s, estas pessoas gravaram em aparelho pr\u00f3prio as tentativas de liga\u00e7\u00e3o telef\u00f4nica para S\u00e3o Paulo, quando estiveram em S\u00e3o Sebasti\u00e3o e com o objetivo de inform\u00e1-la de que tinham visto o aparelho em S\u00e3o Sebasti\u00e3o, a praia de Baraque\u00e7aba. N\u00e3o conseguindo a liga\u00e7\u00e3o telef\u00f4nica com a Tupi, obtiveram-na com a R\u00e1dio Cultura de S\u00e3o Paulo e chamaram pelo Sr. Paulo Mansur e dali responderam que este n\u00e3o estava, desligando logo o telefone, enquanto os interessados ficavam dizendo &#8220;al\u00f4&#8230; al\u00f4&#8230;&#8221;. Tudo se ouve perfeitamente na grava\u00e7\u00e3o que a despeito de ter sido levada, posteriormente a Tupi de S\u00e3o Paulo, n\u00e3o foi por esta irradiada, como se pediu e esperava, porque foi prometido \u00e0s testemunhas.<\/p>\n<p><b>Porque o senhor n\u00e3o relatou tudo isto \u00e0 Imprensa? Ou n\u00e3o fez publica\u00e7\u00f5es a respeito?<\/b><\/p>\n<p style=\"padding-left: 40px;\">N\u00e3o deixei de, verbalmente, fazer as refer\u00eancias a tais fatos, a um n\u00famero restrito de pessoas. Mas a divulga\u00e7\u00e3o ampla n\u00e3o a fiz porque contava se n\u00e3o com o desinteresse de muitos, com o descr\u00e9dito de quase todos, quanto aos Discos Voadores, assunto que para mim era de suma import\u00e2ncia, mas para cujo trato sentia que muitos poucos estavam habilitados. Nada escrevi, em tal sentido, porque como se anunciava, tudo teria objetivo de propaganda livresca, ou de lan\u00e7amento pessoal com fins pol\u00edticos. A maneira pela qual o assunto foi tratado pela imprensa, de um modo geral, se orientou no sentido de ridicularizar ou comprometer a minha pessoa, pela deturpa\u00e7\u00e3o dos fatos e a atribui\u00e7\u00e3o de ouros que n\u00e3o referi, tudo isto, parece, que para confundir a opini\u00e3o p\u00fablica, que tinha na ocasi\u00e3o o direito de ser perfeitamente esclarecida. Dada a realidade do fato, este mereceria chegar ao conhecimento do povo sem altera\u00e7\u00f5es, e sem que outros prop\u00f3sitos ocultos ou incompreens\u00edveis, viessem a prejudicar o exame criterioso da mat\u00e9ria, que ali\u00e1s n\u00e3o era desconhecida em nosso pa\u00eds. Por que n\u00e3o s\u00e3o publicadas as fotografias existentes nos arquivos da For\u00e7a A\u00e9rea Brasileira, que as tem, segundo informa\u00e7\u00e3o do Cel. Coqueiro, em presen\u00e7a do Sr. Gabriel Alca e outros dando-se \u00e0 publica\u00e7\u00e3o, o car\u00e1ter de repert\u00f3rio sobre Discos Voadores?<\/p>\n<p style=\"padding-left: 40px;\">O que mais lastimo \u00e9 que pessoas que julgava cultas, se revelassem incapazes de admitir o assunto, ao menos com a seriedade do pesquisador que admite a hip\u00f3tese. Desta forma toda a ilustrada convic\u00e7\u00e3o contr\u00e1ria \u00e0 realidade do fato, vinha autorizada e consagrada no sorriso est\u00fapido.<\/p>\n<p><b>Haveria coincid\u00eancia entre a descri\u00e7\u00e3o do aspecto do Cosmo feita por Gagarin com as que foram feitas pelo senhor?<\/b><\/p>\n<p style=\"padding-left: 40px;\">H\u00e1 inteira concord\u00e2ncia entre a descri\u00e7\u00e3o de Gagarin e a que foi v\u00e1rios (4) anos antes, o que pode ser verificado do respectivo confronto das declara\u00e7\u00f5es daquele cosmonauta, divulgadas na Imprensa, e as que fiz publicar no natal de 1959, na revista &#8220;Monismo&#8221;, no N\u00facleo Ubaldino de Metaf\u00edsica a pedido. A publica\u00e7\u00e3o referente a Gagarim pode ser encontrada na 1\u00aa edi\u00e7\u00e3o da Folha de S\u00e3o Paulo, de 14 de abril de 1961. N\u00e3o \u00e9 poss\u00edvel conforme o afastamento da Terra, seja muito grande, saber-se onde est\u00e1 o Sol, pela simples procura de sua luz t\u00edpica, alaranjado carregando, pr\u00f3ximo a Terra, cor de ouro a cerca de mais ou menos 200 km. de afastamento e, depois de um afastamento muito maior, n\u00e3o se v\u00ea mais tal cor na luz do Sol, n\u00e3o se sabendo mais o que seja ou n\u00e3o, e onde esteja o nosso Sol, tranq\u00fcilizador para quem se afasta da Terra.<\/p>\n<p>&nbsp;<\/p>\n<div id=\"attachment_1688\" style=\"width: 1034px\" class=\"wp-caption aligncenter\"><img aria-describedby=\"caption-attachment-1688\" loading=\"lazy\" class=\"wp-image-1688 size-full\" src=\"https:\/\/www.fenomenum.com.br\/novo\/wp-content\/uploads\/2022\/02\/saosebastiao.png\" alt=\"\" width=\"1024\" height=\"691\" srcset=\"https:\/\/www.fenomenum.com.br\/novo\/wp-content\/uploads\/2022\/02\/saosebastiao.png 1024w, https:\/\/www.fenomenum.com.br\/novo\/wp-content\/uploads\/2022\/02\/saosebastiao-400x270.png 400w, https:\/\/www.fenomenum.com.br\/novo\/wp-content\/uploads\/2022\/02\/saosebastiao-650x439.png 650w, https:\/\/www.fenomenum.com.br\/novo\/wp-content\/uploads\/2022\/02\/saosebastiao-250x169.png 250w, https:\/\/www.fenomenum.com.br\/novo\/wp-content\/uploads\/2022\/02\/saosebastiao-768x518.png 768w, https:\/\/www.fenomenum.com.br\/novo\/wp-content\/uploads\/2022\/02\/saosebastiao-150x101.png 150w, https:\/\/www.fenomenum.com.br\/novo\/wp-content\/uploads\/2022\/02\/saosebastiao-50x34.png 50w, https:\/\/www.fenomenum.com.br\/novo\/wp-content\/uploads\/2022\/02\/saosebastiao-100x67.png 100w, https:\/\/www.fenomenum.com.br\/novo\/wp-content\/uploads\/2022\/02\/saosebastiao-200x135.png 200w, https:\/\/www.fenomenum.com.br\/novo\/wp-content\/uploads\/2022\/02\/saosebastiao-300x202.png 300w, https:\/\/www.fenomenum.com.br\/novo\/wp-content\/uploads\/2022\/02\/saosebastiao-350x236.png 350w, https:\/\/www.fenomenum.com.br\/novo\/wp-content\/uploads\/2022\/02\/saosebastiao-450x304.png 450w, https:\/\/www.fenomenum.com.br\/novo\/wp-content\/uploads\/2022\/02\/saosebastiao-500x337.png 500w, https:\/\/www.fenomenum.com.br\/novo\/wp-content\/uploads\/2022\/02\/saosebastiao-550x371.png 550w, https:\/\/www.fenomenum.com.br\/novo\/wp-content\/uploads\/2022\/02\/saosebastiao-800x540.png 800w\" sizes=\"(max-width: 1024px) 100vw, 1024px\" \/><p id=\"caption-attachment-1688\" class=\"wp-caption-text\">A cidade de S\u00e3o Sebasti\u00e3o, destacada em vermelho no mapa de S\u00e3o Paulo.<\/p><\/div>\n<p>&nbsp;<\/p>\n<div id=\"attachment_2533\" style=\"width: 210px\" class=\"wp-caption aligncenter\"><img aria-describedby=\"caption-attachment-2533\" loading=\"lazy\" class=\"wp-image-2533 size-full\" src=\"https:\/\/www.fenomenum.com.br\/novo\/wp-content\/uploads\/2022\/02\/joaodefreitasguimaraes.jpg\" alt=\"\" width=\"200\" height=\"350\" srcset=\"https:\/\/www.fenomenum.com.br\/novo\/wp-content\/uploads\/2022\/02\/joaodefreitasguimaraes.jpg 200w, https:\/\/www.fenomenum.com.br\/novo\/wp-content\/uploads\/2022\/02\/joaodefreitasguimaraes-150x263.jpg 150w, https:\/\/www.fenomenum.com.br\/novo\/wp-content\/uploads\/2022\/02\/joaodefreitasguimaraes-50x88.jpg 50w, https:\/\/www.fenomenum.com.br\/novo\/wp-content\/uploads\/2022\/02\/joaodefreitasguimaraes-100x175.jpg 100w\" sizes=\"(max-width: 200px) 100vw, 200px\" \/><p id=\"caption-attachment-2533\" class=\"wp-caption-text\">Jo\u00e3o de Freitas Guimar\u00e3es.<\/p><\/div>\n<p>&nbsp;<\/p>\n<div id=\"attachment_1685\" style=\"width: 390px\" class=\"wp-caption aligncenter\"><img aria-describedby=\"caption-attachment-1685\" loading=\"lazy\" class=\"wp-image-1685 size-full\" src=\"https:\/\/www.fenomenum.com.br\/novo\/wp-content\/uploads\/2022\/02\/guimaraes0001.jpg\" alt=\"\" width=\"380\" height=\"280\" srcset=\"https:\/\/www.fenomenum.com.br\/novo\/wp-content\/uploads\/2022\/02\/guimaraes0001.jpg 380w, https:\/\/www.fenomenum.com.br\/novo\/wp-content\/uploads\/2022\/02\/guimaraes0001-250x184.jpg 250w, https:\/\/www.fenomenum.com.br\/novo\/wp-content\/uploads\/2022\/02\/guimaraes0001-150x111.jpg 150w, https:\/\/www.fenomenum.com.br\/novo\/wp-content\/uploads\/2022\/02\/guimaraes0001-50x37.jpg 50w, https:\/\/www.fenomenum.com.br\/novo\/wp-content\/uploads\/2022\/02\/guimaraes0001-100x74.jpg 100w, https:\/\/www.fenomenum.com.br\/novo\/wp-content\/uploads\/2022\/02\/guimaraes0001-200x147.jpg 200w, https:\/\/www.fenomenum.com.br\/novo\/wp-content\/uploads\/2022\/02\/guimaraes0001-300x221.jpg 300w, https:\/\/www.fenomenum.com.br\/novo\/wp-content\/uploads\/2022\/02\/guimaraes0001-350x258.jpg 350w\" sizes=\"(max-width: 380px) 100vw, 380px\" \/><p id=\"caption-attachment-1685\" class=\"wp-caption-text\">Representa\u00e7\u00e3o dos momentos iniciais do contato.<\/p><\/div>\n<p>&nbsp;<\/p>\n<div id=\"attachment_1689\" style=\"width: 193px\" class=\"wp-caption aligncenter\"><img aria-describedby=\"caption-attachment-1689\" loading=\"lazy\" class=\"wp-image-1689 size-full\" src=\"https:\/\/www.fenomenum.com.br\/novo\/wp-content\/uploads\/2022\/02\/tipologia.jpg\" alt=\"\" width=\"183\" height=\"297\" srcset=\"https:\/\/www.fenomenum.com.br\/novo\/wp-content\/uploads\/2022\/02\/tipologia.jpg 183w, https:\/\/www.fenomenum.com.br\/novo\/wp-content\/uploads\/2022\/02\/tipologia-150x243.jpg 150w, https:\/\/www.fenomenum.com.br\/novo\/wp-content\/uploads\/2022\/02\/tipologia-50x81.jpg 50w, https:\/\/www.fenomenum.com.br\/novo\/wp-content\/uploads\/2022\/02\/tipologia-100x162.jpg 100w\" sizes=\"(max-width: 183px) 100vw, 183px\" \/><p id=\"caption-attachment-1689\" class=\"wp-caption-text\">Tipo f\u00edsico dos tripulantes do caso Jo\u00e3o de Freitas Guimar\u00e3es.<\/p><\/div>\n<div><\/div>\n<div><\/div>\n<div>\n<div id=\"attachment_2530\" style=\"width: 1034px\" class=\"wp-caption aligncenter\"><img aria-describedby=\"caption-attachment-2530\" loading=\"lazy\" class=\"wp-image-2530 size-large\" src=\"https:\/\/www.fenomenum.com.br\/novo\/wp-content\/uploads\/2022\/02\/PICT0116-1024x682.jpg\" alt=\"\" width=\"1024\" height=\"682\" \/><p id=\"caption-attachment-2530\" class=\"wp-caption-text\">Jo\u00e3o de Freitas Guimar\u00e3es na \u00e9poca do seu contato. No lado esquerdo, o desenho por ele feito representando o objeto e elementos internos do aparelho. Fotografia do acervo original da SBEDV.<\/p><\/div>\n<p>&nbsp;<\/p>\n<div id=\"attachment_2531\" style=\"width: 692px\" class=\"wp-caption aligncenter\"><img aria-describedby=\"caption-attachment-2531\" loading=\"lazy\" class=\"wp-image-2531 size-large\" src=\"https:\/\/www.fenomenum.com.br\/novo\/wp-content\/uploads\/2022\/02\/PICT0255-scaled-e1646690283684-682x1024.jpg\" alt=\"\" width=\"682\" height=\"1024\" \/><p id=\"caption-attachment-2531\" class=\"wp-caption-text\">Jo\u00e3o de Freitas Guimar\u00e3es fazendo um desenho do objeto por ele observado para o jornalista Jo\u00e3o de Freitas Guimar\u00e3es.<\/p><\/div>\n<\/div>\n<div><\/div>\n<div>\n<div id=\"attachment_2532\" style=\"width: 1034px\" class=\"wp-caption aligncenter\"><img aria-describedby=\"caption-attachment-2532\" loading=\"lazy\" class=\"wp-image-2532 size-large\" src=\"https:\/\/www.fenomenum.com.br\/novo\/wp-content\/uploads\/2022\/02\/PICT0275-1024x682.jpg\" alt=\"\" width=\"1024\" height=\"682\" \/><p id=\"caption-attachment-2532\" class=\"wp-caption-text\">Representa\u00e7\u00e3o do disco voador observado por Jo\u00e3o de Freitas Guimar\u00e3es.<\/p><\/div>\n<\/div>\n<div><\/div>\n<div>\n<div id=\"attachment_2534\" style=\"width: 722px\" class=\"wp-caption aligncenter\"><img aria-describedby=\"caption-attachment-2534\" loading=\"lazy\" class=\"wp-image-2534 size-full\" src=\"https:\/\/www.fenomenum.com.br\/novo\/wp-content\/uploads\/2022\/02\/disco-voador-e1636470269846.jpg\" alt=\"\" width=\"712\" height=\"523\" srcset=\"https:\/\/www.fenomenum.com.br\/novo\/wp-content\/uploads\/2022\/02\/disco-voador-e1636470269846.jpg 712w, https:\/\/www.fenomenum.com.br\/novo\/wp-content\/uploads\/2022\/02\/disco-voador-e1636470269846-400x294.jpg 400w, https:\/\/www.fenomenum.com.br\/novo\/wp-content\/uploads\/2022\/02\/disco-voador-e1636470269846-650x477.jpg 650w, https:\/\/www.fenomenum.com.br\/novo\/wp-content\/uploads\/2022\/02\/disco-voador-e1636470269846-250x184.jpg 250w, https:\/\/www.fenomenum.com.br\/novo\/wp-content\/uploads\/2022\/02\/disco-voador-e1636470269846-150x110.jpg 150w, https:\/\/www.fenomenum.com.br\/novo\/wp-content\/uploads\/2022\/02\/disco-voador-e1636470269846-50x37.jpg 50w, https:\/\/www.fenomenum.com.br\/novo\/wp-content\/uploads\/2022\/02\/disco-voador-e1636470269846-100x73.jpg 100w, https:\/\/www.fenomenum.com.br\/novo\/wp-content\/uploads\/2022\/02\/disco-voador-e1636470269846-200x147.jpg 200w, https:\/\/www.fenomenum.com.br\/novo\/wp-content\/uploads\/2022\/02\/disco-voador-e1636470269846-300x220.jpg 300w, https:\/\/www.fenomenum.com.br\/novo\/wp-content\/uploads\/2022\/02\/disco-voador-e1636470269846-350x257.jpg 350w, https:\/\/www.fenomenum.com.br\/novo\/wp-content\/uploads\/2022\/02\/disco-voador-e1636470269846-450x331.jpg 450w, https:\/\/www.fenomenum.com.br\/novo\/wp-content\/uploads\/2022\/02\/disco-voador-e1636470269846-500x367.jpg 500w, https:\/\/www.fenomenum.com.br\/novo\/wp-content\/uploads\/2022\/02\/disco-voador-e1636470269846-550x404.jpg 550w\" sizes=\"(max-width: 712px) 100vw, 712px\" \/><p id=\"caption-attachment-2534\" class=\"wp-caption-text\">Jornal da \u00e9poca noticiando o fato.<\/p><\/div>\n<\/div>\n<h2>Refer\u00eancias:<\/h2>\n<hr \/>\n<ol>\n<li>BULHER, Walter e PEREIRA, Guilherme. O Livro Branco dos Discos Voadores. Petr\u00f3polis: Ed. Vozes, 1983.<\/li>\n<li>PEREIRA, Jader. Tipologia dos human\u00f3ides extraterrestres. Cole\u00e7\u00e3o Biblioteca UFO, n\u00ba 1, Mar\u00e7o 1991.<\/li>\n<li>Boletim da Sociedade Brasileira de Estudos de Discos Voadores &#8211; Edi\u00e7\u00e3o 04<\/li>\n<li>Boletim da Sociedade Brasileira de Estudos de Discos Voadores &#8211; Edi\u00e7\u00e3o 18<\/li>\n<li>Boletim da Sociedade Brasileira de Estudos de Discos Voadores &#8211; Edi\u00e7\u00e3o 19-20<\/li>\n<li>Boletim da Sociedade Brasileira de Estudos de Discos Voadores &#8211; Edi\u00e7\u00e3o 22-23<\/li>\n<li>Boletim da Sociedade Brasileira de Estudos de Discos Voadores &#8211; Edi\u00e7\u00e3o 31-35<\/li>\n<li>Boletim da Sociedade Brasileira de Estudos de Discos Voadores &#8211; Edi\u00e7\u00e3o 1975<\/li>\n<li>SBEDV. Contatos com extraterrestres no Brasil. Revista UFO, Campo Grande, n\u00ba 2, p.15 p.17, abril 1988.<\/li>\n<li>EQUIPE UFO. Uma viagem ao espa\u00e7o dentro de um disco voador, Revista UFO, Campo Grande, n\u00ba 11 p.11, agosto 1990.<\/li>\n<li><a href=\"https:\/\/www.fenomenum.com.br\/ufo\/governos\/documentos\/brasil\/1950\/1956\/guimaraes.pdf\" target=\"_blank\" rel=\"noopener\">Documentos da For\u00e7a A\u00e9rea Brasileira sobre o Caso Jo\u00e3o de Freitas Guimar\u00e3es<\/a><\/li>\n<li><a href=\"http:\/\/www.viafanzine.jor.br\/site_vf\/ufovia\/classicos.htm\" target=\"_blank\" rel=\"noopener\">http:\/\/www.viafanzine.jor.br\/site_vf\/ufovia\/classicos.htm<\/a><\/li>\n<li><a href=\"http:\/\/www.portalufonet.com\/news\/ufos_nos_oceanos.htm\" target=\"_blank\" rel=\"noopener\">http:\/\/www.portalufonet.com\/news\/ufos_nos_oceanos.htm<\/a><\/li>\n<li><a href=\"http:\/\/www.ufo.com.br\/index.php?arquivo=notComp.php&amp;id=987\" target=\"_blank\" rel=\"noopener\">http:\/\/www.ufo.com.br\/index.php?arquivo=notComp.php&amp;id=987<\/a><\/li>\n<li><a href=\"http:\/\/www.interstellar-travel.com\/library\/humanoids\/3-GC64-1.cfm\" target=\"_blank\" rel=\"noopener\">http:\/\/www.interstellar-travel.com\/library\/humanoids\/3-GC64-1.cfm<\/a><\/li>\n<li><a href=\"http:\/\/ufoactivity.blogspot.com\/2007\/09\/espcies-j-classificadas-parte-1.html\" target=\"_blank\" rel=\"noopener\">http:\/\/ufoactivity.blogspot.com\/2007\/09\/espcies-j-classificadas-parte-1.html<\/a><\/li>\n<li><a href=\"http:\/\/zetas.bloguepessoal.com\/20054\/Abduzidos-e-contactados-diferenca-basica\/\" target=\"_blank\" rel=\"noopener\">http:\/\/zetas.bloguepessoal.com\/20054\/Abduzidos-e-contactados-diferenca-basica\/<\/a><\/li>\n<li><a href=\"http:\/\/www.mensageirosdoceu.net\/contatos04.html\" target=\"_blank\" rel=\"noopener\">http:\/\/www.mensageirosdoceu.net\/contatos04.html<\/a><\/li>\n<li><a href=\"http:\/\/www.amora.cap.ufrgs.br\/amadis_amora_projetos\/paginas\/projeto_348\/abduzido_um_homem.htm\" target=\"_blank\" rel=\"noopener\">http:\/\/www.amora.cap.ufrgs.br\/amadis_amora_projetos\/paginas\/projeto_348\/abduzido_um_homem.htm<\/a><\/li>\n<li><a href=\"http:\/\/www.bluebookarchive.org\/page.aspx?pagecode=MISC-AFOSR4-388&amp;tab=2\" target=\"_blank\" rel=\"noopener\">http:\/\/www.bluebookarchive.org\/page.aspx?pagecode=MISC-AFOSR4-388&amp;tab=2<\/a><\/li>\n<\/ol>\n<div><\/div>\n<div><\/div>\n<div><\/div>\n","protected":false},"excerpt":{"rendered":"<p>O advogado Jo\u00e3o de Freitas Guimar\u00e3es teve um contato amistoso com tripulantes de um disco voador, na regi\u00e3o de Caraguatatuba, litoral de S\u00e3o Paulo. Em dia 16 de julho de 1956, o advogado Jo\u00e3o de Freitas Guimar\u00e3es estava em Caraguatatuba, por ocasi\u00e3o de uma viagem a servi\u00e7o. Ao chegar na cidade, encontrou o f\u00f3rum c\u00edvel [&hellip;]<\/p>\n","protected":false},"author":4,"featured_media":1690,"comment_status":"open","ping_status":"open","sticky":false,"template":"","format":"standard","meta":{"inline_featured_image":false},"categories":[129,105],"tags":[],"_links":{"self":[{"href":"https:\/\/www.fenomenum.com.br\/novo\/wp-json\/wp\/v2\/posts\/1684"}],"collection":[{"href":"https:\/\/www.fenomenum.com.br\/novo\/wp-json\/wp\/v2\/posts"}],"about":[{"href":"https:\/\/www.fenomenum.com.br\/novo\/wp-json\/wp\/v2\/types\/post"}],"author":[{"embeddable":true,"href":"https:\/\/www.fenomenum.com.br\/novo\/wp-json\/wp\/v2\/users\/4"}],"replies":[{"embeddable":true,"href":"https:\/\/www.fenomenum.com.br\/novo\/wp-json\/wp\/v2\/comments?post=1684"}],"version-history":[{"count":1,"href":"https:\/\/www.fenomenum.com.br\/novo\/wp-json\/wp\/v2\/posts\/1684\/revisions"}],"predecessor-version":[{"id":6807,"href":"https:\/\/www.fenomenum.com.br\/novo\/wp-json\/wp\/v2\/posts\/1684\/revisions\/6807"}],"wp:featuredmedia":[{"embeddable":true,"href":"https:\/\/www.fenomenum.com.br\/novo\/wp-json\/wp\/v2\/media\/1690"}],"wp:attachment":[{"href":"https:\/\/www.fenomenum.com.br\/novo\/wp-json\/wp\/v2\/media?parent=1684"}],"wp:term":[{"taxonomy":"category","embeddable":true,"href":"https:\/\/www.fenomenum.com.br\/novo\/wp-json\/wp\/v2\/categories?post=1684"},{"taxonomy":"post_tag","embeddable":true,"href":"https:\/\/www.fenomenum.com.br\/novo\/wp-json\/wp\/v2\/tags?post=1684"}],"curies":[{"name":"wp","href":"https:\/\/api.w.org\/{rel}","templated":true}]}}