{"id":1806,"date":"2022-02-26T18:37:04","date_gmt":"2022-02-26T21:37:04","guid":{"rendered":"https:\/\/www.fenomenum.com.br\/novo\/?p=1806"},"modified":"2025-04-21T12:33:58","modified_gmt":"2025-04-21T15:33:58","slug":"o-intrigante-caso-domstein","status":"publish","type":"post","link":"https:\/\/www.fenomenum.com.br\/novo\/o-intrigante-caso-domstein\/","title":{"rendered":"O Intrigante Caso Domstein"},"content":{"rendered":"<section id=\"inner-headline\">\n<div class=\"container\">\n<div class=\"row\">\n<div id=\"resumo\" class=\"resumo\" style=\"padding-left: 40px;\"><strong>Outro importante caso da d\u00e9cada de 1950 caracterizado por um ataque por parte de tripulantes de OVNIs ocorrido em Domstein, em 20 de dezembro de 1958.<\/strong><\/div>\n<\/div>\n<\/div>\n<\/section>\n<div>\n<hr \/>\n<\/div>\n<div>\n<p>Em 20 de dezembro de 1958, ocorreu um importante caso ufol\u00f3gico em Domstein, na Su\u00e9cia. Hans Gustafsson (25) e Styg Rydberg (30) voltavam de um baile ocorrido em Hoganas. Por volta das 3 horas da manh\u00e3, j\u00e1 pr\u00f3ximo \u00e0 Domstein, eles perceberam uma luz estranha atrav\u00e9s de uma clareira nas \u00e1rvores. Com a curiosidade agu\u00e7ada, eles sa\u00edram de seu autom\u00f3vel e se dirigiram em dire\u00e7\u00e3o a essa luz. Eles andaram aproximadamente uns 10 metros e puderam distinguir um objeto em forma de disco repousando sobre tr\u00eas hastes, com um di\u00e2metro aproximado de 4 a 5 metros e com uma altura de cerca de 1 metro. Ele era brilhante, mas n\u00e3o era nem ofuscante nem estava quente. No centro desta luminesc\u00eancia, julgaram distinguir um ponto mais sombrio.<\/p>\n<p>Em artigos publicados pelos peri\u00f3dicos: &#8220;Dagblad&#8221; e pelo &#8220;Svenska Dagbladet&#8221;, de Helsingborg, pelo &#8220;Tidningen e pelo &#8220;Dagens Nyheter&#8221; de Estocolmo:<\/p>\n<p>&#8220;Repentinamente, fomos atacados por quatro criaturas de cor cinza-chumbo, com cerca de 1,20 m de altura e 35 cm de largura. N\u00e3o pareciam ter membros e lembravam quilhas ou &#8220;muffins&#8221; (bolo ingl\u00eas para o cha) mas quando nos atacaram pegaram-nos firmemente e tentaram nos jogar para a sua maquina. Era dif\u00edcil nos defendermo-nos porque n\u00e3o pod\u00edamos enfrentar estas criaturas que tinham a consist\u00eancia de um bloco de gelo. Quando tentei me desprender, meu bra\u00e7o direito mergulhou at\u00e9 o cotovelo de uma delas. Fediam como velhos p\u00e2ntanos\u201d.<\/p>\n<p>Segundo Gustavsson:<\/p>\n<p>&#8220;Em um momento os quatro se lan\u00e7aram contra mim. Ainda \u00e9 dif\u00edcil, atualmente, tentar explicar isto a mim pr\u00f3prio, mas tive a n\u00edtida impress\u00e3o de que estas &#8220;coisas\u201d podiam ler os meus pensamentos. Na fra\u00e7\u00e3o de segundo que precedeu o momento em que tentei atac\u00e1-los, pararam o ataque que eu estava em vias de lhes fazer. Sua for\u00e7a f\u00edsica n\u00e3o era grande, mas eles estavam bem treinados para a luta. Felizmente para mim, havia uma placa Indicadora de um parque de camping perto do local onde me encontrava e apertei os meus bra\u00e7os em volta dela: era a minha \u00fanica chance\u201d.<\/p>\n<p>Rydberg continuou:<\/p>\n<p>&#8220;Calculamos que esta luta durou entre quatro a sete minutos. As criaturas concentraram os seus esfor\u00e7os em Hans e subitamente me achei livre, deram-me um descanso. Aproveitei a ocasi\u00e3o para correr para o autom\u00f3vel e comecei a buzinar. Olhei atrav\u00e9s do p\u00e1ra-brisas e vi Hans no cimo de um poste e estas criaturas agarradas a ele para que o largasse. Ele se agarrava no poste e eles puxavam horizontalmente. Logo que a buzina come\u00e7ou a fazer barulho, deixaram-no e ele caiu no solo sofrendo um ferimento. Corri para ele e, neste momento, o aparelho subiu nos ares; sua luz se tornou mais intensa e tomamos ent\u00e3o consci\u00eancia de um cheiro que nos lembrou ao mesmo tempo o \u00e9ter e salsichas queimadas. Mas o que mais nos chamou a aten\u00e7\u00e3o foi o som emitido pelo objeto: um som intenso, agudo, forte que mais se sentia do que se ouvia. Quando o objeto decolou, eu correndo e Hans estendido por terra, fomos sacudidos por fortes vibra\u00e7\u00f5es extremamente r\u00e1pidas que nos paralisaram por completo&#8221;.<\/p>\n<p>Gustavsson calculou que a maquina descreveu uma curva acima da \u00e1gua (ponta de Oresund, lado Kattegat), contudo, Rydberg pensou que ele subiu reto em dire\u00e7\u00e3o ao c\u00e9u. Interessante que no decorrer de seus interrogat\u00f3rios ambos estavam no limite da histeria e que se puseram os dois a chorar sem parar quando compreenderam toda a dimens\u00e3o daquilo que acabavam de passar. Levaram cerca de 11 minutos para recobrar as suas faculdades e depois arrancaram para Helsinborg. N\u00e3o conseguiram recome\u00e7ar a falar a n\u00e3o ser quando 4 estavam entrando na cidade e juraram um ao outro nada falar sobre o assunto, porque sabiam que todo mundo iria ridicularizar eles. Mas, devido ao seu estado f\u00edsico de desordem e de sua atitude tensa, seus amigos lhes perguntaram o que se passava. Foi ent\u00e3o que decidiram contar sua hist\u00f3ria ao Minist\u00e9rio da Defesa e aos jornais.<\/p>\n<p><a name=\"analises\"><\/a><\/p>\n<h3>An\u00e1lises<\/h3>\n<p>No dia 8 de Junho de 1959, os dois homens foram examinados pelo Dr Ingeborg Kjellin, que assinou os seus certificados m\u00e9dicos. Seguiram-se varias discuss\u00f5es, e no dia 10 de Janeiro de 1960, os jornais anunciaram um novo exame dos dois homens pelos Drs. Lars Erik Essen e Kilhelm Hellsten de Helsinborg, que lhes aplicaram a tecnica denominada de hipno-analise. \u00c9 essencialmente a mesma que aquela do interrogat\u00f3rio aplicado ao paciente posto sob influencia de sais de s\u00f3dio de amital ou de pentotal s\u00f3 que, neste caso, o individuo \u00e9 previamente colocado em estado de hipnose, esta t\u00e9cnica permite ent\u00e3o um contra exame pelo menos t\u00e3o incisivo quanto aqueles praticados pela policia ou pelo exercito.<\/p>\n<p>O Dr. Essen os examinou em particular quanto \u00e0 possibilidade de uma alucina\u00e7\u00e3o, mas os testes revelaram que sua experi\u00eancia provinha diretamente &#8220;do exterior&#8221; deles pr\u00f3prios e que eles podiam claramente coordenar experi\u00eancias diferentes daquela em quest\u00e3o. Suas descri\u00e7\u00f5es respectivas do que se produziu foram corretas e concordantes; a \u00fanica impress\u00e3o falsa que eles possam ter tido foi quanto a forma dos \u201chomenzinhos&#8221;, o que \u00e9 bem compreens\u00edvel, especificaram os dois m\u00e9dicos. As analises n\u00e3o fornecem nenhuma indica\u00e7\u00e3o quanto ao contato com os seres, mas os dois psiquiatras pensam que Rydberg e Gustavsson se chocaram realmente com um campo de for\u00e7a extremamente potente.<\/p>\n<p>O resultado dado pelo exame de hipno-an\u00e1lise foi, na sua ess\u00eancia, o mesmo que o precedente, diferindo apenas em alguns detalhes menores. O Dr. Essen declarou ent\u00e3o a imprensa: &#8220;Deve-se acrescentar que a atitude destes dois homens era de completa sobriedade. N\u00e3o tentaram florear, fosse o que fosse, os tra\u00e7os caracter\u00edsticos do incidente, exager\u00e1-lo ou embelez\u00e1-lo ou mesmo tentar interpretar os fatos. Quiseram apenas comunic\u00e1-los. Ambos foram muito receptivos a esta forma de analise e penso que, em face deste resultado, \u00e9 uma das pesquisas com mais \u00eaxito que j\u00e1 fiz&#8221;.<\/p>\n<p>O Minist\u00e9rio da Defesa publicou ent\u00e3o um comunicado e, no dia 18 de Janeiro, o Svenska Dagbladet revelou que o psic\u00f3logo do Ex\u00e9rcito, Dr. Michael Wachter, dirigiu a maior parte do interrogat\u00f3rio conduzido por militares e policiais e que durou doze horas. Eis algumas especifica\u00e7\u00f5es dadas pelo di\u00e1rio informativo:<\/p>\n<p>Rydberg foi isento do servi\u00e7o militar em 1948 por agorafobia. Nenhum dos homens tem qualquer esp\u00e9cie de forma\u00e7\u00e3o profissional que lhes permita exercer uma profiss\u00e3o Rydberg pareceu mais comunicativo que Gustavsson; deu uma impress\u00e3o de nervosismo; modificou a sua posi\u00e7\u00e3o em fun\u00e7\u00e3o do que julgou ser mais favor\u00e1vel a defesa de sua honestidade, pareceu um pouco assustado e tentou escapar-se das perguntas; quando estas se repetiam rapidamente seu recurso constante foi se referir a sua experi\u00eancia e afirmar que n\u00e3o podia ajudar a explicar o que sofreu. Os investigadores acham estranho que a luta com as criaturas tenha sido omitida durante algum tempo; as afirma\u00e7\u00f5es de Rydberg s\u00e3o pouco especificas, s\u00e3o vagas, por vezes francamente irracionais e se mostram tamb\u00e9m incorretas. Explora a sua situa\u00e7\u00e3o ate um certo ponto, insistindo sobre o fato de que se colocou voluntariamente a disposi\u00e7\u00e3o dos investigadores, considerando os interesses da imprensa e dos outros meios interessados.<\/p>\n<p>Gustavsson n\u00e3o \u00e9 t\u00e3o comunicativo; responde freq\u00fcentemente como se estivesse recitando uma li\u00e7\u00e3o; reporta-se ao que declarou procedentemente e n\u00e3o consegue dizer nada mais alem disso. O Dr. Wachter pensa que algu\u00e9m lhe pode ter aconselhado a n\u00e3o fugir de sua historia; \u00e9 uma vitima completa de uma influencia mental. Como para Rydberg n\u00e3o \u00e9 irracional pensar que as preocupa\u00e7\u00f5es morais de sua m\u00e3e o possam ter seriamente levado para um mundo conceptual particular. Para resumir, a credibilidade dos dois homens devia ser fortemente colocada em duvida. Ambos parecem bem convencidos da veracidade de sua experi\u00eancia, mas a possibilidade de uma simples afabula\u00e7\u00e3o n\u00e3o deve ser posta \u00e0 parte. \u00c9 prov\u00e1vel que Rydberg tenha sido vitima de uma auto-sugestao e que, por seu turno, tenha influenciado Gustavsson. Alem de suas convic\u00e7\u00f5es muito subjetivas, existem razoes para p\u00f4r em duvida a honestidade destes dois homens como testemunhas.<\/p>\n<p>O Sr, Karl Gosta Rehn, jornalista e escritor, correspondente da APRO, na Su\u00e9cia, tomou conhecimento das conclus\u00f5es negativas desta investiga\u00e7\u00e3o militar e quis prosseguir as investiga\u00e7\u00f5es. Encontrou-se, portanto, com estes dois homens que lhe afirmaram o que se segue:<\/p>\n<p>1) Os representantes do ex\u00e9rcito eram muito c\u00e9ticos, portanto, deixaram de ser objetivos logo de inicio e o inqu\u00e9rito foi conduzido de um modo rotineiro, lento e supor\u00edfico;<\/p>\n<p>2) O psic\u00f3logo do ex\u00e9rcito era de origem alem\u00e3 e apenas compreendia parcialmente o que eles diziam;<\/p>\n<p>3) Que n\u00e3o foi feito nenhum levantamento de qualquer amostra de solo para ser examinada, embora todos os homens do Minist\u00e9rio da Defesa tenham percorrido toda a zona medindo-a com metros durante horas; al\u00e9m disso, o \u00fanico material que tinham com eles era um gravador&#8230; que estava avairado.<\/p>\n<p>Das declara\u00e7\u00f5es feitas pelos Drs. Essen e Kellsten, baseadas sobre os resultados da hipno-an\u00e1lise, a qual permite chegar aos fatos sem ter que eliminar os embelezamentos do mental consciente, fazem salientar que o resumo do inqu\u00e9rito militar \u00e9 fict\u00edcio. Qualquer pessoa submetida a contra-interrogat\u00f3rio pode ser influenciada pelo cansa\u00e7o, pelo aborrecimento, devido \u00e0 sucess\u00e3o constante de perguntas. Quando se pesquisam bem os antecedentes de uma testemunha, podem se descobrir dados sobre a sua personalidade que, interpretados por uma personalidade diferente, podem se tornar negativos ou ainda desonrosos. Leva-nos a pensar que os dois m\u00e9dicos do primeiro exame conduziam um inqu\u00e9rito impessoal, objetivo enquanto que os militares blefavam tentando descobrir contradi\u00e7\u00f5es desacreditando assim as testemunhas.<\/p>\n<\/div>\n<div><\/div>\n<div style=\"text-align: center;\">\n<div id=\"attachment_1808\" style=\"width: 260px\" class=\"wp-caption aligncenter\"><img aria-describedby=\"caption-attachment-1808\" loading=\"lazy\" class=\"wp-image-1808 size-full\" src=\"https:\/\/www.fenomenum.com.br\/novo\/wp-content\/uploads\/2022\/02\/domsten.gif\" alt=\"\" width=\"250\" height=\"221\" srcset=\"https:\/\/www.fenomenum.com.br\/novo\/wp-content\/uploads\/2022\/02\/domsten.gif 250w, https:\/\/www.fenomenum.com.br\/novo\/wp-content\/uploads\/2022\/02\/domsten-150x133.gif 150w, https:\/\/www.fenomenum.com.br\/novo\/wp-content\/uploads\/2022\/02\/domsten-50x44.gif 50w, https:\/\/www.fenomenum.com.br\/novo\/wp-content\/uploads\/2022\/02\/domsten-100x88.gif 100w, https:\/\/www.fenomenum.com.br\/novo\/wp-content\/uploads\/2022\/02\/domsten-200x177.gif 200w\" sizes=\"(max-width: 250px) 100vw, 250px\" \/><p id=\"caption-attachment-1808\" class=\"wp-caption-text\">Protagonistas do caso, Hans Gustafsson e Stig Rydberg<\/p><\/div>\n<\/div>\n<div><\/div>\n<div><\/div>\n<div>\n<div id=\"attachment_1809\" style=\"width: 310px\" class=\"wp-caption aligncenter\"><img aria-describedby=\"caption-attachment-1809\" loading=\"lazy\" class=\"wp-image-1809 size-full\" src=\"https:\/\/www.fenomenum.com.br\/novo\/wp-content\/uploads\/2022\/02\/domsten_livtag.gif\" alt=\"\" width=\"300\" height=\"217\" \/><p id=\"caption-attachment-1809\" class=\"wp-caption-text\">Protagonistas do caso, Hans Gustafsson e Stig Rydberg.<\/p><\/div>\n<\/div>\n<div><\/div>\n<div><\/div>\n<h2>Refer\u00eancias:<\/h2>\n<div>\n<hr \/>\n<\/div>\n<ol>\n<li>DURRANT, Henry. Primeiras investiga\u00e7\u00f5es sobre os human\u00f3ides extraterrestres. Tradu\u00e7\u00e3o de Luzia D. Mendon\u00e7a. S\u00e3o Paulo: Ed. Hemus,1980.<\/li>\n<li><a href=\"http:\/\/www.ufo.se\/fakta\/artiklar\/rehn.shtml\" target=\"_blank\" rel=\"noopener\">http:\/\/www.ufo.se\/fakta\/artiklar\/rehn.shtml<\/a><\/li>\n<li><a href=\"http:\/\/www.ufo.se\/fakta\/artiklar\/domstensfallet.shtml\" target=\"_blank\" rel=\"noopener\">http:\/\/www.ufo.se\/fakta\/artiklar\/domstensfallet.shtml<\/a><\/li>\n<li><a href=\"http:\/\/www.svd.se\/kulturnoje\/nyheter\/artikel_2085367.svd\" target=\"_blank\" rel=\"noopener\">http:\/\/www.svd.se\/kulturnoje\/nyheter\/artikel_2085367.svd<\/a><\/li>\n<li><a href=\"http:\/\/www.planet-master.com\/E-Books\/skies.txt\" target=\"_blank\" rel=\"noopener\">http:\/\/www.planet-master.com\/E-Books\/skies.txt<\/a><\/li>\n<li><a href=\"http:\/\/www.scribd.com\/doc\/7187903\/Skies\" target=\"_blank\" rel=\"noopener\">http:\/\/www.scribd.com\/doc\/7187903\/Skies<\/a><\/li>\n<li>PEREIRA, Jader. Tipologia dos human\u00f3ides extraterrestres. Cole\u00e7\u00e3o Biblioteca UFO, n\u00ba 1, Mar\u00e7o 1991.<\/li>\n<\/ol>\n<div><\/div>\n<div><\/div>\n<section id=\"content\">\n<div class=\"col-lg-8\"><\/div>\n<\/section>\n","protected":false},"excerpt":{"rendered":"<p>Outro importante caso da d\u00e9cada de 1950 caracterizado por um ataque por parte de tripulantes de OVNIs ocorrido em Domstein, em 20 de dezembro de 1958. Em 20 de dezembro de 1958, ocorreu um importante caso ufol\u00f3gico em Domstein, na Su\u00e9cia. Hans Gustafsson (25) e Styg Rydberg (30) voltavam de um baile ocorrido em Hoganas. [&hellip;]<\/p>\n","protected":false},"author":4,"featured_media":1810,"comment_status":"open","ping_status":"open","sticky":false,"template":"","format":"standard","meta":{"inline_featured_image":false},"categories":[129,105],"tags":[],"_links":{"self":[{"href":"https:\/\/www.fenomenum.com.br\/novo\/wp-json\/wp\/v2\/posts\/1806"}],"collection":[{"href":"https:\/\/www.fenomenum.com.br\/novo\/wp-json\/wp\/v2\/posts"}],"about":[{"href":"https:\/\/www.fenomenum.com.br\/novo\/wp-json\/wp\/v2\/types\/post"}],"author":[{"embeddable":true,"href":"https:\/\/www.fenomenum.com.br\/novo\/wp-json\/wp\/v2\/users\/4"}],"replies":[{"embeddable":true,"href":"https:\/\/www.fenomenum.com.br\/novo\/wp-json\/wp\/v2\/comments?post=1806"}],"version-history":[{"count":1,"href":"https:\/\/www.fenomenum.com.br\/novo\/wp-json\/wp\/v2\/posts\/1806\/revisions"}],"predecessor-version":[{"id":6834,"href":"https:\/\/www.fenomenum.com.br\/novo\/wp-json\/wp\/v2\/posts\/1806\/revisions\/6834"}],"wp:featuredmedia":[{"embeddable":true,"href":"https:\/\/www.fenomenum.com.br\/novo\/wp-json\/wp\/v2\/media\/1810"}],"wp:attachment":[{"href":"https:\/\/www.fenomenum.com.br\/novo\/wp-json\/wp\/v2\/media?parent=1806"}],"wp:term":[{"taxonomy":"category","embeddable":true,"href":"https:\/\/www.fenomenum.com.br\/novo\/wp-json\/wp\/v2\/categories?post=1806"},{"taxonomy":"post_tag","embeddable":true,"href":"https:\/\/www.fenomenum.com.br\/novo\/wp-json\/wp\/v2\/tags?post=1806"}],"curies":[{"name":"wp","href":"https:\/\/api.w.org\/{rel}","templated":true}]}}