{"id":1843,"date":"2022-02-27T17:34:39","date_gmt":"2022-02-27T20:34:39","guid":{"rendered":"https:\/\/www.fenomenum.com.br\/novo\/?p=1843"},"modified":"2025-04-21T12:33:52","modified_gmt":"2025-04-21T15:33:52","slug":"caso-sagrada-familia","status":"publish","type":"post","link":"https:\/\/www.fenomenum.com.br\/novo\/caso-sagrada-familia\/","title":{"rendered":"Caso Sagrada Fam\u00edlia"},"content":{"rendered":"<section id=\"inner-headline\">\n<div class=\"container\">\n<div class=\"row\">\n<div id=\"resumo\" class=\"resumo\" style=\"padding-left: 40px;\"><strong>Um dos mais extraordin\u00e1rios casos ufol\u00f3gicos ocorreu no Bairro Sagrada Fam\u00edlia, em Belo Horizonte (MG), tendo como protagonista 3 garotos que contataram um ser human\u00f3ide, ciclope, com aproximadamente 2 metros e meio de altura.<\/strong><\/div>\n<\/div>\n<\/div>\n<\/section>\n<div>\n<hr \/>\n<\/div>\n<div>\n<p>Durante a ultima onda de observa\u00e7\u00f5es de OANI, em meados de 1965, uma surpreendente not\u00edcia foi publicada, sob t\u00edtulo acima, por conceituado jornal de Belo Horizonte, &#8220;O Di\u00e1rio&#8221; (15\/ago\/65). Segundo a reportagem, tr\u00eas crian\u00e7as teriam observado, em 1963, um estranho objeto voador com v\u00e1rios tripulantes, no pr\u00f3prio quintal de sua resid\u00eancia!<\/p>\n<p>Imediatamente o Sr. Alberto Francisco do Carmo, associado do CICOANI, dirigiu-se \u00e0 casa dos meninos para investigar o caso. Desta investiga\u00e7\u00e3o surgiu mais um Caso Cl\u00e1ssico da Ufologia Brasileira.<\/p>\n<\/div>\n<h3>Resumo do Caso<\/h3>\n<div>\n<p>Durante a ultima onda de observa\u00e7\u00f5es de OANI, em meados de 1965, uma surpreendente not\u00edcia foi publicada, sob t\u00edtulo acima, por conceituado jornal de Belo Horizonte, &#8220;O Di\u00e1rio&#8221; (15\/ago\/65). Segundo a reportagem, tr\u00eas crian\u00e7as teriam observado, em 1963, um estranho objeto voador com v\u00e1rios tripulantes, no pr\u00f3prio quintal de sua resid\u00eancia!<\/p>\n<p>Imediatamente o Sr. Alberto Francisco do Carmo, associado do CICOANI, dirigiu-se \u00e0 casa dos meninos para investigar o caso. Eis o relat\u00f3rio apresentado no mesmo dia, pelo Sr. A. F. do Carmo, ap\u00f3s longo contato com as 3 crian\u00e7as e seus pais, no pr\u00f3prio local onde teria ocorrido o incidente:<\/p>\n<p>Data da ocorr\u00eancia: 28 de agosto de 1963.<\/p>\n<p>Hora: entre 19:00 hs e 19:30 hs (tempo local).<\/p>\n<p>Dura\u00e7\u00e3o: entre 10 e 15 minutos.<\/p>\n<p>Local: Rua Conselheiro Lafaiete n\u00ba 1533, bairro Sagrada Fam\u00edlia, cidade de Belo Horizonte, Minas Gerais.<\/p>\n<p>Observadores depoentes: Fernando Eust\u00e1quio Gualberto, atualmente com 14 anos (12 anos na \u00e9poca do incidente); Ronaldo Eust\u00e1quio Gualberto e Jos\u00e9 Marcos Gomes Vidal, ambos com 7 anos da data da ocorr\u00eancia (9 anos na data deste relat\u00f3rio). Os dois primeiros s\u00e3o filhos do casal Alcides Gualberto e Maria Jos\u00e9 Gualberto e residem com mais quatro irm\u00e3os, todos de menor idade, no endere\u00e7o citado. Quanto a Jos\u00e9 Marcos, trata-se de um amigo \u00edntimo que reside na casa da frente.<\/p>\n<p>firmam Fernando e seus companheiros que, na noite de 28 de agosto de 1963, logo ap\u00f3s o jantar, sa\u00edram para o quintal com a finalidade espec\u00edfica de lavar um coador de caf\u00e9, com a \u00e1gua de um dep\u00f3sito situado ao lado de uma cisterna. Ao atingir o quintal, atrav\u00e9s da porta dos fundos, Fernando notou que ele estava bem iluminado, mas n\u00e3o estranhou, porque havia luar. Jos\u00e9 Marcos dirigiu-se r\u00e1pido para o dep\u00f3sito de \u00e1gua (um velho tambor de gasolina), abaixando totalmente a cabe\u00e7a e os bra\u00e7os para colher o l\u00edquido numa vasilha. Ronaldo, que vinha logo atr\u00e1s e mais \u00e0 direita da casa, foi quem primeiro se surpreendeu com a origem do clar\u00e3o que iluminava o quintal, cuja l\u00e2mpada achava-se apagada: um objeto esf\u00e9rico, iluminado por dentro e de paredes transparentes, flutuava im\u00f3vel sobre um abacateiro situado \u00e0 frente e um pouco ao lado da resid\u00eancia, a cerca de 5 metros do solo e 8 metros dos observadores. Seu di\u00e2metro foi comparado com a sala principal de sua casa (entre 3 e 3,5 metros).<\/p>\n<\/div>\n<div id=\"attachment_2790\" style=\"width: 1034px\" class=\"wp-caption aligncenter\"><img aria-describedby=\"caption-attachment-2790\" loading=\"lazy\" class=\"wp-image-2790 size-large\" src=\"https:\/\/www.fenomenum.com.br\/novo\/wp-content\/uploads\/2022\/02\/PICT0395lampada-scaled-e1646842585442-1024x682.jpg\" alt=\"\" width=\"1024\" height=\"682\" \/><p id=\"caption-attachment-2790\" class=\"wp-caption-text\">Fotografia original do acervo da SBEDV, onde temos os protagonistas do caso ao lado da cisterna. Em primeiro plano, Fernando. Fotografia do acervo do original da SBEDV. Restaura\u00e7\u00e3o: Rodrigo Visoni.<\/p><\/div>\n<p>&nbsp;<\/p>\n<p>&nbsp;<\/p>\n<div id=\"attachment_2791\" style=\"width: 1034px\" class=\"wp-caption aligncenter\"><img aria-describedby=\"caption-attachment-2791\" loading=\"lazy\" class=\"wp-image-2791 size-large\" src=\"https:\/\/www.fenomenum.com.br\/novo\/wp-content\/uploads\/2022\/02\/PICT0413-scaled-e1646842635135-1024x682.jpg\" alt=\"\" width=\"1024\" height=\"682\" \/><p id=\"caption-attachment-2791\" class=\"wp-caption-text\">Fernando de frente \u00e0 cisterna, local onde tiveram o contato com o estranho ser. Fotografia do acervo do original da SBEDV. Restaura\u00e7\u00e3o: Rodrigo Visoni.<\/p><\/div>\n<p>&nbsp;<\/p>\n<div>\n<p>A esfera era dividida em &#8220;pequenos quadrados&#8221;, provavelmente uma estrutura quadriculada. Na parte superior apresentava uma esp\u00e9cie de antena, constitu\u00edda por 2 hastes inclinadas em forma de &#8220;&#8221;, encimadas por esferas, e uma haste vertical central. Atrav\u00e9s das paredes transparentes avistavam-se quatro pessoas sentadas em banquinhos de uma s\u00f3 perna. Estavam de perfil em rela\u00e7\u00e3o aos observadores.<\/p>\n<div id=\"attachment_1846\" style=\"width: 206px\" class=\"wp-caption aligncenter\"><img aria-describedby=\"caption-attachment-1846\" loading=\"lazy\" class=\"wp-image-1846 size-full\" src=\"https:\/\/www.fenomenum.com.br\/novo\/wp-content\/uploads\/2022\/02\/sagrad4.gif\" alt=\"\" width=\"196\" height=\"295\" srcset=\"https:\/\/www.fenomenum.com.br\/novo\/wp-content\/uploads\/2022\/02\/sagrad4.gif 196w, https:\/\/www.fenomenum.com.br\/novo\/wp-content\/uploads\/2022\/02\/sagrad4-150x226.gif 150w, https:\/\/www.fenomenum.com.br\/novo\/wp-content\/uploads\/2022\/02\/sagrad4-50x75.gif 50w, https:\/\/www.fenomenum.com.br\/novo\/wp-content\/uploads\/2022\/02\/sagrad4-100x151.gif 100w\" sizes=\"(max-width: 196px) 100vw, 196px\" \/><p id=\"caption-attachment-1846\" class=\"wp-caption-text\">Na imagem acima temos os protagonistas do caso apontando onde o objeto apareceu pela primeira vez. Imagem reproduzida do Boletim da Sociedade Brasileira de Estudos de Discos Voadores (SBEDV), edi\u00e7\u00e3o especial 1975.<\/p><\/div>\n<p>&nbsp;<\/p>\n<p>Uma das pessoas, sentada no banco de tr\u00e1s, tinha aspecto masculino e era mais robusta que as outras. Logo \u00e0 frente desta, no centro da esfera, sentava-se o que lhes parece uma mulher: longos cabelos alourados e puxados para tr\u00e1s; no banco da frente havia um homem semelhante ao primeiro, por\u00e9m mais magro, que parecia controlar instrumentos num painel onde havia uma esp\u00e9cie de tela semelhante \u00e0 de televis\u00e3o. O quarto &#8220;homem&#8221;, que logo viria a descer, sentava-se ao lado esquerdo da &#8220;mo\u00e7a&#8221; no centro do objeto. Todos vestiam uma esp\u00e9cie de escafandro e tinham as cabe\u00e7as envoltas em c\u00fapulas ou capacetes redondos e transparentes. Apresentavam apar\u00eancia quase uniforme, inclusive nos vestu\u00e1rios: os troncos vestidos com algo de cor castanha; abaixo da cintura os vestu\u00e1rios eram brancos, at\u00e9 alcan\u00e7arem os joelhos, de onde continuavam pretos at\u00e9 os p\u00e9s (vestiam &#8220;botas pretas&#8221;, segundo os depoentes). Os uniformes pareciam ser feitos de couro e eram muito enrugados nas partes correspondentes aos membros e t\u00f3rax dos tripulantes.<\/p>\n<\/div>\n<div id=\"attachment_1847\" style=\"width: 352px\" class=\"wp-caption aligncenter\"><img aria-describedby=\"caption-attachment-1847\" loading=\"lazy\" class=\"wp-image-1847 size-full\" src=\"https:\/\/www.fenomenum.com.br\/novo\/wp-content\/uploads\/2022\/02\/sagrad7.gif\" alt=\"\" width=\"342\" height=\"366\" \/><p id=\"caption-attachment-1847\" class=\"wp-caption-text\">Desenho representando o objeto e seus tripulantes, reproduzido na capa do Boletim da SBEDV, edi\u00e7\u00e3o especial 1975.<\/p><\/div>\n<p>&nbsp;<\/p>\n<div>\n<div id=\"attachment_1848\" style=\"width: 366px\" class=\"wp-caption aligncenter\"><img aria-describedby=\"caption-attachment-1848\" loading=\"lazy\" class=\"wp-image-1848 size-full\" src=\"https:\/\/www.fenomenum.com.br\/novo\/wp-content\/uploads\/2022\/02\/sagrad3.jpg\" alt=\"\" width=\"356\" height=\"458\" srcset=\"https:\/\/www.fenomenum.com.br\/novo\/wp-content\/uploads\/2022\/02\/sagrad3.jpg 356w, https:\/\/www.fenomenum.com.br\/novo\/wp-content\/uploads\/2022\/02\/sagrad3-250x322.jpg 250w, https:\/\/www.fenomenum.com.br\/novo\/wp-content\/uploads\/2022\/02\/sagrad3-150x193.jpg 150w, https:\/\/www.fenomenum.com.br\/novo\/wp-content\/uploads\/2022\/02\/sagrad3-50x64.jpg 50w, https:\/\/www.fenomenum.com.br\/novo\/wp-content\/uploads\/2022\/02\/sagrad3-100x129.jpg 100w, https:\/\/www.fenomenum.com.br\/novo\/wp-content\/uploads\/2022\/02\/sagrad3-200x257.jpg 200w, https:\/\/www.fenomenum.com.br\/novo\/wp-content\/uploads\/2022\/02\/sagrad3-300x386.jpg 300w, https:\/\/www.fenomenum.com.br\/novo\/wp-content\/uploads\/2022\/02\/sagrad3-350x450.jpg 350w\" sizes=\"(max-width: 356px) 100vw, 356px\" \/><p id=\"caption-attachment-1848\" class=\"wp-caption-text\">Representa\u00e7\u00e3o dos human\u00f3ides e do aparelho observado no Bairro Sagrada Fam\u00edlia, em Belo Horizonte, Minas Gerais.<\/p><\/div>\n<p>&nbsp;<\/p>\n<p>Em quest\u00e3o de segundos projetaram-se da parte inferior do aparelho, em dire\u00e7\u00e3o ao solo, dois feixes luminosos, paralelos e de cor amarelada. Entre esses dois feixes desceu um dos &#8220;homens&#8221;, como que flutuando em postura ereta, at\u00e9 tocar o solo suavemente. T\u00e3o logo no ch\u00e3o, o homem encaminhou-se para o lado dos observadores. Fernando e Ronaldo achavam-se quase colados \u00e0 casa e, completamente aturdidos, n\u00e3o avisaram Jos\u00e9 Marcos que, com a cabe\u00e7a completamente pendida dentro do tambor de \u00e1gua, nada percebera ainda.<\/p>\n<div id=\"attachment_1849\" style=\"width: 365px\" class=\"wp-caption aligncenter\"><img aria-describedby=\"caption-attachment-1849\" loading=\"lazy\" class=\"wp-image-1849 size-full\" src=\"https:\/\/www.fenomenum.com.br\/novo\/wp-content\/uploads\/2022\/02\/sagrad4.jpg\" alt=\"\" width=\"355\" height=\"459\" srcset=\"https:\/\/www.fenomenum.com.br\/novo\/wp-content\/uploads\/2022\/02\/sagrad4.jpg 355w, https:\/\/www.fenomenum.com.br\/novo\/wp-content\/uploads\/2022\/02\/sagrad4-250x323.jpg 250w, https:\/\/www.fenomenum.com.br\/novo\/wp-content\/uploads\/2022\/02\/sagrad4-150x194.jpg 150w, https:\/\/www.fenomenum.com.br\/novo\/wp-content\/uploads\/2022\/02\/sagrad4-50x65.jpg 50w, https:\/\/www.fenomenum.com.br\/novo\/wp-content\/uploads\/2022\/02\/sagrad4-100x129.jpg 100w, https:\/\/www.fenomenum.com.br\/novo\/wp-content\/uploads\/2022\/02\/sagrad4-200x259.jpg 200w, https:\/\/www.fenomenum.com.br\/novo\/wp-content\/uploads\/2022\/02\/sagrad4-300x388.jpg 300w, https:\/\/www.fenomenum.com.br\/novo\/wp-content\/uploads\/2022\/02\/sagrad4-350x453.jpg 350w\" sizes=\"(max-width: 355px) 100vw, 355px\" \/><p id=\"caption-attachment-1849\" class=\"wp-caption-text\">Representa\u00e7\u00e3o do momento em que um human\u00f3ide desce do aparelho observado no Bairro Sagrada Fam\u00edlia, em Belo Horizonte, Minas Gerais.<\/p><\/div>\n<p>&nbsp;<\/p>\n<div id=\"attachment_1850\" style=\"width: 707px\" class=\"wp-caption aligncenter\"><img aria-describedby=\"caption-attachment-1850\" loading=\"lazy\" class=\"wp-image-1850 size-full\" src=\"https:\/\/www.fenomenum.com.br\/novo\/wp-content\/uploads\/2022\/02\/272059280_110364211539418_4611588659653853400_n.jpg\" alt=\"\" width=\"697\" height=\"960\" srcset=\"https:\/\/www.fenomenum.com.br\/novo\/wp-content\/uploads\/2022\/02\/272059280_110364211539418_4611588659653853400_n.jpg 697w, https:\/\/www.fenomenum.com.br\/novo\/wp-content\/uploads\/2022\/02\/272059280_110364211539418_4611588659653853400_n-400x551.jpg 400w, https:\/\/www.fenomenum.com.br\/novo\/wp-content\/uploads\/2022\/02\/272059280_110364211539418_4611588659653853400_n-650x895.jpg 650w, https:\/\/www.fenomenum.com.br\/novo\/wp-content\/uploads\/2022\/02\/272059280_110364211539418_4611588659653853400_n-250x344.jpg 250w, https:\/\/www.fenomenum.com.br\/novo\/wp-content\/uploads\/2022\/02\/272059280_110364211539418_4611588659653853400_n-150x207.jpg 150w, https:\/\/www.fenomenum.com.br\/novo\/wp-content\/uploads\/2022\/02\/272059280_110364211539418_4611588659653853400_n-50x69.jpg 50w, https:\/\/www.fenomenum.com.br\/novo\/wp-content\/uploads\/2022\/02\/272059280_110364211539418_4611588659653853400_n-100x138.jpg 100w, https:\/\/www.fenomenum.com.br\/novo\/wp-content\/uploads\/2022\/02\/272059280_110364211539418_4611588659653853400_n-200x275.jpg 200w, https:\/\/www.fenomenum.com.br\/novo\/wp-content\/uploads\/2022\/02\/272059280_110364211539418_4611588659653853400_n-300x413.jpg 300w, https:\/\/www.fenomenum.com.br\/novo\/wp-content\/uploads\/2022\/02\/272059280_110364211539418_4611588659653853400_n-350x482.jpg 350w, https:\/\/www.fenomenum.com.br\/novo\/wp-content\/uploads\/2022\/02\/272059280_110364211539418_4611588659653853400_n-450x620.jpg 450w, https:\/\/www.fenomenum.com.br\/novo\/wp-content\/uploads\/2022\/02\/272059280_110364211539418_4611588659653853400_n-500x689.jpg 500w, https:\/\/www.fenomenum.com.br\/novo\/wp-content\/uploads\/2022\/02\/272059280_110364211539418_4611588659653853400_n-550x758.jpg 550w\" sizes=\"(max-width: 697px) 100vw, 697px\" \/><p id=\"caption-attachment-1850\" class=\"wp-caption-text\">Reconstitui\u00e7\u00e3o do contato, na arte de <a href=\"https:\/\/www.facebook.com\/groups\/819162488210989\/user\/100003884112745\/\" target=\"_blank\" rel=\"noopener\">Bruce Oliver<\/a>.<\/p><\/div>\n<p>&nbsp;<\/p>\n<p>Com andar pesado, cadenciado, os bra\u00e7os balan\u00e7ando um pouco afastados do corpo e, aparentemente, sem perceber a presen\u00e7a de Fernando e Ronaldo, o homem dirigiu-se para o lado da cisterna, onde parou. Em seguida, estendeu um bra\u00e7o na dire\u00e7\u00e3o de Jos\u00e9 Marcos. Interpretando o gesto do homem como uma amea\u00e7a ao seu companheiro distra\u00eddo, Fernando saltou sobre Jos\u00e9 Marcos, jogando-o ao ch\u00e3o violentamente, para evitar que fosse agarrado. Com Jos\u00e9 Marcos ainda surpreso, no solo, o homem, im\u00f3vel, olhou para Fernando e, em seguida, para Ronaldo. Este havia se afastado mais para o fundo do quintal, com o prop\u00f3sito de fugir para dentro de casa; mas, no atropelo da fuga, seu joelho bateu na quina da casa e a dor o fez parar.<\/p>\n<\/div>\n<div>\n<div id=\"attachment_1851\" style=\"width: 375px\" class=\"wp-caption aligncenter\"><img aria-describedby=\"caption-attachment-1851\" loading=\"lazy\" class=\"wp-image-1851 size-full\" src=\"https:\/\/www.fenomenum.com.br\/novo\/wp-content\/uploads\/2022\/02\/sagrad8.jpg\" alt=\"\" width=\"365\" height=\"439\" srcset=\"https:\/\/www.fenomenum.com.br\/novo\/wp-content\/uploads\/2022\/02\/sagrad8.jpg 365w, https:\/\/www.fenomenum.com.br\/novo\/wp-content\/uploads\/2022\/02\/sagrad8-250x301.jpg 250w, https:\/\/www.fenomenum.com.br\/novo\/wp-content\/uploads\/2022\/02\/sagrad8-150x180.jpg 150w, https:\/\/www.fenomenum.com.br\/novo\/wp-content\/uploads\/2022\/02\/sagrad8-50x60.jpg 50w, https:\/\/www.fenomenum.com.br\/novo\/wp-content\/uploads\/2022\/02\/sagrad8-100x120.jpg 100w, https:\/\/www.fenomenum.com.br\/novo\/wp-content\/uploads\/2022\/02\/sagrad8-200x241.jpg 200w, https:\/\/www.fenomenum.com.br\/novo\/wp-content\/uploads\/2022\/02\/sagrad8-300x361.jpg 300w, https:\/\/www.fenomenum.com.br\/novo\/wp-content\/uploads\/2022\/02\/sagrad8-350x421.jpg 350w\" sizes=\"(max-width: 365px) 100vw, 365px\" \/><p id=\"caption-attachment-1851\" class=\"wp-caption-text\">Retrato falado do ser observado no bairro Sagrada Fam\u00edlia e reproduzido no Boletim da SBEDV, edi\u00e7\u00e3o especial 1975<\/p><\/div>\n<p>&nbsp;<\/p>\n<p>Neste momento, o homem fixava-lhe o olhar. Ronaldo voltou ent\u00e3o alguns passos e deixou-se ficar passivamente ao lado da casa, junto aos companheiros, que tamb\u00e9m sentiam-se sem for\u00e7as para fugir ou gritar. O homem fez uma s\u00e9rie de gestos com as m\u00e3os, em sentido horizontal, acompanhando-os com movimentos da cabe\u00e7a e palavras estranhas. Fernando afirma que seu medo passou ap\u00f3s essa gesticula\u00e7\u00e3o. J\u00e1 mais calmos e a cerca de 2 metros de dist\u00e2ncia, os meninos puderam reparar melhor o estranho visitante. Possu\u00eda apenas um olho. Era completamente calco (como dois de seus acompanhantes) e sua pele tinha uma forte tonalidade vermelha. Sua enorme figura foi comparada ao tamanho da porta do lado da casa (mais de 2 metros). Sobre o capacete transparente havia uma esp\u00e9cie de antena em forma de aro, com uma pequena esfera pendente. O olho era grande, arredondado, escuro, sem a parte branca que chamamos escler\u00f3tica. Ao inv\u00e9s de uma pupila circular, Jos\u00e9 Marcos insiste em que a parte central do olho apresentava apenas um risco horizontal mais escuro. Sobre o olho, movimentando-se frequentemente, havia uma mancha saliente escura que os meninos interpretaram como sobrancelha. O vestu\u00e1rio, descrito anteriormente, cobria o corpo por inteiro e parecia levemente inflado.<\/p>\n<div id=\"attachment_1852\" style=\"width: 199px\" class=\"wp-caption aligncenter\"><img aria-describedby=\"caption-attachment-1852\" loading=\"lazy\" class=\"wp-image-1852 size-full\" src=\"https:\/\/www.fenomenum.com.br\/novo\/wp-content\/uploads\/2022\/02\/sagrada.jpg\" alt=\"\" width=\"189\" height=\"304\" srcset=\"https:\/\/www.fenomenum.com.br\/novo\/wp-content\/uploads\/2022\/02\/sagrada.jpg 189w, https:\/\/www.fenomenum.com.br\/novo\/wp-content\/uploads\/2022\/02\/sagrada-150x241.jpg 150w, https:\/\/www.fenomenum.com.br\/novo\/wp-content\/uploads\/2022\/02\/sagrada-50x80.jpg 50w, https:\/\/www.fenomenum.com.br\/novo\/wp-content\/uploads\/2022\/02\/sagrada-100x161.jpg 100w\" sizes=\"(max-width: 189px) 100vw, 189px\" \/><p id=\"caption-attachment-1852\" class=\"wp-caption-text\">Representa\u00e7\u00e3o do human\u00f3ide observado no Bairro Sagrada Fam\u00edlia, em Belo Horizonte, Minas Gerais<\/p><\/div>\n<p>&nbsp;<\/p>\n<p>O homem sentou-se na borda da cisterna, ficando de perfil para os meninos, e de frente para o aparelho, onde continuavam seus companheiros. A altura de sua cabe\u00e7a ultrapassava de muito a altura da manivela da cisterna. Aproveitando-se de sua aparente distra\u00e7\u00e3o, Fernando deslocou-se alguns passos, de forma a ficar atr\u00e1s do homem. Apanhou rapidamente um peda\u00e7o de tijolo no solo e levantou o bra\u00e7o para arremess\u00e1-la no homem, pelas costas. &#8220;Eu queria acertar ele&#8221; &#8211; afirmou Fernando. Inexplicavelmente, como se tivesse adivinhado, o homem saltou de p\u00e9, virando-se para Fernando em movimento r\u00e1pido e ejetando, de uma superf\u00edcie retangular situado na altura do t\u00f3rax, um jato de luz amarela que foi atingir a m\u00e3o do menino, fazendo-a tremer momentaneamente. O tijolo caiu ao solo e os meninos perceberam que o homem, ao olhar rapidamente na dire\u00e7\u00e3o do aparelho, recebeu do companheiro que estava no comando dos instrumentos um gesto que eles interpretaram como de dissuas\u00e3o. Neste momento os meninos observaram mais claramente que tamb\u00e9m este tripulante tinha um s\u00f3 olho. Nos breves instantes em que o homem dera-lhe as costas as crian\u00e7as puderam notar a exist\u00eancia, al\u00ed, de uma caixa de cor acobreada, presa ao vestu\u00e1rio. &#8220;Sabe aquela cor que aparece quando a gente descasca um fio de luz?&#8221; &#8211; perguntou Fernando, tentando descrever a cor da caixa.<\/p>\n<p>Numa l\u00edngua estranha, com voz extremamente &#8220;grossa&#8221; e com muitos gestos com as m\u00e3os, a cabe\u00e7a e o olho, o homem parecia esfor\u00e7ar-se por se fazer entendido pelas crian\u00e7as, que o observavam passivamente. Fechando um c\u00edrculo com o indicador e o polegar, o homem tra\u00e7ou no ar v\u00e1rios c\u00edrculos em torno deste, com o indicador da outra m\u00e3o, sempre falando. Em seguida apontou para os tr\u00eas meninos e, com certa dificuldade, procurou juntar as palmas das m\u00e3os ao lado da pr\u00f3pria cabe\u00e7a, como a fazer um gesto de dormir. Apontou ent\u00e3o para a Lua, fazendo um gesto de eleva\u00e7\u00e3o progressiva das m\u00e3os, como a indicar um voo naquela dire\u00e7\u00e3o.<\/p>\n<\/div>\n<div id=\"attachment_2546\" style=\"width: 1034px\" class=\"wp-caption aligncenter\"><img aria-describedby=\"caption-attachment-2546\" loading=\"lazy\" class=\"wp-image-2546 size-large\" src=\"https:\/\/www.fenomenum.com.br\/novo\/wp-content\/uploads\/2022\/02\/PICT0400-1024x682.jpg\" alt=\"\" width=\"1024\" height=\"682\" \/><p id=\"caption-attachment-2546\" class=\"wp-caption-text\">Desenhos de pr\u00f3prio punho das testemunha do caso representado o estranho ser observado, reproduzido do Boletim da SBEDV, edi\u00e7\u00e3o especial 1975. Imagem do acervo do original da SBEDV.<\/p><\/div>\n<p>&nbsp;<\/p>\n<p>&nbsp;<\/p>\n<div>\n<div id=\"attachment_2544\" style=\"width: 1034px\" class=\"wp-caption aligncenter\"><img aria-describedby=\"caption-attachment-2544\" loading=\"lazy\" class=\"wp-image-2544 size-large\" src=\"https:\/\/www.fenomenum.com.br\/novo\/wp-content\/uploads\/2022\/02\/PICT0396-1024x682.jpg\" alt=\"\" width=\"1024\" height=\"682\" \/><p id=\"caption-attachment-2544\" class=\"wp-caption-text\">Desenhos de pr\u00f3prio punho das testemunha do caso representado o estranho ser observado, reproduzido do Boletim da SBEDV, edi\u00e7\u00e3o especial 1975. Imagem do acervo do original da SBEDV.<\/p><\/div>\n<p>&nbsp;<\/p>\n<p>A seguir o homem virou-se e encaminhou-se lentamente na dire\u00e7\u00e3o do aparelho, pelo caminho que j\u00e1 havia trilhado. Vendo-o afastar, Jos\u00e9 Marcos perguntou, ansiosamente, a Fernando: &#8220;Ser\u00e1 que ele volta?&#8221;. Surpreendentemente, o homem girou a cabe\u00e7a em sua dire\u00e7\u00e3o e fez com ela v\u00e1rios movimentos verticais, como a responder afirmativamente \u00e0 pergunta de Jos\u00e9 Marcos. No meio do caminho dobrou o corpo na dire\u00e7\u00e3o de um canteiro e dali retirou uma planta, com a m\u00e3o esquerda.Ao atingir o ponto onde havia &#8220;aterrissado&#8221;, fez um discreto gesto e reapareceram os dois jatos de luz ligando o aparelho ao solo. Subindo entre as duas faixas suavemente e em postura ereta, como descera, o homem ainda foi visto sentando-se junto aos seus companheiros. Imediatamente depois o aparelho emitiu um brilho forte e ascendeu silenciosamente numa dire\u00e7\u00e3o obl\u00edqua, rumo leste, apagando-se logo e deixando de ser percebido pelas crian\u00e7as ainda estupefatas.<\/p>\n<p>T\u00e3o logo se sentiram livres, os meninos correram para dentro de casa, chamando Dna. Maria Jos\u00e9, aos gritos. Esta, que estava acomodando seu filho ca\u00e7ula no quarto da frente, n\u00e3o percebera qualquer altera\u00e7\u00e3o no ambiente, durante os poucos minutos em que se desenrolara o incidente, exceto um forte e breve clar\u00e3o entrando pela janela basculante do quarto. Estranhara esse clar\u00e3o porque sabe que n\u00e3o h\u00e1 possibilidade de um farol de autom\u00f3vel atingir as janelas de sua casa, gritando. Mas n\u00e3o dera import\u00e2ncia ao fato, at\u00e9 a entrada ruidosa dos meninos em casa, gritando: &#8220;mam\u00e3es, venha ver que coisa horrorosa!&#8221;. Al\u00e9m da agita\u00e7\u00e3o e palidez de seus filhos, impressionou Dna. Maria Jos\u00e9 o fato do vizinho Jos\u00e9 Marcos, ao entrar correndo com os outros, dirigir-se diretamente para debaixo de uma das camas, onde se escondeu apavorado.<\/p>\n<p>No momento do incidente, o Sr. Alcides Gualberto, pai das crian\u00e7as, encontrava-se num bar da vizinhan\u00e7a, conversando com alguns amigos. A mando de Dna Maria Jos\u00e9, uma menina foi cham\u00e1-lo. Correndo imediatamente para casa, o Sr. Alcides surpreendeu-se com a hist\u00f3ria dos meninos e foi examinar o quintal. P\u00f4de notar ent\u00e3o, no ch\u00e3o de terra batida, v\u00e1rias marcas pequenas, em forma de tri\u00e2ngulo, no trajeto que o homem fizera, segundo indica\u00e7\u00e3o de seus filhos. As depress\u00f5es eram bastante fundas, com cerca de 1,5 cm de lado, indicando terem sido feitas por alguma coisa muito pesada. Na mesma noite, o Sr. Alcides voltou \u00e0 presen\u00e7a dos amigos para contar-lhes a estranha hist\u00f3ria. Mas a rea\u00e7\u00e3o destes, como a de toda a vizinhan\u00e7a foi do mais absoluto descr\u00e9dito. Um vizinho, de nome Jamil, chegou a ver as marcas no solo, na noite da ocorr\u00eancia. Quanto a Dna. Maria Jos\u00e9, a preocupa\u00e7\u00e3o de que se viu possu\u00edda aumentou quando percebeu que os meninos se recusavam terminantemente a sair do quintal \u00e0 noite, contrariando um velho h\u00e1bito. Relatou o fato a vizinhos, inclusive \u00e0 Dna. Zita Iani (ver caso \u00e0 parte), mas a incredulidade foi geral. Diz que, diante dessa atitude, Fernando costumava reagir com as seguintes palavras em tom de m\u00e1goa e desafio: &#8220;Eles n\u00e3o querem acreditar? Pois um dia eles acabar\u00e3o vendo o que vimos e a\u00ed ficar\u00e1 provado que n\u00e3o mentimos!&#8221;<\/p>\n<p>Alberto Francisco do Carmo.<\/p>\n<\/div>\n<div id=\"attachment_2800\" style=\"width: 1034px\" class=\"wp-caption aligncenter\"><img aria-describedby=\"caption-attachment-2800\" loading=\"lazy\" class=\"wp-image-2800 size-large\" src=\"https:\/\/www.fenomenum.com.br\/novo\/wp-content\/uploads\/2022\/02\/PICT0386-1024x682.jpg\" alt=\"\" width=\"1024\" height=\"682\" \/><p id=\"caption-attachment-2800\" class=\"wp-caption-text\">Croqui do terreno da resid\u00eancia das testemunhas, com a indica\u00e7\u00e3o da cisterna e do caminhar do estranho ser.<\/p><\/div>\n<h3><\/h3>\n<h3><\/h3>\n<h3>Entrevista com as Testemunhas<\/h3>\n<div>\n<p><b>Hulvio:<\/b>\u00a0Que diferen\u00e7as p\u00f4de notar entre as pessoas que vieram no aparelho?<\/p>\n<p><b>Fernando:<\/b>\u00a0O homem que ficava sentado atr\u00e1s era mais gordo. Havia uma mulher com cabelos compridos puxados para tr\u00e1s.<\/p>\n<p><b>Hulvio:<\/b>\u00a0Notou outras diferen\u00e7as?<\/p>\n<p><b>Fernando:<\/b>\u00a0N\u00e3o. Eram todos parecidos. Os homem n\u00e3o tinham cabelo.<\/p>\n<p><b>Hulvio:<\/b>\u00a0Voc\u00ea disse que em certo momento desceram do aparelho, at\u00e9 o ch\u00e3o, duas listas de luz e que, entre estas, um dos homens desceu pelos degraus de uma escada?<\/p>\n<p><b>Ronaldo:<\/b>\u00a0N\u00e3o tinha escada.<\/p>\n<p><b>Hulvio:<\/b>\u00a0Ent\u00e3o o homem caiu no ch\u00e3o com muita for\u00e7a?<\/p>\n<p><b>Ronaldo:<\/b>\u00a0Ele n\u00e3o caiu. Desceu sem mexer as pernas e tocou o ch\u00e3o devagar.<\/p>\n<p><b>Hulvio:<\/b>\u00a0E veio logo caminhando para o lado de voc\u00eas?<\/p>\n<p><b>Ronaldo:<\/b>\u00a0Sim.<\/p>\n<p><b>Hulvio:<\/b>\u00a0Imite para n\u00f3s o seu modo de caminhar.<\/p>\n<p><b>Fernando:<\/b>\u00a0(Fernando aproximou-se do abacateiro e retornou caminhando pausadamente, com movimentos de bra\u00e7os um tanto enrijecidos e afastados do corpo. Aqui (disse apontando para o ch\u00e3o) ele raspou a cal duas vezes (escorregou).<\/p>\n<p><b>Hulvio:<\/b>\u00a0Todos os movimentos do homem foram vagarosos assim?<\/p>\n<p><b>Fernando:<\/b>\u00a0N\u00e3o. \u00c0s vezes ele se movia depressa. Mas parece que tinha dificuldade em dobrar os bra\u00e7os.<\/p>\n<p><b>Hulvio:<\/b>\u00a0Porque pensa assim?<\/p>\n<p><b>Fernando:<\/b>\u00a0(Fernando reproduz ent\u00e3o v\u00e1rios gestos do indiv\u00edduo. Uma s\u00e9rie de gestos de m\u00e3o, horizontais e circulares, eram r\u00e1pidos; ao reproduzir o gesto de dormir, feito pelo tripulante, as m\u00e3os, coladas uma com a outra, n\u00e3o conseguiram aproximar-se muito da cabe\u00e7a.<\/p>\n<p><b>Hulvio:<\/b>\u00a0O homem fazia tamb\u00e9m movimentos com a cabe\u00e7a.?<\/p>\n<p><b>Fernando:<\/b>\u00a0Quando ele olhava para n\u00f3s e falava, \u00e0s vezes movia muito a cabe\u00e7a (tenta reproduzir movimentos repetitivos, amplos e um tanto estranhos).<\/p>\n<p><b>Hulvio:<\/b>\u00a0Voc\u00ea disse que, logo na chegada, ele parou deste lado da cisterna e, em seguida, curvou-se para apanhar o Jos\u00e9 Marcos que estava do outro lado daquele tambor (cerca de 1,5m distante). Como poderia fazer isto?<\/p>\n<p><b>Fernando:<\/b>\u00a0Mas ele era muito grande!<\/p>\n<p><b>Hulvio:<\/b>\u00a0De que tamanho?<\/p>\n<p><b>Fernando:<\/b>\u00a0Daquela porta (disse apontando para sua casa).<\/p>\n<p><b>Hulvio:<\/b>\u00a0Depois que voc\u00ea empurrou o Jos\u00e9 Marcos para longe do homem, o que este fez?<\/p>\n<p><b>Fernando:<\/b>\u00a0Ele mexeu com as m\u00e3os assim (r\u00e1pidos movimentos laterais). Depois disso o meu medo desapareceu. Em seguida ele sentou-se aqui (na borda da cisterna e de costas para os meninos). Enquanto ele olhava para a bola (acima do abacateiro) eu apanhei um peda\u00e7o de tijolo no ch\u00e3o para jogar nele. Quando eu levantava o bra\u00e7o ele virou depressa e uma luz atingiu minha m\u00e3o. O tijolo caiu e a m\u00e3o ficou tremendo.<\/p>\n<p><b>Hulvio:<\/b>\u00a0Qual era a cor dessa luz?<\/p>\n<p><b>Fernando:<\/b>\u00a0Amarelada.<\/p>\n<p><b>Hulvio:<\/b>\u00a0De onde ela vinha?<\/p>\n<p><b>Fernando:<\/b>\u00a0De uma coisa que tinha no peito.<\/p>\n<p><b>Hulvio:<\/b>\u00a0A coisa parecia-se com o que?<\/p>\n<p><b>Fernando:<\/b>\u00a0N\u00e3o sei bem. Tinha forma quadrada, mais ou menos.<\/p>\n<p><b>Hulvio:<\/b>\u00a0Que \u00e9 que ele fez, depois disso?<\/p>\n<p><b>Fernando:<\/b>\u00a0Parece que ele riu.<\/p>\n<p><b>Hulvio:<\/b>\u00a0Parece, por que?<\/p>\n<p><b>Fernando:<\/b>\u00a0Era um riso esquisito. A Boca mexia muito e se abria assim (mostrou sua boca abrindo no sentido vertical).<\/p>\n<p><b>Hulvio:<\/b>\u00a0Como eram os olhos do homem?<\/p>\n<p><b>Fernando:<\/b>\u00a0Era um olho s\u00f3, aqui (mostra a base do nariz). [Ronaldo fez sinal assentindo com a cabe\u00e7a].<\/p>\n<p><b>Hulvio:<\/b>\u00a0Tinha sobrancelhas?<\/p>\n<p><b>Fernando:<\/b>\u00a0Tinha uma coisa parecida, acima do olho, que de vez em quando se mexia, quando enrugava a testa.<\/p>\n<p><b>Hulvio:<\/b>\u00a0E c\u00edlios, como estes, de nossos olhos?<\/p>\n<p><b>Fernando:<\/b>\u00a0Eu tenho a impress\u00e3o que tinha.<\/p>\n<p><b>Hulvio:<\/b>\u00a0De que cor era o olho?<\/p>\n<p><b>Fernando:<\/b>\u00a0Era escuro.<\/p>\n<p><b>Hulvio:<\/b>\u00a0Tinha esta parte branca?<\/p>\n<p><b>Fernando:<\/b>\u00a0N\u00e3o, era todo escuro e redondo assim (anteriormente Jos\u00e9 Marcos havia desenhado o olho, com cerca de 1 polegada de di\u00e2metro, de forma circular e com um risco horizontal mais escuro, no lugar da pupila.<\/p>\n<p><b>Hulvio:<\/b>\u00a0E como era o seu nariz?<\/p>\n<p><b>Fernando:<\/b>\u00a0N\u00e3o sei.<\/p>\n<p><b>Hulvio:<\/b>\u00a0Ent\u00e3o voc\u00ea afirma ter reparado a boca e o olho e n\u00e3o sabe descrever o nariz? Voc\u00ea n\u00e3o percebeu os dois orif\u00edcios logo acima a boca?<\/p>\n<p><b>Fernando:<\/b>\u00a0Eu n\u00e3o me lembro de ter visto nariz.<\/p>\n<p><b>Hulvio:<\/b>\u00a0E as orelhas, como eram?<\/p>\n<p><b>Fernando:<\/b>\u00a0Tamb\u00e9m n\u00e3o vi.<\/p>\n<p><b>Hulvio:<\/b>\u00a0Como n\u00e3o viu as orelhas, se o capacete era todo transparente?<\/p>\n<p><b>Fernando:<\/b>\u00a0N\u00e3o sei. A cara dele era toda igual, toda vermelha. Os dentes eram branquinhos, branquinhos! (falou com certa admira\u00e7\u00e3o). Tinha estes dentes aqui (apontou para seus pr\u00f3prios caninos), muito maiores do que os outros.<\/p>\n<p><b>Jos\u00e9 Marcos:<\/b>\u00a0N\u00e3o! Os maiores eram estes aqui (aponta para a sua arcada inferior).<\/p>\n<p><b>Hulvio:<\/b>\u00a0Fernando, voc\u00ea nos diz ter visto a face do homem, a cor do olho, dos dentes, da roupa, etc. A luz deste quintal estava acesa?<\/p>\n<p><b>Fernando:<\/b>\u00a0Estava apagada.<\/p>\n<p><b>Hulvio:<\/b>\u00a0Como \u00e9 que voc\u00ea poderia ter percebido tantos detalhes, se o homem estava de costas para a luz que vinha do aparelho?<\/p>\n<p><b>Fernando:<\/b>\u00a0(com muita \u00eanfase) Mas a luz da &#8220;bola&#8221; clareava tudo isto aqui! E havia tamb\u00e9m um pouco de luar.<\/p>\n<p><b>Hulvio:<\/b>\u00a0E nenhum vizinho saiu de casa para ver essa luz?<\/p>\n<p><b>Fernando:<\/b>\u00a0Eu n\u00e3o vi nenhum vizinho aparecer no quintal do lado.<\/p>\n<p><b>Hulvio:<\/b>\u00a0Fernando, voc\u00ea disse que o homem falou com voc\u00eas, enquanto fazia gestos?<\/p>\n<p><b>Fernando:<\/b>\u00a0N\u00e3o.<\/p>\n<p><b>Hulvio:<\/b>\u00a0Voc\u00ea acha que a fala do homem era parecida com franc\u00eas, ingl\u00eas ou outra l\u00edngua estrangeira?<\/p>\n<p><b>Fernando:<\/b>\u00a0N\u00e3o sei.<\/p>\n<p><b>Hulvio:<\/b>\u00a0Como era a voz dele?<\/p>\n<p><b>Fernando:<\/b>\u00a0Era dez vezes mais grossa que a sua.<\/p>\n<p><b>Hulvio:<\/b>\u00a0Enquanto o homem estava no ch\u00e3o voc\u00ea viu o aparelho balan\u00e7ar sobre as \u00e1rvores?<\/p>\n<p><b>Fernando:<\/b>\u00a0O aparelho n\u00e3o balan\u00e7ou.<\/p>\n<p><b>Hulvio:<\/b>\u00a0E que faziam as pessoas que continuaram dentro dele?<\/p>\n<p><b>Fernando:<\/b>\u00a0Hum homem estava sentado na frente de uma coisa parecida com televis\u00e3o e mexia com as m\u00e3os na parte de baixo (reproduziu o movimento de dedilhar teclado).<\/p>\n<p><b>Hulvio:<\/b>\u00a0Voc\u00ea viu alguma figura na televis\u00e3o?<\/p>\n<p><b>Fernando:<\/b>\u00a0Ela estava meio de lado, mas pude ver uns risquinhos passando.<\/p>\n<p><b>Hulvio:<\/b>\u00a0E as outras pessoas, que faziam?<\/p>\n<p><b>Fernando:<\/b>\u00a0Continuaram sentadas.<\/p>\n<p><b>Hulvio:<\/b>\u00a0Em cadeiras?<\/p>\n<p><b>Fernando:<\/b>\u00a0N\u00e3o, n\u00e3o eram cadeiras, eram banquinhos de uma s\u00f3 perna.<\/p>\n<p><b>Hulvio:<\/b>\u00a0\u00c9 verdade que, quando o homem ia embora e ouviu a pergunta de Jos\u00e9 Marcos ele fez movimentos com a cabe\u00e7a?<\/p>\n<p><b>Fernando:<\/b>\u00a0Quando o homem come\u00e7ava a se afastar o Marquinhos me perguntou se ele voltaria. Ent\u00e3o o homem fez muitos movimentos com a cabe\u00e7a.<\/p>\n<p><b>Hulvio:<\/b>\u00a0Jos\u00e9 Marcos, repita, por favor, a pergunta que voc\u00ea fez ao Fernando. E Fernando vai imitar os movimentos do homem.<\/p>\n<p><b>Jos\u00e9 Marcos:<\/b>\u00a0&#8220;Ih!&#8230; Ser\u00e1 que ele vai voltar outra vez&#8221;?<\/p>\n<p><b>Fernando:<\/b>\u00a0(gira a cabe\u00e7a).<\/p>\n<p><b>Hulvio:<\/b>\u00a0Agora, Fernando, imite a maneira como o homem foi embora.<\/p>\n<p><b>Fernando:<\/b>\u00a0(Come\u00e7a a caminhar pausadamente, rumo ao abacateiro; a meio caminho, p\u00e1ra, curva-se para a esquerda e retira do ch\u00e3o uma pequena planta).<\/p>\n<p><b>Hulvio:<\/b>\u00a0O que \u00e9 isso?<\/p>\n<p><b>Fernando:<\/b>\u00a0Neste lugar o homem abaixou e arrancou uma folha; depois andou at\u00e9 ali, parou e levantou os dois bra\u00e7os. (imitando). E as duas listas de luz apareceram de novo. Ele foi subindo no meio delas at\u00e9 a &#8220;bola&#8221;.<\/p>\n<p><b>Hulvio:<\/b>\u00a0E depois?<\/p>\n<p><b>Fernando:<\/b>\u00a0Depois a luz ficou mais forte e ela come\u00e7ou a subir devagar. De repente deu um clar\u00e3o e ela se apagou, sumindo ali por tr\u00e1s do telhado. Nesse momento parece que produziu um vento.<\/p>\n<p><b>Hulvio:<\/b>\u00a0Voc\u00ea n\u00e3o tem certeza?<\/p>\n<p><b>Fernando:<\/b>\u00a0Eu senti alguma coisa, no ar, que me fez pensar nisso.<\/p>\n<p><b>Hulvio:<\/b>\u00a0Fernando, repare quanta gente j\u00e1 se reuniu aqui para ouvir sua hist\u00f3ria. Voc\u00ea n\u00e3o percebe que se inventar uma coisas dessas voc\u00ea pode se prejudicar e tamb\u00e9m \u00e0 sua fam\u00edlia. Seus pais j\u00e1 me disseram que este caso n\u00e3o \u00e9 verdadeiro.<\/p>\n<p><b>Fernando:<\/b>\u00a0Se eles disseram, eu n\u00e3o sei. Mas eu estou falando a verdade.<\/p>\n<\/div>\n<p>&nbsp;<\/p>\n<h3>Pesquisas Posteriores<\/h3>\n<p>O Caso Sagrada Fam\u00edlia ficou registrado como um dos mais importantes casos da Ufologia Brasileira, devido \u00e0s suas caracter\u00edsticas peculiares. No entanto, pouco ou quase nada se divulga sobre o per\u00edodo posterior ao caso. Como foi a rea\u00e7\u00e3o da fam\u00edlia, amigos e do c\u00edrculo social das testemunhas, frente ao caso. Tamb\u00e9m n\u00e3o \u00e9 conhecida a vis\u00e3o posterior dos envolvidos, tempos depois de decorrido o caso. O primeiro investigador do caso , o uf\u00f3logo Alberto Francisco do Carmo, realizou uma pesquisa mais recente sobre o caso, acrescentando novos detalhes sobre o caso e as testemunhas.<\/p>\n<p>&#8220;Eu refiz, recentemente uma investiga\u00e7\u00e3o do caso, em duas etapas, uma quando os meninos j\u00e1 haviam se tornado rapazes, mas com pais vivos e idosos e outro, mais recente, quando consegui gravar um belo v\u00eddeo com Jos\u00e9 Marcos Vidal e outro com Ronaldo Eust\u00e1quio Teixeira, j\u00e1 agora homens casados respons\u00e1veis. Fernando mostrou-se arredio, pois como ele pr\u00f3prio me disse ao telefone, &#8220;queria p\u00f4r uma pedra em cima&#8221; pois foi alvo de rid\u00edculo, coisa e tal. Mas tive uma boa conversa com ele, pois n\u00e3o perdi as esperan\u00e7as de tamb\u00e9m gravar algo com ele&#8221;, conta Alberto.<\/p>\n<p>&#8220;Detalhe mais importante: todos os tr\u00eas, fizeram quest\u00e3o absoluta de que nunca tirariam proveito algum do caso. Tornaram-se bons profissionais no seus respectivos ramos,. Jos\u00e9 Marcos, desenhista-projetista, coisa interessante, pois ao fazer os retratos falados, ele menino de 7 anos, foi o mais &#8220;exigente&#8221;, n\u00e3o teve mais medo de nada e trabalhou no Iraque durante o conflito com o Ir\u00e3, na Construtora Mendes J\u00fanior; Ronaldo, cravador em joalheria, isto \u00e9 aquele que engasta as pedras nas j\u00f3ias; Fernando t\u00e9cnico em mec\u00e2nica, competent\u00edssimo e que se orgulha de nunca ter ficado sem emprego, pois sua boa fama de profissional \u00e9 respeitada de forma geral. Jos\u00e9 Marcos tornou-se esp\u00edrita e no kardecismo, desenvolveu sua veia filantr\u00f3pica, que o leva todos os domingos a cozinhar para seu centro esp\u00edrita, para a ajudar a fazer a comida, especialmente &#8220;sop\u00f5es&#8221; a mendigos&#8221;, assinala.<\/p>\n<div id=\"attachment_2793\" style=\"width: 692px\" class=\"wp-caption aligncenter\"><img aria-describedby=\"caption-attachment-2793\" loading=\"lazy\" class=\"wp-image-2793 size-large\" src=\"https:\/\/www.fenomenum.com.br\/novo\/wp-content\/uploads\/2022\/02\/PICT0393turner-682x1024.jpg\" alt=\"\" width=\"682\" height=\"1024\" \/><p id=\"caption-attachment-2793\" class=\"wp-caption-text\">Fernando Eust\u00e1quio Gualberto, indicando a estatura do estranho ser ciclope observado por ele e outros dois garotos. Imagem do acervo do original da SBEDV. Restaura\u00e7\u00e3o: Rodrigo Visoni.<\/p><\/div>\n<p>&nbsp;<\/p>\n<div id=\"attachment_2794\" style=\"width: 1034px\" class=\"wp-caption aligncenter\"><img aria-describedby=\"caption-attachment-2794\" loading=\"lazy\" class=\"wp-image-2794 size-large\" src=\"https:\/\/www.fenomenum.com.br\/novo\/wp-content\/uploads\/2022\/02\/PICT0345lampada-scaled-e1646843038181-1024x682.jpg\" alt=\"\" width=\"1024\" height=\"682\" \/><p id=\"caption-attachment-2794\" class=\"wp-caption-text\">Os tr\u00eas meninos, protagonistas do caso, com a m\u00e3e de dois deles, Dna. Maria Jos\u00e9. Imagem do acervo do original da SBEDV. Restaura\u00e7\u00e3o: Rodrigo Visoni.<\/p><\/div>\n<p>&nbsp;<\/p>\n<div id=\"attachment_2798\" style=\"width: 1034px\" class=\"wp-caption aligncenter\"><img aria-describedby=\"caption-attachment-2798\" loading=\"lazy\" class=\"wp-image-2798 size-large\" src=\"https:\/\/www.fenomenum.com.br\/novo\/wp-content\/uploads\/2022\/02\/PICT0693-1024x682.jpg\" alt=\"\" width=\"1024\" height=\"682\" \/><p id=\"caption-attachment-2798\" class=\"wp-caption-text\">Fernando e Ronaldo, junto \u00e0 sua fam\u00edlia. Foto original do acervo da SBEDV.<\/p><\/div>\n<p>&nbsp;<\/p>\n<div id=\"attachment_2795\" style=\"width: 1034px\" class=\"wp-caption aligncenter\"><img aria-describedby=\"caption-attachment-2795\" loading=\"lazy\" class=\"wp-image-2795 size-large\" src=\"https:\/\/www.fenomenum.com.br\/novo\/wp-content\/uploads\/2022\/02\/PICT0257-1024x682.jpg\" alt=\"\" width=\"1024\" height=\"682\" \/><p id=\"caption-attachment-2795\" class=\"wp-caption-text\">Fernando mostrando os gestos realizados pelo estranho ser. Foto original do acervo da SBEDV.<\/p><\/div>\n<p>&nbsp;<\/p>\n<div id=\"attachment_2796\" style=\"width: 1034px\" class=\"wp-caption aligncenter\"><img aria-describedby=\"caption-attachment-2796\" loading=\"lazy\" class=\"wp-image-2796 size-large\" src=\"https:\/\/www.fenomenum.com.br\/novo\/wp-content\/uploads\/2022\/02\/PICT0297-1024x682.jpg\" alt=\"\" width=\"1024\" height=\"682\" \/><p id=\"caption-attachment-2796\" class=\"wp-caption-text\">Fernando reconstituindo o momento em que se aproximou da cisterna. Foto original do acervo da SBEDV.<\/p><\/div>\n<p>&nbsp;<\/p>\n<div id=\"attachment_2797\" style=\"width: 1034px\" class=\"wp-caption aligncenter\"><img aria-describedby=\"caption-attachment-2797\" loading=\"lazy\" class=\"wp-image-2797 size-large\" src=\"https:\/\/www.fenomenum.com.br\/novo\/wp-content\/uploads\/2022\/02\/PICT0391-scaled-e1646844635295-1024x682.jpg\" alt=\"\" width=\"1024\" height=\"682\" \/><p id=\"caption-attachment-2797\" class=\"wp-caption-text\">Fernando mostrando a dire\u00e7\u00e3o de onde o objeto surgiu. Foto original do acervo da SBEDV.<\/p><\/div>\n<p>&nbsp;<\/p>\n<p>&nbsp;<\/p>\n<div id=\"attachment_2547\" style=\"width: 1034px\" class=\"wp-caption aligncenter\"><img aria-describedby=\"caption-attachment-2547\" loading=\"lazy\" class=\"wp-image-2547 size-large\" src=\"https:\/\/www.fenomenum.com.br\/novo\/wp-content\/uploads\/2022\/02\/PICT0541-1024x682.jpg\" alt=\"\" width=\"1024\" height=\"682\" \/><p id=\"caption-attachment-2547\" class=\"wp-caption-text\">Painel da SBEDV, sobre o caso Sagrada Fam\u00edlia. imagem do acervo do original da SBEDV.<\/p><\/div>\n<p>&nbsp;<\/p>\n<div id=\"attachment_2542\" style=\"width: 1034px\" class=\"wp-caption aligncenter\"><img aria-describedby=\"caption-attachment-2542\" loading=\"lazy\" class=\"wp-image-2542 size-large\" src=\"https:\/\/www.fenomenum.com.br\/novo\/wp-content\/uploads\/2022\/02\/PICT0394-1024x682.jpg\" alt=\"\" width=\"1024\" height=\"682\" \/><p id=\"caption-attachment-2542\" class=\"wp-caption-text\">Painel da SBEDV, sobre o caso Sagrada Fam\u00edlia. Imagem do acervo do original da SBEDV.<\/p><\/div>\n<p>&nbsp;<\/p>\n<h3>Refer\u00eancias:<\/h3>\n<hr \/>\n<ol>\n<li>BULHER, Walter e PEREIRA, Guilherme. O Livro Branco dos Discos Voadores. Petr\u00f3polis: Ed. Vozes, 1983.<\/li>\n<li>Boletim da Sociedade Brasileira de Estudos de Discos Voadores &#8211; Edi\u00e7\u00e3o 48-50<\/li>\n<li>Boletim da Sociedade Brasileira de Estudos de Discos Voadores &#8211; Edi\u00e7\u00e3o 51-53<\/li>\n<li>Boletim da Sociedade Brasileira de Estudos de Discos Voadores &#8211; Edi\u00e7\u00e3o 55-59<\/li>\n<li>Boletim da Sociedade Brasileira de Estudos de Discos Voadores &#8211; Edi\u00e7\u00e3o 62-65<\/li>\n<li>SBEDV. Contatos com extraterrestres no Brasil. Revista UFO, Campo Grande, n\u00ba 1, p.5 p.11, mar\u00e7o 1988.<\/li>\n<li>PEREIRA, Jader. Tipologia dos human\u00f3ides extraterrestres. Cole\u00e7\u00e3o Biblioteca UFO, n\u00ba 1, Mar\u00e7o 1991.<\/li>\n<li><a href=\"http:\/\/www.infa.com.br\/o_caso_sagrada_familia.html\" target=\"_blank\" rel=\"noopener\">http:\/\/www.infa.com.br\/o_caso_sagrada_familia.html<\/a><\/li>\n<li><a href=\"http:\/\/www.infa.com.br\/tipologia_extraterrestre01.html\" target=\"_blank\" rel=\"noopener\">http:\/\/www.infa.com.br\/tipologia_extraterrestre01.html<\/a><\/li>\n<li><a href=\"http:\/\/ufo-nordeste.blogspot.com\/2008\/12\/o-caso-sagrada-familia.html\" target=\"_blank\" rel=\"noopener\">http:\/\/ufo-nordeste.blogspot.com\/2008\/12\/o-caso-sagrada-familia.html<\/a><\/li>\n<li><a href=\"http:\/\/www.jornalexpress.com.br\/noticias\/detalhes.php?id_jornal=6191&amp;id_noticia=884\" target=\"_blank\" rel=\"noopener\">http:\/\/www.jornalexpress.com.br\/noticias\/detalhes.php?id_jornal=6191&amp;id_noticia=884<\/a><\/li>\n<li><a href=\"http:\/\/revistaviverbrasil.com.br\/revista-viver-brasil-edicoes-anteriores\/03\/secao_reportagem.php\" target=\"_blank\" rel=\"noopener\">http:\/\/revistaviverbrasil.com.br\/revista-viver-brasil-edicoes-anteriores\/03\/secao_reportagem.php<\/a><\/li>\n<li><a href=\"http:\/\/www.gforum.tv\/board\/1656\/248192\/o-caso-sagrada-familia.html\" target=\"_blank\" rel=\"noopener\">http:\/\/www.gforum.tv\/board\/1656\/248192\/o-caso-sagrada-familia.html<\/a><\/li>\n<li><a href=\"http:\/\/www.mysterious-america.net\/brazilianhumanoi.html\" target=\"_blank\" rel=\"noopener\">http:\/\/www.mysterious-america.net\/brazilianhumanoi.html<\/a><\/li>\n<li><a href=\"http:\/\/enigma900.blogspot.com\/2006\/06\/los-cclopes-extraterrestres.html\" target=\"_blank\" rel=\"noopener\">http:\/\/enigma900.blogspot.com\/2006\/06\/los-cclopes-extraterrestres.html<\/a><\/li>\n<\/ol>\n<section id=\"content\">\n<div class=\"container\">\n<div class=\"row\">\n<div class=\"col-lg-8\"><\/div>\n<\/div>\n<\/div>\n<\/section>\n","protected":false},"excerpt":{"rendered":"<p>Um dos mais extraordin\u00e1rios casos ufol\u00f3gicos ocorreu no Bairro Sagrada Fam\u00edlia, em Belo Horizonte (MG), tendo como protagonista 3 garotos que contataram um ser human\u00f3ide, ciclope, com aproximadamente 2 metros e meio de altura. Durante a ultima onda de observa\u00e7\u00f5es de OANI, em meados de 1965, uma surpreendente not\u00edcia foi publicada, sob t\u00edtulo acima, por [&hellip;]<\/p>\n","protected":false},"author":5,"featured_media":2552,"comment_status":"open","ping_status":"open","sticky":false,"template":"","format":"standard","meta":{"inline_featured_image":false},"categories":[132,105],"tags":[],"_links":{"self":[{"href":"https:\/\/www.fenomenum.com.br\/novo\/wp-json\/wp\/v2\/posts\/1843"}],"collection":[{"href":"https:\/\/www.fenomenum.com.br\/novo\/wp-json\/wp\/v2\/posts"}],"about":[{"href":"https:\/\/www.fenomenum.com.br\/novo\/wp-json\/wp\/v2\/types\/post"}],"author":[{"embeddable":true,"href":"https:\/\/www.fenomenum.com.br\/novo\/wp-json\/wp\/v2\/users\/5"}],"replies":[{"embeddable":true,"href":"https:\/\/www.fenomenum.com.br\/novo\/wp-json\/wp\/v2\/comments?post=1843"}],"version-history":[{"count":1,"href":"https:\/\/www.fenomenum.com.br\/novo\/wp-json\/wp\/v2\/posts\/1843\/revisions"}],"predecessor-version":[{"id":6831,"href":"https:\/\/www.fenomenum.com.br\/novo\/wp-json\/wp\/v2\/posts\/1843\/revisions\/6831"}],"wp:featuredmedia":[{"embeddable":true,"href":"https:\/\/www.fenomenum.com.br\/novo\/wp-json\/wp\/v2\/media\/2552"}],"wp:attachment":[{"href":"https:\/\/www.fenomenum.com.br\/novo\/wp-json\/wp\/v2\/media?parent=1843"}],"wp:term":[{"taxonomy":"category","embeddable":true,"href":"https:\/\/www.fenomenum.com.br\/novo\/wp-json\/wp\/v2\/categories?post=1843"},{"taxonomy":"post_tag","embeddable":true,"href":"https:\/\/www.fenomenum.com.br\/novo\/wp-json\/wp\/v2\/tags?post=1843"}],"curies":[{"name":"wp","href":"https:\/\/api.w.org\/{rel}","templated":true}]}}