{"id":2472,"date":"2022-03-07T11:08:03","date_gmt":"2022-03-07T14:08:03","guid":{"rendered":"https:\/\/www.fenomenum.com.br\/?p=2472"},"modified":"2025-04-21T13:04:19","modified_gmt":"2025-04-21T16:04:19","slug":"o-fantastico-caso-lins","status":"publish","type":"post","link":"https:\/\/www.fenomenum.com.br\/novo\/o-fantastico-caso-lins\/","title":{"rendered":"O Fant\u00e1stico Caso Lins"},"content":{"rendered":"<section id=\"inner-headline\">\n<div class=\"container\">\n<div class=\"row\">\n<div id=\"resumo\" class=\"resumo\" style=\"padding-left: 40px;\"><strong>Um dos mais interessantes casos da Ufologia Brasileira ocorreu no Hospital Serafim Correa, em Lins (SP), em 25 de agosto de 1968.<\/strong><\/div>\n<\/div>\n<\/div>\n<\/section>\n<div>\n<hr \/>\n<p>Texto original da SBEDV<\/p>\n<p>&nbsp;<\/p>\n<p>Na madrugada de 25 de agosto de 1968 ocorreu um fato do sanat\u00f3rio Serafim Ferreira, em Lins (SP), que pelo seu aspecto abalou a opini\u00e3o p\u00fablica amplamente divulgado por jornais e revistas do pa\u00eds. Quatro meses ap\u00f3s a ocorr\u00eancia, a SBEDV entrevistou a principal protagonista do caso, D. Maria Jos\u00e9 Cintra, em sua resid\u00eancia na localidade de Cai\u00e7ara, que fica a 45 minutos a p\u00e9 do sanat\u00f3rio.<\/p>\n<p>Segundo seu depoimento, por volta das 5 horas da manh\u00e3 do dia 25 ela levantou-se, e fazia sua ora\u00e7\u00e3o di\u00e1ria quando ouviu ru\u00eddos estranhos parecidos com &#8220;estalinho&#8221; no lado de fora, no p\u00e1tio do sanat\u00f3rio. Ela abriu a janela pensando tratar-se de um carro mas ao inv\u00e9s disso viu um vulto de uma mulher em frente \u00e0 porta do sanat\u00f3rio.<\/p>\n<p>D. Maria disse para ela esperar que j\u00e1 abriria a porta. ela vestiu seu jaleco e desceu as escadas em dire\u00e7\u00e3o \u00e0 porta. Como de praxe ela perguntou se era internamento. A estranha mulher respondeu em um idioma desconhecido e lhe apresentou um frasco, de uns 20 cm de comprimento. D. Maria pensou que a visitante queria \u00e1gua e levou-a at\u00e9 o bebedouro autom\u00e1tico em outro hall de entrada. Enquanto enchia o frasco ela reparou nas caracter\u00edsticas do frasco. Ele parecia muito bem feito e tinha uma certa beleza. Ap\u00f3s isso a visitante estendeu um canequinha para recolher mais \u00e1gua.<\/p>\n<p>Enquanto a visitante bebia D. Maria Cintra falava que a \u00e1gua dali era boa sem receber qualquer comunica\u00e7\u00e3o em resposta. A seguir a visitante dirigiu um olhar de interesse em dois autom\u00f3veis estacionados do lado de fora que estavam vis\u00edveis atrav\u00e9s dos vidros da porta. Percebendo o olhar de questionamento a testemunha explicou que um dos autom\u00f3veis era do m\u00e9dico de plant\u00e3o e o outro era do administrador.<\/p>\n<p>Ap\u00f3s isso as duas voltaram pelo mesmo corredor. Ao chegar no p\u00e1tio ela entregou o frasco \u00e0 visitante que segurou uma das m\u00e3os da atendente e com a outra deu tapinhas amistosos nas costas de D. Maria ao mesmo tempo em que pronunciava as palavras &#8220;embar\u00fara, emba\u00fara, emba\u00fara&#8221;.<\/p>\n<p>Quando a visitante saiu D. Maria estava come\u00e7ando fechar a porta mas parou ao perceber que a visitante, ao inv\u00e9s de seguir para a sa\u00edda, foi em dire\u00e7\u00e3o \u00e0 canteiros em sentido oposto \u00e0 sa\u00edda. Esse caminho a levaria at\u00e9 muros altos do p\u00e1tio. Nesse momento acendeu-se uma luz difusa sobre a regi\u00e3o dos canteiros. D. Maria percebeu logo que se tratava de um objeto em formato de p\u00eara flutuando a quase um metro do ch\u00e3o.<\/p>\n<p>Em uma das vigias do objeto D. Maria viu m\u00e3os acionando dispositivos em um painel. Quando a visitante chegou no objeto este decolou emitindo os mesmos ruidos de estalinho ouvidos por D. Maria antes do epis\u00f3dio.<\/p>\n<p>Muito assustada D. Maria fechou a porta. Devido ao susto ela teve mic\u00e7\u00e3o involunt\u00e1ria e sudorese. Suas vestes ficaram muito encharcadas. Assim que o administrador do sanat\u00f3rio acordou ela relatou-se o epis\u00f3dio. Este n\u00e3o acreditou no relato e sentiu-se ofendida com a rea\u00e7\u00e3o do administrador e sua esposa.<\/p>\n<p>D. Maria levou-os at\u00e9 o local onde o objeto descera e constataram perplexos marcas de sapato dentro do sanat\u00f3rio (tanto de D. Maria quanto da visitante). No lado de fora, sobre o gramado, havia uma depress\u00e3o circular com grama chamuscada, de aproximadamente 2 metros de di\u00e2metro por 15 de profundidade.<\/p>\n<p>D. Maria descreveu a mulher como aparentemente normal, com 1,60 de altura, pele clara, vestindo capa cor azul clara, brilhante, sobre um vestido de gola alta e mangas compridas. Trazia uma esp\u00e9cie de touca na cabe\u00e7a com tecido semelhante ao da capa.<\/p>\n<p>O caso foi investigado pelo SIOANI, na \u00e9poca um \u00f3rg\u00e3o da FAB destinado a pesquisa ufol\u00f3gica.<\/p>\n<\/div>\n<div id=\"attachment_2491\" style=\"width: 1030px\" class=\"wp-caption aligncenter\"><img aria-describedby=\"caption-attachment-2491\" loading=\"lazy\" class=\"wp-image-2491 size-full\" src=\"https:\/\/www.fenomenum.com.br\/novo\/wp-content\/uploads\/2022\/03\/lins.h3.png\" alt=\"\" width=\"1020\" height=\"638\" srcset=\"https:\/\/www.fenomenum.com.br\/novo\/wp-content\/uploads\/2022\/03\/lins.h3.png 1020w, https:\/\/www.fenomenum.com.br\/novo\/wp-content\/uploads\/2022\/03\/lins.h3-400x250.png 400w, https:\/\/www.fenomenum.com.br\/novo\/wp-content\/uploads\/2022\/03\/lins.h3-650x407.png 650w, https:\/\/www.fenomenum.com.br\/novo\/wp-content\/uploads\/2022\/03\/lins.h3-250x156.png 250w, https:\/\/www.fenomenum.com.br\/novo\/wp-content\/uploads\/2022\/03\/lins.h3-768x480.png 768w, https:\/\/www.fenomenum.com.br\/novo\/wp-content\/uploads\/2022\/03\/lins.h3-150x94.png 150w, https:\/\/www.fenomenum.com.br\/novo\/wp-content\/uploads\/2022\/03\/lins.h3-50x31.png 50w, https:\/\/www.fenomenum.com.br\/novo\/wp-content\/uploads\/2022\/03\/lins.h3-100x63.png 100w, https:\/\/www.fenomenum.com.br\/novo\/wp-content\/uploads\/2022\/03\/lins.h3-200x125.png 200w, https:\/\/www.fenomenum.com.br\/novo\/wp-content\/uploads\/2022\/03\/lins.h3-300x188.png 300w, https:\/\/www.fenomenum.com.br\/novo\/wp-content\/uploads\/2022\/03\/lins.h3-350x219.png 350w, https:\/\/www.fenomenum.com.br\/novo\/wp-content\/uploads\/2022\/03\/lins.h3-450x281.png 450w, https:\/\/www.fenomenum.com.br\/novo\/wp-content\/uploads\/2022\/03\/lins.h3-500x313.png 500w, https:\/\/www.fenomenum.com.br\/novo\/wp-content\/uploads\/2022\/03\/lins.h3-550x344.png 550w, https:\/\/www.fenomenum.com.br\/novo\/wp-content\/uploads\/2022\/03\/lins.h3-800x500.png 800w\" sizes=\"(max-width: 1020px) 100vw, 1020px\" \/><p id=\"caption-attachment-2491\" class=\"wp-caption-text\">A cidade de Lins, destacado em vermelho no mapa de S\u00e3o Paulo.<\/p><\/div>\n<p>&nbsp;<\/p>\n<div id=\"attachment_2482\" style=\"width: 614px\" class=\"wp-caption aligncenter\"><img aria-describedby=\"caption-attachment-2482\" loading=\"lazy\" class=\"wp-image-2482 size-full\" src=\"https:\/\/www.fenomenum.com.br\/novo\/wp-content\/uploads\/2022\/03\/Caso-SIOANI-006-Foto4-janela.jpg\" alt=\"\" width=\"604\" height=\"633\" srcset=\"https:\/\/www.fenomenum.com.br\/novo\/wp-content\/uploads\/2022\/03\/Caso-SIOANI-006-Foto4-janela.jpg 604w, https:\/\/www.fenomenum.com.br\/novo\/wp-content\/uploads\/2022\/03\/Caso-SIOANI-006-Foto4-janela-400x419.jpg 400w, https:\/\/www.fenomenum.com.br\/novo\/wp-content\/uploads\/2022\/03\/Caso-SIOANI-006-Foto4-janela-250x262.jpg 250w, https:\/\/www.fenomenum.com.br\/novo\/wp-content\/uploads\/2022\/03\/Caso-SIOANI-006-Foto4-janela-150x157.jpg 150w, https:\/\/www.fenomenum.com.br\/novo\/wp-content\/uploads\/2022\/03\/Caso-SIOANI-006-Foto4-janela-50x52.jpg 50w, https:\/\/www.fenomenum.com.br\/novo\/wp-content\/uploads\/2022\/03\/Caso-SIOANI-006-Foto4-janela-100x105.jpg 100w, https:\/\/www.fenomenum.com.br\/novo\/wp-content\/uploads\/2022\/03\/Caso-SIOANI-006-Foto4-janela-200x210.jpg 200w, https:\/\/www.fenomenum.com.br\/novo\/wp-content\/uploads\/2022\/03\/Caso-SIOANI-006-Foto4-janela-300x314.jpg 300w, https:\/\/www.fenomenum.com.br\/novo\/wp-content\/uploads\/2022\/03\/Caso-SIOANI-006-Foto4-janela-350x367.jpg 350w, https:\/\/www.fenomenum.com.br\/novo\/wp-content\/uploads\/2022\/03\/Caso-SIOANI-006-Foto4-janela-450x472.jpg 450w, https:\/\/www.fenomenum.com.br\/novo\/wp-content\/uploads\/2022\/03\/Caso-SIOANI-006-Foto4-janela-500x524.jpg 500w, https:\/\/www.fenomenum.com.br\/novo\/wp-content\/uploads\/2022\/03\/Caso-SIOANI-006-Foto4-janela-550x576.jpg 550w\" sizes=\"(max-width: 604px) 100vw, 604px\" \/><p id=\"caption-attachment-2482\" class=\"wp-caption-text\">Janela do quarto onde Maria Cintra se encontrava, por ocasi\u00e3o do in\u00edcio do contato.<\/p><\/div>\n<p>&nbsp;<\/p>\n<div id=\"attachment_2481\" style=\"width: 619px\" class=\"wp-caption aligncenter\"><img aria-describedby=\"caption-attachment-2481\" loading=\"lazy\" class=\"wp-image-2481 size-full\" src=\"https:\/\/www.fenomenum.com.br\/novo\/wp-content\/uploads\/2022\/03\/Caso-SIOANI-006-Foto3-Maria-Cintra-na-janela.jpg\" alt=\"\" width=\"609\" height=\"624\" srcset=\"https:\/\/www.fenomenum.com.br\/novo\/wp-content\/uploads\/2022\/03\/Caso-SIOANI-006-Foto3-Maria-Cintra-na-janela.jpg 609w, https:\/\/www.fenomenum.com.br\/novo\/wp-content\/uploads\/2022\/03\/Caso-SIOANI-006-Foto3-Maria-Cintra-na-janela-400x410.jpg 400w, https:\/\/www.fenomenum.com.br\/novo\/wp-content\/uploads\/2022\/03\/Caso-SIOANI-006-Foto3-Maria-Cintra-na-janela-250x256.jpg 250w, https:\/\/www.fenomenum.com.br\/novo\/wp-content\/uploads\/2022\/03\/Caso-SIOANI-006-Foto3-Maria-Cintra-na-janela-150x154.jpg 150w, https:\/\/www.fenomenum.com.br\/novo\/wp-content\/uploads\/2022\/03\/Caso-SIOANI-006-Foto3-Maria-Cintra-na-janela-50x51.jpg 50w, https:\/\/www.fenomenum.com.br\/novo\/wp-content\/uploads\/2022\/03\/Caso-SIOANI-006-Foto3-Maria-Cintra-na-janela-100x102.jpg 100w, https:\/\/www.fenomenum.com.br\/novo\/wp-content\/uploads\/2022\/03\/Caso-SIOANI-006-Foto3-Maria-Cintra-na-janela-200x205.jpg 200w, https:\/\/www.fenomenum.com.br\/novo\/wp-content\/uploads\/2022\/03\/Caso-SIOANI-006-Foto3-Maria-Cintra-na-janela-300x307.jpg 300w, https:\/\/www.fenomenum.com.br\/novo\/wp-content\/uploads\/2022\/03\/Caso-SIOANI-006-Foto3-Maria-Cintra-na-janela-350x359.jpg 350w, https:\/\/www.fenomenum.com.br\/novo\/wp-content\/uploads\/2022\/03\/Caso-SIOANI-006-Foto3-Maria-Cintra-na-janela-450x461.jpg 450w, https:\/\/www.fenomenum.com.br\/novo\/wp-content\/uploads\/2022\/03\/Caso-SIOANI-006-Foto3-Maria-Cintra-na-janela-500x512.jpg 500w, https:\/\/www.fenomenum.com.br\/novo\/wp-content\/uploads\/2022\/03\/Caso-SIOANI-006-Foto3-Maria-Cintra-na-janela-550x564.jpg 550w\" sizes=\"(max-width: 609px) 100vw, 609px\" \/><p id=\"caption-attachment-2481\" class=\"wp-caption-text\">A protagonista Maria Cintra, reconstituindo o caso, por ocasi\u00e3o da investiga\u00e7\u00e3o da For\u00e7a A\u00e9rea Brasileira atrav\u00e9s do SIOANI.<\/p><\/div>\n<p>&nbsp;<\/p>\n<div id=\"attachment_2483\" style=\"width: 780px\" class=\"wp-caption aligncenter\"><img aria-describedby=\"caption-attachment-2483\" loading=\"lazy\" class=\"wp-image-2483 size-full\" src=\"https:\/\/www.fenomenum.com.br\/novo\/wp-content\/uploads\/2022\/03\/Caso-SIOANI-006-Foto5-Simulacao.jpg\" alt=\"\" width=\"770\" height=\"522\" srcset=\"https:\/\/www.fenomenum.com.br\/novo\/wp-content\/uploads\/2022\/03\/Caso-SIOANI-006-Foto5-Simulacao.jpg 770w, https:\/\/www.fenomenum.com.br\/novo\/wp-content\/uploads\/2022\/03\/Caso-SIOANI-006-Foto5-Simulacao-400x271.jpg 400w, https:\/\/www.fenomenum.com.br\/novo\/wp-content\/uploads\/2022\/03\/Caso-SIOANI-006-Foto5-Simulacao-650x441.jpg 650w, https:\/\/www.fenomenum.com.br\/novo\/wp-content\/uploads\/2022\/03\/Caso-SIOANI-006-Foto5-Simulacao-250x169.jpg 250w, https:\/\/www.fenomenum.com.br\/novo\/wp-content\/uploads\/2022\/03\/Caso-SIOANI-006-Foto5-Simulacao-768x521.jpg 768w, https:\/\/www.fenomenum.com.br\/novo\/wp-content\/uploads\/2022\/03\/Caso-SIOANI-006-Foto5-Simulacao-150x102.jpg 150w, https:\/\/www.fenomenum.com.br\/novo\/wp-content\/uploads\/2022\/03\/Caso-SIOANI-006-Foto5-Simulacao-50x34.jpg 50w, https:\/\/www.fenomenum.com.br\/novo\/wp-content\/uploads\/2022\/03\/Caso-SIOANI-006-Foto5-Simulacao-100x68.jpg 100w, https:\/\/www.fenomenum.com.br\/novo\/wp-content\/uploads\/2022\/03\/Caso-SIOANI-006-Foto5-Simulacao-200x136.jpg 200w, https:\/\/www.fenomenum.com.br\/novo\/wp-content\/uploads\/2022\/03\/Caso-SIOANI-006-Foto5-Simulacao-300x203.jpg 300w, https:\/\/www.fenomenum.com.br\/novo\/wp-content\/uploads\/2022\/03\/Caso-SIOANI-006-Foto5-Simulacao-350x237.jpg 350w, https:\/\/www.fenomenum.com.br\/novo\/wp-content\/uploads\/2022\/03\/Caso-SIOANI-006-Foto5-Simulacao-450x305.jpg 450w, https:\/\/www.fenomenum.com.br\/novo\/wp-content\/uploads\/2022\/03\/Caso-SIOANI-006-Foto5-Simulacao-500x339.jpg 500w, https:\/\/www.fenomenum.com.br\/novo\/wp-content\/uploads\/2022\/03\/Caso-SIOANI-006-Foto5-Simulacao-550x373.jpg 550w\" sizes=\"(max-width: 770px) 100vw, 770px\" \/><p id=\"caption-attachment-2483\" class=\"wp-caption-text\">Maria Cintra reconstitui o momento em que enche uma vasilha de \u00e1gua, a pedido da Ufonauta. A senhora \u00e0 direita fez o papel da alien\u00edgena.<\/p><\/div>\n<p>&nbsp;<\/p>\n<div id=\"attachment_2479\" style=\"width: 610px\" class=\"wp-caption aligncenter\"><img aria-describedby=\"caption-attachment-2479\" loading=\"lazy\" class=\"wp-image-2479 size-full\" src=\"https:\/\/www.fenomenum.com.br\/novo\/wp-content\/uploads\/2022\/03\/Caso-SIOANI-006-Foto1-Maria-Cintra-e-Major-Zani.jpg\" alt=\"\" width=\"600\" height=\"614\" srcset=\"https:\/\/www.fenomenum.com.br\/novo\/wp-content\/uploads\/2022\/03\/Caso-SIOANI-006-Foto1-Maria-Cintra-e-Major-Zani.jpg 600w, https:\/\/www.fenomenum.com.br\/novo\/wp-content\/uploads\/2022\/03\/Caso-SIOANI-006-Foto1-Maria-Cintra-e-Major-Zani-400x409.jpg 400w, https:\/\/www.fenomenum.com.br\/novo\/wp-content\/uploads\/2022\/03\/Caso-SIOANI-006-Foto1-Maria-Cintra-e-Major-Zani-250x256.jpg 250w, https:\/\/www.fenomenum.com.br\/novo\/wp-content\/uploads\/2022\/03\/Caso-SIOANI-006-Foto1-Maria-Cintra-e-Major-Zani-150x154.jpg 150w, https:\/\/www.fenomenum.com.br\/novo\/wp-content\/uploads\/2022\/03\/Caso-SIOANI-006-Foto1-Maria-Cintra-e-Major-Zani-50x51.jpg 50w, https:\/\/www.fenomenum.com.br\/novo\/wp-content\/uploads\/2022\/03\/Caso-SIOANI-006-Foto1-Maria-Cintra-e-Major-Zani-100x102.jpg 100w, https:\/\/www.fenomenum.com.br\/novo\/wp-content\/uploads\/2022\/03\/Caso-SIOANI-006-Foto1-Maria-Cintra-e-Major-Zani-200x205.jpg 200w, https:\/\/www.fenomenum.com.br\/novo\/wp-content\/uploads\/2022\/03\/Caso-SIOANI-006-Foto1-Maria-Cintra-e-Major-Zani-300x307.jpg 300w, https:\/\/www.fenomenum.com.br\/novo\/wp-content\/uploads\/2022\/03\/Caso-SIOANI-006-Foto1-Maria-Cintra-e-Major-Zani-350x358.jpg 350w, https:\/\/www.fenomenum.com.br\/novo\/wp-content\/uploads\/2022\/03\/Caso-SIOANI-006-Foto1-Maria-Cintra-e-Major-Zani-450x461.jpg 450w, https:\/\/www.fenomenum.com.br\/novo\/wp-content\/uploads\/2022\/03\/Caso-SIOANI-006-Foto1-Maria-Cintra-e-Major-Zani-500x512.jpg 500w, https:\/\/www.fenomenum.com.br\/novo\/wp-content\/uploads\/2022\/03\/Caso-SIOANI-006-Foto1-Maria-Cintra-e-Major-Zani-550x563.jpg 550w\" sizes=\"(max-width: 600px) 100vw, 600px\" \/><p id=\"caption-attachment-2479\" class=\"wp-caption-text\">Maria Cintra ao lado do investigador da FAB Major Zani.<\/p><\/div>\n<p>&nbsp;<\/p>\n<div id=\"attachment_2480\" style=\"width: 595px\" class=\"wp-caption aligncenter\"><img aria-describedby=\"caption-attachment-2480\" loading=\"lazy\" class=\"wp-image-2480 size-full\" src=\"https:\/\/www.fenomenum.com.br\/novo\/wp-content\/uploads\/2022\/03\/Caso-SIOANI-006-Foto2-Maria-Cintra-e-Major-Zani.jpg\" alt=\"\" width=\"585\" height=\"595\" srcset=\"https:\/\/www.fenomenum.com.br\/novo\/wp-content\/uploads\/2022\/03\/Caso-SIOANI-006-Foto2-Maria-Cintra-e-Major-Zani.jpg 585w, https:\/\/www.fenomenum.com.br\/novo\/wp-content\/uploads\/2022\/03\/Caso-SIOANI-006-Foto2-Maria-Cintra-e-Major-Zani-400x407.jpg 400w, https:\/\/www.fenomenum.com.br\/novo\/wp-content\/uploads\/2022\/03\/Caso-SIOANI-006-Foto2-Maria-Cintra-e-Major-Zani-250x254.jpg 250w, https:\/\/www.fenomenum.com.br\/novo\/wp-content\/uploads\/2022\/03\/Caso-SIOANI-006-Foto2-Maria-Cintra-e-Major-Zani-150x153.jpg 150w, https:\/\/www.fenomenum.com.br\/novo\/wp-content\/uploads\/2022\/03\/Caso-SIOANI-006-Foto2-Maria-Cintra-e-Major-Zani-50x51.jpg 50w, https:\/\/www.fenomenum.com.br\/novo\/wp-content\/uploads\/2022\/03\/Caso-SIOANI-006-Foto2-Maria-Cintra-e-Major-Zani-100x102.jpg 100w, https:\/\/www.fenomenum.com.br\/novo\/wp-content\/uploads\/2022\/03\/Caso-SIOANI-006-Foto2-Maria-Cintra-e-Major-Zani-200x203.jpg 200w, https:\/\/www.fenomenum.com.br\/novo\/wp-content\/uploads\/2022\/03\/Caso-SIOANI-006-Foto2-Maria-Cintra-e-Major-Zani-300x305.jpg 300w, https:\/\/www.fenomenum.com.br\/novo\/wp-content\/uploads\/2022\/03\/Caso-SIOANI-006-Foto2-Maria-Cintra-e-Major-Zani-350x356.jpg 350w, https:\/\/www.fenomenum.com.br\/novo\/wp-content\/uploads\/2022\/03\/Caso-SIOANI-006-Foto2-Maria-Cintra-e-Major-Zani-450x458.jpg 450w, https:\/\/www.fenomenum.com.br\/novo\/wp-content\/uploads\/2022\/03\/Caso-SIOANI-006-Foto2-Maria-Cintra-e-Major-Zani-500x509.jpg 500w, https:\/\/www.fenomenum.com.br\/novo\/wp-content\/uploads\/2022\/03\/Caso-SIOANI-006-Foto2-Maria-Cintra-e-Major-Zani-550x559.jpg 550w\" sizes=\"(max-width: 585px) 100vw, 585px\" \/><p id=\"caption-attachment-2480\" class=\"wp-caption-text\">Maria Cintra ao lado do investigador da FAB Major Zani.<\/p><\/div>\n<p>&nbsp;<\/p>\n<div id=\"attachment_2484\" style=\"width: 786px\" class=\"wp-caption aligncenter\"><img aria-describedby=\"caption-attachment-2484\" loading=\"lazy\" class=\"wp-image-2484 size-full\" src=\"https:\/\/www.fenomenum.com.br\/novo\/wp-content\/uploads\/2022\/03\/Caso-SIOANI-006-Foto6-Marca-de-Pouso.jpg\" alt=\"\" width=\"776\" height=\"522\" srcset=\"https:\/\/www.fenomenum.com.br\/novo\/wp-content\/uploads\/2022\/03\/Caso-SIOANI-006-Foto6-Marca-de-Pouso.jpg 776w, https:\/\/www.fenomenum.com.br\/novo\/wp-content\/uploads\/2022\/03\/Caso-SIOANI-006-Foto6-Marca-de-Pouso-400x269.jpg 400w, https:\/\/www.fenomenum.com.br\/novo\/wp-content\/uploads\/2022\/03\/Caso-SIOANI-006-Foto6-Marca-de-Pouso-650x437.jpg 650w, https:\/\/www.fenomenum.com.br\/novo\/wp-content\/uploads\/2022\/03\/Caso-SIOANI-006-Foto6-Marca-de-Pouso-250x168.jpg 250w, https:\/\/www.fenomenum.com.br\/novo\/wp-content\/uploads\/2022\/03\/Caso-SIOANI-006-Foto6-Marca-de-Pouso-768x517.jpg 768w, https:\/\/www.fenomenum.com.br\/novo\/wp-content\/uploads\/2022\/03\/Caso-SIOANI-006-Foto6-Marca-de-Pouso-150x101.jpg 150w, https:\/\/www.fenomenum.com.br\/novo\/wp-content\/uploads\/2022\/03\/Caso-SIOANI-006-Foto6-Marca-de-Pouso-50x34.jpg 50w, https:\/\/www.fenomenum.com.br\/novo\/wp-content\/uploads\/2022\/03\/Caso-SIOANI-006-Foto6-Marca-de-Pouso-100x67.jpg 100w, https:\/\/www.fenomenum.com.br\/novo\/wp-content\/uploads\/2022\/03\/Caso-SIOANI-006-Foto6-Marca-de-Pouso-200x135.jpg 200w, https:\/\/www.fenomenum.com.br\/novo\/wp-content\/uploads\/2022\/03\/Caso-SIOANI-006-Foto6-Marca-de-Pouso-300x202.jpg 300w, https:\/\/www.fenomenum.com.br\/novo\/wp-content\/uploads\/2022\/03\/Caso-SIOANI-006-Foto6-Marca-de-Pouso-350x235.jpg 350w, https:\/\/www.fenomenum.com.br\/novo\/wp-content\/uploads\/2022\/03\/Caso-SIOANI-006-Foto6-Marca-de-Pouso-450x303.jpg 450w, https:\/\/www.fenomenum.com.br\/novo\/wp-content\/uploads\/2022\/03\/Caso-SIOANI-006-Foto6-Marca-de-Pouso-500x336.jpg 500w, https:\/\/www.fenomenum.com.br\/novo\/wp-content\/uploads\/2022\/03\/Caso-SIOANI-006-Foto6-Marca-de-Pouso-550x370.jpg 550w\" sizes=\"(max-width: 776px) 100vw, 776px\" \/><p id=\"caption-attachment-2484\" class=\"wp-caption-text\">Maria Cintra indicando a marca que surgiu no local onde o OVNI pousou.<\/p><\/div>\n<p>&nbsp;<\/p>\n<div id=\"attachment_2485\" style=\"width: 780px\" class=\"wp-caption aligncenter\"><img aria-describedby=\"caption-attachment-2485\" loading=\"lazy\" class=\"wp-image-2485 size-full\" src=\"https:\/\/www.fenomenum.com.br\/novo\/wp-content\/uploads\/2022\/03\/Caso-SIOANI-006-Foto7-Marca-de-Pouso.jpg\" alt=\"\" width=\"770\" height=\"516\" srcset=\"https:\/\/www.fenomenum.com.br\/novo\/wp-content\/uploads\/2022\/03\/Caso-SIOANI-006-Foto7-Marca-de-Pouso.jpg 770w, https:\/\/www.fenomenum.com.br\/novo\/wp-content\/uploads\/2022\/03\/Caso-SIOANI-006-Foto7-Marca-de-Pouso-400x268.jpg 400w, https:\/\/www.fenomenum.com.br\/novo\/wp-content\/uploads\/2022\/03\/Caso-SIOANI-006-Foto7-Marca-de-Pouso-650x436.jpg 650w, https:\/\/www.fenomenum.com.br\/novo\/wp-content\/uploads\/2022\/03\/Caso-SIOANI-006-Foto7-Marca-de-Pouso-250x168.jpg 250w, https:\/\/www.fenomenum.com.br\/novo\/wp-content\/uploads\/2022\/03\/Caso-SIOANI-006-Foto7-Marca-de-Pouso-768x515.jpg 768w, https:\/\/www.fenomenum.com.br\/novo\/wp-content\/uploads\/2022\/03\/Caso-SIOANI-006-Foto7-Marca-de-Pouso-150x101.jpg 150w, https:\/\/www.fenomenum.com.br\/novo\/wp-content\/uploads\/2022\/03\/Caso-SIOANI-006-Foto7-Marca-de-Pouso-50x34.jpg 50w, https:\/\/www.fenomenum.com.br\/novo\/wp-content\/uploads\/2022\/03\/Caso-SIOANI-006-Foto7-Marca-de-Pouso-100x67.jpg 100w, https:\/\/www.fenomenum.com.br\/novo\/wp-content\/uploads\/2022\/03\/Caso-SIOANI-006-Foto7-Marca-de-Pouso-200x134.jpg 200w, https:\/\/www.fenomenum.com.br\/novo\/wp-content\/uploads\/2022\/03\/Caso-SIOANI-006-Foto7-Marca-de-Pouso-300x201.jpg 300w, https:\/\/www.fenomenum.com.br\/novo\/wp-content\/uploads\/2022\/03\/Caso-SIOANI-006-Foto7-Marca-de-Pouso-350x235.jpg 350w, https:\/\/www.fenomenum.com.br\/novo\/wp-content\/uploads\/2022\/03\/Caso-SIOANI-006-Foto7-Marca-de-Pouso-450x302.jpg 450w, https:\/\/www.fenomenum.com.br\/novo\/wp-content\/uploads\/2022\/03\/Caso-SIOANI-006-Foto7-Marca-de-Pouso-500x335.jpg 500w, https:\/\/www.fenomenum.com.br\/novo\/wp-content\/uploads\/2022\/03\/Caso-SIOANI-006-Foto7-Marca-de-Pouso-550x369.jpg 550w\" sizes=\"(max-width: 770px) 100vw, 770px\" \/><p id=\"caption-attachment-2485\" class=\"wp-caption-text\">Maria Cintra indicando a marca que surgiu no local onde o OVNI pousou.<\/p><\/div>\n<p>&nbsp;<\/p>\n<div id=\"attachment_2486\" style=\"width: 780px\" class=\"wp-caption aligncenter\"><img aria-describedby=\"caption-attachment-2486\" loading=\"lazy\" class=\"wp-image-2486 size-full\" src=\"https:\/\/www.fenomenum.com.br\/novo\/wp-content\/uploads\/2022\/03\/Caso-SIOANI-006-Foto8-Marca-de-Pouso.jpg\" alt=\"\" width=\"770\" height=\"516\" srcset=\"https:\/\/www.fenomenum.com.br\/novo\/wp-content\/uploads\/2022\/03\/Caso-SIOANI-006-Foto8-Marca-de-Pouso.jpg 770w, https:\/\/www.fenomenum.com.br\/novo\/wp-content\/uploads\/2022\/03\/Caso-SIOANI-006-Foto8-Marca-de-Pouso-400x268.jpg 400w, https:\/\/www.fenomenum.com.br\/novo\/wp-content\/uploads\/2022\/03\/Caso-SIOANI-006-Foto8-Marca-de-Pouso-650x436.jpg 650w, https:\/\/www.fenomenum.com.br\/novo\/wp-content\/uploads\/2022\/03\/Caso-SIOANI-006-Foto8-Marca-de-Pouso-250x168.jpg 250w, https:\/\/www.fenomenum.com.br\/novo\/wp-content\/uploads\/2022\/03\/Caso-SIOANI-006-Foto8-Marca-de-Pouso-768x515.jpg 768w, https:\/\/www.fenomenum.com.br\/novo\/wp-content\/uploads\/2022\/03\/Caso-SIOANI-006-Foto8-Marca-de-Pouso-150x101.jpg 150w, https:\/\/www.fenomenum.com.br\/novo\/wp-content\/uploads\/2022\/03\/Caso-SIOANI-006-Foto8-Marca-de-Pouso-50x34.jpg 50w, https:\/\/www.fenomenum.com.br\/novo\/wp-content\/uploads\/2022\/03\/Caso-SIOANI-006-Foto8-Marca-de-Pouso-100x67.jpg 100w, https:\/\/www.fenomenum.com.br\/novo\/wp-content\/uploads\/2022\/03\/Caso-SIOANI-006-Foto8-Marca-de-Pouso-200x134.jpg 200w, https:\/\/www.fenomenum.com.br\/novo\/wp-content\/uploads\/2022\/03\/Caso-SIOANI-006-Foto8-Marca-de-Pouso-300x201.jpg 300w, https:\/\/www.fenomenum.com.br\/novo\/wp-content\/uploads\/2022\/03\/Caso-SIOANI-006-Foto8-Marca-de-Pouso-350x235.jpg 350w, https:\/\/www.fenomenum.com.br\/novo\/wp-content\/uploads\/2022\/03\/Caso-SIOANI-006-Foto8-Marca-de-Pouso-450x302.jpg 450w, https:\/\/www.fenomenum.com.br\/novo\/wp-content\/uploads\/2022\/03\/Caso-SIOANI-006-Foto8-Marca-de-Pouso-500x335.jpg 500w, https:\/\/www.fenomenum.com.br\/novo\/wp-content\/uploads\/2022\/03\/Caso-SIOANI-006-Foto8-Marca-de-Pouso-550x369.jpg 550w\" sizes=\"(max-width: 770px) 100vw, 770px\" \/><p id=\"caption-attachment-2486\" class=\"wp-caption-text\">O local onde o UFO pousou ficou esterilizado por algum tempo.<\/p><\/div>\n<p>&nbsp;<\/p>\n<div id=\"attachment_2476\" style=\"width: 1034px\" class=\"wp-caption aligncenter\"><img aria-describedby=\"caption-attachment-2476\" loading=\"lazy\" class=\"wp-image-2476 size-large\" src=\"https:\/\/www.fenomenum.com.br\/novo\/wp-content\/uploads\/2022\/03\/Caso-SIOANI-006-Croqui-Colorido-1-1024x710.jpg\" alt=\"\" width=\"1024\" height=\"710\" \/><p id=\"caption-attachment-2476\" class=\"wp-caption-text\">Desenho elaborado por especialistas do SIOANI a partir do depoimento de Dna Maria Cintra.<\/p><\/div>\n<div><\/div>\n<div><\/div>\n<div><\/div>\n<div>\n<div id=\"attachment_2492\" style=\"width: 348px\" class=\"wp-caption aligncenter\"><img aria-describedby=\"caption-attachment-2492\" loading=\"lazy\" class=\"wp-image-2492 size-full\" src=\"https:\/\/www.fenomenum.com.br\/novo\/wp-content\/uploads\/2022\/03\/lins.h10.gif\" alt=\"\" width=\"338\" height=\"234\" \/><p id=\"caption-attachment-2492\" class=\"wp-caption-text\">Fachada do Hospital Serafim Correa. A seta indica o quarto de Dna. Maria Cintra.<\/p><\/div>\n<\/div>\n<div><\/div>\n<div><\/div>\n<div><\/div>\n<div><\/div>\n<div>\n<div id=\"attachment_2493\" style=\"width: 267px\" class=\"wp-caption aligncenter\"><img aria-describedby=\"caption-attachment-2493\" loading=\"lazy\" class=\"wp-image-2493 size-full\" src=\"https:\/\/www.fenomenum.com.br\/novo\/wp-content\/uploads\/2022\/03\/lins.h11.gif\" alt=\"\" width=\"257\" height=\"210\" \/><p id=\"caption-attachment-2493\" class=\"wp-caption-text\">Desenho de Dna. Maria referente ao objeto pousado a frente do hospital.<\/p><\/div>\n<\/div>\n<div><\/div>\n<div><\/div>\n<div><\/div>\n<h2>Refer\u00eancias:<\/h2>\n<div>\n<hr \/>\n<\/div>\n<div><\/div>\n<ol>\n<li>BULHER, Walter e PEREIRA, Guilherme. O Livro Branco dos Discos Voadores. Petr\u00f3polis: Ed. Vozes, 1983.<\/li>\n<li>Boletim da Sociedade Brasileira de Estudos de Discos Voadores &#8211; Edi\u00e7\u00e3o 66-68<\/li>\n<li>Boletim da Sociedade Brasileira de Estudos de Discos Voadores &#8211; Edi\u00e7\u00e3o 1975<\/li>\n<li>SBEDV. Contatos com extraterrestres no Brasil. Revista UFO, Campo Grande, n\u00ba 1, p.5 p.11, mar\u00e7o 1988.<\/li>\n<li>LAUDA, Jaime. UFO Cl\u00e1ssico: Caso Maria Cintra &#8211; Lins, 1968. Ufologia Nacional e Internacional, Campo Grande, n\u00ba 1, p. 9, mar\u00e7o 1985.<\/li>\n<li><a href=\"http:\/\/www.ufoblogger.blogspot.com\/2008\/11\/sioani-maria-cintra-lencio-nunes-viana.html\" target=\"_blank\" rel=\"noopener\">http:\/\/www.ufoblogger.blogspot.com\/2008\/11\/sioani-maria-cintra-lencio-nunes-viana.html<\/a><\/li>\n<li><a href=\"http:\/\/www.portaldascuriosidades.com\/forum\/index.php?topic=28127.0\" target=\"_blank\" rel=\"noopener\">http:\/\/www.portaldascuriosidades.com\/forum\/index.php?topic=28127.0<\/a><\/li>\n<li><a href=\"http:\/\/www.sobrenatural.org\/materia\/detalhar\/4100\/caso_maria_cintra\/\" target=\"_blank\" rel=\"noopener\">http:\/\/www.sobrenatural.org\/materia\/detalhar\/4100\/caso_maria_cintra\/<\/a><\/li>\n<li><a href=\"http:\/\/sociedadesecreta.blogs.sapo.pt\/arquivo\/2004_02.html\" target=\"_blank\" rel=\"noopener\">http:\/\/sociedadesecreta.blogs.sapo.pt\/arquivo\/2004_02.html<\/a><\/li>\n<li><a href=\"http:\/\/www.midiaindependente.org\/pt\/blue\/2008\/03\/414653.shtml\" target=\"_blank\" rel=\"noopener\">http:\/\/www.midiaindependente.org\/pt\/blue\/2008\/03\/414653.shtml<\/a><\/li>\n<li><a href=\"http:\/\/www.ufo.com.br\/index.php?arquivo=notComp.php&amp;offset=60&amp;id=273\" target=\"_blank\" rel=\"noopener\">http:\/\/www.ufo.com.br\/index.php?arquivo=notComp.php&amp;offset=60&amp;id=273<\/a><\/li>\n<li>PEREIRA, Jader. Tipologia dos human\u00f3ides extraterrestres. Cole\u00e7\u00e3o Biblioteca UFO, n\u00ba 1, Mar\u00e7o 1991.<\/li>\n<li><a href=\"https:\/\/www.fenomenum.com.br\/novo\/wp-content\/uploads\/2022\/03\/Caso-SIOANI-006.pdf\">Caso SIOANI 006<\/a><\/li>\n<li><a href=\"https:\/\/www.fenomenum.com.br\/novo\/wp-content\/uploads\/2022\/03\/Caso-SIOANI-006-Colorido-ORIGINAL.pdf\">Caso SIOANI 006 Colorido ORIGINAL<\/a><\/li>\n<\/ol>\n<div><\/div>\n<div><\/div>\n<section id=\"content\">\n<div class=\"container\">\n<div class=\"row\">\n<div class=\"col-lg-8\"><\/div>\n<\/div>\n<\/div>\n<\/section>\n","protected":false},"excerpt":{"rendered":"<p>Um dos mais interessantes casos da Ufologia Brasileira ocorreu no Hospital Serafim Correa, em Lins (SP), em 25 de agosto de 1968. Texto original da SBEDV &nbsp; Na madrugada de 25 de agosto de 1968 ocorreu um fato do sanat\u00f3rio Serafim Ferreira, em Lins (SP), que pelo seu aspecto abalou a opini\u00e3o p\u00fablica amplamente divulgado [&hellip;]<\/p>\n","protected":false},"author":5,"featured_media":2473,"comment_status":"open","ping_status":"open","sticky":false,"template":"","format":"standard","meta":{"inline_featured_image":false},"categories":[132,105],"tags":[],"_links":{"self":[{"href":"https:\/\/www.fenomenum.com.br\/novo\/wp-json\/wp\/v2\/posts\/2472"}],"collection":[{"href":"https:\/\/www.fenomenum.com.br\/novo\/wp-json\/wp\/v2\/posts"}],"about":[{"href":"https:\/\/www.fenomenum.com.br\/novo\/wp-json\/wp\/v2\/types\/post"}],"author":[{"embeddable":true,"href":"https:\/\/www.fenomenum.com.br\/novo\/wp-json\/wp\/v2\/users\/5"}],"replies":[{"embeddable":true,"href":"https:\/\/www.fenomenum.com.br\/novo\/wp-json\/wp\/v2\/comments?post=2472"}],"version-history":[{"count":1,"href":"https:\/\/www.fenomenum.com.br\/novo\/wp-json\/wp\/v2\/posts\/2472\/revisions"}],"predecessor-version":[{"id":6872,"href":"https:\/\/www.fenomenum.com.br\/novo\/wp-json\/wp\/v2\/posts\/2472\/revisions\/6872"}],"wp:featuredmedia":[{"embeddable":true,"href":"https:\/\/www.fenomenum.com.br\/novo\/wp-json\/wp\/v2\/media\/2473"}],"wp:attachment":[{"href":"https:\/\/www.fenomenum.com.br\/novo\/wp-json\/wp\/v2\/media?parent=2472"}],"wp:term":[{"taxonomy":"category","embeddable":true,"href":"https:\/\/www.fenomenum.com.br\/novo\/wp-json\/wp\/v2\/categories?post=2472"},{"taxonomy":"post_tag","embeddable":true,"href":"https:\/\/www.fenomenum.com.br\/novo\/wp-json\/wp\/v2\/tags?post=2472"}],"curies":[{"name":"wp","href":"https:\/\/api.w.org\/{rel}","templated":true}]}}