{"id":2652,"date":"2022-03-08T18:14:41","date_gmt":"2022-03-08T21:14:41","guid":{"rendered":"https:\/\/www.fenomenum.com.br\/?p=2652"},"modified":"2025-04-21T13:03:57","modified_gmt":"2025-04-21T16:03:57","slug":"caso-lake-anten","status":"publish","type":"post","link":"https:\/\/www.fenomenum.com.br\/novo\/caso-lake-anten\/","title":{"rendered":"Caso Lake Anten"},"content":{"rendered":"<p style=\"padding-left: 40px;\"><strong>OVNI \u00e9 observado por dezenas de pessoas em Lake Anten, Su\u00e9cia, em 29 de agosto de 1970. No dia seguinte s\u00e3o encontradas marcas derivadas do pouso do estranho objeto.<\/strong><\/p>\n<hr \/>\n<p>Em 29 de agosto de 1970, ocorreu um interessante caso ufol\u00f3gico a oeste de Lake Anten, (40 quil\u00f4metros noroeste de Gothenburg), Su\u00e9cia. Neste local e data, foi encontrada uma estranha marca em um jardim de uma pequena fazenda, de propriedade de Richard Johansson, pr\u00f3ximo \u00e0 regi\u00e3o de Lake Antes, na Su\u00e9cia. A marca corresponde \u00e0 outras marcas de pouso de UFOs encontrados pelo mundo inteiro. Na noite anterior ao surgimento da marca v\u00e1rias pessoas da regi\u00e3o observaram uma estranha luz avermelhada sobrevoando a regi\u00e3o. O objeto tinha um tamanho compar\u00e1vel ao da lua cheia. &#8220;Eu n\u00e3o vi ou ouvi nada. Veja que eu fui para a cama \u00e0s 21 horas, mas meu quarto fica do lado oposto da casa. Eu n\u00e3o fiquei particularmente incomodado com o incidente, mas ele foi interessante para as pessoas da regi\u00e3o. Todos que estiveram l\u00e1 cuidaram para n\u00e3o destruir nada&#8221;.<\/p>\n<p>V\u00e1rios vizinhos de Richard Johansson observaram um estranho objeto luminoso na noite anterior ao surgimento das marcas. Um deles \u00e9 o Sr. Karlsson, propriet\u00e1rio de uma fazenda pr\u00f3xima. &#8220;Eu estava indo para a cama, era um pouco antes da meia noite, quando eu vi que os carros da rodovia estavam parados e com as luzes desligadas. Ent\u00e3o um garoto veio correndo e contando sobre algo de cor vermelha que ele viu acima de Enebacken, a 500 metros de dist\u00e2ncia. Eu sai para dar uma olhada e consegui ver a estranha luz vermelha. Ele foi por cima da floresta. Apenas quando eu o vi \u00e9 que eu ouvi o som daquilo.<\/p>\n<p>Isto foi o que mais me deixou perplexo. Primeiro eu pensei que era um avi\u00e3o, mas depois eu percebi que n\u00e3o poderia ser isso. Ele agiu de forma estranha, e al\u00e9m disso era redondo e tinha uma luz brilhante e muito vermelha. Ele foi para cima e para baixo e depois voou para Enebacken. Algumas vezes ele desaparecia abaixo do topo das \u00e1rvores para reapareceu pouco tempo depois. Sua velocidade variava, algumas vezes ele flutuava silenciosamente apenas e depois acelerava muito rapidamente. Em uma ocasi\u00e3o o objeto estava quase na borda da floresta, a apenas 200 metros de dist\u00e2ncia. Ent\u00e3o eu vi alguns raios de luz vindo dele. Eles eram de cor amarelo-clara e parecia que vinham do lado da esfera vermelha, que tinha metade do tamanho da lua. N\u00f3s ficamos observando do lado de fora por algum tempo, mas depois entramos e observamos atrav\u00e9s da janela. Quando eu fui para a cama era 2:00 e a luz ainda estava l\u00e1&#8221;.<\/p>\n<p><a name=\"testemunhas\"><\/a><\/p>\n<h3>V\u00e1rias testemunhas<\/h3>\n<p>Outra testemunha foi P. Nilsson, que trafegava pela rodovia. &#8220;Meu amigo e eu trafeg\u00e1vamos pela estrada vindos de Alingsas. Era 11:15 ou 11:30. N\u00f3s avistamos uma luz vermelha movendo-se para cima e para baixo e voltava para o mesmo lugar. Meu amigo parou o carro e n\u00f3s sa\u00edmos. A luz estava a esquerda de n\u00f3s, acima de Enebacken. N\u00f3s a observamos por aproximadamente 10 minutos e depois fomos embora&#8221;.<\/p>\n<p>Outra testemunha, a senhora Olsson declarou: &#8220;Meu marido e eu est\u00e1vamos retornando de uma visita para alguns amigos. N\u00f3s vimos algo parecido com uma lanterna traseira de um carro, de cor vermelho-amarelado. Primeiro pensamos que era um avi\u00e3o, mais tarde n\u00f3s conclu\u00edmos que n\u00e3o era. N\u00f3s olhamos isso por uns 3 ou 4 minutos. Era por volta de 0:25 hs&#8221;.<\/p>\n<p>A senhora E. Aronsson, por sua vez, declarou: &#8220;Pouco antes de 11:30, eu vi junto \u00e0 um amigo, uma bola iluminada brilhante bem acima do topo das \u00e1rvores. Primeiro eu pensei que era a luz, mas ele era vermelho e muito brilhante&#8221;.<\/p>\n<p>Todas estas testemunhas estavam a leste e Enebacken. Ao norte de Enebacken outras pessoas tamb\u00e9m avistaram o estranho objeto. Embora desconhecessem os relatos das pessoas ao sul de Enebacken, seus depoimentos foram id\u00eanticos em todos os detalhes, incluindo detalhes referentes \u00e0 manobras, deslocamento colora\u00e7\u00e3o e posi\u00e7\u00e3o do estranho objeto. Uma das testemunhas, o senhor E. Johansson declarou: &#8220;Eu vi a bola vermelha e brilhante sobre Enebacken, por volta das 23:45 hs. Eu estava junto com minha esposa e outro casal. N\u00f3s estimamos o seu tamanho como um pouco menor que a lua cheia. Ele se movia para cima e para baixo, na floresta. N\u00f3s pudemos ver tamb\u00e9m algo como um feixe de luz vindo do terreno at\u00e9 a luz. Era muito bonito de se ver. A luz era constante no brilho e criou uma linhas de ilumina\u00e7\u00e3o na superf\u00edcie do Lago Haslingen.<\/p>\n<p>As testemunhas ao norte de Enebacken estavam distantes aproximadamente 1 quil\u00f4metro em rela\u00e7\u00e3o ao local onde o fen\u00f4meno acontecia. Pouco depois da meia noite, o senhor E. Johansson e um outro homem pegaram um carro na tentativa de descobrir o que era aquela luz. Quando entraram na rodovia no sentido para Enebacken, eles encontraram outro carro parado ali. Dentro dele estava um jovem rapaz que disse que eles tamb\u00e9m estavam tentando descobrir o que era o estranho objeto. Enquanto eles estavam parados ali, a luz desapareceu.<\/p>\n<p>O Senhor Johansson e seu amigo pensaram que era algu\u00e9m em Enebacken usando um bal\u00e3o, ou algo do tipo, ent\u00e3o eles resolveram voltar para casa. Depois de chegar em casa eles puderam observar o estranho objeto novamente. Por volta da 1:00 hs, eles se casaram de observ\u00e1-lo e foram dormir. A leste e a oeste de Enebacken tamb\u00e9m houveram testemunhas. E descreveram basicamente as mesmas coisas.<\/p>\n<p>Na manh\u00e3 seguinte, em um jardim na fazenda de Richard Johansson, foi encontrada uma marca triangular. Em cada ponta do tri\u00e2ngulo havia um burado de 40 cm de di\u00e2metro por 4 cm de profundidade. Eles n\u00e3o eram exatamente iguais, variando um pouco nas bordas e na profundidade. Um deles n\u00e3o era redondo como os outros dois, aparentando ter sido produzido por algum tipo de jato de alta press\u00e3o.<\/p>\n<p><a name=\"analises\"><\/a><\/p>\n<h3>An\u00e1lises<\/h3>\n<p>O caso logo virou not\u00edcia na regi\u00e3o e um grupo de uf\u00f3logos do Goteborgs Informations Center om Oidentifierade Flygande Foremal (GICOFF) estiveram no local investigando os fatos. O grupo entrevistou testemunhas e coletou amostras de dentro da marca encontrada e amostras de controle fora do circulo. Uma parte das amostras foram analisadas no Chalmers Institute of Technology e outra parte no Instituition for Nuclear Chemistry. Foram realizados diferentes testes nas amostras.<\/p>\n<p>Amostras de solo foram analisadas atrav\u00e9s de um Hewlett Packard Multichannel Analyser, 54OOA. Este instrumento permite leitura do espectro de radia\u00e7\u00e3o gamma. Atrav\u00e9s deste teste percebeu-se que na amostra de refer\u00eancia (n\u00e3o afetada) n\u00e3o havia leituras de radia\u00e7\u00e3o gamma. Nas amostras obtidas dentro da marca havia 660 KeV de radia\u00e7\u00e3o presentes na pr\u00f3pria amostra que n\u00e3o alterou-se nas semanas seguintes ap\u00f3s os primeiros testes.<\/p>\n<p>&nbsp;<\/p>\n<div id=\"attachment_2654\" style=\"width: 510px\" class=\"wp-caption aligncenter\"><img aria-describedby=\"caption-attachment-2654\" loading=\"lazy\" class=\"wp-image-2654 size-full\" src=\"https:\/\/www.fenomenum.com.br\/novo\/wp-content\/uploads\/2022\/03\/FSR17-1-b.jpg\" alt=\"\" width=\"500\" height=\"312\" srcset=\"https:\/\/www.fenomenum.com.br\/novo\/wp-content\/uploads\/2022\/03\/FSR17-1-b.jpg 500w, https:\/\/www.fenomenum.com.br\/novo\/wp-content\/uploads\/2022\/03\/FSR17-1-b-400x250.jpg 400w, https:\/\/www.fenomenum.com.br\/novo\/wp-content\/uploads\/2022\/03\/FSR17-1-b-250x156.jpg 250w, https:\/\/www.fenomenum.com.br\/novo\/wp-content\/uploads\/2022\/03\/FSR17-1-b-150x94.jpg 150w, https:\/\/www.fenomenum.com.br\/novo\/wp-content\/uploads\/2022\/03\/FSR17-1-b-50x31.jpg 50w, https:\/\/www.fenomenum.com.br\/novo\/wp-content\/uploads\/2022\/03\/FSR17-1-b-100x62.jpg 100w, https:\/\/www.fenomenum.com.br\/novo\/wp-content\/uploads\/2022\/03\/FSR17-1-b-200x125.jpg 200w, https:\/\/www.fenomenum.com.br\/novo\/wp-content\/uploads\/2022\/03\/FSR17-1-b-300x187.jpg 300w, https:\/\/www.fenomenum.com.br\/novo\/wp-content\/uploads\/2022\/03\/FSR17-1-b-350x218.jpg 350w, https:\/\/www.fenomenum.com.br\/novo\/wp-content\/uploads\/2022\/03\/FSR17-1-b-450x281.jpg 450w\" sizes=\"(max-width: 500px) 100vw, 500px\" \/><p id=\"caption-attachment-2654\" class=\"wp-caption-text\">Fotografia indicando o local onde as marcas apareceram.<\/p><\/div>\n<p>&nbsp;<\/p>\n<div id=\"attachment_2653\" style=\"width: 510px\" class=\"wp-caption aligncenter\"><img aria-describedby=\"caption-attachment-2653\" loading=\"lazy\" class=\"wp-image-2653 size-full\" src=\"https:\/\/www.fenomenum.com.br\/novo\/wp-content\/uploads\/2022\/03\/FSR17-1-a.jpg\" alt=\"\" width=\"500\" height=\"319\" srcset=\"https:\/\/www.fenomenum.com.br\/novo\/wp-content\/uploads\/2022\/03\/FSR17-1-a.jpg 500w, https:\/\/www.fenomenum.com.br\/novo\/wp-content\/uploads\/2022\/03\/FSR17-1-a-400x255.jpg 400w, https:\/\/www.fenomenum.com.br\/novo\/wp-content\/uploads\/2022\/03\/FSR17-1-a-250x160.jpg 250w, https:\/\/www.fenomenum.com.br\/novo\/wp-content\/uploads\/2022\/03\/FSR17-1-a-150x96.jpg 150w, https:\/\/www.fenomenum.com.br\/novo\/wp-content\/uploads\/2022\/03\/FSR17-1-a-50x32.jpg 50w, https:\/\/www.fenomenum.com.br\/novo\/wp-content\/uploads\/2022\/03\/FSR17-1-a-100x64.jpg 100w, https:\/\/www.fenomenum.com.br\/novo\/wp-content\/uploads\/2022\/03\/FSR17-1-a-200x128.jpg 200w, https:\/\/www.fenomenum.com.br\/novo\/wp-content\/uploads\/2022\/03\/FSR17-1-a-300x191.jpg 300w, https:\/\/www.fenomenum.com.br\/novo\/wp-content\/uploads\/2022\/03\/FSR17-1-a-350x223.jpg 350w, https:\/\/www.fenomenum.com.br\/novo\/wp-content\/uploads\/2022\/03\/FSR17-1-a-450x287.jpg 450w\" sizes=\"(max-width: 500px) 100vw, 500px\" \/><p id=\"caption-attachment-2653\" class=\"wp-caption-text\">As tr\u00eas marcas formando o tri\u00e2ngulo, pr\u00f3ximo \u00e0 casa da fam\u00edlia Johansson.<\/p><\/div>\n<p>&nbsp;<\/p>\n<div id=\"attachment_2655\" style=\"width: 510px\" class=\"wp-caption aligncenter\"><img aria-describedby=\"caption-attachment-2655\" loading=\"lazy\" class=\"wp-image-2655 size-full\" src=\"https:\/\/www.fenomenum.com.br\/novo\/wp-content\/uploads\/2022\/03\/FSR17-1-c.jpg\" alt=\"\" width=\"500\" height=\"387\" srcset=\"https:\/\/www.fenomenum.com.br\/novo\/wp-content\/uploads\/2022\/03\/FSR17-1-c.jpg 500w, https:\/\/www.fenomenum.com.br\/novo\/wp-content\/uploads\/2022\/03\/FSR17-1-c-400x310.jpg 400w, https:\/\/www.fenomenum.com.br\/novo\/wp-content\/uploads\/2022\/03\/FSR17-1-c-250x194.jpg 250w, https:\/\/www.fenomenum.com.br\/novo\/wp-content\/uploads\/2022\/03\/FSR17-1-c-150x116.jpg 150w, https:\/\/www.fenomenum.com.br\/novo\/wp-content\/uploads\/2022\/03\/FSR17-1-c-50x39.jpg 50w, https:\/\/www.fenomenum.com.br\/novo\/wp-content\/uploads\/2022\/03\/FSR17-1-c-100x77.jpg 100w, https:\/\/www.fenomenum.com.br\/novo\/wp-content\/uploads\/2022\/03\/FSR17-1-c-200x155.jpg 200w, https:\/\/www.fenomenum.com.br\/novo\/wp-content\/uploads\/2022\/03\/FSR17-1-c-300x232.jpg 300w, https:\/\/www.fenomenum.com.br\/novo\/wp-content\/uploads\/2022\/03\/FSR17-1-c-350x271.jpg 350w, https:\/\/www.fenomenum.com.br\/novo\/wp-content\/uploads\/2022\/03\/FSR17-1-c-450x348.jpg 450w\" sizes=\"(max-width: 500px) 100vw, 500px\" \/><p id=\"caption-attachment-2655\" class=\"wp-caption-text\">Croqui indicando a posi\u00e7\u00e3o e a forma da marca encontrada.<\/p><\/div>\n<p>&nbsp;<\/p>\n<div id=\"attachment_2656\" style=\"width: 510px\" class=\"wp-caption aligncenter\"><img aria-describedby=\"caption-attachment-2656\" loading=\"lazy\" class=\"wp-image-2656 size-full\" src=\"https:\/\/www.fenomenum.com.br\/novo\/wp-content\/uploads\/2022\/03\/FSR17-1-d.jpg\" alt=\"\" width=\"500\" height=\"357\" srcset=\"https:\/\/www.fenomenum.com.br\/novo\/wp-content\/uploads\/2022\/03\/FSR17-1-d.jpg 500w, https:\/\/www.fenomenum.com.br\/novo\/wp-content\/uploads\/2022\/03\/FSR17-1-d-400x286.jpg 400w, https:\/\/www.fenomenum.com.br\/novo\/wp-content\/uploads\/2022\/03\/FSR17-1-d-250x179.jpg 250w, https:\/\/www.fenomenum.com.br\/novo\/wp-content\/uploads\/2022\/03\/FSR17-1-d-150x107.jpg 150w, https:\/\/www.fenomenum.com.br\/novo\/wp-content\/uploads\/2022\/03\/FSR17-1-d-50x36.jpg 50w, https:\/\/www.fenomenum.com.br\/novo\/wp-content\/uploads\/2022\/03\/FSR17-1-d-100x71.jpg 100w, https:\/\/www.fenomenum.com.br\/novo\/wp-content\/uploads\/2022\/03\/FSR17-1-d-200x143.jpg 200w, https:\/\/www.fenomenum.com.br\/novo\/wp-content\/uploads\/2022\/03\/FSR17-1-d-300x214.jpg 300w, https:\/\/www.fenomenum.com.br\/novo\/wp-content\/uploads\/2022\/03\/FSR17-1-d-350x250.jpg 350w, https:\/\/www.fenomenum.com.br\/novo\/wp-content\/uploads\/2022\/03\/FSR17-1-d-450x321.jpg 450w\" sizes=\"(max-width: 500px) 100vw, 500px\" \/><p id=\"caption-attachment-2656\" class=\"wp-caption-text\">Gr\u00e1fico comparativo entre as amostras testadas.<\/p><\/div>\n<p>&nbsp;<\/p>\n<h2><strong>Refer\u00eancias:<\/strong><\/h2>\n<hr \/>\n<ol>\n<li><a href=\"http:\/\/www.ufoevidence.org\/cases\/case604.htm\" target=\"_blank\" rel=\"noopener\">http:\/\/www.ufoevidence.org\/cases\/case604.htm<\/a><\/li>\n<\/ol>\n<p>&nbsp;<\/p>\n","protected":false},"excerpt":{"rendered":"<p>OVNI \u00e9 observado por dezenas de pessoas em Lake Anten, Su\u00e9cia, em 29 de agosto de 1970. No dia seguinte s\u00e3o encontradas marcas derivadas do pouso do estranho objeto. Em 29 de agosto de 1970, ocorreu um interessante caso ufol\u00f3gico a oeste de Lake Anten, (40 quil\u00f4metros noroeste de Gothenburg), Su\u00e9cia. Neste local e data, [&hellip;]<\/p>\n","protected":false},"author":5,"featured_media":2657,"comment_status":"open","ping_status":"open","sticky":false,"template":"","format":"standard","meta":{"inline_featured_image":false},"categories":[125,105],"tags":[],"_links":{"self":[{"href":"https:\/\/www.fenomenum.com.br\/novo\/wp-json\/wp\/v2\/posts\/2652"}],"collection":[{"href":"https:\/\/www.fenomenum.com.br\/novo\/wp-json\/wp\/v2\/posts"}],"about":[{"href":"https:\/\/www.fenomenum.com.br\/novo\/wp-json\/wp\/v2\/types\/post"}],"author":[{"embeddable":true,"href":"https:\/\/www.fenomenum.com.br\/novo\/wp-json\/wp\/v2\/users\/5"}],"replies":[{"embeddable":true,"href":"https:\/\/www.fenomenum.com.br\/novo\/wp-json\/wp\/v2\/comments?post=2652"}],"version-history":[{"count":1,"href":"https:\/\/www.fenomenum.com.br\/novo\/wp-json\/wp\/v2\/posts\/2652\/revisions"}],"predecessor-version":[{"id":6859,"href":"https:\/\/www.fenomenum.com.br\/novo\/wp-json\/wp\/v2\/posts\/2652\/revisions\/6859"}],"wp:featuredmedia":[{"embeddable":true,"href":"https:\/\/www.fenomenum.com.br\/novo\/wp-json\/wp\/v2\/media\/2657"}],"wp:attachment":[{"href":"https:\/\/www.fenomenum.com.br\/novo\/wp-json\/wp\/v2\/media?parent=2652"}],"wp:term":[{"taxonomy":"category","embeddable":true,"href":"https:\/\/www.fenomenum.com.br\/novo\/wp-json\/wp\/v2\/categories?post=2652"},{"taxonomy":"post_tag","embeddable":true,"href":"https:\/\/www.fenomenum.com.br\/novo\/wp-json\/wp\/v2\/tags?post=2652"}],"curies":[{"name":"wp","href":"https:\/\/api.w.org\/{rel}","templated":true}]}}