{"id":2677,"date":"2022-03-08T19:46:48","date_gmt":"2022-03-08T22:46:48","guid":{"rendered":"https:\/\/www.fenomenum.com.br\/?p=2677"},"modified":"2025-04-21T13:08:33","modified_gmt":"2025-04-21T16:08:33","slug":"caso-paulo-caetano","status":"publish","type":"post","link":"https:\/\/www.fenomenum.com.br\/novo\/caso-paulo-caetano\/","title":{"rendered":"Caso Paulo Caetano"},"content":{"rendered":"<section id=\"inner-headline\">\n<div class=\"container\">\n<div class=\"row\">\n<div id=\"resumo\" class=\"resumo\" style=\"padding-left: 40px;\"><strong>Paulo Caetano \u00e9 protagonista de casos de abdu\u00e7\u00e3o ocorridos em setembro e outubro de 1971, na regi\u00e3o de Itaperuna (RJ).<\/strong><\/div>\n<\/div>\n<\/div>\n<\/section>\n<div class=\"col-lg-8\">\n<hr \/>\n<\/div>\n<div><\/div>\n<div>\n<p>Paulo Caetano Silveira, t\u00e9cnico de m\u00e1quinas de escrit\u00f3rio, casado, morador de Itaperuna (RJ), passou por diversas experi\u00eancias de contato com discos voadores em per\u00edodo relativamente curto. Foram nove experi\u00eancias entre de setembro de 1973 e abril de 1974 muitas delas bem documentadas e testemunhadas.<\/p>\n<p>A primeira experi\u00eancia foi em 23 de setembro de 1971 quando Paulo regressava de Carangola, onde tinha ido a trabalho. Por volta das 19h45m a uns 3 km da cidade de Tombos, notou pelo espelho retrovisor, que era seguido por um corpo luminoso. A dist\u00e2ncia entre eles foi encurtando at\u00e9 se reduzir a 3 metros. Ent\u00e3o, o objeto ficou evoluindo em volta da vemaguet, a meio metro do ch\u00e3o.<\/p>\n<p>Era um aparelho vermelho, de forma el\u00edptica, com uns 3 metros de altura por 2,50 de largura. Depois tomou uma colora\u00e7\u00e3o branca, de brilho azulado. Nesse momento, o carro come\u00e7ou a perder velocidade at\u00e9 parar. O estranho objeto continuou girando em torno do ve\u00edculo por uns 3 ou 4 minutos sem nenhum ru\u00eddo , subindo depois. Paulo notou que o autom\u00f3vel devia estar engrenado com o motor funcionando pois, repentinamente deu um avan\u00e7o para frente e o motor morreu em seguida.<\/p>\n<p>Apavorado, suando copiosamente, ligou de novo o motor que pegou normalmente e seguiu para Tombos onde chegou minutos depois. L\u00e1, relatou a ocorr\u00eancia ao delegado de Pol\u00edcia que o levou \u00e0 sua resid\u00eancia, dando-lhe \u00e1gua com a\u00e7\u00facar para se acalmar e recomendando-lhe pernoitar em Tombos. Mas ele preferiu continuar a viagem. Mal sabia ele que o pior iria acontecer mais adiante.<\/p>\n<h3>Ca\u00e7ado Novamente<\/h3>\n<p>Pouco depois de Tombos, antes de chegar a Porci\u00fancula, viu pelo espelho que o aparelho estava seguindo-o outra vez a uma dist\u00e2ncia de 10 metros mais ou menos. Perto de Natividade voltou a ver o aparelho. Parou no posto de gasolina do Celsinho, a quem contou o fato.<\/p>\n<p>&#8220;- Isso n\u00e3o \u00e9 nada &#8211; disse o Celsinho &#8211; Reze um Pai Nosso e v\u00e1 em frente. Isso \u00e9 gente de Marte.&#8221;<\/p>\n<p>Faltando 13 quil\u00f4metros para chegar a Itaperuna, na localidade de Bananeiras, notou o corpo luminoso mais uma vez, a uns 500 metros de altura. A 3 Km a frente, em Serraria, que fica no Km-4 da rodovia RJ-100, viu um vulto escuro que pensou ser um animal. Quando se aproximou at\u00e9 ficar a uns 10 metros, a coisa se iluminou toda de luz vermelha e, ao mesmo, seu ve\u00edculo desligou, seguindo para o acostamento, como por magia, e parou. Ent\u00e3o enquanto a cor do aparelho mudava do vermelho para o branco. Paulo tentou desesperadamente sair do local, mas o carro n\u00e3o se moveu. Ouviu um assobio agudo vindo do objeto, uma porta se abriu e, de dentro, foi projetado um facho de luz, que o atingiu.<\/p>\n<p>Desceram tr\u00eas criaturas pequenas, que pareciam garotos de 5 a 6 anos. Teriam aproximadamente 1 metro de altura e eram iluminados pela claridade irradiada pela porta. Aproximaram-se vagarosamente, porque seus movimentos eram lentos e as pernas n\u00e3o dobravam-se suficientemente, dando a impress\u00e3o de que flutuavam no ar. Quando chegaram bem perto do autom\u00f3vel, aporta do carro se abriu sem que algu\u00e9m a houvesse tocado e ele, mesmo contra sua vontade, saiu caminhando em dire\u00e7\u00e3o \u00e0 entrada da nave, no que foi acompanhado por dois dos homenzinhos, um de cada lado.<\/p>\n<h3>Dentro do Disco Voador<\/h3>\n<p>Chegando em frente \u00e0 porta, os tr\u00eas foram levados para o interior da nave por uma esp\u00e9cie de p\u00e1. N\u00e3o viu se o outro tripulante entrou no disco. L\u00e1 dentro, encontrou-se numa sala profusamente iluminada. Ouviu o mesmo assobio e a porta se fechou. Por alguns momentos teve a impress\u00e3o de estar subindo, como se estivesse em um elevador muito r\u00e1pido. Notou que estava envolto por um facho de luz amarela, oscilante, que vinha do teto plano e hexagonal, a uns 2,50 acima de sua cabe\u00e7a. Percebeu que estava sem for\u00e7as para falar e para reagir, mas se sentia perfeitamente consciente. Achou que estava sendo examinado, sem que algu\u00e9m ou alguma coisa material o tocasse, no entanto. N\u00e3o viu os olhos e o nariz dos tripulantes pois o rosto estava coberto por um material cinzento, da cor do capacete afunilado que usavam. O queixo era fino. Abriam e fechavam a boca, sem emitir sons. Tinham os ombros altos, quase sem pesco\u00e7o. A roupa era azul clara, sapatos simples e retangulares chanfrados na frente.<\/p>\n<h3>A Volta<\/h3>\n<p>De repente, teve a sensa\u00e7\u00e3o de estar num elevador em uma descida muito r\u00e1pida e logo ouviu o assobio, abrindo-se a porta. Novamente foi escoltado por dois deles quando a p\u00e1 os colocou no ch\u00e3o.<\/p>\n<p>Caindo de fraqueza sobre o asfalto, sentiu que ia sendo arrastado alguns metros at\u00e9 ficar ao lado da estrada, na encosta, desmaiando ent\u00e3o. Recuperou os sentidos ainda a tempo de ver o objeto em ascens\u00e3o obl\u00edqua e lenta at\u00e9 uns 100 metros, quando, acelerando a velocidade desapareceu rapidamente. Ficou deitado no ch\u00e3o mais uns 10 minutos. Ouvindo o barulho de um carro que se aproximava ele levantou-se e e fez sinais para o carro parar. Ele pediu ao motorista doutor Crespo, que avisasse a pol\u00edcia. Logo a seguir passou outro ve\u00edculo, cujos ocupantes o aconselharam a segui-los em marcha lenta.<\/p>\n<p>Na cidade, Paulo dirigiu-se \u00e0 Delegacia de Pol\u00edcia relatando o fato, sendo depois encaminhado ao SAMDU onde foi atendido pelo seu m\u00e9dico particular, o Dr. Bussad.<\/p>\n<p>Depois daquela noite terr\u00edvel, Paulo Caetano tornou-se nervoso, irritado, sentindo por vezes escurecimento da vista, calor e ard\u00eancia nos olhos. Nem bem estava completamente recuperado, quando nova aventura bateu \u00e0 sua porta, ou melhor, \u00e0 sua janela.<\/p>\n<h3>Nova Aventura<\/h3>\n<p>Foi na noite de 10 para 11 de outubro de 1971, 18 dias depois da sua primeira experi\u00eancia. Acordando sobressaltado \u00e0s 3 horas da madrugada, como por um choque mental, percebeu uma claridade que penetrava atrav\u00e9s da janela da cozinha. Ele levantou-se para conferir e constatou que havia um disco-voador flutuando a meio metro do ch\u00e3o no quintal de sua casa. Ao lado os homenzinhos apontavam uma caixinha em sua dire\u00e7\u00e3o. Ficaram, assim, entreolhando-se, durante uns 10 minutos, quando come\u00e7ou a sentir dor de cabe\u00e7a. E Foi s\u00f3. Aparelhos e tripulantes foram embora e ele voltou para a cama, por\u00e9m n\u00e3o conseguiu mais dormir naquele noite.<\/p>\n<p>No dia 5 de novembro de 1971, Paulo Caetano voltou a ver um disco voador. Foi, tamb\u00e9m na estrada, \u00e0s 20h30m, entre Serraria e Bananeiras. O Sr. Erbert V.P. Dias, que o acompanhava testemunhou a ocorr\u00eancia. Mas os tripulantes n\u00e3o desceram.<\/p>\n<h3>Os Casos Continuam<\/h3>\n<p>Na ocasi\u00e3o seguinte Paulo tamb\u00e9m estava acompanhado. Seu amigo Elvio o convidara para ir \u00e0 cidade de Natividade de Carangola, no dia 17 de novembro de 1971, e quando regressavam, nas proximidades de Bananeiras, sentiu que o carro n\u00e3o puxava bem e chamou a aten\u00e7\u00e3o ode \u00c9lvio para o fato. Elvio simplesmente respondeu que queria dormir. Logo que ele dormiu novo contato ocorreu.<\/p>\n<p>A abdu\u00e7\u00e3o ocorreu exatamente como na primeira vez. Quando j\u00e1 se encontrava a bordo do objeto um dos tripulantes pediu, por meio de gestos que se deitasse em uma cama com travesseiro presente no local. Como a mesa era muito pequena ele ficou com as pernas penduradas. Surgiu um aparelho que prendeu seus dois bra\u00e7os. Em seguida ele sentiu uma incis\u00e3o no cotovelo onde aparentemente seu sangue era coletado. Ap\u00f3s isso o ferimento foi lavado e secado atrav\u00e9s de ar quente.<\/p>\n<p>Em seguida lhe mostraram dois pain\u00e9is. Um deles representava o tra\u00e7ado de uma cidade, semelhante \u00e0 Itaperuna, outro representava a explos\u00e3o de uma bomba at\u00f4mica.<\/p>\n<p>Trouxeram-no de volta \u00e0 estrada, mas n\u00e3o sabe como chegou \u00e0 Itaperuna. S\u00f3 se lembra de estar com o corpo pesado e ter sido amparado pelo amigo Elvio.<\/p>\n<h3>Vers\u00e3o de \u00c9lvio<\/h3>\n<p>Elvio apresenta um depoimento um pouco diferente do de Paulo. Ele diz que, pr\u00f3ximo \u00e0 Bananeiras, Paulo Caetano come\u00e7ou a mostrar sinais de nervosismo, dizendo que estavam sendo acompanhados por um disco-voador, quando &#8220;na realidade&#8221; eram seguidos por um \u00f4nibus \u00e0 razo\u00e1vel dist\u00e2ncia. Pouco depois , Paulo come\u00e7ou a diminuir a marcha do autom\u00f3vel parando-o. Ele n\u00e3o percebeu quando o amigo desceu do carro, nem sabe como foi que a porta se abriu, mas viu-o ca\u00eddo no ch\u00e3o, atr\u00e1s do ve\u00edculo, meio inconsciente, e teve muita dificuldade em coloc\u00e1-lo de p\u00e9.<\/p>\n<p>Eles acabaram indo para Itaperuna de \u00f4nibus onde foi atendido pelo Dr. Humberto Campos de Souza, que constatou ferimento e manchas hipercr\u00f4micas na regi\u00e3o do cotovelo. O enfermeiro disse que essas manchas cheiravam a queimado. O m\u00e9dico estranhou que o paciente, durante o exame, lhe perguntasse o nome, pois eles j\u00e1 se conheciam a tempos. A pol\u00edcia foi comunicada e o autom\u00f3vel, que havia ficado na estrada, foi removido.<\/p>\n<h3>Em Miss\u00e3o de Paz<\/h3>\n<p>Seu quarto contato com alien\u00edgenas ocorreu em 5 de dezembro de 1971. Paulo estava perto da ponte da Carangola, quando avistou um disco voador que dele se aproximou at\u00e9 ficar a uma dist\u00e2ncia de 20 metros. Parou o carro, saiu e percebeu a porta da nave abrir-se. Dois tripulantes, um na porta outro na cabine, faziam-lhe sinais. Como nas outras vezes subiu levado pela p\u00e1 e foi convidado a sentar-se num banquinho. Os dois pilotos, de p\u00e9, falaram-lhe em espanhol, por\u00e9m sem qualquer movimento de l\u00e1bios. Era como se estivesse ouvindo uma grava\u00e7\u00e3o. Disseram-lhe que estavam ali em miss\u00e3o de paz, preparando gente para entrar em contato com eles.<\/p>\n<h3>Suspenso por um Raio de Luz<\/h3>\n<p>No dia 19 de dezembro de 1971, Paulo Caetano estava novamente \u00e0s voltas com Discos Voadores. Dirigia seu carro, \u00e0 noite, na estrada quando viu a 2 Km do s\u00edtio do Sr. Erbert, um disco parado acima dos morros. Ele saiu do ve\u00edculo e se aproximou, a p\u00e9, at\u00e9 uma dist\u00e2ncia de 100 metros. Ent\u00e3o o aparelho se movimentou em sua dire\u00e7\u00e3o, evoluindo acima da sua cabe\u00e7a. Durante uns dois minutos viu-se envolvido por um facho luminoso. Em dado momento, a nave deu uma guinada para o lado e, ent\u00e3o, ele sentiu-se suspenso no ar, a uns 20 cent\u00edmetros acima do ch\u00e3o, retornando logo em seguida, assim que a nave se afastou. Voltando a Itaperuna, soube do alvoro\u00e7o geral causado pela apari\u00e7\u00e3o de estranhos objetos nos c\u00e9us da cidade.<\/p>\n<h3>A Fotografia do Disco<\/h3>\n<p>Nos dias 15 e 16 de novembro de 1971, Paulo Caetano bateu seis fotos de um disco voador conseguindo aproveitar tr\u00eas delas, apesar de terem sido obtidas \u00e0 noite.<\/p>\n<p>No dia 26 de fevereiro de 1972, voltou a fotografar um objeto luminoso. Desta vez bateu 12 chapas em 10 minutos de observa\u00e7\u00e3o. A ocorr\u00eancia deu-se \u00e0 noite, na estrada de terra batida, continua\u00e7\u00e3o da Av. Itaperuna, a 3 quil\u00f4metros al\u00e9m da F\u00e1brica &#8220;Leite Gl\u00f3ria Ltda.&#8221; e a uma dist\u00e2ncia de 200 ou 250 metros.<\/p>\n<\/div>\n<div id=\"attachment_2686\" style=\"width: 268px\" class=\"wp-caption aligncenter\"><img aria-describedby=\"caption-attachment-2686\" loading=\"lazy\" class=\"wp-image-2686 size-full\" src=\"https:\/\/www.fenomenum.com.br\/novo\/wp-content\/uploads\/2022\/03\/paulocaetano.jpg\" alt=\"\" width=\"258\" height=\"306\" srcset=\"https:\/\/www.fenomenum.com.br\/novo\/wp-content\/uploads\/2022\/03\/paulocaetano.jpg 258w, https:\/\/www.fenomenum.com.br\/novo\/wp-content\/uploads\/2022\/03\/paulocaetano-250x297.jpg 250w, https:\/\/www.fenomenum.com.br\/novo\/wp-content\/uploads\/2022\/03\/paulocaetano-150x178.jpg 150w, https:\/\/www.fenomenum.com.br\/novo\/wp-content\/uploads\/2022\/03\/paulocaetano-50x59.jpg 50w, https:\/\/www.fenomenum.com.br\/novo\/wp-content\/uploads\/2022\/03\/paulocaetano-100x119.jpg 100w, https:\/\/www.fenomenum.com.br\/novo\/wp-content\/uploads\/2022\/03\/paulocaetano-200x237.jpg 200w\" sizes=\"(max-width: 258px) 100vw, 258px\" \/><p id=\"caption-attachment-2686\" class=\"wp-caption-text\">Paulo Caetano apontando o local onde o UFO apareceu.<\/p><\/div>\n<p>&nbsp;<\/p>\n<p>&nbsp;<\/p>\n<div id=\"attachment_2682\" style=\"width: 306px\" class=\"wp-caption aligncenter\"><img aria-describedby=\"caption-attachment-2682\" loading=\"lazy\" class=\"wp-image-2682 size-full\" src=\"https:\/\/www.fenomenum.com.br\/novo\/wp-content\/uploads\/2022\/03\/cicatriz.jpg\" alt=\"\" width=\"296\" height=\"509\" srcset=\"https:\/\/www.fenomenum.com.br\/novo\/wp-content\/uploads\/2022\/03\/cicatriz.jpg 296w, https:\/\/www.fenomenum.com.br\/novo\/wp-content\/uploads\/2022\/03\/cicatriz-250x430.jpg 250w, https:\/\/www.fenomenum.com.br\/novo\/wp-content\/uploads\/2022\/03\/cicatriz-150x258.jpg 150w, https:\/\/www.fenomenum.com.br\/novo\/wp-content\/uploads\/2022\/03\/cicatriz-50x86.jpg 50w, https:\/\/www.fenomenum.com.br\/novo\/wp-content\/uploads\/2022\/03\/cicatriz-100x172.jpg 100w, https:\/\/www.fenomenum.com.br\/novo\/wp-content\/uploads\/2022\/03\/cicatriz-200x344.jpg 200w\" sizes=\"(max-width: 296px) 100vw, 296px\" \/><p id=\"caption-attachment-2682\" class=\"wp-caption-text\">Marca no bra\u00e7o de Paulo Caetano, no local onde foi extra\u00eddo sangue.<\/p><\/div>\n<p>&nbsp;<\/p>\n<div id=\"attachment_2683\" style=\"width: 393px\" class=\"wp-caption aligncenter\"><img aria-describedby=\"caption-attachment-2683\" loading=\"lazy\" class=\"wp-image-2683 size-full\" src=\"https:\/\/www.fenomenum.com.br\/novo\/wp-content\/uploads\/2022\/03\/desenho.jpg\" alt=\"\" width=\"383\" height=\"544\" srcset=\"https:\/\/www.fenomenum.com.br\/novo\/wp-content\/uploads\/2022\/03\/desenho.jpg 383w, https:\/\/www.fenomenum.com.br\/novo\/wp-content\/uploads\/2022\/03\/desenho-250x355.jpg 250w, https:\/\/www.fenomenum.com.br\/novo\/wp-content\/uploads\/2022\/03\/desenho-150x213.jpg 150w, https:\/\/www.fenomenum.com.br\/novo\/wp-content\/uploads\/2022\/03\/desenho-50x71.jpg 50w, https:\/\/www.fenomenum.com.br\/novo\/wp-content\/uploads\/2022\/03\/desenho-100x142.jpg 100w, https:\/\/www.fenomenum.com.br\/novo\/wp-content\/uploads\/2022\/03\/desenho-200x284.jpg 200w, https:\/\/www.fenomenum.com.br\/novo\/wp-content\/uploads\/2022\/03\/desenho-300x426.jpg 300w, https:\/\/www.fenomenum.com.br\/novo\/wp-content\/uploads\/2022\/03\/desenho-350x497.jpg 350w\" sizes=\"(max-width: 383px) 100vw, 383px\" \/><p id=\"caption-attachment-2683\" class=\"wp-caption-text\">Desenho de Paulo Caetano representando o contato.<\/p><\/div>\n<p>&nbsp;<\/p>\n<div id=\"attachment_2685\" style=\"width: 381px\" class=\"wp-caption aligncenter\"><img aria-describedby=\"caption-attachment-2685\" loading=\"lazy\" class=\"wp-image-2685 size-full\" src=\"https:\/\/www.fenomenum.com.br\/novo\/wp-content\/uploads\/2022\/03\/paulo3.jpg\" alt=\"\" width=\"371\" height=\"369\" srcset=\"https:\/\/www.fenomenum.com.br\/novo\/wp-content\/uploads\/2022\/03\/paulo3.jpg 371w, https:\/\/www.fenomenum.com.br\/novo\/wp-content\/uploads\/2022\/03\/paulo3-250x249.jpg 250w, https:\/\/www.fenomenum.com.br\/novo\/wp-content\/uploads\/2022\/03\/paulo3-150x149.jpg 150w, https:\/\/www.fenomenum.com.br\/novo\/wp-content\/uploads\/2022\/03\/paulo3-50x50.jpg 50w, https:\/\/www.fenomenum.com.br\/novo\/wp-content\/uploads\/2022\/03\/paulo3-100x99.jpg 100w, https:\/\/www.fenomenum.com.br\/novo\/wp-content\/uploads\/2022\/03\/paulo3-200x199.jpg 200w, https:\/\/www.fenomenum.com.br\/novo\/wp-content\/uploads\/2022\/03\/paulo3-300x298.jpg 300w, https:\/\/www.fenomenum.com.br\/novo\/wp-content\/uploads\/2022\/03\/paulo3-350x348.jpg 350w\" sizes=\"(max-width: 371px) 100vw, 371px\" \/><p id=\"caption-attachment-2685\" class=\"wp-caption-text\">Fotografia de um UFO, obtida por Paulo Caetano.<\/p><\/div>\n<p>&nbsp;<\/p>\n<div id=\"attachment_2684\" style=\"width: 406px\" class=\"wp-caption aligncenter\"><img aria-describedby=\"caption-attachment-2684\" loading=\"lazy\" class=\"wp-image-2684 size-full\" src=\"https:\/\/www.fenomenum.com.br\/novo\/wp-content\/uploads\/2022\/03\/paulo2.jpg\" alt=\"\" width=\"396\" height=\"295\" srcset=\"https:\/\/www.fenomenum.com.br\/novo\/wp-content\/uploads\/2022\/03\/paulo2.jpg 396w, https:\/\/www.fenomenum.com.br\/novo\/wp-content\/uploads\/2022\/03\/paulo2-250x186.jpg 250w, https:\/\/www.fenomenum.com.br\/novo\/wp-content\/uploads\/2022\/03\/paulo2-150x112.jpg 150w, https:\/\/www.fenomenum.com.br\/novo\/wp-content\/uploads\/2022\/03\/paulo2-50x37.jpg 50w, https:\/\/www.fenomenum.com.br\/novo\/wp-content\/uploads\/2022\/03\/paulo2-100x74.jpg 100w, https:\/\/www.fenomenum.com.br\/novo\/wp-content\/uploads\/2022\/03\/paulo2-200x149.jpg 200w, https:\/\/www.fenomenum.com.br\/novo\/wp-content\/uploads\/2022\/03\/paulo2-300x223.jpg 300w, https:\/\/www.fenomenum.com.br\/novo\/wp-content\/uploads\/2022\/03\/paulo2-350x261.jpg 350w\" sizes=\"(max-width: 396px) 100vw, 396px\" \/><p id=\"caption-attachment-2684\" class=\"wp-caption-text\">Fotografia de um UFO, obtida por Paulo Caetano.<\/p><\/div>\n<div><\/div>\n<div><\/div>\n<h2>Refer\u00eancias:<\/h2>\n<div>\n<hr \/>\n<\/div>\n<div>\n<ul>\n<li>GRANCHI, Irene. UFOs e abdu\u00e7\u00f5es no Brasil. Tradu\u00e7\u00e3o de Liana Moreira. Rio de Janeiro. Novo Mil\u00eanio: 1992.<\/li>\n<li>Boletim da Sociedade Brasileira de Estudos de Discos Voadores (SBEDV) &#8211; edi\u00e7\u00e3o 81\/84<\/li>\n<li>Boletim da Sociedade Brasileira de Estudos de Discos Voadores (SBEDV) &#8211; edi\u00e7\u00e3o 85\/89<\/li>\n<li>Boletim da Sociedade Brasileira de Estudos de Discos Voadores &#8212; n\u00ba 81\/84<\/li>\n<li>Boletim da Sociedade Brasileira de Estudos de Discos Voadores &#8212; n\u00ba 85\/89<\/li>\n<li>Boletim da Sociedade Brasileira de Estudos de Discos Voadores &#8212; Especial 1975<\/li>\n<li><a href=\"http:\/\/br.groups.yahoo.com\/group\/ufoburn\/message\/37039\" target=\"_blank\" rel=\"noopener\">http:\/\/br.groups.yahoo.com\/group\/ufoburn\/message\/37039<\/a><\/li>\n<li><a href=\"http:\/\/www.ufodna.com\/uf07\/uf7\/077798.htm\" target=\"_blank\" rel=\"noopener\">http:\/\/www.ufodna.com\/uf07\/uf7\/077798.htm<\/a><\/li>\n<li><a href=\"http:\/\/astro.extra.hu\/temp\/idufo.htm\" target=\"_blank\" rel=\"noopener\">http:\/\/astro.extra.hu\/temp\/idufo.htm<\/a><\/li>\n<li><a href=\"http:\/\/repas-ufo-bordelais.forumpro.fr\/debats-generaux-f15\/dr-costagliola-t27.htm\" target=\"_blank\" rel=\"noopener\">http:\/\/repas-ufo-bordelais.forumpro.fr\/debats-generaux-f15\/dr-costagliola-t27.htm<\/a><\/li>\n<li><a href=\"http:\/\/unmondemeilleur.free.fr\/2-costag-b.htm\" target=\"_blank\" rel=\"noopener\">http:\/\/unmondemeilleur.free.fr\/2-costag-b.htm<\/a><\/li>\n<li><a href=\"http:\/\/www-public.tu-bs.de:8080\/~y0001095\/Mufon_75.02\" target=\"_blank\" rel=\"noopener\">http:\/\/www-public.tu-bs.de:8080\/~y0001095\/Mufon_75.02<\/a><\/li>\n<li><a href=\"http:\/\/users.skynet.be\/sky84985\/a1972.htm\" target=\"_blank\" rel=\"noopener\">http:\/\/users.skynet.be\/sky84985\/a1972.htm<\/a><\/li>\n<li><a href=\"http:\/\/www.ufodna.com\/uf00\/uf1\/001969.htm\" target=\"_blank\" rel=\"noopener\">http:\/\/www.ufodna.com\/uf00\/uf1\/001969.htm<\/a><\/li>\n<li><a href=\"http:\/\/anakinovni.ifrance.com\/1971.htm\" target=\"_blank\" rel=\"noopener\">http:\/\/anakinovni.ifrance.com\/1971.htm<\/a><\/li>\n<\/ul>\n<\/div>\n<div><\/div>\n<div><\/div>\n","protected":false},"excerpt":{"rendered":"<p>Paulo Caetano \u00e9 protagonista de casos de abdu\u00e7\u00e3o ocorridos em setembro e outubro de 1971, na regi\u00e3o de Itaperuna (RJ). Paulo Caetano Silveira, t\u00e9cnico de m\u00e1quinas de escrit\u00f3rio, casado, morador de Itaperuna (RJ), passou por diversas experi\u00eancias de contato com discos voadores em per\u00edodo relativamente curto. Foram nove experi\u00eancias entre de setembro de 1973 e [&hellip;]<\/p>\n","protected":false},"author":5,"featured_media":2678,"comment_status":"open","ping_status":"open","sticky":false,"template":"","format":"standard","meta":{"inline_featured_image":false},"categories":[125,105],"tags":[],"_links":{"self":[{"href":"https:\/\/www.fenomenum.com.br\/novo\/wp-json\/wp\/v2\/posts\/2677"}],"collection":[{"href":"https:\/\/www.fenomenum.com.br\/novo\/wp-json\/wp\/v2\/posts"}],"about":[{"href":"https:\/\/www.fenomenum.com.br\/novo\/wp-json\/wp\/v2\/types\/post"}],"author":[{"embeddable":true,"href":"https:\/\/www.fenomenum.com.br\/novo\/wp-json\/wp\/v2\/users\/5"}],"replies":[{"embeddable":true,"href":"https:\/\/www.fenomenum.com.br\/novo\/wp-json\/wp\/v2\/comments?post=2677"}],"version-history":[{"count":1,"href":"https:\/\/www.fenomenum.com.br\/novo\/wp-json\/wp\/v2\/posts\/2677\/revisions"}],"predecessor-version":[{"id":6894,"href":"https:\/\/www.fenomenum.com.br\/novo\/wp-json\/wp\/v2\/posts\/2677\/revisions\/6894"}],"wp:featuredmedia":[{"embeddable":true,"href":"https:\/\/www.fenomenum.com.br\/novo\/wp-json\/wp\/v2\/media\/2678"}],"wp:attachment":[{"href":"https:\/\/www.fenomenum.com.br\/novo\/wp-json\/wp\/v2\/media?parent=2677"}],"wp:term":[{"taxonomy":"category","embeddable":true,"href":"https:\/\/www.fenomenum.com.br\/novo\/wp-json\/wp\/v2\/categories?post=2677"},{"taxonomy":"post_tag","embeddable":true,"href":"https:\/\/www.fenomenum.com.br\/novo\/wp-json\/wp\/v2\/tags?post=2677"}],"curies":[{"name":"wp","href":"https:\/\/api.w.org\/{rel}","templated":true}]}}