{"id":3062,"date":"2022-03-12T10:08:47","date_gmt":"2022-03-12T13:08:47","guid":{"rendered":"https:\/\/www.fenomenum.com.br\/?p=3062"},"modified":"2025-04-21T13:11:27","modified_gmt":"2025-04-21T16:11:27","slug":"caso-antonio-alves-ferreira","status":"publish","type":"post","link":"https:\/\/www.fenomenum.com.br\/novo\/caso-antonio-alves-ferreira\/","title":{"rendered":"Caso Ant\u00f4nio Alves Ferreira"},"content":{"rendered":"<section id=\"inner-headline\">\n<div class=\"container\">\n<div class=\"row\">\n<div id=\"resumo\" class=\"resumo\" style=\"padding-left: 40px;\"><strong>Pol\u00eamico caso de abdu\u00e7\u00e3o ocorrido em S\u00e3o Luis (MA), com Ant\u00f4nio Alves Ferreira que teria adquirido poderes paranormais ap\u00f3s o contato<\/strong><\/div>\n<\/div>\n<\/div>\n<\/section>\n<div>\n<hr \/>\n<\/div>\n<div>\n<p>H\u00e1 d\u00e9cadas o jovem Antonio Alves Ferreira, foi protagonista de um dos mais famosos eventos ufol\u00f3gicos do Brasil. Ele teria sido abduzido em pelo menos 11 ocasi\u00f5es por seres alien\u00edgenas oriundos do planeta Protu. Seus contatos teriam in\u00edcio em 4 de janeiro de 1975, quando Ant\u00f4nio tinha apenas 16 anos de idade. Na \u00e9poca ele era semi-analfabeto, de fam\u00edlia humilde, morando de favores com a fam\u00edlia num casebre localizado no quintal de um col\u00e9gio onde a sua m\u00e3e era lavadeira e zeladora.<\/p>\n<p>Neste primeiro contato, Ant\u00f4nio teria sido abduzido por um objeto voador, em formato de disco, com aproximadamente 5 metros de circunfer\u00eancia. Aproximadamente 500 pessoas na regi\u00e3o viram o estranho objeto, entre elas o sargento Hermes e o funcion\u00e1rio de uma farm\u00e1cia, de nome Pedro, que confirmaram terem visto um intrigante objeto rodopiando nos c\u00e9us da regi\u00e3o.<\/p>\n<p>Segundo investiga\u00e7\u00f5es da Sociedade Maranhense de Astronomia, na pessoa de Eli\u00fade Farias, n\u00e3o havia justificativas para o ocorrido. Segundo ele as \u00e1rvores na proximidade da casa de Ant\u00f4nio estavam com as ra\u00edzes expostas.<\/p>\n<p><a name=\"esferas\"><\/a><\/p>\n<h3>Esferas de Luz<\/h3>\n<p>Na ocorr\u00eancia de 04 de janeiro de 1975, v\u00e1rias testemunhas dos bairros Santo Antonio, Santa Cruz, Olho D\u2019\u00c1gua, Ponta de Areia, Farol e Anil avisaram a pol\u00edcia sobre a presen\u00e7a do estranhos objetos sobrevoando a regi\u00e3o. Devido \u00e0 impossibilidade de tomar alguma provid\u00eancia referente aos avistamentos os policiais limitarem-se a anotar as den\u00fancias e aguardar as supostas conseq\u00fc\u00eancias. Emissoras de r\u00e1dios e jornais locais tamb\u00e9m noticiaram o estranho fen\u00f4meno.<\/p>\n<p>Segundo relatos de testemunhas, no bairro Anil o OVNI desceu sobre algumas casas, chegando a bater no telhado do casebre de Antonio Alves Ferreira, queimando algumas cadeiras que se encontravam no local. Al\u00e9m da casa o objeto, ou alguma for\u00e7a oriundas deste objeto fizeram tombar uma \u00e1rvore pr\u00f3xima deixando a raiz exposta cerca de 25 cm. Quando isso aconteceu a fam\u00edlia de Ant\u00f4nio comunicou o fato \u00e0 Base A\u00e9rea pedindo ajuda ao comando local chefiado pelo tenente Natalino Jos\u00e9 Passos Filho.<\/p>\n<p>As pol\u00edcias civil e militar tamb\u00e9m foram notificadas. O fato atraiu a aten\u00e7\u00e3o da imprensa e em pouco tempo v\u00e1rios curiosos se dirigiram ao local. No dia seguinte, pela manh\u00e3, os jornais O Imparcial e Pequeno, publicaram noticias referentes \u00e0 passagem do OVNI sobre a capital do Maranh\u00e3o.<\/p>\n<p>Devido ao susto, a fam\u00edlia de Ant\u00f4nio Alves Ferreira passaram a noite na delegacia retornando \u00e0 resid\u00eancia apenas no dia seguinte ao ocorrido. Neste mesmo dia quando os pais de Ant\u00f4nio sa\u00edram para o trabalho, logo pela manh\u00e3, ocorreu um fato ins\u00f3lito. Sua m\u00e3e descuidou-se e esqueceu Ant\u00f4nio em casa. Ant\u00f4nio \u00e9 parapl\u00e9gico e desde pequeno necessitou de grandes cuidados por parte de sua fam\u00edlia. Neste dia em que foi esquecido em casa Ant\u00f4nio precisou se arrastar para apanhar as muletas. Ap\u00f3s isso foi at\u00e9 os fundos da resid\u00eancia, descal\u00e7o e pisou em espinhos, o que o obrigou a sentar para arranc\u00e1-los dos p\u00e9s. Repentinamente ele sentiu um calor muito forte envolvendo seu corpo, que ele definiu como \u201cum calor acometido por uma intensa quentura\u201d.<\/p>\n<p>Foi ent\u00e3o que Ant\u00f4nio viu um objeto redondo do tamanho de um carro, sobre o quintal. Este objeto emitia um zumbido estridente. Naquele momento sentiu um calor ainda maior. Ele tentou se movimentar, mas n\u00e3o conseguiu, tentou gritar, mas seu grito n\u00e3o saiu. Em seguida abriu-se uma porta no objeto e surgiu uma escada na qual desceram dois seres que o agarraram pelos bra\u00e7os conduzindo-o para o interior do aparelho.<\/p>\n<p>\u201c- N\u00e3o sei como a tal porta se fechou, somente que n\u00e3o era poss\u00edvel notar nenhuma marca nas paredes da pequena sala que eu me encontrava e que me obrigava a permanecer sentado, de t\u00e3o baixa que era\u201d, descreve.<\/p>\n<p>Segundo Ant\u00f4nio os tripulantes usavam uma esp\u00e9cie de m\u00e1scara. Ele afirma ainda que o objeto elevou-se como um elevador, parando alguns minutos ap\u00f3s. Logo em seguida abriu-se uma porta. Neste lugar o ambiente era profusamente iluminado. Os seres levaram o jovem at\u00e9 um ser que parecia ser o l\u00edder.<\/p>\n<p><a name=\"esferas\"><\/a><\/p>\n<h3>Tentativa de Comunica\u00e7\u00e3o<\/h3>\n<p>O l\u00edder tentou se comunicar com o garoto falando normalmente em sua l\u00edngua. Ant\u00f4nio nada entendeu e ficou surpreso ao ver que o ser aparentemente estava irritado pelo inconveniente. Este ser ent\u00e3o colocou o punho em seu peito e a partir da\u00ed o di\u00e1logo ocorreu sem problemas. Ant\u00f4nio foi questionado sobre funcionamento dos nossos avi\u00f5es, formas de energia, mec\u00e2nica de autom\u00f3veis, e inten\u00e7\u00f5es do povo terrestre. Ant\u00f4nio, semi-analfabeto, n\u00e3o sabia como responder \u00e0 estes questionamentos. Em seguida, o l\u00edder do grupo, que se apresentou como Cl\u00f3ris, tocou o peito esquerdo de Ant\u00f4nio, produzindo um c\u00edrculo vermelho dizendo que sempre que quisessem contat\u00e1-lo o circulo se acentuaria, ao mesmo tempo em que ele ouviria um zumbido no ouvido. Ele tamb\u00e9m receberia instru\u00e7\u00f5es telepaticamente para ir ao local onde o encontro se daria.<\/p>\n<p>Ap\u00f3s isso Ant\u00f4nio foi deixado no quintal de sua casa. Nos dias seguintes fatos estranhos, de cunho paranormal, come\u00e7aram a ocorrer com Ant\u00f4nio. Os mais variados tipos de objetos met\u00e1licos eram entortatos, algumas vezes sem que Ant\u00f4nio os tivesse tocado.<\/p>\n<p>Os contatos seguintes adicionaram mais mist\u00e9rio e perplexidade na pesquisa do caso. Talvez por isso ele tenha levantado pol\u00eamica no meio ufol\u00f3gico brasileiro. Ele afirma ter recebido alguns presentes de seus amigos do OVNI, tais como uma pistola que emitia raios desintegradores de mat\u00e9ria \u2013 cuja demonstra\u00e7\u00e3o teria sido feita em uma mangueira em seu quintal, uma estatueta com um busto, al\u00e9m de duas medalhas com a imagem de uma criatura que ele acredita tratar-se de Cl\u00f3ris.<\/p>\n<p>Seus contatos tornaram-se conhecidos na regi\u00e3o e a not\u00edcia sobre os presentes n\u00e3o demorou a se espalhar. Isso atraiu a aten\u00e7\u00e3o da vizinhan\u00e7a e a ira de religiosos que acreditavam que eram produtos diab\u00f3licos. Devido \u00e0 isso Ant\u00f4nio teria devolvido os presentes \u00e0 seus amigos, para desespero de numerosos pesquisadores de fen\u00f4menos ufol\u00f3gicos que sempre desejaram provas desta natureza. Fica apenas a pergunta: O que levaria \u00e0 seres, supostamente mais inteligentes e avan\u00e7ados \u00e0 entregar uma pistola letal \u00e0 um adolescente?<\/p>\n<p>O caso de Ant\u00f4nio tamb\u00e9m tem algumas passagens pitorescas e at\u00e9 mesmo um pouco surreais. Ele conta que certa ocasi\u00e3o estava no planeta de origem destes seres: Protu. Ali lhe foi mostrado o \u00fanico animal existente: o \u201catitolilai\u201d, um ser parecido com nossos c\u00e3es. Eles pediram \u00e0 Ant\u00f4nio animais terrestres para que eles pudessem realizar experi\u00eancias. O jovem ent\u00e3o \u201cseq\u00fcestrou\u201d um gato, um papagaio e um cachorro da vizinhan\u00e7a, causando uma grande confus\u00e3o no interior do OVNI no momento em que foram libertados. Ele conta que nessa ocasi\u00e3o ele permaneceu tr\u00eas dias em companhia dos tripulantes do OVNI. Em seu lugar foi deixado um s\u00f3sia para que ningu\u00e9m sentisse sua falta.<\/p>\n<p>Ele teria sido colocado em uma redoma transparente, onde afixaram em seus bra\u00e7os, pernas, t\u00f3rax e abd\u00f4men fios ligados a algo que emitia luzes rotat\u00f3rias. A seguir, ao seu lado, em outra redoma, foi se formando uma r\u00e9plica do seu corpo, que, depois de totalmente pronta desapareceu.<\/p>\n<p>Atrav\u00e9s de uma tela ele viu a chegada do clone a sua casa. \u201cEle apareceu sentado \u00e0 mesa e aos poucos foi inclinando a cabe\u00e7a e dormiu\u201d, afirmou. Seu pai, pensando ser seu filho, foi apanh\u00e1-lo para lev\u00e1-lo at\u00e9 uma rede. No entanto algo interessante ocorreu. O corpo com o s\u00f3sia de Ant\u00f4nio estava muito pesado. Atrav\u00e9s do v\u00eddeo Ant\u00f4nio viu seu pai avisar a esposa, que, constatou o excesso de peso do filho mostrando-se muito preocupada. Depois te tempo e esfor\u00e7o deitaram-no em uma rede e sua m\u00e3e notou que uma cicatriz antiga havia sumido. Ela informou seu marido e chegou \u00e0 conclus\u00e3o de que aquele n\u00e3o era o filho deles. Ent\u00e3o eles decidiram avisar as autoridades competentes e aos m\u00e9dicos da cidade para esclarecer os fatos.<\/p>\n<p><a name=\"esferas\"><\/a><\/p>\n<h3>Comportamento Estranho<\/h3>\n<p>O clone foi observado pela fam\u00edlia durante os dias seguintes. Por volta do terceiro dia ele come\u00e7ou a apresentar um comportamento estranho. Ele n\u00e3o falava, n\u00e3o se alimentava e dormia muito. No quarto dia o verdadeiro Ant\u00f4nio apareceu em frente a sua casa, enquanto o clone desaparecia, como que por encanto. Ele decidiu manter o fato em segredo, contando apenas para seus familiares alguns meses depois. Em outra abdu\u00e7\u00e3o Ant\u00f4nio foi obrigado a engolir uma p\u00edlula branca, que segundo ele seria a origem dos poderes paranormais que passou a manifestar ap\u00f3s o primeiro contato.<\/p>\n<p><a name=\"esferas\"><\/a><\/p>\n<h3>Poderes Paranormais<\/h3>\n<p>Ap\u00f3s suas primeiras experi\u00eancias de abdu\u00e7\u00e3o Ant\u00f4nio demonstra grandes habilidades paranormais. Ele entorta ou derrete metais, provoca interfer\u00eancias e falhas em motores de carros, cura dores de cabe\u00e7a ou musculares, telepatia, etc, sendo alvo de estudos de numerosos especialistas de diversas \u00e1reas. Muitos fen\u00f4menos produzidos pelo contatado foram muito bem estudados e documentados. Em uma ocasi\u00e3o, Ant\u00f4nio participava de um simp\u00f3sio ufol\u00f3gico em Tingu\u00e1 (CE). Usando apenas o olhar Ant\u00f4nio entortou garfos e colheres na presen\u00e7a de v\u00e1rias pessoas. Inclusive este autor p\u00f4de comprovar pessoalmente os fen\u00f4menos que envolvem Ant\u00f4nio. Ao participar do 13\u00ba Congresso de Ufologia Cient\u00edfica, realizado em 1995 em Curitiba, tive oportunidade de conhecer pessoalmente Ant\u00f4nio Alves Ferreira. Sua hist\u00f3ria parecia surreal demais para mim, na \u00e9poca um ne\u00f3fito na Ufologia. Durante a palestra, ele alegava ter recebido dons paranormais de seus amigos extraterrestres, incluindo dons de cura. Diante de tudo o que ele afirmava, eu n\u00e3o entendia o porque de ele ainda ser parapl\u00e9gico tendo recebido tais dons paranormais. Eu considerava todo seu relato fantasioso e a cada revela\u00e7\u00e3o eu me tornava mais c\u00e9tico em rela\u00e7\u00e3o ao seu caso. Em dado momento da palestra Ant\u00f4nio afirmou que tinha capacidade telep\u00e1tica podendo receber ou transmitir pensamentos. Depois desta afirma\u00e7\u00e3o, eu tive a id\u00e9ia de desafi\u00e1-lo mentalmente visando\u00a0 confirmar o que\u00a0 ele dizia. Ent\u00e3o propus mentalmente uma sequencia de gestos que ele deveria fazer numa sequencia exata. Ap\u00f3s feito a sequencia ele deveria olhar diretamente para mim na plat\u00e9ia. Nesse momento, havia aproximadamente 350 participantes no audit\u00f3rio assistindo a palestra. Ao terminar o desafio mental, ele fez exatamente a sequencia determinada por mim e olhou diretamente para mim. Fixou seu olhar em mim por alguns segundos continuando a relatar sua experi\u00eancia.<\/p>\n<p><a name=\"esferas\"><\/a><\/p>\n<h3>Acompanhamento Militar<\/h3>\n<p>No auge da experi\u00eancias de Ant\u00f4nio, o ex\u00e9rcito enviou dois agentes para acompanhar o caso. Foram enviados o tenente Pantoja acompanhado de um sargento, que entrevistaram Ant\u00f4nio. Durante a entrevista mostram desenhos de v\u00e1rias naves pedindo que Ant\u00f4nio mostrasse a que mais se pareciam com a que ele tinha visto. Em dado momento apareceram estudantes da UFMA interessados em pesquisar o caso. Tenente Pantoja impediu que eles se aproximassem do contatado alegando que o caso estava sob responsabilidade do Ex\u00e9rcito.<\/p>\n<p><a name=\"esferas\"><\/a><\/p>\n<h3>Investiga\u00e7\u00e3o Paranormal<\/h3>\n<p>Algum tempo mais tarde, Ant\u00f4nio viajou para o Rio de Janeiro a convite para participar de um Congresso onde conheceu o parapsic\u00f3logo M\u00e1rio de Amaral Machado, presidente do Instituto de Parapsicologia do Rio de Janeiro (IPRJ) e da Federa\u00e7\u00e3o Brasileira de Parapsicologia (Febrap), que tamb\u00e9m o convidou para realizar algumas experi\u00eancias. \u201cAceitei devido \u00e0s propostas e mordomias que me eram oferecidas. Tudo aquilo era novidade. Talvez devido a essas empolga\u00e7\u00f5es tenham se aproveitado de mim\u201d, declarou. Esta declara\u00e7\u00e3o resume bem o seu sentimento em rela\u00e7\u00e3o \u00e0 esta pesquisa \u00e0 que se submeteu. Ele se sentiu como um objeto nas m\u00e3os dos pesquisadores. \u201cEles me tratavam como sua propriedade e n\u00e3o se preocupavam com meus sentimentos, com minhas vontades. E muito menos com meus pais, isolados no Maranh\u00e3o. No entanto, sentia-me na obriga\u00e7\u00e3o de colaborar com os pesquisadores. Fazia tudo em troca de alguns passeios e de comida\u201d, declarou posteriormente.<\/p>\n<p>Durante essa pesquisa Ant\u00f4nio ficou hospedado por um tempo na resid\u00eancia do parapsic\u00f3logo Mario Machado. Em uma ocasi\u00e3o ele chegou \u00e0 casa do pesquisador e encontrou a porta trancada. N\u00e3o havia ningu\u00e9m em casa. Ant\u00f4nio conta que simplesmente caiu dentro do quarto. Ao chegar, Mario surpreendeu-se ao constatar que ele j\u00e1 se encontrava dentro do quarto com a porta fechada.<\/p>\n<p>Em outra ocasi\u00e3o Ant\u00f4nio foi levado ao Centro Tecnol\u00f3gico do Ex\u00e9rcito (CESTEX), em Pedra de Guaratiba (RJ) acompanhado pelo tenente Rog\u00e9rio da Cunha, onde foi submetido a novos testes. &#8220;Eles me tratavam como cobaia. Obrigavam-me a atravessar p\u00e2ntanos e a realizar persegui\u00e7\u00f5es, juntamente com homens armados. Tudo isso para que, excitado, eu viesse a apresentar alguma rea\u00e7\u00e3o paranormal, digna de maiores estudos\u201d. Ant\u00f4nio afirma que estes estudos foram realizados em uma floresta. No centro desta havia uma pir\u00e2mide para testes de cunho psicol\u00f3gico. \u201cNeste local, ao chegarmos em companhia do coronel Cunha, fomos apresentados a mais tr\u00eas oficiais, o tenente M\u00e1rio, o major Nicelo e o coronel Real, que me interrogaram por mais de duas horas registrando tudo o que eu dizia em gravadores e blocos de anota\u00e7\u00f5es\u201d.<\/p>\n<p><a name=\"esferas\"><\/a><\/p>\n<h2><\/h2>\n<h3>Grava\u00e7\u00e3o de Vozes<\/h3>\n<p>Um dos pontos pol\u00eamicos do caso Ant\u00f4nio Alves Ferreira refere-se \u00e0 fitas com alegadas grava\u00e7\u00f5es das falas dos seres Riaus e Telione. O Centro de Pesquisas Ufol\u00f3gicas, de Fortaleza (CE),que acompanha este caso desde o in\u00edcio, solicitou o estudo das fitas por alguns ling\u00fcistas, que n\u00e3o conseguiram traduzir o que estava sendo dito. Entretanto, eles concluem que trata-se de um di\u00e1logo organizado com perguntas e respostas.<\/p>\n<\/div>\n<div>\n<div id=\"attachment_3064\" style=\"width: 290px\" class=\"wp-caption aligncenter\"><img aria-describedby=\"caption-attachment-3064\" loading=\"lazy\" class=\"wp-image-3064 size-full\" src=\"https:\/\/www.fenomenum.com.br\/novo\/wp-content\/uploads\/2022\/03\/aaf.ht1_.jpg\" alt=\"\" width=\"280\" height=\"331\" srcset=\"https:\/\/www.fenomenum.com.br\/novo\/wp-content\/uploads\/2022\/03\/aaf.ht1_.jpg 280w, https:\/\/www.fenomenum.com.br\/novo\/wp-content\/uploads\/2022\/03\/aaf.ht1_-250x296.jpg 250w, https:\/\/www.fenomenum.com.br\/novo\/wp-content\/uploads\/2022\/03\/aaf.ht1_-150x177.jpg 150w, https:\/\/www.fenomenum.com.br\/novo\/wp-content\/uploads\/2022\/03\/aaf.ht1_-50x59.jpg 50w, https:\/\/www.fenomenum.com.br\/novo\/wp-content\/uploads\/2022\/03\/aaf.ht1_-100x118.jpg 100w, https:\/\/www.fenomenum.com.br\/novo\/wp-content\/uploads\/2022\/03\/aaf.ht1_-200x236.jpg 200w\" sizes=\"(max-width: 280px) 100vw, 280px\" \/><p id=\"caption-attachment-3064\" class=\"wp-caption-text\">S\u00e3o Luis destacada em vermelho no mapa do estado do Maranh\u00e3o.<\/p><\/div>\n<\/div>\n<div><\/div>\n<div>\n<p>&nbsp;<\/p>\n<div id=\"attachment_3065\" style=\"width: 160px\" class=\"wp-caption aligncenter\"><img aria-describedby=\"caption-attachment-3065\" loading=\"lazy\" class=\"wp-image-3065 size-full\" src=\"https:\/\/www.fenomenum.com.br\/novo\/wp-content\/uploads\/2022\/03\/AntonioAlvescapa_v.jpg\" alt=\"\" width=\"150\" height=\"238\" srcset=\"https:\/\/www.fenomenum.com.br\/novo\/wp-content\/uploads\/2022\/03\/AntonioAlvescapa_v.jpg 150w, https:\/\/www.fenomenum.com.br\/novo\/wp-content\/uploads\/2022\/03\/AntonioAlvescapa_v-50x79.jpg 50w, https:\/\/www.fenomenum.com.br\/novo\/wp-content\/uploads\/2022\/03\/AntonioAlvescapa_v-100x159.jpg 100w\" sizes=\"(max-width: 150px) 100vw, 150px\" \/><p id=\"caption-attachment-3065\" class=\"wp-caption-text\">Abduzido Ant\u00f4nio Alves Ferreira.<\/p><\/div>\n<\/div>\n<div><\/div>\n<div>\n<div id=\"attachment_3066\" style=\"width: 353px\" class=\"wp-caption aligncenter\"><img aria-describedby=\"caption-attachment-3066\" loading=\"lazy\" class=\"wp-image-3066 size-full\" src=\"https:\/\/www.fenomenum.com.br\/novo\/wp-content\/uploads\/2022\/03\/lm14.png\" alt=\"\" width=\"343\" height=\"270\" srcset=\"https:\/\/www.fenomenum.com.br\/novo\/wp-content\/uploads\/2022\/03\/lm14.png 343w, https:\/\/www.fenomenum.com.br\/novo\/wp-content\/uploads\/2022\/03\/lm14-250x197.png 250w, https:\/\/www.fenomenum.com.br\/novo\/wp-content\/uploads\/2022\/03\/lm14-150x118.png 150w, https:\/\/www.fenomenum.com.br\/novo\/wp-content\/uploads\/2022\/03\/lm14-50x39.png 50w, https:\/\/www.fenomenum.com.br\/novo\/wp-content\/uploads\/2022\/03\/lm14-100x79.png 100w, https:\/\/www.fenomenum.com.br\/novo\/wp-content\/uploads\/2022\/03\/lm14-200x157.png 200w, https:\/\/www.fenomenum.com.br\/novo\/wp-content\/uploads\/2022\/03\/lm14-300x236.png 300w\" sizes=\"(max-width: 343px) 100vw, 343px\" \/><p id=\"caption-attachment-3066\" class=\"wp-caption-text\">Desenho dos abdutores de Ant\u00f4nio Alves Ferreira.<\/p><\/div>\n<\/div>\n<div><\/div>\n<div><\/div>\n<div><\/div>\n<div><\/div>\n<h2>Refer\u00eancias:<\/h2>\n<div>\n<hr \/>\n<\/div>\n<section id=\"content\">\n<div class=\"container\">\n<div class=\"row\">\n<ol>\n<li class=\"col-lg-8\"><a href=\"http:\/\/www.high5five.com\/ufologia-10\/a-fantastica-historia-de-antonio-alves-ferreira\/\" target=\"_blank\" rel=\"noopener\">http:\/\/www.high5five.com\/ufologia-10\/a-fantastica-historia-de-antonio-alves-ferreira\/<\/a><\/li>\n<li class=\"col-lg-8\"><a href=\"http:\/\/www.ufo.com.br\/index.php?arquivo=notComp.php&amp;id=3579\" target=\"_blank\" rel=\"noopener\">http:\/\/www.ufo.com.br\/index.php?arquivo=notComp.php&amp;id=3579<\/a><\/li>\n<li class=\"col-lg-8\"><a href=\"http:\/\/gubf.paineldohardware.com\/?p=670\" target=\"_blank\" rel=\"noopener\">http:\/\/gubf.paineldohardware.com\/?p=670<\/a><\/li>\n<\/ol>\n<\/div>\n<\/div>\n<\/section>\n","protected":false},"excerpt":{"rendered":"<p>Pol\u00eamico caso de abdu\u00e7\u00e3o ocorrido em S\u00e3o Luis (MA), com Ant\u00f4nio Alves Ferreira que teria adquirido poderes paranormais ap\u00f3s o contato H\u00e1 d\u00e9cadas o jovem Antonio Alves Ferreira, foi protagonista de um dos mais famosos eventos ufol\u00f3gicos do Brasil. Ele teria sido abduzido em pelo menos 11 ocasi\u00f5es por seres alien\u00edgenas oriundos do planeta Protu. [&hellip;]<\/p>\n","protected":false},"author":5,"featured_media":3063,"comment_status":"open","ping_status":"open","sticky":false,"template":"","format":"standard","meta":{"inline_featured_image":false},"categories":[105],"tags":[],"_links":{"self":[{"href":"https:\/\/www.fenomenum.com.br\/novo\/wp-json\/wp\/v2\/posts\/3062"}],"collection":[{"href":"https:\/\/www.fenomenum.com.br\/novo\/wp-json\/wp\/v2\/posts"}],"about":[{"href":"https:\/\/www.fenomenum.com.br\/novo\/wp-json\/wp\/v2\/types\/post"}],"author":[{"embeddable":true,"href":"https:\/\/www.fenomenum.com.br\/novo\/wp-json\/wp\/v2\/users\/5"}],"replies":[{"embeddable":true,"href":"https:\/\/www.fenomenum.com.br\/novo\/wp-json\/wp\/v2\/comments?post=3062"}],"version-history":[{"count":1,"href":"https:\/\/www.fenomenum.com.br\/novo\/wp-json\/wp\/v2\/posts\/3062\/revisions"}],"predecessor-version":[{"id":6908,"href":"https:\/\/www.fenomenum.com.br\/novo\/wp-json\/wp\/v2\/posts\/3062\/revisions\/6908"}],"wp:featuredmedia":[{"embeddable":true,"href":"https:\/\/www.fenomenum.com.br\/novo\/wp-json\/wp\/v2\/media\/3063"}],"wp:attachment":[{"href":"https:\/\/www.fenomenum.com.br\/novo\/wp-json\/wp\/v2\/media?parent=3062"}],"wp:term":[{"taxonomy":"category","embeddable":true,"href":"https:\/\/www.fenomenum.com.br\/novo\/wp-json\/wp\/v2\/categories?post=3062"},{"taxonomy":"post_tag","embeddable":true,"href":"https:\/\/www.fenomenum.com.br\/novo\/wp-json\/wp\/v2\/tags?post=3062"}],"curies":[{"name":"wp","href":"https:\/\/api.w.org\/{rel}","templated":true}]}}