{"id":3113,"date":"2022-03-14T10:34:31","date_gmt":"2022-03-14T13:34:31","guid":{"rendered":"https:\/\/www.fenomenum.com.br\/?p=3113"},"modified":"2025-04-21T13:11:16","modified_gmt":"2025-04-21T16:11:16","slug":"o-fantastico-caso-karran","status":"publish","type":"post","link":"https:\/\/www.fenomenum.com.br\/novo\/o-fantastico-caso-karran\/","title":{"rendered":"O Fant\u00e1stico Caso Karran"},"content":{"rendered":"<section id=\"inner-headline\">\n<div class=\"container\">\n<div class=\"row\">\n<div id=\"resumo\" class=\"resumo\" style=\"padding-left: 40px;\"><strong>O Caso Karran \u00e9 um dos mais famosos da Ufologia Brasileira e ocorreu em 12 de janeiro de 1976, em Matias Barbosa (MG), tendo como protagonista o casal Herm\u00ednio e Bianca Reis.<\/strong><\/div>\n<\/div>\n<\/div>\n<\/section>\n<div>\n<hr \/>\n<\/div>\n<div>\n<p>Um controvertido encontro de 3\u00b0 grau com a equipe do extraterreno Karran modificou completamente a vida do casal Herm\u00ednio e Bianca Reis, um ex-pastor das Testemunhas de Jeov\u00e1 e uma dona-de-casa. Presen\u00e7as obrigat\u00f3rias em relatos e simp\u00f3sios de ufologia, os dois contam, nesta entrevista exclusiva, os muitos obst\u00e1culos que tiveram de superar, desde as acusa\u00e7\u00f5es de serem meros rob\u00f4s teleguiados at\u00e9 os desconfortos da popularidade. Al\u00e9m disso, discorrem com naturalidade sobre a presen\u00e7a, j\u00e1 entre n\u00f3s, de seres de outros planetas. Seus encontros com Karran s\u00e3o dos mais bem documentados da factualidade ufol\u00f3gica.<\/p>\n<p>Um grupo de alunos, deitados no ch\u00e3o, aguarda as instru\u00e7\u00f5es de seus professores ou \u201cguias\u201d, que os conduzir\u00e3o atrav\u00e9s das v\u00e1rias etapas do exerc\u00edcio de \u201csa\u00edda consciente da mat\u00e9ria\u201d.<\/p>\n<p>Um novo tipo de culto? N\u00e3o. Apenas um dos grupos orientados pelo casal de mineiros Herm\u00ednio e Bianca Reis, que se tornaram o caso mais controvertido de contato de 3\u00ba grau j\u00e1 ocorrido no Brasil, e que, baseados em ensinamentos de extraterrestres, ministram cursos sobre as pr\u00e1ticas e t\u00e9cnicas da filosofia de vida extraterrestre \u2013 cursos esses que j\u00e1 contam com grande n\u00famero de alunos, entusiasmados com as novas id\u00e9ias, e que v\u00eam causando pol\u00eamicas entre adeptos e c\u00e9ticos.<\/p>\n<p>Parte de toda essa controv\u00e9rsia adv\u00e9m da maneira sensacionalista com que o assunto foi tratado num programa de televis\u00e3o, transmitido em rede nacional. A entrevista ocasionou, na \u00e9poca, diversas cr\u00edticas por parte de pesquisadores, que julgaram insensato expor um assunto t\u00e3o importante nas bases em que foi explorado naquele show.<\/p>\n<p>Entretanto a presen\u00e7a do casal diante das c\u00e2meras provocou imediatamente uma discuss\u00e3o de car\u00e1ter nacional com rela\u00e7\u00e3o \u00e0 quest\u00e3o discos voadores. As confer\u00eancias do \u201ccasal do disco voador\u201d, como s\u00e3o conhecidos, geram sempre grande entusiasmo do p\u00fablico, que se aglomera ao redor dos dois, bombardeando-os de perguntas e d\u00favidas.<\/p>\n<p>Novamente, aqui, parte da controv\u00e9rsia se faz evidenciar nas opini\u00f5es de alguns uf\u00f3logos, os quais acham injusto que duas pessoas reconhecidamente leigas no assunto sejam tomadas como especialistas nele.<\/p>\n<p>A aventura de Herm\u00ednio e Bianca come\u00e7ou em 1976, numa noite de janeiro, quando viajavam em seu carro do Rio de Janeiro para Belo Horizonte. Era muito tarde e a vis\u00e3o de um \u201cbal\u00e3o\u201d luminoso no c\u00e9u os fez parar \u2013 fato que aconteceu o seu \u201cseq\u00fcestro\u201d com carro e tudo para dentro da espa\u00e7onave. J\u00e1 no disco, eles encontraram o alto e belo Karran, extraterrestre que se tornou amigo dos dois e, atrav\u00e9s deles, tamb\u00e9m uma \u201ccelebridade\u201d.<\/p>\n<p>Aquele foi o primeiro de uma s\u00e9rie de quatro contatos ou encontros com Karran. O caso Herm\u00ednio e Bianca \u00e9 um dos poucos em que os \u201csequestrados\u201d n\u00e3o perderam a lembran\u00e7a do acontecido e ainda se envolveram tanto com os extraterrestres que outros contatos foram estabelecidos.<\/p>\n<p>Digno de nota foi o terceiro deles, em que Herm\u00ednio tirou fotos da nave deixando o solo. Estas fotos, que mais mostram \u201cjogos de formas de luz\u201d do que propriamente a silhueta de um disco voador, foram exaustivamente estudadas em laborat\u00f3rios pelo pesquisador de UFOs Alberto Francisco Carmo.<\/p>\n<p>O resultado das revela\u00e7\u00f5es foi apresentado em mar\u00e7o de 1979, no Primeiro Congresso Brasileiro de Ufologia, em S\u00e3o Paulo, que contou com a presen\u00e7a do papa da ufologia, o astrof\u00edsico americano Allen Hynek. Alberto Francisco conclui:\u201d&#8230;ou estas fotos s\u00e3o aut\u00eanticas, revelando parte de uma supra \u2013 realidade que n\u00e3o conhecemos, ou ent\u00e3o o sr. Herm\u00ednio da Silva Reis \u00e9 um amador genial&#8230;\u201d<\/p>\n<p>Na nossa opini\u00e3o, o que mais incita \u00e0 controv\u00e9rsia no caso de Herm\u00ednio e Bianca \u00e9 o fato deles insistirem na tese de que os extraterrestres s\u00e3o sempre bem intencionados, ou seja, todos os extraterrestres que nos visitam v\u00eam com a miss\u00e3o pac\u00edfica de compreender-nos e ajudar-nos a penetrar numa etapa do desenvolvimento e conhecimento humanos.<\/p>\n<p>O assunto ainda se tornou mais delicado quando Herm\u00ednio, ex-pastor das Testemunhas de Jeov\u00e1, divulgou detalhes impressionantes sobre discuss\u00f5es de car\u00e1ter teol\u00f3gico que mantivera com o extraterrestre, chegando a fazer profundas declara\u00e7\u00f5es sobre as origens da vida na Terra.<\/p>\n<p>Em geral, os pesquisadores divergem em suas opini\u00f5es sobre Herm\u00ednio e Bianca. Alguns preferem n\u00e3o discutir o assunto, temendo o risco da controv\u00e9rsia e da especula\u00e7\u00e3o; outros admitem a veracidade do \u201csequestro\u201d, mas preferem manter-se \u00e0 dist\u00e2ncia quando s\u00e3o chamados a testemunhar; outros, ainda, chegam \u00e0s fronteiras da paran\u00f3ia, afirmando terem os dois se tornado verdadeiros rob\u00f4s, manipulados pelos extraterrestres, cujo \u00fanico prop\u00f3sito \u00e9 o de dominar o mundo.<\/p>\n<h2>Entrevista<\/h2>\n<p>Apenas uma coisa \u00e9 certa: apesar das diferentes rea\u00e7\u00f5es de leigos e especialistas a respeito desse caso, o \u201ccasal do disco voador\u201d continua sua caminhada, procurando, atrav\u00e9s dos ensinamentos dos extraterrestres, levar as pessoas ao maior conhecimento de si mesmas e do mundo em que vivem.<\/p>\n<p>Sabe-se que voc\u00eas participam de todos os congressos de ufologia, onde ouvem muitos cientistas e pesquisadores apresentarem diversos trabalhos. O que voc\u00eas acham dessas pesquisas?<\/p>\n<p>Herm\u00ednio: Nos congressos, prestamos muita aten\u00e7\u00e3o aos trabalhos de todos os pesquisadores. Isso nos abre perspectivas amplas sobre o assunto, inclusive a respeito de nosso trabalho. Os pesquisadores est\u00e3o fazendo o seu trabalho, como n\u00f3s estamos fazendo o nosso. Por\u00e9m, eu e Bianca tivemos uma experi\u00eancia f\u00edsica. Estivemos dentro de uma m\u00e1quina; conversamos com gente de carne e osso como n\u00f3s. Nessa ocasi\u00e3o, n\u00e3o s\u00f3 ouvimos muito como perguntamos muita coisa. H\u00e1 outras pessoas como n\u00f3s, que podem falar sobre o assunto e deveriam participar dos congressos mas n\u00e3o participam. Alguns pesquisadores ainda t\u00eam muitas d\u00favidas sobre a exist\u00eancia dos discos voadores. Uma pessoa que participa de um congresso de ufologia para expor trabalhos sobre o assunto Deve ter certeza de que eles existem. Certeza daquilo que est\u00e1 falando. Nesses congressos, onde voc\u00ea deveria ouvir e aprender sobre UFOs, as pessoas saem com medo deles. E isso n\u00e3o \u00e9 positivo.<\/p>\n<p>De acordo com as conclus\u00f5es do congresso de ufologia de Bras\u00edlia, p\u00f4de-se perceber que h\u00e1, de certa forma, dois tipos de pesquisador: o cl\u00e1ssico, que cataloga depoimentos, e os anticl\u00e1ssicos ou m\u00edsticos como James Hurtak que associam a ufologia \u00e0 arqueologia, ocultismo e ao pr\u00f3prio inconsciente humano. O que voc\u00eas acham desses dois tipos de pesquisa?<\/p>\n<p>Herm\u00ednio: Acho que s\u00e3o v\u00e1lidos desde que representem o fato como ele se deu e n\u00e3o na a sua opini\u00e3o sobre o assunto. A prop\u00f3sito, essa liga\u00e7\u00e3o misticismo\/discos voadores n\u00e3o \u00e9 correta. Eu mesmo j\u00e1 fui um m\u00edstico at\u00e9 o dia em que tive contato direto com o fato; ent\u00e3o passei a observ\u00e1-lo como ci\u00eancia, n\u00e3o como religi\u00e3o.<\/p>\n<p>Muitos pesquisadores dizem que o caso de voc\u00eas \u00e9 um tanto controvertido e que voc\u00eas at\u00e9 hoje n\u00e3o apresentaram \u201cprovas\u201d ou \u201cmostras\u201d de que a experi\u00eancia aconteceu realmente. Como voc\u00eas respondem a isso?<\/p>\n<p>Bianca: Mas o que seria uma \u201cprova convincente\u201d para os pesquisadores? Um peda\u00e7o de papel? Um peda\u00e7o de tecido da roupa de Karran? Alguns pesquisadores ficariam satisfeitos; outros, n\u00e3o. O que seria uma prova para alguns n\u00e3o seria para outros. Karran nos autorizou a tirar fotos que comprovam que estivemos com extraterrestres. Fotos que foram testadas cientificamente comprovando as diferen\u00e7as com as coisas daqui. Para muitos ainda n\u00e3o foi o suficiente. Agora, o que \u00e9 uma prova? Ent\u00e3o eles diriam: trazer Karran pessoalmente. Mas esta \u00e9 uma prova que satisfaz \u00e0s pessoas individualmente. Outras n\u00e3o acreditar\u00e3o em voc\u00ea. Agora eu coloco uma pergunta: e se agora eu trouxesse Karran at\u00e9 aqui? Talvez as pessoas dissessem que ele era muito humano para ser de outro planeta. Elas n\u00e3o v\u00e3o acreditar que ele \u00e9 extraterrestre, pois a grande maioria acha que, para eles serem de outros planetas, devem necessariamente ser diferentes. E existem muitas pessoas de outros planetas iguais a n\u00f3s. Portanto, isso n\u00e3o seria uma prova.<\/p>\n<p>Voc\u00eas contaram tudo o que sabem aos pesquisadores?<\/p>\n<p>Bianca: Na medida do poss\u00edvel, sim.<\/p>\n<p>O que voc\u00ea quer dizer com \u201cna medida do poss\u00edvel \u201d?<\/p>\n<p>Bianca: Eles nos pediram para n\u00e3o divulgar certos fatos e n\u00f3s mesmos achamos que certas coisas n\u00e3o deveriam ser mencionadas em p\u00fablico.<\/p>\n<p>H\u00e1 pesquisadores que acham que voc\u00eas est\u00e3o sendo usados por Karran e seu povo, e que, desde o primeiro contato, voc\u00eas se tornaram rob\u00f4s, apesar de crerem estar agindo de pr\u00f3pria vontade. Como voc\u00eas encaram essas afirma\u00e7\u00f5es?<\/p>\n<p>Bianca: Acho que rob\u00f4s todos n\u00f3s somos. Uns usados de uma forma, outros de outra. N\u00e3o sou manipulada por eles. Quando Karran diz alguma coisa, ele explica e te convence a lutar por aquilo que est\u00e1 dizendo. Da mesma maneira que uma pessoa luta por uma religi\u00e3o,por uma ci\u00eancia, um ideal pol\u00edtico ou qualquer outra coisa. Se as pessoas acham que somos rob\u00f4s, elas devem pensar melhor e ver que existe um monte de rob\u00f4s por a\u00ed \u2013 alguns manipulados pelo poder, pelo dinheiro, ou at\u00e9 pelo sexo.<\/p>\n<p>Sabemos que ap\u00f3s o contato direto, Bianca, voc\u00ea tamb\u00e9m passou a funcionar como um tipo de receptor e que Karran fala com voc\u00ea quando esta pr\u00f3ximo da Terra. O que foi feito dentro do disco para tornar isso poss\u00edvel?<\/p>\n<p>Bianca:L\u00e1 dentro, atrav\u00e9s de um aparelho dele (bem entendido que n\u00e3o foi implantado nenhum aparelho em mim), Karran registrou ondas mentais provenientes do meu c\u00e9rebro \u2013 ondas mentais que todos emitimos, mas que n\u00e3o conhecemos ainda. Atrav\u00e9s dessas ondas eles se comunicam, ampliando-as, e elas s\u00e3o transmitidas para mim.S\u00e3o ondas minhas. S\u00e3o freq\u00fc\u00eancias mentais minhas. Por isso eu compreendo e me comunico com eles assim. Conversando normalmente, j\u00e1 estou emitindo freq\u00fc\u00eancias que chegam at\u00e9 os aparelhos, e eles estando com as m\u00e1quinas ligadas, imediatamente recebem as minhas ondas tamb\u00e9m.<\/p>\n<p>Antes da experi\u00eancia, voc\u00ea apresentava algum sintoma de paranormalidade ou sensitividade?<\/p>\n<p>Bianca: N\u00e3o. Nunca prestei aten\u00e7\u00e3o nisso. Pode ser at\u00e9 que tivesse.<\/p>\n<p>Voc\u00eas conheceram outros extraterrestres al\u00e9m de Karran?<\/p>\n<p>Bianca: Sim.<\/p>\n<p>Herm\u00ednio: No m\u00eas de janeiro de 1977, quando Karran veio pela segunda vez, ficamos conhecendo uma pessoa que estava vivendo aqui no Brasil e que nos encontrou e nos levou at\u00e9 Karran e vice-versa. Essa pessoa chamava-se Zir.<\/p>\n<p>Qual era a apar\u00eancia f\u00edsica de Zir?<\/p>\n<p>Herm\u00ednio: Primeiramente, suponhamos que eu tomasse Zir como uma prova. Se eu chegasse at\u00e9 algu\u00e9m e dissesse que Zir era de outro planeta, as pessoas n\u00e3o acreditariam, porque ele \u00e9 igual a qualquer pessoa. Visualmente, Zir n\u00e3o d\u00e1 provas de ser um habitante de outro planeta. Apenas em circunstancias especiais, que ele nos mostrou, pudemos notar que a circula\u00e7\u00e3o sangu\u00ednea dele n\u00e3o \u00e9 do mesmo tipo que a nossa. Por exemplo, nossas veias s\u00e3o dispostas em sentido vertical, as dele s\u00e3o em sentido circular.<\/p>\n<p>As de Karran tamb\u00e9m?<\/p>\n<p>Herm\u00ednio: N\u00e3o. Zir era diferente de Karran.<\/p>\n<p>Ent\u00e3o Zir n\u00e3o vem do mesmo planeta que Karran?<\/p>\n<p>Herm\u00ednio: N\u00e3o. Apenas serviu de int\u00e9rprete naquele momento.<\/p>\n<p>Ent\u00e3o Zir morava na Terra?<\/p>\n<p>Herm\u00ednio: Zir estava trabalhando aqui. Mas voltando \u00e0 particularidade da circula\u00e7\u00e3o sangu\u00ednea ser diferente \u2013 fato que \u00e9 quase impercept\u00edvel, pois s\u00f3 pudemos notar isso bem de perto com lanternas deles -, Zir tamb\u00e9m nos disse que tinha dois cora\u00e7\u00f5es e que, antes de vir para c\u00e1, fora adaptado para viver aqui. Durante a noite, Zir usava filtros no nariz para manter-se em equil\u00edbrio com nosso tipo de respira\u00e7\u00e3o.<\/p>\n<p>Zir tinha uma profiss\u00e3o aqui?<\/p>\n<p>Herm\u00ednio: Ele trabalhava no campo. Era um lavrador e se vestia como tal. Em suas m\u00e3os havia at\u00e9 calos. Usava roupas simples e pretas, feitas de tecido nosso.<\/p>\n<p>Zir ainda vive na Terra?<\/p>\n<p>Herm\u00ednio: Pelo que me consta, n\u00e3o. Ele estava doente naquela \u00e9poca. Sofrera um acidente e disse que ia embora.<\/p>\n<p>Voc\u00ea disse que ele serviu de int\u00e9rprete?<\/p>\n<p>Herm\u00ednio: Karran falava seu pr\u00f3prio idioma e Zir ouvia e traduzia para n\u00f3s em portugu\u00eas.<\/p>\n<p>Dentro do disco, esse processo foi feito atrav\u00e9s de uma m\u00e1quina, certo?<\/p>\n<p>Herm\u00ednio: Sim, por m\u00e1quinas. Mas Bianca informou que Karran est\u00e1 aprendendo portugu\u00eas. S\u00f3 que, nessa segunda vez, Karran ainda n\u00e3o falava portugu\u00eas.<\/p>\n<p>Quer dizer que h\u00e1 realmente extraterrestres morando na Terra?<\/p>\n<p>Herm\u00ednio: Sim. Karran nos disse que existem extraterrestres vivendo aqui, assim como h\u00e1 seres humanos da Terra vivendo no planeta de Karran.<\/p>\n<p>Qual \u00e9 a miss\u00e3o dos extraterrestres entre n\u00f3s?<\/p>\n<p>Herm\u00ednio: Karran nos disse que, por motivo de um acidente no planeta Terra nosso c\u00e9rebro ficou bastante avariado, bloqueado. Por isso, eles resolveram acompanhar nosso desenvolvimento mental atrav\u00e9s dos tempos.<\/p>\n<p>Voc\u00eas sabem se algum outro acidente ir\u00e1 ocorrer?<\/p>\n<p>Herm\u00ednio: Sim. Mas Karran explicou que ser\u00e1 um acidente necess\u00e1rio, porque nosso planeta precisa voltar \u00e0 sua posi\u00e7\u00e3o original. Retornando \u00e1 situa\u00e7\u00e3o inicial, ent\u00e3o as coisas ir\u00e3o melhorar. Naturalmente, tudo voltar\u00e1 ao normal, inclusive os sobreviventes ser\u00e3o bem diferentes do ser humano atual. N\u00e3o haver\u00e1 bloqueios e eles usar\u00e3o seus c\u00e9rebros na totalidade.<\/p>\n<p>Esse outro acidente ser\u00e1 natural ou provocado pelo homem?<\/p>\n<p>Herm\u00ednio: Karran me disse que inicialmente esse acidente foi provocado por uma grande descarga de energia solar. Naturalmente, esse retorno do planeta ao seu eixo tamb\u00e9m ser\u00e1 provocado pelo Sol. Mas ele poder\u00e1 ser apressado pelo homem.<\/p>\n<p>Quando vai ocorrer esse acidente?<\/p>\n<p>Herm\u00ednio: Karran me disse que est\u00e1 bem perto. Bem perto mesmo.<\/p>\n<p>Embora n\u00e3o sejam m\u00edsticos, voc\u00eas normalmente n\u00e3o t\u00eam diferen\u00e7as ideol\u00f3gicas com os m\u00edsticos como os rosacruzes,os teosofistas. Mas essa not\u00edcia do acidente que para muitos corresponde \u00e0 id\u00e9ia do Apocalipse, n\u00e3o seria um assunto dentro das fronteiras da m\u00edstica?<\/p>\n<p>Bianca: Pode at\u00e9 ser. Mas quando ele falou do acidente para n\u00f3s, falou com a mesma naturalidade com que n\u00f3s estamos falando tudo \u00e0 voc\u00ea. Ele n\u00e3o contou coisas misteriosas, secretas.<\/p>\n<p>Herm\u00ednio: A prop\u00f3sito, esse retorno ao eixo da Terra n\u00e3o significa um castigo, ou que Deus ir\u00e1 salvar os bons e destruir os maus. O mar, quando retomar sua posi\u00e7\u00e3o inicial, atingir\u00e1 tanto bons quanto maus. Para os extraterrestres, todos somos iguais.<\/p>\n<p>Herm\u00ednio, voc\u00ea era pastor de uma religi\u00e3o cujos adeptos s\u00e3o normalmente considerados fan\u00e1ticos. Quando voc\u00ea discutiu assuntos de natureza religiosa com Karran, o que foi que ele falou sobre Jesus Cristo e as id\u00e9ias existentes na B\u00edblia?<\/p>\n<p>Herm\u00ednio: A palavra pastor n\u00e3o era usada naquela \u00e9poca. Eu era um ministro de Deus e fui atuante como chefe de uma congrega\u00e7\u00e3o por doze anos. Eu pregava, mas isso n\u00e3o quer dizer que eu era uma pessoa de grande import\u00e2ncia na religi\u00e3o.<\/p>\n<p>Na \u00e9poca em que se deu esse contato \u2013 12 de janeiro de 1976, na estrada Matias Barbosa \u2013 eu j\u00e1 tinha me afastado do meu minist\u00e9rio por raz\u00f5es puramente particulares, e n\u00e3o por causa do assunto \u201cdisco voador\u201d. Esse assunto me afastou ainda mais da religi\u00e3o e n\u00e3o da B\u00edblia.<\/p>\n<p>Desde ent\u00e3o, venho descobrindo muitas evid\u00eancias na B\u00edblia sobre a exist\u00eancia de extraterrestres aqui na Terra. Posso dizer que hoje leio muito mais a B\u00edblia do que antes, e que aprendi muito mais a respeito de Deus do que antes.<\/p>\n<p>O deus de Karran \u00e9 o mesmo em que n\u00f3s acreditamos?<\/p>\n<p>Herm\u00ednio: Sim, mas o deus de Karran n\u00e3o \u00e9 o deus pregado pelas religi\u00f5es. Esse Deus que n\u00f3s conhecemos n\u00e3o existe. Karran disse que Deus ama todos n\u00f3s sem distin\u00e7\u00e3o. Que o Criador n\u00e3o necessita de n\u00f3s como servos, e sim como filhos. Assim, eu, de escravo de Deus passei a ser filho de meu Pai. E meu Pai \u00e9 um homem rico, n\u00e3o \u00e9 pobre.<\/p>\n<p>Ele \u00e9 dono de tudo, de todas as coisas que recebemos; e Deus n\u00e3o cobra nada por aquilo que Ele nos d\u00e1.<\/p>\n<p>Como voc\u00ea v\u00ea hoje a figura de Jesus Cristo?<\/p>\n<p>Herm\u00ednio: Quando conversei com Karran sobre a B\u00edblia, ele falou de um Pai Criador. Ent\u00e3o perguntei se na terra dele havia muitas leis, como havia aqui na Terra. Ele me disse que na sua terra eles tamb\u00e9m receberam as mesmas leis que foram dadas a n\u00f3s por aquele que conhecemos por Jesus Cristo, mas que n\u00e3o o conheciam por esse nome, \u201cN\u00e3o o conhe\u00e7o assim\u201d, disse-me ele.<\/p>\n<p>Ent\u00e3o, ele completou dizendo trechos dessa lei:<\/p>\n<p>\u201cAmar ao pr\u00f3ximo \u00e9 amar ao Criador\u201d; \u201cToda vez que tocarmos nosso pr\u00f3ximo, \u00e9 como se estiv\u00e9ssemos tocando em n\u00f3s mesmos\u201d; e: \u201cToda vez que ofendermos o pr\u00f3ximo estaremos ofendendo a n\u00f3s mesmos\u201d.<\/p>\n<p>Estas s\u00e3o as leis que eles conhecem. E \u00e9 por isso que n\u00e3o concordo com pesquisadores que falam de tripulantes de disco voador violentos, agressivos, que falam de guerras em outros planetas. Chegam a dizer que Karran era um \u201cbandoleiro do espa\u00e7o\u201d. Se voc\u00ea algum dia fizer contato com extraterrestres, ver\u00e1 que s\u00e3o pessoas bondosas, dedicadas, e raramente existe um registro nosso mostrando que o extraterrestre foi agressivo. Normalmente, n\u00f3s \u00e9 que agredimos primeiro.<\/p>\n<p>Existem casos documentados \u2013 um exemplo cl\u00e1ssico \u00e9 o de Villas-Boas \u2013 da exist\u00eancia de cruzamentos (at\u00e9 for\u00e7ados) entre terrestres e extraterrestres. Isto n\u00e3o seria uma evid\u00eancia de uma conduta agressiva em rela\u00e7\u00e3o aos homens?<\/p>\n<p>Herm\u00ednio: N\u00e3o. O que ocorreu com o dr. Villas-Boas foi um tipo de experi\u00eancia cient\u00edfica.<\/p>\n<p>Todos os extraterrestres s\u00e3o bons? T\u00eam inten\u00e7\u00f5es boas em rela\u00e7\u00e3o a n\u00f3s?<\/p>\n<p>Bianca: Sim. Por exemplo, suponhamos que eles fossem maus, que tivessem a inten\u00e7\u00e3o de tomar nosso planeta. Ora, diante da tecnologia que t\u00eam, da capacidade mental que t\u00eam, se eles fossem pessoas m\u00e1s, j\u00e1 teriam feito o mal h\u00e1 muito tempo. Ent\u00e3o, eu n\u00e3o acredito que sejam maus, porque at\u00e9 hoje n\u00e3o invadiram nosso planeta.<\/p>\n<p>Sabe-se que muitas pessoas foram queimadas, sofreram choques emocionais, psicol\u00f3gicos, e perderam a capacidade de trabalhar, sem contar os casos de pessoas que foram for\u00e7adas ao relacionamento sexual. Voc\u00eas acham que esse seria um comportamento de pessoas que querem o bem dos seres humanos?<\/p>\n<p>Bianca: Ainda hoje estive discutindo com a pesquisadora \u2013 d.Irene Granchi \u2013 a respeito de pessoas que ficaram impossibilitadas de trabalhar por problemas mentais, etc. Mas acontece que pessoas sofrem dessa maneira a ponto de ficarem impossibilitadas atuar aqui na Terra s\u00f3 porque viram ou entraram num disco, se levassem um tombo tamb\u00e9m ficariam loucas. Se houvesse qualquer tipo de acidente, ela ficaria afetada como ficou diante de um disco voador, porque fisicamente ela j\u00e1 n\u00e3o estaria bem.<\/p>\n<p>Ent\u00e3o Karran n\u00e3o mencionou a exist\u00eancia de extraterrestres com inten\u00e7\u00f5es ruins a nosso respeito?<\/p>\n<p>Bianca: N\u00e3o. Apenas existem maneiras diferentes de a\u00e7\u00e3o dos extraterrestres. Alguns s\u00e3o muito precavidos. Se eles est\u00e3o parados e a pessoa vai na dire\u00e7\u00e3o deles, eles paralisam a pessoa mesmo.S\u00f3 ent\u00e3o podemos ver isso como uma agress\u00e3o. Mas eu pergunto: se n\u00f3s estiv\u00e9ssemos no lugar deles, n\u00e3o far\u00edamos a mesm\u00edssima coisa? Voc\u00ea sabe que n\u00f3s n\u00e3o somos \u201cbonzinhos\u201d coisa nenhuma. Pela quantidade de crimes que existe em nosso planeta&#8230;<\/p>\n<p>Karran verificou com voc\u00eas o caso de um extraterrestre que foi preso pelo FBI nos Estados Unidos, em 1953 ou 1954?<\/p>\n<p>Bianca: Karran mencionou at\u00e9 o lugar \u2013 Ohio \u2013 e completou dizendo que n\u00e3o foi uma nave s\u00f3 que caiu, e sim duas; e que na ocasi\u00e3o, ap\u00f3s o acidente, alguns tripulantes j\u00e1 estavam mortos, havendo somente um com vida. Os extraterrestres da terra do sobrevivente viriam apanh\u00e1-lo. S\u00f3 que, quando chegaram, essa pessoa j\u00e1 fora levada. Ent\u00e3o, a nave que veio buscar o tripulante destruiu apenas os restos dos discos que sofreram o acidente. Ele ainda me disse que aqui na Terra h\u00e1 corpos de pessoas de outros planetas. S\u00f3 que n\u00e3o sei onde est\u00e3o.<\/p>\n<p>Por que voc\u00eas nunca escreveram um livro sobre os contatos que tiveram?<\/p>\n<p>Herm\u00ednio: Porque realmente o assunto do livro \u00e9 t\u00e3o controvertido quanto o assunto \u201cdisco voador\u201d. Voc\u00ea tem nos acompanhado e sabe que, at\u00e9 o presente momento, o esbo\u00e7o original n\u00e3o est\u00e1 em nossas m\u00e3os. Est\u00e1 em m\u00e3os de outras pessoas. \u00c0 medida que novos contatos v\u00e3o acontecendo e nossas opini\u00f5es v\u00e3o se consolidando sobre as coisas que j\u00e1 conhecemos, com informa\u00e7\u00f5es mais exatas, estamos pensando em colocar esses quatro encontros em um livro s\u00f3, com fotografias obtidas no terceiro contato.<\/p>\n<p>Al\u00e9m disso, desde o primeiro encontro em que ele nos falou do acidente que nos bloqueou o c\u00e9rebro, existia tamb\u00e9m eu &#8211; Herm\u00ednio. Minha religi\u00e3o n\u00e3o admite a exist\u00eancia de um esp\u00edrito dentro de n\u00f3s, algo que sobrevivesse \u00e0 perda da mat\u00e9ria. Conversei sobre isto com Karran e ele me disse que n\u00e3o falava comigo \u2013 mat\u00e9ria, porque eu como mat\u00e9ria n\u00e3o poderia falar nada com ele sem a minha real presen\u00e7a.<\/p>\n<p>Ent\u00e3o ele nos ensinou uma t\u00e9cnica para sairmos conscientemente de nossa mat\u00e9ria, para provar-me que eu n\u00e3o era apenas mat\u00e9ria como n\u00f3s pens\u00e1vamos.<\/p>\n<p>Em que encontro ele ensinou isso?<\/p>\n<p>Herm\u00ednio: Desde o primeiro encontro ele falou sobre isso. E nos encontros seguintes, Bianca foi quem mais trabalhou essa t\u00e9cnica, porque eu tinha que viajar e ela podia ficar em casa, fazendo o exerc\u00edcio. Com isso, ela conseguiu resultados muito mais r\u00e1pidos do que eu.<\/p>\n<p>E qual \u00e9 a finalidade de sair do corpo?<\/p>\n<p>Herm\u00ednio: N\u00e3o. Sair do corpo, muita gente faz. O problema \u00e9 sair da sua mat\u00e9ria consciente.Preparar sua mat\u00e9ria para uma sa\u00edda consciente e um retorno consciente, ou eliminando o bloqueio existente em nosso c\u00e9rebro. Mas os exerc\u00edcios n\u00e3o terminam com a sa\u00edda e o retorno consciente da mat\u00e9ria; eles t\u00eam que continuar a ser praticados fora da mat\u00e9ria em grupo.<\/p>\n<p>H\u00e1 alguma outra finalidade al\u00e9m dessa? Qual a utilidade dessa t\u00e9cnica?<\/p>\n<p>Herm\u00ednio: N\u00e3o sei se vou ser bem expl\u00edcito, mas o que eu tenho a dizer \u00e9 que al\u00e9m de voc\u00ea sair do corpo, de provar a si mesmo que voc\u00ea existe,voc\u00ea estimula um tipo de gl\u00e2ndula da cabe\u00e7a que, atrav\u00e9s de exerc\u00edcios com o nervo \u00f3tico, \u00e9 irrigada, fazendo com que ela funcione, porque antes ela foi atrofiada.<\/p>\n<p>Atrav\u00e9s desse exerc\u00edcio, voc\u00ea vai usar uma parte do c\u00e9rebro que n\u00f3s n\u00e3o usamos e n\u00e3o estamos habituados a usar. \u00c9 justamente aquela \u00e1rea do c\u00e9rebro que est\u00e1 bloqueada.<\/p>\n<p>Segundo Karran, n\u00e3o existe mais motivo para esse bloqueio, porque as mat\u00e9rias que est\u00e3o nascendo agora s\u00e3o boas \u2013 sem defeito. N\u00f3s apenas n\u00e3o estamos usando toda a nossa capacidade mental porque nos esquecemos de como us\u00e1-la. A t\u00e9cnica de trabalhar esse lado da mente tamb\u00e9m nos foi ensinada e ela nos favorece as lembran\u00e7as anteriores.<\/p>\n<p>Ap\u00f3s seus contatos com Karran, confirmou-se para voc\u00ea a id\u00e9ia de que reencarna\u00e7\u00e3o existe?<\/p>\n<p>Herm\u00ednio: N\u00e3o segundo uma doutrina, e sim como uma t\u00e9cnica. N\u00e3o quero usar essa palavra \u201creencarna\u00e7\u00e3o\u201d; prefiro \u201ctroca de mat\u00e9ria\u201d. N\u00e3o quero usar um termo que possa causar uma quest\u00e3o m\u00edstica. Voc\u00ea retorna novamente \u00e0 mat\u00e9ria, porque voc\u00ea foi feito para usar mat\u00e9ria. \u00c9 uma lei natural feita pelo Criador. Existe uma semelhan\u00e7a com aquilo que chamamos reencarna\u00e7\u00e3o para pagar um carma, para pagar pecados, e por a\u00ed afora.<\/p>\n<p>O que Karran nos disse n\u00e3o foi isso. Voc\u00ea volta por uma causa natural das coisas, n\u00e3o para pagar algo que est\u00e1 devendo.<\/p>\n<\/div>\n<p>&nbsp;<\/p>\n<div id=\"attachment_3117\" style=\"width: 400px\" class=\"wp-caption aligncenter\"><img aria-describedby=\"caption-attachment-3117\" loading=\"lazy\" class=\"wp-image-3117 size-full\" src=\"https:\/\/www.fenomenum.com.br\/novo\/wp-content\/uploads\/2022\/03\/karran34.jpg\" alt=\"\" width=\"390\" height=\"579\" srcset=\"https:\/\/www.fenomenum.com.br\/novo\/wp-content\/uploads\/2022\/03\/karran34.jpg 390w, https:\/\/www.fenomenum.com.br\/novo\/wp-content\/uploads\/2022\/03\/karran34-250x371.jpg 250w, https:\/\/www.fenomenum.com.br\/novo\/wp-content\/uploads\/2022\/03\/karran34-150x223.jpg 150w, https:\/\/www.fenomenum.com.br\/novo\/wp-content\/uploads\/2022\/03\/karran34-50x74.jpg 50w, https:\/\/www.fenomenum.com.br\/novo\/wp-content\/uploads\/2022\/03\/karran34-100x148.jpg 100w, https:\/\/www.fenomenum.com.br\/novo\/wp-content\/uploads\/2022\/03\/karran34-200x297.jpg 200w, https:\/\/www.fenomenum.com.br\/novo\/wp-content\/uploads\/2022\/03\/karran34-300x445.jpg 300w, https:\/\/www.fenomenum.com.br\/novo\/wp-content\/uploads\/2022\/03\/karran34-350x520.jpg 350w\" sizes=\"(max-width: 390px) 100vw, 390px\" \/><p id=\"caption-attachment-3117\" class=\"wp-caption-text\">Concep\u00e7\u00e3o art\u00edstica de Karran.<\/p><\/div>\n<p>&nbsp;<\/p>\n<div id=\"attachment_3114\" style=\"width: 441px\" class=\"wp-caption aligncenter\"><img aria-describedby=\"caption-attachment-3114\" loading=\"lazy\" class=\"wp-image-3114 size-full\" src=\"https:\/\/www.fenomenum.com.br\/novo\/wp-content\/uploads\/2022\/03\/hb-image001.jpg\" alt=\"\" width=\"431\" height=\"474\" srcset=\"https:\/\/www.fenomenum.com.br\/novo\/wp-content\/uploads\/2022\/03\/hb-image001.jpg 431w, https:\/\/www.fenomenum.com.br\/novo\/wp-content\/uploads\/2022\/03\/hb-image001-400x440.jpg 400w, https:\/\/www.fenomenum.com.br\/novo\/wp-content\/uploads\/2022\/03\/hb-image001-250x275.jpg 250w, https:\/\/www.fenomenum.com.br\/novo\/wp-content\/uploads\/2022\/03\/hb-image001-150x165.jpg 150w, https:\/\/www.fenomenum.com.br\/novo\/wp-content\/uploads\/2022\/03\/hb-image001-50x55.jpg 50w, https:\/\/www.fenomenum.com.br\/novo\/wp-content\/uploads\/2022\/03\/hb-image001-100x110.jpg 100w, https:\/\/www.fenomenum.com.br\/novo\/wp-content\/uploads\/2022\/03\/hb-image001-200x220.jpg 200w, https:\/\/www.fenomenum.com.br\/novo\/wp-content\/uploads\/2022\/03\/hb-image001-300x330.jpg 300w, https:\/\/www.fenomenum.com.br\/novo\/wp-content\/uploads\/2022\/03\/hb-image001-350x385.jpg 350w\" sizes=\"(max-width: 431px) 100vw, 431px\" \/><p id=\"caption-attachment-3114\" class=\"wp-caption-text\">Casal Herm\u00ednio e Bianca, na \u00e9poca em que seu caso foi divulgado.<\/p><\/div>\n<p>&nbsp;<\/p>\n<div id=\"attachment_3115\" style=\"width: 599px\" class=\"wp-caption aligncenter\"><img aria-describedby=\"caption-attachment-3115\" loading=\"lazy\" class=\"wp-image-3115 size-full\" src=\"https:\/\/www.fenomenum.com.br\/novo\/wp-content\/uploads\/2022\/03\/hb-image002.jpg\" alt=\"\" width=\"589\" height=\"431\" srcset=\"https:\/\/www.fenomenum.com.br\/novo\/wp-content\/uploads\/2022\/03\/hb-image002.jpg 589w, https:\/\/www.fenomenum.com.br\/novo\/wp-content\/uploads\/2022\/03\/hb-image002-400x293.jpg 400w, https:\/\/www.fenomenum.com.br\/novo\/wp-content\/uploads\/2022\/03\/hb-image002-250x183.jpg 250w, https:\/\/www.fenomenum.com.br\/novo\/wp-content\/uploads\/2022\/03\/hb-image002-150x110.jpg 150w, https:\/\/www.fenomenum.com.br\/novo\/wp-content\/uploads\/2022\/03\/hb-image002-50x37.jpg 50w, https:\/\/www.fenomenum.com.br\/novo\/wp-content\/uploads\/2022\/03\/hb-image002-100x73.jpg 100w, https:\/\/www.fenomenum.com.br\/novo\/wp-content\/uploads\/2022\/03\/hb-image002-200x146.jpg 200w, https:\/\/www.fenomenum.com.br\/novo\/wp-content\/uploads\/2022\/03\/hb-image002-300x220.jpg 300w, https:\/\/www.fenomenum.com.br\/novo\/wp-content\/uploads\/2022\/03\/hb-image002-350x256.jpg 350w, https:\/\/www.fenomenum.com.br\/novo\/wp-content\/uploads\/2022\/03\/hb-image002-450x329.jpg 450w, https:\/\/www.fenomenum.com.br\/novo\/wp-content\/uploads\/2022\/03\/hb-image002-500x366.jpg 500w, https:\/\/www.fenomenum.com.br\/novo\/wp-content\/uploads\/2022\/03\/hb-image002-550x402.jpg 550w\" sizes=\"(max-width: 589px) 100vw, 589px\" \/><p id=\"caption-attachment-3115\" class=\"wp-caption-text\">Descri\u00e7\u00e3o do interior da nave. V\u00ea-se a \u201cm\u00e1quina tradutora\u201d e os capacetes ligados ao casal, para conversa\u00e7\u00f5es com tradu\u00e7\u00e3o imediata.<\/p><\/div>\n<p>&nbsp;<\/p>\n<div id=\"attachment_3116\" style=\"width: 215px\" class=\"wp-caption aligncenter\"><img aria-describedby=\"caption-attachment-3116\" loading=\"lazy\" class=\"wp-image-3116 size-full\" src=\"https:\/\/www.fenomenum.com.br\/novo\/wp-content\/uploads\/2022\/03\/hb-image003.jpg\" alt=\"\" width=\"205\" height=\"256\" srcset=\"https:\/\/www.fenomenum.com.br\/novo\/wp-content\/uploads\/2022\/03\/hb-image003.jpg 205w, https:\/\/www.fenomenum.com.br\/novo\/wp-content\/uploads\/2022\/03\/hb-image003-150x187.jpg 150w, https:\/\/www.fenomenum.com.br\/novo\/wp-content\/uploads\/2022\/03\/hb-image003-50x62.jpg 50w, https:\/\/www.fenomenum.com.br\/novo\/wp-content\/uploads\/2022\/03\/hb-image003-100x125.jpg 100w, https:\/\/www.fenomenum.com.br\/novo\/wp-content\/uploads\/2022\/03\/hb-image003-200x250.jpg 200w\" sizes=\"(max-width: 205px) 100vw, 205px\" \/><p id=\"caption-attachment-3116\" class=\"wp-caption-text\">Retrato falado de Karran.<\/p><\/div>\n<p>&nbsp;<\/p>\n<h2>Refer\u00eancias:<\/h2>\n<hr \/>\n<ol>\n<li><a href=\"http:\/\/www.tfca.com.br\/\" target=\"_blank\" rel=\"noopener\">http:\/\/www.tfca.com.br\/<\/a><\/li>\n<li><a href=\"http:\/\/www.gnosisonline.org\/Ufognose\/caso-herminio-e-bianca-reis.php\" target=\"_blank\" rel=\"noopener\">http:\/\/www.gnosisonline.org\/Ufognose\/caso-herminio-e-bianca-reis.php<\/a><\/li>\n<li><a href=\"http:\/\/www.ufo.com.br\/index.php?arquivo=notComp.php&amp;id=3691\" target=\"_blank\" rel=\"noopener\">http:\/\/www.ufo.com.br\/index.php?arquivo=notComp.php&amp;id=3691<\/a><\/li>\n<li><a href=\"http:\/\/www.mail-archive.com\/ufoburn@yahoogrupos.com.br\/msg05733.html\" target=\"_blank\" rel=\"noopener\">http:\/\/www.mail-archive.com\/ufoburn@yahoogrupos.com.br\/msg05733.html<\/a><\/li>\n<li><a href=\"http:\/\/www.tfca.com.br\/index1.html\" target=\"_blank\" rel=\"noopener\">http:\/\/www.tfca.com.br\/index1.html<\/a><\/li>\n<li><a href=\"http:\/\/br.groups.yahoo.com\/group\/ufoburn\/message\/38048\" target=\"_blank\" rel=\"noopener\">http:\/\/br.groups.yahoo.com\/group\/ufoburn\/message\/38048<\/a><\/li>\n<\/ol>\n<section id=\"content\">\n<div class=\"container\"><\/div>\n<\/section>\n","protected":false},"excerpt":{"rendered":"<p>O Caso Karran \u00e9 um dos mais famosos da Ufologia Brasileira e ocorreu em 12 de janeiro de 1976, em Matias Barbosa (MG), tendo como protagonista o casal Herm\u00ednio e Bianca Reis. Um controvertido encontro de 3\u00b0 grau com a equipe do extraterreno Karran modificou completamente a vida do casal Herm\u00ednio e Bianca Reis, um [&hellip;]<\/p>\n","protected":false},"author":4,"featured_media":3125,"comment_status":"open","ping_status":"open","sticky":false,"template":"","format":"standard","meta":{"inline_featured_image":false},"categories":[105],"tags":[],"_links":{"self":[{"href":"https:\/\/www.fenomenum.com.br\/novo\/wp-json\/wp\/v2\/posts\/3113"}],"collection":[{"href":"https:\/\/www.fenomenum.com.br\/novo\/wp-json\/wp\/v2\/posts"}],"about":[{"href":"https:\/\/www.fenomenum.com.br\/novo\/wp-json\/wp\/v2\/types\/post"}],"author":[{"embeddable":true,"href":"https:\/\/www.fenomenum.com.br\/novo\/wp-json\/wp\/v2\/users\/4"}],"replies":[{"embeddable":true,"href":"https:\/\/www.fenomenum.com.br\/novo\/wp-json\/wp\/v2\/comments?post=3113"}],"version-history":[{"count":1,"href":"https:\/\/www.fenomenum.com.br\/novo\/wp-json\/wp\/v2\/posts\/3113\/revisions"}],"predecessor-version":[{"id":6903,"href":"https:\/\/www.fenomenum.com.br\/novo\/wp-json\/wp\/v2\/posts\/3113\/revisions\/6903"}],"wp:featuredmedia":[{"embeddable":true,"href":"https:\/\/www.fenomenum.com.br\/novo\/wp-json\/wp\/v2\/media\/3125"}],"wp:attachment":[{"href":"https:\/\/www.fenomenum.com.br\/novo\/wp-json\/wp\/v2\/media?parent=3113"}],"wp:term":[{"taxonomy":"category","embeddable":true,"href":"https:\/\/www.fenomenum.com.br\/novo\/wp-json\/wp\/v2\/categories?post=3113"},{"taxonomy":"post_tag","embeddable":true,"href":"https:\/\/www.fenomenum.com.br\/novo\/wp-json\/wp\/v2\/tags?post=3113"}],"curies":[{"name":"wp","href":"https:\/\/api.w.org\/{rel}","templated":true}]}}