{"id":3228,"date":"2022-03-14T19:23:02","date_gmt":"2022-03-14T22:23:02","guid":{"rendered":"https:\/\/www.fenomenum.com.br\/?p=3228"},"modified":"2025-04-21T16:10:26","modified_gmt":"2025-04-21T19:10:26","slug":"chupa-chupa3","status":"publish","type":"post","link":"https:\/\/www.fenomenum.com.br\/novo\/chupa-chupa3\/","title":{"rendered":"A Fase Gurupi, do Chupa-Chupa"},"content":{"rendered":"<p style=\"padding-left: 40px;\"><strong>Chupa-chupa \u00e9 o apelido dado ao conjunto de ocorr\u00eancias que tiveram lugar em parte de Estados do Norte e Nordeste Brasileiro a partir de 1977. Caracterizava-se por um objeto voador luminoso, em alguns casos tripulados ou com manifesta\u00e7\u00e3o claramente inteligente, que focava um feixe de luz em moradores das regi\u00f5es afetadas. Estes se mostravam debilitados e assustados. Tal conjunto de ocorr\u00eancias gerou p\u00e2nico nas localidades afetadas obrigando \u00e0 For\u00e7a A\u00e9rea Brasileira a iniciar uma opera\u00e7\u00e3o de estudo e acompanhamento do misterioso fen\u00f4meno.<\/strong><\/p>\n<hr \/>\n<table style=\"width: 100%; border-collapse: collapse; background-color: #fafafa;\">\n<tbody>\n<tr>\n<td style=\"width: 50%;\"><img loading=\"lazy\" class=\"alignnone wp-image-5349 size-full\" src=\"https:\/\/www.fenomenum.com.br\/novo\/wp-content\/uploads\/2022\/03\/esquerda.png\" alt=\"\" width=\"75\" height=\"75\" \/><\/td>\n<td style=\"width: 50%; text-align: right;\"><a href=\"https:\/\/www.fenomenum.com.br\/chupa-chupa2\/\"><img loading=\"lazy\" class=\"alignnone size-full wp-image-5348 alignright\" src=\"https:\/\/www.fenomenum.com.br\/novo\/wp-content\/uploads\/2022\/03\/direita.png\" alt=\"\" width=\"75\" height=\"75\" \/><\/a><\/td>\n<\/tr>\n<tr>\n<td style=\"width: 50%;\"><a href=\"https:\/\/www.fenomenum.com.br\/chupa-chupa2\/\">Artigo anterior sobre o Chupa-Chupa e Opera\u00e7\u00e3o Prato<\/a><\/td>\n<td style=\"width: 50%; text-align: right;\"><a href=\"https:\/\/www.fenomenum.com.br\/chupa-chupa4\/\">Pr\u00f3ximo artigo sobre o chupa-Chupa e Opera\u00e7\u00e3o Prato<\/a><\/td>\n<\/tr>\n<\/tbody>\n<\/table>\n<hr \/>\n<p>Daniel Rebisso Giese, um dos mais destacados pesquisadores do Chupa-chupa e ex-presidente do CIPEX, dividiu o fen\u00f4meno em duas fases: a Fase Inicial, tamb\u00e9m conhecida como Fase Gurupi, e a Segunda Fase, ocorrida na Ba\u00eda do Sol, no Par\u00e1.<\/p>\n<p>Na Fase Gurupi, o foco principal das apari\u00e7\u00f5es foi na regi\u00e3o do Rio Gurupi, na divisa com o Estado do Par\u00e1. Cidades como S\u00e3o Vicente Ferrer, S\u00e3o Bento, Pinheiro e Bequim\u00e3o concentraram a maior parte dos casos. A regi\u00e3o da cidade de Pinheiro foi a mais afetada e praticamente toda a comunidade local foi testemunha dos estranhos acontecimentos entre abril e julho de 1977. Os fen\u00f4menos aconteciam, na maioria das vezes, ap\u00f3s anoitecer, quando trabalhadores voltavam para casa depois de um dia de trabalho. Os relatos eram mais ou menos semelhantes. Um objeto intensamente iluminado que surgia repentinamente sobre as estradas ermas da regi\u00e3o, assustando as testemunhas. Em geral era descrito como uma bola de fogo, silenciosa ou emitindo pequenos ru\u00eddos, que aproximava-se das testemunhas que posteriormente apresentavam sensibilidade visual, febres, calafrios, tonturas e em alguns casos queimaduras localizadas.<\/p>\n<p>Uma caracter\u00edstica comum em todos os relatos era a espantosa velocidade apresentada pelos objetos. Em um instante eram apenas um ponto de luz que confundia-se com as estrelas e poucos segundos depois eram objetos muito pr\u00f3ximos, ou mesmo acima da cabe\u00e7a das testemunhas, iluminando o local.<\/p>\n<p><a name=\"pescadores\"><\/a><\/p>\n<h3>Pescadores<\/h3>\n<p>Os pescadores locais foram os que mais sentiram o impacto do fen\u00f4meno. Antes de maio de 1977 eles voltavam do trabalho tarde da noite. A grande maioria deles passou por algum tipo de experi\u00eancia, em geral assustadora. Muitos deles foram atingidos foram aparentemente atacados por estes objetos que lhes deixaram com s\u00e9rias queimaduras. Com a intensidade dos casos a popula\u00e7\u00e3o evitou sair \u00e0 noite, mesmo para ir at\u00e9 o port\u00e3o da pr\u00f3pria casa.<\/p>\n<p>In\u00e1cio Rodrigues era pescador de Pinheiro e foi uma das primeiras testemunhas do fen\u00f4meno na regi\u00e3o. Ele e seu amigo Gen\u00e9sio Silva pescava, por volta da 1:00 hs da manh\u00e3 quando foram protagonistas de uma interessante experi\u00eancia:<\/p>\n<p>&#8220;Estava pescando com meu amigo Gen\u00e9sio Silva uma noite, em abril. Por volta das 01:00 hs, vimos um pequeno fogo no c\u00e9u, ao norte. Era muito pequeno. Fiquei um pouco preocupado e pedi a Gen\u00e9sio que apagasse o charuto que ele estava fumando. De repente, o fogo foi ficando cada vez maior e dava pra ver que estava girando. Pulamos para fora do barco, na \u00e1gua e tentamos encontrar algum esconderijo. O fogo ficava cada vez maior e mais pr\u00f3ximo. N\u00f3s nos escondemos debaixo de uns arbustos grandes para que n\u00e3o nos visse. O objeto parou a cerca de uns 100 metros de n\u00f3s e ficou l\u00e1 at\u00e9 umas cinco da manh\u00e3. Ficamos escondidos o tempo todo porque t\u00ednhamos medo de sair. A luz era azulada, mas quando apareceu pela primeira vez, era uma pequena bola vermelha. Era bonita, mas brilhava tanto que eu n\u00e3o podia olhar muito pra ela. Pouco antes do amanhecer, ela desapareceu, do jeito como algu\u00e9m apaga uma luz. E onde ela estava, dava pra ver um tipo de sombra, da forma de uma geladeira. Quando o Sol surgiu, a forma escura desapareceu tamb\u00e9m. Tive disenteria e fiquei enjoado aquele dia inteiro&#8221;.<\/p>\n<p><a name=\"luz\"><\/a><\/p>\n<h3>Luz e Calor<\/h3>\n<p>Um detalhe curioso, percebido pela popula\u00e7\u00e3o local, \u00e9 o aparente interesse do chamado &#8220;fogo&#8221; em focos de luz, independente do tamanho. Lanternas, faroletes, fogueiras, brasas, ou mesmo um cigarro aceso, atra\u00edam a aten\u00e7\u00e3o destes objetos. Em uma ocasi\u00e3o, 26 pessoas trabalhavam em uma fazenda construindo cercas. Devido \u00e0 urg\u00eancia do propriet\u00e1rio, os trabalhos prosseguiram noite adentro. Um dos trabalhadores foi pescar para que todos pudessem jantar. Durante a pescaria um objeto muito luminoso, de tons azulados, surgiu sobre o rapaz. Assustado largou tudo e correu em dire\u00e7\u00e3o ao acampamento para alertar seus companheiros. Todos ent\u00e3o puderam observar o estranho objeto se aproximando e iluminando tudo, num raio de aproximadamente 1 quil\u00f4metro, assustando vacas e cavalos que ali estavam. No dia seguinte, os trabalhadores mudaram o acampamento pois tinham medo de passar a noite naquele local. Pr\u00f3ximo \u00e0 este local eles montaram um espantalho e colocaram um lampi\u00e3o com querosene no topo e se esconderam. Mais tarde, naquela mesma noite, o objeto reapareceu e aproximou-se do espantalho. O objeto ficou ali parado por aproximadamente 45 minutos iluminando tudo em volta. Os trabalhadores, com medo ficaram escondidos at\u00e9 que o objeto fosse embora. Quando ele partiu v\u00e1rios trabalhadores seguiram para casa.<\/p>\n<p>Outro caso dram\u00e1tico ocorreu na regi\u00e3o de S\u00e3o Bento, a sudeste de Pinheiro. O protagonista do caso, Jo\u00e3o Barros, tinha 41 anos na \u00e9poca e era pescador. Ele estava em um rio da regi\u00e3o, por volta de 1:00 hs da manh\u00e3, em companhia de dois amigos, quando um objeto intensamente iluminado surgiu sobre o barco. Era de colora\u00e7\u00e3o avermelhada no centro e azul esverdeada nas laterais. O objeto passou pr\u00f3ximo ao barco, \u00e0s costas de Jo\u00e3o Barros. Este ficou sentindo suas costas ardendo intensamente por aproximadamente 3 dias, ap\u00f3s o contato. Em outra localidade, chamada de Mata do Olimpio, Antonio Olimpio passou por uma experi\u00eancia semelhante, quando saiu de sua casa, \u00e0 noite, para ir at\u00e9 o banheiro, que ficava afastado da casa. Ele atravessou o quintal e entrou no banheiro. Foi ent\u00e3o que um objeto avermelhado surgiu sobre sua cabe\u00e7a assustando-o. Ele correu de volta para casa gritando \u00e0 sua esposa. Quando chegou \u00e0 porta da cozinha caiu e sua esposa puxou-o para dentro. Antonio estava sentindo suas costas, bra\u00e7os e pernas muito quentes, al\u00e9m de tontura. Durante o resto da noite sua esposa precisou fazer compressas de \u00e1gua fria para aliviar a ard\u00eancia nos locais afetados. Nos oito dias que se seguiram sentiu suas costas, bra\u00e7os e pernas amortecidos.<\/p>\n<p><a name=\"prefeito\"><\/a><\/p>\n<h3>Prefeito Pede Socorro<\/h3>\n<p>Devido \u00e0 constante apari\u00e7\u00e3o destes objetos, o prefeito de Pinheiro na \u00e9poca, Manoel Paiva (Maneco Paiva), enviou um of\u00edcio \u00e0 Aeron\u00e1utica informando as ocorr\u00eancias e pedindo provid\u00eancias. Ele n\u00e3o recebeu nenhuma resposta formal das autoridades. Aparentemente os \u00fanicos interessados eram alguns rep\u00f3rteres do Maranh\u00e3o que deram aten\u00e7\u00e3o aos eventos.<\/p>\n<p><a name=\"filmagem\"><\/a><\/p>\n<h3>Filmagem<\/h3>\n<p>Um dos rep\u00f3rteres que esteve em Pinheiro foi Cinaldo Oliveira, que esteve na cidade por aproximadamente duas semanas cobrindo os acontecimentos. Na \u00e9poca ele trabalhava para uma esta\u00e7\u00e3o de TV de S\u00e3o Luis.<\/p>\n<p>&#8220;Cerca de 90% das pessoas com quem conversamos tinham visto UFOs. Muitos pescadores chegaram a ser queimados. Certa noite, filmamos uma coisa estranha passando no c\u00e9u, num movimento ondulado. Parecia um sat\u00e9lite, mas variava muito em forma e tamanho. Foi aumentando e, de repente, desapareceu.<\/p>\n<p>Essa coisa que filmamos voava num movimento que parecia triangular. Vinha da Ilha do Caranguejo, na Ba\u00eda de S\u00e3o Marcos, e seguia at\u00e9 Anajatuba, depois para S\u00e3o Bento e Pinheiro. Parecia uma estrela, mas enquanto aumentava de tamanho, mudava de cor, para amarelo, azul e vermelho.<\/p>\n<p>No dia seguinte, a uns 3 Km de onde t\u00ednhamos estado, conversamos com um homem com queimaduras nas costas. Ele nos disse que fora na noite anterior, quando a luz apagou e acendeu novamente, bem acima dele, que ele tinha sofrido as queimaduras. N\u00e3o sei quantos pescadores se queimaram, mas entrevistamos uns 10. N\u00e3o eram queimaduras s\u00e9rias, mas os homens tinham tanto medo que n\u00e3o queriam mais sair para trabalhar. Conversamos com umas pessoas numa fazenda que tem um edif\u00edcio onde todos os trabalhadores moram e dormem. Esse sujeito, em quest\u00e3o, correu o m\u00e1ximo que pode at\u00e9 o pr\u00e9dio, e a luz ficou voando em volta da constru\u00e7\u00e3o por uns 20 minutos&#8221;.<\/p>\n<p><a name=\"ceara\"><\/a><\/p>\n<h3>Casos Tamb\u00e9m no Cear\u00e1<\/h3>\n<p>No estado do Cear\u00e1 tamb\u00e9m houveram alguns casos agressivos registrados. Talvez o mais conhecido, ocorrido naquele per\u00edodo, foi o de Alfredo Marques Soares, que na \u00e9poca trabalhava em uma fazenda em Cardeiros, Cear\u00e1. Ele foi atacado por um OVNI em julho de 1977. J\u00e1 era noite quando Alfredo se dirigiu, a p\u00e9, para a casa de um amigo. De repente, algo o atingiu na parte de tr\u00e1s da perna esquerda. Ao olhar para tr\u00e1s para ver o que estava acontecendo observou um grande objeto luminoso, branco amarelado. Alfredo sentia como se o estranho objeto tentasse sug\u00e1-lo. Com muito medo a testemunha agarrou-se \u00e0 uma cerca de madeira. Ele n\u00e3o conseguia mexer a perna direita que do\u00eda muito. Ele sentia calor e frio sendo emitidos a partir do objeto que era intensamente iluminado, chegando a ceg\u00e1-lo momentaneamente. Em dado momento o objeto aparentemente soltou-o. Alfredo aproveitou para correr para debaixo de um cajueiro situado nas proximidades. A testemunha viu o objeto elevando-se e afastando-se do local. Com dificuldade voltou para sua casa onde pediu \u00e0 sua filha que verificasse a parte de tr\u00e1s de sua perna. Ela apresentava-se preta-azulada, com aspecto de queimado. No dia seguinte, Alfredo apresentava-se traumatizado, chorando muito e tremendo. Quando se acalmou foi procurar tratamento m\u00e9dico. O local atingido em sua perna apresentou-se cheia de bolhas e infeccionada. Al\u00e9m disso, o protagonista urinou intensamente durante dois dias, apresentou dor de estomago, diarr\u00e9ia e dores nas costas e por todo o lado esquerdo do corpo. Por tr\u00eas meses teve muita dificuldade para andar, precisando usar muletas durante este tempo.<\/p>\n<p><a name=\"abducao\"><\/a><\/p>\n<h3>Abdu\u00e7\u00e3o<\/h3>\n<p>Embora pouco comentado nos meios ufol\u00f3gicos, existem alguns casos de abdu\u00e7\u00e3o em meio \u00e0 onda chupa-chupa. Em Pinheiro (MA), em 10 de julho de 1977, Jos\u00e9 Benedito Bogea saiu de casa por volta de 1:00 hs da manh\u00e3 para embarcar em um \u00f4nibus. Ele portava uma lanterna para iluminar seu caminho at\u00e9 o local onde esperaria o \u00f4nibus. Sua fant\u00e1stica experi\u00eancia come\u00e7ou antes de chegar l\u00e1. No meio do caminho surgiu repentinamente, um objeto luminoso, azul-esverdeado, que apareceu sobre ele acompanhando-o por 200 metros. Ap\u00f3s isso, o objeto posicionou-se sobre um arbusto de onde emitiu um feixe de luz em Jos\u00e9 Benedito que desmaiou. Quando ele acordou, descobriu que estava em um ambiente estranho onde haviam pequenos seres com os quais esteve por algumas horas amistosamente. Em dado momento estes seres o levam para um objeto, e ele perde novamente a consci\u00eancia s\u00f3 acordando pela manh\u00e3, por volta das 8:30 hs. Ele estava pr\u00f3ximo ao Porto de Itaqui, em S\u00e3o Luis (MA). Poucas horas depois ele come\u00e7ou a sentir uma dor terr\u00edvel no lado direito do corpo. Ele retornou \u00e0 Pinheiro com muita dificuldade. Nos meses seguintes ainda sentia-se muito mal e se deslocava com dificuldade precisando usar uma bengala. Um detalhe curioso desta experi\u00eancia \u00e9 que antes do contato, Bogea sentia dores de cabe\u00e7a decorrentes de uma cirurgia que havia realizado 13 anos antes. Em fun\u00e7\u00e3o desta cirurgia ele ficou com problema auditivos e com a vis\u00e3o prejudicada. Quando desmaiou ap\u00f3s ver o objeto pela primeira vez, Bogea perdeu seus \u00f3culos e nem se deu conta disso quando acordou em S\u00e3o Luis, no dia seguinte. Ele s\u00f3 percebeu mais tarde quando retornou \u00e0 Pinheiro. Sua vista estava absolutamente normal e ele n\u00e3o teve mais problemas em fun\u00e7\u00e3o disso. Sua audi\u00e7\u00e3o melhorou um pouco. Antes sua surdez era total, e ap\u00f3s o contato Bogea consegue ouvir o telefone, sons da televis\u00e3o e latido dos cachorros.<\/p>\n<p>Outros casos de abdu\u00e7\u00e3o ocorreram em outras regi\u00f5es, tanto durante a Fase Gurupi quanto na Fase Final do Fen\u00f4meno Chupa-chupa. N\u00e3o existe um estudo detalhado sobre o que aconteceu ao longo da abdu\u00e7\u00e3o destas pessoas, de modo que n\u00e3o se pode determinar plenamente qual a rela\u00e7\u00e3o entre os casos de avistamento e estas abdu\u00e7\u00f5es.<\/p>\n<div id=\"attachment_3231\" style=\"width: 424px\" class=\"wp-caption aligncenter\"><img aria-describedby=\"caption-attachment-3231\" loading=\"lazy\" class=\"wp-image-3231 size-full\" src=\"https:\/\/www.fenomenum.com.br\/novo\/wp-content\/uploads\/2022\/03\/gurupi.png\" alt=\"\" width=\"414\" height=\"502\" srcset=\"https:\/\/www.fenomenum.com.br\/novo\/wp-content\/uploads\/2022\/03\/gurupi.png 414w, https:\/\/www.fenomenum.com.br\/novo\/wp-content\/uploads\/2022\/03\/gurupi-400x485.png 400w, https:\/\/www.fenomenum.com.br\/novo\/wp-content\/uploads\/2022\/03\/gurupi-250x303.png 250w, https:\/\/www.fenomenum.com.br\/novo\/wp-content\/uploads\/2022\/03\/gurupi-150x182.png 150w, https:\/\/www.fenomenum.com.br\/novo\/wp-content\/uploads\/2022\/03\/gurupi-50x61.png 50w, https:\/\/www.fenomenum.com.br\/novo\/wp-content\/uploads\/2022\/03\/gurupi-100x121.png 100w, https:\/\/www.fenomenum.com.br\/novo\/wp-content\/uploads\/2022\/03\/gurupi-200x243.png 200w, https:\/\/www.fenomenum.com.br\/novo\/wp-content\/uploads\/2022\/03\/gurupi-300x364.png 300w, https:\/\/www.fenomenum.com.br\/novo\/wp-content\/uploads\/2022\/03\/gurupi-350x424.png 350w\" sizes=\"(max-width: 414px) 100vw, 414px\" \/><p id=\"caption-attachment-3231\" class=\"wp-caption-text\">Mapa do Estado do Maranh\u00e3o com a indica\u00e7\u00e3o das principais cidades atingidas pelo fen\u00f4meno.<\/p><\/div>\n<div id=\"attachment_3233\" style=\"width: 235px\" class=\"wp-caption aligncenter\"><img aria-describedby=\"caption-attachment-3233\" loading=\"lazy\" class=\"wp-image-3233 size-full\" src=\"https:\/\/www.fenomenum.com.br\/novo\/wp-content\/uploads\/2022\/03\/paiva.jpg\" alt=\"\" width=\"225\" height=\"355\" srcset=\"https:\/\/www.fenomenum.com.br\/novo\/wp-content\/uploads\/2022\/03\/paiva.jpg 225w, https:\/\/www.fenomenum.com.br\/novo\/wp-content\/uploads\/2022\/03\/paiva-150x237.jpg 150w, https:\/\/www.fenomenum.com.br\/novo\/wp-content\/uploads\/2022\/03\/paiva-50x79.jpg 50w, https:\/\/www.fenomenum.com.br\/novo\/wp-content\/uploads\/2022\/03\/paiva-100x158.jpg 100w, https:\/\/www.fenomenum.com.br\/novo\/wp-content\/uploads\/2022\/03\/paiva-200x316.jpg 200w\" sizes=\"(max-width: 225px) 100vw, 225px\" \/><p id=\"caption-attachment-3233\" class=\"wp-caption-text\">Manoel Paiva, prefeito de Pinheiro (MA) na \u00e9poca dos caso de Chupa-chupa no Maranh\u00e3o.<\/p><\/div>\n<p>&nbsp;<\/p>\n<div id=\"attachment_3230\" style=\"width: 955px\" class=\"wp-caption aligncenter\"><img aria-describedby=\"caption-attachment-3230\" loading=\"lazy\" class=\"wp-image-3230 size-full\" src=\"https:\/\/www.fenomenum.com.br\/novo\/wp-content\/uploads\/2022\/03\/bogea.jpg\" alt=\"\" width=\"945\" height=\"378\" srcset=\"https:\/\/www.fenomenum.com.br\/novo\/wp-content\/uploads\/2022\/03\/bogea.jpg 945w, https:\/\/www.fenomenum.com.br\/novo\/wp-content\/uploads\/2022\/03\/bogea-400x160.jpg 400w, https:\/\/www.fenomenum.com.br\/novo\/wp-content\/uploads\/2022\/03\/bogea-650x260.jpg 650w, https:\/\/www.fenomenum.com.br\/novo\/wp-content\/uploads\/2022\/03\/bogea-250x100.jpg 250w, https:\/\/www.fenomenum.com.br\/novo\/wp-content\/uploads\/2022\/03\/bogea-768x307.jpg 768w, https:\/\/www.fenomenum.com.br\/novo\/wp-content\/uploads\/2022\/03\/bogea-150x60.jpg 150w, https:\/\/www.fenomenum.com.br\/novo\/wp-content\/uploads\/2022\/03\/bogea-50x20.jpg 50w, https:\/\/www.fenomenum.com.br\/novo\/wp-content\/uploads\/2022\/03\/bogea-100x40.jpg 100w, https:\/\/www.fenomenum.com.br\/novo\/wp-content\/uploads\/2022\/03\/bogea-200x80.jpg 200w, https:\/\/www.fenomenum.com.br\/novo\/wp-content\/uploads\/2022\/03\/bogea-300x120.jpg 300w, https:\/\/www.fenomenum.com.br\/novo\/wp-content\/uploads\/2022\/03\/bogea-350x140.jpg 350w, https:\/\/www.fenomenum.com.br\/novo\/wp-content\/uploads\/2022\/03\/bogea-450x180.jpg 450w, https:\/\/www.fenomenum.com.br\/novo\/wp-content\/uploads\/2022\/03\/bogea-500x200.jpg 500w, https:\/\/www.fenomenum.com.br\/novo\/wp-content\/uploads\/2022\/03\/bogea-550x220.jpg 550w, https:\/\/www.fenomenum.com.br\/novo\/wp-content\/uploads\/2022\/03\/bogea-800x320.jpg 800w\" sizes=\"(max-width: 945px) 100vw, 945px\" \/><p id=\"caption-attachment-3230\" class=\"wp-caption-text\">Acima, Jos\u00e9 Benedito Bogea que sofreu uma abdu\u00e7\u00e3o em plena onda do chupa-chupa na regi\u00e3o de Pinheiro (MA).<\/p><\/div>\n<p>&nbsp;<\/p>\n<div id=\"attachment_3232\" style=\"width: 218px\" class=\"wp-caption aligncenter\"><img aria-describedby=\"caption-attachment-3232\" loading=\"lazy\" class=\"wp-image-3232 size-full\" src=\"https:\/\/www.fenomenum.com.br\/novo\/wp-content\/uploads\/2022\/03\/pinheiro.png\" alt=\"\" width=\"208\" height=\"183\" srcset=\"https:\/\/www.fenomenum.com.br\/novo\/wp-content\/uploads\/2022\/03\/pinheiro.png 208w, https:\/\/www.fenomenum.com.br\/novo\/wp-content\/uploads\/2022\/03\/pinheiro-150x132.png 150w, https:\/\/www.fenomenum.com.br\/novo\/wp-content\/uploads\/2022\/03\/pinheiro-50x44.png 50w, https:\/\/www.fenomenum.com.br\/novo\/wp-content\/uploads\/2022\/03\/pinheiro-100x88.png 100w, https:\/\/www.fenomenum.com.br\/novo\/wp-content\/uploads\/2022\/03\/pinheiro-200x176.png 200w\" sizes=\"(max-width: 208px) 100vw, 208px\" \/><p id=\"caption-attachment-3232\" class=\"wp-caption-text\">Vista A\u00e9rea de Pinheiro (MA).<\/p><\/div>\n<p>&nbsp;<\/p>\n<p>Conhe\u00e7a este caso mais detalhadamente acessando nosso menu abaixo:<\/p>\n<hr \/>\n<h3><a title=\"Morte na Ilha do Carangueijo\" href=\"https:\/\/www.fenomenum.com.br\/chupa-chupa1\/\">Morte na Ilha do Caranguejo\u00a0<\/a><\/h3>\n<p><i>O Caso da Ilha do Caranguejo \u00e9 o marco inicial de uma onda de a\u00e7\u00f5es nocivas por parte de OVNIs, no Par\u00e1 e Maranh\u00e3o.<\/i><\/p>\n<hr \/>\n<h3><a title=\"O In\u00edcio do Fen\u00f4meno Chupa-Chupa\" href=\"https:\/\/www.fenomenum.com.br\/chupa-chupa2\/\">O In\u00edcio do Fen\u00f4meno Chupa-Chupa<\/a><\/h3>\n<p><em>O misterioso fen\u00f4meno Chupa-Chupa come\u00e7ou de forma mais intensa em meados de julho de 1977.<\/em><\/p>\n<hr \/>\n<h3><a title=\"A Fase Gurupi, do Chupa-Chupa\" href=\"https:\/\/www.fenomenum.com.br\/chupa-chupa3\/\">A Fase Gurupi, do Fen\u00f4meno Chupa-chupa<\/a><\/h3>\n<p><i>Na Fase Gurupi, os casos concentram-se na regi\u00e3o do Rio Gurupi, divisa entre Maranh\u00e3o e Par\u00e1. S\u00e3o Vicente Ferrer, Pinheiro e S\u00e3o Bento concentraram a maioria dos casos.<\/i><\/p>\n<hr \/>\n<h3><a title=\"O Fen\u00f4meno Chupa-chupa e a fase da Ba\u00eda do Sol\" href=\"https:\/\/www.fenomenum.com.br\/chupa-chupa4\/\">O Fen\u00f4meno Chupa-Chupa e a fase da Ba\u00eda do Sol<\/a><\/h3>\n<p><i>Com a evolu\u00e7\u00e3o do Fen\u00f4meno, as coisas tornaram-se mais calmas no Maranh\u00e3o e o foco das ocorr\u00eancias passou a ser o Norte do Par\u00e1, na chamada Fase da Ba\u00eda do Sol.<\/i><\/p>\n<hr \/>\n<h3><a title=\"A Opera\u00e7\u00e3o Prato\" href=\"https:\/\/www.fenomenum.com.br\/chupa-chupa5\/\">A Opera\u00e7\u00e3o Prato<\/a><\/h3>\n<p><em>Com a intensifica\u00e7\u00e3o dos casos, a For\u00e7a A\u00e9rea Brasileira iniciou uma opera\u00e7\u00e3o para investigar as estranhas ocorr\u00eancias.<\/em><\/p>\n<hr \/>\n<h3><a href=\"https:\/\/www.fenomenum.com.br\/chupa-chupa6\/\">Coronel Uyrang\u00ea Hollanda, comandante da Opera\u00e7\u00e3o Prato<\/a><\/h3>\n<p><em>Saiba mais sobre o Coronel Hollanda, comandante da Opera\u00e7\u00e3o Prato.<\/em><\/p>\n<hr \/>\n<h3><a title=\"Os Documentos Oficiais da Opera\u00e7\u00e3o Prato\" href=\"https:\/\/www.fenomenum.com.br\/chupa-chupa7\/\">Os Documentos Oficiais da Opera\u00e7\u00e3o Prato<\/a><\/h3>\n<p><em>A Opera\u00e7\u00e3o Prato, organizada pela For\u00e7a A\u00e9rea Brasileira para investigar os casos agressivos envolvendo UFOs ao norte do Par\u00e1 e Maranh\u00e3o, gerou farta documenta\u00e7\u00e3o.\u00a0<\/em><\/p>\n<hr \/>\n<h3><a title=\"Fotografias de UFOs Feitas Durante a Opera\u00e7\u00e3o Prato\" href=\"https:\/\/www.fenomenum.com.br\/chupa-chupa8\/\">As Fotografias da Opera\u00e7\u00e3o Prato<\/a><\/h3>\n<p><em>Conjunto de algumas das fotografias e frames de filmagens dos objetos envolvidos nos ataques.<\/em><\/p>\n<hr \/>\n<h3><a href=\"https:\/\/www.fenomenum.com.br\/8\/\">Caracter\u00edsticas e Padr\u00f5es do Chupa-Chupa<\/a><\/h3>\n<p><em>Padr\u00f5es e caracter\u00edsticas not\u00e1veis envolvendo o Chupa-Chupa.<\/em><\/p>\n<hr \/>\n<h3><a href=\"https:\/\/www.fenomenum.com.br\/chupa-chupa10\/\">Depoimentos de Testemunhas do Chupa-Chupa<\/a><\/h3>\n<p><em>Conjunto de testemunhos envolvendo o Chupa-chupa.<\/em><\/p>\n<hr \/>\n<h3><a href=\"https:\/\/www.fenomenum.com.br\/chupa-chupa11\/\"> Reportagens de Jornal<\/a><\/h3>\n<p><em>Colet\u00e2nea de reportagens de jornais de \u00e9poca.<\/em><\/p>\n<hr \/>\n<h3><a href=\"https:\/\/www.fenomenum.com.br\/chupa-chupa12\/\">Entrevista com Daniel Rebisso Giese<\/a><\/h3>\n<p><em>Daniel Rebisso Giese &#8211; Boliviano de nascimento, \u00e9 biom\u00e9dico e funcion\u00e1rio do Governo do Par\u00e1, na \u00e1rea da sa\u00fade, o que lhe propiciou encontrar-se v\u00e1rias vezes, como profissional, com dezenas de testemunhas e v\u00edtimas de ocorr\u00eancias ufol\u00f3gicas, algumas com quadros cl\u00ednicos at\u00e9 graves. \u00c9 autor do livro \u201cVampiros Extraterrestres na Amaz\u00f4nia\u201d edi\u00e7\u00e3o do pr\u00f3prio autor, Bel\u00e9m (PA) 1991. Conferencista e palestrante de in\u00fameros cursos e congressos de Ufologia, Daniel foi colaborador dos jornais O Estado do Paran\u00e1 e Di\u00e1rio do Par\u00e1. Possui artigos publicados nas revistas UFO, Planeta, e Cuarta Dimension (Argentina).<\/em><\/p>\n<hr \/>\n<h3><a href=\"https:\/\/www.fenomenum.com.br\/chupa-chupa13\/\">Entrevista com a Dra. Wellaide Cescim de Carvalho<\/a><\/h3>\n<p><em>Wellaide Cecim Carvalho &#8211; m\u00e9dica sanitarista e diretora do Departamento de Programas Espaciais da Secretaria Municipal de Sa\u00fade de Bel\u00e9m (PA), foi uma das raras profissionais da \u00e1rea de sa\u00fade a ter um contato direto com as v\u00edtimas de radia\u00e7\u00f5es emitidas por UFOs. Wellaide teve uma oportunidade \u00edmpar durante sua perman\u00eancia na Unidade Sanit\u00e1ria de Colares, quando assumia as responsabilidades de sa\u00fade da ilha.<\/em><\/p>\n<hr \/>\n<h3><a href=\"https:\/\/www.fenomenum.com.br\/chupa-chupa14\/\">Entrevista com o Coronel Uyrang\u00ea Hollanda<\/a><\/h3>\n<p><em>Uyrang\u00ea Bol\u00edvar Soares Nogueira de Hollanda Lima &#8211; Este \u00e9 o nome do primeiro oficial de nossas for\u00e7as armadas a vir a p\u00fablico falar sobre as atividades de pesquisas ufol\u00f3gicas desenvolvidas secretamente no Brasil. Com nome de guerra Hollanda, chegando \u00e0 patente de coronel reformado da For\u00e7a A\u00e9rea Brasileira (FAB), foi ele quem comandou a famosa e pol\u00eamica Opera\u00e7\u00e3o Prato, realizada na Amaz\u00f4nia entre setembro e dezembro de 1977. Foi ele quem estruturou, organizou e colheu os espantosos resultados desse que foi o \u00fanico projeto do g\u00eanero de que se t\u00eam not\u00edcias em nosso pa\u00eds.<\/em><\/p>\n<hr \/>\n<h3><a href=\"https:\/\/www.fenomenum.com.br\/entrevista-com-o-jornalista-carlos-mendes\/\">Entrevista com o Jornalista Carlos Mendes<\/a><\/h3>\n<p><em>Carlos Mendes &#8211; Rep\u00f3rter do jornal O Liberal, de Bel\u00e9m, que cobriu o fen\u00f4meno Chupa-chupa.<\/em><\/p>\n<hr \/>\n<p><a href=\"https:\/\/www.fenomenum.com.br\/chupa-chupa16\/\">Entrevista com o piloto Ubiratan Pin\u00f3n Frias<\/a><\/p>\n<p><em>Ubiratan Pinon Frias, piloto comercial e amigo de Hollanda. Participou da Opera\u00e7\u00e3o Prato.<\/em><\/p>\n<hr \/>\n<h3><a href=\"https:\/\/www.fenomenum.com.br\/chupa-chupa17\/\">Os Anos Seguintes<\/a><\/h3>\n<p><em>Embora a grande onda ufol\u00f3gica relacionada ao chupa-chupa tenha ocorrido na segunda metade de 1977 e come\u00e7o de 1978, in\u00fameros casos ocorreram ap\u00f3s este per\u00edodo. Embora a Opera\u00e7\u00e3o Prato tenha sido encerrada prematuramente, os militares continuaram investigando casos na regi\u00e3o durante o ano seguinte. Al\u00e9m disso, in\u00fameros fatos posteriores chamam a aten\u00e7\u00e3o.<\/em><\/p>\n<hr \/>\n<h3><a href=\"https:\/\/www.fenomenum.com.br\/chupa-chupa18\/\">Filmes e Document\u00e1rios sobre o Chupa-Chupa<\/a><\/h3>\n<p><em>Acesse aqui filmes e document\u00e1rios sobre o Chupa-chupa e a Opera\u00e7\u00e3o Prato<\/em><\/p>\n<hr \/>\n<p>&nbsp;<\/p>\n<h2><\/h2>\n<p>&nbsp;<\/p>\n<h2>Refer\u00eancias:<\/h2>\n<hr \/>\n<ol>\n<li>PRATT, Bob. Perigo Alien\u00edgena no Brasil. Tradu\u00e7\u00e3o de Marcos Malvezzi Leal. Campo Grande: CBPDV, 2003.<\/li>\n<li>PETIT, Marco Antonio. UFOs: Arquivo Confidencial. Campo Grande: CBPDV, 2007<\/li>\n<li>RANGEL, M\u00e1rio. Sequestros Alien\u00edgenas. Campo Grande: CBPDV, 2007<\/li>\n<li>GIESE, Daniel Rebisso. O Fen\u00f4meno &#8220;Chupa-chupa&#8221;, na Amaz\u00f4nia. Revista UFO, Campo Grande, n\u00ba 7, p.13-14, abr\/jun 1989.<\/li>\n<li>ATHAYDE, Reginaldo. Extraterrestres atacam e matam no nordeste. Revista UFO, Campo Grande, n\u00ba 7, p.7-11, abr\/jun 1989.<\/li>\n<li>CPDV. Fotos de OVNIs da For\u00e7a A\u00e9rea Brasileira (FAB). Ufologia Nacional e Internacional, Campo Grande, n\u00ba 3, p. 10-11, julho\/agosto 1985.<\/li>\n<li>GIESE, Daniel Rebisso. Observa\u00e7\u00f5es ufol\u00f3gicas no Litoral Paraense. Ufologia Nacional e Internacional, Campo Grande, n\u00ba 3, p. 11-12, julho\/agosto 1985.<\/li>\n<li>GIESE, Daniel. O Fen\u00f4meno &#8220;Chupa-Chupa&#8221;: OVNIs atemorizam o estado do Par\u00e1. Ufologia Nacional e Internacional, Campo Grande, n\u00ba 5, p. 09-15, nov\/dez 1985.<\/li>\n<li>GIESE, Daniel. Novidades no Fen\u00f4meno &#8220;Chupa-Chupa&#8221;. Ufologia Nacional e Internacional, Campo Grande, n\u00ba 7, p. 14-15, mar\u00e7o 1986.<\/li>\n<li>AGHATOS, Stelio e OLIVEIRA, Daniela. UFOs Rondam a Floresta Amaz\u00f4nica. Revista UFO, Campo Grande, n\u00ba 39, p. 8-11, Agosto de 1995.<\/li>\n<li>EQUIPE UFO. Coronel Rompe Sil\u00eancio sobre UFOs. Revista UFO, Campo Grande, n\u00ba 54, p. 18-27, outubro de 1997.<\/li>\n<li>EQUIPE UFO. Os Resultados da Opera\u00e7\u00e3o Prato. Revista UFO, Campo Grande, n\u00ba 55, p. 46-52, novembro de 1997.<\/li>\n<li>SILVESTRE, Fabiana. UFOs Rondam a Floresta Amaz\u00f4nica. Revista UFO, Campo Grande, n\u00ba 75, p. 10-18, novembro de 2000.<\/li>\n<li>EQUIPE UFO. Alien\u00edgenas Representam Perigo no Nordeste. Revista UFO, Campo Grande, n\u00ba 86, p. 8-11, abril de 2003.<\/li>\n<li>MAUSO, Pablo Villarrubia. O Mist\u00e9rio das Luzes Assassinas na Amaz\u00f4nia. Revista UFO, Campo Grande, n\u00ba 86, p. 32-35, abril de 2003.<\/li>\n<li>STABOLITO, Reinaldo. Pol\u00edtica de Acobertamento: A Pol\u00edtica Internacional de Sigilo ao Fen\u00f4meno UFO \u00e9 Imposi\u00e7\u00e3o do Governo Norte-Americano. Revista UFO, Campo Grande, n\u00ba 99, p. 16-21, maio de 2004.<\/li>\n<li>EQUIPE UFO. Aliens Rondam a Floresta Amaz\u00f4nica. Revista UFO, Campo Grande, n\u00ba 101, p. 08-27, julho de 2004.<\/li>\n<li>GEVAERD, A. J. A Profundidade dos Casos Registrados na Amaz\u00f4nia. Revista UFO, Campo Grande, n\u00ba 114, p. 10-13, setembro de 2005.<\/li>\n<li>GEVAERD, A. J. Amaz\u00f4nia &#8211; Campo de Experimento de Seres Alien\u00edgenas. Revista UFO, Campo Grande, n\u00ba 114, p. 14-16, setembro de 2005.<\/li>\n<li>GEVAERD, A. J. Na Selva, UFOs deslumbram e amedrontam com seus v\u00f4os rasantes e ataques impiedosos. Revista UFO, Campo Grande, n\u00ba 114, p. 16-29, setembro de 2005.<\/li>\n<li>GOMES, Evelin. Atividades extraterrestres ainda s\u00e3o registradas em Colares ap\u00f3s anos dos primeiros contatos. Revista UFO, Campo Grande, n\u00ba 114, p. 26-27, setembro de 2005.<\/li>\n<li>GEVAERD, A. J. Ainda H\u00e1 Muito a Se Pesquisar no Par\u00e1. Revista UFO, Campo Grande, n\u00ba 114, p. 31-35, setembro de 2005.<\/li>\n<li>PETIT, M. A. UFOs no Brasil: \u00c9 hora de nossos militares encararem a verdade. Revista UFO, Campo Grande, n\u00ba 115, p. 16-22, outubro de 2005.<\/li>\n<li>EQUIPE UFO. Dossi\u00ea Amaz\u00f4nia: Continua a busca de informa\u00e7\u00f5es sobre as a\u00e7\u00f5es militares na regi\u00e3o. Revista UFO, Campo Grande, n\u00ba 115, p. 26-35, outubro de 2005.<\/li>\n<li>EQUIPE UFO. O Impressionante Depoimento da M\u00e9dica que Atendeu as V\u00edtimas do Chupa-chupa. Revista UFO, Campo Grande, n\u00ba 116, p. 20-29, novembro de 2005.<\/li>\n<li>CHAVES, Pepe. Como as assombra\u00e7\u00f5es da Amaz\u00f4nia se tornaram as assombra\u00e7\u00f5es de um homem: Coronel Uyrange Hollanda. Revista UFO, Campo Grande, n\u00ba 116, p. 30-36, novembro de 2005.<\/li>\n<li>PETIT, M. A. Dossi\u00ea Amaz\u00f4nia: O ultimo depoimento de Uyrang\u00ea Hollanda fornece inspira\u00e7\u00e3o para reflex\u00f5es. Revista UFO, Campo Grande, n\u00ba 117, p. 14-20, dezembro de 2005.<\/li>\n<li>ATHAYDE, Reginaldo. Os ataques do chupa-chupa come\u00e7aram no Cear\u00e1. Revista UFO, Campo Grande, n\u00ba 117, p. 22-23, dezembro de 2005.<\/li>\n<li>GEVAERD, A. J. N\u00e3o cedi \u00e0s press\u00f5es dos militares. Revista UFO, Campo Grande, n\u00ba 117, p. 24-31, dezembro de 2005.<\/li>\n<li><a href=\"http:\/\/www.operacaoprato.com\" target=\"_blank\" rel=\"noopener\">Site Opera\u00e7\u00e3o Prato<\/a><\/li>\n<li><a href=\"https:\/\/fenomenum.com.br\/documentos\/brasil\/prato\/ACE_3370.83.pdf\" target=\"_blank\" rel=\"noopener\">Arquivo Cronol\u00f3gico de Entrada [ACE 3370\/83] &#8211; (Servi\u00e7o Nacional de Informa\u00e7\u00f5es &#8211; SNI) [82.9 MB &#8211; 86 p\u00e1ginas<\/a><\/li>\n<li><a href=\"https:\/\/fenomenum.com.br\/documentos\/brasil\/prato\/Opera\u00e7\u00e3o Prato - 01.01.01 - Relat\u00f3rio de Miss\u00e3o 1.pdf\" target=\"_blank\" rel=\"noopener\">Opera\u00e7\u00e3o Prato &#8211; 01.01.01 &#8211; Relat\u00f3rio de Miss\u00e3o 1 &#8211; (FAB &#8211; 1\u00ba COMAR) [25.9 MB &#8211; 40 p\u00e1ginas]<\/a><\/li>\n<li><a href=\"https:\/\/fenomenum.com.br\/documentos\/brasil\/prato\/Opera\u00e7\u00e3o Prato - 01.01.02 - Relat\u00f3rio de Miss\u00e3o 2.pdf\" target=\"_blank\" rel=\"noopener\">Opera\u00e7\u00e3o Prato &#8211; 01.01.02 &#8211; Relat\u00f3rio de Miss\u00e3o 2 &#8211; (FAB &#8211; 1\u00ba COMAR) [15.1 MB &#8211; 22 p\u00e1ginas]<\/a><\/li>\n<li><a href=\"https:\/\/fenomenum.com.br\/documentos\/brasil\/prato\/Opera\u00e7\u00e3o Prato - 01.02.00 - Informa\u00e7\u00f5es Operacionais 1.pdf\" target=\"_blank\" rel=\"noopener\">Opera\u00e7\u00e3o Prato &#8211; 01.02.00 &#8211; Informa\u00e7\u00f5es Operacionais 1 &#8211; (FAB &#8211; 1\u00ba COMAR) [19.3 MB &#8211; 15 p\u00e1ginas]<\/a><\/li>\n<li><a href=\"https:\/\/fenomenum.com.br\/documentos\/brasil\/prato\/Opera\u00e7\u00e3o Prato - 01.03.00 - Ilustra\u00e7\u00f5es de Ocorr\u00eancias.pdf\" target=\"_blank\" rel=\"noopener\">Opera\u00e7\u00e3o Prato &#8211; 01.03.00 &#8211; Ilustra\u00e7\u00f5es de Ocorr\u00eancias &#8211; (FAB &#8211; 1\u00ba COMAR) &#8211; [22.5 MB &#8211; 52 p\u00e1ginas]<\/a><\/li>\n<li><a href=\"https:\/\/fenomenum.com.br\/documentos\/brasil\/prato\/Opera\u00e7\u00e3o Prato - 02.00.00 - Resumo Cronol\u00f3gico.pdf\" target=\"_blank\" rel=\"noopener\">Opera\u00e7\u00e3o Prato &#8211; 02.00.00 &#8211; Resumo Cronol\u00f3gico &#8211; (FAB &#8211; 1\u00ba COMAR) &#8211; [31.8 MB &#8211; 52 P\u00e1ginas]<\/a><\/li>\n<li><a href=\"https:\/\/fenomenum.com.br\/documentos\/brasil\/prato\/Opera\u00e7\u00e3o Prato - 03.01.01 - Registro de Caso 1.pdf\" target=\"_blank\" rel=\"noopener\">Opera\u00e7\u00e3o Prato &#8211; 03.01.01 &#8211; Registro de Caso 1 &#8211; (FAB &#8211; 1\u00ba COMAR) &#8211; [1.29 MB &#8211; 4 p\u00e1ginas]<\/a><\/li>\n<li><a href=\"https:\/\/fenomenum.com.br\/documentos\/brasil\/prato\/Opera\u00e7\u00e3o Prato - 03.01.02 - Registro de Caso 2.pdf\" target=\"_blank\" rel=\"noopener\">Opera\u00e7\u00e3o Prato &#8211; 03.01.02 &#8211; Registro de Caso 2 &#8211; (FAB &#8211; 1\u00ba COMAR) &#8211; [1.20 MB &#8211; 3 p\u00e1ginas]<\/a><\/li>\n<li><a href=\"https:\/\/fenomenum.com.br\/documentos\/brasil\/prato\/Opera\u00e7\u00e3o Prato - 03.01.03 - Registro de Caso 3.pdf\" target=\"_blank\" rel=\"noopener\">Opera\u00e7\u00e3o Prato &#8211; 03.01.03 &#8211; Registro de Caso 3 &#8211; (FAB &#8211; 1\u00ba COMAR) &#8211; [3.79 MB &#8211; 8 p\u00e1ginas]<\/a><\/li>\n<li><a href=\"https:\/\/fenomenum.com.br\/documentos\/brasil\/prato\/Opera\u00e7\u00e3o Prato - 03.01.04 - Registro de Caso 4.pdf\" target=\"_blank\" rel=\"noopener\">Opera\u00e7\u00e3o Prato &#8211; 03.01.04 &#8211; Registro de Caso 4 &#8211; (FAB &#8211; 1\u00ba COMAR) &#8211; [487 KB &#8211; 1 p\u00e1gina]<\/a><\/li>\n<li><a href=\"https:\/\/fenomenum.com.br\/documentos\/brasil\/prato\/Opera\u00e7\u00e3o Prato - 03.02.01 - Registro de Caso 5.pdf\" target=\"_blank\" rel=\"noopener\">Opera\u00e7\u00e3o Prato &#8211; 03.02.01 &#8211; Registro de Caso 5 &#8211; (FAB &#8211; 1\u00ba COMAR) &#8211; [743 KB &#8211; 2 p\u00e1ginas]<\/a><\/li>\n<li><a href=\"https:\/\/fenomenum.com.br\/documentos\/brasil\/prato\/Opera\u00e7\u00e3o Prato - 03.02.02 - Registro de Caso 6.pdf\" target=\"_blank\" rel=\"noopener\">Opera\u00e7\u00e3o Prato &#8211; 03.02.02 &#8211; Registro de Caso 6 &#8211; (FAB &#8211; 1\u00ba COMAR) &#8211; [399 KB &#8211; 1 p\u00e1gina]<\/a><\/li>\n<li><a href=\"https:\/\/fenomenum.com.br\/documentos\/brasil\/prato\/Opera\u00e7\u00e3o Prato - 03.02.03 - Registro de Caso 7.pdf\" target=\"_blank\" rel=\"noopener\">Opera\u00e7\u00e3o Prato &#8211; 03.02.03 &#8211; Registro de Caso 7 &#8211; (FAB &#8211; 1\u00ba COMAR) &#8211; [337 KB &#8211; 1 p\u00e1gina]<\/a><\/li>\n<li><a href=\"https:\/\/fenomenum.com.br\/documentos\/brasil\/prato\/Opera\u00e7\u00e3o Prato - 03.02.04 - Registro de Caso 8.pdf\" target=\"_blank\" rel=\"noopener\">Opera\u00e7\u00e3o Prato &#8211; 03.02.04 &#8211; Registro de Caso 8 &#8211; (FAB &#8211; 1\u00ba COMAR) &#8211; [1.59 MB &#8211; 3 p\u00e1ginas]<\/a><\/li>\n<li><a href=\"https:\/\/fenomenum.com.br\/documentos\/brasil\/prato\/Opera\u00e7\u00e3o Prato - 03.02.05 - Registro de Caso 9.pdf\" target=\"_blank\" rel=\"noopener\">Opera\u00e7\u00e3o Prato &#8211; 03.02.05 &#8211; Registro de Caso 9 &#8211; (FAB &#8211; 1\u00ba COMAR) &#8211; [4.00 MB &#8211; 9 p\u00e1ginas]<\/a><\/li>\n<li><a href=\"https:\/\/fenomenum.com.br\/documentos\/brasil\/prato\/Opera\u00e7\u00e3o Prato - 03.02.06 - Relat\u00f3rio Adicional 1.pdf\" target=\"_blank\" rel=\"noopener\">Opera\u00e7\u00e3o Prato &#8211; 03.02.06 &#8211; Relat\u00f3rio Adicional 1 &#8211; (FAB &#8211; 1\u00ba COMAR) &#8211; [3.02 MB &#8211; 6 p\u00e1ginas]<\/a><\/li>\n<li><a href=\"https:\/\/fenomenum.com.br\/documentos\/brasil\/prato\/Opera\u00e7\u00e3o Prato - 03.02.07 - Relat\u00f3rio Adicional 2.pdf\" target=\"_blank\" rel=\"noopener\">Opera\u00e7\u00e3o Prato &#8211; 03.02.07 &#8211; Relat\u00f3rio Adicional 2 &#8211; (FAB &#8211; 1\u00ba COMAR) &#8211; [412 KB &#8211; 1 p\u00e1gina]<\/a><\/li>\n<li><a href=\"https:\/\/fenomenum.com.br\/documentos\/brasil\/prato\/Opera\u00e7\u00e3o Prato - 03.02.08 - Relat\u00f3rio Adicional 3.pdf\" target=\"_blank\" rel=\"noopener\">Opera\u00e7\u00e3o Prato &#8211; 03.02.08 &#8211; Relat\u00f3rio Adicional 3 &#8211; (FAB &#8211; 1\u00ba COMAR) &#8211; [463 KB &#8211; 1 p\u00e1gina]<\/a><\/li>\n<li><a href=\"https:\/\/fenomenum.com.br\/documentos\/brasil\/prato\/Opera\u00e7\u00e3o Prato - 03.02.09 - Relat\u00f3rio Adicional 4.pdf\" target=\"_blank\" rel=\"noopener\">Opera\u00e7\u00e3o Prato &#8211; 03.02.09 &#8211; Relat\u00f3rio Adicional 4 &#8211; (FAB &#8211; 1\u00ba COMAR) &#8211; [437 KB &#8211; 1 p\u00e1gina]<\/a><\/li>\n<li><a href=\"https:\/\/fenomenum.com.br\/documentos\/brasil\/prato\/Opera\u00e7\u00e3o Prato - 04.00.00 - Folha de Ocorr\u00eancias 1.pdf\" target=\"_blank\" rel=\"noopener\">Opera\u00e7\u00e3o Prato &#8211; 04.00.00 &#8211; Folha de Ocorr\u00eancias 1 &#8211; (FAB &#8211; 1\u00ba COMAR) &#8211; [2.72 MB &#8211; 5 p\u00e1ginas]<\/a><\/li>\n<li><a href=\"https:\/\/fenomenum.com.br\/documentos\/brasil\/prato\/Opera\u00e7\u00e3o Prato - 05.00.00 - Informe Especial 1.pdf\" target=\"_blank\" rel=\"noopener\">Opera\u00e7\u00e3o Prato &#8211; 05.00.00 &#8211; Informe Especial 1 &#8211; (FAB &#8211; 1\u00ba COMAR) &#8211; [11.2 MB &#8211; 15 p\u00e1ginas]<\/a><\/li>\n<li><a href=\"https:\/\/fenomenum.com.br\/documentos\/brasil\/prato\/Opera\u00e7\u00e3o Prato - 06.00.00 - \u00d3rg\u00e3os de Informa\u00e7\u00e3o 1.pdf\" target=\"_blank\" rel=\"noopener\">Opera\u00e7\u00e3o Prato &#8211; 06.00.00 &#8211; \u00d3rg\u00e3os de Informa\u00e7\u00e3o 1 &#8211; (FAB &#8211; 1\u00ba COMAR) &#8211; [1.13 MB &#8211; 2 p\u00e1ginas]<\/a><\/li>\n<li><a href=\"https:\/\/fenomenum.com.br\/documentos\/brasil\/prato\/Opera\u00e7\u00e3o Prato - 07.01.00 - Disposi\u00e7\u00f5es Gerais 1.pdf\" target=\"_blank\" rel=\"noopener\">Opera\u00e7\u00e3o Prato &#8211; 07.01.00 &#8211; Disposi\u00e7\u00f5es Gerais 1 &#8211; (FAB &#8211; 1\u00ba COMAR) &#8211; [0.99 MB &#8211; 2 p\u00e1ginas]<\/a><\/li>\n<li><a href=\"https:\/\/fenomenum.com.br\/documentos\/brasil\/prato\/Opera\u00e7\u00e3o Prato - 07.02.00 - Relat\u00f3rio Geral 1.pdf\" target=\"_blank\" rel=\"noopener\">Opera\u00e7\u00e3o Prato &#8211; 07.02.00 &#8211; Relat\u00f3rio Geral 1 &#8211; (FAB &#8211; 1\u00ba COMAR) &#8211; [115 MB &#8211; 160 p\u00e1ginas]<\/a><\/li>\n<li><a href=\"https:\/\/fenomenum.com.br\/documentos\/brasil\/prato\/fotografias_op_prato.pdf\" target=\"_blank\" rel=\"noopener\">Fotografias da Opera\u00e7\u00e3o Prato &#8211; [683 Kb &#8211; 18 p\u00e1ginas]<\/a><\/li>\n<li><a href=\"https:\/\/fenomenum.com.br\/documentos\/brasil\/prato\/FOTOS_OP_PORTAL_BURN.pdf\" target=\"_blank\" rel=\"noopener\">Fotografias da Opera\u00e7\u00e3o Prato [BURN] &#8211; [25.7 MB &#8211; 86 p\u00e1ginas]<\/a><\/li>\n<li><a href=\"https:\/\/fenomenum.com.br\/documentos\/brasil\/prato\/Relatorio 1- Relatorio de Missao - Parte Informativa -VERSAO INEDITA.pdf\" target=\"_blank\" rel=\"noopener\">Relatorio 1- Relatorio de Missao &#8211; Parte Informativa -VERSAO INEDITA<\/a><\/li>\n<li><a href=\"https:\/\/fenomenum.com.br\/documentos\/brasil\/prato\/Relatorio 2 - Relatorio de Missao - II - Parte Informativa - VERSAO INEDITA.pdf\" target=\"_blank\" rel=\"noopener\">Relatorio 2 &#8211; Relatorio de Missao &#8211; II &#8211; Parte Informativa &#8211; VERSAO INEDITA<\/a><\/li>\n<li><a href=\"https:\/\/fenomenum.com.br\/documentos\/brasil\/prato\/Relatorio 3 - Relatorio de Missao - Umbituba.pdf\" target=\"_blank\" rel=\"noopener\">Relatorio 3 &#8211; Relatorio de Missao &#8211; Umbituba<\/a><\/li>\n<li><a href=\"https:\/\/fenomenum.com.br\/documentos\/brasil\/prato\/Relatorio 4 - Relatorio de Missao - II - Parte Operacional - VERSAO INEDITA.pdf\" target=\"_blank\" rel=\"noopener\">Relatorio 4 &#8211; Relatorio de Missao &#8211; II &#8211; Parte Operacional &#8211; VERSAO INEDITA<\/a><\/li>\n<li><a href=\"https:\/\/fenomenum.com.br\/documentos\/brasil\/prato\/Relatorio 5 - Relatorio de Pescadores.pdf\" target=\"_blank\" rel=\"noopener\">Relatorio 5 &#8211; Relatorio de Pescadores<\/a><\/li>\n<li><a href=\"https:\/\/fenomenum.com.br\/documentos\/brasil\/prato\/Relatorio 6 - Comentarios e Aspecto Psico-Social e Econamico - VERSAO ANTIGA.pdf\" target=\"_blank\" rel=\"noopener\">Relatorio 6 &#8211; Comentarios e Aspecto Psico-Social e Econamico &#8211; VERSAO ANTIGA<\/a><\/li>\n<li><a href=\"https:\/\/fenomenum.com.br\/documentos\/brasil\/prato\/Relatorio 6 - Coment\u00e1rios e Aspecto Psico-Social e Economico - VERSAO INEDITA.pdf\" target=\"_blank\" rel=\"noopener\">Relatorio 6 &#8211; Coment\u00e1rios e Aspecto Psico-Social e Economico &#8211; VERSAO INEDITA<\/a><\/li>\n<li><a href=\"https:\/\/fenomenum.com.br\/documentos\/brasil\/prato\/Relatorio 7 - Relatorio de Missao - I - Parte Informativa - VERSAO INEDITA.pdf\" target=\"_blank\" rel=\"noopener\">Relatorio 7 &#8211; Relatorio de Missao &#8211; I &#8211; Parte Informativa &#8211; VERSAO INEDITA<\/a><\/li>\n<li><a href=\"https:\/\/fenomenum.com.br\/documentos\/brasil\/prato\/Relatorio 8 - Relatorio de Missao - II - Parte Informativa - VERSAO INEDITA.pdf\" target=\"_blank\" rel=\"noopener\">Relatorio 8 &#8211; Relatorio de Missao &#8211; II &#8211; Parte Informativa &#8211; VERSAO INEDITA<\/a><\/li>\n<li><a href=\"https:\/\/fenomenum.com.br\/documentos\/brasil\/prato\/Relatorio 9 - Extra 01 - VERSAO ANTIGA.pdf\" target=\"_blank\" rel=\"noopener\">Relatorio 9 &#8211; Extra 01 &#8211; VERSAO ANTIGA<\/a><\/li>\n<li><a href=\"https:\/\/fenomenum.com.br\/documentos\/brasil\/prato\/Relatorio 9 - Extra 01 - VERSAO INEDITA.pdf\" target=\"_blank\" rel=\"noopener\">Relatorio 9 &#8211; Extra 01 &#8211; VERSAO INEDITA<\/a><\/li>\n<li><a href=\"https:\/\/fenomenum.com.br\/documentos\/brasil\/prato\/Relatorio 10 - Extra 02 - VERSAO ANTIGA.pdf\" target=\"_blank\" rel=\"noopener\">Relatorio 10 &#8211; Extra 02 &#8211; VERSAO ANTIGA<\/a><\/li>\n<li><a href=\"https:\/\/fenomenum.com.br\/documentos\/brasil\/prato\/Relatorio 10 - Extra 02 - VERSAO INEDITA.pdf\" target=\"_blank\" rel=\"noopener\">Relatorio 10 &#8211; Extra 02 &#8211; VERSAO INEDITA<\/a><\/li>\n<li><a href=\"https:\/\/fenomenum.com.br\/documentos\/brasil\/prato\/Relatorio 11 - Extra 03 - VERSAO INEDITA.pdf\" target=\"_blank\" rel=\"noopener\">Relatorio 11 &#8211; Extra 03 &#8211; VERSAO INEDITA<\/a><\/li>\n<li><a href=\"https:\/\/fenomenum.com.br\/documentos\/brasil\/prato\/Relatorio 12 - Extra 04 - VERSAO INEDITA.pdf\" target=\"_blank\" rel=\"noopener\">Relatorio 12 &#8211; Extra 04 &#8211; VERSAO INEDITA<\/a><\/li>\n<li><a href=\"https:\/\/fenomenum.com.br\/documentos\/brasil\/prato\/Relatorio 13 - Extra 05 - VERSAO INEDITA.pdf\" target=\"_blank\" rel=\"noopener\">Relatorio 13 &#8211; Extra 05 &#8211; VERSAO INEDITA<\/a><\/li>\n<li><a href=\"https:\/\/fenomenum.com.br\/documentos\/brasil\/prato\/Relatorio 14 - Extra 06 - VERSAO INEDITA.pdf\" target=\"_blank\" rel=\"noopener\">Relatorio 14 &#8211; Extra 06 &#8211; VERSAO INEDITA<\/a><\/li>\n<li><a href=\"https:\/\/fenomenum.com.br\/documentos\/brasil\/prato\/Relatorio 15 - Relatorio de Missao - Fazenda Jeju.pdf\" target=\"_blank\" rel=\"noopener\">Relatorio 15 &#8211; Relatorio de Missao &#8211; Fazenda Jeju<\/a><\/li>\n<li><a href=\"https:\/\/fenomenum.com.br\/documentos\/brasil\/prato\/Relatorio 16 - Relatorio do Agente - Fazenda Jeju - VERSAO ANTIGA.pdf\" target=\"_blank\" rel=\"noopener\">Relatorio 16 &#8211; Relatorio do Agente &#8211; Fazenda Jeju &#8211; VERSAO ANTIGA<\/a><\/li>\n<li><a href=\"https:\/\/fenomenum.com.br\/documentos\/brasil\/prato\/Relatorio 16 - Relatorio do Agente - Fazenda Jeju - VERSAO INEDITA.pdf\" target=\"_blank\" rel=\"noopener\">Relatorio 16 &#8211; Relatorio do Agente &#8211; Fazenda Jeju &#8211; VERSAO INEDITA<\/a><\/li>\n<li><a href=\"https:\/\/fenomenum.com.br\/documentos\/brasil\/prato\/Relatorio 17 - Relatorio de Missao - Partes Operacional e Informativa - Fazenda Jeju - VERSAO INEDITA.pdf\" target=\"_blank\" rel=\"noopener\">Relatorio 17 &#8211; Relatorio de Missao &#8211; Partes Operacional e Informativa &#8211; Fazenda Jeju &#8211; VERSAO INEDITA<\/a><\/li>\n<li><a href=\"https:\/\/fenomenum.com.br\/documentos\/brasil\/prato\/Relatorio 18 - Relatorio do Agente - Extra 07 - VERSAO INEDITA.pdf\" target=\"_blank\" rel=\"noopener\">Relatorio 18 &#8211; Relatorio do Agente &#8211; Extra 07 &#8211; VERSAO INEDITA<\/a><\/li>\n<li><a href=\"https:\/\/fenomenum.com.br\/documentos\/brasil\/prato\/Relatorio 19 - Relatorio do Agente - Extra 08 - VERSAO INEDITA.pdf\" target=\"_blank\" rel=\"noopener\">Relatorio 19 &#8211; Relatorio do Agente &#8211; Extra 08 &#8211; VERSAO INEDITA<\/a><\/li>\n<li><a href=\"https:\/\/fenomenum.com.br\/documentos\/brasil\/prato\/Relatorio 20 - Relatorio do Agente - Extra - VERSAO INEDITA.pdf\" target=\"_blank\" rel=\"noopener\">Relatorio 20 &#8211; Relatorio do Agente &#8211; Extra &#8211; VERSAO INEDITA<\/a><\/li>\n<li><a href=\"https:\/\/fenomenum.com.br\/documentos\/brasil\/prato\/Relatorio 21 - Relatorio do Agente - Extra 09 - VERSAO INEDITA.pdf\" target=\"_blank\" rel=\"noopener\">Relatorio 21 &#8211; Relatorio do Agente &#8211; Extra 09 &#8211; VERSAO INEDITA<\/a><\/li>\n<li><a href=\"https:\/\/fenomenum.com.br\/documentos\/brasil\/prato\/Relatorio 22 - Relatorio do Agente - Extra 10 - VERSAO INEDITA.pdf\" target=\"_blank\" rel=\"noopener\">Relatorio 22 &#8211; Relatorio do Agente &#8211; Extra 10 &#8211; VERSAO INEDITA<\/a><\/li>\n<li><a href=\"https:\/\/fenomenum.com.br\/documentos\/brasil\/prato\/Relatorio 23 - Relatorio do Agente - Extra 11 - VERSAO INEDITA.pdf\" target=\"_blank\" rel=\"noopener\">Relatorio 23 &#8211; Relatorio do Agente &#8211; Extra 11 &#8211; VERSAO INEDITA<\/a><\/li>\n<li><a href=\"https:\/\/fenomenum.com.br\/documentos\/brasil\/prato\/Relatorio 24 - Relatos Esparsos - VERSAO INEDITA.pdf\" target=\"_blank\" rel=\"noopener\">Relatorio 24 &#8211; Relatos Esparsos &#8211; VERSAO INEDITA<\/a><\/li>\n<li><a href=\"https:\/\/fenomenum.com.br\/documentos\/brasil\/prato\/Relatorio 25 - Extra 12 - VERSAO INEDITA.pdf\" target=\"_blank\" rel=\"noopener\">Relatorio 25 &#8211; Extra 12 &#8211; VERSAO INEDITA<\/a><\/li>\n<li><a href=\"https:\/\/fenomenum.com.br\/documentos\/brasil\/prato\/RELATORIO FILMES SUPER 8 - www.operacaoprato.com.pdf\" target=\"_blank\" rel=\"noopener\">RELATORIO FILMES SUPER 8 &#8211; www.operacaoprato.com<\/a><\/li>\n<li><a href=\"https:\/\/fenomenum.com.br\/documentos\/brasil\/prato\/RELATORIO MEDICO - www.operacaoprato.com.pdf\" target=\"_blank\" rel=\"noopener\">RELATORIO MEDICO &#8211; www.operacaoprato.com<\/a><\/li>\n<li><a href=\"http:\/\/www.mufon.com\/bob_pratt\/brazil.html\">http:\/\/www.mufon.com\/bob_pratt\/brazil.html<\/a><\/li>\n<li><a href=\"http:\/\/www.jornalinfinito.com.br\/materias.asp?area=21\">http:\/\/www.jornalinfinito.com.br\/materias.asp?area=21<\/a><\/li>\n<li><a href=\"http:\/\/www.geocities.com\/area51\/rampart\/2653\/injurywriteup.html\">http:\/\/www.geocities.com\/area51\/rampart\/2653\/injurywriteup.html<\/a><\/li>\n<li><a href=\"http:\/\/www.mufon.com\/bob_pratt\/dasvale.html\">http:\/\/www.mufon.com\/bob_pratt\/dasvale.html<\/a><\/li>\n<li><a href=\"http:\/\/ufo.com.br\/index.php?arquivo=notComp.php&amp;offset=2400&amp;id=492\">http:\/\/ufo.com.br\/index.php?arquivo=notComp.php&amp;offset=2400&amp;id=492<\/a><\/li>\n<li><a href=\"http:\/\/www.x-libri.ru\/elib\/arefj000\/00000087.htm\">http:\/\/www.x-libri.ru\/elib\/arefj000\/00000087.htm<\/a><\/li>\n<li><a href=\"http:\/\/www.ufo.com.br\/amazonia\/\">http:\/\/www.ufo.com.br\/amazonia\/<\/a><\/li>\n<li><a href=\"http:\/\/www.ufo.com.br\/fase4_txt4\">http:\/\/www.ufo.com.br\/fase4_txt4.php<\/a><\/li>\n<li><a href=\"http:\/\/www.ufo.com.br\/amazonia\/chupa.htm\">http:\/\/www.ufo.com.br\/amazonia\/chupa.htm<\/a><\/li>\n<li><a href=\"http:\/\/pt.wikipedia.org\/wiki\/Chupa-chupa\">http:\/\/pt.wikipedia.org\/wiki\/Chupa-chupa<\/a><\/li>\n<li><a href=\"http:\/\/redeglobo.globo.com\/Linhadireta\/0,26665,GHT0-4604-212882,00.html\">http:\/\/redeglobo.globo.com\/Linhadireta\/0,26665,GHT0-4604-212882,00.html<\/a><\/li>\n<li><a href=\"http:\/\/www.ufo.com.br\/materiaespecial\/operacaoPrato.htm\">http:\/\/www.ufo.com.br\/materiaespecial\/operacaoPrato.htm<\/a><\/li>\n<li><a href=\"http:\/\/www.ufo.com.br\/documentop\">http:\/\/www.ufo.com.br\/documentop.php<\/a><\/li>\n<li><a href=\"http:\/\/www.upupi.com.br\/\">http:\/\/www.upupi.com.br\/<\/a><\/li>\n<li><a href=\"http:\/\/www.burn.com.br\/modules.php?name=News&amp;file=article&amp;sid=316\">http:\/\/www.burn.com.br\/modules.php?name=News&amp;file=article&amp;sid=316<\/a><\/li>\n<li><a href=\"http:\/\/www.burn.com.br\/modules.php?name=News&amp;file=article&amp;sid=318\">http:\/\/www.burn.com.br\/modules.php?name=News&amp;file=article&amp;sid=318<\/a><\/li>\n<li><a href=\"http:\/\/www.upupi.com.br\/artigoedisonboaventura01.html\">http:\/\/www.upupi.com.br\/artigoedisonboaventura01.html<\/a><\/li>\n<li><a href=\"http:\/\/www.upupi.com.br\/artigoflavio9.html\">http:\/\/www.upupi.com.br\/artigoflavio9.html<\/a><\/li>\n<li><a href=\"http:\/\/www.upupi.com.br\/artigomiguelleao.html\">http:\/\/www.upupi.com.br\/artigomiguelleao.html<\/a><\/li>\n<li><a href=\"http:\/\/www.upupi.com.br\/artigoflavio.htm\">http:\/\/www.upupi.com.br\/artigoflavio.htm<\/a><\/li>\n<li><a href=\"http:\/\/www.ufo.com.br\/materiaespecial\/operacaoPrato.htm\">http:\/\/www.ufo.com.br\/materiaespecial\/operacaoPrato.htm<\/a><\/li>\n<li><a href=\"http:\/\/pt.wikipedia.org\/wiki\/Opera\u00e7\u00e3o_Prato\">http:\/\/pt.wikipedia.org\/wiki\/Opera%C3%A7%C3%A3o_Prato<\/a><\/li>\n<li><a href=\"http:\/\/www.dominiosfantasticos.xpg.com.br\/id281.htm\">http:\/\/www.dominiosfantasticos.xpg.com.br\/id281.htm<\/a><\/li>\n<li><a href=\"http:\/\/www.infa.com.br\/operacao_prato01.html\">http:\/\/www.infa.com.br\/operacao_prato01.html<\/a><\/li>\n<li><a href=\"http:\/\/www.terra.com.br\/istoe\/edicoes\/2071\/artigo144400-1.htm\">http:\/\/www.terra.com.br\/istoe\/edicoes\/2071\/artigo144400-1.htm<\/a><\/li>\n<li><a href=\"http:\/\/www.viafanzine.jor.br\/site_vf\/ufovia\/exclusivo.htm\">http:\/\/www.viafanzine.jor.br\/site_vf\/ufovia\/exclusivo.htm<\/a><\/li>\n<li><a href=\"http:\/\/www.viafanzine.jor.br\/site_vf\/ufovia\/prato.htm\">http:\/\/www.viafanzine.jor.br\/site_vf\/ufovia\/prato.htm<\/a><\/li>\n<li><a href=\"http:\/\/www.viafanzine.jor.br\/site_vf\/ufovia\/prato3.htm\">http:\/\/www.viafanzine.jor.br\/site_vf\/ufovia\/prato3.htm<\/a><\/li>\n<li><a href=\"http:\/\/www.viafanzine.jor.br\/site_vf\/ufovia\/entrevpinon1.htm\">http:\/\/www.viafanzine.jor.br\/site_vf\/ufovia\/entrevpinon1.htm<\/a><\/li>\n<li><a href=\"http:\/\/www.viafanzine.jor.br\/site_vf\/ufovia\/entrevpinon2.htm\">http:\/\/www.viafanzine.jor.br\/site_vf\/ufovia\/entrevpinon2.htm<\/a><\/li>\n<li><a href=\"http:\/\/www.viafanzine.jor.br\/site_vf\/ufovia\/entrevistas3.htm\">http:\/\/www.viafanzine.jor.br\/site_vf\/ufovia\/entrevistas3.htm<\/a><\/li>\n<li><a href=\"http:\/\/www.viafanzine.jor.br\/site_vf\/ufovia\/pesquisa.htm\">http:\/\/www.viafanzine.jor.br\/site_vf\/ufovia\/pesquisa.htm<\/a><\/li>\n<li><a href=\"http:\/\/www.viafanzine.jor.br\/site_vf\/ufovia\/casosdonorte.htm\">http:\/\/www.viafanzine.jor.br\/site_vf\/ufovia\/casosdonorte.htm<\/a><\/li>\n<li><a href=\"http:\/\/www.viafanzine.jor.br\/site_vf\/ufovia\/entrevistas4.htm\">http:\/\/www.viafanzine.jor.br\/site_vf\/ufovia\/entrevistas4.htm<\/a><\/li>\n<li><a href=\"http:\/\/interwell.sites.uol.com.br\/para.htm\">http:\/\/interwell.sites.uol.com.br\/para.htm<\/a><\/li>\n<li><a href=\"http:\/\/www.infa.com.br\/operacao_prato01.html\">http:\/\/www.infa.com.br\/operacao_prato01.html<\/a><\/li>\n<li><a href=\"http:\/\/www.mufon.com\/bob_pratt\/colares.html\">http:\/\/www.mufon.com\/bob_pratt\/colares.html<\/a><\/li>\n<li><a href=\"http:\/\/www.mufon.com\/bob_pratt\/oprato.html\">http:\/\/www.mufon.com\/bob_pratt\/oprato.html<\/a><\/li>\n<li><a href=\"http:\/\/www.mufon.com\/bob_pratt\/brazil.html\">http:\/\/www.mufon.com\/bob_pratt\/brazil.html<\/a><\/li>\n<li><a href=\"http:\/\/www.mufon.com\/bob_pratt\/hollanda.html\">http:\/\/www.mufon.com\/bob_pratt\/hollanda.html<\/a><\/li>\n<li><a href=\"http:\/\/www.mufon.com\/bob_pratt\/crabisland.html\">http:\/\/www.mufon.com\/bob_pratt\/crabisland.html<\/a><\/li>\n<li><a href=\"http:\/\/www.mundoparapsicologico.com\/196-A_Los-informes-militares-de-la-Operacion-Prato-ya-pueden-descargarse-aqui\">http:\/\/www.mundoparapsicologico.com\/196-A_Los-informes-militares-de-la-Operacion-Prato-ya-pueden-descargarse-aqui<\/a><\/li>\n<li><a href=\"http:\/\/www.ufologie.net\/htm\/colares.htm\">http:\/\/www.ufologie.net\/htm\/colares.htm<\/a><\/li>\n<li><a href=\"http:\/\/www.mundoparapsicologico.com\/Ufologia\/Listado-Articulos\">http:\/\/www.mundoparapsicologico.com\/Ufologia\/Listado-Articulos<\/a><\/li>\n<li><a href=\"http:\/\/mundo-enigmatico.blogspot.com\/2009\/05\/operacao-prato-pocos-casos-de.html\">http:\/\/mundo-enigmatico.blogspot.com\/2009\/05\/operacao-prato-pocos-casos-de.html<\/a><\/li>\n<li><a href=\"http:\/\/donmaor.blogspot.com\/\">http:\/\/donmaor.blogspot.com\/<\/a><\/li>\n<li><a href=\"http:\/\/www.abovetopsecret.com\/forum\/thread454886\/pg1\">http:\/\/www.abovetopsecret.com\/forum\/thread454886\/pg1<\/a><\/li>\n<\/ol>\n","protected":false},"excerpt":{"rendered":"<p>Chupa-chupa \u00e9 o apelido dado ao conjunto de ocorr\u00eancias que tiveram lugar em parte de Estados do Norte e Nordeste Brasileiro a partir de 1977. Caracterizava-se por um objeto voador luminoso, em alguns casos tripulados ou com manifesta\u00e7\u00e3o claramente inteligente, que focava um feixe de luz em moradores das regi\u00f5es afetadas. Estes se mostravam debilitados [&hellip;]<\/p>\n","protected":false},"author":4,"featured_media":3236,"comment_status":"open","ping_status":"open","sticky":false,"template":"","format":"standard","meta":{"inline_featured_image":false},"categories":[124,1],"tags":[],"_links":{"self":[{"href":"https:\/\/www.fenomenum.com.br\/novo\/wp-json\/wp\/v2\/posts\/3228"}],"collection":[{"href":"https:\/\/www.fenomenum.com.br\/novo\/wp-json\/wp\/v2\/posts"}],"about":[{"href":"https:\/\/www.fenomenum.com.br\/novo\/wp-json\/wp\/v2\/types\/post"}],"author":[{"embeddable":true,"href":"https:\/\/www.fenomenum.com.br\/novo\/wp-json\/wp\/v2\/users\/4"}],"replies":[{"embeddable":true,"href":"https:\/\/www.fenomenum.com.br\/novo\/wp-json\/wp\/v2\/comments?post=3228"}],"version-history":[{"count":1,"href":"https:\/\/www.fenomenum.com.br\/novo\/wp-json\/wp\/v2\/posts\/3228\/revisions"}],"predecessor-version":[{"id":7064,"href":"https:\/\/www.fenomenum.com.br\/novo\/wp-json\/wp\/v2\/posts\/3228\/revisions\/7064"}],"wp:featuredmedia":[{"embeddable":true,"href":"https:\/\/www.fenomenum.com.br\/novo\/wp-json\/wp\/v2\/media\/3236"}],"wp:attachment":[{"href":"https:\/\/www.fenomenum.com.br\/novo\/wp-json\/wp\/v2\/media?parent=3228"}],"wp:term":[{"taxonomy":"category","embeddable":true,"href":"https:\/\/www.fenomenum.com.br\/novo\/wp-json\/wp\/v2\/categories?post=3228"},{"taxonomy":"post_tag","embeddable":true,"href":"https:\/\/www.fenomenum.com.br\/novo\/wp-json\/wp\/v2\/tags?post=3228"}],"curies":[{"name":"wp","href":"https:\/\/api.w.org\/{rel}","templated":true}]}}