{"id":3289,"date":"2022-03-14T22:35:52","date_gmt":"2022-03-15T01:35:52","guid":{"rendered":"https:\/\/www.fenomenum.com.br\/?p=3289"},"modified":"2025-04-22T13:21:00","modified_gmt":"2025-04-22T16:21:00","slug":"chupa-chupa5","status":"publish","type":"post","link":"https:\/\/www.fenomenum.com.br\/novo\/chupa-chupa5\/","title":{"rendered":"A Opera\u00e7\u00e3o Prato"},"content":{"rendered":"<p style=\"padding-left: 40px;\"><strong>Chupa-chupa \u00e9 o apelido dado ao conjunto de ocorr\u00eancias que tiveram lugar em parte de Estados do Norte e Nordeste Brasileiro a partir de 1977. Caracterizava-se por um objeto voador luminoso, em alguns casos tripulados ou com manifesta\u00e7\u00e3o claramente inteligente, que focava um feixe de luz em moradores das regi\u00f5es afetadas. Estes se mostravam debilitados e assustados. Tal conjunto de ocorr\u00eancias gerou p\u00e2nico nas localidades afetadas obrigando \u00e0 For\u00e7a A\u00e9rea Brasileira a iniciar uma opera\u00e7\u00e3o de estudo e acompanhamento do misterioso fen\u00f4meno.<\/strong><\/p>\n<hr \/>\n<table style=\"width: 100%; border-collapse: collapse; background-color: #fafafa;\">\n<tbody>\n<tr>\n<td style=\"width: 50%;\"><img loading=\"lazy\" class=\"alignnone wp-image-5349 size-full\" src=\"https:\/\/www.fenomenum.com.br\/novo\/wp-content\/uploads\/2022\/03\/esquerda.png\" alt=\"\" width=\"75\" height=\"75\" \/><\/td>\n<td style=\"width: 50%; text-align: right;\"><a href=\"https:\/\/www.fenomenum.com.br\/chupa-chupa2\/\"><img loading=\"lazy\" class=\"alignnone size-full wp-image-5348 alignright\" src=\"https:\/\/www.fenomenum.com.br\/novo\/wp-content\/uploads\/2022\/03\/direita.png\" alt=\"\" width=\"75\" height=\"75\" \/><\/a><\/td>\n<\/tr>\n<tr>\n<td style=\"width: 50%;\"><a href=\"https:\/\/www.fenomenum.com.br\/chupa-chupa4\/\">Artigo anterior sobre o Chupa-Chupa e Opera\u00e7\u00e3o Prato<\/a><\/td>\n<td style=\"width: 50%; text-align: right;\"><a href=\"https:\/\/www.fenomenum.com.br\/chupa-chupa6\/\">Pr\u00f3ximo artigo sobre o chupa-Chupa e Opera\u00e7\u00e3o Prato<\/a><\/td>\n<\/tr>\n<\/tbody>\n<\/table>\n<hr \/>\n<p>Durante a 1\u00ba Fase do Fen\u00f4meno, a Gurupi, n\u00e3o houve um maior interesse ou preocupa\u00e7\u00e3o por parte das autoridades nacionais em rela\u00e7\u00e3o aos casos de Chupa-chupa. Em um documento oficial da For\u00e7a A\u00e9rea Brasileira, recentemente liberado temos logo no in\u00edcio uma explica\u00e7\u00e3o sobre a demora em tomar providencias a respeito destes fatos:<\/p>\n<p>&#8220;No litoral paraense vive uma popula\u00e7\u00e3o subnutrida, de reduzido grau de instru\u00e7\u00e3o, e sobretudo m\u00edstica. As est\u00f3rias que se contam, de fatos que se passam no meio dessa gente, seriam dignas de figurar em qualquer folclore. Em raz\u00e3o disso, n\u00e3o foi dada maior aten\u00e7\u00e3o ao fato&#8221;.<\/p>\n<p>Foi somente com a Segunda Fase, com ocorr\u00eancias mais intensas, maior p\u00e2nico da popula\u00e7\u00e3o local, entre outros problemas, \u00e9 que a For\u00e7a A\u00e9rea Brasileira resolveu agir de fato. O of\u00edcio enviado pelo prefeito de Vigia de Nazar\u00e9, ao 1\u00ba Comando A\u00e9reo Regional (I COMAR), e solicita\u00e7\u00f5es semelhantes de outras cidades foram o estopim para o surgimento de uma opera\u00e7\u00e3o especial que tinha como miss\u00e3o descobrir a natureza destes casos, acalmar e instruir a popula\u00e7\u00e3o local em rela\u00e7\u00e3o aos fatos. Ela foi criada pelo Brigadeiro Prot\u00e1zio Lopes de Oliveira, na \u00e9poca comandante do destacamento, no come\u00e7o do m\u00eas de setembro de 1977. Para compor a opera\u00e7\u00e3o foram destacados oficiais do Servi\u00e7o de Intelig\u00eancia (a chamada Segunda Se\u00e7\u00e3o).<\/p>\n<p>A primeira tarefa dos militares seria avaliar a situa\u00e7\u00e3o para elaborar um relat\u00f3rio completo sobre o que estava ocorrendo. Deveriam manter sigilo sobre a Opera\u00e7\u00e3o e aprofundar ao m\u00e1ximo as investiga\u00e7\u00f5es.<\/p>\n<p>Poucos dias depois a equipe chegou a Colares e apresentou-se ao Prefeito local, ao padre Alfredo de L\u00e1 O, e \u00e0 Diretora da Unidade de Sa\u00fade, Dra Wellaide.<\/p>\n<p>Sem saber o que encontrar durante a investiga\u00e7\u00e3o, os militares montaram uma base de opera\u00e7\u00f5es na Praia do Humait\u00e1, na esperan\u00e7a de registrar o aparecimento do fen\u00f4meno. A equipe montou baterias antia\u00e9reas em pontos estrat\u00e9gicos e ficou \u00e0 espera. Durante o dia aproveitava o tempo para entrevistar v\u00edtimas e testemunhas e visitar locais onde os casos.<\/p>\n<p>Logo no in\u00edcio eles se dividiram em duas equipes que se posicionaram em locais com mais casos registrados. J\u00e1 nas primeiras noites de vig\u00edlia, uma equipe conseguiu fotografar um objeto luminoso que evolu\u00eda sobre a regi\u00e3o. Eles puderam calcular a altitude em torno de 3 mil metros e a velocidade em torno de 30 mil Km\/h. Este objeto era bem diferente de sat\u00e9lites e meteoritos que tamb\u00e9m foram observados na ocasi\u00e3o. A outra equipe, situada em outro local tamb\u00e9m avistou o objeto. Tudo o que acontecia era anotado em relat\u00f3rios rigorosos, indicando data, hor\u00e1rio, local, nomes de testemunhas e descri\u00e7\u00e3o dos fatos. Quando haviam registros fotogr\u00e1ficos era geralmente anotado nome do autor da fotografia e descri\u00e7\u00e3o do equipamento utilizado, bem como as condi\u00e7\u00f5es no momento do registro. Estas experi\u00eancias iniciais foram consideradas inconclusivas pelos militares. Os dados obtidos n\u00e3o foram significativos e a foto, depois de revelada, n\u00e3o permitiu confirmar os relatos dos moradores locais. Eles logo retornaram \u00e0 Bel\u00e9m, para a sede do I COMAR, e evitaram comentar suas experi\u00eancias por l\u00e1, com medo de cair no rid\u00edculo perante seus colegas. Tudo isso foi registrado em seus relat\u00f3rios iniciais, que contavam tamb\u00e9m com depoimentos da Dra. Wellaide Cescin de Carvalho e do padre de Colares, Alfredo de La \u00d3.<\/p>\n<p>Os militares tiveram muito trabalho durante sua perman\u00eancia na regi\u00e3o. Seja entrevistando vitimas e testemunhas, seja com atividades de orienta\u00e7\u00e3o \u00e0 popula\u00e7\u00e3o local atrav\u00e9s de palestras informativas ou atrav\u00e9s de vig\u00edlias ou deslocamentos \u00e0 \u00e1reas onde os casos ocorreram. Atrav\u00e9s dos relat\u00f3rios oficiais podemos ter uma clara no\u00e7\u00e3o da intensa atividade em que os militares da Opera\u00e7\u00e3o Prato estiveram envolvidos. No per\u00edodo entre 20 e 31 de outubro de 1977, per\u00edodo inicial da Opera\u00e7\u00e3o, ainda sem a chefia do ent\u00e3o Capit\u00e3o Hollanda, os caso de avistamento eram raros. A maioria das atividades concentraram-se em documentar o fen\u00f4meno e seus efeitos sobre a popula\u00e7\u00e3o.<\/p>\n<p>Em 20 de outubro, a Equipe de militares, saiu de Bel\u00e9m, por volta das 14:00 horas e dirigiu-se para Santo Antonio do Tau\u00e1, onde coletaram depoimentos de v\u00edtimas do fen\u00f4meno. Dali seguiram para as proximidades do quil\u00f4metro 12 da Rodovia Bel\u00e9m &#8211; Vigia, onde coletaram novos depoimentos, seguindo ainda no mesmo dia para a vila de Esp\u00edrito Santo do Tau\u00e1 onde tr\u00eas militares estavam em vig\u00edlia no local. Por volta das 22:30 o grupo retornou \u00e0 Santo Ant\u00f4nio do Tau\u00e1 onde manteve vig\u00edlia por mais algum tempo.<\/p>\n<p>O dia 21 de outubro transcorreu sem normalidades. Na parte da manh\u00e3, a equipe voltou \u00e0 Rodovia Bel\u00e9m-Vigia para entrevistar testemunhas do fen\u00f4meno que moravam na regi\u00e3o. Ap\u00f3s isso retornaram para Bel\u00e9m, reportando ao Chefe do A2, que ordenou que seguissem na mesma noite para Santo Antonio do Ubintuba onde realizaram vig\u00edlia por algumas horas.<\/p>\n<p>No dia seguinte, 22 de outubro, pela manh\u00e3, seguiram para a localidade de Trombetas onde coletaram depoimentos de vitimas e testemunhas do fen\u00f4meno. Ap\u00f3s isso seguiram para Vila Nova do Ubintuba onde entrevistaram moradores que tamb\u00e9m haviam sido vitimas do Chupa-chupa. Neste mesmo dia, por volta das 19 horas a equipe testemunhou a evolu\u00e7\u00e3o de v\u00e1rias luzes com diferentes trajet\u00f3rias sobrevoando a dire\u00e7\u00e3o. Estes avistamentos n\u00e3o foram muito significativos e n\u00e3o foram fotografados pela equipe. Por volta das 20 horas ocorreu novo avistamento, desta vez de um objeto luminoso, voando num altitude mais baixa, em aproximadamente 1200 metros a uma velocidade vari\u00e1vel. O resto da noite foi sem qualquer anormalidade e a equipe retornou \u00e0 Bel\u00e9m no dia seguinte pela manh\u00e3, reportando ao Chefe da 2\u00aa Se\u00e7\u00e3o EM-1.<\/p>\n<p>No dia seguinte, 24 de outubro, a equipe retornou \u00e0 Santo Ant\u00f4nio do Tau\u00e1 e entrevistou moradores da Col\u00f4nia S\u00e3o Br\u00e1s. \u00c0 noite, os militares seguiram para Colares, chegando por volta de 20:15 horas. Depois de contatar autoridades do munic\u00edpio eles coletaram depoimentos de v\u00e1rias pessoas que foram v\u00edtimas do fen\u00f4meno. Ap\u00f3s conversar com os moradores, eles realizaram uma vig\u00edlia, observando, pouco depois das 4 horas da manh\u00e3 de 25 de outubro, tr\u00eas luzes deslocando-se em pontos diferentes do firmamento. Ao longo daquele dia n\u00e3o houve nada significativo.<\/p>\n<p>No dia seguinte, 26 de outubro, os militares transportaram m\u00e9dicos at\u00e9 a cidade de Santo Ant\u00f4nio do Ubintuba, afim de tratar v\u00edtimas do fen\u00f4meno. Ap\u00f3s retornar \u00e0 Colares a equipe colocou-se de vig\u00edlia. Moradores de \u00e1reas afastadas come\u00e7aram a relatar a presen\u00e7a de luzes sobrevoando as \u00e1rvores e pouco depois, por volta das 22:15 hs uma senhora, Neuza Pereira Arag\u00e3o, foi atendida pela equipe m\u00e9dica. As luzes continuaram sendo observadas at\u00e9 por volta da meia noite, quando outra senhora, Maria Beatriz Leal Ferreira, foi atendida pelos m\u00e9dicos. Por volta das 4 horas da manh\u00e3 ocorreu novo avistamento nas proximidades de Colares e ap\u00f3s isso nada mais foi observado na regi\u00e3o.<\/p>\n<p>Ap\u00f3s uma pausa nas atividades, a equipe voltou \u00e0 Colares no dia 29 de outubro. A noite foram observados alguns sat\u00e9lites, e um OVNI luminoso foi observado por alguns moradores na regi\u00e3o de Colares. No dia seguinte, novamente alguns moradores observaram um objeto luminoso em uma praia pr\u00f3xima.<\/p>\n<p>Durante as atividades dos militares em Colares formou-se um vinculo com a popula\u00e7\u00e3o local. A presen\u00e7a dos militares trouxe um alento aos moradores das \u00e1reas afetadas. Em v\u00e1rias ocasi\u00f5es os militares apresentaram palestras sobre temas relacionados \u00e0 explora\u00e7\u00e3o espacial. Paralelamente \u00e0 isso, os militares instru\u00edam os moradores a n\u00e3o atirar contra tais objetos pois eles n\u00e3o estariam ali para fazer mal. Uma destas apresenta\u00e7\u00f5es ocorreu na noite de 30 de outubro. Aquela noite foi relativamente calma, n\u00e3o havendo registros de ataques na localidade. No come\u00e7o da noite do dia 31 ocorreram novos avistamentos na orla mar\u00edtima. Mais tarde, pescadores relataram aos militares, terem observado um estranho objeto no mar.<\/p>\n<p>Nessa fase inicial da Opera\u00e7\u00e3o, os casos de avistamento por parte dos militares eram em geral envolvendo luzes \u00e0 dist\u00e2ncia que n\u00e3o podiam ser explicadas a partir de fen\u00f4menos naturais, aeronaves convencionais, sat\u00e9lites ou corpos celestes. Geralmente quando ocorriam estes eventos, no relat\u00f3rio era citada sua prov\u00e1vel origem. Quando o fen\u00f4meno observado era de fato n\u00e3o identificado, era descrito minuciosamente no relat\u00f3rio que era acompanhado de um croqui feito sobre mapa da regi\u00e3o, indicando trajet\u00f3ria e outros detalhes importantes. Alguns destes croquis j\u00e1 est\u00e3o dispon\u00edveis publicamente nos documentos j\u00e1 disponibilizados ao p\u00fablico.<\/p>\n<p>A partir de Novembro, os casos testemunhados pelos militares aumentaram em quantidade e na qualidade da experi\u00eancia. Nesta fase, j\u00e1 sob chefia do ent\u00e3o Capit\u00e3o Uyrang\u00ea Hollanda, ocorreram os mais impressionantes casos envolvendo os militares da Opera\u00e7\u00e3o Prato.<\/p>\n<p>O primeiro avistamento significativo do capit\u00e3o Hollanda ocorreu em princ\u00edpios de novembro de 1977. A equipe estava investigando ocorr\u00eancias na Ba\u00eda do Sol, onde montaram um acampamento tempor\u00e1rio. At\u00e9 esse momento, Hollanda era c\u00e9tico em rela\u00e7\u00e3o aos fatos envolvendo o chupa-chupa. \u00c0 noite uma luz intensa surgiu, vindo do norte, posicionou-se sobre o acampamento, circundou-o e desapareceu no horizonte. A partir deste evento, Hollanda reconheceu que algo muito s\u00e9rio estava ocorrendo na regi\u00e3o. Todavia, este n\u00e3o foi o avistamento mais impressionante.<\/p>\n<p>Pouco tempo depois dos eventos na Ba\u00eda do Sol, um rapaz armou uma armadilha para ca\u00e7ar uma paca \u00e0s margens do Rio Jari. Ele armou um acampamento encima de uma arvore e ficou \u00e0 espera. Durante a noite, surgiu um objeto intensamente iluminado que posicionou-se acima do acampamento. Do objeto abriu-se uma escotilha e por ela saiu um estranho ser que, atrav\u00e9s de um facho de luz, desceu flutuando, de bra\u00e7os aberto. Assustado o rapaz deixou a rede onde estava deitado e se escondeu no mato. O estranho ser dirigiu-se at\u00e9 a rede onde o ca\u00e7ador estivera, e com um feixe de luz que sa\u00eda da palma de sua m\u00e3o iluminou o local, examinando a rede. Repentinamente o estranho ser dirigiu-se diretamente para onde o rapaz estava escondido. Assustado o rapaz fugiu correndo para o barco ancorado no rio, onde haviam dois colegas. Eles se esconderam e observaram o objeto se aproximar do barco, posicionando-se sobre ele. Do objeto saiu o mesmo ser que come\u00e7ou a examinar o que havia a bordo. Os tr\u00eas amigos assustados, permaneceram escondidos em meio \u00e0 plantas aqu\u00e1ticas at\u00e9 que o objeto foi embora. No dia seguinte, o caso chegou ao conhecimento do Capit\u00e3o Hollanda que foi com uma equipe at\u00e9 o local.<\/p>\n<p>Durante a vig\u00edlia naquela noite eles observaram um grande objeto, com forma semelhante \u00e0 de uma bola de futebol americano, que bailou a frente do grupo por algum tempo. Todo o epis\u00f3dio foi fotografado e documentado pelos militares, sendo que tal material at\u00e9 o momento n\u00e3o foi liberado.<\/p>\n<p><a name=\"encerramento\"><\/a><\/p>\n<h3>Encerramento<\/h3>\n<p>A Opera\u00e7\u00e3o, embora estivesse atingindo os objetivos e at\u00e9 mesmo interagindo com o Fen\u00f4meno Chupa-chupa, foi abruptamente encerrada depois de quatro meses de atividades. O material resultante da Opera\u00e7\u00e3o foi inicialmente guardada no 1\u00ba COMAR e depois transferida para Bras\u00edlia onde possivelmente est\u00e1 at\u00e9 hoje.<\/p>\n<div id=\"attachment_3297\" style=\"width: 364px\" class=\"wp-caption aligncenter\"><img aria-describedby=\"caption-attachment-3297\" loading=\"lazy\" class=\"wp-image-3297 size-full\" src=\"https:\/\/www.fenomenum.com.br\/novo\/wp-content\/uploads\/2022\/03\/humaita1.png\" alt=\"\" width=\"354\" height=\"265\" srcset=\"https:\/\/www.fenomenum.com.br\/novo\/wp-content\/uploads\/2022\/03\/humaita1.png 354w, https:\/\/www.fenomenum.com.br\/novo\/wp-content\/uploads\/2022\/03\/humaita1-250x187.png 250w, https:\/\/www.fenomenum.com.br\/novo\/wp-content\/uploads\/2022\/03\/humaita1-150x112.png 150w, https:\/\/www.fenomenum.com.br\/novo\/wp-content\/uploads\/2022\/03\/humaita1-50x37.png 50w, https:\/\/www.fenomenum.com.br\/novo\/wp-content\/uploads\/2022\/03\/humaita1-100x75.png 100w, https:\/\/www.fenomenum.com.br\/novo\/wp-content\/uploads\/2022\/03\/humaita1-200x150.png 200w, https:\/\/www.fenomenum.com.br\/novo\/wp-content\/uploads\/2022\/03\/humaita1-300x225.png 300w, https:\/\/www.fenomenum.com.br\/novo\/wp-content\/uploads\/2022\/03\/humaita1-350x262.png 350w\" sizes=\"(max-width: 354px) 100vw, 354px\" \/><p id=\"caption-attachment-3297\" class=\"wp-caption-text\">Praia do Humait\u00e1, local as primeiras vig\u00edlias dos militares na Opera\u00e7\u00e3o Prato.<\/p><\/div>\n<p>&nbsp;<\/p>\n<div id=\"attachment_3298\" style=\"width: 363px\" class=\"wp-caption aligncenter\"><img aria-describedby=\"caption-attachment-3298\" loading=\"lazy\" class=\"wp-image-3298 size-full\" src=\"https:\/\/www.fenomenum.com.br\/novo\/wp-content\/uploads\/2022\/03\/humaita2.png\" alt=\"\" width=\"353\" height=\"265\" srcset=\"https:\/\/www.fenomenum.com.br\/novo\/wp-content\/uploads\/2022\/03\/humaita2.png 353w, https:\/\/www.fenomenum.com.br\/novo\/wp-content\/uploads\/2022\/03\/humaita2-250x188.png 250w, https:\/\/www.fenomenum.com.br\/novo\/wp-content\/uploads\/2022\/03\/humaita2-150x113.png 150w, https:\/\/www.fenomenum.com.br\/novo\/wp-content\/uploads\/2022\/03\/humaita2-50x38.png 50w, https:\/\/www.fenomenum.com.br\/novo\/wp-content\/uploads\/2022\/03\/humaita2-100x75.png 100w, https:\/\/www.fenomenum.com.br\/novo\/wp-content\/uploads\/2022\/03\/humaita2-200x150.png 200w, https:\/\/www.fenomenum.com.br\/novo\/wp-content\/uploads\/2022\/03\/humaita2-300x225.png 300w, https:\/\/www.fenomenum.com.br\/novo\/wp-content\/uploads\/2022\/03\/humaita2-350x263.png 350w\" sizes=\"(max-width: 353px) 100vw, 353px\" \/><p id=\"caption-attachment-3298\" class=\"wp-caption-text\">Praia do Humait\u00e1, local as primeiras vig\u00edlias dos militares na Opera\u00e7\u00e3o Prato.<\/p><\/div>\n<p>&nbsp;<\/p>\n<p>&nbsp;<\/p>\n<div id=\"attachment_3291\" style=\"width: 858px\" class=\"wp-caption aligncenter\"><img aria-describedby=\"caption-attachment-3291\" loading=\"lazy\" class=\"wp-image-3291 size-full\" src=\"https:\/\/www.fenomenum.com.br\/novo\/wp-content\/uploads\/2022\/03\/colares1.png\" alt=\"\" width=\"848\" height=\"310\" srcset=\"https:\/\/www.fenomenum.com.br\/novo\/wp-content\/uploads\/2022\/03\/colares1.png 848w, https:\/\/www.fenomenum.com.br\/novo\/wp-content\/uploads\/2022\/03\/colares1-400x146.png 400w, https:\/\/www.fenomenum.com.br\/novo\/wp-content\/uploads\/2022\/03\/colares1-650x238.png 650w, https:\/\/www.fenomenum.com.br\/novo\/wp-content\/uploads\/2022\/03\/colares1-250x91.png 250w, https:\/\/www.fenomenum.com.br\/novo\/wp-content\/uploads\/2022\/03\/colares1-768x281.png 768w, https:\/\/www.fenomenum.com.br\/novo\/wp-content\/uploads\/2022\/03\/colares1-150x55.png 150w, https:\/\/www.fenomenum.com.br\/novo\/wp-content\/uploads\/2022\/03\/colares1-50x18.png 50w, https:\/\/www.fenomenum.com.br\/novo\/wp-content\/uploads\/2022\/03\/colares1-100x37.png 100w, https:\/\/www.fenomenum.com.br\/novo\/wp-content\/uploads\/2022\/03\/colares1-200x73.png 200w, https:\/\/www.fenomenum.com.br\/novo\/wp-content\/uploads\/2022\/03\/colares1-300x110.png 300w, https:\/\/www.fenomenum.com.br\/novo\/wp-content\/uploads\/2022\/03\/colares1-350x128.png 350w, https:\/\/www.fenomenum.com.br\/novo\/wp-content\/uploads\/2022\/03\/colares1-450x165.png 450w, https:\/\/www.fenomenum.com.br\/novo\/wp-content\/uploads\/2022\/03\/colares1-500x183.png 500w, https:\/\/www.fenomenum.com.br\/novo\/wp-content\/uploads\/2022\/03\/colares1-550x201.png 550w, https:\/\/www.fenomenum.com.br\/novo\/wp-content\/uploads\/2022\/03\/colares1-800x292.png 800w\" sizes=\"(max-width: 848px) 100vw, 848px\" \/><p id=\"caption-attachment-3291\" class=\"wp-caption-text\">Praia do Machadinho, em Colares.<\/p><\/div>\n<p>&nbsp;<\/p>\n<div id=\"attachment_3292\" style=\"width: 312px\" class=\"wp-caption aligncenter\"><img aria-describedby=\"caption-attachment-3292\" loading=\"lazy\" class=\"wp-image-3292 size-full\" src=\"https:\/\/www.fenomenum.com.br\/novo\/wp-content\/uploads\/2022\/03\/colares2.png\" alt=\"\" width=\"302\" height=\"227\" srcset=\"https:\/\/www.fenomenum.com.br\/novo\/wp-content\/uploads\/2022\/03\/colares2.png 302w, https:\/\/www.fenomenum.com.br\/novo\/wp-content\/uploads\/2022\/03\/colares2-250x188.png 250w, https:\/\/www.fenomenum.com.br\/novo\/wp-content\/uploads\/2022\/03\/colares2-150x113.png 150w, https:\/\/www.fenomenum.com.br\/novo\/wp-content\/uploads\/2022\/03\/colares2-50x38.png 50w, https:\/\/www.fenomenum.com.br\/novo\/wp-content\/uploads\/2022\/03\/colares2-100x75.png 100w, https:\/\/www.fenomenum.com.br\/novo\/wp-content\/uploads\/2022\/03\/colares2-200x150.png 200w, https:\/\/www.fenomenum.com.br\/novo\/wp-content\/uploads\/2022\/03\/colares2-300x225.png 300w\" sizes=\"(max-width: 302px) 100vw, 302px\" \/><p id=\"caption-attachment-3292\" class=\"wp-caption-text\">Praia do Machadinho, em Colares.<\/p><\/div>\n<p>&nbsp;<\/p>\n<div id=\"attachment_3293\" style=\"width: 312px\" class=\"wp-caption aligncenter\"><img aria-describedby=\"caption-attachment-3293\" loading=\"lazy\" class=\"wp-image-3293 size-full\" src=\"https:\/\/www.fenomenum.com.br\/novo\/wp-content\/uploads\/2022\/03\/colares3.png\" alt=\"\" width=\"302\" height=\"227\" srcset=\"https:\/\/www.fenomenum.com.br\/novo\/wp-content\/uploads\/2022\/03\/colares3.png 302w, https:\/\/www.fenomenum.com.br\/novo\/wp-content\/uploads\/2022\/03\/colares3-250x188.png 250w, https:\/\/www.fenomenum.com.br\/novo\/wp-content\/uploads\/2022\/03\/colares3-150x113.png 150w, https:\/\/www.fenomenum.com.br\/novo\/wp-content\/uploads\/2022\/03\/colares3-50x38.png 50w, https:\/\/www.fenomenum.com.br\/novo\/wp-content\/uploads\/2022\/03\/colares3-100x75.png 100w, https:\/\/www.fenomenum.com.br\/novo\/wp-content\/uploads\/2022\/03\/colares3-200x150.png 200w, https:\/\/www.fenomenum.com.br\/novo\/wp-content\/uploads\/2022\/03\/colares3-300x225.png 300w\" sizes=\"(max-width: 302px) 100vw, 302px\" \/><p id=\"caption-attachment-3293\" class=\"wp-caption-text\">Praia do Machadinho, em Colares.<\/p><\/div>\n<p>&nbsp;<\/p>\n<div id=\"attachment_3294\" style=\"width: 312px\" class=\"wp-caption aligncenter\"><img aria-describedby=\"caption-attachment-3294\" loading=\"lazy\" class=\"wp-image-3294 size-full\" src=\"https:\/\/www.fenomenum.com.br\/novo\/wp-content\/uploads\/2022\/03\/colares4.png\" alt=\"\" width=\"302\" height=\"227\" srcset=\"https:\/\/www.fenomenum.com.br\/novo\/wp-content\/uploads\/2022\/03\/colares4.png 302w, https:\/\/www.fenomenum.com.br\/novo\/wp-content\/uploads\/2022\/03\/colares4-250x188.png 250w, https:\/\/www.fenomenum.com.br\/novo\/wp-content\/uploads\/2022\/03\/colares4-150x113.png 150w, https:\/\/www.fenomenum.com.br\/novo\/wp-content\/uploads\/2022\/03\/colares4-50x38.png 50w, https:\/\/www.fenomenum.com.br\/novo\/wp-content\/uploads\/2022\/03\/colares4-100x75.png 100w, https:\/\/www.fenomenum.com.br\/novo\/wp-content\/uploads\/2022\/03\/colares4-200x150.png 200w, https:\/\/www.fenomenum.com.br\/novo\/wp-content\/uploads\/2022\/03\/colares4-300x225.png 300w\" sizes=\"(max-width: 302px) 100vw, 302px\" \/><p id=\"caption-attachment-3294\" class=\"wp-caption-text\">Praia do Machadinho, em Colares.<\/p><\/div>\n<p>&nbsp;<\/p>\n<div id=\"attachment_3299\" style=\"width: 480px\" class=\"wp-caption aligncenter\"><img aria-describedby=\"caption-attachment-3299\" loading=\"lazy\" class=\"wp-image-3299 size-full\" src=\"https:\/\/www.fenomenum.com.br\/novo\/wp-content\/uploads\/2022\/03\/slide16.jpg\" alt=\"\" width=\"470\" height=\"577\" srcset=\"https:\/\/www.fenomenum.com.br\/novo\/wp-content\/uploads\/2022\/03\/slide16.jpg 470w, https:\/\/www.fenomenum.com.br\/novo\/wp-content\/uploads\/2022\/03\/slide16-400x491.jpg 400w, https:\/\/www.fenomenum.com.br\/novo\/wp-content\/uploads\/2022\/03\/slide16-250x307.jpg 250w, https:\/\/www.fenomenum.com.br\/novo\/wp-content\/uploads\/2022\/03\/slide16-150x184.jpg 150w, https:\/\/www.fenomenum.com.br\/novo\/wp-content\/uploads\/2022\/03\/slide16-50x61.jpg 50w, https:\/\/www.fenomenum.com.br\/novo\/wp-content\/uploads\/2022\/03\/slide16-100x123.jpg 100w, https:\/\/www.fenomenum.com.br\/novo\/wp-content\/uploads\/2022\/03\/slide16-200x246.jpg 200w, https:\/\/www.fenomenum.com.br\/novo\/wp-content\/uploads\/2022\/03\/slide16-300x368.jpg 300w, https:\/\/www.fenomenum.com.br\/novo\/wp-content\/uploads\/2022\/03\/slide16-350x430.jpg 350w, https:\/\/www.fenomenum.com.br\/novo\/wp-content\/uploads\/2022\/03\/slide16-450x552.jpg 450w\" sizes=\"(max-width: 470px) 100vw, 470px\" \/><p id=\"caption-attachment-3299\" class=\"wp-caption-text\">Documento sobre caso de avistamento em Colares, ocorrido em 16 de outubro de 1977, \u00e0s 18:30 hrs.<\/p><\/div>\n<p>&nbsp;<\/p>\n<div id=\"attachment_3300\" style=\"width: 970px\" class=\"wp-caption aligncenter\"><img aria-describedby=\"caption-attachment-3300\" loading=\"lazy\" class=\"wp-image-3300 size-full\" src=\"https:\/\/www.fenomenum.com.br\/novo\/wp-content\/uploads\/2022\/03\/slide17.jpg\" alt=\"\" width=\"960\" height=\"720\" srcset=\"https:\/\/www.fenomenum.com.br\/novo\/wp-content\/uploads\/2022\/03\/slide17.jpg 960w, https:\/\/www.fenomenum.com.br\/novo\/wp-content\/uploads\/2022\/03\/slide17-400x300.jpg 400w, https:\/\/www.fenomenum.com.br\/novo\/wp-content\/uploads\/2022\/03\/slide17-650x488.jpg 650w, https:\/\/www.fenomenum.com.br\/novo\/wp-content\/uploads\/2022\/03\/slide17-250x188.jpg 250w, https:\/\/www.fenomenum.com.br\/novo\/wp-content\/uploads\/2022\/03\/slide17-768x576.jpg 768w, https:\/\/www.fenomenum.com.br\/novo\/wp-content\/uploads\/2022\/03\/slide17-150x113.jpg 150w, https:\/\/www.fenomenum.com.br\/novo\/wp-content\/uploads\/2022\/03\/slide17-50x38.jpg 50w, https:\/\/www.fenomenum.com.br\/novo\/wp-content\/uploads\/2022\/03\/slide17-100x75.jpg 100w, https:\/\/www.fenomenum.com.br\/novo\/wp-content\/uploads\/2022\/03\/slide17-200x150.jpg 200w, https:\/\/www.fenomenum.com.br\/novo\/wp-content\/uploads\/2022\/03\/slide17-300x225.jpg 300w, https:\/\/www.fenomenum.com.br\/novo\/wp-content\/uploads\/2022\/03\/slide17-350x263.jpg 350w, https:\/\/www.fenomenum.com.br\/novo\/wp-content\/uploads\/2022\/03\/slide17-450x338.jpg 450w, https:\/\/www.fenomenum.com.br\/novo\/wp-content\/uploads\/2022\/03\/slide17-500x375.jpg 500w, https:\/\/www.fenomenum.com.br\/novo\/wp-content\/uploads\/2022\/03\/slide17-550x413.jpg 550w, https:\/\/www.fenomenum.com.br\/novo\/wp-content\/uploads\/2022\/03\/slide17-800x600.jpg 800w\" sizes=\"(max-width: 960px) 100vw, 960px\" \/><p id=\"caption-attachment-3300\" class=\"wp-caption-text\">Com base nas informa\u00e7\u00f5es do documento anterior foi poss\u00edvel, atrav\u00e9s de fotografias a\u00e9reas recentes (google maps) reproduzira trajet\u00f3ria do objeto e a posi\u00e7\u00e3o dos observadores na ocasi\u00e3o. Em vermelho, destaca-se os locais de acampamento dos militares da Opera\u00e7\u00e3o Prato que testemunharam a apari\u00e7\u00e3o. Em laranja, indica-se outros observadores.<\/p><\/div>\n<p>&nbsp;<\/p>\n<div id=\"attachment_3296\" style=\"width: 410px\" class=\"wp-caption aligncenter\"><img aria-describedby=\"caption-attachment-3296\" loading=\"lazy\" class=\"wp-image-3296 size-full\" src=\"https:\/\/www.fenomenum.com.br\/novo\/wp-content\/uploads\/2022\/03\/Foto-07-Ribamar-1.jpg\" alt=\"\" width=\"400\" height=\"320\" srcset=\"https:\/\/www.fenomenum.com.br\/novo\/wp-content\/uploads\/2022\/03\/Foto-07-Ribamar-1.jpg 400w, https:\/\/www.fenomenum.com.br\/novo\/wp-content\/uploads\/2022\/03\/Foto-07-Ribamar-1-250x200.jpg 250w, https:\/\/www.fenomenum.com.br\/novo\/wp-content\/uploads\/2022\/03\/Foto-07-Ribamar-1-150x120.jpg 150w, https:\/\/www.fenomenum.com.br\/novo\/wp-content\/uploads\/2022\/03\/Foto-07-Ribamar-1-50x40.jpg 50w, https:\/\/www.fenomenum.com.br\/novo\/wp-content\/uploads\/2022\/03\/Foto-07-Ribamar-1-100x80.jpg 100w, https:\/\/www.fenomenum.com.br\/novo\/wp-content\/uploads\/2022\/03\/Foto-07-Ribamar-1-200x160.jpg 200w, https:\/\/www.fenomenum.com.br\/novo\/wp-content\/uploads\/2022\/03\/Foto-07-Ribamar-1-300x240.jpg 300w, https:\/\/www.fenomenum.com.br\/novo\/wp-content\/uploads\/2022\/03\/Foto-07-Ribamar-1-350x280.jpg 350w\" sizes=\"(max-width: 400px) 100vw, 400px\" \/><p id=\"caption-attachment-3296\" class=\"wp-caption-text\">Uma das fotografias obtidas em Colares (PA) e que est\u00e3o inclu\u00eddas entre os registros da Opera\u00e7\u00e3o Prato.<\/p><\/div>\n<p>&nbsp;<\/p>\n<div id=\"attachment_3295\" style=\"width: 625px\" class=\"wp-caption aligncenter\"><img aria-describedby=\"caption-attachment-3295\" loading=\"lazy\" class=\"wp-image-3295 size-full\" src=\"https:\/\/www.fenomenum.com.br\/novo\/wp-content\/uploads\/2022\/03\/foto-6.jpg\" alt=\"\" width=\"615\" height=\"512\" srcset=\"https:\/\/www.fenomenum.com.br\/novo\/wp-content\/uploads\/2022\/03\/foto-6.jpg 615w, https:\/\/www.fenomenum.com.br\/novo\/wp-content\/uploads\/2022\/03\/foto-6-400x333.jpg 400w, https:\/\/www.fenomenum.com.br\/novo\/wp-content\/uploads\/2022\/03\/foto-6-250x208.jpg 250w, https:\/\/www.fenomenum.com.br\/novo\/wp-content\/uploads\/2022\/03\/foto-6-150x125.jpg 150w, https:\/\/www.fenomenum.com.br\/novo\/wp-content\/uploads\/2022\/03\/foto-6-50x42.jpg 50w, https:\/\/www.fenomenum.com.br\/novo\/wp-content\/uploads\/2022\/03\/foto-6-100x83.jpg 100w, https:\/\/www.fenomenum.com.br\/novo\/wp-content\/uploads\/2022\/03\/foto-6-200x167.jpg 200w, https:\/\/www.fenomenum.com.br\/novo\/wp-content\/uploads\/2022\/03\/foto-6-300x250.jpg 300w, https:\/\/www.fenomenum.com.br\/novo\/wp-content\/uploads\/2022\/03\/foto-6-350x291.jpg 350w, https:\/\/www.fenomenum.com.br\/novo\/wp-content\/uploads\/2022\/03\/foto-6-450x375.jpg 450w, https:\/\/www.fenomenum.com.br\/novo\/wp-content\/uploads\/2022\/03\/foto-6-500x416.jpg 500w, https:\/\/www.fenomenum.com.br\/novo\/wp-content\/uploads\/2022\/03\/foto-6-550x458.jpg 550w\" sizes=\"(max-width: 615px) 100vw, 615px\" \/><p id=\"caption-attachment-3295\" class=\"wp-caption-text\">Todos a Opera\u00e7\u00e3o Prato foi minuciosamente registrada em documentos escritos.<\/p><\/div>\n<h2><\/h2>\n<p>Conhe\u00e7a este caso mais detalhadamente acessando nosso menu abaixo:<\/p>\n<hr \/>\n<h3><a title=\"Morte na Ilha do Carangueijo\" href=\"https:\/\/www.fenomenum.com.br\/chupa-chupa1\/\">Morte na Ilha do Caranguejo\u00a0<\/a><\/h3>\n<p><i>O Caso da Ilha do Caranguejo \u00e9 o marco inicial de uma onda de a\u00e7\u00f5es nocivas por parte de OVNIs, no Par\u00e1 e Maranh\u00e3o.<\/i><\/p>\n<hr \/>\n<h3><a title=\"O In\u00edcio do Fen\u00f4meno Chupa-Chupa\" href=\"https:\/\/www.fenomenum.com.br\/chupa-chupa2\/\">O In\u00edcio do Fen\u00f4meno Chupa-Chupa<\/a><\/h3>\n<p><em>O misterioso fen\u00f4meno Chupa-Chupa come\u00e7ou de forma mais intensa em meados de julho de 1977.<\/em><\/p>\n<hr \/>\n<h3><a title=\"A Fase Gurupi, do Chupa-Chupa\" href=\"https:\/\/www.fenomenum.com.br\/chupa-chupa3\/\">A Fase Gurupi, do Fen\u00f4meno Chupa-chupa<\/a><\/h3>\n<p><i>Na Fase Gurupi, os casos concentram-se na regi\u00e3o do Rio Gurupi, divisa entre Maranh\u00e3o e Par\u00e1. S\u00e3o Vicente Ferrer, Pinheiro e S\u00e3o Bento concentraram a maioria dos casos.<\/i><\/p>\n<hr \/>\n<h3><a title=\"O Fen\u00f4meno Chupa-chupa e a fase da Ba\u00eda do Sol\" href=\"https:\/\/www.fenomenum.com.br\/chupa-chupa4\/\">O Fen\u00f4meno Chupa-Chupa e a fase da Ba\u00eda do Sol<\/a><\/h3>\n<p><i>Com a evolu\u00e7\u00e3o do Fen\u00f4meno, as coisas tornaram-se mais calmas no Maranh\u00e3o e o foco das ocorr\u00eancias passou a ser o Norte do Par\u00e1, na chamada Fase da Ba\u00eda do Sol.<\/i><\/p>\n<hr \/>\n<h3><a title=\"A Opera\u00e7\u00e3o Prato\" href=\"https:\/\/www.fenomenum.com.br\/chupa-chupa5\/\">A Opera\u00e7\u00e3o Prato<\/a><\/h3>\n<p><em>Com a intensifica\u00e7\u00e3o dos casos, a For\u00e7a A\u00e9rea Brasileira iniciou uma opera\u00e7\u00e3o para investigar as estranhas ocorr\u00eancias.<\/em><\/p>\n<hr \/>\n<h3><a href=\"https:\/\/www.fenomenum.com.br\/chupa-chupa6\/\">Coronel Uyrang\u00ea Hollanda, comandante da Opera\u00e7\u00e3o Prato<\/a><\/h3>\n<p><em>Saiba mais sobre o Coronel Hollanda, comandante da Opera\u00e7\u00e3o Prato.<\/em><\/p>\n<hr \/>\n<h3><a title=\"Os Documentos Oficiais da Opera\u00e7\u00e3o Prato\" href=\"https:\/\/www.fenomenum.com.br\/chupa-chupa7\/\">Os Documentos Oficiais da Opera\u00e7\u00e3o Prato<\/a><\/h3>\n<p><em>A Opera\u00e7\u00e3o Prato, organizada pela For\u00e7a A\u00e9rea Brasileira para investigar os casos agressivos envolvendo UFOs ao norte do Par\u00e1 e Maranh\u00e3o, gerou farta documenta\u00e7\u00e3o.\u00a0<\/em><\/p>\n<hr \/>\n<h3><a title=\"Fotografias de UFOs Feitas Durante a Opera\u00e7\u00e3o Prato\" href=\"https:\/\/www.fenomenum.com.br\/chupa-chupa8\/\">As Fotografias da Opera\u00e7\u00e3o Prato<\/a><\/h3>\n<p><em>Conjunto de algumas das fotografias e frames de filmagens dos objetos envolvidos nos ataques.<\/em><\/p>\n<hr \/>\n<h3><a href=\"https:\/\/www.fenomenum.com.br\/8\/\">Caracter\u00edsticas e Padr\u00f5es do Chupa-Chupa<\/a><\/h3>\n<p><em>Padr\u00f5es e caracter\u00edsticas not\u00e1veis envolvendo o Chupa-Chupa.<\/em><\/p>\n<hr \/>\n<h3><a href=\"https:\/\/www.fenomenum.com.br\/chupa-chupa10\/\">Depoimentos de Testemunhas do Chupa-Chupa<\/a><\/h3>\n<p><em>Conjunto de testemunhos envolvendo o Chupa-chupa.<\/em><\/p>\n<hr \/>\n<h3><a href=\"https:\/\/www.fenomenum.com.br\/chupa-chupa11\/\"> Reportagens de Jornal<\/a><\/h3>\n<p><em>Colet\u00e2nea de reportagens de jornais de \u00e9poca.<\/em><\/p>\n<hr \/>\n<h3><a href=\"https:\/\/www.fenomenum.com.br\/chupa-chupa12\/\">Entrevista com Daniel Rebisso Giese<\/a><\/h3>\n<p><em>Daniel Rebisso Giese &#8211; Boliviano de nascimento, \u00e9 biom\u00e9dico e funcion\u00e1rio do Governo do Par\u00e1, na \u00e1rea da sa\u00fade, o que lhe propiciou encontrar-se v\u00e1rias vezes, como profissional, com dezenas de testemunhas e v\u00edtimas de ocorr\u00eancias ufol\u00f3gicas, algumas com quadros cl\u00ednicos at\u00e9 graves. \u00c9 autor do livro \u201cVampiros Extraterrestres na Amaz\u00f4nia\u201d edi\u00e7\u00e3o do pr\u00f3prio autor, Bel\u00e9m (PA) 1991. Conferencista e palestrante de in\u00fameros cursos e congressos de Ufologia, Daniel foi colaborador dos jornais O Estado do Paran\u00e1 e Di\u00e1rio do Par\u00e1. Possui artigos publicados nas revistas UFO, Planeta, e Cuarta Dimension (Argentina).<\/em><\/p>\n<hr \/>\n<h3><a href=\"https:\/\/www.fenomenum.com.br\/chupa-chupa13\/\">Entrevista com a Dra. Wellaide Cescim de Carvalho<\/a><\/h3>\n<p><em>Wellaide Cecim Carvalho &#8211; m\u00e9dica sanitarista e diretora do Departamento de Programas Espaciais da Secretaria Municipal de Sa\u00fade de Bel\u00e9m (PA), foi uma das raras profissionais da \u00e1rea de sa\u00fade a ter um contato direto com as v\u00edtimas de radia\u00e7\u00f5es emitidas por UFOs. Wellaide teve uma oportunidade \u00edmpar durante sua perman\u00eancia na Unidade Sanit\u00e1ria de Colares, quando assumia as responsabilidades de sa\u00fade da ilha.<\/em><\/p>\n<hr \/>\n<h3><a href=\"https:\/\/www.fenomenum.com.br\/chupa-chupa14\/\">Entrevista com o Coronel Uyrang\u00ea Hollanda<\/a><\/h3>\n<p><em>Uyrang\u00ea Bol\u00edvar Soares Nogueira de Hollanda Lima &#8211; Este \u00e9 o nome do primeiro oficial de nossas for\u00e7as armadas a vir a p\u00fablico falar sobre as atividades de pesquisas ufol\u00f3gicas desenvolvidas secretamente no Brasil. Com nome de guerra Hollanda, chegando \u00e0 patente de coronel reformado da For\u00e7a A\u00e9rea Brasileira (FAB), foi ele quem comandou a famosa e pol\u00eamica Opera\u00e7\u00e3o Prato, realizada na Amaz\u00f4nia entre setembro e dezembro de 1977. Foi ele quem estruturou, organizou e colheu os espantosos resultados desse que foi o \u00fanico projeto do g\u00eanero de que se t\u00eam not\u00edcias em nosso pa\u00eds.<\/em><\/p>\n<hr \/>\n<h3><a href=\"https:\/\/www.fenomenum.com.br\/entrevista-com-o-jornalista-carlos-mendes\/\">Entrevista com o Jornalista Carlos Mendes<\/a><\/h3>\n<p><em>Carlos Mendes &#8211; Rep\u00f3rter do jornal O Liberal, de Bel\u00e9m, que cobriu o fen\u00f4meno Chupa-chupa.<\/em><\/p>\n<hr \/>\n<p><a href=\"https:\/\/www.fenomenum.com.br\/chupa-chupa16\/\">Entrevista com o piloto Ubiratan Pin\u00f3n Frias<\/a><\/p>\n<p><em>Ubiratan Pinon Frias, piloto comercial e amigo de Hollanda. Participou da Opera\u00e7\u00e3o Prato.<\/em><\/p>\n<hr \/>\n<h3><a href=\"https:\/\/www.fenomenum.com.br\/chupa-chupa17\/\">Os Anos Seguintes<\/a><\/h3>\n<p><em>Embora a grande onda ufol\u00f3gica relacionada ao chupa-chupa tenha ocorrido na segunda metade de 1977 e come\u00e7o de 1978, in\u00fameros casos ocorreram ap\u00f3s este per\u00edodo. Embora a Opera\u00e7\u00e3o Prato tenha sido encerrada prematuramente, os militares continuaram investigando casos na regi\u00e3o durante o ano seguinte. Al\u00e9m disso, in\u00fameros fatos posteriores chamam a aten\u00e7\u00e3o.<\/em><\/p>\n<hr \/>\n<h3><a href=\"https:\/\/www.fenomenum.com.br\/chupa-chupa18\/\">Filmes e Document\u00e1rios sobre o Chupa-Chupa<\/a><\/h3>\n<p><em>Acesse aqui filmes e document\u00e1rios sobre o Chupa-chupa e a Opera\u00e7\u00e3o Prato<\/em><\/p>\n<hr \/>\n<p>&nbsp;<\/p>\n<h2><\/h2>\n<h2><\/h2>\n<h2>Refer\u00eancias:<\/h2>\n<hr \/>\n<ol>\n<li><\/li>\n<li>PRATT, Bob. Perigo Alien\u00edgena no Brasil. Tradu\u00e7\u00e3o de Marcos Malvezzi Leal. Campo Grande: CBPDV, 2003.<\/li>\n<li>PETIT, Marco Antonio. UFOs: Arquivo Confidencial. Campo Grande: CBPDV, 2007<\/li>\n<li>RANGEL, M\u00e1rio. Sequestros Alien\u00edgenas. Campo Grande: CBPDV, 2007<\/li>\n<li>GIESE, Daniel Rebisso. O Fen\u00f4meno &#8220;Chupa-chupa&#8221;, na Amaz\u00f4nia. Revista UFO, Campo Grande, n\u00ba 7, p.13-14, abr\/jun 1989.<\/li>\n<li>ATHAYDE, Reginaldo. Extraterrestres atacam e matam no nordeste. Revista UFO, Campo Grande, n\u00ba 7, p.7-11, abr\/jun 1989.<\/li>\n<li>CPDV. Fotos de OVNIs da For\u00e7a A\u00e9rea Brasileira (FAB). Ufologia Nacional e Internacional, Campo Grande, n\u00ba 3, p. 10-11, julho\/agosto 1985.<\/li>\n<li>GIESE, Daniel Rebisso. Observa\u00e7\u00f5es ufol\u00f3gicas no Litoral Paraense. Ufologia Nacional e Internacional, Campo Grande, n\u00ba 3, p. 11-12, julho\/agosto 1985.<\/li>\n<li>GIESE, Daniel. O Fen\u00f4meno &#8220;Chupa-Chupa&#8221;: OVNIs atemorizam o estado do Par\u00e1. Ufologia Nacional e Internacional, Campo Grande, n\u00ba 5, p. 09-15, nov\/dez 1985.<\/li>\n<li>GIESE, Daniel. Novidades no Fen\u00f4meno &#8220;Chupa-Chupa&#8221;. Ufologia Nacional e Internacional, Campo Grande, n\u00ba 7, p. 14-15, mar\u00e7o 1986.<\/li>\n<li>AGHATOS, Stelio e OLIVEIRA, Daniela. UFOs Rondam a Floresta Amaz\u00f4nica. Revista UFO, Campo Grande, n\u00ba 39, p. 8-11, Agosto de 1995.<\/li>\n<li>EQUIPE UFO. Coronel Rompe Sil\u00eancio sobre UFOs. Revista UFO, Campo Grande, n\u00ba 54, p. 18-27, outubro de 1997.<\/li>\n<li>EQUIPE UFO. Os Resultados da Opera\u00e7\u00e3o Prato. Revista UFO, Campo Grande, n\u00ba 55, p. 46-52, novembro de 1997.<\/li>\n<li>SILVESTRE, Fabiana. UFOs Rondam a Floresta Amaz\u00f4nica. Revista UFO, Campo Grande, n\u00ba 75, p. 10-18, novembro de 2000.<\/li>\n<li>EQUIPE UFO. Alien\u00edgenas Representam Perigo no Nordeste. Revista UFO, Campo Grande, n\u00ba 86, p. 8-11, abril de 2003.<\/li>\n<li>MAUSO, Pablo Villarrubia. O Mist\u00e9rio das Luzes Assassinas na Amaz\u00f4nia. Revista UFO, Campo Grande, n\u00ba 86, p. 32-35, abril de 2003.<\/li>\n<li>STABOLITO, Reinaldo. Pol\u00edtica de Acobertamento: A Pol\u00edtica Internacional de Sigilo ao Fen\u00f4meno UFO \u00e9 Imposi\u00e7\u00e3o do Governo Norte-Americano. Revista UFO, Campo Grande, n\u00ba 99, p. 16-21, maio de 2004.<\/li>\n<li>EQUIPE UFO. Aliens Rondam a Floresta Amaz\u00f4nica. Revista UFO, Campo Grande, n\u00ba 101, p. 08-27, julho de 2004.<\/li>\n<li>GEVAERD, A. J. A Profundidade dos Casos Registrados na Amaz\u00f4nia. Revista UFO, Campo Grande, n\u00ba 114, p. 10-13, setembro de 2005.<\/li>\n<li>GEVAERD, A. J. Amaz\u00f4nia &#8211; Campo de Experimento de Seres Alien\u00edgenas. Revista UFO, Campo Grande, n\u00ba 114, p. 14-16, setembro de 2005.<\/li>\n<li>GEVAERD, A. J. Na Selva, UFOs deslumbram e amedrontam com seus v\u00f4os rasantes e ataques impiedosos. Revista UFO, Campo Grande, n\u00ba 114, p. 16-29, setembro de 2005.<\/li>\n<li>GOMES, Evelin. Atividades extraterrestres ainda s\u00e3o registradas em Colares ap\u00f3s anos dos primeiros contatos. Revista UFO, Campo Grande, n\u00ba 114, p. 26-27, setembro de 2005.<\/li>\n<li>GEVAERD, A. J. Ainda H\u00e1 Muito a Se Pesquisar no Par\u00e1. Revista UFO, Campo Grande, n\u00ba 114, p. 31-35, setembro de 2005.<\/li>\n<li>PETIT, M. A. UFOs no Brasil: \u00c9 hora de nossos militares encararem a verdade. Revista UFO, Campo Grande, n\u00ba 115, p. 16-22, outubro de 2005.<\/li>\n<li>EQUIPE UFO. Dossi\u00ea Amaz\u00f4nia: Continua a busca de informa\u00e7\u00f5es sobre as a\u00e7\u00f5es militares na regi\u00e3o. Revista UFO, Campo Grande, n\u00ba 115, p. 26-35, outubro de 2005.<\/li>\n<li>EQUIPE UFO. O Impressionante Depoimento da M\u00e9dica que Atendeu as V\u00edtimas do Chupa-chupa. Revista UFO, Campo Grande, n\u00ba 116, p. 20-29, novembro de 2005.<\/li>\n<li>CHAVES, Pepe. Como as assombra\u00e7\u00f5es da Amaz\u00f4nia se tornaram as assombra\u00e7\u00f5es de um homem: Coronel Uyrange Hollanda. Revista UFO, Campo Grande, n\u00ba 116, p. 30-36, novembro de 2005.<\/li>\n<li>PETIT, M. A. Dossi\u00ea Amaz\u00f4nia: O ultimo depoimento de Uyrang\u00ea Hollanda fornece inspira\u00e7\u00e3o para reflex\u00f5es. Revista UFO, Campo Grande, n\u00ba 117, p. 14-20, dezembro de 2005.<\/li>\n<li>ATHAYDE, Reginaldo. Os ataques do chupa-chupa come\u00e7aram no Cear\u00e1. Revista UFO, Campo Grande, n\u00ba 117, p. 22-23, dezembro de 2005.<\/li>\n<li>GEVAERD, A. J. N\u00e3o cedi \u00e0s press\u00f5es dos militares. Revista UFO, Campo Grande, n\u00ba 117, p. 24-31, dezembro de 2005.<\/li>\n<li><a href=\"http:\/\/www.operacaoprato.com\" target=\"_blank\" rel=\"noopener\">Site Opera\u00e7\u00e3o Prato<\/a><\/li>\n<li><a href=\"https:\/\/fenomenum.com.br\/documentos\/brasil\/prato\/ACE_3370.83.pdf\" target=\"_blank\" rel=\"noopener\">Arquivo Cronol\u00f3gico de Entrada [ACE 3370\/83] &#8211; (Servi\u00e7o Nacional de Informa\u00e7\u00f5es &#8211; SNI) [82.9 MB &#8211; 86 p\u00e1ginas<\/a><\/li>\n<li><a href=\"https:\/\/fenomenum.com.br\/documentos\/brasil\/prato\/Opera\u00e7\u00e3o Prato - 01.01.01 - Relat\u00f3rio de Miss\u00e3o 1.pdf\" target=\"_blank\" rel=\"noopener\">Opera\u00e7\u00e3o Prato &#8211; 01.01.01 &#8211; Relat\u00f3rio de Miss\u00e3o 1 &#8211; (FAB &#8211; 1\u00ba COMAR) [25.9 MB &#8211; 40 p\u00e1ginas]<\/a><\/li>\n<li><a href=\"https:\/\/fenomenum.com.br\/documentos\/brasil\/prato\/Opera\u00e7\u00e3o Prato - 01.01.02 - Relat\u00f3rio de Miss\u00e3o 2.pdf\" target=\"_blank\" rel=\"noopener\">Opera\u00e7\u00e3o Prato &#8211; 01.01.02 &#8211; Relat\u00f3rio de Miss\u00e3o 2 &#8211; (FAB &#8211; 1\u00ba COMAR) [15.1 MB &#8211; 22 p\u00e1ginas]<\/a><\/li>\n<li><a href=\"https:\/\/fenomenum.com.br\/documentos\/brasil\/prato\/Opera\u00e7\u00e3o Prato - 01.02.00 - Informa\u00e7\u00f5es Operacionais 1.pdf\" target=\"_blank\" rel=\"noopener\">Opera\u00e7\u00e3o Prato &#8211; 01.02.00 &#8211; Informa\u00e7\u00f5es Operacionais 1 &#8211; (FAB &#8211; 1\u00ba COMAR) [19.3 MB &#8211; 15 p\u00e1ginas]<\/a><\/li>\n<li><a href=\"https:\/\/fenomenum.com.br\/documentos\/brasil\/prato\/Opera\u00e7\u00e3o Prato - 01.03.00 - Ilustra\u00e7\u00f5es de Ocorr\u00eancias.pdf\" target=\"_blank\" rel=\"noopener\">Opera\u00e7\u00e3o Prato &#8211; 01.03.00 &#8211; Ilustra\u00e7\u00f5es de Ocorr\u00eancias &#8211; (FAB &#8211; 1\u00ba COMAR) &#8211; [22.5 MB &#8211; 52 p\u00e1ginas]<\/a><\/li>\n<li><a href=\"https:\/\/fenomenum.com.br\/documentos\/brasil\/prato\/Opera\u00e7\u00e3o Prato - 02.00.00 - Resumo Cronol\u00f3gico.pdf\" target=\"_blank\" rel=\"noopener\">Opera\u00e7\u00e3o Prato &#8211; 02.00.00 &#8211; Resumo Cronol\u00f3gico &#8211; (FAB &#8211; 1\u00ba COMAR) &#8211; [31.8 MB &#8211; 52 P\u00e1ginas]<\/a><\/li>\n<li><a href=\"https:\/\/fenomenum.com.br\/documentos\/brasil\/prato\/Opera\u00e7\u00e3o Prato - 03.01.01 - Registro de Caso 1.pdf\" target=\"_blank\" rel=\"noopener\">Opera\u00e7\u00e3o Prato &#8211; 03.01.01 &#8211; Registro de Caso 1 &#8211; (FAB &#8211; 1\u00ba COMAR) &#8211; [1.29 MB &#8211; 4 p\u00e1ginas]<\/a><\/li>\n<li><a href=\"https:\/\/fenomenum.com.br\/documentos\/brasil\/prato\/Opera\u00e7\u00e3o Prato - 03.01.02 - Registro de Caso 2.pdf\" target=\"_blank\" rel=\"noopener\">Opera\u00e7\u00e3o Prato &#8211; 03.01.02 &#8211; Registro de Caso 2 &#8211; (FAB &#8211; 1\u00ba COMAR) &#8211; [1.20 MB &#8211; 3 p\u00e1ginas]<\/a><\/li>\n<li><a href=\"https:\/\/fenomenum.com.br\/documentos\/brasil\/prato\/Opera\u00e7\u00e3o Prato - 03.01.03 - Registro de Caso 3.pdf\" target=\"_blank\" rel=\"noopener\">Opera\u00e7\u00e3o Prato &#8211; 03.01.03 &#8211; Registro de Caso 3 &#8211; (FAB &#8211; 1\u00ba COMAR) &#8211; [3.79 MB &#8211; 8 p\u00e1ginas]<\/a><\/li>\n<li><a href=\"https:\/\/fenomenum.com.br\/documentos\/brasil\/prato\/Opera\u00e7\u00e3o Prato - 03.01.04 - Registro de Caso 4.pdf\" target=\"_blank\" rel=\"noopener\">Opera\u00e7\u00e3o Prato &#8211; 03.01.04 &#8211; Registro de Caso 4 &#8211; (FAB &#8211; 1\u00ba COMAR) &#8211; [487 KB &#8211; 1 p\u00e1gina]<\/a><\/li>\n<li><a href=\"https:\/\/fenomenum.com.br\/documentos\/brasil\/prato\/Opera\u00e7\u00e3o Prato - 03.02.01 - Registro de Caso 5.pdf\" target=\"_blank\" rel=\"noopener\">Opera\u00e7\u00e3o Prato &#8211; 03.02.01 &#8211; Registro de Caso 5 &#8211; (FAB &#8211; 1\u00ba COMAR) &#8211; [743 KB &#8211; 2 p\u00e1ginas]<\/a><\/li>\n<li><a href=\"https:\/\/fenomenum.com.br\/documentos\/brasil\/prato\/Opera\u00e7\u00e3o Prato - 03.02.02 - Registro de Caso 6.pdf\" target=\"_blank\" rel=\"noopener\">Opera\u00e7\u00e3o Prato &#8211; 03.02.02 &#8211; Registro de Caso 6 &#8211; (FAB &#8211; 1\u00ba COMAR) &#8211; [399 KB &#8211; 1 p\u00e1gina]<\/a><\/li>\n<li><a href=\"https:\/\/fenomenum.com.br\/documentos\/brasil\/prato\/Opera\u00e7\u00e3o Prato - 03.02.03 - Registro de Caso 7.pdf\" target=\"_blank\" rel=\"noopener\">Opera\u00e7\u00e3o Prato &#8211; 03.02.03 &#8211; Registro de Caso 7 &#8211; (FAB &#8211; 1\u00ba COMAR) &#8211; [337 KB &#8211; 1 p\u00e1gina]<\/a><\/li>\n<li><a href=\"https:\/\/fenomenum.com.br\/documentos\/brasil\/prato\/Opera\u00e7\u00e3o Prato - 03.02.04 - Registro de Caso 8.pdf\" target=\"_blank\" rel=\"noopener\">Opera\u00e7\u00e3o Prato &#8211; 03.02.04 &#8211; Registro de Caso 8 &#8211; (FAB &#8211; 1\u00ba COMAR) &#8211; [1.59 MB &#8211; 3 p\u00e1ginas]<\/a><\/li>\n<li><a href=\"https:\/\/fenomenum.com.br\/documentos\/brasil\/prato\/Opera\u00e7\u00e3o Prato - 03.02.05 - Registro de Caso 9.pdf\" target=\"_blank\" rel=\"noopener\">Opera\u00e7\u00e3o Prato &#8211; 03.02.05 &#8211; Registro de Caso 9 &#8211; (FAB &#8211; 1\u00ba COMAR) &#8211; [4.00 MB &#8211; 9 p\u00e1ginas]<\/a><\/li>\n<li><a href=\"https:\/\/fenomenum.com.br\/documentos\/brasil\/prato\/Opera\u00e7\u00e3o Prato - 03.02.06 - Relat\u00f3rio Adicional 1.pdf\" target=\"_blank\" rel=\"noopener\">Opera\u00e7\u00e3o Prato &#8211; 03.02.06 &#8211; Relat\u00f3rio Adicional 1 &#8211; (FAB &#8211; 1\u00ba COMAR) &#8211; [3.02 MB &#8211; 6 p\u00e1ginas]<\/a><\/li>\n<li><a href=\"https:\/\/fenomenum.com.br\/documentos\/brasil\/prato\/Opera\u00e7\u00e3o Prato - 03.02.07 - Relat\u00f3rio Adicional 2.pdf\" target=\"_blank\" rel=\"noopener\">Opera\u00e7\u00e3o Prato &#8211; 03.02.07 &#8211; Relat\u00f3rio Adicional 2 &#8211; (FAB &#8211; 1\u00ba COMAR) &#8211; [412 KB &#8211; 1 p\u00e1gina]<\/a><\/li>\n<li><a href=\"https:\/\/fenomenum.com.br\/documentos\/brasil\/prato\/Opera\u00e7\u00e3o Prato - 03.02.08 - Relat\u00f3rio Adicional 3.pdf\" target=\"_blank\" rel=\"noopener\">Opera\u00e7\u00e3o Prato &#8211; 03.02.08 &#8211; Relat\u00f3rio Adicional 3 &#8211; (FAB &#8211; 1\u00ba COMAR) &#8211; [463 KB &#8211; 1 p\u00e1gina]<\/a><\/li>\n<li><a href=\"https:\/\/fenomenum.com.br\/documentos\/brasil\/prato\/Opera\u00e7\u00e3o Prato - 03.02.09 - Relat\u00f3rio Adicional 4.pdf\" target=\"_blank\" rel=\"noopener\">Opera\u00e7\u00e3o Prato &#8211; 03.02.09 &#8211; Relat\u00f3rio Adicional 4 &#8211; (FAB &#8211; 1\u00ba COMAR) &#8211; [437 KB &#8211; 1 p\u00e1gina]<\/a><\/li>\n<li><a href=\"https:\/\/fenomenum.com.br\/documentos\/brasil\/prato\/Opera\u00e7\u00e3o Prato - 04.00.00 - Folha de Ocorr\u00eancias 1.pdf\" target=\"_blank\" rel=\"noopener\">Opera\u00e7\u00e3o Prato &#8211; 04.00.00 &#8211; Folha de Ocorr\u00eancias 1 &#8211; (FAB &#8211; 1\u00ba COMAR) &#8211; [2.72 MB &#8211; 5 p\u00e1ginas]<\/a><\/li>\n<li><a href=\"https:\/\/fenomenum.com.br\/documentos\/brasil\/prato\/Opera\u00e7\u00e3o Prato - 05.00.00 - Informe Especial 1.pdf\" target=\"_blank\" rel=\"noopener\">Opera\u00e7\u00e3o Prato &#8211; 05.00.00 &#8211; Informe Especial 1 &#8211; (FAB &#8211; 1\u00ba COMAR) &#8211; [11.2 MB &#8211; 15 p\u00e1ginas]<\/a><\/li>\n<li><a href=\"https:\/\/fenomenum.com.br\/documentos\/brasil\/prato\/Opera\u00e7\u00e3o Prato - 06.00.00 - \u00d3rg\u00e3os de Informa\u00e7\u00e3o 1.pdf\" target=\"_blank\" rel=\"noopener\">Opera\u00e7\u00e3o Prato &#8211; 06.00.00 &#8211; \u00d3rg\u00e3os de Informa\u00e7\u00e3o 1 &#8211; (FAB &#8211; 1\u00ba COMAR) &#8211; [1.13 MB &#8211; 2 p\u00e1ginas]<\/a><\/li>\n<li><a href=\"https:\/\/fenomenum.com.br\/documentos\/brasil\/prato\/Opera\u00e7\u00e3o Prato - 07.01.00 - Disposi\u00e7\u00f5es Gerais 1.pdf\" target=\"_blank\" rel=\"noopener\">Opera\u00e7\u00e3o Prato &#8211; 07.01.00 &#8211; Disposi\u00e7\u00f5es Gerais 1 &#8211; (FAB &#8211; 1\u00ba COMAR) &#8211; [0.99 MB &#8211; 2 p\u00e1ginas]<\/a><\/li>\n<li><a href=\"https:\/\/fenomenum.com.br\/documentos\/brasil\/prato\/Opera\u00e7\u00e3o Prato - 07.02.00 - Relat\u00f3rio Geral 1.pdf\" target=\"_blank\" rel=\"noopener\">Opera\u00e7\u00e3o Prato &#8211; 07.02.00 &#8211; Relat\u00f3rio Geral 1 &#8211; (FAB &#8211; 1\u00ba COMAR) &#8211; [115 MB &#8211; 160 p\u00e1ginas]<\/a><\/li>\n<li><a href=\"https:\/\/fenomenum.com.br\/documentos\/brasil\/prato\/fotografias_op_prato.pdf\" target=\"_blank\" rel=\"noopener\">Fotografias da Opera\u00e7\u00e3o Prato &#8211; [683 Kb &#8211; 18 p\u00e1ginas]<\/a><\/li>\n<li><a href=\"https:\/\/fenomenum.com.br\/documentos\/brasil\/prato\/FOTOS_OP_PORTAL_BURN.pdf\" target=\"_blank\" rel=\"noopener\">Fotografias da Opera\u00e7\u00e3o Prato [BURN] &#8211; [25.7 MB &#8211; 86 p\u00e1ginas]<\/a><\/li>\n<li><a href=\"https:\/\/fenomenum.com.br\/documentos\/brasil\/prato\/Relatorio 1- Relatorio de Missao - Parte Informativa -VERSAO INEDITA.pdf\" target=\"_blank\" rel=\"noopener\">Relatorio 1- Relatorio de Missao &#8211; Parte Informativa -VERSAO INEDITA<\/a><\/li>\n<li><a href=\"https:\/\/fenomenum.com.br\/documentos\/brasil\/prato\/Relatorio 2 - Relatorio de Missao - II - Parte Informativa - VERSAO INEDITA.pdf\" target=\"_blank\" rel=\"noopener\">Relatorio 2 &#8211; Relatorio de Missao &#8211; II &#8211; Parte Informativa &#8211; VERSAO INEDITA<\/a><\/li>\n<li><a href=\"https:\/\/fenomenum.com.br\/documentos\/brasil\/prato\/Relatorio 3 - Relatorio de Missao - Umbituba.pdf\" target=\"_blank\" rel=\"noopener\">Relatorio 3 &#8211; Relatorio de Missao &#8211; Umbituba<\/a><\/li>\n<li><a href=\"https:\/\/fenomenum.com.br\/documentos\/brasil\/prato\/Relatorio 4 - Relatorio de Missao - II - Parte Operacional - VERSAO INEDITA.pdf\" target=\"_blank\" rel=\"noopener\">Relatorio 4 &#8211; Relatorio de Missao &#8211; II &#8211; Parte Operacional &#8211; VERSAO INEDITA<\/a><\/li>\n<li><a href=\"https:\/\/fenomenum.com.br\/documentos\/brasil\/prato\/Relatorio 5 - Relatorio de Pescadores.pdf\" target=\"_blank\" rel=\"noopener\">Relatorio 5 &#8211; Relatorio de Pescadores<\/a><\/li>\n<li><a href=\"https:\/\/fenomenum.com.br\/documentos\/brasil\/prato\/Relatorio 6 - Comentarios e Aspecto Psico-Social e Econamico - VERSAO ANTIGA.pdf\" target=\"_blank\" rel=\"noopener\">Relatorio 6 &#8211; Comentarios e Aspecto Psico-Social e Econamico &#8211; VERSAO ANTIGA<\/a><\/li>\n<li><a href=\"https:\/\/fenomenum.com.br\/documentos\/brasil\/prato\/Relatorio 6 - Coment\u00e1rios e Aspecto Psico-Social e Economico - VERSAO INEDITA.pdf\" target=\"_blank\" rel=\"noopener\">Relatorio 6 &#8211; Coment\u00e1rios e Aspecto Psico-Social e Economico &#8211; VERSAO INEDITA<\/a><\/li>\n<li><a href=\"https:\/\/fenomenum.com.br\/documentos\/brasil\/prato\/Relatorio 7 - Relatorio de Missao - I - Parte Informativa - VERSAO INEDITA.pdf\" target=\"_blank\" rel=\"noopener\">Relatorio 7 &#8211; Relatorio de Missao &#8211; I &#8211; Parte Informativa &#8211; VERSAO INEDITA<\/a><\/li>\n<li><a href=\"https:\/\/fenomenum.com.br\/documentos\/brasil\/prato\/Relatorio 8 - Relatorio de Missao - II - Parte Informativa - VERSAO INEDITA.pdf\" target=\"_blank\" rel=\"noopener\">Relatorio 8 &#8211; Relatorio de Missao &#8211; II &#8211; Parte Informativa &#8211; VERSAO INEDITA<\/a><\/li>\n<li><a href=\"https:\/\/fenomenum.com.br\/documentos\/brasil\/prato\/Relatorio 9 - Extra 01 - VERSAO ANTIGA.pdf\" target=\"_blank\" rel=\"noopener\">Relatorio 9 &#8211; Extra 01 &#8211; VERSAO ANTIGA<\/a><\/li>\n<li><a href=\"https:\/\/fenomenum.com.br\/documentos\/brasil\/prato\/Relatorio 9 - Extra 01 - VERSAO INEDITA.pdf\" target=\"_blank\" rel=\"noopener\">Relatorio 9 &#8211; Extra 01 &#8211; VERSAO INEDITA<\/a><\/li>\n<li><a href=\"https:\/\/fenomenum.com.br\/documentos\/brasil\/prato\/Relatorio 10 - Extra 02 - VERSAO ANTIGA.pdf\" target=\"_blank\" rel=\"noopener\">Relatorio 10 &#8211; Extra 02 &#8211; VERSAO ANTIGA<\/a><\/li>\n<li><a href=\"https:\/\/fenomenum.com.br\/documentos\/brasil\/prato\/Relatorio 10 - Extra 02 - VERSAO INEDITA.pdf\" target=\"_blank\" rel=\"noopener\">Relatorio 10 &#8211; Extra 02 &#8211; VERSAO INEDITA<\/a><\/li>\n<li><a href=\"https:\/\/fenomenum.com.br\/documentos\/brasil\/prato\/Relatorio 11 - Extra 03 - VERSAO INEDITA.pdf\" target=\"_blank\" rel=\"noopener\">Relatorio 11 &#8211; Extra 03 &#8211; VERSAO INEDITA<\/a><\/li>\n<li><a href=\"https:\/\/fenomenum.com.br\/documentos\/brasil\/prato\/Relatorio 12 - Extra 04 - VERSAO INEDITA.pdf\" target=\"_blank\" rel=\"noopener\">Relatorio 12 &#8211; Extra 04 &#8211; VERSAO INEDITA<\/a><\/li>\n<li><a href=\"https:\/\/fenomenum.com.br\/documentos\/brasil\/prato\/Relatorio 13 - Extra 05 - VERSAO INEDITA.pdf\" target=\"_blank\" rel=\"noopener\">Relatorio 13 &#8211; Extra 05 &#8211; VERSAO INEDITA<\/a><\/li>\n<li><a href=\"https:\/\/fenomenum.com.br\/documentos\/brasil\/prato\/Relatorio 14 - Extra 06 - VERSAO INEDITA.pdf\" target=\"_blank\" rel=\"noopener\">Relatorio 14 &#8211; Extra 06 &#8211; VERSAO INEDITA<\/a><\/li>\n<li><a href=\"https:\/\/fenomenum.com.br\/documentos\/brasil\/prato\/Relatorio 15 - Relatorio de Missao - Fazenda Jeju.pdf\" target=\"_blank\" rel=\"noopener\">Relatorio 15 &#8211; Relatorio de Missao &#8211; Fazenda Jeju<\/a><\/li>\n<li><a href=\"https:\/\/fenomenum.com.br\/documentos\/brasil\/prato\/Relatorio 16 - Relatorio do Agente - Fazenda Jeju - VERSAO ANTIGA.pdf\" target=\"_blank\" rel=\"noopener\">Relatorio 16 &#8211; Relatorio do Agente &#8211; Fazenda Jeju &#8211; VERSAO ANTIGA<\/a><\/li>\n<li><a href=\"https:\/\/fenomenum.com.br\/documentos\/brasil\/prato\/Relatorio 16 - Relatorio do Agente - Fazenda Jeju - VERSAO INEDITA.pdf\" target=\"_blank\" rel=\"noopener\">Relatorio 16 &#8211; Relatorio do Agente &#8211; Fazenda Jeju &#8211; VERSAO INEDITA<\/a><\/li>\n<li><a href=\"https:\/\/fenomenum.com.br\/documentos\/brasil\/prato\/Relatorio 17 - Relatorio de Missao - Partes Operacional e Informativa - Fazenda Jeju - VERSAO INEDITA.pdf\" target=\"_blank\" rel=\"noopener\">Relatorio 17 &#8211; Relatorio de Missao &#8211; Partes Operacional e Informativa &#8211; Fazenda Jeju &#8211; VERSAO INEDITA<\/a><\/li>\n<li><a href=\"https:\/\/fenomenum.com.br\/documentos\/brasil\/prato\/Relatorio 18 - Relatorio do Agente - Extra 07 - VERSAO INEDITA.pdf\" target=\"_blank\" rel=\"noopener\">Relatorio 18 &#8211; Relatorio do Agente &#8211; Extra 07 &#8211; VERSAO INEDITA<\/a><\/li>\n<li><a href=\"https:\/\/fenomenum.com.br\/documentos\/brasil\/prato\/Relatorio 19 - Relatorio do Agente - Extra 08 - VERSAO INEDITA.pdf\" target=\"_blank\" rel=\"noopener\">Relatorio 19 &#8211; Relatorio do Agente &#8211; Extra 08 &#8211; VERSAO INEDITA<\/a><\/li>\n<li><a href=\"https:\/\/fenomenum.com.br\/documentos\/brasil\/prato\/Relatorio 20 - Relatorio do Agente - Extra - VERSAO INEDITA.pdf\" target=\"_blank\" rel=\"noopener\">Relatorio 20 &#8211; Relatorio do Agente &#8211; Extra &#8211; VERSAO INEDITA<\/a><\/li>\n<li><a href=\"https:\/\/fenomenum.com.br\/documentos\/brasil\/prato\/Relatorio 21 - Relatorio do Agente - Extra 09 - VERSAO INEDITA.pdf\" target=\"_blank\" rel=\"noopener\">Relatorio 21 &#8211; Relatorio do Agente &#8211; Extra 09 &#8211; VERSAO INEDITA<\/a><\/li>\n<li><a href=\"https:\/\/fenomenum.com.br\/documentos\/brasil\/prato\/Relatorio 22 - Relatorio do Agente - Extra 10 - VERSAO INEDITA.pdf\" target=\"_blank\" rel=\"noopener\">Relatorio 22 &#8211; Relatorio do Agente &#8211; Extra 10 &#8211; VERSAO INEDITA<\/a><\/li>\n<li><a href=\"https:\/\/fenomenum.com.br\/documentos\/brasil\/prato\/Relatorio 23 - Relatorio do Agente - Extra 11 - VERSAO INEDITA.pdf\" target=\"_blank\" rel=\"noopener\">Relatorio 23 &#8211; Relatorio do Agente &#8211; Extra 11 &#8211; VERSAO INEDITA<\/a><\/li>\n<li><a href=\"https:\/\/fenomenum.com.br\/documentos\/brasil\/prato\/Relatorio 24 - Relatos Esparsos - VERSAO INEDITA.pdf\" target=\"_blank\" rel=\"noopener\">Relatorio 24 &#8211; Relatos Esparsos &#8211; VERSAO INEDITA<\/a><\/li>\n<li><a href=\"https:\/\/fenomenum.com.br\/documentos\/brasil\/prato\/Relatorio 25 - Extra 12 - VERSAO INEDITA.pdf\" target=\"_blank\" rel=\"noopener\">Relatorio 25 &#8211; Extra 12 &#8211; VERSAO INEDITA<\/a><\/li>\n<li><a href=\"https:\/\/fenomenum.com.br\/documentos\/brasil\/prato\/RELATORIO FILMES SUPER 8 - www.operacaoprato.com.pdf\" target=\"_blank\" rel=\"noopener\">RELATORIO FILMES SUPER 8 &#8211; www.operacaoprato.com<\/a><\/li>\n<li><a href=\"https:\/\/fenomenum.com.br\/documentos\/brasil\/prato\/RELATORIO MEDICO - www.operacaoprato.com.pdf\" target=\"_blank\" rel=\"noopener\">RELATORIO MEDICO &#8211; www.operacaoprato.com<\/a><\/li>\n<li><a href=\"http:\/\/www.mufon.com\/bob_pratt\/brazil.html\">http:\/\/www.mufon.com\/bob_pratt\/brazil.html<\/a><\/li>\n<li><a href=\"http:\/\/www.jornalinfinito.com.br\/materias.asp?area=21\">http:\/\/www.jornalinfinito.com.br\/materias.asp?area=21<\/a><\/li>\n<li><a href=\"http:\/\/www.geocities.com\/area51\/rampart\/2653\/injurywriteup.html\">http:\/\/www.geocities.com\/area51\/rampart\/2653\/injurywriteup.html<\/a><\/li>\n<li><a href=\"http:\/\/www.mufon.com\/bob_pratt\/dasvale.html\">http:\/\/www.mufon.com\/bob_pratt\/dasvale.html<\/a><\/li>\n<li><a href=\"http:\/\/ufo.com.br\/index.php?arquivo=notComp.php&amp;offset=2400&amp;id=492\">http:\/\/ufo.com.br\/index.php?arquivo=notComp.php&amp;offset=2400&amp;id=492<\/a><\/li>\n<li><a href=\"http:\/\/www.x-libri.ru\/elib\/arefj000\/00000087.htm\">http:\/\/www.x-libri.ru\/elib\/arefj000\/00000087.htm<\/a><\/li>\n<li><a href=\"http:\/\/www.ufo.com.br\/amazonia\/\">http:\/\/www.ufo.com.br\/amazonia\/<\/a><\/li>\n<li><a href=\"http:\/\/www.ufo.com.br\/fase4_txt4\">http:\/\/www.ufo.com.br\/fase4_txt4.php<\/a><\/li>\n<li><a href=\"http:\/\/www.ufo.com.br\/amazonia\/chupa.htm\">http:\/\/www.ufo.com.br\/amazonia\/chupa.htm<\/a><\/li>\n<li><a href=\"http:\/\/pt.wikipedia.org\/wiki\/Chupa-chupa\">http:\/\/pt.wikipedia.org\/wiki\/Chupa-chupa<\/a><\/li>\n<li><a href=\"http:\/\/redeglobo.globo.com\/Linhadireta\/0,26665,GHT0-4604-212882,00.html\">http:\/\/redeglobo.globo.com\/Linhadireta\/0,26665,GHT0-4604-212882,00.html<\/a><\/li>\n<li><a href=\"http:\/\/www.ufo.com.br\/materiaespecial\/operacaoPrato.htm\">http:\/\/www.ufo.com.br\/materiaespecial\/operacaoPrato.htm<\/a><\/li>\n<li><a href=\"http:\/\/www.ufo.com.br\/documentop\">http:\/\/www.ufo.com.br\/documentop.php<\/a><\/li>\n<li><a href=\"http:\/\/www.upupi.com.br\/\">http:\/\/www.upupi.com.br\/<\/a><\/li>\n<li><a href=\"http:\/\/www.burn.com.br\/modules.php?name=News&amp;file=article&amp;sid=316\">http:\/\/www.burn.com.br\/modules.php?name=News&amp;file=article&amp;sid=316<\/a><\/li>\n<li><a href=\"http:\/\/www.burn.com.br\/modules.php?name=News&amp;file=article&amp;sid=318\">http:\/\/www.burn.com.br\/modules.php?name=News&amp;file=article&amp;sid=318<\/a><\/li>\n<li><a href=\"http:\/\/www.upupi.com.br\/artigoedisonboaventura01.html\">http:\/\/www.upupi.com.br\/artigoedisonboaventura01.html<\/a><\/li>\n<li><a href=\"http:\/\/www.upupi.com.br\/artigoflavio9.html\">http:\/\/www.upupi.com.br\/artigoflavio9.html<\/a><\/li>\n<li><a href=\"http:\/\/www.upupi.com.br\/artigomiguelleao.html\">http:\/\/www.upupi.com.br\/artigomiguelleao.html<\/a><\/li>\n<li><a href=\"http:\/\/www.upupi.com.br\/artigoflavio.htm\">http:\/\/www.upupi.com.br\/artigoflavio.htm<\/a><\/li>\n<li><a href=\"http:\/\/www.ufo.com.br\/materiaespecial\/operacaoPrato.htm\">http:\/\/www.ufo.com.br\/materiaespecial\/operacaoPrato.htm<\/a><\/li>\n<li><a href=\"http:\/\/pt.wikipedia.org\/wiki\/Opera\u00e7\u00e3o_Prato\">http:\/\/pt.wikipedia.org\/wiki\/Opera%C3%A7%C3%A3o_Prato<\/a><\/li>\n<li><a href=\"http:\/\/www.dominiosfantasticos.xpg.com.br\/id281.htm\">http:\/\/www.dominiosfantasticos.xpg.com.br\/id281.htm<\/a><\/li>\n<li><a href=\"http:\/\/www.infa.com.br\/operacao_prato01.html\">http:\/\/www.infa.com.br\/operacao_prato01.html<\/a><\/li>\n<li><a href=\"http:\/\/www.terra.com.br\/istoe\/edicoes\/2071\/artigo144400-1.htm\">http:\/\/www.terra.com.br\/istoe\/edicoes\/2071\/artigo144400-1.htm<\/a><\/li>\n<li><a href=\"http:\/\/www.viafanzine.jor.br\/site_vf\/ufovia\/exclusivo.htm\">http:\/\/www.viafanzine.jor.br\/site_vf\/ufovia\/exclusivo.htm<\/a><\/li>\n<li><a href=\"http:\/\/www.viafanzine.jor.br\/site_vf\/ufovia\/prato.htm\">http:\/\/www.viafanzine.jor.br\/site_vf\/ufovia\/prato.htm<\/a><\/li>\n<li><a href=\"http:\/\/www.viafanzine.jor.br\/site_vf\/ufovia\/prato3.htm\">http:\/\/www.viafanzine.jor.br\/site_vf\/ufovia\/prato3.htm<\/a><\/li>\n<li><a href=\"http:\/\/www.viafanzine.jor.br\/site_vf\/ufovia\/entrevpinon1.htm\">http:\/\/www.viafanzine.jor.br\/site_vf\/ufovia\/entrevpinon1.htm<\/a><\/li>\n<li><a href=\"http:\/\/www.viafanzine.jor.br\/site_vf\/ufovia\/entrevpinon2.htm\">http:\/\/www.viafanzine.jor.br\/site_vf\/ufovia\/entrevpinon2.htm<\/a><\/li>\n<li><a href=\"http:\/\/www.viafanzine.jor.br\/site_vf\/ufovia\/entrevistas3.htm\">http:\/\/www.viafanzine.jor.br\/site_vf\/ufovia\/entrevistas3.htm<\/a><\/li>\n<li><a href=\"http:\/\/www.viafanzine.jor.br\/site_vf\/ufovia\/pesquisa.htm\">http:\/\/www.viafanzine.jor.br\/site_vf\/ufovia\/pesquisa.htm<\/a><\/li>\n<li><a href=\"http:\/\/www.viafanzine.jor.br\/site_vf\/ufovia\/casosdonorte.htm\">http:\/\/www.viafanzine.jor.br\/site_vf\/ufovia\/casosdonorte.htm<\/a><\/li>\n<li><a href=\"http:\/\/www.viafanzine.jor.br\/site_vf\/ufovia\/entrevistas4.htm\">http:\/\/www.viafanzine.jor.br\/site_vf\/ufovia\/entrevistas4.htm<\/a><\/li>\n<li><a href=\"http:\/\/interwell.sites.uol.com.br\/para.htm\">http:\/\/interwell.sites.uol.com.br\/para.htm<\/a><\/li>\n<li><a href=\"http:\/\/www.infa.com.br\/operacao_prato01.html\">http:\/\/www.infa.com.br\/operacao_prato01.html<\/a><\/li>\n<li><a href=\"http:\/\/www.mufon.com\/bob_pratt\/colares.html\">http:\/\/www.mufon.com\/bob_pratt\/colares.html<\/a><\/li>\n<li><a href=\"http:\/\/www.mufon.com\/bob_pratt\/oprato.html\">http:\/\/www.mufon.com\/bob_pratt\/oprato.html<\/a><\/li>\n<li><a href=\"http:\/\/www.mufon.com\/bob_pratt\/brazil.html\">http:\/\/www.mufon.com\/bob_pratt\/brazil.html<\/a><\/li>\n<li><a href=\"http:\/\/www.mufon.com\/bob_pratt\/hollanda.html\">http:\/\/www.mufon.com\/bob_pratt\/hollanda.html<\/a><\/li>\n<li><a href=\"http:\/\/www.mufon.com\/bob_pratt\/crabisland.html\">http:\/\/www.mufon.com\/bob_pratt\/crabisland.html<\/a><\/li>\n<li><a href=\"http:\/\/www.mundoparapsicologico.com\/196-A_Los-informes-militares-de-la-Operacion-Prato-ya-pueden-descargarse-aqui\">http:\/\/www.mundoparapsicologico.com\/196-A_Los-informes-militares-de-la-Operacion-Prato-ya-pueden-descargarse-aqui<\/a><\/li>\n<li><a href=\"http:\/\/www.ufologie.net\/htm\/colares.htm\">http:\/\/www.ufologie.net\/htm\/colares.htm<\/a><\/li>\n<li><a href=\"http:\/\/www.mundoparapsicologico.com\/Ufologia\/Listado-Articulos\">http:\/\/www.mundoparapsicologico.com\/Ufologia\/Listado-Articulos<\/a><\/li>\n<li><a href=\"http:\/\/mundo-enigmatico.blogspot.com\/2009\/05\/operacao-prato-pocos-casos-de.html\">http:\/\/mundo-enigmatico.blogspot.com\/2009\/05\/operacao-prato-pocos-casos-de.html<\/a><\/li>\n<li><a href=\"http:\/\/donmaor.blogspot.com\/\">http:\/\/donmaor.blogspot.com\/<\/a><\/li>\n<li><a href=\"http:\/\/www.abovetopsecret.com\/forum\/thread454886\/pg1\">http:\/\/www.abovetopsecret.com\/forum\/thread454886\/pg1<\/a><\/li>\n<\/ol>\n","protected":false},"excerpt":{"rendered":"<p>Chupa-chupa \u00e9 o apelido dado ao conjunto de ocorr\u00eancias que tiveram lugar em parte de Estados do Norte e Nordeste Brasileiro a partir de 1977. Caracterizava-se por um objeto voador luminoso, em alguns casos tripulados ou com manifesta\u00e7\u00e3o claramente inteligente, que focava um feixe de luz em moradores das regi\u00f5es afetadas. Estes se mostravam debilitados [&hellip;]<\/p>\n","protected":false},"author":4,"featured_media":3290,"comment_status":"open","ping_status":"open","sticky":false,"template":"","format":"standard","meta":{"inline_featured_image":false},"categories":[108,124,126,107,1],"tags":[],"_links":{"self":[{"href":"https:\/\/www.fenomenum.com.br\/novo\/wp-json\/wp\/v2\/posts\/3289"}],"collection":[{"href":"https:\/\/www.fenomenum.com.br\/novo\/wp-json\/wp\/v2\/posts"}],"about":[{"href":"https:\/\/www.fenomenum.com.br\/novo\/wp-json\/wp\/v2\/types\/post"}],"author":[{"embeddable":true,"href":"https:\/\/www.fenomenum.com.br\/novo\/wp-json\/wp\/v2\/users\/4"}],"replies":[{"embeddable":true,"href":"https:\/\/www.fenomenum.com.br\/novo\/wp-json\/wp\/v2\/comments?post=3289"}],"version-history":[{"count":1,"href":"https:\/\/www.fenomenum.com.br\/novo\/wp-json\/wp\/v2\/posts\/3289\/revisions"}],"predecessor-version":[{"id":7066,"href":"https:\/\/www.fenomenum.com.br\/novo\/wp-json\/wp\/v2\/posts\/3289\/revisions\/7066"}],"wp:featuredmedia":[{"embeddable":true,"href":"https:\/\/www.fenomenum.com.br\/novo\/wp-json\/wp\/v2\/media\/3290"}],"wp:attachment":[{"href":"https:\/\/www.fenomenum.com.br\/novo\/wp-json\/wp\/v2\/media?parent=3289"}],"wp:term":[{"taxonomy":"category","embeddable":true,"href":"https:\/\/www.fenomenum.com.br\/novo\/wp-json\/wp\/v2\/categories?post=3289"},{"taxonomy":"post_tag","embeddable":true,"href":"https:\/\/www.fenomenum.com.br\/novo\/wp-json\/wp\/v2\/tags?post=3289"}],"curies":[{"name":"wp","href":"https:\/\/api.w.org\/{rel}","templated":true}]}}