{"id":3314,"date":"2022-03-15T10:41:05","date_gmt":"2022-03-15T13:41:05","guid":{"rendered":"https:\/\/www.fenomenum.com.br\/?p=3314"},"modified":"2025-04-22T13:19:53","modified_gmt":"2025-04-22T16:19:53","slug":"chupa-chupa6","status":"publish","type":"post","link":"https:\/\/www.fenomenum.com.br\/novo\/chupa-chupa6\/","title":{"rendered":"Coronel Uyrang\u00ea Hollanda, comandante da Opera\u00e7\u00e3o Prato"},"content":{"rendered":"<p style=\"padding-left: 40px;\"><strong>Saiba mais sobre o Coronel Hollanda, comandante da Opera\u00e7\u00e3o Prato.<\/strong><\/p>\n<hr \/>\n<table style=\"width: 100%; border-collapse: collapse; background-color: #fafafa;\">\n<tbody>\n<tr>\n<td style=\"width: 50%;\"><img loading=\"lazy\" class=\"alignnone wp-image-5349 size-full\" src=\"https:\/\/www.fenomenum.com.br\/novo\/wp-content\/uploads\/2022\/03\/esquerda.png\" alt=\"\" width=\"75\" height=\"75\" \/><\/td>\n<td style=\"width: 50%; text-align: right;\"><a href=\"https:\/\/www.fenomenum.com.br\/chupa-chupa2\/\"><img loading=\"lazy\" class=\"alignnone size-full wp-image-5348 alignright\" src=\"https:\/\/www.fenomenum.com.br\/novo\/wp-content\/uploads\/2022\/03\/direita.png\" alt=\"\" width=\"75\" height=\"75\" \/><\/a><\/td>\n<\/tr>\n<tr>\n<td style=\"width: 50%;\"><a href=\"https:\/\/www.fenomenum.com.br\/chupa-chupa5\/\">Artigo anterior sobre o Chupa-Chupa e Opera\u00e7\u00e3o Prato<\/a><\/td>\n<td style=\"width: 50%; text-align: right;\"><a href=\"https:\/\/www.fenomenum.com.br\/chupa-chupa7\/\">Pr\u00f3ximo artigo sobre o chupa-Chupa e Opera\u00e7\u00e3o Prato<\/a><\/td>\n<\/tr>\n<\/tbody>\n<\/table>\n<hr \/>\n<p>Por Equipe UFO &#8211; Artigo original publicado em:\u00a0<a href=\"http:\/\/www.ufo.com.br\/amazonia\/\" target=\"_blank\" rel=\"noopener\">http:\/\/www.ufo.com.br\/amazonia\/<\/a><\/p>\n<p>&nbsp;<\/p>\n<p>Uyrang\u00ea Bol\u00edvar Soares Nogueira de Hollanda Lima. Este \u00e9 o nome do primeiro oficial de nossas For\u00e7as Armadas a vir a p\u00fablico falar sobre impressionantes atividades de pesquisas ufol\u00f3gicas desenvolvidas secretamente no Brasil. Conhecido por todos como Hollanda, o coronel reformado da Aeron\u00e1utica, ainda quando era capit\u00e3o, comandou a famosa e pol\u00eamica Opera\u00e7\u00e3o Prato, realizada na Amaz\u00f4nia entre setembro e dezembro de 1977. Por determina\u00e7\u00e3o do comandante do 1\u00ba Comando A\u00e9reo Regional (COMAR), de Bel\u00e9m (PA), Hollanda estruturou, organizou e colheu os espantosos resultados desse que foi o \u00fanico projeto do g\u00eanero de que se tem not\u00edcia em nosso pa\u00eds \u2013 e provavelmente um dos poucos no mundo.<\/p>\n<p>Logo ap\u00f3s conceder esta entrevista \u00e0 Revista Ufo, antes mesmo de v\u00ea-la publicada, o militar se suicidou. Sua morte causou grande pol\u00eamica, tanto quanto suas extraordin\u00e1rias revela\u00e7\u00f5es. Foram elas, em grande parte, que motivaram a Comiss\u00e3o Brasileira de Uf\u00f3logos (CBU) a iniciar a campanha UFOs: Librdade de Informa\u00e7\u00e3o J\u00e1.<\/p>\n<p>Nada mais justo que publicar, uma vers\u00e3o reeditada da hist\u00f3rica entrevista de Hollanda \u00e0 Ufo, feita em 1997 e veiculada nos n\u00fameros 54 e 55, que circularam nos meses de outubro e novembro daquele ano. Seu conte\u00fado \u00e9 chocante e mostra duas coisas com excepcional clareza: primeiro, a que ponto a For\u00e7a A\u00e9rea Brasileira (FAB) chegou em sua determina\u00e7\u00e3o de conhecer o Fen\u00f4meno UFO, atrav\u00e9s de uma equipe de militares. Segundo, a coragem do chefe de tal equipe em empreender uma opera\u00e7\u00e3o in\u00e9dita e arriscada, mas que foi coroada de \u00eaxitos \u2013 que, infelizmente, s\u00e3o do conhecimento de pouqu\u00edssimos brasileiros. Hollanda era um militar \u00edmpar, homem de fibra e resolu\u00e7\u00e3o, que talvez tenha sido o \u00fanico do mundo a passar pelas experi\u00eancias que viveu na Floresta Amaz\u00f4nica \u2013 justamente no comando de um programa oficial, e n\u00e3o de uma aventura qualquer. Homem extremamente objetivo, impressionantemente culto e com v\u00edvida mem\u00f3ria de in\u00fameros epis\u00f3dios de sua carreira militar \u2013 especialmente em rela\u00e7\u00e3o \u00e0 Ufologia \u2013, Hollanda recebeu a Revista Ufo em seu apartamento em Cabo Frio, litoral do Rio de Janeiro, para uma longa e proveitosa entrevista, em junho de 1997. Das 48 horas em que o editor A. J. Gevaerd e o co-editor Marco Antonio Petit passaram em sua resid\u00eancia, colheram uma valios\u00edssima quantidade de informa\u00e7\u00f5es ufol\u00f3gicas in\u00e9ditas e assustadoras. Sua atitude de quebrar um sil\u00eancio militar de 20 anos sobre o assunto n\u00e3o se deu por acaso.<\/p>\n<p><a name=\"revelacao\"><\/a><\/p>\n<h3>Revela\u00e7\u00e3o e repreens\u00e3o<\/h3>\n<p>Hollanda confessou que acompanhava discreta mas entusiasmadamente as atividades da Ufologia Brasileira desde o surgimento de Ufo, em 1985. J\u00e1 naquela \u00e9poca, oito anos ap\u00f3s a realiza\u00e7\u00e3o da Opera\u00e7\u00e3o Prato, e ainda com mem\u00f3ria fresca sobre os in\u00fameros casos ufol\u00f3gicos que viveu, a ent\u00e3o revista Ufologia Nacional &amp; Internacional, antecessora de Ufo, recebeu de uma fonte confidencial ligada \u00e0 Aeron\u00e1utica uma s\u00e9rie de fotos de naves alien\u00edgenas que teriam sido tiradas pela FAB, na Amaz\u00f4nia. Pouco ou nada, al\u00e9m disso, sab\u00edamos sobre esse material, mas mesmo assim o publicamos.<\/p>\n<p>Sab\u00edamos na \u00e9poca, e Hollanda depois nos confirmou \u2013 que eram fotografias secretas, obtidas oficialmente pelos militares que compunham a Opera\u00e7\u00e3o Prato. Esse material tinha que ser publicado a todo custo, para que a Comunidade Ufol\u00f3gica Brasileira soubesse de sua exist\u00eancia, mesmo que isso pudesse trazer problemas legais para a revista. E trouxe: tal atitude resultou em repreens\u00e3o do editor da revista por um certo comando militar. De qualquer forma, as fotos e um texto sobre o pouco que sab\u00edamos na \u00e9poca a respeito da opera\u00e7\u00e3o foram publicados. Evidentemente, os oficiais que integraram a opera\u00e7\u00e3o n\u00e3o apreciaram tal fato, em especial o comandante do 1\u00ba COMAR, que havia determinado a cria\u00e7\u00e3o do projeto e estabelecido que o mesmo fosse mantido em segredo. Mas nenhum militar foi punido em raz\u00e3o da publica\u00e7\u00e3o daquele material em Ufologia Nacional &amp; Internacional, pois nunca se soube quem era nossa fonte de informa\u00e7\u00e3o. N\u00e3o era Hollanda, ao contr\u00e1rio do que muitos pensaram.<\/p>\n<p>Apesar das dificuldades inerentes a uma revela\u00e7\u00e3o como aquela, nos prim\u00f3rdios de nossa trajet\u00f3ria, nossos leitores tomaram conhecimento de que uma miss\u00e3o de investiga\u00e7\u00e3o oficial de objetos voadores n\u00e3o identificados, conduzida pela FAB, foi realizada na Amaz\u00f4nia em sigilo, resultando em experi\u00eancias diversas vividas pelos militares envolvidos e na confirma\u00e7\u00e3o n\u00e3o s\u00f3 da realidade do fen\u00f4meno em si, mas tamb\u00e9m de sua origem extraterrestre. Nem o pr\u00f3prio Hollanda, que n\u00e3o conhec\u00edamos na \u00e9poca, chegou a se irritar com a publica\u00e7\u00e3o do material, pois julgou importante que todos soubessem dos fatos, como admitiu anos depois, na entrevista que daria \u00e0 Revista Ufo, em 1997. \u201cA publica\u00e7\u00e3o fez seu papel, doa a quem doer. Tem gente que n\u00e3o gostou, \u00e9 claro. Mas, assim como eu, v\u00e1rios outros militares acharam que a medida foi acertada\u201d, disse Hollanda ao editor Gevaerd.<\/p>\n<p>Alguns meses depois, j\u00e1 baixada a poeira, Hollanda, ainda com patente de capit\u00e3o, passou a acompanhar as edi\u00e7\u00f5es da revista, discretamente, constatando de longe a seriedade do trabalho desenvolvido pela Equipe Ufo. Nosso interesse por informa\u00e7\u00f5es mais detalhadas sobre a Opera\u00e7\u00e3o Prato nos levou a contat\u00e1-lo em Bel\u00e9m, em 1988, em seu posto no 1\u00ba COMAR. O capit\u00e3o nos recebeu com formalidade, mas amig\u00e1vel. Evidentemente, n\u00e3o p\u00f4de nos dar os dados que busc\u00e1vamos, mas notou nossa insist\u00eancia em ver o assunto disseminado atrav\u00e9s da publica\u00e7\u00e3o. Por isso, tentamos ainda um novo contato no in\u00edcio dos anos 90, j\u00e1 no Rio de Janeiro, quando o oficial estava em vias de se aposentar. Nessa ocasi\u00e3o, num encontro casual, trocamos algumas id\u00e9ias sobre o Fen\u00f4meno UFO, mas nada mais consistente. Ainda n\u00e3o seria dessa vez que ter\u00edamos conhecimento dos detalhes das descobertas da FAB na Amaz\u00f4nia.<\/p>\n<p>A hora certa chegaria em junho de 1997, por iniciativa do pr\u00f3prio Hollanda, motivado por uma reportagem que assistira no programa Fant\u00e1stico. Numa mat\u00e9ria espec\u00edfica sobre o sigilo imposto aos discos voadores pelos governos \u2013 especialmente no Brasil \u2013 o editor de Ufo declarou fatos sobre a Opera\u00e7\u00e3o Prato e mostrou alguns poucos documentos que a equipe tinha na \u00e9poca. Na segunda-feira imediatamente ap\u00f3s o programa ter ido ao ar, Hollanda, j\u00e1 na reserva, viu que era hora de quebrar o sil\u00eancio.<\/p>\n<p><a name=\"missao\"><\/a><\/p>\n<h3>Miss\u00e3o cumprida<\/h3>\n<p>Aposentado desde 1992, ele nos telefonou para elogiar a atua\u00e7\u00e3o da revista e para retomar o contato e colocar-se \u00e0 nossa disposi\u00e7\u00e3o. Disse que j\u00e1 havia passado bastante tempo desde a opera\u00e7\u00e3o, e que julgava ter chegado a hora de romper o sil\u00eancio. \u201cEstou na reserva, cumpri minha miss\u00e3o para com a Aeron\u00e1utica. O que eles podem me fazer? Prender? Duvido!\u201d, disse, quando questionamos sobre a possibilidade dele sofrer puni\u00e7\u00f5es de seus superiores quanto \u00e0 atitude de nos revelar os fatos.<\/p>\n<p>A decis\u00e3o de Hollanda era corajosa e absolutamente sem precedentes na Ufologia Brasileira. Nunca, em momento algum, um militar tinha tomado tal resolu\u00e7\u00e3o. Assim, com seu consentimento, colocamos o rep\u00f3rter e editor do Fant\u00e1stico Luiz Petry e a jornalista Bia Cardoso, da Manchete, em contato com ele. Esses profissionais foram os primeiros a chegar em Cabo Frio e entrevistar Hollanda. Com isso, cumpr\u00edamos nossa obriga\u00e7\u00e3o de informar \u00e0 imprensa fatos significativos dentro do mundo ufol\u00f3gico. T\u00ednhamos consci\u00eancia de que, por mais que pud\u00e9ssemos \u2013 e f\u00f4ssemos tentados \u2013 a guardar para a Revista Ufo a exclusividade de tais informa\u00e7\u00f5es, numa esp\u00e9cie de \u201cfuro\u201d mundial de reportagem, n\u00e3o t\u00ednhamos esse direito. Ufo tinha, sim, a obriga\u00e7\u00e3o de dar todos os detalhes, todas as min\u00facias ao seus leitores. Mas a imprensa precisava levar tais fatos, ainda que de maneira bem mais reduzida, \u00e0 toda popula\u00e7\u00e3o. Seguindo esse mesmo princ\u00edpio, a publica\u00e7\u00e3o consentiu que a entrevista que fez com Hollanda fosse in\u00fameras vezes reproduzida em revistas e sites da internet, em todo o mundo.<\/p>\n<p>Mais do que um entrevistado, Hollanda transformou-se num querido amigo de v\u00e1rios integrantes da Equipe Ufo e aceitou, sem vacilar, o convite que formulamos para vir a ser um dos consultores da publica\u00e7\u00e3o, o que n\u00e3o chegou a se efetivar em raz\u00e3o de seu suic\u00eddio. Experi\u00eancia n\u00e3o lhe faltava, pois, em seus quatro meses de<\/p>\n<p>Opera\u00e7\u00e3o Prato, al\u00e9m de muitos outros passados na selva em miss\u00f5es onde o Fen\u00f4meno UFO estava presente, teve a oportunidade n\u00e3o apenas de conhecer detalhes \u00edntimos sobre o assunto, mas de viver pessoalmente dezenas de espetaculares experi\u00eancias com objetos enormes e \u00e0 curta dist\u00e2ncia.<\/p>\n<p><a name=\"30andares\"><\/a><\/p>\n<h3>Naves de 30 andares<\/h3>\n<p>Hollanda se recorda dos detalhes de ocorr\u00eancias assustadoras passadas na selva, onde avistou diversos UFOs, desde \u201cobjetos cil\u00edndricos do tamanho de pr\u00e9dios de 30 andares, que se aproximavam a n\u00e3o mais do que 100 m de onde estava\u201d, disse, at\u00e9 as enigm\u00e1ticas e onipresentes sondas ufol\u00f3gicas. Na \u00e9poca em que o entrevistamos, Hollanda estava casado pela segunda vez e vivendo uma vida pacata de aposentado em Cabo Frio, ap\u00f3s 36 anos de atividade militar \u2013 nos quais desenvolveu fun\u00e7\u00f5es que v\u00e3o desde chefe do Servi\u00e7o de Intend\u00eancia do 1\u00ba COMAR a comandante do Servi\u00e7o de Opera\u00e7\u00f5es de Informa\u00e7\u00e3o (A2) e coordenador de Opera\u00e7\u00f5es Especiais de Selva.<\/p>\n<p>Hollanda era um homem realizado \u2013 poucos tiveram a vida que ele teve. E era bastante franco tamb\u00e9m. \u201cGevaerd, a Opera\u00e7\u00e3o Prato tinha o objetivo de desmistificar aqueles fen\u00f4menos na Amaz\u00f4nia. Eu mesmo era c\u00e9tico a respeito disso\u201d, disse, logo no princ\u00edpio da entrevista, informando que ele fora designado por conhecer como nenhum outro militar a regi\u00e3o afetada. \u201cMas depois de algumas semanas de trabalho na \u00e1rea, quando os UFOs come\u00e7aram a aparecer de todos os lados, enormes ou pequenos, perto ou longe, n\u00e3o tive mais d\u00favidas\u201d, desabafou, admitindo que se convenceu da realidade dos fatos na Amaz\u00f4nia.<\/p>\n<p>\u00c9 esse incr\u00edvel personagem, agora eterna refer\u00eancia na Ufologia, quem deu a maior contribui\u00e7\u00e3o que essa disciplina receberia em nosso pa\u00eds, em mais de cinco d\u00e9cadas de atividades. Por\u00e9m, a Comunidade Ufol\u00f3gica Brasileira mal chegou a conhecer o homem a quem passou a dever tanto desde junho de 1997, quando ele resolveu romper o sigilo. Quatro meses depois, em 02 de outubro, o coronel Uyrang\u00ea Hollanda cometeu suic\u00eddio. Tinha feito outras tr\u00eas tentativas anteriores, pois era v\u00edtima de depress\u00e3o \u2013 sendo que, da \u00faltima, adquiriu um problema na perna que o levara a andar mancando. O coronel deixou filhos de seus dois casamentos, em Bel\u00e9m e no Rio de Janeiro.<\/p>\n<p>Hollanda foi-se desse mundo sem saber que enorme benef\u00edcio o causara. Talvez, se a primeira parte de sua entrevista tivesse sido publicada um pouco antes, ele se sentiria menos deprimido ao ver o respeito com que seus depoimentos e sua coragem foram tratados na Revista Ufo.<\/p>\n<p>Infelizmente, por problemas inerentes a uma publica\u00e7\u00e3o de circula\u00e7\u00e3o nacional, a entrevista com Hollanda s\u00f3 p\u00f4de ser divulgada na edi\u00e7\u00e3o 54, de outubro de 1997, indo \u00e0s bancas no dia 12 daquele m\u00eas \u2013 precisamente 10 dias ap\u00f3s seu falecimento. J\u00e1 n\u00e3o havia mais tempo de parar as m\u00e1quinas gr\u00e1ficas para incluir, na edi\u00e7\u00e3o, a triste nota. Ela teve que ser publicada junto da segunda parte do material, na edi\u00e7\u00e3o 55, de novembro. \u201cCarrego comigo at\u00e9 hoje a impress\u00e3o de que, se tivesse conseguido publicar a entrevista pelo menos uma edi\u00e7\u00e3o antes, em Ufo 53, Hollanda, ao ver o que escrevi a seu respeito e a contribui\u00e7\u00e3o que estava dando \u00e0 Ufologia Brasileira, n\u00e3o teria tirado sua vida\u201d, declara o editor Gevaerd. Lamentavelmente, a hist\u00f3ria n\u00e3o pode ser mudada.<\/p>\n<div id=\"attachment_3315\" style=\"width: 410px\" class=\"wp-caption aligncenter\"><img aria-describedby=\"caption-attachment-3315\" loading=\"lazy\" class=\"wp-image-3315 size-full\" src=\"https:\/\/www.fenomenum.com.br\/novo\/wp-content\/uploads\/2022\/03\/hollanda1.jpg\" alt=\"\" width=\"400\" height=\"320\" srcset=\"https:\/\/www.fenomenum.com.br\/novo\/wp-content\/uploads\/2022\/03\/hollanda1.jpg 400w, https:\/\/www.fenomenum.com.br\/novo\/wp-content\/uploads\/2022\/03\/hollanda1-250x200.jpg 250w, https:\/\/www.fenomenum.com.br\/novo\/wp-content\/uploads\/2022\/03\/hollanda1-150x120.jpg 150w, https:\/\/www.fenomenum.com.br\/novo\/wp-content\/uploads\/2022\/03\/hollanda1-50x40.jpg 50w, https:\/\/www.fenomenum.com.br\/novo\/wp-content\/uploads\/2022\/03\/hollanda1-100x80.jpg 100w, https:\/\/www.fenomenum.com.br\/novo\/wp-content\/uploads\/2022\/03\/hollanda1-200x160.jpg 200w, https:\/\/www.fenomenum.com.br\/novo\/wp-content\/uploads\/2022\/03\/hollanda1-300x240.jpg 300w, https:\/\/www.fenomenum.com.br\/novo\/wp-content\/uploads\/2022\/03\/hollanda1-350x280.jpg 350w\" sizes=\"(max-width: 400px) 100vw, 400px\" \/><p id=\"caption-attachment-3315\" class=\"wp-caption-text\">Coronel Hollanda, por ocasi\u00e3o da hist\u00f3rica entrevista para a Revista UFO.<\/p><\/div>\n<h2><\/h2>\n<p>Conhe\u00e7a este caso mais detalhadamente acessando nosso menu abaixo:<\/p>\n<hr \/>\n<h3><a title=\"Morte na Ilha do Carangueijo\" href=\"https:\/\/www.fenomenum.com.br\/chupa-chupa1\/\">Morte na Ilha do Caranguejo\u00a0<\/a><\/h3>\n<p><i>O Caso da Ilha do Caranguejo \u00e9 o marco inicial de uma onda de a\u00e7\u00f5es nocivas por parte de OVNIs, no Par\u00e1 e Maranh\u00e3o.<\/i><\/p>\n<hr \/>\n<h3><a title=\"O In\u00edcio do Fen\u00f4meno Chupa-Chupa\" href=\"https:\/\/www.fenomenum.com.br\/chupa-chupa2\/\">O In\u00edcio do Fen\u00f4meno Chupa-Chupa<\/a><\/h3>\n<p><em>O misterioso fen\u00f4meno Chupa-Chupa come\u00e7ou de forma mais intensa em meados de julho de 1977.<\/em><\/p>\n<hr \/>\n<h3><a title=\"A Fase Gurupi, do Chupa-Chupa\" href=\"https:\/\/www.fenomenum.com.br\/chupa-chupa3\/\">A Fase Gurupi, do Fen\u00f4meno Chupa-chupa<\/a><\/h3>\n<p><i>Na Fase Gurupi, os casos concentram-se na regi\u00e3o do Rio Gurupi, divisa entre Maranh\u00e3o e Par\u00e1. S\u00e3o Vicente Ferrer, Pinheiro e S\u00e3o Bento concentraram a maioria dos casos.<\/i><\/p>\n<hr \/>\n<h3><a title=\"O Fen\u00f4meno Chupa-chupa e a fase da Ba\u00eda do Sol\" href=\"https:\/\/www.fenomenum.com.br\/chupa-chupa4\/\">O Fen\u00f4meno Chupa-Chupa e a fase da Ba\u00eda do Sol<\/a><\/h3>\n<p><i>Com a evolu\u00e7\u00e3o do Fen\u00f4meno, as coisas tornaram-se mais calmas no Maranh\u00e3o e o foco das ocorr\u00eancias passou a ser o Norte do Par\u00e1, na chamada Fase da Ba\u00eda do Sol.<\/i><\/p>\n<hr \/>\n<h3><a title=\"A Opera\u00e7\u00e3o Prato\" href=\"https:\/\/www.fenomenum.com.br\/chupa-chupa5\/\">A Opera\u00e7\u00e3o Prato<\/a><\/h3>\n<p><em>Com a intensifica\u00e7\u00e3o dos casos, a For\u00e7a A\u00e9rea Brasileira iniciou uma opera\u00e7\u00e3o para investigar as estranhas ocorr\u00eancias.<\/em><\/p>\n<hr \/>\n<h3><a href=\"https:\/\/www.fenomenum.com.br\/chupa-chupa6\/\">Coronel Uyrang\u00ea Hollanda, comandante da Opera\u00e7\u00e3o Prato<\/a><\/h3>\n<p><em>Saiba mais sobre o Coronel Hollanda, comandante da Opera\u00e7\u00e3o Prato.<\/em><\/p>\n<hr \/>\n<h3><a title=\"Os Documentos Oficiais da Opera\u00e7\u00e3o Prato\" href=\"https:\/\/www.fenomenum.com.br\/chupa-chupa7\/\">Os Documentos Oficiais da Opera\u00e7\u00e3o Prato<\/a><\/h3>\n<p><em>A Opera\u00e7\u00e3o Prato, organizada pela For\u00e7a A\u00e9rea Brasileira para investigar os casos agressivos envolvendo UFOs ao norte do Par\u00e1 e Maranh\u00e3o, gerou farta documenta\u00e7\u00e3o.\u00a0<\/em><\/p>\n<hr \/>\n<h3><a title=\"Fotografias de UFOs Feitas Durante a Opera\u00e7\u00e3o Prato\" href=\"https:\/\/www.fenomenum.com.br\/chupa-chupa8\/\">As Fotografias da Opera\u00e7\u00e3o Prato<\/a><\/h3>\n<p><em>Conjunto de algumas das fotografias e frames de filmagens dos objetos envolvidos nos ataques.<\/em><\/p>\n<hr \/>\n<h3><a href=\"https:\/\/www.fenomenum.com.br\/8\/\">Caracter\u00edsticas e Padr\u00f5es do Chupa-Chupa<\/a><\/h3>\n<p><em>Padr\u00f5es e caracter\u00edsticas not\u00e1veis envolvendo o Chupa-Chupa.<\/em><\/p>\n<hr \/>\n<h3><a href=\"https:\/\/www.fenomenum.com.br\/chupa-chupa10\/\">Depoimentos de Testemunhas do Chupa-Chupa<\/a><\/h3>\n<p><em>Conjunto de testemunhos envolvendo o Chupa-chupa.<\/em><\/p>\n<hr \/>\n<h3><a href=\"https:\/\/www.fenomenum.com.br\/chupa-chupa11\/\"> Reportagens de Jornal<\/a><\/h3>\n<p><em>Colet\u00e2nea de reportagens de jornais de \u00e9poca.<\/em><\/p>\n<hr \/>\n<h3><a href=\"https:\/\/www.fenomenum.com.br\/chupa-chupa12\/\">Entrevista com Daniel Rebisso Giese<\/a><\/h3>\n<p><em>Daniel Rebisso Giese &#8211; Boliviano de nascimento, \u00e9 biom\u00e9dico e funcion\u00e1rio do Governo do Par\u00e1, na \u00e1rea da sa\u00fade, o que lhe propiciou encontrar-se v\u00e1rias vezes, como profissional, com dezenas de testemunhas e v\u00edtimas de ocorr\u00eancias ufol\u00f3gicas, algumas com quadros cl\u00ednicos at\u00e9 graves. \u00c9 autor do livro \u201cVampiros Extraterrestres na Amaz\u00f4nia\u201d edi\u00e7\u00e3o do pr\u00f3prio autor, Bel\u00e9m (PA) 1991. Conferencista e palestrante de in\u00fameros cursos e congressos de Ufologia, Daniel foi colaborador dos jornais O Estado do Paran\u00e1 e Di\u00e1rio do Par\u00e1. Possui artigos publicados nas revistas UFO, Planeta, e Cuarta Dimension (Argentina).<\/em><\/p>\n<hr \/>\n<h3><a href=\"https:\/\/www.fenomenum.com.br\/chupa-chupa13\/\">Entrevista com a Dra. Wellaide Cescim de Carvalho<\/a><\/h3>\n<p><em>Wellaide Cecim Carvalho &#8211; m\u00e9dica sanitarista e diretora do Departamento de Programas Espaciais da Secretaria Municipal de Sa\u00fade de Bel\u00e9m (PA), foi uma das raras profissionais da \u00e1rea de sa\u00fade a ter um contato direto com as v\u00edtimas de radia\u00e7\u00f5es emitidas por UFOs. Wellaide teve uma oportunidade \u00edmpar durante sua perman\u00eancia na Unidade Sanit\u00e1ria de Colares, quando assumia as responsabilidades de sa\u00fade da ilha.<\/em><\/p>\n<hr \/>\n<h3><a href=\"https:\/\/www.fenomenum.com.br\/chupa-chupa14\/\">Entrevista com o Coronel Uyrang\u00ea Hollanda<\/a><\/h3>\n<p><em>Uyrang\u00ea Bol\u00edvar Soares Nogueira de Hollanda Lima &#8211; Este \u00e9 o nome do primeiro oficial de nossas for\u00e7as armadas a vir a p\u00fablico falar sobre as atividades de pesquisas ufol\u00f3gicas desenvolvidas secretamente no Brasil. Com nome de guerra Hollanda, chegando \u00e0 patente de coronel reformado da For\u00e7a A\u00e9rea Brasileira (FAB), foi ele quem comandou a famosa e pol\u00eamica Opera\u00e7\u00e3o Prato, realizada na Amaz\u00f4nia entre setembro e dezembro de 1977. Foi ele quem estruturou, organizou e colheu os espantosos resultados desse que foi o \u00fanico projeto do g\u00eanero de que se t\u00eam not\u00edcias em nosso pa\u00eds.<\/em><\/p>\n<hr \/>\n<h3><a href=\"https:\/\/www.fenomenum.com.br\/entrevista-com-o-jornalista-carlos-mendes\/\">Entrevista com o Jornalista Carlos Mendes<\/a><\/h3>\n<p><em>Carlos Mendes &#8211; Rep\u00f3rter do jornal O Liberal, de Bel\u00e9m, que cobriu o fen\u00f4meno Chupa-chupa.<\/em><\/p>\n<hr \/>\n<p><a href=\"https:\/\/www.fenomenum.com.br\/chupa-chupa16\/\">Entrevista com o piloto Ubiratan Pin\u00f3n Frias<\/a><\/p>\n<p><em>Ubiratan Pinon Frias, piloto comercial e amigo de Hollanda. Participou da Opera\u00e7\u00e3o Prato.<\/em><\/p>\n<hr \/>\n<h3><a href=\"https:\/\/www.fenomenum.com.br\/chupa-chupa17\/\">Os Anos Seguintes<\/a><\/h3>\n<p><em>Embora a grande onda ufol\u00f3gica relacionada ao chupa-chupa tenha ocorrido na segunda metade de 1977 e come\u00e7o de 1978, in\u00fameros casos ocorreram ap\u00f3s este per\u00edodo. Embora a Opera\u00e7\u00e3o Prato tenha sido encerrada prematuramente, os militares continuaram investigando casos na regi\u00e3o durante o ano seguinte. Al\u00e9m disso, in\u00fameros fatos posteriores chamam a aten\u00e7\u00e3o.<\/em><\/p>\n<hr \/>\n<h3><a href=\"https:\/\/www.fenomenum.com.br\/chupa-chupa18\/\">Filmes e Document\u00e1rios sobre o Chupa-Chupa<\/a><\/h3>\n<p><em>Acesse aqui filmes e document\u00e1rios sobre o Chupa-chupa e a Opera\u00e7\u00e3o Prato<\/em><\/p>\n<hr \/>\n<p>&nbsp;<\/p>\n<h2><\/h2>\n<h2><\/h2>\n<h2>Refer\u00eancias:<\/h2>\n<hr \/>\n<ol>\n<li><\/li>\n<li>PRATT, Bob. Perigo Alien\u00edgena no Brasil. Tradu\u00e7\u00e3o de Marcos Malvezzi Leal. Campo Grande: CBPDV, 2003.<\/li>\n<li>PETIT, Marco Antonio. UFOs: Arquivo Confidencial. Campo Grande: CBPDV, 2007<\/li>\n<li>RANGEL, M\u00e1rio. Sequestros Alien\u00edgenas. Campo Grande: CBPDV, 2007<\/li>\n<li>GIESE, Daniel Rebisso. O Fen\u00f4meno &#8220;Chupa-chupa&#8221;, na Amaz\u00f4nia. Revista UFO, Campo Grande, n\u00ba 7, p.13-14, abr\/jun 1989.<\/li>\n<li>ATHAYDE, Reginaldo. Extraterrestres atacam e matam no nordeste. Revista UFO, Campo Grande, n\u00ba 7, p.7-11, abr\/jun 1989.<\/li>\n<li>CPDV. Fotos de OVNIs da For\u00e7a A\u00e9rea Brasileira (FAB). Ufologia Nacional e Internacional, Campo Grande, n\u00ba 3, p. 10-11, julho\/agosto 1985.<\/li>\n<li>GIESE, Daniel Rebisso. Observa\u00e7\u00f5es ufol\u00f3gicas no Litoral Paraense. Ufologia Nacional e Internacional, Campo Grande, n\u00ba 3, p. 11-12, julho\/agosto 1985.<\/li>\n<li>GIESE, Daniel. O Fen\u00f4meno &#8220;Chupa-Chupa&#8221;: OVNIs atemorizam o estado do Par\u00e1. Ufologia Nacional e Internacional, Campo Grande, n\u00ba 5, p. 09-15, nov\/dez 1985.<\/li>\n<li>GIESE, Daniel. Novidades no Fen\u00f4meno &#8220;Chupa-Chupa&#8221;. Ufologia Nacional e Internacional, Campo Grande, n\u00ba 7, p. 14-15, mar\u00e7o 1986.<\/li>\n<li>AGHATOS, Stelio e OLIVEIRA, Daniela. UFOs Rondam a Floresta Amaz\u00f4nica. Revista UFO, Campo Grande, n\u00ba 39, p. 8-11, Agosto de 1995.<\/li>\n<li>EQUIPE UFO. Coronel Rompe Sil\u00eancio sobre UFOs. Revista UFO, Campo Grande, n\u00ba 54, p. 18-27, outubro de 1997.<\/li>\n<li>EQUIPE UFO. Os Resultados da Opera\u00e7\u00e3o Prato. Revista UFO, Campo Grande, n\u00ba 55, p. 46-52, novembro de 1997.<\/li>\n<li>SILVESTRE, Fabiana. UFOs Rondam a Floresta Amaz\u00f4nica. Revista UFO, Campo Grande, n\u00ba 75, p. 10-18, novembro de 2000.<\/li>\n<li>EQUIPE UFO. Alien\u00edgenas Representam Perigo no Nordeste. Revista UFO, Campo Grande, n\u00ba 86, p. 8-11, abril de 2003.<\/li>\n<li>MAUSO, Pablo Villarrubia. O Mist\u00e9rio das Luzes Assassinas na Amaz\u00f4nia. Revista UFO, Campo Grande, n\u00ba 86, p. 32-35, abril de 2003.<\/li>\n<li>STABOLITO, Reinaldo. Pol\u00edtica de Acobertamento: A Pol\u00edtica Internacional de Sigilo ao Fen\u00f4meno UFO \u00e9 Imposi\u00e7\u00e3o do Governo Norte-Americano. Revista UFO, Campo Grande, n\u00ba 99, p. 16-21, maio de 2004.<\/li>\n<li>EQUIPE UFO. Aliens Rondam a Floresta Amaz\u00f4nica. Revista UFO, Campo Grande, n\u00ba 101, p. 08-27, julho de 2004.<\/li>\n<li>GEVAERD, A. J. A Profundidade dos Casos Registrados na Amaz\u00f4nia. Revista UFO, Campo Grande, n\u00ba 114, p. 10-13, setembro de 2005.<\/li>\n<li>GEVAERD, A. J. Amaz\u00f4nia &#8211; Campo de Experimento de Seres Alien\u00edgenas. Revista UFO, Campo Grande, n\u00ba 114, p. 14-16, setembro de 2005.<\/li>\n<li>GEVAERD, A. J. Na Selva, UFOs deslumbram e amedrontam com seus v\u00f4os rasantes e ataques impiedosos. Revista UFO, Campo Grande, n\u00ba 114, p. 16-29, setembro de 2005.<\/li>\n<li>GOMES, Evelin. Atividades extraterrestres ainda s\u00e3o registradas em Colares ap\u00f3s anos dos primeiros contatos. Revista UFO, Campo Grande, n\u00ba 114, p. 26-27, setembro de 2005.<\/li>\n<li>GEVAERD, A. J. Ainda H\u00e1 Muito a Se Pesquisar no Par\u00e1. Revista UFO, Campo Grande, n\u00ba 114, p. 31-35, setembro de 2005.<\/li>\n<li>PETIT, M. A. UFOs no Brasil: \u00c9 hora de nossos militares encararem a verdade. Revista UFO, Campo Grande, n\u00ba 115, p. 16-22, outubro de 2005.<\/li>\n<li>EQUIPE UFO. Dossi\u00ea Amaz\u00f4nia: Continua a busca de informa\u00e7\u00f5es sobre as a\u00e7\u00f5es militares na regi\u00e3o. Revista UFO, Campo Grande, n\u00ba 115, p. 26-35, outubro de 2005.<\/li>\n<li>EQUIPE UFO. O Impressionante Depoimento da M\u00e9dica que Atendeu as V\u00edtimas do Chupa-chupa. Revista UFO, Campo Grande, n\u00ba 116, p. 20-29, novembro de 2005.<\/li>\n<li>CHAVES, Pepe. Como as assombra\u00e7\u00f5es da Amaz\u00f4nia se tornaram as assombra\u00e7\u00f5es de um homem: Coronel Uyrange Hollanda. Revista UFO, Campo Grande, n\u00ba 116, p. 30-36, novembro de 2005.<\/li>\n<li>PETIT, M. A. Dossi\u00ea Amaz\u00f4nia: O ultimo depoimento de Uyrang\u00ea Hollanda fornece inspira\u00e7\u00e3o para reflex\u00f5es. Revista UFO, Campo Grande, n\u00ba 117, p. 14-20, dezembro de 2005.<\/li>\n<li>ATHAYDE, Reginaldo. Os ataques do chupa-chupa come\u00e7aram no Cear\u00e1. Revista UFO, Campo Grande, n\u00ba 117, p. 22-23, dezembro de 2005.<\/li>\n<li>GEVAERD, A. J. N\u00e3o cedi \u00e0s press\u00f5es dos militares. Revista UFO, Campo Grande, n\u00ba 117, p. 24-31, dezembro de 2005.<\/li>\n<li><a href=\"http:\/\/www.operacaoprato.com\" target=\"_blank\" rel=\"noopener\">Site Opera\u00e7\u00e3o Prato<\/a><\/li>\n<li><a href=\"https:\/\/fenomenum.com.br\/documentos\/brasil\/prato\/ACE_3370.83.pdf\" target=\"_blank\" rel=\"noopener\">Arquivo Cronol\u00f3gico de Entrada [ACE 3370\/83] &#8211; (Servi\u00e7o Nacional de Informa\u00e7\u00f5es &#8211; SNI) [82.9 MB &#8211; 86 p\u00e1ginas<\/a><\/li>\n<li><a href=\"https:\/\/fenomenum.com.br\/documentos\/brasil\/prato\/Opera\u00e7\u00e3o Prato - 01.01.01 - Relat\u00f3rio de Miss\u00e3o 1.pdf\" target=\"_blank\" rel=\"noopener\">Opera\u00e7\u00e3o Prato &#8211; 01.01.01 &#8211; Relat\u00f3rio de Miss\u00e3o 1 &#8211; (FAB &#8211; 1\u00ba COMAR) [25.9 MB &#8211; 40 p\u00e1ginas]<\/a><\/li>\n<li><a href=\"https:\/\/fenomenum.com.br\/documentos\/brasil\/prato\/Opera\u00e7\u00e3o Prato - 01.01.02 - Relat\u00f3rio de Miss\u00e3o 2.pdf\" target=\"_blank\" rel=\"noopener\">Opera\u00e7\u00e3o Prato &#8211; 01.01.02 &#8211; Relat\u00f3rio de Miss\u00e3o 2 &#8211; (FAB &#8211; 1\u00ba COMAR) [15.1 MB &#8211; 22 p\u00e1ginas]<\/a><\/li>\n<li><a href=\"https:\/\/fenomenum.com.br\/documentos\/brasil\/prato\/Opera\u00e7\u00e3o Prato - 01.02.00 - Informa\u00e7\u00f5es Operacionais 1.pdf\" target=\"_blank\" rel=\"noopener\">Opera\u00e7\u00e3o Prato &#8211; 01.02.00 &#8211; Informa\u00e7\u00f5es Operacionais 1 &#8211; (FAB &#8211; 1\u00ba COMAR) [19.3 MB &#8211; 15 p\u00e1ginas]<\/a><\/li>\n<li><a href=\"https:\/\/fenomenum.com.br\/documentos\/brasil\/prato\/Opera\u00e7\u00e3o Prato - 01.03.00 - Ilustra\u00e7\u00f5es de Ocorr\u00eancias.pdf\" target=\"_blank\" rel=\"noopener\">Opera\u00e7\u00e3o Prato &#8211; 01.03.00 &#8211; Ilustra\u00e7\u00f5es de Ocorr\u00eancias &#8211; (FAB &#8211; 1\u00ba COMAR) &#8211; [22.5 MB &#8211; 52 p\u00e1ginas]<\/a><\/li>\n<li><a href=\"https:\/\/fenomenum.com.br\/documentos\/brasil\/prato\/Opera\u00e7\u00e3o Prato - 02.00.00 - Resumo Cronol\u00f3gico.pdf\" target=\"_blank\" rel=\"noopener\">Opera\u00e7\u00e3o Prato &#8211; 02.00.00 &#8211; Resumo Cronol\u00f3gico &#8211; (FAB &#8211; 1\u00ba COMAR) &#8211; [31.8 MB &#8211; 52 P\u00e1ginas]<\/a><\/li>\n<li><a href=\"https:\/\/fenomenum.com.br\/documentos\/brasil\/prato\/Opera\u00e7\u00e3o Prato - 03.01.01 - Registro de Caso 1.pdf\" target=\"_blank\" rel=\"noopener\">Opera\u00e7\u00e3o Prato &#8211; 03.01.01 &#8211; Registro de Caso 1 &#8211; (FAB &#8211; 1\u00ba COMAR) &#8211; [1.29 MB &#8211; 4 p\u00e1ginas]<\/a><\/li>\n<li><a href=\"https:\/\/fenomenum.com.br\/documentos\/brasil\/prato\/Opera\u00e7\u00e3o Prato - 03.01.02 - Registro de Caso 2.pdf\" target=\"_blank\" rel=\"noopener\">Opera\u00e7\u00e3o Prato &#8211; 03.01.02 &#8211; Registro de Caso 2 &#8211; (FAB &#8211; 1\u00ba COMAR) &#8211; [1.20 MB &#8211; 3 p\u00e1ginas]<\/a><\/li>\n<li><a href=\"https:\/\/fenomenum.com.br\/documentos\/brasil\/prato\/Opera\u00e7\u00e3o Prato - 03.01.03 - Registro de Caso 3.pdf\" target=\"_blank\" rel=\"noopener\">Opera\u00e7\u00e3o Prato &#8211; 03.01.03 &#8211; Registro de Caso 3 &#8211; (FAB &#8211; 1\u00ba COMAR) &#8211; [3.79 MB &#8211; 8 p\u00e1ginas]<\/a><\/li>\n<li><a href=\"https:\/\/fenomenum.com.br\/documentos\/brasil\/prato\/Opera\u00e7\u00e3o Prato - 03.01.04 - Registro de Caso 4.pdf\" target=\"_blank\" rel=\"noopener\">Opera\u00e7\u00e3o Prato &#8211; 03.01.04 &#8211; Registro de Caso 4 &#8211; (FAB &#8211; 1\u00ba COMAR) &#8211; [487 KB &#8211; 1 p\u00e1gina]<\/a><\/li>\n<li><a href=\"https:\/\/fenomenum.com.br\/documentos\/brasil\/prato\/Opera\u00e7\u00e3o Prato - 03.02.01 - Registro de Caso 5.pdf\" target=\"_blank\" rel=\"noopener\">Opera\u00e7\u00e3o Prato &#8211; 03.02.01 &#8211; Registro de Caso 5 &#8211; (FAB &#8211; 1\u00ba COMAR) &#8211; [743 KB &#8211; 2 p\u00e1ginas]<\/a><\/li>\n<li><a href=\"https:\/\/fenomenum.com.br\/documentos\/brasil\/prato\/Opera\u00e7\u00e3o Prato - 03.02.02 - Registro de Caso 6.pdf\" target=\"_blank\" rel=\"noopener\">Opera\u00e7\u00e3o Prato &#8211; 03.02.02 &#8211; Registro de Caso 6 &#8211; (FAB &#8211; 1\u00ba COMAR) &#8211; [399 KB &#8211; 1 p\u00e1gina]<\/a><\/li>\n<li><a href=\"https:\/\/fenomenum.com.br\/documentos\/brasil\/prato\/Opera\u00e7\u00e3o Prato - 03.02.03 - Registro de Caso 7.pdf\" target=\"_blank\" rel=\"noopener\">Opera\u00e7\u00e3o Prato &#8211; 03.02.03 &#8211; Registro de Caso 7 &#8211; (FAB &#8211; 1\u00ba COMAR) &#8211; [337 KB &#8211; 1 p\u00e1gina]<\/a><\/li>\n<li><a href=\"https:\/\/fenomenum.com.br\/documentos\/brasil\/prato\/Opera\u00e7\u00e3o Prato - 03.02.04 - Registro de Caso 8.pdf\" target=\"_blank\" rel=\"noopener\">Opera\u00e7\u00e3o Prato &#8211; 03.02.04 &#8211; Registro de Caso 8 &#8211; (FAB &#8211; 1\u00ba COMAR) &#8211; [1.59 MB &#8211; 3 p\u00e1ginas]<\/a><\/li>\n<li><a href=\"https:\/\/fenomenum.com.br\/documentos\/brasil\/prato\/Opera\u00e7\u00e3o Prato - 03.02.05 - Registro de Caso 9.pdf\" target=\"_blank\" rel=\"noopener\">Opera\u00e7\u00e3o Prato &#8211; 03.02.05 &#8211; Registro de Caso 9 &#8211; (FAB &#8211; 1\u00ba COMAR) &#8211; [4.00 MB &#8211; 9 p\u00e1ginas]<\/a><\/li>\n<li><a href=\"https:\/\/fenomenum.com.br\/documentos\/brasil\/prato\/Opera\u00e7\u00e3o Prato - 03.02.06 - Relat\u00f3rio Adicional 1.pdf\" target=\"_blank\" rel=\"noopener\">Opera\u00e7\u00e3o Prato &#8211; 03.02.06 &#8211; Relat\u00f3rio Adicional 1 &#8211; (FAB &#8211; 1\u00ba COMAR) &#8211; [3.02 MB &#8211; 6 p\u00e1ginas]<\/a><\/li>\n<li><a href=\"https:\/\/fenomenum.com.br\/documentos\/brasil\/prato\/Opera\u00e7\u00e3o Prato - 03.02.07 - Relat\u00f3rio Adicional 2.pdf\" target=\"_blank\" rel=\"noopener\">Opera\u00e7\u00e3o Prato &#8211; 03.02.07 &#8211; Relat\u00f3rio Adicional 2 &#8211; (FAB &#8211; 1\u00ba COMAR) &#8211; [412 KB &#8211; 1 p\u00e1gina]<\/a><\/li>\n<li><a href=\"https:\/\/fenomenum.com.br\/documentos\/brasil\/prato\/Opera\u00e7\u00e3o Prato - 03.02.08 - Relat\u00f3rio Adicional 3.pdf\" target=\"_blank\" rel=\"noopener\">Opera\u00e7\u00e3o Prato &#8211; 03.02.08 &#8211; Relat\u00f3rio Adicional 3 &#8211; (FAB &#8211; 1\u00ba COMAR) &#8211; [463 KB &#8211; 1 p\u00e1gina]<\/a><\/li>\n<li><a href=\"https:\/\/fenomenum.com.br\/documentos\/brasil\/prato\/Opera\u00e7\u00e3o Prato - 03.02.09 - Relat\u00f3rio Adicional 4.pdf\" target=\"_blank\" rel=\"noopener\">Opera\u00e7\u00e3o Prato &#8211; 03.02.09 &#8211; Relat\u00f3rio Adicional 4 &#8211; (FAB &#8211; 1\u00ba COMAR) &#8211; [437 KB &#8211; 1 p\u00e1gina]<\/a><\/li>\n<li><a href=\"https:\/\/fenomenum.com.br\/documentos\/brasil\/prato\/Opera\u00e7\u00e3o Prato - 04.00.00 - Folha de Ocorr\u00eancias 1.pdf\" target=\"_blank\" rel=\"noopener\">Opera\u00e7\u00e3o Prato &#8211; 04.00.00 &#8211; Folha de Ocorr\u00eancias 1 &#8211; (FAB &#8211; 1\u00ba COMAR) &#8211; [2.72 MB &#8211; 5 p\u00e1ginas]<\/a><\/li>\n<li><a href=\"https:\/\/fenomenum.com.br\/documentos\/brasil\/prato\/Opera\u00e7\u00e3o Prato - 05.00.00 - Informe Especial 1.pdf\" target=\"_blank\" rel=\"noopener\">Opera\u00e7\u00e3o Prato &#8211; 05.00.00 &#8211; Informe Especial 1 &#8211; (FAB &#8211; 1\u00ba COMAR) &#8211; [11.2 MB &#8211; 15 p\u00e1ginas]<\/a><\/li>\n<li><a href=\"https:\/\/fenomenum.com.br\/documentos\/brasil\/prato\/Opera\u00e7\u00e3o Prato - 06.00.00 - \u00d3rg\u00e3os de Informa\u00e7\u00e3o 1.pdf\" target=\"_blank\" rel=\"noopener\">Opera\u00e7\u00e3o Prato &#8211; 06.00.00 &#8211; \u00d3rg\u00e3os de Informa\u00e7\u00e3o 1 &#8211; (FAB &#8211; 1\u00ba COMAR) &#8211; [1.13 MB &#8211; 2 p\u00e1ginas]<\/a><\/li>\n<li><a href=\"https:\/\/fenomenum.com.br\/documentos\/brasil\/prato\/Opera\u00e7\u00e3o Prato - 07.01.00 - Disposi\u00e7\u00f5es Gerais 1.pdf\" target=\"_blank\" rel=\"noopener\">Opera\u00e7\u00e3o Prato &#8211; 07.01.00 &#8211; Disposi\u00e7\u00f5es Gerais 1 &#8211; (FAB &#8211; 1\u00ba COMAR) &#8211; [0.99 MB &#8211; 2 p\u00e1ginas]<\/a><\/li>\n<li><a href=\"https:\/\/fenomenum.com.br\/documentos\/brasil\/prato\/Opera\u00e7\u00e3o Prato - 07.02.00 - Relat\u00f3rio Geral 1.pdf\" target=\"_blank\" rel=\"noopener\">Opera\u00e7\u00e3o Prato &#8211; 07.02.00 &#8211; Relat\u00f3rio Geral 1 &#8211; (FAB &#8211; 1\u00ba COMAR) &#8211; [115 MB &#8211; 160 p\u00e1ginas]<\/a><\/li>\n<li><a href=\"https:\/\/fenomenum.com.br\/documentos\/brasil\/prato\/fotografias_op_prato.pdf\" target=\"_blank\" rel=\"noopener\">Fotografias da Opera\u00e7\u00e3o Prato &#8211; [683 Kb &#8211; 18 p\u00e1ginas]<\/a><\/li>\n<li><a href=\"https:\/\/fenomenum.com.br\/documentos\/brasil\/prato\/FOTOS_OP_PORTAL_BURN.pdf\" target=\"_blank\" rel=\"noopener\">Fotografias da Opera\u00e7\u00e3o Prato [BURN] &#8211; [25.7 MB &#8211; 86 p\u00e1ginas]<\/a><\/li>\n<li><a href=\"https:\/\/fenomenum.com.br\/documentos\/brasil\/prato\/Relatorio 1- Relatorio de Missao - Parte Informativa -VERSAO INEDITA.pdf\" target=\"_blank\" rel=\"noopener\">Relatorio 1- Relatorio de Missao &#8211; Parte Informativa -VERSAO INEDITA<\/a><\/li>\n<li><a href=\"https:\/\/fenomenum.com.br\/documentos\/brasil\/prato\/Relatorio 2 - Relatorio de Missao - II - Parte Informativa - VERSAO INEDITA.pdf\" target=\"_blank\" rel=\"noopener\">Relatorio 2 &#8211; Relatorio de Missao &#8211; II &#8211; Parte Informativa &#8211; VERSAO INEDITA<\/a><\/li>\n<li><a href=\"https:\/\/fenomenum.com.br\/documentos\/brasil\/prato\/Relatorio 3 - Relatorio de Missao - Umbituba.pdf\" target=\"_blank\" rel=\"noopener\">Relatorio 3 &#8211; Relatorio de Missao &#8211; Umbituba<\/a><\/li>\n<li><a href=\"https:\/\/fenomenum.com.br\/documentos\/brasil\/prato\/Relatorio 4 - Relatorio de Missao - II - Parte Operacional - VERSAO INEDITA.pdf\" target=\"_blank\" rel=\"noopener\">Relatorio 4 &#8211; Relatorio de Missao &#8211; II &#8211; Parte Operacional &#8211; VERSAO INEDITA<\/a><\/li>\n<li><a href=\"https:\/\/fenomenum.com.br\/documentos\/brasil\/prato\/Relatorio 5 - Relatorio de Pescadores.pdf\" target=\"_blank\" rel=\"noopener\">Relatorio 5 &#8211; Relatorio de Pescadores<\/a><\/li>\n<li><a href=\"https:\/\/fenomenum.com.br\/documentos\/brasil\/prato\/Relatorio 6 - Comentarios e Aspecto Psico-Social e Econamico - VERSAO ANTIGA.pdf\" target=\"_blank\" rel=\"noopener\">Relatorio 6 &#8211; Comentarios e Aspecto Psico-Social e Econamico &#8211; VERSAO ANTIGA<\/a><\/li>\n<li><a href=\"https:\/\/fenomenum.com.br\/documentos\/brasil\/prato\/Relatorio 6 - Coment\u00e1rios e Aspecto Psico-Social e Economico - VERSAO INEDITA.pdf\" target=\"_blank\" rel=\"noopener\">Relatorio 6 &#8211; Coment\u00e1rios e Aspecto Psico-Social e Economico &#8211; VERSAO INEDITA<\/a><\/li>\n<li><a href=\"https:\/\/fenomenum.com.br\/documentos\/brasil\/prato\/Relatorio 7 - Relatorio de Missao - I - Parte Informativa - VERSAO INEDITA.pdf\" target=\"_blank\" rel=\"noopener\">Relatorio 7 &#8211; Relatorio de Missao &#8211; I &#8211; Parte Informativa &#8211; VERSAO INEDITA<\/a><\/li>\n<li><a href=\"https:\/\/fenomenum.com.br\/documentos\/brasil\/prato\/Relatorio 8 - Relatorio de Missao - II - Parte Informativa - VERSAO INEDITA.pdf\" target=\"_blank\" rel=\"noopener\">Relatorio 8 &#8211; Relatorio de Missao &#8211; II &#8211; Parte Informativa &#8211; VERSAO INEDITA<\/a><\/li>\n<li><a href=\"https:\/\/fenomenum.com.br\/documentos\/brasil\/prato\/Relatorio 9 - Extra 01 - VERSAO ANTIGA.pdf\" target=\"_blank\" rel=\"noopener\">Relatorio 9 &#8211; Extra 01 &#8211; VERSAO ANTIGA<\/a><\/li>\n<li><a href=\"https:\/\/fenomenum.com.br\/documentos\/brasil\/prato\/Relatorio 9 - Extra 01 - VERSAO INEDITA.pdf\" target=\"_blank\" rel=\"noopener\">Relatorio 9 &#8211; Extra 01 &#8211; VERSAO INEDITA<\/a><\/li>\n<li><a href=\"https:\/\/fenomenum.com.br\/documentos\/brasil\/prato\/Relatorio 10 - Extra 02 - VERSAO ANTIGA.pdf\" target=\"_blank\" rel=\"noopener\">Relatorio 10 &#8211; Extra 02 &#8211; VERSAO ANTIGA<\/a><\/li>\n<li><a href=\"https:\/\/fenomenum.com.br\/documentos\/brasil\/prato\/Relatorio 10 - Extra 02 - VERSAO INEDITA.pdf\" target=\"_blank\" rel=\"noopener\">Relatorio 10 &#8211; Extra 02 &#8211; VERSAO INEDITA<\/a><\/li>\n<li><a href=\"https:\/\/fenomenum.com.br\/documentos\/brasil\/prato\/Relatorio 11 - Extra 03 - VERSAO INEDITA.pdf\" target=\"_blank\" rel=\"noopener\">Relatorio 11 &#8211; Extra 03 &#8211; VERSAO INEDITA<\/a><\/li>\n<li><a href=\"https:\/\/fenomenum.com.br\/documentos\/brasil\/prato\/Relatorio 12 - Extra 04 - VERSAO INEDITA.pdf\" target=\"_blank\" rel=\"noopener\">Relatorio 12 &#8211; Extra 04 &#8211; VERSAO INEDITA<\/a><\/li>\n<li><a href=\"https:\/\/fenomenum.com.br\/documentos\/brasil\/prato\/Relatorio 13 - Extra 05 - VERSAO INEDITA.pdf\" target=\"_blank\" rel=\"noopener\">Relatorio 13 &#8211; Extra 05 &#8211; VERSAO INEDITA<\/a><\/li>\n<li><a href=\"https:\/\/fenomenum.com.br\/documentos\/brasil\/prato\/Relatorio 14 - Extra 06 - VERSAO INEDITA.pdf\" target=\"_blank\" rel=\"noopener\">Relatorio 14 &#8211; Extra 06 &#8211; VERSAO INEDITA<\/a><\/li>\n<li><a href=\"https:\/\/fenomenum.com.br\/documentos\/brasil\/prato\/Relatorio 15 - Relatorio de Missao - Fazenda Jeju.pdf\" target=\"_blank\" rel=\"noopener\">Relatorio 15 &#8211; Relatorio de Missao &#8211; Fazenda Jeju<\/a><\/li>\n<li><a href=\"https:\/\/fenomenum.com.br\/documentos\/brasil\/prato\/Relatorio 16 - Relatorio do Agente - Fazenda Jeju - VERSAO ANTIGA.pdf\" target=\"_blank\" rel=\"noopener\">Relatorio 16 &#8211; Relatorio do Agente &#8211; Fazenda Jeju &#8211; VERSAO ANTIGA<\/a><\/li>\n<li><a href=\"https:\/\/fenomenum.com.br\/documentos\/brasil\/prato\/Relatorio 16 - Relatorio do Agente - Fazenda Jeju - VERSAO INEDITA.pdf\" target=\"_blank\" rel=\"noopener\">Relatorio 16 &#8211; Relatorio do Agente &#8211; Fazenda Jeju &#8211; VERSAO INEDITA<\/a><\/li>\n<li><a href=\"https:\/\/fenomenum.com.br\/documentos\/brasil\/prato\/Relatorio 17 - Relatorio de Missao - Partes Operacional e Informativa - Fazenda Jeju - VERSAO INEDITA.pdf\" target=\"_blank\" rel=\"noopener\">Relatorio 17 &#8211; Relatorio de Missao &#8211; Partes Operacional e Informativa &#8211; Fazenda Jeju &#8211; VERSAO INEDITA<\/a><\/li>\n<li><a href=\"https:\/\/fenomenum.com.br\/documentos\/brasil\/prato\/Relatorio 18 - Relatorio do Agente - Extra 07 - VERSAO INEDITA.pdf\" target=\"_blank\" rel=\"noopener\">Relatorio 18 &#8211; Relatorio do Agente &#8211; Extra 07 &#8211; VERSAO INEDITA<\/a><\/li>\n<li><a href=\"https:\/\/fenomenum.com.br\/documentos\/brasil\/prato\/Relatorio 19 - Relatorio do Agente - Extra 08 - VERSAO INEDITA.pdf\" target=\"_blank\" rel=\"noopener\">Relatorio 19 &#8211; Relatorio do Agente &#8211; Extra 08 &#8211; VERSAO INEDITA<\/a><\/li>\n<li><a href=\"https:\/\/fenomenum.com.br\/documentos\/brasil\/prato\/Relatorio 20 - Relatorio do Agente - Extra - VERSAO INEDITA.pdf\" target=\"_blank\" rel=\"noopener\">Relatorio 20 &#8211; Relatorio do Agente &#8211; Extra &#8211; VERSAO INEDITA<\/a><\/li>\n<li><a href=\"https:\/\/fenomenum.com.br\/documentos\/brasil\/prato\/Relatorio 21 - Relatorio do Agente - Extra 09 - VERSAO INEDITA.pdf\" target=\"_blank\" rel=\"noopener\">Relatorio 21 &#8211; Relatorio do Agente &#8211; Extra 09 &#8211; VERSAO INEDITA<\/a><\/li>\n<li><a href=\"https:\/\/fenomenum.com.br\/documentos\/brasil\/prato\/Relatorio 22 - Relatorio do Agente - Extra 10 - VERSAO INEDITA.pdf\" target=\"_blank\" rel=\"noopener\">Relatorio 22 &#8211; Relatorio do Agente &#8211; Extra 10 &#8211; VERSAO INEDITA<\/a><\/li>\n<li><a href=\"https:\/\/fenomenum.com.br\/documentos\/brasil\/prato\/Relatorio 23 - Relatorio do Agente - Extra 11 - VERSAO INEDITA.pdf\" target=\"_blank\" rel=\"noopener\">Relatorio 23 &#8211; Relatorio do Agente &#8211; Extra 11 &#8211; VERSAO INEDITA<\/a><\/li>\n<li><a href=\"https:\/\/fenomenum.com.br\/documentos\/brasil\/prato\/Relatorio 24 - Relatos Esparsos - VERSAO INEDITA.pdf\" target=\"_blank\" rel=\"noopener\">Relatorio 24 &#8211; Relatos Esparsos &#8211; VERSAO INEDITA<\/a><\/li>\n<li><a href=\"https:\/\/fenomenum.com.br\/documentos\/brasil\/prato\/Relatorio 25 - Extra 12 - VERSAO INEDITA.pdf\" target=\"_blank\" rel=\"noopener\">Relatorio 25 &#8211; Extra 12 &#8211; VERSAO INEDITA<\/a><\/li>\n<li><a href=\"https:\/\/fenomenum.com.br\/documentos\/brasil\/prato\/RELATORIO FILMES SUPER 8 - www.operacaoprato.com.pdf\" target=\"_blank\" rel=\"noopener\">RELATORIO FILMES SUPER 8 &#8211; www.operacaoprato.com<\/a><\/li>\n<li><a href=\"https:\/\/fenomenum.com.br\/documentos\/brasil\/prato\/RELATORIO MEDICO - www.operacaoprato.com.pdf\" target=\"_blank\" rel=\"noopener\">RELATORIO MEDICO &#8211; www.operacaoprato.com<\/a><\/li>\n<li><a href=\"http:\/\/www.mufon.com\/bob_pratt\/brazil.html\">http:\/\/www.mufon.com\/bob_pratt\/brazil.html<\/a><\/li>\n<li><a href=\"http:\/\/www.jornalinfinito.com.br\/materias.asp?area=21\">http:\/\/www.jornalinfinito.com.br\/materias.asp?area=21<\/a><\/li>\n<li><a href=\"http:\/\/www.geocities.com\/area51\/rampart\/2653\/injurywriteup.html\">http:\/\/www.geocities.com\/area51\/rampart\/2653\/injurywriteup.html<\/a><\/li>\n<li><a href=\"http:\/\/www.mufon.com\/bob_pratt\/dasvale.html\">http:\/\/www.mufon.com\/bob_pratt\/dasvale.html<\/a><\/li>\n<li><a href=\"http:\/\/ufo.com.br\/index.php?arquivo=notComp.php&amp;offset=2400&amp;id=492\">http:\/\/ufo.com.br\/index.php?arquivo=notComp.php&amp;offset=2400&amp;id=492<\/a><\/li>\n<li><a href=\"http:\/\/www.x-libri.ru\/elib\/arefj000\/00000087.htm\">http:\/\/www.x-libri.ru\/elib\/arefj000\/00000087.htm<\/a><\/li>\n<li><a href=\"http:\/\/www.ufo.com.br\/amazonia\/\">http:\/\/www.ufo.com.br\/amazonia\/<\/a><\/li>\n<li><a href=\"http:\/\/www.ufo.com.br\/fase4_txt4\">http:\/\/www.ufo.com.br\/fase4_txt4.php<\/a><\/li>\n<li><a href=\"http:\/\/www.ufo.com.br\/amazonia\/chupa.htm\">http:\/\/www.ufo.com.br\/amazonia\/chupa.htm<\/a><\/li>\n<li><a href=\"http:\/\/pt.wikipedia.org\/wiki\/Chupa-chupa\">http:\/\/pt.wikipedia.org\/wiki\/Chupa-chupa<\/a><\/li>\n<li><a href=\"http:\/\/redeglobo.globo.com\/Linhadireta\/0,26665,GHT0-4604-212882,00.html\">http:\/\/redeglobo.globo.com\/Linhadireta\/0,26665,GHT0-4604-212882,00.html<\/a><\/li>\n<li><a href=\"http:\/\/www.ufo.com.br\/materiaespecial\/operacaoPrato.htm\">http:\/\/www.ufo.com.br\/materiaespecial\/operacaoPrato.htm<\/a><\/li>\n<li><a href=\"http:\/\/www.ufo.com.br\/documentop\">http:\/\/www.ufo.com.br\/documentop.php<\/a><\/li>\n<li><a href=\"http:\/\/www.upupi.com.br\/\">http:\/\/www.upupi.com.br\/<\/a><\/li>\n<li><a href=\"http:\/\/www.burn.com.br\/modules.php?name=News&amp;file=article&amp;sid=316\">http:\/\/www.burn.com.br\/modules.php?name=News&amp;file=article&amp;sid=316<\/a><\/li>\n<li><a href=\"http:\/\/www.burn.com.br\/modules.php?name=News&amp;file=article&amp;sid=318\">http:\/\/www.burn.com.br\/modules.php?name=News&amp;file=article&amp;sid=318<\/a><\/li>\n<li><a href=\"http:\/\/www.upupi.com.br\/artigoedisonboaventura01.html\">http:\/\/www.upupi.com.br\/artigoedisonboaventura01.html<\/a><\/li>\n<li><a href=\"http:\/\/www.upupi.com.br\/artigoflavio9.html\">http:\/\/www.upupi.com.br\/artigoflavio9.html<\/a><\/li>\n<li><a href=\"http:\/\/www.upupi.com.br\/artigomiguelleao.html\">http:\/\/www.upupi.com.br\/artigomiguelleao.html<\/a><\/li>\n<li><a href=\"http:\/\/www.upupi.com.br\/artigoflavio.htm\">http:\/\/www.upupi.com.br\/artigoflavio.htm<\/a><\/li>\n<li><a href=\"http:\/\/www.ufo.com.br\/materiaespecial\/operacaoPrato.htm\">http:\/\/www.ufo.com.br\/materiaespecial\/operacaoPrato.htm<\/a><\/li>\n<li><a href=\"http:\/\/pt.wikipedia.org\/wiki\/Opera\u00e7\u00e3o_Prato\">http:\/\/pt.wikipedia.org\/wiki\/Opera%C3%A7%C3%A3o_Prato<\/a><\/li>\n<li><a href=\"http:\/\/www.dominiosfantasticos.xpg.com.br\/id281.htm\">http:\/\/www.dominiosfantasticos.xpg.com.br\/id281.htm<\/a><\/li>\n<li><a href=\"http:\/\/www.infa.com.br\/operacao_prato01.html\">http:\/\/www.infa.com.br\/operacao_prato01.html<\/a><\/li>\n<li><a href=\"http:\/\/www.terra.com.br\/istoe\/edicoes\/2071\/artigo144400-1.htm\">http:\/\/www.terra.com.br\/istoe\/edicoes\/2071\/artigo144400-1.htm<\/a><\/li>\n<li><a href=\"http:\/\/www.viafanzine.jor.br\/site_vf\/ufovia\/exclusivo.htm\">http:\/\/www.viafanzine.jor.br\/site_vf\/ufovia\/exclusivo.htm<\/a><\/li>\n<li><a href=\"http:\/\/www.viafanzine.jor.br\/site_vf\/ufovia\/prato.htm\">http:\/\/www.viafanzine.jor.br\/site_vf\/ufovia\/prato.htm<\/a><\/li>\n<li><a href=\"http:\/\/www.viafanzine.jor.br\/site_vf\/ufovia\/prato3.htm\">http:\/\/www.viafanzine.jor.br\/site_vf\/ufovia\/prato3.htm<\/a><\/li>\n<li><a href=\"http:\/\/www.viafanzine.jor.br\/site_vf\/ufovia\/entrevpinon1.htm\">http:\/\/www.viafanzine.jor.br\/site_vf\/ufovia\/entrevpinon1.htm<\/a><\/li>\n<li><a href=\"http:\/\/www.viafanzine.jor.br\/site_vf\/ufovia\/entrevpinon2.htm\">http:\/\/www.viafanzine.jor.br\/site_vf\/ufovia\/entrevpinon2.htm<\/a><\/li>\n<li><a href=\"http:\/\/www.viafanzine.jor.br\/site_vf\/ufovia\/entrevistas3.htm\">http:\/\/www.viafanzine.jor.br\/site_vf\/ufovia\/entrevistas3.htm<\/a><\/li>\n<li><a href=\"http:\/\/www.viafanzine.jor.br\/site_vf\/ufovia\/pesquisa.htm\">http:\/\/www.viafanzine.jor.br\/site_vf\/ufovia\/pesquisa.htm<\/a><\/li>\n<li><a href=\"http:\/\/www.viafanzine.jor.br\/site_vf\/ufovia\/casosdonorte.htm\">http:\/\/www.viafanzine.jor.br\/site_vf\/ufovia\/casosdonorte.htm<\/a><\/li>\n<li><a href=\"http:\/\/www.viafanzine.jor.br\/site_vf\/ufovia\/entrevistas4.htm\">http:\/\/www.viafanzine.jor.br\/site_vf\/ufovia\/entrevistas4.htm<\/a><\/li>\n<li><a href=\"http:\/\/interwell.sites.uol.com.br\/para.htm\">http:\/\/interwell.sites.uol.com.br\/para.htm<\/a><\/li>\n<li><a href=\"http:\/\/www.infa.com.br\/operacao_prato01.html\">http:\/\/www.infa.com.br\/operacao_prato01.html<\/a><\/li>\n<li><a href=\"http:\/\/www.mufon.com\/bob_pratt\/colares.html\">http:\/\/www.mufon.com\/bob_pratt\/colares.html<\/a><\/li>\n<li><a href=\"http:\/\/www.mufon.com\/bob_pratt\/oprato.html\">http:\/\/www.mufon.com\/bob_pratt\/oprato.html<\/a><\/li>\n<li><a href=\"http:\/\/www.mufon.com\/bob_pratt\/brazil.html\">http:\/\/www.mufon.com\/bob_pratt\/brazil.html<\/a><\/li>\n<li><a href=\"http:\/\/www.mufon.com\/bob_pratt\/hollanda.html\">http:\/\/www.mufon.com\/bob_pratt\/hollanda.html<\/a><\/li>\n<li><a href=\"http:\/\/www.mufon.com\/bob_pratt\/crabisland.html\">http:\/\/www.mufon.com\/bob_pratt\/crabisland.html<\/a><\/li>\n<li><a href=\"http:\/\/www.mundoparapsicologico.com\/196-A_Los-informes-militares-de-la-Operacion-Prato-ya-pueden-descargarse-aqui\">http:\/\/www.mundoparapsicologico.com\/196-A_Los-informes-militares-de-la-Operacion-Prato-ya-pueden-descargarse-aqui<\/a><\/li>\n<li><a href=\"http:\/\/www.ufologie.net\/htm\/colares.htm\">http:\/\/www.ufologie.net\/htm\/colares.htm<\/a><\/li>\n<li><a href=\"http:\/\/www.mundoparapsicologico.com\/Ufologia\/Listado-Articulos\">http:\/\/www.mundoparapsicologico.com\/Ufologia\/Listado-Articulos<\/a><\/li>\n<li><a href=\"http:\/\/mundo-enigmatico.blogspot.com\/2009\/05\/operacao-prato-pocos-casos-de.html\">http:\/\/mundo-enigmatico.blogspot.com\/2009\/05\/operacao-prato-pocos-casos-de.html<\/a><\/li>\n<li><a href=\"http:\/\/donmaor.blogspot.com\/\">http:\/\/donmaor.blogspot.com\/<\/a><\/li>\n<li><a href=\"http:\/\/www.abovetopsecret.com\/forum\/thread454886\/pg1\">http:\/\/www.abovetopsecret.com\/forum\/thread454886\/pg1<\/a><\/li>\n<\/ol>\n","protected":false},"excerpt":{"rendered":"<p>Saiba mais sobre o Coronel Hollanda, comandante da Opera\u00e7\u00e3o Prato. Artigo anterior sobre o Chupa-Chupa e Opera\u00e7\u00e3o Prato Pr\u00f3ximo artigo sobre o chupa-Chupa e Opera\u00e7\u00e3o Prato Por Equipe UFO &#8211; Artigo original publicado em:\u00a0http:\/\/www.ufo.com.br\/amazonia\/ &nbsp; Uyrang\u00ea Bol\u00edvar Soares Nogueira de Hollanda Lima. Este \u00e9 o nome do primeiro oficial de nossas For\u00e7as Armadas a vir [&hellip;]<\/p>\n","protected":false},"author":4,"featured_media":3316,"comment_status":"open","ping_status":"open","sticky":false,"template":"","format":"standard","meta":{"inline_featured_image":false},"categories":[108,124,107],"tags":[],"_links":{"self":[{"href":"https:\/\/www.fenomenum.com.br\/novo\/wp-json\/wp\/v2\/posts\/3314"}],"collection":[{"href":"https:\/\/www.fenomenum.com.br\/novo\/wp-json\/wp\/v2\/posts"}],"about":[{"href":"https:\/\/www.fenomenum.com.br\/novo\/wp-json\/wp\/v2\/types\/post"}],"author":[{"embeddable":true,"href":"https:\/\/www.fenomenum.com.br\/novo\/wp-json\/wp\/v2\/users\/4"}],"replies":[{"embeddable":true,"href":"https:\/\/www.fenomenum.com.br\/novo\/wp-json\/wp\/v2\/comments?post=3314"}],"version-history":[{"count":1,"href":"https:\/\/www.fenomenum.com.br\/novo\/wp-json\/wp\/v2\/posts\/3314\/revisions"}],"predecessor-version":[{"id":7162,"href":"https:\/\/www.fenomenum.com.br\/novo\/wp-json\/wp\/v2\/posts\/3314\/revisions\/7162"}],"wp:featuredmedia":[{"embeddable":true,"href":"https:\/\/www.fenomenum.com.br\/novo\/wp-json\/wp\/v2\/media\/3316"}],"wp:attachment":[{"href":"https:\/\/www.fenomenum.com.br\/novo\/wp-json\/wp\/v2\/media?parent=3314"}],"wp:term":[{"taxonomy":"category","embeddable":true,"href":"https:\/\/www.fenomenum.com.br\/novo\/wp-json\/wp\/v2\/categories?post=3314"},{"taxonomy":"post_tag","embeddable":true,"href":"https:\/\/www.fenomenum.com.br\/novo\/wp-json\/wp\/v2\/tags?post=3314"}],"curies":[{"name":"wp","href":"https:\/\/api.w.org\/{rel}","templated":true}]}}