{"id":3394,"date":"2022-03-15T15:36:24","date_gmt":"2022-03-15T18:36:24","guid":{"rendered":"https:\/\/www.fenomenum.com.br\/?p=3394"},"modified":"2025-04-22T13:20:01","modified_gmt":"2025-04-22T16:20:01","slug":"contatos-ufologicos-na-missao-gemini-3","status":"publish","type":"post","link":"https:\/\/www.fenomenum.com.br\/novo\/contatos-ufologicos-na-missao-gemini-3\/","title":{"rendered":"Contatos Ufol\u00f3gicos na Miss\u00e3o Gemini 3"},"content":{"rendered":"<section id=\"inner-headline\">\n<div class=\"container\">\n<div class=\"row\">\n<div id=\"resumo\" class=\"resumo\" style=\"padding-left: 40px;\"><strong>Fotos e documentos oficiais comprovam que nunca estivemos s\u00f3s na explora\u00e7\u00e3o espacial.<\/strong><\/div>\n<\/div>\n<\/div>\n<\/section>\n<div>\n<hr \/>\n<\/div>\n<div><\/div>\n<div>\n<p>O primeiro lan\u00e7amento tripulado do programa Gemini ocorreu em 23 de mar\u00e7o de 1965, tendo a bordo os astronautas Virgil Grissom e John Young. Ela tinha por miss\u00e3o testar os equipamentos de voo e o sistema de retrofoguetes para manobras no espa\u00e7o. Ao todo, a Gemini III realizou tr\u00eas \u00f3rbitas ao redor da Terra, ao longo das quase 5 horas de voo.<\/p>\n<p>Em busca de registros fotogr\u00e1ficos de UFOs, feitos nesta esta miss\u00e3o, acessamos o site ToTheMoon, mas a busca mostrou-se infrut\u00edfera, pois nenhuma das fotografias ali dispon\u00edveis registra qualquer evento ufol\u00f3gico. Esperan\u00e7osos, consultamos as transcri\u00e7\u00f5es das comunica\u00e7\u00f5es contidas no arquivo\u00a0<a href=\"https:\/\/www.jsc.nasa.gov\/history\/mission_trans\/GT03_TEC.PDF\" target=\"_blank\" rel=\"noopener\">Gemini III Composite Air-to-Ground and Onboard Voice Tape Transcription<\/a>. Na p\u00e1gina 53, deste documento, encontramos um trecho de di\u00e1logo referente a um avistamento at\u00e9 ent\u00e3o desconhecido no meio ufol\u00f3gico, ocorrido duas horas e onze minutos ap\u00f3s o lan\u00e7amento, quando o comandante Virgil Grissom avistou uma luz avermelhada em contraste contra a superf\u00edcie da Terra:<\/p>\n<p>Virgil Grissom: <em>Tem uma luz no solo. Estamos realmente em movimento. O que seria aquilo?<\/em><br \/>\nJohn Young: <em>Inc\u00eandios florestais<\/em>.<br \/>\nVirgil Grissom: <em>N\u00e3o\u2026 \u00c9 um ponto definido. Eu vejo isso abaixo do horizonte<\/em>.<br \/>\nVirgil Grissom: <em>Que horas s\u00e3o?<\/em><br \/>\nJohn Young: <em>Para que?<\/em><br \/>\nJohn Young: <em>Eu deveria trocar esta fita por aqui por algum tempo.<\/em><br \/>\nVirgil Grissom: <em>Verifica\u00e7\u00e3o de Tradu\u00e7\u00e3o.<\/em><br \/>\nJohn Young: <em>Durante a verifica\u00e7\u00e3o?<\/em><br \/>\nVirgil Grissom: <em>Eu acho que foi uma estrela que atravessou o horizonte que vi. Posso ver isso se mover agora.<\/em><\/p>\n<p>Percebe-se, pelo di\u00e1logo acima, que se tratava de um objeto luminoso, em contraste contra a superf\u00edcie da Terra e que estava em aparente deslocamento subindo em dire\u00e7\u00e3o ao espa\u00e7o. Devido ao excesso de atividades programadas para a miss\u00e3o os astronautas retornaram ao cronograma de voo, n\u00e3o dando maior aten\u00e7\u00e3o ao fato.<\/p>\n<\/div>\n<div class=\"col-lg-8\"><\/div>\n<div>\n<div id=\"attachment_3396\" style=\"width: 810px\" class=\"wp-caption aligncenter\"><img aria-describedby=\"caption-attachment-3396\" loading=\"lazy\" class=\"wp-image-3396 size-full\" src=\"https:\/\/www.fenomenum.com.br\/novo\/wp-content\/uploads\/2022\/03\/astronautas-1.jpg\" alt=\"\" width=\"800\" height=\"600\" srcset=\"https:\/\/www.fenomenum.com.br\/novo\/wp-content\/uploads\/2022\/03\/astronautas-1.jpg 800w, https:\/\/www.fenomenum.com.br\/novo\/wp-content\/uploads\/2022\/03\/astronautas-1-400x300.jpg 400w, https:\/\/www.fenomenum.com.br\/novo\/wp-content\/uploads\/2022\/03\/astronautas-1-650x488.jpg 650w, https:\/\/www.fenomenum.com.br\/novo\/wp-content\/uploads\/2022\/03\/astronautas-1-250x188.jpg 250w, https:\/\/www.fenomenum.com.br\/novo\/wp-content\/uploads\/2022\/03\/astronautas-1-768x576.jpg 768w, https:\/\/www.fenomenum.com.br\/novo\/wp-content\/uploads\/2022\/03\/astronautas-1-150x113.jpg 150w, https:\/\/www.fenomenum.com.br\/novo\/wp-content\/uploads\/2022\/03\/astronautas-1-50x38.jpg 50w, https:\/\/www.fenomenum.com.br\/novo\/wp-content\/uploads\/2022\/03\/astronautas-1-100x75.jpg 100w, https:\/\/www.fenomenum.com.br\/novo\/wp-content\/uploads\/2022\/03\/astronautas-1-200x150.jpg 200w, https:\/\/www.fenomenum.com.br\/novo\/wp-content\/uploads\/2022\/03\/astronautas-1-300x225.jpg 300w, https:\/\/www.fenomenum.com.br\/novo\/wp-content\/uploads\/2022\/03\/astronautas-1-350x263.jpg 350w, https:\/\/www.fenomenum.com.br\/novo\/wp-content\/uploads\/2022\/03\/astronautas-1-450x338.jpg 450w, https:\/\/www.fenomenum.com.br\/novo\/wp-content\/uploads\/2022\/03\/astronautas-1-500x375.jpg 500w, https:\/\/www.fenomenum.com.br\/novo\/wp-content\/uploads\/2022\/03\/astronautas-1-550x413.jpg 550w\" sizes=\"(max-width: 800px) 100vw, 800px\" \/><p id=\"caption-attachment-3396\" class=\"wp-caption-text\">Astronautas da Gemini 3. John Young (\u00e0 esquerda) e Virgil Grissom (\u00e0 direita).<\/p><\/div>\n<\/div>\n<div><\/div>\n<div><\/div>\n<div>\n<div id=\"attachment_3397\" style=\"width: 826px\" class=\"wp-caption aligncenter\"><img aria-describedby=\"caption-attachment-3397\" loading=\"lazy\" class=\"wp-image-3397 size-full\" src=\"https:\/\/www.fenomenum.com.br\/novo\/wp-content\/uploads\/2022\/03\/doc_gemini3.png\" alt=\"\" width=\"816\" height=\"768\" srcset=\"https:\/\/www.fenomenum.com.br\/novo\/wp-content\/uploads\/2022\/03\/doc_gemini3.png 816w, https:\/\/www.fenomenum.com.br\/novo\/wp-content\/uploads\/2022\/03\/doc_gemini3-400x376.png 400w, https:\/\/www.fenomenum.com.br\/novo\/wp-content\/uploads\/2022\/03\/doc_gemini3-650x612.png 650w, https:\/\/www.fenomenum.com.br\/novo\/wp-content\/uploads\/2022\/03\/doc_gemini3-250x235.png 250w, https:\/\/www.fenomenum.com.br\/novo\/wp-content\/uploads\/2022\/03\/doc_gemini3-768x723.png 768w, https:\/\/www.fenomenum.com.br\/novo\/wp-content\/uploads\/2022\/03\/doc_gemini3-150x141.png 150w, https:\/\/www.fenomenum.com.br\/novo\/wp-content\/uploads\/2022\/03\/doc_gemini3-50x47.png 50w, https:\/\/www.fenomenum.com.br\/novo\/wp-content\/uploads\/2022\/03\/doc_gemini3-100x94.png 100w, https:\/\/www.fenomenum.com.br\/novo\/wp-content\/uploads\/2022\/03\/doc_gemini3-200x188.png 200w, https:\/\/www.fenomenum.com.br\/novo\/wp-content\/uploads\/2022\/03\/doc_gemini3-300x282.png 300w, https:\/\/www.fenomenum.com.br\/novo\/wp-content\/uploads\/2022\/03\/doc_gemini3-350x329.png 350w, https:\/\/www.fenomenum.com.br\/novo\/wp-content\/uploads\/2022\/03\/doc_gemini3-450x424.png 450w, https:\/\/www.fenomenum.com.br\/novo\/wp-content\/uploads\/2022\/03\/doc_gemini3-500x471.png 500w, https:\/\/www.fenomenum.com.br\/novo\/wp-content\/uploads\/2022\/03\/doc_gemini3-550x518.png 550w, https:\/\/www.fenomenum.com.br\/novo\/wp-content\/uploads\/2022\/03\/doc_gemini3-800x753.png 800w\" sizes=\"(max-width: 816px) 100vw, 816px\" \/><p id=\"caption-attachment-3397\" class=\"wp-caption-text\">P\u00e1gina 53 do documento Gemini III Composite Air-to-Ground and Onboard Voice Tape Transcription, onde temos um avistamento de uma luz n\u00e3o identificada no espa\u00e7o.<\/p><\/div>\n<\/div>\n<div><\/div>\n<div>\n<p>&nbsp;<\/p>\n<div id=\"attachment_3392\" style=\"width: 810px\" class=\"wp-caption aligncenter\"><img aria-describedby=\"caption-attachment-3392\" loading=\"lazy\" class=\"wp-image-3392 size-full\" src=\"https:\/\/www.fenomenum.com.br\/novo\/wp-content\/uploads\/2022\/03\/3e798bc2c5d186ec72aa89f7db7a324c.jpg\" alt=\"\" width=\"800\" height=\"884\" srcset=\"https:\/\/www.fenomenum.com.br\/novo\/wp-content\/uploads\/2022\/03\/3e798bc2c5d186ec72aa89f7db7a324c.jpg 800w, https:\/\/www.fenomenum.com.br\/novo\/wp-content\/uploads\/2022\/03\/3e798bc2c5d186ec72aa89f7db7a324c-400x442.jpg 400w, https:\/\/www.fenomenum.com.br\/novo\/wp-content\/uploads\/2022\/03\/3e798bc2c5d186ec72aa89f7db7a324c-650x718.jpg 650w, https:\/\/www.fenomenum.com.br\/novo\/wp-content\/uploads\/2022\/03\/3e798bc2c5d186ec72aa89f7db7a324c-250x276.jpg 250w, https:\/\/www.fenomenum.com.br\/novo\/wp-content\/uploads\/2022\/03\/3e798bc2c5d186ec72aa89f7db7a324c-768x849.jpg 768w, https:\/\/www.fenomenum.com.br\/novo\/wp-content\/uploads\/2022\/03\/3e798bc2c5d186ec72aa89f7db7a324c-150x166.jpg 150w, https:\/\/www.fenomenum.com.br\/novo\/wp-content\/uploads\/2022\/03\/3e798bc2c5d186ec72aa89f7db7a324c-50x55.jpg 50w, https:\/\/www.fenomenum.com.br\/novo\/wp-content\/uploads\/2022\/03\/3e798bc2c5d186ec72aa89f7db7a324c-100x111.jpg 100w, https:\/\/www.fenomenum.com.br\/novo\/wp-content\/uploads\/2022\/03\/3e798bc2c5d186ec72aa89f7db7a324c-200x221.jpg 200w, https:\/\/www.fenomenum.com.br\/novo\/wp-content\/uploads\/2022\/03\/3e798bc2c5d186ec72aa89f7db7a324c-300x332.jpg 300w, https:\/\/www.fenomenum.com.br\/novo\/wp-content\/uploads\/2022\/03\/3e798bc2c5d186ec72aa89f7db7a324c-350x387.jpg 350w, https:\/\/www.fenomenum.com.br\/novo\/wp-content\/uploads\/2022\/03\/3e798bc2c5d186ec72aa89f7db7a324c-450x497.jpg 450w, https:\/\/www.fenomenum.com.br\/novo\/wp-content\/uploads\/2022\/03\/3e798bc2c5d186ec72aa89f7db7a324c-500x553.jpg 500w, https:\/\/www.fenomenum.com.br\/novo\/wp-content\/uploads\/2022\/03\/3e798bc2c5d186ec72aa89f7db7a324c-550x608.jpg 550w\" sizes=\"(max-width: 800px) 100vw, 800px\" \/><p id=\"caption-attachment-3392\" class=\"wp-caption-text\">Este estudo resultou na obra imperd\u00edvel intitulada UFOs no Espa\u00e7o e na Lua, de autoria de Jackson Luiz Camargo. O livro pode ser adquirido pelo Whatsapp\/Telegram: (41) 98893-0383<\/p><\/div>\n<p>&nbsp;<\/p>\n<\/div>\n<div class=\"col-lg-8\"><\/div>\n<div>\n<h2>Refer\u00eancias:<\/h2>\n<div>\n<hr \/>\n<\/div>\n<div>\n<ol>\n<li>CAMARGO, Jackson. Entre o C\u00e9u a Terra \u2013 Uma hist\u00f3ria de aventura, mist\u00e9rios e UFOs. Curitiba: Clube de autores, 2018.<\/li>\n<li>CAMARGO, Jackson. UFOs no Espa\u00e7o e na Lua. Curitiba: Cole\u00e7\u00e3o Biblioteca UFO, 2020.<\/li>\n<li>CAMARGO, Jackson Luiz.\u00a0<a href=\"https:\/\/ufo.com.br\/artigos\/intrusos-na-lua.html\" target=\"_blank\" rel=\"noopener\">Intrusos na Lua<\/a>. Revista UFO, Campo Grande, n\u00ba 107, p. 21-21, fevereiro 2005.<\/li>\n<li><a href=\"https:\/\/historycollection.jsc.nasa.gov\/JSCHistoryPortal\/history\/mission_trans\/gemini3.htm\" target=\"_blank\" rel=\"noopener\">Transcri\u00e7\u00e3o das comunica\u00e7\u00f5es &#8211; Jhonson Space Center<\/a><\/li>\n<li>\n<div><a href=\"https:\/\/www.fenomenum.com.br\/novo\/wp-content\/uploads\/2022\/03\/GT03_PAO.pdf\">Gemini III PAO Mission Commentary Transcript, March 23, 1965, 15 pages<\/a><\/div>\n<\/li>\n<li>\n<div><a href=\"https:\/\/www.fenomenum.com.br\/novo\/wp-content\/uploads\/2022\/03\/GT03_TE2.pdf\">Gemini III Composite Air-to-Ground and Onboard Voice Tape Transcription<\/a><\/div>\n<\/li>\n<li>\n<div><a href=\"https:\/\/www.fenomenum.com.br\/novo\/wp-content\/uploads\/2022\/03\/GT03_TE3.pdf\">Gemini III Air-to-Ground Voice Transmission<\/a><\/div>\n<\/li>\n<li>\n<div><a href=\"https:\/\/www.fenomenum.com.br\/novo\/wp-content\/uploads\/2022\/03\/GT03_TEC.pdf\">Gemini III Air-to-Ground Transcription<\/a><\/div>\n<\/li>\n<\/ol>\n<\/div>\n<\/div>\n","protected":false},"excerpt":{"rendered":"<p>Fotos e documentos oficiais comprovam que nunca estivemos s\u00f3s na explora\u00e7\u00e3o espacial. O primeiro lan\u00e7amento tripulado do programa Gemini ocorreu em 23 de mar\u00e7o de 1965, tendo a bordo os astronautas Virgil Grissom e John Young. Ela tinha por miss\u00e3o testar os equipamentos de voo e o sistema de retrofoguetes para manobras no espa\u00e7o. Ao [&hellip;]<\/p>\n","protected":false},"author":5,"featured_media":3395,"comment_status":"open","ping_status":"open","sticky":false,"template":"","format":"standard","meta":{"inline_featured_image":false},"categories":[108,112,113,105,126,107],"tags":[],"_links":{"self":[{"href":"https:\/\/www.fenomenum.com.br\/novo\/wp-json\/wp\/v2\/posts\/3394"}],"collection":[{"href":"https:\/\/www.fenomenum.com.br\/novo\/wp-json\/wp\/v2\/posts"}],"about":[{"href":"https:\/\/www.fenomenum.com.br\/novo\/wp-json\/wp\/v2\/types\/post"}],"author":[{"embeddable":true,"href":"https:\/\/www.fenomenum.com.br\/novo\/wp-json\/wp\/v2\/users\/5"}],"replies":[{"embeddable":true,"href":"https:\/\/www.fenomenum.com.br\/novo\/wp-json\/wp\/v2\/comments?post=3394"}],"version-history":[{"count":1,"href":"https:\/\/www.fenomenum.com.br\/novo\/wp-json\/wp\/v2\/posts\/3394\/revisions"}],"predecessor-version":[{"id":6930,"href":"https:\/\/www.fenomenum.com.br\/novo\/wp-json\/wp\/v2\/posts\/3394\/revisions\/6930"}],"wp:featuredmedia":[{"embeddable":true,"href":"https:\/\/www.fenomenum.com.br\/novo\/wp-json\/wp\/v2\/media\/3395"}],"wp:attachment":[{"href":"https:\/\/www.fenomenum.com.br\/novo\/wp-json\/wp\/v2\/media?parent=3394"}],"wp:term":[{"taxonomy":"category","embeddable":true,"href":"https:\/\/www.fenomenum.com.br\/novo\/wp-json\/wp\/v2\/categories?post=3394"},{"taxonomy":"post_tag","embeddable":true,"href":"https:\/\/www.fenomenum.com.br\/novo\/wp-json\/wp\/v2\/tags?post=3394"}],"curies":[{"name":"wp","href":"https:\/\/api.w.org\/{rel}","templated":true}]}}