{"id":3400,"date":"2022-03-15T15:53:36","date_gmt":"2022-03-15T18:53:36","guid":{"rendered":"https:\/\/www.fenomenum.com.br\/?p=3400"},"modified":"2025-04-22T13:20:02","modified_gmt":"2025-04-22T16:20:02","slug":"contatos-ufologicos-na-missao-gemini-4","status":"publish","type":"post","link":"https:\/\/www.fenomenum.com.br\/novo\/contatos-ufologicos-na-missao-gemini-4\/","title":{"rendered":"Contatos Ufol\u00f3gicos na Miss\u00e3o Gemini 4"},"content":{"rendered":"<section id=\"inner-headline\">\n<div class=\"container\">\n<div class=\"row\">\n<div id=\"resumo\" class=\"resumo\" style=\"padding-left: 40px;\"><strong>Fotos e documentos oficiais comprovam que nunca estivemos s\u00f3s na explora\u00e7\u00e3o espacial.<\/strong><\/div>\n<\/div>\n<\/div>\n<\/section>\n<div class=\"col-lg-8\">\n<hr \/>\n<\/div>\n<div>\n<p>A Gemini IV foi lan\u00e7ada em 3 de junho de 1965, com os astronautas James McDivitt e Edward White. Esta miss\u00e3o foi programada para durar quatro dias, que seria o tempo m\u00ednimo necess\u00e1rio para uma viagem \u00e0 Lua. No espa\u00e7o, os astronautas testaram os sistemas de navega\u00e7\u00e3o espacial e aproximaram-se do foguete Titan, utilizado para levar a c\u00e1psula ao espa\u00e7o. Al\u00e9m disso, fizeram experimentos com microgravidade, radioatividade e medicina espacial. Ainda nesta miss\u00e3o, foi realizada uma atividade extraveicular, em resposta \u00e0 miss\u00e3o sovi\u00e9tica Voskhod 2, realizada tr\u00eas meses antes.<\/p>\n<p>A Gemini IV tamb\u00e9m ficou famosa no meio ufol\u00f3gico devido a um registro em v\u00eddeo obtido pelos astronautas, quando sobrevoavam o Hava\u00ed, quando estavam em sua vig\u00e9sima \u00f3rbita. Na ocasi\u00e3o, eles filmaram um objeto, com proje\u00e7\u00f5es laterais, semelhantes \u00e0 antenas. Minutos mais tarde, os astronautas avistaram dois outros objetos semelhantes sobre a regi\u00e3o do Caribe. Devido ao contexto da Guerra Fria, das informa\u00e7\u00f5es estrat\u00e9gicas envolvidas e da ocorr\u00eancia de fatos ufol\u00f3gicos nestas miss\u00f5es, os di\u00e1logos entre astronautas e os controladores em Terra eram censuradas e classificadas como confidenciais. No entanto, trechos das comunica\u00e7\u00f5es mantidas durante o avistamento acabaram vazando para a imprensa:<\/p>\n<p>White: <em>Hava\u00ed<\/em>.<br \/>\nCentro de Controle: <em>Gemini 4, Guaymas Cabo Canaveral.<\/em><br \/>\nWhite: <em>Prossiga, Guaymas, Gemini 4.<\/em><br \/>\nCentro de Controle: <em>De acordo, temos voc\u00eas verdes. Como est\u00e3o as coisas a\u00ed em cima?<\/em><br \/>\nWhite: <em>Bem. Acabo de ver algo a mais aqui em cima comigo, mas justamente quando me aproximava para obter uma boa foto o Sol se colocou em frente e o perdi.<\/em><br \/>\nCentro de Controle: <em>Quer estar alerta para copi\u00e1-los?<\/em><br \/>\nWhite: <em>Sim, estou atento, e vou ver se encontro a coisa outra vez, mas parece que n\u00e3o a verei outra vez.<\/em><br \/>\nCentro de Controle: <em>Ainda est\u00e1 buscando essa coisa a\u00ed em cima?<\/em><br \/>\nWhite: <em>N\u00e3o. Eu a perdi. Parecia que tinha uns bra\u00e7os grandes que sa\u00edam do seu corpo. Somente vi por um minuto. Tenho um par de fotos com uma c\u00e2mera manual e uma com a Hasselblad, mas eu estava em voo livre e antes que tivesse obtido o controle eu o perdi.<\/em><br \/>\nCentro de Controle: <em>Muito bem.<\/em><\/p>\n<p>Este fato se tornou de conhecimento p\u00fablico, gra\u00e7as \u00e0 informantes de dentro da pr\u00f3pria ag\u00eancia espacial, conscientes da import\u00e2ncia destas informa\u00e7\u00f5es. Assim, a NASA viu-se obrigada a comentar a respeito, emitindo uma nota com a seguinte explica\u00e7\u00e3o:<\/p>\n<p style=\"padding-left: 40px;\"><em>\u201c&#8230; McDivitt e White tinham visto apenas o sat\u00e9lite Pegasus, que tamb\u00e9m era grande e possu\u00eda longos bra\u00e7os, com c\u00e9lulas para captar energia solar<\/em>\u201d.<\/p>\n<p>Por\u00e9m, essa declara\u00e7\u00e3o foi rapidamente refutada, pois bastava algu\u00e9m verificar a trajet\u00f3ria de voo do Pegasus para confirmar que, no momento do avistamento, ele estava no lado oposto do planeta Terra, sendo imposs\u00edvel que ele fosse avistado da c\u00e1psula. Pressionada novamente por explica\u00e7\u00f5es, a NASA emitiu outra nota, reconhecendo o erro, mas n\u00e3o explicando o que era o objeto observado.<\/p>\n<p>Em entrevistas posteriores, os astronautas reconheciam o fato como sendo inexplic\u00e1vel, uma vez que n\u00e3o podiam identificar com exatid\u00e3o o que haviam visto.<\/p>\n<p>Atualmente, dois documentos da NASA, outrora confidenciais, est\u00e3o dispon\u00edveis publicamente e cont\u00e9m informa\u00e7\u00f5es sobre este evento. O relat\u00f3rio\u00a0<a href=\"https:\/\/www.jsc.nasa.gov\/history\/mission_trans\/GT04_TEC.PDF\" target=\"_blank\" rel=\"noopener\">Gemini IV Air-to-Ground and Onboard Service<\/a>\u00a0disponibiliza as transcri\u00e7\u00f5es das comunica\u00e7\u00f5es entre os astronautas e o Centro de Controle. Os trechos transcritos podem ser encontrados na p\u00e1gina 158 e 160 deste documento. J\u00e1 o documento\u00a0<a href=\"https:\/\/www.jsc.nasa.gov\/history\/mission_trans\/GT04_PAO.PDF\" target=\"_blank\" rel=\"noopener\">Mission Comentary Transcript<\/a>\u00a0cont\u00e9m os mesmos trechos de comunica\u00e7\u00f5es acompanhados de apontamentos t\u00e9cnicos oriundas do Centro de Controle. O caso acima relatado pode ser encontrado entre as p\u00e1ginas 134 e 137 do mesmo documento. Os astronautas desta miss\u00e3o envolveram-se tamb\u00e9m em outro incidente ufol\u00f3gico, tamb\u00e9m descrito ao longo das transcri\u00e7\u00f5es:<\/p>\n<p>Edward White: Posso ver um fogo negro no deserto. Voc\u00ea pode ver bem abaixo da pr\u00f3pria fonte de onde ele vem. Eu n\u00e3o pude ver exatamente o que ele era, mas era um sinal bem diferente do ch\u00e3o. Eu fiz v\u00e1rias fotos S-5 do terreno enquanto cruzamos o deserto \u00e0s 07h17min. Parece que temos uma falha no magazine 7. Parece que um daqueles c\u00e3es n\u00e3o est\u00e1 pegando no filme ou o filme est\u00e1 falhando. Eu n\u00e3o sei. N\u00e3o acredito que consigamos muito.<br \/>\nJames McDivitt: Acabei de usar o frame 29 na Hasselblad em uma passagem pelo norte da \u00c1frica e na Ar\u00e1bia. Agora, eu acho que estamos sobre o Ir\u00e3\u2026<br \/>\nJames McDivitt: O que?<br \/>\nEdward White: [Truncado]<br \/>\nJames McDivitt: Como voc\u00ea conseguiu isso?<br \/>\nEdward White: [Truncado]<br \/>\nJames McDivitt: Disparo &#8211; Eu tive medo de mudar. Eu tinha certeza de que eu estava no ponto.<br \/>\nEdward White: &#8230; Descobriu&#8230;<br \/>\nJames McDivitt: A lente \u00e9 uma porcaria nesta aqui\u2026 estragou aquela\u2026 O sextante est\u00e1 ferrado. A c\u00e2mera de 16 mm n\u00e3o funcionou, apenas por um tempo. J\u00e1 posso ir dormir agora.<br \/>\nJames McDivitt: O que?<br \/>\nEdward White: [truncado]<br \/>\nEdward White: Tirou muitas fotos com a c\u00e2mera?<br \/>\nJames McDivitt: N\u00e3o muitas. N\u00e3o. Talvez eu devesse come\u00e7ar a me concentrar nisso.<br \/>\nEdward White: Eu simplesmente me perguntei&#8230;<br \/>\nJames McDivitt: N\u00e3o, eu n\u00e3o fiz muitas. E voc\u00ea?<br \/>\nEdward White: Eu quero come\u00e7ar a trabalhar nisso&#8230;<br \/>\nJames McDivitt: Vamos! Vai dormir! Ou\u00e7a, voc\u00ea estar\u00e1 acordado em uma hora. Voc\u00ea ter\u00e1 5 horas ou 6 horas para se sentar e brincar com essa c\u00e2mera. Agora, guarde e v\u00e1 para a cama!<br \/>\nEdward White: [Truncado]<br \/>\nJames McDivitt: V\u00e1 em frente, RKV, Gemini 4.<\/p>\n<p>A passagem acima, presente nas p\u00e1ginas 195 e 196 do relat\u00f3rio\u00a0<a href=\"https:\/\/www.fenomenum.com.br\/novo\/wp-content\/uploads\/2022\/03\/GT04_TEC.pdf\" target=\"_blank\" rel=\"noopener\">Gemini IV Composite Air-to-Ground and Onboard Voice Tape Transcription<\/a>, \u00e9 particularmente interessante, pois sugere algum tipo de interfer\u00eancia por parte do estranho objeto sobre os meios de registro dispon\u00edveis a bordo da Gemini IV. O astronauta Ed White avistou um \u201cfogo negro\u201d que se destacou contra a superf\u00edcie da Terra e tentou fotograf\u00e1-lo com uma c\u00e2mera Hasselblad que imediatamente apresentou algum problema. Em seguida, ele tentou filmar, mas a c\u00e2mera Maurer tamb\u00e9m n\u00e3o funcionou. Por fim, ele tentou usar um sextante instalado a bordo da c\u00e1psula, mas o aparelho tamb\u00e9m falhou sem uma causa aparente. Curiosamente, no relat\u00f3rio Mission Comentary Transcript este evento n\u00e3o \u00e9 sequer comentado.<\/p>\n<p>De posse das informa\u00e7\u00f5es presentes nos trechos transcritos acima, acessamos o acervo de imagens da Gemini IV, dispon\u00edveis no site ToTheMoon, em busca do Magazine 7, citado nos di\u00e1logos. De fato, l\u00e1 existe apenas uma fotografia presente no \u00e1lbum, confirmando poss\u00edveis problemas no equipamento ou no filme utilizado na ocasi\u00e3o. Entretanto, existem outros cinco registros, dispostos em outros \u00e1lbuns, onde se pode observar objetos espaciais n\u00e3o identificados. Uma das mais interessantes \u00e9 a S65-36154a_G04-H7 que se diferencia das demais fotografias obtidas na miss\u00e3o. Enquanto a maioria delas foca nosso planeta ou a pr\u00f3pria Gemini, esta registra o espa\u00e7o profundo. Curiosamente, quase ao centro da imagem observamos um objeto s\u00f3lido, composto por duas esferas, de cor acinzentada, posicionado n\u00e3o muito longe da c\u00e1psula com os astronautas. O fato de o objeto estar enquadrado no centro da imagem sugere que ele foi avistado e intencionalmente registrado pelos astronautas.<\/p>\n<p>Outra fotografia, identificada como S65-34823_G04-H8, registra parte da superf\u00edcie do nosso planeta, tendo a nossa Lua ao fundo. \u00c0 direita, contra o fundo escuro do espa\u00e7o, destaca-se uma s\u00e9rie de luzes multicoloridas, aparentemente em voo de forma\u00e7\u00e3o. Mas, devido \u00e0 aus\u00eancia de coment\u00e1rios sobre o fen\u00f4meno nos documentos contendo estas transcri\u00e7\u00f5es, podemos supor que tais luzes n\u00e3o foram observadas pela tripula\u00e7\u00e3o. J\u00e1 na fotografia S65-34662_G04-H9 pode-se observar um trecho do Oceano Pac\u00edfico e um objeto luminoso, de cor clara, posicionada na \u00f3rbita da Terra.<\/p>\n<\/div>\n<div>\n<div id=\"attachment_6693\" style=\"width: 662px\" class=\"wp-caption aligncenter\"><img aria-describedby=\"caption-attachment-6693\" loading=\"lazy\" class=\"wp-image-6693 size-full\" src=\"https:\/\/www.fenomenum.com.br\/novo\/wp-content\/uploads\/2022\/03\/doc_gemini41.png\" alt=\"\" width=\"652\" height=\"768\" \/><p id=\"caption-attachment-6693\" class=\"wp-caption-text\">Trecho do documento Gemini IV Air-to-Ground and Onboard Service, contendo comunica\u00e7\u00f5es travadas durante avistamento ufol\u00f3gico.<\/p><\/div>\n<p>&nbsp;<\/p>\n<div id=\"attachment_6694\" style=\"width: 665px\" class=\"wp-caption aligncenter\"><img aria-describedby=\"caption-attachment-6694\" loading=\"lazy\" class=\"wp-image-6694 size-full\" src=\"https:\/\/www.fenomenum.com.br\/novo\/wp-content\/uploads\/2022\/03\/doc_gemini42.png\" alt=\"\" width=\"655\" height=\"771\" \/><p id=\"caption-attachment-6694\" class=\"wp-caption-text\">Trecho do documento Gemini IV Air-to-Ground and Onboard Service, contendo comunica\u00e7\u00f5es travadas durante avistamento ufol\u00f3gico.<\/p><\/div>\n<p>&nbsp;<\/p>\n<div id=\"attachment_6695\" style=\"width: 1034px\" class=\"wp-caption aligncenter\"><img aria-describedby=\"caption-attachment-6695\" loading=\"lazy\" class=\"wp-image-6695 size-large\" src=\"https:\/\/www.fenomenum.com.br\/novo\/wp-content\/uploads\/2022\/03\/GT4-37199-008_G04-U-1024x816.jpg\" alt=\"\" width=\"1024\" height=\"816\" \/><p id=\"caption-attachment-6695\" class=\"wp-caption-text\">Na fotografia GT4-37199-008_G04-U, da Gemini 4, observa-se objetos luminosos acima da \u00f3rbita da Terra.<\/p><\/div>\n<p>&nbsp;<\/p>\n<div id=\"attachment_6696\" style=\"width: 913px\" class=\"wp-caption aligncenter\"><img aria-describedby=\"caption-attachment-6696\" loading=\"lazy\" class=\"wp-image-6696 size-large\" src=\"https:\/\/www.fenomenum.com.br\/novo\/wp-content\/uploads\/2022\/03\/S65-34662_G04-H-903x1024.jpg\" alt=\"\" width=\"903\" height=\"1024\" \/><p id=\"caption-attachment-6696\" class=\"wp-caption-text\">Na fotografia S65-34662_G04-H, da Gemini 4, observa-se objetos luminosos acima da \u00f3rbita da Terra.<\/p><\/div>\n<p>&nbsp;<\/p>\n<div id=\"attachment_6697\" style=\"width: 913px\" class=\"wp-caption aligncenter\"><img aria-describedby=\"caption-attachment-6697\" loading=\"lazy\" class=\"wp-image-6697 size-large\" src=\"https:\/\/www.fenomenum.com.br\/novo\/wp-content\/uploads\/2022\/03\/S65-34771_G04-H-903x1024.jpg\" alt=\"\" width=\"903\" height=\"1024\" \/><p id=\"caption-attachment-6697\" class=\"wp-caption-text\">Na fotografia S65-34771_G04-H, da Gemini 4, observa-se objetos luminosos acima da \u00f3rbita da Terra.<\/p><\/div>\n<p>&nbsp;<\/p>\n<div id=\"attachment_6698\" style=\"width: 913px\" class=\"wp-caption aligncenter\"><img aria-describedby=\"caption-attachment-6698\" loading=\"lazy\" class=\"wp-image-6698 size-large\" src=\"https:\/\/www.fenomenum.com.br\/novo\/wp-content\/uploads\/2022\/03\/S65-34823_G04-H-903x1024.jpg\" alt=\"\" width=\"903\" height=\"1024\" \/><p id=\"caption-attachment-6698\" class=\"wp-caption-text\">Na fotografia S65-34823_G04-H, da Gemini 4, observa-se objetos luminosos acima da \u00f3rbita da Terra.<\/p><\/div>\n<p>&nbsp;<\/p>\n<div id=\"attachment_6699\" style=\"width: 913px\" class=\"wp-caption aligncenter\"><img aria-describedby=\"caption-attachment-6699\" loading=\"lazy\" class=\"wp-image-6699 size-large\" src=\"https:\/\/www.fenomenum.com.br\/novo\/wp-content\/uploads\/2022\/03\/S65-36154a_G04-H-903x1024.jpg\" alt=\"\" width=\"903\" height=\"1024\" \/><p id=\"caption-attachment-6699\" class=\"wp-caption-text\">Na fotografia S65-36154a_G04-H, da Gemini 4, observa-se objetos luminosos acima da \u00f3rbita da Terra.<\/p><\/div>\n<\/div>\n<p>&nbsp;<\/p>\n<div id=\"attachment_6701\" style=\"width: 1034px\" class=\"wp-caption aligncenter\"><img aria-describedby=\"caption-attachment-6701\" loading=\"lazy\" class=\"wp-image-6701 size-large\" src=\"https:\/\/www.fenomenum.com.br\/novo\/wp-content\/uploads\/2022\/03\/astronautasg4-1024x747.jpg\" alt=\"\" width=\"1024\" height=\"747\" \/><p id=\"caption-attachment-6701\" class=\"wp-caption-text\">Astronautas da Gemini 4. Edward White (esquerda) e James McDivitt (direita).<\/p><\/div>\n<p>&nbsp;<\/p>\n<p>&nbsp;<\/p>\n<div>\n<div id=\"attachment_3392\" style=\"width: 810px\" class=\"wp-caption aligncenter\"><img aria-describedby=\"caption-attachment-3392\" loading=\"lazy\" class=\"wp-image-3392 size-full\" src=\"https:\/\/www.fenomenum.com.br\/novo\/wp-content\/uploads\/2022\/03\/3e798bc2c5d186ec72aa89f7db7a324c.jpg\" alt=\"\" width=\"800\" height=\"884\" srcset=\"https:\/\/www.fenomenum.com.br\/novo\/wp-content\/uploads\/2022\/03\/3e798bc2c5d186ec72aa89f7db7a324c.jpg 800w, https:\/\/www.fenomenum.com.br\/novo\/wp-content\/uploads\/2022\/03\/3e798bc2c5d186ec72aa89f7db7a324c-400x442.jpg 400w, https:\/\/www.fenomenum.com.br\/novo\/wp-content\/uploads\/2022\/03\/3e798bc2c5d186ec72aa89f7db7a324c-650x718.jpg 650w, https:\/\/www.fenomenum.com.br\/novo\/wp-content\/uploads\/2022\/03\/3e798bc2c5d186ec72aa89f7db7a324c-250x276.jpg 250w, https:\/\/www.fenomenum.com.br\/novo\/wp-content\/uploads\/2022\/03\/3e798bc2c5d186ec72aa89f7db7a324c-768x849.jpg 768w, https:\/\/www.fenomenum.com.br\/novo\/wp-content\/uploads\/2022\/03\/3e798bc2c5d186ec72aa89f7db7a324c-150x166.jpg 150w, https:\/\/www.fenomenum.com.br\/novo\/wp-content\/uploads\/2022\/03\/3e798bc2c5d186ec72aa89f7db7a324c-50x55.jpg 50w, https:\/\/www.fenomenum.com.br\/novo\/wp-content\/uploads\/2022\/03\/3e798bc2c5d186ec72aa89f7db7a324c-100x111.jpg 100w, https:\/\/www.fenomenum.com.br\/novo\/wp-content\/uploads\/2022\/03\/3e798bc2c5d186ec72aa89f7db7a324c-200x221.jpg 200w, https:\/\/www.fenomenum.com.br\/novo\/wp-content\/uploads\/2022\/03\/3e798bc2c5d186ec72aa89f7db7a324c-300x332.jpg 300w, https:\/\/www.fenomenum.com.br\/novo\/wp-content\/uploads\/2022\/03\/3e798bc2c5d186ec72aa89f7db7a324c-350x387.jpg 350w, https:\/\/www.fenomenum.com.br\/novo\/wp-content\/uploads\/2022\/03\/3e798bc2c5d186ec72aa89f7db7a324c-450x497.jpg 450w, https:\/\/www.fenomenum.com.br\/novo\/wp-content\/uploads\/2022\/03\/3e798bc2c5d186ec72aa89f7db7a324c-500x553.jpg 500w, https:\/\/www.fenomenum.com.br\/novo\/wp-content\/uploads\/2022\/03\/3e798bc2c5d186ec72aa89f7db7a324c-550x608.jpg 550w\" sizes=\"(max-width: 800px) 100vw, 800px\" \/><p id=\"caption-attachment-3392\" class=\"wp-caption-text\">Este estudo resultou na obra imperd\u00edvel intitulada UFOs no Espa\u00e7o e na Lua, de autoria de Jackson Luiz Camargo. O livro pode ser adquirido pelo Whatsapp\/Telegram: (41) 98893-0383<\/p><\/div>\n<p>&nbsp;<\/p>\n<p>&nbsp;<\/p>\n<\/div>\n<div>\n<div><\/div>\n<h2>Refer\u00eancias:<\/h2>\n<div>\n<hr \/>\n<\/div>\n<div>\n<ol>\n<li>CAMARGO, Jackson. Entre o C\u00e9u a Terra \u2013 Uma hist\u00f3ria de aventura, mist\u00e9rios e UFOs. Curitiba: Clube de autores, 2018.<\/li>\n<li>CAMARGO, Jackson. UFOs no Espa\u00e7o e na Lua. Curitiba: Cole\u00e7\u00e3o Biblioteca UFO, 2020.<\/li>\n<li>CAMARGO, Jackson Luiz.\u00a0<a href=\"https:\/\/ufo.com.br\/artigos\/intrusos-na-lua.html\" target=\"_blank\" rel=\"noopener\">Intrusos na Lua<\/a>. Revista UFO, Campo Grande, n\u00ba 107, p. 21-21, fevereiro 2005.<\/li>\n<li><a href=\"https:\/\/historycollection.jsc.nasa.gov\/JSCHistoryPortal\/history\/mission_trans\/gemini4.htm\" target=\"_blank\" rel=\"noopener\">Transcri\u00e7\u00e3o das comunica\u00e7\u00f5es &#8211; Jhonson Space Center<\/a><\/li>\n<li><a href=\"https:\/\/www.fenomenum.com.br\/novo\/wp-content\/uploads\/2022\/03\/GT04_PAO.pdf\" target=\"_blank\" rel=\"noopener\">Gemini IV PAO Mission Commentary Transcript<\/a><\/li>\n<li><a href=\"https:\/\/www.fenomenum.com.br\/novo\/wp-content\/uploads\/2022\/03\/GT04_TEC.pdf\" target=\"_blank\" rel=\"noopener\">Gemini IV Composite Air-to-Ground and Onboard Voice Tape Transcription<\/a><\/li>\n<\/ol>\n<\/div>\n<\/div>\n","protected":false},"excerpt":{"rendered":"<p>Fotos e documentos oficiais comprovam que nunca estivemos s\u00f3s na explora\u00e7\u00e3o espacial. A Gemini IV foi lan\u00e7ada em 3 de junho de 1965, com os astronautas James McDivitt e Edward White. Esta miss\u00e3o foi programada para durar quatro dias, que seria o tempo m\u00ednimo necess\u00e1rio para uma viagem \u00e0 Lua. No espa\u00e7o, os astronautas testaram [&hellip;]<\/p>\n","protected":false},"author":5,"featured_media":3412,"comment_status":"open","ping_status":"open","sticky":false,"template":"","format":"standard","meta":{"inline_featured_image":false},"categories":[108,112,113,105,126,107],"tags":[],"_links":{"self":[{"href":"https:\/\/www.fenomenum.com.br\/novo\/wp-json\/wp\/v2\/posts\/3400"}],"collection":[{"href":"https:\/\/www.fenomenum.com.br\/novo\/wp-json\/wp\/v2\/posts"}],"about":[{"href":"https:\/\/www.fenomenum.com.br\/novo\/wp-json\/wp\/v2\/types\/post"}],"author":[{"embeddable":true,"href":"https:\/\/www.fenomenum.com.br\/novo\/wp-json\/wp\/v2\/users\/5"}],"replies":[{"embeddable":true,"href":"https:\/\/www.fenomenum.com.br\/novo\/wp-json\/wp\/v2\/comments?post=3400"}],"version-history":[{"count":1,"href":"https:\/\/www.fenomenum.com.br\/novo\/wp-json\/wp\/v2\/posts\/3400\/revisions"}],"predecessor-version":[{"id":6929,"href":"https:\/\/www.fenomenum.com.br\/novo\/wp-json\/wp\/v2\/posts\/3400\/revisions\/6929"}],"wp:featuredmedia":[{"embeddable":true,"href":"https:\/\/www.fenomenum.com.br\/novo\/wp-json\/wp\/v2\/media\/3412"}],"wp:attachment":[{"href":"https:\/\/www.fenomenum.com.br\/novo\/wp-json\/wp\/v2\/media?parent=3400"}],"wp:term":[{"taxonomy":"category","embeddable":true,"href":"https:\/\/www.fenomenum.com.br\/novo\/wp-json\/wp\/v2\/categories?post=3400"},{"taxonomy":"post_tag","embeddable":true,"href":"https:\/\/www.fenomenum.com.br\/novo\/wp-json\/wp\/v2\/tags?post=3400"}],"curies":[{"name":"wp","href":"https:\/\/api.w.org\/{rel}","templated":true}]}}