{"id":3429,"date":"2022-03-15T16:31:40","date_gmt":"2022-03-15T19:31:40","guid":{"rendered":"https:\/\/www.fenomenum.com.br\/?p=3429"},"modified":"2025-04-22T13:20:05","modified_gmt":"2025-04-22T16:20:05","slug":"contatos-ufologicos-na-missao-gemini-6","status":"publish","type":"post","link":"https:\/\/www.fenomenum.com.br\/novo\/contatos-ufologicos-na-missao-gemini-6\/","title":{"rendered":"Contatos Ufol\u00f3gicos na Miss\u00e3o Gemini 6"},"content":{"rendered":"<section id=\"inner-headline\">\n<div class=\"container\">\n<div class=\"row\">\n<div id=\"resumo\" class=\"resumo\" style=\"padding-left: 40px;\"><strong>Fotos e documentos oficiais comprovam que nunca estivemos s\u00f3s na explora\u00e7\u00e3o espacial.<\/strong><\/div>\n<\/div>\n<\/div>\n<\/section>\n<div>\n<hr \/>\n<\/div>\n<div><\/div>\n<div>\n<p>A miss\u00e3o Gemini VI estava programada para ir ao espa\u00e7o em 25 de novembro de 1965, com os astronautas Walter Schirra e Thomas Stafford. Entretanto, devido \u00e0diversos problemas t\u00e9cnicos seu lan\u00e7amento s\u00f3 ocorreu em 15 de dezembro daquele ano. Ela tinha por miss\u00e3o encontrar a Gemini VII, que foi lan\u00e7ada no mesmo per\u00edodo.<\/p>\n<p>Ap\u00f3s seu lan\u00e7amento, a Gemini VI apresentou problemas em seus instrumentos de bordo, obrigando o encerramento prematuro da miss\u00e3o. Ela acabou retornando \u00e0 Terra no dia seguinte, 16 de dezembro.<\/p>\n<p>Apesar dos problemas, os astronautas da Gemini VI observaram e fotografaram objetos n\u00e3o identificados em \u00f3rbita da Terra. No arquivo de fotografias da miss\u00e3o, dispon\u00edvel no site ToTheMoon, existem nove fotografias registrando objetos an\u00f4malos. Uma delas, a S65-63203_G06-H14, que foi obtida durante o voo conjunto com a Gemini VII, \u00e9 particularmente interessante. Nela observa-se a c\u00e1psula, tendo ao fundo um objeto em forma de bumerangue, de origem desconhecida.<\/p>\n<\/div>\n<div id=\"attachment_3431\" style=\"width: 913px\" class=\"wp-caption aligncenter\"><img aria-describedby=\"caption-attachment-3431\" loading=\"lazy\" class=\"wp-image-3431 size-large\" src=\"https:\/\/www.fenomenum.com.br\/novo\/wp-content\/uploads\/2022\/03\/S65-63116_G06-H-903x1024.jpg\" alt=\"\" width=\"903\" height=\"1024\" \/><p id=\"caption-attachment-3431\" class=\"wp-caption-text\">Um objeto luminoso registrado pelos astronautas da Gemini 6.<\/p><\/div>\n<p>&nbsp;<\/p>\n<div id=\"attachment_3432\" style=\"width: 913px\" class=\"wp-caption aligncenter\"><img aria-describedby=\"caption-attachment-3432\" loading=\"lazy\" class=\"wp-image-3432 size-large\" src=\"https:\/\/www.fenomenum.com.br\/novo\/wp-content\/uploads\/2022\/03\/S65-63117_G06-H-903x1024.jpg\" alt=\"\" width=\"903\" height=\"1024\" \/><p id=\"caption-attachment-3432\" class=\"wp-caption-text\">Dois objetos luminosos registrados pelos astronautas da Gemini 6.<\/p><\/div>\n<p>&nbsp;<\/p>\n<div id=\"attachment_3433\" style=\"width: 913px\" class=\"wp-caption aligncenter\"><img aria-describedby=\"caption-attachment-3433\" loading=\"lazy\" class=\"wp-image-3433 size-large\" src=\"https:\/\/www.fenomenum.com.br\/novo\/wp-content\/uploads\/2022\/03\/S65-63119_G06-H-903x1024.jpg\" alt=\"\" width=\"903\" height=\"1024\" \/><p id=\"caption-attachment-3433\" class=\"wp-caption-text\">Um objeto luminoso registrado pelos astronautas da Gemini 6.<\/p><\/div>\n<p>&nbsp;<\/p>\n<div id=\"attachment_3434\" style=\"width: 913px\" class=\"wp-caption aligncenter\"><img aria-describedby=\"caption-attachment-3434\" loading=\"lazy\" class=\"wp-image-3434 size-large\" src=\"https:\/\/www.fenomenum.com.br\/novo\/wp-content\/uploads\/2022\/03\/S65-63171_G06-H-903x1024.jpg\" alt=\"\" width=\"903\" height=\"1024\" \/><p id=\"caption-attachment-3434\" class=\"wp-caption-text\">Dois objetos de cor branca, no espa\u00e7o, n\u00e3o muito distante das Gemini 6 e 7. As manchas azuis indicam arranhados no negativo.<\/p><\/div>\n<p>&nbsp;<\/p>\n<div id=\"attachment_3435\" style=\"width: 913px\" class=\"wp-caption aligncenter\"><img aria-describedby=\"caption-attachment-3435\" loading=\"lazy\" class=\"wp-image-3435 size-large\" src=\"https:\/\/www.fenomenum.com.br\/novo\/wp-content\/uploads\/2022\/03\/S65-63203_G06-H-1-903x1024.jpg\" alt=\"\" width=\"903\" height=\"1024\" \/><p id=\"caption-attachment-3435\" class=\"wp-caption-text\">Objeto em forma de bumerangue, no espa\u00e7o, pr\u00f3ximo \u00e0 Gemini 6. Percebem-se detalhes externos no objeto.<\/p><\/div>\n<p>&nbsp;<\/p>\n<div class=\"col-lg-8\">\n<div id=\"attachment_3430\" style=\"width: 1034px\" class=\"wp-caption aligncenter\"><img aria-describedby=\"caption-attachment-3430\" loading=\"lazy\" class=\"wp-image-3430 size-full\" src=\"https:\/\/www.fenomenum.com.br\/novo\/wp-content\/uploads\/2022\/03\/astronautasg6.jpg\" alt=\"\" width=\"1024\" height=\"805\" srcset=\"https:\/\/www.fenomenum.com.br\/novo\/wp-content\/uploads\/2022\/03\/astronautasg6.jpg 1024w, https:\/\/www.fenomenum.com.br\/novo\/wp-content\/uploads\/2022\/03\/astronautasg6-400x314.jpg 400w, https:\/\/www.fenomenum.com.br\/novo\/wp-content\/uploads\/2022\/03\/astronautasg6-650x511.jpg 650w, https:\/\/www.fenomenum.com.br\/novo\/wp-content\/uploads\/2022\/03\/astronautasg6-250x197.jpg 250w, https:\/\/www.fenomenum.com.br\/novo\/wp-content\/uploads\/2022\/03\/astronautasg6-768x604.jpg 768w, https:\/\/www.fenomenum.com.br\/novo\/wp-content\/uploads\/2022\/03\/astronautasg6-150x118.jpg 150w, https:\/\/www.fenomenum.com.br\/novo\/wp-content\/uploads\/2022\/03\/astronautasg6-50x39.jpg 50w, https:\/\/www.fenomenum.com.br\/novo\/wp-content\/uploads\/2022\/03\/astronautasg6-100x79.jpg 100w, https:\/\/www.fenomenum.com.br\/novo\/wp-content\/uploads\/2022\/03\/astronautasg6-200x157.jpg 200w, https:\/\/www.fenomenum.com.br\/novo\/wp-content\/uploads\/2022\/03\/astronautasg6-300x236.jpg 300w, https:\/\/www.fenomenum.com.br\/novo\/wp-content\/uploads\/2022\/03\/astronautasg6-350x275.jpg 350w, https:\/\/www.fenomenum.com.br\/novo\/wp-content\/uploads\/2022\/03\/astronautasg6-450x354.jpg 450w, https:\/\/www.fenomenum.com.br\/novo\/wp-content\/uploads\/2022\/03\/astronautasg6-500x393.jpg 500w, https:\/\/www.fenomenum.com.br\/novo\/wp-content\/uploads\/2022\/03\/astronautasg6-550x432.jpg 550w, https:\/\/www.fenomenum.com.br\/novo\/wp-content\/uploads\/2022\/03\/astronautasg6-800x629.jpg 800w\" sizes=\"(max-width: 1024px) 100vw, 1024px\" \/><p id=\"caption-attachment-3430\" class=\"wp-caption-text\">Astronautas da Gemini 6. Thomas Stafford (esquerda) e Walter Schirra (direita).<\/p><\/div>\n<\/div>\n<div><\/div>\n<div><\/div>\n<div><\/div>\n<div>\n<div>\n<p>&nbsp;<\/p>\n<div id=\"attachment_3392\" style=\"width: 810px\" class=\"wp-caption aligncenter\"><img aria-describedby=\"caption-attachment-3392\" loading=\"lazy\" class=\"wp-image-3392 size-full\" src=\"https:\/\/www.fenomenum.com.br\/novo\/wp-content\/uploads\/2022\/03\/3e798bc2c5d186ec72aa89f7db7a324c.jpg\" alt=\"\" width=\"800\" height=\"884\" srcset=\"https:\/\/www.fenomenum.com.br\/novo\/wp-content\/uploads\/2022\/03\/3e798bc2c5d186ec72aa89f7db7a324c.jpg 800w, https:\/\/www.fenomenum.com.br\/novo\/wp-content\/uploads\/2022\/03\/3e798bc2c5d186ec72aa89f7db7a324c-400x442.jpg 400w, https:\/\/www.fenomenum.com.br\/novo\/wp-content\/uploads\/2022\/03\/3e798bc2c5d186ec72aa89f7db7a324c-650x718.jpg 650w, https:\/\/www.fenomenum.com.br\/novo\/wp-content\/uploads\/2022\/03\/3e798bc2c5d186ec72aa89f7db7a324c-250x276.jpg 250w, https:\/\/www.fenomenum.com.br\/novo\/wp-content\/uploads\/2022\/03\/3e798bc2c5d186ec72aa89f7db7a324c-768x849.jpg 768w, https:\/\/www.fenomenum.com.br\/novo\/wp-content\/uploads\/2022\/03\/3e798bc2c5d186ec72aa89f7db7a324c-150x166.jpg 150w, https:\/\/www.fenomenum.com.br\/novo\/wp-content\/uploads\/2022\/03\/3e798bc2c5d186ec72aa89f7db7a324c-50x55.jpg 50w, https:\/\/www.fenomenum.com.br\/novo\/wp-content\/uploads\/2022\/03\/3e798bc2c5d186ec72aa89f7db7a324c-100x111.jpg 100w, https:\/\/www.fenomenum.com.br\/novo\/wp-content\/uploads\/2022\/03\/3e798bc2c5d186ec72aa89f7db7a324c-200x221.jpg 200w, https:\/\/www.fenomenum.com.br\/novo\/wp-content\/uploads\/2022\/03\/3e798bc2c5d186ec72aa89f7db7a324c-300x332.jpg 300w, https:\/\/www.fenomenum.com.br\/novo\/wp-content\/uploads\/2022\/03\/3e798bc2c5d186ec72aa89f7db7a324c-350x387.jpg 350w, https:\/\/www.fenomenum.com.br\/novo\/wp-content\/uploads\/2022\/03\/3e798bc2c5d186ec72aa89f7db7a324c-450x497.jpg 450w, https:\/\/www.fenomenum.com.br\/novo\/wp-content\/uploads\/2022\/03\/3e798bc2c5d186ec72aa89f7db7a324c-500x553.jpg 500w, https:\/\/www.fenomenum.com.br\/novo\/wp-content\/uploads\/2022\/03\/3e798bc2c5d186ec72aa89f7db7a324c-550x608.jpg 550w\" sizes=\"(max-width: 800px) 100vw, 800px\" \/><p id=\"caption-attachment-3392\" class=\"wp-caption-text\">Este estudo resultou na obra imperd\u00edvel intitulada UFOs no Espa\u00e7o e na Lua, de autoria de Jackson Luiz Camargo. O livro pode ser adquirido pelo Whatsapp\/Telegram: (41) 98893-0383<\/p><\/div>\n<p>&nbsp;<\/p>\n<\/div>\n<div class=\"col-lg-8\"><\/div>\n<\/div>\n<div><\/div>\n<div>\n<h2>Refer\u00eancias:<\/h2>\n<div>\n<hr \/>\n<\/div>\n<div>\n<ol>\n<li>CAMARGO, Jackson. Entre o C\u00e9u a Terra \u2013 Uma hist\u00f3ria de aventura, mist\u00e9rios e UFOs. Curitiba: Clube de autores, 2018.<\/li>\n<li>CAMARGO, Jackson. UFOs no Espa\u00e7o e na Lua. Curitiba: Cole\u00e7\u00e3o Biblioteca UFO, 2020.<\/li>\n<li>CAMARGO, Jackson Luiz.\u00a0<a href=\"https:\/\/ufo.com.br\/artigos\/intrusos-na-lua.html\" target=\"_blank\" rel=\"noopener\">Intrusos na Lua<\/a>. Revista UFO, Campo Grande, n\u00ba 107, p. 21-21, fevereiro 2005.<\/li>\n<li><a href=\"https:\/\/historycollection.jsc.nasa.gov\/JSCHistoryPortal\/history\/mission_trans\/gemini6.htm\" target=\"_blank\" rel=\"noopener\">Transcri\u00e7\u00e3o das comunica\u00e7\u00f5es &#8211; Jhonson Space Center<\/a><\/li>\n<li><a href=\"https:\/\/www.fenomenum.com.br\/novo\/wp-content\/uploads\/2022\/03\/GT06_TEC.pdf\" target=\"_blank\" rel=\"noopener\">Gemini VI Composite Air-to-Ground and Onboard Voice Tape Transcription<\/a><\/li>\n<\/ol>\n<\/div>\n<\/div>\n","protected":false},"excerpt":{"rendered":"<p>Fotos e documentos oficiais comprovam que nunca estivemos s\u00f3s na explora\u00e7\u00e3o espacial. A miss\u00e3o Gemini VI estava programada para ir ao espa\u00e7o em 25 de novembro de 1965, com os astronautas Walter Schirra e Thomas Stafford. Entretanto, devido \u00e0diversos problemas t\u00e9cnicos seu lan\u00e7amento s\u00f3 ocorreu em 15 de dezembro daquele ano. Ela tinha por miss\u00e3o [&hellip;]<\/p>\n","protected":false},"author":5,"featured_media":3440,"comment_status":"open","ping_status":"open","sticky":false,"template":"","format":"standard","meta":{"inline_featured_image":false},"categories":[108,112,113,105,126,107],"tags":[],"_links":{"self":[{"href":"https:\/\/www.fenomenum.com.br\/novo\/wp-json\/wp\/v2\/posts\/3429"}],"collection":[{"href":"https:\/\/www.fenomenum.com.br\/novo\/wp-json\/wp\/v2\/posts"}],"about":[{"href":"https:\/\/www.fenomenum.com.br\/novo\/wp-json\/wp\/v2\/types\/post"}],"author":[{"embeddable":true,"href":"https:\/\/www.fenomenum.com.br\/novo\/wp-json\/wp\/v2\/users\/5"}],"replies":[{"embeddable":true,"href":"https:\/\/www.fenomenum.com.br\/novo\/wp-json\/wp\/v2\/comments?post=3429"}],"version-history":[{"count":1,"href":"https:\/\/www.fenomenum.com.br\/novo\/wp-json\/wp\/v2\/posts\/3429\/revisions"}],"predecessor-version":[{"id":6927,"href":"https:\/\/www.fenomenum.com.br\/novo\/wp-json\/wp\/v2\/posts\/3429\/revisions\/6927"}],"wp:featuredmedia":[{"embeddable":true,"href":"https:\/\/www.fenomenum.com.br\/novo\/wp-json\/wp\/v2\/media\/3440"}],"wp:attachment":[{"href":"https:\/\/www.fenomenum.com.br\/novo\/wp-json\/wp\/v2\/media?parent=3429"}],"wp:term":[{"taxonomy":"category","embeddable":true,"href":"https:\/\/www.fenomenum.com.br\/novo\/wp-json\/wp\/v2\/categories?post=3429"},{"taxonomy":"post_tag","embeddable":true,"href":"https:\/\/www.fenomenum.com.br\/novo\/wp-json\/wp\/v2\/tags?post=3429"}],"curies":[{"name":"wp","href":"https:\/\/api.w.org\/{rel}","templated":true}]}}