{"id":3519,"date":"2022-03-16T11:23:15","date_gmt":"2022-03-16T14:23:15","guid":{"rendered":"https:\/\/www.fenomenum.com.br\/?p=3519"},"modified":"2025-04-23T19:57:51","modified_gmt":"2025-04-23T22:57:51","slug":"contatos-ufologicos-na-missao-gemini-12","status":"publish","type":"post","link":"https:\/\/www.fenomenum.com.br\/novo\/contatos-ufologicos-na-missao-gemini-12\/","title":{"rendered":"Contatos Ufol\u00f3gicos na Miss\u00e3o Gemini 12"},"content":{"rendered":"<section id=\"inner-headline\">\n<div class=\"container\">\n<div class=\"row\">\n<div id=\"resumo\" class=\"resumo\" style=\"padding-left: 40px;\"><strong>Fotos e documentos oficiais comprovam que nunca estivemos s\u00f3s na explora\u00e7\u00e3o espacial.<\/strong><\/div>\n<\/div>\n<\/div>\n<\/section>\n<div>\n<hr \/>\n<\/div>\n<div><\/div>\n<div>\n<p>Esta \u00faltima miss\u00e3o foi lan\u00e7ada a 11 de novembro de 1966, levando a bordo os astronautas Edwin Aldrin e James Lovell Jr., com a miss\u00e3o de testar equipamentos e manobras para o programa Apollo.<\/p>\n<p>Durante o voo, foram obtidas diversas fotografias de UFOs nas proximidades da c\u00e1psula espacial. Entretanto, nas transcri\u00e7\u00f5es das comunica\u00e7\u00f5es n\u00e3o existe qualquer refer\u00eancia \u00e0 avistamentos de luzes ou objetos desconhecidos, o que \u00e9 estranho ou suspeito, pois a miss\u00e3o obteve dezenas de registros fotogr\u00e1ficos de objetos n\u00e3o identificados pr\u00f3ximos \u00e0 c\u00e1psula espacial.<\/p>\n<p>No acervo de fotografias da miss\u00e3o, dispon\u00edveis no site ToTheMoon, existe uma sequencia de 25 fotografias, obtidas em sequencia onde observam-se de tr\u00eas a sete objetos luminosos, de cor verde ou avermelhada, voando em forma\u00e7\u00e3o no espa\u00e7o, n\u00e3o muito distantes da Gemini XII. A explica\u00e7\u00e3o oficial da NASA para estas luzes \u00e9 de que se tratava de um painel externo da c\u00e1psula. No entanto, analisando as demais fotografias obtidas pelos astronautas percebe-se que essa explica\u00e7\u00e3o n\u00e3o se sustenta, pois n\u00e3o havia luzes de painel indicativas na parte externa da c\u00e1psula. Outra explica\u00e7\u00e3o para estas imagens \u00e9 de que ela tratava-se de mero reflexo em instrumentos externos da c\u00e1psula. Por\u00e9m, no momento do registro, a c\u00e1psula atravessava a sombra da Terra e n\u00e3o havia fonte luminosa com intensidade suficiente para ser refletida pelos instrumentos externos. Al\u00e9m disso, a diferente posi\u00e7\u00e3o das luzes ao longo das fotografias eliminaria esta possibilidade.<\/p>\n<p>Al\u00e9m desta impressionante sequencia de fotografias, existem outros registros interessantes, como por exemplo, a S66-62871_G12-S. Esta imagem, bastante conhecida no meio ufol\u00f3gico, foi obtida durante uma atividade extraveicular e mostra, al\u00e9m da escotilha aberta da Gemini XII, o nosso planeta ao fundo. Em contraste contra o fundo escuro do espa\u00e7o, observa-se um objeto alongado, na \u00f3rbita da Terra.<\/p>\n<p>Outras duas imagens mostram objetos luminosos avermelhados no espa\u00e7o. A fotografia S66-62793_G12-M, obtida em 13 de novembro, registra nosso planeta, a partir da \u00f3rbita. Acima da superf\u00edcie, contrastando contra o fundo escuro do espa\u00e7o, observam-se tr\u00eas objetos luminosos. Dois deles possuem algo como um ap\u00eandice externo de cor azulada. A fotografia S66-62761_G12-M, por sua vez, mostra um objeto luminoso, avermelhado, n\u00e3o muito distante da c\u00e1psula espacial.<\/p>\n<p>A Gemini XII encerrou sua miss\u00e3o em 15 de novembro de 1966. Ao longo dos quase quatro dias da miss\u00e3o, ela cumpriu os objetivos estipulados, sendo considerado um sucesso pela NASA. Do ponto de vista ufol\u00f3gico ela se destaca pela quantidade de fotografias de luzes n\u00e3o identificadas pr\u00f3ximas \u00e0 c\u00e1psula. Os registros ufol\u00f3gicos obtidos durante o voo da Gemini XII e das miss\u00f5es predecessoras chamaram novamente a aten\u00e7\u00e3o da NASA para a quest\u00e3o ufol\u00f3gica. Observa-se que ao longo do programa Gemini foram adotados v\u00e1rios termos para referir-se \u00e0 UFOS no espa\u00e7o. O termo fire (fogo), por exemplo, foi usado pelos astronautas da Gemini IV, enquanto o termo bogey foi usado nas miss\u00f5es Gemini VII e VIII. Curiosamente, em alguns casos o astronauta simplesmente o descreveu como uma luz ou estrela, de brilho intenso e de aspecto diferente dos demais objetos espaciais.<\/p>\n<p>Estes avistamentos levaram a NASA a impor diretrizes de sigilo mais incisivas em rela\u00e7\u00e3o a esses eventos. Isso incluiu omitir fotografias e v\u00eddeos, transcri\u00e7\u00f5es de comunica\u00e7\u00f5es e aplicar san\u00e7\u00f5es a astronautas que relatassem eventos ufol\u00f3gicos ocorridos no espa\u00e7o. Mais tarde, no Programa Apollo estas regras foram bem mais eficientes.<\/p>\n<\/div>\n<div>\n<div id=\"attachment_3522\" style=\"width: 913px\" class=\"wp-caption aligncenter\"><img aria-describedby=\"caption-attachment-3522\" loading=\"lazy\" class=\"wp-image-3522 size-large\" src=\"https:\/\/www.fenomenum.com.br\/novo\/wp-content\/uploads\/2022\/03\/S66-62753_G12-M_f-903x1024.jpg\" alt=\"\" width=\"903\" height=\"1024\" \/><p id=\"caption-attachment-3522\" class=\"wp-caption-text\">Um objeto luminoso registrado pelos astronautas da Gemini 12.<\/p><\/div>\n<\/div>\n<div><\/div>\n<div>\n<div id=\"attachment_3523\" style=\"width: 913px\" class=\"wp-caption aligncenter\"><img aria-describedby=\"caption-attachment-3523\" loading=\"lazy\" class=\"wp-image-3523 size-large\" src=\"https:\/\/www.fenomenum.com.br\/novo\/wp-content\/uploads\/2022\/03\/S66-62761_G12-M_f-903x1024.jpg\" alt=\"\" width=\"903\" height=\"1024\" \/><p id=\"caption-attachment-3523\" class=\"wp-caption-text\">Um objeto luminoso, de cor avermelhada, registrado pelos astronautas da Gemini 9.<\/p><\/div>\n<\/div>\n<div><\/div>\n<div>\n<div id=\"attachment_3524\" style=\"width: 913px\" class=\"wp-caption aligncenter\"><img aria-describedby=\"caption-attachment-3524\" loading=\"lazy\" class=\"wp-image-3524 size-large\" src=\"https:\/\/www.fenomenum.com.br\/novo\/wp-content\/uploads\/2022\/03\/S66-62793_G12-M_f-903x1024.jpg\" alt=\"\" width=\"903\" height=\"1024\" \/><p id=\"caption-attachment-3524\" class=\"wp-caption-text\">Objetos luminosos registrados pelos astronautas da Gemini 12..<\/p><\/div>\n<\/div>\n<div><\/div>\n<div>\n<div id=\"attachment_3525\" style=\"width: 913px\" class=\"wp-caption aligncenter\"><img aria-describedby=\"caption-attachment-3525\" loading=\"lazy\" class=\"wp-image-3525 size-large\" src=\"https:\/\/www.fenomenum.com.br\/novo\/wp-content\/uploads\/2022\/03\/S66-62871_G12-S_f-903x1024.jpg\" alt=\"\" width=\"903\" height=\"1024\" \/><p id=\"caption-attachment-3525\" class=\"wp-caption-text\">Um objeto luminoso registrado pelos astronautas da Gemini 12.<\/p><\/div>\n<\/div>\n<div><\/div>\n<div>\n<div id=\"attachment_3526\" style=\"width: 913px\" class=\"wp-caption aligncenter\"><img aria-describedby=\"caption-attachment-3526\" loading=\"lazy\" class=\"wp-image-3526 size-large\" src=\"https:\/\/www.fenomenum.com.br\/novo\/wp-content\/uploads\/2022\/03\/S66-62872_G12-S_f-903x1024.jpg\" alt=\"\" width=\"903\" height=\"1024\" \/><p id=\"caption-attachment-3526\" class=\"wp-caption-text\">Um objeto luminoso, de cor avermelhada, registrado pelos astronautas da Gemini 12.<\/p><\/div>\n<\/div>\n<div><\/div>\n<div>\n<div id=\"attachment_3527\" style=\"width: 913px\" class=\"wp-caption aligncenter\"><img aria-describedby=\"caption-attachment-3527\" loading=\"lazy\" class=\"wp-image-3527 size-large\" src=\"https:\/\/www.fenomenum.com.br\/novo\/wp-content\/uploads\/2022\/03\/S66-62959_G12-S_f-903x1024.jpg\" alt=\"\" width=\"903\" height=\"1024\" \/><p id=\"caption-attachment-3527\" class=\"wp-caption-text\">V\u00e1rios objetos luminosos, fotografados pelos astronautas da Gemini 12. Estas imagens fazem parte de uma grande sequencia de registros ufol\u00f3gicos.<\/p><\/div>\n<\/div>\n<div><\/div>\n<div>\n<div id=\"attachment_3528\" style=\"width: 913px\" class=\"wp-caption aligncenter\"><img aria-describedby=\"caption-attachment-3528\" loading=\"lazy\" class=\"wp-image-3528 size-large\" src=\"https:\/\/www.fenomenum.com.br\/novo\/wp-content\/uploads\/2022\/03\/S66-62960_G12-S_f-903x1024.jpg\" alt=\"\" width=\"903\" height=\"1024\" \/><p id=\"caption-attachment-3528\" class=\"wp-caption-text\">V\u00e1rios objetos luminosos, fotografados pelos astronautas da Gemini 12. Estas imagens fazem parte de uma grande sequencia de registros ufol\u00f3gicos.<\/p><\/div>\n<\/div>\n<div><\/div>\n<div>\n<div id=\"attachment_3529\" style=\"width: 913px\" class=\"wp-caption aligncenter\"><img aria-describedby=\"caption-attachment-3529\" loading=\"lazy\" class=\"wp-image-3529 size-large\" src=\"https:\/\/www.fenomenum.com.br\/novo\/wp-content\/uploads\/2022\/03\/S66-62962_G12-S_f-903x1024.jpg\" alt=\"\" width=\"903\" height=\"1024\" \/><p id=\"caption-attachment-3529\" class=\"wp-caption-text\">V\u00e1rios objetos luminosos, fotografados pelos astronautas da Gemini 12. Estas imagens fazem parte de uma grande sequencia de registros ufol\u00f3gicos.<\/p><\/div>\n<\/div>\n<div><\/div>\n<div>\n<div id=\"attachment_3530\" style=\"width: 913px\" class=\"wp-caption aligncenter\"><img aria-describedby=\"caption-attachment-3530\" loading=\"lazy\" class=\"wp-image-3530 size-large\" src=\"https:\/\/www.fenomenum.com.br\/novo\/wp-content\/uploads\/2022\/03\/S66-62963_G12-S_f-903x1024.jpg\" alt=\"\" width=\"903\" height=\"1024\" \/><p id=\"caption-attachment-3530\" class=\"wp-caption-text\">V\u00e1rios objetos luminosos, fotografados pelos astronautas da Gemini 12. Estas imagens fazem parte de uma grande sequencia de registros ufol\u00f3gicos.<\/p><\/div>\n<\/div>\n<div><\/div>\n<div>\n<div id=\"attachment_3531\" style=\"width: 913px\" class=\"wp-caption aligncenter\"><img aria-describedby=\"caption-attachment-3531\" loading=\"lazy\" class=\"wp-image-3531 size-large\" src=\"https:\/\/www.fenomenum.com.br\/novo\/wp-content\/uploads\/2022\/03\/S66-62964_G12-S_f-903x1024.jpg\" alt=\"\" width=\"903\" height=\"1024\" \/><p id=\"caption-attachment-3531\" class=\"wp-caption-text\">V\u00e1rios objetos luminosos, fotografados pelos astronautas da Gemini 12. Estas imagens fazem parte de uma grande sequencia de registros ufol\u00f3gicos.<\/p><\/div>\n<\/div>\n<div><\/div>\n<div>\n<div id=\"attachment_3532\" style=\"width: 913px\" class=\"wp-caption aligncenter\"><img aria-describedby=\"caption-attachment-3532\" loading=\"lazy\" class=\"wp-image-3532 size-large\" src=\"https:\/\/www.fenomenum.com.br\/novo\/wp-content\/uploads\/2022\/03\/S66-62965_G12-S_f-903x1024.jpg\" alt=\"\" width=\"903\" height=\"1024\" \/><p id=\"caption-attachment-3532\" class=\"wp-caption-text\">V\u00e1rios objetos luminosos, fotografados pelos astronautas da Gemini 12. Estas imagens fazem parte de uma grande sequencia de registros ufol\u00f3gicos.<\/p><\/div>\n<\/div>\n<div><\/div>\n<div>\n<div id=\"attachment_3533\" style=\"width: 913px\" class=\"wp-caption aligncenter\"><img aria-describedby=\"caption-attachment-3533\" loading=\"lazy\" class=\"wp-image-3533 size-large\" src=\"https:\/\/www.fenomenum.com.br\/novo\/wp-content\/uploads\/2022\/03\/S66-62966_G12-S_f-903x1024.jpg\" alt=\"\" width=\"903\" height=\"1024\" \/><p id=\"caption-attachment-3533\" class=\"wp-caption-text\">V\u00e1rios objetos luminosos, fotografados pelos astronautas da Gemini 12. Estas imagens fazem parte de uma grande sequencia de registros ufol\u00f3gicos.<\/p><\/div>\n<\/div>\n<div><\/div>\n<div>\n<div id=\"attachment_3534\" style=\"width: 913px\" class=\"wp-caption aligncenter\"><img aria-describedby=\"caption-attachment-3534\" loading=\"lazy\" class=\"wp-image-3534 size-large\" src=\"https:\/\/www.fenomenum.com.br\/novo\/wp-content\/uploads\/2022\/03\/S66-62967_G12-S_f-903x1024.jpg\" alt=\"\" width=\"903\" height=\"1024\" \/><p id=\"caption-attachment-3534\" class=\"wp-caption-text\">V\u00e1rios objetos luminosos, fotografados pelos astronautas da Gemini 12. Estas imagens fazem parte de uma grande sequencia de registros ufol\u00f3gicos.<\/p><\/div>\n<\/div>\n<div><\/div>\n<div>\n<div id=\"attachment_3535\" style=\"width: 913px\" class=\"wp-caption aligncenter\"><img aria-describedby=\"caption-attachment-3535\" loading=\"lazy\" class=\"wp-image-3535 size-large\" src=\"https:\/\/www.fenomenum.com.br\/novo\/wp-content\/uploads\/2022\/03\/S66-62968_G12-S_f-903x1024.jpg\" alt=\"\" width=\"903\" height=\"1024\" \/><p id=\"caption-attachment-3535\" class=\"wp-caption-text\">V\u00e1rios objetos luminosos, fotografados pelos astronautas da Gemini 12. Estas imagens fazem parte de uma grande sequencia de registros ufol\u00f3gicos.<\/p><\/div>\n<\/div>\n<div><\/div>\n<div>\n<div id=\"attachment_3536\" style=\"width: 913px\" class=\"wp-caption aligncenter\"><img aria-describedby=\"caption-attachment-3536\" loading=\"lazy\" class=\"wp-image-3536 size-large\" src=\"https:\/\/www.fenomenum.com.br\/novo\/wp-content\/uploads\/2022\/03\/S66-62969_G12-S_f-903x1024.jpg\" alt=\"\" width=\"903\" height=\"1024\" \/><p id=\"caption-attachment-3536\" class=\"wp-caption-text\">V\u00e1rios objetos luminosos, fotografados pelos astronautas da Gemini 12. Estas imagens fazem parte de uma grande sequencia de registros ufol\u00f3gicos.<\/p><\/div>\n<\/div>\n<div><\/div>\n<div>\n<div id=\"attachment_3537\" style=\"width: 913px\" class=\"wp-caption aligncenter\"><img aria-describedby=\"caption-attachment-3537\" loading=\"lazy\" class=\"wp-image-3537 size-large\" src=\"https:\/\/www.fenomenum.com.br\/novo\/wp-content\/uploads\/2022\/03\/S66-62970_G12-S_f-903x1024.jpg\" alt=\"\" width=\"903\" height=\"1024\" \/><p id=\"caption-attachment-3537\" class=\"wp-caption-text\">V\u00e1rios objetos luminosos, fotografados pelos astronautas da Gemini 12. Estas imagens fazem parte de uma grande sequencia de registros ufol\u00f3gicos.<\/p><\/div>\n<\/div>\n<div><\/div>\n<div>\n<div id=\"attachment_3538\" style=\"width: 913px\" class=\"wp-caption aligncenter\"><img aria-describedby=\"caption-attachment-3538\" loading=\"lazy\" class=\"wp-image-3538 size-large\" src=\"https:\/\/www.fenomenum.com.br\/novo\/wp-content\/uploads\/2022\/03\/S66-62971_G12-S_f-903x1024.jpg\" alt=\"\" width=\"903\" height=\"1024\" \/><p id=\"caption-attachment-3538\" class=\"wp-caption-text\">V\u00e1rios objetos luminosos, fotografados pelos astronautas da Gemini 12. Estas imagens fazem parte de uma grande sequencia de registros ufol\u00f3gicos.<\/p><\/div>\n<\/div>\n<div><\/div>\n<div>\n<div id=\"attachment_3539\" style=\"width: 913px\" class=\"wp-caption aligncenter\"><img aria-describedby=\"caption-attachment-3539\" loading=\"lazy\" class=\"wp-image-3539 size-large\" src=\"https:\/\/www.fenomenum.com.br\/novo\/wp-content\/uploads\/2022\/03\/S66-62972_G12-S_f-903x1024.jpg\" alt=\"\" width=\"903\" height=\"1024\" \/><p id=\"caption-attachment-3539\" class=\"wp-caption-text\">V\u00e1rios objetos luminosos, fotografados pelos astronautas da Gemini 12. Estas imagens fazem parte de uma grande sequencia de registros ufol\u00f3gicos.<\/p><\/div>\n<\/div>\n<div><\/div>\n<div>\n<div id=\"attachment_3540\" style=\"width: 913px\" class=\"wp-caption aligncenter\"><img aria-describedby=\"caption-attachment-3540\" loading=\"lazy\" class=\"wp-image-3540 size-large\" src=\"https:\/\/www.fenomenum.com.br\/novo\/wp-content\/uploads\/2022\/03\/S66-62973_G12-S_f-903x1024.jpg\" alt=\"\" width=\"903\" height=\"1024\" \/><p id=\"caption-attachment-3540\" class=\"wp-caption-text\">V\u00e1rios objetos luminosos, fotografados pelos astronautas da Gemini 12. Estas imagens fazem parte de uma grande sequencia de registros ufol\u00f3gicos.<\/p><\/div>\n<\/div>\n<div><\/div>\n<div>\n<div id=\"attachment_3541\" style=\"width: 913px\" class=\"wp-caption aligncenter\"><img aria-describedby=\"caption-attachment-3541\" loading=\"lazy\" class=\"wp-image-3541 size-large\" src=\"https:\/\/www.fenomenum.com.br\/novo\/wp-content\/uploads\/2022\/03\/S66-63006_G12-S_f-903x1024.jpg\" alt=\"\" width=\"903\" height=\"1024\" \/><p id=\"caption-attachment-3541\" class=\"wp-caption-text\">Dois objetos luminosos, registrados pelos astronautas da Apollo 12.<\/p><\/div>\n<\/div>\n<div><\/div>\n<div>\n<div id=\"attachment_3542\" style=\"width: 913px\" class=\"wp-caption aligncenter\"><img aria-describedby=\"caption-attachment-3542\" loading=\"lazy\" class=\"wp-image-3542 size-large\" src=\"https:\/\/www.fenomenum.com.br\/novo\/wp-content\/uploads\/2022\/03\/S66-63450_G12-S_f-903x1024.jpg\" alt=\"\" width=\"903\" height=\"1024\" \/><p id=\"caption-attachment-3542\" class=\"wp-caption-text\">Dois objetos luminosos, registrados pelos astronautas da Apollo 12.<\/p><\/div>\n<\/div>\n<div><\/div>\n<div>\n<div id=\"attachment_3521\" style=\"width: 1034px\" class=\"wp-caption aligncenter\"><img aria-describedby=\"caption-attachment-3521\" loading=\"lazy\" class=\"wp-image-3521 size-large\" src=\"https:\/\/www.fenomenum.com.br\/novo\/wp-content\/uploads\/2022\/03\/astronautasg12-1024x678.jpg\" alt=\"\" width=\"1024\" height=\"678\" \/><p id=\"caption-attachment-3521\" class=\"wp-caption-text\">Astronautas da Gemini 7. Edwin Aldrin (esquerda) e James Lovell (direita).<\/p><\/div>\n<\/div>\n<div><\/div>\n<div><\/div>\n<div>\n<div>\n<p>&nbsp;<\/p>\n<div id=\"attachment_3392\" style=\"width: 810px\" class=\"wp-caption aligncenter\"><img aria-describedby=\"caption-attachment-3392\" loading=\"lazy\" class=\"wp-image-3392 size-full\" src=\"https:\/\/www.fenomenum.com.br\/novo\/wp-content\/uploads\/2022\/03\/3e798bc2c5d186ec72aa89f7db7a324c.jpg\" alt=\"\" width=\"800\" height=\"884\" srcset=\"https:\/\/www.fenomenum.com.br\/novo\/wp-content\/uploads\/2022\/03\/3e798bc2c5d186ec72aa89f7db7a324c.jpg 800w, https:\/\/www.fenomenum.com.br\/novo\/wp-content\/uploads\/2022\/03\/3e798bc2c5d186ec72aa89f7db7a324c-400x442.jpg 400w, https:\/\/www.fenomenum.com.br\/novo\/wp-content\/uploads\/2022\/03\/3e798bc2c5d186ec72aa89f7db7a324c-650x718.jpg 650w, https:\/\/www.fenomenum.com.br\/novo\/wp-content\/uploads\/2022\/03\/3e798bc2c5d186ec72aa89f7db7a324c-250x276.jpg 250w, https:\/\/www.fenomenum.com.br\/novo\/wp-content\/uploads\/2022\/03\/3e798bc2c5d186ec72aa89f7db7a324c-768x849.jpg 768w, https:\/\/www.fenomenum.com.br\/novo\/wp-content\/uploads\/2022\/03\/3e798bc2c5d186ec72aa89f7db7a324c-150x166.jpg 150w, https:\/\/www.fenomenum.com.br\/novo\/wp-content\/uploads\/2022\/03\/3e798bc2c5d186ec72aa89f7db7a324c-50x55.jpg 50w, https:\/\/www.fenomenum.com.br\/novo\/wp-content\/uploads\/2022\/03\/3e798bc2c5d186ec72aa89f7db7a324c-100x111.jpg 100w, https:\/\/www.fenomenum.com.br\/novo\/wp-content\/uploads\/2022\/03\/3e798bc2c5d186ec72aa89f7db7a324c-200x221.jpg 200w, https:\/\/www.fenomenum.com.br\/novo\/wp-content\/uploads\/2022\/03\/3e798bc2c5d186ec72aa89f7db7a324c-300x332.jpg 300w, https:\/\/www.fenomenum.com.br\/novo\/wp-content\/uploads\/2022\/03\/3e798bc2c5d186ec72aa89f7db7a324c-350x387.jpg 350w, https:\/\/www.fenomenum.com.br\/novo\/wp-content\/uploads\/2022\/03\/3e798bc2c5d186ec72aa89f7db7a324c-450x497.jpg 450w, https:\/\/www.fenomenum.com.br\/novo\/wp-content\/uploads\/2022\/03\/3e798bc2c5d186ec72aa89f7db7a324c-500x553.jpg 500w, https:\/\/www.fenomenum.com.br\/novo\/wp-content\/uploads\/2022\/03\/3e798bc2c5d186ec72aa89f7db7a324c-550x608.jpg 550w\" sizes=\"(max-width: 800px) 100vw, 800px\" \/><p id=\"caption-attachment-3392\" class=\"wp-caption-text\">Este estudo resultou na obra imperd\u00edvel intitulada UFOs no Espa\u00e7o e na Lua, de autoria de Jackson Luiz Camargo. O livro pode ser adquirido pelo Whatsapp\/Telegram: (41) 98893-0383<\/p><\/div>\n<p>&nbsp;<\/p>\n<\/div>\n<div class=\"col-lg-8\"><\/div>\n<div>\n<h2>Refer\u00eancias:<\/h2>\n<div>\n<hr \/>\n<\/div>\n<div>\n<ol>\n<li>CAMARGO, Jackson. Entre o C\u00e9u a Terra \u2013 Uma hist\u00f3ria de aventura, mist\u00e9rios e UFOs. Curitiba: Clube de autores, 2018.<\/li>\n<li>CAMARGO, Jackson. UFOs no Espa\u00e7o e na Lua. Curitiba: Cole\u00e7\u00e3o Biblioteca UFO, 2020.<\/li>\n<li>CAMARGO, Jackson Luiz.\u00a0<a href=\"https:\/\/ufo.com.br\/artigos\/intrusos-na-lua.html\" target=\"_blank\" rel=\"noopener\">Intrusos na Lua<\/a>. Revista UFO, Campo Grande, n\u00ba 107, p. 21-21, fevereiro 2005.<\/li>\n<li><a href=\"https:\/\/historycollection.jsc.nasa.gov\/JSCHistoryPortal\/history\/mission_trans\/gemini12.htm\" target=\"_blank\" rel=\"noopener\">Transcri\u00e7\u00e3o das comunica\u00e7\u00f5es &#8211; Jhonson Space Center<\/a><\/li>\n<li><a href=\"https:\/\/www.fenomenum.com.br\/novo\/wp-content\/uploads\/2022\/03\/GT12_PAO.pdf\" target=\"_blank\" rel=\"noopener\">Gemini XII PAO Mission Commentary Transcript<\/a><\/li>\n<li><a href=\"https:\/\/www.fenomenum.com.br\/novo\/wp-content\/uploads\/2022\/03\/GT12_TEC.pdf\" target=\"_blank\" rel=\"noopener\">Gemini XII Composite Air-to-Ground and Onboard Voice Tape Transcription<\/a><\/li>\n<\/ol>\n<\/div>\n<\/div>\n<\/div>\n","protected":false},"excerpt":{"rendered":"<p>Fotos e documentos oficiais comprovam que nunca estivemos s\u00f3s na explora\u00e7\u00e3o espacial. Esta \u00faltima miss\u00e3o foi lan\u00e7ada a 11 de novembro de 1966, levando a bordo os astronautas Edwin Aldrin e James Lovell Jr., com a miss\u00e3o de testar equipamentos e manobras para o programa Apollo. Durante o voo, foram obtidas diversas fotografias de UFOs [&hellip;]<\/p>\n","protected":false},"author":5,"featured_media":3520,"comment_status":"open","ping_status":"open","sticky":false,"template":"","format":"standard","meta":{"inline_featured_image":false},"categories":[108,112,113,105,126,107,1],"tags":[],"_links":{"self":[{"href":"https:\/\/www.fenomenum.com.br\/novo\/wp-json\/wp\/v2\/posts\/3519"}],"collection":[{"href":"https:\/\/www.fenomenum.com.br\/novo\/wp-json\/wp\/v2\/posts"}],"about":[{"href":"https:\/\/www.fenomenum.com.br\/novo\/wp-json\/wp\/v2\/types\/post"}],"author":[{"embeddable":true,"href":"https:\/\/www.fenomenum.com.br\/novo\/wp-json\/wp\/v2\/users\/5"}],"replies":[{"embeddable":true,"href":"https:\/\/www.fenomenum.com.br\/novo\/wp-json\/wp\/v2\/comments?post=3519"}],"version-history":[{"count":1,"href":"https:\/\/www.fenomenum.com.br\/novo\/wp-json\/wp\/v2\/posts\/3519\/revisions"}],"predecessor-version":[{"id":6922,"href":"https:\/\/www.fenomenum.com.br\/novo\/wp-json\/wp\/v2\/posts\/3519\/revisions\/6922"}],"wp:featuredmedia":[{"embeddable":true,"href":"https:\/\/www.fenomenum.com.br\/novo\/wp-json\/wp\/v2\/media\/3520"}],"wp:attachment":[{"href":"https:\/\/www.fenomenum.com.br\/novo\/wp-json\/wp\/v2\/media?parent=3519"}],"wp:term":[{"taxonomy":"category","embeddable":true,"href":"https:\/\/www.fenomenum.com.br\/novo\/wp-json\/wp\/v2\/categories?post=3519"},{"taxonomy":"post_tag","embeddable":true,"href":"https:\/\/www.fenomenum.com.br\/novo\/wp-json\/wp\/v2\/tags?post=3519"}],"curies":[{"name":"wp","href":"https:\/\/api.w.org\/{rel}","templated":true}]}}