{"id":3690,"date":"2022-03-17T15:50:33","date_gmt":"2022-03-17T18:50:33","guid":{"rendered":"https:\/\/www.fenomenum.com.br\/?p=3690"},"modified":"2025-04-22T13:15:51","modified_gmt":"2025-04-22T16:15:51","slug":"contatos-ufologicos-na-missao-apollo-13","status":"publish","type":"post","link":"https:\/\/www.fenomenum.com.br\/novo\/contatos-ufologicos-na-missao-apollo-13\/","title":{"rendered":"Contatos Ufol\u00f3gicos na Miss\u00e3o Apollo 13"},"content":{"rendered":"<section id=\"inner-headline\">\n<div class=\"container\">\n<div class=\"row\">\n<div id=\"resumo\" class=\"resumo\" style=\"padding-left: 40px;\"><strong>Fotos e documentos oficiais comprovam que nunca estivemos s\u00f3s na explora\u00e7\u00e3o espacial.<\/strong><\/div>\n<\/div>\n<\/div>\n<\/section>\n<div>\n<hr \/>\n<\/div>\n<div><\/div>\n<div>\n<p>Existe uma velha briga entre supersti\u00e7\u00e3o e Ci\u00eancia e talvez esta desastrosa miss\u00e3o seja um dos exemplos mais not\u00e1veis desta briga. Ap\u00f3s a Apollo 12, j\u00e1 se sabia que a miss\u00e3o seguinte seria realizada aproximadamente cinco meses depois. E, seguindo a ordem natural, a bola da vez seria a Apollo 13.<\/p>\n<p>Alguns supersticiosos temiam que algo de muito ruim pudesse ocorrer durante esta miss\u00e3o, devido \u00e0 sua numera\u00e7\u00e3o oficial. Preocupados, escreveram cartas \u00e0 NASA e aos jornais americanos pedindo que sua identifica\u00e7\u00e3o fosse alterada, para afastar o azar representado pelo n\u00famero treze.<\/p>\n<p>A NASA, sendo uma ag\u00eancia cient\u00edfica, n\u00e3o deu ouvidos \u00e0 estas supersti\u00e7\u00f5es e prosseguiu normalmente com seu planejamento, mantendo sua identifica\u00e7\u00e3o oficial. E, para desespero dos supersticiosos, ela seria lan\u00e7ada no dia 11 de abril de 1970, exatamente \u00e0s 13 horas e 13 minutos, hor\u00e1rio de Houston, Texas.<\/p>\n<p>Cada voo espacial tripulado j\u00e1 lan\u00e7ado ao espa\u00e7o tem seus mist\u00e9rios e a Apollo 13 n\u00e3o foge \u00e0 regra.<\/p>\n<p>A bordo da Apollo 13, havia quatro c\u00e2meras Hasselblad 70mm, para registro das diferentes fases da miss\u00e3o. O acidente ocorrido durante a ida \u00e0 Lua reduziu o tempo livre dos astronautas e desse modo tamb\u00e9m a quantidade de fotografias obtidas por eles.<\/p>\n<p>Entre as 604 fotografias obtidas ao longo da miss\u00e3o, existem dez imagens, que s\u00e3o interessantes do ponto de vista ufol\u00f3gico e que est\u00e3o dispon\u00edveis no acervo de imagens da Apollo 13.<\/p>\n<p>A primeira delas foi obtida ainda no primeiro dia da miss\u00e3o, logo ap\u00f3s a entrada na trajet\u00f3ria translunar, quando o voo ainda transcorria normalmente. Nesta fotografia, identificada como AS13-60-8589, observa-se uma forma prateada no espa\u00e7o e uma intensa luminosidade azulada projetando-se de dois lados do objeto.<\/p>\n<p>Mas, foi ap\u00f3s o acidente que as demais imagens foram obtidas. A fotografia AS13-61-8734, por exemplo, registra um objeto luminoso azulado contra o fundo escuro do espa\u00e7o, acima da superf\u00edcie lunar. Este objeto \u00e9 muito semelhante a outros fotografados nas miss\u00f5es anteriores do Programa Apollo.<\/p>\n<p>J\u00e1 na fotografia AS13-61-8763, pode-se observar um objeto luminoso de cor avermelhada, em forma de disco, em contraste contra o fundo escuro do espa\u00e7o. Esta fotografia foi obtida v\u00e1rias horas depois da manobra de retorno realizada nas proximidades da Lua. Este mesmo objeto voltou a ser fotografado, horas depois, aparecendo nas fotografias AS13-61-8800 e AS13-61-8801.<\/p>\n<p>Ainda nesta etapa de retorno \u00e0 Terra, os astronautas obtiveram outros registros ufol\u00f3gicos. A fotografia AS13-61-8792, por exemplo, registra um objeto luminoso azulado, destacando-se acima da superf\u00edcie lunar.<\/p>\n<p>O \u00faltimo registro ufol\u00f3gico da Apollo 13 ocorreu no momento em que o M\u00f3dulo de Servi\u00e7o era descartado no espa\u00e7o. Os astronautas fotografaram o M\u00f3dulo, com o objetivo de registrar poss\u00edveis avarias, em aux\u00edlio \u00e0s investiga\u00e7\u00f5es para determinar as causas do acidente. Em duas destas fotografias observa-se um objeto luminoso, de cor amarelada e formato esf\u00e9rico, n\u00e3o muito longe do M\u00f3dulo de Servi\u00e7o descartado.<\/p>\n<p>A an\u00e1lise dos arquivos com transcri\u00e7\u00f5es das comunica\u00e7\u00f5es n\u00e3o revelou fatos an\u00f4malos ou avistamentos ufol\u00f3gicos. Isso se explica pelo contexto em que os astronautas estiveram envolvidos. Todos os esfor\u00e7os estavam direcionados para a sobreviv\u00eancia e o retorno \u00e0 Terra. Sobrou pouqu\u00edssimo tempo para observa\u00e7\u00e3o do espa\u00e7o.<\/p>\n<p>Apesar disso, os astronautas da Apollo 13 foram testemunhas do mesmo fen\u00f4meno de flashes visuais ocorridos nas miss\u00f5es anteriores, com a diferen\u00e7a de que estes ocorreram apenas com os olhos fechados. Al\u00e9m disso, a descri\u00e7\u00e3o do fen\u00f4meno, neste voo, foi mais detalhada, chegando a associar formas e elementos ao fen\u00f4meno visual observado. Assim, estrelas, novas, doces romanos, tra\u00e7os, etc., foram termos usados para descrever estas luzes. Devido \u00e0s condi\u00e7\u00f5es internas da c\u00e1psula, quase sempre com as luzes apagadas e atividades internas reduzidas, foi poss\u00edvel aos tripulantes e \u00e0 NASA estimar a frequencia com que tais fen\u00f4menos ocorreram. Em alguns momentos, ocorriam quatro flashes por hora, enquanto outros ocorriam dois flashes por minuto.<\/p>\n<\/div>\n<div>\n<div id=\"attachment_3691\" style=\"width: 949px\" class=\"wp-caption aligncenter\"><img aria-describedby=\"caption-attachment-3691\" loading=\"lazy\" class=\"wp-image-3691 size-large\" src=\"https:\/\/www.fenomenum.com.br\/novo\/wp-content\/uploads\/2022\/03\/AS13-58-8480-939x1024.jpg\" alt=\"\" width=\"939\" height=\"1024\" \/><p id=\"caption-attachment-3691\" class=\"wp-caption-text\">Objeto luminoso, de cor avermelhada, fotografado pelos astronautas da Apollo 13.<\/p><\/div>\n<\/div>\n<div><\/div>\n<div><\/div>\n<div>\n<div id=\"attachment_3692\" style=\"width: 949px\" class=\"wp-caption aligncenter\"><img aria-describedby=\"caption-attachment-3692\" loading=\"lazy\" class=\"wp-image-3692 size-large\" src=\"https:\/\/www.fenomenum.com.br\/novo\/wp-content\/uploads\/2022\/03\/AS13-60-8589-939x1024.jpg\" alt=\"\" width=\"939\" height=\"1024\" \/><p id=\"caption-attachment-3692\" class=\"wp-caption-text\">Objeto luminoso, de cor azulada, fotografado pelos astronautas da Apollo 13.<\/p><\/div>\n<\/div>\n<div><\/div>\n<div>\n<div id=\"attachment_3693\" style=\"width: 949px\" class=\"wp-caption aligncenter\"><img aria-describedby=\"caption-attachment-3693\" loading=\"lazy\" class=\"wp-image-3693 size-large\" src=\"https:\/\/www.fenomenum.com.br\/novo\/wp-content\/uploads\/2022\/03\/AS13-61-8734-939x1024.jpg\" alt=\"\" width=\"939\" height=\"1024\" \/><p id=\"caption-attachment-3693\" class=\"wp-caption-text\">Objeto luminoso, de cor azulada, fotografado pelos astronautas da Apollo 13.<\/p><\/div>\n<\/div>\n<div><\/div>\n<div><\/div>\n<div>\n<div id=\"attachment_3694\" style=\"width: 949px\" class=\"wp-caption aligncenter\"><img aria-describedby=\"caption-attachment-3694\" loading=\"lazy\" class=\"wp-image-3694 size-large\" src=\"https:\/\/www.fenomenum.com.br\/novo\/wp-content\/uploads\/2022\/03\/AS13-61-8763-939x1024.jpg\" alt=\"\" width=\"939\" height=\"1024\" \/><p id=\"caption-attachment-3694\" class=\"wp-caption-text\">Objeto em forma de disco, fotografado pelos astronautas da Apollo 13, nas proximidades da Lua.<\/p><\/div>\n<\/div>\n<div><\/div>\n<div>\n<div id=\"attachment_3695\" style=\"width: 949px\" class=\"wp-caption aligncenter\"><img aria-describedby=\"caption-attachment-3695\" loading=\"lazy\" class=\"wp-image-3695 size-large\" src=\"https:\/\/www.fenomenum.com.br\/novo\/wp-content\/uploads\/2022\/03\/AS13-61-8792-939x1024.jpg\" alt=\"\" width=\"939\" height=\"1024\" \/><p id=\"caption-attachment-3695\" class=\"wp-caption-text\">Objeto luminoso, de cor azulada, fotografado pelos astronautas da Apollo 13.<\/p><\/div>\n<\/div>\n<div><\/div>\n<div>\n<div id=\"attachment_3696\" style=\"width: 949px\" class=\"wp-caption aligncenter\"><img aria-describedby=\"caption-attachment-3696\" loading=\"lazy\" class=\"wp-image-3696 size-large\" src=\"https:\/\/www.fenomenum.com.br\/novo\/wp-content\/uploads\/2022\/03\/AS13-61-8800-939x1024.jpg\" alt=\"\" width=\"939\" height=\"1024\" \/><p id=\"caption-attachment-3696\" class=\"wp-caption-text\">Objeto em forma de disco, fotografado pelos astronautas da Apollo 13, nas proximidades da Lua.<\/p><\/div>\n<\/div>\n<div><\/div>\n<div>\n<div id=\"attachment_3697\" style=\"width: 949px\" class=\"wp-caption aligncenter\"><img aria-describedby=\"caption-attachment-3697\" loading=\"lazy\" class=\"wp-image-3697 size-large\" src=\"https:\/\/www.fenomenum.com.br\/novo\/wp-content\/uploads\/2022\/03\/AS13-61-8801-939x1024.jpg\" alt=\"\" width=\"939\" height=\"1024\" \/><p id=\"caption-attachment-3697\" class=\"wp-caption-text\">Objeto em forma de disco, fotografado pelos astronautas da Apollo 13, nas proximidades da Lua.<\/p><\/div>\n<\/div>\n<div><\/div>\n<div>\n<div id=\"attachment_3698\" style=\"width: 949px\" class=\"wp-caption aligncenter\"><img aria-describedby=\"caption-attachment-3698\" loading=\"lazy\" class=\"wp-image-3698 size-large\" src=\"https:\/\/www.fenomenum.com.br\/novo\/wp-content\/uploads\/2022\/03\/AS13-62-9009-939x1024.jpg\" alt=\"\" width=\"939\" height=\"1024\" \/><p id=\"caption-attachment-3698\" class=\"wp-caption-text\">Objeto luminoso, fotografado pelos astronautas da Apollo 13.<\/p><\/div>\n<\/div>\n<div><\/div>\n<div>\n<div id=\"attachment_3699\" style=\"width: 696px\" class=\"wp-caption aligncenter\"><img aria-describedby=\"caption-attachment-3699\" loading=\"lazy\" class=\"wp-image-3699 size-full\" src=\"https:\/\/www.fenomenum.com.br\/novo\/wp-content\/uploads\/2022\/03\/astronautasa13.jpg\" alt=\"\" width=\"686\" height=\"385\" \/><p id=\"caption-attachment-3699\" class=\"wp-caption-text\">Astronautas da Apollo 13. James Lovell (esquerda), John Swigert (centro) e Fred Haise (direita).<\/p><\/div>\n<\/div>\n<div><\/div>\n<div><\/div>\n<div><\/div>\n<div>\n<p>&nbsp;<\/p>\n<div>\n<div id=\"attachment_3392\" style=\"width: 810px\" class=\"wp-caption aligncenter\"><img aria-describedby=\"caption-attachment-3392\" loading=\"lazy\" class=\"wp-image-3392 size-full\" src=\"https:\/\/www.fenomenum.com.br\/novo\/wp-content\/uploads\/2022\/03\/3e798bc2c5d186ec72aa89f7db7a324c.jpg\" alt=\"\" width=\"800\" height=\"884\" srcset=\"https:\/\/www.fenomenum.com.br\/novo\/wp-content\/uploads\/2022\/03\/3e798bc2c5d186ec72aa89f7db7a324c.jpg 800w, https:\/\/www.fenomenum.com.br\/novo\/wp-content\/uploads\/2022\/03\/3e798bc2c5d186ec72aa89f7db7a324c-400x442.jpg 400w, https:\/\/www.fenomenum.com.br\/novo\/wp-content\/uploads\/2022\/03\/3e798bc2c5d186ec72aa89f7db7a324c-650x718.jpg 650w, https:\/\/www.fenomenum.com.br\/novo\/wp-content\/uploads\/2022\/03\/3e798bc2c5d186ec72aa89f7db7a324c-250x276.jpg 250w, https:\/\/www.fenomenum.com.br\/novo\/wp-content\/uploads\/2022\/03\/3e798bc2c5d186ec72aa89f7db7a324c-768x849.jpg 768w, https:\/\/www.fenomenum.com.br\/novo\/wp-content\/uploads\/2022\/03\/3e798bc2c5d186ec72aa89f7db7a324c-150x166.jpg 150w, https:\/\/www.fenomenum.com.br\/novo\/wp-content\/uploads\/2022\/03\/3e798bc2c5d186ec72aa89f7db7a324c-50x55.jpg 50w, https:\/\/www.fenomenum.com.br\/novo\/wp-content\/uploads\/2022\/03\/3e798bc2c5d186ec72aa89f7db7a324c-100x111.jpg 100w, https:\/\/www.fenomenum.com.br\/novo\/wp-content\/uploads\/2022\/03\/3e798bc2c5d186ec72aa89f7db7a324c-200x221.jpg 200w, https:\/\/www.fenomenum.com.br\/novo\/wp-content\/uploads\/2022\/03\/3e798bc2c5d186ec72aa89f7db7a324c-300x332.jpg 300w, https:\/\/www.fenomenum.com.br\/novo\/wp-content\/uploads\/2022\/03\/3e798bc2c5d186ec72aa89f7db7a324c-350x387.jpg 350w, https:\/\/www.fenomenum.com.br\/novo\/wp-content\/uploads\/2022\/03\/3e798bc2c5d186ec72aa89f7db7a324c-450x497.jpg 450w, https:\/\/www.fenomenum.com.br\/novo\/wp-content\/uploads\/2022\/03\/3e798bc2c5d186ec72aa89f7db7a324c-500x553.jpg 500w, https:\/\/www.fenomenum.com.br\/novo\/wp-content\/uploads\/2022\/03\/3e798bc2c5d186ec72aa89f7db7a324c-550x608.jpg 550w\" sizes=\"(max-width: 800px) 100vw, 800px\" \/><p id=\"caption-attachment-3392\" class=\"wp-caption-text\">Este estudo resultou na obra imperd\u00edvel intitulada UFOs no Espa\u00e7o e na Lua, de autoria de Jackson Luiz Camargo. O livro pode ser adquirido pelo Whatsapp\/Telegram: (41) 98893-0383<\/p><\/div>\n<p>&nbsp;<\/p>\n<\/div>\n<div class=\"col-lg-8\"><\/div>\n<div>\n<h2>Refer\u00eancias:<\/h2>\n<div>\n<hr \/>\n<\/div>\n<div>\n<ol>\n<li>CAMARGO, Jackson. Entre o C\u00e9u a Terra \u2013 Uma hist\u00f3ria de aventura, mist\u00e9rios e UFOs. Curitiba: Clube de autores, 2018.<\/li>\n<li>CAMARGO, Jackson. UFOs no Espa\u00e7o e na Lua. Curitiba: Cole\u00e7\u00e3o Biblioteca UFO, 2020.<\/li>\n<li>CAMARGO, Jackson Luiz.\u00a0<a href=\"https:\/\/ufo.com.br\/artigos\/intrusos-na-lua.html\" target=\"_blank\" rel=\"noopener\">Intrusos na Lua<\/a>. Revista UFO, Campo Grande, n\u00ba 107, p. 21-21, fevereiro 2005.<\/li>\n<li><a href=\"https:\/\/historycollection.jsc.nasa.gov\/JSCHistoryPortal\/history\/mission_trans\/apollo13.htm\" target=\"_blank\" rel=\"noopener\">Transcri\u00e7\u00e3o das comunica\u00e7\u00f5es &#8211; Jhonson Space Center<\/a><\/li>\n<li><\/li>\n<\/ol>\n<\/div>\n<\/div>\n<\/div>\n","protected":false},"excerpt":{"rendered":"<p>Fotos e documentos oficiais comprovam que nunca estivemos s\u00f3s na explora\u00e7\u00e3o espacial. Existe uma velha briga entre supersti\u00e7\u00e3o e Ci\u00eancia e talvez esta desastrosa miss\u00e3o seja um dos exemplos mais not\u00e1veis desta briga. Ap\u00f3s a Apollo 12, j\u00e1 se sabia que a miss\u00e3o seguinte seria realizada aproximadamente cinco meses depois. E, seguindo a ordem natural, [&hellip;]<\/p>\n","protected":false},"author":5,"featured_media":3700,"comment_status":"open","ping_status":"open","sticky":false,"template":"","format":"standard","meta":{"inline_featured_image":false},"categories":[108,112,113,105,126,107],"tags":[],"_links":{"self":[{"href":"https:\/\/www.fenomenum.com.br\/novo\/wp-json\/wp\/v2\/posts\/3690"}],"collection":[{"href":"https:\/\/www.fenomenum.com.br\/novo\/wp-json\/wp\/v2\/posts"}],"about":[{"href":"https:\/\/www.fenomenum.com.br\/novo\/wp-json\/wp\/v2\/types\/post"}],"author":[{"embeddable":true,"href":"https:\/\/www.fenomenum.com.br\/novo\/wp-json\/wp\/v2\/users\/5"}],"replies":[{"embeddable":true,"href":"https:\/\/www.fenomenum.com.br\/novo\/wp-json\/wp\/v2\/comments?post=3690"}],"version-history":[{"count":1,"href":"https:\/\/www.fenomenum.com.br\/novo\/wp-json\/wp\/v2\/posts\/3690\/revisions"}],"predecessor-version":[{"id":6955,"href":"https:\/\/www.fenomenum.com.br\/novo\/wp-json\/wp\/v2\/posts\/3690\/revisions\/6955"}],"wp:featuredmedia":[{"embeddable":true,"href":"https:\/\/www.fenomenum.com.br\/novo\/wp-json\/wp\/v2\/media\/3700"}],"wp:attachment":[{"href":"https:\/\/www.fenomenum.com.br\/novo\/wp-json\/wp\/v2\/media?parent=3690"}],"wp:term":[{"taxonomy":"category","embeddable":true,"href":"https:\/\/www.fenomenum.com.br\/novo\/wp-json\/wp\/v2\/categories?post=3690"},{"taxonomy":"post_tag","embeddable":true,"href":"https:\/\/www.fenomenum.com.br\/novo\/wp-json\/wp\/v2\/tags?post=3690"}],"curies":[{"name":"wp","href":"https:\/\/api.w.org\/{rel}","templated":true}]}}