{"id":3710,"date":"2022-03-21T18:39:04","date_gmt":"2022-03-21T21:39:04","guid":{"rendered":"https:\/\/www.fenomenum.com.br\/?p=3710"},"modified":"2025-04-22T13:15:53","modified_gmt":"2025-04-22T16:15:53","slug":"contatos-ufologicos-na-missao-apollo-14","status":"publish","type":"post","link":"https:\/\/www.fenomenum.com.br\/novo\/contatos-ufologicos-na-missao-apollo-14\/","title":{"rendered":"Contatos Ufol\u00f3gicos na Miss\u00e3o Apollo 14"},"content":{"rendered":"<section id=\"inner-headline\">\n<div class=\"container\">\n<div class=\"row\">\n<div id=\"resumo\" class=\"resumo\" style=\"padding-left: 40px;\"><strong>Fotos e documentos oficiais comprovam que nunca estivemos s\u00f3s na explora\u00e7\u00e3o espacial.<\/strong><\/div>\n<\/div>\n<\/div>\n<\/section>\n<div>\n<hr \/>\n<\/div>\n<div><\/div>\n<div>\n<p>A Apollo 14 foi lan\u00e7ada \u00e0s 16 horas e 3 minutos de 31 de janeiro de 1971, entrando em \u00f3rbita 12 minutos depois. Ap\u00f3s um breve descanso e adapta\u00e7\u00e3o \u00e0 gravidade zero, os astronautas iniciaram as checagens dos sistemas da nave, em prepara\u00e7\u00e3o para a entrada na trajet\u00f3ria de inje\u00e7\u00e3o translunar.<\/p>\n<p>Os astronautas da Apollo 14 portavam duas c\u00e2meras modelo Hasselblad 70mm no M\u00f3dulo de Comando Kitty Hawk e outras duas no M\u00f3dulo Lunar Antares. Al\u00e9m destas, eles portavam tamb\u00e9m tr\u00eas c\u00e2meras Maurer 16mm, para fazer filmagens das diferentes etapas do voo. Assim, ao longo da miss\u00e3o, eles obtiveram 1.342 fotografias e v\u00e1rias dezenas de horas de filmagens. Entre estas, existem dez imagens bem interessantes do ponto de vista ufol\u00f3gico. Nelas, podemos observar objetos luminosos na \u00f3rbita da Lua ou acima de sua superf\u00edcie. As fotografias AS14-66-9286, AS14-66-9295 e AS14-66-9301, por exemplo, foram obtidas durante as atividades extraveiculares. Elas registram um objeto luminoso, de cor azulada e formato esf\u00e9rico, sobre o local de pouso do M\u00f3dulo Antares. Este objeto tamb\u00e9m foi registrado nas fotografias AS14-66-9290 e AS14-66-9297, acompanhado de outro objeto igualmente luminoso. J\u00e1 a fotografia AS14-66-9342 mostra um objeto brilhante, de cor prateada, sobrevoando a superf\u00edcie, tamb\u00e9m acima do local de pouso da miss\u00e3o.<\/p>\n<p>Em \u00f3rbita e durante as fases translunar e transterrena, outras fotografias foram obtidas. A fotografia AS14-72-9918, por exemplo, mostra parte da Apollo, iluminada pelo Sol, tendo ao fundo um objeto luminoso de cor clara e em formato de barril, n\u00e3o muito longe da c\u00e1psula com os astronautas.<\/p>\n<p>Outras duas fotografias, identificadas como AS14-72-9923 e AS14-72-9925 s\u00e3o muito interessantes, pois apresentam um objeto em forma de disco, com colora\u00e7\u00e3o clara, quase branca, pr\u00f3ximo a Apollo 14. A fotografia AS14-72-9930, por sua vez, apresenta um objeto esf\u00e9rico prateado em \u00f3rbita, n\u00e3o muito longe da c\u00e1psula espacial.<\/p>\n<p>Os arquivos contendo as transcri\u00e7\u00f5es das conversas ocorridas ao longo da miss\u00e3o tamb\u00e9m revelam eventos ufol\u00f3gicos. O documento <a href=\"https:\/\/www.fenomenum.com.br\/novo\/wp-content\/uploads\/2022\/03\/AS14_TEC.pdf\" target=\"_blank\" rel=\"noopener\">Apollo 14 Technical Air-to-Ground Voice Transcription<\/a>\u00a0re\u00fane alguns di\u00e1logos, envolvendo avistamentos de objetos espaciais n\u00e3o identificados. Na p\u00e1gina 127, do referido documento, observamos um evento ocorrido no segundo dia da miss\u00e3o, ainda \u00e0 caminho da Lua. O astronauta Stuart Roosa utilizava o sextante e o telesc\u00f3pio de bordo e com estes instrumentos observou dois objetos luminosos aos quais ele n\u00e3o p\u00f4de identificar. Em conversa com o Centro de Controle, em Houston, ele tentou informar o fato aos controladores, mas foi interrompido devido \u00e0s situa\u00e7\u00f5es do momento. Aproximadamente 1 hora e 30 minutos depois, ele foi questionado pelos controladores se ele observava algo fora da c\u00e1psula.<\/p>\n<p>Centro de Controle &#8211; <em>Voc\u00ea v\u00ea alguma coisa l\u00e1 fora, Stu?<\/em><br \/>\nStuart Roosa &#8211; <em>Bem, agora estamos saindo atr\u00e1s do M\u00f3dulo Lunar. Parece que eu tenho algo aqui no sextante. Deixe-me pux\u00e1-la para o centro e ver como ela se parece.<\/em><br \/>\nStuart Roosa &#8211; <em>Bem Bruce, tenho duas coisas no sextante e\u2026 Voc\u00ea sabe, pode ser uma estrela fraca\u2026 Fraca\u2026 Eu n\u00e3o vejo nenhum\u2026 Nenhum balan\u00e7o nelas ainda, por\u00e9m quatro minutos e meio tamb\u00e9m n\u00e3o \u00e9 t\u00e3o r\u00e1pido.<\/em><br \/>\nCentro de Controle &#8211; <em>Entendido. N\u00f3s anotamos.<\/em><br \/>\nStuart Roosa &#8211; <em>Ok, perdi uma delas devido \u00e0 luz que entra no sextante. E estou prestes a perder\u2026 Perder o outro objeto, seja l\u00e1 o que for.<\/em><\/p>\n<p>Este di\u00e1logo est\u00e1 dispon\u00edvel na p\u00e1gina 132 do j\u00e1 citado <a href=\"https:\/\/www.fenomenum.com.br\/novo\/wp-content\/uploads\/2022\/03\/AS14_TEC.pdf\" target=\"_blank\" rel=\"noopener\">Apollo 14 Technical Air-to-Ground Voice Transcription<\/a>.\u00a0Ainda no mesmo documento, existe outro trecho com conversas entre piloto Stuart Roosa e os controladores, comentando o fato. O di\u00e1logo, dispon\u00edvel na p\u00e1gina 162, ocorreu no dia seguinte e nele percebe-se que tais objetos permaneceram sem identifica\u00e7\u00e3o:<\/p>\n<p>Centro de Controle &#8211; <em>Ainda teremos alguns minutos. N\u00f3s acabamos de receber o artigo aqui, e n\u00f3s estamos editando agora.<\/em><br \/>\nStuart Roosa &#8211; <em>Ok&#8230; IVB, Bruce. Eu estava pensando sobre isso o que voc\u00ea&#8230; Eu poderia ver atrav\u00e9s do sextante. Voc\u00ea sabe&#8230; Eu tinha duas\u2026 Pareciam duas estrelas fracas no\u2026 no sextante naquela atitude indicadora. E, na verdade, n\u00e3o vi nenhum movimento de balan\u00e7o em qualquer um deles. E eles estavam separados provavelmente por cerca de meio a tr\u00eas quartos de grau. Eu diria 0.5 a 0.6 de uma separa\u00e7\u00e3o de graus entre os dois, mas eu realmente n\u00e3o podia ver nada que determinasse se eu estava olhando para o S-IVB ou uma estrela, uma estrela fraca.<\/em><br \/>\n<em>Centro de Controle &#8211; Entendido. N\u00f3s anotamos, Stu\u2026<\/em><br \/>\nStuart Roosa &#8211; <em>Eu realmente esperava o\u2026 Eu acho que eu realmente esperava que o S-IVB fosse mais brilhante do que qualquer um destes dois objetos que eu vi.<\/em><\/p>\n<p>Vale lembrar que os astronautas das Apollo passavam por rigoroso treinamento para todas as etapas e circunst\u00e2ncias da miss\u00e3o. O conhecimento e a experi\u00eancia adquirida pelos tripulantes e pela NASA em uma miss\u00e3o era aplicado j\u00e1 na miss\u00e3o seguinte. Dessa forma, a cada nova miss\u00e3o, os astronautas estavam mais preparados e treinados do que na miss\u00e3o anterior. Um dos treinamentos visava a identifica\u00e7\u00e3o de objetos espaciais, sejam eles planetas, estrelas, sat\u00e9lites ou lixo espacial. A bordo da c\u00e1psula, havia cartas celestes para identifica\u00e7\u00e3o de cada planeta ou estrela observ\u00e1veis pelos astronautas. O astronauta Stuart Roosa era respons\u00e1vel pela navega\u00e7\u00e3o e, portanto o mais capacitado a reconhecer objetos espaciais. O fato de ele n\u00e3o ter identificado ambos os objetos \u00e9 muito sugestivo.<\/p>\n<\/div>\n<div id=\"attachment_3712\" style=\"width: 949px\" class=\"wp-caption aligncenter\"><img aria-describedby=\"caption-attachment-3712\" loading=\"lazy\" class=\"wp-image-3712 size-large\" src=\"https:\/\/www.fenomenum.com.br\/novo\/wp-content\/uploads\/2022\/03\/AS14-66-9286-939x1024.jpg\" alt=\"\" width=\"939\" height=\"1024\" \/><p id=\"caption-attachment-3712\" class=\"wp-caption-text\">Objeto luminoso, de cor azulada, sobre o local de pouso da miss\u00e3o Apollo 14.<\/p><\/div>\n<p>&nbsp;<\/p>\n<div id=\"attachment_3713\" style=\"width: 949px\" class=\"wp-caption aligncenter\"><img aria-describedby=\"caption-attachment-3713\" loading=\"lazy\" class=\"wp-image-3713 size-large\" src=\"https:\/\/www.fenomenum.com.br\/novo\/wp-content\/uploads\/2022\/03\/AS14-66-9290-939x1024.jpg\" alt=\"\" width=\"939\" height=\"1024\" \/><p id=\"caption-attachment-3713\" class=\"wp-caption-text\">Objeto luminoso, de cor azulada, sobre o local de pouso da miss\u00e3o Apollo 14.<\/p><\/div>\n<p>&nbsp;<\/p>\n<div id=\"attachment_3714\" style=\"width: 949px\" class=\"wp-caption aligncenter\"><img aria-describedby=\"caption-attachment-3714\" loading=\"lazy\" class=\"wp-image-3714 size-large\" src=\"https:\/\/www.fenomenum.com.br\/novo\/wp-content\/uploads\/2022\/03\/AS14-66-9295-939x1024.jpg\" alt=\"\" width=\"939\" height=\"1024\" \/><p id=\"caption-attachment-3714\" class=\"wp-caption-text\">Objeto luminoso, de cor azulada, sobre o local de pouso da miss\u00e3o Apollo 14.<\/p><\/div>\n<p>&nbsp;<\/p>\n<div id=\"attachment_3715\" style=\"width: 949px\" class=\"wp-caption aligncenter\"><img aria-describedby=\"caption-attachment-3715\" loading=\"lazy\" class=\"wp-image-3715 size-large\" src=\"https:\/\/www.fenomenum.com.br\/novo\/wp-content\/uploads\/2022\/03\/AS14-66-9297-939x1024.jpg\" alt=\"\" width=\"939\" height=\"1024\" \/><p id=\"caption-attachment-3715\" class=\"wp-caption-text\">Objeto luminoso, sobre o local de pouso da Apollo 14.<\/p><\/div>\n<p>&nbsp;<\/p>\n<div id=\"attachment_3716\" style=\"width: 949px\" class=\"wp-caption aligncenter\"><img aria-describedby=\"caption-attachment-3716\" loading=\"lazy\" class=\"wp-image-3716 size-large\" src=\"https:\/\/www.fenomenum.com.br\/novo\/wp-content\/uploads\/2022\/03\/AS14-66-9301-939x1024.jpg\" alt=\"\" width=\"939\" height=\"1024\" \/><p id=\"caption-attachment-3716\" class=\"wp-caption-text\">Objeto luminoso, de cor azulada, sobre o local de pouso da miss\u00e3o Apollo 14.<\/p><\/div>\n<p>&nbsp;<\/p>\n<div id=\"attachment_3717\" style=\"width: 949px\" class=\"wp-caption aligncenter\"><img aria-describedby=\"caption-attachment-3717\" loading=\"lazy\" class=\"wp-image-3717 size-large\" src=\"https:\/\/www.fenomenum.com.br\/novo\/wp-content\/uploads\/2022\/03\/AS14-66-9342-939x1024.jpg\" alt=\"\" width=\"939\" height=\"1024\" \/><p id=\"caption-attachment-3717\" class=\"wp-caption-text\">Objeto luminoso, sobre o local de pouso da miss\u00e3o Apollo 14.<\/p><\/div>\n<p>&nbsp;<\/p>\n<div id=\"attachment_3718\" style=\"width: 949px\" class=\"wp-caption aligncenter\"><img aria-describedby=\"caption-attachment-3718\" loading=\"lazy\" class=\"wp-image-3718 size-large\" src=\"https:\/\/www.fenomenum.com.br\/novo\/wp-content\/uploads\/2022\/03\/AS14-72-09918-939x1024.jpg\" alt=\"\" width=\"939\" height=\"1024\" \/><p id=\"caption-attachment-3718\" class=\"wp-caption-text\">Objeto luminoso, de cor clara, nas proximidades do M\u00f3dulo de Comando da Apollo 14.<\/p><\/div>\n<p>&nbsp;<\/p>\n<div id=\"attachment_3719\" style=\"width: 949px\" class=\"wp-caption aligncenter\"><img aria-describedby=\"caption-attachment-3719\" loading=\"lazy\" class=\"wp-image-3719 size-large\" src=\"https:\/\/www.fenomenum.com.br\/novo\/wp-content\/uploads\/2022\/03\/AS14-72-09923-939x1024.jpg\" alt=\"\" width=\"939\" height=\"1024\" \/><p id=\"caption-attachment-3719\" class=\"wp-caption-text\">Objeto luminoso, de cor clara, nas proximidades do M\u00f3dulo de Comando da Apollo 14.<\/p><\/div>\n<p>&nbsp;<\/p>\n<div id=\"attachment_3720\" style=\"width: 949px\" class=\"wp-caption aligncenter\"><img aria-describedby=\"caption-attachment-3720\" loading=\"lazy\" class=\"wp-image-3720 size-large\" src=\"https:\/\/www.fenomenum.com.br\/novo\/wp-content\/uploads\/2022\/03\/AS14-72-09925-939x1024.jpg\" alt=\"\" width=\"939\" height=\"1024\" \/><p id=\"caption-attachment-3720\" class=\"wp-caption-text\">Objeto luminoso, de cor clara, nas proximidades do M\u00f3dulo de Comando da Apollo 14.<\/p><\/div>\n<p>&nbsp;<\/p>\n<div id=\"attachment_3721\" style=\"width: 949px\" class=\"wp-caption aligncenter\"><img aria-describedby=\"caption-attachment-3721\" loading=\"lazy\" class=\"wp-image-3721 size-large\" src=\"https:\/\/www.fenomenum.com.br\/novo\/wp-content\/uploads\/2022\/03\/AS14-72-09930-939x1024.jpg\" alt=\"\" width=\"939\" height=\"1024\" \/><p id=\"caption-attachment-3721\" class=\"wp-caption-text\">Objeto luminoso, de cor clara, nas proximidades do M\u00f3dulo de Comando da Apollo 14.<\/p><\/div>\n<p>&nbsp;<\/p>\n<div id=\"attachment_3722\" style=\"width: 949px\" class=\"wp-caption aligncenter\"><img aria-describedby=\"caption-attachment-3722\" loading=\"lazy\" class=\"wp-image-3722 size-large\" src=\"https:\/\/www.fenomenum.com.br\/novo\/wp-content\/uploads\/2022\/03\/AS14-76-10345-939x1024.jpg\" alt=\"\" width=\"939\" height=\"1024\" \/><p id=\"caption-attachment-3722\" class=\"wp-caption-text\">Objeto alongado, nas proximidades da Apollo 14, em uma regi\u00e3o entre a Terra e a Lua.<\/p><\/div>\n<p>&nbsp;<\/p>\n<div id=\"attachment_3724\" style=\"width: 818px\" class=\"wp-caption aligncenter\"><img aria-describedby=\"caption-attachment-3724\" loading=\"lazy\" class=\"wp-image-3724 size-full\" src=\"https:\/\/www.fenomenum.com.br\/novo\/wp-content\/uploads\/2022\/03\/doc_apollo141.png\" alt=\"\" width=\"808\" height=\"664\" \/><p id=\"caption-attachment-3724\" class=\"wp-caption-text\">Trecho do documento Apollo 14 Technical Air-to-Ground Voice Transcription, contendo comunica\u00e7\u00f5es travadas durante avistamento ufol\u00f3gico.<\/p><\/div>\n<p>&nbsp;<\/p>\n<div id=\"attachment_3725\" style=\"width: 819px\" class=\"wp-caption aligncenter\"><img aria-describedby=\"caption-attachment-3725\" loading=\"lazy\" class=\"wp-image-3725 size-full\" src=\"https:\/\/www.fenomenum.com.br\/novo\/wp-content\/uploads\/2022\/03\/doc_apollo142.png\" alt=\"\" width=\"809\" height=\"768\" \/><p id=\"caption-attachment-3725\" class=\"wp-caption-text\">Trecho do documento Apollo 14 Technical Air-to-Ground Voice Transcription, contendo comunica\u00e7\u00f5es travadas durante avistamento ufol\u00f3gico.<\/p><\/div>\n<p>&nbsp;<\/p>\n<div id=\"attachment_3723\" style=\"width: 649px\" class=\"wp-caption aligncenter\"><img aria-describedby=\"caption-attachment-3723\" loading=\"lazy\" class=\"wp-image-3723 size-full\" src=\"https:\/\/www.fenomenum.com.br\/novo\/wp-content\/uploads\/2022\/03\/astronautasa14.jpg\" alt=\"\" width=\"639\" height=\"480\" \/><p id=\"caption-attachment-3723\" class=\"wp-caption-text\">Astronautas da Apollo 14. Stuart Roosa (esquerda), Alan Bean (centro) e Edgar Mitchell (direita).<\/p><\/div>\n<p>&nbsp;<\/p>\n<div>\n<div id=\"attachment_3392\" style=\"width: 810px\" class=\"wp-caption aligncenter\"><img aria-describedby=\"caption-attachment-3392\" loading=\"lazy\" class=\"wp-image-3392 size-full\" src=\"https:\/\/www.fenomenum.com.br\/novo\/wp-content\/uploads\/2022\/03\/3e798bc2c5d186ec72aa89f7db7a324c.jpg\" alt=\"\" width=\"800\" height=\"884\" srcset=\"https:\/\/www.fenomenum.com.br\/novo\/wp-content\/uploads\/2022\/03\/3e798bc2c5d186ec72aa89f7db7a324c.jpg 800w, https:\/\/www.fenomenum.com.br\/novo\/wp-content\/uploads\/2022\/03\/3e798bc2c5d186ec72aa89f7db7a324c-400x442.jpg 400w, https:\/\/www.fenomenum.com.br\/novo\/wp-content\/uploads\/2022\/03\/3e798bc2c5d186ec72aa89f7db7a324c-650x718.jpg 650w, https:\/\/www.fenomenum.com.br\/novo\/wp-content\/uploads\/2022\/03\/3e798bc2c5d186ec72aa89f7db7a324c-250x276.jpg 250w, https:\/\/www.fenomenum.com.br\/novo\/wp-content\/uploads\/2022\/03\/3e798bc2c5d186ec72aa89f7db7a324c-768x849.jpg 768w, https:\/\/www.fenomenum.com.br\/novo\/wp-content\/uploads\/2022\/03\/3e798bc2c5d186ec72aa89f7db7a324c-150x166.jpg 150w, https:\/\/www.fenomenum.com.br\/novo\/wp-content\/uploads\/2022\/03\/3e798bc2c5d186ec72aa89f7db7a324c-50x55.jpg 50w, https:\/\/www.fenomenum.com.br\/novo\/wp-content\/uploads\/2022\/03\/3e798bc2c5d186ec72aa89f7db7a324c-100x111.jpg 100w, https:\/\/www.fenomenum.com.br\/novo\/wp-content\/uploads\/2022\/03\/3e798bc2c5d186ec72aa89f7db7a324c-200x221.jpg 200w, https:\/\/www.fenomenum.com.br\/novo\/wp-content\/uploads\/2022\/03\/3e798bc2c5d186ec72aa89f7db7a324c-300x332.jpg 300w, https:\/\/www.fenomenum.com.br\/novo\/wp-content\/uploads\/2022\/03\/3e798bc2c5d186ec72aa89f7db7a324c-350x387.jpg 350w, https:\/\/www.fenomenum.com.br\/novo\/wp-content\/uploads\/2022\/03\/3e798bc2c5d186ec72aa89f7db7a324c-450x497.jpg 450w, https:\/\/www.fenomenum.com.br\/novo\/wp-content\/uploads\/2022\/03\/3e798bc2c5d186ec72aa89f7db7a324c-500x553.jpg 500w, https:\/\/www.fenomenum.com.br\/novo\/wp-content\/uploads\/2022\/03\/3e798bc2c5d186ec72aa89f7db7a324c-550x608.jpg 550w\" sizes=\"(max-width: 800px) 100vw, 800px\" \/><p id=\"caption-attachment-3392\" class=\"wp-caption-text\">Este estudo resultou na obra imperd\u00edvel intitulada UFOs no Espa\u00e7o e na Lua, de autoria de Jackson Luiz Camargo. O livro pode ser adquirido pelo Whatsapp\/Telegram: (41) 98893-0383.<\/p><\/div>\n<p>&nbsp;<\/p>\n<\/div>\n<div class=\"col-lg-8\"><\/div>\n<div>\n<h2>Refer\u00eancias:<\/h2>\n<div>\n<hr \/>\n<\/div>\n<div>\n<ol>\n<li>CAMARGO, Jackson. Entre o C\u00e9u a Terra \u2013 Uma hist\u00f3ria de aventura, mist\u00e9rios e UFOs. Curitiba: Clube de autores, 2018.<\/li>\n<li>CAMARGO, Jackson. UFOs no Espa\u00e7o e na Lua. Curitiba: Cole\u00e7\u00e3o Biblioteca UFO, 2020.<\/li>\n<li>CAMARGO, Jackson Luiz.\u00a0<a href=\"https:\/\/ufo.com.br\/artigos\/intrusos-na-lua.html\" target=\"_blank\" rel=\"noopener\">Intrusos na Lua<\/a>. Revista UFO, Campo Grande, n\u00ba 107, p. 21-21, fevereiro 2005.<\/li>\n<li><a href=\"https:\/\/historycollection.jsc.nasa.gov\/JSCHistoryPortal\/history\/mission_trans\/apollo14.htm\" target=\"_blank\" rel=\"noopener\">Transcri\u00e7\u00e3o das comunica\u00e7\u00f5es &#8211; Jhonson Space Center<\/a><\/li>\n<li><a href=\"https:\/\/www.fenomenum.com.br\/novo\/wp-content\/uploads\/2022\/03\/AS14_CM.pdf\" target=\"_blank\" rel=\"noopener\">Apollo 14 Onboard Voice Transcription-Command Module<\/a><\/li>\n<li><a href=\"https:\/\/www.fenomenum.com.br\/novo\/wp-content\/uploads\/2022\/03\/AS14_LM.pdf\" target=\"_blank\" rel=\"noopener\">Apollo 14 Onboard Voice Transcription-Lunar Module<\/a><\/li>\n<li><a href=\"https:\/\/www.fenomenum.com.br\/novo\/wp-content\/uploads\/2022\/03\/AS14_PAC.pdf\" target=\"_blank\" rel=\"noopener\">Apollo 14 Mission Commentary-Voice Transmissions<\/a><\/li>\n<li><a href=\"https:\/\/www.fenomenum.com.br\/novo\/wp-content\/uploads\/2022\/03\/AS14_PAO.pdf\" target=\"_blank\" rel=\"noopener\">Apollo 14 PAO Mission Commentary Transcript<\/a><\/li>\n<li><a href=\"https:\/\/www.fenomenum.com.br\/novo\/wp-content\/uploads\/2022\/03\/AS14_TEC.pdf\" target=\"_blank\" rel=\"noopener\">Apollo 14 Technical Air-to-Ground Voice Transcription<\/a><\/li>\n<\/ol>\n<\/div>\n<\/div>\n","protected":false},"excerpt":{"rendered":"<p>Fotos e documentos oficiais comprovam que nunca estivemos s\u00f3s na explora\u00e7\u00e3o espacial. A Apollo 14 foi lan\u00e7ada \u00e0s 16 horas e 3 minutos de 31 de janeiro de 1971, entrando em \u00f3rbita 12 minutos depois. Ap\u00f3s um breve descanso e adapta\u00e7\u00e3o \u00e0 gravidade zero, os astronautas iniciaram as checagens dos sistemas da nave, em prepara\u00e7\u00e3o [&hellip;]<\/p>\n","protected":false},"author":5,"featured_media":3711,"comment_status":"open","ping_status":"open","sticky":false,"template":"","format":"standard","meta":{"inline_featured_image":false},"categories":[108,112,113,105,126,107],"tags":[],"_links":{"self":[{"href":"https:\/\/www.fenomenum.com.br\/novo\/wp-json\/wp\/v2\/posts\/3710"}],"collection":[{"href":"https:\/\/www.fenomenum.com.br\/novo\/wp-json\/wp\/v2\/posts"}],"about":[{"href":"https:\/\/www.fenomenum.com.br\/novo\/wp-json\/wp\/v2\/types\/post"}],"author":[{"embeddable":true,"href":"https:\/\/www.fenomenum.com.br\/novo\/wp-json\/wp\/v2\/users\/5"}],"replies":[{"embeddable":true,"href":"https:\/\/www.fenomenum.com.br\/novo\/wp-json\/wp\/v2\/comments?post=3710"}],"version-history":[{"count":1,"href":"https:\/\/www.fenomenum.com.br\/novo\/wp-json\/wp\/v2\/posts\/3710\/revisions"}],"predecessor-version":[{"id":6954,"href":"https:\/\/www.fenomenum.com.br\/novo\/wp-json\/wp\/v2\/posts\/3710\/revisions\/6954"}],"wp:featuredmedia":[{"embeddable":true,"href":"https:\/\/www.fenomenum.com.br\/novo\/wp-json\/wp\/v2\/media\/3711"}],"wp:attachment":[{"href":"https:\/\/www.fenomenum.com.br\/novo\/wp-json\/wp\/v2\/media?parent=3710"}],"wp:term":[{"taxonomy":"category","embeddable":true,"href":"https:\/\/www.fenomenum.com.br\/novo\/wp-json\/wp\/v2\/categories?post=3710"},{"taxonomy":"post_tag","embeddable":true,"href":"https:\/\/www.fenomenum.com.br\/novo\/wp-json\/wp\/v2\/tags?post=3710"}],"curies":[{"name":"wp","href":"https:\/\/api.w.org\/{rel}","templated":true}]}}