{"id":4020,"date":"2022-03-24T14:51:24","date_gmt":"2022-03-24T17:51:24","guid":{"rendered":"https:\/\/www.fenomenum.com.br\/?p=4020"},"modified":"2025-04-21T16:10:36","modified_gmt":"2025-04-21T19:10:36","slug":"chupa-chupa9","status":"publish","type":"post","link":"https:\/\/www.fenomenum.com.br\/novo\/chupa-chupa9\/","title":{"rendered":"Os Padr\u00f5es e Caracter\u00edsticas do Fen\u00f4meno Chupa-chupa"},"content":{"rendered":"<section id=\"inner-headline\">\n<div class=\"container\">\n<div class=\"row\">\n<div id=\"resumo\" class=\"resumo\" style=\"padding-left: 40px;\"><strong>Chupa-chupa \u00e9 o apelido dado ao conjunto de ocorr\u00eancias que tiveram lugar em parte de Estados do Norte e Nordeste Brasileiro a partir de 1977. Caracterizava-se por um objeto voador luminoso, em alguns casos tripulados ou com manifesta\u00e7\u00e3o claramente inteligente, que focava um feixe de luz em moradores das regi\u00f5es afetadas. Estes se mostravam debilitados e assustados. Tal conjunto de ocorr\u00eancias gerou p\u00e2nico nas localidades afetadas obrigando \u00e0 For\u00e7a A\u00e9rea Brasileira a iniciar uma opera\u00e7\u00e3o de estudo e acompanhamento do misterioso fen\u00f4meno.<\/strong><\/div>\n<\/div>\n<\/div>\n<\/section>\n<div>\n<hr \/>\n<\/div>\n<div>\n<table style=\"width: 100%; border-collapse: collapse; background-color: #fafafa;\">\n<tbody>\n<tr>\n<td style=\"width: 50%;\"><a href=\"https:\/\/www.fenomenum.com.br\/fotografias-de-ufos-feitas-durante-a-operacao-prato\/\"><img loading=\"lazy\" class=\"alignnone wp-image-5349 size-full\" src=\"https:\/\/www.fenomenum.com.br\/novo\/wp-content\/uploads\/2022\/03\/esquerda.png\" alt=\"\" width=\"75\" height=\"75\" \/><\/a><\/td>\n<td style=\"width: 50%; text-align: right;\"><a href=\"https:\/\/www.fenomenum.com.br\/chupa-chupa2\/\"><img loading=\"lazy\" class=\"alignnone size-full wp-image-5348 alignright\" src=\"https:\/\/www.fenomenum.com.br\/novo\/wp-content\/uploads\/2022\/03\/direita.png\" alt=\"\" width=\"75\" height=\"75\" \/><\/a><\/td>\n<\/tr>\n<tr>\n<td style=\"width: 50%;\"><a href=\"https:\/\/www.fenomenum.com.br\/fotografias-de-ufos-feitas-durante-a-operacao-prato\/\">Artigo anterior sobre o Chupa-Chupa e Opera\u00e7\u00e3o Prato<\/a><\/td>\n<td style=\"width: 50%; text-align: right;\"><a href=\"https:\/\/www.fenomenum.com.br\/chupa-chupa10\/\">Pr\u00f3ximo artigo sobre o chupa-Chupa e Opera\u00e7\u00e3o Prato<\/a><\/td>\n<\/tr>\n<\/tbody>\n<\/table>\n<\/div>\n<div>\n<hr \/>\n<p>O Fen\u00f4meno Chupa-chupa apresenta caracter\u00edsticas peculiares que impressionam tanto os pesquisadores j\u00e1 acostumados com casos ufol\u00f3gicos quanto c\u00e9ticos e detratores do fen\u00f4meno que evitam abordar fatos relacionados aos casos ocorridos em estados da regi\u00e3o Norte e Nordeste.<\/p>\n<p>Estas caracter\u00edsticas peculiares que cercam estas ocorr\u00eancias demonstram que algo ins\u00f3lito, inteligente e de origem alheia ao nosso conhecimento agiu em regi\u00f5es povoadas da Amaz\u00f4nia.<\/p>\n<p><a name=\"evolucao\"><\/a><\/p>\n<h3>Evolu\u00e7\u00e3o do Fen\u00f4meno<\/h3>\n<p>O primeiro aspecto interessante que podemos citar em rela\u00e7\u00e3o \u00e0 manifesta\u00e7\u00e3o chupa-chupa seria em rela\u00e7\u00e3o \u00e0 evolu\u00e7\u00e3o do fen\u00f4meno. Os ataques ocorreram de forma muito espor\u00e1dica em 1976, aumentando gradativamente at\u00e9 abril de 1977, com a ocorr\u00eancia da Ilha dos Caranguejos, espalhando-se pelo Estado do Maranh\u00e3o, chegando depois ao Par\u00e1 e depois ao Amazonas, em territ\u00f3rio brasileiro. Informa\u00e7\u00f5es n\u00e3o confirmadas sugerem que o fen\u00f4meno ocorreu tamb\u00e9m em pa\u00edses pr\u00f3ximos, Guianas e Venezuela. Essa evolu\u00e7\u00e3o por regi\u00f5es ocorreu de forma padronizada, como num mapeamento cient\u00edfico. Isso por si s\u00f3 j\u00e1 confere uma atividade inteligente ao fen\u00f4meno.<\/p>\n<p><a name=\"detalhes\"><\/a><\/p>\n<h3>Detalhes Recorrentes<\/h3>\n<p>Verificando os casos de chupa-chupa observam-se v\u00e1rios detalhes recorrentes. A quase totalidade dos casos ocorrem \u00e0 noite, e referem-se \u00e0 luzes que surgem repentinamente iluminando todo o local pr\u00f3ximo ao contato. Praticamente todos os casos relatados por ribeirinhos, seja no Maranh\u00e3o, no Amazonas ou no Par\u00e1 existe a descri\u00e7\u00e3o do objeto intensamente iluminado. Quase sempre a luz \u00e9 t\u00e3o forte que impede a visualiza\u00e7\u00e3o da fonte da luminosidade, ou seja, o objeto propriamente dito.<\/p>\n<p>Quando ocorre a aproxima\u00e7\u00e3o repentina acontece o &#8220;ataque&#8221; que \u00e9 descrito quase sempre da mesma forma: o objeto projeta um facho de luz que paralisa suas v\u00edtimas, impedindo que eles movimentem qualquer parte do corpo, at\u00e9 mesmo para gritar por socorro. Al\u00e9m da paralisia as v\u00edtimas descrevem em sua totalidade que sentiram uma dor insuport\u00e1vel sendo logo tomados de profunda fraqueza como se eles tivessem sendo dopados. Nessas condi\u00e7\u00f5es a maioria ainda conseguiu observar um segundo feixe de luz que atingia as mulheres acima do seio esquerdo (na grande maioria dos caso) ou nos homens, na altura do pesco\u00e7o. O feixe de luz produzia uma marca longil\u00ednea, reta, extensa e larga, como se algo tivesse chapado a pele destas pessoas vitimadas. Em todos os casos documentados haviam dois orif\u00edcios paralelos que se apresentavam elevados como se duas agulhas houvessem ali penetrado. A diferen\u00e7a \u00e9 que quando pressionadas elas n\u00e3o desapareciam.<\/p>\n<p>A queimadura resultante dos ataques era muito diferente das convencionas convencionais em praticamente todos os casos. Enquanto estas convencionais levam em torno de 96 horas para necrosar, as queimaduras produzidas pelo chupa-chupa necrosavam imediatamente.<\/p>\n<p>As v\u00edtimas do chupa-chupa, ap\u00f3s o incidente, se queixavam de vertigem, dores no corpo, tremores, falta de \u00e2nimo, sonol\u00eancia, fraqueza, rouquid\u00e3o, queda de p\u00ealos, descama\u00e7\u00e3o da pele lesada e freq\u00fcentes dores de cabe\u00e7a. Estes sintomas foram constatados por m\u00e9dicos.<\/p>\n<p>Em geral a \u00e1rea afetada ficou permanentemente desprovida de p\u00ealos. Al\u00e9m disso, os afetados ficaram com baixa imunidade permanentemente sendo que todos adoecem com facilidade.<\/p>\n<p><a name=\"objetos\"><\/a><\/p>\n<h3>Objetos Voadores Observados<\/h3>\n<p>Em rela\u00e7\u00e3o aos objetos observados observa-se um padr\u00e3o caracter\u00edstico em todos os casos. Em geral os objetos eram observados aproximando-se das \u00e1reas afetadas vindos ou do c\u00e9u, ou do oceano.<\/p>\n<p>Os casos s\u00e3o predominantemente noturnos, com raras exce\u00e7\u00f5es diurnas. Foram identificados oito formas de objetos comumente observados em diferentes regi\u00f5es. Alguns destes objetos apresentavam vigias e em alguns casos espec\u00edficos observou-se a presen\u00e7a de tripulantes de aproximadamente 1,5 m de altura.<\/p>\n<\/div>\n<div>\n<div id=\"attachment_4021\" style=\"width: 510px\" class=\"wp-caption aligncenter\"><img aria-describedby=\"caption-attachment-4021\" loading=\"lazy\" class=\"wp-image-4021 size-full\" src=\"https:\/\/www.fenomenum.com.br\/novo\/wp-content\/uploads\/2022\/03\/flapmap.jpg\" alt=\"\" width=\"500\" height=\"241\" \/><p id=\"caption-attachment-4021\" class=\"wp-caption-text\">O mapa acima mostra a vasta \u00e1rea que foi palco de manifesta\u00e7\u00e3o do fen\u00f4meno Chupa-chupa. O fen\u00f4meno ocorreu em ondas ou faixas, exatamente igual ao que ocorre em mapeamentos a\u00e9reos.<\/p><\/div>\n<\/div>\n<div><\/div>\n<div><\/div>\n<div>\n<div id=\"attachment_4022\" style=\"width: 299px\" class=\"wp-caption aligncenter\"><img aria-describedby=\"caption-attachment-4022\" loading=\"lazy\" class=\"wp-image-4022 size-full\" src=\"https:\/\/www.fenomenum.com.br\/novo\/wp-content\/uploads\/2022\/03\/op_des_flavio.jpg\" alt=\"\" width=\"289\" height=\"512\" \/><p id=\"caption-attachment-4022\" class=\"wp-caption-text\">Entre os milhares de avistamentos ocorridos na Amaz\u00f4nia, na onda Chupa-chupa, foram relatados basicamente 6 tipos de aparelhos.<\/p><\/div>\n<\/div>\n<div><\/div>\n<div><\/div>\n<div>\n<p>Conhe\u00e7a este caso mais detalhadamente acessando nosso menu abaixo:<\/p>\n<hr \/>\n<h3><a title=\"Morte na Ilha do Carangueijo\" href=\"https:\/\/www.fenomenum.com.br\/chupa-chupa1\/\">Morte na Ilha do Caranguejo\u00a0<\/a><\/h3>\n<p><i>O Caso da Ilha do Caranguejo \u00e9 o marco inicial de uma onda de a\u00e7\u00f5es nocivas por parte de OVNIs, no Par\u00e1 e Maranh\u00e3o.<\/i><\/p>\n<hr \/>\n<h3><a title=\"O In\u00edcio do Fen\u00f4meno Chupa-Chupa\" href=\"https:\/\/www.fenomenum.com.br\/chupa-chupa2\/\">O In\u00edcio do Fen\u00f4meno Chupa-Chupa<\/a><\/h3>\n<p><em>O misterioso fen\u00f4meno Chupa-Chupa come\u00e7ou de forma mais intensa em meados de julho de 1977.<\/em><\/p>\n<hr \/>\n<h3><a title=\"A Fase Gurupi, do Chupa-Chupa\" href=\"https:\/\/www.fenomenum.com.br\/chupa-chupa3\/\">A Fase Gurupi, do Fen\u00f4meno Chupa-chupa<\/a><\/h3>\n<p><i>Na Fase Gurupi, os casos concentram-se na regi\u00e3o do Rio Gurupi, divisa entre Maranh\u00e3o e Par\u00e1. S\u00e3o Vicente Ferrer, Pinheiro e S\u00e3o Bento concentraram a maioria dos casos.<\/i><\/p>\n<hr \/>\n<h3><a title=\"O Fen\u00f4meno Chupa-chupa e a fase da Ba\u00eda do Sol\" href=\"https:\/\/www.fenomenum.com.br\/chupa-chupa4\/\">O Fen\u00f4meno Chupa-Chupa e a fase da Ba\u00eda do Sol<\/a><\/h3>\n<p><i>Com a evolu\u00e7\u00e3o do Fen\u00f4meno, as coisas tornaram-se mais calmas no Maranh\u00e3o e o foco das ocorr\u00eancias passou a ser o Norte do Par\u00e1, na chamada Fase da Ba\u00eda do Sol.<\/i><\/p>\n<hr \/>\n<h3><a title=\"A Opera\u00e7\u00e3o Prato\" href=\"https:\/\/www.fenomenum.com.br\/chupa-chupa5\/\">A Opera\u00e7\u00e3o Prato<\/a><\/h3>\n<p><em>Com a intensifica\u00e7\u00e3o dos casos, a For\u00e7a A\u00e9rea Brasileira iniciou uma opera\u00e7\u00e3o para investigar as estranhas ocorr\u00eancias.<\/em><\/p>\n<hr \/>\n<h3><a href=\"https:\/\/www.fenomenum.com.br\/chupa-chupa6\/\">Coronel Uyrang\u00ea Hollanda, comandante da Opera\u00e7\u00e3o Prato<\/a><\/h3>\n<p><em>Saiba mais sobre o Coronel Hollanda, comandante da Opera\u00e7\u00e3o Prato.<\/em><\/p>\n<hr \/>\n<h3><a title=\"Os Documentos Oficiais da Opera\u00e7\u00e3o Prato\" href=\"https:\/\/www.fenomenum.com.br\/chupa-chupa7\/\">Os Documentos Oficiais da Opera\u00e7\u00e3o Prato<\/a><\/h3>\n<p><em>A Opera\u00e7\u00e3o Prato, organizada pela For\u00e7a A\u00e9rea Brasileira para investigar os casos agressivos envolvendo UFOs ao norte do Par\u00e1 e Maranh\u00e3o, gerou farta documenta\u00e7\u00e3o.\u00a0<\/em><\/p>\n<hr \/>\n<h3><a title=\"Fotografias de UFOs Feitas Durante a Opera\u00e7\u00e3o Prato\" href=\"https:\/\/www.fenomenum.com.br\/chupa-chupa8\/\">As Fotografias da Opera\u00e7\u00e3o Prato<\/a><\/h3>\n<p><em>Conjunto de algumas das fotografias e frames de filmagens dos objetos envolvidos nos ataques.<\/em><\/p>\n<hr \/>\n<h3><a href=\"https:\/\/www.fenomenum.com.br\/8\/\">Caracter\u00edsticas e Padr\u00f5es do Chupa-Chupa<\/a><\/h3>\n<p><em>Padr\u00f5es e caracter\u00edsticas not\u00e1veis envolvendo o Chupa-Chupa.<\/em><\/p>\n<hr \/>\n<h3><a href=\"https:\/\/www.fenomenum.com.br\/chupa-chupa10\/\">Depoimentos de Testemunhas do Chupa-Chupa<\/a><\/h3>\n<p><em>Conjunto de testemunhos envolvendo o Chupa-chupa.<\/em><\/p>\n<hr \/>\n<h3><a href=\"https:\/\/www.fenomenum.com.br\/chupa-chupa11\/\"> Reportagens de Jornal<\/a><\/h3>\n<p><em>Colet\u00e2nea de reportagens de jornais de \u00e9poca.<\/em><\/p>\n<hr \/>\n<h3><a href=\"https:\/\/www.fenomenum.com.br\/chupa-chupa12\/\">Entrevista com Daniel Rebisso Giese<\/a><\/h3>\n<p><em>Daniel Rebisso Giese &#8211; Boliviano de nascimento, \u00e9 biom\u00e9dico e funcion\u00e1rio do Governo do Par\u00e1, na \u00e1rea da sa\u00fade, o que lhe propiciou encontrar-se v\u00e1rias vezes, como profissional, com dezenas de testemunhas e v\u00edtimas de ocorr\u00eancias ufol\u00f3gicas, algumas com quadros cl\u00ednicos at\u00e9 graves. \u00c9 autor do livro \u201cVampiros Extraterrestres na Amaz\u00f4nia\u201d edi\u00e7\u00e3o do pr\u00f3prio autor, Bel\u00e9m (PA) 1991. Conferencista e palestrante de in\u00fameros cursos e congressos de Ufologia, Daniel foi colaborador dos jornais O Estado do Paran\u00e1 e Di\u00e1rio do Par\u00e1. Possui artigos publicados nas revistas UFO, Planeta, e Cuarta Dimension (Argentina).<\/em><\/p>\n<hr \/>\n<h3><a href=\"https:\/\/www.fenomenum.com.br\/chupa-chupa13\/\">Entrevista com a Dra. Wellaide Cescim de Carvalho<\/a><\/h3>\n<p><em>Wellaide Cecim Carvalho &#8211; m\u00e9dica sanitarista e diretora do Departamento de Programas Espaciais da Secretaria Municipal de Sa\u00fade de Bel\u00e9m (PA), foi uma das raras profissionais da \u00e1rea de sa\u00fade a ter um contato direto com as v\u00edtimas de radia\u00e7\u00f5es emitidas por UFOs. Wellaide teve uma oportunidade \u00edmpar durante sua perman\u00eancia na Unidade Sanit\u00e1ria de Colares, quando assumia as responsabilidades de sa\u00fade da ilha.<\/em><\/p>\n<hr \/>\n<h3><a href=\"https:\/\/www.fenomenum.com.br\/chupa-chupa14\/\">Entrevista com o Coronel Uyrang\u00ea Hollanda<\/a><\/h3>\n<p><em>Uyrang\u00ea Bol\u00edvar Soares Nogueira de Hollanda Lima &#8211; Este \u00e9 o nome do primeiro oficial de nossas for\u00e7as armadas a vir a p\u00fablico falar sobre as atividades de pesquisas ufol\u00f3gicas desenvolvidas secretamente no Brasil. Com nome de guerra Hollanda, chegando \u00e0 patente de coronel reformado da For\u00e7a A\u00e9rea Brasileira (FAB), foi ele quem comandou a famosa e pol\u00eamica Opera\u00e7\u00e3o Prato, realizada na Amaz\u00f4nia entre setembro e dezembro de 1977. Foi ele quem estruturou, organizou e colheu os espantosos resultados desse que foi o \u00fanico projeto do g\u00eanero de que se t\u00eam not\u00edcias em nosso pa\u00eds.<\/em><\/p>\n<hr \/>\n<h3><a href=\"https:\/\/www.fenomenum.com.br\/entrevista-com-o-jornalista-carlos-mendes\/\">Entrevista com o Jornalista Carlos Mendes<\/a><\/h3>\n<p><em>Carlos Mendes &#8211; Rep\u00f3rter do jornal O Liberal, de Bel\u00e9m, que cobriu o fen\u00f4meno Chupa-chupa.<\/em><\/p>\n<hr \/>\n<p><a href=\"https:\/\/www.fenomenum.com.br\/chupa-chupa16\/\">Entrevista com o piloto Ubiratan Pin\u00f3n Frias<\/a><\/p>\n<p><em>Ubiratan Pinon Frias, piloto comercial e amigo de Hollanda. Participou da Opera\u00e7\u00e3o Prato.<\/em><\/p>\n<hr \/>\n<h3><a href=\"https:\/\/www.fenomenum.com.br\/chupa-chupa17\/\">Os Anos Seguintes<\/a><\/h3>\n<p><em>Embora a grande onda ufol\u00f3gica relacionada ao chupa-chupa tenha ocorrido na segunda metade de 1977 e come\u00e7o de 1978, in\u00fameros casos ocorreram ap\u00f3s este per\u00edodo. Embora a Opera\u00e7\u00e3o Prato tenha sido encerrada prematuramente, os militares continuaram investigando casos na regi\u00e3o durante o ano seguinte. Al\u00e9m disso, in\u00fameros fatos posteriores chamam a aten\u00e7\u00e3o.<\/em><\/p>\n<hr \/>\n<h3><a href=\"https:\/\/www.fenomenum.com.br\/chupa-chupa18\/\">Filmes e Document\u00e1rios sobre o Chupa-Chupa<\/a><\/h3>\n<p><em>Acesse aqui filmes e document\u00e1rios sobre o Chupa-chupa e a Opera\u00e7\u00e3o Prato<\/em><\/p>\n<hr \/>\n<p>&nbsp;<\/p>\n<h2><\/h2>\n<\/div>\n<div><\/div>\n<section id=\"content\">\n<div class=\"container\">\n<div class=\"row\">\n<h2>Refer\u00eancias:<\/h2>\n<hr \/>\n<ol>\n<li style=\"list-style-type: none;\">\n<ol>\n<li><\/li>\n<li>PRATT, Bob. Perigo Alien\u00edgena no Brasil. Tradu\u00e7\u00e3o de Marcos Malvezzi Leal. Campo Grande: CBPDV, 2003.<\/li>\n<li>PETIT, Marco Antonio. UFOs: Arquivo Confidencial. Campo Grande: CBPDV, 2007<\/li>\n<li>RANGEL, M\u00e1rio. Sequestros Alien\u00edgenas. Campo Grande: CBPDV, 2007<\/li>\n<li>GIESE, Daniel Rebisso. O Fen\u00f4meno &#8220;Chupa-chupa&#8221;, na Amaz\u00f4nia. Revista UFO, Campo Grande, n\u00ba 7, p.13-14, abr\/jun 1989.<\/li>\n<li>ATHAYDE, Reginaldo. Extraterrestres atacam e matam no nordeste. Revista UFO, Campo Grande, n\u00ba 7, p.7-11, abr\/jun 1989.<\/li>\n<li>CPDV. Fotos de OVNIs da For\u00e7a A\u00e9rea Brasileira (FAB). Ufologia Nacional e Internacional, Campo Grande, n\u00ba 3, p. 10-11, julho\/agosto 1985.<\/li>\n<li>GIESE, Daniel Rebisso. Observa\u00e7\u00f5es ufol\u00f3gicas no Litoral Paraense. Ufologia Nacional e Internacional, Campo Grande, n\u00ba 3, p. 11-12, julho\/agosto 1985.<\/li>\n<li>GIESE, Daniel. O Fen\u00f4meno &#8220;Chupa-Chupa&#8221;: OVNIs atemorizam o estado do Par\u00e1. Ufologia Nacional e Internacional, Campo Grande, n\u00ba 5, p. 09-15, nov\/dez 1985.<\/li>\n<li>GIESE, Daniel. Novidades no Fen\u00f4meno &#8220;Chupa-Chupa&#8221;. Ufologia Nacional e Internacional, Campo Grande, n\u00ba 7, p. 14-15, mar\u00e7o 1986.<\/li>\n<li>AGHATOS, Stelio e OLIVEIRA, Daniela. UFOs Rondam a Floresta Amaz\u00f4nica. Revista UFO, Campo Grande, n\u00ba 39, p. 8-11, Agosto de 1995.<\/li>\n<li>EQUIPE UFO. Coronel Rompe Sil\u00eancio sobre UFOs. Revista UFO, Campo Grande, n\u00ba 54, p. 18-27, outubro de 1997.<\/li>\n<li>EQUIPE UFO. Os Resultados da Opera\u00e7\u00e3o Prato. Revista UFO, Campo Grande, n\u00ba 55, p. 46-52, novembro de 1997.<\/li>\n<li>SILVESTRE, Fabiana. UFOs Rondam a Floresta Amaz\u00f4nica. Revista UFO, Campo Grande, n\u00ba 75, p. 10-18, novembro de 2000.<\/li>\n<li>EQUIPE UFO. Alien\u00edgenas Representam Perigo no Nordeste. Revista UFO, Campo Grande, n\u00ba 86, p. 8-11, abril de 2003.<\/li>\n<li>MAUSO, Pablo Villarrubia. O Mist\u00e9rio das Luzes Assassinas na Amaz\u00f4nia. Revista UFO, Campo Grande, n\u00ba 86, p. 32-35, abril de 2003.<\/li>\n<li>STABOLITO, Reinaldo. Pol\u00edtica de Acobertamento: A Pol\u00edtica Internacional de Sigilo ao Fen\u00f4meno UFO \u00e9 Imposi\u00e7\u00e3o do Governo Norte-Americano. Revista UFO, Campo Grande, n\u00ba 99, p. 16-21, maio de 2004.<\/li>\n<li>EQUIPE UFO. Aliens Rondam a Floresta Amaz\u00f4nica. Revista UFO, Campo Grande, n\u00ba 101, p. 08-27, julho de 2004.<\/li>\n<li>GEVAERD, A. J. A Profundidade dos Casos Registrados na Amaz\u00f4nia. Revista UFO, Campo Grande, n\u00ba 114, p. 10-13, setembro de 2005.<\/li>\n<li>GEVAERD, A. J. Amaz\u00f4nia &#8211; Campo de Experimento de Seres Alien\u00edgenas. Revista UFO, Campo Grande, n\u00ba 114, p. 14-16, setembro de 2005.<\/li>\n<li>GEVAERD, A. J. Na Selva, UFOs deslumbram e amedrontam com seus v\u00f4os rasantes e ataques impiedosos. Revista UFO, Campo Grande, n\u00ba 114, p. 16-29, setembro de 2005.<\/li>\n<li>GOMES, Evelin. Atividades extraterrestres ainda s\u00e3o registradas em Colares ap\u00f3s anos dos primeiros contatos. Revista UFO, Campo Grande, n\u00ba 114, p. 26-27, setembro de 2005.<\/li>\n<li>GEVAERD, A. J. Ainda H\u00e1 Muito a Se Pesquisar no Par\u00e1. Revista UFO, Campo Grande, n\u00ba 114, p. 31-35, setembro de 2005.<\/li>\n<li>PETIT, M. A. UFOs no Brasil: \u00c9 hora de nossos militares encararem a verdade. Revista UFO, Campo Grande, n\u00ba 115, p. 16-22, outubro de 2005.<\/li>\n<li>EQUIPE UFO. Dossi\u00ea Amaz\u00f4nia: Continua a busca de informa\u00e7\u00f5es sobre as a\u00e7\u00f5es militares na regi\u00e3o. Revista UFO, Campo Grande, n\u00ba 115, p. 26-35, outubro de 2005.<\/li>\n<li>EQUIPE UFO. O Impressionante Depoimento da M\u00e9dica que Atendeu as V\u00edtimas do Chupa-chupa. Revista UFO, Campo Grande, n\u00ba 116, p. 20-29, novembro de 2005.<\/li>\n<li>CHAVES, Pepe. Como as assombra\u00e7\u00f5es da Amaz\u00f4nia se tornaram as assombra\u00e7\u00f5es de um homem: Coronel Uyrange Hollanda. Revista UFO, Campo Grande, n\u00ba 116, p. 30-36, novembro de 2005.<\/li>\n<li>PETIT, M. A. Dossi\u00ea Amaz\u00f4nia: O ultimo depoimento de Uyrang\u00ea Hollanda fornece inspira\u00e7\u00e3o para reflex\u00f5es. Revista UFO, Campo Grande, n\u00ba 117, p. 14-20, dezembro de 2005.<\/li>\n<li>ATHAYDE, Reginaldo. Os ataques do chupa-chupa come\u00e7aram no Cear\u00e1. Revista UFO, Campo Grande, n\u00ba 117, p. 22-23, dezembro de 2005.<\/li>\n<li>GEVAERD, A. J. N\u00e3o cedi \u00e0s press\u00f5es dos militares. Revista UFO, Campo Grande, n\u00ba 117, p. 24-31, dezembro de 2005.<\/li>\n<li><a href=\"http:\/\/www.operacaoprato.com\" target=\"_blank\" rel=\"noopener\">Site Opera\u00e7\u00e3o Prato<\/a><\/li>\n<li><a href=\"https:\/\/fenomenum.com.br\/documentos\/brasil\/prato\/ACE_3370.83.pdf\" target=\"_blank\" rel=\"noopener\">Arquivo Cronol\u00f3gico de Entrada [ACE 3370\/83] &#8211; (Servi\u00e7o Nacional de Informa\u00e7\u00f5es &#8211; SNI) [82.9 MB &#8211; 86 p\u00e1ginas<\/a><\/li>\n<li><a href=\"https:\/\/fenomenum.com.br\/documentos\/brasil\/prato\/Opera\u00e7\u00e3o Prato - 01.01.01 - Relat\u00f3rio de Miss\u00e3o 1.pdf\" target=\"_blank\" rel=\"noopener\">Opera\u00e7\u00e3o Prato &#8211; 01.01.01 &#8211; Relat\u00f3rio de Miss\u00e3o 1 &#8211; (FAB &#8211; 1\u00ba COMAR) [25.9 MB &#8211; 40 p\u00e1ginas]<\/a><\/li>\n<li><a href=\"https:\/\/fenomenum.com.br\/documentos\/brasil\/prato\/Opera\u00e7\u00e3o Prato - 01.01.02 - Relat\u00f3rio de Miss\u00e3o 2.pdf\" target=\"_blank\" rel=\"noopener\">Opera\u00e7\u00e3o Prato &#8211; 01.01.02 &#8211; Relat\u00f3rio de Miss\u00e3o 2 &#8211; (FAB &#8211; 1\u00ba COMAR) [15.1 MB &#8211; 22 p\u00e1ginas]<\/a><\/li>\n<li><a href=\"https:\/\/fenomenum.com.br\/documentos\/brasil\/prato\/Opera\u00e7\u00e3o Prato - 01.02.00 - Informa\u00e7\u00f5es Operacionais 1.pdf\" target=\"_blank\" rel=\"noopener\">Opera\u00e7\u00e3o Prato &#8211; 01.02.00 &#8211; Informa\u00e7\u00f5es Operacionais 1 &#8211; (FAB &#8211; 1\u00ba COMAR) [19.3 MB &#8211; 15 p\u00e1ginas]<\/a><\/li>\n<li><a href=\"https:\/\/fenomenum.com.br\/documentos\/brasil\/prato\/Opera\u00e7\u00e3o Prato - 01.03.00 - Ilustra\u00e7\u00f5es de Ocorr\u00eancias.pdf\" target=\"_blank\" rel=\"noopener\">Opera\u00e7\u00e3o Prato &#8211; 01.03.00 &#8211; Ilustra\u00e7\u00f5es de Ocorr\u00eancias &#8211; (FAB &#8211; 1\u00ba COMAR) &#8211; [22.5 MB &#8211; 52 p\u00e1ginas]<\/a><\/li>\n<li><a href=\"https:\/\/fenomenum.com.br\/documentos\/brasil\/prato\/Opera\u00e7\u00e3o Prato - 02.00.00 - Resumo Cronol\u00f3gico.pdf\" target=\"_blank\" rel=\"noopener\">Opera\u00e7\u00e3o Prato &#8211; 02.00.00 &#8211; Resumo Cronol\u00f3gico &#8211; (FAB &#8211; 1\u00ba COMAR) &#8211; [31.8 MB &#8211; 52 P\u00e1ginas]<\/a><\/li>\n<li><a href=\"https:\/\/fenomenum.com.br\/documentos\/brasil\/prato\/Opera\u00e7\u00e3o Prato - 03.01.01 - Registro de Caso 1.pdf\" target=\"_blank\" rel=\"noopener\">Opera\u00e7\u00e3o Prato &#8211; 03.01.01 &#8211; Registro de Caso 1 &#8211; (FAB &#8211; 1\u00ba COMAR) &#8211; [1.29 MB &#8211; 4 p\u00e1ginas]<\/a><\/li>\n<li><a href=\"https:\/\/fenomenum.com.br\/documentos\/brasil\/prato\/Opera\u00e7\u00e3o Prato - 03.01.02 - Registro de Caso 2.pdf\" target=\"_blank\" rel=\"noopener\">Opera\u00e7\u00e3o Prato &#8211; 03.01.02 &#8211; Registro de Caso 2 &#8211; (FAB &#8211; 1\u00ba COMAR) &#8211; [1.20 MB &#8211; 3 p\u00e1ginas]<\/a><\/li>\n<li><a href=\"https:\/\/fenomenum.com.br\/documentos\/brasil\/prato\/Opera\u00e7\u00e3o Prato - 03.01.03 - Registro de Caso 3.pdf\" target=\"_blank\" rel=\"noopener\">Opera\u00e7\u00e3o Prato &#8211; 03.01.03 &#8211; Registro de Caso 3 &#8211; (FAB &#8211; 1\u00ba COMAR) &#8211; [3.79 MB &#8211; 8 p\u00e1ginas]<\/a><\/li>\n<li><a href=\"https:\/\/fenomenum.com.br\/documentos\/brasil\/prato\/Opera\u00e7\u00e3o Prato - 03.01.04 - Registro de Caso 4.pdf\" target=\"_blank\" rel=\"noopener\">Opera\u00e7\u00e3o Prato &#8211; 03.01.04 &#8211; Registro de Caso 4 &#8211; (FAB &#8211; 1\u00ba COMAR) &#8211; [487 KB &#8211; 1 p\u00e1gina]<\/a><\/li>\n<li><a href=\"https:\/\/fenomenum.com.br\/documentos\/brasil\/prato\/Opera\u00e7\u00e3o Prato - 03.02.01 - Registro de Caso 5.pdf\" target=\"_blank\" rel=\"noopener\">Opera\u00e7\u00e3o Prato &#8211; 03.02.01 &#8211; Registro de Caso 5 &#8211; (FAB &#8211; 1\u00ba COMAR) &#8211; [743 KB &#8211; 2 p\u00e1ginas]<\/a><\/li>\n<li><a href=\"https:\/\/fenomenum.com.br\/documentos\/brasil\/prato\/Opera\u00e7\u00e3o Prato - 03.02.02 - Registro de Caso 6.pdf\" target=\"_blank\" rel=\"noopener\">Opera\u00e7\u00e3o Prato &#8211; 03.02.02 &#8211; Registro de Caso 6 &#8211; (FAB &#8211; 1\u00ba COMAR) &#8211; [399 KB &#8211; 1 p\u00e1gina]<\/a><\/li>\n<li><a href=\"https:\/\/fenomenum.com.br\/documentos\/brasil\/prato\/Opera\u00e7\u00e3o Prato - 03.02.03 - Registro de Caso 7.pdf\" target=\"_blank\" rel=\"noopener\">Opera\u00e7\u00e3o Prato &#8211; 03.02.03 &#8211; Registro de Caso 7 &#8211; (FAB &#8211; 1\u00ba COMAR) &#8211; [337 KB &#8211; 1 p\u00e1gina]<\/a><\/li>\n<li><a href=\"https:\/\/fenomenum.com.br\/documentos\/brasil\/prato\/Opera\u00e7\u00e3o Prato - 03.02.04 - Registro de Caso 8.pdf\" target=\"_blank\" rel=\"noopener\">Opera\u00e7\u00e3o Prato &#8211; 03.02.04 &#8211; Registro de Caso 8 &#8211; (FAB &#8211; 1\u00ba COMAR) &#8211; [1.59 MB &#8211; 3 p\u00e1ginas]<\/a><\/li>\n<li><a href=\"https:\/\/fenomenum.com.br\/documentos\/brasil\/prato\/Opera\u00e7\u00e3o Prato - 03.02.05 - Registro de Caso 9.pdf\" target=\"_blank\" rel=\"noopener\">Opera\u00e7\u00e3o Prato &#8211; 03.02.05 &#8211; Registro de Caso 9 &#8211; (FAB &#8211; 1\u00ba COMAR) &#8211; [4.00 MB &#8211; 9 p\u00e1ginas]<\/a><\/li>\n<li><a href=\"https:\/\/fenomenum.com.br\/documentos\/brasil\/prato\/Opera\u00e7\u00e3o Prato - 03.02.06 - Relat\u00f3rio Adicional 1.pdf\" target=\"_blank\" rel=\"noopener\">Opera\u00e7\u00e3o Prato &#8211; 03.02.06 &#8211; Relat\u00f3rio Adicional 1 &#8211; (FAB &#8211; 1\u00ba COMAR) &#8211; [3.02 MB &#8211; 6 p\u00e1ginas]<\/a><\/li>\n<li><a href=\"https:\/\/fenomenum.com.br\/documentos\/brasil\/prato\/Opera\u00e7\u00e3o Prato - 03.02.07 - Relat\u00f3rio Adicional 2.pdf\" target=\"_blank\" rel=\"noopener\">Opera\u00e7\u00e3o Prato &#8211; 03.02.07 &#8211; Relat\u00f3rio Adicional 2 &#8211; (FAB &#8211; 1\u00ba COMAR) &#8211; [412 KB &#8211; 1 p\u00e1gina]<\/a><\/li>\n<li><a href=\"https:\/\/fenomenum.com.br\/documentos\/brasil\/prato\/Opera\u00e7\u00e3o Prato - 03.02.08 - Relat\u00f3rio Adicional 3.pdf\" target=\"_blank\" rel=\"noopener\">Opera\u00e7\u00e3o Prato &#8211; 03.02.08 &#8211; Relat\u00f3rio Adicional 3 &#8211; (FAB &#8211; 1\u00ba COMAR) &#8211; [463 KB &#8211; 1 p\u00e1gina]<\/a><\/li>\n<li><a href=\"https:\/\/fenomenum.com.br\/documentos\/brasil\/prato\/Opera\u00e7\u00e3o Prato - 03.02.09 - Relat\u00f3rio Adicional 4.pdf\" target=\"_blank\" rel=\"noopener\">Opera\u00e7\u00e3o Prato &#8211; 03.02.09 &#8211; Relat\u00f3rio Adicional 4 &#8211; (FAB &#8211; 1\u00ba COMAR) &#8211; [437 KB &#8211; 1 p\u00e1gina]<\/a><\/li>\n<li><a href=\"https:\/\/fenomenum.com.br\/documentos\/brasil\/prato\/Opera\u00e7\u00e3o Prato - 04.00.00 - Folha de Ocorr\u00eancias 1.pdf\" target=\"_blank\" rel=\"noopener\">Opera\u00e7\u00e3o Prato &#8211; 04.00.00 &#8211; Folha de Ocorr\u00eancias 1 &#8211; (FAB &#8211; 1\u00ba COMAR) &#8211; [2.72 MB &#8211; 5 p\u00e1ginas]<\/a><\/li>\n<li><a href=\"https:\/\/fenomenum.com.br\/documentos\/brasil\/prato\/Opera\u00e7\u00e3o Prato - 05.00.00 - Informe Especial 1.pdf\" target=\"_blank\" rel=\"noopener\">Opera\u00e7\u00e3o Prato &#8211; 05.00.00 &#8211; Informe Especial 1 &#8211; (FAB &#8211; 1\u00ba COMAR) &#8211; [11.2 MB &#8211; 15 p\u00e1ginas]<\/a><\/li>\n<li><a href=\"https:\/\/fenomenum.com.br\/documentos\/brasil\/prato\/Opera\u00e7\u00e3o Prato - 06.00.00 - \u00d3rg\u00e3os de Informa\u00e7\u00e3o 1.pdf\" target=\"_blank\" rel=\"noopener\">Opera\u00e7\u00e3o Prato &#8211; 06.00.00 &#8211; \u00d3rg\u00e3os de Informa\u00e7\u00e3o 1 &#8211; (FAB &#8211; 1\u00ba COMAR) &#8211; [1.13 MB &#8211; 2 p\u00e1ginas]<\/a><\/li>\n<li><a href=\"https:\/\/fenomenum.com.br\/documentos\/brasil\/prato\/Opera\u00e7\u00e3o Prato - 07.01.00 - Disposi\u00e7\u00f5es Gerais 1.pdf\" target=\"_blank\" rel=\"noopener\">Opera\u00e7\u00e3o Prato &#8211; 07.01.00 &#8211; Disposi\u00e7\u00f5es Gerais 1 &#8211; (FAB &#8211; 1\u00ba COMAR) &#8211; [0.99 MB &#8211; 2 p\u00e1ginas]<\/a><\/li>\n<li><a href=\"https:\/\/fenomenum.com.br\/documentos\/brasil\/prato\/Opera\u00e7\u00e3o Prato - 07.02.00 - Relat\u00f3rio Geral 1.pdf\" target=\"_blank\" rel=\"noopener\">Opera\u00e7\u00e3o Prato &#8211; 07.02.00 &#8211; Relat\u00f3rio Geral 1 &#8211; (FAB &#8211; 1\u00ba COMAR) &#8211; [115 MB &#8211; 160 p\u00e1ginas]<\/a><\/li>\n<li><a href=\"https:\/\/fenomenum.com.br\/documentos\/brasil\/prato\/fotografias_op_prato.pdf\" target=\"_blank\" rel=\"noopener\">Fotografias da Opera\u00e7\u00e3o Prato &#8211; [683 Kb &#8211; 18 p\u00e1ginas]<\/a><\/li>\n<li><a href=\"https:\/\/fenomenum.com.br\/documentos\/brasil\/prato\/FOTOS_OP_PORTAL_BURN.pdf\" target=\"_blank\" rel=\"noopener\">Fotografias da Opera\u00e7\u00e3o Prato [BURN] &#8211; [25.7 MB &#8211; 86 p\u00e1ginas]<\/a><\/li>\n<li><a href=\"https:\/\/fenomenum.com.br\/documentos\/brasil\/prato\/Relatorio 1- Relatorio de Missao - Parte Informativa -VERSAO INEDITA.pdf\" target=\"_blank\" rel=\"noopener\">Relatorio 1- Relatorio de Missao &#8211; Parte Informativa -VERSAO INEDITA<\/a><\/li>\n<li><a href=\"https:\/\/fenomenum.com.br\/documentos\/brasil\/prato\/Relatorio 2 - Relatorio de Missao - II - Parte Informativa - VERSAO INEDITA.pdf\" target=\"_blank\" rel=\"noopener\">Relatorio 2 &#8211; Relatorio de Missao &#8211; II &#8211; Parte Informativa &#8211; VERSAO INEDITA<\/a><\/li>\n<li><a href=\"https:\/\/fenomenum.com.br\/documentos\/brasil\/prato\/Relatorio 3 - Relatorio de Missao - Umbituba.pdf\" target=\"_blank\" rel=\"noopener\">Relatorio 3 &#8211; Relatorio de Missao &#8211; Umbituba<\/a><\/li>\n<li><a href=\"https:\/\/fenomenum.com.br\/documentos\/brasil\/prato\/Relatorio 4 - Relatorio de Missao - II - Parte Operacional - VERSAO INEDITA.pdf\" target=\"_blank\" rel=\"noopener\">Relatorio 4 &#8211; Relatorio de Missao &#8211; II &#8211; Parte Operacional &#8211; VERSAO INEDITA<\/a><\/li>\n<li><a href=\"https:\/\/fenomenum.com.br\/documentos\/brasil\/prato\/Relatorio 5 - Relatorio de Pescadores.pdf\" target=\"_blank\" rel=\"noopener\">Relatorio 5 &#8211; Relatorio de Pescadores<\/a><\/li>\n<li><a href=\"https:\/\/fenomenum.com.br\/documentos\/brasil\/prato\/Relatorio 6 - Comentarios e Aspecto Psico-Social e Econamico - VERSAO ANTIGA.pdf\" target=\"_blank\" rel=\"noopener\">Relatorio 6 &#8211; Comentarios e Aspecto Psico-Social e Econamico &#8211; VERSAO ANTIGA<\/a><\/li>\n<li><a href=\"https:\/\/fenomenum.com.br\/documentos\/brasil\/prato\/Relatorio 6 - Coment\u00e1rios e Aspecto Psico-Social e Economico - VERSAO INEDITA.pdf\" target=\"_blank\" rel=\"noopener\">Relatorio 6 &#8211; Coment\u00e1rios e Aspecto Psico-Social e Economico &#8211; VERSAO INEDITA<\/a><\/li>\n<li><a href=\"https:\/\/fenomenum.com.br\/documentos\/brasil\/prato\/Relatorio 7 - Relatorio de Missao - I - Parte Informativa - VERSAO INEDITA.pdf\" target=\"_blank\" rel=\"noopener\">Relatorio 7 &#8211; Relatorio de Missao &#8211; I &#8211; Parte Informativa &#8211; VERSAO INEDITA<\/a><\/li>\n<li><a href=\"https:\/\/fenomenum.com.br\/documentos\/brasil\/prato\/Relatorio 8 - Relatorio de Missao - II - Parte Informativa - VERSAO INEDITA.pdf\" target=\"_blank\" rel=\"noopener\">Relatorio 8 &#8211; Relatorio de Missao &#8211; II &#8211; Parte Informativa &#8211; VERSAO INEDITA<\/a><\/li>\n<li><a href=\"https:\/\/fenomenum.com.br\/documentos\/brasil\/prato\/Relatorio 9 - Extra 01 - VERSAO ANTIGA.pdf\" target=\"_blank\" rel=\"noopener\">Relatorio 9 &#8211; Extra 01 &#8211; VERSAO ANTIGA<\/a><\/li>\n<li><a href=\"https:\/\/fenomenum.com.br\/documentos\/brasil\/prato\/Relatorio 9 - Extra 01 - VERSAO INEDITA.pdf\" target=\"_blank\" rel=\"noopener\">Relatorio 9 &#8211; Extra 01 &#8211; VERSAO INEDITA<\/a><\/li>\n<li><a href=\"https:\/\/fenomenum.com.br\/documentos\/brasil\/prato\/Relatorio 10 - Extra 02 - VERSAO ANTIGA.pdf\" target=\"_blank\" rel=\"noopener\">Relatorio 10 &#8211; Extra 02 &#8211; VERSAO ANTIGA<\/a><\/li>\n<li><a href=\"https:\/\/fenomenum.com.br\/documentos\/brasil\/prato\/Relatorio 10 - Extra 02 - VERSAO INEDITA.pdf\" target=\"_blank\" rel=\"noopener\">Relatorio 10 &#8211; Extra 02 &#8211; VERSAO INEDITA<\/a><\/li>\n<li><a href=\"https:\/\/fenomenum.com.br\/documentos\/brasil\/prato\/Relatorio 11 - Extra 03 - VERSAO INEDITA.pdf\" target=\"_blank\" rel=\"noopener\">Relatorio 11 &#8211; Extra 03 &#8211; VERSAO INEDITA<\/a><\/li>\n<li><a href=\"https:\/\/fenomenum.com.br\/documentos\/brasil\/prato\/Relatorio 12 - Extra 04 - VERSAO INEDITA.pdf\" target=\"_blank\" rel=\"noopener\">Relatorio 12 &#8211; Extra 04 &#8211; VERSAO INEDITA<\/a><\/li>\n<li><a href=\"https:\/\/fenomenum.com.br\/documentos\/brasil\/prato\/Relatorio 13 - Extra 05 - VERSAO INEDITA.pdf\" target=\"_blank\" rel=\"noopener\">Relatorio 13 &#8211; Extra 05 &#8211; VERSAO INEDITA<\/a><\/li>\n<li><a href=\"https:\/\/fenomenum.com.br\/documentos\/brasil\/prato\/Relatorio 14 - Extra 06 - VERSAO INEDITA.pdf\" target=\"_blank\" rel=\"noopener\">Relatorio 14 &#8211; Extra 06 &#8211; VERSAO INEDITA<\/a><\/li>\n<li><a href=\"https:\/\/fenomenum.com.br\/documentos\/brasil\/prato\/Relatorio 15 - Relatorio de Missao - Fazenda Jeju.pdf\" target=\"_blank\" rel=\"noopener\">Relatorio 15 &#8211; Relatorio de Missao &#8211; Fazenda Jeju<\/a><\/li>\n<li><a href=\"https:\/\/fenomenum.com.br\/documentos\/brasil\/prato\/Relatorio 16 - Relatorio do Agente - Fazenda Jeju - VERSAO ANTIGA.pdf\" target=\"_blank\" rel=\"noopener\">Relatorio 16 &#8211; Relatorio do Agente &#8211; Fazenda Jeju &#8211; VERSAO ANTIGA<\/a><\/li>\n<li><a href=\"https:\/\/fenomenum.com.br\/documentos\/brasil\/prato\/Relatorio 16 - Relatorio do Agente - Fazenda Jeju - VERSAO INEDITA.pdf\" target=\"_blank\" rel=\"noopener\">Relatorio 16 &#8211; Relatorio do Agente &#8211; Fazenda Jeju &#8211; VERSAO INEDITA<\/a><\/li>\n<li><a href=\"https:\/\/fenomenum.com.br\/documentos\/brasil\/prato\/Relatorio 17 - Relatorio de Missao - Partes Operacional e Informativa - Fazenda Jeju - VERSAO INEDITA.pdf\" target=\"_blank\" rel=\"noopener\">Relatorio 17 &#8211; Relatorio de Missao &#8211; Partes Operacional e Informativa &#8211; Fazenda Jeju &#8211; VERSAO INEDITA<\/a><\/li>\n<li><a href=\"https:\/\/fenomenum.com.br\/documentos\/brasil\/prato\/Relatorio 18 - Relatorio do Agente - Extra 07 - VERSAO INEDITA.pdf\" target=\"_blank\" rel=\"noopener\">Relatorio 18 &#8211; Relatorio do Agente &#8211; Extra 07 &#8211; VERSAO INEDITA<\/a><\/li>\n<li><a href=\"https:\/\/fenomenum.com.br\/documentos\/brasil\/prato\/Relatorio 19 - Relatorio do Agente - Extra 08 - VERSAO INEDITA.pdf\" target=\"_blank\" rel=\"noopener\">Relatorio 19 &#8211; Relatorio do Agente &#8211; Extra 08 &#8211; VERSAO INEDITA<\/a><\/li>\n<li><a href=\"https:\/\/fenomenum.com.br\/documentos\/brasil\/prato\/Relatorio 20 - Relatorio do Agente - Extra - VERSAO INEDITA.pdf\" target=\"_blank\" rel=\"noopener\">Relatorio 20 &#8211; Relatorio do Agente &#8211; Extra &#8211; VERSAO INEDITA<\/a><\/li>\n<li><a href=\"https:\/\/fenomenum.com.br\/documentos\/brasil\/prato\/Relatorio 21 - Relatorio do Agente - Extra 09 - VERSAO INEDITA.pdf\" target=\"_blank\" rel=\"noopener\">Relatorio 21 &#8211; Relatorio do Agente &#8211; Extra 09 &#8211; VERSAO INEDITA<\/a><\/li>\n<li><a href=\"https:\/\/fenomenum.com.br\/documentos\/brasil\/prato\/Relatorio 22 - Relatorio do Agente - Extra 10 - VERSAO INEDITA.pdf\" target=\"_blank\" rel=\"noopener\">Relatorio 22 &#8211; Relatorio do Agente &#8211; Extra 10 &#8211; VERSAO INEDITA<\/a><\/li>\n<li><a href=\"https:\/\/fenomenum.com.br\/documentos\/brasil\/prato\/Relatorio 23 - Relatorio do Agente - Extra 11 - VERSAO INEDITA.pdf\" target=\"_blank\" rel=\"noopener\">Relatorio 23 &#8211; Relatorio do Agente &#8211; Extra 11 &#8211; VERSAO INEDITA<\/a><\/li>\n<li><a href=\"https:\/\/fenomenum.com.br\/documentos\/brasil\/prato\/Relatorio 24 - Relatos Esparsos - VERSAO INEDITA.pdf\" target=\"_blank\" rel=\"noopener\">Relatorio 24 &#8211; Relatos Esparsos &#8211; VERSAO INEDITA<\/a><\/li>\n<li><a href=\"https:\/\/fenomenum.com.br\/documentos\/brasil\/prato\/Relatorio 25 - Extra 12 - VERSAO INEDITA.pdf\" target=\"_blank\" rel=\"noopener\">Relatorio 25 &#8211; Extra 12 &#8211; VERSAO INEDITA<\/a><\/li>\n<li><a href=\"https:\/\/fenomenum.com.br\/documentos\/brasil\/prato\/RELATORIO FILMES SUPER 8 - www.operacaoprato.com.pdf\" target=\"_blank\" rel=\"noopener\">RELATORIO FILMES SUPER 8 &#8211; www.operacaoprato.com<\/a><\/li>\n<li><a href=\"https:\/\/fenomenum.com.br\/documentos\/brasil\/prato\/RELATORIO MEDICO - www.operacaoprato.com.pdf\" target=\"_blank\" rel=\"noopener\">RELATORIO MEDICO &#8211; www.operacaoprato.com<\/a><\/li>\n<li><a href=\"http:\/\/www.mufon.com\/bob_pratt\/brazil.html\">http:\/\/www.mufon.com\/bob_pratt\/brazil.html<\/a><\/li>\n<li><a href=\"http:\/\/www.jornalinfinito.com.br\/materias.asp?area=21\">http:\/\/www.jornalinfinito.com.br\/materias.asp?area=21<\/a><\/li>\n<li><a href=\"http:\/\/www.geocities.com\/area51\/rampart\/2653\/injurywriteup.html\">http:\/\/www.geocities.com\/area51\/rampart\/2653\/injurywriteup.html<\/a><\/li>\n<li><a href=\"http:\/\/www.mufon.com\/bob_pratt\/dasvale.html\">http:\/\/www.mufon.com\/bob_pratt\/dasvale.html<\/a><\/li>\n<li><a href=\"http:\/\/ufo.com.br\/index.php?arquivo=notComp.php&amp;offset=2400&amp;id=492\">http:\/\/ufo.com.br\/index.php?arquivo=notComp.php&amp;offset=2400&amp;id=492<\/a><\/li>\n<li><a href=\"http:\/\/www.x-libri.ru\/elib\/arefj000\/00000087.htm\">http:\/\/www.x-libri.ru\/elib\/arefj000\/00000087.htm<\/a><\/li>\n<li><a href=\"http:\/\/www.ufo.com.br\/amazonia\/\">http:\/\/www.ufo.com.br\/amazonia\/<\/a><\/li>\n<li><a href=\"http:\/\/www.ufo.com.br\/fase4_txt4\">http:\/\/www.ufo.com.br\/fase4_txt4.php<\/a><\/li>\n<li><a href=\"http:\/\/www.ufo.com.br\/amazonia\/chupa.htm\">http:\/\/www.ufo.com.br\/amazonia\/chupa.htm<\/a><\/li>\n<li><a href=\"http:\/\/pt.wikipedia.org\/wiki\/Chupa-chupa\">http:\/\/pt.wikipedia.org\/wiki\/Chupa-chupa<\/a><\/li>\n<li><a href=\"http:\/\/redeglobo.globo.com\/Linhadireta\/0,26665,GHT0-4604-212882,00.html\">http:\/\/redeglobo.globo.com\/Linhadireta\/0,26665,GHT0-4604-212882,00.html<\/a><\/li>\n<li><a href=\"http:\/\/www.ufo.com.br\/materiaespecial\/operacaoPrato.htm\">http:\/\/www.ufo.com.br\/materiaespecial\/operacaoPrato.htm<\/a><\/li>\n<li><a href=\"http:\/\/www.ufo.com.br\/documentop\">http:\/\/www.ufo.com.br\/documentop.php<\/a><\/li>\n<li><a href=\"http:\/\/www.upupi.com.br\/\">http:\/\/www.upupi.com.br\/<\/a><\/li>\n<li><a href=\"http:\/\/www.burn.com.br\/modules.php?name=News&amp;file=article&amp;sid=316\">http:\/\/www.burn.com.br\/modules.php?name=News&amp;file=article&amp;sid=316<\/a><\/li>\n<li><a href=\"http:\/\/www.burn.com.br\/modules.php?name=News&amp;file=article&amp;sid=318\">http:\/\/www.burn.com.br\/modules.php?name=News&amp;file=article&amp;sid=318<\/a><\/li>\n<li><a href=\"http:\/\/www.upupi.com.br\/artigoedisonboaventura01.html\">http:\/\/www.upupi.com.br\/artigoedisonboaventura01.html<\/a><\/li>\n<li><a href=\"http:\/\/www.upupi.com.br\/artigoflavio9.html\">http:\/\/www.upupi.com.br\/artigoflavio9.html<\/a><\/li>\n<li><a href=\"http:\/\/www.upupi.com.br\/artigomiguelleao.html\">http:\/\/www.upupi.com.br\/artigomiguelleao.html<\/a><\/li>\n<li><a href=\"http:\/\/www.upupi.com.br\/artigoflavio.htm\">http:\/\/www.upupi.com.br\/artigoflavio.htm<\/a><\/li>\n<li><a href=\"http:\/\/www.ufo.com.br\/materiaespecial\/operacaoPrato.htm\">http:\/\/www.ufo.com.br\/materiaespecial\/operacaoPrato.htm<\/a><\/li>\n<li><a href=\"http:\/\/pt.wikipedia.org\/wiki\/Opera\u00e7\u00e3o_Prato\">http:\/\/pt.wikipedia.org\/wiki\/Opera%C3%A7%C3%A3o_Prato<\/a><\/li>\n<li><a href=\"http:\/\/www.dominiosfantasticos.xpg.com.br\/id281.htm\">http:\/\/www.dominiosfantasticos.xpg.com.br\/id281.htm<\/a><\/li>\n<li><a href=\"http:\/\/www.infa.com.br\/operacao_prato01.html\">http:\/\/www.infa.com.br\/operacao_prato01.html<\/a><\/li>\n<li><a href=\"http:\/\/www.terra.com.br\/istoe\/edicoes\/2071\/artigo144400-1.htm\">http:\/\/www.terra.com.br\/istoe\/edicoes\/2071\/artigo144400-1.htm<\/a><\/li>\n<li><a href=\"http:\/\/www.viafanzine.jor.br\/site_vf\/ufovia\/exclusivo.htm\">http:\/\/www.viafanzine.jor.br\/site_vf\/ufovia\/exclusivo.htm<\/a><\/li>\n<li><a href=\"http:\/\/www.viafanzine.jor.br\/site_vf\/ufovia\/prato.htm\">http:\/\/www.viafanzine.jor.br\/site_vf\/ufovia\/prato.htm<\/a><\/li>\n<li><a href=\"http:\/\/www.viafanzine.jor.br\/site_vf\/ufovia\/prato3.htm\">http:\/\/www.viafanzine.jor.br\/site_vf\/ufovia\/prato3.htm<\/a><\/li>\n<li><a href=\"http:\/\/www.viafanzine.jor.br\/site_vf\/ufovia\/entrevpinon1.htm\">http:\/\/www.viafanzine.jor.br\/site_vf\/ufovia\/entrevpinon1.htm<\/a><\/li>\n<li><a href=\"http:\/\/www.viafanzine.jor.br\/site_vf\/ufovia\/entrevpinon2.htm\">http:\/\/www.viafanzine.jor.br\/site_vf\/ufovia\/entrevpinon2.htm<\/a><\/li>\n<li><a href=\"http:\/\/www.viafanzine.jor.br\/site_vf\/ufovia\/entrevistas3.htm\">http:\/\/www.viafanzine.jor.br\/site_vf\/ufovia\/entrevistas3.htm<\/a><\/li>\n<li><a href=\"http:\/\/www.viafanzine.jor.br\/site_vf\/ufovia\/pesquisa.htm\">http:\/\/www.viafanzine.jor.br\/site_vf\/ufovia\/pesquisa.htm<\/a><\/li>\n<li><a href=\"http:\/\/www.viafanzine.jor.br\/site_vf\/ufovia\/casosdonorte.htm\">http:\/\/www.viafanzine.jor.br\/site_vf\/ufovia\/casosdonorte.htm<\/a><\/li>\n<li><a href=\"http:\/\/www.viafanzine.jor.br\/site_vf\/ufovia\/entrevistas4.htm\">http:\/\/www.viafanzine.jor.br\/site_vf\/ufovia\/entrevistas4.htm<\/a><\/li>\n<li><a href=\"http:\/\/interwell.sites.uol.com.br\/para.htm\">http:\/\/interwell.sites.uol.com.br\/para.htm<\/a><\/li>\n<li><a href=\"http:\/\/www.infa.com.br\/operacao_prato01.html\">http:\/\/www.infa.com.br\/operacao_prato01.html<\/a><\/li>\n<li><a href=\"http:\/\/www.mufon.com\/bob_pratt\/colares.html\">http:\/\/www.mufon.com\/bob_pratt\/colares.html<\/a><\/li>\n<li><a href=\"http:\/\/www.mufon.com\/bob_pratt\/oprato.html\">http:\/\/www.mufon.com\/bob_pratt\/oprato.html<\/a><\/li>\n<li><a href=\"http:\/\/www.mufon.com\/bob_pratt\/brazil.html\">http:\/\/www.mufon.com\/bob_pratt\/brazil.html<\/a><\/li>\n<li><a href=\"http:\/\/www.mufon.com\/bob_pratt\/hollanda.html\">http:\/\/www.mufon.com\/bob_pratt\/hollanda.html<\/a><\/li>\n<li><a href=\"http:\/\/www.mufon.com\/bob_pratt\/crabisland.html\">http:\/\/www.mufon.com\/bob_pratt\/crabisland.html<\/a><\/li>\n<li><a href=\"http:\/\/www.mundoparapsicologico.com\/196-A_Los-informes-militares-de-la-Operacion-Prato-ya-pueden-descargarse-aqui\">http:\/\/www.mundoparapsicologico.com\/196-A_Los-informes-militares-de-la-Operacion-Prato-ya-pueden-descargarse-aqui<\/a><\/li>\n<li><a href=\"http:\/\/www.ufologie.net\/htm\/colares.htm\">http:\/\/www.ufologie.net\/htm\/colares.htm<\/a><\/li>\n<li><a href=\"http:\/\/www.mundoparapsicologico.com\/Ufologia\/Listado-Articulos\">http:\/\/www.mundoparapsicologico.com\/Ufologia\/Listado-Articulos<\/a><\/li>\n<li><a href=\"http:\/\/mundo-enigmatico.blogspot.com\/2009\/05\/operacao-prato-pocos-casos-de.html\">http:\/\/mundo-enigmatico.blogspot.com\/2009\/05\/operacao-prato-pocos-casos-de.html<\/a><\/li>\n<li><a href=\"http:\/\/donmaor.blogspot.com\/\">http:\/\/donmaor.blogspot.com\/<\/a><\/li>\n<li><a href=\"http:\/\/www.abovetopsecret.com\/forum\/thread454886\/pg1\">http:\/\/www.abovetopsecret.com\/forum\/thread454886\/pg1<\/a><\/li>\n<\/ol>\n<\/li>\n<\/ol>\n<\/div>\n<\/div>\n<\/section>\n","protected":false},"excerpt":{"rendered":"<p>Chupa-chupa \u00e9 o apelido dado ao conjunto de ocorr\u00eancias que tiveram lugar em parte de Estados do Norte e Nordeste Brasileiro a partir de 1977. Caracterizava-se por um objeto voador luminoso, em alguns casos tripulados ou com manifesta\u00e7\u00e3o claramente inteligente, que focava um feixe de luz em moradores das regi\u00f5es afetadas. Estes se mostravam debilitados [&hellip;]<\/p>\n","protected":false},"author":5,"featured_media":4036,"comment_status":"open","ping_status":"open","sticky":false,"template":"","format":"standard","meta":{"inline_featured_image":false},"categories":[124,1],"tags":[],"_links":{"self":[{"href":"https:\/\/www.fenomenum.com.br\/novo\/wp-json\/wp\/v2\/posts\/4020"}],"collection":[{"href":"https:\/\/www.fenomenum.com.br\/novo\/wp-json\/wp\/v2\/posts"}],"about":[{"href":"https:\/\/www.fenomenum.com.br\/novo\/wp-json\/wp\/v2\/types\/post"}],"author":[{"embeddable":true,"href":"https:\/\/www.fenomenum.com.br\/novo\/wp-json\/wp\/v2\/users\/5"}],"replies":[{"embeddable":true,"href":"https:\/\/www.fenomenum.com.br\/novo\/wp-json\/wp\/v2\/comments?post=4020"}],"version-history":[{"count":1,"href":"https:\/\/www.fenomenum.com.br\/novo\/wp-json\/wp\/v2\/posts\/4020\/revisions"}],"predecessor-version":[{"id":7069,"href":"https:\/\/www.fenomenum.com.br\/novo\/wp-json\/wp\/v2\/posts\/4020\/revisions\/7069"}],"wp:featuredmedia":[{"embeddable":true,"href":"https:\/\/www.fenomenum.com.br\/novo\/wp-json\/wp\/v2\/media\/4036"}],"wp:attachment":[{"href":"https:\/\/www.fenomenum.com.br\/novo\/wp-json\/wp\/v2\/media?parent=4020"}],"wp:term":[{"taxonomy":"category","embeddable":true,"href":"https:\/\/www.fenomenum.com.br\/novo\/wp-json\/wp\/v2\/categories?post=4020"},{"taxonomy":"post_tag","embeddable":true,"href":"https:\/\/www.fenomenum.com.br\/novo\/wp-json\/wp\/v2\/tags?post=4020"}],"curies":[{"name":"wp","href":"https:\/\/api.w.org\/{rel}","templated":true}]}}