{"id":4164,"date":"2022-03-25T16:46:12","date_gmt":"2022-03-25T19:46:12","guid":{"rendered":"https:\/\/www.fenomenum.com.br\/?p=4164"},"modified":"2022-03-25T16:46:12","modified_gmt":"2022-03-25T19:46:12","slug":"fotografias-de-ufos-feitas-ate-1960","status":"publish","type":"post","link":"https:\/\/www.fenomenum.com.br\/novo\/fotografias-de-ufos-feitas-ate-1960\/","title":{"rendered":"Fotografias de UFOs Feitas at\u00e9 1960"},"content":{"rendered":"<p><strong>Fotografias de UFOs feitas ao redor do mundo entre 1951 e 1960.<\/strong><\/p>\n<hr \/>\n<p>&nbsp;<\/p>\n<div id=\"attachment_4182\" style=\"width: 747px\" class=\"wp-caption aligncenter\"><img aria-describedby=\"caption-attachment-4182\" loading=\"lazy\" class=\"wp-image-4182 size-full\" src=\"https:\/\/www.fenomenum.com.br\/novo\/wp-content\/uploads\/2022\/03\/lubbock.jpg\" alt=\"\" width=\"737\" height=\"518\" \/><p id=\"caption-attachment-4182\" class=\"wp-caption-text\">Lubbock, Texas [EUA]- 31 de agosto de 1951 Em 31 de agosto de 1951, v\u00e1rias pessoas na regi\u00e3o de Lubbock, no Texas, avistaram estranhas luzes que cruzavam os c\u00e9us da regi\u00e3o. Eram v\u00e1rias luzes que voavam em forma\u00e7\u00e3o em completo sil\u00eancio. Algumas pessoas conseguiram fotografar estas luzes.<\/p><\/div>\n<div id=\"attachment_4168\" style=\"width: 322px\" class=\"wp-caption aligncenter\"><img aria-describedby=\"caption-attachment-4168\" loading=\"lazy\" class=\"wp-image-4168 size-full\" src=\"https:\/\/www.fenomenum.com.br\/novo\/wp-content\/uploads\/2022\/03\/fo19502.jpg\" alt=\"\" width=\"312\" height=\"326\" \/><p id=\"caption-attachment-4168\" class=\"wp-caption-text\">Riverside, Calif\u00f3rnia [EUA] &#8211; 23 de novembro de 1951 Foto feita por Guy Marguand em Riverside, Calif\u00f3rnia (EUA) em 23 de novembro de 1951.<\/p><\/div>\n<div id=\"attachment_4171\" style=\"width: 590px\" class=\"wp-caption aligncenter\"><img aria-describedby=\"caption-attachment-4171\" loading=\"lazy\" class=\"wp-image-4171 size-full\" src=\"https:\/\/www.fenomenum.com.br\/novo\/wp-content\/uploads\/2022\/03\/fo195012.jpg\" alt=\"\" width=\"580\" height=\"435\" \/><p id=\"caption-attachment-4171\" class=\"wp-caption-text\">Cor\u00e9ia do Norte &#8211; 1952 Fotografias obtidas por pilotos militares durante a Guerra da Cor\u00e9ia. O comandante da esquadrilha, Tenente McCarthy, foi quem primeiro avistou o objeto. Em seguida o outro piloto da esquadrilha tamb\u00e9m avistou o objeto.<\/p><\/div>\n<p>&nbsp;<\/p>\n<div id=\"attachment_4172\" style=\"width: 590px\" class=\"wp-caption aligncenter\"><img aria-describedby=\"caption-attachment-4172\" loading=\"lazy\" class=\"wp-image-4172 size-full\" src=\"https:\/\/www.fenomenum.com.br\/novo\/wp-content\/uploads\/2022\/03\/fo195014.jpg\" alt=\"\" width=\"580\" height=\"435\" \/><p id=\"caption-attachment-4172\" class=\"wp-caption-text\">Cor\u00e9ia do Norte &#8211; 1952 Fotografias obtidas por pilotos militares durante a Guerra da Cor\u00e9ia. O comandante da esquadrilha, Tenente McCarthy, foi quem primeiro avistou o objeto. Em seguida o outro piloto da esquadrilha tamb\u00e9m avistou o objeto.<\/p><\/div>\n<p>&nbsp;<\/p>\n<div id=\"attachment_4173\" style=\"width: 435px\" class=\"wp-caption aligncenter\"><img aria-describedby=\"caption-attachment-4173\" loading=\"lazy\" class=\"wp-image-4173 size-full\" src=\"https:\/\/www.fenomenum.com.br\/novo\/wp-content\/uploads\/2022\/03\/fo195016.jpg\" alt=\"\" width=\"425\" height=\"580\" \/><p id=\"caption-attachment-4173\" class=\"wp-caption-text\">Passaic, Nova Jersei, Estados Unidos &#8211; 29 de julho de 1952 Fotografia obtida por George Stock em Passaic, Nova J\u00e9rsei, Estados Unidos. Ele trabalhava no quintal de sua casa quando o objeto apareceu.<\/p><\/div>\n<p>&nbsp;<\/p>\n<div id=\"attachment_4184\" style=\"width: 439px\" class=\"wp-caption aligncenter\"><img aria-describedby=\"caption-attachment-4184\" loading=\"lazy\" class=\"wp-image-4184 size-full\" src=\"https:\/\/www.fenomenum.com.br\/novo\/wp-content\/uploads\/2022\/03\/PicHist6a.jpg\" alt=\"\" width=\"429\" height=\"580\" \/><p id=\"caption-attachment-4184\" class=\"wp-caption-text\">Passaic, Nova Jersei, Estados Unidos &#8211; 29 de julho de 1952 Fotografia obtida por George Stock em Passaic, Nova J\u00e9rsei, Estados Unidos. Ele trabalhava no quintal de sua casa quando o objeto apareceu.<\/p><\/div>\n<p>&nbsp;<\/p>\n<div id=\"attachment_4165\" style=\"width: 590px\" class=\"wp-caption aligncenter\"><img aria-describedby=\"caption-attachment-4165\" loading=\"lazy\" class=\"wp-image-4165 size-full\" src=\"https:\/\/www.fenomenum.com.br\/novo\/wp-content\/uploads\/2022\/03\/chauv01.jpg\" alt=\"\" width=\"580\" height=\"371\" \/><p id=\"caption-attachment-4165\" class=\"wp-caption-text\">Lac Chauvet, Fran\u00e7a &#8211; 18 de julho de 1952 Fotografia de UFO obtida em Lac Chauvet, Fran\u00e7a, em 18 de julho de 1952.<\/p><\/div>\n<p>&nbsp;<\/p>\n<div id=\"attachment_4166\" style=\"width: 590px\" class=\"wp-caption aligncenter\"><img aria-describedby=\"caption-attachment-4166\" loading=\"lazy\" class=\"wp-image-4166 size-full\" src=\"https:\/\/www.fenomenum.com.br\/novo\/wp-content\/uploads\/2022\/03\/chauv02.jpg\" alt=\"\" width=\"580\" height=\"327\" \/><p id=\"caption-attachment-4166\" class=\"wp-caption-text\">Lac Chauvet, Fran\u00e7a &#8211; 18 de julho de 1952 Fotografia de UFO obtida em Lac Chauvet, Fran\u00e7a, em 18 de julho de 1952.<\/p><\/div>\n<p>&nbsp;<\/p>\n<div id=\"attachment_4167\" style=\"width: 368px\" class=\"wp-caption aligncenter\"><img aria-describedby=\"caption-attachment-4167\" loading=\"lazy\" class=\"wp-image-4167 size-full\" src=\"https:\/\/www.fenomenum.com.br\/novo\/wp-content\/uploads\/2022\/03\/chauv03.jpg\" alt=\"\" width=\"358\" height=\"562\" \/><p id=\"caption-attachment-4167\" class=\"wp-caption-text\">Lac Chauvet, Fran\u00e7a &#8211; 18 de julho de 1952 Fotografia de UFO obtida em Lac Chauvet, Fran\u00e7a, em 18 de julho de 1952.<\/p><\/div>\n<p>&nbsp;<\/p>\n<div id=\"attachment_4169\" style=\"width: 336px\" class=\"wp-caption aligncenter\"><img aria-describedby=\"caption-attachment-4169\" loading=\"lazy\" class=\"wp-image-4169 size-full\" src=\"https:\/\/www.fenomenum.com.br\/novo\/wp-content\/uploads\/2022\/03\/fo19504.jpg\" alt=\"\" width=\"326\" height=\"208\" \/><p id=\"caption-attachment-4169\" class=\"wp-caption-text\">Villares del Saz, Cuenca, Peru &#8211; Data Desconhecida Villares del Saz &#8211; Cuenca, Peru &#8211; Dados sobre autoria e data especifica s\u00e3o desconhecidos<\/p><\/div>\n<p>&nbsp;<\/p>\n<p>&nbsp;<\/p>\n<div id=\"attachment_4174\" style=\"width: 840px\" class=\"wp-caption aligncenter\"><img aria-describedby=\"caption-attachment-4174\" loading=\"lazy\" class=\"wp-image-4174 size-large\" src=\"https:\/\/www.fenomenum.com.br\/novo\/wp-content\/uploads\/2022\/03\/fo195018-830x1024.jpg\" alt=\"\" width=\"830\" height=\"1024\" \/><p id=\"caption-attachment-4174\" class=\"wp-caption-text\">Curitiba, Paran\u00e1, Brasil &#8211; 14 de dezembro de 1954 Fotografia obtida em Curitiba (PR), em 14 de dezembro de 1954. A fotografia foi obtida na esquina da av. Marechal Deodoro com a Rua Monsenhor Celso. Na parte de baixo da fotografia observa-se a fachada do edif\u00edcio Pugsley.<\/p><\/div>\n<p>&nbsp;<\/p>\n<div id=\"attachment_4175\" style=\"width: 458px\" class=\"wp-caption aligncenter\"><img aria-describedby=\"caption-attachment-4175\" loading=\"lazy\" class=\"wp-image-4175 size-full\" src=\"https:\/\/www.fenomenum.com.br\/novo\/wp-content\/uploads\/2022\/03\/fo195020.jpg\" alt=\"\" width=\"448\" height=\"310\" \/><p id=\"caption-attachment-4175\" class=\"wp-caption-text\">Nova York, NY &#8211; 15 de maio de 1955<\/p><\/div>\n<p>&nbsp;<\/p>\n<div id=\"attachment_4176\" style=\"width: 590px\" class=\"wp-caption aligncenter\"><img aria-describedby=\"caption-attachment-4176\" loading=\"lazy\" class=\"wp-image-4176 size-full\" src=\"https:\/\/www.fenomenum.com.br\/novo\/wp-content\/uploads\/2022\/03\/fo195022.jpg\" alt=\"\" width=\"580\" height=\"402\" \/><p id=\"caption-attachment-4176\" class=\"wp-caption-text\">Rio de Janeiro, RJ &#8211; ver\u00e3o de 1956 Esta fotografia foi obtida por um turista no Rio de Janeiro. A imagem foi analisada pela ICUFON e foi considerada como aut\u00eantica.<\/p><\/div>\n<p>&nbsp;<\/p>\n<p>&nbsp;<\/p>\n<div id=\"attachment_4170\" style=\"width: 470px\" class=\"wp-caption aligncenter\"><img aria-describedby=\"caption-attachment-4170\" loading=\"lazy\" class=\"wp-image-4170 size-full\" src=\"https:\/\/www.fenomenum.com.br\/novo\/wp-content\/uploads\/2022\/03\/fo19506.jpg\" alt=\"\" width=\"460\" height=\"276\" \/><p id=\"caption-attachment-4170\" class=\"wp-caption-text\">Kaimoku, Honolulu, Hawai &#8211; 5 de mar\u00e7o de 1956 Fotografia obtida por Willian L. Wannall, em Kaimuku, Honolulu, Hava\u00ed. Na ocasi\u00e3o foram observados tr\u00eas objetos luminosos que sobrevoaram a regi\u00e3o.<\/p><\/div>\n<p>&nbsp;<\/p>\n<div id=\"attachment_4177\" style=\"width: 581px\" class=\"wp-caption aligncenter\"><img aria-describedby=\"caption-attachment-4177\" loading=\"lazy\" class=\"wp-image-4177 size-full\" src=\"https:\/\/www.fenomenum.com.br\/novo\/wp-content\/uploads\/2022\/03\/fo195024.jpg\" alt=\"\" width=\"571\" height=\"394\" \/><p id=\"caption-attachment-4177\" class=\"wp-caption-text\">McCleod, Alberta, Canad\u00e1 &#8211; 27 de agosto de 1956 Fotografia obtida pelo piloto de ca\u00e7a F-86 Sabrejet, T. J. Childerhose, durante um v\u00f4o sobre a regi\u00e3o de McCleod, em Alberta, no Canad\u00e1.<\/p><\/div>\n<p>&nbsp;<\/p>\n<div id=\"attachment_4180\" style=\"width: 590px\" class=\"wp-caption aligncenter\"><img aria-describedby=\"caption-attachment-4180\" loading=\"lazy\" class=\"wp-image-4180 size-full\" src=\"https:\/\/www.fenomenum.com.br\/novo\/wp-content\/uploads\/2022\/03\/fo195030.jpg\" alt=\"\" width=\"580\" height=\"464\" \/><p id=\"caption-attachment-4180\" class=\"wp-caption-text\">Base A\u00e9rea de Edwards, Calif\u00f3rnia, Estados Unidos &#8211; setembro de 1957 Fotografia obtida por um piloto de testes nas proximidades da Base A\u00e9rea de Edwards, na Calif\u00f3rnia. O objeto somente foi constatado ap\u00f3s a revela\u00e7\u00e3o da fotografia.<\/p><\/div>\n<p>&nbsp;<\/p>\n<div id=\"attachment_4178\" style=\"width: 562px\" class=\"wp-caption aligncenter\"><img aria-describedby=\"caption-attachment-4178\" loading=\"lazy\" class=\"wp-image-4178 size-full\" src=\"https:\/\/www.fenomenum.com.br\/novo\/wp-content\/uploads\/2022\/03\/fo195026.jpg\" alt=\"\" width=\"552\" height=\"379\" \/><p id=\"caption-attachment-4178\" class=\"wp-caption-text\">Base A\u00e9rea de Holloman, Novo M\u00e9xico, Estados Unidos &#8211; 16 de outubro de 1957 Fotografia obtida por Ella Fortune, nas proximidades da Base A\u00e9rea de Holloman, no Novo M\u00e9xico, Estados Unidos. Ela dirigia pela rodovia 54 quando avistou e fotografou o objeto.<\/p><\/div>\n<p>&nbsp;<\/p>\n<div id=\"attachment_4179\" style=\"width: 590px\" class=\"wp-caption aligncenter\"><img aria-describedby=\"caption-attachment-4179\" loading=\"lazy\" class=\"wp-image-4179 size-full\" src=\"https:\/\/www.fenomenum.com.br\/novo\/wp-content\/uploads\/2022\/03\/fo195028.jpg\" alt=\"\" width=\"580\" height=\"558\" \/><p id=\"caption-attachment-4179\" class=\"wp-caption-text\">Base A\u00e9rea de Holloman, Novo M\u00e9xico, Estados Unidos &#8211; 16 de outubro de 1957 Fotografia obtida por Ella Fortune, nas proximidades da Base A\u00e9rea de Holloman, no Novo M\u00e9xico, Estados Unidos. Ela dirigia pela rodovia 54 quando avistou e fotografou o objeto.<\/p><\/div>\n<p>&nbsp;<\/p>\n<div id=\"attachment_4181\" style=\"width: 252px\" class=\"wp-caption aligncenter\"><img aria-describedby=\"caption-attachment-4181\" loading=\"lazy\" class=\"wp-image-4181 size-full\" src=\"https:\/\/www.fenomenum.com.br\/novo\/wp-content\/uploads\/2022\/03\/fo195032.gif\" alt=\"\" width=\"242\" height=\"367\" \/><p id=\"caption-attachment-4181\" class=\"wp-caption-text\">Waikiki, Hava\u00ed &#8211; 18 de junho de 1959 Fotografia obtida pelo turista Joseph Sigel em Waikiki, no Hava\u00ed.<\/p><\/div>\n<p>&nbsp;<\/p>\n<div id=\"attachment_4185\" style=\"width: 1034px\" class=\"wp-caption aligncenter\"><img aria-describedby=\"caption-attachment-4185\" loading=\"lazy\" class=\"wp-image-4185 size-large\" src=\"https:\/\/www.fenomenum.com.br\/novo\/wp-content\/uploads\/2022\/03\/trinda10-1024x743.gif\" alt=\"\" width=\"1024\" height=\"743\" \/><p id=\"caption-attachment-4185\" class=\"wp-caption-text\">Ilha de Trindade, Litoral do Esp\u00edrito Santo &#8211; 16 de janeiro de 1958 Fotografias obtidas pelo fot\u00f3grafo Almiro Bara\u00fana a bordo do navio escola Almirante Saldanha, da Marinha Brasileira, na Ilha de Trindade.<\/p><\/div>\n<p>&nbsp;<\/p>\n<div id=\"attachment_4186\" style=\"width: 886px\" class=\"wp-caption aligncenter\"><img aria-describedby=\"caption-attachment-4186\" loading=\"lazy\" class=\"wp-image-4186 size-full\" src=\"https:\/\/www.fenomenum.com.br\/novo\/wp-content\/uploads\/2022\/03\/trinda12.gif\" alt=\"\" width=\"876\" height=\"633\" \/><p id=\"caption-attachment-4186\" class=\"wp-caption-text\">Ilha de Trindade, Litoral do Esp\u00edrito Santo &#8211; 16 de janeiro de 1958 Fotografias obtidas pelo fot\u00f3grafo Almiro Bara\u00fana a bordo do navio escola Almirante Saldanha, da Marinha Brasileira, na Ilha de Trindade.<\/p><\/div>\n<p>&nbsp;<\/p>\n<div id=\"attachment_4188\" style=\"width: 880px\" class=\"wp-caption aligncenter\"><img aria-describedby=\"caption-attachment-4188\" loading=\"lazy\" class=\"wp-image-4188 size-full\" src=\"https:\/\/www.fenomenum.com.br\/novo\/wp-content\/uploads\/2022\/03\/trinda14.gif\" alt=\"\" width=\"870\" height=\"633\" \/><p id=\"caption-attachment-4188\" class=\"wp-caption-text\">Ilha de Trindade, Litoral do Esp\u00edrito Santo &#8211; 16 de janeiro de 1958 Fotografias obtidas pelo fot\u00f3grafo Almiro Bara\u00fana a bordo do navio escola Almirante Saldanha, da Marinha Brasileira, na Ilha de Trindade.<\/p><\/div>\n<p>&nbsp;<\/p>\n<div id=\"attachment_4189\" style=\"width: 1034px\" class=\"wp-caption aligncenter\"><img aria-describedby=\"caption-attachment-4189\" loading=\"lazy\" class=\"wp-image-4189 size-large\" src=\"https:\/\/www.fenomenum.com.br\/novo\/wp-content\/uploads\/2022\/03\/trinda16-1024x745.gif\" alt=\"\" width=\"1024\" height=\"745\" \/><p id=\"caption-attachment-4189\" class=\"wp-caption-text\">Ilha de Trindade, Litoral do Esp\u00edrito Santo &#8211; 16 de janeiro de 1958 Fotografias obtidas pelo fot\u00f3grafo Almiro Bara\u00fana a bordo do navio escola Almirante Saldanha, da Marinha Brasileira, na Ilha de Trindade.<\/p><\/div>\n<p>&nbsp;<\/p>\n<div id=\"attachment_4183\" style=\"width: 1034px\" class=\"wp-caption aligncenter\"><img aria-describedby=\"caption-attachment-4183\" loading=\"lazy\" class=\"wp-image-4183 size-large\" src=\"https:\/\/www.fenomenum.com.br\/novo\/wp-content\/uploads\/2022\/03\/p1Close-1024x929.jpg\" alt=\"\" width=\"1024\" height=\"929\" \/><p id=\"caption-attachment-4183\" class=\"wp-caption-text\">Ilha de Trindade, Litoral do Esp\u00edrito Santo &#8211; 16 de janeiro de 1958 Amplia\u00e7\u00e3o do UFO fotografado por Almiro Bara\u00fana a bordo do navio escola Almirante Saldanha, da Marinha Brasileira, na Ilha de Trindade.<\/p><\/div>\n","protected":false},"excerpt":{"rendered":"<p>Fotografias de UFOs feitas ao redor do mundo entre 1951 e 1960. &nbsp; &nbsp; &nbsp; &nbsp; &nbsp; &nbsp; &nbsp; &nbsp; &nbsp; &nbsp; &nbsp; &nbsp; &nbsp; &nbsp; &nbsp; &nbsp; &nbsp; &nbsp; &nbsp; &nbsp; &nbsp; &nbsp; &nbsp; &nbsp; &nbsp; &nbsp;<\/p>\n","protected":false},"author":4,"featured_media":1492,"comment_status":"open","ping_status":"open","sticky":false,"template":"","format":"standard","meta":{"inline_featured_image":false},"categories":[129,110],"tags":[],"_links":{"self":[{"href":"https:\/\/www.fenomenum.com.br\/novo\/wp-json\/wp\/v2\/posts\/4164"}],"collection":[{"href":"https:\/\/www.fenomenum.com.br\/novo\/wp-json\/wp\/v2\/posts"}],"about":[{"href":"https:\/\/www.fenomenum.com.br\/novo\/wp-json\/wp\/v2\/types\/post"}],"author":[{"embeddable":true,"href":"https:\/\/www.fenomenum.com.br\/novo\/wp-json\/wp\/v2\/users\/4"}],"replies":[{"embeddable":true,"href":"https:\/\/www.fenomenum.com.br\/novo\/wp-json\/wp\/v2\/comments?post=4164"}],"version-history":[{"count":0,"href":"https:\/\/www.fenomenum.com.br\/novo\/wp-json\/wp\/v2\/posts\/4164\/revisions"}],"wp:featuredmedia":[{"embeddable":true,"href":"https:\/\/www.fenomenum.com.br\/novo\/wp-json\/wp\/v2\/media\/1492"}],"wp:attachment":[{"href":"https:\/\/www.fenomenum.com.br\/novo\/wp-json\/wp\/v2\/media?parent=4164"}],"wp:term":[{"taxonomy":"category","embeddable":true,"href":"https:\/\/www.fenomenum.com.br\/novo\/wp-json\/wp\/v2\/categories?post=4164"},{"taxonomy":"post_tag","embeddable":true,"href":"https:\/\/www.fenomenum.com.br\/novo\/wp-json\/wp\/v2\/tags?post=4164"}],"curies":[{"name":"wp","href":"https:\/\/api.w.org\/{rel}","templated":true}]}}