{"id":4298,"date":"2022-03-28T11:19:42","date_gmt":"2022-03-28T14:19:42","guid":{"rendered":"https:\/\/www.fenomenum.com.br\/?p=4298"},"modified":"2025-04-21T13:26:14","modified_gmt":"2025-04-21T16:26:14","slug":"caso-francisca-de-assis","status":"publish","type":"post","link":"https:\/\/www.fenomenum.com.br\/novo\/caso-francisca-de-assis\/","title":{"rendered":"Caso Francisca de Assis"},"content":{"rendered":"<p style=\"padding-left: 40px;\"><strong>Um interessante caso de tentativa de abdu\u00e7\u00e3o envolvendo a sitiante Francisca de Assis, de Santa Cruz (RN), ocorrido em 27 de abril de 1979.<\/strong><\/p>\n<hr \/>\n<p>O interior do Rio Grande do Norte, destaca-se pela quantidade e profundidade de casos ufol\u00f3gicos, quase sempre de comportamento nocivo ou hostil. A regi\u00e3o de Santa Cruz, na regi\u00e3o centro sul do estado, parece ser uma das \u00e1reas com maior incid\u00eancia deste tipo de ocorr\u00eancia. Nesta localidade, v\u00e1rios agricultores [Januncio, Beato, Mois\u00e9s Campelo] sofreram ass\u00e9dio do \u201caparelho\u201d, nome dado ao misterioso objeto que assusta e muitas vezes ataca sitiantes locais. Em um destes casos, duas mulheres, m\u00e3e e filha passaram por uma aterrorizante experi\u00eancia.<\/p>\n<p>Na noite de 27 de janeiro de 1979, Francisca Bispo de Assis, e sua filha Josefa, na ocasi\u00e3o com 13 anos, foram visitar vizinhos, nas proximidades do S\u00edtio Timba\u00faba, alguns quil\u00f4metros ao norte de Campo Redondo, Rio Grande do Norte. Por volta das 23 horas elas iniciaram o caminho de volta para a casa.<\/p>\n<p style=\"padding-left: 40px;\"><em>\u201cN\u00f3s est\u00e1vamos voltando para casa e eu falei para a Josefa caminhar na minha frente, pela trilha no mato. Quando ela me obedeceu, eu vi uma luz enorme acima do morro e gritei: \u2018\u00e9 o bicho, \u00e9 o bicho. Corra\u2019.<\/em><\/p>\n<p style=\"padding-left: 40px;\"><em>Aquilo era como uma estrela, mas de repente come\u00e7ou a aumentar de tamanho e a chegar mais perto da gente. Quando aquilo veio bem pertinho, era como um fogo grande, at\u00e9 maior do que um guarda sol aberto. E quando aquilo se moveu para perto do ch\u00e3o, atirou um raio de luz para baixo\u201d.<\/em><\/p>\n<p style=\"padding-left: 40px;\"><em>Josefa, ao ver o estranho objeto gritou para a m\u00e3e correr, mas j\u00e1 era tarde. Ela sentiu-se presa pela luz emitida pelo objeto luminoso.<\/em><\/p>\n<p style=\"padding-left: 40px;\"><em>\u201cJosefa disse: \u2018m\u00e3e, vamos correr!\u2019 Mas de repente o bicho tinha me pegado no raio de luz. Eu comecei a levantar do ch\u00e3o e Josefa me agarrou, me puxando pra baixo. Eu falei: \u2018V\u00e1 embora, porque o bicho me pegou! Corra e se Salve!\u2019. Assim que ela se foi, de repente um vento forte me atingiu. Vinha do bicho e come\u00e7ou a me puxar na dire\u00e7\u00e3o da luz. Era como um vendaval e eu senti muito frio. Enrolou meu vestido at\u00e9 a cintura, e meus p\u00e9s n\u00e3o tocavam mais o ch\u00e3o.<\/em><\/p>\n<p style=\"padding-left: 40px;\"><em>Dava pra ver minha sombra no ch\u00e3o. Meu corpo inteiro estava na luz e eu fiquei apavorada. Sentia que estava no meio de um forte tornado. O tempo todo a luz e o vento me puxavam do ch\u00e3o. Eu j\u00e1 estava a uns 20 metros acima do solo e subindo a colina, na dire\u00e7\u00e3o do bicho. Meu corpo estava amortecido. N\u00e3o sentia nada. Estava chorando e morrendo de medo de que o bicho me levasse embora e nunca mais me trouxesse de volta.<\/em><\/p>\n<p style=\"padding-left: 40px;\"><em>Fui carregada no ar uns 40 metros na dire\u00e7\u00e3o do bicho, e de repente o vento parou e me baixou at\u00e9 o solo de novo. O corpo inteiro formigava. Eu n\u00e3o sentia mais nada. Estava muito assustada e rezando para Deus me ajudar. A luz permaneceu encima da colina por alguns segundos, balan\u00e7ando para frente e para tr\u00e1s, e depois foi embora. Eu estava com tanto medo que nem vi por onde ela foi\u201d.<\/em><\/p>\n<p>&nbsp;<\/p>\n<p>Francisca, hist\u00e9rica, correu para sua casa, situada nas proximidades, onde sua filha e o resto da fam\u00edlia que l\u00e1 estava assistiam tudo pela janela, com medo de sair para ajudar. No dia seguinte, Francisca ainda sentia seu corpo paralisado, situa\u00e7\u00e3o essa que perdurou at\u00e9 o dia seguinte. Al\u00e9m disso, ela teve fortes dores de cabe\u00e7a por v\u00e1rios dias. Ela tamb\u00e9m apresentou um trauma emocional, ficando com muito medo de sair de casa \u00e0 noite, mesmo que para ir a poucos metros a frente de sua casa.<\/p>\n<p>Comparando o depoimento de Francisca, sua filha Josefa com outros da regi\u00e3o, notam-se algumas similaridades e detalhes interessantes. Francisca declarou que a luz era quente, apesar do centro soprando o tempo todo. Justamente na parte onde a luz incidia, dos quadris para baixo, ela sentia calor, enquanto que dos quadris para cima ela sentia frio. Essa estranha varia\u00e7\u00e3o de frio e calor \u00e9 uma constante nos casos de natureza agressiva ocorridos tanto no Rio Grande do Norte, quanto em estados vizinhos.<\/p>\n<p>\u201cN\u00e3o senti nada. Agarrei o bra\u00e7o de minha m\u00e3e e puxei-a para baixo, mas n\u00e3o senti nada. Achei que iam leva-la embora\u201d, declarou ao uf\u00f3logo Bob Pratt.<\/p>\n<div id=\"attachment_4300\" style=\"width: 211px\" class=\"wp-caption aligncenter\"><img aria-describedby=\"caption-attachment-4300\" loading=\"lazy\" class=\"wp-image-4300 size-full\" src=\"https:\/\/www.fenomenum.com.br\/novo\/wp-content\/uploads\/2022\/03\/fej.jpg\" alt=\"\" width=\"201\" height=\"300\" \/><p id=\"caption-attachment-4300\" class=\"wp-caption-text\">Francisca e sua filha Josefa, no local onde o caso ocorreu<\/p><\/div>\n<p>&nbsp;<\/p>\n<div id=\"attachment_4301\" style=\"width: 215px\" class=\"wp-caption aligncenter\"><img aria-describedby=\"caption-attachment-4301\" loading=\"lazy\" class=\"wp-image-4301 size-full\" src=\"https:\/\/www.fenomenum.com.br\/novo\/wp-content\/uploads\/2022\/03\/francisca.jpg\" alt=\"\" width=\"205\" height=\"300\" \/><p id=\"caption-attachment-4301\" class=\"wp-caption-text\">Francisca apontando para o local onde o objeto pairava<\/p><\/div>\n<p>&nbsp;<\/p>\n<div id=\"attachment_4162\" style=\"width: 370px\" class=\"wp-caption aligncenter\"><img aria-describedby=\"caption-attachment-4162\" loading=\"lazy\" class=\"wp-image-4162 size-full\" src=\"https:\/\/www.fenomenum.com.br\/novo\/wp-content\/uploads\/2022\/03\/rgnorte-1.jpg\" alt=\"\" width=\"360\" height=\"277\" \/><p id=\"caption-attachment-4162\" class=\"wp-caption-text\">Mapa do estado do Rio Grande do Norte, com indica\u00e7\u00e3o das cidades com maior quantidade de casos ufol\u00f3gicos<\/p><\/div>\n<p>&nbsp;<\/p>\n<div id=\"attachment_4130\" style=\"width: 265px\" class=\"wp-caption aligncenter\"><img aria-describedby=\"caption-attachment-4130\" loading=\"lazy\" class=\"wp-image-4130 size-full\" src=\"https:\/\/www.fenomenum.com.br\/novo\/wp-content\/uploads\/2022\/03\/bra12-1.jpg\" alt=\"\" width=\"255\" height=\"319\" \/><p id=\"caption-attachment-4130\" class=\"wp-caption-text\">Bob Pratt, pesquisador original do caso<\/p><\/div>\n<p>&nbsp;<\/p>\n<div id=\"attachment_4161\" style=\"width: 190px\" class=\"wp-caption aligncenter\"><img aria-describedby=\"caption-attachment-4161\" loading=\"lazy\" class=\"wp-image-4161 size-full\" src=\"https:\/\/www.fenomenum.com.br\/novo\/wp-content\/uploads\/2022\/03\/Lv-14_G-3.jpg\" alt=\"\" width=\"180\" height=\"253\" \/><p id=\"caption-attachment-4161\" class=\"wp-caption-text\">Livros de Bob Pratt abordando o caso<\/p><\/div>\n<h2><\/h2>\n<h2>Refer\u00eancias:<\/h2>\n<hr \/>\n<ul>\n<li>PRATT, Bob. Perigo Alien\u00edgena no Brasil. Tradu\u00e7\u00e3o de Marcos Malvezzi Leal. Campo Grande: CBPDV, 2003.<\/li>\n<li>PRATT, Bob. Casu\u00edstica nordestina. Revista UFO, Campo Grande, n\u00ba 19, p. 20-22, mar\u00e7o\/abril 1992.<\/li>\n<li><a href=\"http:\/\/www.infra.org.pl\/fenomen-ufo\/ufo-fenomeny-i-fakty\/319-niebezpieczne-spotkania-z-ufo\" target=\"_blank\" rel=\"noopener\">http:\/\/www.infra.org.pl\/fenomen-ufo\/ufo-fenomeny-i-fakty\/319-niebezpieczne-spotkania-z-ufo<\/a><\/li>\n<li><a href=\"http:\/\/www.mufon.com\/bob_pratt\/brazil.html\" target=\"_blank\" rel=\"noopener\">http:\/\/www.mufon.com\/bob_pratt\/brazil.html<\/a><\/li>\n<li><a href=\"http:\/\/newastronomy.chez-alice.fr\/dangereuses.html\" target=\"_blank\" rel=\"noopener\">http:\/\/newastronomy.chez-alice.fr\/dangereuses.html<\/a><\/li>\n<\/ul>\n","protected":false},"excerpt":{"rendered":"<p>Um interessante caso de tentativa de abdu\u00e7\u00e3o envolvendo a sitiante Francisca de Assis, de Santa Cruz (RN), ocorrido em 27 de abril de 1979. O interior do Rio Grande do Norte, destaca-se pela quantidade e profundidade de casos ufol\u00f3gicos, quase sempre de comportamento nocivo ou hostil. A regi\u00e3o de Santa Cruz, na regi\u00e3o centro sul [&hellip;]<\/p>\n","protected":false},"author":4,"featured_media":4299,"comment_status":"open","ping_status":"open","sticky":false,"template":"","format":"standard","meta":{"inline_featured_image":false},"categories":[125,105],"tags":[],"_links":{"self":[{"href":"https:\/\/www.fenomenum.com.br\/novo\/wp-json\/wp\/v2\/posts\/4298"}],"collection":[{"href":"https:\/\/www.fenomenum.com.br\/novo\/wp-json\/wp\/v2\/posts"}],"about":[{"href":"https:\/\/www.fenomenum.com.br\/novo\/wp-json\/wp\/v2\/types\/post"}],"author":[{"embeddable":true,"href":"https:\/\/www.fenomenum.com.br\/novo\/wp-json\/wp\/v2\/users\/4"}],"replies":[{"embeddable":true,"href":"https:\/\/www.fenomenum.com.br\/novo\/wp-json\/wp\/v2\/comments?post=4298"}],"version-history":[{"count":1,"href":"https:\/\/www.fenomenum.com.br\/novo\/wp-json\/wp\/v2\/posts\/4298\/revisions"}],"predecessor-version":[{"id":6957,"href":"https:\/\/www.fenomenum.com.br\/novo\/wp-json\/wp\/v2\/posts\/4298\/revisions\/6957"}],"wp:featuredmedia":[{"embeddable":true,"href":"https:\/\/www.fenomenum.com.br\/novo\/wp-json\/wp\/v2\/media\/4299"}],"wp:attachment":[{"href":"https:\/\/www.fenomenum.com.br\/novo\/wp-json\/wp\/v2\/media?parent=4298"}],"wp:term":[{"taxonomy":"category","embeddable":true,"href":"https:\/\/www.fenomenum.com.br\/novo\/wp-json\/wp\/v2\/categories?post=4298"},{"taxonomy":"post_tag","embeddable":true,"href":"https:\/\/www.fenomenum.com.br\/novo\/wp-json\/wp\/v2\/tags?post=4298"}],"curies":[{"name":"wp","href":"https:\/\/api.w.org\/{rel}","templated":true}]}}