{"id":4303,"date":"2022-03-28T13:11:00","date_gmt":"2022-03-28T16:11:00","guid":{"rendered":"https:\/\/www.fenomenum.com.br\/?p=4303"},"modified":"2025-04-23T19:56:11","modified_gmt":"2025-04-23T22:56:11","slug":"o-caso-do-embornal","status":"publish","type":"post","link":"https:\/\/www.fenomenum.com.br\/novo\/o-caso-do-embornal\/","title":{"rendered":"O Caso do Embornal"},"content":{"rendered":"<p style=\"padding-left: 40px;\"><strong>Um dos mais importantes casos de contato imediato da Ufologia Brasileira ocorreu em Baependi, sul de Minas Gerais, em 16 de maio de 1979.<\/strong><\/p>\n<hr \/>\n<p>Um dos casos mais importantes da Ufologia Brasileira ocorreu em Baependi, sul de Minas Gerais, em 16 de maio de 1979. Nesta data, o sitiante Arlindo Gabriel dos Santos observou e fotografou o pouso de tr\u00eas objetos voadores estranhos, al\u00e9m de testemunhar o pouso de um objeto de maiores dimens\u00f5es, tripulado. O Caso do Embornal, ou Caso Baependi, \u00e9 fortemente apoiado em evid\u00eancias e ainda hoje \u00e9 objeto de estudos da Ufologia.<\/p>\n<p>Nesta se\u00e7\u00e3o, voc\u00ea encontrar\u00e1 relat\u00f3rios de pesquisa do Centro Varginhense de Pesquisas Parapsicol\u00f3gicas (CEVAPPA), da Sociedade Brasileira de Estudos de Discos Voadores (SBEDV), uma entrevista com o protagonista Arlindo Gabriel dos Santos, croquis e desenhos da testemunha e dos pesquisadores e estudos realizados no Embornal de pano, de Arlindo.<\/p>\n<div id=\"attachment_4324\" style=\"width: 810px\" class=\"wp-caption aligncenter\"><img aria-describedby=\"caption-attachment-4324\" loading=\"lazy\" class=\"wp-image-4324 size-full\" src=\"https:\/\/www.fenomenum.com.br\/novo\/wp-content\/uploads\/2022\/03\/800px-MinasGerais_Municip_Baependi.svg_-1.png\" alt=\"\" width=\"800\" height=\"642\" srcset=\"https:\/\/www.fenomenum.com.br\/novo\/wp-content\/uploads\/2022\/03\/800px-MinasGerais_Municip_Baependi.svg_-1.png 800w, https:\/\/www.fenomenum.com.br\/novo\/wp-content\/uploads\/2022\/03\/800px-MinasGerais_Municip_Baependi.svg_-1-400x321.png 400w, https:\/\/www.fenomenum.com.br\/novo\/wp-content\/uploads\/2022\/03\/800px-MinasGerais_Municip_Baependi.svg_-1-650x522.png 650w, https:\/\/www.fenomenum.com.br\/novo\/wp-content\/uploads\/2022\/03\/800px-MinasGerais_Municip_Baependi.svg_-1-250x201.png 250w, https:\/\/www.fenomenum.com.br\/novo\/wp-content\/uploads\/2022\/03\/800px-MinasGerais_Municip_Baependi.svg_-1-768x616.png 768w, https:\/\/www.fenomenum.com.br\/novo\/wp-content\/uploads\/2022\/03\/800px-MinasGerais_Municip_Baependi.svg_-1-150x120.png 150w, https:\/\/www.fenomenum.com.br\/novo\/wp-content\/uploads\/2022\/03\/800px-MinasGerais_Municip_Baependi.svg_-1-50x40.png 50w, https:\/\/www.fenomenum.com.br\/novo\/wp-content\/uploads\/2022\/03\/800px-MinasGerais_Municip_Baependi.svg_-1-100x80.png 100w, https:\/\/www.fenomenum.com.br\/novo\/wp-content\/uploads\/2022\/03\/800px-MinasGerais_Municip_Baependi.svg_-1-200x161.png 200w, https:\/\/www.fenomenum.com.br\/novo\/wp-content\/uploads\/2022\/03\/800px-MinasGerais_Municip_Baependi.svg_-1-300x241.png 300w, https:\/\/www.fenomenum.com.br\/novo\/wp-content\/uploads\/2022\/03\/800px-MinasGerais_Municip_Baependi.svg_-1-350x281.png 350w, https:\/\/www.fenomenum.com.br\/novo\/wp-content\/uploads\/2022\/03\/800px-MinasGerais_Municip_Baependi.svg_-1-450x361.png 450w, https:\/\/www.fenomenum.com.br\/novo\/wp-content\/uploads\/2022\/03\/800px-MinasGerais_Municip_Baependi.svg_-1-500x401.png 500w, https:\/\/www.fenomenum.com.br\/novo\/wp-content\/uploads\/2022\/03\/800px-MinasGerais_Municip_Baependi.svg_-1-550x441.png 550w\" sizes=\"(max-width: 800px) 100vw, 800px\" \/><p id=\"caption-attachment-4324\" class=\"wp-caption-text\">O caso ocorreu em Baependi (MG), que est\u00e1 destacado em vermelho no mapa do estado de Minas Gerais.<\/p><\/div>\n<h2><\/h2>\n<h2>Resumo do Caso<\/h2>\n<p>Por Jackson Luiz Camargo<\/p>\n<p>Em 16 de maio de 1979, por volta das 8 horas da manh\u00e3, Arlindo saiu com mais dois amigos para ca\u00e7ar no alto da serra. Na ocasi\u00e3o ele portava uma espingarda calibre 28, um rev\u00f3lver calibre 32, uma m\u00e1quina fotogr\u00e1fica Tuca e um embornal de pano com alimentos. Por volta das 16 horas, os tr\u00eas amigos encontravam-se em bosque existente em um planalto situado a 3 quil\u00f4metros da fazenda Sobrado, onde Arlindo morava.<\/p>\n<p>Eles resolveram separar-se para cobrir melhor o terreno. Arlindo atravessou uma grota e saiu em um descampado. Logo em seguida ele observou, um objeto descer muito rapidamente do c\u00e9u. O aparelho desceu atr\u00e1s de uma crista, a uns 500 metros de dist\u00e2ncia de sua posi\u00e7\u00e3o.<\/p>\n<div id=\"attachment_4344\" style=\"width: 617px\" class=\"wp-caption aligncenter\"><img aria-describedby=\"caption-attachment-4344\" loading=\"lazy\" class=\"wp-image-4344 size-full\" src=\"https:\/\/www.fenomenum.com.br\/novo\/wp-content\/uploads\/2022\/03\/figura25.jpg\" alt=\"\" width=\"607\" height=\"553\" \/><p id=\"caption-attachment-4344\" class=\"wp-caption-text\">Desenho de Jairo, irm\u00e3o de Arlindo. Mapa da regi\u00e3o com os dados referentes ao epis\u00f3dio, assinalando os locais de onde foram batidas as fotos. [cr\u00e9dito da imagem: Boletim 132\/135 &#8211; SBEDV]<\/p><\/div>\n<p>&nbsp;<\/p>\n<p>Curioso, Arlindo dirigiu-se ao local para observar melhor. Ele caminhou aproximadamente 300 metros, e logo p\u00f4de observar um objeto parado no ch\u00e3o. Ele tinha formato cil\u00edndrico e cor amarela. Tinha uma altura estimada de 1,5 m e largura aproximada de 50 cent\u00edmetros. Este cilindro apoiava-se em uma base escura um pouco mais larga. No topo do objeto havia uma esfera, com o mesmo di\u00e2metro do cilindro, que piscava alternando entre as cores vermelha e branca. Pr\u00f3ximo \u00e0 esfera haviam duas hastes, como bra\u00e7os ou asas, de cor mais escura.<\/p>\n<div id=\"attachment_4325\" style=\"width: 970px\" class=\"wp-caption aligncenter\"><img aria-describedby=\"caption-attachment-4325\" loading=\"lazy\" class=\"wp-image-4325 size-full\" src=\"https:\/\/www.fenomenum.com.br\/novo\/wp-content\/uploads\/2022\/03\/comparativo_embornal1-1.jpg\" alt=\"\" width=\"960\" height=\"354\" srcset=\"https:\/\/www.fenomenum.com.br\/novo\/wp-content\/uploads\/2022\/03\/comparativo_embornal1-1.jpg 960w, https:\/\/www.fenomenum.com.br\/novo\/wp-content\/uploads\/2022\/03\/comparativo_embornal1-1-400x148.jpg 400w, https:\/\/www.fenomenum.com.br\/novo\/wp-content\/uploads\/2022\/03\/comparativo_embornal1-1-650x240.jpg 650w, https:\/\/www.fenomenum.com.br\/novo\/wp-content\/uploads\/2022\/03\/comparativo_embornal1-1-250x92.jpg 250w, https:\/\/www.fenomenum.com.br\/novo\/wp-content\/uploads\/2022\/03\/comparativo_embornal1-1-768x283.jpg 768w, https:\/\/www.fenomenum.com.br\/novo\/wp-content\/uploads\/2022\/03\/comparativo_embornal1-1-150x55.jpg 150w, https:\/\/www.fenomenum.com.br\/novo\/wp-content\/uploads\/2022\/03\/comparativo_embornal1-1-50x18.jpg 50w, https:\/\/www.fenomenum.com.br\/novo\/wp-content\/uploads\/2022\/03\/comparativo_embornal1-1-100x37.jpg 100w, https:\/\/www.fenomenum.com.br\/novo\/wp-content\/uploads\/2022\/03\/comparativo_embornal1-1-200x74.jpg 200w, https:\/\/www.fenomenum.com.br\/novo\/wp-content\/uploads\/2022\/03\/comparativo_embornal1-1-300x111.jpg 300w, https:\/\/www.fenomenum.com.br\/novo\/wp-content\/uploads\/2022\/03\/comparativo_embornal1-1-350x129.jpg 350w, https:\/\/www.fenomenum.com.br\/novo\/wp-content\/uploads\/2022\/03\/comparativo_embornal1-1-450x166.jpg 450w, https:\/\/www.fenomenum.com.br\/novo\/wp-content\/uploads\/2022\/03\/comparativo_embornal1-1-500x184.jpg 500w, https:\/\/www.fenomenum.com.br\/novo\/wp-content\/uploads\/2022\/03\/comparativo_embornal1-1-550x203.jpg 550w, https:\/\/www.fenomenum.com.br\/novo\/wp-content\/uploads\/2022\/03\/comparativo_embornal1-1-800x295.jpg 800w\" sizes=\"(max-width: 960px) 100vw, 960px\" \/><p id=\"caption-attachment-4325\" class=\"wp-caption-text\">O primeiro aparelho observado segundo diferentes autores. A primeira, em desenho da SBEDV, a segunda de pesquisadores do CEVAPPA e a terceira elaborado pela Rede Globo, especial para o Globo Rep\u00f3rter de 1993.<\/p><\/div>\n<p>&nbsp;<\/p>\n<div id=\"attachment_4345\" style=\"width: 352px\" class=\"wp-caption aligncenter\"><img aria-describedby=\"caption-attachment-4345\" loading=\"lazy\" class=\"wp-image-4345 size-full\" src=\"https:\/\/www.fenomenum.com.br\/novo\/wp-content\/uploads\/2022\/03\/figura29.jpg\" alt=\"\" width=\"342\" height=\"185\" \/><p id=\"caption-attachment-4345\" class=\"wp-caption-text\">C\u00f3pia de contato das fotos do primeiro objeto fotografado. Infelizmente devido \u00e0 qualidade dos Boletins, originais em preto e branco, a qualidade das fotografias ficou comprometida. [cr\u00e9dito da imagem: Boletim 132\/135 &#8211; SBEDV]<\/p><\/div>\n<div id=\"attachment_4346\" style=\"width: 477px\" class=\"wp-caption aligncenter\"><img aria-describedby=\"caption-attachment-4346\" loading=\"lazy\" class=\"wp-image-4346 size-full\" src=\"https:\/\/www.fenomenum.com.br\/novo\/wp-content\/uploads\/2022\/03\/figura5.jpg\" alt=\"\" width=\"467\" height=\"307\" \/><p id=\"caption-attachment-4346\" class=\"wp-caption-text\">Amplia\u00e7\u00e3o da imagem 1 (C\u00f3pia de contato das fotos do primeiro objeto fotografado). Infelizmente devido \u00e0 qualidade dos Boletins, originais em preto e branco, a qualidade das fotografias ficou comprometida. [cr\u00e9dito da imagem: Boletim 132\/135 &#8211; SBEDV]<\/p><\/div>\n<p><div id=\"attachment_4347\" style=\"width: 476px\" class=\"wp-caption aligncenter\"><img aria-describedby=\"caption-attachment-4347\" loading=\"lazy\" class=\"wp-image-4347 size-full\" src=\"https:\/\/www.fenomenum.com.br\/novo\/wp-content\/uploads\/2022\/03\/figura6.jpg\" alt=\"\" width=\"466\" height=\"307\" \/><p id=\"caption-attachment-4347\" class=\"wp-caption-text\">Amplia\u00e7\u00e3o da imagem 2 (C\u00f3pia de contato das fotos do primeiro objeto fotografado). Infelizmente devido \u00e0 qualidade dos Boletins, originais em preto e branco, a qualidade das fotografias ficou comprometida. [cr\u00e9dito da imagem: Boletim 132\/135 &#8211; SBEDV]<\/p><\/div>Arlindo Gabriel permaneceu observando o aparelho por 2 ou 3 minutos, quando ent\u00e3o lembrou-se de sua que portava sua m\u00e1quina fotogr\u00e1fica. Ele a apanhou e obteve duas fotografias do objeto. Devido \u00e0 dist\u00e2ncia em que se encontrava, e ao fundo escuro da paisagem, o objeto \u00e9 vis\u00edvel na fotografia como uma mancha branca.<\/p>\n<p>Arlindo deixou de observar o objeto momentaneamente. Ao tentar fotografar novamente o objeto percebeu que este tinha desaparecido misteriosa e silenciosamente. Ent\u00e3o o fazendeiro resolveu investigar o lugar, caminhando at\u00e9 o local. Ele percorreu um trecho aproximado de 50 metros quando observou outro objeto que desceu e fincou-se ao ch\u00e3o, a uma dist\u00e2ncia de 46 metros da testemunha. Este aparelho tinha o formato ov\u00f3ide, com um di\u00e2metro longitudinal de aproximadamente 1 metro. Estava em posi\u00e7\u00e3o vertical e apresentava, na sua parte inferior, uma haste com uns 20 cent\u00edmetros de comprimento. Na ponta desta haste havia uma esp\u00e9cie de espada, de cor avermelhada, que fincou-se na terra. Na parte superior deste objeto havia um cilindro curto, com aproximadamente 5 cent\u00edmetros de di\u00e2metro. Sobre o cilindro girava lentamente uma h\u00e9lice (em sentido anti-hor\u00e1rio). Esta h\u00e9lice era formado por uma roda, de aproximadamente 50 cent\u00edmetros de di\u00e2metro, que apresentava 4 hastes eq\u00fcidistantes. As hastes achavam-se fixadas em um angulo de 45 graus, inclinando-se no sentido da rota\u00e7\u00e3o da roda. Arlindo fotografou este novo objeto e enquanto preparava a c\u00e2mera para obter nova fotografia ele ouviu um chiado, vindo do objeto. Ao olhar ele percebeu que no local onde o objeto estava havia agora uma fuma\u00e7a muito branca e densa, com dimens\u00f5es superiores ao do objeto observado. Arlindo fotografou a nuvem, que dissipou-se rapidamente n\u00e3o havendo tempo h\u00e1bil para uma nova fotografia. Ao dissipar-se a nuvem, o objeto havia desaparecido.<\/p>\n<div id=\"attachment_4326\" style=\"width: 970px\" class=\"wp-caption aligncenter\"><img aria-describedby=\"caption-attachment-4326\" loading=\"lazy\" class=\"wp-image-4326 size-full\" src=\"https:\/\/www.fenomenum.com.br\/novo\/wp-content\/uploads\/2022\/03\/comparativo_embornal2-1.jpg\" alt=\"\" width=\"960\" height=\"358\" srcset=\"https:\/\/www.fenomenum.com.br\/novo\/wp-content\/uploads\/2022\/03\/comparativo_embornal2-1.jpg 960w, https:\/\/www.fenomenum.com.br\/novo\/wp-content\/uploads\/2022\/03\/comparativo_embornal2-1-400x149.jpg 400w, https:\/\/www.fenomenum.com.br\/novo\/wp-content\/uploads\/2022\/03\/comparativo_embornal2-1-650x242.jpg 650w, https:\/\/www.fenomenum.com.br\/novo\/wp-content\/uploads\/2022\/03\/comparativo_embornal2-1-250x93.jpg 250w, https:\/\/www.fenomenum.com.br\/novo\/wp-content\/uploads\/2022\/03\/comparativo_embornal2-1-768x286.jpg 768w, https:\/\/www.fenomenum.com.br\/novo\/wp-content\/uploads\/2022\/03\/comparativo_embornal2-1-150x56.jpg 150w, https:\/\/www.fenomenum.com.br\/novo\/wp-content\/uploads\/2022\/03\/comparativo_embornal2-1-50x19.jpg 50w, https:\/\/www.fenomenum.com.br\/novo\/wp-content\/uploads\/2022\/03\/comparativo_embornal2-1-100x37.jpg 100w, https:\/\/www.fenomenum.com.br\/novo\/wp-content\/uploads\/2022\/03\/comparativo_embornal2-1-200x75.jpg 200w, https:\/\/www.fenomenum.com.br\/novo\/wp-content\/uploads\/2022\/03\/comparativo_embornal2-1-300x112.jpg 300w, https:\/\/www.fenomenum.com.br\/novo\/wp-content\/uploads\/2022\/03\/comparativo_embornal2-1-350x131.jpg 350w, https:\/\/www.fenomenum.com.br\/novo\/wp-content\/uploads\/2022\/03\/comparativo_embornal2-1-450x168.jpg 450w, https:\/\/www.fenomenum.com.br\/novo\/wp-content\/uploads\/2022\/03\/comparativo_embornal2-1-500x186.jpg 500w, https:\/\/www.fenomenum.com.br\/novo\/wp-content\/uploads\/2022\/03\/comparativo_embornal2-1-550x205.jpg 550w, https:\/\/www.fenomenum.com.br\/novo\/wp-content\/uploads\/2022\/03\/comparativo_embornal2-1-800x298.jpg 800w\" sizes=\"(max-width: 960px) 100vw, 960px\" \/><p id=\"caption-attachment-4326\" class=\"wp-caption-text\">O segundo aparelho observado segundo diferentes autores. A primeira, em desenho da SBEDV, a segunda de pesquisadores do CEVAPPA e a terceira elaborado pela Rede Globo, especial para o Globo Rep\u00f3rter de 1993.<\/p><\/div>\n<p>&nbsp;<\/p>\n<div id=\"attachment_4348\" style=\"width: 489px\" class=\"wp-caption aligncenter\"><img aria-describedby=\"caption-attachment-4348\" loading=\"lazy\" class=\"wp-image-4348 size-full\" src=\"https:\/\/www.fenomenum.com.br\/novo\/wp-content\/uploads\/2022\/03\/figura10.jpg\" alt=\"\" width=\"479\" height=\"258\" \/><p id=\"caption-attachment-4348\" class=\"wp-caption-text\">C\u00f3pia de contato das fotos do segundo objeto fotografado. Infelizmente devido \u00e0 qualidade dos Boletins, originais em preto e branco, a qualidade das fotografias ficou comprometida. [cr\u00e9dito da imagem: Boletim 132\/135 &#8211; SBEDV]<\/p><\/div>\n<p>&nbsp;<\/p>\n<div id=\"attachment_4305\" style=\"width: 327px\" class=\"wp-caption aligncenter\"><img aria-describedby=\"caption-attachment-4305\" loading=\"lazy\" class=\"wp-image-4305 size-full\" src=\"https:\/\/www.fenomenum.com.br\/novo\/wp-content\/uploads\/2022\/03\/foto_embornal1.jpg\" alt=\"\" width=\"317\" height=\"238\" \/><p id=\"caption-attachment-4305\" class=\"wp-caption-text\">Fotografia da estranha fuma\u00e7a branca que surgiu no local de observa\u00e7\u00e3o do segundo objeto observado por Arlindo feita pela Rede Globo especial para o Globo Rep\u00f3rter, em 1993.[imagens: Rede Globo e Ubirajara Franco Rodrigues]<\/p><\/div>\n<div id=\"attachment_4349\" style=\"width: 515px\" class=\"wp-caption aligncenter\"><img aria-describedby=\"caption-attachment-4349\" loading=\"lazy\" class=\"wp-image-4349 size-full\" src=\"https:\/\/www.fenomenum.com.br\/novo\/wp-content\/uploads\/2022\/03\/figura11.jpg\" alt=\"\" width=\"505\" height=\"334\" \/><p id=\"caption-attachment-4349\" class=\"wp-caption-text\">Amplia\u00e7\u00e3o da imagem 3 (C\u00f3pia de contato das fotos do segundo objeto fotografado). Infelizmente devido \u00e0 qualidade dos Boletins, originais em preto e branco, a qualidade das fotografias ficou comprometida. [cr\u00e9dito da imagem: Boletim 132\/135 &#8211; SBEDV]<\/p><\/div>\n<div id=\"attachment_4350\" style=\"width: 290px\" class=\"wp-caption aligncenter\"><img aria-describedby=\"caption-attachment-4350\" loading=\"lazy\" class=\"wp-image-4350 size-full\" src=\"https:\/\/www.fenomenum.com.br\/novo\/wp-content\/uploads\/2022\/03\/figura12.jpg\" alt=\"\" width=\"280\" height=\"315\" \/><p id=\"caption-attachment-4350\" class=\"wp-caption-text\">Amplia\u00e7\u00e3o da imagem 4 (C\u00f3pia de contato das fotos do segundo objeto fotografado). Infelizmente devido \u00e0 qualidade dos Boletins, originais em preto e branco, a qualidade das fotografias ficou comprometida. [cr\u00e9dito da imagem: Boletim 132\/135 &#8211; SBEDV]<\/p><\/div>\n<div id=\"attachment_4351\" style=\"width: 542px\" class=\"wp-caption aligncenter\"><img aria-describedby=\"caption-attachment-4351\" loading=\"lazy\" class=\"wp-image-4351 size-full\" src=\"https:\/\/www.fenomenum.com.br\/novo\/wp-content\/uploads\/2022\/03\/Imagem-002.jpg\" alt=\"\" width=\"532\" height=\"438\" \/><p id=\"caption-attachment-4351\" class=\"wp-caption-text\">Fotografia do segundo objeto, publicado na Revista OVNI Documento, edi\u00e7\u00e3o 5, p\u00e1g. 10.<\/p><\/div>\n<p>Intrigado com o que acabava de presenciar, Arlindo resolveu procurar seus companheiros para comentar os fatos. Ent\u00e3o ele seguiu a direita do descampado. Mal caminhou 10 metros e observou um terceiro objeto, que pousava a uns 80 metros de dist\u00e2ncia da testemunha. Este novo objeto, que pousou com certa for\u00e7a no ch\u00e3o, tinha a forma de um barril, com aproximadamente 1 metro de altura. Era listrado em vermelho e branco, tendo o topo e a base, algo em torno de 20 ou 30 cent\u00edmetros de di\u00e2metro. A base estava assentada em um cilindro escurro, com aproximadamente 25 cent\u00edmetros de altura por 15 cent\u00edmetros de di\u00e2metro. Na parte superior do cilindro, um posi\u00e7\u00e3o horizontal, havia uma h\u00e9lice que girava lentamente, em sentido anti-hor\u00e1rio. Tal aparelho balan\u00e7ava da esquerda para a direira, sobre a base, como se fosse cair. Ap\u00f3s o objeto parar est\u00e1tico no solo a h\u00e9lice tamb\u00e9m parou de movimentar-se. O corpo do objeto, apresentava um movimento curioso, aumentando e diminuindo ritimadamente a parte mais larga de seu corpo, lembrando movimentos respirat\u00f3rios. Arlindo fotografou este novo objeto por tr\u00eas vezes. A primeira mostrando o objeto em seus ultimos movimentos. A segunda e a terceira fotografia mostrando o objeto j\u00e1 est\u00e1tico no solo. O tempo entre uma fotografia e outra foi de aproximadamente 1 minuto e meio.<\/p>\n<div id=\"attachment_4327\" style=\"width: 965px\" class=\"wp-caption aligncenter\"><img aria-describedby=\"caption-attachment-4327\" loading=\"lazy\" class=\"wp-image-4327 size-full\" src=\"https:\/\/www.fenomenum.com.br\/novo\/wp-content\/uploads\/2022\/03\/comparativo3.jpg\" alt=\"\" width=\"955\" height=\"353\" \/><p id=\"caption-attachment-4327\" class=\"wp-caption-text\">O terceiro aparelho observado segundo diferentes autores. A primeira, em desenho da SBEDV, a segunda de pesquisadores do CEVAPPA e a terceira elaborado pela Rede Globo, especial para o Globo Rep\u00f3rter de 1993.<\/p><\/div>\n<p>&nbsp;<\/p>\n<div id=\"attachment_4343\" style=\"width: 732px\" class=\"wp-caption aligncenter\"><img aria-describedby=\"caption-attachment-4343\" loading=\"lazy\" class=\"wp-image-4343 size-full\" src=\"https:\/\/www.fenomenum.com.br\/novo\/wp-content\/uploads\/2022\/03\/figura18.jpg\" alt=\"\" width=\"722\" height=\"261\" \/><p id=\"caption-attachment-4343\" class=\"wp-caption-text\">Fotos 5, 6 e 7. Fotografia n\u00b05 n\u00e3o houve exposi\u00e7\u00e3o da chapa. Fotografia 6 e 7 registrando o terceiro objeto. C\u00f3pia de contato das fotos do terceiro objeto fotografado. Infelizmente devido \u00e0 qualidade dos Boletins, originais em preto e branco, a qualidade das fotografias ficou comprometida. [cr\u00e9dito da imagem: Boletim 132\/135 &#8211; SBEDV]<\/p><\/div>\n<div id=\"attachment_4307\" style=\"width: 326px\" class=\"wp-caption aligncenter\"><img aria-describedby=\"caption-attachment-4307\" loading=\"lazy\" class=\"wp-image-4307 size-full\" src=\"https:\/\/www.fenomenum.com.br\/novo\/wp-content\/uploads\/2022\/03\/foto_embornal2.jpg\" alt=\"\" width=\"316\" height=\"238\" \/><p id=\"caption-attachment-4307\" class=\"wp-caption-text\">Amplia\u00e7\u00e3o da fotografia do terceiro objeto observado por Arlindo Gabriel. [cr\u00e9dido da imagem: Rede Globo e Ubirajara Franco Rodrigues]<\/p><\/div>\n<p>&nbsp;<\/p>\n<div id=\"attachment_4329\" style=\"width: 291px\" class=\"wp-caption aligncenter\"><img aria-describedby=\"caption-attachment-4329\" loading=\"lazy\" class=\"wp-image-4329 size-full\" src=\"https:\/\/www.fenomenum.com.br\/novo\/wp-content\/uploads\/2022\/03\/figura20.jpg\" alt=\"\" width=\"281\" height=\"347\" \/><p id=\"caption-attachment-4329\" class=\"wp-caption-text\">Concep\u00e7\u00e3o art\u00edstica da h\u00e9lice do terceiro objeto. [cr\u00e9dito da imagem: Boletim 132\/135 &#8211; SBEDV]<\/p><\/div>\n<div id=\"attachment_4342\" style=\"width: 267px\" class=\"wp-caption aligncenter\"><img aria-describedby=\"caption-attachment-4342\" loading=\"lazy\" class=\"wp-image-4342 size-full\" src=\"https:\/\/www.fenomenum.com.br\/novo\/wp-content\/uploads\/2022\/03\/figura16.jpg\" alt=\"\" width=\"257\" height=\"336\" \/><p id=\"caption-attachment-4342\" class=\"wp-caption-text\">Amplia\u00e7\u00e3o da imagem 7 (C\u00f3pia de contato das fotos do terceiro objeto fotografado). Infelizmente devido \u00e0 qualidade dos Boletins, originais em preto e branco, a qualidade das fotografias ficou comprometida. [cr\u00e9dito da imagem: Boletim 132\/135 &#8211; SBEDV]<\/p><\/div>\n<p>Arlindo resolveu buscar seus companheiros, se afastando do local. Ele havia caminhado aproximadamente 10 metros, quando ouviu um barulho estranho, definido por ele como o de um motor afogado. Ao olhar na dire\u00e7\u00e3o do som, avistou um objeto bem maior do que os anteriores que desceu 10 metros \u00e0 direita do 3\u00b0 objeto. este novo objeto tinha cor cinza e formato oval, tendo entre 10 e 12 metros de di\u00e2metro. Na lateral do objeto havia uma estrutura, semelhante \u00e0 uma nadadeira. Havia tamb\u00e9m dois objetos, quadrados, de cor escura, com 50 cm de lado, que Arlindo interpretou como sendo janelas. O aparelho tinha aproximadamente 8 metros de altura, com uma haste comprida na parte superior.<\/p>\n<div id=\"attachment_4328\" style=\"width: 970px\" class=\"wp-caption aligncenter\"><img aria-describedby=\"caption-attachment-4328\" loading=\"lazy\" class=\"wp-image-4328 size-full\" src=\"https:\/\/www.fenomenum.com.br\/novo\/wp-content\/uploads\/2022\/03\/comparativo_embornal4-1.jpg\" alt=\"\" width=\"960\" height=\"282\" srcset=\"https:\/\/www.fenomenum.com.br\/novo\/wp-content\/uploads\/2022\/03\/comparativo_embornal4-1.jpg 960w, https:\/\/www.fenomenum.com.br\/novo\/wp-content\/uploads\/2022\/03\/comparativo_embornal4-1-400x118.jpg 400w, https:\/\/www.fenomenum.com.br\/novo\/wp-content\/uploads\/2022\/03\/comparativo_embornal4-1-650x191.jpg 650w, https:\/\/www.fenomenum.com.br\/novo\/wp-content\/uploads\/2022\/03\/comparativo_embornal4-1-250x73.jpg 250w, https:\/\/www.fenomenum.com.br\/novo\/wp-content\/uploads\/2022\/03\/comparativo_embornal4-1-768x226.jpg 768w, https:\/\/www.fenomenum.com.br\/novo\/wp-content\/uploads\/2022\/03\/comparativo_embornal4-1-150x44.jpg 150w, https:\/\/www.fenomenum.com.br\/novo\/wp-content\/uploads\/2022\/03\/comparativo_embornal4-1-50x15.jpg 50w, https:\/\/www.fenomenum.com.br\/novo\/wp-content\/uploads\/2022\/03\/comparativo_embornal4-1-100x29.jpg 100w, https:\/\/www.fenomenum.com.br\/novo\/wp-content\/uploads\/2022\/03\/comparativo_embornal4-1-200x59.jpg 200w, https:\/\/www.fenomenum.com.br\/novo\/wp-content\/uploads\/2022\/03\/comparativo_embornal4-1-300x88.jpg 300w, https:\/\/www.fenomenum.com.br\/novo\/wp-content\/uploads\/2022\/03\/comparativo_embornal4-1-350x103.jpg 350w, https:\/\/www.fenomenum.com.br\/novo\/wp-content\/uploads\/2022\/03\/comparativo_embornal4-1-450x132.jpg 450w, https:\/\/www.fenomenum.com.br\/novo\/wp-content\/uploads\/2022\/03\/comparativo_embornal4-1-500x147.jpg 500w, https:\/\/www.fenomenum.com.br\/novo\/wp-content\/uploads\/2022\/03\/comparativo_embornal4-1-550x162.jpg 550w, https:\/\/www.fenomenum.com.br\/novo\/wp-content\/uploads\/2022\/03\/comparativo_embornal4-1-800x235.jpg 800w\" sizes=\"(max-width: 960px) 100vw, 960px\" \/><p id=\"caption-attachment-4328\" class=\"wp-caption-text\">O quarto aparelho observado segundo diferentes autores. A primeira, em desenho da SBEDV, a segunda de pesquisadores do CEVAPPA e a terceira elaborado pela Rede Globo , especial para o Globo Rep\u00f3rter de 1993.<\/p><\/div>\n<div class=\"mceTemp\"><\/div>\n<p>Arlindo havia fotografado os objetos anteriores e sacou a m\u00e1quina para fotografar este quarto objeto. No momento em que apontou sua c\u00e2mera o objeto emitiu uma luz intensa que ofuscou sua vista, deixando-o atordoado. Assustado ele correu, ainda com a vista ofuscada, na tentativa de se afastar do objeto. Seu medo era tanto que nem pegou o bon\u00e9 e o embornal que ele havia soltado para fotografar o objeto. Nesta corrida, Arlindo p\u00f4de dar apenas alguns poucos passos. De alguma forma ele se sentiu paralisado, e assim ficou por quase um minuto. Sua vis\u00e3o foi voltando aos poucos e logo sentiu algo segurando seus bra\u00e7os. Logo percebeu que eram dois homens, baixos (aprox. 1 metro de altura), que o agarraram firmemente pelos bra\u00e7os. Assustado, Arlindo falou:<\/p>\n<p style=\"padding-left: 40px;\"><em>&#8220;- Me soltem, pelo amor de Deus&#8221;<\/em><\/p>\n<p>Nisso, o homem \u00e0 sua direita respondeu:<\/p>\n<p style=\"padding-left: 40px;\"><em>&#8220;- Em Deus n\u00f3s todos somos irm\u00e3os. N\u00f3s n\u00e3o fazemos mal \u00e0 ningu\u00e9m. Queremos apenas uma informa\u00e7\u00e3o sua&#8221;.<\/em><\/p>\n<p>Em seguida os tripulantes levaram Arlindo para o objeto ov\u00f3ide, pousado a uns 100 metros de dist\u00e2ncia. Eles pararam a uma dist\u00e2ncia de 4 metros do objeto. Nas proximidades do objeto, Arlindo sentiu frio. No alto da escadinha havia um terceiro tripulante, semelhante aos dois primeiros que comunicou-se com uma voz grossa, perguntando-o se ele havia visto uma Zurca. Arlindo responde que n\u00e3o sabia o que era isso. Em resposta o tripulante afirma que Zurca era um aparelho que eles &#8220;transmitiram de l\u00e1 para c\u00e1&#8221;, em comunica\u00e7\u00e3o, como todos os aparelhos da Terra. Ele falou, ainda, que tal aparelho tomou contato com uma &#8220;Linha Universal&#8221; que teria queimado &#8220;a linha de transmiss\u00e3o e que havia desregulado o motor de montagem e havia descido na Terra&#8221;.<\/p>\n<div id=\"attachment_4330\" style=\"width: 435px\" class=\"wp-caption aligncenter\"><img aria-describedby=\"caption-attachment-4330\" loading=\"lazy\" class=\"wp-image-4330 size-full\" src=\"https:\/\/www.fenomenum.com.br\/novo\/wp-content\/uploads\/2022\/03\/Figura22.jpg\" alt=\"\" width=\"425\" height=\"582\" \/><p id=\"caption-attachment-4330\" class=\"wp-caption-text\">Combina\u00e7\u00e3o de planta baixa e corte, do interior do Disco Voador. Desenho feito por Jairo, conforme explica\u00e7\u00e3o de Arlindo. [cr\u00e9dito da imagem: Boletim 132\/135 &#8211; SBEDV]<\/p><\/div>\n<p>Arlindo ent\u00e3o perguntou:<\/p>\n<p style=\"padding-left: 40px;\"><em>&#8211; &#8220;De onde s\u00e3o voc\u00eas?&#8221;<\/em><\/p>\n<p>Em resposta o tripulante respondeu:<\/p>\n<p style=\"padding-left: 40px;\"><em>&#8211; &#8220;N\u00f3s somos do lado de uma costa. Voc\u00ea tem estudo, tem intelig\u00eancia?&#8221;<\/em><\/p>\n<p>Arlindo respondeu negativamente. Diante de tal resposta, o tripulante estendeu a m\u00e3o \u00e0 Arlindo, ajudando-o \u00e0 entrar no aparelho. Ap\u00f3s subir os quatro degraus da escada, Arlindo viu-se dentro de uma sala circular, com 7 metros de di\u00e2metro, aproximadamente. No piso havia uma abertura na parte central, por onde Arlindo entrou. Ap\u00f3s Arlindo, os dois tripulantes que o capturaram entraram no objeto e fecharam a porta. O teto da sala era em forma de c\u00fapula, com aproximadamente 7 metros de altura. No centro da c\u00fapula havia uma l\u00e2mpada muito forte. Nas paredes haviam l\u00e2mpadas pequenas que acendiam e apagavam continuamente. Havia tamb\u00e9m, um grande indicador, semelhante \u00e0 um medidor de voltagem, com mostrador.<\/p>\n<p><div id=\"attachment_4310\" style=\"width: 327px\" class=\"wp-caption aligncenter\"><img aria-describedby=\"caption-attachment-4310\" loading=\"lazy\" class=\"wp-image-4310 size-full\" src=\"https:\/\/www.fenomenum.com.br\/novo\/wp-content\/uploads\/2022\/03\/interior_nave_embornal-1.jpg\" alt=\"\" width=\"317\" height=\"237\" srcset=\"https:\/\/www.fenomenum.com.br\/novo\/wp-content\/uploads\/2022\/03\/interior_nave_embornal-1.jpg 317w, https:\/\/www.fenomenum.com.br\/novo\/wp-content\/uploads\/2022\/03\/interior_nave_embornal-1-250x187.jpg 250w, https:\/\/www.fenomenum.com.br\/novo\/wp-content\/uploads\/2022\/03\/interior_nave_embornal-1-150x112.jpg 150w, https:\/\/www.fenomenum.com.br\/novo\/wp-content\/uploads\/2022\/03\/interior_nave_embornal-1-50x37.jpg 50w, https:\/\/www.fenomenum.com.br\/novo\/wp-content\/uploads\/2022\/03\/interior_nave_embornal-1-100x75.jpg 100w, https:\/\/www.fenomenum.com.br\/novo\/wp-content\/uploads\/2022\/03\/interior_nave_embornal-1-200x150.jpg 200w, https:\/\/www.fenomenum.com.br\/novo\/wp-content\/uploads\/2022\/03\/interior_nave_embornal-1-300x224.jpg 300w\" sizes=\"(max-width: 317px) 100vw, 317px\" \/><p id=\"caption-attachment-4310\" class=\"wp-caption-text\">Representa\u00e7\u00e3o do interior do objeto ao qual Arlindo foi levado. Feito pela Rede Globo especial para o Globo Rep\u00f3rter, em 1993.[imagens: Rede Globo e Ubirajara Franco Rodrigues]<\/p><\/div>Nesta sala havia um aparelho, com numerosas teclas. \u00c0 frente deste equipamento havia duas cadeiras ocupadas por dois tripulantes que operavam o aparelho produzindo um som de tec, tec, tec (conforme descri\u00e7\u00e3o de Arlindo). Estes seres tamb\u00e9m utilizavam uniforme e capacete. Com a entrada de Arlindo nesta sala, estes seres levantaram-se e conversaram entre si numa linguagem desconhecida para Arlindo. Em seguida, surgiu, vinda de um corredor lateral, um novo tripulante, sem capacete e aparentemente do sexo feminino, que dirigiu-se aos tripulantes com quem conversou, utilizando a mesma estranha linguagem.<\/p>\n<p>Ap\u00f3s algum tempo, a tripulante seguiu em dire\u00e7\u00e3o ao corredor. Um dos dos tripulantes que havia capturado Arlindo colocou a m\u00e3o em seu ombro indicando para que seguisse a tripulante. Arlindo, escoltado por dois tripulantes, seguiu a mo\u00e7a atrav\u00e9s de um pequeno corredor. Eles entraram em uma pequena sala onde havia um pequeno aparelho que Arlindo descreveu como semelhante \u00e0 uma geladeira, tendo 3 metros de comprimento por 1,5m de altura. Na metade superior deste aparelho haviam duas telas de formato circular. Um dos tripulantes acionou um mecanismo \u00e0 esquerda das telas que acenderam-se. A jovem tripulante, com o aux\u00edlio de uma esp\u00e9cie de varinha, explicou \u00e0 Arlindo o que era projetado nas telas. Ela mostrou a Terra, o Sol e a Lua, sempre explicando o que era sempre observado. Em dado momento, surgiu na tela uma &#8220;mancha&#8221;, cor de prata amarelada, de contorno irregular. A tripulante explicou assim o que era projetado:<\/p>\n<div id=\"attachment_4311\" style=\"width: 310px\" class=\"wp-caption aligncenter\"><img aria-describedby=\"caption-attachment-4311\" loading=\"lazy\" class=\"wp-image-4311 size-full\" src=\"https:\/\/www.fenomenum.com.br\/novo\/wp-content\/uploads\/2022\/03\/tela_nave_embornal-1.jpg\" alt=\"\" width=\"300\" height=\"130\" srcset=\"https:\/\/www.fenomenum.com.br\/novo\/wp-content\/uploads\/2022\/03\/tela_nave_embornal-1.jpg 300w, https:\/\/www.fenomenum.com.br\/novo\/wp-content\/uploads\/2022\/03\/tela_nave_embornal-1-250x108.jpg 250w, https:\/\/www.fenomenum.com.br\/novo\/wp-content\/uploads\/2022\/03\/tela_nave_embornal-1-150x65.jpg 150w, https:\/\/www.fenomenum.com.br\/novo\/wp-content\/uploads\/2022\/03\/tela_nave_embornal-1-50x22.jpg 50w, https:\/\/www.fenomenum.com.br\/novo\/wp-content\/uploads\/2022\/03\/tela_nave_embornal-1-100x43.jpg 100w, https:\/\/www.fenomenum.com.br\/novo\/wp-content\/uploads\/2022\/03\/tela_nave_embornal-1-200x87.jpg 200w\" sizes=\"(max-width: 300px) 100vw, 300px\" \/><p id=\"caption-attachment-4311\" class=\"wp-caption-text\">Representa\u00e7\u00e3o da tela do aparelho segundo Arlindo. [imagens: Rede Globo e Ubirajara Franco Rodrigues]<\/p><\/div>\n<div id=\"attachment_4331\" style=\"width: 291px\" class=\"wp-caption aligncenter\"><img aria-describedby=\"caption-attachment-4331\" loading=\"lazy\" class=\"wp-image-4331 size-full\" src=\"https:\/\/www.fenomenum.com.br\/novo\/wp-content\/uploads\/2022\/03\/Figura23.jpg\" alt=\"\" width=\"281\" height=\"321\" \/><p id=\"caption-attachment-4331\" class=\"wp-caption-text\">O aparelho, segundo um desenho de Arlindo. Em &#8220;s&#8221; os bot\u00f5es tipo sanfona; em &#8220;b&#8221;, os bot\u00f5es menores. [cr\u00e9dito da imagem: Boletim 132\/135 &#8211; SBEDV]<\/p><\/div>\n<p style=\"padding-left: 40px;\"><em>&#8211; &#8220;Aqui \u00e9 onde n\u00f3s estamos. N\u00f3s viemos aqui e voltamos em poucas horas, mas \u00e9 de acordo com a rota\u00e7\u00e3o da Terra, entre a sua pr\u00f3pria Lua e o seu pr\u00f3prio Sol&#8221;.<\/em><\/p>\n<p>Arlindo Gabriel estimou que estas explica\u00e7\u00f5es duraram aproximadamente 5 minutos. Um detalhe curioso, observado por Arlindo, \u00e9 o fato de que n\u00e3o havia sincronia entre o que era falado e o que era ouvido, ou seja, o movimento labial dos tripulantes n\u00e3o correspondia ao som ouvido. Na maioria das vezes, os tripulantes apenas abriam um pouco a boca, ao falar. Outro detalhes curioso, \u00e9 que ao falar o som n\u00e3o parecia vir da boca dos tripulantes, e sim do ambiente ao redor.<\/p>\n<p>Ao final da pequena explana\u00e7\u00e3o, um dos tripulantes retirou o capacete, desconectando inicialmente a tubula\u00e7\u00e3o ligada ao elmo. Este tripulante era semelhante \u00e0 jovem tripulante que se comunicou com Arlindo. Ele ent\u00e3o falou:<\/p>\n<p style=\"padding-left: 40px;\"><em>&#8211; &#8220;N\u00f3s somos de uma s\u00f3 mat\u00e9ria, igual \u00e0 de voc\u00ea Arlindo, do mesmo sangue, e vivemos do mesmo trabalho. Daqui a pouco teremos transmiss\u00e3o&#8221;.<\/em><\/p>\n<p>Ap\u00f3s isso, Arlindo foi levado de volta \u00e0 entrada da nave. Os tripulantes recomendaram:<\/p>\n<p style=\"padding-left: 40px;\"><em>&#8211; &#8220;Des\u00e7a e siga \u00e0 vista, porque o aparelho condena a vis\u00e3o&#8221;.<\/em><\/p>\n<p>Arlindo seguiu a recomenda\u00e7\u00e3o, caminhou, sem olhar para o disco, por uns 200 metros, tendo sua espingarda ainda pendurada no ombro, tendo seu rev\u00f3lver preso na cinta, \u00e0 direita. Ele caminhou com dificuldade, sentindo seus ombros um pouco presos.<\/p>\n<p>Ap\u00f3s Arlindo caminhar aproximadamente 200 metros, seus movimentos voltaram ao normal. Ele ent\u00e3o correu aproximadamente 300 metros, chamando pelos companheiros; que encontravam-se ainda a uns 300 metros de dist\u00e2ncia.<\/p>\n<p>Durante aproximadamente 20 minutos n\u00e3o conseguiu descrever o que havia acontecido. Ele sentia sede intensa, e acabou por beber aproximadamente 1 litro de \u00e1gua em uma fonte natural nas proximidades. Em seguida, ele relatou o epis\u00f3dio para seus companheiros, omitindo o contato com os tripulantes e a entrada no aparelho. Todos voltaram ao local do pouso dos objetos, encontrando as v\u00e1risa marcas deixadas. O 2\u00b0 objeto observado, que se transformou em uma esp\u00e9cie de fuma\u00e7a branca, deixou uma marca circular, de capim queimado. Havia tamb\u00e9m uma marca deixada pelo objeto em forma de &#8220;piorra&#8221; e as marcas do trem de pouso do objeto tripulado. Eles procuraram exaustivamente o embornal onde Arlindo havia deixado. Como n\u00e3o o encontraram voltaram para casa.<\/p>\n<p>Ao chegar em casa, a esposa de Arlindo, D. Terezinha da Silva Santos, constatou que os olhos da testemunha estavam avermelhados. Nos tr\u00eas dias seguintes, Arlindo sentiu dor de cabe\u00e7a e seus olhos ficaram inchados. Al\u00e9m disso, Arlindo sofreu des\u00e2nimo por alguns dias, sem altera\u00e7\u00e3o de apetite ou em seu sono regular.<\/p>\n<p>Na mesma noite em que ocorreu o contato, Arlindo recebeu a visita de seu irm\u00e3o, Jairo Esa\u00fa dos Santos, na ocasi\u00e3o com 54 anos. Este constatou os olhos avermelhados de Arlindo e seu aparente des\u00e2nimo. O protagonista relatou o epis\u00f3dio, omitindo o encontro com os tripulantes.<\/p>\n<p>Em 14 de julho, Arlindo, seus companheiros de ca\u00e7ada voltaram ao local onde ocorreu o contato. Um dos uf\u00f3logos encontrou o embornal perdido de Arlindo. Este estava coberto de desenhos e inscri\u00e7\u00f5es.<\/p>\n<p>&nbsp;<\/p>\n<h2>A Investiga\u00e7\u00e3o do CEVAPPA<\/h2>\n<p>O artigo a seguir foi publicado na revista OVNI Documento, n\u00ba 5, de out\/dez de 1979. O autor, Ubirajara Franco Rodrigues apresenta em primeira m\u00e3o os detalhes do caso do Embornal e sua investiga\u00e7\u00e3o.<a name=\"dados\"><\/a><\/p>\n<h3>Dados B\u00e1sicos<\/h3>\n<p>Investiga\u00e7\u00e3o de campo: 12 de julho de 1979.<\/p>\n<p>Investigadores:<\/p>\n<p>&#8211; Ubirajara Franco Rodrigues (relator secret\u00e1rio CEVAPPA);<\/p>\n<p>&#8211; Malius de Figueiredo (Engenheiro eletricista \u2013 Coordenador de Pesquisas CEVAPPA);<\/p>\n<p>&#8211; Francisco Antonio Romanelli (Advogado \u2013 Bibliotec\u00e1rio \u2013 CEVAPPA).<\/p>\n<p>Local: Plan\u00edcie algo de poss\u00edvel pouso de UFO. Aproximadamente 6km, da sede da fazenda de propriedade da testemunha<\/p>\n<p>Caracter\u00edsticas: Local montanhoso destacado por imensa pedreira a nordeste da sede. O local do poss\u00edvel pouso situa-se ap\u00f3s a transposi\u00e7\u00e3o da pedreira. Cerca de 2 horas e meia a cavalo ou 3 horas a p\u00e9. Deve-se contornar o topo da pedreira ao se chegar a uns 30 ms deste, em sentido leste.<\/p>\n<p>Tipo do terreno: plan\u00edcie com pequena mata, ap\u00f3s depress\u00e3o em seguida \u00e0 transposi\u00e7\u00e3o da pedreira. Solo de resist\u00eancia boa. Capim-grama enraizado, baixo.<\/p>\n<p>Metodologia utilizada: interrogat\u00f3rios da testemunha no pr\u00f3prio local. Reconstitui\u00e7\u00e3o do CE. Medi\u00e7\u00e3o das marcas em comprimento, largura, profundidade, etc.<\/p>\n<p>Pistas:<\/p>\n<p>&#8211; 5 (cinco) marcas no solo \u2013 uma independente e 4 (quatro) deixadas por uma mesma a\u00e7\u00e3o simult\u00e2nea.<\/p>\n<p>&#8211; M\u00e1quina fotogr\u00e1fica marca \u201cTuca\u201d, modelo simples para amador, j\u00e1 em desuso, possuindo a chapa met\u00e1lica interna coberta por fuligem; chamuscada.<\/p>\n<p>&#8211; Embornal encontrado no local \u2013 al\u00e7as rasgadas, encardido por a\u00e7\u00e3o de chuva e terra. Face anterior inteiramente coberta por desenhos e caracteres desconhecidos.<\/p>\n<p><a name=\"investigacao\"><\/a><\/p>\n<h3>Desenvolvimento da investiga\u00e7\u00e3o e coment\u00e1rios<\/h3>\n<p>Achamos mister completar o presente relat\u00f3rio com os coment\u00e1rios envolvendo, tanto o relato da testemunha, quanto os resultados da pesquisa de campo realizada, por crermos que a sequencia de id\u00e9ias far-se-ia mais acess\u00edvel.<\/p>\n<p>Antes de deixarmos bem clara nossa imagem do fen\u00f4meno ufol\u00f3gico classificado de CEIV \u2013 um fato que, por mais completo em dados sempre deixa o pesquisador em dificuldade. Por isso, limitar-nos-emos em tra\u00e7ar os coment\u00e1rios, de maneira mais objetiva poss\u00edvel, omitindo-nos quanto \u00e0 veracidade ou n\u00e3o dos acontecimentos.<\/p>\n<p>Tamb\u00e9m desejamos confessar que esta pesquisa se realizou nos limites de nossas possibilidades, mas se constitui uma sincera contribui\u00e7\u00e3o \u00e0s proposi\u00e7\u00f5es da Ufologia. Portanto, esclarecemos nossas falhas, devidas a in\u00fameros motivos de for\u00e7a maior:<\/p>\n<p>&#8211; N\u00e3o submetemos o solo a teste de resist\u00eancia com pesos.<\/p>\n<p>&#8211; N\u00e3o encontramos \u00f3bvios meios de analisar a tinta usada no embornal.<\/p>\n<p>&#8211; N\u00e3o possu\u00edmos condi\u00e7\u00f5es de comparar os caracteres nele inscritos com outros conhecidos.<\/p>\n<p><a name=\"testemunha\"><\/a><\/p>\n<h3>Quanto \u00e0 testemunha<\/h3>\n<p>Arlindo Gabriel dos Santos impressionou-nos \u00e0 primeira vista com seu car\u00e1ter. Pessoa inegavelmente honesta, numa conseq\u00fc\u00eancia natural de algu\u00e9m que muito lutou para adquirir estabilidade.<\/p>\n<p>A fazenda onde mora compunha-se antigamente de uma vasta extens\u00e3o de terras situadas no Munic\u00edpio de Baependi que, diga-se de passagem, \u00e9 enorme.<\/p>\n<p>Ele adquiriu as terras do pai, antes do falecimento deste. O restante pertence aos irm\u00e3os de Arlindo.<\/p>\n<p>Hoje, longe da cidade durante toda a semana, onde somente vai em caso de extrema necessidade, Arlindo acomoda-se ao lado de sua esposa, ap\u00f3s longos dias de trabalho. Quando no pre\u00e2mbulo dissemos que Arlindo n\u00e3o \u00e9 muito expressivo financeiramente, quisemos falar que se trata de um chefe de fam\u00edlia est\u00e1vel economicamente. Mas uma estabilidade mantida com honesto trabalho. Ele n\u00e3o \u00e9 um homem rico, mas sossegado.<\/p>\n<p>N\u00e3o temos d\u00favida de que h\u00e1 honestidade em suas palavras. N\u00e3o se perde em divaga\u00e7\u00f5es, n\u00e3o exagera, \u00e9 objetivo. Sua gentileza e educa\u00e7\u00e3o contagiam.<\/p>\n<p>Ainda crian\u00e7a, contraiu t\u00e9tano e em conseq\u00fc\u00eancia, apanhou uma defici\u00eancia auditiva, o que provocou gagueira na articula\u00e7\u00e3o das palavras. Mas jamais teve problemas de ordem ps\u00edquica, segundo seus familiares. Ao contr\u00e1rio, parece-nos firme e s\u00f3brio, muito sensato.<\/p>\n<p>Sua instru\u00e7\u00e3o escolar vai at\u00e9 o curso prim\u00e1rio completo. Culturalmente n\u00e3o \u00e9 nenhum ing\u00eanuo. Possui bom c\u00edrculo de amizades, assiste televis\u00e3o, l\u00ea de vez em quando, mas n\u00e3o poderia atingir conhecimento de certos detalhes, a nosso ver. Tem espontaneidade.<\/p>\n<p>Redige mal e seus pensamentos transpostos para o papel coincidem com seu grau de instru\u00e7\u00e3o. No entanto, desenhando, ele surpreende. Sempre gostou de desenhar. Ma opini\u00e3o do Dr. Francisco Antonio Romanelli, e corroboramos, possivelmente sua faculdade de desenhar bem, com riqueza de detalhes, trata-se de compensa\u00e7\u00e3o, de um desenvolvimento desse dom provocado pela surdez parcial. Sua sensibilidade visual e mem\u00f3ria aumentaram com a defici\u00eancia auditiva. Apenas uma hip\u00f3tese e, ressaltamos, n\u00e3o necess\u00e1ria.<\/p>\n<div id=\"attachment_4312\" style=\"width: 210px\" class=\"wp-caption aligncenter\"><img aria-describedby=\"caption-attachment-4312\" loading=\"lazy\" class=\"wp-image-4312 size-full\" src=\"https:\/\/www.fenomenum.com.br\/novo\/wp-content\/uploads\/2022\/03\/Arlindo-Gabriel-dos-Santos-1.jpg\" alt=\"\" width=\"200\" height=\"613\" srcset=\"https:\/\/www.fenomenum.com.br\/novo\/wp-content\/uploads\/2022\/03\/Arlindo-Gabriel-dos-Santos-1.jpg 200w, https:\/\/www.fenomenum.com.br\/novo\/wp-content\/uploads\/2022\/03\/Arlindo-Gabriel-dos-Santos-1-150x460.jpg 150w, https:\/\/www.fenomenum.com.br\/novo\/wp-content\/uploads\/2022\/03\/Arlindo-Gabriel-dos-Santos-1-50x153.jpg 50w, https:\/\/www.fenomenum.com.br\/novo\/wp-content\/uploads\/2022\/03\/Arlindo-Gabriel-dos-Santos-1-100x307.jpg 100w\" sizes=\"(max-width: 200px) 100vw, 200px\" \/><p id=\"caption-attachment-4312\" class=\"wp-caption-text\">Arlindo Gabriel dos Santos, protagonista do caso.<\/p><\/div>\n<h3>Quanto ao depoimento<\/h3>\n<p>Para proceder \u00e0 investiga\u00e7\u00e3o de campo, fomos acompanhados por dois irm\u00e3os de Arlindo e um cunhado. Um deles levava sua c\u00e2mera \u201cInstamatic\u201d. Notamos que todos adoram tirar fotografias. Antes Arlindo nos mostrara sua m\u00e1quina \u201cTuca\u201d e tem muito amor por ela. Por isso n\u00e3o \u00e9 de se estranhar que levava a c\u00e2mera consigo na ca\u00e7ada. Muitos estranham que seu depoimento refere-se a essa ca\u00e7ada, j\u00e1 que aos jornais ele declarou que sa\u00edra para procurar uma vaca perdida. Mas na entrevista isto se esclarece. Apenas medo de sofrer alguma sans\u00e3o da pol\u00edcia florestal, por estar ca\u00e7ando e ent\u00e3o justificou-se com a est\u00f3ria da vaca.<\/p>\n<p>Seria repetir inutilmente hip\u00f3teses quanto \u00e0 diversifica\u00e7\u00e3o de objetos avistados por Arlindo naquele dia 16 de maio. J\u00e1 est\u00e1 consagrado na Ufologia que \u201cnaves-m\u00e3e\u201d transportam diferentes tipos de \u201csondas\u201d, geralmente pequenas, como \u201c<em>in casu<\/em>\u201d. Supor\u00edamos: os tr\u00eas objetos que precederam \u00e0 descida da \u201cnave m\u00e3e\u201d (CE III) seriam aparelhos de sondagem e busca. Isso \u00e9 corroborado pela INFORMA\u00c7\u00c3O que os poss\u00edveis ufonautas desejaram de Arlindo &#8211; se algu\u00e9m avistara um aparelho lan\u00e7ado anteriormente.<\/p>\n<p>A testemunha conseguiu que o filme acusasse 4 imagens diferentes. Duas delas, pela dist\u00e2ncia, est\u00e3o quase impercept\u00edveis. Da\u00ed, inclu\u00edmos apenas duas neste trabalho. Pudemos ver os negativos e a sequ\u00eancia coincide perfeitamente com o depoimento. A ultima foto, a do objeto maior e ultimo, saiu toda em branco. Note-se que Arlindo disse que, quando a tirou, o objeto disparou um \u201crel\u00e2mpago\u201d justamente naquele instante, que o paralisou. A intensidade da luz queimou a chapa.<\/p>\n<p>O terceiro objeto, em solo, transformou-se em \u201cfuma\u00e7a\u201d. Sabe-se de certos UFOs que, no ar, vem apresentando uma s\u00e9rie de fen\u00f4menos relacionados com fuma\u00e7a ou nuvens, como a famosa foto tirada no Canad\u00e1, por volta de 1972. O pr\u00f3prio filme, \u201cContatos Imediatos de Segundo Grau nos mostra o fen\u00f4meno, um pouco estilizado, quando UFOs tra\u00e7am rotas \u201ccamuflando-se\u201d em imensas nuvens artificiais. E o filme foi baseado em fatos e pesquisas reais.<\/p>\n<p>O astr\u00f4nomo Ant\u00f4nio R. Guedes, fundador e presidente da Associa\u00e7\u00e3o Astron\u00f4mica Galileu Galilei de Vit\u00f3ria, ES, vem estudando este aspecto da Ufologia e tem constatado que UFOs realmente se \u201ccamuflam\u201d ou se envolvem por fatores n\u00e3o sabidos em nuvens e fuma\u00e7a artificiais.<\/p>\n<p>Essas \u201csondas\u201d tem sido observadas por diversas testemunhas. Algumas, ao que parece, s\u00e3o pura forma de energia e j\u00e1 chegaram a atravessar pela fuselagem de avi\u00f5es de passageiros para depois desaparecer. Mas, nota-se, a incid\u00eancia de observa\u00e7\u00f5es desenvolveu-se at\u00e9 agora somente \u00e0 noite, na maioria. O caso de Arlindo nos mostra, portanto, tal aspecto in\u00e9dito: o avistamento desses pequenos engenhos, de dia e com detalhes.<\/p>\n<p>Outro ponto positivo em favor do depoimento \u00e9 que as \u201csondas\u201d possu\u00edam h\u00e9lices e uma delas apresentou sintomas de queima de combust\u00edvel (o terceiro objeto). Isso indica que s\u00e3o m\u00e1quinas destinadas a observa\u00e7\u00f5es dentro da atmosfera, a pouca altura e n\u00e3o engenhos interplanet\u00e1rios, ou para viagens interestelares.<\/p>\n<p>Vejamos o CE III, com a pr\u00e9via descida de um grande UFO ovalado. Apoiou-se em 4 p\u00e9s, era branco e caracterizado por uma \u201cponta\u201d em sua parte superior. A descri\u00e7\u00e3o coincide com objeto mostrado na OVNI Documento n\u00b0 4, p\u00e1g. 18, o ultimo objeto de cima para baixo. (1\u00aa fila vertical). Na revista o objeto possui tr\u00eas p\u00e9s e o de Arlindo quatro. Achamos que seria o mesmo tipo de aparelho e a diferen\u00e7a de 1 p\u00e9 comentaremos ao falar das Pistas.<\/p>\n<p>Diz Arlindo sobe os demais efeitos: \u201cFez um barulho esquisito, feito motor quando est\u00e1 afogado\u201d. Sabemos que a grande maioria dos contatos, de qualquer dos tr\u00eas graus, n\u00e3o apresenta o m\u00ednimo de ru\u00eddo. Mas h\u00e1 um engano por parte dos uf\u00f3logos, ao se fazer tal afirma\u00e7\u00e3o. Pelo que temos observado, e n\u00e3o se nega, a testemunha geralmente cr\u00ea ter avistado o UFO a baixa altitude e estranha a aus\u00eancia de ru\u00eddo. Mas o leigo, normalmente \u00e0 noite, quando n\u00e3o h\u00e1 pontos de refer\u00eancia, erra no calculo da dist\u00e2ncia. Vendo um UFO \u00e0 enorme altitude, e talvez at\u00e9 em \u00f3rbita fora da atmosfera, julga estar ele voando baixo. Da\u00ed a aus\u00eancia de ru\u00eddo perceptivel.<\/p>\n<p>Temos notado em nossas pesquisas que, quando h\u00e1 o contato, bem pr\u00f3ximo de fato (250 m ou menos) as testemunhas s\u00e3o un\u00e2nimes em afirmar terem ouvido forte ru\u00eddo.<\/p>\n<p>Outro sintoma fisiol\u00f3gico comum \u00e9 a paralisa\u00e7\u00e3o parcial ou total das testemunhas por a\u00e7\u00e3o de um raio de luz emanado pelo UFO. Arlindo, semi-paralisado ap\u00f3s tentar correr, n\u00e3o viu o que o prendia. Um fen\u00f4meno talvez magn\u00e9tico provocado atrav\u00e9s da emiss\u00e3o de energia luminosa.<\/p>\n<p>Olhando para tr\u00e1s, notou d\u00f3i homens. A\u00ed come\u00e7a o maior ponto em favor de Arlindo: al\u00e9m das coincid\u00eancias de detalhes com outros depoimentos, existe total aus\u00eancia de fantasia, exageros e longas \u201cprosas\u201d cheias de uma filosofia duvidosa. Capacetes \u201cquase do tamanho da cabe\u00e7a deles mesmos\u201d. Coberturas para cabe\u00e7a, pequenas, como na foto do caso cl\u00e1ssico de Elizabeth (Inglaterra) quando seu pai a fotografou e constatou a figura de um \u201castronauta\u201d situado qui\u00e7\u00e1 em outros planos dimensionais, acima da cabe\u00e7a da garota (d\u00e9cada de 60). Tal declara\u00e7\u00e3o coincide com o incidente famoso de Antonio Villas Boas, quando o conduziram ao interior do UFO. E muitos outros.<\/p>\n<p>Os dois ufonautas conversaram com Arlindo por interm\u00e9dio do \u201ctambor\u201d que possu\u00edam nas costas, em Portugu\u00eas. Seria uma esp\u00e9cie de tradutor simult\u00e2neo? A tecnologia terrestre j\u00e1 usa tal aparelho. Aquele tambor, ao que parece, servia tamb\u00e9m de deposito da subst\u00e2ncia que os ufonautas respiravam. Mexiam com a boca, portanto n\u00e3o se tratava de transmiss\u00e3o telep\u00e1tica. \u00c9 poss\u00edvel at\u00e9 que servia de mero amplificador, necess\u00e1rio por causa do capacete. Como se v\u00ea na entrevista, a testemunha chegou a parlamentar, com pessoas sem capacete, no interior do objeto.<\/p>\n<p>Arlindo, ao se aproximar, sentiu que o objeto era frio. Um ar frio Betty Hill tamb\u00e9m dep\u00f4s a mesma coisa, e o detalhe \u00e9 lembrado por Hans Holzer, em \u201cOs Ufonautas\u201d: &#8230;n\u00e3o tinha a menor d\u00favida de que se tratava de um aparelho f\u00edsico, e que era frio, tamb\u00e9m. Era mais frio dentro dele, do que fora\u201d (p\u00e1g. 123). Tamb\u00e9m disse Betty Hill: \u201c&#8230; Eles davam a impress\u00e3o de gente normal; mas tudo parecia um tanto frio, a meu ver. Quando sa\u00ed do disco, estava mais quente fora\u201d (pag.129).<\/p>\n<p>Tal como no caso de Barney e Betty Hill, um homem, suposto comandante, o esperava, no alto de uma escada de 4 degraus. Perguntado sobre o que era a \u201cZURCA\u201d que procuravam, tal ufonauta lhe respondeu: <em>\u201c&#8230; que era um aparelho que eles transmitiram de l\u00e1 para c\u00e1, em comunica\u00e7\u00e3o, como todos os aparelhos da Terra. Disse que ele tomou contato com uma Linha Universal&#8230;<\/em>\u201d.<\/p>\n<p>O emprego dos termos Transmitiram e Linha Universal vem corroborar uma l\u00f3gica nos termos cient\u00edficos atuais. Ou seja, as viagens a grandes dist\u00e2ncias no Espa\u00e7o seriam empreendidas de maneira ideal, se se lograsse desmaterializar e rematerializar em mol\u00e9culas ou \u00e1tomos uma espa\u00e7onave, com tripulantes e tudo. Da\u00ed, o termo TRANSMISS\u00c3O retrataria exatamente um sistema como tal. Teriam, quem sabe, as mol\u00e9culas desintegradas da nave, quer sejam projetadas em correntes vibrat\u00f3rias ou magn\u00e9ticas, ou seja l\u00e1 de que tipo, que sem d\u00favida, cortam o Universo, ligando mundos e espa\u00e7os? Seriam tais correntes as Linhas Universais?<\/p>\n<p>Conduzido ao interior do aparelho, l\u00e1 estavam mais dois homens, tamb\u00e9m de capacete, roupa preta (id\u00eantica \u00e0 dos ufonautas de Betty Hill), olhos rasgados e puxados, nariz reto, boca rasgada com l\u00e1bios finos. Descri\u00e7\u00e3o fision\u00f4mica inteiramente coincidente com o relato sobre human\u00f3ides do tipo ora tratado.<\/p>\n<p>Nisso surge a presen\u00e7a j\u00e1 conhecida de uma mo\u00e7a, sem capacete. Mais tarde outro ufonauta tirou tamb\u00e9m seu capacete.<\/p>\n<p>Isso nos faz aventar algumas hip\u00f3teses, na falta de outras melhores:<\/p>\n<p>&#8211; como Arlindo n\u00e3o usava capacete, dentro ou fora do aparelho, os ufonautas estariam usando como prote\u00e7\u00e3o contra bact\u00e9rias terrestres.<\/p>\n<p>&#8211; eles o usavam para respirar seu pr\u00f3prio ar e adaptaram o interior do objeto com o ar terrestre a fim de receber Arlindo.<\/p>\n<p>&#8211; a mo\u00e7a e o homem estariam adaptados ao ar da Terra.<\/p>\n<p>&#8211; respirar por longo tempo o ar terrestre que tem excesso de oxig\u00eanio, seria prejudicial aos n\u00e3o adaptados.<\/p>\n<p>Tendo sido aberta a porta de entrada do aparelho, houve receio de contamina\u00e7\u00e3o. Constatado o contr\u00e1rio, e dois deles tiraram o capacete.<\/p>\n<p>Vale aqui citar um pensamento abalizado de Carl Sagan, em \u201cA Civiliza\u00e7\u00e3o C\u00f3smica\u201d, p\u00e1g, 55:<\/p>\n<p style=\"text-align: center; padding-left: 40px;\">\u201c<em>O Chauvinismo acerca do oxig\u00eanio \u00e9 comum. Se um planeta n\u00e3o possui oxig\u00eanio \u00e9 considerado inabit\u00e1vel. Esse ponto de vista ignora o fato de que a vida surgiu na Terra na aus\u00eancia do oxig\u00eanio. De fato, o chauvinismo quanto ao oxig\u00eanio, se aceito, logicamente ir\u00e1 demonstrar que a vida \u00e9 imposs\u00edvel em todo o resto do Universo. Fundamentalmente, o oxig\u00eanio \u00e9 um g\u00e1s venenoso. Ele tanto se combina quimicamente como destr\u00f3i as mol\u00e9culas org\u00e2nicas das quais \u00e9 composta a vida terrestre. H\u00e1 muitos organismos na Terra que vivem sem oxig\u00eanio e muitos organismos que s\u00e3o envenenados por este elemento&#8230;. Num cen\u00e1rio brilhante de adapta\u00e7\u00f5es evolutivas, organismos como insetos, sapos, peixes e gente aprenderam n\u00e3o somente sobreviver na presen\u00e7a desse g\u00e1s venenoso, como na realidade a us\u00e1-lo para aumentar a efici\u00eancia com que se processa o metabolismo dos alimentos. Mas isso n\u00e3o deve nos impedir de perceber a natureza fundamentalmente venenosa desse g\u00e1s<\/em>\u201d.<\/p>\n<p>Arlindo foi ent\u00e3o conduzido a um outro c\u00f4modo, passando por um corredor. L\u00e1 a mo\u00e7a o colocou diante de um aparelho, semelhante a uma geladeira, que foi acionado. Numa esp\u00e9cie de monitor, surgem as figuras da Terra, Lua e Sol. Com o afastamento da imagem da Terra, apareceu uma mancha em seu lugar. Ao que tudo indica, a mo\u00e7a se referiu a viagens interestelares atrav\u00e9s d\u00f4o chamado hiperespa\u00e7o. Inclusive, por sua palavras referidas por Arlindo, a coisa talvez dependa de uma posi\u00e7\u00e3o espacial provocada pela situa\u00e7\u00e3o da Terra, Lua e Sol. De acordo com poss\u00edveis graus, e efeitos de gravita\u00e7\u00e3o, a t\u00e3o sonhada \u201cpassagem\u201d para um universo coexistente permita acesso ao nosso.<\/p>\n<p>\u00c0 frente, perguntamos \u00e0 testemunha se n\u00e3o acontecera algo mais do que narrava, ou se sonhara posteriormente com outros detalhes, dos quais n\u00e3o se lembrava. A resposta foi afirmativa, mas seus posteriores sonhos s\u00e3o recordados confusamente e vagos. Da\u00ed supormos que houve, no caso, canaliza\u00e7\u00e3o ao inconsciente de fatos vividos. S\u00e3o in\u00fameros os fen\u00f4menos de 3\u00b0 grau em que a testemunha n\u00e3o se lembra da experi\u00eancia. Submetida a hipnose regressiva, revela novos pontos.<\/p>\n<p>Cremos que Arlindo, segundo seu depoimento, viajou no UFO. Note-se que a mo\u00e7a, ao apontar a \u201cmancha\u201d que substitu\u00edra a imagem da Terra, diz: \u201c<em>Aqui \u00e9 onde n\u00f3s estamos. N\u00f3s viemos aqui gastando poucas horas. De acordo com a movimenta\u00e7\u00e3o da Terra, temos um contato com o Sol, a Luz e a Terra<\/em>\u201d.<\/p>\n<p>Estariam eles, naquele momento, no lugar de origem do UFO?<\/p>\n<p>O CEVAPPA proceder\u00e1 posteriormente a um estudo estat\u00edsticos envolvendo os per\u00edodos de \u201condas\u201d de apari\u00e7\u00f5es ufol\u00f3gicas e certas posi\u00e7\u00f5es espaciais da Terra, Lua e Sol, sob orienta\u00e7\u00e3o do astr\u00f4nomo Ant\u00f4nio Guedes, consultor. Um aspecto de muito interesse, a essa altura dos acontecimentos.<\/p>\n<p>Um ponto que corrobora a suposi\u00e7\u00e3o de que Arlindo foi levado \u00e0 origem dos ufonautas, encontramos nas palavras do human\u00f3ide que tirou o capacete: \u2018Daqui a pouco, teremos conjun\u00e7\u00e3o\u201d. Depois Arlindo foi libertado.<\/p>\n<p>Talvez a viagem de volta estivesse chegando ao fim, e a nave teria conjun\u00e7\u00e3o com o plano dimensional terrestre.<\/p>\n<p>Finalmente notamos uma frase incompreens\u00edvel que o ufonauta disse \u00e0 testemunha ao receb\u00ea-lo no aparelho, no in\u00edcio de sua experi\u00eancia: \u201c<em>N\u00f3s somos do lado de uma costa<\/em>\u201d. O Dr. M\u00e1lius de Figueiredo sup\u00f5e que o sentido da frase referir-se-ia \u00e0 teoria da origem intraterrestre dos UFOs. Muitas correntes, e aqui nos referimos apenas \u00e0s cient\u00edficas objetivas, como \u201cA Terra Oca\u201d, de R. Bernard, creen que os Ufonautas vivem em regi\u00f5es subterr\u00e2neas que abrigam civiliza\u00e7\u00f5es adiantadas, situadas abaixo da crosta terrestre. O Dr. Malius pergunta, assim, se pela defici\u00eancia auditiva ou falta de conhecimento, Arlindo n\u00e3o tivera entendido mal a frase. Talvez o human\u00f3ide falara Crosta e n\u00e3o Costa.<\/p>\n<p>&nbsp;<\/p>\n<p>Mas os ind\u00edcios s\u00e3o mais numerosos em favor da outra hip\u00f3tese j\u00e1 comentada. A experi\u00eancia come\u00e7ara por volta das dez e meia, quando Arlindo se separou dos companheiros. Saindo do UFO e os reencontrando, era cerca de onze e meia. Tudo acontecera em uma hora.<\/p>\n<p>Encerrando este t\u00f3pico, comecemos a imaginar:<\/p>\n<p>Se Arlindo entrou no UFO, foi levado a outro plano de exist\u00eancia (planeta, mundo paralelo, ou que seja) em poucas horas at\u00e9 seu destino, e depois regressou ao nosso Universo pela mesma t\u00e9cnica, perdendo o tempo, a l\u00f3gica, com discrep\u00e2ncia de uma hora;<\/p>\n<p>Se tal t\u00e9cnica utiliza recursos de velocidades ainda inconceb\u00edveis para a nossa ci\u00eancia;<\/p>\n<p>Se para os homens em terra passou-se apenas uma hora e, quem sabe, h\u00e1 algo mais envolvendo a Teoria da Relatividade que n\u00e3o conhe\u00e7amos, ent\u00e3o tomamos a liberdade de descontraidamente, usar uma frase do filme \u201cContatos Imediatos de Terceiro Grau\u201d, quando um cientista da base de pouso secreta, ao ver a sair do enorme UFO o comandante Taylor, desaparecido em 1945, t\u00e3o jovem quanto na \u00e9poca em que sumira com seu avi\u00e3o, exclama maravilhado \u201cEinstein tinha mesmo raz\u00e3o!\u201d.<\/p>\n<div id=\"attachment_4313\" style=\"width: 323px\" class=\"wp-caption aligncenter\"><img aria-describedby=\"caption-attachment-4313\" loading=\"lazy\" class=\"wp-image-4313 size-full\" src=\"https:\/\/www.fenomenum.com.br\/novo\/wp-content\/uploads\/2022\/03\/11.jpg\" alt=\"\" width=\"313\" height=\"236\" \/><p id=\"caption-attachment-4313\" class=\"wp-caption-text\">Equipe do CEVAPPA fazendo um molde em gesso das marcas deixadas pelo disco voador.<\/p><\/div>\n<h3>M\u00e1quina Fotogr\u00e1fica<\/h3>\n<p>Antes de nos dirigirmos, a cavalo, para o local do suposto pouso, o Dr. Francisco Antonio Romanelli solicitou de Arlindo a c\u00e2mera com que havia obtido as fotos do fen\u00f4meno.<\/p>\n<p>A testemunha reclamou que n\u00e3o conseguira mais bater fotos, pois todos os filmes que utilizavam sa\u00edam totalmente brancos. Fato constatado por n\u00f3s com um rolo de negativos inutilizados.<\/p>\n<p>Abrindo a c\u00e2mera, o pesquisador constatou que a chapa de prote\u00e7\u00e3o, interna, est\u00e1 queimada e coberta de fuligem. A impress\u00e3o \u00e9 que este efeito f\u00edsico foi provocado por intensa radia\u00e7\u00e3o, no momento em que o UFO soltou um \u201crel\u00e2mpago\u201d, na testemunha, justamente na ora em que esta bateu a 4\u00aa foto.<\/p>\n<p>Nos negativos, justamente a 4\u00b0 chapa est\u00e1 totalmente em branco, mas se nota que foi batida.<\/p>\n<div id=\"attachment_4314\" style=\"width: 329px\" class=\"wp-caption aligncenter\"><img aria-describedby=\"caption-attachment-4314\" loading=\"lazy\" class=\"wp-image-4314 size-full\" src=\"https:\/\/www.fenomenum.com.br\/novo\/wp-content\/uploads\/2022\/03\/Maquina-Arlindo.jpg\" alt=\"\" width=\"319\" height=\"234\" \/><p id=\"caption-attachment-4314\" class=\"wp-caption-text\">Mecanismo interno da m\u00e1quina fotogr\u00e1fica de Arlindo Gabriel que ficou danificado durante o contato.<\/p><\/div>\n<h3>Marcas e sulcos<\/h3>\n<p>No local do pouso h\u00e1 5 (cinco) marcas. Uma independente, deformada, irreconhec\u00edvel. Diz Arlindo que por a\u00e7\u00e3o de tatu. Realmente, esse animal n\u00e3o pode ver um pequeno buraco no ch\u00e3o; apressa-se em aument\u00e1-lo. Seria o tra\u00e7o f\u00edsico do terceiro UFO, tipo \u201cpiorra\u201d.<\/p>\n<p>As outras 4 foram provocadas pelo ultimo objeto. Aparentam 3 p\u00e9s de apoio terminando em sapata e outra tamb\u00e9m deformada segundo o mesmo fator \u2013 a\u00e7\u00e3o de tatu.<\/p>\n<div id=\"attachment_4336\" style=\"width: 361px\" class=\"wp-caption aligncenter\"><img aria-describedby=\"caption-attachment-4336\" loading=\"lazy\" class=\"wp-image-4336 size-full\" src=\"https:\/\/www.fenomenum.com.br\/novo\/wp-content\/uploads\/2022\/03\/figura27.jpg\" alt=\"\" width=\"351\" height=\"280\" \/><p id=\"caption-attachment-4336\" class=\"wp-caption-text\">Pesquisadores do CEVAPPA investigaram exaustivamente o local de pouso do objeto.<\/p><\/div>\n<p>Se a hip\u00f3tese desse animal n\u00e3o \u00e9 t\u00e3o aceit\u00e1vel, apesar de poss\u00edvel, ent\u00e3o pensemos em outra:<\/p>\n<p>Arlindo viu o terceiro objeto apoiando-se em uma haste fina que penetrou no solo. Chegando l\u00e1 depois, n\u00e3o notou a marca que ele supunha ter ficado, ao ter a ilus\u00e3o de \u00f3tica da penetra\u00e7\u00e3o. O UFO maior n\u00e3o deixaram 4 marcas e sim tr\u00eas. Tinha somente 3 suportes de solo. Ent\u00e3o a testemunha fraudou os dois buracos de tatu, ingenuamente, com boa f\u00e9, no receio de que aquele aparente contrasenso viesse colocar sua hist\u00f3ria em d\u00favida. Ap\u00f3s tanta coisa, aquilo que, segundo seu entender, n\u00e3o teria l\u00f3gica, seria por demais ir\u00f4nico.<\/p>\n<p>Uma fraude, sem mal\u00edcia, justific\u00e1vel, com boa f\u00e9.<\/p>\n<p>Essa pista coincide com o desenho do UFO, j\u00e1 citado, publicado em OVNI Documento. A situa\u00e7\u00e3o das 3 marcas reais provam a posi\u00e7\u00e3o de Arlindo com rela\u00e7\u00e3o ao UFO \u2013 de frente \u2013 quando este pousou.<\/p>\n<div id=\"attachment_4315\" style=\"width: 324px\" class=\"wp-caption aligncenter\"><img aria-describedby=\"caption-attachment-4315\" loading=\"lazy\" class=\"wp-image-4315 size-full\" src=\"https:\/\/www.fenomenum.com.br\/novo\/wp-content\/uploads\/2022\/03\/marca_embornal1.jpg\" alt=\"\" width=\"314\" height=\"235\" \/><p id=\"caption-attachment-4315\" class=\"wp-caption-text\">Fotografia de uma das marcas produzidas pelo UFO tripulado.<\/p><\/div>\n<p>&nbsp;<\/p>\n<div id=\"attachment_4316\" style=\"width: 325px\" class=\"wp-caption aligncenter\"><img aria-describedby=\"caption-attachment-4316\" loading=\"lazy\" class=\"wp-image-4316 size-full\" src=\"https:\/\/www.fenomenum.com.br\/novo\/wp-content\/uploads\/2022\/03\/molde_embornal1.jpg\" alt=\"\" width=\"315\" height=\"236\" \/><p id=\"caption-attachment-4316\" class=\"wp-caption-text\">Molde em gesso feito a partir de uma das marcas de pouso.<\/p><\/div>\n<p>&nbsp;<\/p>\n<div id=\"attachment_4334\" style=\"width: 279px\" class=\"wp-caption aligncenter\"><img aria-describedby=\"caption-attachment-4334\" loading=\"lazy\" class=\"wp-image-4334 size-full\" src=\"https:\/\/www.fenomenum.com.br\/novo\/wp-content\/uploads\/2022\/03\/Figura2.jpg\" alt=\"\" width=\"269\" height=\"304\" \/><p id=\"caption-attachment-4334\" class=\"wp-caption-text\">Croquis das impress\u00f5es deixadas no ch\u00e3o, pelos suportes do Disco Voador. Desenho de Tadeu, irm\u00e3o de Arlindo. [cr\u00e9dito da imagem: Boletim 132\/135 &#8211; SBEDV]<\/p><\/div>\n<h3>Embornal<\/h3>\n<p>J\u00e1 no local, a equipe se espalhou em busca de novos ind\u00edcios. Eis que o Dr. Malius de Figueiredo, distante de todos e sem influ\u00eancia da testemunha, encontrou espontaneamente o embornal.<\/p>\n<p>P\u00e9ssimo estado de conserva\u00e7\u00e3o, reconhecido por Arlindo como se fosse o que soltara ao ch\u00e3o, para fotografar o ultimo objeto.<\/p>\n<p>Vazio e coberto por inscri\u00e7\u00f5es e desenhos. A testemunha mostra espanto e surpresa.<\/p>\n<div id=\"attachment_4335\" style=\"width: 323px\" class=\"wp-caption aligncenter\"><img aria-describedby=\"caption-attachment-4335\" loading=\"lazy\" class=\"wp-image-4335 size-full\" src=\"https:\/\/www.fenomenum.com.br\/novo\/wp-content\/uploads\/2022\/03\/figura26.jpg\" alt=\"\" width=\"313\" height=\"222\" \/><p id=\"caption-attachment-4335\" class=\"wp-caption-text\">Equipe da CEVAPPA, no local onde ocorreu o pouso do UFO, nos terrenos da Fazenda Sobrado, em Baependi (MG).<\/p><\/div>\n<p>&nbsp;<\/p>\n<p>Um ind\u00edcio que permanecer\u00e1 \u00e0 espera de explica\u00e7\u00e3o correta, que pode representar uma prova concreta e uma chave para a descoberta de conhecimentos revolucion\u00e1rios.<\/p>\n<p>Compara-se o desenho central de um UFO com o desenho publicado em OVNI Documento n\u00b0 1, \u00e0 p\u00e1gina 20, relativo ao caso de Paci\u00eancia, esbo\u00e7o pela testemunha.<\/p>\n<p>O embornal encontra-se em poder do Centro Varginhense de Pesquisas Parapsicol\u00f3gicas.<\/p>\n<div id=\"attachment_4317\" style=\"width: 596px\" class=\"wp-caption aligncenter\"><img aria-describedby=\"caption-attachment-4317\" loading=\"lazy\" class=\"wp-image-4317 size-full\" src=\"https:\/\/www.fenomenum.com.br\/novo\/wp-content\/uploads\/2022\/03\/embornal1.jpg\" alt=\"\" width=\"586\" height=\"761\" \/><p id=\"caption-attachment-4317\" class=\"wp-caption-text\">O Embornal de plano de Arlindo Gabriel, com caracteres estranhos estampados no pano.<\/p><\/div>\n<h3>Considera\u00e7\u00e3o final<\/h3>\n<p>N\u00e3o damos por encerrada a pesquisa do caso de Arlindo. Pretendemos continuar desenvolvendo uma s\u00e9rie de necess\u00e1rios estudos, quanto \u00e0s provas e ind\u00edcios.<\/p>\n<p>Utilizaremos as controv\u00e9rsias, teses e outras consequ\u00eancias inevit\u00e1veis que, temos certeza, surgir\u00e3o em torno do presente caso.<\/p>\n<p>At\u00e9 l\u00e1, chegaremos a uma conclus\u00e3o definitiva. Ou talvez n\u00e3o.<\/p>\n<p>Este relat\u00f3rio, reconhecemos, \u00e9 longo e cansativo. O fen\u00f4meno CEIV assim exige, um tipo de acontecimento s\u00e9rio, profundo, ao qual se deve dedicar um estudo calmo, objetivo, sempre com os p\u00e9s presos em terra firme. Por isso, s\u00f3 comentamos os pontos que pod\u00edamos, de que t\u00ednhamos dados. Vamos continuar mantendo nossos p\u00e9s em terra firme&#8230; ao lado do embornal.<\/p>\n<div id=\"attachment_4337\" style=\"width: 596px\" class=\"wp-caption aligncenter\"><img aria-describedby=\"caption-attachment-4337\" loading=\"lazy\" class=\"wp-image-4337 size-full\" src=\"https:\/\/www.fenomenum.com.br\/novo\/wp-content\/uploads\/2022\/03\/investigacao-CEVAPPA-1.jpg\" alt=\"\" width=\"586\" height=\"428\" srcset=\"https:\/\/www.fenomenum.com.br\/novo\/wp-content\/uploads\/2022\/03\/investigacao-CEVAPPA-1.jpg 586w, https:\/\/www.fenomenum.com.br\/novo\/wp-content\/uploads\/2022\/03\/investigacao-CEVAPPA-1-400x292.jpg 400w, https:\/\/www.fenomenum.com.br\/novo\/wp-content\/uploads\/2022\/03\/investigacao-CEVAPPA-1-250x183.jpg 250w, https:\/\/www.fenomenum.com.br\/novo\/wp-content\/uploads\/2022\/03\/investigacao-CEVAPPA-1-150x110.jpg 150w, https:\/\/www.fenomenum.com.br\/novo\/wp-content\/uploads\/2022\/03\/investigacao-CEVAPPA-1-50x37.jpg 50w, https:\/\/www.fenomenum.com.br\/novo\/wp-content\/uploads\/2022\/03\/investigacao-CEVAPPA-1-100x73.jpg 100w, https:\/\/www.fenomenum.com.br\/novo\/wp-content\/uploads\/2022\/03\/investigacao-CEVAPPA-1-200x146.jpg 200w, https:\/\/www.fenomenum.com.br\/novo\/wp-content\/uploads\/2022\/03\/investigacao-CEVAPPA-1-300x219.jpg 300w, https:\/\/www.fenomenum.com.br\/novo\/wp-content\/uploads\/2022\/03\/investigacao-CEVAPPA-1-350x256.jpg 350w, https:\/\/www.fenomenum.com.br\/novo\/wp-content\/uploads\/2022\/03\/investigacao-CEVAPPA-1-450x329.jpg 450w, https:\/\/www.fenomenum.com.br\/novo\/wp-content\/uploads\/2022\/03\/investigacao-CEVAPPA-1-500x365.jpg 500w, https:\/\/www.fenomenum.com.br\/novo\/wp-content\/uploads\/2022\/03\/investigacao-CEVAPPA-1-550x402.jpg 550w\" sizes=\"(max-width: 586px) 100vw, 586px\" \/><p id=\"caption-attachment-4337\" class=\"wp-caption-text\">Fotografia obtida durante a pesquisa do CEVAPPA. [cr\u00e9dito da imagem: Revista OVNI Documento, edi\u00e7\u00e3o 5, p\u00e1g. 10]<\/p><\/div>\n<h2>A Pesquisa da SBEDV<\/h2>\n<p>Texto original da SBEDV<\/p>\n<p>A Sociedade Brasileira de Estudos de Discos Voadores (SBEDV), uma das pioneiras na pesquisa ufol\u00f3gica nacional, realizou investiga\u00e7\u00f5es sobre o Caso do Embornal em tr\u00eas ocasi\u00f5es: em 1\u00b0 de dezembro de 1979, 22 de dezembro de 1979 e 17 de fevereiro de 1980. Em seu Boletim 132\/135, de agosto de 1980, ela apresenta um relat\u00f3rio de sua investiga\u00e7\u00e3o em Baependi (MG), a qual transcrevemos alguns trechos abaixo:<\/p>\n<p>\u201cAfim de colher mais dados sobre o caso, pusemo-nos em campo. Tivemos um bom acolhimento por parte da fam\u00edlia da testemunha e uma grande ajuda em nossas pesquisas.<\/p>\n<p>Tivemos tamb\u00e9m, oportunidade de ver os negativos e admirar as amplia\u00e7\u00f5es, aqui reproduzidas.<\/p>\n<p>Como contribui\u00e7\u00e3o maior, descobrimos um magnetismo, (bastante aumentado) na extremidade do cano da espingarda, com a qual Arlindo, a tiracolo, havia entrado na nave extraterrestre.<\/p>\n<p>Este ultimo dado, representa um valioso ind\u00edcio, j\u00e1 que se diz que os extraterrestres conseguem vencer as enormes dist\u00e2ncias interplanet\u00e1rias e interestelares, por meio da atra\u00e7\u00e3o de seus potentes eletro\u00edm\u00e3s.<\/p>\n<p>Considera\u00e7\u00f5es sobre provas materiais do epis\u00f3dio<\/p>\n<p><a name=\"fotografias\"><\/a><\/p>\n<h3>As fotos (itens I a V)<\/h3>\n<p>As fotos de Arlindo, 11 pel\u00edculas de 42 x 42 mm (veja as c\u00f3pias de \u201ccontato\u201d fig n\u00b0 1 a 11), est\u00e3o contidas num rodo do filme n\u00b0. 127; isochrom pan 21.<\/p>\n<p>As pel\u00edculas de n\u00b0. 5 a 9 nada registram, provavelmente, pelo nervosismo do fot\u00f3grafo e\/ou aus\u00eancia ou funcionamento defeituoso do controle de exposi\u00e7\u00e3o da m\u00e1quina Tuca. As de n\u00b0 10 e 11, as duas ultimas do filme, s\u00e3o fotos de familiares de Arlindo.<\/p>\n<p>O primeiro objeto registrado \u2013 pel\u00edculas 1 e 2, veja pequeno circulo na fig1 e 2 \u2013 foi ampliado aproximadamente 12 vezes em A.1 e A.2 \u2013 veja circulo maior \u2013 igual procedimento foi adotado com o segundo objeto \u2013 figs. 3 e 4, respectivamente B.1 e B.2 \u2013 e tamb\u00e9m com o terceiro objeto \u2013 figs 6, 7 e 8, respectivamente C.2 e C.3. somente a pel\u00edcula C.2 teve aumento maior que o resto.<\/p>\n<p>Com rela\u00e7\u00e3o \u00e0s fotos e ao fot\u00f3grafo poder\u00e3o ser feitas as seguintes considera\u00e7\u00f5es:<\/p>\n<p><a name=\"honestidade\"><\/a><\/p>\n<h3>I \u2013 Honestidade do fot\u00f3grafo<\/h3>\n<p>\u00c9 freq\u00fcente os \u201cexperts\u201d ufol\u00f3gicos governamentais suspeitarem da honorabilidade do fot\u00f3grafo de DV especialmente quando se trata de contato amistoso. No passado isto aconteceu com George Adamski. Desse modo, a rea\u00e7\u00e3o destas pessoas no caso Arlindo constituir\u00e1 uma forma de avaliar a rea\u00e7\u00e3o da pol\u00edtica ufol\u00f3gica terrestre no presente.<\/p>\n<p><a name=\"tuca\"><\/a><\/p>\n<h3>II \u2013 Qualidade da lente da m\u00e1quina Tuca<\/h3>\n<p>Parece que a lente precisava de uma rigorosa limpeza e\/ou que ela \u00e9 demasiadamente simples e fraca para permitir uma amplia\u00e7\u00e3o 12 vezes maior de detalhes fotografados (a falta de sofistica\u00e7\u00e3o da lente produz uma falha no \u201cPower of resolution\u201d).<\/p>\n<p>Lembramo-nos de ter lido artigos que explicavam a possibilidade cient\u00edfica de serem corrigidas defici\u00eancias de fotos feitas, tanto por lente de qualidade inferior quando por uma focaliza\u00e7\u00e3o incorreta (da dist\u00e2ncia do objeto). Para tal seriam levados em considera\u00e7\u00e3o a dist\u00e2ncia focal da lente, a constitui\u00e7\u00e3o da lente propriamente dita e a dist\u00e2ncia do objeto fotografado. A corre\u00e7\u00e3o seria feita atrav\u00e9s de calculo matem\u00e1tico, em computador acoplado a recursos de aparelhos \u00f3ticos complementares. Estes recursos s\u00f3 s\u00e3o poss\u00edveis nos laborat\u00f3rios multinacionais ou governamentais, hostis \u00e0 Ufologia e, portando \u00e0 publica\u00e7\u00e3o de resultados de confirma\u00e7\u00e3o e prova da exist\u00eancia extraterrestres.<\/p>\n<p><a name=\"desenhos\"><\/a><\/p>\n<h3>III \u2013 Complementa\u00e7\u00e3o dos desenhos pelas fotos<\/h3>\n<p>Pelas amplia\u00e7\u00f5es do objeto n\u00b03 (C.1, C.2 e principalmente C.3), podemos complementar o desenho deste objeto, colocando, no plano horizontal, uma h\u00e9lice com os bra\u00e7os levantados obliquamente e ainda uma c\u00fapula central como se v\u00ea nas amplia\u00e7\u00f5es onde se v\u00ea, ainda, que o objeto irradiava luz ou forma de energia capaz de sensibilizar os sais de prata da pel\u00edcula (ver fig. \u201cc\u201d).<\/p>\n<p><a name=\"dimensoes\"><\/a><\/p>\n<h3>IV \u2013 C\u00e1lculo das dimens\u00f5es dos objetos<\/h3>\n<p>Comparando os tri\u00e2ngulos semelhantes vistos na figura \u201cN\u201d, o tamanho do objeto poder\u00e1 ser calculado tomando por base os valores da imagem na pel\u00edcula (vista nas c\u00f3pias de \u201ccontato\u201d) e a dist\u00e2ncia focal da m\u00e1quina de um lado e o tamanho real do objeto e sua dist\u00e2ncia do fot\u00f3grafo de outro.<\/p>\n<p>Conhecendo-se apenas tr\u00eas destes dados, inclusive a dist\u00e2ncia focal da m\u00e1quina fotogr\u00e1fica poderemos calcular a 4\u00aa grandeza (procurada) \u2013 o tamanho do objeto fotografado. Para maior precis\u00e3o, o calculo dever\u00e1, considerar o tamanho do objeto nas amplia\u00e7\u00f5es e este valor ser\u00e1 dividido por 12 (fator da amplia\u00e7\u00e3o).<\/p>\n<p>OBSERVA\u00c7\u00c3O<\/p>\n<p>Tentamos em v\u00e3o adquirir no mercado (cessou a fabrica\u00e7\u00e3o?) uma m\u00e1quina fotogr\u00e1fica Tuca. Arlindo doou a sua \u00e0 Ubirajara, o qual n\u00e3o nos informou ainda sobre a dist\u00e2ncia entre a lente e a chapa (dist\u00e2ncia focal).<\/p>\n<p><a name=\"movimento\"><\/a><\/p>\n<h3>V \u2013 considera\u00e7\u00e3o sobre o movimento dos objetos resp. do fot\u00f3grafo, durante a tomada de fotos.<\/h3>\n<p>Poder\u00e1 ser considerada a movimenta\u00e7\u00e3o do fot\u00f3grafo ou do objeto \u2013 DV \u2013 entre uma e outra como, por exemplo, entre C.2 e C.3 pois, enquanto numa se v\u00ea o c\u00e9u como fundo, na outra se v\u00ea a serra, \u00e0 direita.<\/p>\n<p>Possivelmente, entre uma e outra o fot\u00f3grafo se moveu para a esquerda.<\/p>\n<p><a name=\"magnetismo\"><\/a><\/p>\n<h3>O magnetismo nas armas<\/h3>\n<p>O magnetismo, evidenciado pelo a\u00e7o das armas, uma espingarda americana CO 28 GA \u2013 CHOKI, de 28 mm, e um revolver brasileiro, Castelo, 32 mm, cano curto, foi por n\u00f3s pesquisado, durante a nossa primeira estada, na casa de Arlindo, e registrava \u00edndice muito baixo: \u00bc a \u00bd Gauss, no rev\u00f3lver e \u00bc de Gauss, na regi\u00e3o do gatilho da espingarda (usando o magnet\u00edmetro Perrin-jaquet, Su\u00ed\u00e7a).<\/p>\n<p>Por ocasi\u00e3o da nossa segunda visita ao local, Tadeu, irm\u00e3o de Arlindo, nos sugeriu a pesquisa do magnetismo, ao longo de todo o cano da espingarda. A surpresa foi grande, quando constatamos, que em dire\u00e7\u00e3o \u00e0 boca do cano, tal \u00edndice era muito maior; chegando a alcan\u00e7ar uma intensidade, relativamente alta, de quase 2 gauss.<\/p>\n<p>\u00c9 valido lembrar que a testemunha do caso, Arlindo, entrou no disco, segurando a sua m\u00e1quina fotogr\u00e1fica com as m\u00e3os; o rev\u00f3lver preso ao cinto, \u00e0 direita; e \u00e0 esquerda, a espingarda ereta, a tiracolo. Da\u00ed, o nosso argumento em rela\u00e7\u00e3o \u00e0 boca da arma, ter ficado mais pr\u00f3xima de fontes energ\u00e9ticas; possivelmente, de ordem magn\u00e9ticas, alojadas no alto da sala circular, no disco voador (ver fig. G).<\/p>\n<p>Durante sua pesquisa, a SBEDV obteve croquis representativos do contato de Arlindo. Ao longo do Boletim j\u00e1 mencionado, os pesquisadores comentam tais croquis e o relacionam com o depoimento ou com a pesquisa desenvolvida. Em rela\u00e7\u00e3o aos objetos desenhados por Arlindo, os pesquisadores da SBEDV comentam:<\/p>\n<p>&#8220;Arlindo, na Figura B, no seu croquis do objeto em vista lateral, por engano desenhoua h\u00e9lice em planta baixa. Tamb\u00e9m, no seu croquis do objeto, n\u00e3o enfatizou graficamente a forma ov\u00f3ide; o leitor ent\u00e3o poder\u00e1 imaginar que teria sido elips\u00f3ide. No croquis do 3\u00b0 objeto (em vista lateral) &#8211; fig. C &#8211; Arlindo cometeu o mesmo engano que em B, desenhando a h\u00e9lice em planta baixa&#8221;.<\/p>\n<p>&nbsp;<\/p>\n<h2>Entrevista com Arlindo Gabriel dos Santos<\/h2>\n<p>Transcrevemos a seguir trechos da entrevista realizada por pesquisadores do Centro Varginhense de Pesquisas Parapsicol\u00f3gicas (CEVAPPA), com Arlindo Gabriel dos Santos, protagonista do contato de terceiro grau na zona rural de Baependi, Sul de Minas Gerais, e publicado na Revista OVNI Documento, n\u00b05, de outubro\/dezembro de 1979.<\/p>\n<p>CEVAPPA: Senhor Arlindo, qual \u00e9 o seu nome completo?<\/p>\n<p>Arlindo Gabriel dos Santos.<\/p>\n<p>CEVAPPA: Quantos anos o senhor tem?<\/p>\n<p>Trinta e dois.<\/p>\n<p>CEVAPPA: O senhor tem fazenda aqui?<\/p>\n<p>Tenho.<\/p>\n<p>CEVAPPA: \u00c9 de sua propriedade mesmo?<\/p>\n<p>De minha propriedade particular.<\/p>\n<p>CEVAPPA: Onde fica localizada esta fazenda?<\/p>\n<p>O lugar \u00e9 na fazenda do sobrado.<\/p>\n<p>CEVAPPA: Quantos quil\u00f4metros daqui, mais ou menos?<\/p>\n<p>Daqui l\u00e1, tem 42 a 43 quil\u00f4metros.<\/p>\n<p>CEVAPPA: O senhor fica l\u00e1 o dia todo?<\/p>\n<p>Fico.<\/p>\n<p>CEVAPPA: Quais s\u00e3o as suas fun\u00e7\u00f5es l\u00e1 na sua fazenda?<\/p>\n<p>Bem, l\u00e1 tenho vacas, caf\u00e9 n\u00e3o.<\/p>\n<p>CEVAPPA: No momento o neg\u00f3cio de caf\u00e9 n\u00e3o est\u00e1 compensando muito, n\u00e3o \u00e9?<\/p>\n<p>[Risadas]<\/p>\n<p>CEVAPPA: Arlindo, n\u00f3s ficamos sabendo, por interm\u00e9dio de outras pessoas e jornais, que o senhor viu naquelas paragens alguma coisa estranha. E que o senhor fotografou isso. Gostaria ent\u00e3o que me dissesse quando foi que isso aconteceu.<\/p>\n<p>Como que foi n\u00e9?<\/p>\n<p>CEVAPPA: Quando?<\/p>\n<p>Foi no dia 16 de maio.<\/p>\n<p>CEVAPPA: A que horas mais ou menos?<\/p>\n<p>Era mais ou menos dez e meia.<\/p>\n<p>CEVAPPA: Da noite?<\/p>\n<p>Do dia.<\/p>\n<p>CEVAPPA: Ent\u00e3o o senhor nos conte como foi tudo, desde o come\u00e7o, com o m\u00e1ximo de detalhes.<\/p>\n<p>Est\u00e1vamos eu e mais dois companheiros, ca\u00e7ando h\u00e1 seis quil\u00f4metros da sede da fazenda. A certa altura, resolvemos nos separar. Fomos cada um para um lado. Eu entrei em um mato, e, quando sa\u00ed do outro lado, num campo ap\u00f3s uma vala, avistei um aparelho que desceu. A\u00ed eu fiquei muito cismado com aquilo e cheguei l\u00e1 para ver. A\u00ed quando eu cheguei l\u00e1, avistei um aparelho numa baixada, numa dist\u00e2ncia que j\u00e1 foi medida, de 180 metros.<\/p>\n<p>CEVAPPA: Este aparelho como era?<\/p>\n<p>Este aparelho, quando eu o avistei, tinha forma de um poste, mais ou menos uns dois palmos de largura por um metro e meio de altura. Ao, meio cismado, com a \u201cKodak\u201d no embornal&#8230;<\/p>\n<p>CEVAPPA: O senhor tinha ido l\u00e1 pra ca\u00e7ar?<\/p>\n<p>A\u00ed tirei a m\u00e1quina&#8230; Sim, para ca\u00e7ar.<\/p>\n<p>CEVAPPA: E durante essas ca\u00e7adas, o senhor leva sempre sua c\u00e2mera?<\/p>\n<p>Levo. N\u00e3o foi a primeira vez que eu levei. Alguma vez a gente leva. Ent\u00e3o eu resolvi levar somente para a gente brincar. Quando eu vi aquilo, resolvi tirar a c\u00e2mera do embornal, rodei o filme e fotografei aquele aparelho. Depois fiquei apreciando aquilo e aquilo de repente desapareceu e eu n\u00e3o vi para onde ele foi.<\/p>\n<p>CEVAPPA: Desapareceu na sua vista?<\/p>\n<p>Na minha vista. N\u00e3o vi para que lado ele desapareceu e fui at\u00e9 o local. Quando cheguei mais embaixo, de repente desceu na minha frente outro aparelho. Tinha a forma de uma piorra, com um metro e pouco de altura e em cima tinha um h\u00e9lice girando.<\/p>\n<p>CEVAPPA: O aparelho tinha um metro e pouco de altura, ou estava a essa altura do ch\u00e3o?<\/p>\n<p>Era um metro e pouco de altura, o tamanho do aparelho. Por baixo, ele tinha uma ponta que parecia uma ponta de espada. Aquilo veio, desceu na minha frente, e eu parei. Parei, troquei o filme logo.<\/p>\n<p>CEVAPPA: Como? O senhor trocou o filme? Ele j\u00e1 tinha acabado?<\/p>\n<p>N\u00e3o. Eu passei o filme. E fotografei o aparelho. A\u00ed fiquei parado, de repente fez \u201cchiuuu\u201d! Deu aquele sopro, e aquilo se transformou numa fuma\u00e7a. Eu fiquei meio encabulado, passei o filme de novo e fotografei. Sa\u00ed. Quando eu andei poucos metros, desceu um outro. Este, tinha a forma de um barril, com um metro e meio, ou mais de altura. Desceu, bateu no ch\u00e3o, cai-n\u00e3o-cai, balan\u00e7ou, a\u00ed se afirmou. Tinha uma h\u00e9lice grande com asas do lado e o h\u00e9lice estava girando poucas voltas. Ele era listado de vermelho e branco. Tinha a forma de um barril. Ao que eu olhei, rodeio o filme e fotografei de novo.<\/p>\n<div id=\"attachment_4332\" style=\"width: 904px\" class=\"wp-caption aligncenter\"><img aria-describedby=\"caption-attachment-4332\" loading=\"lazy\" class=\"wp-image-4332 size-large\" src=\"https:\/\/www.fenomenum.com.br\/novo\/wp-content\/uploads\/2022\/03\/Imagem132854-894x1024.jpg\" alt=\"\" width=\"894\" height=\"1024\" \/><p id=\"caption-attachment-4332\" class=\"wp-caption-text\">Croquis dos objetos e do relevo local. [Cr\u00e9ditos: Revista OVNI Documento, edi\u00e7\u00e3o 5, p\u00e1g. 8]<\/p><\/div>\n<p>CEVAPPA: O senhor tirou tr\u00eas fotos?<\/p>\n<p>Tr\u00eas. A\u00ed sa\u00ed. Quando andei uns dez metros ele tinha desaparecido e desceu um aparelho muito grande. Este tinha a forma de um ovo, todo branquinho, mais ou menos uns 10 metros. Em cima ele tinha uma ponta. Dos lados do aparelho tinha uma asinha que parecia uma asa de peixe. E de um lado e do outro, da asinha, tinha umas janelinhas. Quando ele desceu, a uma dist\u00e2ncia de 1,5 ms, de mim ele parou. Fez um barulho esquisito, feito um motor que est\u00e1 afogado.<\/p>\n<p>CEVAPPA: Este era muito grande?<\/p>\n<p>Era do tamanho de uma casa.<\/p>\n<p>CEVAPPA: Este aparelho grande, desceu dentro do mesmo buraco ou era em um campo?<\/p>\n<p>No mesmo lugar.<\/p>\n<p>CEVAPPA: E o espa\u00e7o? Tinha muito espa\u00e7o para ele poder descer?<\/p>\n<p>Era grande. Quando ele desceu, eu vi sair dele 4 p\u00e9s.<\/p>\n<p>CEVAPPA: Como eram esses p\u00e9s?<\/p>\n<p>Pareciam uns p\u00e9s chatos, com uma esp\u00e9cie de latinha&#8230; com uma largura de uns seis ou sete cent\u00edmetros. (!)<\/p>\n<p>CEVAPPA: O senhor viu alguma janela neste ultimo aparelho?<\/p>\n<p>A\u00ed, quando deixei minhas coisas no ch\u00e3o e tornei a passar o filme, levei a \u201cKodak\u201d para fotografar, deu um rel\u00e2mpago!<\/p>\n<p>CEVAPPA: Rel\u00e2mpago? Luz?<\/p>\n<p>Deu aquele rel\u00e2mpago na minha vista, me ardeu os olhos, fiquei apavorado com aquilo, soltei as coisas da m\u00e3o e corri. Quando corri uns 10 metros ele me prendeu.<\/p>\n<p>CEVAPPA: Quem prendeu?<\/p>\n<p>O aparelho. Me prendeu, eu quis sair&#8230;<\/p>\n<p>CEVAPPA: Quer dizer: o aparelho estava l\u00e1 e o senhor tentou andar e n\u00e3o conseguiu?<\/p>\n<p>N\u00e3o. A\u00ed eu corri. Quando deu aquele rel\u00e2mpago que me atrapalhou a vista, eu senti medo e corri. Quando eu corri um pouco, fiquei preso. Eu n\u00e3o vi o que me prendeu, mas&#8230;<\/p>\n<p>CEVAPPA: N\u00e3o conseguiu se mexer?<\/p>\n<p>\u00c9. N\u00e3o podia me movimentar. A\u00ed eu fiquei nervoso, essa hora, e quando eu olho para tr\u00e1s tinha dois homens. Com aquele capacete, borracha, luvas&#8230;<\/p>\n<p>CEVAPPA: Era mesmo capacete, ou uma esp\u00e9cie de bon\u00e9?<\/p>\n<p>Era capacete mesmo.<\/p>\n<p>CEVAPPA: Estava muito apertado na cabe\u00e7a dele?<\/p>\n<p>Ah&#8230; o modelo era quase do tamanho da cabe\u00e7a dele mesmo. Vi tamb\u00e9m um tamborzinho nas costas, dele sa\u00eda um cano, que fazia uma volta, e se prendia no alto da cabe\u00e7a. Na frente era de vidro. Eu s\u00f3 via o rosto deles. Fiquei nervoso essa hora e os homens me pegaram cada um num bra\u00e7o. Falei pra eles: \u201cPelo amor de Deus, me soltem!\u201d. Eles ent\u00e3o disseram: \u201cEm Deus n\u00f3s todos somos irm\u00e3os!\u201d<\/p>\n<p>CEVAPPA: Ele lhe disse isso com a boca?<\/p>\n<p>\u00c9. Mas o som sa\u00eda pelo tamborzinho nas costas.<\/p>\n<p>CEVAPPA: Mas ele mexia com a boca ao falar?<\/p>\n<p>A boca mexia. Mas a voz parecia que n\u00e3o era na frente. Era do outro lado. Ent\u00e3o ele falou assim: \u201cEm Deus n\u00f3s todos somos irm\u00e3os!\u201d. N\u00e3o fazemos mal \u00e0 ningu\u00e9m. Apenas queremos uma informa\u00e7\u00e3o\u201d. E me levaram para o aparelho. Quando eu cheguei perto do aparelho, senti que ele era frio.<\/p>\n<p>CEVAPPA: Dentro?<\/p>\n<p>Fora do aparelho. Quando cheguei perto, senti um ar frio. Ali, um homem em p\u00e9, numa escada, com 4 degraus. Ent\u00e3o o homem tava em p\u00e9, eu cheguei meio nervoso, olhando prum lado e pro outro&#8230; ele vai e pergunta pr\u00e1 mim&#8230;<\/p>\n<p>CEVAPPA: Este tamb\u00e9m tinha capacete?<\/p>\n<p>Tinha capacete. Da mesma forma, igual aos outros.<\/p>\n<p>CEVAPPA: E o rosto dele, era diferente do dos outros?<\/p>\n<p>Era diferente. Ent\u00e3o ele me perguntou se eu n\u00e3o dava not\u00edcia se foi visto uma \u201cZURCA\u201d ali por perto.<\/p>\n<p>CEVAPPA: Como?<\/p>\n<p>Uma \u201cZurca\u201d.<\/p>\n<p>CEVAPPA: Zurca?<\/p>\n<p>\u00c9, em terra. Falei que n\u00e3o. Perguntei ent\u00e3o o que era \u201cZurca\u201d. Ele disse que era um aparelho que eles \u201ctransmitiram\u201d de l\u00e1 para c\u00e1, em comunica\u00e7\u00e3o como todos os aparelhos daqui da Terra. Disse que ele tomou contato com uma \u201clinha universal\u201d e desregulou o rotor e queimou a transmiss\u00e3o do aparelho. A\u00ed falei que n\u00e3o e perguntei de onde eles eram. E disseram: \u201cN\u00f3s somos do lado de uma costa\u201d. E n\u00e3o perguntei nada. E me disse: \u201cTu tens intelig\u00eancia? Tem cultura?\u201d E falei: N\u00e3o. Ent\u00e3o ele me deu a m\u00e3o direita e me levou pr\u00e1 dentro da nave, junto com seus companheiros dele.<\/p>\n<div id=\"attachment_4341\" style=\"width: 440px\" class=\"wp-caption aligncenter\"><img aria-describedby=\"caption-attachment-4341\" loading=\"lazy\" class=\"wp-image-4341 size-full\" src=\"https:\/\/www.fenomenum.com.br\/novo\/wp-content\/uploads\/2022\/03\/hunterntervue2.jpg\" alt=\"\" width=\"430\" height=\"264\" \/><p id=\"caption-attachment-4341\" class=\"wp-caption-text\">Arlindo Gabril foi entrevistado por v\u00e1rios uf\u00f3logos brasileiros e estrangeiros.<\/p><\/div>\n<p>&nbsp;<\/p>\n<p>&nbsp;<\/p>\n<p>CEVAPPA: A m\u00e3o dele tinha luva?<\/p>\n<p>Tinha. Era frio e liso.<\/p>\n<p>CEVAPPA: Nesse momento o senhor j\u00e1 estava dentro do aparelho, ou na escada?<\/p>\n<p>N\u00e3o. Ele pegou minha m\u00e3o, eu subi a escada de quatro degraus, e entrei no aparelho.<\/p>\n<p>CEVAPPA: Como era a porta?<\/p>\n<p>A porta era quadrada, com mais ou menos 1 metro e pouco.<\/p>\n<p>CEVAPPA: O senhor notou algum controle para abrir essa porta?<\/p>\n<p>N\u00e3o. J\u00e1 estava aberta quando entrei.<\/p>\n<p>CEVAPPA: E a temperatura dentro do aparelho?<\/p>\n<p>Parecia que eu estava dentro de um outro mundo. Era meio frio, esquisito, com um cheirinho de poeira. Tinha dois outros homens sentados numa cadeira poltrona.<\/p>\n<p>CEVAPPA: Os homens estavam de capacete tamb\u00e9m?<\/p>\n<p>Estavam de capacete, da mesma forma.<\/p>\n<p>CEVAPPA: De que cor era a sua roupa?<\/p>\n<p>Era preta.<\/p>\n<p>CEVAPPA: O senhor observou seus olhos?<\/p>\n<p>O olho deles era meio rasgado, puxado, o nariz reto, a boca rasgada tamb\u00e9m, como estivessem rindo.<\/p>\n<p>CEVAPPA: L\u00e1bios?<\/p>\n<p>L\u00e1bios finos, as fei\u00e7\u00f5es eram como a de um homem como n\u00f3s, sem barba. Esses homens estavam fazendo barulho, batendo m\u00e1quina. Batendo m\u00e1quina.<\/p>\n<p>CEVAPPA: Batendo m\u00e1quina?<\/p>\n<p>\u00c9. Batendo m\u00e1quina, mas n\u00e3o posso descrever essas m\u00e1quinas, n\u00e3o eram de escrever sei l\u00e1! Eram m\u00e1quinas esquisitas e eles batiam&#8230; de repente se levantaram, conversando um com o outro, chacoalhando a cabe\u00e7a, mas eu n\u00e3o compreendia nada. Ent\u00e3o saiu de uma sala uma mo\u00e7a vestida de branco, luvas&#8230;<\/p>\n<p>CEVAPPA: Capacete?<\/p>\n<p>N\u00e3o. Essa n\u00e3o tinha. Cabelo assentado dos lados, cor da pele morena, bonita mo\u00e7a. Olhos, nariz e boca eram da mesma forma dos outros. Mesmo modelo; ombro esburrachado, baixinha.<\/p>\n<p>CEVAPPA: E a cor do cabelo dela?<\/p>\n<p>Era escuro. (posteriormente, no dia 25\/6\/79, o senhor Arlindo escreveu uma carta ao relator, corrigindo o que na fita dissera quanto aos cabelos da suposta mulher. Segundo ele , errara ao conceder a entrevista e agora ressalvava: \u201cacho que no meio desta grava\u00e7\u00e3o, a mo\u00e7a \u00e9 loira e do rosto rosado, e usava um aparelho no ouvido como se fosse um ouvidor de telefone. Acho que foi dito morena clara. Se estive gravado, poder\u00e1 acertar, eu confundi, \u00e9 rosado.\u201d). A\u00ed eu notei que ela era muito diferente de n\u00f3s&#8230; n\u00e3o era uma pessoa comum, tinha um aparelho no ouvido, um ouvidor, n\u00e3o sei como \u00e9 que era. Ela conversou com um rapaz, olhou para mim, ele p\u00f4s as m\u00e3os nas minhas costas e me levou l\u00e1 num c\u00f4modo. A mo\u00e7a na frente,eu no meio e o mo\u00e7o atr\u00e1s. Quando ele p\u00f4s a m\u00e3o nas minhas costas, eu entrei num corredor.<\/p>\n<p>CEVAPPA: A mo\u00e7a falou alguma coisa para o senhor?<\/p>\n<p>Na hora n\u00e3o. Quando me levou no c\u00f4modo, tinha um aparelho em forma de uma geladeira, maior.<\/p>\n<p>CEVAPPA: Tinha algum m\u00f3vel sem ser essa esp\u00e9cie de geladeira, tipo sof\u00e1, cadeira?<\/p>\n<p>Isso era diferente. L\u00e1 dentro n\u00e3o tinha n\u00e3o. Eu s\u00f3 vi o tal aparelho. Ent\u00e3o o homem apertou um bot\u00e3o e aquele aparelho acendeu. Era repartido em duas partes. Parecia uma pedra de marfim, de mais ou menos um meio metro quadrado. Quando o homem mexeu no bot\u00e3o ele acendeu. A mo\u00e7a ent\u00e3o pegou uma varinha e quando o aparelho acendeu, ela mostrou pra mim a Terra, a Lua e o Sol. Eu fiquei quieto, n\u00e3o dei resposta e nada perguntei. A Terra foi movimentando, movimentando e desapareceu. Quando a Terra desapareceu, apareceu uma mancha do outro lado. Ent\u00e3o a moa falou: \u201cAqui \u00e9 onde n\u00f3s estamos: N\u00f3s viemos aqui gastando poucas horas. De acordo com a movimenta\u00e7\u00e3o da Terra, temos um contato com o Sol, a Lua e a Terra\u201d.<\/p>\n<p>CEVAPPA: Mas n\u00e3o lhe disseram de onde vinham?<\/p>\n<p>Eu n\u00e3o perguntei. Ent\u00e3o ela fez a explica\u00e7\u00e3o para mim, mas eu achei que esse lugar dela n\u00e3o era na Terra, porque a nossa Terra sumira e escureceu o aparelho e apareceu uma esp\u00e9cie de mapa. A\u00ed desligou-se o aparelho. Quando n\u00f3s voltamos, um deles tirou o capacete fora&#8230;<\/p>\n<p>CEVAPPA: Dentro do aparelho?<\/p>\n<p>Dentro do aparelho. Tinha um cabelo baixinho, baixinho mesmo, olhos da mesma forma dos da mo\u00e7a.<\/p>\n<p>CEVAPPA: E a conforma\u00e7\u00e3o da cabe\u00e7a dele?<\/p>\n<p>Igual \u00e0 dos outros. A n\u00e3o ser o cabelo da testa. Ele n\u00e3o tinha testa como n\u00f3s n\u00e3o. Ent\u00e3o eles falaram para mim assim: \u201cn\u00f3s somos da mesma mat\u00e9ria, do mesmo sangue e vivemos do mesmo trabalho. Daqui a pouco, teremos conjun\u00e7\u00e3o\u201d. Quando eu fui para descer do aparelho, eles disseram: \u201cDesce e protege a vista, que o aparelho condena a vista\u201d. A\u00ed eu desci, estava meio preso e n\u00e3o olhei para tr\u00e1s.<\/p>\n<p>CEVAPPA: E eles desceram com o senhor pela escada?<\/p>\n<p>Eles ficaram dentro do aparelho. Eu fiquei meio esquisito, meio tonto, chamei pelos meus amigos.<\/p>\n<p>CEVAPPA: E o senhor n\u00e3o viu o aparelho levantando v\u00f4o?<\/p>\n<p>N\u00e3o vi ele levantar, n\u00e3o vi como ele saiu. Chamei os companheiros, eles vieram perguntando o que tinha acontecido. Eu estava ruim, sentindo enj\u00f4o, tontura. Voltamos ao local. Eu tinha deixado uma bolsa contendo bolo, sardinha, tudo tinha desaparecido. No lugar onde o aparelho tinha descido, ficou a marca de quatro p\u00e9s.<\/p>\n<p>CEVAPPA: Est\u00e3o l\u00e1 at\u00e9 hoje?<\/p>\n<p>At\u00e9 hoje.<\/p>\n<p>CEVAPPA: Tem capim queimado l\u00e1?<\/p>\n<p>N\u00e3o, o capim ficou baixo com a marca dos quatro p\u00e9s.<\/p>\n<p>CEVAPPA: Quando tudo acabou, o senhor se lembrou de olhar o rel\u00f3gio?<\/p>\n<p>Um companheiro meu tinha rel\u00f3gio, eu estava sem.<\/p>\n<p>CEVAPPA: Sabe que horas eram?<\/p>\n<p>Eles me falaram que eram uma dez e meia.<\/p>\n<p>CEVAPPA: Quando come\u00e7ou?<\/p>\n<p>Quando come\u00e7ou.<\/p>\n<p>CEVAPPA: E quando terminou?<\/p>\n<p>Se n\u00e3o me engano, tinha passado mais de hora.<\/p>\n<p>CEVAPPA: Antes de come\u00e7ar tudo, o senhor estava junto com eles?<\/p>\n<p>Estava.<\/p>\n<p>CEVAPPA: Eles n\u00e3o viram nem ouviram nada daquilo que acontecia com voc\u00ea?<\/p>\n<p>N\u00e3o, a gente tinha se separado.<\/p>\n<p>CEVAPPA: Porque voc\u00eas estavam separados?<\/p>\n<p>N\u00f3s marcamos encontro, \u00edamos cada um para um lado, depois nos encontrar\u00edamos. Eles n\u00e3o viram nada, nem antes nem depois.<\/p>\n<p>CEVAPPA: N\u00f3s vimos pelos jornais, que o senhor havia tido um problema com uma vaca?<\/p>\n<p>O problema \u00e9 o seguinte: eu estava ca\u00e7ando. N\u00e3o queria que dissessem isso e falei que quando tudo aconteceu, eu estava procurando uma vaca que desaparecera.<\/p>\n<p>Porque o senhor n\u00e3o queria que falassem de sua ca\u00e7ada?<\/p>\n<p>\u00c9 que a guarda florestal anda muito por aqui e a ca\u00e7ada \u00e9 proibida. A\u00ed resolvi inventar a est\u00f3ria da vaca, com receio de ter problemas.<\/p>\n<p>CEVAPPA: Sr. Arlindo, este lugar onde aconteceu \u00e9 muito isolado? Vai muita gente l\u00e1?<\/p>\n<p>N\u00e3o. L\u00e1 n\u00e3o vai quase ningu\u00e9m.<\/p>\n<p>CEVAPPA: L\u00e1 tem muitas montanhas ou \u00e9 plan\u00edcie?<\/p>\n<p>Tem muita montanha por perto e campo.<\/p>\n<p>CEVAPPA: Quantos objetos o senhor viu?<\/p>\n<p>Quatro.<\/p>\n<p>CEVAPPA: Durante isso tudo, durante qualquer das apari\u00e7\u00f5es, o senhor sentiu alguma coisa na pele?<\/p>\n<p>N\u00e3o.<\/p>\n<p>CEVAPPA: E na hora que entrou no aparelho?<\/p>\n<p>Senti um ar frio.<\/p>\n<p>CEVAPPA: E depois que voltou para Baependi? O que o senhor sentiu?<\/p>\n<p>Durante muitos dias eu fiquei com os olhos inchados.<\/p>\n<p>CEVAPPA: O senhor ficou com a menina dos olhos, essa bolinha, dilatada? Sofria da vista?<\/p>\n<p>N\u00e3o.<\/p>\n<p>CEVAPPA: Naquele dia, em que tudo aconteceu, dormiu bem?<\/p>\n<p>Dormi, mas fiquei com aquilo na id\u00e9ia.<\/p>\n<p>CEVAPPA: Sonhou com alguma coisa?<\/p>\n<p>Sonhei a mesma coisa. Que entrei dentro do aparelho&#8230;<\/p>\n<p>CEVAPPA: No seu sonho, tinha alguma coisa diferente do que realmente aconteceu? O que viu no sonho que n\u00e3o viu no aparelho?<\/p>\n<p>Sonhei que eles me levaram no aparelho, estava num mundo diferente. Fiquei nervoso, aquele mundo era uma coisa esquisita&#8230;<\/p>\n<p>CEVAPPA: Tente lembrar algum aspecto deste mundo que viu no sonho.<\/p>\n<p>Era diferente, o mundo deles, mas n\u00e3o posso dar not\u00edcia.<\/p>\n<p>CEVAPPA: Viu neste mundo edif\u00edcios, casas?<\/p>\n<p>Vi muita coisa, mas n\u00e3o sei se era casa<\/p>\n<p>CEVAPPA: No seu sonho, por acaso, sonhou que eles o estavam examinando dentro do aparelho?<\/p>\n<p>N\u00e3o.<\/p>\n<p>CEVAPPA: Posteriormente o senhor notou alguma coisa diferente na pele, como manchas, espinhas?<\/p>\n<p>N\u00e3o notei nada.<\/p>\n<p>CEVAPPA: A parte inferior da sua barriga estava dolorida?<\/p>\n<p>N\u00e3o.<\/p>\n<p>CEVAPPA: O senhor foi examinado pelo Dr. Evaristo. Foi ele quem lhe mandou chamar, ou o senhor mesmo quis fazer esse exame?<\/p>\n<p>Ele me mandou chamar. Eu fui, ele me disse que meu cora\u00e7\u00e3o estava um pouco acelerado.<\/p>\n<p>CEVAPPA: Ele tentou hipnotiz\u00e1-lo, faz\u00ea-lo dormir?<\/p>\n<p>N\u00e3o.<\/p>\n<p>CEVAPPA: Uma pergunta que escapou: quando tudo terminou, que horas eram?<\/p>\n<p>Onze e meia.<\/p>\n<p>CEVAPPA: Para reencontrar seus amigos o senhor andou muito?<\/p>\n<p>Andei muito, fiquei frouxo porque estava me sentindo mal.<\/p>\n<p>CEVAPPA: O aparelho em forma de piorra, ou seja, o segundo, \u201crodava\u201d? Muito?<\/p>\n<p>S\u00f3 a h\u00e9lice dela.<\/p>\n<p>CEVAPPA: O que o senhor acha que foi isso tudo que o senhor viu?<\/p>\n<p>Antes de conhecer, eu achava que essas coisas eram daqui mesmo da Terra, algumas experi\u00eancia que eles estavam fazendo.<\/p>\n<p>CEVAPPA: Eles quem?<\/p>\n<p>Gente daqui mesmo. Depois disso tenho certeza de que eles s\u00e3o de outro mundo.<\/p>\n<p>CEVAPPA: O senhor acreditava em disco voador?<\/p>\n<p>N\u00e3o acreditava. Quando esse aparelho desceu, eu achei que n\u00e3o era daqui, n\u00e3o era da Terra. E lembrei do disco voador.<\/p>\n<p>CEVAPPA: Sr. Arlindo, o senhor assiste cinema?<\/p>\n<p>Assisto.<\/p>\n<p>CEVAPPA: Assiste muito?<\/p>\n<p>Muito poucas vezes, porque n\u00e3o moro aqui.<\/p>\n<p>CEVAPPA: J\u00e1 assistiu a algum filme de disco voador?<\/p>\n<p>J\u00e1 assisti na televis\u00e3o.<\/p>\n<p>CEVAPPA: Qual?<\/p>\n<p>N\u00e3o lembro o nome<\/p>\n<p>CEVAPPA: O senhor gostava desse tipo de assunto? Interessava-se ?<\/p>\n<p>Eu me interessava.<\/p>\n<p>CEVAPPA: O seu irm\u00e3o se referiu a um certo rel\u00f3gio. O que \u00e9 isso?<\/p>\n<p>Esse rel\u00f3gio estava dentro do aparelho. Parecia um rel\u00f3gio de usina, grande, que ficava dando a volta. Ia at\u00e9 no meio e voltava. Aquele aparelho era encantado, tinha muita coisa dentro dele. Alavancas, bot\u00f5es&#8230; a cor dele era meio marrom, n\u00e3o sei de que material era.<\/p>\n<p>CEVAPPA: A cor do aparelho por fora era marrom?<\/p>\n<p>Por fora era branco como uma neve. Por dentro era marrom. O material dele alumiava.<\/p>\n<p>CEVAPPA: Os homens que o levaram para dentro n\u00e3o tiraram a sua roupa, nem examinaram o seu corpo?<\/p>\n<p>N\u00e3o. S\u00f3 se me examinaram e eu n\u00e3o vi. Mas n\u00e3o senti.<\/p>\n<p>CEVAPPA: A mo\u00e7a que o levou para o c\u00f4modo, s\u00f3 fez isso para lhe mostrar o aparelho?<\/p>\n<p>S\u00f3.<\/p>\n<p>CEVAPPA: O senhor disse que havia um homem na escada que o levou para dentro. Tinha a tal mo\u00e7a. Quantas outras pessoas havia?<\/p>\n<p>Dois foram me buscar onde eu estava. Quando eu cheguei no aparelho, tinha mais um e dentro do aparelho, tinha mais dois. Depois, a mo\u00e7a. Tinha cinco homens e uma mo\u00e7a.<\/p>\n<p>CEVAPPA: O que mais lhe falaram?<\/p>\n<p>Falaram muita coisa, eu n\u00e3o compreendia nada. Muita palavra estranha, n\u00e3o sei que palavras eram.<\/p>\n<p>CEVAPPA: Eles haviam perguntado se o senhor tinha visto um aparelho que se chamava \u201czurca\u201d e o senhor respondeu que n\u00e3o. Mas, perguntaram se havia visto naquela hora ou dias antes?<\/p>\n<p>N\u00e3o falaram nada disso. S\u00f3 perguntaram se n\u00e3o foi visto.<\/p>\n<p>CEVAPPA: O seu assunto, foi muito comentando na cidade? Como os jornais ficaram sabendo?<\/p>\n<p>Eu cheguei aqui, e contei para o meu irm\u00e3o e ele espalhou contando para o jornal de Baependi, que publicou.<\/p>\n<p>CEVAPPA: O senhor tirou muitas c\u00f3pias das fotografias?<\/p>\n<p>Por enquanto n\u00e3o.<\/p>\n<p>CEVAPPA: Quantas mandou fazer?<\/p>\n<p>Primeiro, s\u00f3 revelaram as fotos. Depois, o Dr. Evaristo mandou fazer c\u00f3pias e levou para o Rio. Depois foram reveladas mais quatro. Eu tirei quatro fotos na hora.<\/p>\n<p>CEVAPPA: Quanto o senhor entrou no aparelho, estava com a c\u00e2mera na m\u00e3o?<\/p>\n<p>Sim<\/p>\n<p>CEVAPPA: Eles n\u00e3o lhe perguntaram o que era aquilo? Nem tentaram lhe tirar?<\/p>\n<p>Nada disso. Entrei no aparelho de revolver e espingarda. N\u00e3o mandaram tirar, tamb\u00e9m n\u00e3o lembrei. O rev\u00f3lver estava na cintura e a espingarda no ombro.<\/p>\n<p>CEVAPPA: Porque deixou os embornais no ch\u00e3o?<\/p>\n<p>Eu estava com dois. Um ficou no ombro. Eu estava com o corpo preso e deixei o embornal no ch\u00e3o para poder fotografar o aparelho. E ali ficou.<\/p>\n<p>CEVAPPA: O senhor viu se eles tinham alguma arma, ou alguma coisa que parecesse?<\/p>\n<p>Dentro do aparelho tinha muita coisa, mas nada que parecesse com arma.<\/p>\n<p>CEVAPPA: O senhor tem alguma coisa a mais a dizer sobre o seu caso?<\/p>\n<p>Por isso \u00e9 s\u00f3. Muitas pessoas n\u00e3o acreditam, porque n\u00e3o viram o que eu vi. Mas eu tive o contato e tenho o prazer de falar.<\/p>\n<p>&nbsp;<\/p>\n<h2>O Embornal de Pano<\/h2>\n<p>Equipe CIPEX<\/p>\n<p>Um dos detalhes mais pol\u00eamicos do Caso Baependi \u00e9 embornal de pano, perdido por Arlindo Gabriel durante o contato, e reencontrado tempos depois durante investiga\u00e7\u00f5es no local do pouso dos objetos. Quando perdido, o embornal continha frutas que a testemunha levou para alimentar-se durante a ca\u00e7ada. Ao ser encontrado, ele estava vazio, danificado, tendo em uma das faces externas coberto por inscri\u00e7\u00f5es e quatro desenhos. As investiga\u00e7\u00f5es sobre o embornal continuaram por anos a fio, sendo que alguns dados interessantes puderam ser obtidos.<\/p>\n<p>A primeira destas descobertas foi a not\u00e1vel semelhan\u00e7a entre caracteres estampados no pano e caracteres do hebraico antigo. Inclusive, existiam trechos inteiros id\u00eanticos \u00e0 trechos encontrados nos Pergaminhos de Qunram, descobertos nas imedia\u00e7\u00f5es do Mar Morto. Em 4 de dezembro de 1979, a pesquisadora Paullete Gustin enviou uma carta \u00e0 uf\u00f3loga Irene Granchi, solicitando uma fotografia n\u00edtida do embornal e seus caracteres. Ela tinha um bom conhecimento sobre os manuscritos do Mar Morto e conhecida alguns pesquisadores dos pergaminhos. Dona Irene enviou a fotografia \u00e0 estudiosa que repassou aos pesquisadores de Jerusal\u00e9m, sem mencionar que eles estavam ligados \u00e0 um caso ufol\u00f3gico. Algum tempo depois eles solicitaram mais dados, como origem da pe\u00e7a, medidas, etc, e a partir da\u00ed n\u00e3o houve qualquer retorno positivo ou negativo sobre as investiga\u00e7\u00f5es.<\/p>\n<p>Coube \u00e0 estudiosos independentes a continuidade dos estudos e \u00e0 divulga\u00e7\u00e3o dos mesmos. Assim foi poss\u00edvel identificar similaridades e padr\u00f5es lingu\u00edsticos interessantes. Os 146 caracteres est\u00e3o divididos em 10 linhas. As ultimas linhas est\u00e3o mais borradas que a primeira, dificultando o trabalho de an\u00e1lise. No total, foram identificados plenamente 110 caracteres, ou seja, 75% do total da mensagem.<\/p>\n<p>No centro das inscri\u00e7\u00f5es est\u00e3o inseridos 4 desenhos: um semelhante \u00e0 um chap\u00e9u, um travess\u00e3o diagonal, um ret\u00e2ngulo e um hex\u00e1gono. Paulo Stekel, uf\u00f3logo e estudioso de l\u00ednguas antigas, em artigo para a Revista UFO, edi\u00e7\u00e3o 37, de abril de 1995, cita que existe uma semelhan\u00e7a entre estes caracteres com escrita fen\u00edcia, aramaica, hebraica e eg\u00edpcia. Ele cita, tamb\u00e9m, que sua caracter\u00edstica fon\u00e9tica remete ao s\u00e2nscrito, demonstrando que a linguagem do embornal \u00e9 de natureza ecl\u00e9tica, com caracter\u00edsticas consonantais do hebraico,e um estilo cursivo da escrita eg\u00edpcia hier\u00e1tica e dem\u00f3tica, tendo a riqueza fon\u00e9tica do s\u00e2nscrito.<\/p>\n<p>Quanto aos quatro desenhos, n\u00e3o se tem uma certeza definitiva sobre seu significado. Partindo hipoteticamente pelo lado simb\u00f3lico, o travess\u00e3o e o chap\u00e9u seriam alus\u00f5es \u00e0 dois tipos de aparelhos n\u00e3o identificados, catalogados pela Ufologia. O terceiro s\u00edmbolo, do ponto de vista cabal\u00edstico, representa a autoridade e a confian\u00e7a em valores estabelecidos. O quarto s\u00edmbolo representaria, segundo Stekel, a rela\u00e7\u00e3o do homem com o cosmo e a fraternindade universal.<\/p>\n<p>No texto, propriamente dito, as ultimas quatro palavras (que comp\u00f5em a ultima linha) n\u00e3o puderam ser identificadas corretamente. Das 66 palavras presentes no texto, apenas 18 n\u00e3o puderam ser traduzidas, n\u00e3o impedindo, entretanto, captar a o sentido geral da mensagem do texto. A mensagem original pode ser conferida no quadro 1, abaixo:<\/p>\n<table style=\"height: 336px; width: 60.9485%;\" border=\"1\" width=\"60.9485%\">\n<tbody>\n<tr style=\"height: 48px;\">\n<td style=\"height: 48px;\" colspan=\"2\" bgcolor=\"#E8E8E8\"><b>Quadro 1 &#8211; Texto impresso pelos tripulantes do objeto relatado no Caso, em idioma hebraico<\/b><\/td>\n<\/tr>\n<tr style=\"height: 24px;\">\n<td style=\"height: 24px;\" bgcolor=\"#F0F0F0\">( 1 )<\/td>\n<td style=\"height: 24px;\" bgcolor=\"#F0F0F0\">Ros tsaq deshe&#8217; bu (to)m po&#8217;<\/td>\n<\/tr>\n<tr style=\"height: 24px;\">\n<td style=\"height: 24px;\" bgcolor=\"#F0F0F0\">( 2 )<\/td>\n<td style=\"height: 24px;\" bgcolor=\"#F0F0F0\">R****** laph\u00ed saz ioph tath hu&#8217;<\/td>\n<\/tr>\n<tr style=\"height: 24px;\">\n<td style=\"height: 24px;\" bgcolor=\"#F0F0F0\">( 3 )<\/td>\n<td style=\"height: 24px;\" bgcolor=\"#F0F0F0\">G(one)n ******\u00a0 laph sahv&#8217;ag tsan kaq gan\u00f4<\/td>\n<\/tr>\n<tr style=\"height: 24px;\">\n<td style=\"height: 24px;\" bgcolor=\"#F0F0F0\">( 4 )<\/td>\n<td style=\"height: 24px;\" bgcolor=\"#F0F0F0\">T ****** \u00edy *** u t *** &#8216;al-m(ah) kageh<\/td>\n<\/tr>\n<tr style=\"height: 24px;\">\n<td style=\"height: 24px;\" bgcolor=\"#F0F0F0\">( 5 )<\/td>\n<td style=\"height: 24px;\" bgcolor=\"#F0F0F0\">&#8216;an lakthi tso<\/td>\n<\/tr>\n<tr style=\"height: 24px;\">\n<td style=\"height: 24px;\" bgcolor=\"#F0F0F0\">( 6 )<\/td>\n<td style=\"height: 24px;\" bgcolor=\"#F0F0F0\">pag (ie) sh paz gag tash d(\u00eaah)<\/td>\n<\/tr>\n<tr style=\"height: 24px;\">\n<td style=\"height: 24px;\" bgcolor=\"#F0F0F0\">( 7 )<\/td>\n<td style=\"height: 24px;\" bgcolor=\"#F0F0F0\">Doph (&#8216;a)z kats nal geh luv taz<\/td>\n<\/tr>\n<tr style=\"height: 24px;\">\n<td style=\"height: 24px;\" bgcolor=\"#F0F0F0\">( 8 )<\/td>\n<td style=\"height: 24px;\" bgcolor=\"#F0F0F0\">P *** z ****** (ko)l geza&#8217; ut koah<\/td>\n<\/tr>\n<tr style=\"height: 24px;\">\n<td style=\"height: 24px;\" bgcolor=\"#F0F0F0\">( 9 )<\/td>\n<td style=\"height: 24px;\" bgcolor=\"#F0F0F0\">****** u * &#8216;(ets) paz d ********* liy bal<\/td>\n<\/tr>\n<tr style=\"height: 24px;\">\n<td style=\"height: 24px;\" bgcolor=\"#F0F0F0\">( 10 )<\/td>\n<td style=\"height: 24px;\" bgcolor=\"#F0F0F0\">*** h ******\u00a0 zol (za) g ********* th e *** z ***<\/td>\n<\/tr>\n<tr style=\"height: 48px;\">\n<td style=\"height: 48px;\" colspan=\"2\" bgcolor=\"#E8E8E8\">Cada sinal * representa um caracter ou figura que n\u00e3o p\u00f4de ser identificada por estar borrado<\/td>\n<\/tr>\n<\/tbody>\n<\/table>\n<p>Com base na mensagem original, Paulo fez uma tradu\u00e7\u00e3o literal, na medida do poss\u00edvel, para a mensagem do pano, que pode ser conferida do quadro 2, abaixo:<\/p>\n<table style=\"width: 500px;\" border=\"1\" width=\"500\">\n<tbody>\n<tr>\n<td colspan=\"2\" bgcolor=\"#E8E8E8\"><b>adro 2 &#8211; Tradu\u00e7\u00e3o literal da mensagem no embornal do abduzido mineiro Arlindo Gabriel<\/b><\/td>\n<\/tr>\n<tr>\n<td align=\"center\" bgcolor=\"#F0F0F0\">(1)<\/td>\n<td bgcolor=\"#F0F0F0\">Umede\u00e7a aquele que oprime a erva nova, fa\u00e7a-a nascer, para que esteja conclu\u00edda e domine a mat\u00e9ria.<\/td>\n<\/tr>\n<tr>\n<td align=\"center\" bgcolor=\"#F0F0F0\">(2)<\/td>\n<td bgcolor=\"#F0F0F0\">(&#8230;) o que vem da palavra realize o destino da beleza que conserva perfeita a ele<\/td>\n<\/tr>\n<tr>\n<td bgcolor=\"#F0F0F0\">(3)<\/td>\n<td bgcolor=\"#F0F0F0\">aquele que protege (&#8230;) palavra in\u00fatil e impura, tem um escudo que refor\u00e7a seu jardim<\/td>\n<\/tr>\n<tr>\n<td bgcolor=\"#F0F0F0\"><span style=\"color: #1f1f1f; font-family: Tahoma; font-size: small;\">(4)<\/span><\/td>\n<td bgcolor=\"#F0F0F0\">(&#8230;) ru\u00edna (&#8230;) sobr eo que? Sobre a for\u00e7a natural da vida<\/td>\n<\/tr>\n<tr>\n<td bgcolor=\"#F0F0F0\">(5)<\/td>\n<td bgcolor=\"#F0F0F0\">agora \u00e9 o momento para o que vem da evolu\u00e7\u00e3o da forma e da consci\u00eancia ordin\u00e1ria<\/td>\n<\/tr>\n<tr>\n<td bgcolor=\"#F0F0F0\">(6)<\/td>\n<td bgcolor=\"#F0F0F0\">a consci\u00eancia natural existe como ouro puro, como a chapa superior, como a s\u00edntese da exist\u00eancia e do conhecimento<\/td>\n<\/tr>\n<tr>\n<td bgcolor=\"#F0F0F0\">(7)<\/td>\n<td bgcolor=\"#F0F0F0\">Defeito violento \u00e9 a for\u00e7a da consci\u00eancia objetiva, movimento evolutivo que isto \u00e9, sem nenhum amor, apenas para conservar o dom\u00ednio<\/td>\n<\/tr>\n<tr>\n<td bgcolor=\"#F0F0F0\">(8)<\/td>\n<td bgcolor=\"#F0F0F0\">(&#8230;) cada rebento possui um sublime poder<\/td>\n<\/tr>\n<tr>\n<td bgcolor=\"#F0F0F0\">(9)<\/td>\n<td bgcolor=\"#F0F0F0\">\u00e1rvore de ouro puro (&#8230;) dissolu\u00e7\u00e3o do mal<\/td>\n<\/tr>\n<tr>\n<td bgcolor=\"#F0F0F0\">(10)<\/td>\n<td bgcolor=\"#F0F0F0\">seja uma insignificante semente (&#8230;)<\/td>\n<\/tr>\n<tr>\n<td colspan=\"2\" bgcolor=\"#E8E8E8\"><\/td>\n<\/tr>\n<\/tbody>\n<\/table>\n<p>&nbsp;<\/p>\n<p>Outro pesquisador, Ricardo Ferreira Arantes, tentou traduzir a mensagem obtida no pano. Ele utilizou uma t\u00e9cnica diferente da utilizada por Paulo Stekel, na qual ele inverteu as inscri\u00e7\u00f5es em 180\u00b0 e espelhou-as, supondo que tal imagem poderia ser impressa invertida no pano, sendo somente observada corretamente atrav\u00e9s de um espelho. Arantes identificou outra mensagem embutida no embornal, diferente da obtida por Stekel. Sua essencia, entretanto, permanece a mesma:<\/p>\n<p>\u201c(O) quando est\u00e1 determinado; Calamidades 06 vezes; Vermelho desolado; Nem a beleza das terras mais long\u00ednquas ser\u00e1 preservada na nuvem; Escutai mensageiro, a dor (dos que foram) destru\u00eddos pelo clar\u00e3o; Livrai-nos da maldi\u00e7\u00e3o (de ter) o corpo consumido; Fazei saber (que) a ira de Deus cresce e se aproxima silenciosamente\u201d.<\/p>\n<p>O uf\u00f3logo Walter Buller, no Boletim da SBEDV, edi\u00e7\u00e3o 132\/135, de agosto de 1980, cita um outro caso, ocorrido em 1958, em S\u00e3o Paulo. No caso Luiz Henrique, os ufonautas entregaram ao protagonista do caso, Luiz Henrique uma mensagem escrita em caracteres na \u00e9poca desconhecidos dizendo: &#8220;Um homem da Terra dever\u00e1 decifr\u00e1-la e quando isto for conseguido, saber\u00e3o o que fazer&#8221;. Com o surgimento do Embornal percebeu-se uma semelhan\u00e7a com os caracteres da mensagem entregue \u00e0 Luiz Henrique. Entretanto, uma an\u00e1lise mais aprofundada nunca foi realizada.<\/p>\n<p>&nbsp;<\/p>\n<h2>Os Tripulantes do Disco Voador<\/h2>\n<p>Equipe CIPEX<\/p>\n<p>Um dos detalhes mais interessantes dos casos ufol\u00f3gicos de grau elevado \u00e9 referente ao aspecto fisico-comportamental dos tripulantes dos aparelhos. O Caso do Embornal n\u00e3o \u00e9 diferente neste aspecto, pois Arlindo foi levado para dentro do objeto e manteve uma contato amig\u00e1vel com os tripulantes. Ao todo, Arlindo avistou 6 tripulantes distintos, sendo 5 aparentemente masculinos e uma tripulante do sexo feminino.<\/p>\n<p>Todos os tripulantes eram baixos, com 1 metro e meio de altura, aproximadamente. Todos os cinco tripulantes masculino vestiam um uniforme inteiri\u00e7o, de cor escura, com capacete transparente que deixava o rosto \u00e0 mostra. Em todos os trajes havia uma pequeno recipiente oval preso por tiras inferiores e laterais, e um tubo saindo deste e conectado ao capacete. Suas m\u00e3oes eram cobertas com uma esp\u00e9cie de luvas, da mesma cor do restante do uniforme. Nos p\u00e9s, havia um sapato sem salto, ligado ao uniforme.<\/p>\n<p>Os dois primeiros tripulantes com os quais Arlindo teve contato, demonstraram ter uma for\u00e7a consider\u00e1vel, ao agarrar os bra\u00e7os da testemunha. Ap\u00f3s r\u00e1pida comunica\u00e7\u00e3o ele foi levado em dire\u00e7\u00e3o ao aparelho. Antes de entrar no aparelho ele conversou rapidamente com um terceiro tripulante que usava o mesmo tipo de vestimenta. Em gesto cordial estendeu a m\u00e3o \u00e0 Arlindo ajudando-o \u00e0 entrar no aparelho.<\/p>\n<p>Ao entrar no objeto, Arlindo encontra outros dois tripulantes que, sentados, operavam um equipamento semelhante \u00e0 um computador. Estes levantam-se com a entrada de Arlindo na sala e comunicaram-se entre si numa linguagem que Arlindo n\u00e3o entendeu. A testemunha descreveu que tal comunica\u00e7\u00e3o era mais semelhante \u00e0 um chiado do que com uma conversa humana normal.<\/p>\n<p>Pouco depois entrou no ambiente a tripulante do sexo feminino. Seu uniforme era semelhante ao dos outros tripulantes, mas de cor branca. N\u00e3o usava capacete e seu aspecto f\u00edsico era o de uma mulher terrestre comum, embora de pequena estatura (1,5 aprox.). Todos os tripulantes tinham cr\u00e2nio arredondado, com olhos grandes que extendiam-se at\u00e9 a parte lateral do cr\u00e2nio. A raiz dos cabelos, curtos e em p\u00e9, come\u00e7ava logo acima dos olhos. Arlindo n\u00e3o viu sobrancelhas. Seu nariz era achatado e largo. A boca era grande, curvada para cima lateralmente, e com l\u00e1bios finos. Os dentes n\u00e3o eram vis\u00edveis. Ao falar, os tripulantes entreabriam levemente a boca. O som decorrente era aparentemente sem sincronia com o movimento labial e ocorria em todo o ambiente, ao inv\u00e9s de vir de uma fonte localizada, no caso a boca do emissor. Isso sugere meios ou mecanismos auxiliares de comunica\u00e7\u00e3o. Walter Buller, uf\u00f3logo da SBEDV, sugere que tal meio seria de ordem telep\u00e1tica ou com tradutor eletr\u00f4nico simult\u00e2neo.<\/p>\n<p>As orelhas dos tripulantes eram pequenas, mais arredondadas do que as nossas e muito juntas \u00e0 cabe\u00e7a. No caso da tripulante f\u00eamea, suas orelhas n\u00e3o eram vis\u00edveis pois ela usava um aparelho semelhante \u00e0 fones de ouvido, que cobriam seus ouvidos inteiramente, sendo apenas este aparelho percept\u00edvel entre seus cabelos (que ca\u00edam at\u00e9 os ombros).<\/p>\n<div id=\"attachment_4319\" style=\"width: 486px\" class=\"wp-caption aligncenter\"><img aria-describedby=\"caption-attachment-4319\" loading=\"lazy\" class=\"wp-image-4319 size-full\" src=\"https:\/\/www.fenomenum.com.br\/novo\/wp-content\/uploads\/2022\/03\/ufonautas_embornal-1.jpg\" alt=\"\" width=\"476\" height=\"306\" srcset=\"https:\/\/www.fenomenum.com.br\/novo\/wp-content\/uploads\/2022\/03\/ufonautas_embornal-1.jpg 476w, https:\/\/www.fenomenum.com.br\/novo\/wp-content\/uploads\/2022\/03\/ufonautas_embornal-1-400x257.jpg 400w, https:\/\/www.fenomenum.com.br\/novo\/wp-content\/uploads\/2022\/03\/ufonautas_embornal-1-250x161.jpg 250w, https:\/\/www.fenomenum.com.br\/novo\/wp-content\/uploads\/2022\/03\/ufonautas_embornal-1-150x96.jpg 150w, https:\/\/www.fenomenum.com.br\/novo\/wp-content\/uploads\/2022\/03\/ufonautas_embornal-1-50x32.jpg 50w, https:\/\/www.fenomenum.com.br\/novo\/wp-content\/uploads\/2022\/03\/ufonautas_embornal-1-100x64.jpg 100w, https:\/\/www.fenomenum.com.br\/novo\/wp-content\/uploads\/2022\/03\/ufonautas_embornal-1-200x129.jpg 200w, https:\/\/www.fenomenum.com.br\/novo\/wp-content\/uploads\/2022\/03\/ufonautas_embornal-1-300x193.jpg 300w, https:\/\/www.fenomenum.com.br\/novo\/wp-content\/uploads\/2022\/03\/ufonautas_embornal-1-350x225.jpg 350w, https:\/\/www.fenomenum.com.br\/novo\/wp-content\/uploads\/2022\/03\/ufonautas_embornal-1-450x289.jpg 450w\" sizes=\"(max-width: 476px) 100vw, 476px\" \/><p id=\"caption-attachment-4319\" class=\"wp-caption-text\">Retrato falado dos ufonautas, por Wilma Romito. [cr\u00e9dito da imagem: Boletim 132\/135 &#8211; SBEDV]<\/p><\/div>\n<div id=\"attachment_4320\" style=\"width: 441px\" class=\"wp-caption aligncenter\"><img aria-describedby=\"caption-attachment-4320\" loading=\"lazy\" class=\"wp-image-4320 size-full\" src=\"https:\/\/www.fenomenum.com.br\/novo\/wp-content\/uploads\/2022\/03\/ufonautas_embornal2-1.jpg\" alt=\"\" width=\"431\" height=\"301\" srcset=\"https:\/\/www.fenomenum.com.br\/novo\/wp-content\/uploads\/2022\/03\/ufonautas_embornal2-1.jpg 431w, https:\/\/www.fenomenum.com.br\/novo\/wp-content\/uploads\/2022\/03\/ufonautas_embornal2-1-400x279.jpg 400w, https:\/\/www.fenomenum.com.br\/novo\/wp-content\/uploads\/2022\/03\/ufonautas_embornal2-1-250x175.jpg 250w, https:\/\/www.fenomenum.com.br\/novo\/wp-content\/uploads\/2022\/03\/ufonautas_embornal2-1-150x105.jpg 150w, https:\/\/www.fenomenum.com.br\/novo\/wp-content\/uploads\/2022\/03\/ufonautas_embornal2-1-50x35.jpg 50w, https:\/\/www.fenomenum.com.br\/novo\/wp-content\/uploads\/2022\/03\/ufonautas_embornal2-1-100x70.jpg 100w, https:\/\/www.fenomenum.com.br\/novo\/wp-content\/uploads\/2022\/03\/ufonautas_embornal2-1-200x140.jpg 200w, https:\/\/www.fenomenum.com.br\/novo\/wp-content\/uploads\/2022\/03\/ufonautas_embornal2-1-300x210.jpg 300w, https:\/\/www.fenomenum.com.br\/novo\/wp-content\/uploads\/2022\/03\/ufonautas_embornal2-1-350x244.jpg 350w\" sizes=\"(max-width: 431px) 100vw, 431px\" \/><p id=\"caption-attachment-4320\" class=\"wp-caption-text\">Demonstra\u00e7\u00e3o do v\u00eddeo, feita pelo ufonauta. Desenho falado de Wilma Romito. [cr\u00e9dito da imagem: Boletim 132\/135 &#8211; SBEDV]<\/p><\/div>\n<p>&nbsp;<\/p>\n<div id=\"attachment_4321\" style=\"width: 312px\" class=\"wp-caption aligncenter\"><img aria-describedby=\"caption-attachment-4321\" loading=\"lazy\" class=\"wp-image-4321 size-full\" src=\"https:\/\/www.fenomenum.com.br\/novo\/wp-content\/uploads\/2022\/03\/ufonautas_embornal3-1.jpg\" alt=\"\" width=\"302\" height=\"221\" srcset=\"https:\/\/www.fenomenum.com.br\/novo\/wp-content\/uploads\/2022\/03\/ufonautas_embornal3-1.jpg 302w, https:\/\/www.fenomenum.com.br\/novo\/wp-content\/uploads\/2022\/03\/ufonautas_embornal3-1-250x183.jpg 250w, https:\/\/www.fenomenum.com.br\/novo\/wp-content\/uploads\/2022\/03\/ufonautas_embornal3-1-150x110.jpg 150w, https:\/\/www.fenomenum.com.br\/novo\/wp-content\/uploads\/2022\/03\/ufonautas_embornal3-1-50x37.jpg 50w, https:\/\/www.fenomenum.com.br\/novo\/wp-content\/uploads\/2022\/03\/ufonautas_embornal3-1-100x73.jpg 100w, https:\/\/www.fenomenum.com.br\/novo\/wp-content\/uploads\/2022\/03\/ufonautas_embornal3-1-200x146.jpg 200w, https:\/\/www.fenomenum.com.br\/novo\/wp-content\/uploads\/2022\/03\/ufonautas_embornal3-1-300x220.jpg 300w\" sizes=\"(max-width: 302px) 100vw, 302px\" \/><p id=\"caption-attachment-4321\" class=\"wp-caption-text\">Chegada de Arlindo ao Disco Voador aterrisado. Retrado falado de Wilma Romito [cr\u00e9dito da imagem: Boletim 132\/135 &#8211; SBEDV]<\/p><\/div>\n<p>&nbsp;<\/p>\n<div id=\"attachment_4310\" style=\"width: 327px\" class=\"wp-caption aligncenter\"><img aria-describedby=\"caption-attachment-4310\" loading=\"lazy\" class=\"wp-image-4310 size-full\" src=\"https:\/\/www.fenomenum.com.br\/novo\/wp-content\/uploads\/2022\/03\/interior_nave_embornal-1.jpg\" alt=\"\" width=\"317\" height=\"237\" srcset=\"https:\/\/www.fenomenum.com.br\/novo\/wp-content\/uploads\/2022\/03\/interior_nave_embornal-1.jpg 317w, https:\/\/www.fenomenum.com.br\/novo\/wp-content\/uploads\/2022\/03\/interior_nave_embornal-1-250x187.jpg 250w, https:\/\/www.fenomenum.com.br\/novo\/wp-content\/uploads\/2022\/03\/interior_nave_embornal-1-150x112.jpg 150w, https:\/\/www.fenomenum.com.br\/novo\/wp-content\/uploads\/2022\/03\/interior_nave_embornal-1-50x37.jpg 50w, https:\/\/www.fenomenum.com.br\/novo\/wp-content\/uploads\/2022\/03\/interior_nave_embornal-1-100x75.jpg 100w, https:\/\/www.fenomenum.com.br\/novo\/wp-content\/uploads\/2022\/03\/interior_nave_embornal-1-200x150.jpg 200w, https:\/\/www.fenomenum.com.br\/novo\/wp-content\/uploads\/2022\/03\/interior_nave_embornal-1-300x224.jpg 300w\" sizes=\"(max-width: 317px) 100vw, 317px\" \/><p id=\"caption-attachment-4310\" class=\"wp-caption-text\">Tripulantes do disco voador operando equipamento, visto pela testemunha ao entrar no objeto. [cr\u00e9dito da imagem: Rede Globo]<\/p><\/div>\n<div id=\"attachment_4333\" style=\"width: 327px\" class=\"wp-caption aligncenter\"><img aria-describedby=\"caption-attachment-4333\" loading=\"lazy\" class=\"wp-image-4333 size-full\" src=\"https:\/\/www.fenomenum.com.br\/novo\/wp-content\/uploads\/2022\/03\/321654651.jpg\" alt=\"\" width=\"317\" height=\"239\" \/><p id=\"caption-attachment-4333\" class=\"wp-caption-text\">Arlindo em entrevista ao Rep\u00f3rter Domingos Meireles, para o programa especial sobre Ufologia, realizado em outubro de 1993.<\/p><\/div>\n<p>&nbsp;<\/p>\n<h2>Refer\u00eancias:<\/h2>\n<hr \/>\n<ul>\n<li>BULHER, Walter e PEREIRA, Guilherme. O Livro Branco dos Discos Voadores. Petr\u00f3polis: Ed. Vozes, 1983.<\/li>\n<li><a href=\"https:\/\/www.fenomenum.com.br\/novo\/wp-content\/uploads\/2022\/03\/B_SBEDV_132_135.pdf\" target=\"_blank\" rel=\"noopener\">Boletim da SBEDV \u2013 Ed. 132_135<\/a><\/li>\n<li><a href=\"https:\/\/www.fenomenum.com.br\/novo\/wp-content\/uploads\/2022\/03\/B_SBEDV_ESP_1975.pdf\" target=\"_blank\" rel=\"noopener\">Boletim da SBEDV \u2013 Ed. ESP_1975<\/a><\/li>\n<li>RODRIGUES. U. F. Contato Imediato em Baependi (MG). OVNI Documento, Rio de Janeiro, n\u00ba 5, p. 8-16, out\/dez 1979.<\/li>\n<li><a href=\"http:\/\/www.infa.com.br\/o_caso_baependi.html\" target=\"_blank\" rel=\"noopener\">http:\/\/www.infa.com.br\/o_caso_baependi.html<\/a><\/li>\n<li><a href=\"http:\/\/www.mensageirosdoceu.net\/contatos17.html\" target=\"_blank\" rel=\"noopener\">http:\/\/www.mensageirosdoceu.net\/contatos17.html<\/a><\/li>\n<li><a href=\"http:\/\/videolog.uol.com.br\/video.php?id=305487\" target=\"_blank\" rel=\"noopener\">http:\/\/videolog.uol.com.br\/video.php?id=305487<\/a><\/li>\n<li><a href=\"http:\/\/tudoecompanhia.blogspot.com\/2008\/04\/relato-ufolgico-06-caso-baependi.html\" target=\"_blank\" rel=\"noopener\">http:\/\/tudoecompanhia.blogspot.com\/2008\/04\/relato-ufolgico-06-caso-baependi.html<\/a><\/li>\n<li><a href=\"http:\/\/br.groups.yahoo.com\/group\/ufoburn\/message\/8629\" target=\"_blank\" rel=\"noopener\">http:\/\/br.groups.yahoo.com\/group\/ufoburn\/message\/8629<\/a><\/li>\n<li><a href=\"http:\/\/templodebaco.blogspot.com\/2006\/09\/arlindo-ento-andou-uns-dez-metros-na.html\" target=\"_blank\" rel=\"noopener\">http:\/\/templodebaco.blogspot.com\/2006\/09\/arlindo-ento-andou-uns-dez-metros-na.html<\/a><\/li>\n<li><a href=\"http:\/\/www.sobrenatural.org\/materia\/detalhar\/4099\/caso_beapendi\/\" target=\"_blank\" rel=\"noopener\">http:\/\/www.sobrenatural.org\/materia\/detalhar\/4099\/caso_beapendi\/<\/a><\/li>\n<li><a href=\"http:\/\/es.geocities.com\/mundoparapsicologico\/Ufologia_articulos_Arlindo.htm\" target=\"_blank\" rel=\"noopener\">http:\/\/es.geocities.com\/mundoparapsicologico\/Ufologia_articulos_Arlindo.htm<\/a><\/li>\n<li><a href=\"http:\/\/www.mundoparapsicologico.com\/4-A_El-caso-Arlindo-Gabriel-dos-Santos\" target=\"_blank\" rel=\"noopener\">http:\/\/www.mundoparapsicologico.com\/4-A_El-caso-Arlindo-Gabriel-dos-Santos<\/a><\/li>\n<li><a href=\"http:\/\/www.mufon.com\/bob_pratt\/hunter.html\" target=\"_blank\" rel=\"noopener\">http:\/\/www.mufon.com\/bob_pratt\/hunter.html<\/a><\/li>\n<\/ul>\n","protected":false},"excerpt":{"rendered":"<p>Um dos mais importantes casos de contato imediato da Ufologia Brasileira ocorreu em Baependi, sul de Minas Gerais, em 16 de maio de 1979. Um dos casos mais importantes da Ufologia Brasileira ocorreu em Baependi, sul de Minas Gerais, em 16 de maio de 1979. Nesta data, o sitiante Arlindo Gabriel dos Santos observou e [&hellip;]<\/p>\n","protected":false},"author":4,"featured_media":4322,"comment_status":"open","ping_status":"open","sticky":false,"template":"","format":"standard","meta":{"inline_featured_image":false},"categories":[125,105,1],"tags":[],"_links":{"self":[{"href":"https:\/\/www.fenomenum.com.br\/novo\/wp-json\/wp\/v2\/posts\/4303"}],"collection":[{"href":"https:\/\/www.fenomenum.com.br\/novo\/wp-json\/wp\/v2\/posts"}],"about":[{"href":"https:\/\/www.fenomenum.com.br\/novo\/wp-json\/wp\/v2\/types\/post"}],"author":[{"embeddable":true,"href":"https:\/\/www.fenomenum.com.br\/novo\/wp-json\/wp\/v2\/users\/4"}],"replies":[{"embeddable":true,"href":"https:\/\/www.fenomenum.com.br\/novo\/wp-json\/wp\/v2\/comments?post=4303"}],"version-history":[{"count":1,"href":"https:\/\/www.fenomenum.com.br\/novo\/wp-json\/wp\/v2\/posts\/4303\/revisions"}],"predecessor-version":[{"id":6976,"href":"https:\/\/www.fenomenum.com.br\/novo\/wp-json\/wp\/v2\/posts\/4303\/revisions\/6976"}],"wp:featuredmedia":[{"embeddable":true,"href":"https:\/\/www.fenomenum.com.br\/novo\/wp-json\/wp\/v2\/media\/4322"}],"wp:attachment":[{"href":"https:\/\/www.fenomenum.com.br\/novo\/wp-json\/wp\/v2\/media?parent=4303"}],"wp:term":[{"taxonomy":"category","embeddable":true,"href":"https:\/\/www.fenomenum.com.br\/novo\/wp-json\/wp\/v2\/categories?post=4303"},{"taxonomy":"post_tag","embeddable":true,"href":"https:\/\/www.fenomenum.com.br\/novo\/wp-json\/wp\/v2\/tags?post=4303"}],"curies":[{"name":"wp","href":"https:\/\/api.w.org\/{rel}","templated":true}]}}