{"id":4361,"date":"2022-03-28T14:36:39","date_gmt":"2022-03-28T17:36:39","guid":{"rendered":"https:\/\/www.fenomenum.com.br\/?p=4361"},"modified":"2025-04-21T13:26:08","modified_gmt":"2025-04-21T16:26:08","slug":"caso-amador-antonio-de-lima","status":"publish","type":"post","link":"https:\/\/www.fenomenum.com.br\/novo\/caso-amador-antonio-de-lima\/","title":{"rendered":"Caso Amador Ant\u00f4nio de Lima"},"content":{"rendered":"<section id=\"inner-headline\">\n<div class=\"container\">\n<div class=\"row\">\n<div id=\"resumo\" class=\"resumo\" style=\"padding-left: 40px;\"><strong>Caso de tentativa de abdu\u00e7\u00e3o envolvendo um sitiante na zona rural de Santo Ant\u00f4nio, Rio Grande do Norte, ocorrido em novembro de 1979.<\/strong><\/div>\n<\/div>\n<\/div>\n<\/section>\n<div>\n<hr \/>\n<\/div>\n<div>\n<p>O Brasil \u00e9 um dos pa\u00edses, sen\u00e3o o pa\u00eds, com maior intensidade de casos ufol\u00f3gicos. Em nenhum outro pa\u00eds existe uma variedade t\u00e3o grande de contatos, que variam de simples avistamentos, pousos, seq\u00fcestros, capta\u00e7\u00e3o por radares. Aqui tamb\u00e9m observa-se uma grande quantidade de casos \u00e9 de natureza agressiva ou hostil e em alguns casos ex\u00f3tica. Um caso desta natureza ocorreu na pequena e pacata cidade de Santo Ant\u00f4nio, no Rio Grande do Norte. O protagonista deste caso \u00e9 Ant\u00f4nio Amador de Lima, um agricultor de idade avan\u00e7ada, com muita disposi\u00e7\u00e3o para o trabalho.<\/p>\n<p>Era uma noite de novembro de 1979 e seu Ant\u00f4nio havia trabalhado o dia inteiro em uma fazenda a oeste da cidade. Por volta das 19 horas, j\u00e1 escuro, Ant\u00f4nio dirigia-se para a casa. Foi ent\u00e3o que observou uma luz voando e aproximando-se de onde estava.<\/p>\n<p style=\"padding-left: 40px;\"><em>\u201cA Luz me assustou porque eu j\u00e1 tinha ouvido falar de disco voador, e quando a vi, comecei a andar na dire\u00e7\u00e3o de casa. Mas depois de alguns metros, o objeto disparou uma luz azul sobre mim. Eu tinha ouvido dizer que se um disco voador chegar perto, a melhor coisa a fazer \u00e9 deitar-se no ch\u00e3o. E foi isso que eu fiz, sobre o meu lado esquerdo. A luz chegou bem perto de mim e eu senti que estava sendo puxado do ch\u00e3o uns 50 cm. Agarrei uma planta com a m\u00e3o esquerda bem firme, para n\u00e3o subir ainda mais, e levantei o bra\u00e7o direito para me proteger da coisa. Me virei e vi uma corda, descendo do disco voador, e tinha quatro ganchos na extremidade. Um deles prendeu minha camisa pelas costas e eu fiquei pendurado no gancho.<\/em><\/p>\n<p style=\"padding-left: 40px;\"><em>Vi uma janela e pessoas sentadas, mexendo as pernas, duas mulheres e um homem. Pareciam com a gente, mas n\u00e3o eram brasileiros. Os rostos das mulheres eram estranhos, feios. O cabelo era curto e preto. Primeiro, eu s\u00f3 vi as pernas do homem, mas depois vi uma barba. As mulheres usavam blusas com tiras e mangas. Seus bra\u00e7os eram amarelos. Eu as vi sentadas e mexendo as pernas. Ouvi uma das mulheres dizer: \u2018A\u00ed vem um velho bom que podemos levar conosco para o nosso mundo\u2019, fiquei apavorado.<\/em><\/p>\n<p>Fiquei com medo de que se gritasse o objeto me levaria embora. Estava chorando, mas n\u00e3o queria chamar ningu\u00e9m. O tempo todo n\u00e3o larguei da planta. \u201cUns 15 minutos depois, minha camisa rasgou e eu ca\u00ed no ch\u00e3o\u201d.<\/p>\n<p>Em janeiro de 1980, Ant\u00f4nio foi entrevistado pelo uf\u00f3logo americano Bob Pratt, autor de Perigo Alien\u00edgena no Brasil, relatando sua experi\u00eancia. Bob percebeu que Ant\u00f4nio ainda estava muito impressionado com a experi\u00eancia, chorando quando descreveu o momento em que uma das tripulantes comentou que tinham inten\u00e7\u00e3o de lev\u00e1-lo. Ainda na entrevista ele descreveu o objeto como tendo formato de charuto, com o dobro do tamanho de um autom\u00f3vel. Ele descreveu que ao cair ao ch\u00e3o, o objeto girou tr\u00eas ou quatro vezes e afastou-se. Ele ainda p\u00f4de observar que na parte traseira havia um foco de luz vermelha. Com o afastamento do objeto Antonio correu para casa.<\/p>\n<p style=\"padding-left: 40px;\"><em>\u201cEra uma sensa\u00e7\u00e3o estranha. N\u00e3o sentia nada nas pernas e estava com muito medo. Depois, fiquei doente por uma semana. Parei de trabalhar porque n\u00e3o queria voltar para casa \u00e0 noite\u201d.<\/em><\/p>\n<p>Alguns anos depois desta primeira entrevista, Bob Pratt retornou \u00e0 localidade de Santo Ant\u00f4nio em agosto de 1992 afim de reentrevistar Ant\u00f4nio Amador. Ele ent\u00e3o descobriu que o protagonista havia morrido em 1985. Segundo sua neta, Maria Pontes, a vida de Ant\u00f4nio nunca mais foi a mesma.<\/p>\n<p style=\"padding-left: 40px;\"><em>\u201cEle nunca mais voltou a trabalhar. Envelheceu r\u00e1pido e parecia muito mais velho que sua idade. Come\u00e7ou a ter problemas no cora\u00e7\u00e3o, suas pernas inchavam e m\u00e3os tremiam. Era um homem forte e trabalhava muito. Antes daquela hist\u00f3ria, ele acordava \u00e0s 3 horas da manh\u00e3, ia trabalhar, voltava para casa entre 19 e 20 horas, jantava, assistia um pouco de televis\u00e3o e ia dormir. Mas depois daquilo n\u00e3o trabalhou nenhum dia mais.<\/em><\/p>\n<p style=\"padding-left: 40px;\"><em>Alguns dias depois, ele entrou num estado de ficar na cama direto. Ficava no quarto, deitado na rede, e s\u00f3 levantava de vez em quando. Nunca sa\u00eda. Sempre teve bom apetite e comia com vontade antes, mas depois do incidente, passou a comer pouco\u201d.<\/em><\/p>\n<p>A experi\u00eancia de Ant\u00f4nio Amador nos remete ao caso de Hermelindo da Silva, que em um come\u00e7o de noite em 1976 passou por uma experi\u00eancia muito semelhante, onde um objeto em forma de sino, tamb\u00e9m tripulado, tentou captur\u00e1-lo com o aux\u00edlio de ganchos. Um dos tripulantes desceu do objeto e entrou em luta corporal contra Hermelindo que estava j\u00e1 enganchado nos cabos presos abaixo do objeto. Em ambos os casos os protagonistas eram idosos, com mais de 70 anos, de origem muito humildes, com estudos elementares essenciais ao seu trabalho. Jamais ganharam nada com sua experi\u00eancia, tendo pelo contr\u00e1rio, ferimentos e traumas posteriores.<\/p>\n<p>&nbsp;<\/p>\n<h2>Refer\u00eancias:<\/h2>\n<hr \/>\n<\/div>\n<section id=\"content\">\n<div class=\"col-lg-8\">\n<ul>\n<li>PRATT, Bob. Perigo Alien\u00edgena no Brasil. Tradu\u00e7\u00e3o de Marcos Malvezzi Leal. Campo Grande: CBPDV, 2003.<\/li>\n<li>PRATT, Bob. Casu\u00edstica nordestina. Revista UFO, Campo Grande, n\u00ba 19, p. 20-22, mar\u00e7o\/abril 1992.<\/li>\n<li><a href=\"http:\/\/www.infra.org.pl\/fenomen-ufo\/ufo-fenomeny-i-fakty\/319-niebezpieczne-spotkania-z-ufo\" target=\"_blank\" rel=\"noopener\">http:\/\/www.infra.org.pl\/fenomen-ufo\/ufo-fenomeny-i-fakty\/319-niebezpieczne-spotkania-z-ufo<\/a><\/li>\n<li><a href=\"http:\/\/www.mufon.com\/bob_pratt\/brazil.html\" target=\"_blank\" rel=\"noopener\">http:\/\/www.mufon.com\/bob_pratt\/brazil.html<\/a><\/li>\n<li><a href=\"http:\/\/newastronomy.chez-alice.fr\/dangereuses.html\" target=\"_blank\" rel=\"noopener\">http:\/\/newastronomy.chez-alice.fr\/dangereuses.html<\/a><\/li>\n<\/ul>\n<\/div>\n<\/section>\n","protected":false},"excerpt":{"rendered":"<p>Caso de tentativa de abdu\u00e7\u00e3o envolvendo um sitiante na zona rural de Santo Ant\u00f4nio, Rio Grande do Norte, ocorrido em novembro de 1979. O Brasil \u00e9 um dos pa\u00edses, sen\u00e3o o pa\u00eds, com maior intensidade de casos ufol\u00f3gicos. Em nenhum outro pa\u00eds existe uma variedade t\u00e3o grande de contatos, que variam de simples avistamentos, pousos, [&hellip;]<\/p>\n","protected":false},"author":4,"featured_media":4362,"comment_status":"open","ping_status":"open","sticky":false,"template":"","format":"standard","meta":{"inline_featured_image":false},"categories":[125,105],"tags":[],"_links":{"self":[{"href":"https:\/\/www.fenomenum.com.br\/novo\/wp-json\/wp\/v2\/posts\/4361"}],"collection":[{"href":"https:\/\/www.fenomenum.com.br\/novo\/wp-json\/wp\/v2\/posts"}],"about":[{"href":"https:\/\/www.fenomenum.com.br\/novo\/wp-json\/wp\/v2\/types\/post"}],"author":[{"embeddable":true,"href":"https:\/\/www.fenomenum.com.br\/novo\/wp-json\/wp\/v2\/users\/4"}],"replies":[{"embeddable":true,"href":"https:\/\/www.fenomenum.com.br\/novo\/wp-json\/wp\/v2\/comments?post=4361"}],"version-history":[{"count":1,"href":"https:\/\/www.fenomenum.com.br\/novo\/wp-json\/wp\/v2\/posts\/4361\/revisions"}],"predecessor-version":[{"id":6974,"href":"https:\/\/www.fenomenum.com.br\/novo\/wp-json\/wp\/v2\/posts\/4361\/revisions\/6974"}],"wp:featuredmedia":[{"embeddable":true,"href":"https:\/\/www.fenomenum.com.br\/novo\/wp-json\/wp\/v2\/media\/4362"}],"wp:attachment":[{"href":"https:\/\/www.fenomenum.com.br\/novo\/wp-json\/wp\/v2\/media?parent=4361"}],"wp:term":[{"taxonomy":"category","embeddable":true,"href":"https:\/\/www.fenomenum.com.br\/novo\/wp-json\/wp\/v2\/categories?post=4361"},{"taxonomy":"post_tag","embeddable":true,"href":"https:\/\/www.fenomenum.com.br\/novo\/wp-json\/wp\/v2\/tags?post=4361"}],"curies":[{"name":"wp","href":"https:\/\/api.w.org\/{rel}","templated":true}]}}