{"id":4465,"date":"2022-03-29T11:23:38","date_gmt":"2022-03-29T14:23:38","guid":{"rendered":"https:\/\/www.fenomenum.com.br\/?p=4465"},"modified":"2025-04-21T13:26:01","modified_gmt":"2025-04-21T16:26:01","slug":"caso-alienigenas-repteis","status":"publish","type":"post","link":"https:\/\/www.fenomenum.com.br\/novo\/caso-alienigenas-repteis\/","title":{"rendered":"Caso Alien\u00edgenas R\u00e9pteis"},"content":{"rendered":"<section id=\"inner-headline\">\n<div class=\"container\">\n<div class=\"row\">\n<div id=\"resumo\" class=\"resumo\" style=\"padding-left: 40px;\"><strong>Um caso raro de abdu\u00e7\u00e3o por criaturas de aspecto reptiliano ocorrido em Santa Catarina, em 1981. O caso envolveu um universit\u00e1rio, que teria sido abduzido em uma praia, retornando algumas horas depois sem lembrar-se do que lhe ocorrera.<\/strong><\/div>\n<\/div>\n<\/div>\n<\/section>\n<div>\n<hr \/>\n<\/div>\n<div>Texto original de Carlos Alberto Machado<\/div>\n<div><\/div>\n<div>\n<p>Em 1992 conheci uma professora de Geografia S\u00f4nia Schimitt que lecionava na cidade de Joinville (SC). Quando ela soube que eu apreciava os fen\u00f4menos ufol\u00f3gicos relatou um caso que considero de sua import\u00e2ncia para o meio ufol\u00f3gico. Trata-se de um caso ocorrido nos idos de 1981 com um aluno de nome Fernando, que na \u00e9poca freq\u00fcentava o curso de Biologia da Universidade Federal de Santa Catarina. Hoje ele seria mestre ou doutor em Biologia.<\/p>\n<p>Segundo ela Fernando, estava em sua casa de praia aproveitando o ver\u00e3o. Uma noite por volta de 20:00h. saiu a p\u00e9, para procurar um amigo vizinho de praia. Quando atravessava uma ponte percebeu uma luz no reflexo d\u2019\u00e1gua. Perdeu os sentidos e desmaiou. Ao recordar os sentidos notou que estava deitado na beirada da ponte, levantou-se e se dirigiu a resid\u00eancia de seu amigo. L\u00e1 chegando notou que todos estavam apreensivos com sua presen\u00e7a e o questionaram onde estava todo aquele tempo. Foi s\u00f3 ent\u00e3o que percebeu que eram aproximadamente 01:00 hora da madrugada. N\u00e3o soube explicar seu sumi\u00e7o e apenas relatou o que lembrava. Todos acrescentaram que atravessaram por v\u00e1rias vezes a ponte a sua procura, mas que nunca o haviam visto por l\u00e1. Intrigado com seu misterioso lapso temporal e depois de v\u00e1rias noites mal dormidas resolveu procurar um amigo dentista que realizava hipnose regressiva. Pediu-lhe que tentasse descobrir o que havia ocorrido naquela noite. O dentista \u2013 que foi namorado de S\u00f4nia \u2013 realizou a hipnose gravando seu depoimento em uma fita de rolo. Para espanto de ambos os c\u00e9pticos, souberam que Fernando fora v\u00edtima de uma estranha abdu\u00e7\u00e3o ocorrida naquela noite. Sob hipnose Fernando revelou que seus captores eram anf\u00edbios \u2013 lembrando r\u00e9ptil tipo sapo \u2013, cheiravam muito mal e eram muito agressivos. No interior de um objeto, retiraram suas roupas agressivamente, jogaram-no em uma esp\u00e9cie de mesa e introduziram v\u00e1rias agulhas em seu corpo. Fernando gritava para ir embora afirmando que sentia muitas dores e enj\u00f4o devido ao mal cheiro dos \u201cseres\u201d. Eles n\u00e3o lhe davam ouvido continuando os exames que estavam dispostos a fazer. Mais tarde jogaram Fernando vestido, no mesmo local onde haviam-no levado. De alguma forma em seu consciente, conseguiram fazer com que ele n\u00e3o lembrasse da desagrad\u00e1vel experi\u00eancia que tivera. Ap\u00f3s ouvir a fita, pediu ao dentista que n\u00e3o se divulga sua hist\u00f3ria sob hip\u00f3tese alguma a ningu\u00e9m e os dois combinaram que a partir daquele dia ficariam em completo sigilo. Algum tempo depois devido a seu relacionamento com o dentista, S\u00f4nia veio a tomar conhecimento do fato, prometendo sigilo. Como j\u00e1 havia passado algum tempo e considerando importante para os anais ufol\u00f3gicos, S\u00f4nia resolveu confidenciar-me o caso ocorrido com Fernando.<\/p>\n<h3>Observa\u00e7\u00e3o<\/h3>\n<p>Tentamos entrevistar o dentista, que rispidamente evitou qualquer tipo de contato conosco, quando o visitamos em sua resid\u00eancia.<\/p>\n<p>Alguns anos depois, em uma de minhas palestras na cidade de Curitiba, tive acesso a uma c\u00f3pia x\u00e9rox da transcri\u00e7\u00e3o da hipnose realizada pelo dentista. A pessoa que me forneceu a x\u00e9rox sabia me informar apenas que se tratava de um caso de abdu\u00e7\u00e3o, ocorrido no litoral catarinense. Aparentemente o dentista havia deixado mais pessoas tomarem conhecimento do caso de Fernando. O x\u00e9rox confirmava todas as informa\u00e7\u00f5es passadas por S\u00f4nia posteriormente.<\/p>\n<h3>Sincronicidade<\/h3>\n<p>Em 1983 quando cursava o curso de Biologia, estive participando de um Congresso Nacional de Zoologia em Cuiab\u00e1, onde tive a oportunidade de fazer amizade com todos os integrantes do curso de Biologia de Florian\u00f3polis (SC) que estavam presentes. Segundo S\u00f4nia, Fernando encontrava-se entre eles. Como ele n\u00e3o sabia de meu interesse pela ufologia e eu n\u00e3o sabia de seu envolvimento em um caso deste tipo, nunca nos revelamos verdadeiramente. Em minhas pesquisas descobri que Fernando realizou mestrado em sua \u00e1rea no estrangeiro, mas n\u00e3o consegui contato para confirmar a abdu\u00e7\u00e3o. De qualquer forma ele muito provavelmente n\u00e3o estaria interessado em revelar-me sua desagrad\u00e1vel experi\u00eancia.<\/p>\n<h3>Conclus\u00e3o<\/h3>\n<p>Acredito que o dentista ainda esteja de posse da fita e dos relat\u00f3rios originas compilados, da hipnose realizada naquela \u00e9poca, em Fernando. Confio plenamente no depoimento de S\u00f4nia que nos anos em que alimentamos amizade, nunca demonstrou qualquer d\u00favida ou contradi\u00e7\u00e3o em seu relato. Ela tamb\u00e9m perdera contato com seu ex-namorado.<\/p>\n<p>Assim como esse caso, muitos outros devem ter ocorrido de forma similar. Pessoas que tiveram experi\u00eancias desse tipo procuraram profissionais m\u00e9dicos, dentistas ou psic\u00f3logos para as hipnotizarem. Ao descobrir seu envolvimento indireto com esse tipo de fen\u00f4meno que por vezes assusta, preferem enclausurar-se em seus casulos, voltando \u201cnormalmente\u201d a suas pacatas vidas, onde realidades como essa fogem do seu cotidiano seguro.<\/p>\n<\/div>\n<p>&nbsp;<\/p>\n<p>&nbsp;<\/p>\n<h2>Refer\u00eancias:<\/h2>\n<div>\n<hr \/>\n<\/div>\n<ol>\n<li>Arquivos CIPEX<\/li>\n<\/ol>\n<section id=\"content\">\n<div class=\"container\">\n<div class=\"row\">\n<div class=\"col-lg-8\"><\/div>\n<\/div>\n<\/div>\n<\/section>\n","protected":false},"excerpt":{"rendered":"<p>Um caso raro de abdu\u00e7\u00e3o por criaturas de aspecto reptiliano ocorrido em Santa Catarina, em 1981. O caso envolveu um universit\u00e1rio, que teria sido abduzido em uma praia, retornando algumas horas depois sem lembrar-se do que lhe ocorrera. Texto original de Carlos Alberto Machado Em 1992 conheci uma professora de Geografia S\u00f4nia Schimitt que lecionava [&hellip;]<\/p>\n","protected":false},"author":5,"featured_media":4466,"comment_status":"open","ping_status":"open","sticky":false,"template":"","format":"standard","meta":{"inline_featured_image":false},"categories":[139,105],"tags":[],"_links":{"self":[{"href":"https:\/\/www.fenomenum.com.br\/novo\/wp-json\/wp\/v2\/posts\/4465"}],"collection":[{"href":"https:\/\/www.fenomenum.com.br\/novo\/wp-json\/wp\/v2\/posts"}],"about":[{"href":"https:\/\/www.fenomenum.com.br\/novo\/wp-json\/wp\/v2\/types\/post"}],"author":[{"embeddable":true,"href":"https:\/\/www.fenomenum.com.br\/novo\/wp-json\/wp\/v2\/users\/5"}],"replies":[{"embeddable":true,"href":"https:\/\/www.fenomenum.com.br\/novo\/wp-json\/wp\/v2\/comments?post=4465"}],"version-history":[{"count":1,"href":"https:\/\/www.fenomenum.com.br\/novo\/wp-json\/wp\/v2\/posts\/4465\/revisions"}],"predecessor-version":[{"id":6970,"href":"https:\/\/www.fenomenum.com.br\/novo\/wp-json\/wp\/v2\/posts\/4465\/revisions\/6970"}],"wp:featuredmedia":[{"embeddable":true,"href":"https:\/\/www.fenomenum.com.br\/novo\/wp-json\/wp\/v2\/media\/4466"}],"wp:attachment":[{"href":"https:\/\/www.fenomenum.com.br\/novo\/wp-json\/wp\/v2\/media?parent=4465"}],"wp:term":[{"taxonomy":"category","embeddable":true,"href":"https:\/\/www.fenomenum.com.br\/novo\/wp-json\/wp\/v2\/categories?post=4465"},{"taxonomy":"post_tag","embeddable":true,"href":"https:\/\/www.fenomenum.com.br\/novo\/wp-json\/wp\/v2\/tags?post=4465"}],"curies":[{"name":"wp","href":"https:\/\/api.w.org\/{rel}","templated":true}]}}