{"id":4683,"date":"2022-04-01T11:28:51","date_gmt":"2022-04-01T14:28:51","guid":{"rendered":"https:\/\/www.fenomenum.com.br\/?p=4683"},"modified":"2025-04-21T13:30:15","modified_gmt":"2025-04-21T16:30:15","slug":"caso-claudia","status":"publish","type":"post","link":"https:\/\/www.fenomenum.com.br\/novo\/caso-claudia\/","title":{"rendered":"Caso Cl\u00e1udia"},"content":{"rendered":"<section id=\"inner-headline\">\n<div class=\"container\">\n<div class=\"row\">\n<div id=\"resumo\" class=\"resumo\" style=\"padding-left: 40px;\"><strong>Em 1989, um OVNI sobrevoou a cidade de Curitiba. O fato foi testemunhado por um grande n\u00famero de pessoas. Na regi\u00e3o do bairro Merc\u00eas o objeto voou a baixa altitude causando dist\u00farbios fisiol\u00f3gicos nas testemunhas presentes no local.<\/strong><\/div>\n<\/div>\n<\/div>\n<\/section>\n<div class=\"col-lg-8\">\n<hr \/>\n<\/div>\n<div>Texto original de Carlos Alberto Machado<\/div>\n<div><\/div>\n<div>\n<p>Cl\u00e1udia chegara da Faculdade onde estudava h\u00e1 pouco tempo. Preparava-se para sair por volta das 23:30m. em uma noite de lua cheia. No caminho do ponto de \u00f4nibus na esquina das ruas Rosa Saporski com Mylto Anselmo da Silva no bairro das Merc\u00eas na cidade de Curitiba, encontrou alguns jovens que estavam observando alguma coisa no c\u00e9u. Perguntou a eles o que estavam observando e eles lhe mostraram um objeto luminoso alaranjado. Disse-lhes que possivelmente se tratava de um bal\u00e3o, mas um dos rapazes afirmou que n\u00e3o poderia s\u00ea-lo, pois o tal objeto j\u00e1 estava estacionado naquele local h\u00e1 algum tempo o que lhes deixou intrigados. Ela dirigiu-se para o ponto do \u00f4nibus que era ali perto e continuou a observ\u00e1-lo.<\/p>\n<p>De seu ponto de vista percebeu que o referido artefato encontrava-se acima de alguns fios de luz. De repente o objeto movimentou-se da direita para a esquerda e rapidamente para baixo do fio de luz, voltando em seguida para o mesmo ponto inicial. Nesse instante, Cl\u00e1udia foi a um telefone p\u00fablico das redondezas para avisar dois amigos seus sobre a observa\u00e7\u00e3o quando escutou um dos garotos gritar:<\/p>\n<p><em>&#8220;- Est\u00e1 caindo!&#8221;<\/em><\/p>\n<p>Outro exclamou:<\/p>\n<p><em>&#8220;- Est\u00e1 crescendo!&#8221;<\/em><\/p>\n<p>Claudia imediatamente chamou um dos garotos e pediu para que ele ficasse com seu amigo ao telefone, para que ela pudesse observar melhor. O objeto aproximou-se e passou por suas cabe\u00e7as permitindo que todos pudessem avista-lo com detalhes. Calcularam que ele chegou a uns 60 metros de altura. Era grande, redondo e cheio de luzes coloridas ao redor onde predominavam as cores azul, vermelho e amarelo. Parecia luz \u201cneon\u201d. O aparelho era mais claro no centro (enevoado) e apresentava pontas \u2013 tr\u00eas na frente e uma atr\u00e1s \u2013 todas com luzes. Ficou em estado de choque, quando se deu por si avistou os garotos correndo atr\u00e1s do objeto que se distanciava em dire\u00e7\u00e3o ao bairro de Santa Felicidade (norte). O telefone estava pendurado fora do gancho. Ela gritou a eles dizendo que n\u00e3o adiantava, pois n\u00e3o poderiam alcan\u00e7a-lo. Nesse momento j\u00e1 no meio da rua pode observa-lo afastando-se e foi ent\u00e3o que pode observar uma c\u00fapula com fileiras de luzes intermitentes na parte superior do objeto. Em sua opini\u00e3o ele era s\u00f3lido. Seguiu em frente at\u00e9 desaparecer por sobre as casas da regi\u00e3o. Calculou seu tamanho comparado a uma casa ou um caminh\u00e3o. Lembrava que as luzes eram esfuma\u00e7adas.<\/p>\n<h3>Observa\u00e7\u00e3o<\/h3>\n<p>Cl\u00e1udia afirmou que ap\u00f3s o incidente com o OVNI sentiu fortes dores nas juntas (ossos) que perduraram por pelo menos uma semana. Tamb\u00e9m notou que perdeu pelo menos tr\u00eas quilos naquele mesmo per\u00edodo.<\/p>\n<p>Entrevistei tr\u00eas dos garotos que testemunharam junto com Cl\u00e1udia o objeto. Nos depoimentos de Micaeti e Eduardo foram observados duas luzes amarelas que sa\u00edram do objeto para em seguida retornarem. Esse fato ocorreu quando Andr\u00e9 encontrava-se ao telefone, por isso n\u00e3o pode presenciar o ocorrido e Cl\u00e1udia ainda estava em sua casa.<\/p>\n<p>Um dos garotos de nome Renato ficou muito impressionado com o ocorrido e n\u00e3o quis ser entrevistado bem como n\u00e3o quis falar com seus amigos sobre o assunto.<\/p>\n<\/div>\n<p>&nbsp;<\/p>\n<p>&nbsp;<\/p>\n<h2>Refer\u00eancias:<\/h2>\n<hr \/>\n<ol>\n<li>Arquivos CIPEX<\/li>\n<\/ol>\n<div><\/div>\n","protected":false},"excerpt":{"rendered":"<p>Em 1989, um OVNI sobrevoou a cidade de Curitiba. O fato foi testemunhado por um grande n\u00famero de pessoas. Na regi\u00e3o do bairro Merc\u00eas o objeto voou a baixa altitude causando dist\u00farbios fisiol\u00f3gicos nas testemunhas presentes no local. Texto original de Carlos Alberto Machado Cl\u00e1udia chegara da Faculdade onde estudava h\u00e1 pouco tempo. Preparava-se para [&hellip;]<\/p>\n","protected":false},"author":5,"featured_media":4684,"comment_status":"open","ping_status":"open","sticky":false,"template":"","format":"standard","meta":{"inline_featured_image":false},"categories":[139,105],"tags":[],"_links":{"self":[{"href":"https:\/\/www.fenomenum.com.br\/novo\/wp-json\/wp\/v2\/posts\/4683"}],"collection":[{"href":"https:\/\/www.fenomenum.com.br\/novo\/wp-json\/wp\/v2\/posts"}],"about":[{"href":"https:\/\/www.fenomenum.com.br\/novo\/wp-json\/wp\/v2\/types\/post"}],"author":[{"embeddable":true,"href":"https:\/\/www.fenomenum.com.br\/novo\/wp-json\/wp\/v2\/users\/5"}],"replies":[{"embeddable":true,"href":"https:\/\/www.fenomenum.com.br\/novo\/wp-json\/wp\/v2\/comments?post=4683"}],"version-history":[{"count":1,"href":"https:\/\/www.fenomenum.com.br\/novo\/wp-json\/wp\/v2\/posts\/4683\/revisions"}],"predecessor-version":[{"id":6991,"href":"https:\/\/www.fenomenum.com.br\/novo\/wp-json\/wp\/v2\/posts\/4683\/revisions\/6991"}],"wp:featuredmedia":[{"embeddable":true,"href":"https:\/\/www.fenomenum.com.br\/novo\/wp-json\/wp\/v2\/media\/4684"}],"wp:attachment":[{"href":"https:\/\/www.fenomenum.com.br\/novo\/wp-json\/wp\/v2\/media?parent=4683"}],"wp:term":[{"taxonomy":"category","embeddable":true,"href":"https:\/\/www.fenomenum.com.br\/novo\/wp-json\/wp\/v2\/categories?post=4683"},{"taxonomy":"post_tag","embeddable":true,"href":"https:\/\/www.fenomenum.com.br\/novo\/wp-json\/wp\/v2\/tags?post=4683"}],"curies":[{"name":"wp","href":"https:\/\/api.w.org\/{rel}","templated":true}]}}