{"id":4739,"date":"2022-04-01T13:17:01","date_gmt":"2022-04-01T16:17:01","guid":{"rendered":"https:\/\/www.fenomenum.com.br\/?p=4739"},"modified":"2025-04-21T13:29:59","modified_gmt":"2025-04-21T16:29:59","slug":"caso-sao-jorge-do-ivai","status":"publish","type":"post","link":"https:\/\/www.fenomenum.com.br\/novo\/caso-sao-jorge-do-ivai\/","title":{"rendered":"Caso S\u00e3o Jorge do Ivai"},"content":{"rendered":"<section id=\"inner-headline\">\n<div class=\"container\">\n<div class=\"row\">\n<div id=\"resumo\" class=\"resumo\" style=\"padding-left: 40px;\"><strong>Em fevereiro de 1991, surgem estranhos c\u00edrculos em planta\u00e7\u00f5es de soja na cidade de S\u00e3o Jorge do Iva\u00ed (PR). Pesquisadores detectaram anomalias dentro destas marcas.<\/strong><\/div>\n<\/div>\n<\/div>\n<div>\n<hr \/>\n<\/div>\n<\/section>\n<section id=\"content\">\n<div class=\"container\">\n<div class=\"row\">\n<div class=\"col-lg-8\">Texto original de Carlos Alberto Machado<\/div>\n<\/div>\n<div>\n<p>Em fevereiro de 1991 surgiu do dia para a noite um c\u00edrculo de soja seca na cidade interiorana de S\u00e3o Jorge do Iva\u00ed (PR) a 50 quil\u00f4metros de Maring\u00e1, que foi mostrada pela equipe de reportagem da Televis\u00e3o Cultura de Maring\u00e1 (Rede Globo local).<\/p>\n<p>Ao l\u00e1 chegarmos deparamos com o c\u00edrculo de soja seca com 30 metros de comprimento e no seu centro tr\u00eas orif\u00edcios eq\u00fcidistantes formando um tri\u00e2ngulo quase perfeito (fig. 01) Esses orif\u00edcios apresentavam aproximadamente de 80 cm. de profundidade por 10 cm. de largura. Descobrimos tamb\u00e9m que esse c\u00edrculo estava gradualmente crescendo a cada dia, pois na \u00e9poca de sua descoberta \u2013 quando foi filmado pela televis\u00e3o local \u2013 apresentava apenas 8 metros de di\u00e2metro, ou seja, em aproximadamente 20 dias teria crescido 22 metros. A dois metros dos tr\u00eas orif\u00edcios encontramos outro fen\u00f4meno que deixou a popula\u00e7\u00e3o local perplexa. Havia um sulco em forma de \u201cV\u201d que realizava um corte de ponta a ponta do c\u00edrculo, mas com um estranho detalhe. A soja que se encontrava no meio do c\u00edrculo estava intacta e de p\u00e9 (fig. 02). A poucos metros do local existia um segundo c\u00edrculo de soja seca, que n\u00e3o apresentava orif\u00edcios. Em entrevista com testemunhas soubemos que na \u00e9poca em que foram encontrados os dois c\u00edrculos, a soja seca estava deitada no sentido do centro para fora. Tamb\u00e9m descobrimos que aproximadamente 20 aparelhos de televis\u00e3o nas resid\u00eancias pr\u00f3ximas \u00e0 planta\u00e7\u00e3o, bem como 10 terminais de computadores da COCAMAR local queimaram no mesmo dia, apesar da referida empresa possuir um para-raio no alto de sua torre. Lembramos aqui que uma forte interfer\u00eancia eletromagn\u00e9tica poderia causar esse tipo de fen\u00f4meno.<\/p>\n<p>O fazendeiro e veterin\u00e1rio Julio Grochoski Neto convidou-nos a sua fazenda que se localiza a 5 km. de S\u00e3o Jorge do Iva\u00ed, onde encontramos um terceiro c\u00edrculo de soja seca com 14 m. de di\u00e2metro, apresentando apenas um pequeno orif\u00edcio em seu centro com 10 cm. de largura por 5cm. de profundidade. Encontramos duas fileiras de soja verde perpendiculares, que cruzavam o c\u00edrculo, uma a direita e outra a esquerda do orif\u00edcio central.<\/p>\n<p>Realizei um pequeno teste pr\u00e1tico com uma b\u00fassola em todos os orif\u00edcios encontrados e notamos uma forte interfer\u00eancia magn\u00e9tica. A b\u00fassola girava loucamente apenas quando a coloc\u00e1vamos dentro dos orif\u00edcios inclusive com uma breve aproxima\u00e7\u00e3o. A agulha da b\u00fassola realizava movimentos que variavam de 180o a 360o, demonstrando que o ferro que se apresentava no solo estava provavelmente magnetizado.<\/p>\n<p>Na semana seguinte voltei a S\u00e3o Jorge do Iva\u00ed em conseq\u00fc\u00eancia de mais dois c\u00edrculos encontrados na soja.<\/p>\n<p>A 5 km., em outra estrada que permite acesso a S\u00e3o Jorge na fazenda do Sr. Darci Zequi Crivelaro encontramos um c\u00edrculo diferente em dois aspectos. Com 14 metros de di\u00e2metro e um orif\u00edcio de 23 cm. de largura por aproximadamente 5 metros de profundidade. A soja dentro do c\u00edrculo estava verde enquanto que o restante da planta\u00e7\u00e3o se encontrava madura em \u00e9poca de colheita. Darci nos relatou que na \u00e9poca em que foi encontrado o c\u00edrculo a soja estava murcha (e n\u00e3o seca) e que na borda do buraco (orif\u00edcio) desprendia uma fuma\u00e7a cinza em pequenas propor\u00e7\u00f5es. Encontramos tamb\u00e9m quatro sulcos em semic\u00edrculo escavados do final do c\u00edrculo para fora (fig. 03). Cada um com medidas aproximadas.<\/p>\n<p>Em nossa coleta de amostras realizadas neste caso espec\u00edfico, observamos a presen\u00e7a de pequenos pontos pretos na terra como se estivesse queimada somente em alguns pontos.<\/p>\n<p>Outros dois c\u00edrculos foram encontrados em locais diferentes em outras duas estradas que permitem acesso a S\u00e3o Jorge do Iva\u00ed \u00e0 aproximadamente 5 km. O \u00faltimo deles tamb\u00e9m apresentava tr\u00eas orif\u00edcios com caracter\u00edsticas id\u00eanticas ao primeiro c\u00edrculo, referentes \u00e0 soja, e as medidas de profundidade, largura e dist\u00e2ncia.<\/p>\n<p>Trouxemos as amostras para o Departamento de F\u00edsica da Universidade Federal do Paran\u00e1 (UFPR) na pessoa do Professor Germano Afonso, que realizou testes f\u00edsicos relacionados ao magnetismo do solo, detectando grande varia\u00e7\u00e3o magn\u00e9tica. A opini\u00e3o do Prof. Germano Afonso, \u00e9 de que se tratava de uma chuva de micro meteoros. Ignorando outras evid\u00eancias apresentadas por mim, considerou apenas as amostras, pois estas contrariavam sua hip\u00f3tese. Relutou em n\u00e3o aceitar qualquer outra hip\u00f3tese em quest\u00e3o. Aproximadamente na mesma \u00e9poca ele e um outro cientista da mesma Universidade estiveram na cidade de Pato Branco pesquisando um caso similar aos encontrados em S\u00e3o Jorge do Iva\u00ed. Encontraram um c\u00edrculo de soja queimada com 4 orif\u00edcios de 10 cm. de largura por 4 metros de profundidade. L\u00e1 cavaram a terra tentando encontrar ind\u00edcios de rastro de meteoritos, mas somente encontraram, interfer\u00eancia magn\u00e9tica nas amostras de solo. Estranhamente o Prof. Afonso prometeu-me alguns documentos contendo resultados das amostras, mas at\u00e9 a presente data n\u00e3o me foram entregues.<\/p>\n<h3>Observa\u00e7\u00e3o<\/h3>\n<p>Onde est\u00e3o os meteoros? Por que os aparelhos de TV e terminais de computador queimaram? Como e por que foram realizados os sulcos em forma de \u201cV\u201d onde a soja encontrava-se intacta e em p\u00e9? Por que duas fileiras de soja do terceiro c\u00edrculo estavam verdes? Por que os c\u00edrculos aumentavam de tamanho? Por que outras hip\u00f3teses como a do fen\u00f4meno OVNI foram ignoradas pelos f\u00edsicos da Universidade Federal do Paran\u00e1?<\/p>\n<p>Sabemos que o m\u00e9todo cient\u00edfico trabalha com hip\u00f3teses e n\u00e3o apenas com uma hip\u00f3tese. Estas caracter\u00edsticas est\u00e3o particularmente relacionadas ao fen\u00f4meno OVNI e para refor\u00e7ar essa hip\u00f3tese, temos o depoimento do piloto civil Carlos Roberto Grow que avistou da estrada em dire\u00e7\u00e3o a Maring\u00e1, um estranho objeto que deixava uma pequena esteira de fuma\u00e7a por onde passava. Segundo seu depoimento, nada conhecido se comparava ao que ele e outras pessoas haviam visto. Mais tarde veio a confirmar que nenhuma aeronave conhecida sobrevoou o local. Um amigo de Carlos Roberto, tamb\u00e9m piloto que sobrevoava a regi\u00e3o em seu avi\u00e3o, tamb\u00e9m confirmou o avistamento do tal OVNI.<\/p>\n<p>Mais uma vez a ci\u00eancia ortodoxa est\u00e1 querendo tapar o sol com a peneira. Deixam vazar informa\u00e7\u00f5es importantes e aut\u00eanticas para tentar convencer o p\u00fablico de maneira geral que nada mais que meteoritos ca\u00edram no solo, formando figuras e orif\u00edcios geom\u00e9tricos e realizando fen\u00f4menos inusitados. C\u00edrculos estranhos com caracter\u00edsticas mais estranhas ainda que de alguma forma estejam relacionados \u00e0 ufologia, como o p\u00f3 se relaciona a terra. N\u00e3o h\u00e1 d\u00favidas que em fevereiro de 1991 fomos visitados por ilustres conhecidos \u2013 desconhecidos \u2013 que possivelmente vieram coletar amostras de soja e de solo, por algum motivo desconhecido por n\u00f3s.<\/p>\n<h3>Artigo sobre os c\u00edrculos na Revista Realismo Fant\u00e1stico<\/h3>\n<p>O Misteriosos C\u00edrculos de S\u00e3o Jorge do Iva\u00ed<\/p>\n<p>por Carlos Alberto Machado<\/p>\n<p>Muitos s\u00e3o os casos de efeitos f\u00edsicos provocados em nosso meio ambiente por objetos voadores n\u00e3o identificados, mas nenhum desperta mais aten\u00e7\u00e3o do que as estranhas marcas deixadas em nosso solo. Mais raras e pouco frequentes s\u00e3o uma evid\u00eancia de que objetos estranhos, talvez oriundos de outros planetas, pousam em nossa Terra. \u00c9 comum nesses casos encontrarmos a forma de c\u00edrculos, trip\u00e9s ou tri\u00e2ngulos em planta\u00e7\u00f5es ou solos variados. Tamb\u00e9m apresentam muitas vezes forte magnetismo ou radia\u00e7\u00e3o, contados atrav\u00e9s de contadores Geiger, b\u00fassolas e magnet\u00f4metros. O uf\u00f3logo americano Ted Phillips j\u00e1 pesquisou centenas de casos nos Estados Unidos, e recebeu material proveniente de v\u00e1rias partes do mundo. Ap\u00f3s anos de experi\u00eancia neste campo de pesquisas, Ted declara que estes fen\u00f4menos tem a sua origem extraterrestre, principalmente por n\u00e3o existir nenhum ponto que possa nos levar a acreditar tratar-se de um fen\u00f4meno terrestre.<\/p>\n<p><strong>Pesquisas no Paran\u00e1<\/strong><\/p>\n<p>Em 1982, pesquisamos o caso Salick [Caso Salick], onde encontramos um c\u00edrculo queimado em meio a mata tropical da Serra do Mar, mais precisamente no munic\u00edpio de Antonina. Este caso em particular ap\u00f3s dois anos de sua ocorr\u00eancia ainda apresentava \u00edndices de radia\u00e7\u00e3o letal ao ser humano. Agora em 1991, mais um registro de marcas circulares em solo paranaense foi pesquisado. No m\u00eas de fevereiro, a cidade de S\u00e3o Jorge do Iva\u00ed (aproximadamente 30km da cidade de Maring\u00e1) foi palco da presen\u00e7a de extraterrenos, cerca de seis c\u00edrculos misteriosos foram registrados.<\/p>\n<p><strong>Primeira visita<\/strong><\/p>\n<p>Nossa primeira visita a S\u00e3o Jorge do Iva\u00ed foi consequ\u00eancia de uma pequena reportagem realizada por uma equipe de jornalistas da Televis\u00e3o Cultura de Maring\u00e1 (Globo local). Ao chegarmos na cidade recebemos o aux\u00edlio do Engenheiro Agr\u00f4nomo Ant\u00f4nio Barbar que gentilmente nos levou ao local do c\u00edrculo mencionado pela reportagem de televis\u00e3o. Inicialmente nos deparamos com um c\u00edrculo de soja seca com 30 metros de comprimento e em seu meio tr\u00eas orif\u00edcios equidistantes formando um tri\u00e2ngulo quase perfeito (figura 1). Esses orif\u00edcios apresentavam uma profundidade aproximada de 80 cent\u00edmetros por 10 cm de largura. Descobrimos tamb\u00e9m que este c\u00edrculo estava gradualmente crescendo a cada dia, pois na \u00e9poca de sua descoberta quando foi filmado pela televis\u00e3o local, apresentava apenas oito metros de di\u00e2metro, ou seja, em vinte dias teria crescido vinte e dois metros. A dois metros dos tr\u00eas orif\u00edcios encontrados, outro fen\u00f4meno deixou a popula\u00e7\u00e3o local curiosa. Havia um sulco em forma de \u201cV\u201d que realizava um corte de ponta a ponta no c\u00edrculo, mas com detalhe estranho. A soja que se encontrava no meio do sulco estava intacta e de p\u00e9 (figura 2). A poucos metros do local, existia um segundo c\u00edrculo de soja seca, que n\u00e3o apresentava orif\u00edcios. Em entrevistas com as testemunhas soubemos que na \u00e9poca em que foram encontrados os dois c\u00edrculos, a soja seca estava deitada no sentido do centro para fora. Tamb\u00e9m descobrimos que aproximadamente vinte aparelhos de TV nas resid\u00eancias pr\u00f3ximas \u00e0 planta\u00e7\u00e3o, bem como dez terminais de computadores da COCAMAR local queimaram no mesmo dia, apesar da referida empresa possuir um para-raios no alto de sua torre. Lembramos aqui, que uma forte interfer\u00eancia eletromagn\u00e9tica poderia causar este fen\u00f4meno.<\/p>\n<p>O fazendeiro e veterin\u00e1rio Julio Grochoski neto no levou \u00e0 sua fazenda, a cinco Km de S\u00e3o Jorge do Iva\u00ed, onde encontramos um terceiro c\u00edrculo de soja seca, com 14 metros de di\u00e2metro, apresentando apenas um pequeno orif\u00edcio ao centro, com 10 cm de largura por 5 cm de profundidade. Aqui encontramos duas fileiras de soja verde que cortava o c\u00edrculo, uma \u00e0 direita e outra \u00e0 esquerda do orif\u00edcio central.<\/p>\n<p><strong>Segunda visita<\/strong><\/p>\n<p>Aproximadamente 5 km em outra estrada que permite acesso a S\u00e3o Joge do Iva\u00ed, na fazenda do Sr. Darci Zequi Crivelaro, por consequ\u00eancia de nossa segunda visita, nos deparamos com um quarto c\u00edrculo que apresentava caracter\u00edsticas diferentes. Com 14 metros de di\u00e2metro e um orif\u00edcio de 23 cm de largura por 5 cm de profundidade aproximadamente. A soja estava verde, enquanto que o resto da planta\u00e7\u00e3o encontrava-se amarelada, j\u00e1 em \u00e9poca de colheita. Darci nos explicou que na \u00e9poca em que o c\u00edrculo foi encontrado o c\u00edrculo a soja estava murcha (e n\u00e3o seca) e nas bordas do buraco saia uma fuma\u00e7a cinza em pequenas propor\u00e7\u00f5es. Em nossa coleta de amostras realizadas neste caso encontramos pequenas manchas pretas na terra como se estivesse queimada, em alguns pontos. Encontramos tamb\u00e9m quatro sulcos em semic\u00edrculo escavado no final do circulo para fora (figura3) cada um com medidas aproximadas. Mais dois c\u00edrculos foram encontrados em locais diferentes a aproximadamente 5 km de S\u00e3o Jorge do Iva\u00ed, em outro acesso. O ultimo deles tamb\u00e9m apresentava tr\u00eas orif\u00edcios com caracter\u00edsticas id\u00eanticas ao primeiro c\u00edrculo, referentes a soja e em medidas de profundidade, largura e dist\u00e2ncia. Realizamos um teste pr\u00e1tico com uma pequena b\u00fassola em todos os orif\u00edcios e apresentou-se forte interfer\u00eancia eletromagn\u00e9tica em todos eles fazendo a agulha da bussola realizar movimentos de 180\u00ba \u00e0 360\u00ba, mostrando que o ferro que se apresentava na terra havia sido magnetizado. Trouxemos as amostras para a Universidade Federal do Paran\u00e1, que realizou testes f\u00edsicos relacionados ao magnetismo da terra detectando grande varia\u00e7\u00e3o magn\u00e9tica. A opini\u00e3o dos f\u00edsicos desta Universidade \u00e9 de que se trata de uma chuva de meteoros. Mas n\u00f3s perguntamos: Onde est\u00e3o os meteoros? Por que os aparelhos de TV e os terminais de computador queimaram? Como e por que foi realizado o sulco em forma de \u201cV\u201d onde a soja encontra-se intacta e em p\u00e9? Por que duas fileiras de soja no 3\u00ba circulo estavam verdes? Por que os c\u00edrculos aumentaram de tamanho?<\/p>\n<p><strong>Outros avistamentos<\/strong><\/p>\n<p>Estas caracter\u00edsticas particularmente est\u00e3o relacionadas ao fen\u00f4meno OVNI, e para refor\u00e7ar esta hip\u00f3tese, temos o depoimento do piloto civil Carlos Roberto Grow que avistou da estrada, em dire\u00e7\u00e3o \u00e0 Maring\u00e1 um objeto que ele e outras pessoas caracterizaram no m\u00ednimo como estranho. Segundo o piloto nada parecido poderia se comparar ao objeto observado. Mais tarde, veio a confirmar que nenhuma aeronave conhecida sobrevoou o local, e um amigo tamb\u00e9m piloto confirmou suas suspeitas de um OVNI, pois tamb\u00e9m o viu no mesmo dia a bordo de seu avi\u00e3o. Aproximadamente na mesma \u00e9poca, uma equipe de professores da Universidade Federal do Paran\u00e1 esteve m Pato Branco, uma pequena cidade no sul do Estado, e l\u00e1 encontraram um circulo de soja queimada com quatro orif\u00edcios de 10 cm de largura por 4 metros de profundidade. Realizaram escava\u00e7\u00f5es, coletaram amostras de terra, mas n\u00e3o encontraram meteoros. Apenas interfer\u00eancia magn\u00e9tica nas amostras.<\/p>\n<p>Mais uma vez a ci\u00eancia ortodoxa querendo tapar o sol com a peneira. Deixam vazar informa\u00e7\u00f5es importantes e aut\u00eanticas para convencer o p\u00fablico de maneira geral, que nada mais do que meteoros ca\u00edram no solo formando figuras geom\u00e9tricas e realizando fen\u00f4menos inusitados. C\u00edrculos estranhos com caracter\u00edsticas mais estranhas ainda, que se relacionam \u00e0 Ufologia como o p\u00f3 se relaciona \u00e0 Terra. N\u00e3o h\u00e1 duvidas que em fevereiro deste ano fomos visitados por ilustres conhecidos (desconhecidos) que provavelmente vieram coletar amostras de soja e solo por algum motivo desconhecido por n\u00f3s.<\/p>\n<\/div>\n<\/div>\n<\/section>\n<div id=\"attachment_4741\" style=\"width: 694px\" class=\"wp-caption aligncenter\"><img aria-describedby=\"caption-attachment-4741\" loading=\"lazy\" class=\"wp-image-4741 size-full\" src=\"https:\/\/www.fenomenum.com.br\/novo\/wp-content\/uploads\/2022\/04\/ivai1.jpg\" alt=\"\" width=\"684\" height=\"489\" \/><p id=\"caption-attachment-4741\" class=\"wp-caption-text\">Tr\u00eas buracos em um dos c\u00edrculos na soja<\/p><\/div>\n<p>&nbsp;<\/p>\n<div id=\"attachment_4742\" style=\"width: 688px\" class=\"wp-caption aligncenter\"><img aria-describedby=\"caption-attachment-4742\" loading=\"lazy\" class=\"wp-image-4742 size-full\" src=\"https:\/\/www.fenomenum.com.br\/novo\/wp-content\/uploads\/2022\/04\/ivai2.jpg\" alt=\"\" width=\"678\" height=\"486\" \/><p id=\"caption-attachment-4742\" class=\"wp-caption-text\">Detalhe de um dos c\u00edrculos.<\/p><\/div>\n<p>&nbsp;<\/p>\n<div id=\"attachment_4743\" style=\"width: 694px\" class=\"wp-caption aligncenter\"><img aria-describedby=\"caption-attachment-4743\" loading=\"lazy\" class=\"wp-image-4743 size-full\" src=\"https:\/\/www.fenomenum.com.br\/novo\/wp-content\/uploads\/2022\/04\/ivai3.jpg\" alt=\"\" width=\"684\" height=\"490\" \/><p id=\"caption-attachment-4743\" class=\"wp-caption-text\">Um dos c\u00edrculos dentro de uma planta\u00e7\u00e3o de soja madura.<\/p><\/div>\n<p>&nbsp;<\/p>\n<div id=\"attachment_4744\" style=\"width: 668px\" class=\"wp-caption aligncenter\"><img aria-describedby=\"caption-attachment-4744\" loading=\"lazy\" class=\"wp-image-4744 size-full\" src=\"https:\/\/www.fenomenum.com.br\/novo\/wp-content\/uploads\/2022\/04\/ivai4.jpg\" alt=\"\" width=\"658\" height=\"454\" \/><p id=\"caption-attachment-4744\" class=\"wp-caption-text\">Vista geral da planta\u00e7\u00e3o onde o circulo surgiu.<\/p><\/div>\n<p>&nbsp;<\/p>\n<div id=\"attachment_4745\" style=\"width: 694px\" class=\"wp-caption aligncenter\"><img aria-describedby=\"caption-attachment-4745\" loading=\"lazy\" class=\"wp-image-4745 size-full\" src=\"https:\/\/www.fenomenum.com.br\/novo\/wp-content\/uploads\/2022\/04\/ivai5.jpg\" alt=\"\" width=\"684\" height=\"502\" \/><p id=\"caption-attachment-4745\" class=\"wp-caption-text\">Detalhe do buraco no interior de um dos c\u00edrculos.<\/p><\/div>\n<p>&nbsp;<\/p>\n<div id=\"attachment_4746\" style=\"width: 243px\" class=\"wp-caption aligncenter\"><img aria-describedby=\"caption-attachment-4746\" loading=\"lazy\" class=\"wp-image-4746 size-full\" src=\"https:\/\/www.fenomenum.com.br\/novo\/wp-content\/uploads\/2022\/04\/ivai6.jpg\" alt=\"\" width=\"233\" height=\"152\" \/><p id=\"caption-attachment-4746\" class=\"wp-caption-text\">Vista geral da planta\u00e7\u00e3o onde o circulo surgiu<\/p><\/div>\n<div id=\"attachment_4747\" style=\"width: 501px\" class=\"wp-caption aligncenter\"><img aria-describedby=\"caption-attachment-4747\" loading=\"lazy\" class=\"wp-image-4747 size-full\" src=\"https:\/\/www.fenomenum.com.br\/novo\/wp-content\/uploads\/2022\/04\/ivai7.jpg\" alt=\"\" width=\"491\" height=\"672\" \/><p id=\"caption-attachment-4747\" class=\"wp-caption-text\">Propriet\u00e1rio das terras onde surgiram dois c\u00edrculos.<\/p><\/div>\n<p>&nbsp;<\/p>\n<div id=\"attachment_4748\" style=\"width: 401px\" class=\"wp-caption aligncenter\"><img aria-describedby=\"caption-attachment-4748\" loading=\"lazy\" class=\"wp-image-4748 size-full\" src=\"https:\/\/www.fenomenum.com.br\/novo\/wp-content\/uploads\/2022\/04\/ivai8.jpg\" alt=\"\" width=\"391\" height=\"588\" \/><p id=\"caption-attachment-4748\" class=\"wp-caption-text\">Propriet\u00e1rios da terra onde surgiu o c\u00edrculo com 5 metros de di\u00e2metro<\/p><\/div>\n<p>&nbsp;<\/p>\n<h2>Refer\u00eancias:<\/h2>\n<hr \/>\n<ol>\n<li>Arquivos CIPEX<\/li>\n<\/ol>\n","protected":false},"excerpt":{"rendered":"<p>Em fevereiro de 1991, surgem estranhos c\u00edrculos em planta\u00e7\u00f5es de soja na cidade de S\u00e3o Jorge do Iva\u00ed (PR). Pesquisadores detectaram anomalias dentro destas marcas. Texto original de Carlos Alberto Machado Em fevereiro de 1991 surgiu do dia para a noite um c\u00edrculo de soja seca na cidade interiorana de S\u00e3o Jorge do Iva\u00ed (PR) [&hellip;]<\/p>\n","protected":false},"author":5,"featured_media":4740,"comment_status":"open","ping_status":"open","sticky":false,"template":"","format":"standard","meta":{"inline_featured_image":false},"categories":[137,105],"tags":[],"_links":{"self":[{"href":"https:\/\/www.fenomenum.com.br\/novo\/wp-json\/wp\/v2\/posts\/4739"}],"collection":[{"href":"https:\/\/www.fenomenum.com.br\/novo\/wp-json\/wp\/v2\/posts"}],"about":[{"href":"https:\/\/www.fenomenum.com.br\/novo\/wp-json\/wp\/v2\/types\/post"}],"author":[{"embeddable":true,"href":"https:\/\/www.fenomenum.com.br\/novo\/wp-json\/wp\/v2\/users\/5"}],"replies":[{"embeddable":true,"href":"https:\/\/www.fenomenum.com.br\/novo\/wp-json\/wp\/v2\/comments?post=4739"}],"version-history":[{"count":1,"href":"https:\/\/www.fenomenum.com.br\/novo\/wp-json\/wp\/v2\/posts\/4739\/revisions"}],"predecessor-version":[{"id":6983,"href":"https:\/\/www.fenomenum.com.br\/novo\/wp-json\/wp\/v2\/posts\/4739\/revisions\/6983"}],"wp:featuredmedia":[{"embeddable":true,"href":"https:\/\/www.fenomenum.com.br\/novo\/wp-json\/wp\/v2\/media\/4740"}],"wp:attachment":[{"href":"https:\/\/www.fenomenum.com.br\/novo\/wp-json\/wp\/v2\/media?parent=4739"}],"wp:term":[{"taxonomy":"category","embeddable":true,"href":"https:\/\/www.fenomenum.com.br\/novo\/wp-json\/wp\/v2\/categories?post=4739"},{"taxonomy":"post_tag","embeddable":true,"href":"https:\/\/www.fenomenum.com.br\/novo\/wp-json\/wp\/v2\/tags?post=4739"}],"curies":[{"name":"wp","href":"https:\/\/api.w.org\/{rel}","templated":true}]}}