{"id":4750,"date":"2022-04-01T13:43:45","date_gmt":"2022-04-01T16:43:45","guid":{"rendered":"https:\/\/www.fenomenum.com.br\/?p=4750"},"modified":"2025-04-21T13:29:57","modified_gmt":"2025-04-21T16:29:57","slug":"caso-moises-campelo","status":"publish","type":"post","link":"https:\/\/www.fenomenum.com.br\/novo\/caso-moises-campelo\/","title":{"rendered":"Caso Mois\u00e9s Campelo"},"content":{"rendered":"<section id=\"inner-headline\">\n<div class=\"container\">\n<div class=\"row\">\n<div id=\"resumo\" class=\"resumo\" style=\"padding-left: 40px;\"><strong>Um sitiante a caminho de casa \u00e9 surpreendido por uma luz intensa que o paralisa e levita alguns a metros do ch\u00e3o em duas ocasi\u00f5es, gerando efeitos fisiol\u00f3gicos prejudiciais<\/strong><\/div>\n<\/div>\n<\/div>\n<\/section>\n<div class=\"col-lg-8\">\n<hr \/>\n<\/div>\n<div>\n<p>Em maio de 1991, ocorreu um impressionante caso ufol\u00f3gico de natureza agressiva contra um sitiante da localidade de Campo Redondo, no Rio Grande do Norte. O protagonista do caso, Mois\u00e9s Campelo, fazendeiro, saiu da casa de seu irm\u00e3o, nas proximidades da igreja da localidade e come\u00e7ou a descer uma colina a caminho de sua casa, situada a pouco mais de 1 Km dali. J\u00e1 era noite e garoava, mas Mois\u00e9s n\u00e3o abriu seu guarda-chuva, caminhando tranquilamente.<\/p>\n<p>Ap\u00f3s descer a colina da casa de seu irm\u00e3o ele iniciou a subida de outra colina. Ao chegar ao topo desta percebeu um brilho \u00e0 sua direita. Aparentemente ela estava sobre uma montanha situada a 3 km a leste de sua posi\u00e7\u00e3o. Imaginando tratar-se de um carro ele n\u00e3o deu aten\u00e7\u00e3o ao fato e continuou seu caminho. Ap\u00f3s dar alguns poucos passos a estranha luz surgiu logo acima de sua cabe\u00e7a. Era t\u00e3o intensa que chegava a arder os olhos da testemunha. Tinha o tamanho de uma casa e aparentemente girava lentamente.<\/p>\n<p>Do objeto surgiu uma luz que envolveu Mois\u00e9s. Ele sentiu-se paralisado quase que imediatamente, ao mesmo tempo em que um calor muito forte envolveu seu corpo. Ele sentiu-se muito leve, sendo como que sugado em dire\u00e7\u00e3o \u00e0 luz.<\/p>\n<p style=\"padding-left: 40px;\"><em>\u201cAquilo iluminou tudo \u00e0 minha volta e ficou muito quente. Eu senti que estava sendo sugado para cima. Fiquei com muito medo mesmo. Subi mais ou menos um metro e meio. N\u00e3o conseguia falar nem gritar por ajuda e ao podia me mexer. A luz era quente demais. Eu estava apavorado\u201d.<\/em><\/p>\n<p>Mois\u00e9s contou ao pesquisador Bob Pratt, em entrevista concedida 16 meses ap\u00f3s o epis\u00f3dio, que na ocasi\u00e3o portava um pacote de biscoitos, que carregava debaixo do bra\u00e7o. Durante contato ele sentiu seu corpo t\u00e3o r\u00edgido que esmagou todo o pacote.<\/p>\n<p>A testemunha n\u00e3o tinha id\u00e9ia precisa de quanto tempo ficou suspenso abaixo do aparelho, estimando em aproximadamente 5 minutos. Ap\u00f3s este tempo, ele foi recolocado no solo e a luz se afastou posicionando-se sobre uma \u00e1rvore a aproximadamente 20 metros de dist\u00e2ncia e brilhando intensamente. Ap\u00f3s ser liberado Mois\u00e9s caiu ao ch\u00e3o, sentindo muita tontura e com ard\u00eancia nos olhos. Ele arrastou-se com dificuldade em dire\u00e7\u00e3o \u00e0 sua casa, que se situava pr\u00f3ximo dali.<\/p>\n<p style=\"padding-left: 40px;\"><em>\u201cEstava rastejando como uma lagartixa porque n\u00e3o conseguia andar. Afastei-me dali uns 200 metros e fiquei embaixo de uma \u00e1rvore pequena, onde parei um pouco para descansar. Depois, comecei a me mexer de novo e, assim que sa\u00ed debaixo da \u00e1rvore eles voltaram e me pegaram novamente\u201d.<\/em><\/p>\n<p>Desta vez, o aparelho veio por tr\u00e1s e posicionou-se pr\u00f3ximo \u00e0 \u00e1rvore onde o fazendeiro estava. Novamente um facho de luz foi emitido em sua dire\u00e7\u00e3o e o sitiante sentiu-se levitar em dire\u00e7\u00e3o ao objeto.<\/p>\n<p><em>\u201cMinha cabe\u00e7a bateu nos galhos enquanto eu subia. Fiquei paralisado de novo, mas desta vez senti muito frio. N\u00e3o podia me mexer ou gritar, e a luz feria meus olhos outra vez. A coisa estava acima de mim, girando, girando, girando\u201d<\/em>. Muito assustado, Mois\u00e9s come\u00e7ou a rezar. Desta vez, Moises permaneceu por aproximadamente 15 minutos suspenso abaixo do objeto. Ap\u00f3s este tempo Mois\u00e9s foi liberado ainda suspenso no ar, caindo com for\u00e7a no ch\u00e3o. A paralisia passou, mas ele ainda sentia muita dor. Temendo um novo ass\u00e9dio do objeto ele arrastou-se para casa.<\/p>\n<p style=\"padding-left: 40px;\"><em>\u201cMeu olho esquerdo come\u00e7ou a inchar. Parecia que ia sair da cabe\u00e7a, e quando entrei em casa, n\u00e3o estava enxergando com ele\u201d.<\/em><\/p>\n<p>Mois\u00e9s, ao chegar em casa, bateu nervosamente \u00e0 porta, para que sua mulher abrisse permitindo sua entrada. Ele estava hist\u00e9rico e n\u00e3o conseguia relatar o que havia acontecido.<\/p>\n<p style=\"padding-left: 40px;\"><em>\u201cSentei-me numa cadeira e por uns cinco minutos n\u00e3o conseguia falar. Um pouco depois, olhei pela janela e via luz sobre a Igreja. Quando aquilo aconteceu comigo ela era branca, mas aquela dist\u00e2ncia parecia uma enorme bola vermelha. Ficava balan\u00e7ando para frente e para tr\u00e1s como um p\u00eandulo\u201d.<\/em><\/p>\n<h2>Efeitos Fisiol\u00f3gicos<\/h2>\n<p>A experi\u00eancia foi muito traum\u00e1tica para Mois\u00e9s. Depois daquela noite, ele n\u00e3o saiu mais de casa \u00e0 noite por medo de um novo ataque. Al\u00e9m do trauma houveram problemas fisiol\u00f3gicos decorrentes do contato pelo qual passou.<\/p>\n<p><em>\u201cMeu lado esquerdo ficou amortecido por 3 ou 4 meses. A parte em volta da cintura e dos quadris, do lado esquerdo, parecia paralisada\u201d<\/em>. Quando entrevistou Moises, em setembro de 1991, Bob Pratt constatou que o olho esquerdo de Mois\u00e9s ainda apresentava-se irritado.<\/p>\n<p style=\"padding-left: 40px;\"><em>\u201cInchou tanto que eu n\u00e3o podia dormir \u00e0 noite por um bom tempo depois, porque n\u00e3o dava para fechar o olho. N\u00e3o enxerguei com ele durante alguns dias e ainda tenho dificuldade\u201d.<\/em><\/p>\n<p>Devido ao problema, Mois\u00e9s consultou um oftalmologista que lhe disse que ele precisaria fazer uma cirurgia no olho. Devido \u00e0 problemas locais a cirurgia acabou nunca sendo feita.<\/p>\n<p>Casos desta natureza s\u00e3o muito comuns em cidades do interior do Rio Grande do Norte e estados vizinhos. Os casos ocorridos ali s\u00e3o quase sempre de natureza agressiva resultando em sequelas f\u00edsicas e fisiol\u00f3gicas nos protagonistas dos casos.<\/p>\n<\/div>\n<div id=\"attachment_4751\" style=\"width: 190px\" class=\"wp-caption aligncenter\"><img aria-describedby=\"caption-attachment-4751\" loading=\"lazy\" class=\"wp-image-4751 size-full\" src=\"https:\/\/www.fenomenum.com.br\/novo\/wp-content\/uploads\/2022\/04\/moises22.jpg\" alt=\"\" width=\"180\" height=\"231\" \/><p id=\"caption-attachment-4751\" class=\"wp-caption-text\">Mois\u00e9s Campelo, protagonista desde caso.<\/p><\/div>\n<p>&nbsp;<\/p>\n<h2>Refer\u00eancias:<\/h2>\n<hr \/>\n<ul>\n<li>PRATT, Bob. Perigo Alien\u00edgena no Brasil. Tradu\u00e7\u00e3o de Marcos Malvezzi Leal. Campo Grande: CBPDV, 2003.<\/li>\n<li>PRATT, Bob. Casu\u00edstica nordestina. Revista UFO, Campo Grande, n\u00ba 19, p. 20-22, mar\u00e7o\/abril 1992.<\/li>\n<li><a href=\"http:\/\/www.infra.org.pl\/fenomen-ufo\/ufo-fenomeny-i-fakty\/319-niebezpieczne-spotkania-z-ufo\" target=\"_blank\" rel=\"noopener\">http:\/\/www.infra.org.pl\/fenomen-ufo\/ufo-fenomeny-i-fakty\/319-niebezpieczne-spotkania-z-ufo<\/a><\/li>\n<li><a href=\"http:\/\/www.mufon.com\/bob_pratt\/brazil.html\" target=\"_blank\" rel=\"noopener\">http:\/\/www.mufon.com\/bob_pratt\/brazil.html<\/a><\/li>\n<li><a href=\"http:\/\/newastronomy.chez-alice.fr\/dangereuses.html\" target=\"_blank\" rel=\"noopener\">http:\/\/newastronomy.chez-alice.fr\/dangereuses.html<\/a><\/li>\n<\/ul>\n","protected":false},"excerpt":{"rendered":"<p>Um sitiante a caminho de casa \u00e9 surpreendido por uma luz intensa que o paralisa e levita alguns a metros do ch\u00e3o em duas ocasi\u00f5es, gerando efeitos fisiol\u00f3gicos prejudiciais Em maio de 1991, ocorreu um impressionante caso ufol\u00f3gico de natureza agressiva contra um sitiante da localidade de Campo Redondo, no Rio Grande do Norte. O [&hellip;]<\/p>\n","protected":false},"author":5,"featured_media":4752,"comment_status":"open","ping_status":"open","sticky":false,"template":"","format":"standard","meta":{"inline_featured_image":false},"categories":[137,105],"tags":[],"_links":{"self":[{"href":"https:\/\/www.fenomenum.com.br\/novo\/wp-json\/wp\/v2\/posts\/4750"}],"collection":[{"href":"https:\/\/www.fenomenum.com.br\/novo\/wp-json\/wp\/v2\/posts"}],"about":[{"href":"https:\/\/www.fenomenum.com.br\/novo\/wp-json\/wp\/v2\/types\/post"}],"author":[{"embeddable":true,"href":"https:\/\/www.fenomenum.com.br\/novo\/wp-json\/wp\/v2\/users\/5"}],"replies":[{"embeddable":true,"href":"https:\/\/www.fenomenum.com.br\/novo\/wp-json\/wp\/v2\/comments?post=4750"}],"version-history":[{"count":1,"href":"https:\/\/www.fenomenum.com.br\/novo\/wp-json\/wp\/v2\/posts\/4750\/revisions"}],"predecessor-version":[{"id":6982,"href":"https:\/\/www.fenomenum.com.br\/novo\/wp-json\/wp\/v2\/posts\/4750\/revisions\/6982"}],"wp:featuredmedia":[{"embeddable":true,"href":"https:\/\/www.fenomenum.com.br\/novo\/wp-json\/wp\/v2\/media\/4752"}],"wp:attachment":[{"href":"https:\/\/www.fenomenum.com.br\/novo\/wp-json\/wp\/v2\/media?parent=4750"}],"wp:term":[{"taxonomy":"category","embeddable":true,"href":"https:\/\/www.fenomenum.com.br\/novo\/wp-json\/wp\/v2\/categories?post=4750"},{"taxonomy":"post_tag","embeddable":true,"href":"https:\/\/www.fenomenum.com.br\/novo\/wp-json\/wp\/v2\/tags?post=4750"}],"curies":[{"name":"wp","href":"https:\/\/api.w.org\/{rel}","templated":true}]}}