{"id":4754,"date":"2022-04-01T14:05:49","date_gmt":"2022-04-01T17:05:49","guid":{"rendered":"https:\/\/www.fenomenum.com.br\/?p=4754"},"modified":"2025-04-21T13:29:56","modified_gmt":"2025-04-21T16:29:56","slug":"caso-jerinaldo","status":"publish","type":"post","link":"https:\/\/www.fenomenum.com.br\/novo\/caso-jerinaldo\/","title":{"rendered":"Caso Jerinaldo"},"content":{"rendered":"<section id=\"inner-headline\">\n<div class=\"container\">\n<div class=\"row\">\n<div id=\"resumo\" class=\"resumo\" style=\"padding-left: 40px;\"><strong>Jovem esconde-se de disco voador embaixo de uma \u00e1rvore que acaba sendo queimada pelo aparelho, em caso ocorrido em Acari (RN), no ano de 1991.<\/strong><\/div>\n<\/div>\n<\/div>\n<\/section>\n<div>\n<hr \/>\n<\/div>\n<div>\n<p>O protagonista deste caso, Jerinaldo Danes, tinha 18 anos de idade e morava em um s\u00edtio, a quase 7 km a sudeste de Acari, no Rio Grande do Norte. Em 1991, ele trabalhava na fazenda de seu tio, voltando de bicicleta para casa ao final da tarde, utilizando uma estrada de terra que corta uma fazenda maior, o s\u00edtio Ing\u00e1. Em uma destas ocasi\u00f5es, Jerinaldo passou por uma experi\u00eancia assustadora. Ele passava nas proximidades da sede da fazenda, ouvindo walkman, e tendo o sol poente \u00e0s suas costas. Nesse exato momento, Jerinaldo observou um objeto luminoso, multicolorido, surgindo por tr\u00e1s de alguns morros e vindo em sua dire\u00e7\u00e3o. Com a aproxima\u00e7\u00e3o do objeto, seu walkman apresentou est\u00e1tica. Assustado, Jerinaldo correu para abrigar-se abaixo de uma \u00e1rvore.<\/p>\n<p style=\"padding-left: 40px;\"><em>\u201cEstava come\u00e7ando a escurecer quando eu vi uma grande bola de luz vindo na minha dire\u00e7\u00e3o, a partir das montanhas. Tinha tudo quanto era cor, azul, vermelha, verde. Ela desceu na minha dire\u00e7\u00e3o e de repente meu walkman se encheu de est\u00e1tica. Fiquei t\u00e3o assustado que larguei a bicicleta e fui me esconder embaixo de uma \u00e1rvore. L\u00e1 eu fiquei agachado e abracei o tronco. A luz desceu e parou bem acima da \u00e1rvore. Eu fiquei naquela posi\u00e7\u00e3o um bom tempo. Tentei olhar para cima, para ver a luz, e as vezes ficava apavorado. Senti muito frio, mas tamb\u00e9m vinha uma onda de calor, l\u00e1 de cima. Ficou t\u00e3o quente que tive medo da \u00e1rvore pegar fogo\u201d.<\/em><\/p>\n<p>Jerinaldo permaneceu agarrado a arvore por aproximadamente 20 minutos. O calor era t\u00e3o intenso que ele pensou que a \u00e1rvore poderia incendiar-se a qualquer momento. Olhando em volta ele viu uma cerca de arame farpado, a uns 2 metros de dist\u00e2ncia, \u00e0 sua esquerda. Ele correu em dire\u00e7\u00e3o \u00e0 cerca, atravessou-a por baixo e correu por aproximadamente 6 metros at\u00e9 chegar a um curral.<\/p>\n<p style=\"padding-left: 40px;\"><em>\u201cAssim que passei pela cerca, ouvi um estalo alto, como de uma rachadura. Afastei-me um pouco mais e ouvi um segundo estalo! A\u00ed eu vi a \u00e1rvore cair sobre a cerca, esmagando-a\u201d.<\/em><\/p>\n<p>Segundo Jerinaldo, objeto encontrava-se ainda no mesmo local, acima de onde a \u00e1rvore estivera. Ele estava agachado, com muito medo preocupado com o que poderia ocorrer sem seguida. Felizmente, o objeto apagou-se, acendendo novamente um pouco mais distante. O frio que sentia passou. Ele correu \u00e0 sede da fazenda para pedir ajuda, sendo atendida pela senhora Sebastiana Sales.<\/p>\n<p>Sebastiana havia testemunhado parte da experi\u00eancia de Jerinaldo. Naquele final de tarde, ela assistia uma novela na televis\u00e3o quando seu cachorro come\u00e7ou a latir furiosamente. Ela foi at\u00e9 a janela ver o motivo de tanta agita\u00e7\u00e3o.<\/p>\n<p><em>\u201cOuvi o cachorro latir muito, enquanto eu assistia a novela. Perdi a paci\u00eancia e fui at\u00e9 a janela ver porque ele estava latindo. Abri as venezianas e vi um fogo sobre uma \u00e1rvore. Era uma bola azulada, com uns 60 a 70 cm de di\u00e2metro e soltava fagulhas azuis de eletricidade, ou sei l\u00e1 o qu\u00ea. Iluminava toda a \u00e1rea. Fui at\u00e9 a porta e observei. A luz estava muito baixa, tocando a \u00e1rvore. E tinha um sujeito agachado, embaixo. No come\u00e7o, n\u00e3o percebi ningu\u00e9m, porque era muito dif\u00edcil ver com aquela luz. Achei que ia perder minha novela, por isso fechei a porta e a janela e voltei para dentro de casa, para assistir\u201d<\/em>, declarou ao uf\u00f3logo americano Bob Pratt, que investigou o caso.<\/p>\n<p style=\"padding-left: 40px;\"><em>\u201cPouco depois disso, ele [Jerinaldo] come\u00e7ou a bater em minha porta. Estava muito perturbado e disse: \u2018Olhe o que aconteceu! Tinha um disco voador encima da \u00e1rvore!\u2019 Disse-me tamb\u00e9m que quando a luz chegou perto, ele come\u00e7ou a sentir muito frio. Tinha perdido o bon\u00e9 e jogado a bicicleta no meio da estrada, e queria que eu fosse peg\u00e1-la. Mas eu disse que n\u00e3o ia porque a luz ainda estava l\u00e1. N\u00f3s dois ficamos com medo. Eu disse a ele: \u2018Vamos chamar o administrador da fazenda e pedir que v\u00e1 buscar a bicicleta, pois eu \u00e9 que n\u00e3o vou l\u00e1\u2019. Liguei para o administrador e ele trouxe a bicicleta&#8221;.<\/em><\/p>\n<p>Sebastiana n\u00e3o chegou a ver a \u00e1rvore caindo, mas ouviu o estalo.<\/p>\n<p style=\"padding-left: 40px;\"><em>\u201cOuvi quando ela rachou e quebrou. Era uma \u00e1rvore muito, muito verde, e bem cedo na manh\u00e3 seguinte eu fui olhar. Era estranho porque havia umas fibras queimadas e parecia que a \u00e1rvore tinha sido arranhada por unhas grandes\u201d.<\/em><\/p>\n<p>Jerinaldo n\u00e3o sofreu qualquer dist\u00farbio fisiol\u00f3gico decorrente do incidente. Apesar do susto n\u00e3o adquiriu traumas e continua saindo \u00e0 noite com amigos. O Walkman que portava naquela tarde continuou funcionando normalmente nos dias seguintes.<\/p>\n<\/div>\n<div>\n<div id=\"attachment_4755\" style=\"width: 335px\" class=\"wp-caption aligncenter\"><img aria-describedby=\"caption-attachment-4755\" loading=\"lazy\" class=\"wp-image-4755 size-full\" src=\"https:\/\/www.fenomenum.com.br\/novo\/wp-content\/uploads\/2022\/04\/jerina1.jpg\" alt=\"\" width=\"325\" height=\"446\" \/><p id=\"caption-attachment-4755\" class=\"wp-caption-text\">Restos da \u00e1rvore onde Jerinaldo se abrigou durante o contato com o OVNI.<\/p><\/div>\n<\/div>\n<div><\/div>\n<div><\/div>\n<div>\n<div id=\"attachment_4756\" style=\"width: 161px\" class=\"wp-caption aligncenter\"><img aria-describedby=\"caption-attachment-4756\" loading=\"lazy\" class=\"wp-image-4756 size-full\" src=\"https:\/\/www.fenomenum.com.br\/novo\/wp-content\/uploads\/2022\/04\/jerinaldo1.jpg\" alt=\"\" width=\"151\" height=\"225\" \/><p id=\"caption-attachment-4756\" class=\"wp-caption-text\">Restos da \u00e1rvore onde Jerinaldo se abrigou durante o contato com o OVNI.<\/p><\/div>\n<\/div>\n<div><\/div>\n<div><\/div>\n<div>\n<div id=\"attachment_4757\" style=\"width: 160px\" class=\"wp-caption aligncenter\"><img aria-describedby=\"caption-attachment-4757\" loading=\"lazy\" class=\"wp-image-4757 size-full\" src=\"https:\/\/www.fenomenum.com.br\/novo\/wp-content\/uploads\/2022\/04\/jerinaldo2.jpg\" alt=\"\" width=\"150\" height=\"288\" \/><p id=\"caption-attachment-4757\" class=\"wp-caption-text\">Restos da \u00e1rvore onde Jerinaldo se abrigou durante o contato com o OVNI.<\/p><\/div>\n<\/div>\n<div><\/div>\n<div><\/div>\n<div>\n<div id=\"attachment_4758\" style=\"width: 160px\" class=\"wp-caption aligncenter\"><img aria-describedby=\"caption-attachment-4758\" loading=\"lazy\" class=\"wp-image-4758 size-full\" src=\"https:\/\/www.fenomenum.com.br\/novo\/wp-content\/uploads\/2022\/04\/jerinaldo3.jpg\" alt=\"\" width=\"150\" height=\"188\" \/><p id=\"caption-attachment-4758\" class=\"wp-caption-text\">O protagonista do caso, Jerinaldo Danes.<\/p><\/div>\n<\/div>\n<div><\/div>\n<div><\/div>\n<div><\/div>\n<h2>Refer\u00eancias:<\/h2>\n<div>\n<hr \/>\n<\/div>\n<div>\n<ul>\n<li>PRATT, Bob. Perigo Alien\u00edgena no Brasil. Tradu\u00e7\u00e3o de Marcos Malvezzi Leal. Campo Grande: CBPDV, 2003.<\/li>\n<li>PRATT, Bob. Casu\u00edstica nordestina. Revista UFO, Campo Grande, n\u00ba 19, p. 20-22, mar\u00e7o\/abril 1992.<\/li>\n<li><a href=\"http:\/\/camporedondo.zip.net\/\" target=\"_blank\" rel=\"noopener\">http:\/\/camporedondo.zip.net\/<\/a><\/li>\n<li><a href=\"http:\/\/www.infra.org.pl\/fenomen-ufo\/ufo-fenomeny-i-fakty\/319-niebezpieczne-spotkania-z-ufo\" target=\"_blank\" rel=\"noopener\">http:\/\/www.infra.org.pl\/fenomen-ufo\/ufo-fenomeny-i-fakty\/319-niebezpieczne-spotkania-z-ufo<\/a><\/li>\n<li><a href=\"http:\/\/www.mufon.com\/bob_pratt\/brazil.html\" target=\"_blank\" rel=\"noopener\">http:\/\/www.mufon.com\/bob_pratt\/brazil.html<\/a><\/li>\n<li><a href=\"http:\/\/newastronomy.chez-alice.fr\/dangereuses.html\" target=\"_blank\" rel=\"noopener\">http:\/\/newastronomy.chez-alice.fr\/dangereuses.html<\/a><\/li>\n<li><a href=\"http:\/\/ufoexperiences.blogspot.com\/2006\/07\/1991-ufo-case-in-brazil.html\" target=\"_blank\" rel=\"noopener\">http:\/\/ufoexperiences.blogspot.com\/2006\/07\/1991-ufo-case-in-brazil.html<\/a><\/li>\n<\/ul>\n<\/div>\n","protected":false},"excerpt":{"rendered":"<p>Jovem esconde-se de disco voador embaixo de uma \u00e1rvore que acaba sendo queimada pelo aparelho, em caso ocorrido em Acari (RN), no ano de 1991. O protagonista deste caso, Jerinaldo Danes, tinha 18 anos de idade e morava em um s\u00edtio, a quase 7 km a sudeste de Acari, no Rio Grande do Norte. Em [&hellip;]<\/p>\n","protected":false},"author":5,"featured_media":4759,"comment_status":"open","ping_status":"open","sticky":false,"template":"","format":"standard","meta":{"inline_featured_image":false},"categories":[137,105],"tags":[],"_links":{"self":[{"href":"https:\/\/www.fenomenum.com.br\/novo\/wp-json\/wp\/v2\/posts\/4754"}],"collection":[{"href":"https:\/\/www.fenomenum.com.br\/novo\/wp-json\/wp\/v2\/posts"}],"about":[{"href":"https:\/\/www.fenomenum.com.br\/novo\/wp-json\/wp\/v2\/types\/post"}],"author":[{"embeddable":true,"href":"https:\/\/www.fenomenum.com.br\/novo\/wp-json\/wp\/v2\/users\/5"}],"replies":[{"embeddable":true,"href":"https:\/\/www.fenomenum.com.br\/novo\/wp-json\/wp\/v2\/comments?post=4754"}],"version-history":[{"count":1,"href":"https:\/\/www.fenomenum.com.br\/novo\/wp-json\/wp\/v2\/posts\/4754\/revisions"}],"predecessor-version":[{"id":6981,"href":"https:\/\/www.fenomenum.com.br\/novo\/wp-json\/wp\/v2\/posts\/4754\/revisions\/6981"}],"wp:featuredmedia":[{"embeddable":true,"href":"https:\/\/www.fenomenum.com.br\/novo\/wp-json\/wp\/v2\/media\/4759"}],"wp:attachment":[{"href":"https:\/\/www.fenomenum.com.br\/novo\/wp-json\/wp\/v2\/media?parent=4754"}],"wp:term":[{"taxonomy":"category","embeddable":true,"href":"https:\/\/www.fenomenum.com.br\/novo\/wp-json\/wp\/v2\/categories?post=4754"},{"taxonomy":"post_tag","embeddable":true,"href":"https:\/\/www.fenomenum.com.br\/novo\/wp-json\/wp\/v2\/tags?post=4754"}],"curies":[{"name":"wp","href":"https:\/\/api.w.org\/{rel}","templated":true}]}}