{"id":4833,"date":"2022-04-02T13:06:23","date_gmt":"2022-04-02T16:06:23","guid":{"rendered":"https:\/\/www.fenomenum.com.br\/?p=4833"},"modified":"2025-04-21T13:33:49","modified_gmt":"2025-04-21T16:33:49","slug":"caso-haroldo-westendorff","status":"publish","type":"post","link":"https:\/\/www.fenomenum.com.br\/novo\/caso-haroldo-westendorff\/","title":{"rendered":"Caso Haroldo Westendorff"},"content":{"rendered":"<section id=\"inner-headline\">\n<div class=\"container\">\n<div class=\"row\">\n<div id=\"resumo\" class=\"resumo\" style=\"padding-left: 40px;\"><strong>Impressionante encontro entre aeronave particular e um gigantesco OVNI avistado e captado por radar sobre a Lagoa dos Patos (RS).<\/strong><\/div>\n<\/div>\n<\/div>\n<\/section>\n<div>\n<hr \/>\n<\/div>\n<div>\n<p>Em 05 de outubro de 1996, o empres\u00e1rio e piloto Haroldo Westendorff pilotava um monomotor Tupy (prefixo PT-NTH) sobre a Lagoa dos Patos, nas proximidades da cidade de S\u00e3o Jos\u00e9 do Norte (RS).<\/p>\n<p>Naquele dia o c\u00e9u estava limpo e ensolarado e nuvens esparsas permitindo um v\u00f4o com muita visibilidade. Por volta das 10 da manh\u00e3 o piloto estava a uma altitude de 1800 metros, sobrevoando a regi\u00e3o da Ilha de Saragonha, quando deparou-se um com gigantesco objeto que sobrevoava a regi\u00e3o. Segundo o piloto, o objeto teria o tamanho de um est\u00e1dio de futebol e aproximadamente 50 metros de altura. Era de formato piramidal, com oito lados. Em cada um dos lados haviam tr\u00eas domos salientes. O piloto acompanhou o estranho objeto por aproximadamente 12 minutos.<\/p>\n<p>O objeto, que girava em torno de seu pr\u00f3prio eixo, seguia lentamente em dire\u00e7\u00e3o ao mar. Um dos momentos mais marcantes da experi\u00eancia foi o momento em que abriu-se uma escotilha no alto do objeto, de onde sa\u00edram 3 objetos disc\u00f3ides. Os objetos sa\u00edram na posi\u00e7\u00e3o vertical, inclinaram-se e desapareceram rapidamente. Neste instante, Haroldo manobrou o avi\u00e3o para visualizar o interior do objeto. Foi quando o objeto maior come\u00e7ou a emitir raios avermelhados fazendo com que o piloto manobrasse e se afastasse uns 200 metros do objeto. Logo ap\u00f3s isso, a nave come\u00e7ou a elevar-se em grande velocidade.<\/p>\n<p>Durante o contato, o piloto conversou com familiares relatando o evento e com a sala de controle da Infraero, no aeroporto de Pelotas (RS). Airton Mendes da Silva, Jorge Renato Dutra e Gilberto Martins, puderam confirmar visualmente o objeto. O piloto tamb\u00e9m comunicou-se com o CINDACTA 2, em Curitiba (PR), relatando o evento e solicitando informa\u00e7\u00f5es. Os operadores no CINDACTA negaram que o objeto estivesse sendo captado.<\/p>\n<p>Haroldo Westendorff \u00e9 piloto deste os anos 70, tendo brev\u00ea desde os 19 anos. Al\u00e9m disso \u00e9 bicampe\u00e3o brasileiro de acrobacias.<\/p>\n<\/div>\n<p>&nbsp;<\/p>\n<div id=\"attachment_4835\" style=\"width: 970px\" class=\"wp-caption aligncenter\"><img aria-describedby=\"caption-attachment-4835\" loading=\"lazy\" class=\"wp-image-4835 size-full\" src=\"https:\/\/www.fenomenum.com.br\/novo\/wp-content\/uploads\/2022\/04\/westendorff1-1.jpg\" alt=\"\" width=\"960\" height=\"480\" \/><p id=\"caption-attachment-4835\" class=\"wp-caption-text\">Representa\u00e7\u00e3o do UFO sob o ponto de vista do piloto.<\/p><\/div>\n<p>&nbsp;<\/p>\n<div id=\"attachment_4836\" style=\"width: 242px\" class=\"wp-caption aligncenter\"><img aria-describedby=\"caption-attachment-4836\" loading=\"lazy\" class=\"wp-image-4836 size-full\" src=\"https:\/\/www.fenomenum.com.br\/novo\/wp-content\/uploads\/2022\/04\/westendorff2.jpg\" alt=\"\" width=\"232\" height=\"156\" \/><p id=\"caption-attachment-4836\" class=\"wp-caption-text\">Haroldo Westendorff, a bordo do avi\u00e3o que ele pilotava no dia do avistamento<\/p><\/div>\n<p>&nbsp;<\/p>\n<div id=\"attachment_4837\" style=\"width: 510px\" class=\"wp-caption aligncenter\"><img aria-describedby=\"caption-attachment-4837\" loading=\"lazy\" class=\"wp-image-4837 size-full\" src=\"https:\/\/www.fenomenum.com.br\/novo\/wp-content\/uploads\/2022\/04\/westendorff3.jpg\" alt=\"\" width=\"500\" height=\"389\" \/><p id=\"caption-attachment-4837\" class=\"wp-caption-text\">Representa\u00e7\u00e3o do caso Westendorff.<\/p><\/div>\n<p>&nbsp;<\/p>\n<div id=\"attachment_4838\" style=\"width: 431px\" class=\"wp-caption aligncenter\"><img aria-describedby=\"caption-attachment-4838\" loading=\"lazy\" class=\"wp-image-4838 size-full\" src=\"https:\/\/www.fenomenum.com.br\/novo\/wp-content\/uploads\/2022\/04\/westendorff4.jpg\" alt=\"\" width=\"421\" height=\"319\" \/><p id=\"caption-attachment-4838\" class=\"wp-caption-text\">Representa\u00e7\u00e3o do caso Westendorff.<\/p><\/div>\n<p>&nbsp;<\/p>\n<div id=\"attachment_4839\" style=\"width: 710px\" class=\"wp-caption aligncenter\"><img aria-describedby=\"caption-attachment-4839\" loading=\"lazy\" class=\"wp-image-4839 size-full\" src=\"https:\/\/www.fenomenum.com.br\/novo\/wp-content\/uploads\/2022\/04\/westendorff5.jpg\" alt=\"\" width=\"700\" height=\"343\" \/><p id=\"caption-attachment-4839\" class=\"wp-caption-text\">Representa\u00e7\u00e3o do caso Westendorff.<\/p><\/div>\n<p>&nbsp;<\/p>\n<div id=\"attachment_4840\" style=\"width: 410px\" class=\"wp-caption aligncenter\"><img aria-describedby=\"caption-attachment-4840\" loading=\"lazy\" class=\"wp-image-4840 size-full\" src=\"https:\/\/www.fenomenum.com.br\/novo\/wp-content\/uploads\/2022\/04\/westendorff6.jpg\" alt=\"\" width=\"400\" height=\"278\" \/><p id=\"caption-attachment-4840\" class=\"wp-caption-text\">Haroldo Westendorff<\/p><\/div>\n<p>&nbsp;<\/p>\n<div id=\"attachment_4841\" style=\"width: 360px\" class=\"wp-caption aligncenter\"><img aria-describedby=\"caption-attachment-4841\" loading=\"lazy\" class=\"wp-image-4841 size-full\" src=\"https:\/\/www.fenomenum.com.br\/novo\/wp-content\/uploads\/2022\/04\/westendorff7.jpg\" alt=\"\" width=\"350\" height=\"261\" \/><p id=\"caption-attachment-4841\" class=\"wp-caption-text\">Representa\u00e7\u00e3o do caso Westendorff.<\/p><\/div>\n<p>&nbsp;<\/p>\n<div id=\"attachment_4842\" style=\"width: 360px\" class=\"wp-caption aligncenter\"><img aria-describedby=\"caption-attachment-4842\" loading=\"lazy\" class=\"wp-image-4842 size-full\" src=\"https:\/\/www.fenomenum.com.br\/novo\/wp-content\/uploads\/2022\/04\/westendorff8.jpg\" alt=\"\" width=\"350\" height=\"269\" \/><p id=\"caption-attachment-4842\" class=\"wp-caption-text\">Representa\u00e7\u00e3o do caso Westendorff<\/p><\/div>\n<p>&nbsp;<\/p>\n<div id=\"attachment_4843\" style=\"width: 610px\" class=\"wp-caption aligncenter\"><img aria-describedby=\"caption-attachment-4843\" loading=\"lazy\" class=\"wp-image-4843 size-full\" src=\"https:\/\/www.fenomenum.com.br\/novo\/wp-content\/uploads\/2022\/04\/westendorff9.jpg\" alt=\"\" width=\"600\" height=\"424\" \/><p id=\"caption-attachment-4843\" class=\"wp-caption-text\">Aeronave PT-NTH, que era pilotado por Westendorff no momento do contato.<\/p><\/div>\n<p>&nbsp;<\/p>\n<h2>Refer\u00eancias:<\/h2>\n<hr \/>\n<section id=\"content\">\n<div class=\"container\">\n<div class=\"row\">\n<ol>\n<li class=\"col-lg-8\"><a href=\"http:\/\/www.gpcu.bravehost.com\/haroldo.html\" target=\"_blank\" rel=\"noopener\">http:\/\/www.gpcu.bravehost.com\/haroldo.html<\/a><\/li>\n<li class=\"col-lg-8\"><a href=\"http:\/\/www.cubbrasil.net\/index.php?option=com_content&amp;task=view&amp;id=880&amp;Itemid=83\" target=\"_blank\" rel=\"noopener\">http:\/\/www.cubbrasil.net\/index.php?option=com_content&amp;task=view&amp;id=880&amp;Itemid=83<\/a><\/li>\n<li class=\"col-lg-8\"><a href=\"http:\/\/www.vigilia.com.br\/sessao.php?categ=0&amp;id=91\" target=\"_blank\" rel=\"noopener\">http:\/\/www.vigilia.com.br\/sessao.php?categ=0&amp;id=91<\/a><\/li>\n<li class=\"col-lg-8\"><a href=\"http:\/\/www.portaldascuriosidades.com\/forum\/index.php?topic=12284.0\" target=\"_blank\" rel=\"noopener\">http:\/\/www.portaldascuriosidades.com\/forum\/index.php?topic=12284.0<\/a><\/li>\n<li class=\"col-lg-8\"><a href=\"http:\/\/www.apovni.org\/modules.php?name=News&amp;file=print&amp;sid=829\" target=\"_blank\" rel=\"noopener\">http:\/\/www.apovni.org\/modules.php?name=News&amp;file=print&amp;sid=829<\/a><\/li>\n<li class=\"col-lg-8\"><a href=\"http:\/\/www.portalufonet.com\/news\/quando_ufos_seguem_avioes.htm\" target=\"_blank\" rel=\"noopener\">http:\/\/www.portalufonet.com\/news\/quando_ufos_seguem_avioes.htm<\/a><\/li>\n<li class=\"col-lg-8\"><a href=\"http:\/\/www.geocities.com\/capecanaveral\/lab\/4083\/news7.htm\" target=\"_blank\" rel=\"noopener\">http:\/\/www.geocities.com\/capecanaveral\/lab\/4083\/news7.htm<\/a><\/li>\n<li class=\"col-lg-8\"><a href=\"http:\/\/www.diariopopular.com.br\/05_10_02\/cv041001.html\" target=\"_blank\" rel=\"noopener\">http:\/\/www.diariopopular.com.br\/05_10_02\/cv041001.html<\/a><\/li>\n<li class=\"col-lg-8\"><a href=\"http:\/\/pistasdocaminho.blogspot.com\/2009\/02\/documentario-o-caso-westendorff.html\" target=\"_blank\" rel=\"noopener\">http:\/\/pistasdocaminho.blogspot.com\/2009\/02\/documentario-o-caso-westendorff.html<\/a><\/li>\n<li class=\"col-lg-8\"><a href=\"http:\/\/www.apovni.org\/modules.php?name=News&amp;file=article&amp;sid=829\" target=\"_blank\" rel=\"noopener\">http:\/\/www.apovni.org\/modules.php?name=News&amp;file=article&amp;sid=829<\/a><\/li>\n<li class=\"col-lg-8\"><a href=\"http:\/\/www.theunexplained.org\/ufo-sightings\/1996haroldowestendorffufo.html\" target=\"_blank\" rel=\"noopener\">http:\/\/www.theunexplained.org\/ufo-sightings\/1996haroldowestendorffufo.html<\/a><\/li>\n<\/ol>\n<\/div>\n<\/div>\n<\/section>\n","protected":false},"excerpt":{"rendered":"<p>Impressionante encontro entre aeronave particular e um gigantesco OVNI avistado e captado por radar sobre a Lagoa dos Patos (RS). Em 05 de outubro de 1996, o empres\u00e1rio e piloto Haroldo Westendorff pilotava um monomotor Tupy (prefixo PT-NTH) sobre a Lagoa dos Patos, nas proximidades da cidade de S\u00e3o Jos\u00e9 do Norte (RS). Naquele dia [&hellip;]<\/p>\n","protected":false},"author":4,"featured_media":4834,"comment_status":"open","ping_status":"open","sticky":false,"template":"","format":"standard","meta":{"inline_featured_image":false},"categories":[137,105],"tags":[],"_links":{"self":[{"href":"https:\/\/www.fenomenum.com.br\/novo\/wp-json\/wp\/v2\/posts\/4833"}],"collection":[{"href":"https:\/\/www.fenomenum.com.br\/novo\/wp-json\/wp\/v2\/posts"}],"about":[{"href":"https:\/\/www.fenomenum.com.br\/novo\/wp-json\/wp\/v2\/types\/post"}],"author":[{"embeddable":true,"href":"https:\/\/www.fenomenum.com.br\/novo\/wp-json\/wp\/v2\/users\/4"}],"replies":[{"embeddable":true,"href":"https:\/\/www.fenomenum.com.br\/novo\/wp-json\/wp\/v2\/comments?post=4833"}],"version-history":[{"count":1,"href":"https:\/\/www.fenomenum.com.br\/novo\/wp-json\/wp\/v2\/posts\/4833\/revisions"}],"predecessor-version":[{"id":7014,"href":"https:\/\/www.fenomenum.com.br\/novo\/wp-json\/wp\/v2\/posts\/4833\/revisions\/7014"}],"wp:featuredmedia":[{"embeddable":true,"href":"https:\/\/www.fenomenum.com.br\/novo\/wp-json\/wp\/v2\/media\/4834"}],"wp:attachment":[{"href":"https:\/\/www.fenomenum.com.br\/novo\/wp-json\/wp\/v2\/media?parent=4833"}],"wp:term":[{"taxonomy":"category","embeddable":true,"href":"https:\/\/www.fenomenum.com.br\/novo\/wp-json\/wp\/v2\/categories?post=4833"},{"taxonomy":"post_tag","embeddable":true,"href":"https:\/\/www.fenomenum.com.br\/novo\/wp-json\/wp\/v2\/tags?post=4833"}],"curies":[{"name":"wp","href":"https:\/\/api.w.org\/{rel}","templated":true}]}}