{"id":4917,"date":"2022-04-04T10:57:18","date_gmt":"2022-04-04T13:57:18","guid":{"rendered":"https:\/\/www.fenomenum.com.br\/?p=4917"},"modified":"2025-04-22T13:12:02","modified_gmt":"2025-04-22T16:12:02","slug":"a-queda-do-tucano-da-fab","status":"publish","type":"post","link":"https:\/\/www.fenomenum.com.br\/novo\/a-queda-do-tucano-da-fab\/","title":{"rendered":"A Queda do Tucano da FAB"},"content":{"rendered":"<section id=\"inner-headline\">\n<div class=\"container\">\n<div class=\"row\">\n<div id=\"resumo\" class=\"resumo\" style=\"padding-left: 40px;\"><strong>Pol\u00eamico caso de queda de um avi\u00e3o Tucano, da Esquadrilha da Fuma\u00e7a em Santos (SP). Em filmagens tomadas na ocasi\u00e3o percebe-se a presen\u00e7a de uma pequena esfera passando abaixo da asa, no preciso local onde ela parte-se ocasionando a queda da aeronave.<\/strong><\/div>\n<div>\n<hr \/>\n<\/div>\n<\/div>\n<\/div>\n<\/section>\n<section id=\"content\">\n<div class=\"container\">\n<div class=\"row\">\n<div class=\"col-lg-8\">\n<p>Em 16 de novembro de 1996 a Esquadrilha da Fuma\u00e7a realizava uma apresenta\u00e7\u00e3o em Santos (SP). Havia um grande numero de pessoas acompanhando a apresenta\u00e7\u00e3o sendo que alguns deles estavam registrando a apresenta\u00e7\u00e3o em v\u00eddeo.<\/p>\n<p>Em determinado momento uma das aeronaves mergulhou em v\u00f4o rasante sobre a multid\u00e3o presente na praia para iniciar uma manobra conhecida como &#8220;lancevak&#8221;. Quando o avi\u00e3o come\u00e7ou a subir a asa se partiu resultando na queda da aeronave. Um peda\u00e7o da asa caiu sobre um banhista matando-o.<\/p>\n<p>Pouco tempo ap\u00f3s o acidente o programa Fant\u00e1stico, da Rede Globo, apresentou um v\u00eddeo obtido na ocasi\u00e3o do acidente em que vemos um pequeno objeto esf\u00e9rico aproximando-se por tr\u00e1s da aeronave e passando justamente no ponto onde houve a quebra da asa. Analises posteriores indicaram que n\u00e3o houve manipula\u00e7\u00e3o do v\u00eddeo.<\/p>\n<p>Investiga\u00e7\u00f5es da aeron\u00e1utica indicaram a possibilidade de o acidente ter sido originado em fadiga de material, que \u00e9 constitu\u00eddo por uma dupla chapa met\u00e1lica na parte inferior da aeronave. Em e-mail enviado ao uf\u00f3logo Eust\u00e1quio Andrea Patounas, de Florian\u00f3polis, o piloto da aeronave acidentada afirma:<\/p>\n<p style=\"padding-left: 40px;\"><em>&#8220;A aeronave Tucano foi projetada para voar 6.000 horas de v\u00f4o e a minha estava com aproximados 3.800 horas; existe um outro controle de vida que mede, atrav\u00e9s de um fadig\u00f4metro, o esfor\u00e7o que a aeronave sofre atrav\u00e9s das for\u00e7as G; essa vida \u00e9 medida em %; quando chega a 100%, acaba a &#8220;vida&#8221; do avi\u00e3o; a minha aeronave estava com aproximados 48%. O que suportava o esfor\u00e7o de G positivo no Tucano era uma chapa dupla que ficava por baixo da aeronave, na jun\u00e7\u00e3o entre as asas; foi constatado que esta pe\u00e7a, desde a sua fabrica\u00e7\u00e3o, na fase de polimento, apresentava micro ranhuras que, com o passar do tempo se tornaram pontos fr\u00e1geis e permitiram a ruptura da chapa; toda a frota do mundo parou no dia do meu acidente, com exce\u00e7\u00e3o dos vendidos \u00e0 Fran\u00e7a e Inglaterra que pediram com uma estrutura diferente em fun\u00e7\u00e3o das caracter\u00edsticas de emprego que idealizavam.&#8221;<\/em><\/p>\n<p>Observa-se na referida mensagem que existia uma fadiga material na estrutura da aeronave. Seria uma coincid\u00eancia a presen\u00e7a daquela sonda pr\u00f3ximo ao avi\u00e3o no momento em que ele se acidentou? Este objeto teria influenciado no acidente? S\u00e3o perguntas para as quais dificilmente teremos respostas.<\/p>\n<\/div>\n<div id=\"attachment_4918\" style=\"width: 410px\" class=\"wp-caption aligncenter\"><img aria-describedby=\"caption-attachment-4918\" loading=\"lazy\" class=\"wp-image-4918 size-full\" src=\"https:\/\/www.fenomenum.com.br\/novo\/wp-content\/uploads\/2022\/04\/fumaca_321652.jpg\" alt=\"\" width=\"400\" height=\"270\" \/><p id=\"caption-attachment-4918\" class=\"wp-caption-text\">Tucano da Esquadrilha da Fuma\u00e7a, semelhante ao envolvido nesse caso.<\/p><\/div>\n<\/div>\n<\/div>\n<\/section>\n<p>&nbsp;<\/p>\n<p>&nbsp;<\/p>\n<section id=\"content\">\n<div class=\"container\">\n<div class=\"row\">\n<h2>Refer\u00eancias:<\/h2>\n<\/div>\n<\/div>\n<\/section>\n<hr \/>\n<ol>\n<li><a href=\"http:\/\/arquivoconfidencial.blogspot.com\/2007\/09\/1997-queda-do-avio-tucano-da-fab.html\" target=\"_blank\" rel=\"noopener\">http:\/\/arquivoconfidencial.blogspot.com\/2007\/09\/1997-queda-do-avio-tucano-da-fab.html<\/a><\/li>\n<li><a href=\"http:\/\/revistahorizonte.blogspot.com\/2009\/01\/queda-do-avio-tucano-da-fab-ovni-ou.html\" target=\"_blank\" rel=\"noopener\">http:\/\/revistahorizonte.blogspot.com\/2009\/01\/queda-do-avio-tucano-da-fab-ovni-ou.html<\/a><\/li>\n<li><a href=\"http:\/\/www.cubbrasil.net\/index.php?option=com_content&amp;task=view&amp;id=3042&amp;Itemid=83\" target=\"_blank\" rel=\"noopener\">http:\/\/www.cubbrasil.net\/index.php?option=com_content&amp;task=view&amp;id=3042&amp;Itemid=83<\/a><\/li>\n<li><a href=\"http:\/\/www.mochileiroselvagem.com\/2009\/01\/ovni-poderia-ter-causado-queda-de.html\" target=\"_blank\" rel=\"noopener\">http:\/\/www.mochileiroselvagem.com\/2009\/01\/ovni-poderia-ter-causado-queda-de.html<\/a><\/li>\n<li><a href=\"http:\/\/ricardo5150.blogspot.com\/2008\/04\/ovni-e-queda-de-avio-tucano-da-fab.html\" target=\"_blank\" rel=\"noopener\">http:\/\/ricardo5150.blogspot.com\/2008\/04\/ovni-e-queda-de-avio-tucano-da-fab.html<\/a><\/li>\n<\/ol>\n","protected":false},"excerpt":{"rendered":"<p>Pol\u00eamico caso de queda de um avi\u00e3o Tucano, da Esquadrilha da Fuma\u00e7a em Santos (SP). Em filmagens tomadas na ocasi\u00e3o percebe-se a presen\u00e7a de uma pequena esfera passando abaixo da asa, no preciso local onde ela parte-se ocasionando a queda da aeronave. Em 16 de novembro de 1996 a Esquadrilha da Fuma\u00e7a realizava uma apresenta\u00e7\u00e3o [&hellip;]<\/p>\n","protected":false},"author":5,"featured_media":4919,"comment_status":"open","ping_status":"open","sticky":false,"template":"","format":"standard","meta":{"inline_featured_image":false},"categories":[108,137,105,107],"tags":[],"_links":{"self":[{"href":"https:\/\/www.fenomenum.com.br\/novo\/wp-json\/wp\/v2\/posts\/4917"}],"collection":[{"href":"https:\/\/www.fenomenum.com.br\/novo\/wp-json\/wp\/v2\/posts"}],"about":[{"href":"https:\/\/www.fenomenum.com.br\/novo\/wp-json\/wp\/v2\/types\/post"}],"author":[{"embeddable":true,"href":"https:\/\/www.fenomenum.com.br\/novo\/wp-json\/wp\/v2\/users\/5"}],"replies":[{"embeddable":true,"href":"https:\/\/www.fenomenum.com.br\/novo\/wp-json\/wp\/v2\/comments?post=4917"}],"version-history":[{"count":1,"href":"https:\/\/www.fenomenum.com.br\/novo\/wp-json\/wp\/v2\/posts\/4917\/revisions"}],"predecessor-version":[{"id":7009,"href":"https:\/\/www.fenomenum.com.br\/novo\/wp-json\/wp\/v2\/posts\/4917\/revisions\/7009"}],"wp:featuredmedia":[{"embeddable":true,"href":"https:\/\/www.fenomenum.com.br\/novo\/wp-json\/wp\/v2\/media\/4919"}],"wp:attachment":[{"href":"https:\/\/www.fenomenum.com.br\/novo\/wp-json\/wp\/v2\/media?parent=4917"}],"wp:term":[{"taxonomy":"category","embeddable":true,"href":"https:\/\/www.fenomenum.com.br\/novo\/wp-json\/wp\/v2\/categories?post=4917"},{"taxonomy":"post_tag","embeddable":true,"href":"https:\/\/www.fenomenum.com.br\/novo\/wp-json\/wp\/v2\/tags?post=4917"}],"curies":[{"name":"wp","href":"https:\/\/api.w.org\/{rel}","templated":true}]}}