{"id":5076,"date":"2022-04-04T17:19:32","date_gmt":"2022-04-04T20:19:32","guid":{"rendered":"https:\/\/www.fenomenum.com.br\/?p=5076"},"modified":"2025-04-22T13:12:04","modified_gmt":"2025-04-22T16:12:04","slug":"posturas-governamentais-frente-aos-ufos","status":"publish","type":"post","link":"https:\/\/www.fenomenum.com.br\/novo\/posturas-governamentais-frente-aos-ufos\/","title":{"rendered":"Posturas Governamentais Frente aos UFOs"},"content":{"rendered":"<section id=\"inner-headline\">\n<div class=\"container\">\n<div class=\"row\">\n<div id=\"resumo\" class=\"resumo\">Artigos, documentos e materiais selecionados sobre a rela\u00e7\u00e3o entre os mais diversos governos mundiais e o Fen\u00f4meno UFO<\/div>\n<\/div>\n<\/div>\n<\/section>\n<div>\n<hr \/>\n<p>O Fen\u00f4meno OVNI manifesta-se em todos os lugares do planeta Terra. Todos os pa\u00edses, desde aqueles localizados em regi\u00f5es polares at\u00e9 os pa\u00edses localizados ao longo da linha do Equador s\u00e3o palco de ocorr\u00eancias envolvendo estranhos objetos voadores cujas principais caracter\u00edsticas s\u00e3o a alta tecnologia empregada na constru\u00e7\u00e3o destes ve\u00edculos e a presen\u00e7a de uma intelig\u00eancia controlando suas evolu\u00e7\u00f5es.<\/p>\n<p>Por essa natureza ins\u00f3lita os mais diversos pa\u00edses ao redor do globo criaram comiss\u00f5es espec\u00edficas com o objetivo de pesquisar as ocorr\u00eancias ufol\u00f3gicas em seus territ\u00f3rios. Os Estados Unidos foram os mais envolvidos com a quest\u00e3o, n\u00e3o s\u00f3 registrando as ocorr\u00eancias mas tamb\u00e9m criando unidades espec\u00edficas com o objetivo de abater estes objetos para estudo. Em algumas oportunidades o Governo Estado-unidense teve \u00eaxito em resgatar estes objetos acidentados em territ\u00f3rio americano bem como barganhar estes objetos com governos de outras na\u00e7\u00f5es. Atrav\u00e9s da captura e posterior an\u00e1lise destes objetos foi poss\u00edvel desenvolver novas tecnologias empregadas em diversas \u00e1reas.<\/p>\n<p>Os norte-americanos foram tamb\u00e9m pioneiros no acobertamento de fatos envolvendo o Fen\u00f4meno OVNI. Os outros pa\u00edses apenas seguiram as determina\u00e7\u00f5es ou adotaram o padr\u00e3o americano. Entretanto, nos Estados Unidos este acobertamento foi muito mais intenso e atuante que em outros pa\u00edses. O Governo Americano utilizou diversos meios l\u00edcitos e alguns il\u00edcitos com o objetivo de acobertar os casos e denegrir a imagem de pesquisadores. Existem ind\u00edcios muito fortes de v\u00e1rios uf\u00f3logos foram silenciados por esta m\u00e1quina governamental.<\/p>\n<p>Em outros pa\u00edses, felizmente, a situa\u00e7\u00e3o foi menos delicada. Desde 1947, quando o Fen\u00f4meno OVNI passou a preocupar, v\u00e1rios pa\u00edses admitiram, em alguma ocasi\u00e3o, a realidade do Fen\u00f4meno ou ainda estiveram seriamente envolvidos com o estudo do tema.<\/p>\n<\/div>\n<h3>Posicionamentos<\/h3>\n<table style=\"width: 100%; border-collapse: collapse; background-color: #edf5f3; height: 3450px;\">\n<tbody>\n<tr style=\"height: 720px;\">\n<td style=\"width: 11.4164%; vertical-align: top; height: 720px;\"><strong>Brasil<\/strong><\/td>\n<td style=\"width: 88.5836%; height: 720px;\"><strong>1954<\/strong><br \/>\nCoronel Jo\u00e3o Adil \u00e9 respons\u00e1vel pela primeira abertura ufol\u00f3gica oficial no Brasil. Nesse ano ele reuniu informa\u00e7\u00f5es, casos e testemunhas do Fen\u00f4meno e apresentou em uma confer\u00eancia de Imprensa na Escola Superior de Guerra, no Rio de Janeiro.<br \/>\n<strong>1958<\/strong><br \/>\nPor ocasi\u00e3o do Caso da Ilha de Trindade, o Governo Brasileiro deu pareceres favor\u00e1veis \u00e0 veracidade do caso.<\/p>\n<p><strong>1967<\/strong><br \/>\nPor ocasi\u00e3o de um caso ufol\u00f3gico envolvendo aeronaves civis e militares, a Base A\u00e9rea de Canoas emitiu notas \u00e0 imprensa confirmando os fatos.<\/p>\n<p><strong>1969 &#8211; 1972<\/strong><br \/>\nNeste per\u00edodo funcionou o Sistema de Investiga\u00e7\u00e3o de Objetos A\u00e9reos N\u00e3o Identificados (SIOANI), que mantinha canais de comunica\u00e7\u00e3o com alguns grupos ufol\u00f3gicos.<\/p>\n<p><strong>1977<\/strong><br \/>\nDurante a onda Chupa-chupa, na Amaz\u00f4nia, entrou em funcionamento a Opera\u00e7\u00e3o Prato, que extra-oficialmente confirmava os casos locais. Alguns documentos e fotografias gerados pela Opera\u00e7\u00e3o chegaram \u00e0s m\u00e3os de uf\u00f3logos.<\/p>\n<p><strong>1986<\/strong><br \/>\nEm 1986, ap\u00f3s a detec\u00e7\u00e3o de 21 OVNIs sobre os Estados da Regi\u00e3o Sudeste, e posterior envio de ca\u00e7as de intercepta\u00e7\u00e3o, o ent\u00e3o Ministro da Aeron\u00e1utica, Brigadeiro Ot\u00e1vio Moreira Lima, confirmou o epis\u00f3dio em coletiva de imprensa apresentando os militares envolvidos com o caso [mais detalhes].<\/p>\n<p><strong>2008<\/strong><br \/>\nPor for\u00e7a do Movimento UFOs &#8211; Liberdade de Informa\u00e7\u00e3o J\u00e1, promovido pela Comiss\u00e3o Brasileira de Uf\u00f3logos, a For\u00e7a A\u00e9rea Brasileira desclassificou documentos outrora sigilosos sobre o Fen\u00f4meno OVNI<\/td>\n<\/tr>\n<tr style=\"height: 18px;\">\n<td style=\"width: 100%; height: 18px;\" colspan=\"2\">\n<hr \/>\n<\/td>\n<\/tr>\n<tr style=\"height: 384px;\">\n<td style=\"width: 11.4164%; vertical-align: top; height: 384px;\"><strong>Espanha<\/strong><\/td>\n<td style=\"width: 88.5836%; height: 384px;\"><strong>D\u00e9cada de 1960<\/strong><br \/>\nDesde a d\u00e9cada de 1960, o Fen\u00f4meno OVNI \u00e9 investigado pela For\u00e7a A\u00e9rea Espanhola. Entre 1962 e 1992 v\u00e1rios casos foram investigados com metodologia pr\u00f3pria e muita seriedade pelos militares espanh\u00f3is.<\/p>\n<p><strong>1972<\/strong><br \/>\n12 Relat\u00f3rios de casos ufol\u00f3gicos da For\u00e7a A\u00e9rea Espanhola, redigidos entre 1967 e 1976, s\u00e3o entregues \u00e0 J. J. Benitez, conhecido escritor espanhol.<\/p>\n<p><strong>1984<\/strong><br \/>\nRelat\u00f3rios de 25 casos ufol\u00f3gicos s\u00e3o liberados pela Guarda Civil Espanhola, e entregues aos pesquisadores A. Faber Kaiser e J. Plana. S\u00e3o casos ocorridos entre 1953 e 1983.<\/p>\n<p><strong>1992<\/strong><br \/>\nA For\u00e7a A\u00e9rea Espanhola desclassifica v\u00e1rias p\u00e1ginas de documentos outrora secretos, sobre casos ufol\u00f3gicos<\/td>\n<\/tr>\n<tr style=\"height: 18px;\">\n<td style=\"width: 100%; height: 18px;\" colspan=\"2\">\n<hr \/>\n<\/td>\n<\/tr>\n<tr style=\"height: 240px;\">\n<td style=\"width: 11.4164%; vertical-align: top; height: 240px;\"><strong>Chile<\/strong><\/td>\n<td style=\"width: 88.5836%; height: 240px;\"><strong>1984 &#8211; 1985<\/strong><br \/>\nAlguns relat\u00f3rios ufol\u00f3gicos s\u00e3o publicados no Jornal Aeron\u00e1utico.<\/p>\n<p><strong>1996<\/strong><br \/>\nO general e atual, senador vital\u00edcio Ram\u00f3n Vega, amigo do ex-ditador Pinochet e de 9 em cada 10 militares do pa\u00eds, conseguiu levar o debate ufol\u00f3gico para os meios oficiais, com certeza for\u00e7ado pela crescente onda ufol\u00f3gica que atingia o Chile e que inclui ocorr\u00eancias em plena luz do dia sobre Santiago. Vega estimulou e conseguiu que fosse fundado o Centro de Est\u00fadios de Fen\u00f3menos Aeroespaciales (CEEFA) dentro da For\u00e7a A\u00e9rea Chilena. Este organismo \u00e9 misto e o representante de UFO no Chile, Rodrigo Fuenzalida, toma parte em suas discuss\u00f5es e pesquisas.<\/td>\n<\/tr>\n<tr style=\"height: 18px;\">\n<td style=\"width: 100%; vertical-align: top; height: 18px;\" colspan=\"2\">\n<hr \/>\n<\/td>\n<\/tr>\n<tr style=\"height: 176px;\">\n<td style=\"width: 11.4164%; vertical-align: top; height: 176px;\"><strong>Fran\u00e7a<\/strong><\/td>\n<td style=\"width: 88.5836%; height: 176px;\"><strong>1976<\/strong><br \/>\nO pr\u00f3prio presidente Alain Giscard d&#8217;Estaing apresentou-se num programa especial de TV e confirmou que os UFOs existiam, que eram extraterrestres e que estariam se aproximando da Terra. Nesta oportunidade, perante a estupefata opini\u00e3o p\u00fablica, mostrou dezenas de fotos e filmes de UFOs sobre o pa\u00eds e fundou uma entidade oficial de pesquisas ufol\u00f3gicas, o Groupment d&#8217;\u00c9tudes des Ph\u00e9nom\u00e8nes Aeriens (GEPAN).<\/td>\n<\/tr>\n<tr style=\"height: 18px;\">\n<td style=\"width: 100%; vertical-align: top; height: 18px;\" colspan=\"2\">\n<hr \/>\n<\/td>\n<\/tr>\n<tr style=\"height: 544px;\">\n<td style=\"width: 11.4164%; vertical-align: top; height: 544px;\"><strong>It\u00e1lia<\/strong><\/td>\n<td style=\"width: 88.5836%; height: 544px;\"><strong>1978<\/strong><br \/>\n6 Relat\u00f3rios da For\u00e7a A\u00e9rea s\u00e3o liberados para grupos ufol\u00f3gicos italianos.<\/p>\n<p><strong>1986<\/strong><br \/>\nPequenas notas e sum\u00e1rios s\u00e3o liberados para grupos ufol\u00f3gicos italianos.<\/p>\n<p><strong>1988<\/strong><br \/>\nPequenas notas e sum\u00e1rios s\u00e3o liberados para grupos ufol\u00f3gicos italianos.<\/p>\n<p><strong>1993<\/strong><br \/>\nFor\u00e7a A\u00e9rea Italiana publica um estudo estat\u00edstico de 111 casos ufol\u00f3gicos.<\/p>\n<p><strong>1996 &#8211; 2001<\/strong><br \/>\nFor\u00e7a A\u00e9rea Italiana disponibiliza 372 relat\u00f3rios totalizando 3 mil p\u00e1ginas de arquivos, para um grupo ufol\u00f3gico italiano.<\/p>\n<p><strong>2008<\/strong><br \/>\nFor\u00e7a A\u00e9rea Italiana disponibiliza formul\u00e1rios para registro on-line de avistamentos no pa\u00eds.<\/td>\n<\/tr>\n<tr style=\"height: 18px;\">\n<td style=\"width: 100%; vertical-align: top; height: 18px;\" colspan=\"2\">\n<hr \/>\n<\/td>\n<\/tr>\n<tr style=\"height: 96px;\">\n<td style=\"width: 11.4164%; vertical-align: top; height: 96px;\"><strong>Austr\u00e1lia<\/strong><\/td>\n<td style=\"width: 88.5836%; height: 96px;\"><strong>1982<\/strong><br \/>\nDesde 1982 o pa\u00eds vem realizando uma abertura gradativa em seus arquivos ufol\u00f3gicos. Nestes \u00e9 poss\u00edvel encontrar documentos diversos que variam desde simples avistamentos, capta\u00e7\u00f5es por radar e avistamentos ocorridos durante v\u00f4os comerciais.<\/td>\n<\/tr>\n<tr style=\"height: 24px;\">\n<td style=\"width: 100%; vertical-align: top; height: 24px;\" colspan=\"2\">\n<hr \/>\n<\/td>\n<\/tr>\n<tr style=\"height: 48px;\">\n<td style=\"width: 11.4164%; vertical-align: top; height: 48px;\"><strong>Reino Unido<\/strong><\/td>\n<td style=\"width: 88.5836%; height: 48px;\"><strong>1983<\/strong><br \/>\nOs primeiros documentos ufol\u00f3gicos do Governo Ingl\u00eas foram disponibilizados \u00e0 uf\u00f3loga Jenny Randles<\/p>\n<p><strong>1998<\/strong><br \/>\nC. Ridyard obt\u00e9m alguns documentos do Controle de Tr\u00e1fego A\u00e9reo Ingl\u00eas, relacionado \u00e0 alguns incidentes ufol\u00f3gicos.<\/p>\n<p><strong>2005 at\u00e9 hoje<\/strong><br \/>\nV\u00e1rios documentos expiraram seus prazos de sigilo e foram liberados pelas autoridades inglesas, sendo disponibilizados nos arquivos oficiais do Governo Ingl\u00eas.<\/td>\n<\/tr>\n<tr style=\"height: 24px;\">\n<td style=\"width: 100%; vertical-align: top; height: 24px;\" colspan=\"2\">\n<hr \/>\n<\/td>\n<\/tr>\n<tr style=\"height: 24px;\">\n<td style=\"width: 11.4164%; vertical-align: top; height: 24px;\"><strong>Argentina<\/strong><\/td>\n<td style=\"width: 88.5836%; height: 24px;\"><strong>1965<\/strong><br \/>\nCapit\u00e3o O. Pagani, da Marinha Argentina, enviou ao NICAP relat\u00f3rios de atividade UFO na Ant\u00e1rtida.<\/p>\n<p><strong>1991 &#8211; 1999<\/strong><br \/>\nUm grupo semi-oficial realizou investiga\u00e7\u00f5es ufol\u00f3gicas emitindo um relat\u00f3rio ao Minist\u00e9rio da Defesa, em 1997.<\/td>\n<\/tr>\n<tr style=\"height: 24px;\">\n<td style=\"width: 100%; vertical-align: top; height: 24px;\" colspan=\"2\">\n<hr \/>\n<\/td>\n<\/tr>\n<tr style=\"height: 24px;\">\n<td style=\"width: 11.4164%; vertical-align: top; height: 24px;\"><strong>M\u00e9xico<\/strong><\/td>\n<td style=\"width: 88.5836%; height: 24px;\"><strong>2004<\/strong><br \/>\nUm pol\u00eamico caso, ocorrido em 5 de mar\u00e7o, envolvendo aeronaves militares ganha repercuss\u00e3o na imprensa internacional, sendo confirmado pelas autoridades mexicanas.<\/td>\n<\/tr>\n<tr style=\"height: 24px;\">\n<td style=\"width: 100%; vertical-align: top; height: 24px;\" colspan=\"2\">\n<hr \/>\n<\/td>\n<\/tr>\n<tr style=\"height: 48px;\">\n<td style=\"width: 11.4164%; vertical-align: top; height: 48px;\"><strong>Estados Unidos<\/strong><\/td>\n<td style=\"width: 88.5836%; height: 48px;\"><strong>1947<\/strong><br \/>\nDurante a primeira fase da onda ufol\u00f3gica de 1947, o governo americano confirmava estranhas ocorr\u00eancias em seu espa\u00e7o a\u00e9reo. A partir da queda de Roswell suas declara\u00e7\u00f5es se invertem e passam a negar o fen\u00f4meno.<\/p>\n<p><strong>1949<\/strong><br \/>\nRelat\u00f3rios do Projeto Saucer (Sign) s\u00e3o disponibilizados na m\u00eddia.<\/p>\n<p><strong>1952<\/strong><br \/>\n41 relat\u00f3rios sobre UFOs s\u00e3o liberados para Donald Keihoe.<\/p>\n<p><strong>1956<\/strong><br \/>\nCome\u00e7a o projeto Blue Book para pesquisa de OVNIs.<\/p>\n<p><strong>2000<\/strong><br \/>\nArquivos de diversas ag\u00eancias do Governo Americano come\u00e7am a serem disponibilizadas na Internet confirmando um grande interesse pelos OVNIs.<\/td>\n<\/tr>\n<tr style=\"height: 24px;\">\n<td style=\"width: 100%; vertical-align: top; height: 24px;\" colspan=\"2\">\n<hr \/>\n<\/td>\n<\/tr>\n<tr style=\"height: 24px;\">\n<td style=\"width: 11.4164%; vertical-align: top; height: 24px;\"><strong>Canad\u00e1<\/strong><\/td>\n<td style=\"width: 88.5836%; height: 24px;\"><strong>1980<\/strong><br \/>\nCome\u00e7a a libera\u00e7\u00e3o dos arquivos ufol\u00f3gicos canadenses, sendo liberados at\u00e9 1995 mais de 7700 relat\u00f3rios.<\/p>\n<p><strong>2007<\/strong><br \/>\nUma nova iniciativa de libera\u00e7\u00e3o de documentos ocorreu no pa\u00eds, sendo todos os arquivos digitalizados e publicados no site do Arquivo Nacional do Pa\u00eds.<\/td>\n<\/tr>\n<tr style=\"height: 24px;\">\n<td style=\"width: 100%; vertical-align: top; height: 24px;\" colspan=\"2\">\n<hr \/>\n<\/td>\n<\/tr>\n<tr style=\"height: 24px;\">\n<td style=\"width: 11.4164%; vertical-align: top; height: 24px;\"><strong>Su\u00e9cia<\/strong><\/td>\n<td style=\"width: 88.5836%; height: 24px;\"><strong>1968<\/strong><br \/>\nAlguns arquivos a For\u00e7a A\u00e9rea da Su\u00e9cia foram disponibilizados ao pesquisador K. Gosta Rehn.<\/p>\n<p><strong>1975<\/strong><br \/>\nNovos documentos s\u00e3o disponibilizados \u00e0 um grupo ufol\u00f3gico su\u00e9co (AFU).<\/p>\n<p><strong>2009<\/strong><br \/>\nEm 10 de maio, o Governo da Su\u00e9cia desclassificou relat\u00f3rios de 18 mil casos registrados no pa\u00eds.<\/td>\n<\/tr>\n<tr style=\"height: 24px;\">\n<td style=\"width: 100%; vertical-align: top; height: 24px;\" colspan=\"2\">\n<hr \/>\n<\/td>\n<\/tr>\n<tr style=\"height: 24px;\">\n<td style=\"width: 11.4164%; vertical-align: top; height: 24px;\"><strong>Alemanha<\/strong><\/td>\n<td style=\"width: 88.5836%; height: 24px;\"><strong>2009<\/strong><br \/>\nRadares detectaram um OVNI em alta velocidade manobrando sobre o pa\u00eds. Uma investiga\u00e7\u00e3o oficial foi iniciada sem que pudesse ser esclarecido a origem do Fen\u00f4meno.<\/td>\n<\/tr>\n<tr style=\"height: 24px;\">\n<td style=\"width: 100%; vertical-align: top; height: 24px;\" colspan=\"2\">\n<hr \/>\n<\/td>\n<\/tr>\n<tr style=\"height: 48px;\">\n<td style=\"width: 11.4164%; vertical-align: top; height: 48px;\"><strong>Nova Zel\u00e2ndia<\/strong><\/td>\n<td style=\"width: 88.5836%; height: 48px;\"><strong>1975<\/strong><br \/>\nO Arquivo Nacional da Nova Zel\u00e2ndia possui arquivos relacionados \u00e0 ocorr\u00eancias ufol\u00f3gicas no pa\u00eds, entretanto o acesso ainda \u00e9 restrito.<\/td>\n<\/tr>\n<tr style=\"height: 24px;\">\n<td style=\"width: 100%; vertical-align: top; height: 24px;\" colspan=\"2\">\n<hr \/>\n<\/td>\n<\/tr>\n<tr style=\"height: 24px;\">\n<td style=\"width: 11.4164%; vertical-align: top; height: 24px;\"><strong>Uruguai<\/strong><\/td>\n<td style=\"width: 88.5836%; height: 24px;\"><strong>1979<\/strong><br \/>\nUma comiss\u00e3o mista entre civis e militares pesquisa a n\u00edvel oficial os casos ufol\u00f3gicos ocorridos no pa\u00eds, gerando 1100 relat\u00f3rios. Seu nome \u00e9 Comisi\u00f3n Receptadora e Investigadora de Denuncias OVNI (Cridovni).<\/p>\n<p><strong>1982<\/strong><br \/>\nUm ex-presidente admitiu que os UFOs existem e confirmou a exist\u00eancia de uma entidade de pesquisas do assunto dentro da Forca A\u00e9rea Uruguaia, fundada em 1979. \u00c9 a Comisi\u00f3n Receptadora e Investigadora de Denuncias OVNI (Cridovni), uma entidade aberta e mista de civis e militares.<\/p>\n<p><strong>2000<\/strong><br \/>\nCoronel E. Aguirre, fundador do CRIDOVNI publica um livro com 19 casos pesquisados pela entidade.<\/p>\n<p><strong>2009<\/strong><br \/>\nA For\u00e7a A\u00e9rea disponibiliza 2100 relat\u00f3rios, envolvendo 40 eventos inexplicados.<\/td>\n<\/tr>\n<tr style=\"height: 24px;\">\n<td style=\"width: 100%; vertical-align: top; height: 24px;\" colspan=\"2\">\n<hr \/>\n<\/td>\n<\/tr>\n<tr style=\"height: 24px;\">\n<td style=\"width: 11.4164%; vertical-align: top; height: 24px;\"><strong>B\u00e9lgica<\/strong><\/td>\n<td style=\"width: 88.5836%; height: 24px;\"><strong>1994<\/strong><br \/>\nEm meio \u00e0 uma fant\u00e1stica onda ufol\u00f3gica que assolou o pa\u00eds naquele ano e seguintes, especialmente envolvendo observa\u00e7\u00f5es de misteriosos tri\u00e2ngulos voadores, o ex-ministro de Defesa da B\u00e9lgica, Brouer, admitiu que o assunto \u00e9 serio e que a Forca A\u00e9rea iria pesquis\u00e1-lo oficialmente. H\u00e1 rumores de que haja um centro de pesquisas estabelecido mas nada est\u00e1 confirmado.<\/td>\n<\/tr>\n<tr style=\"height: 24px;\">\n<td style=\"width: 100%; vertical-align: top; height: 24px;\" colspan=\"2\">\n<hr \/>\n<\/td>\n<\/tr>\n<tr style=\"height: 24px;\">\n<td style=\"width: 11.4164%; vertical-align: top; height: 24px;\"><strong>Granada<\/strong><\/td>\n<td style=\"width: 88.5836%; height: 24px;\"><strong>1978<\/strong><br \/>\nO ent\u00e3o Primeiro-ministro da Ilha de Granada, Sir Eric Gairy, admitiu a exist\u00eancia o Fen\u00f4meno e conseguiu levar o tema para discuss\u00e3o na Organiza\u00e7\u00e3o das Na\u00e7\u00f5es Unidas (ONU).<\/td>\n<\/tr>\n<tr style=\"height: 24px;\">\n<td style=\"width: 100%; vertical-align: top; height: 24px;\" colspan=\"2\">\n<hr \/>\n<\/td>\n<\/tr>\n<tr style=\"height: 24px;\">\n<td style=\"width: 11.4164%; vertical-align: top; height: 24px;\"><strong>URSS<\/strong><\/td>\n<td style=\"width: 88.5836%; height: 24px;\"><strong>1969<\/strong><br \/>\nO ent\u00e3o ministro das Ci\u00eancias foi \u00e0 TV e admitiu que a Uni\u00e3o Sovi\u00e9tica considerava o assunto UFO como muito s\u00e9rio e afirmou ser uma nova obriga\u00e7\u00e3o dos cidad\u00e3os sovi\u00e9ticos relatar \u00e0s autoridades todas e quaisquer observa\u00e7\u00f5es destas naves. Ap\u00f3s o programa mais de 100 mil cartas foram recebidas com tais relatos, enviadas por pessoas de todos os cantos da URSS. Ap\u00f3s isso nunca mais o governo sovi\u00e9tico tocou no assunto.<\/td>\n<\/tr>\n<tr style=\"height: 24px;\">\n<td style=\"width: 100%; vertical-align: top; height: 24px;\" colspan=\"2\">\n<hr \/>\n<\/td>\n<\/tr>\n<tr style=\"height: 24px;\">\n<td style=\"width: 11.4164%; vertical-align: top; height: 24px;\"><strong>R\u00fassia<\/strong><\/td>\n<td style=\"width: 88.5836%; height: 24px;\"><strong>5 de fevereiro de 1997<\/strong><br \/>\nEm 05-02-1997, o Governo Russo declarou na Academia Bandeira Vermelha da Defesa Anti-A\u00e9rea que: &#8220;Os O.V.N.I.&#8217;s existem e tem havido uma inger\u00eancia na vida Civil e Militar por parte desses visitantes&#8221;. Estavam presentes representantes pol\u00edticos e militares (alguns Generais), al\u00e9m da F.S.B. (extinta KGB). Foram liberadas imagens de OVNI&#8217;s por parte do Governo Russo. Muitas dessas imagens mostram OVNI&#8217;s dentro e fora da atmosfera. Este material foi considerado secreto ou classificado durante muitos anos.<\/td>\n<\/tr>\n<tr style=\"height: 24px;\">\n<td style=\"width: 100%; vertical-align: top; height: 24px;\" colspan=\"2\">\n<hr \/>\n<\/td>\n<\/tr>\n<tr style=\"height: 24px;\">\n<td style=\"width: 11.4164%; vertical-align: top; height: 24px;\"><strong>Noruega<\/strong><\/td>\n<td style=\"width: 88.5836%; height: 24px;\"><strong>1987<\/strong><br \/>\nO Governo da Noruega envia 1400 p\u00e1ginas de documentos sobre os chamados foguetes fantasmas para o Arquivo Nacional do pa\u00eds.<\/td>\n<\/tr>\n<tr style=\"height: 24px;\">\n<td style=\"width: 100%; vertical-align: top; height: 24px;\" colspan=\"2\">\n<hr \/>\n<\/td>\n<\/tr>\n<tr style=\"height: 24px;\">\n<td style=\"width: 11.4164%; vertical-align: top; height: 24px;\"><strong>Portugal<\/strong><\/td>\n<td style=\"width: 88.5836%; height: 24px;\"><strong>1990<\/strong><br \/>\nTr\u00eas relat\u00f3rios ufol\u00f3gicos da For\u00e7a A\u00e9rea de Portugal s\u00e3o disponibilizados para o grupo CNIFO. S\u00e3o casos ocorridos em 4 de setembro de 1957, 17 de junho de 1977 e 2 de novembro de 1982, totalizando 190 p\u00e1ginas.<\/td>\n<\/tr>\n<tr style=\"height: 24px;\">\n<td style=\"width: 100%; vertical-align: top; height: 24px;\" colspan=\"2\">\n<hr \/>\n<\/td>\n<\/tr>\n<tr style=\"height: 24px;\">\n<td style=\"width: 11.4164%; vertical-align: top; height: 24px;\"><strong>Su\u00ed\u00e7a<\/strong><\/td>\n<td style=\"width: 88.5836%; height: 24px;\"><strong>1994<\/strong><br \/>\n18 relat\u00f3rios da For\u00e7a A\u00e9rea, totalizando 28 p\u00e1ginas, s\u00e3o disponibilizados.<\/td>\n<\/tr>\n<tr style=\"height: 24px;\">\n<td style=\"width: 100%; vertical-align: top; height: 24px;\" colspan=\"2\">\n<hr \/>\n<\/td>\n<\/tr>\n<tr style=\"height: 24px;\">\n<td style=\"width: 11.4164%; vertical-align: top; height: 24px;\"><strong>Filipinas<\/strong><\/td>\n<td style=\"width: 88.5836%; height: 24px;\"><strong>2000<\/strong><br \/>\nRelat\u00f3rios envolvendo 20 casos s\u00e3o disponibilizados pelo governo do pa\u00eds.<\/td>\n<\/tr>\n<tr style=\"height: 24px;\">\n<td style=\"width: 100%; vertical-align: top; height: 24px;\" colspan=\"2\">\n<hr \/>\n<\/td>\n<\/tr>\n<tr style=\"height: 24px;\">\n<td style=\"width: 11.4164%; vertical-align: top; height: 24px;\"><strong>Peru<\/strong><\/td>\n<td style=\"width: 88.5836%; height: 24px;\"><strong>2001<\/strong><br \/>\nUm relat\u00f3rio da For\u00e7a A\u00e9rea, sobre um caso ocorrido em 11 de abril de 1980, \u00e9 liberado para a imprensa.<\/p>\n<p><strong>2002<\/strong><br \/>\nOficiais da For\u00e7a A\u00e9rea investigam casos ufol\u00f3gicos em parceria com uf\u00f3logos civis.<\/td>\n<\/tr>\n<tr style=\"height: 24px;\">\n<td style=\"width: 100%; vertical-align: top; height: 24px;\" colspan=\"2\">\n<hr \/>\n<\/td>\n<\/tr>\n<tr style=\"height: 24px;\">\n<td style=\"width: 11.4164%; vertical-align: top; height: 24px;\"><strong>Equador<\/strong><\/td>\n<td style=\"width: 88.5836%; height: 24px;\"><strong>2007<\/strong><br \/>\nO Presidente do Equador determina a desclassifica\u00e7\u00e3o de 44 relat\u00f3rios, sendo 22 da For\u00e7a A\u00e9rea, 11 do Ex\u00e9rcito e 11 da Marinha, e 242 v\u00eddeos de OVNIs obtidos no pa\u00eds. A desclassifica\u00e7\u00e3o de fato ainda n\u00e3o ocorreu.<\/td>\n<\/tr>\n<tr style=\"height: 24px;\">\n<td style=\"width: 100%; vertical-align: top; height: 24px;\" colspan=\"2\">\n<hr \/>\n<\/td>\n<\/tr>\n<tr style=\"height: 24px;\">\n<td style=\"width: 11.4164%; vertical-align: top; height: 24px;\"><strong>Irlanda<\/strong><\/td>\n<td style=\"width: 88.5836%; height: 24px;\"><strong>2007<\/strong><br \/>\nOs arquivos ufol\u00f3gicos do pa\u00eds s\u00e3o desclassificados por meio da Freedom of Information Act, sendo 11 relat\u00f3rios totalizando 40 p\u00e1ginas.<\/td>\n<\/tr>\n<tr style=\"height: 24px;\">\n<td style=\"width: 100%; vertical-align: top; height: 24px;\" colspan=\"2\">\n<hr \/>\n<\/td>\n<\/tr>\n<tr style=\"height: 24px;\">\n<td style=\"width: 11.4164%; vertical-align: top; height: 24px;\"><strong>Dinamarca<\/strong><\/td>\n<td style=\"width: 88.5836%; height: 24px;\"><strong>2009<\/strong><br \/>\nA For\u00e7a A\u00e9rea do pa\u00eds libera 329 p\u00e1ginas de documentos envolvendo ocorr\u00eancias ufol\u00f3gicas no pa\u00eds.<\/td>\n<\/tr>\n<tr style=\"height: 24px;\">\n<td style=\"width: 100%; vertical-align: top; height: 24px;\" colspan=\"2\">\n<hr \/>\n<\/td>\n<\/tr>\n<tr style=\"height: 24px;\">\n<td style=\"width: 11.4164%; vertical-align: top; height: 24px;\"><strong>Gr\u00e9cia<\/strong><\/td>\n<td style=\"width: 88.5836%; height: 24px;\"><strong>2009<\/strong><br \/>\nA For\u00e7a A\u00e9rea do pais libera um caso ufol\u00f3gico ocorrido a 11 de outubro de 2007.<\/td>\n<\/tr>\n<tr style=\"height: 24px;\">\n<td style=\"width: 100%; vertical-align: top; height: 24px;\" colspan=\"2\">\n<hr \/>\n<\/td>\n<\/tr>\n<tr style=\"height: 24px;\">\n<td style=\"width: 11.4164%; vertical-align: top; height: 24px;\"><strong>Finl\u00e2ndia<\/strong><\/td>\n<td style=\"width: 88.5836%; height: 24px;\"><strong>2009<\/strong><br \/>\nO jornalista Also Haapanen descobre v\u00e1rios relat\u00f3rios de OVNIs no Arquivo Nacional da Finl\u00e2ndia.<\/td>\n<\/tr>\n<tr style=\"height: 24px;\">\n<td style=\"width: 100%; vertical-align: top; height: 24px;\" colspan=\"2\">\n<hr \/>\n<\/td>\n<\/tr>\n<\/tbody>\n<\/table>\n<p>&nbsp;<\/p>\n<h3>O Exemplo Franc\u00eas<\/h3>\n<p align=\"justify\">A Fran\u00e7a, historicamente, foi o primeiro pais a criar uma lei espec\u00edfica destinada ao acesso \u00e0 documentos do governo no ano de 1974. Na \u00e1rea ufol\u00f3gica tamb\u00e9m foi pioneira. O GEPAN, entidade criada com a finalidade de investigar fen\u00f4menos aeroespaciais an\u00f4malos, gerou uma grande quantidade de informa\u00e7\u00f5es e documenta\u00e7\u00e3o. Um dos documentos, o Relat\u00f3rio Cometa, repercutiu no mundo inteiro. Outros pa\u00edses seguiram o exemplo franc\u00eas.<\/p>\n<p align=\"justify\">Em fins de novembro de 2002, a Inglaterra liberou, por meio da Lei de Liberdade de Informa\u00e7\u00e3o mais de 200 p\u00e1ginas de documenta\u00e7\u00e3o sobre OVNI`s. Atualmente s\u00e3o mais de 790 p\u00e1ginas de documentos oficiais sobre OVNIs, dispon\u00edveis no site do Minist\u00e9rio da Defesa da Inglaterra.<\/p>\n<p align=\"justify\">O Brasil, tamb\u00e9m j\u00e1 realizou investiga\u00e7\u00f5es sobre o fen\u00f4meno OVNI. Sempre de car\u00e1ter confidencial, estas investiga\u00e7\u00f5es foram confirmadas atrav\u00e9s de documentos ufol\u00f3gicos do governo brasileiro que &#8220;vazaram&#8221; e chegaram \u00e0s m\u00e3os de uf\u00f3logos.<\/p>\n<p align=\"justify\">\n<p>&nbsp;<\/p>\n<div><\/div>\n<div><\/div>\n<section id=\"content\">\n<div class=\"container\">\n<div class=\"row\">\n<div class=\"col-lg-8\"><\/div>\n<\/div>\n<\/div>\n<\/section>\n","protected":false},"excerpt":{"rendered":"<p>Artigos, documentos e materiais selecionados sobre a rela\u00e7\u00e3o entre os mais diversos governos mundiais e o Fen\u00f4meno UFO O Fen\u00f4meno OVNI manifesta-se em todos os lugares do planeta Terra. Todos os pa\u00edses, desde aqueles localizados em regi\u00f5es polares at\u00e9 os pa\u00edses localizados ao longo da linha do Equador s\u00e3o palco de ocorr\u00eancias envolvendo estranhos objetos [&hellip;]<\/p>\n","protected":false},"author":5,"featured_media":5079,"comment_status":"open","ping_status":"open","sticky":false,"template":"","format":"standard","meta":{"inline_featured_image":false},"categories":[108,126,107],"tags":[],"_links":{"self":[{"href":"https:\/\/www.fenomenum.com.br\/novo\/wp-json\/wp\/v2\/posts\/5076"}],"collection":[{"href":"https:\/\/www.fenomenum.com.br\/novo\/wp-json\/wp\/v2\/posts"}],"about":[{"href":"https:\/\/www.fenomenum.com.br\/novo\/wp-json\/wp\/v2\/types\/post"}],"author":[{"embeddable":true,"href":"https:\/\/www.fenomenum.com.br\/novo\/wp-json\/wp\/v2\/users\/5"}],"replies":[{"embeddable":true,"href":"https:\/\/www.fenomenum.com.br\/novo\/wp-json\/wp\/v2\/comments?post=5076"}],"version-history":[{"count":1,"href":"https:\/\/www.fenomenum.com.br\/novo\/wp-json\/wp\/v2\/posts\/5076\/revisions"}],"predecessor-version":[{"id":7144,"href":"https:\/\/www.fenomenum.com.br\/novo\/wp-json\/wp\/v2\/posts\/5076\/revisions\/7144"}],"wp:featuredmedia":[{"embeddable":true,"href":"https:\/\/www.fenomenum.com.br\/novo\/wp-json\/wp\/v2\/media\/5079"}],"wp:attachment":[{"href":"https:\/\/www.fenomenum.com.br\/novo\/wp-json\/wp\/v2\/media?parent=5076"}],"wp:term":[{"taxonomy":"category","embeddable":true,"href":"https:\/\/www.fenomenum.com.br\/novo\/wp-json\/wp\/v2\/categories?post=5076"},{"taxonomy":"post_tag","embeddable":true,"href":"https:\/\/www.fenomenum.com.br\/novo\/wp-json\/wp\/v2\/tags?post=5076"}],"curies":[{"name":"wp","href":"https:\/\/api.w.org\/{rel}","templated":true}]}}