{"id":5119,"date":"2022-04-05T13:25:51","date_gmt":"2022-04-05T16:25:51","guid":{"rendered":"https:\/\/www.fenomenum.com.br\/?p=5119"},"modified":"2025-04-22T13:12:06","modified_gmt":"2025-04-22T16:12:06","slug":"o-governo-brasileiro-e-os-ufos","status":"publish","type":"post","link":"https:\/\/www.fenomenum.com.br\/novo\/o-governo-brasileiro-e-os-ufos\/","title":{"rendered":"O Governo Brasileiro e os UFOs"},"content":{"rendered":"<p style=\"padding-left: 40px;\"><strong>Conhe\u00e7a quais s\u00e3o s\u00e3o as pol\u00edticas e como foi o envolvimento do Governo Brasileiro com a quest\u00e3o ufol\u00f3gica at\u00e9 o presente momento.<\/strong><\/p>\n<hr \/>\n<p>&nbsp;<\/p>\n<p>O Governo Brasileiro, a exemplo de todas as na\u00e7\u00f5es da Terra, d\u00e1 especial aten\u00e7\u00e3o ao Fen\u00f4meno OVNI. Com muita freq\u00fc\u00eancia, OVNIs s\u00e3o registrados por radares, fotografados e filmados por militares em v\u00e1rias regi\u00f5es do Brasil. E como em outros pa\u00edses o tema \u00e9 mantido em sigilo pelas autoridades. Em algumas raras ocasi\u00f5es o governo deixa escapar alguns fatos ou v\u00eam a p\u00fablico com o intuito de testar a opini\u00e3o p\u00fablica em rela\u00e7\u00e3o ao tema. Isto se faz necess\u00e1rio para estimar at\u00e9 que ponto revela\u00e7\u00f5es oficiais sobre OVNIs poderiam afetar a seguran\u00e7a nacional do Brasil.<\/p>\n<p>Al\u00e9m destes testes, o governo mant\u00e9m vigil\u00e2ncia constante e muito discreta em grupos de pesquisa e eventos ligados \u00e0 tem\u00e1tica ufol\u00f3gica. Este acompanhamento visa determinar o grau de conhecimento e maturidade dos pesquisadores civis em torno do tema.<\/p>\n<p>Em eventos de ufologia \u00e9 muito comum encontrar militares \u00e0 paisana, que embora neguem pertencem \u00e0 \u00f3rg\u00e3os como a For\u00e7a A\u00e9rea Brasileira (FAB), Ag\u00eancia Brasileira de Intelig\u00eancia (ABIN), Marinha do Brasil e do Ex\u00e9rcito Brasileiro.<\/p>\n<p>A maioria dos oficiais destas ag\u00eancias acredita que a revela\u00e7\u00e3o da realidade dos OVNIs e sua poss\u00edvel origem extraterrestre pode gerar crises em todos os setores da sociedade. As institui\u00e7\u00f5es religiosas entrariam em crise ao verem seus dogmas derrubados frente \u00e0 esta realidade. Os governos, por sua vez, teriam problemas em conter a histeria coletiva decorrente da crise gerada. Pessoas sugestion\u00e1veis seriam presas f\u00e1ceis de pseudos-gurus de seitas ufol\u00f3gicas e os seguiriam at\u00e9 a morte, como j\u00e1 aconteceu em v\u00e1rios suic\u00eddios coletivos fartamente registrados pelo mundo. Este \u00e9 o grande motivo para que o Governo Brasileiro e de outros pa\u00edses neguem acesso \u00e0 estas informa\u00e7\u00f5es.<\/p>\n<p>Um outra parcela de militares considera esta possibilidade exagerada e freq\u00fcentemente permite que algumas informa\u00e7\u00f5es venha \u00e0 p\u00fablico. Foi assim que v\u00e1rios casos envolvendo as For\u00e7as Armadas e os OVNIs tornaram-se conhecidos.<\/p>\n<p>Confira abaixo alguns casos ufol\u00f3gicos envolvendo governo e for\u00e7as armadas brasileiras:<\/p>\n<article>\n<div id=\"artigo\" class=\"artigo\">\n<table style=\"width: 100%;\" border=\"0\" width=\"100%\" cellspacing=\"1\">\n<tbody>\n<tr>\n<td style=\"width: 15.2625%;\" width=\"173\"><a href=\"https:\/\/www.fenomenum.com.br\/o-dia-em-que-discos-voadores-assustaram-curitiba\/\"><img loading=\"lazy\" src=\"https:\/\/fenomenum.com.br\/ufo\/casuistica\/menu\/curitiba1954.jpg\" width=\"120\" height=\"180\" border=\"0\" \/><\/a><\/td>\n<td style=\"width: 84.0049%;\" colspan=\"2\"><a href=\"https:\/\/www.fenomenum.com.br\/o-dia-em-que-discos-voadores-assustaram-curitiba\/\"><b>Discos Voadores em Curitiba<\/b><\/a><\/p>\n<p><a href=\"https:\/\/www.fenomenum.com.br\/o-dia-em-que-discos-voadores-assustaram-curitiba\/\"><span style=\"font-size: medium;\">Em<\/span><span style=\"font-size: medium;\">\u00a014 de dezembro de 1954, tr\u00eas discos voadores sobrevoam Curitiba (PR), a baixa altura e em plena luz do dia, assustando a popula\u00e7\u00e3o.<\/span><\/a><\/td>\n<\/tr>\n<tr>\n<td style=\"width: 15.2625%;\" width=\"173\"><a href=\"https:\/\/www.fenomenum.com.br\/o-caso-joao-de-freitas-guimaraes\/\"><img src=\"https:\/\/fenomenum.com.br\/ufo\/casuistica\/menu\/guimaraes.jpg\" width=\"120\" border=\"0\" \/><\/a><\/td>\n<td style=\"width: 84.0049%;\" colspan=\"2\"><a href=\"https:\/\/www.fenomenum.com.br\/o-caso-joao-de-freitas-guimaraes\/\"><b>Caso Jo\u00e3o de Freitas Guimar\u00e3es<\/b><\/a><\/p>\n<p><a href=\"https:\/\/www.fenomenum.com.br\/o-caso-joao-de-freitas-guimaraes\/\"><span style=\"font-size: medium;\">O advogado Jo\u00e3o de Freitas Guimar\u00e3es teve um contato amistoso com tripulantes de um disco voador, na regi\u00e3o de Caraguatatuba, litoral de S\u00e3o Paulo.<\/span><\/a><\/td>\n<\/tr>\n<tr>\n<td style=\"width: 15.2625%;\" width=\"173\"><a href=\"https:\/\/www.fenomenum.com.br\/o-caso-do-forte-de-itaipu\/\"><img src=\"https:\/\/fenomenum.com.br\/ufo\/casuistica\/menu\/forteitaipu.jpg\" width=\"120\" border=\"0\" \/><\/a><\/td>\n<td style=\"width: 84.0049%;\" colspan=\"2\"><a href=\"https:\/\/www.fenomenum.com.br\/o-caso-do-forte-de-itaipu\/\"><b>Caso do Forte de Itaipu<\/b><\/a><\/p>\n<p><a href=\"https:\/\/www.fenomenum.com.br\/o-caso-do-forte-de-itaipu\/\"><span style=\"font-size: medium;\">Famoso<\/span><span style=\"font-size: medium;\">\u00a0caso ocorrido no Forte de Itaipu, em S\u00e3o Vicente (SP), em novembro de 1957, quando um UFO pairou sobre vigias da instala\u00e7\u00e3o militar.<\/span><\/a><\/td>\n<\/tr>\n<tr>\n<td style=\"width: 15.2625%;\" width=\"173\"><a href=\"https:\/\/www.fenomenum.com.br\/o-caso-da-ilha-de-trindade\/\"><img src=\"https:\/\/fenomenum.com.br\/ufo\/casuistica\/menu\/trindade.jpg\" width=\"120\" border=\"0\" \/><\/a><\/td>\n<td style=\"width: 51.2821%;\" colspan=\"2\"><a href=\"https:\/\/www.fenomenum.com.br\/o-caso-da-ilha-de-trindade\/\"><b>Caso da Ilha de Trindade<\/b><\/a><\/p>\n<p><a href=\"https:\/\/www.fenomenum.com.br\/o-caso-da-ilha-de-trindade\/\"><span style=\"font-size: medium;\">Importante<\/span><span style=\"font-size: medium;\">\u00a0caso de avistamento e registro de disco voador, tendo sido testemunhado por dezenas de militares da Marinha do Brasil, presentes na Ilha.<\/span><\/a><\/td>\n<\/tr>\n<tr>\n<td style=\"width: 15.2625%;\" width=\"173\"><a href=\"http:\/\/chumbo\"><img src=\"https:\/\/fenomenum.com.br\/ufo\/casuistica\/menu\/mascaras.jpg\" width=\"120\" border=\"0\" \/><\/a><\/td>\n<td style=\"width: 51.2821%;\" colspan=\"2\"><a href=\"https:\/\/www.fenomenum.com.br\/o-caso-das-mascaras-de-chumbo\/\"><b>Caso das M\u00e1scaras de Chumbo<\/b><\/a><\/p>\n<p><a href=\"https:\/\/www.fenomenum.com.br\/o-caso-das-mascaras-de-chumbo\/\"><span style=\"font-size: medium;\">Um dos mais famosos casos da Ufologia, em que 2 pessoas morreram em circunst\u00e2ncias estranhas associadas ao Fen\u00f4meno OVNI.<\/span><\/a><\/td>\n<\/tr>\n<tr>\n<td style=\"width: 15.2625%;\" width=\"173\"><img src=\"https:\/\/fenomenum.com.br\/ufo\/casuistica\/menu\/lins.jpg\" width=\"120\" border=\"0\" \/><\/td>\n<td style=\"width: 51.2821%;\" colspan=\"2\"><a href=\"https:\/\/www.fenomenum.com.br\/o-fantastico-caso-lins\/\"><b>Caso Lins<\/b><\/a><\/p>\n<p><a href=\"https:\/\/www.fenomenum.com.br\/o-fantastico-caso-lins\/\"><span style=\"font-size: medium;\">Um dos mais interessantes casos da Ufologia Brasileira ocorreu no Hospital Serafim Correa, em Lins (SP), em 25 de agosto de 1968.<\/span><\/a><\/td>\n<\/tr>\n<tr>\n<td style=\"width: 15.2625%;\" width=\"173\"><a href=\"https:\/\/www.fenomenum.com.br\/caso-turibio-pereira\/\"><img src=\"https:\/\/fenomenum.com.br\/ufo\/casuistica\/menu\/turibio.jpg\" width=\"120\" border=\"0\" \/><\/a><\/td>\n<td style=\"width: 51.2821%;\" colspan=\"2\"><a href=\"https:\/\/www.fenomenum.com.br\/caso-turibio-pereira\/\"><b>Caso Tur\u00edbio Pereira<\/b><\/a><\/p>\n<p><a href=\"https:\/\/www.fenomenum.com.br\/caso-turibio-pereira\/\"><span style=\"font-size: medium;\">Caso<\/span><span style=\"font-size: medium;\">\u00a0de contato imediato em Lins (SP), tendo como protagonista o tratorista Tur\u00edbio Pereira. Caso ocorrido em outubro de 1968.<\/span><\/a><\/td>\n<\/tr>\n<tr>\n<td style=\"width: 15.2625%;\" width=\"173\"><a href=\"https:\/\/www.fenomenum.com.br\/caso-tiago-machado\/\"><img src=\"https:\/\/fenomenum.com.br\/ufo\/casuistica\/menu\/tiagomachado.jpg\" width=\"120\" border=\"0\" \/><\/a><\/td>\n<td style=\"width: 51.2821%;\" colspan=\"2\"><a href=\"https:\/\/www.fenomenum.com.br\/caso-tiago-machado\/\"><b>Caso Tiago Machado<\/b><\/a><\/p>\n<p><a href=\"https:\/\/www.fenomenum.com.br\/caso-tiago-machado\/\"><span style=\"font-size: medium;\">Importante<\/span><span style=\"font-size: medium;\">\u00a0caso de contato imediato ocorrido em 6 de fevereiro de 1969, em Pirassununga (SP), envolvendo o jovem Tiago Machado.<\/span><\/a><\/td>\n<\/tr>\n<tr>\n<td style=\"width: 15.2625%;\" width=\"173\"><a href=\"https:\/\/www.fenomenum.com.br\/tripulantes-atacam-em-pirassununga-sp\/\"><img src=\"https:\/\/fenomenum.com.br\/ufo\/casuistica\/menu\/pirassununga.jpg\" width=\"120\" border=\"0\" \/><\/a><\/td>\n<td style=\"width: 51.2821%;\" colspan=\"2\"><a href=\"https:\/\/www.fenomenum.com.br\/tripulantes-atacam-em-pirassununga-sp\/\"><b>Tripulantes Atacam em Pirassununga<\/b><\/a><\/p>\n<p><a href=\"https:\/\/www.fenomenum.com.br\/tripulantes-atacam-em-pirassununga-sp\/\"><span style=\"font-size: medium;\">Caso de confronto com estranhos seres, envolvendo Luiz Flauzino de Oliveira, ocorrido em Pirassununga (SP) em fevereiro de 1969.<\/span><\/a><\/td>\n<\/tr>\n<tr>\n<td style=\"width: 15.2625%;\" width=\"173\"><a href=\"https:\/\/www.fenomenum.com.br\/abducao-na-vila-operaria\/\"><img src=\"https:\/\/fenomenum.com.br\/ufo\/casuistica\/menu\/operaria.jpg\" width=\"120\" border=\"0\" \/><\/a><\/td>\n<td style=\"width: 51.2821%;\" colspan=\"2\"><b>Abdu\u00e7\u00e3o na Vila Operaria<\/b><\/p>\n<p><span style=\"font-size: medium;\">Caso de abdu\u00e7\u00e3o envolvendo o Sr. Jos\u00e9 Pereira Sacramento, ocorrido na regi\u00e3o de Nova Lima (MG), na noite de 20 de maio de 1969.<\/span><\/p>\n<p>&nbsp;<\/td>\n<\/tr>\n<tr>\n<td style=\"width: 15.2625%;\" width=\"173\"><img src=\"https:\/\/fenomenum.com.br\/ufo\/casuistica\/menu\/navegantes.jpg\" width=\"120\" border=\"0\" \/><\/td>\n<td style=\"width: 51.2821%;\" colspan=\"2\"><a href=\"https:\/\/www.fenomenum.com.br\/abducao-na-vila-operaria\/\"><b>Mist\u00e9rio na Praia dos Navegantes<\/b><\/a><\/p>\n<p><a href=\"https:\/\/www.fenomenum.com.br\/abducao-na-vila-operaria\/\"><span style=\"font-size: medium;\">Intrigante caso de queda de OVNI na Praia de Navegantes (SC), ocorrido em julho de 1974. O aparelho teria sido resgatado pela Marinha do Brasil.<\/span><\/a><\/td>\n<\/tr>\n<tr>\n<td style=\"width: 15.2625%;\" width=\"173\"><a href=\"https:\/\/www.fenomenum.com.br\/caso-antonio-alves-ferreira\/\"><img src=\"https:\/\/fenomenum.com.br\/ufo\/casuistica\/menu\/aaf.jpg\" width=\"120\" border=\"0\" \/><\/a><\/td>\n<td style=\"width: 51.2821%;\" colspan=\"2\"><a href=\"https:\/\/www.fenomenum.com.br\/caso-antonio-alves-ferreira\/\"><b>Caso Ant\u00f4nio Alves Ferreira<\/b><\/a><\/p>\n<p><a href=\"https:\/\/www.fenomenum.com.br\/caso-antonio-alves-ferreira\/\"><span style=\"font-size: medium;\">Pol\u00eamico caso de abdu\u00e7\u00e3o ocorrido em S\u00e3o Luis (MA), com Ant\u00f4nio Alves Ferreira que teria adquirido poderes paranormais ap\u00f3s o contato<\/span><\/a><\/td>\n<\/tr>\n<tr>\n<td style=\"width: 15.2625%;\" width=\"173\"><a href=\"https:\/\/www.fenomenum.com.br\/ufo-pousa-em-base-aerea-do-bacacheri-em-curitiba-pr\/\"><img src=\"https:\/\/fenomenum.com.br\/ufo\/casuistica\/menu\/eear.jpg\" width=\"120\" border=\"0\" \/><\/a><\/td>\n<td style=\"width: 51.2821%;\" colspan=\"2\"><a href=\"https:\/\/www.fenomenum.com.br\/ufo-pousa-em-base-aerea-do-bacacheri-em-curitiba-pr\/\"><b>UFO Pousa em Base da FAB<\/b><\/a><\/p>\n<p><a href=\"https:\/\/www.fenomenum.com.br\/ufo-pousa-em-base-aerea-do-bacacheri-em-curitiba-pr\/\"><span style=\"font-size: medium;\">Caso de pouso de um disco voador e avistamento de tripulantes dentro das futuras depend\u00eancias do futuro CINDACTA II, em Curitiba (PR).<\/span><\/a><\/td>\n<\/tr>\n<tr>\n<td style=\"width: 15.2625%;\" width=\"173\"><a href=\"https:\/\/www.fenomenum.com.br\/morte-na-ilha-do-carangueijo\/\"><img src=\"https:\/\/fenomenum.com.br\/ufo\/casuistica\/menu\/caranguejo.jpg\" width=\"120\" border=\"0\" \/><\/a><\/td>\n<td style=\"width: 51.2821%;\" colspan=\"2\"><a href=\"https:\/\/www.fenomenum.com.br\/morte-na-ilha-do-carangueijo\/\"><b>Morte na Ilha do Caranguejo<\/b><\/a><\/p>\n<p><a href=\"https:\/\/www.fenomenum.com.br\/morte-na-ilha-do-carangueijo\/\"><span style=\"font-size: medium;\">Impressionante caso envolvendo pescadores maranhenses. Um deles morreu e outros ficaram feridos em decorr\u00eancia do contato.<\/span><\/a><\/td>\n<\/tr>\n<tr>\n<td style=\"width: 15.2625%;\" width=\"173\"><a href=\"https:\/\/www.fenomenum.com.br\/caso-chupa-chupa-e-operacao-prato\/\"><img src=\"https:\/\/fenomenum.com.br\/ufo\/casuistica\/menu\/chupachupa.jpg\" width=\"120\" border=\"0\" \/><\/a><\/td>\n<td style=\"width: 51.2821%;\" colspan=\"2\"><a href=\"https:\/\/www.fenomenum.com.br\/caso-chupa-chupa-e-operacao-prato\/\"><b>Caso Chupa-Chupa e Opera\u00e7\u00e3o Prato<\/b><\/a><\/p>\n<p><a href=\"https:\/\/www.fenomenum.com.br\/caso-chupa-chupa-e-operacao-prato\/\"><span style=\"font-size: medium;\">Conhe\u00e7a detalhes do fen\u00f4meno Chupa-chupa que levou a FAB a criar a Opera\u00e7\u00e3o Prato para investiga\u00e7\u00e3o destas estranhas ocorr\u00eancias.<\/span><\/a><\/td>\n<\/tr>\n<tr>\n<td style=\"width: 15.2625%;\" width=\"173\"><a href=\"https:\/\/www.fenomenum.com.br\/caso-vasp-voo-169\/\"><img src=\"https:\/\/fenomenum.com.br\/ufo\/casuistica\/menu\/vasp169.jpg\" width=\"120\" border=\"0\" \/><\/a><\/td>\n<td style=\"width: 51.2821%;\" colspan=\"2\"><a href=\"https:\/\/www.fenomenum.com.br\/caso-vasp-voo-169\/\"><b>Caso VASP Voo 169<\/b><\/a><\/p>\n<p><a href=\"https:\/\/www.fenomenum.com.br\/caso-vasp-voo-169\/\"><span style=\"font-size: medium;\">Um objeto voador luminoso acompanha um avi\u00e3o comercial durante voo entre Fortaleza e Rio de Janeiro, em 8 de fevereiro de 1982.<\/span><\/a><\/td>\n<\/tr>\n<tr>\n<td style=\"width: 15.2625%;\" width=\"173\"><a href=\"https:\/\/www.fenomenum.com.br\/fab-persegue-ufos-em-anapolis-go\/\"><img src=\"https:\/\/fenomenum.com.br\/ufo\/casuistica\/menu\/anapolis.jpg\" width=\"120\" border=\"0\" \/><\/a><\/td>\n<td style=\"width: 51.2821%;\" colspan=\"2\"><a href=\"https:\/\/www.fenomenum.com.br\/fab-persegue-ufos-em-anapolis-go\/\"><b>FAB Persegue UFOs em Goi\u00e1s<\/b><\/a><\/p>\n<p><a href=\"https:\/\/www.fenomenum.com.br\/fab-persegue-ufos-em-anapolis-go\/\"><span style=\"font-size: medium;\">Em v\u00e1rias ocasi\u00f5es em 1982, OVNIs s\u00e3o captados por radares de An\u00e1polis (GO) e perseguidos por ca\u00e7as da For\u00e7a A\u00e9rea Brasileira.<\/span><\/a><\/td>\n<\/tr>\n<tr>\n<td style=\"width: 15.2625%;\" width=\"173\"><a href=\"https:\/\/www.fenomenum.com.br\/o-misterioso-raio-azul\/\"><img src=\"https:\/\/fenomenum.com.br\/ufo\/casuistica\/menu\/raioazul.jpg\" width=\"120\" border=\"0\" \/><\/a><\/td>\n<td style=\"width: 51.2821%;\" colspan=\"2\"><a href=\"https:\/\/www.fenomenum.com.br\/o-misterioso-raio-azul\/\"><b>O Misterioso Raio Azul<\/b><\/a><\/p>\n<p><a href=\"https:\/\/www.fenomenum.com.br\/o-misterioso-raio-azul\/\"><span style=\"font-size: medium;\">Autoridades judici\u00e1rias do Estado do Paran\u00e1 observam, em hor\u00e1rios e locais diferentes fen\u00f4meno luminoso azulado, em Ponta Grossa (PR).<\/span><\/a><\/td>\n<\/tr>\n<tr>\n<td style=\"width: 15.2625%;\" width=\"173\"><a href=\"https:\/\/www.fenomenum.com.br\/caso-foto-batel\/\"><img src=\"https:\/\/fenomenum.com.br\/ufo\/casuistica\/menu\/batel.jpg\" width=\"120\" border=\"0\" \/><\/a><\/td>\n<td style=\"width: 51.2821%;\" colspan=\"2\"><a href=\"https:\/\/www.fenomenum.com.br\/caso-foto-batel\/\"><b>Caso Foto Batel<\/b><\/a><\/p>\n<p><a href=\"https:\/\/www.fenomenum.com.br\/caso-foto-batel\/\"><span style=\"font-size: medium;\">Interessante caso de registro fotogr\u00e1fico de um UFO, ocorrido no bairro Batel em Curitiba (PR). For\u00e7as Armadas tiveram interesse na fotografia.<\/span><\/a><\/td>\n<\/tr>\n<tr>\n<td style=\"width: 15.2625%;\" width=\"173\"><a href=\"https:\/\/www.fenomenum.com.br\/noite-oficial\/\"><img src=\"https:\/\/fenomenum.com.br\/ufo\/casuistica\/menu\/noob.jpg\" width=\"120\" border=\"0\" \/><\/a><\/td>\n<td style=\"width: 51.2821%;\" colspan=\"2\"><a href=\"https:\/\/www.fenomenum.com.br\/noite-oficial\/\"><b>A Noite Oficial dos OVNIs<\/b><\/a><\/p>\n<p><a href=\"https:\/\/www.fenomenum.com.br\/noite-oficial\/\"><span style=\"font-size: medium;\">Em 19 de maio de 1986, 21 UFOs foram vistos, captados por radares e perseguidos por ca\u00e7as da FAB, na chamada Noite Oficial dos OVNIs.<\/span><\/a><\/td>\n<\/tr>\n<tr>\n<td style=\"width: 15.2625%;\" width=\"173\"><a href=\"https:\/\/www.fenomenum.com.br\/piloto-avista-ovni-em-arapongas-pr\/\"><img src=\"https:\/\/fenomenum.com.br\/ufo\/casuistica\/menu\/arapongas.jpg\" width=\"120\" border=\"0\" \/><\/a><\/td>\n<td style=\"width: 51.2821%;\" colspan=\"2\"><a href=\"https:\/\/www.fenomenum.com.br\/piloto-avista-ovni-em-arapongas-pr\/\"><b>Piloto Avista UFO em Arapongas<\/b><\/a><\/p>\n<p><a href=\"https:\/\/www.fenomenum.com.br\/piloto-avista-ovni-em-arapongas-pr\/\"><span style=\"font-size: medium;\">Piloto e dois passageiros de aeronave passam por momentos de terror quando um UFO se aproxima da aeronave, em Arapongas (PR).<\/span><\/a><\/td>\n<\/tr>\n<tr>\n<td style=\"width: 15.2625%;\" width=\"173\"><a href=\"https:\/\/www.fenomenum.com.br\/caso-tam-voo-573\/\"><img src=\"https:\/\/fenomenum.com.br\/ufo\/casuistica\/menu\/tam573.jpg\" width=\"120\" border=\"0\" \/><\/a><\/td>\n<td style=\"width: 51.2821%;\" colspan=\"2\"><a href=\"https:\/\/www.fenomenum.com.br\/caso-tam-voo-573\/\"><b>Caso TAM 573<\/b><\/a><\/p>\n<p><a href=\"https:\/\/www.fenomenum.com.br\/caso-tam-voo-573\/\"><span style=\"font-size: medium;\">Em 30 de maio de 1989, o voo TAM 573 \u00e9 acompanhado por UFO sobre a regi\u00e3o de Americana (SP), sendo registrado em documentos da FAB.<\/span><\/a><\/td>\n<\/tr>\n<tr>\n<td style=\"width: 15.2625%;\" width=\"173\"><a href=\"https:\/\/www.fenomenum.com.br\/caso-feira-de-santana\/\"><img src=\"https:\/\/fenomenum.com.br\/ufo\/casuistica\/menu\/feiradesantana.jpg\" width=\"120\" border=\"0\" \/><\/a><\/td>\n<td style=\"width: 51.2821%;\" colspan=\"2\"><a href=\"https:\/\/www.fenomenum.com.br\/caso-feira-de-santana\/\"><b>Caso Feira de Santana<\/b><\/a><\/p>\n<p><a href=\"https:\/\/www.fenomenum.com.br\/caso-feira-de-santana\/\"><span style=\"font-size: medium;\">Intrigante caso de queda de OVNI e resgate de tripulantes, ocorrido na zona rural da cidade de Feira de Santana, Bahia, em 12 de janeiro de 1995.<\/span><\/a><\/td>\n<\/tr>\n<tr>\n<td style=\"width: 15.2625%;\" width=\"173\"><a href=\"https:\/\/www.fenomenum.com.br\/caso-varginha\/\"><img class=\"alignnone size-medium wp-image-5120\" src=\"https:\/\/www.fenomenum.com.br\/novo\/wp-content\/uploads\/2022\/04\/varginha-282x300.jpg\" alt=\"\" width=\"120\" \/><\/a><\/td>\n<td style=\"width: 51.2821%;\" colspan=\"2\"><a href=\"https:\/\/www.fenomenum.com.br\/caso-varginha\/\"><b>Caso Varginha<\/b><\/a><\/p>\n<p><a href=\"https:\/\/www.fenomenum.com.br\/caso-varginha\/\"><span style=\"font-size: medium;\">Em 20 de janeiro de 1996, militares do ex\u00e9rcito e bombeiros da cidade de Varginha envolvem-se na captura de estranhas criaturas observadas na cidade.<\/span><\/a><\/td>\n<\/tr>\n<tr>\n<td style=\"width: 15.2625%;\" width=\"173\"><a href=\"https:\/\/www.fenomenum.com.br\/caso-haroldo-westendorff\/\"><img src=\"https:\/\/fenomenum.com.br\/ufo\/casuistica\/menu\/westendorff.jpg\" width=\"120\" border=\"0\" \/><\/a><\/td>\n<td style=\"width: 51.2821%;\" colspan=\"2\"><a href=\"https:\/\/www.fenomenum.com.br\/caso-haroldo-westendorff\/\"><b>Caso Haroldo Westendorff<\/b><\/a><\/p>\n<p><a href=\"https:\/\/www.fenomenum.com.br\/caso-haroldo-westendorff\/\"><span style=\"font-size: medium;\">Impressionante encontro entre aeronave particular e um gigantesco OVNI avistado e captado por radar sobre a Lagoa dos Patos (RS).<\/span><\/a><\/td>\n<\/tr>\n<tr>\n<td style=\"width: 15.2625%;\" width=\"173\"><a href=\"https:\/\/www.fenomenum.com.br\/a-queda-do-tucano-da-fab\/\"><img src=\"https:\/\/fenomenum.com.br\/ufo\/casuistica\/menu\/tucano.jpg\" width=\"120\" border=\"0\" \/><\/a><\/td>\n<td style=\"width: 51.2821%;\" colspan=\"2\"><a href=\"https:\/\/www.fenomenum.com.br\/a-queda-do-tucano-da-fab\/\"><b>Caso da Queda do Tucano da FAB<\/b><\/a><\/p>\n<p><a href=\"https:\/\/www.fenomenum.com.br\/a-queda-do-tucano-da-fab\/\"><span style=\"font-size: medium;\">Pol\u00eamico caso de queda de um avi\u00e3o Tucano, da Esquadrilha da Fuma\u00e7a em Santos (SP), associado \u00e0 uma sonda alien\u00edgena presente na ocasi\u00e3o.<\/span><\/a><\/td>\n<\/tr>\n<tr>\n<td style=\"width: 15.2625%;\" width=\"173\"><a href=\"https:\/\/www.fenomenum.com.br\/pouso-de-ufo-em-base-da-forca-aerea-brasileira\/\"><img src=\"https:\/\/fenomenum.com.br\/ufo\/casuistica\/menu\/guaratingueta.jpg\" width=\"120\" border=\"0\" \/><\/a><\/td>\n<td style=\"width: 51.2821%;\" colspan=\"2\"><a href=\"https:\/\/www.fenomenum.com.br\/pouso-de-ufo-em-base-da-forca-aerea-brasileira\/\"><b>Pouso em Base da FAB<\/b><\/a><\/p>\n<p><a href=\"https:\/\/www.fenomenum.com.br\/pouso-de-ufo-em-base-da-forca-aerea-brasileira\/\"><span style=\"font-size: medium;\">Avistamento e Pouso de disco voador ao lado das instala\u00e7\u00f5es da Escola de Especialistas da Aeron\u00e1utica (EEAR), em Guaratinguet\u00e1 (SP), em dezembro de 1996.<\/span><\/a><\/td>\n<\/tr>\n<tr>\n<td style=\"width: 15.2625%;\" width=\"173\"><a href=\"https:\/\/www.fenomenum.com.br\/chupacabras\/\"><img src=\"https:\/\/fenomenum.com.br\/ufo\/casuistica\/menu\/chupacabras.jpg\" width=\"120\" border=\"0\" \/><\/a><\/td>\n<td style=\"width: 51.2821%;\" colspan=\"2\"><a href=\"https:\/\/www.fenomenum.com.br\/chupacabras\/\"><b>Caso Chupa-Cabras<\/b><\/a><\/p>\n<p><a href=\"https:\/\/www.fenomenum.com.br\/chupacabras\/\"><span style=\"font-size: medium;\">Estranhas mortes de animais na regi\u00e3o de Curitiba atribu\u00eddas \u00e0 um animal n\u00e3o catalogado pela Ci\u00eancia, durante o inverno de 1997.<\/span><\/a><\/td>\n<\/tr>\n<tr>\n<td style=\"width: 15.2625%;\" width=\"173\"><a href=\"https:\/\/www.fenomenum.com.br\/caso-chico-py\/\"><img src=\"https:\/\/fenomenum.com.br\/ufo\/casuistica\/menu\/chicopy.jpg\" width=\"120\" border=\"0\" \/><\/a><\/td>\n<td style=\"width: 51.2821%;\" colspan=\"2\"><a href=\"https:\/\/www.fenomenum.com.br\/caso-chico-py\/\"><b>Caso Chico-Py<\/b><\/a><\/p>\n<p><a href=\"https:\/\/www.fenomenum.com.br\/caso-chico-py\/\"><span style=\"font-size: medium;\">Durante a onda de ataques do Chupa-cabras em Campina Grande do Sul, em 1997, houveram v\u00e1rios avistamentos de OVNIs na regi\u00e3o.<\/span><\/a><\/td>\n<\/tr>\n<\/tbody>\n<\/table>\n<\/div>\n<\/article>\n","protected":false},"excerpt":{"rendered":"<p>Conhe\u00e7a quais s\u00e3o s\u00e3o as pol\u00edticas e como foi o envolvimento do Governo Brasileiro com a quest\u00e3o ufol\u00f3gica at\u00e9 o presente momento. &nbsp; O Governo Brasileiro, a exemplo de todas as na\u00e7\u00f5es da Terra, d\u00e1 especial aten\u00e7\u00e3o ao Fen\u00f4meno OVNI. Com muita freq\u00fc\u00eancia, OVNIs s\u00e3o registrados por radares, fotografados e filmados por militares em v\u00e1rias [&hellip;]<\/p>\n","protected":false},"author":4,"featured_media":5121,"comment_status":"open","ping_status":"open","sticky":false,"template":"","format":"standard","meta":{"inline_featured_image":false},"categories":[108,107],"tags":[],"_links":{"self":[{"href":"https:\/\/www.fenomenum.com.br\/novo\/wp-json\/wp\/v2\/posts\/5119"}],"collection":[{"href":"https:\/\/www.fenomenum.com.br\/novo\/wp-json\/wp\/v2\/posts"}],"about":[{"href":"https:\/\/www.fenomenum.com.br\/novo\/wp-json\/wp\/v2\/types\/post"}],"author":[{"embeddable":true,"href":"https:\/\/www.fenomenum.com.br\/novo\/wp-json\/wp\/v2\/users\/4"}],"replies":[{"embeddable":true,"href":"https:\/\/www.fenomenum.com.br\/novo\/wp-json\/wp\/v2\/comments?post=5119"}],"version-history":[{"count":1,"href":"https:\/\/www.fenomenum.com.br\/novo\/wp-json\/wp\/v2\/posts\/5119\/revisions"}],"predecessor-version":[{"id":7145,"href":"https:\/\/www.fenomenum.com.br\/novo\/wp-json\/wp\/v2\/posts\/5119\/revisions\/7145"}],"wp:featuredmedia":[{"embeddable":true,"href":"https:\/\/www.fenomenum.com.br\/novo\/wp-json\/wp\/v2\/media\/5121"}],"wp:attachment":[{"href":"https:\/\/www.fenomenum.com.br\/novo\/wp-json\/wp\/v2\/media?parent=5119"}],"wp:term":[{"taxonomy":"category","embeddable":true,"href":"https:\/\/www.fenomenum.com.br\/novo\/wp-json\/wp\/v2\/categories?post=5119"},{"taxonomy":"post_tag","embeddable":true,"href":"https:\/\/www.fenomenum.com.br\/novo\/wp-json\/wp\/v2\/tags?post=5119"}],"curies":[{"name":"wp","href":"https:\/\/api.w.org\/{rel}","templated":true}]}}