{"id":5346,"date":"2022-04-06T13:36:47","date_gmt":"2022-04-06T16:36:47","guid":{"rendered":"https:\/\/www.fenomenum.com.br\/?p=5346"},"modified":"2025-04-21T16:10:48","modified_gmt":"2025-04-21T19:10:48","slug":"chupac-chupa8","status":"publish","type":"post","link":"https:\/\/www.fenomenum.com.br\/novo\/chupac-chupa8\/","title":{"rendered":"Fotografias de UFOs Feitas na Opera\u00e7\u00e3o Prato"},"content":{"rendered":"<p style=\"padding-left: 40px;\"><strong>Conjunto de algumas das fotografias e frames de filmagens dos objetos envolvidos nos ataques e obtidos pelos militares da Opera\u00e7\u00e3o Prato.<\/strong><\/p>\n<hr \/>\n<table style=\"width: 100%; border-collapse: collapse; background-color: #fafafa;\">\n<tbody>\n<tr>\n<td style=\"width: 50%;\"><img loading=\"lazy\" class=\"alignnone wp-image-5349 size-full\" src=\"https:\/\/www.fenomenum.com.br\/novo\/wp-content\/uploads\/2022\/03\/esquerda.png\" alt=\"\" width=\"75\" height=\"75\" \/><\/td>\n<td style=\"width: 50%; text-align: right;\"><a href=\"https:\/\/www.fenomenum.com.br\/chupa-chupa2\/\"><img loading=\"lazy\" class=\"alignnone size-full wp-image-5348 alignright\" src=\"https:\/\/www.fenomenum.com.br\/novo\/wp-content\/uploads\/2022\/03\/direita.png\" alt=\"\" width=\"75\" height=\"75\" \/><\/a><\/td>\n<\/tr>\n<tr>\n<td style=\"width: 50%;\"><a href=\"https:\/\/www.fenomenum.com.br\/chupa-chupa7\/\">Artigo anterior sobre o Chupa-Chupa e Opera\u00e7\u00e3o Prato<\/a><\/td>\n<td style=\"width: 50%; text-align: right;\"><a href=\"https:\/\/www.fenomenum.com.br\/chupa-chupa9\/\">Pr\u00f3ximo artigo sobre o chupa-Chupa e Opera\u00e7\u00e3o Prato<\/a><\/td>\n<\/tr>\n<\/tbody>\n<\/table>\n<hr \/>\n<p>Ao longo dos v\u00e1rios meses de atividades, os militares que compunham a Opera\u00e7\u00e3o Prato obtiveram v\u00e1rias filmagens de v\u00e1rias dezenas de fotografias. Conhe\u00e7a o rico acervo fotogr\u00e1fico da miss\u00e3o.<\/p>\n<p>&nbsp;<\/p>\n<div id=\"attachment_3889\" style=\"width: 970px\" class=\"wp-caption alignnone\"><img aria-describedby=\"caption-attachment-3889\" loading=\"lazy\" class=\"wp-image-3889 size-full\" src=\"https:\/\/www.fenomenum.com.br\/novo\/wp-content\/uploads\/2022\/03\/colares1.jpg\" alt=\"\" width=\"960\" height=\"690\" \/><p id=\"caption-attachment-3889\" class=\"wp-caption-text\">Fotografia obtida em Colares (PA), em 5 de novembro de 1977, \u00e0s 18h26. Os objetos estavam a 1.500 metros de altura, a 1.200 metros de dist\u00e2ncia, deslocando-se a m\u00e9dia velocidade, do Sudoeste para Nordeste. Durante a observa\u00e7\u00e3o os militares constataram efeitos eletrost\u00e1ticos e magn\u00e9ticos, ao longo de 20 minutos.<\/p><\/div>\n<p>&nbsp;<\/p>\n<div id=\"attachment_3890\" style=\"width: 904px\" class=\"wp-caption aligncenter\"><img aria-describedby=\"caption-attachment-3890\" loading=\"lazy\" class=\"wp-image-3890 size-full\" src=\"https:\/\/www.fenomenum.com.br\/novo\/wp-content\/uploads\/2022\/03\/Colares2.jpg\" alt=\"\" width=\"894\" height=\"720\" \/><p id=\"caption-attachment-3890\" class=\"wp-caption-text\">Fotografafia feita em 10 de dezembro de 1977, por volta das 20h30, na Ba\u00eda do Sol, em Mosqueiro, Bel\u00e9m (PA). O objeto encontrava-se sobre a Ponta do Machadinho, na Ilha de Colares (PA). Estima-se que o objeto estava a 300 metros de altura, distante 3.000 metros do fot\u00f3grafo, Sargento Fl\u00e1vio e outros 3 civis. O OVNI permaneceu estacion\u00e1rio por aproximadamente 5 minutos.<\/p><\/div>\n<p>&nbsp;<\/p>\n<div id=\"attachment_3892\" style=\"width: 970px\" class=\"wp-caption aligncenter\"><img aria-describedby=\"caption-attachment-3892\" loading=\"lazy\" class=\"wp-image-3892 size-full\" src=\"https:\/\/www.fenomenum.com.br\/novo\/wp-content\/uploads\/2022\/03\/Colares3.jpg\" alt=\"\" width=\"960\" height=\"656\" \/><p id=\"caption-attachment-3892\" class=\"wp-caption-text\">Objeto fotografado em 11 de dezembro de 1977, por volta das 3h25. Estima-se que o objeto estava a 3.000 metros de altura, distante 1.500 metros do fot\u00f3grafo, Sargento Fl\u00e1vio e outros 3 civis. O objeto emitia luz pulsante e deslocava-se em linha reta, acompanhado de outro objeto de menor tamanho.<\/p><\/div>\n<p>&nbsp;<\/p>\n<div id=\"attachment_3893\" style=\"width: 808px\" class=\"wp-caption aligncenter\"><img aria-describedby=\"caption-attachment-3893\" loading=\"lazy\" class=\"wp-image-3893 size-full\" src=\"https:\/\/www.fenomenum.com.br\/novo\/wp-content\/uploads\/2022\/03\/Colares4.jpg\" alt=\"\" width=\"798\" height=\"720\" \/><p id=\"caption-attachment-3893\" class=\"wp-caption-text\">Objeto fotografado em 11 de dezembro de 1977, por volta das 3h25. Estima-se que o objeto estava a 3.000 metros de altura, distante 1.500 metros do fot\u00f3grafo, Sargento Fl\u00e1vio e outros 3 civis. O objeto emitia luz pulsante e deslocava-se em linha reta, acompanhado de outro objeto de menor tamanho.<\/p><\/div>\n<p>&nbsp;<\/p>\n<div id=\"attachment_3894\" style=\"width: 970px\" class=\"wp-caption aligncenter\"><img aria-describedby=\"caption-attachment-3894\" loading=\"lazy\" class=\"wp-image-3894 size-full\" src=\"https:\/\/www.fenomenum.com.br\/novo\/wp-content\/uploads\/2022\/03\/Colares5.jpg\" alt=\"\" width=\"960\" height=\"597\" \/><p id=\"caption-attachment-3894\" class=\"wp-caption-text\">Objeto fotografado em 11 de dezembro de 1977, por volta das 3h25. Estima-se que o objeto estava a 3.000 metros de altura, distante 1.500 metros do fot\u00f3grafo, Sargento Fl\u00e1vio e outros 3 civis. O objeto emitia luz pulsante e deslocava-se em linha reta, acompanhado de outro objeto de menor tamanho.<\/p><\/div>\n<p>&nbsp;<\/p>\n<div id=\"attachment_3916\" style=\"width: 970px\" class=\"wp-caption aligncenter\"><img aria-describedby=\"caption-attachment-3916\" loading=\"lazy\" class=\"wp-image-3916 size-full\" src=\"https:\/\/www.fenomenum.com.br\/novo\/wp-content\/uploads\/2022\/03\/Mosqueiro5.jpg\" alt=\"\" width=\"960\" height=\"630\" \/><p id=\"caption-attachment-3916\" class=\"wp-caption-text\">Objeto fotografado em 11 de dezembro de 1977, por volta das 3h25. Estima-se que o objeto estava a 2.000 metros de altura, distante 1.500 metros do fot\u00f3grafo, Sargento Fl\u00e1vio e outros 3 civis. O objeto emitia luz pulsante e deslocava-se em linha reta, acompanhado de outro objeto de menor tamanho.<\/p><\/div>\n<p>&nbsp;<\/p>\n<div id=\"attachment_3917\" style=\"width: 970px\" class=\"wp-caption aligncenter\"><img aria-describedby=\"caption-attachment-3917\" loading=\"lazy\" class=\"wp-image-3917 size-full\" src=\"https:\/\/www.fenomenum.com.br\/novo\/wp-content\/uploads\/2022\/03\/Mosqueiro6.jpg\" alt=\"\" width=\"960\" height=\"657\" \/><p id=\"caption-attachment-3917\" class=\"wp-caption-text\">Objeto fotografado em 11 de dezembro de 1977, por volta das 3h25. Estima-se que o objeto estava a 2.000 metros de altura, distante 1.500 metros do fot\u00f3grafo, Sargento Fl\u00e1vio e outros 3 civis. O objeto emitia luz pulsante e deslocava-se em linha reta, acompanhado de outro objeto de menor tamanho.<\/p><\/div>\n<p>&nbsp;<\/p>\n<div id=\"attachment_3918\" style=\"width: 929px\" class=\"wp-caption aligncenter\"><img aria-describedby=\"caption-attachment-3918\" loading=\"lazy\" class=\"wp-image-3918 size-full\" src=\"https:\/\/www.fenomenum.com.br\/novo\/wp-content\/uploads\/2022\/03\/Mosqueiro7.jpg\" alt=\"\" width=\"919\" height=\"720\" \/><p id=\"caption-attachment-3918\" class=\"wp-caption-text\">Objeto fotografado em 11 de dezembro de 1977, por volta das 3h25. Estima-se que o objeto estava a 2.000 metros de altura, distante 1.500 metros do fot\u00f3grafo, Sargento Fl\u00e1vio e outros 3 civis. O objeto emitia luz pulsante e deslocava-se em linha reta, acompanhado de outro objeto de menor tamanho.<\/p><\/div>\n<p>&nbsp;<\/p>\n<div id=\"attachment_3896\" style=\"width: 970px\" class=\"wp-caption aligncenter\"><img aria-describedby=\"caption-attachment-3896\" loading=\"lazy\" class=\"wp-image-3896 size-full\" src=\"https:\/\/www.fenomenum.com.br\/novo\/wp-content\/uploads\/2022\/03\/Colares6.jpg\" alt=\"\" width=\"960\" height=\"669\" \/><p id=\"caption-attachment-3896\" class=\"wp-caption-text\">Fotografia feita em 13 de dezembro de 1977, por volta das 23h55, na Ba\u00eda do Sol, em Mosqueiro, Bel\u00e9m (PA). O objeto encontrava-se sobre a Ilha de Colares (PA), no Rio Jejutaua. Estima-se que o objeto estava a 2.000 metros de altura, distante 3.000 a 4.000 metros do fot\u00f3grafo, Sargento Fl\u00e1vio e outros 2 civis. O OVNI deslocava-se a uma velocidade estimada de 300 Km\/h, no sentido Noroeste\/Sudeste.<\/p><\/div>\n<p>&nbsp;<\/p>\n<div id=\"attachment_3899\" style=\"width: 965px\" class=\"wp-caption aligncenter\"><img aria-describedby=\"caption-attachment-3899\" loading=\"lazy\" class=\"wp-image-3899 size-full\" src=\"https:\/\/www.fenomenum.com.br\/novo\/wp-content\/uploads\/2022\/03\/Colares7.jpg\" alt=\"\" width=\"955\" height=\"692\" \/><p id=\"caption-attachment-3899\" class=\"wp-caption-text\">A imagem acima \u00e9 um frame de filmagem em super-8, feita em Colares (PA), em fevereiro de 1978, pela equipe de militares do A2, do I COMAR.<\/p><\/div>\n<p>&nbsp;<\/p>\n<div id=\"attachment_3945\" style=\"width: 970px\" class=\"wp-caption aligncenter\"><img aria-describedby=\"caption-attachment-3945\" loading=\"lazy\" class=\"wp-image-3945 size-full\" src=\"https:\/\/www.fenomenum.com.br\/novo\/wp-content\/uploads\/2022\/03\/Colares10.jpg\" alt=\"\" width=\"960\" height=\"708\" \/><p id=\"caption-attachment-3945\" class=\"wp-caption-text\">A imagem acima \u00e9 um frame de filmagem em super-8, feita em Colares (PA), em fevereiro de 1978, pela equipe de militares do A2, do I COMAR.<\/p><\/div>\n<p>&nbsp;<\/p>\n<div id=\"attachment_3946\" style=\"width: 967px\" class=\"wp-caption aligncenter\"><img aria-describedby=\"caption-attachment-3946\" loading=\"lazy\" class=\"wp-image-3946 size-full\" src=\"https:\/\/www.fenomenum.com.br\/novo\/wp-content\/uploads\/2022\/03\/Colares11.jpg\" alt=\"\" width=\"957\" height=\"717\" \/><p id=\"caption-attachment-3946\" class=\"wp-caption-text\">A imagem acima \u00e9 um frame de filmagem em super-8, feita em Colares (PA), em fevereiro de 1978, pela equipe de militares do A2, do I COMAR.<\/p><\/div>\n<p>&nbsp;<\/p>\n<div id=\"attachment_3948\" style=\"width: 970px\" class=\"wp-caption aligncenter\"><img aria-describedby=\"caption-attachment-3948\" loading=\"lazy\" class=\"wp-image-3948 size-full\" src=\"https:\/\/www.fenomenum.com.br\/novo\/wp-content\/uploads\/2022\/03\/Colares12.jpg\" alt=\"\" width=\"960\" height=\"720\" \/><p id=\"caption-attachment-3948\" class=\"wp-caption-text\">Fotografia obtida na Ba\u00eda do Sol, em Mosqueiro, em 20 de junho de 1978, por volta de 4h25. O objeto estava a 400 metros de altitude e a 1.500 metros de dist\u00e2ncia do fot\u00f3grafo. O OVNI movimentava-se em zig-zag, como se fosse sob a\u00e7\u00e3o de impulsos de curto per\u00edodo de tempo, com aumentos bruscos de intensidade luminosa.<\/p><\/div>\n<p>&nbsp;<\/p>\n<div id=\"attachment_3949\" style=\"width: 970px\" class=\"wp-caption aligncenter\"><img aria-describedby=\"caption-attachment-3949\" loading=\"lazy\" class=\"wp-image-3949 size-full\" src=\"https:\/\/www.fenomenum.com.br\/novo\/wp-content\/uploads\/2022\/03\/Colares13.jpg\" alt=\"\" width=\"960\" height=\"720\" \/><p id=\"caption-attachment-3949\" class=\"wp-caption-text\">Fotografia obtida na Ba\u00eda do Sol, em Mosqueiro, em 20 de junho de 1978, por volta de 4h25. O objeto estava a 400 metros de altitude e a 1.500 metros de dist\u00e2ncia do fot\u00f3grafo. O OVNI movimentava-se em zig-zag, como se fosse sob a\u00e7\u00e3o de impulsos de curto per\u00edodo de tempo, com aumentos bruscos de intensidade luminosa.<\/p><\/div>\n<p>&nbsp;<\/p>\n<div id=\"attachment_3900\" style=\"width: 970px\" class=\"wp-caption aligncenter\"><img aria-describedby=\"caption-attachment-3900\" loading=\"lazy\" class=\"wp-image-3900 size-full\" src=\"https:\/\/www.fenomenum.com.br\/novo\/wp-content\/uploads\/2022\/03\/Colares8.jpg\" alt=\"\" width=\"960\" height=\"646\" \/><p id=\"caption-attachment-3900\" class=\"wp-caption-text\">A imagem acima \u00e9 um frame de filmagem em super-8, feita em Colares (PA), em outubro ou novembro de 1977, por volta de 1h30, pela equipe de militares do A2, do I COMAR. O objeto realizou movimento ascendente, em linha reta.<\/p><\/div>\n<p>&nbsp;<\/p>\n<div id=\"attachment_3902\" style=\"width: 645px\" class=\"wp-caption aligncenter\"><img aria-describedby=\"caption-attachment-3902\" loading=\"lazy\" class=\"wp-image-3902 size-full\" src=\"https:\/\/www.fenomenum.com.br\/novo\/wp-content\/uploads\/2022\/03\/Colares9.jpg\" alt=\"\" width=\"635\" height=\"720\" \/><p id=\"caption-attachment-3902\" class=\"wp-caption-text\">Fotografia obtida em Colares (PA), em novembro de 1977, pela equipe de militares do A2 &#8211; I COMAR. Objeto luminoso estava sobre a vila de Colares.<\/p><\/div>\n<p>&nbsp;<\/p>\n<div id=\"attachment_3904\" style=\"width: 970px\" class=\"wp-caption aligncenter\"><img aria-describedby=\"caption-attachment-3904\" loading=\"lazy\" class=\"wp-image-3904 size-full\" src=\"https:\/\/www.fenomenum.com.br\/novo\/wp-content\/uploads\/2022\/03\/Mosqueiro1.jpg\" alt=\"\" width=\"960\" height=\"667\" \/><p id=\"caption-attachment-3904\" class=\"wp-caption-text\">Fotografia feita na Ba\u00eda do Sol, em Mosqueiro, Par\u00e1, em 22 de novembro de 1977, por volta de 5h18. Os objetos estavam a 1.500 metros de altura, a 1.500 metros de dist\u00e2ncia. Um deles deslocava-se de forma retil\u00ednea e outro de forma irregular. Um dos objetos seguiu em sentido sul\/norte, enquanto o outro objeto seguiu sentido sul\/nordeste. Em determinado momento, um dos objetos cruzou a trajet\u00f3ria do outro. Havia quatro pessoas no momento do registro da fotografia.<\/p><\/div>\n<p>&nbsp;<\/p>\n<div id=\"attachment_3905\" style=\"width: 970px\" class=\"wp-caption aligncenter\"><img aria-describedby=\"caption-attachment-3905\" loading=\"lazy\" class=\"wp-image-3905 size-full\" src=\"https:\/\/www.fenomenum.com.br\/novo\/wp-content\/uploads\/2022\/03\/Mosqueiro2.jpg\" alt=\"\" width=\"960\" height=\"699\" \/><p id=\"caption-attachment-3905\" class=\"wp-caption-text\">Fotografia feita na Ba\u00eda do Sol, em Mosqueiro, Par\u00e1, em 22 de novembro de 1977, por volta de 5h18. Os objetos estavam a 1.500 metros de altura, a 1.500 metros de dist\u00e2ncia. Um deles deslocava-se de forma retil\u00ednea e outro de forma irregular. Um dos objetos seguiu em sentido sul\/norte, enquanto o outro objeto seguiu sentido sul\/nordeste. Em determinado momento, um dos objetos cruzou a trajet\u00f3ria do outro. Havia quatro pessoas no momento do registro da fotografia.<\/p><\/div>\n<p>&nbsp;<\/p>\n<div id=\"attachment_3906\" style=\"width: 970px\" class=\"wp-caption aligncenter\"><img aria-describedby=\"caption-attachment-3906\" loading=\"lazy\" class=\"wp-image-3906 size-full\" src=\"https:\/\/www.fenomenum.com.br\/novo\/wp-content\/uploads\/2022\/03\/Mosqueiro3.jpg\" alt=\"\" width=\"960\" height=\"708\" \/><p id=\"caption-attachment-3906\" class=\"wp-caption-text\">Fotografia feita na Ba\u00eda do Sol, em Mosqueiro, Par\u00e1, em 22 de novembro de 1977, por volta de 5h18. Os objetos estavam a 1.500 metros de altura, a 1.500 metros de dist\u00e2ncia. Um deles deslocava-se de forma retil\u00ednea e outro de forma irregular. Um dos objetos seguiu em sentido sul\/norte, enquanto o outro objeto seguiu sentido sul\/nordeste. Em determinado momento, um dos objetos cruzou a trajet\u00f3ria do outro. Havia quatro pessoas no momento do registro da fotografia.<\/p><\/div>\n<p>&nbsp;<\/p>\n<div id=\"attachment_3908\" style=\"width: 970px\" class=\"wp-caption aligncenter\"><img aria-describedby=\"caption-attachment-3908\" loading=\"lazy\" class=\"wp-image-3908 size-full\" src=\"https:\/\/www.fenomenum.com.br\/novo\/wp-content\/uploads\/2022\/03\/Mosqueiro4.jpg\" alt=\"\" width=\"960\" height=\"626\" \/><p id=\"caption-attachment-3908\" class=\"wp-caption-text\">Fotografia feita na Ba\u00eda do Sol, em Mosqueiro, Par\u00e1, em 9 de dezembro de 1977, por volta de 23h50. O objeto luminoso e pulsante estava a 2.000 metros de altitude, a 3.000 metros de dist\u00e2ncia, deslocando-se em trajet\u00f3ria curva a 300 Km\/h. O objeto silenciosamente seguiu em sentido Sudoeste\/Leste.<\/p><\/div>\n<p>&nbsp;<\/p>\n<div id=\"attachment_3910\" style=\"width: 642px\" class=\"wp-caption aligncenter\"><img aria-describedby=\"caption-attachment-3910\" loading=\"lazy\" class=\"wp-image-3910 size-full\" src=\"https:\/\/www.fenomenum.com.br\/novo\/wp-content\/uploads\/2022\/03\/Ananindeua1.jpg\" alt=\"\" width=\"632\" height=\"720\" \/><p id=\"caption-attachment-3910\" class=\"wp-caption-text\">Fotografia obtida pela equipe de militares do A2, I COMAR, em 10 de dezembro de 1977, por volta de 00h50. O objeto estava a 50 metros de altura, a 2.000 metros de dist\u00e2ncia, deslocando-se em movimento de zig-zag. O objeto, que tinha colora\u00e7\u00e3o alaranjada, fez v\u00e1rias evolu\u00e7\u00f5es sobre a regi\u00e3o, mudando constantemente sua dire\u00e7\u00e3o. Nenhum ru\u00eddo foi observado durante o avistamento que terminou com o objeto deslocando-se de sudeste para noroeste.<\/p><\/div>\n<p>&nbsp;<\/p>\n<div id=\"attachment_3912\" style=\"width: 970px\" class=\"wp-caption aligncenter\"><img aria-describedby=\"caption-attachment-3912\" loading=\"lazy\" class=\"wp-image-3912 size-full\" src=\"https:\/\/www.fenomenum.com.br\/novo\/wp-content\/uploads\/2022\/03\/Ananindeua2.jpg\" alt=\"\" width=\"960\" height=\"604\" \/><p id=\"caption-attachment-3912\" class=\"wp-caption-text\">Fotografia obtida pela equipe de militares do A2, I COMAR, em 10 de dezembro de 1977, por volta de 01h50. O objeto estava a 100 metros de altura, a 500 metros de dist\u00e2ncia, emitindo luz avermelhada com reflexos azulados, fez v\u00e1rias evolu\u00e7\u00f5es sobre a regi\u00e3o, com movimento irregular e desaparecendo no sentido Sul\/Norte.<\/p><\/div>\n<p>&nbsp;<\/p>\n<div id=\"attachment_3914\" style=\"width: 587px\" class=\"wp-caption aligncenter\"><img aria-describedby=\"caption-attachment-3914\" loading=\"lazy\" class=\"wp-image-3914 size-full\" src=\"https:\/\/www.fenomenum.com.br\/novo\/wp-content\/uploads\/2022\/03\/Ananindeua3.jpg\" alt=\"\" width=\"577\" height=\"720\" \/><p id=\"caption-attachment-3914\" class=\"wp-caption-text\">Objeto luminoso fotografado sobre o rio Guajar\u00e1, em 10 de dezembro de 1977, por volta de 1h50. O objeto estava a 100 metros de altura, a 800 metros de dist\u00e2ncia, realizando movimentos irregulares sobre a regi\u00e3o.<\/p><\/div>\n<p>&nbsp;<\/p>\n<div id=\"attachment_3920\" style=\"width: 970px\" class=\"wp-caption aligncenter\"><img aria-describedby=\"caption-attachment-3920\" loading=\"lazy\" class=\"wp-image-3920 size-full\" src=\"https:\/\/www.fenomenum.com.br\/novo\/wp-content\/uploads\/2022\/03\/Mosqueiro8.jpg\" alt=\"\" width=\"960\" height=\"668\" \/><p id=\"caption-attachment-3920\" class=\"wp-caption-text\">Objeto fotografado em 11 de dezembro de 1977, por volta das 3h25. Estima-se que o objeto estava a 2.000 metros de altura, distante 1.500 metros do fot\u00f3grafo, Sargento Fl\u00e1vio e outros 3 civis. O objeto emitia luz pulsante e deslocava-se em linha reta, acompanhado de outro objeto de menor tamanho.<\/p><\/div>\n<p>&nbsp;<\/p>\n<div id=\"attachment_3921\" style=\"width: 628px\" class=\"wp-caption aligncenter\"><img aria-describedby=\"caption-attachment-3921\" loading=\"lazy\" class=\"wp-image-3921 size-full\" src=\"https:\/\/www.fenomenum.com.br\/novo\/wp-content\/uploads\/2022\/03\/Mosqueiro9.jpg\" alt=\"\" width=\"618\" height=\"720\" \/><p id=\"caption-attachment-3921\" class=\"wp-caption-text\">Objeto fotografado em 11 de dezembro de 1977, por volta das 3h25. Estima-se que o objeto estava a 2.000 metros de altura, distante 1.500 metros do fot\u00f3grafo, Sargento Fl\u00e1vio e outros 3 civis. O objeto emitia luz pulsante e deslocava-se em linha reta, acompanhado de outro objeto de menor tamanho.<\/p><\/div>\n<p>&nbsp;<\/p>\n<div id=\"attachment_3923\" style=\"width: 623px\" class=\"wp-caption aligncenter\"><img aria-describedby=\"caption-attachment-3923\" loading=\"lazy\" class=\"wp-image-3923 size-full\" src=\"https:\/\/www.fenomenum.com.br\/novo\/wp-content\/uploads\/2022\/03\/Mosqueiro10.jpg\" alt=\"\" width=\"613\" height=\"720\" \/><p id=\"caption-attachment-3923\" class=\"wp-caption-text\">Objeto fotografado em 11 de dezembro de 1977, por volta das 3h25. Estima-se que o objeto estava a 2.000 metros de altura, distante 1.500 metros do fot\u00f3grafo, Sargento Fl\u00e1vio e outros 3 civis. O objeto emitia luz pulsante e deslocava-se em linha reta, acompanhado de outro objeto de menor tamanho.<\/p><\/div>\n<p>&nbsp;<\/p>\n<div id=\"attachment_3924\" style=\"width: 652px\" class=\"wp-caption aligncenter\"><img aria-describedby=\"caption-attachment-3924\" loading=\"lazy\" class=\"wp-image-3924 size-full\" src=\"https:\/\/www.fenomenum.com.br\/novo\/wp-content\/uploads\/2022\/03\/Ananindeua4.jpg\" alt=\"\" width=\"642\" height=\"720\" \/><p id=\"caption-attachment-3924\" class=\"wp-caption-text\">Fotografia feita em 14 de dezembro de 1977, por volta das 22h45. O objeto encontrava-se a 500m de altura, a 1.000 metros de dist\u00e2ncia. Voava a velocidade vari\u00e1vel, em linha reta. Seguiu em sentido Nordeste\/Sudoeste, emitindo lampejos de grande intensidade luminosa, de cor azul, semelhante ao da solda el\u00e9trica. N\u00e3o emitia ru\u00eddos.<\/p><\/div>\n<p>&nbsp;<\/p>\n<div id=\"attachment_3925\" style=\"width: 970px\" class=\"wp-caption aligncenter\"><img aria-describedby=\"caption-attachment-3925\" loading=\"lazy\" class=\"wp-image-3925 size-full\" src=\"https:\/\/www.fenomenum.com.br\/novo\/wp-content\/uploads\/2022\/03\/Ananindeua5.jpg\" alt=\"\" width=\"960\" height=\"660\" \/><p id=\"caption-attachment-3925\" class=\"wp-caption-text\">Fotografia feita em 14 de dezembro de 1977, por volta das 22h45. O objeto encontrava-se a 500m de altura, a 1.000 metros de dist\u00e2ncia. Voava a velocidade vari\u00e1vel, em linha reta. Seguiu em sentido Nordeste\/Sudoeste, emitindo lampejos de grande intensidade luminosa, de cor azul, semelhante ao da solda el\u00e9trica. N\u00e3o emitia ru\u00eddos.<\/p><\/div>\n<p>&nbsp;<\/p>\n<div id=\"attachment_3927\" style=\"width: 970px\" class=\"wp-caption aligncenter\"><img aria-describedby=\"caption-attachment-3927\" loading=\"lazy\" class=\"wp-image-3927 size-full\" src=\"https:\/\/www.fenomenum.com.br\/novo\/wp-content\/uploads\/2022\/03\/Jeju1.jpg\" alt=\"\" width=\"960\" height=\"660\" \/><p id=\"caption-attachment-3927\" class=\"wp-caption-text\">Objeto fotografado a partir da Rodovia PA-47, nas proximidades da Fazenda Jeju, na regi\u00e3o de Pi\u00e7arreira, em S\u00e3o Domingos do Capim (PA), em 16 de dezembro de 1977, \u00e0s 23h50. O objeto estava a 4.000 metros de altitude e a 2.500 metros de dist\u00e2ncia. O objeto seguiu rumo Sudeste\/Noroeste.<\/p><\/div>\n<p>&nbsp;<\/p>\n<div id=\"attachment_3928\" style=\"width: 970px\" class=\"wp-caption aligncenter\"><img aria-describedby=\"caption-attachment-3928\" loading=\"lazy\" class=\"wp-image-3928 size-full\" src=\"https:\/\/www.fenomenum.com.br\/novo\/wp-content\/uploads\/2022\/03\/Jeju2.jpg\" alt=\"\" width=\"960\" height=\"720\" \/><p id=\"caption-attachment-3928\" class=\"wp-caption-text\">Objeto fotografado a partir da Rodovia PA-47, nas proximidades da Fazenda Jeju, na regi\u00e3o de Pi\u00e7arreira, em S\u00e3o Domingos do Capim (PA), em 16 de dezembro de 1977, \u00e0s 23h50. O objeto estava a 2.000 metros de altitude e a 1.000 metros de dist\u00e2ncia. O objeto seguiu rumo Sudeste\/Noroeste.<\/p><\/div>\n<p>&nbsp;<\/p>\n<div id=\"attachment_3930\" style=\"width: 970px\" class=\"wp-caption aligncenter\"><img aria-describedby=\"caption-attachment-3930\" loading=\"lazy\" class=\"wp-image-3930 size-full\" src=\"https:\/\/www.fenomenum.com.br\/novo\/wp-content\/uploads\/2022\/03\/Jeju3.jpg\" alt=\"\" width=\"960\" height=\"720\" \/><p id=\"caption-attachment-3930\" class=\"wp-caption-text\">Objeto fotografado a partir da Rodovia PA-47, nas proximidades da Fazenda Jeju, na regi\u00e3o de Pi\u00e7arreira, em S\u00e3o Domingos do Capim (PA), em 17 de dezembro de 1977, \u00e0s 00h30. O objeto estava a 200 metros de altitude e a 300 metros de dist\u00e2ncia.<\/p><\/div>\n<p>&nbsp;<\/p>\n<div id=\"attachment_3931\" style=\"width: 970px\" class=\"wp-caption aligncenter\"><img aria-describedby=\"caption-attachment-3931\" loading=\"lazy\" class=\"wp-image-3931 size-full\" src=\"https:\/\/www.fenomenum.com.br\/novo\/wp-content\/uploads\/2022\/03\/Jeju4.jpg\" alt=\"\" width=\"960\" height=\"708\" \/><p id=\"caption-attachment-3931\" class=\"wp-caption-text\">Objeto fotografado a partir da Rodovia PA-47, nas proximidades da Fazenda Jeju, na regi\u00e3o de Pi\u00e7arreira, em S\u00e3o Domingos do Capim (PA), em 17 de dezembro de 1977, \u00e0s 00h30. O objeto estava a 200 metros de altitude e a 300 metros de dist\u00e2ncia.<\/p><\/div>\n<p>&nbsp;<\/p>\n<div id=\"attachment_3932\" style=\"width: 970px\" class=\"wp-caption alignnone\"><img aria-describedby=\"caption-attachment-3932\" loading=\"lazy\" class=\"wp-image-3932 size-full\" src=\"https:\/\/www.fenomenum.com.br\/novo\/wp-content\/uploads\/2022\/03\/Jeju5.jpg\" alt=\"\" width=\"960\" height=\"708\" \/><p id=\"caption-attachment-3932\" class=\"wp-caption-text\">Objeto fotografado a partir da Rodovia PA-47, nas proximidades da Fazenda Jeju, na regi\u00e3o de Pi\u00e7arreira, em S\u00e3o Domingos do Capim (PA), em 17 de dezembro de 1977, \u00e0s 00h30. O objeto estava a 200 metros de altitude e a 300 metros de dist\u00e2ncia.<\/p><\/div>\n<p>&nbsp;<\/p>\n<div id=\"attachment_3933\" style=\"width: 945px\" class=\"wp-caption aligncenter\"><img aria-describedby=\"caption-attachment-3933\" loading=\"lazy\" class=\"wp-image-3933 size-full\" src=\"https:\/\/www.fenomenum.com.br\/novo\/wp-content\/uploads\/2022\/03\/Jeju6.jpg\" alt=\"\" width=\"935\" height=\"718\" \/><p id=\"caption-attachment-3933\" class=\"wp-caption-text\">Objeto fotografado a partir da Rodovia PA-47, nas proximidades da Fazenda Jeju, na regi\u00e3o de Pi\u00e7arreira, em S\u00e3o Domingos do Capim (PA), em 17 de dezembro de 1977, \u00e0s 00h30. O objeto estava a 200 metros de altitude e a 300 metros de dist\u00e2ncia.<\/p><\/div>\n<p>&nbsp;<\/p>\n<div id=\"attachment_3934\" style=\"width: 845px\" class=\"wp-caption aligncenter\"><img aria-describedby=\"caption-attachment-3934\" loading=\"lazy\" class=\"wp-image-3934 size-full\" src=\"https:\/\/www.fenomenum.com.br\/novo\/wp-content\/uploads\/2022\/03\/Jeju7.jpg\" alt=\"\" width=\"835\" height=\"720\" \/><p id=\"caption-attachment-3934\" class=\"wp-caption-text\">Objeto fotografado a partir da Rodovia PA-47, nas proximidades da Fazenda Jeju, na regi\u00e3o de Pi\u00e7arreira, em S\u00e3o Domingos do Capim (PA), em 17 de dezembro de 1977, \u00e0s 00h30. O objeto estava a 200 metros de altitude e a 300 metros de dist\u00e2ncia.<\/p><\/div>\n<p>&nbsp;<\/p>\n<div id=\"attachment_3935\" style=\"width: 968px\" class=\"wp-caption aligncenter\"><img aria-describedby=\"caption-attachment-3935\" loading=\"lazy\" class=\"wp-image-3935 size-full\" src=\"https:\/\/www.fenomenum.com.br\/novo\/wp-content\/uploads\/2022\/03\/Jeju8.jpg\" alt=\"\" width=\"958\" height=\"719\" \/><p id=\"caption-attachment-3935\" class=\"wp-caption-text\">Objeto fotografado a partir da Rodovia PA-47, nas proximidades da Fazenda Jeju, na regi\u00e3o de Pi\u00e7arreira, em S\u00e3o Domingos do Capim (PA), em 17 de dezembro de 1977, \u00e0s 00h30. O objeto estava a 200 metros de altitude e a 300 metros de dist\u00e2ncia.<\/p><\/div>\n<p>&nbsp;<\/p>\n<div id=\"attachment_3936\" style=\"width: 970px\" class=\"wp-caption aligncenter\"><img aria-describedby=\"caption-attachment-3936\" loading=\"lazy\" class=\"wp-image-3936 size-full\" src=\"https:\/\/www.fenomenum.com.br\/novo\/wp-content\/uploads\/2022\/03\/Jeju9.jpg\" alt=\"\" width=\"960\" height=\"714\" \/><p id=\"caption-attachment-3936\" class=\"wp-caption-text\">Objeto fotografado a partir da Rodovia PA-47, nas proximidades da Fazenda Jeju, na regi\u00e3o de Pi\u00e7arreira, em S\u00e3o Domingos do Capim (PA), em 17 de dezembro de 1977, \u00e0s 00h30. O objeto estava a 200 metros de altitude e a 300 metros de dist\u00e2ncia.<\/p><\/div>\n<p>&nbsp;<\/p>\n<div id=\"attachment_3937\" style=\"width: 944px\" class=\"wp-caption aligncenter\"><img aria-describedby=\"caption-attachment-3937\" loading=\"lazy\" class=\"wp-image-3937 size-full\" src=\"https:\/\/www.fenomenum.com.br\/novo\/wp-content\/uploads\/2022\/03\/Jeju10.jpg\" alt=\"\" width=\"934\" height=\"708\" \/><p id=\"caption-attachment-3937\" class=\"wp-caption-text\">Objeto fotografado a partir da Rodovia PA-47, nas proximidades da Fazenda Jeju, na regi\u00e3o de Pi\u00e7arreira, em S\u00e3o Domingos do Capim (PA), em 17 de dezembro de 1977, \u00e0s 00h30. O objeto estava a 200 metros de altitude e a 300 metros de dist\u00e2ncia.<\/p><\/div>\n<p>&nbsp;<\/p>\n<div id=\"attachment_3939\" style=\"width: 970px\" class=\"wp-caption aligncenter\"><img aria-describedby=\"caption-attachment-3939\" loading=\"lazy\" class=\"wp-image-3939 size-full\" src=\"https:\/\/www.fenomenum.com.br\/novo\/wp-content\/uploads\/2022\/03\/Mosqueiro11.jpg\" alt=\"\" width=\"960\" height=\"686\" \/><p id=\"caption-attachment-3939\" class=\"wp-caption-text\">Objeto fotografado em 22 de dezembro de 1977, \u00e0s 1h30. O objeto, que estava a 1.100 metros de altitude e a 1.000 metros de dist\u00e2ncia, deslocou-se em linha inicialmente reta, depois curvou, seguindo em dire\u00e7\u00e3o a Sudeste, em alt\u00edssima velocidade.<\/p><\/div>\n<p>&nbsp;<\/p>\n<div id=\"attachment_3941\" style=\"width: 970px\" class=\"wp-caption aligncenter\"><img aria-describedby=\"caption-attachment-3941\" loading=\"lazy\" class=\"wp-image-3941 size-full\" src=\"https:\/\/www.fenomenum.com.br\/novo\/wp-content\/uploads\/2022\/03\/Mosqueiro12.jpg\" alt=\"\" width=\"960\" height=\"708\" \/><p id=\"caption-attachment-3941\" class=\"wp-caption-text\">Fotografia obtida na Ba\u00eda do Sol, em Mosqueiro, em 20 de junho de 1978, por volta de 4h25. O objeto estava a 400 metros de altitude e a 1.500 metros de dist\u00e2ncia do fot\u00f3grafo. O OVNI movimentava-se em zig-zag, como se fosse sob a\u00e7\u00e3o de impulsos de curto per\u00edodo de tempo, com aumentos bruscos de intensidade luminosa.<\/p><\/div>\n<p>&nbsp;<\/p>\n<div id=\"attachment_3942\" style=\"width: 970px\" class=\"wp-caption aligncenter\"><img aria-describedby=\"caption-attachment-3942\" loading=\"lazy\" class=\"wp-image-3942 size-full\" src=\"https:\/\/www.fenomenum.com.br\/novo\/wp-content\/uploads\/2022\/03\/Mosqueiro13.jpg\" alt=\"\" width=\"960\" height=\"627\" \/><p id=\"caption-attachment-3942\" class=\"wp-caption-text\">Fotografia obtida na Ba\u00eda do Sol, em Mosqueiro, em 20 de junho de 1978, por volta de 4h25. O objeto estava a 400 metros de altitude e a 1.500 metros de dist\u00e2ncia do fot\u00f3grafo. O OVNI movimentava-se em zig-zag, como se fosse sob a\u00e7\u00e3o de impulsos de curto per\u00edodo de tempo, com aumentos bruscos de intensidade luminosa.<\/p><\/div>\n<p>&nbsp;<\/p>\n<div id=\"attachment_3943\" style=\"width: 965px\" class=\"wp-caption aligncenter\"><img aria-describedby=\"caption-attachment-3943\" loading=\"lazy\" class=\"wp-image-3943 size-full\" src=\"https:\/\/www.fenomenum.com.br\/novo\/wp-content\/uploads\/2022\/03\/Mosqueiro14.jpg\" alt=\"\" width=\"955\" height=\"718\" \/><p id=\"caption-attachment-3943\" class=\"wp-caption-text\">Fotografia obtida na Ba\u00eda do Sol, em Mosqueiro, em 20 de junho de 1978, por volta de 4h25. O objeto estava a 400 metros de altitude e a 1.500 metros de dist\u00e2ncia do fot\u00f3grafo. O OVNI movimentava-se em zig-zag, como se fosse sob a\u00e7\u00e3o de impulsos de curto per\u00edodo de tempo, com aumentos bruscos de intensidade luminosa.<\/p><\/div>\n<p>&nbsp;<\/p>\n<div id=\"attachment_3951\" style=\"width: 970px\" class=\"wp-caption aligncenter\"><img aria-describedby=\"caption-attachment-3951\" loading=\"lazy\" class=\"wp-image-3951 size-full\" src=\"https:\/\/www.fenomenum.com.br\/novo\/wp-content\/uploads\/2022\/03\/Ananindeua6.jpg\" alt=\"\" width=\"960\" height=\"293\" \/><p id=\"caption-attachment-3951\" class=\"wp-caption-text\">Frames de um filme feito em Super 8, obtido em 23 de fevereiro de 1978, no Rio Maguari , em Ananindeua (PA).<\/p><\/div>\n<p>&nbsp;<\/p>\n<div id=\"attachment_3952\" style=\"width: 970px\" class=\"wp-caption aligncenter\"><img aria-describedby=\"caption-attachment-3952\" loading=\"lazy\" class=\"wp-image-3952 size-full\" src=\"https:\/\/www.fenomenum.com.br\/novo\/wp-content\/uploads\/2022\/03\/Ananindeua7.jpg\" alt=\"\" width=\"960\" height=\"606\" \/><p id=\"caption-attachment-3952\" class=\"wp-caption-text\">Frames de um filme feito em Super 8, obtido em 23 de fevereiro de 1978, no Rio Maguari , em Ananindeua (PA).<\/p><\/div>\n<p>&nbsp;<\/p>\n<div id=\"attachment_3955\" style=\"width: 456px\" class=\"wp-caption aligncenter\"><img aria-describedby=\"caption-attachment-3955\" loading=\"lazy\" class=\"wp-image-3955 size-full\" src=\"https:\/\/www.fenomenum.com.br\/novo\/wp-content\/uploads\/2022\/03\/Ananindeua8-e1648064147546-1.jpg\" alt=\"\" width=\"446\" height=\"960\" srcset=\"https:\/\/www.fenomenum.com.br\/novo\/wp-content\/uploads\/2022\/03\/Ananindeua8-e1648064147546-1.jpg 446w, https:\/\/www.fenomenum.com.br\/novo\/wp-content\/uploads\/2022\/03\/Ananindeua8-e1648064147546-1-400x861.jpg 400w, https:\/\/www.fenomenum.com.br\/novo\/wp-content\/uploads\/2022\/03\/Ananindeua8-e1648064147546-1-250x538.jpg 250w, https:\/\/www.fenomenum.com.br\/novo\/wp-content\/uploads\/2022\/03\/Ananindeua8-e1648064147546-1-150x323.jpg 150w, https:\/\/www.fenomenum.com.br\/novo\/wp-content\/uploads\/2022\/03\/Ananindeua8-e1648064147546-1-50x108.jpg 50w, https:\/\/www.fenomenum.com.br\/novo\/wp-content\/uploads\/2022\/03\/Ananindeua8-e1648064147546-1-100x215.jpg 100w, https:\/\/www.fenomenum.com.br\/novo\/wp-content\/uploads\/2022\/03\/Ananindeua8-e1648064147546-1-200x430.jpg 200w, https:\/\/www.fenomenum.com.br\/novo\/wp-content\/uploads\/2022\/03\/Ananindeua8-e1648064147546-1-300x646.jpg 300w, https:\/\/www.fenomenum.com.br\/novo\/wp-content\/uploads\/2022\/03\/Ananindeua8-e1648064147546-1-350x753.jpg 350w\" sizes=\"(max-width: 446px) 100vw, 446px\" \/><p id=\"caption-attachment-3955\" class=\"wp-caption-text\">Frames de um filme feito em Super 8, obtido em 14 de dezembro de 1977, no Rio Guajar\u00e1 , em Ananindeua (PA).<\/p><\/div>\n<p>&nbsp;<\/p>\n<div id=\"attachment_3956\" style=\"width: 970px\" class=\"wp-caption aligncenter\"><img aria-describedby=\"caption-attachment-3956\" loading=\"lazy\" class=\"wp-image-3956 size-full\" src=\"https:\/\/www.fenomenum.com.br\/novo\/wp-content\/uploads\/2022\/03\/Ananindeua9.jpg\" alt=\"\" width=\"960\" height=\"649\" \/><p id=\"caption-attachment-3956\" class=\"wp-caption-text\">Frames de um filme feito em Super 8, obtido em 14 de dezembro de 1977, no Rio Guajar\u00e1 , em Ananindeua (PA).<\/p><\/div>\n<p>&nbsp;<\/p>\n<div id=\"attachment_3958\" style=\"width: 970px\" class=\"wp-caption aligncenter\"><img aria-describedby=\"caption-attachment-3958\" loading=\"lazy\" class=\"wp-image-3958 size-full\" src=\"https:\/\/www.fenomenum.com.br\/novo\/wp-content\/uploads\/2022\/03\/Ananindeua10.jpg\" alt=\"\" width=\"960\" height=\"692\" \/><p id=\"caption-attachment-3958\" class=\"wp-caption-text\">Frames de um filme feito em Super 8, obtido em dezembro de 1977, no Rio Guajar\u00e1 , em Ananindeua (PA).<\/p><\/div>\n<p>&nbsp;<\/p>\n<div id=\"attachment_3959\" style=\"width: 970px\" class=\"wp-caption aligncenter\"><img aria-describedby=\"caption-attachment-3959\" loading=\"lazy\" class=\"wp-image-3959 size-full\" src=\"https:\/\/www.fenomenum.com.br\/novo\/wp-content\/uploads\/2022\/03\/Mosqueiro15.jpg\" alt=\"\" width=\"960\" height=\"556\" \/><p id=\"caption-attachment-3959\" class=\"wp-caption-text\">Fotografia de OVNI obtido na Ba\u00eda do Sol, em Mosqueiro, em outubro ou novembro de 1977. O objeto estava sobre a Vila da Ba\u00eda do Sol, sendo provavelmente uma sonda.<\/p><\/div>\n<p>&nbsp;<\/p>\n<div id=\"attachment_3961\" style=\"width: 970px\" class=\"wp-caption aligncenter\"><img aria-describedby=\"caption-attachment-3961\" loading=\"lazy\" class=\"wp-image-3961 size-full\" src=\"https:\/\/www.fenomenum.com.br\/novo\/wp-content\/uploads\/2022\/03\/Mosqueiro16.jpg\" alt=\"\" width=\"960\" height=\"667\" \/><p id=\"caption-attachment-3961\" class=\"wp-caption-text\">Fotografia de OVNI obtido na Ba\u00eda do Sol, em Mosqueiro, em outubro ou novembro de 1977. O objeto estava sobre a Vila da Ba\u00eda do Sol, sendo provavelmente uma sonda.<\/p><\/div>\n<p>&nbsp;<\/p>\n<div id=\"attachment_3962\" style=\"width: 970px\" class=\"wp-caption aligncenter\"><img aria-describedby=\"caption-attachment-3962\" loading=\"lazy\" class=\"wp-image-3962 size-full\" src=\"https:\/\/www.fenomenum.com.br\/novo\/wp-content\/uploads\/2022\/03\/Mosqueiro17.jpg\" alt=\"\" width=\"960\" height=\"699\" \/><p id=\"caption-attachment-3962\" class=\"wp-caption-text\">Fotografia de OVNI obtido na Ba\u00eda do Sol, em Mosqueiro, em outubro ou novembro de 1977. O objeto estava sobre a Vila da Ba\u00eda do Sol, sendo provavelmente uma sonda.<\/p><\/div>\n<p>&nbsp;<\/p>\n<div id=\"attachment_3963\" style=\"width: 970px\" class=\"wp-caption aligncenter\"><img aria-describedby=\"caption-attachment-3963\" loading=\"lazy\" class=\"wp-image-3963 size-full\" src=\"https:\/\/www.fenomenum.com.br\/novo\/wp-content\/uploads\/2022\/03\/Mosqueiro18.jpg\" alt=\"\" width=\"960\" height=\"695\" \/><p id=\"caption-attachment-3963\" class=\"wp-caption-text\">Fotografia de OVNI obtido na Ba\u00eda do Sol, em Mosqueiro, em outubro ou novembro de 1977. O objeto estava sobre a Vila da Ba\u00eda do Sol, sendo provavelmente uma sonda.<\/p><\/div>\n<p>&nbsp;<\/p>\n<div id=\"attachment_3964\" style=\"width: 910px\" class=\"wp-caption aligncenter\"><img aria-describedby=\"caption-attachment-3964\" loading=\"lazy\" class=\"wp-image-3964 size-full\" src=\"https:\/\/www.fenomenum.com.br\/novo\/wp-content\/uploads\/2022\/03\/Mosqueiro19.jpg\" alt=\"\" width=\"900\" height=\"720\" \/><p id=\"caption-attachment-3964\" class=\"wp-caption-text\">Fotografia de OVNI obtido na Ba\u00eda do Sol, em Mosqueiro, em outubro ou novembro de 1977. O objeto estava sobre a Vila da Ba\u00eda do Sol, sendo provavelmente uma sonda.<\/p><\/div>\n<p>&nbsp;<\/p>\n<div id=\"attachment_3966\" style=\"width: 970px\" class=\"wp-caption aligncenter\"><img aria-describedby=\"caption-attachment-3966\" loading=\"lazy\" class=\"wp-image-3966 size-full\" src=\"https:\/\/www.fenomenum.com.br\/novo\/wp-content\/uploads\/2022\/03\/Mosqueiro20.jpg\" alt=\"\" width=\"960\" height=\"713\" \/><p id=\"caption-attachment-3966\" class=\"wp-caption-text\">Fotografia de OVNI obtido na Ba\u00eda do Sol, em Mosqueiro, em outubro ou novembro de 1977. O objeto estava sobre a Vila da Ba\u00eda do Sol.<\/p><\/div>\n<p>&nbsp;<\/p>\n<div id=\"attachment_3967\" style=\"width: 970px\" class=\"wp-caption aligncenter\"><img aria-describedby=\"caption-attachment-3967\" loading=\"lazy\" class=\"wp-image-3967 size-full\" src=\"https:\/\/www.fenomenum.com.br\/novo\/wp-content\/uploads\/2022\/03\/Benevides.jpg\" alt=\"\" width=\"960\" height=\"720\" \/><p id=\"caption-attachment-3967\" class=\"wp-caption-text\">Objeto luminoso fotografado em Benevides (PA), em junho de 1978.<\/p><\/div>\n<p>&nbsp;<\/p>\n<div id=\"attachment_3969\" style=\"width: 608px\" class=\"wp-caption aligncenter\"><img aria-describedby=\"caption-attachment-3969\" loading=\"lazy\" class=\"wp-image-3969 size-full\" src=\"https:\/\/www.fenomenum.com.br\/novo\/wp-content\/uploads\/2022\/03\/baiadosol1-e1648065731314-1.jpg\" alt=\"\" width=\"598\" height=\"960\" srcset=\"https:\/\/www.fenomenum.com.br\/novo\/wp-content\/uploads\/2022\/03\/baiadosol1-e1648065731314-1.jpg 598w, https:\/\/www.fenomenum.com.br\/novo\/wp-content\/uploads\/2022\/03\/baiadosol1-e1648065731314-1-400x642.jpg 400w, https:\/\/www.fenomenum.com.br\/novo\/wp-content\/uploads\/2022\/03\/baiadosol1-e1648065731314-1-250x401.jpg 250w, https:\/\/www.fenomenum.com.br\/novo\/wp-content\/uploads\/2022\/03\/baiadosol1-e1648065731314-1-150x241.jpg 150w, https:\/\/www.fenomenum.com.br\/novo\/wp-content\/uploads\/2022\/03\/baiadosol1-e1648065731314-1-50x80.jpg 50w, https:\/\/www.fenomenum.com.br\/novo\/wp-content\/uploads\/2022\/03\/baiadosol1-e1648065731314-1-100x161.jpg 100w, https:\/\/www.fenomenum.com.br\/novo\/wp-content\/uploads\/2022\/03\/baiadosol1-e1648065731314-1-200x321.jpg 200w, https:\/\/www.fenomenum.com.br\/novo\/wp-content\/uploads\/2022\/03\/baiadosol1-e1648065731314-1-300x482.jpg 300w, https:\/\/www.fenomenum.com.br\/novo\/wp-content\/uploads\/2022\/03\/baiadosol1-e1648065731314-1-350x562.jpg 350w, https:\/\/www.fenomenum.com.br\/novo\/wp-content\/uploads\/2022\/03\/baiadosol1-e1648065731314-1-450x722.jpg 450w, https:\/\/www.fenomenum.com.br\/novo\/wp-content\/uploads\/2022\/03\/baiadosol1-e1648065731314-1-500x803.jpg 500w, https:\/\/www.fenomenum.com.br\/novo\/wp-content\/uploads\/2022\/03\/baiadosol1-e1648065731314-1-550x883.jpg 550w\" sizes=\"(max-width: 598px) 100vw, 598px\" \/><p id=\"caption-attachment-3969\" class=\"wp-caption-text\">Objeto luminoso fotografado na Ba\u00eda do Sol, em 22 de junho de 1978.<\/p><\/div>\n<p>&nbsp;<\/p>\n<div id=\"attachment_3970\" style=\"width: 730px\" class=\"wp-caption aligncenter\"><img aria-describedby=\"caption-attachment-3970\" loading=\"lazy\" class=\"wp-image-3970 size-full\" src=\"https:\/\/www.fenomenum.com.br\/novo\/wp-content\/uploads\/2022\/03\/baiadosol2-e1648065743811-1.jpg\" alt=\"\" width=\"720\" height=\"898\" srcset=\"https:\/\/www.fenomenum.com.br\/novo\/wp-content\/uploads\/2022\/03\/baiadosol2-e1648065743811-1.jpg 720w, https:\/\/www.fenomenum.com.br\/novo\/wp-content\/uploads\/2022\/03\/baiadosol2-e1648065743811-1-400x499.jpg 400w, https:\/\/www.fenomenum.com.br\/novo\/wp-content\/uploads\/2022\/03\/baiadosol2-e1648065743811-1-650x811.jpg 650w, https:\/\/www.fenomenum.com.br\/novo\/wp-content\/uploads\/2022\/03\/baiadosol2-e1648065743811-1-250x312.jpg 250w, https:\/\/www.fenomenum.com.br\/novo\/wp-content\/uploads\/2022\/03\/baiadosol2-e1648065743811-1-150x187.jpg 150w, https:\/\/www.fenomenum.com.br\/novo\/wp-content\/uploads\/2022\/03\/baiadosol2-e1648065743811-1-50x62.jpg 50w, https:\/\/www.fenomenum.com.br\/novo\/wp-content\/uploads\/2022\/03\/baiadosol2-e1648065743811-1-100x125.jpg 100w, https:\/\/www.fenomenum.com.br\/novo\/wp-content\/uploads\/2022\/03\/baiadosol2-e1648065743811-1-200x249.jpg 200w, https:\/\/www.fenomenum.com.br\/novo\/wp-content\/uploads\/2022\/03\/baiadosol2-e1648065743811-1-300x374.jpg 300w, https:\/\/www.fenomenum.com.br\/novo\/wp-content\/uploads\/2022\/03\/baiadosol2-e1648065743811-1-350x437.jpg 350w, https:\/\/www.fenomenum.com.br\/novo\/wp-content\/uploads\/2022\/03\/baiadosol2-e1648065743811-1-450x561.jpg 450w, https:\/\/www.fenomenum.com.br\/novo\/wp-content\/uploads\/2022\/03\/baiadosol2-e1648065743811-1-500x624.jpg 500w, https:\/\/www.fenomenum.com.br\/novo\/wp-content\/uploads\/2022\/03\/baiadosol2-e1648065743811-1-550x686.jpg 550w\" sizes=\"(max-width: 720px) 100vw, 720px\" \/><p id=\"caption-attachment-3970\" class=\"wp-caption-text\">Objeto luminoso fotografado na Ba\u00eda do Sol, em 22 de junho de 1978.<\/p><\/div>\n<p>&nbsp;<\/p>\n<div id=\"attachment_3971\" style=\"width: 970px\" class=\"wp-caption aligncenter\"><img aria-describedby=\"caption-attachment-3971\" loading=\"lazy\" class=\"wp-image-3971 size-full\" src=\"https:\/\/www.fenomenum.com.br\/novo\/wp-content\/uploads\/2022\/03\/baiadosol3.jpg\" alt=\"\" width=\"960\" height=\"478\" \/><p id=\"caption-attachment-3971\" class=\"wp-caption-text\">Objeto luminoso de grandes dimens\u00f5es fotografado na Ba\u00eda do Sol, em junho de 1978. Em certo momento, o objeto maior liberou um objeto menor.<\/p><\/div>\n<p>&nbsp;<\/p>\n<div id=\"attachment_3972\" style=\"width: 969px\" class=\"wp-caption aligncenter\"><img aria-describedby=\"caption-attachment-3972\" loading=\"lazy\" class=\"wp-image-3972 size-full\" src=\"https:\/\/www.fenomenum.com.br\/novo\/wp-content\/uploads\/2022\/03\/baiadosol4.jpg\" alt=\"\" width=\"959\" height=\"610\" \/><p id=\"caption-attachment-3972\" class=\"wp-caption-text\">Objeto luminoso de grandes dimens\u00f5es fotografado na Ba\u00eda do Sol, em junho de 1978. Em certo momento, o objeto maior liberou um objeto menor.<\/p><\/div>\n<p>&nbsp;<\/p>\n<div id=\"attachment_3973\" style=\"width: 970px\" class=\"wp-caption aligncenter\"><img aria-describedby=\"caption-attachment-3973\" loading=\"lazy\" class=\"wp-image-3973 size-full\" src=\"https:\/\/www.fenomenum.com.br\/novo\/wp-content\/uploads\/2022\/03\/baiadosol5.jpg\" alt=\"\" width=\"960\" height=\"681\" \/><p id=\"caption-attachment-3973\" class=\"wp-caption-text\">Objeto luminoso de grandes dimens\u00f5es fotografado na Ba\u00eda do Sol, em junho de 1978. Em certo momento, o objeto maior liberou um objeto menor.<\/p><\/div>\n<p>&nbsp;<\/p>\n<div id=\"attachment_3974\" style=\"width: 970px\" class=\"wp-caption aligncenter\"><img aria-describedby=\"caption-attachment-3974\" loading=\"lazy\" class=\"wp-image-3974 size-full\" src=\"https:\/\/www.fenomenum.com.br\/novo\/wp-content\/uploads\/2022\/03\/baiadosol6.jpg\" alt=\"\" width=\"960\" height=\"645\" \/><p id=\"caption-attachment-3974\" class=\"wp-caption-text\">Objeto luminoso de grandes dimens\u00f5es fotografado na Ba\u00eda do Sol, em junho de 1978. Em certo momento, o objeto maior liberou um objeto menor.<\/p><\/div>\n<p>&nbsp;<\/p>\n<div id=\"attachment_3976\" style=\"width: 970px\" class=\"wp-caption aligncenter\"><img aria-describedby=\"caption-attachment-3976\" loading=\"lazy\" class=\"wp-image-3976 size-full\" src=\"https:\/\/www.fenomenum.com.br\/novo\/wp-content\/uploads\/2022\/03\/baiadosol7.jpg\" alt=\"\" width=\"960\" height=\"649\" \/><p id=\"caption-attachment-3976\" class=\"wp-caption-text\">Objeto luminoso de grandes dimens\u00f5es fotografado na Ba\u00eda do Sol, em 16 de junho de 1978.<\/p><\/div>\n<p>&nbsp;<\/p>\n<div id=\"attachment_3977\" style=\"width: 970px\" class=\"wp-caption aligncenter\"><img aria-describedby=\"caption-attachment-3977\" loading=\"lazy\" class=\"wp-image-3977 size-full\" src=\"https:\/\/www.fenomenum.com.br\/novo\/wp-content\/uploads\/2022\/03\/baiadosol8.jpg\" alt=\"\" width=\"960\" height=\"679\" \/><p id=\"caption-attachment-3977\" class=\"wp-caption-text\">Objeto luminoso de grandes dimens\u00f5es fotografado na Ba\u00eda do Sol, em 16 de junho de 1978.<\/p><\/div>\n<p>&nbsp;<\/p>\n<div id=\"attachment_3978\" style=\"width: 970px\" class=\"wp-caption aligncenter\"><img aria-describedby=\"caption-attachment-3978\" loading=\"lazy\" class=\"wp-image-3978 size-full\" src=\"https:\/\/www.fenomenum.com.br\/novo\/wp-content\/uploads\/2022\/03\/baiadosol9.jpg\" alt=\"\" width=\"960\" height=\"699\" \/><p id=\"caption-attachment-3978\" class=\"wp-caption-text\">Objeto luminoso de grandes dimens\u00f5es fotografado na Ba\u00eda do Sol, em junho de 1978. Do objeto maior saem outros menores.<\/p><\/div>\n<p>&nbsp;<\/p>\n<div id=\"attachment_3980\" style=\"width: 963px\" class=\"wp-caption aligncenter\"><img aria-describedby=\"caption-attachment-3980\" loading=\"lazy\" class=\"wp-image-3980 size-full\" src=\"https:\/\/www.fenomenum.com.br\/novo\/wp-content\/uploads\/2022\/03\/baiadosol10.jpg\" alt=\"\" width=\"953\" height=\"720\" \/><p id=\"caption-attachment-3980\" class=\"wp-caption-text\">Objeto luminoso de grandes dimens\u00f5es fotografado na Ba\u00eda do Sol, em junho de 1978.<\/p><\/div>\n<p>&nbsp;<\/p>\n<div id=\"attachment_3981\" style=\"width: 970px\" class=\"wp-caption aligncenter\"><img aria-describedby=\"caption-attachment-3981\" loading=\"lazy\" class=\"wp-image-3981 size-full\" src=\"https:\/\/www.fenomenum.com.br\/novo\/wp-content\/uploads\/2022\/03\/baiadosol11.jpg\" alt=\"\" width=\"960\" height=\"618\" \/><p id=\"caption-attachment-3981\" class=\"wp-caption-text\">Objeto luminoso de grandes dimens\u00f5es fotografado na Ba\u00eda do Sol, em novembro de 1977.<\/p><\/div>\n<p>&nbsp;<\/p>\n<div id=\"attachment_3982\" style=\"width: 970px\" class=\"wp-caption aligncenter\"><img aria-describedby=\"caption-attachment-3982\" loading=\"lazy\" class=\"wp-image-3982 size-full\" src=\"https:\/\/www.fenomenum.com.br\/novo\/wp-content\/uploads\/2022\/03\/baiadosol12.jpg\" alt=\"\" width=\"960\" height=\"720\" \/><p id=\"caption-attachment-3982\" class=\"wp-caption-text\">Objeto luminoso de grandes dimens\u00f5es fotografado na Ba\u00eda do Sol, em 20 de junho de 1978.<\/p><\/div>\n<p>&nbsp;<\/p>\n<div id=\"attachment_3983\" style=\"width: 970px\" class=\"wp-caption aligncenter\"><img aria-describedby=\"caption-attachment-3983\" loading=\"lazy\" class=\"wp-image-3983 size-full\" src=\"https:\/\/www.fenomenum.com.br\/novo\/wp-content\/uploads\/2022\/03\/baiadosol13.jpg\" alt=\"\" width=\"960\" height=\"640\" \/><p id=\"caption-attachment-3983\" class=\"wp-caption-text\">Objeto luminoso fotografado na Ba\u00eda do Sol, em dezembro de 1977.<\/p><\/div>\n<p>&nbsp;<\/p>\n<div id=\"attachment_3984\" style=\"width: 970px\" class=\"wp-caption aligncenter\"><img aria-describedby=\"caption-attachment-3984\" loading=\"lazy\" class=\"wp-image-3984 size-full\" src=\"https:\/\/www.fenomenum.com.br\/novo\/wp-content\/uploads\/2022\/03\/baiadosol14.jpg\" alt=\"\" width=\"960\" height=\"684\" \/><p id=\"caption-attachment-3984\" class=\"wp-caption-text\">Objeto luminoso fotografado na Ba\u00eda do Sol, em dezembro de 1977.<\/p><\/div>\n<p>&nbsp;<\/p>\n<div id=\"attachment_3985\" style=\"width: 970px\" class=\"wp-caption aligncenter\"><img aria-describedby=\"caption-attachment-3985\" loading=\"lazy\" class=\"wp-image-3985 size-full\" src=\"https:\/\/www.fenomenum.com.br\/novo\/wp-content\/uploads\/2022\/03\/baiadosol15.jpg\" alt=\"\" width=\"960\" height=\"627\" \/><p id=\"caption-attachment-3985\" class=\"wp-caption-text\">Objeto luminoso fotografado na Ba\u00eda do Sol, em dezembro de 1977.<\/p><\/div>\n<p>&nbsp;<\/p>\n<div id=\"attachment_3986\" style=\"width: 970px\" class=\"wp-caption aligncenter\"><img aria-describedby=\"caption-attachment-3986\" loading=\"lazy\" class=\"wp-image-3986 size-full\" src=\"https:\/\/www.fenomenum.com.br\/novo\/wp-content\/uploads\/2022\/03\/baiadosol16.jpg\" alt=\"\" width=\"960\" height=\"720\" \/><p id=\"caption-attachment-3986\" class=\"wp-caption-text\">Objeto luminoso fotografado na Ba\u00eda do Sol, em novembro ou dezembro de 1977.<\/p><\/div>\n<p>&nbsp;<\/p>\n<div id=\"attachment_3987\" style=\"width: 970px\" class=\"wp-caption aligncenter\"><img aria-describedby=\"caption-attachment-3987\" loading=\"lazy\" class=\"wp-image-3987 size-full\" src=\"https:\/\/www.fenomenum.com.br\/novo\/wp-content\/uploads\/2022\/03\/baiadosol17.jpg\" alt=\"\" width=\"960\" height=\"720\" \/><p id=\"caption-attachment-3987\" class=\"wp-caption-text\">Objeto luminoso fotografado na Ba\u00eda do Sol, em novembro ou dezembro de 1977.<\/p><\/div>\n<p>&nbsp;<\/p>\n<div id=\"attachment_3988\" style=\"width: 970px\" class=\"wp-caption aligncenter\"><img aria-describedby=\"caption-attachment-3988\" loading=\"lazy\" class=\"wp-image-3988 size-full\" src=\"https:\/\/www.fenomenum.com.br\/novo\/wp-content\/uploads\/2022\/03\/baiadosol18.jpg\" alt=\"\" width=\"960\" height=\"709\" \/><p id=\"caption-attachment-3988\" class=\"wp-caption-text\">Objeto luminoso fotografado na Ba\u00eda do Sol, em novembro ou dezembro de 1977.<\/p><\/div>\n<p>&nbsp;<\/p>\n<div id=\"attachment_3990\" style=\"width: 970px\" class=\"wp-caption aligncenter\"><img aria-describedby=\"caption-attachment-3990\" loading=\"lazy\" class=\"wp-image-3990 size-full\" src=\"https:\/\/www.fenomenum.com.br\/novo\/wp-content\/uploads\/2022\/03\/Ananindeua11.jpg\" alt=\"\" width=\"960\" height=\"661\" \/><p id=\"caption-attachment-3990\" class=\"wp-caption-text\">Frame de filme obtido em Benevides (PA), em dezembro de 1977.<\/p><\/div>\n<p>&nbsp;<\/p>\n<div id=\"attachment_3992\" style=\"width: 970px\" class=\"wp-caption aligncenter\"><img aria-describedby=\"caption-attachment-3992\" loading=\"lazy\" class=\"wp-image-3992 size-full\" src=\"https:\/\/www.fenomenum.com.br\/novo\/wp-content\/uploads\/2022\/03\/Benevides2.jpg\" alt=\"\" width=\"960\" height=\"650\" \/><p id=\"caption-attachment-3992\" class=\"wp-caption-text\">Objeto luminoso de grandes dimens\u00f5es fotografado na Ba\u00eda do Sol, em julho de 1978.<\/p><\/div>\n<p>&nbsp;<\/p>\n<div id=\"attachment_3993\" style=\"width: 902px\" class=\"wp-caption aligncenter\"><img aria-describedby=\"caption-attachment-3993\" loading=\"lazy\" class=\"wp-image-3993 size-full\" src=\"https:\/\/www.fenomenum.com.br\/novo\/wp-content\/uploads\/2022\/03\/baiadosol19.jpg\" alt=\"\" width=\"892\" height=\"720\" \/><p id=\"caption-attachment-3993\" class=\"wp-caption-text\">Objeto luminoso fotografado na Ba\u00eda do Sol, em dezembro de 1977.<\/p><\/div>\n<p>&nbsp;<\/p>\n<div id=\"attachment_3994\" style=\"width: 730px\" class=\"wp-caption aligncenter\"><img aria-describedby=\"caption-attachment-3994\" loading=\"lazy\" class=\"wp-image-3994 size-full\" src=\"https:\/\/www.fenomenum.com.br\/novo\/wp-content\/uploads\/2022\/03\/baiadosol21-e1648067376844-1.jpg\" alt=\"\" width=\"720\" height=\"947\" srcset=\"https:\/\/www.fenomenum.com.br\/novo\/wp-content\/uploads\/2022\/03\/baiadosol21-e1648067376844-1.jpg 720w, https:\/\/www.fenomenum.com.br\/novo\/wp-content\/uploads\/2022\/03\/baiadosol21-e1648067376844-1-400x526.jpg 400w, https:\/\/www.fenomenum.com.br\/novo\/wp-content\/uploads\/2022\/03\/baiadosol21-e1648067376844-1-650x855.jpg 650w, https:\/\/www.fenomenum.com.br\/novo\/wp-content\/uploads\/2022\/03\/baiadosol21-e1648067376844-1-250x329.jpg 250w, https:\/\/www.fenomenum.com.br\/novo\/wp-content\/uploads\/2022\/03\/baiadosol21-e1648067376844-1-150x197.jpg 150w, https:\/\/www.fenomenum.com.br\/novo\/wp-content\/uploads\/2022\/03\/baiadosol21-e1648067376844-1-50x66.jpg 50w, https:\/\/www.fenomenum.com.br\/novo\/wp-content\/uploads\/2022\/03\/baiadosol21-e1648067376844-1-100x132.jpg 100w, https:\/\/www.fenomenum.com.br\/novo\/wp-content\/uploads\/2022\/03\/baiadosol21-e1648067376844-1-200x263.jpg 200w, https:\/\/www.fenomenum.com.br\/novo\/wp-content\/uploads\/2022\/03\/baiadosol21-e1648067376844-1-300x395.jpg 300w, https:\/\/www.fenomenum.com.br\/novo\/wp-content\/uploads\/2022\/03\/baiadosol21-e1648067376844-1-350x460.jpg 350w, https:\/\/www.fenomenum.com.br\/novo\/wp-content\/uploads\/2022\/03\/baiadosol21-e1648067376844-1-450x592.jpg 450w, https:\/\/www.fenomenum.com.br\/novo\/wp-content\/uploads\/2022\/03\/baiadosol21-e1648067376844-1-500x658.jpg 500w, https:\/\/www.fenomenum.com.br\/novo\/wp-content\/uploads\/2022\/03\/baiadosol21-e1648067376844-1-550x723.jpg 550w\" sizes=\"(max-width: 720px) 100vw, 720px\" \/><p id=\"caption-attachment-3994\" class=\"wp-caption-text\">Objeto luminoso fotografado na Ba\u00eda do Sol, em dezembro de 1977.<\/p><\/div>\n<p>&nbsp;<\/p>\n<div id=\"attachment_3995\" style=\"width: 863px\" class=\"wp-caption aligncenter\"><img aria-describedby=\"caption-attachment-3995\" loading=\"lazy\" class=\"wp-image-3995 size-full\" src=\"https:\/\/www.fenomenum.com.br\/novo\/wp-content\/uploads\/2022\/03\/baiadpsol22.jpg\" alt=\"\" width=\"853\" height=\"720\" \/><p id=\"caption-attachment-3995\" class=\"wp-caption-text\">Objeto luminoso fotografado na Ba\u00eda do Sol, em dezembro de 1977.<\/p><\/div>\n<p>&nbsp;<\/p>\n<div id=\"attachment_3996\" style=\"width: 959px\" class=\"wp-caption aligncenter\"><img aria-describedby=\"caption-attachment-3996\" loading=\"lazy\" class=\"wp-image-3996 size-full\" src=\"https:\/\/www.fenomenum.com.br\/novo\/wp-content\/uploads\/2022\/03\/baixadosol20.jpg\" alt=\"\" width=\"949\" height=\"720\" \/><p id=\"caption-attachment-3996\" class=\"wp-caption-text\">Objeto luminoso fotografado na Ba\u00eda do Sol, em dezembro de 1977.<\/p><\/div>\n<p>&nbsp;<\/p>\n<div id=\"attachment_3998\" style=\"width: 970px\" class=\"wp-caption aligncenter\"><img aria-describedby=\"caption-attachment-3998\" loading=\"lazy\" class=\"wp-image-3998 size-full\" src=\"https:\/\/www.fenomenum.com.br\/novo\/wp-content\/uploads\/2022\/03\/baiadosol23.jpg\" alt=\"\" width=\"960\" height=\"627\" \/><p id=\"caption-attachment-3998\" class=\"wp-caption-text\">Objeto luminoso fotografado na Ba\u00eda do Sol, em dezembro de 1977.<\/p><\/div>\n<p>&nbsp;<\/p>\n<div id=\"attachment_3999\" style=\"width: 970px\" class=\"wp-caption aligncenter\"><img aria-describedby=\"caption-attachment-3999\" loading=\"lazy\" class=\"wp-image-3999 size-full\" src=\"https:\/\/www.fenomenum.com.br\/novo\/wp-content\/uploads\/2022\/03\/baiadosol24.jpg\" alt=\"\" width=\"960\" height=\"626\" \/><p id=\"caption-attachment-3999\" class=\"wp-caption-text\">Objeto luminoso fotografado na Ba\u00eda do Sol, em dezembro de 1977.<\/p><\/div>\n<p>&nbsp;<\/p>\n<div id=\"attachment_4000\" style=\"width: 970px\" class=\"wp-caption aligncenter\"><img aria-describedby=\"caption-attachment-4000\" loading=\"lazy\" class=\"wp-image-4000 size-full\" src=\"https:\/\/www.fenomenum.com.br\/novo\/wp-content\/uploads\/2022\/03\/baiadosol25.jpg\" alt=\"\" width=\"960\" height=\"720\" \/><p id=\"caption-attachment-4000\" class=\"wp-caption-text\">Objeto luminoso fotografado na Ba\u00eda do Sol, em junho de 1978.<\/p><\/div>\n<p>&nbsp;<\/p>\n<div id=\"attachment_4001\" style=\"width: 916px\" class=\"wp-caption aligncenter\"><img aria-describedby=\"caption-attachment-4001\" loading=\"lazy\" class=\"wp-image-4001 size-full\" src=\"https:\/\/www.fenomenum.com.br\/novo\/wp-content\/uploads\/2022\/03\/baiadosol26.jpg\" alt=\"\" width=\"906\" height=\"720\" \/><p id=\"caption-attachment-4001\" class=\"wp-caption-text\">Objeto luminoso fotografado na Ba\u00eda do Sol, em junho de 1978.<\/p><\/div>\n<p>&nbsp;<\/p>\n<div id=\"attachment_4002\" style=\"width: 576px\" class=\"wp-caption aligncenter\"><img aria-describedby=\"caption-attachment-4002\" loading=\"lazy\" class=\"wp-image-4002 size-full\" src=\"https:\/\/www.fenomenum.com.br\/novo\/wp-content\/uploads\/2022\/03\/Ananindeua12.jpg\" alt=\"\" width=\"566\" height=\"720\" \/><p id=\"caption-attachment-4002\" class=\"wp-caption-text\">Frame de filmagem de UFO feita no Rio Guajar\u00e1, em Ananindeua (PA), em Dezembro de 1977.<\/p><\/div>\n<p>&nbsp;<\/p>\n<div id=\"attachment_4004\" style=\"width: 925px\" class=\"wp-caption aligncenter\"><img aria-describedby=\"caption-attachment-4004\" loading=\"lazy\" class=\"wp-image-4004 size-full\" src=\"https:\/\/www.fenomenum.com.br\/novo\/wp-content\/uploads\/2022\/03\/Jeju11.jpg\" alt=\"\" width=\"915\" height=\"720\" \/><p id=\"caption-attachment-4004\" class=\"wp-caption-text\">Objeto fotografado a partir da Rodovia PA-47, nas proximidades da Fazenda Jeju, na regi\u00e3o de Pi\u00e7arreira, em S\u00e3o Domingos do Capim (PA), em 16 de dezembro de 1977, \u00e0s 23h50. O objeto estava a 4.000 metros de altitude e a 2.500 metros de dist\u00e2ncia. O objeto seguiu rumo Sudeste\/Noroeste.<\/p><\/div>\n<p>&nbsp;<\/p>\n<div id=\"attachment_4005\" style=\"width: 970px\" class=\"wp-caption aligncenter\"><img aria-describedby=\"caption-attachment-4005\" loading=\"lazy\" class=\"wp-image-4005 size-full\" src=\"https:\/\/www.fenomenum.com.br\/novo\/wp-content\/uploads\/2022\/03\/Ananindeua13.jpg\" alt=\"\" width=\"960\" height=\"672\" \/><p id=\"caption-attachment-4005\" class=\"wp-caption-text\">Frame de filmagem de UFO feita no Rio Guajar\u00e1, em Ananindeua (PA), em Dezembro de 1977.<\/p><\/div>\n<p>&nbsp;<\/p>\n<div id=\"attachment_4006\" style=\"width: 949px\" class=\"wp-caption aligncenter\"><img aria-describedby=\"caption-attachment-4006\" loading=\"lazy\" class=\"wp-image-4006 size-full\" src=\"https:\/\/www.fenomenum.com.br\/novo\/wp-content\/uploads\/2022\/03\/baiadosol27.jpg\" alt=\"\" width=\"939\" height=\"720\" \/><p id=\"caption-attachment-4006\" class=\"wp-caption-text\">Objeto luminoso fotografado na Ba\u00eda do Sol, em junho de 1978.<\/p><\/div>\n<p>&nbsp;<\/p>\n<div id=\"attachment_4007\" style=\"width: 970px\" class=\"wp-caption aligncenter\"><img aria-describedby=\"caption-attachment-4007\" loading=\"lazy\" class=\"wp-image-4007 size-full\" src=\"https:\/\/www.fenomenum.com.br\/novo\/wp-content\/uploads\/2022\/03\/baiadosol28.jpg\" alt=\"\" width=\"960\" height=\"677\" \/><p id=\"caption-attachment-4007\" class=\"wp-caption-text\">Objeto luminoso fotografado na Ba\u00eda do Sol, em junho de 1978.<\/p><\/div>\n<p>&nbsp;<\/p>\n<div id=\"attachment_4008\" style=\"width: 970px\" class=\"wp-caption aligncenter\"><img aria-describedby=\"caption-attachment-4008\" loading=\"lazy\" class=\"wp-image-4008 size-full\" src=\"https:\/\/www.fenomenum.com.br\/novo\/wp-content\/uploads\/2022\/03\/baiadosol29.jpg\" alt=\"\" width=\"960\" height=\"561\" \/><p id=\"caption-attachment-4008\" class=\"wp-caption-text\">Objeto luminoso fotografado na Ba\u00eda do Sol, em junho de 1978.<\/p><\/div>\n<p>&nbsp;<\/p>\n<p>Conhe\u00e7a este caso mais detalhadamente acessando nosso menu abaixo:<\/p>\n<hr \/>\n<h3><a title=\"Morte na Ilha do Carangueijo\" href=\"https:\/\/www.fenomenum.com.br\/chupa-chupa1\/\">Morte na Ilha do Caranguejo\u00a0<\/a><\/h3>\n<p><i>O Caso da Ilha do Caranguejo \u00e9 o marco inicial de uma onda de a\u00e7\u00f5es nocivas por parte de OVNIs, no Par\u00e1 e Maranh\u00e3o.<\/i><\/p>\n<hr \/>\n<h3><a title=\"O In\u00edcio do Fen\u00f4meno Chupa-Chupa\" href=\"https:\/\/www.fenomenum.com.br\/chupa-chupa2\/\">O In\u00edcio do Fen\u00f4meno Chupa-Chupa<\/a><\/h3>\n<p><em>O misterioso fen\u00f4meno Chupa-Chupa come\u00e7ou de forma mais intensa em meados de julho de 1977.<\/em><\/p>\n<hr \/>\n<h3><a title=\"A Fase Gurupi, do Chupa-Chupa\" href=\"https:\/\/www.fenomenum.com.br\/chupa-chupa3\/\">A Fase Gurupi, do Fen\u00f4meno Chupa-chupa<\/a><\/h3>\n<p><i>Na Fase Gurupi, os casos concentram-se na regi\u00e3o do Rio Gurupi, divisa entre Maranh\u00e3o e Par\u00e1. S\u00e3o Vicente Ferrer, Pinheiro e S\u00e3o Bento concentraram a maioria dos casos.<\/i><\/p>\n<hr \/>\n<h3><a title=\"O Fen\u00f4meno Chupa-chupa e a fase da Ba\u00eda do Sol\" href=\"https:\/\/www.fenomenum.com.br\/chupa-chupa4\/\">O Fen\u00f4meno Chupa-Chupa e a fase da Ba\u00eda do Sol<\/a><\/h3>\n<p><i>Com a evolu\u00e7\u00e3o do Fen\u00f4meno, as coisas tornaram-se mais calmas no Maranh\u00e3o e o foco das ocorr\u00eancias passou a ser o Norte do Par\u00e1, na chamada Fase da Ba\u00eda do Sol.<\/i><\/p>\n<hr \/>\n<h3><a title=\"A Opera\u00e7\u00e3o Prato\" href=\"https:\/\/www.fenomenum.com.br\/chupa-chupa5\/\">A Opera\u00e7\u00e3o Prato<\/a><\/h3>\n<p><em>Com a intensifica\u00e7\u00e3o dos casos, a For\u00e7a A\u00e9rea Brasileira iniciou uma opera\u00e7\u00e3o para investigar as estranhas ocorr\u00eancias.<\/em><\/p>\n<hr \/>\n<h3><a href=\"https:\/\/www.fenomenum.com.br\/chupa-chupa6\/\">Coronel Uyrang\u00ea Hollanda, comandante da Opera\u00e7\u00e3o Prato<\/a><\/h3>\n<p><em>Saiba mais sobre o Coronel Hollanda, comandante da Opera\u00e7\u00e3o Prato.<\/em><\/p>\n<hr \/>\n<h3><a title=\"Os Documentos Oficiais da Opera\u00e7\u00e3o Prato\" href=\"https:\/\/www.fenomenum.com.br\/chupa-chupa7\/\">Os Documentos Oficiais da Opera\u00e7\u00e3o Prato<\/a><\/h3>\n<p><em>A Opera\u00e7\u00e3o Prato, organizada pela For\u00e7a A\u00e9rea Brasileira para investigar os casos agressivos envolvendo UFOs ao norte do Par\u00e1 e Maranh\u00e3o, gerou farta documenta\u00e7\u00e3o.\u00a0<\/em><\/p>\n<hr \/>\n<h3><a title=\"Fotografias de UFOs Feitas Durante a Opera\u00e7\u00e3o Prato\" href=\"https:\/\/www.fenomenum.com.br\/chupa-chupa8\/\">As Fotografias da Opera\u00e7\u00e3o Prato<\/a><\/h3>\n<p><em>Conjunto de algumas das fotografias e frames de filmagens dos objetos envolvidos nos ataques.<\/em><\/p>\n<hr \/>\n<h3><a href=\"https:\/\/www.fenomenum.com.br\/8\/\">Caracter\u00edsticas e Padr\u00f5es do Chupa-Chupa<\/a><\/h3>\n<p><em>Padr\u00f5es e caracter\u00edsticas not\u00e1veis envolvendo o Chupa-Chupa.<\/em><\/p>\n<hr \/>\n<h3><a href=\"https:\/\/www.fenomenum.com.br\/chupa-chupa10\/\">Depoimentos de Testemunhas do Chupa-Chupa<\/a><\/h3>\n<p><em>Conjunto de testemunhos envolvendo o Chupa-chupa.<\/em><\/p>\n<hr \/>\n<h3><a href=\"https:\/\/www.fenomenum.com.br\/chupa-chupa11\/\"> Reportagens de Jornal<\/a><\/h3>\n<p><em>Colet\u00e2nea de reportagens de jornais de \u00e9poca.<\/em><\/p>\n<hr \/>\n<h3><a href=\"https:\/\/www.fenomenum.com.br\/chupa-chupa12\/\">Entrevista com Daniel Rebisso Giese<\/a><\/h3>\n<p><em>Daniel Rebisso Giese &#8211; Boliviano de nascimento, \u00e9 biom\u00e9dico e funcion\u00e1rio do Governo do Par\u00e1, na \u00e1rea da sa\u00fade, o que lhe propiciou encontrar-se v\u00e1rias vezes, como profissional, com dezenas de testemunhas e v\u00edtimas de ocorr\u00eancias ufol\u00f3gicas, algumas com quadros cl\u00ednicos at\u00e9 graves. \u00c9 autor do livro \u201cVampiros Extraterrestres na Amaz\u00f4nia\u201d edi\u00e7\u00e3o do pr\u00f3prio autor, Bel\u00e9m (PA) 1991. Conferencista e palestrante de in\u00fameros cursos e congressos de Ufologia, Daniel foi colaborador dos jornais O Estado do Paran\u00e1 e Di\u00e1rio do Par\u00e1. Possui artigos publicados nas revistas UFO, Planeta, e Cuarta Dimension (Argentina).<\/em><\/p>\n<hr \/>\n<h3><a href=\"https:\/\/www.fenomenum.com.br\/chupa-chupa13\/\">Entrevista com a Dra. Wellaide Cescim de Carvalho<\/a><\/h3>\n<p><em>Wellaide Cecim Carvalho &#8211; m\u00e9dica sanitarista e diretora do Departamento de Programas Espaciais da Secretaria Municipal de Sa\u00fade de Bel\u00e9m (PA), foi uma das raras profissionais da \u00e1rea de sa\u00fade a ter um contato direto com as v\u00edtimas de radia\u00e7\u00f5es emitidas por UFOs. Wellaide teve uma oportunidade \u00edmpar durante sua perman\u00eancia na Unidade Sanit\u00e1ria de Colares, quando assumia as responsabilidades de sa\u00fade da ilha.<\/em><\/p>\n<hr \/>\n<h3><a href=\"https:\/\/www.fenomenum.com.br\/chupa-chupa14\/\">Entrevista com o Coronel Uyrang\u00ea Hollanda<\/a><\/h3>\n<p><em>Uyrang\u00ea Bol\u00edvar Soares Nogueira de Hollanda Lima &#8211; Este \u00e9 o nome do primeiro oficial de nossas for\u00e7as armadas a vir a p\u00fablico falar sobre as atividades de pesquisas ufol\u00f3gicas desenvolvidas secretamente no Brasil. Com nome de guerra Hollanda, chegando \u00e0 patente de coronel reformado da For\u00e7a A\u00e9rea Brasileira (FAB), foi ele quem comandou a famosa e pol\u00eamica Opera\u00e7\u00e3o Prato, realizada na Amaz\u00f4nia entre setembro e dezembro de 1977. Foi ele quem estruturou, organizou e colheu os espantosos resultados desse que foi o \u00fanico projeto do g\u00eanero de que se t\u00eam not\u00edcias em nosso pa\u00eds.<\/em><\/p>\n<hr \/>\n<h3><a href=\"https:\/\/www.fenomenum.com.br\/entrevista-com-o-jornalista-carlos-mendes\/\">Entrevista com o Jornalista Carlos Mendes<\/a><\/h3>\n<p><em>Carlos Mendes &#8211; Rep\u00f3rter do jornal O Liberal, de Bel\u00e9m, que cobriu o fen\u00f4meno Chupa-chupa.<\/em><\/p>\n<hr \/>\n<p><a href=\"https:\/\/www.fenomenum.com.br\/chupa-chupa16\/\">Entrevista com o piloto Ubiratan Pin\u00f3n Frias<\/a><\/p>\n<p><em>Ubiratan Pinon Frias, piloto comercial e amigo de Hollanda. Participou da Opera\u00e7\u00e3o Prato.<\/em><\/p>\n<hr \/>\n<h3><a href=\"https:\/\/www.fenomenum.com.br\/chupa-chupa17\/\">Os Anos Seguintes<\/a><\/h3>\n<p><em>Embora a grande onda ufol\u00f3gica relacionada ao chupa-chupa tenha ocorrido na segunda metade de 1977 e come\u00e7o de 1978, in\u00fameros casos ocorreram ap\u00f3s este per\u00edodo. Embora a Opera\u00e7\u00e3o Prato tenha sido encerrada prematuramente, os militares continuaram investigando casos na regi\u00e3o durante o ano seguinte. Al\u00e9m disso, in\u00fameros fatos posteriores chamam a aten\u00e7\u00e3o.<\/em><\/p>\n<hr \/>\n<h3><a href=\"https:\/\/www.fenomenum.com.br\/chupa-chupa18\/\">Filmes e Document\u00e1rios sobre o Chupa-Chupa<\/a><\/h3>\n<p><em>Acesse aqui filmes e document\u00e1rios sobre o Chupa-chupa e a Opera\u00e7\u00e3o Prato<\/em><\/p>\n<hr \/>\n<p>&nbsp;<\/p>\n<h2><\/h2>\n<p>&nbsp;<\/p>\n<h2>Refer\u00eancias:<\/h2>\n<hr \/>\n<ol>\n<li><\/li>\n<li>PRATT, Bob. Perigo Alien\u00edgena no Brasil. Tradu\u00e7\u00e3o de Marcos Malvezzi Leal. Campo Grande: CBPDV, 2003.<\/li>\n<li>PETIT, Marco Antonio. UFOs: Arquivo Confidencial. Campo Grande: CBPDV, 2007<\/li>\n<li>RANGEL, M\u00e1rio. Sequestros Alien\u00edgenas. Campo Grande: CBPDV, 2007<\/li>\n<li>GIESE, Daniel Rebisso. O Fen\u00f4meno &#8220;Chupa-chupa&#8221;, na Amaz\u00f4nia. Revista UFO, Campo Grande, n\u00ba 7, p.13-14, abr\/jun 1989.<\/li>\n<li>ATHAYDE, Reginaldo. Extraterrestres atacam e matam no nordeste. Revista UFO, Campo Grande, n\u00ba 7, p.7-11, abr\/jun 1989.<\/li>\n<li>CPDV. Fotos de OVNIs da For\u00e7a A\u00e9rea Brasileira (FAB). Ufologia Nacional e Internacional, Campo Grande, n\u00ba 3, p. 10-11, julho\/agosto 1985.<\/li>\n<li>GIESE, Daniel Rebisso. Observa\u00e7\u00f5es ufol\u00f3gicas no Litoral Paraense. Ufologia Nacional e Internacional, Campo Grande, n\u00ba 3, p. 11-12, julho\/agosto 1985.<\/li>\n<li>GIESE, Daniel. O Fen\u00f4meno &#8220;Chupa-Chupa&#8221;: OVNIs atemorizam o estado do Par\u00e1. Ufologia Nacional e Internacional, Campo Grande, n\u00ba 5, p. 09-15, nov\/dez 1985.<\/li>\n<li>GIESE, Daniel. Novidades no Fen\u00f4meno &#8220;Chupa-Chupa&#8221;. Ufologia Nacional e Internacional, Campo Grande, n\u00ba 7, p. 14-15, mar\u00e7o 1986.<\/li>\n<li>AGHATOS, Stelio e OLIVEIRA, Daniela. UFOs Rondam a Floresta Amaz\u00f4nica. Revista UFO, Campo Grande, n\u00ba 39, p. 8-11, Agosto de 1995.<\/li>\n<li>EQUIPE UFO. Coronel Rompe Sil\u00eancio sobre UFOs. Revista UFO, Campo Grande, n\u00ba 54, p. 18-27, outubro de 1997.<\/li>\n<li>EQUIPE UFO. Os Resultados da Opera\u00e7\u00e3o Prato. Revista UFO, Campo Grande, n\u00ba 55, p. 46-52, novembro de 1997.<\/li>\n<li>SILVESTRE, Fabiana. UFOs Rondam a Floresta Amaz\u00f4nica. Revista UFO, Campo Grande, n\u00ba 75, p. 10-18, novembro de 2000.<\/li>\n<li>EQUIPE UFO. Alien\u00edgenas Representam Perigo no Nordeste. Revista UFO, Campo Grande, n\u00ba 86, p. 8-11, abril de 2003.<\/li>\n<li>MAUSO, Pablo Villarrubia. O Mist\u00e9rio das Luzes Assassinas na Amaz\u00f4nia. Revista UFO, Campo Grande, n\u00ba 86, p. 32-35, abril de 2003.<\/li>\n<li>STABOLITO, Reinaldo. Pol\u00edtica de Acobertamento: A Pol\u00edtica Internacional de Sigilo ao Fen\u00f4meno UFO \u00e9 Imposi\u00e7\u00e3o do Governo Norte-Americano. Revista UFO, Campo Grande, n\u00ba 99, p. 16-21, maio de 2004.<\/li>\n<li>EQUIPE UFO. Aliens Rondam a Floresta Amaz\u00f4nica. Revista UFO, Campo Grande, n\u00ba 101, p. 08-27, julho de 2004.<\/li>\n<li>GEVAERD, A. J. A Profundidade dos Casos Registrados na Amaz\u00f4nia. Revista UFO, Campo Grande, n\u00ba 114, p. 10-13, setembro de 2005.<\/li>\n<li>GEVAERD, A. J. Amaz\u00f4nia &#8211; Campo de Experimento de Seres Alien\u00edgenas. Revista UFO, Campo Grande, n\u00ba 114, p. 14-16, setembro de 2005.<\/li>\n<li>GEVAERD, A. J. Na Selva, UFOs deslumbram e amedrontam com seus v\u00f4os rasantes e ataques impiedosos. Revista UFO, Campo Grande, n\u00ba 114, p. 16-29, setembro de 2005.<\/li>\n<li>GOMES, Evelin. Atividades extraterrestres ainda s\u00e3o registradas em Colares ap\u00f3s anos dos primeiros contatos. Revista UFO, Campo Grande, n\u00ba 114, p. 26-27, setembro de 2005.<\/li>\n<li>GEVAERD, A. J. Ainda H\u00e1 Muito a Se Pesquisar no Par\u00e1. Revista UFO, Campo Grande, n\u00ba 114, p. 31-35, setembro de 2005.<\/li>\n<li>PETIT, M. A. UFOs no Brasil: \u00c9 hora de nossos militares encararem a verdade. Revista UFO, Campo Grande, n\u00ba 115, p. 16-22, outubro de 2005.<\/li>\n<li>EQUIPE UFO. Dossi\u00ea Amaz\u00f4nia: Continua a busca de informa\u00e7\u00f5es sobre as a\u00e7\u00f5es militares na regi\u00e3o. Revista UFO, Campo Grande, n\u00ba 115, p. 26-35, outubro de 2005.<\/li>\n<li>EQUIPE UFO. O Impressionante Depoimento da M\u00e9dica que Atendeu as V\u00edtimas do Chupa-chupa. Revista UFO, Campo Grande, n\u00ba 116, p. 20-29, novembro de 2005.<\/li>\n<li>CHAVES, Pepe. Como as assombra\u00e7\u00f5es da Amaz\u00f4nia se tornaram as assombra\u00e7\u00f5es de um homem: Coronel Uyrange Hollanda. Revista UFO, Campo Grande, n\u00ba 116, p. 30-36, novembro de 2005.<\/li>\n<li>PETIT, M. A. Dossi\u00ea Amaz\u00f4nia: O ultimo depoimento de Uyrang\u00ea Hollanda fornece inspira\u00e7\u00e3o para reflex\u00f5es. Revista UFO, Campo Grande, n\u00ba 117, p. 14-20, dezembro de 2005.<\/li>\n<li>ATHAYDE, Reginaldo. Os ataques do chupa-chupa come\u00e7aram no Cear\u00e1. Revista UFO, Campo Grande, n\u00ba 117, p. 22-23, dezembro de 2005.<\/li>\n<li>GEVAERD, A. J. N\u00e3o cedi \u00e0s press\u00f5es dos militares. Revista UFO, Campo Grande, n\u00ba 117, p. 24-31, dezembro de 2005.<\/li>\n<li><a href=\"http:\/\/www.operacaoprato.com\" target=\"_blank\" rel=\"noopener\">Site Opera\u00e7\u00e3o Prato<\/a><\/li>\n<li><a href=\"https:\/\/fenomenum.com.br\/documentos\/brasil\/prato\/ACE_3370.83.pdf\" target=\"_blank\" rel=\"noopener\">Arquivo Cronol\u00f3gico de Entrada [ACE 3370\/83] &#8211; (Servi\u00e7o Nacional de Informa\u00e7\u00f5es &#8211; SNI) [82.9 MB &#8211; 86 p\u00e1ginas<\/a><\/li>\n<li><a href=\"https:\/\/fenomenum.com.br\/documentos\/brasil\/prato\/Opera\u00e7\u00e3o Prato - 01.01.01 - Relat\u00f3rio de Miss\u00e3o 1.pdf\" target=\"_blank\" rel=\"noopener\">Opera\u00e7\u00e3o Prato &#8211; 01.01.01 &#8211; Relat\u00f3rio de Miss\u00e3o 1 &#8211; (FAB &#8211; 1\u00ba COMAR) [25.9 MB &#8211; 40 p\u00e1ginas]<\/a><\/li>\n<li><a href=\"https:\/\/fenomenum.com.br\/documentos\/brasil\/prato\/Opera\u00e7\u00e3o Prato - 01.01.02 - Relat\u00f3rio de Miss\u00e3o 2.pdf\" target=\"_blank\" rel=\"noopener\">Opera\u00e7\u00e3o Prato &#8211; 01.01.02 &#8211; Relat\u00f3rio de Miss\u00e3o 2 &#8211; (FAB &#8211; 1\u00ba COMAR) [15.1 MB &#8211; 22 p\u00e1ginas]<\/a><\/li>\n<li><a href=\"https:\/\/fenomenum.com.br\/documentos\/brasil\/prato\/Opera\u00e7\u00e3o Prato - 01.02.00 - Informa\u00e7\u00f5es Operacionais 1.pdf\" target=\"_blank\" rel=\"noopener\">Opera\u00e7\u00e3o Prato &#8211; 01.02.00 &#8211; Informa\u00e7\u00f5es Operacionais 1 &#8211; (FAB &#8211; 1\u00ba COMAR) [19.3 MB &#8211; 15 p\u00e1ginas]<\/a><\/li>\n<li><a href=\"https:\/\/fenomenum.com.br\/documentos\/brasil\/prato\/Opera\u00e7\u00e3o Prato - 01.03.00 - Ilustra\u00e7\u00f5es de Ocorr\u00eancias.pdf\" target=\"_blank\" rel=\"noopener\">Opera\u00e7\u00e3o Prato &#8211; 01.03.00 &#8211; Ilustra\u00e7\u00f5es de Ocorr\u00eancias &#8211; (FAB &#8211; 1\u00ba COMAR) &#8211; [22.5 MB &#8211; 52 p\u00e1ginas]<\/a><\/li>\n<li><a href=\"https:\/\/fenomenum.com.br\/documentos\/brasil\/prato\/Opera\u00e7\u00e3o Prato - 02.00.00 - Resumo Cronol\u00f3gico.pdf\" target=\"_blank\" rel=\"noopener\">Opera\u00e7\u00e3o Prato &#8211; 02.00.00 &#8211; Resumo Cronol\u00f3gico &#8211; (FAB &#8211; 1\u00ba COMAR) &#8211; [31.8 MB &#8211; 52 P\u00e1ginas]<\/a><\/li>\n<li><a href=\"https:\/\/fenomenum.com.br\/documentos\/brasil\/prato\/Opera\u00e7\u00e3o Prato - 03.01.01 - Registro de Caso 1.pdf\" target=\"_blank\" rel=\"noopener\">Opera\u00e7\u00e3o Prato &#8211; 03.01.01 &#8211; Registro de Caso 1 &#8211; (FAB &#8211; 1\u00ba COMAR) &#8211; [1.29 MB &#8211; 4 p\u00e1ginas]<\/a><\/li>\n<li><a href=\"https:\/\/fenomenum.com.br\/documentos\/brasil\/prato\/Opera\u00e7\u00e3o Prato - 03.01.02 - Registro de Caso 2.pdf\" target=\"_blank\" rel=\"noopener\">Opera\u00e7\u00e3o Prato &#8211; 03.01.02 &#8211; Registro de Caso 2 &#8211; (FAB &#8211; 1\u00ba COMAR) &#8211; [1.20 MB &#8211; 3 p\u00e1ginas]<\/a><\/li>\n<li><a href=\"https:\/\/fenomenum.com.br\/documentos\/brasil\/prato\/Opera\u00e7\u00e3o Prato - 03.01.03 - Registro de Caso 3.pdf\" target=\"_blank\" rel=\"noopener\">Opera\u00e7\u00e3o Prato &#8211; 03.01.03 &#8211; Registro de Caso 3 &#8211; (FAB &#8211; 1\u00ba COMAR) &#8211; [3.79 MB &#8211; 8 p\u00e1ginas]<\/a><\/li>\n<li><a href=\"https:\/\/fenomenum.com.br\/documentos\/brasil\/prato\/Opera\u00e7\u00e3o Prato - 03.01.04 - Registro de Caso 4.pdf\" target=\"_blank\" rel=\"noopener\">Opera\u00e7\u00e3o Prato &#8211; 03.01.04 &#8211; Registro de Caso 4 &#8211; (FAB &#8211; 1\u00ba COMAR) &#8211; [487 KB &#8211; 1 p\u00e1gina]<\/a><\/li>\n<li><a href=\"https:\/\/fenomenum.com.br\/documentos\/brasil\/prato\/Opera\u00e7\u00e3o Prato - 03.02.01 - Registro de Caso 5.pdf\" target=\"_blank\" rel=\"noopener\">Opera\u00e7\u00e3o Prato &#8211; 03.02.01 &#8211; Registro de Caso 5 &#8211; (FAB &#8211; 1\u00ba COMAR) &#8211; [743 KB &#8211; 2 p\u00e1ginas]<\/a><\/li>\n<li><a href=\"https:\/\/fenomenum.com.br\/documentos\/brasil\/prato\/Opera\u00e7\u00e3o Prato - 03.02.02 - Registro de Caso 6.pdf\" target=\"_blank\" rel=\"noopener\">Opera\u00e7\u00e3o Prato &#8211; 03.02.02 &#8211; Registro de Caso 6 &#8211; (FAB &#8211; 1\u00ba COMAR) &#8211; [399 KB &#8211; 1 p\u00e1gina]<\/a><\/li>\n<li><a href=\"https:\/\/fenomenum.com.br\/documentos\/brasil\/prato\/Opera\u00e7\u00e3o Prato - 03.02.03 - Registro de Caso 7.pdf\" target=\"_blank\" rel=\"noopener\">Opera\u00e7\u00e3o Prato &#8211; 03.02.03 &#8211; Registro de Caso 7 &#8211; (FAB &#8211; 1\u00ba COMAR) &#8211; [337 KB &#8211; 1 p\u00e1gina]<\/a><\/li>\n<li><a href=\"https:\/\/fenomenum.com.br\/documentos\/brasil\/prato\/Opera\u00e7\u00e3o Prato - 03.02.04 - Registro de Caso 8.pdf\" target=\"_blank\" rel=\"noopener\">Opera\u00e7\u00e3o Prato &#8211; 03.02.04 &#8211; Registro de Caso 8 &#8211; (FAB &#8211; 1\u00ba COMAR) &#8211; [1.59 MB &#8211; 3 p\u00e1ginas]<\/a><\/li>\n<li><a href=\"https:\/\/fenomenum.com.br\/documentos\/brasil\/prato\/Opera\u00e7\u00e3o Prato - 03.02.05 - Registro de Caso 9.pdf\" target=\"_blank\" rel=\"noopener\">Opera\u00e7\u00e3o Prato &#8211; 03.02.05 &#8211; Registro de Caso 9 &#8211; (FAB &#8211; 1\u00ba COMAR) &#8211; [4.00 MB &#8211; 9 p\u00e1ginas]<\/a><\/li>\n<li><a href=\"https:\/\/fenomenum.com.br\/documentos\/brasil\/prato\/Opera\u00e7\u00e3o Prato - 03.02.06 - Relat\u00f3rio Adicional 1.pdf\" target=\"_blank\" rel=\"noopener\">Opera\u00e7\u00e3o Prato &#8211; 03.02.06 &#8211; Relat\u00f3rio Adicional 1 &#8211; (FAB &#8211; 1\u00ba COMAR) &#8211; [3.02 MB &#8211; 6 p\u00e1ginas]<\/a><\/li>\n<li><a href=\"https:\/\/fenomenum.com.br\/documentos\/brasil\/prato\/Opera\u00e7\u00e3o Prato - 03.02.07 - Relat\u00f3rio Adicional 2.pdf\" target=\"_blank\" rel=\"noopener\">Opera\u00e7\u00e3o Prato &#8211; 03.02.07 &#8211; Relat\u00f3rio Adicional 2 &#8211; (FAB &#8211; 1\u00ba COMAR) &#8211; [412 KB &#8211; 1 p\u00e1gina]<\/a><\/li>\n<li><a href=\"https:\/\/fenomenum.com.br\/documentos\/brasil\/prato\/Opera\u00e7\u00e3o Prato - 03.02.08 - Relat\u00f3rio Adicional 3.pdf\" target=\"_blank\" rel=\"noopener\">Opera\u00e7\u00e3o Prato &#8211; 03.02.08 &#8211; Relat\u00f3rio Adicional 3 &#8211; (FAB &#8211; 1\u00ba COMAR) &#8211; [463 KB &#8211; 1 p\u00e1gina]<\/a><\/li>\n<li><a href=\"https:\/\/fenomenum.com.br\/documentos\/brasil\/prato\/Opera\u00e7\u00e3o Prato - 03.02.09 - Relat\u00f3rio Adicional 4.pdf\" target=\"_blank\" rel=\"noopener\">Opera\u00e7\u00e3o Prato &#8211; 03.02.09 &#8211; Relat\u00f3rio Adicional 4 &#8211; (FAB &#8211; 1\u00ba COMAR) &#8211; [437 KB &#8211; 1 p\u00e1gina]<\/a><\/li>\n<li><a href=\"https:\/\/fenomenum.com.br\/documentos\/brasil\/prato\/Opera\u00e7\u00e3o Prato - 04.00.00 - Folha de Ocorr\u00eancias 1.pdf\" target=\"_blank\" rel=\"noopener\">Opera\u00e7\u00e3o Prato &#8211; 04.00.00 &#8211; Folha de Ocorr\u00eancias 1 &#8211; (FAB &#8211; 1\u00ba COMAR) &#8211; [2.72 MB &#8211; 5 p\u00e1ginas]<\/a><\/li>\n<li><a href=\"https:\/\/fenomenum.com.br\/documentos\/brasil\/prato\/Opera\u00e7\u00e3o Prato - 05.00.00 - Informe Especial 1.pdf\" target=\"_blank\" rel=\"noopener\">Opera\u00e7\u00e3o Prato &#8211; 05.00.00 &#8211; Informe Especial 1 &#8211; (FAB &#8211; 1\u00ba COMAR) &#8211; [11.2 MB &#8211; 15 p\u00e1ginas]<\/a><\/li>\n<li><a href=\"https:\/\/fenomenum.com.br\/documentos\/brasil\/prato\/Opera\u00e7\u00e3o Prato - 06.00.00 - \u00d3rg\u00e3os de Informa\u00e7\u00e3o 1.pdf\" target=\"_blank\" rel=\"noopener\">Opera\u00e7\u00e3o Prato &#8211; 06.00.00 &#8211; \u00d3rg\u00e3os de Informa\u00e7\u00e3o 1 &#8211; (FAB &#8211; 1\u00ba COMAR) &#8211; [1.13 MB &#8211; 2 p\u00e1ginas]<\/a><\/li>\n<li><a href=\"https:\/\/fenomenum.com.br\/documentos\/brasil\/prato\/Opera\u00e7\u00e3o Prato - 07.01.00 - Disposi\u00e7\u00f5es Gerais 1.pdf\" target=\"_blank\" rel=\"noopener\">Opera\u00e7\u00e3o Prato &#8211; 07.01.00 &#8211; Disposi\u00e7\u00f5es Gerais 1 &#8211; (FAB &#8211; 1\u00ba COMAR) &#8211; [0.99 MB &#8211; 2 p\u00e1ginas]<\/a><\/li>\n<li><a href=\"https:\/\/fenomenum.com.br\/documentos\/brasil\/prato\/Opera\u00e7\u00e3o Prato - 07.02.00 - Relat\u00f3rio Geral 1.pdf\" target=\"_blank\" rel=\"noopener\">Opera\u00e7\u00e3o Prato &#8211; 07.02.00 &#8211; Relat\u00f3rio Geral 1 &#8211; (FAB &#8211; 1\u00ba COMAR) &#8211; [115 MB &#8211; 160 p\u00e1ginas]<\/a><\/li>\n<li><a href=\"https:\/\/fenomenum.com.br\/documentos\/brasil\/prato\/fotografias_op_prato.pdf\" target=\"_blank\" rel=\"noopener\">Fotografias da Opera\u00e7\u00e3o Prato &#8211; [683 Kb &#8211; 18 p\u00e1ginas]<\/a><\/li>\n<li><a href=\"https:\/\/fenomenum.com.br\/documentos\/brasil\/prato\/FOTOS_OP_PORTAL_BURN.pdf\" target=\"_blank\" rel=\"noopener\">Fotografias da Opera\u00e7\u00e3o Prato [BURN] &#8211; [25.7 MB &#8211; 86 p\u00e1ginas]<\/a><\/li>\n<li><a href=\"https:\/\/fenomenum.com.br\/documentos\/brasil\/prato\/Relatorio 1- Relatorio de Missao - Parte Informativa -VERSAO INEDITA.pdf\" target=\"_blank\" rel=\"noopener\">Relatorio 1- Relatorio de Missao &#8211; Parte Informativa -VERSAO INEDITA<\/a><\/li>\n<li><a href=\"https:\/\/fenomenum.com.br\/documentos\/brasil\/prato\/Relatorio 2 - Relatorio de Missao - II - Parte Informativa - VERSAO INEDITA.pdf\" target=\"_blank\" rel=\"noopener\">Relatorio 2 &#8211; Relatorio de Missao &#8211; II &#8211; Parte Informativa &#8211; VERSAO INEDITA<\/a><\/li>\n<li><a href=\"https:\/\/fenomenum.com.br\/documentos\/brasil\/prato\/Relatorio 3 - Relatorio de Missao - Umbituba.pdf\" target=\"_blank\" rel=\"noopener\">Relatorio 3 &#8211; Relatorio de Missao &#8211; Umbituba<\/a><\/li>\n<li><a href=\"https:\/\/fenomenum.com.br\/documentos\/brasil\/prato\/Relatorio 4 - Relatorio de Missao - II - Parte Operacional - VERSAO INEDITA.pdf\" target=\"_blank\" rel=\"noopener\">Relatorio 4 &#8211; Relatorio de Missao &#8211; II &#8211; Parte Operacional &#8211; VERSAO INEDITA<\/a><\/li>\n<li><a href=\"https:\/\/fenomenum.com.br\/documentos\/brasil\/prato\/Relatorio 5 - Relatorio de Pescadores.pdf\" target=\"_blank\" rel=\"noopener\">Relatorio 5 &#8211; Relatorio de Pescadores<\/a><\/li>\n<li><a href=\"https:\/\/fenomenum.com.br\/documentos\/brasil\/prato\/Relatorio 6 - Comentarios e Aspecto Psico-Social e Econamico - VERSAO ANTIGA.pdf\" target=\"_blank\" rel=\"noopener\">Relatorio 6 &#8211; Comentarios e Aspecto Psico-Social e Econamico &#8211; VERSAO ANTIGA<\/a><\/li>\n<li><a href=\"https:\/\/fenomenum.com.br\/documentos\/brasil\/prato\/Relatorio 6 - Coment\u00e1rios e Aspecto Psico-Social e Economico - VERSAO INEDITA.pdf\" target=\"_blank\" rel=\"noopener\">Relatorio 6 &#8211; Coment\u00e1rios e Aspecto Psico-Social e Economico &#8211; VERSAO INEDITA<\/a><\/li>\n<li><a href=\"https:\/\/fenomenum.com.br\/documentos\/brasil\/prato\/Relatorio 7 - Relatorio de Missao - I - Parte Informativa - VERSAO INEDITA.pdf\" target=\"_blank\" rel=\"noopener\">Relatorio 7 &#8211; Relatorio de Missao &#8211; I &#8211; Parte Informativa &#8211; VERSAO INEDITA<\/a><\/li>\n<li><a href=\"https:\/\/fenomenum.com.br\/documentos\/brasil\/prato\/Relatorio 8 - Relatorio de Missao - II - Parte Informativa - VERSAO INEDITA.pdf\" target=\"_blank\" rel=\"noopener\">Relatorio 8 &#8211; Relatorio de Missao &#8211; II &#8211; Parte Informativa &#8211; VERSAO INEDITA<\/a><\/li>\n<li><a href=\"https:\/\/fenomenum.com.br\/documentos\/brasil\/prato\/Relatorio 9 - Extra 01 - VERSAO ANTIGA.pdf\" target=\"_blank\" rel=\"noopener\">Relatorio 9 &#8211; Extra 01 &#8211; VERSAO ANTIGA<\/a><\/li>\n<li><a href=\"https:\/\/fenomenum.com.br\/documentos\/brasil\/prato\/Relatorio 9 - Extra 01 - VERSAO INEDITA.pdf\" target=\"_blank\" rel=\"noopener\">Relatorio 9 &#8211; Extra 01 &#8211; VERSAO INEDITA<\/a><\/li>\n<li><a href=\"https:\/\/fenomenum.com.br\/documentos\/brasil\/prato\/Relatorio 10 - Extra 02 - VERSAO ANTIGA.pdf\" target=\"_blank\" rel=\"noopener\">Relatorio 10 &#8211; Extra 02 &#8211; VERSAO ANTIGA<\/a><\/li>\n<li><a href=\"https:\/\/fenomenum.com.br\/documentos\/brasil\/prato\/Relatorio 10 - Extra 02 - VERSAO INEDITA.pdf\" target=\"_blank\" rel=\"noopener\">Relatorio 10 &#8211; Extra 02 &#8211; VERSAO INEDITA<\/a><\/li>\n<li><a href=\"https:\/\/fenomenum.com.br\/documentos\/brasil\/prato\/Relatorio 11 - Extra 03 - VERSAO INEDITA.pdf\" target=\"_blank\" rel=\"noopener\">Relatorio 11 &#8211; Extra 03 &#8211; VERSAO INEDITA<\/a><\/li>\n<li><a href=\"https:\/\/fenomenum.com.br\/documentos\/brasil\/prato\/Relatorio 12 - Extra 04 - VERSAO INEDITA.pdf\" target=\"_blank\" rel=\"noopener\">Relatorio 12 &#8211; Extra 04 &#8211; VERSAO INEDITA<\/a><\/li>\n<li><a href=\"https:\/\/fenomenum.com.br\/documentos\/brasil\/prato\/Relatorio 13 - Extra 05 - VERSAO INEDITA.pdf\" target=\"_blank\" rel=\"noopener\">Relatorio 13 &#8211; Extra 05 &#8211; VERSAO INEDITA<\/a><\/li>\n<li><a href=\"https:\/\/fenomenum.com.br\/documentos\/brasil\/prato\/Relatorio 14 - Extra 06 - VERSAO INEDITA.pdf\" target=\"_blank\" rel=\"noopener\">Relatorio 14 &#8211; Extra 06 &#8211; VERSAO INEDITA<\/a><\/li>\n<li><a href=\"https:\/\/fenomenum.com.br\/documentos\/brasil\/prato\/Relatorio 15 - Relatorio de Missao - Fazenda Jeju.pdf\" target=\"_blank\" rel=\"noopener\">Relatorio 15 &#8211; Relatorio de Missao &#8211; Fazenda Jeju<\/a><\/li>\n<li><a href=\"https:\/\/fenomenum.com.br\/documentos\/brasil\/prato\/Relatorio 16 - Relatorio do Agente - Fazenda Jeju - VERSAO ANTIGA.pdf\" target=\"_blank\" rel=\"noopener\">Relatorio 16 &#8211; Relatorio do Agente &#8211; Fazenda Jeju &#8211; VERSAO ANTIGA<\/a><\/li>\n<li><a href=\"https:\/\/fenomenum.com.br\/documentos\/brasil\/prato\/Relatorio 16 - Relatorio do Agente - Fazenda Jeju - VERSAO INEDITA.pdf\" target=\"_blank\" rel=\"noopener\">Relatorio 16 &#8211; Relatorio do Agente &#8211; Fazenda Jeju &#8211; VERSAO INEDITA<\/a><\/li>\n<li><a href=\"https:\/\/fenomenum.com.br\/documentos\/brasil\/prato\/Relatorio 17 - Relatorio de Missao - Partes Operacional e Informativa - Fazenda Jeju - VERSAO INEDITA.pdf\" target=\"_blank\" rel=\"noopener\">Relatorio 17 &#8211; Relatorio de Missao &#8211; Partes Operacional e Informativa &#8211; Fazenda Jeju &#8211; VERSAO INEDITA<\/a><\/li>\n<li><a href=\"https:\/\/fenomenum.com.br\/documentos\/brasil\/prato\/Relatorio 18 - Relatorio do Agente - Extra 07 - VERSAO INEDITA.pdf\" target=\"_blank\" rel=\"noopener\">Relatorio 18 &#8211; Relatorio do Agente &#8211; Extra 07 &#8211; VERSAO INEDITA<\/a><\/li>\n<li><a href=\"https:\/\/fenomenum.com.br\/documentos\/brasil\/prato\/Relatorio 19 - Relatorio do Agente - Extra 08 - VERSAO INEDITA.pdf\" target=\"_blank\" rel=\"noopener\">Relatorio 19 &#8211; Relatorio do Agente &#8211; Extra 08 &#8211; VERSAO INEDITA<\/a><\/li>\n<li><a href=\"https:\/\/fenomenum.com.br\/documentos\/brasil\/prato\/Relatorio 20 - Relatorio do Agente - Extra - VERSAO INEDITA.pdf\" target=\"_blank\" rel=\"noopener\">Relatorio 20 &#8211; Relatorio do Agente &#8211; Extra &#8211; VERSAO INEDITA<\/a><\/li>\n<li><a href=\"https:\/\/fenomenum.com.br\/documentos\/brasil\/prato\/Relatorio 21 - Relatorio do Agente - Extra 09 - VERSAO INEDITA.pdf\" target=\"_blank\" rel=\"noopener\">Relatorio 21 &#8211; Relatorio do Agente &#8211; Extra 09 &#8211; VERSAO INEDITA<\/a><\/li>\n<li><a href=\"https:\/\/fenomenum.com.br\/documentos\/brasil\/prato\/Relatorio 22 - Relatorio do Agente - Extra 10 - VERSAO INEDITA.pdf\" target=\"_blank\" rel=\"noopener\">Relatorio 22 &#8211; Relatorio do Agente &#8211; Extra 10 &#8211; VERSAO INEDITA<\/a><\/li>\n<li><a href=\"https:\/\/fenomenum.com.br\/documentos\/brasil\/prato\/Relatorio 23 - Relatorio do Agente - Extra 11 - VERSAO INEDITA.pdf\" target=\"_blank\" rel=\"noopener\">Relatorio 23 &#8211; Relatorio do Agente &#8211; Extra 11 &#8211; VERSAO INEDITA<\/a><\/li>\n<li><a href=\"https:\/\/fenomenum.com.br\/documentos\/brasil\/prato\/Relatorio 24 - Relatos Esparsos - VERSAO INEDITA.pdf\" target=\"_blank\" rel=\"noopener\">Relatorio 24 &#8211; Relatos Esparsos &#8211; VERSAO INEDITA<\/a><\/li>\n<li><a href=\"https:\/\/fenomenum.com.br\/documentos\/brasil\/prato\/Relatorio 25 - Extra 12 - VERSAO INEDITA.pdf\" target=\"_blank\" rel=\"noopener\">Relatorio 25 &#8211; Extra 12 &#8211; VERSAO INEDITA<\/a><\/li>\n<li><a href=\"https:\/\/fenomenum.com.br\/documentos\/brasil\/prato\/RELATORIO FILMES SUPER 8 - www.operacaoprato.com.pdf\" target=\"_blank\" rel=\"noopener\">RELATORIO FILMES SUPER 8 &#8211; www.operacaoprato.com<\/a><\/li>\n<li><a href=\"https:\/\/fenomenum.com.br\/documentos\/brasil\/prato\/RELATORIO MEDICO - www.operacaoprato.com.pdf\" target=\"_blank\" rel=\"noopener\">RELATORIO MEDICO &#8211; www.operacaoprato.com<\/a><\/li>\n<li><a href=\"http:\/\/www.mufon.com\/bob_pratt\/brazil.html\">http:\/\/www.mufon.com\/bob_pratt\/brazil.html<\/a><\/li>\n<li><a href=\"http:\/\/www.jornalinfinito.com.br\/materias.asp?area=21\">http:\/\/www.jornalinfinito.com.br\/materias.asp?area=21<\/a><\/li>\n<li><a href=\"http:\/\/www.geocities.com\/area51\/rampart\/2653\/injurywriteup.html\">http:\/\/www.geocities.com\/area51\/rampart\/2653\/injurywriteup.html<\/a><\/li>\n<li><a href=\"http:\/\/www.mufon.com\/bob_pratt\/dasvale.html\">http:\/\/www.mufon.com\/bob_pratt\/dasvale.html<\/a><\/li>\n<li><a href=\"http:\/\/ufo.com.br\/index.php?arquivo=notComp.php&amp;offset=2400&amp;id=492\">http:\/\/ufo.com.br\/index.php?arquivo=notComp.php&amp;offset=2400&amp;id=492<\/a><\/li>\n<li><a href=\"http:\/\/www.x-libri.ru\/elib\/arefj000\/00000087.htm\">http:\/\/www.x-libri.ru\/elib\/arefj000\/00000087.htm<\/a><\/li>\n<li><a href=\"http:\/\/www.ufo.com.br\/amazonia\/\">http:\/\/www.ufo.com.br\/amazonia\/<\/a><\/li>\n<li><a href=\"http:\/\/www.ufo.com.br\/fase4_txt4\">http:\/\/www.ufo.com.br\/fase4_txt4.php<\/a><\/li>\n<li><a href=\"http:\/\/www.ufo.com.br\/amazonia\/chupa.htm\">http:\/\/www.ufo.com.br\/amazonia\/chupa.htm<\/a><\/li>\n<li><a href=\"http:\/\/pt.wikipedia.org\/wiki\/Chupa-chupa\">http:\/\/pt.wikipedia.org\/wiki\/Chupa-chupa<\/a><\/li>\n<li><a href=\"http:\/\/redeglobo.globo.com\/Linhadireta\/0,26665,GHT0-4604-212882,00.html\">http:\/\/redeglobo.globo.com\/Linhadireta\/0,26665,GHT0-4604-212882,00.html<\/a><\/li>\n<li><a href=\"http:\/\/www.ufo.com.br\/materiaespecial\/operacaoPrato.htm\">http:\/\/www.ufo.com.br\/materiaespecial\/operacaoPrato.htm<\/a><\/li>\n<li><a href=\"http:\/\/www.ufo.com.br\/documentop\">http:\/\/www.ufo.com.br\/documentop.php<\/a><\/li>\n<li><a href=\"http:\/\/www.upupi.com.br\/\">http:\/\/www.upupi.com.br\/<\/a><\/li>\n<li><a href=\"http:\/\/www.burn.com.br\/modules.php?name=News&amp;file=article&amp;sid=316\">http:\/\/www.burn.com.br\/modules.php?name=News&amp;file=article&amp;sid=316<\/a><\/li>\n<li><a href=\"http:\/\/www.burn.com.br\/modules.php?name=News&amp;file=article&amp;sid=318\">http:\/\/www.burn.com.br\/modules.php?name=News&amp;file=article&amp;sid=318<\/a><\/li>\n<li><a href=\"http:\/\/www.upupi.com.br\/artigoedisonboaventura01.html\">http:\/\/www.upupi.com.br\/artigoedisonboaventura01.html<\/a><\/li>\n<li><a href=\"http:\/\/www.upupi.com.br\/artigoflavio9.html\">http:\/\/www.upupi.com.br\/artigoflavio9.html<\/a><\/li>\n<li><a href=\"http:\/\/www.upupi.com.br\/artigomiguelleao.html\">http:\/\/www.upupi.com.br\/artigomiguelleao.html<\/a><\/li>\n<li><a href=\"http:\/\/www.upupi.com.br\/artigoflavio.htm\">http:\/\/www.upupi.com.br\/artigoflavio.htm<\/a><\/li>\n<li><a href=\"http:\/\/www.ufo.com.br\/materiaespecial\/operacaoPrato.htm\">http:\/\/www.ufo.com.br\/materiaespecial\/operacaoPrato.htm<\/a><\/li>\n<li><a href=\"http:\/\/pt.wikipedia.org\/wiki\/Opera\u00e7\u00e3o_Prato\">http:\/\/pt.wikipedia.org\/wiki\/Opera%C3%A7%C3%A3o_Prato<\/a><\/li>\n<li><a href=\"http:\/\/www.dominiosfantasticos.xpg.com.br\/id281.htm\">http:\/\/www.dominiosfantasticos.xpg.com.br\/id281.htm<\/a><\/li>\n<li><a href=\"http:\/\/www.infa.com.br\/operacao_prato01.html\">http:\/\/www.infa.com.br\/operacao_prato01.html<\/a><\/li>\n<li><a href=\"http:\/\/www.terra.com.br\/istoe\/edicoes\/2071\/artigo144400-1.htm\">http:\/\/www.terra.com.br\/istoe\/edicoes\/2071\/artigo144400-1.htm<\/a><\/li>\n<li><a href=\"http:\/\/www.viafanzine.jor.br\/site_vf\/ufovia\/exclusivo.htm\">http:\/\/www.viafanzine.jor.br\/site_vf\/ufovia\/exclusivo.htm<\/a><\/li>\n<li><a href=\"http:\/\/www.viafanzine.jor.br\/site_vf\/ufovia\/prato.htm\">http:\/\/www.viafanzine.jor.br\/site_vf\/ufovia\/prato.htm<\/a><\/li>\n<li><a href=\"http:\/\/www.viafanzine.jor.br\/site_vf\/ufovia\/prato3.htm\">http:\/\/www.viafanzine.jor.br\/site_vf\/ufovia\/prato3.htm<\/a><\/li>\n<li><a href=\"http:\/\/www.viafanzine.jor.br\/site_vf\/ufovia\/entrevpinon1.htm\">http:\/\/www.viafanzine.jor.br\/site_vf\/ufovia\/entrevpinon1.htm<\/a><\/li>\n<li><a href=\"http:\/\/www.viafanzine.jor.br\/site_vf\/ufovia\/entrevpinon2.htm\">http:\/\/www.viafanzine.jor.br\/site_vf\/ufovia\/entrevpinon2.htm<\/a><\/li>\n<li><a href=\"http:\/\/www.viafanzine.jor.br\/site_vf\/ufovia\/entrevistas3.htm\">http:\/\/www.viafanzine.jor.br\/site_vf\/ufovia\/entrevistas3.htm<\/a><\/li>\n<li><a href=\"http:\/\/www.viafanzine.jor.br\/site_vf\/ufovia\/pesquisa.htm\">http:\/\/www.viafanzine.jor.br\/site_vf\/ufovia\/pesquisa.htm<\/a><\/li>\n<li><a href=\"http:\/\/www.viafanzine.jor.br\/site_vf\/ufovia\/casosdonorte.htm\">http:\/\/www.viafanzine.jor.br\/site_vf\/ufovia\/casosdonorte.htm<\/a><\/li>\n<li><a href=\"http:\/\/www.viafanzine.jor.br\/site_vf\/ufovia\/entrevistas4.htm\">http:\/\/www.viafanzine.jor.br\/site_vf\/ufovia\/entrevistas4.htm<\/a><\/li>\n<li><a href=\"http:\/\/interwell.sites.uol.com.br\/para.htm\">http:\/\/interwell.sites.uol.com.br\/para.htm<\/a><\/li>\n<li><a href=\"http:\/\/www.infa.com.br\/operacao_prato01.html\">http:\/\/www.infa.com.br\/operacao_prato01.html<\/a><\/li>\n<li><a href=\"http:\/\/www.mufon.com\/bob_pratt\/colares.html\">http:\/\/www.mufon.com\/bob_pratt\/colares.html<\/a><\/li>\n<li><a href=\"http:\/\/www.mufon.com\/bob_pratt\/oprato.html\">http:\/\/www.mufon.com\/bob_pratt\/oprato.html<\/a><\/li>\n<li><a href=\"http:\/\/www.mufon.com\/bob_pratt\/brazil.html\">http:\/\/www.mufon.com\/bob_pratt\/brazil.html<\/a><\/li>\n<li><a href=\"http:\/\/www.mufon.com\/bob_pratt\/hollanda.html\">http:\/\/www.mufon.com\/bob_pratt\/hollanda.html<\/a><\/li>\n<li><a href=\"http:\/\/www.mufon.com\/bob_pratt\/crabisland.html\">http:\/\/www.mufon.com\/bob_pratt\/crabisland.html<\/a><\/li>\n<li><a href=\"http:\/\/www.mundoparapsicologico.com\/196-A_Los-informes-militares-de-la-Operacion-Prato-ya-pueden-descargarse-aqui\">http:\/\/www.mundoparapsicologico.com\/196-A_Los-informes-militares-de-la-Operacion-Prato-ya-pueden-descargarse-aqui<\/a><\/li>\n<li><a href=\"http:\/\/www.ufologie.net\/htm\/colares.htm\">http:\/\/www.ufologie.net\/htm\/colares.htm<\/a><\/li>\n<li><a href=\"http:\/\/www.mundoparapsicologico.com\/Ufologia\/Listado-Articulos\">http:\/\/www.mundoparapsicologico.com\/Ufologia\/Listado-Articulos<\/a><\/li>\n<li><a href=\"http:\/\/mundo-enigmatico.blogspot.com\/2009\/05\/operacao-prato-pocos-casos-de.html\">http:\/\/mundo-enigmatico.blogspot.com\/2009\/05\/operacao-prato-pocos-casos-de.html<\/a><\/li>\n<li><a href=\"http:\/\/donmaor.blogspot.com\/\">http:\/\/donmaor.blogspot.com\/<\/a><\/li>\n<li><a href=\"http:\/\/www.abovetopsecret.com\/forum\/thread454886\/pg1\">http:\/\/www.abovetopsecret.com\/forum\/thread454886\/pg1<\/a><\/li>\n<\/ol>\n","protected":false},"excerpt":{"rendered":"<p>Conjunto de algumas das fotografias e frames de filmagens dos objetos envolvidos nos ataques e obtidos pelos militares da Opera\u00e7\u00e3o Prato. Artigo anterior sobre o Chupa-Chupa e Opera\u00e7\u00e3o Prato Pr\u00f3ximo artigo sobre o chupa-Chupa e Opera\u00e7\u00e3o Prato Ao longo dos v\u00e1rios meses de atividades, os militares que compunham a Opera\u00e7\u00e3o Prato obtiveram v\u00e1rias filmagens de [&hellip;]<\/p>\n","protected":false},"author":4,"featured_media":3891,"comment_status":"open","ping_status":"open","sticky":false,"template":"","format":"standard","meta":{"inline_featured_image":false},"categories":[124,126,1],"tags":[],"_links":{"self":[{"href":"https:\/\/www.fenomenum.com.br\/novo\/wp-json\/wp\/v2\/posts\/5346"}],"collection":[{"href":"https:\/\/www.fenomenum.com.br\/novo\/wp-json\/wp\/v2\/posts"}],"about":[{"href":"https:\/\/www.fenomenum.com.br\/novo\/wp-json\/wp\/v2\/types\/post"}],"author":[{"embeddable":true,"href":"https:\/\/www.fenomenum.com.br\/novo\/wp-json\/wp\/v2\/users\/4"}],"replies":[{"embeddable":true,"href":"https:\/\/www.fenomenum.com.br\/novo\/wp-json\/wp\/v2\/comments?post=5346"}],"version-history":[{"count":1,"href":"https:\/\/www.fenomenum.com.br\/novo\/wp-json\/wp\/v2\/posts\/5346\/revisions"}],"predecessor-version":[{"id":7062,"href":"https:\/\/www.fenomenum.com.br\/novo\/wp-json\/wp\/v2\/posts\/5346\/revisions\/7062"}],"wp:featuredmedia":[{"embeddable":true,"href":"https:\/\/www.fenomenum.com.br\/novo\/wp-json\/wp\/v2\/media\/3891"}],"wp:attachment":[{"href":"https:\/\/www.fenomenum.com.br\/novo\/wp-json\/wp\/v2\/media?parent=5346"}],"wp:term":[{"taxonomy":"category","embeddable":true,"href":"https:\/\/www.fenomenum.com.br\/novo\/wp-json\/wp\/v2\/categories?post=5346"},{"taxonomy":"post_tag","embeddable":true,"href":"https:\/\/www.fenomenum.com.br\/novo\/wp-json\/wp\/v2\/tags?post=5346"}],"curies":[{"name":"wp","href":"https:\/\/api.w.org\/{rel}","templated":true}]}}