{"id":5701,"date":"2022-04-08T11:59:45","date_gmt":"2022-04-08T14:59:45","guid":{"rendered":"https:\/\/www.fenomenum.com.br\/?p=5701"},"modified":"2025-04-23T09:08:15","modified_gmt":"2025-04-23T12:08:15","slug":"chupacabras26","status":"publish","type":"post","link":"https:\/\/www.fenomenum.com.br\/novo\/chupacabras26\/","title":{"rendered":"Chupacabras: Casos de Ataques \u00e0 Humanos"},"content":{"rendered":"<section id=\"inner-headline\">\n<div class=\"container\">\n<div class=\"row\">\n<div id=\"resumo\" class=\"resumo\" style=\"padding-left: 40px;\"><strong>Em v\u00e1rios pa\u00edses onde o Chupacabras se manifestou, diversas pessoas tiveram a desagr\u00e1vel experi\u00eancia de serem atacadas pela criatura. Alguns casos, de forma bastante tr\u00e1gica.<\/strong><\/div>\n<\/div>\n<\/div>\n<\/section>\n<div>\n<hr \/>\n<\/div>\n<div>\n<p><img loading=\"lazy\" class=\"aligncenter wp-image-4621 size-full\" src=\"https:\/\/www.fenomenum.com.br\/novo\/wp-content\/uploads\/2022\/03\/capas-guarapiranga-1.jpg\" alt=\"\" width=\"945\" height=\"378\" srcset=\"https:\/\/www.fenomenum.com.br\/novo\/wp-content\/uploads\/2022\/03\/capas-guarapiranga-1.jpg 945w, https:\/\/www.fenomenum.com.br\/novo\/wp-content\/uploads\/2022\/03\/capas-guarapiranga-1-400x160.jpg 400w, https:\/\/www.fenomenum.com.br\/novo\/wp-content\/uploads\/2022\/03\/capas-guarapiranga-1-650x260.jpg 650w, https:\/\/www.fenomenum.com.br\/novo\/wp-content\/uploads\/2022\/03\/capas-guarapiranga-1-250x100.jpg 250w, https:\/\/www.fenomenum.com.br\/novo\/wp-content\/uploads\/2022\/03\/capas-guarapiranga-1-768x307.jpg 768w, https:\/\/www.fenomenum.com.br\/novo\/wp-content\/uploads\/2022\/03\/capas-guarapiranga-1-150x60.jpg 150w, https:\/\/www.fenomenum.com.br\/novo\/wp-content\/uploads\/2022\/03\/capas-guarapiranga-1-50x20.jpg 50w, https:\/\/www.fenomenum.com.br\/novo\/wp-content\/uploads\/2022\/03\/capas-guarapiranga-1-100x40.jpg 100w, https:\/\/www.fenomenum.com.br\/novo\/wp-content\/uploads\/2022\/03\/capas-guarapiranga-1-200x80.jpg 200w, https:\/\/www.fenomenum.com.br\/novo\/wp-content\/uploads\/2022\/03\/capas-guarapiranga-1-300x120.jpg 300w, https:\/\/www.fenomenum.com.br\/novo\/wp-content\/uploads\/2022\/03\/capas-guarapiranga-1-350x140.jpg 350w, https:\/\/www.fenomenum.com.br\/novo\/wp-content\/uploads\/2022\/03\/capas-guarapiranga-1-450x180.jpg 450w, https:\/\/www.fenomenum.com.br\/novo\/wp-content\/uploads\/2022\/03\/capas-guarapiranga-1-500x200.jpg 500w, https:\/\/www.fenomenum.com.br\/novo\/wp-content\/uploads\/2022\/03\/capas-guarapiranga-1-550x220.jpg 550w, https:\/\/www.fenomenum.com.br\/novo\/wp-content\/uploads\/2022\/03\/capas-guarapiranga-1-800x320.jpg 800w\" sizes=\"(max-width: 945px) 100vw, 945px\" \/><\/p>\n<table style=\"width: 100%; border-collapse: collapse; background-color: #fafafa;\">\n<tbody>\n<tr>\n<td style=\"width: 50%;\"><a href=\"https:\/\/www.fenomenum.com.br\/chupacabras25\/\"><img loading=\"lazy\" class=\"alignnone wp-image-5349 size-full\" src=\"https:\/\/www.fenomenum.com.br\/novo\/wp-content\/uploads\/2022\/03\/esquerda.png\" alt=\"\" width=\"75\" height=\"75\" \/><\/a><\/td>\n<td style=\"width: 50%; text-align: right;\"><a href=\"https:\/\/www.fenomenum.com.br\/chupacabras27\/\"><img loading=\"lazy\" class=\"alignright wp-image-5348 size-full\" src=\"https:\/\/www.fenomenum.com.br\/novo\/wp-content\/uploads\/2022\/03\/direita.png\" alt=\"\" width=\"75\" height=\"75\" \/><\/a><\/td>\n<\/tr>\n<tr>\n<td style=\"width: 50%;\"><a href=\"https:\/\/www.fenomenum.com.br\/chupacabras25\">Artigo anterior sobre o Chupacabras<\/a><\/td>\n<td style=\"width: 50%; text-align: right;\"><a href=\"https:\/\/www.fenomenum.com.br\/chupacabras27\">Pr\u00f3ximo artigo sobre o Chupacabras<\/a><\/td>\n<\/tr>\n<\/tbody>\n<\/table>\n<hr \/>\n<p>A regi\u00e3o de Gu\u00e1nica, uma localidade no extremo sul da ilha de Porto Rico, foi uma entre tantas outras localidades porto-riquenhas assoladas pelo fen\u00f4meno Chupacabras. O \u00e1pice dos ataques deu-se em dezembro, quando numerosos animais foram vitimados na localidade. Em 7 de dezembro, v\u00e1rias galinhas e vacas foram encontradas mortas e sem sangue, dentro do padr\u00e3o caracter\u00edstico do estranho predador.<\/p>\n<p>Mas o caso mais impressionante envolveu o que seria, talvez, o primeiro ataque \u00e0 um ser humano, por parte da estranha criatura. O fato deu-se em 21 de dezembro de 1995, quando a v\u00edtima, Osvaldo Claudio Rosado, 44 anos na \u00e9poca, lavava seu carro, como fazia de forma rotineira. Repentinamente e sem qualquer sinal pr\u00e9vio, ele foi agarrado por uma criatura com pelos pretos, com aproximadamente um metro e meio de altura. Em desespero ele lutou contra a criatura, que logo saiu correndo. Em seu corpo ficaram cortes no abdome, decorrentes das garras do estranho animal.<\/p>\n<h3>Ataques no M\u00e9xico<\/h3>\n<p>A onda de ataques de Chupacabras ocorreu de forma ainda mais intensa no M\u00e9xico, onde o fen\u00f4meno come\u00e7ou a manifestar-se em fevereiro de 1996. Sem demora, os casos espalharam-se pelo pa\u00eds e logo surgiram casos de ataques tamb\u00e9m \u00e0 humanos. Nos arredores do vilarejo de Alfonso Calderon, no estado de Sinaloa, ocorreram os casos mais emblem\u00e1ticos. O caso de Juana Tizoc Montenegro e Elvira Meza \u00e9 bastante interessante, embora haja informa\u00e7\u00f5es contradit\u00f3rias na Internet sobre a data real em que o fato ocorreu. Segundo algumas fontes (as mais fidedignas e possivelmente corretas) ele teria ocorrido em 15 de abril de 1996. Segundo outras, teria ocorrido em 1\u00ba de maio daquele ano. Juana, com 38 anos na \u00e9poca, e Elvira, com 35 anos, caminhavam num campo, nos arredores do povoado, quando viram um estranho ser, que descia planando dos c\u00e9us, em completo sil\u00eancio. Juana trazia consigo um garrote (uma esp\u00e9cie de bast\u00e3o), para se defender da misteriosa criatura, que j\u00e1 havia vitimado 40 ovelhas na regi\u00e3o. Diante do aparecimento repentino da criatura, Juana desmaiou e Elvira correu gritando, em busca de ajuda. Juana sofreu uma s\u00e9rie de mordidas e cortes em v\u00e1rias partes do corpo.<\/p>\n<p>Um dos casos mais impressionantes \u00e9 o de Teodora Ayala Reyes, ocorrido na noite de 29 para 30 de abril de 1996. Este fato, tamb\u00e9m ocorrido nos arredores de Alfonso Calderon, Sinaloa, M\u00e9xico, causou ainda mais repercuss\u00e3o. Teodora, naquela \u00e9poca, uma dona de casa de 21 anos de idade, m\u00e3e de dois filhos. Ela encontrava-se do lado de fora de sua casa e acabou sendo surpreendida por uma estranha criatura, que produziu ferimentos na regi\u00e3o do seu pesco\u00e7o, costas e rosto, enquanto produzia um grunhido descrito por ela como horr\u00edvel. Al\u00e9m disso, ele tinha um odor f\u00e9tido muito forte.<\/p>\n<p>No dia seguinte, foram encontradas pegadas de um animal de m\u00e9dio porte, compostas por tr\u00eas dedos e garras. Ela foi atendida por m\u00e9dicos locais, que trataram seu ferimento e ministraram vacinas preventivas ao longo de tr\u00eas meses.<\/p>\n<p>A imprensa, que j\u00e1 vinha cobrindo as v\u00e1rias mortes de animais divulgou o caso, por\u00e9m seguindo uma linha de ridiculariza\u00e7\u00e3o divulgaram a not\u00edcia de que Teodora estava com seu amante, por ocasi\u00e3o em que seu marido chegava em casa. Para disfar\u00e7ar, teria simulado um ataque de chupacabras, na tentativa de enganar seu marido. Esta a\u00e7\u00e3o da imprensa, divulgando uma not\u00edcia que nunca foi confirmada, mostra um certo desespero jornal\u00edstico em encerrar o mist\u00e9rio do chupacabras, com o apoio das autoridades mexicanas, que j\u00e1 vinham tentando desacreditar os casos, explicando-os como ataques de c\u00e3es selvagens. Como se n\u00e3o bastasse tal atitude, diante da descren\u00e7a popular nessa vers\u00e3o da hist\u00f3ria, acabaram por colocar em d\u00favida as faculdades mentais de Teodora Reyes.<\/p>\n<p>Outro caso mexicano de ataques de Chupacabras \u00e0 humanos ocorreu dias depois, em 4 de maio, na cidade de Tiajomulco de Z\u00fa\u00f1iga, em Jalisco, M\u00e9xico. Jos\u00e9 Angel Pulido Brise\u00f1o, voltava para casa, por volta da meia noite, quando foi atacado. O animal surgiu voando e o atacou, produzindo feridas profundas no seu bra\u00e7o e ferimentos em outras \u00e1reas do corpo. Segundo a v\u00edtima, o animal tinha aproximadamente 80 cm de altura, com 30 ou 35 kg de peso. Sua plumagem era cinza e era muito \u00e1gil.<\/p>\n<p>&#8211; \u201c<em>Ele pulou em mim quando o vi. Eu bati nele e me virei para correr para casa. N\u00e3o tenho certeza se estava rodando ou voando [atr\u00e1s de mim]. Eu n\u00e3o acreditei no come\u00e7o. Agora, posso dizer que vi e acredito<\/em>\u201d.<\/p>\n<p>Pulido mostrou duas feridas graves no antebra\u00e7o direito da TV mexicana Azteca. As marcas condiziam com aquelas verificadas em alguns animais atacados e com a descri\u00e7\u00e3o das garras que a criatura apresentava. No dia seguinte, um novo ataque \u00e0 humanos ocorreu no estado de Sinaloa. Desta vez, o fato ocorreu em Esta\u00e7\u00e3o Vega, munic\u00edpio de El Fuerte. A v\u00edtima, Concepci\u00f3n Flores, era dona de casa, tinha dez filhos e vinte netos. Foi atacada pela estranha criatura, o que a deixou debilitada e abalada psicologicamente. Ap\u00f3s o ataque, ficou de cama, sofrendo de vis\u00edvel estresse p\u00f3s traum\u00e1tico, pois acordava com frequencia, aos gritos e com muito choro.<\/p>\n<p>Em 9 de maio, ocorreu outro ataque, na regi\u00e3o de El Olmo Ejido, pr\u00f3ximo \u00e0 Victoria, estado de Tamaulipas. Naquela data, duas ovelhas haviam sido atacadas e mortas nos arredores do vilarejo. A v\u00edtima, Benjam\u00edn Zamarripa V\u00e1zquez e outros quatro amigos sa\u00edram para recolher os animais, que haviam ficado no alto de uma colina. Pouco antes da meia noite, ele voltava para casa, de bicicleta. Em dado momento, ele foi atropelado por um homem montado em um cavalo, que o derrubou. Enraivecido, ele decidiu perseguir o cavaleiro, que rapidamente se afastava do local. Foi ent\u00e3o que ele foi golpeado nas costas, caindo ao ch\u00e3o.<\/p>\n<p>\u201c<em>Fiquei com raiva [do cavaleiro] e decidi segui-lo, mas n\u00e3o consegui alcan\u00e7\u00e1-lo. Quando eu ia fechar um port\u00e3o, senti o golpe nas costas e ca\u00ed no ch\u00e3o girando. Foi tudo muito r\u00e1pido, no momento em que rolei, ele me dominou, me atacou na cara. Eu pensei que ia morrer. N\u00e3o era o cavaleiro que eu perseguia. Era um animal que me acertou rapidamente no rosto, com algo como asas. Eu me senti como costeletas na cara e n\u00e3o consegui me livrar disso. Eu senti como uma pin\u00e7a, que abriu meu rosto. Eu senti o sangue no meu rosto. Meu cachorro, El Tigre, correu assustado e me abandonou. Tudo foi muito r\u00e1pido e o que eu queria era fugir porque senti meu pesco\u00e7o rachar. Eu n\u00e3o pude v\u00ea-lo porque flutuou sobre meu rosto, abriu minhas feridas e come\u00e7ou a drenar meu sangue. Quando bati no corpo dele, senti que tinha uma pele macia e peluda. Eu gritei: &#8216;Socorro, socorro! Quando eu sendo atacado por ele<\/em>\u201d.<\/p>\n<p>A um certo custo, Benjamin conseguiu se desvencilhar do atacante, que ensaiava um movimento de fuga. A v\u00edtima sacou um rev\u00f3lver calibre 22 e disparou cinco tiros, mas sem atingir a criatura.<\/p>\n<p>\u201c<em>N\u00e3o sabia dizer porque era noite, mas tenho certeza que voou e a cor era escura, mas sem ser totalmente preta. Suas asas eram grandes<\/em>\u201d.<\/p>\n<p>Segundo o trabalhador diarista de 32 anos, o animal era maior que um peru. Ao chegar em sua casa, a primeira coisa que ele disse para sua esposa, Guillermina Cervantes, foi:<\/p>\n<p>\u201c<em>Voc\u00ea n\u00e3o vai acreditar, mas esse animal, o chupacabra, me atacou. Meus joelhos est\u00e3o feridos<\/em>\u201d.<\/p>\n<p>Benjamin V\u00e1zquez conclui: \u201c<em>Eu n\u00e3o desejo isso para ningu\u00e9m. Eu queria guardar isso s\u00f3 para mim, porque sabia que ningu\u00e9m iria acreditar em mim. Muitos me visitaram em casa, alguns me acharam louco e outros acreditam em mim<\/em>\u201d.<\/p>\n<h3>Ataques na Costa Rica<\/h3>\n<p>Na Costa Rica, uma moradora do distrito de Jac\u00f3, denunciou que, no dia 7 de maio de 1996, foi agredida por um ser de asas enormes, o qual a abordou atrav\u00e9s de uma janela semi-aberta. Apresentava, em seu corpo, sinais de dois orif\u00edcios rodeados de uma marca de focinho, do tipo de uma ventosa, que havia-lhe perfurado a pele. A testemunha descreveu o atacante como um criatura human\u00f3ide de apenas 60 cm de altura, sem p\u00ealo no corpo e tato gelatinoso.<\/p>\n<h3>Ataques \u00e0 Humanos Tamb\u00e9m no Brasil<\/h3>\n<p>No livro Olhos de Drag\u00e3o &#8211; Reflex\u00f5es Para Uma Nova Realidade, Carlos Alberto Machado cita poss\u00edveis casos de ataques \u00e0 humanos por parte do Chupacabras, por ele denominados de Intruso Espor\u00e1dico Agressivo [IEA]. Alguns casos n\u00e3o puderam ser confirmados. \u00c9 o caso de uma ou duas supostas v\u00edtimas que teriam sido internadas no Hospital Angelina Caron, em Campina Grande do Sul (PR), e outra em Arauc\u00e1ria (PR).<\/p>\n<p>Outros casos puderam ser investigados por uf\u00f3logos ou confirmados de algumas forma. Tal \u00e9 o caso ocorrido em Passos, Minas Gerais, em 18 de junho de 1996, onde v\u00e1rias pessoas teriam sido atacadas por estranhas criaturas. O fato chegou a ser amplamente divulgado na imprensa brasileira, que relacionou a hist\u00f3ria ao mito do Lobisomem.<\/p>\n<p>A v\u00edtima mais conhecida \u00e9 Luciano Olimpio dos Reis, um jovem forte e musculoso e praticante de capoeira, com 22 anos de idade na \u00e9poca. Bem quisto na cidade, \u00e9 tido como um rapaz honesto e trabalhador, muito seguro no que relata. Em entrevista ao uf\u00f3logo Marco Antonio Petit, declarou que nunca se referiu \u00e0 criatura que o atacou como sendo um Lobisomem, e que tal associa\u00e7\u00e3o foi feita apenas pela imprensa.<\/p>\n<p>O fato se deu a quatro quil\u00f4metros da sede do munic\u00edpio, quando Luciano voltava da casa de sua namorada, por volta das 23h30. Ao passar pela porteira de uma propriedade, ele ouviu um gemido forte e logo uma criatura peluda o atacou.<\/p>\n<p>Segundo Luciano, tal criatura era b\u00edpede, com altura estimada em 1,80m e n\u00e3o tinha qualquer vestimenta. Tinha bra\u00e7os longos e finos, com m\u00e3os grandes e geladas. Suas pernas eram curvas e exalava um odor f\u00e9tido. Seu nariz era achatado e sua boca esquisita.<\/p>\n<p>Ao ser atacado, Luciano caiu ao ch\u00e3o e entrou em luta corporal contra a estranha criatura. Assim que conseguiu levantar foi novamente derrubado. Assim que conseguiu levantar-se novamente, ele correu em dire\u00e7\u00e3o \u00e0 cidade e o atacante come\u00e7ou a persegui-lo. Em dado momento, ele viu um cavalo na estrada que assustou-se com a cena e come\u00e7ou a correr. Para a sorte de Luciano, a criatura passou a perseguir o cavalo, permitindo que escapasse do local em seguran\u00e7a.<\/p>\n<p>Ao chegar na cidade, Luciano foi at\u00e9 um telefone p\u00fablico e comunicou o fato \u00e0 Pol\u00edcia Militar. Dois policiais foram ao seu encontro e o conduziram \u00e0 um pronto socorro, pois ele apresentava um ferimento na perna e arranh\u00f5es pelo corpo. Segundo o m\u00e9dico Gamaliel Lucas Carneiro, que o atendeu, ele apresentava arranh\u00f5es verticais e horizontais nas costas, t\u00f3rax e bra\u00e7os. A pol\u00edcia, ao investigar o local, n\u00e3o encontrou evid\u00eancias da briga, encontrando apenas pegadas de animais da regi\u00e3o. Em entrevista \u00e0 Petit, ele declarou que a criatura, al\u00e9m de \u00e1gil e forte, era tamb\u00e9m muito resistente, pois aparentemente n\u00e3o sentiu os golpes dados por Luciano.<\/p>\n<p>Menos de 24 horas ap\u00f3s Luciano ter sido atacado, outro morador da cidade passou por uma experi\u00eancia parecida em um local pr\u00f3ximo de onde Luciano foi atacado.. O senhor Jos\u00e9 Fernandes Siqueira, inseminador artificial, voltava para casa de bicicleta quando, ao passar nas proximidades de uma ponte de madeira, por volta das 19h20, foi derrubado. Jos\u00e9 Fernandes tamb\u00e9m entrou em luta corporal contra a criatura. Assim que conseguiu se desvencilhar do atacante, ele correu para a bicicleta e saiu rapidamente do local, sem olhar para tr\u00e1s. Ao chegar em casa, ele pegou uma arma e voltou ao local, na esperan\u00e7a de encontrar a estranha criatura, que j\u00e1 tinha desaparecido. Jos\u00e9, apesar de ferido no ataque, n\u00e3o procurou ajuda m\u00e9dica nem policial. Na manh\u00e3 seguinte, ele apresentou febre, que persistiu at\u00e9 a manh\u00e3 seguinte.<\/p>\n<p>Naqueles dias, a mesma criatura foi observada em diferentes pontos do munic\u00edpio. Marcelo Henrique de Oliveira estava em casa, na Fazenda Vicente Nogueira e viu a criatura, por volta de meia noite. Ela tinha pelagem escura andava curvada para a frente. Cachorros da fazenda perseguiam a estranha criatura, que teria sido vista tamb\u00e9m no bairro Santa Luzia.<\/p>\n<p>A investiga\u00e7\u00e3o policial, decorrente do relato de Luciano, chegou a entrevistar estas pessoas. Os policiais chegaram a prender um andarilho, chamado Z\u00e9 Zito, que andava pela regi\u00e3o. Mas como este senhor era idoso e debilitado, foi descartado seu envolvimento com o caso e ele foi libertado cinco dias depois.<\/p>\n<p>Em meio \u00e0 uma onda de ataques \u00e0 animais, em Jardim (MS), o jovem Rog\u00e9rio Rocha Grance, 22 anos na \u00e9poca, foi atacado pela estranha criatura, em 4 de julho de 1997. Ele voltava para casa, por volta das 1:30 h, quando ao passar por um trecho sem ilumina\u00e7\u00e3o, foi abordado por um ser peludo.<\/p>\n<p>\u201c<em>Eu vinha da casa de uma colega, sozinho, e vi uns cachorros brigando num terreno baldio. Ao chegar mais perto, percebi que n\u00e3o eram somente cachorros. Havia um animal diferente no meio deles. Ent\u00e3o, no momento em que cruzei a rua, o bicho veio contra mim. Notei que era grande, possu\u00eda p\u00ealos espalhados pelo corpo, cheirava mal e parecia selvagem, pois era muito forte. Senti que parecia uma unha comprida, um pouco fria, que me furava. N\u00e3o era dente. Fiquei muito assustado, mas n\u00e3o acho que se tratava do Chupacabras. Com minha experi\u00eancia no mato, nunca tinha visto isso antes<\/em>\u201d.<\/p>\n<p>Rog\u00e9rio foi atacado, mas conseguiu correr em dire\u00e7\u00e3o \u00e0 sua casa. Ao chegar, sua m\u00e3e acordou, devido ao barulho que seu filho fez ao entrar em casa. Ele encontrava-se nervoso, p\u00e1lido e com ferimentos no bra\u00e7o esquerdo. Ele foi levado ao Hospital Marechal Rondon, onde foi atendido e medicado pelo doutor La\u00e9rcio, plantonista naquela noite. Posteriormente, em entrevista aos uf\u00f3logos, o m\u00e9dico, que \u00e9 tamb\u00e9m militar, deu informa\u00e7\u00f5es vagas sobre o atendimento e diante da insist\u00eancia dos uf\u00f3logos por informa\u00e7\u00f5es acabou por recusando-se a dar qualquer informa\u00e7\u00e3o sobre o caso.<\/p>\n<h3>Lobisomens e Chupacabras\u2026 Qual a rela\u00e7\u00e3o?<\/h3>\n<p>O relato de Luciano possui v\u00e1rios detalhes que nos remetem ao Chupacabras, ou no seu termo t\u00e9cnico, Intruso Espor\u00e1dico Agressivo. A imprensa, por n\u00e3o ter conhecimento sobre esta misteriosa criatura, acabou por relacionar o agressor de Luciano ao Lobisomem. Analisando o notici\u00e1rio e mesmo a cultura popular, encontramos v\u00e1rios outros propensos relatos envolvendo lobisomens que podem se enquadrar perfeitamente dentro da casu\u00edstica Chupacabras. Estariam estes dois mist\u00e9rios relacionados?<\/p>\n<p>Lobisomem \u00e9 tido como um mito mundial da Humanidade. Ele pode ser encontrado em v\u00e1rias culturas milenares do planeta e variados povos tem lendas sobre seres meio homem, meio logo. O chupacabras \u00e9 tamb\u00e9m um fen\u00f4meno mundial, pois ele j\u00e1 foi relatado em todos os pa\u00edses americanos (com aparente exce\u00e7\u00e3o do Canad\u00e1, embora o Canad\u00e1). J\u00e1 foi documentado na Europa (Portugal, Espanha, Pol\u00f4nia e pa\u00edses do leste europeu). J\u00e1 foi relatado na \u00c1sia (R\u00fassia).<\/p>\n<p>No Brasil, em 1995, um jogador de futebol, Wilson Dourado de Paula, foi protagonista de um quase ataque, pr\u00f3ximo de sua resid\u00eancia, na cidade de Tr\u00eas Lagoas (MS). Na \u00e9poca, o capoeirista e ex-atacante do Comercial de Campo Grande (MS), tinha 23 anos, 1,74m de altura e um bom porte f\u00edsico. Ele voltava para casa, na vila Haro, por volta da 1h30, quando a tr\u00eas quadras viu c\u00e3es latindo em dire\u00e7\u00e3o \u00e0 um matagal. Logo ele foi surpreendido por um animal peludo, com olhos grandes e vermelhos, que andava sobre duas patas, curvado para frente. Assustado, ele saiu correndo e o misterioso ser veio atr\u00e1s, em persegui\u00e7\u00e3o.<\/p>\n<p>\u201c<em>Era um vulto de aproximadamente 1,5m, com uma corcunda, que estava de costas para mim. De repente, ele se virou e fez men\u00e7\u00e3o de vir em minha dire\u00e7\u00e3o. Eu joguei nele um tijolo e sa\u00ed correndo, olhando para tr\u00e1s. Ele veio atr\u00e1s de mim saltando feito um coelho. Os dois olhos vermelhos se destacavam no escuro. Ao chegar em uma rua iluminada, o bicho parou e foi cercado por cachorros<\/em>\u201d.<\/p>\n<p>Para sua sorte, os c\u00e3es cercaram a criatura, permitindo que o jogador escapasse e corresse para sua casa. Ao chegar em casa, ele pulou o port\u00e3o alto de sua casa e quase arrombou a porta, devido ao p\u00e2nico em que se encontrava. Ele entrou em casa, p\u00e1lido e aos gritos relatou aos familiares o que havia acontecido. Sua irm\u00e3, Maria Neuza o acudiu e tentou acalm\u00e1-lo, enquanto seu cunhado, Anibal Jos\u00e9 Pedro vasculhou o quintal. O fato repercutiu nacionalmente por meio da imprensa, o que gerou piadas e goza\u00e7\u00f5es at\u00e9 o final da vida do jogador, que morreu em 2017.<\/p>\n<p>Este n\u00e3o foi o \u00fanico caso ocorrido na cidade, pois surgiram relatos semelhantes nos bairros Parque S\u00e3o Carlos, Vila Piloto, Vila Alegre e Paranapung\u00e1. Foram registrados ataques a animais, que resultaram na morte de galinhas e porcos. Segundo o Jornal do Povo, em um dos ataques, foram encontrados p\u00ealos estranhos, que foram recolhidos e enviados para an\u00e1lise em S\u00e3o Paulo. O resultado dessa an\u00e1lise, se \u00e9 que ocorreu, nunca foi revelado. Da mesma forma, o jornal informa que foram encontradas pegadas, que foram fotografadas, por\u00e9m tais fotos n\u00e3o foram publicadas pelo jornal.<\/p>\n<p>Na cidade de Canhotinho, em Pernambuco, fatos similares ocorreram nos anos de 2001 e 2009. Em 2001, uma ovelha apareceu morta na zona rural da cidade. Ele apresentava ferimentos at\u00edpicos, assustando os moradores da regi\u00e3o. Na mesma \u00e9poca, Jocimar Nascimento, 16 anos na \u00e9poca, foi perseguido por um ser peludo, com aproximadamente 1,60m, de pelagem escura e com garras nas patas. Interessante, neste caso, \u00e9 a rela\u00e7\u00e3o entre a morte da ovelha e o avistamento da estranha criatura, com tra\u00e7os que remetem ao chupacabras, embora tenha sido interpretado como sendo o lobisomem. Essa rela\u00e7\u00e3o, entre avistamento de um estranho ser, em data e local onde ocorrem mortes de animais em circunst\u00e2ncias estranhas \u00e9 comum, com pudemos ver ao longo destes artigos sobre o chupacabras.<\/p>\n<p>Em 2009, os fatos se repetiram de maneira similar. Animais foram atacados na zona rural do munic\u00edpio, gerando muito temor na cidade. O vigilante de uma escola chegou a ser atacado por um ser tamb\u00e9m associado ao mito do lobisomem. Ap\u00f3s disparar um tiro na criatura, esta se afastou, fugindo do local.<\/p>\n<h3>O caso de Concepci\u00f3n del Bermejo<\/h3>\n<p>Um caso bem interessante envolvendo um relato de lobisomem que pode estar relacionado com o Chupacabras ocorreu na zona rural de Concepci\u00f3n del Bermejo, Provincia do Chaco, na Argentina. De acordo com o jornal Diario Norte, de 23 de junho de 2000, dezessete pessoas que participavam de uma reuni\u00e3o familiar confrontaram aquilo que definiram como um lobisomem que atacou o pequeno c\u00e3o de estima\u00e7\u00e3o da fam\u00edlia. Era uma criatura peluda, com p\u00ealos escuros, dentes salientes, b\u00edpede, com pernas curvadas. Para defender o animalzinho de estima\u00e7\u00e3o, os familiares armaram-se de pedras e foices, cercaram e atacaram o estranho predador, que caiu desacordado. Eles levaram o estranho animal e o prenderam em uma \u00e1rvore. Ao se afastar momentaneamente da criatura, se levantou com facilidade, desvencilhou-se da corda e desapareceu em meio a vegeta\u00e7\u00e3o local. A pol\u00edcia da cidade foi acionada e iniciou uma investiga\u00e7\u00e3o sob as ordens do subcomiss\u00e1rio De La Cruz. Foram encontrados p\u00ealos e sangue do animal atacante que foram colhidos para an\u00e1lise. Aparentemente n\u00e3o houve divulga\u00e7\u00e3o dos resultados desses exames.<\/p>\n<h3>O Caso Grebin<\/h3>\n<p>O chamado Caso Grebin, ocorrido em Conc\u00f3rdia (SC), no dia 3 de junho de 1999, \u00e9 o mais impressionante desta lista. Por volta da meia noite, o andarilho Nelson Grebin, 44 anos na \u00e9poca, foi atacado e morto por uma estranha criatura, em uma estrada rural do munic\u00edpio. O corpo foi encontrado na manh\u00e3 seguinte, com sinais claros de ter sido atacado por um animal predador, o que pode explicar a demora na divulga\u00e7\u00e3o do caso, que s\u00f3 ocorreu no dia 15 de junho daquele ano, pelo jornal A Not\u00edcia, de Conc\u00f3rdia.<\/p>\n<p>O fato ocorreu entre as regi\u00f5es de Linha dos Gaios e Cachimbo, 15 Km a nordeste da cidade de Conc\u00f3rdia. O caso foi investigado pela 14\u00ba DRP e de acordo com os peritos, a v\u00edtima teria sido morta por um animal predador de grande porte e com dentes pontiagudos. O m\u00e9dico legista Jos\u00e9 Carlos Bernardi exclui a possibilidade de serem le\u00f5es, tigres e lobos, por\u00e9m considerou a possibilidade de c\u00e3es selvagens serem autores do ataque.<\/p>\n<h3>Laudo Pericial<\/h3>\n<p>O Laudo Pericial n\u00ba 099\/99 revela detalhes sobre o local onde o ataque ocorreu, resultando na morte de Nelson Grebin. Vejamos sua transcri\u00e7\u00e3o:<\/p>\n<h3><strong>Laudo pericial n\u00b0 099\/99<\/strong><\/h3>\n<p>Exame e levantamento em local de morte<\/p>\n<p>Aos quatro dias do m\u00eas de junho do ano de mil novecentos e noventa e nove, os abaixo assinados peritos criminal\u00edsticos da 14\/DRP de Conc\u00f3rdia, SC, foram solicitados pelo servi\u00e7o de plant\u00e3o da Delegacia de Pol\u00edcia da Comarca de Conc\u00f3rdia para procederem a reprodu\u00e7\u00e3o simulada em local de delito, a fim de atender a comunica\u00e7\u00e3o recebida via telefone.<\/p>\n<p><strong>Hist\u00f3rico<\/strong><\/p>\n<p>Aos quatro dias do m\u00eas de junho do ano de mil novecentos e noventa e nove, por volta de 7 horas, os signat\u00e1rios compareceram em companhia do servi\u00e7o de plant\u00e3o da Delegacia da Comarca, na Linha dos Gaio, onde na estrada de acesso a referida linha, aproximadamente 300m da resid\u00eancia do Sr. Valdemar Volpini, foi encontrado ca\u00eddo sem vida uma pessoa de cor branca, do sexo masculino.<\/p>\n<p><strong>Das informa\u00e7\u00f5es<\/strong><\/p>\n<p>Pelas informa\u00e7\u00f5es coletadas no local e prestadas pelos vizinhos Srs. Valdemar Volpini e Evaristo Gaio tomou-se conhecimento inicialmente de que a v\u00edtima se tratava de N\u00e9lson Grebin, trabalhador rural que prestava servi\u00e7os trabalhando de diarista nas propriedades sem local de parada fixa, e que era alco\u00f3latra. O Sr. Evaristo Gaio informou que a v\u00edtima passara em sua casa na noite anterior por volta das 20 horas e estava se dirigindo para o vel\u00f3rio de uma pessoa falecida na comunidade naquele dia, no entanto, a v\u00edtima foi encontrada na dire\u00e7\u00e3o contr\u00e1ria de onde se realizava o vel\u00f3rio. Fomos informados ainda que a v\u00edtima havia sido encontrada pelos alunos que estavam se dirigindo para a escola com uma Kombi escolar dirigida por Ladi Dala Costa em dire\u00e7\u00e3o a linha Cachimbo.Como havia a hip\u00f3tese de se tratar de um atropelamento, recebemos a informa\u00e7\u00e3o que naquela madrugada o \u00fanico ve\u00edculo que passou pelo local foi o leiteiro que recolhia o leite para a Tirol com uma caminhonete e que o mesmo normalmente passaria pelo local por volta das 4 horas da madrugada. Enquanto os trabalhos de levantamento estavam sendo realizados apareceram nas imedia\u00e7\u00f5es alguns cachorros de grande porte que foram \u201ctocados\u201d do local pelos moradores antes que se aproximassem.<\/p>\n<p><strong>Do Local<\/strong><\/p>\n<p>A morte ocorreu na estrada de acesso \u00e0 Linha dos Gaio, vindo no sentido da Linha Planalto, em estrada de terra cascalhada, em local aberto com intervisibilidade apenas a resid\u00eancia do Sr. Valdemar Volpini, cuja dist\u00e2ncia \u00e9 de aproximadamente 300 metros. A morte ocorreu em noite de tempo bom com temperatura baixa. Conforme desenho e fotografia anexos, no ch\u00e3o via-se uma grande po\u00e7a de sangue, que escorreu pela declividade do terreno. A partir desta formando uma figura aproximadamente circular com di\u00e2metro de 2 metros, via-se o terreno manchado de sangue indicando que o corpo foi arrastado em c\u00edrculo at\u00e9 cair na valeta, permanecendo 3 metros distante do local em que ocorreu a maior concentra\u00e7\u00e3o de sangue. N\u00e3o foi encontrada nenhuma arma. Dentro do c\u00edrculo foi encontrado uma nota de R$5 reais e algumas moedas espalhadas, dando a impress\u00e3o de que a v\u00edtima foi fortemente sacudida de um lado para outro. No local foram encontradas v\u00e1rias pegadas semelhantes \u00e0s de cachorros de grande porte.<\/p>\n<p><strong>Da V\u00edtima<\/strong><\/p>\n<p>A v\u00edtima foi encontrada seminua em dec\u00fabito ventral, vestindo apenas uma cueca de cor azul puxada para baixo, uma camisa xadrez rasgada, e as demais vestes, como a cal\u00e7a, o casaco e os chinelos de dedos encontravam-se totalmente rasgados, e afastados do corpo. Apresentava ferimentos de grandes propor\u00e7\u00f5es no pesco\u00e7o, bra\u00e7o esquerdo, perna esquerda, orelha, face, semelhantes a lacera\u00e7\u00f5es provocadas por animais de grande porte. Ap\u00f3s os levantamentos de praxe a v\u00edtima, que j\u00e1 se encontrava com rigidez cadav\u00e9rica, foi encaminhada ao IML local.<\/p>\n<p><strong>Conclus\u00e3o<\/strong><\/p>\n<p>Pelas an\u00e1lises feitas no local e ap\u00f3s o acompanhamento dos exames de necropsia no IML, conclui-se que a v\u00edtima, que agora sabe-se chama-se Nelson Jair Grebin, de aproximadamente 45 anos de idade, segundo seu pai, foi atacada por animais de grande porte, provavelmente cachorros de propriet\u00e1rios residentes nas imedia\u00e7\u00f5es pelos tipos de les\u00f5es provocadas. Era o que tinha a relatar, Conc\u00f3rdia, sete de junho de mil novecentos e noventa e nove.<\/p>\n<p>Ap\u00f3s ser recolhido ao IML, o corpo passou por necr\u00f3psia e o laudo resultante fornece informa\u00e7\u00f5es interessantes. Veja a transcri\u00e7\u00e3o:<\/p>\n<h3>Auto de exame cadav\u00e9rico<\/h3>\n<p>Jos\u00e9 Carlos Bernardi (m\u00e9dico legista)<\/p>\n<p>Extenso edema e hematogia em regi\u00e3o cervical anterior com lacera\u00e7\u00e3o cervical profunda \u00e0 direita subrandibular atingindo a veia jugular direita. (3) lacera\u00e7\u00f5es cervicais esquerdas. 1 em regi\u00e3o anterior, outra em linha cervical m\u00e9dia com lacera\u00e7\u00e3o de m\u00fasculo externo cleido mastoide, 1 perfura\u00e7\u00e3o profunda atingindo veias jugulares em regi\u00e3o anterior do mesmo m\u00fasculo. Estrutura em cartilagem cricoide.<\/p>\n<p>&#8211; Lacera\u00e7\u00e3o cervical \u00e0 esquerda pr\u00f3xima \u00e0 inser\u00e7\u00e3o clavicular.<\/p>\n<p>&#8211; Ferimento lacerante \u00e0 esquerda da cartilagem cricoide.<\/p>\n<p>&#8211; Lacera\u00e7\u00e3o em orelha esquerda.<\/p>\n<p>&#8211; Lacera\u00e7\u00e3o do couro cabeludo regi\u00e3o temporal direita.<\/p>\n<p>&#8211; Escoria\u00e7\u00f5es na face.<\/p>\n<p>&#8211; Lacera\u00e7\u00e3o em 1\/3 m\u00e9dio e inferior do bra\u00e7o esquerdo.<\/p>\n<p>&#8211; 1\/3 m\u00e9dio e superior. Antebra\u00e7o esquerdo t\u00f3rax, abd\u00f4men, escroto, p\u00eanis, 1\/3 m\u00e9dio e superior da coxa esquerda 1\/3 m\u00e9dio e inferior da perna esquerda do joelho esquerdo.<\/p>\n<p>Se houve morte? Sim<\/p>\n<p>Qual a causa da morte? Escera\u00e7\u00e3o cervical, choque hipovol\u00eamico<\/p>\n<p>Qual o instrumento ou meio que produziu a morte? Animal cachorro<\/p>\n<p>Se foi produzida por meio de veneno, fogo, explosivo, asfixia ou tortura, ou por outro meio insidioso ou crucial? N\u00e3o<\/p>\n<p>&nbsp;<\/p>\n<p>Conforme se observa nos laudos acima, existem detalhes que n\u00e3o podem ser explicados de forma precisa. Os policiais ficaram muito intrigados com o cen\u00e1rio onde o crime ocorreu e pela forma como o corpo se encontrava. O m\u00e9dico legista n\u00e3o conseguiu determinar se os ferimentos de Grebin foram causados por um ou mais animais.<\/p>\n<p>O corpo apresentava cortes profundos, com tr\u00eas filetes, indicando garras com tr\u00eas dedos, padr\u00e3o t\u00edpico observado tamb\u00e9m nas v\u00edtimas de chupacabras. Al\u00e9m disso, ele tinha ferimentos profundos no pesco\u00e7o, tamb\u00e9m em tamanho e formato semelhantes ao de v\u00edtimas do chupacabras.<\/p>\n<p>Al\u00e9m dos ferimentos e das condi\u00e7\u00f5es do corpo, que se assemelham \u00e0 outras v\u00edtimas de ataques de chupacabras, existem relatos de pessoas que viram uma estranha criatura na mesma regi\u00e3o. Na mesma noite, Vitalino Fochesatto, agricultor na cidade vizinha de Irani, ouviu mugidos estridentes de um terneiro que apareceu morto na manh\u00e3 seguinte. O animal tinha cortes e furos no corpo e estava aparentemente sem sangue. O veterin\u00e1rio Jos\u00e9 Luiz Le\u00e3o Marques, da EPAGRI, de Conc\u00f3rdia, examinou o terneiro e afirmou que o ataque era obra de c\u00e3es ou javalis, embora n\u00e3o tenham evid\u00eancias apontando para estes animais.<\/p>\n<p>Na quarta feira seguinte, 9 de junho, Eva Ven\u00e2ncio, moradora da regi\u00e3o de Cachimbo, viu um ser estranho, que tinha aproximadamente 70 cm de altura e cauda longa. O vizinho de Eva, Elias Savoldi n\u00e3o viu a criatura, mas dois terneiros de sua propriedade sumiram sem deixar vest\u00edgios. Al\u00e9m disso, um taxista viu tr\u00eas criaturas estranhas, na beira de uma estrada. Ao serem iluminados pelos far\u00f3is do ve\u00edculo, estes se esconderam no mato.<\/p>\n<p>A pol\u00edcia ignorou tais relatados sobre criaturas an\u00f4malas na regi\u00e3o. Soma-se a isso o detalhe de o fato n\u00e3o ter sido divulgado \u00e0 imprensa assim que ocorreu. Somente onze dias depois ele foi finalmente noticiado. Isso se explica pela pr\u00f3pria estranheza do caso e o receio do que dizer \u00e0 imprensa, pois os relatos de ataques \u00e0 animais e avistamento de estranhas criaturas j\u00e1 eram de conhecimento p\u00fablico local. Eles sabiam que precisavam apresentar respostas claras \u00e0 popula\u00e7\u00e3o de modo que acalmasse a popula\u00e7\u00e3o, evitando que se alarmassem ainda mais.<\/p>\n<p>Em 9 de julho de 1999, o veterin\u00e1rio Joares Adenilson May J\u00fanior enviou uma carta ao Centro de Investiga\u00e7\u00e3o e Pesquisa Exobiol\u00f3gica (CIPEX), comentando o caso. Ele, que \u00e9 especialista em animais silvestres, tem opini\u00f5es diferentes dos peritos policiais e emitiu um parecer dentro de sua \u00e1rea profissional. Confira a transcri\u00e7\u00e3o de sua carta:<\/p>\n<p><em>Joinville SC, 09 de julho de 1999.<\/em><\/p>\n<p><em>Venho atrav\u00e9s desta, trazer-te n\u00e3o um parecer, mas sim uma reflex\u00e3o. Mando em anexo um xerox sobre um ser humano estranhamente morto&#8221;, que a imprensa de S\u00e3o Paulo fez v\u00e1rias reportagens. Quanto ao verdadeiro motivo da morte, n\u00e3o tenho certeza, Vai junto tamb\u00e9m um resumo que fiz sobre v\u00e1rios casos ditos por &#8220;chupa-cabras&#8221;, que consegui apanhar atrav\u00e9s de v\u00e1rias revistas e jornais de Santa Catarina e outros estados. Envio tamb\u00e9m uma mat\u00e9ria da revista &#8220;Cl\u00ednica Veterin\u00e1ria\u201d, sobre a atua\u00e7\u00e3o de grandes predadores no Brasil.<\/em><\/p>\n<p><em>Pe\u00e7o que n\u00e3o tires conclus\u00f5es apressadas, este material \u00e9 s\u00f3 para te mostrar mostrar que existem v\u00e1rios casos estranhos sem conclus\u00e3o, e que se deve sempre apegar \u00e0s provas para poder solucionar os casos. N\u00e3o te esque\u00e7as que um bom resultado de um correto &#8220;diagn\u00f3stico&#8221; \u00e9 evitar que o problema se manifeste novamente, pois em algumas regi\u00f5es perdem-se v\u00e1rios animais por &#8216;predadores&#8217;, ou mesmo como neste caso, vida humana. Vou comentar as fotos por sua aparente l\u00f3gica, come\u00e7ando pelas fotos da cena do ocorrido, at\u00e9 chegar \u00e0s do corpo.<\/em><\/p>\n<p><em>Pelas tr\u00eas fotos da cena do caso, notei um matagal numa lateral, e um milharal no outro, presumo ser um bom local para uma emboscada, que geralmente \u00e9 feita por felinos, j\u00e1 que can\u00eddeos tem por t\u00e1tica uma persegui\u00e7\u00e3o. Mas pelo que soube n\u00e3o foram encontradas pegadas de felinos e sim de can\u00eddeos. Creio que foram tr\u00eas agressores.<\/em><\/p>\n<p><em>A pessoa foi atacada primeiro no antebra\u00e7o, tendo o animal puxado-lhe a jaqueta. Como esta deveria estar aberta, a pessoa deu as costas para o animal, o que fez com que a jaqueta fosse arrancada com a manga parcialmente destru\u00edda.<\/em><\/p>\n<p><em>Nisso, um animal tentou agredir-lhe o pesco\u00e7o, tendo a v\u00edtima colocado o bra\u00e7o para se defender, causando-lhe les\u00f5es no mesmo, A pessoa caiu e ficou se defendendo, inicialmente no local, depois come\u00e7ou a se debater e girar para se defender. J\u00e1 come\u00e7ava a perder muito sangue, o qual come\u00e7ou a formar um semic\u00edrculo no ch\u00e3o. Quando, aparentemente, a v\u00edtima j\u00e1 se encontrava quase sem for\u00e7as, outro animal atacou-lhe a perna esquerda, na altura da regi\u00e3o posterior do joelho, arrancando a perna da cal\u00e7a pelo lado correto da roupa. Como a cal\u00e7a estava com o z\u00edper e o bot\u00e3o fechados, ao tracion\u00e1-la, desceu-se parcialmente a cueca, e assim que a v\u00edtima diminuiu a resist\u00eancia, a perna direita da cal\u00e7a saiu com facilidade. O animal n\u00e3o soltou a roupa, fazendo com que somente a perna esquerda fosse retirada pelo avesso e, como vi um chinelo s\u00f3, presumo que o outro ficou dentro da cal\u00e7a, E estranho que o animal tenha puxado em dire\u00e7\u00e3o ao mato e n\u00e3o \u00e0 estrada, onde seria mais f\u00e1cil atacar a &#8220;presa&#8221;, que quase n\u00e3o apresentava resist\u00eancia. Geralmente, felinos atacam sozinhos e c\u00e3es em matilha. A forma como arrancou as cal\u00e7as parece a de c\u00e3o, que se firma nos quatro membros e ataca com os dentes, felino por sua vez, ataca com os dentes os dois membros anteriores. As marcas na pena esquerda, ao lado do joelho e na lateral da canela, parecem marcas de garras, mas lateralmente, na coxa esquerda, parecem dentadas.<\/em><\/p>\n<p><em>Quando a v\u00edtima foi atacada nas pernas, n\u00e3o se debateu muito, pois sua regi\u00e3o gl\u00fatea do lado esquerdo est\u00e1 limpa, mostrando que n\u00e3o ficou de barriga para cima e n\u00e3o tentou coicear o animal, o que seria a tend\u00e8ncia natural de defesa.<\/em><\/p>\n<p><em>No bra\u00e7o esquerdo, h\u00e1 marcas de dentadas, assim como na por\u00e7\u00e3o esquerda das costelas. Pela altura da mordida no bra\u00e7o, parece que defendeu a regi\u00e3o do pesco\u00e7o de um &#8220;bote&#8221;, por\u00e9m a les\u00e3o maior, pr\u00f3xima \u00e0 axila, \u00e9 estranha para mim.<\/em><\/p>\n<p><em>Quanto ao pesco\u00e7o, s\u00e3o v\u00e1rias mordidas com muitas perfura\u00e7\u00f5es, por\u00e9m, algumas perfura\u00e7\u00f5es s\u00e3o de caninos muito grandes, mas, pelas marcas das lacera\u00e7\u00f5es, \u00e9 dif\u00edcil precisar o tipo de animal, atrav\u00e9s das fotos.<\/em><\/p>\n<p><em>Um fato comum em ataques de animais \u00e9 a abertura da regi\u00e3o ventral ou mesmo o consumo de carne, por\u00e9m, como a v\u00edtima \u00e9 humana, e em ataques a humanos normalmente n\u00e3o h\u00e1 consumo de carne (digamos que temos um gosto ruim), pode ter sido um animal com fome que, ao sentir o sabor, desprezou a v\u00edtima.<\/em><\/p>\n<p><em>Mas se n\u00e3o foi um animal com fome, e sim um territorialista, estaria quase nula a possibilidade de mais de um animal, a n\u00e3o ser que sejam c\u00e3es que se tornaram selvagens, e c\u00e3es de grande porte e muita for\u00e7a, pois \u00e9 rara a associa\u00e7\u00e3o destes com felinos. E, caso tenha sido territorialismo, por que outras pessoas ou animais nas proximidades n\u00e3o foram atacados? Quando s\u00e3o c\u00e3es de fazendeiros, tendem a atacar na \u00e1rea da sede da propriedade, pois este \u00e9 o seu territ\u00f3rio.<\/em><\/p>\n<p><em>Caso n\u00e3o seja nenhum desses motivos, o que levaria um animal, ou animais, a atacar uma pessoa, ao que me parece alcoolizada, entre 4h30min e 7h. da manh\u00e3? N\u00e3o deves esquecer que o animal, quando encontra o ser humano, procura fugir, a n\u00e3o ser que esteja com fome, ou a presa est\u00e1 invadindo seu territ\u00f3rio.<\/em><\/p>\n<p><em>Por\u00e9m, pode ter sido apenas um bando de animais, sem nada para fazer, que saiu para &#8220;curtir&#8221; a noite, e mataram o b\u00eabado apenas por divers\u00e3o. Seria um caso de animal que absorveu o comportamento est\u00fapido dos seres humanos, por\u00e9m n\u00f3s queim\u00e1vamos somente os \u00edndios b\u00eabados em Bras\u00edlia, n\u00e3o \u00e9 mesmo?<\/em><\/p>\n<p><em>Posso estar enganado, \u00e9 bom at\u00e9 que procures outras opini\u00f5es; e se estiver completamente enganado, o que o matou?<\/em><\/p>\n<p><em>Joares Adenilson May J\u00fanior<\/em><\/p>\n<p>&nbsp;<\/p>\n<p>A an\u00e1lise do veterin\u00e1rio foi muito bem embasada e detalhista e por ela entende-se por qu\u00ea c\u00e3es e felinos n\u00e3o podem ser imediatamente culpados pelo ataque que resultou na morte de Grebin. O Caso Grebin \u00e9 apenas um caso que veio \u00e0 p\u00fablico. Quantos outros casos semelhantes n\u00e3o chegaram ao conhecimento p\u00fablico, tanto no Brasil quanto em outros pa\u00edses? Percebe-se uma insist\u00eancia das autoridades em acobertar as mortes de animais causadas pelo chupacabras, e assim sendo, mortes de seres humanos por causas semelhantes devem ser ainda mais preocupantes, demandando ainda mais sigilo.<\/p>\n<\/div>\n<div id=\"attachment_5702\" style=\"width: 359px\" class=\"wp-caption aligncenter\"><img aria-describedby=\"caption-attachment-5702\" loading=\"lazy\" class=\"wp-image-5702 size-full\" src=\"https:\/\/www.fenomenum.com.br\/novo\/wp-content\/uploads\/2022\/04\/ataque1.jpg\" alt=\"\" width=\"349\" height=\"480\" \/><p id=\"caption-attachment-5702\" class=\"wp-caption-text\">Auto de exame cadav\u00e9rico, revelando detalhes do estado do corpo da v\u00edtima possivelmente atacada pelo Chupacabras.<\/p><\/div>\n<p>&nbsp;<\/p>\n<div id=\"attachment_5703\" style=\"width: 754px\" class=\"wp-caption aligncenter\"><img aria-describedby=\"caption-attachment-5703\" loading=\"lazy\" class=\"wp-image-5703 size-large\" src=\"https:\/\/www.fenomenum.com.br\/novo\/wp-content\/uploads\/2022\/04\/ataque2-744x1024.jpg\" alt=\"\" width=\"744\" height=\"1024\" \/><p id=\"caption-attachment-5703\" class=\"wp-caption-text\">P\u00e1gina do laudo pericial, descrevendo o fato e o cen\u00e1rio onde ocorreu.<\/p><\/div>\n<p>&nbsp;<\/p>\n<div id=\"attachment_5704\" style=\"width: 471px\" class=\"wp-caption aligncenter\"><img aria-describedby=\"caption-attachment-5704\" loading=\"lazy\" class=\"wp-image-5704 size-full\" src=\"https:\/\/www.fenomenum.com.br\/novo\/wp-content\/uploads\/2022\/04\/ataque3.jpg\" alt=\"\" width=\"461\" height=\"305\" \/><p id=\"caption-attachment-5704\" class=\"wp-caption-text\">Corpo da v\u00edtima, encontrado no local e registrado pela pol\u00edcia. [arquivo Joares Adenilson May Junior]<\/p><\/div>\n<div id=\"attachment_5705\" style=\"width: 471px\" class=\"wp-caption aligncenter\"><img aria-describedby=\"caption-attachment-5705\" loading=\"lazy\" class=\"wp-image-5705 size-full\" src=\"https:\/\/www.fenomenum.com.br\/novo\/wp-content\/uploads\/2022\/04\/ataque4.jpg\" alt=\"\" width=\"461\" height=\"304\" \/><p id=\"caption-attachment-5705\" class=\"wp-caption-text\">Corpo da v\u00edtima, encontrado no local e registrado pela pol\u00edcia. [arquivo Joares Adenilson May Junior]<\/p><\/div>\n<div id=\"attachment_5706\" style=\"width: 1034px\" class=\"wp-caption aligncenter\"><img aria-describedby=\"caption-attachment-5706\" loading=\"lazy\" class=\"wp-image-5706 size-large\" src=\"https:\/\/www.fenomenum.com.br\/novo\/wp-content\/uploads\/2022\/04\/ataque5-1024x655.jpg\" alt=\"\" width=\"1024\" height=\"655\" \/><p id=\"caption-attachment-5706\" class=\"wp-caption-text\">Corpo da v\u00edtima, encontrado no local e registrado pela pol\u00edcia. [arquivo Joares Adenilson May Junior]<\/p><\/div>\n<div id=\"attachment_5707\" style=\"width: 1034px\" class=\"wp-caption aligncenter\"><img aria-describedby=\"caption-attachment-5707\" loading=\"lazy\" class=\"wp-image-5707 size-large\" src=\"https:\/\/www.fenomenum.com.br\/novo\/wp-content\/uploads\/2022\/04\/ataque6-1024x666.jpg\" alt=\"\" width=\"1024\" height=\"666\" \/><p id=\"caption-attachment-5707\" class=\"wp-caption-text\">Corpo da v\u00edtima, encontrado no local e registrado pela pol\u00edcia. [arquivo Joares Adenilson May Junior]<\/p><\/div>\n<div id=\"attachment_5708\" style=\"width: 1034px\" class=\"wp-caption aligncenter\"><img aria-describedby=\"caption-attachment-5708\" loading=\"lazy\" class=\"wp-image-5708 size-large\" src=\"https:\/\/www.fenomenum.com.br\/novo\/wp-content\/uploads\/2022\/04\/ataque7-1024x643.jpg\" alt=\"\" width=\"1024\" height=\"643\" \/><p id=\"caption-attachment-5708\" class=\"wp-caption-text\">Corpo da v\u00edtima, encontrado no local e registrado pela pol\u00edcia [arquivo Joares Adenilson May Junior]<\/p><\/div>\n<div id=\"attachment_5709\" style=\"width: 1034px\" class=\"wp-caption aligncenter\"><img aria-describedby=\"caption-attachment-5709\" loading=\"lazy\" class=\"wp-image-5709 size-large\" src=\"https:\/\/www.fenomenum.com.br\/novo\/wp-content\/uploads\/2022\/04\/ataque8-1024x674.jpg\" alt=\"\" width=\"1024\" height=\"674\" \/><p id=\"caption-attachment-5709\" class=\"wp-caption-text\">Detalhe das feridas (perfura\u00e7\u00f5es) no pesco\u00e7o da v\u00edtima em ambos lados da cabe\u00e7a [arquivo Joares Adenilson May Junior]<\/p><\/div>\n<div id=\"attachment_5710\" style=\"width: 1034px\" class=\"wp-caption aligncenter\"><img aria-describedby=\"caption-attachment-5710\" loading=\"lazy\" class=\"wp-image-5710 size-large\" src=\"https:\/\/www.fenomenum.com.br\/novo\/wp-content\/uploads\/2022\/04\/ataque9-1024x677.jpg\" alt=\"\" width=\"1024\" height=\"677\" \/><p id=\"caption-attachment-5710\" class=\"wp-caption-text\">Detalhe das feridas (perfura\u00e7\u00f5es) no pesco\u00e7o da v\u00edtima em ambos lados da cabe\u00e7a [arquivo Joares Adenilson May Junior]<\/p><\/div>\n<div id=\"attachment_5711\" style=\"width: 1034px\" class=\"wp-caption aligncenter\"><img aria-describedby=\"caption-attachment-5711\" loading=\"lazy\" class=\"wp-image-5711 size-large\" src=\"https:\/\/www.fenomenum.com.br\/novo\/wp-content\/uploads\/2022\/04\/ataque10-1024x673.jpg\" alt=\"\" width=\"1024\" height=\"673\" \/><p id=\"caption-attachment-5711\" class=\"wp-caption-text\">Detalhe das feridas (perfura\u00e7\u00f5es) no pesco\u00e7o da v\u00edtima em ambos lados da cabe\u00e7a [arquivo Joares Adenilson May Junior]<\/p><\/div>\n<div id=\"attachment_5712\" style=\"width: 1034px\" class=\"wp-caption aligncenter\"><img aria-describedby=\"caption-attachment-5712\" loading=\"lazy\" class=\"wp-image-5712 size-large\" src=\"https:\/\/www.fenomenum.com.br\/novo\/wp-content\/uploads\/2022\/04\/ataque11-1024x639.jpg\" alt=\"\" width=\"1024\" height=\"639\" \/><p id=\"caption-attachment-5712\" class=\"wp-caption-text\">Detalhe das feridas (perfura\u00e7\u00f5es) no pesco\u00e7o da v\u00edtima em ambos lados da cabe\u00e7a [arquivo Joares Adenilson May Junior]<\/p><\/div>\n<p>&nbsp;<\/p>\n<table border=\"0\" width=\"100%\" cellspacing=\"5\" cellpadding=\"5\">\n<tbody>\n<tr>\n<td align=\"center\" bgcolor=\"#ECECEC\" width=\"24%\"><a href=\"http:\/\/fenomenum.com.br\/chupacabras1\/\"><img loading=\"lazy\" class=\"alignnone\" src=\"http:\/\/fenomenum.com.br\/ufo\/investigacao\/chupacabras\/imagens\/slide1.jpg\" alt=\"\" width=\"152\" height=\"103\" \/><\/a><\/td>\n<td align=\"left\" valign=\"top\" bgcolor=\"#ECECEC\" width=\"72%\"><strong><a href=\"https:\/\/www.fenomenum.com.br\/chupacabras1\/\">A Evolu\u00e7\u00e3o do Fen\u00f4meno<\/a><\/strong><br \/>\n<i>O fen\u00f4meno Chupacabras surgiu oficialmente em Porto Rico, em 1995. Por\u00e9m, antes disso j\u00e1 havia relatos de mortes de animais e estranhos predadores circulando no pa\u00eds. Ap\u00f3s surgir, ou ressurgir em Porto Rico o fen\u00f4meno rapidamente se espalhou para outros pa\u00edses vitimando milhares ou milh\u00f5es de animais e at\u00e9 seres humanos.<\/i><\/td>\n<\/tr>\n<tr>\n<td colspan=\"2\" align=\"center\" bgcolor=\"#ECECEC\">\n<hr \/>\n<\/td>\n<\/tr>\n<tr>\n<td align=\"center\" bgcolor=\"#ECECEC\"><a href=\"http:\/\/fenomenum.com.br\/chupacabras2\/\"><img src=\"http:\/\/fenomenum.com.br\/ufo\/investigacao\/chupacabras\/imagens\/slide2.jpg\" alt=\"\" \/><\/a><\/td>\n<td align=\"left\" valign=\"top\" bgcolor=\"#ECECEC\"><strong><a href=\"http:\/\/fenomenum.com.br\/chupacabras2\/\">O Caso do Vampiro da Moca<\/a><\/strong><br \/>\n<em>Em 1975, ocorreu uma onda de mortes de animais em circunst\u00e2ncias estranhas na regi\u00e3o de Moca, Porto Rico. Hoje, d\u00e9cadas depois, o mist\u00e9rio permanece.<\/em><\/td>\n<\/tr>\n<tr>\n<td colspan=\"2\" align=\"center\" bgcolor=\"#ECECEC\">\n<hr \/>\n<\/td>\n<\/tr>\n<tr>\n<td align=\"center\" bgcolor=\"#ECECEC\"><a href=\"http:\/\/fenomenum.com.br\/chupacabras3\/\"><img src=\"http:\/\/fenomenum.com.br\/ufo\/investigacao\/chupacabras\/imagens\/slide3.jpg\" alt=\"\" \/><\/a><\/td>\n<td align=\"left\" valign=\"top\" bgcolor=\"#ECECEC\"><strong><a href=\"http:\/\/fenomenum.com.br\/chupacabras3\/\">Casos em Porto Rico e Outros Mist\u00e9rios<\/a><\/strong><br \/>\n<i>Em 1995, ocorreu uma grande onda de mortes de animais em circunst\u00e2ncias estranhas. N\u00e3o demorou e surgiram relatos sobre uma estranha criatura na ilha.<\/i><\/td>\n<\/tr>\n<tr>\n<td colspan=\"2\" align=\"center\" bgcolor=\"#ECECEC\">\n<hr \/>\n<\/td>\n<\/tr>\n<tr>\n<td align=\"center\" bgcolor=\"#ECECEC\"><a href=\"http:\/\/fenomenum.com.br\/chupacabras4\/\"><img src=\"http:\/\/fenomenum.com.br\/ufo\/investigacao\/chupacabras\/imagens\/slide4.jpg\" alt=\"\" \/><\/a><\/td>\n<td align=\"left\" valign=\"top\" bgcolor=\"#ECECEC\"><strong><a href=\"http:\/\/fenomenum.com.br\/chupacabras4\/\">Casos no M\u00e9xico<\/a><\/strong><br \/>\n<i>O M\u00e9xico foi o segundo ou terceiro pa\u00eds a registrar ataques do Chupacabras, e ali o predador se mostrou ainda mais voraz e agressivo do que em Porto Rico. E assim como na pequena ilha caribenha, o M\u00e9xico j\u00e1 havia experimentado r\u00e1pidos e misteriosos ataques anos antes.<\/i><\/td>\n<\/tr>\n<tr>\n<td colspan=\"2\" align=\"center\" bgcolor=\"#ECECEC\">\n<hr \/>\n<\/td>\n<\/tr>\n<tr>\n<td align=\"center\" bgcolor=\"#ECECEC\"><a href=\"http:\/\/fenomenum.com.br\/chupacabras5\/\"><img src=\"http:\/\/fenomenum.com.br\/ufo\/investigacao\/chupacabras\/imagens\/slide5.jpg\" alt=\"\" \/><\/a><\/td>\n<td align=\"left\" valign=\"top\" bgcolor=\"#ECECEC\"><strong><a href=\"http:\/\/fenomenum.com.br\/chupacabras5\/\">Casos Mexicanos Mais Recentes<\/a><\/strong><br \/>\n<i>O M\u00e9xico foi o segundo ou terceiro pa\u00eds a registrar ataques do Chupacabras, e ali o predador se mostrou ainda mais voraz e agressivo do que em Porto Rico. E mesmo d\u00e9cadas depois, o fen\u00f4meno ainda continua vivo no pa\u00eds.<\/i><\/td>\n<\/tr>\n<tr>\n<td colspan=\"2\" align=\"center\" bgcolor=\"#ECECEC\">\n<hr \/>\n<\/td>\n<\/tr>\n<tr>\n<td align=\"center\" bgcolor=\"#ECECEC\"><a href=\"http:\/\/fenomenum.com.br\/chupacabras6\/\"><img src=\"http:\/\/fenomenum.com.br\/ufo\/investigacao\/chupacabras\/imagens\/slide6.jpg\" alt=\"\" \/><\/a><\/td>\n<td align=\"left\" valign=\"top\" bgcolor=\"#ECECEC\"><strong><a href=\"http:\/\/fenomenum.com.br\/chupacabras6\/\">Casos em Pa\u00edses da Am\u00e9rica Central<\/a><\/strong><br \/>\n<i>Os v\u00e1rios pa\u00edses da Am\u00e9rica Central foram palco de ataques de Chupacabras entre 1995 e 2020.<\/i><\/td>\n<\/tr>\n<tr>\n<td colspan=\"2\" align=\"center\" bgcolor=\"#ECECEC\">\n<hr \/>\n<\/td>\n<\/tr>\n<tr>\n<td align=\"center\" bgcolor=\"#ECECEC\"><a href=\"http:\/\/fenomenum.com.br\/chupacabras7\/\"><img src=\"http:\/\/fenomenum.com.br\/ufo\/investigacao\/chupacabras\/imagens\/slide7.jpg\" alt=\"\" \/><\/a><\/td>\n<td align=\"left\" valign=\"top\" bgcolor=\"#ECECEC\"><strong><a href=\"http:\/\/fenomenum.com.br\/chupacabras7\/\">Ataques de Chupacabras no Estado do Paran\u00e1.<\/a><\/strong><br \/>\n<i>Entre 1997 e 1999, o Estado do Paran\u00e1 foi palco de v\u00e1rias dezenas de ataques do Chupacabras, que resultaram na morte de v\u00e1rias centenas de animais de cria\u00e7\u00e3o<\/i><\/td>\n<\/tr>\n<tr>\n<td colspan=\"2\" align=\"center\" bgcolor=\"#ECECEC\">\n<hr \/>\n<\/td>\n<\/tr>\n<tr>\n<td align=\"center\" bgcolor=\"#ECECEC\"><a href=\"http:\/\/fenomenum.com.br\/chupacabras8\/\"><img src=\"http:\/\/fenomenum.com.br\/ufo\/investigacao\/chupacabras\/imagens\/slide8.jpg\" alt=\"\" \/><\/a><\/td>\n<td align=\"left\" valign=\"top\" bgcolor=\"#ECECEC\"><strong><a href=\"http:\/\/fenomenum.com.br\/chupacabras8\/\">Relat\u00f3rio de Carlos Alberto Machado<\/a><\/strong><br \/>\n<i>Estranhas mortes de animais na regi\u00e3o metropolitana de Curitiba. Apesar das negativas oficiais das autoridades existem evid\u00eancias fortes indicando que os ataques tem origem em um animal n\u00e3o catalogado pela Ci\u00eancia.<\/i><\/td>\n<\/tr>\n<tr>\n<td colspan=\"2\" align=\"center\" bgcolor=\"#ECECEC\">\n<hr \/>\n<\/td>\n<\/tr>\n<tr>\n<td align=\"center\" bgcolor=\"#ECECEC\"><a href=\"http:\/\/fenomenum.com.br\/chupacabras9\/\"><img src=\"http:\/\/fenomenum.com.br\/ufo\/investigacao\/chupacabras\/imagens\/slide9.jpg\" alt=\"\" \/><\/a><\/td>\n<td align=\"left\" valign=\"top\" bgcolor=\"#ECECEC\"><strong><a href=\"http:\/\/fenomenum.com.br\/chupacabras9\/\">Sitiante Viu Tudo e Desmente Laudo<\/a><\/strong><br \/>\n<i>Carlos Messner, dono de v\u00e1rios animais atacados pelo Chupacabras denuncia acobertamento governamental.<\/i><\/td>\n<\/tr>\n<tr>\n<td colspan=\"2\" align=\"center\" bgcolor=\"#ECECEC\">\n<hr \/>\n<\/td>\n<\/tr>\n<tr>\n<td align=\"center\" bgcolor=\"#ECECEC\"><a href=\"http:\/\/fenomenum.com.br\/chupacabras10\/\"><img src=\"http:\/\/fenomenum.com.br\/ufo\/investigacao\/chupacabras\/imagens\/slide10.jpg\" alt=\"\" \/><\/a><\/td>\n<td align=\"left\" valign=\"top\" bgcolor=\"#ECECEC\"><strong><a href=\"http:\/\/fenomenum.com.br\/chupacabras10\/\">O Caso de Ortigueira (PR)<\/a><\/strong><br \/>\n<i>O Caso de Ortigueira \u00e9 um caso impressionante. Sessenta e seis ovelhas foram mortas e empilhadas em duas pilhas de 33 ovelhas cada, dentro do pr\u00f3prio aprisco, pr\u00f3ximo \u00e0 casa do propriet\u00e1rio.<\/i><\/td>\n<\/tr>\n<tr>\n<td colspan=\"2\" align=\"center\" bgcolor=\"#ECECEC\">\n<hr \/>\n<\/td>\n<\/tr>\n<tr>\n<td align=\"center\" bgcolor=\"#ECECEC\"><a href=\"http:\/\/fenomenum.com.br\/chupacabras11\/\"><img src=\"http:\/\/fenomenum.com.br\/ufo\/investigacao\/chupacabras\/imagens\/slide11.jpg\" alt=\"\" \/><\/a><\/td>\n<td align=\"left\" valign=\"top\" bgcolor=\"#ECECEC\"><strong><a href=\"http:\/\/fenomenum.com.br\/chupacabras11\/\">Casos Ocorridos em 1999, no Paran\u00e1<\/a><\/strong><br \/>\n<i>Um impressionante caso de ataque de Chupacabras em \u00e1rea urbana e densamente povoada, ocorrido na periferia da cidade de Curitiba (PR), em 1999.<\/i><\/td>\n<\/tr>\n<tr>\n<td colspan=\"2\" align=\"center\" bgcolor=\"#ECECEC\">\n<hr \/>\n<\/td>\n<\/tr>\n<tr>\n<td align=\"center\" bgcolor=\"#ECECEC\"><a href=\"http:\/\/fenomenum.com.br\/chupacabras12\/\"><img src=\"http:\/\/fenomenum.com.br\/ufo\/investigacao\/chupacabras\/imagens\/slide12.jpg\" alt=\"\" \/><\/a><\/td>\n<td align=\"left\" valign=\"top\" bgcolor=\"#ECECEC\"><strong><a href=\"http:\/\/fenomenum.com.br\/chupacabras12\/\">A Volta do Chupacabras?<\/a><\/strong><br \/>\n<i>Estranhas mortes de animais ocorridas na regi\u00e3o de Curitiba. Seria a volta do Chupacabras ou ataque de animal predador comum?<\/i><\/td>\n<\/tr>\n<tr>\n<td colspan=\"2\" align=\"center\" bgcolor=\"#ECECEC\">\n<hr \/>\n<\/td>\n<\/tr>\n<tr>\n<td align=\"center\" bgcolor=\"#ECECEC\"><a href=\"http:\/\/fenomenum.com.br\/chupacabras13\/\"><img src=\"http:\/\/fenomenum.com.br\/ufo\/investigacao\/chupacabras\/imagens\/slide13.jpg\" alt=\"\" \/><\/a><\/td>\n<td align=\"left\" valign=\"top\" bgcolor=\"#ECECEC\"><strong><a href=\"http:\/\/fenomenum.com.br\/chupacabras13\/\">Chupacabras no Estado de S\u00e3o Paulo<\/a><\/strong><br \/>\n<i>O Estado de S\u00e3o Paulo registrou dezenas de casos com v\u00e1rias centenas de animais mortos, dentro da onda de ataques do Chupacabras, em 1997.<\/i><\/td>\n<\/tr>\n<tr>\n<td colspan=\"2\" align=\"center\" bgcolor=\"#ECECEC\">\n<hr \/>\n<\/td>\n<\/tr>\n<tr>\n<td align=\"center\" bgcolor=\"#ECECEC\"><a href=\"http:\/\/fenomenum.com.br\/chupacabras14\/\"><img src=\"http:\/\/fenomenum.com.br\/ufo\/investigacao\/chupacabras\/imagens\/slide14.jpg\" alt=\"\" \/><\/a><\/td>\n<td align=\"left\" valign=\"top\" bgcolor=\"#ECECEC\"><strong><a href=\"http:\/\/fenomenum.com.br\/chupacabras14\/\">O Caso da Praia Grande (SP)<\/a><\/strong><br \/>\n<i>Transcri\u00e7\u00e3o de artigo, publicado na Revista UFO Especial, edi\u00e7\u00e3o 19, de setembro de 1997.<\/i><\/td>\n<\/tr>\n<tr>\n<td colspan=\"2\" align=\"center\" bgcolor=\"#ECECEC\">\n<hr \/>\n<\/td>\n<\/tr>\n<tr>\n<td align=\"center\" bgcolor=\"#ECECEC\"><a href=\"http:\/\/fenomenum.com.br\/chupacabras15\/\"><img src=\"http:\/\/fenomenum.com.br\/ufo\/investigacao\/chupacabras\/imagens\/slide15.jpg\" alt=\"\" \/><\/a><\/td>\n<td align=\"left\" valign=\"top\" bgcolor=\"#ECECEC\"><strong><a href=\"http:\/\/fenomenum.com.br\/chupacabras15\/\">Ataques no Estado de S\u00e3o Paulo em 1999<\/a><\/strong><br \/>\n<i>Em 1999, ouve uma pequena onda de ataques atribu\u00eddos ao Chupacabras em diferentes localidades do estado de S\u00e3o Paulo.<\/i><\/td>\n<\/tr>\n<tr>\n<td colspan=\"2\" align=\"center\" bgcolor=\"#ECECEC\">\n<hr \/>\n<\/td>\n<\/tr>\n<tr>\n<td align=\"center\" bgcolor=\"#ECECEC\"><a href=\"http:\/\/fenomenum.com.br\/chupacabras16\/\"><img src=\"http:\/\/fenomenum.com.br\/ufo\/investigacao\/chupacabras\/imagens\/slide16.jpg\" alt=\"\" \/><\/a><\/td>\n<td align=\"left\" valign=\"top\" bgcolor=\"#ECECEC\"><strong><a href=\"http:\/\/fenomenum.com.br\/chupacabras16\/\">Estranho Animal Ataca em Canoinha (SC)<\/a><\/strong><br \/>\n<i>Transcri\u00e7\u00e3o de Reportagem do Jornal O Planalto, de 1 de agosto de 1997.<\/i><\/td>\n<\/tr>\n<tr>\n<td colspan=\"2\" align=\"center\" bgcolor=\"#ECECEC\">\n<hr \/>\n<\/td>\n<\/tr>\n<tr>\n<td align=\"center\" bgcolor=\"#ECECEC\"><a href=\"http:\/\/fenomenum.com.br\/chupacabras17\/\"><img src=\"http:\/\/fenomenum.com.br\/ufo\/investigacao\/chupacabras\/imagens\/slide17.jpg\" alt=\"\" \/><\/a><\/td>\n<td align=\"left\" valign=\"top\" bgcolor=\"#ECECEC\"><strong><a href=\"http:\/\/fenomenum.com.br\/chupacabras17\/\">Ataques de Chupacabras no Mato Grosso do Sul<\/a><\/strong><br \/>\n<i>Transcri\u00e7\u00e3o de artigo, publicado na Revista UFO, edi\u00e7\u00e3o 53, de setembro de 1997.<\/i><\/td>\n<\/tr>\n<tr>\n<td colspan=\"2\" align=\"center\" bgcolor=\"#ECECEC\">\n<hr \/>\n<\/td>\n<\/tr>\n<tr>\n<td align=\"center\" bgcolor=\"#ECECEC\"><a href=\"http:\/\/fenomenum.com.br\/chupacabras18\/\"><img src=\"http:\/\/fenomenum.com.br\/ufo\/investigacao\/chupacabras\/imagens\/slide18.jpg\" alt=\"\" \/><\/a><\/td>\n<td align=\"left\" valign=\"top\" bgcolor=\"#ECECEC\"><strong><a href=\"http:\/\/fenomenum.com.br\/chupacabras18\/\">Ataques no Rio de Janeiro se Confundem com Mutila\u00e7\u00e3o<\/a><\/strong><br \/>\n<i>Transcri\u00e7\u00e3o de artigo, publicado na Revista UFO, edi\u00e7\u00e3o 53, de setembro de 1997.<\/i><\/td>\n<\/tr>\n<tr>\n<td colspan=\"2\" align=\"center\" bgcolor=\"#ECECEC\">\n<hr \/>\n<\/td>\n<\/tr>\n<tr>\n<td align=\"center\" bgcolor=\"#ECECEC\"><a href=\"http:\/\/fenomenum.com.br\/chupacabras19\/\"><img src=\"http:\/\/fenomenum.com.br\/ufo\/investigacao\/chupacabras\/imagens\/slide19.jpg\" alt=\"\" \/><\/a><\/td>\n<td align=\"left\" valign=\"top\" bgcolor=\"#ECECEC\"><strong><a href=\"http:\/\/fenomenum.com.br\/chupacabras19\/\">Matan\u00e7as Caninas em S\u00e9rie<\/a><\/strong><br \/>\n<i>Transcri\u00e7\u00e3o de artigo, publicado na Revista UFO, edi\u00e7\u00e3o 53, de setembro de 1997.<\/i><\/td>\n<\/tr>\n<tr>\n<td colspan=\"2\" align=\"center\" bgcolor=\"#ECECEC\">\n<hr \/>\n<\/td>\n<\/tr>\n<tr>\n<td align=\"center\" bgcolor=\"#ECECEC\"><a href=\"http:\/\/fenomenum.com.br\/chupacabras20\/\"><img src=\"http:\/\/fenomenum.com.br\/ufo\/investigacao\/chupacabras\/imagens\/slide20.jpg\" alt=\"\" \/><\/a><\/td>\n<td align=\"left\" valign=\"top\" bgcolor=\"#ECECEC\"><strong><a href=\"http:\/\/fenomenum.com.br\/chupacabras20\/\">Alien\u00edgenas Predadores: A Face Sinistra da Ufologia<\/a><\/strong><br \/>\n<i>Transcri\u00e7\u00e3o de artigo, publicado na Revista UFO, edi\u00e7\u00e3o 53, de setembro de 1997.<\/i><\/td>\n<\/tr>\n<tr>\n<td colspan=\"2\" align=\"center\" bgcolor=\"#ECECEC\">\n<hr \/>\n<\/td>\n<\/tr>\n<tr>\n<td align=\"center\" bgcolor=\"#ECECEC\"><a href=\"http:\/\/fenomenum.com.br\/chupacabras21\/\"><img src=\"http:\/\/fenomenum.com.br\/ufo\/investigacao\/chupacabras\/imagens\/slide21.jpg\" alt=\"\" \/><\/a><\/td>\n<td align=\"left\" valign=\"top\" bgcolor=\"#ECECEC\"><strong><a href=\"http:\/\/fenomenum.com.br\/chupacabras21\/\">Casos no Chile<\/a><\/strong><br \/>\n<i>O Chile foi outro pa\u00eds que registrou, durante anos, uma grande incid\u00eancia de ataques do misterioso Chupacabras.<\/i><\/td>\n<\/tr>\n<tr>\n<td colspan=\"2\" align=\"center\" bgcolor=\"#ECECEC\">\n<hr \/>\n<\/td>\n<\/tr>\n<tr>\n<td align=\"center\" bgcolor=\"#ECECEC\"><a href=\"http:\/\/fenomenum.com.br\/chupacabras22\/\"><img src=\"http:\/\/fenomenum.com.br\/ufo\/investigacao\/chupacabras\/imagens\/slide22.jpg\" alt=\"\" \/><\/a><\/td>\n<td align=\"left\" valign=\"top\" bgcolor=\"#ECECEC\"><strong><a href=\"http:\/\/fenomenum.com.br\/chupacabras22\/\">Casos na Argentina<\/a><\/strong><br \/>\n<i>Diferentes de outros pa\u00edses sul-americanos, os casos de Chupacabras se confundem com as misteriosas mutila\u00e7oes de gado associadas ao fen\u00f4meno UFO.<\/i><\/td>\n<\/tr>\n<tr>\n<td colspan=\"2\" align=\"center\" bgcolor=\"#ECECEC\">\n<hr \/>\n<\/td>\n<\/tr>\n<tr>\n<td align=\"center\" bgcolor=\"#ECECEC\"><a href=\"http:\/\/fenomenum.com.br\/chupacabras23\/\"><img src=\"http:\/\/fenomenum.com.br\/ufo\/investigacao\/chupacabras\/imagens\/slide23.jpg\" alt=\"\" \/><\/a><\/td>\n<td align=\"left\" valign=\"top\" bgcolor=\"#ECECEC\"><strong><a href=\"http:\/\/fenomenum.com.br\/chupacabras23\/\">Casos no Paraguai<\/a><\/strong><br \/>\n<i>Em todos os pa\u00edses da Am\u00e9rica Latina foram registrados ataques de Chupacabras. No Paraguai n\u00e3o foi diferente. Numerosos animais foram vitimados ali, pela estranha criatura.<\/i><\/td>\n<\/tr>\n<tr>\n<td colspan=\"2\" align=\"center\" bgcolor=\"#ECECEC\">\n<hr \/>\n<\/td>\n<\/tr>\n<tr>\n<td align=\"center\" bgcolor=\"#ECECEC\"><a href=\"http:\/\/fenomenum.com.br\/chupacabras24\/\"><img src=\"http:\/\/fenomenum.com.br\/ufo\/investigacao\/chupacabras\/imagens\/slide24.jpg\" alt=\"\" \/><\/a><\/td>\n<td align=\"left\" valign=\"top\" bgcolor=\"#ECECEC\"><strong><a href=\"http:\/\/fenomenum.com.br\/chupacabras24\/\">Casos Ocorridos nos Estados Unidos<\/a><\/strong><br \/>\n<i>Nos Estados Unidos tamb\u00e9m foram registrados casos de ataques de Chupacabras. Por\u00e9m, o pa\u00eds agiu de forma eficiente acobertando fatos e ridicularizando o tema.<\/i><\/td>\n<\/tr>\n<tr>\n<td colspan=\"2\" align=\"center\" bgcolor=\"#ECECEC\">\n<hr \/>\n<\/td>\n<\/tr>\n<tr>\n<td align=\"center\" bgcolor=\"#ECECEC\"><a href=\"http:\/\/fenomenum.com.br\/chupacabras25\/\"><img src=\"http:\/\/fenomenum.com.br\/ufo\/investigacao\/chupacabras\/imagens\/slide25.jpg\" alt=\"\" \/><\/a><\/td>\n<td align=\"left\" valign=\"top\" bgcolor=\"#ECECEC\"><strong><a href=\"http:\/\/fenomenum.com.br\/chupacabras25\/\">Casos na Col\u00f4mbia<\/a><\/strong><br \/>\n<i>Em 2016, uma onda de ataques ocorreu na Colombia, vitimando centenas de animais de cria\u00e7\u00e3o.<\/i><\/td>\n<\/tr>\n<tr>\n<td colspan=\"2\" align=\"center\" bgcolor=\"#ECECEC\">\n<hr \/>\n<\/td>\n<\/tr>\n<tr>\n<td align=\"center\" bgcolor=\"#ECECEC\"><a href=\"http:\/\/fenomenum.com.br\/chupacabras26\/\"><img src=\"http:\/\/fenomenum.com.br\/ufo\/investigacao\/chupacabras\/imagens\/slide26.jpg\" alt=\"\" \/><\/a><\/td>\n<td align=\"left\" valign=\"top\" bgcolor=\"#ECECEC\"><strong><a href=\"http:\/\/fenomenum.com.br\/ufo\/investigacao\/chupacabras\/chupacabras26\">Ataques \u00e0 Humanos<\/a><\/strong><br \/>\n<i>Em v\u00e1rios pa\u00edses onde o Chupacabras se manifestou, diversas pessoas tiveram a desagr\u00e1vel experi\u00eancia de serem atacadas pela criatura. Alguns casos, de forma bastante tr\u00e1gica.<\/i><\/td>\n<\/tr>\n<tr>\n<td colspan=\"2\" align=\"center\" bgcolor=\"#ECECEC\">\n<hr \/>\n<\/td>\n<\/tr>\n<tr>\n<td align=\"center\" bgcolor=\"#ECECEC\"><a href=\"http:\/\/fenomenum.com.br\/chupacabras27\"><img src=\"http:\/\/fenomenum.com.br\/ufo\/investigacao\/chupacabras\/imagens\/slide27.jpg\" alt=\"\" \/><\/a><\/td>\n<td align=\"left\" valign=\"top\" bgcolor=\"#ECECEC\"><strong><a href=\"http:\/\/fenomenum.com.br\/chupacabras27\/\">Acobertamento<\/a><\/strong><br \/>\n<i>Em todos os pa\u00edses onde o Chupacabras se manifestou ocorreu um processo de acobertamento e ridiculariza\u00e7\u00e3o de fatos, por parte de autoridades, al\u00e9m de manobras de capturas, realizadas por militares. Muitas delas com sucesso.<\/i><\/td>\n<\/tr>\n<tr>\n<td colspan=\"2\" align=\"center\" bgcolor=\"#ECECEC\">\n<hr \/>\n<\/td>\n<\/tr>\n<tr>\n<td align=\"center\" bgcolor=\"#ECECEC\"><a href=\"http:\/\/fenomenum.com.br\/chupacabras28\/\"><img src=\"http:\/\/fenomenum.com.br\/ufo\/investigacao\/chupacabras\/imagens\/slide28.jpg\" alt=\"\" \/><\/a><\/td>\n<td align=\"left\" valign=\"top\" bgcolor=\"#ECECEC\"><strong><a href=\"http:\/\/fenomenum.com.br\/chupacabras28\/\">Registros Fotogr\u00e1ficos de Estranhos Animais<\/a><\/strong><br \/>\n<i>Ao longo das ondas de ataques de Chupacabras surgiram fotografias que seriam registros fotogr\u00e1ficos do estranho animal. Embora tais registros n\u00e3o sejam irrefut\u00e1veis, apresentamos aqui os mais importantes.<\/i><\/td>\n<\/tr>\n<tr>\n<td colspan=\"2\" align=\"center\" bgcolor=\"#ECECEC\">\n<hr \/>\n<\/td>\n<\/tr>\n<tr>\n<td align=\"center\" bgcolor=\"#ECECEC\"><a href=\"http:\/\/fenomenum.com.br\/chupacabras29\/\"><img src=\"http:\/\/fenomenum.com.br\/ufo\/investigacao\/chupacabras\/imagens\/slide29.jpg\" alt=\"\" \/><\/a><\/td>\n<td align=\"left\" valign=\"top\" bgcolor=\"#ECECEC\"><strong><a href=\"http:\/\/fenomenum.com.br\/chupacabras29\/\">Hip\u00f3teses e Teorias Sobre Chupacabras<\/a><\/strong><br \/>\n<i>Ao longo das ondas de ataques de Chupacabras surgiram fotografias que seriam registros fotogr\u00e1ficos do estranho animal. Embora tais registros n\u00e3o sejam irrefut\u00e1veis, apresentamos aqui os mais importantes.<\/i><\/td>\n<\/tr>\n<tr>\n<td colspan=\"2\" align=\"center\" bgcolor=\"#ECECEC\">\n<hr \/>\n<\/td>\n<\/tr>\n<tr>\n<td align=\"center\" bgcolor=\"#ECECEC\"><a href=\"http:\/\/fenomenum.com.br\/chupacabras30\/\"><img src=\"http:\/\/fenomenum.com.br\/ufo\/investigacao\/chupacabras\/\/slide30.jpg\" alt=\"\" \/><\/a><\/td>\n<td align=\"left\" valign=\"top\" bgcolor=\"#ECECEC\"><strong><a href=\"http:\/\/fenomenum.com.br\/chupacabras30\/\">Padr\u00f5es e Caracter\u00edsticas em Ataques de Chupacabras<\/a><\/strong><br \/>\n<i>Conhe\u00e7a as diferen\u00e7as entre ataques de predadores convencionais e aqueles registrados em casos de ataques de Chupacabras.<\/i><\/td>\n<\/tr>\n<tr>\n<td colspan=\"2\" align=\"center\" bgcolor=\"#ECECEC\">\n<hr \/>\n<\/td>\n<\/tr>\n<tr>\n<td align=\"center\" bgcolor=\"#ECECEC\"><a href=\"http:\/\/fenomenum.com.br\/chupacabras31\/\"><img src=\"http:\/\/fenomenum.com.br\/ufo\/investigacao\/chupacabras\/imagens\/slide31.jpg\" alt=\"\" \/><\/a><\/td>\n<td align=\"left\" valign=\"top\" bgcolor=\"#ECECEC\"><strong><a href=\"http:\/\/fenomenum.com.br\/chupacabras31\/\">An\u00e1lises Laboratoriais<\/a><\/strong><br \/>\n<i>Detalhes sobre an\u00e1lises laboratoriais realizadas em p\u00ealos e fezes de animais estranhos, coletadas em locais de ataque de Chupacabras.<\/i><\/td>\n<\/tr>\n<tr>\n<td colspan=\"2\" align=\"center\" bgcolor=\"#ECECEC\">\n<hr \/>\n<\/td>\n<\/tr>\n<tr>\n<td align=\"center\" bgcolor=\"#ECECEC\"><a href=\"http:\/\/fenomenum.com.br\/chupacabras32\/\"><img src=\"http:\/\/fenomenum.com.br\/ufo\/investigacao\/chupacabras\/imagens\/slide32.jpg\" alt=\"\" \/><\/a><\/td>\n<td align=\"left\" valign=\"top\" bgcolor=\"#ECECEC\"><strong><a href=\"http:\/\/fenomenum.com.br\/chupacabras32\/\">Entrevista com Fernando Grossman<\/a><\/strong><br \/>\n<i>Durante a realiza\u00e7\u00e3o do IV EXPO-UFO (Exposi\u00e7\u00e3o Ufol\u00f3gica do Guaruj\u00e1 \u2013 SP), realizada em 19 e 20 de julho de 1997, Fernando Grossman concedeu uma entrevista ao uf\u00f3logo Carlos Alberto Machado.<\/i><\/td>\n<\/tr>\n<tr>\n<td colspan=\"2\" align=\"center\" bgcolor=\"#ECECEC\">\n<hr \/>\n<\/td>\n<\/tr>\n<tr>\n<td align=\"center\" bgcolor=\"#ECECEC\"><a href=\"http:\/\/fenomenum.com.br\/chupacabras33\/\"><img src=\"http:\/\/fenomenum.com.br\/ufo\/investigacao\/chupacabras\/imagens\/slide33.jpg\" alt=\"\" \/><\/a><\/td>\n<td align=\"left\" valign=\"top\" bgcolor=\"#ECECEC\"><strong><a href=\"http:\/\/fenomenum.com.br\/chupacabras33\/\">Entrevista com Madelyne Tolentino<\/a><\/strong><br \/>\n<i>Madeline Tolentino \u00e9 testemunha visual do Chupacabras em Porto Rico. Foi a primeira pessoa a relatar publicamente ter avistado a estranha criatura.<\/i><\/td>\n<\/tr>\n<tr>\n<td colspan=\"2\" align=\"center\" bgcolor=\"#ECECEC\">\n<hr \/>\n<\/td>\n<\/tr>\n<tr>\n<td align=\"center\" bgcolor=\"#ECECEC\"><a href=\"http:\/\/fenomenum.com.br\/chupacabras34\/\"><img src=\"http:\/\/fenomenum.com.br\/ufo\/investigacao\/chupacabras\/imagens\/slide34.jpg\" alt=\"\" \/><\/a><\/td>\n<td align=\"left\" valign=\"top\" bgcolor=\"#ECECEC\"><strong><a href=\"http:\/\/fenomenum.com.br\/chupacabras34\/\">Entrevista com Daniel P\u00e9rez<\/a><\/strong><br \/>\n<i>Daniel P\u00e9rez \u00e9 uma das principais testemunhas de Chupacabras de Porto Rico. Ele foi entrevistado pelo uf\u00f3logo Jorge Martin.<\/i><\/td>\n<\/tr>\n<\/tbody>\n<\/table>\n<p>&nbsp;<\/p>\n<p>&nbsp;<\/p>\n<h2><\/h2>\n<h2>Refer\u00eancias:<\/h2>\n<hr \/>\n<ol>\n<li>MACHADO, Carlos Alberto. Olhos de Drag\u00e3o &#8211; Reflex\u00f5es para uma nova realidade. Curitiba: Aramis Chain, 2001.<\/li>\n<li>MACHADO, Carlos Alberto. Estranha Colheira. Mutila\u00e7\u00f5es humanas do ins\u00f3lito. S\u00e3o Jos\u00e9 dos Pinhais, 2018.<\/li>\n<li>MARTIN, Jorge. Chupacabras: aliens ou aberra\u00e7\u00e3o gen\u00e9tica?. Revista UFO, p. 12-14, agosto de 1996.<\/li>\n<li>MARTIN, Jorge. Uma teoria: Interc\u00e2mbio gen\u00e9tico por emiss\u00f5es eletr\u00f4nicas. Revista UFO, p. 17, agosto de 1996.<\/li>\n<li>MONDINI. Animal desconhecido encontrado mutilado em S\u00e3o Paulo. Revista UFO, p. 20, agosto de 1996.<\/li>\n<li>STIEVEN, Mauren. Novos ataques no Mato Grosso do Sul. Revista UFO, p. 27 \u00e0 31. , Setembro de 1997.<\/li>\n<li>EQUIPE NPU. Mortes de animais geram pol\u00eamica. Revista Fatos &amp; Mist\u00e9rios, p. 36 \u00e0 39. Novembro de 1997.<\/li>\n<li>SIERRA, Javier. Novos ataques da criatura no Caribe. Revista UFO n\u00ba 50, p. 21 \u00e0 24. Abril de 1997.<\/li>\n<li>MACHADO, Carlos Alberto. Chupacabras. Revista UFO n\u00ba 66, p. 37 \u00e0 45. Agosto de 1999.<\/li>\n<li>EQUIPE CIPEX. Esclarecimentos que nada esclarecem. Revista UFO n\u00ba 66, p. 41 e 42. Agosto de 1999<\/li>\n<li>EQUIPE CIPEX. Militar fala sobre Chupacabras. Revista UFO n\u00ba 66, p. 43. Agosto de 1999<\/li>\n<li>SAN MARTIN, Paulo. Chupa-cabras. Que bicho \u00e9 esse? Revista Extra n\u00ba1, p. 4 \u00e0 5. Agosto de 1997.<\/li>\n<li>EQUIPE CEPEX. Epis\u00f3dios com o bicho causam alvoro\u00e7o nacional. Revista Extra n\u00ba1, p. 6 \u00e0 7. Agosto de 1997.<\/li>\n<li>EQUIPE CEPEX. Ovelhas mortas: \u00e9 o in\u00edcio da hist\u00f3ria. Revista Extra n\u00ba1, p. 8 \u00e0 12. Agosto de 1997.<\/li>\n<li>EQUIPE CEPEX. Sitiante viu tudo e desmente o laudo. Revista Extra n\u00ba1, p. 13 \u00e0 14. Agosto de 1997.<\/li>\n<li>EQUIPE CEPEX. Bicho aparece, deixa pistas e ganha forma. Revista Extra n\u00ba1, p. 18 \u00e0 20. Agosto de 1997.<\/li>\n<li>EQUIPE CEPEX. Chupa-cabras deixa seus rastros na terra. Revista Extra n\u00ba1, p. 21 \u00e0 22. Agosto de 1997.<\/li>\n<li>EQUIPE CEPEX. Animal anda rebolando e \u00e9 visto por tratorista. Revista Extra n\u00ba1, p. 23 \u00e0 25. Agosto de 1997.<\/li>\n<li>MONDINI. Hist\u00f3rico: Porto Rico exporta Chupacabras para o mundo. Revista UFO Especial, 19. p. 6 \u00e0 9. Setembro de 1997.<\/li>\n<li>SCHELLHORN, Cope. Fen\u00f4meno causa terror e pol\u00eamica no Caribe. Revista UFO Especial, p. 10 \u00e0 13. Setembro de 1997.<\/li>\n<li>MONDINI. Epidemia: A\u00e7\u00e3o devastadora do Chupacabras chega ao Brasil. Revista UFO Especial, p. 14 \u00e0 18. Setembro de 1997.<\/li>\n<li>MONDINI. Mutila\u00e7\u00f5es misteriosas se proliferam sem explica\u00e7\u00e3o. Revista UFO Especial, p. 20 \u00e0 22. Setembro de 1997.<\/li>\n<li>ATHAYDE, Reginaldo. Alien\u00edgenas predadores: A face sinistra da Ufologia. Revista UFO Especial, p. 23 \u00e0 25. Setembro de 1997.<\/li>\n<li>BARBOSA JUNIOR, Orlando. Ataques no Rio de Janeiro se confundem com mutila\u00e7\u00e3o. Revista UFO Especial, p. 26 \u00e0 33. Setembro de 1997.<\/li>\n<li>SUENAGA, Claudio. Chupacabras em constante processo de evolu\u00e7\u00e3o. Revista UFO Especial, p. 36 \u00e0 40. Setembro de 1997.<\/li>\n<li>VILA NOVA, Jamil. Estranho ataque investigado no litoral paulista. Revista UFO Especial, p. 34 e 35. Setembro de 1997.<\/li>\n<li>COVO, Claudeir. Ataques deliberados da criatura desconhecida. Revista UFO Especial, p. 41 e 42. Setembro de 1997.<\/li>\n<li>MONDINI. Chupacabras. Revista UFO. n\u00ba67. p. 40 \u00e0 48. Setembro de 1999.<\/li>\n<li>MOORE, Simon. Revista Inexplicado, n\u00ba 2 p. 34 e 35.,<\/li>\n<li><a href=\"http:\/\/www.visionovni.com.ar\/archivos\/94\">MIST\u00c9RIOS SEGUEM NA VIT\u00d3RIA &#8211; Vision UFO<\/a><\/li>\n<li><a href=\"http:\/\/inexplicata.blogspot.com\/2010\/10\/silvia-perez-simondini-chupacabras.html\">Inexplicata-The Journal of Hispanic Ufology: Silvia P\u00e9rez Simondini: Chupacabras Attacks in Argentina<\/a><\/li>\n<li dir=\"ltr\"><a href=\"http:\/\/inexplicata.blogspot.com\/2010\/12\/argentina-family-faces-dreaded.html\">Inexplicata-O Jornal de Ufologia Hisp\u00e2nica: Argentina: Fam\u00edlia enfrenta os temidos Chupacabras<\/a><\/li>\n<li dir=\"ltr\"><a href=\"http:\/\/inexplicata.blogspot.com\/2006\/08\/argentina-return-of-chupacabas-alarms.html\">Inexplicata &#8211; O Jornal de Ufologia hisp\u00e2nica: Argentina: retorno de alarmes de Chupacabas na zona rural de Santiago del Estero<\/a><\/li>\n<li dir=\"ltr\"><a href=\"http:\/\/inexplicata.blogspot.com\/2018\/08\/argentina-mystery-in-santa-fe-seven.html\">Inexplicata-The Journal of Hispanic Ufology: Argentina: Mystery in Santa Fe &#8211; Seven Mutilated Cows and Locals Speak of the Chupacabras<\/a><\/li>\n<li dir=\"ltr\"><a href=\"http:\/\/inexplicata.blogspot.com\/2015\/07\/argentina-cattleman-blames-herd-death.html\">Inexplicata-The Journal of Hispanic Ufology: Argentina: Cattleman Blames Herd Death on Chupacabras<\/a><\/li>\n<li dir=\"ltr\"><a href=\"https:\/\/www.montevideo.com.uy\/Tiempo-libre\/Familia-argentina-exhibe-esqueleto-de-animal-parecido-a-mitico-chupacabras--uc212308\">Familia argentina exhibe esqueleto de animal parecido a m\u00edtico &#8220;chupacabras&#8221;<\/a><\/li>\n<li dir=\"ltr\"><a href=\"https:\/\/www.montevideo.com.uy\/Noticias\/Presunto-ataque-de-chupacabras-en-Argentina-uc149107\">Presunto ataque de chupacabras en Argentina<\/a><\/li>\n<li dir=\"ltr\"><a href=\"https:\/\/www.montevideo.com.uy\/Noticias\/EXTRANA-MUERTE-DE-UN-PERRO-EN-ARGENTINA-uc61317\">EXTRA\u00d1A MUERTE DE UN PERRO EN ARGENTINA<\/a><\/li>\n<li dir=\"ltr\"><a href=\"http:\/\/mutilacionesenhumanos.blogspot.com\/\">INVESTIGACION: MUTILACIONES EN HUMANOS<\/a><\/li>\n<li dir=\"ltr\"><a href=\"http:\/\/www.cronica.com.py\/2018\/02\/07\/ybycui-jeyma-ahora-los-atacados-los-perros\/\">YBYCU\u00cd JEYMA: Ahora los atacados son&#8230; \u00a1los perros! | Cr\u00f3nica<\/a><\/li>\n<li dir=\"ltr\"><a href=\"http:\/\/noticiaschimaltenango.com\/extrano-depredador-de-cabras-en-comalapa\/\">Extra\u00f1o depredador, supuesto chupacabras, ahora ataca en Comalapa &#8211; Noticias Chimaltenango<\/a><\/li>\n<li dir=\"ltr\"><a href=\"https:\/\/ufo.com.br\/artigos\/morte-silenciosa-lembra-varginha.html\">Morte silenciosa lembra Varginha<\/a><\/li>\n<li dir=\"ltr\"><a href=\"http:\/\/griefkiller.blogspot.com\/2014\/02\/o-misterio-do-chupa-cabras.html\">CURIOSIDADES M\u00c9DICAS E CIENT\u00cdFICAS: O MIST\u00c9RIO DO CHUPA-CABRAS<\/a><\/li>\n<li dir=\"ltr\"><a href=\"https:\/\/aminoapps.com\/c\/creepypastasamino-1\/page\/blog\/blog-informativo-chupacabras\/X0gK_zqxtguRjE5kdG2deYDbJwdLbg7DblZ\">BLOG INFORMATIVO: CHUPACABRAS | CREEPYPASTAS AMINO. Amino<\/a><\/li>\n<li dir=\"ltr\"><a href=\"https:\/\/aminoapps.com\/c\/terror-amino-en-espanol\/page\/blog\/el-chupa-cabra\/nZz6_lVFLuWnMdMv8K76xnpax2DD54oNel\">El chupa cabra | Terror Amino<\/a><\/li>\n<li dir=\"ltr\"><a href=\"https:\/\/www.wattpad.com\/598953324-mitos-y-leyendas-del-mundo-viii-el-chupacabras\">Mitos y leyendas del mundo &#8211; VIII. El chupacabras &#8211; Wattpad<\/a><\/li>\n<li dir=\"ltr\"><a href=\"https:\/\/www.xplorhonduras.com\/info\/cultura-y-mas\/cuentos-leyendas\/page\/2\/\">Cuentos &#8211; Leyendas Archives &#8211; P\u00e1gina 2 de 4 &#8211; XplorHonduras Honduras : XplorHonduras Honduras<\/a><\/li>\n<li dir=\"ltr\"><a href=\"https:\/\/www.xplorhonduras.com\/el-comelenguas-leyenda\/\">El Comelenguas | Cuentos y leyendas de Honduras : XplorHonduras Honduras<\/a><\/li>\n<li dir=\"ltr\"><a href=\"https:\/\/www.youtube.com\/watch?v=-Nx1e0oNGS4\">El &#8216;Chupacabras&#8217; podr\u00eda estar de regreso en El Salvador &#8211; YouTube<\/a><\/li>\n<li dir=\"ltr\"><a href=\"https:\/\/tierramyl.wixsite.com\/misitio\/el-salvador\">El Salvador | misitio<\/a><\/li>\n<li dir=\"ltr\"><a href=\"https:\/\/misteriovivo.com\/2014\/02\/08\/seres-alados-extranas-criaturas-del-coelo\/\">https:\/\/misteriovivo.com\/2014\/02\/08\/seres-alados-extranas-criaturas-del-coelo\/<\/a><\/li>\n<li dir=\"ltr\"><a href=\"http:\/\/elsalvadoregionmagica.blogspot.com\/2018\/03\/la-fantastica-leyenda-del-comelenguas.html\">La Fant\u00e1stica Leyenda del Comelenguas en Honduras ~ El Salvador Regi\u00f3n Magica<\/a><\/li>\n<li dir=\"ltr\"><a href=\"https:\/\/www.youtube.com\/watch?v=bV3ZsxblqQk\">Campesino asegura haber encontrado cr\u00edas del Chupacabras. &#8211; YouTube<\/a><\/li>\n<li dir=\"ltr\"><a href=\"https:\/\/www.alpfmedical.info\/freshwater-monster\/chupacabras.html\">Chupacabras &#8211; Freshwater Monster &#8211; ALPF Medical Research<\/a><\/li>\n<li dir=\"ltr\"><a href=\"http:\/\/relatoscatrachos.blogspot.com\/2006\/04\/el-sacalenguas.html\">El Sacalenguas | Relatos Catrachos<\/a><\/li>\n<li dir=\"ltr\"><a href=\"https:\/\/www.hoy.com.py\/nacionales\/arremeten-contra-pastor-abreu-es-un-terrorista-cultural-esta-embaucando\">HOY \/ Arremeten contra pastor Abreu: \u201cEs un terrorista cultural\u2026 est\u00e1 embaucando&#8221;<\/a><\/li>\n<li dir=\"ltr\"><a href=\"https:\/\/www.hoy.com.py\/nacionales\/vacas-sin-lengua-bacterias-son-las-culpables\">HOY \/ Toros sin lengua: bacterias son las culpables<\/a><\/li>\n<li dir=\"ltr\"><a href=\"https:\/\/www.hoy.com.py\/nacionales\/raro-caso-en-tacuati-hallan-25-toros-muertos-y-ninguno-tiene-lengua\">HOJE \/ Caso raro em Tacuat\u00ed: h\u00e1 25 touros mortos e nenhum tem l\u00edngua<\/a><\/li>\n<li dir=\"ltr\"><a href=\"https:\/\/www.youtube.com\/watch?v=0dgafjnmzuM\">Misterioso animal que ataca ganado produce temor y desesperaci\u00f3n en Cundinamarca &#8211; YouTube<\/a><\/li>\n<li dir=\"ltr\"><a href=\"http:\/\/marcianitosverdes.haaan.com\/category\/articulos\/perspectivas\/page\/63\/\">Perspectivas (Luis Ruiz Noguez) | Marcianitos Verdes | P\u00e1gina 63<\/a><\/li>\n<li dir=\"ltr\"><a href=\"http:\/\/www.paranormal-ca.tk\/?p=73\">Temen retorno de \u201cchupacabras\u201d | PARANORMAL :: Centro Am\u00e9rica<\/a><\/li>\n<li dir=\"ltr\"><a href=\"https:\/\/perros.wordpress.com\/2006\/05\/20\/%C2%BFperros-salvajes-o-chupacabras\/\">\u00bfperros salvajes o chupacabras? | perros<\/a><\/li>\n<li dir=\"ltr\"><a href=\"https:\/\/www.eltribuno.com\/jujuy\/nota\/2014-11-4-1-30-0-extrano-animal-mato-cuarenta-cabras-en-salta-matanza-de-animales\">Extra\u00f1o animal mat\u00f3 cuarenta cabras en Salta<\/a><\/li>\n<li dir=\"ltr\"><a href=\"https:\/\/www.elcucodigital.com\/vecinos-alertaron-la-extrana-muerte-de-animales-atacados-por-una-criatura-desconocida\/\">Vecinos alertaron la extra\u00f1a muerte de animales atacados por una criatura desconocida | El Cuco Digital<\/a><\/li>\n<li dir=\"ltr\"><a href=\"https:\/\/www.facebook.com\/evynamiquipa\/posts\/137944210233427\/\">Evyn Namiquipa &#8211; Publica\u00e7\u00f5es<\/a><\/li>\n<li dir=\"ltr\"><a href=\"http:\/\/m.elrancahuaso.cl\/noticia\/sociedad\/el-chupacabras-volvio-atacar-vecinos-de-san-fernando-preocupados-por-muerte-de-gall\">http:\/\/m.elrancahuaso.cl\/noticia\/sociedad\/el-chupacabras-volvio-atacar-vecinos-de-san-fernando-preocupados-por-muerte-de-gall<\/a><\/li>\n<li dir=\"ltr\"><a href=\"https:\/\/www.elgrafico.mx\/viral\/22-06-2015\/chupacabras-y-el-terror-que-causo-en-mexico-videos\">\u2018Chupacabras\u2019 y el terror que caus\u00f3 en M\u00e9xico | VIDEOS | El Gr\u00e1fico Historias y noticias en un solo lugar<\/a><\/li>\n<li dir=\"ltr\"><a href=\"https:\/\/www.elterritorio.com.ar\/las-huellas-halladas-son-identicas-a-las-del-chupacabras-de-mexico-2939684968205710-et\">Las huellas halladas son id\u00e9nticas a las del Chupacabras de M\u00e9xico &#8211; El Territorio Misiones<\/a><\/li>\n<li dir=\"ltr\"><a href=\"https:\/\/www.elterritorio.com.ar\/nota4.aspx?c=2939684968205710\">Las huellas halladas son id\u00e9nticas a las del Chupacabras de M\u00e9xico &#8211; El Territorio Misiones<\/a><\/li>\n<li dir=\"ltr\"><a href=\"http:\/\/www.visionovni.com.ar\/archivos\/528\">EXTRA\u00d1A MUTILACION DE OVEJAS EN MISIONES \u2013 Vision OVNI<\/a><\/li>\n<li dir=\"ltr\"><a href=\"http:\/\/touraine-insolite.clicforum.fr\/t328-Attaque-de-Chupacabras.htm\">Touraine Insolite :: Attaques de Chupacabras<\/a><\/li>\n<li dir=\"ltr\"><a href=\"https:\/\/hunters-of-paranormal.skyrock.com\/3032219250-La-Gargouille-Partie-2.html\">La Gargouille ! ( Partie 2 ) &#8211; Blog de hunters-of-paranormal<\/a><\/li>\n<li dir=\"ltr\"><a href=\"http:\/\/www.buscandoladolaverdad.com\/2010\/10\/ataque-de-extrano-animal-mas-huellas-y.html#.XfrER2RKjDc\">Buscandolado La Verdad-MaEl: ATAQUE DE EXTRA\u00d1O ANIMAL: MAS HUELLAS Y OVEJAS MUERTAS<\/a><\/li>\n<li dir=\"ltr\"><a href=\"https:\/\/elcosmosylosovnis.blogspot.com\/2013\/06\/creen-que-un-chupacabras-mato-animales.html\">https:\/\/elcosmosylosovnis.blogspot.com\/2013\/06\/creen-que-un-chupacabras-mato-animales.html<\/a><\/li>\n<li dir=\"ltr\"><a href=\"http:\/\/www.cronica.com.py\/2018\/02\/04\/silencio-gallinero-destrozo-300-gallinas-en-ybycui\/\">Silencio en el gallinero: \u00bfQu\u00e9 destroz\u00f3 a 300 gallinas en Ybycu\u00ed? | Cr\u00f3nica<\/a><\/li>\n<li dir=\"ltr\"><a href=\"https:\/\/www.elsiglodetorreon.com.mx\/noticia\/927779.ahi-viene-el-chupacabras.html\">\u00a1Ah\u00ed viene el chupacabras!, El Siglo de Torre\u00f3n<\/a><\/li>\n<li dir=\"ltr\"><a href=\"https:\/\/viapais.com.ar\/san-luis\/377512-misteriosas-muertes-de-terneros-sorprendieron-a-los-puntanos\/\">Misteriosas muertes de terneros sorprendieron a los puntanos | V\u00eda San Luis<\/a><\/li>\n<li dir=\"ltr\"><a href=\"https:\/\/www.estrellaarica.cl\/site\/apg\/reportajes\/pags\/20040222034145.html\">Chupacabras: del mito al da\u00f1o econ\u00f3mico<\/a><\/li>\n<li dir=\"ltr\"><a href=\"http:\/\/www.cuscoenportada.com\/comisario-de-paucartambo-desmiente-que-ovejas-hayan-muerto-por-succion-de-sesos\">Comisario de Paucartambo desmiente que ovejas hayan muerto por succi\u00f3n de sesos \u00ab Cusco en Portada<\/a><\/li>\n<li dir=\"ltr\"><a href=\"https:\/\/chiquinquira.extra.com.co\/noticias\/judicial\/atroz-acontecimiento-en-caldas-17-ovejas-masacradas-por-el-215114\">Atroz acontecimiento en Caldas. 17 Ovejas masacradas por el \u2018chupacabras\u2019 | Chiquinquir\u00e1<\/a><\/li>\n<li dir=\"ltr\"><a href=\"https:\/\/www.youtube.com\/watch?v=k1y9bG3Mwmg\">\u00bfFue el Chupacabras el Responsable? \/ Alerta Tormenta Dorian \/ Monterrey Bajo el Agua &#8211; YouTube<\/a><\/li>\n<li dir=\"ltr\"><a href=\"http:\/\/www.eltrabajo.cl\/2017\/?p=88887\">Amanecieron muertas 18 gallinas y 7 cuyes en sector Las Cadenas | El Trabajo<\/a><\/li>\n<li dir=\"ltr\"><a href=\"http:\/\/elmunicipalweb.com.ar\/sitioweb\/index.php\/interior\/interior-municipalidades\/2989-vecinos-de-barrio-triangulo-de-monte-quemado-con-miedo-porque-creen-que-los-visito-el-almamula-o-el-chupacabras\">elmunicipalweb.com.ar &#8211; Vecinos de barrio Tri\u00e1ngulo, de Monte Quemado, con miedo porque creen que los visit\u00f3 el almamula o el chupacabras<\/a><\/li>\n<li dir=\"ltr\"><a href=\"https:\/\/www.catamarcaya.com.ar\/2012\/index.php?modulo=notas&amp;accion=ver&amp;id=158747\">Catamarca Ya<\/a><\/li>\n<li dir=\"ltr\"><a href=\"http:\/\/www.nuevodiarioweb.com.ar\/noticias\/2019\/07\/26\/205555-monte-quemado-varias-cabras-aparecieron-sin-organos-y-creen-que-fue-un-ataque-del-almamula\">Monte Quemado: varias cabras aparecieron sin \u00f3rganos y creen que fue un ataque del Almamula | Nuevo Diario<\/a><\/li>\n<li dir=\"ltr\"><a href=\"https:\/\/www.latribuna.hn\/2019\/03\/25\/segun-pobladores-aterrorizados-chupacabras-mato-a-dos-campesinos-video\/\">Pobladores aterrorizados: \u201cChupacabras\u201d mat\u00f3 a dos campesinos (Video) \u2013 LA TRIBUNA<\/a><\/li>\n<li dir=\"ltr\"><a href=\"https:\/\/www.elheraldodejuarez.com.mx\/local\/no-fue-un-perro-fue-algo-tremendo-3335587.html\">&#8216;No fue un perro; fue algo tremendo&#8217; &#8211; El Heraldo De Ju\u00e1rez<\/a><\/li>\n<li dir=\"ltr\"><a href=\"https:\/\/www.elimparcial.com\/sonora\/mexico\/Revelan-que-animal-mato-a-decenas-de-cabras-y-borregas-en-Saltillo-20180318-0006.html\">Revelan qu\u00e9 animal mat\u00f3 a decenas de cabras y borregas en Saltillo<\/a><\/li>\n<li dir=\"ltr\"><a href=\"https:\/\/www.el19digital.com\/articulos\/ver\/titulo:29546-reaparece-el-chupacabras-en-una-comunidad-de-leon\">Reaparece el \u201cchupacabras\u201d en una comunidad de Le\u00f3n<\/a><\/li>\n<li dir=\"ltr\"><a href=\"https:\/\/www.la-prensa.com.mx\/republica\/el-regreso-de-el-chupacabras-animal-mata-a-20-borregos-y-medio-centenar-de-gallinas-3521024.html\">\u00bfEl regreso de El Chupacabras? Animal mata a 20 borregos y medio centenar de gallinas &#8211; La Prensa<\/a><\/li>\n<li dir=\"ltr\"><a href=\"https:\/\/paranormalia.blogia.com\/temas\/chupacabras\/\">chupacabras | paranormalia<\/a><\/li>\n<li dir=\"ltr\"><a href=\"https:\/\/www.elsalvador.com\/entretenimiento\/cultura\/el-chupacabras-la-criatura-que-aterrorizo-a-los-salvadorenos-en-los-anos-90\/507326\/2018\/\">\u00bfConoces la historia de El Chupacabras? la extra\u00f1a criatura que aterroriz\u00f3 a los salvadore\u00f1os en los a\u00f1os 90 | Noticias de El Salvador &#8211; elsalvador.com<\/a><\/li>\n<li dir=\"ltr\"><a href=\"https:\/\/www.primerahora.com\/noticias\/puerto-rico\/nota\/aleganquegargolaochupacabrasvolvioaatacarenbarceloneta-1298773\/\">Alegan que g\u00e1rgola o chupacabras volvi\u00f3 a atacar en Barceloneta<\/a><\/li>\n<li dir=\"ltr\"><a href=\"http:\/\/elpuntero.com.mx\/n\/8889\">\u00bfLa leyenda del \u201cChupacabras\u201d vuelve? En San Ignacio succionan sangre a m\u00e1s de 50 gallinas | El Puntero<\/a><\/li>\n<li dir=\"ltr\"><a href=\"https:\/\/www.debate.com.mx\/mundo\/Chupacabras-ataca-a-ranchos-de-Colombia-20160625-0026.html\">\u201cChupacabras\u201d ataca a ranchos de Colombia | EL DEBATE<\/a><\/li>\n<li dir=\"ltr\"><a href=\"https:\/\/misterioyocultismo.blogspot.com\/2011\/10\/reaparece-el-chupacabrasataco-el.html?m=0\">MISTERIO Y OCULTISMO: REAPARECE EL CHUPACABRAS?:\u00bfAtac\u00f3 &#8220;el chupacabras&#8221; en San Vicente y Alejandro Korn?<\/a><\/li>\n<li dir=\"ltr\"><a href=\"http:\/\/alchile.com.mx\/nacional\/el-chupa-cabras-atemoriza-a-rancheros-reportan-varios-animales-muertos\/\">&#8220;El Chupa Cabras&#8221; atemoriza a rancheros; reportan varios animales muertos &#8211; \u00a1Al chile!<\/a><\/li>\n<li dir=\"ltr\"><a href=\"https:\/\/www.eltribuno.com\/salta\/nota\/2014-11-4-1-30-0-extrano-animal-mato-cuarenta-cabras-en-coronel-cornejo-coronel-cornejo\">Extra\u00f1o animal mat\u00f3 cuarenta cabras en Coronel Cornejo<\/a><\/li>\n<li dir=\"ltr\"><a href=\"https:\/\/es.sott.net\/article\/33707-Volvio-el-chupacabras-Hallan-40-animales-muertos-en-Salta-Argentina\">\u00bfVolvi\u00f3 el chupacabras? Hallan 40 animales muertos en Salta, Argentina &#8212; Alta Extra\u00f1eza &#8212; Sott.net<\/a><\/li>\n<li dir=\"ltr\"><a href=\"http:\/\/paranormalosorno.blogspot.com\/2014\/02\/historia-y-cronologia-del-mitico.html\">Tu Rinc\u00f3n Paranormal. : Historia y Cronolog\u00eda del m\u00edtico Chupacabras.<\/a><\/li>\n<li dir=\"ltr\"><a href=\"http:\/\/marcianitosverdes.haaan.com\/2006\/07\/el-chupacabras-2\/comment-page-1\/\">El chupacabras (2) | Marcianitos Verdes<\/a><\/li>\n<li dir=\"ltr\"><a href=\"http:\/\/web.archive.org\/web\/20100410174950\/http:\/\/outside.away.com:80\/magazine\/0996\/9609fego.html\">Goatsucker Sighted, Details to Follow | Outside Online<\/a><\/li>\n<li dir=\"ltr\"><a href=\"https:\/\/selogni.ru\/no\/diagnostika\/nikakoi-chupakabry-net-eto-obyknovennaya-sobaka-vampir-chupakabra---eto-chto.html\">\u201cDet er ingen chupacabra, det er en vanlig vampyrhund! Hva er chupacabra? Hvordan beskytte deg mot Chupacabra.<\/a><\/li>\n<li dir=\"ltr\"><a href=\"https:\/\/www.gazetadopovo.com.br\/curitiba\/chupa-frango-ataca-novamente-e-mata-mais-de-30-animais-na-regiao-de-curitiba-38mqmj9hfq9mnr9rgp9ptke5u\/\">Chupa-frango ataca novamente e mata mais de 30 animais na RMC<\/a><\/li>\n<li dir=\"ltr\"><a href=\"https:\/\/rbj.com.br\/geral\/oncas-ou-caes-ovelhas-estao-sendo-mortas-em-general-carneiropr-3227.html\">On\u00e7as ou c\u00e3es? Ovelhas est\u00e3o sendo atacadas e mortas em General Carneiro(PR) \u2013 RBJ<\/a><\/li>\n<li dir=\"ltr\"><a href=\"http:\/\/www.paranormal.com.ar\/showthread.php?4223-Supuesta-aparicion-de-lobizon-en-Saenz-Pe%F1a\">Supuesta aparicion de lobizon en Saenz Pe\u00f1a<\/a><\/li>\n<li dir=\"ltr\"><a href=\"https:\/\/books.google.com.br\/books?id=A5ue3-4S5acC&amp;pg=PA248&amp;lpg=PA248&amp;dq=lobis%C3%B3n+El+concepci%C3%B3n+del+Bermejo&amp;source=bl&amp;ots=91xqBhwSDG&amp;sig=ACfU3U2ElbAKMjgVemdLqIXXYYhiVNr0dg&amp;hl=pt-BR&amp;sa=X&amp;ved=2ahUKEwil1tCczcnmAhWmHbkGHVcUAycQ6AEwAnoECAoQAQ#v=onepage&amp;q=lobis%C3%B3n%20El%20concepci%C3%B3n%20del%20Bermejo&amp;f=false\">Real Wolfmen: True Encounters in Modern America &#8211; Linda S. Godfrey &#8211; Google Livros<\/a><\/li>\n<li dir=\"ltr\"><a href=\"http:\/\/www.lapaginadelmedico.com.ar\/03.El%20lobizon.pdf\">Microsoft Word &#8211; 03.El lobiz\u00f3n.doc<\/a><\/li>\n<li dir=\"ltr\"><a href=\"https:\/\/lobogotico7.wordpress.com\/category\/casos-e-relatos-de-lobisomem\/page\/2\/\">Casos e Relatos de Lobisomem | Voc\u00ea Acredita no Sobrenatural? | P\u00e1gina 2<\/a><\/li>\n<li dir=\"ltr\"><a href=\"https:\/\/www.jpnews.com.br\/tres-lagoas\/voce-viu-o-lobisomem\/129624\/\">Voc\u00ea viu o lobisomem? | JPNEWS<\/a><\/li>\n<li dir=\"ltr\"><a href=\"https:\/\/www.taringa.net\/+info\/lobizon-en-chaco-mito-o-verdad_12f5my\">Lobizon en Chaco Mito o Verdad &#8211; Info en Taringa!<\/a><\/li>\n<li dir=\"ltr\"><a href=\"http:\/\/jornalistaincidental.blogspot.com\/2002\/\">Jornalista Incidental: 2002<\/a><\/li>\n<li dir=\"ltr\"><a href=\"https:\/\/scout.com\/outdoors\/hunting\/Article\/A-Chupacabra-For-The-Trophy-Room-101458534\/\">A Chupacabra For The Trophy Room!<\/a><\/li>\n<li dir=\"ltr\"><a href=\"https:\/\/cryptomundo.com\/cryptozoo-news\/bones-maine\/\">https:\/\/cryptomundo.com\/cryptozoo-news\/bones-maine\/<\/a><\/li>\n<li dir=\"ltr\"><a href=\"https:\/\/tuultimavoluntad.wordpress.com\/2007\/10\/31\/el-chupacabras\/\">El Chupacabras | Tu Ultima Voluntad<\/a><\/li>\n<li dir=\"ltr\"><a href=\"http:\/\/zoopedia.blogspot.com\/2018\/04\/el-chupacabras-nuevamente.html\">Bestiario de lo cotidiano y extraordinario: \u00bfEL CHUPACABRAS NUEVAMENTE?<\/a><\/li>\n<li dir=\"ltr\"><a href=\"http:\/\/www.riojalibre.com.ar\/policiales\/44297-vecinos-asustados-inexplicable-matanza-de-cabras\/\">Vecinos Asustados: Inexplicable Matanza de Cabras | Rioja Libre<\/a><\/li>\n<li dir=\"ltr\"><a href=\"https:\/\/exociencias.wordpress.com\/2013\/10\/22\/\">22 | octubre | 2013 | Exociencias<\/a><\/li>\n<li dir=\"ltr\"><a href=\"https:\/\/www.dememoria.mx\/inedita\/el-chupacabras-en-mexico\/\">El Chupacabras, el ser que atemoriz\u00f3 a los mexicanos en los a\u00f1os 90<\/a><\/li>\n<li dir=\"ltr\"><a href=\"https:\/\/www.latribuna.hn\/2017\/04\/05\/feroz-ataque-del-chupacabras\/\">FEROZ ATAQUE DEL \u201cCHUPACABRAS\u201d \u2013 LA TRIBUNA<\/a><\/li>\n<li dir=\"ltr\"><a href=\"http:\/\/ordenador.com.mx\/noticias\/lahistoriadeultratumballamada-chupacabras-historiasdeultratumba-tampico\">Ordenador.com.mx &#8211; Es Noticia&#8230; Es ahora<\/a><\/li>\n<li dir=\"ltr\"><a href=\"https:\/\/hsbnoticias.com\/noticias\/paranormal\/el-chupacabras-ataco-la-persona-no-sana-de-las-heridas-219030\">El \u2018Chupacabras\u2019 atac\u00f3. La persona no sana de las heridas. | HSB Noticias<\/a><\/li>\n<li dir=\"ltr\"><a href=\"https:\/\/www.elcinco.mx\/cd-victoria\/proponen-construir-estatua-el-que-paso\">Buscan al &#8216;chupacabras&#8217; en un pueblo Ucraniano | Peri\u00f3dico el Cinco<\/a><\/li>\n<li dir=\"ltr\"><a href=\"https:\/\/www.am.com.mx\/noticias\/Chupacabras-causa-panico-en-Colombia-20160625-0070.html\">\u201cChupacabras\u201d causa p\u00e1nico en Colombia<\/a><\/li>\n<li dir=\"ltr\"><a href=\"https:\/\/periodicocorreo.com.mx\/intervienen-autoridades-por-nuevo-chupacabras\/\">Intervienen autoridades por nuevo &#8216;chupacabras&#8217;<\/a><\/li>\n<li dir=\"ltr\"><a href=\"https:\/\/periodicocorreo.com.mx\/teme-chihuahua-por-el-regreso-del-chupacabras\/\">Teme Chihuahua por el regreso del &#8216;chupacabras&#8217;<\/a><\/li>\n<li dir=\"ltr\"><a href=\"http:\/\/gruporivas.com.mx\/chupacabras-aparece-en-costa-rica\/\">\u00a1Chupacabras aparece en Costa Rica! | Grupo Rivas<\/a><\/li>\n<li dir=\"ltr\"><a href=\"https:\/\/novedadesaca.mx\/tag\/chupacabras\/\">\u201cChupacabras\u201d Archivos &#8211; Peri\u00f3dico Novedades<\/a><\/li>\n<li dir=\"ltr\"><a href=\"https:\/\/novedadesaca.mx\/chupacabras-buenavista-cuellar\/\">Niegan que \u201cChupacabras\u201d est\u00e9 matando chivos y borregos en Buenavista de Cu\u00e9llar &#8211; Peri\u00f3dico Novedades<\/a><\/li>\n<li dir=\"ltr\"><a href=\"https:\/\/www.publimetro.cl\/cl\/social\/2019\/03\/25\/chupacabras-honduras-viral-ataque-animales.html\">&#8220;Pensamos que se trata de un ser sobrenatural&#8221;: alerta total tras reaparici\u00f3n del m\u00edtico &#8220;chupacabras&#8221; y lo acusan de asesinar a dos campesinos | Publimetro Chile<\/a><\/li>\n<li dir=\"ltr\"><a href=\"https:\/\/enfoqueaguascalientes.mx\/profepa-sepulta-mito-de-chupacabras-en-sinaloa\/\">PROFEPA sepulta mito de \u201cchupacabras\u201d en Sinaloa | Peri\u00f3dico Enfoque Aguascalientes<\/a><\/li>\n<li dir=\"ltr\"><a href=\"https:\/\/enfoqueaguascalientes.mx\/reavivan-mito-del-chupacabras-en-sinaloa\/\">https:\/\/enfoqueaguascalientes.mx\/reavivan-mito-del-chupacabras-en-sinaloa\/<\/a><\/li>\n<li dir=\"ltr\"><a href=\"https:\/\/www.telemundo48elpaso.com\/noticias\/local\/reportan-ataque-masivo-es-el-chupacabras\/1082\/\">Granjero reporta ataques frecuentes a sus animales: \u00bfser\u00e1 el Chupacabras? \u2013 Telemundo El Paso (48)<\/a><\/li>\n<li dir=\"ltr\"><a href=\"http:\/\/inexplicata.blogspot.com\/2011\/02\/mexico-chupacabras-strikes-in-tapachula.html\">Inexplicata-The Journal of Hispanic Ufology: Mexico: Chupacabras Strikes in Tapachula (Chiapas)<\/a><\/li>\n<li dir=\"ltr\"><a href=\"https:\/\/digitallpost.com.mx\/noticias\/noticias-nacionales\/el-chupacabras-esta-de-regreso\/\">Ejidatarios de Saltillo denuncian que el &#8216;Chupacabras&#8217; est\u00e1 de regreso : Digitall Post<\/a><\/li>\n<li dir=\"ltr\"><a href=\"https:\/\/www.insolitaexperiencia.com\/los-ataques-del-chupacabras-en-mexico-son-reales-video\/\">Los ataques del Chupacabras en M\u00e9xico son reales: Ganaderos &#8211; Ins\u00f3lita Experiencia<\/a><\/li>\n<li dir=\"ltr\"><a href=\"https:\/\/www.tabascohoy.com\/nota\/386788\/temen-por-presencia-de-un-chupacabras-en-paraiso\">Temen por presencia de un &#8216;Chupacabras&#8217; en Para\u00edso &#8211; Tabasco HOY<\/a><\/li>\n<li dir=\"ltr\"><a href=\"https:\/\/www.elsoldemexico.com.mx\/doble-via\/reaparece-el-chupacabras-y-asesina-a-12-animales-en-chihuahua-561075.html\">&#8220;Reaparece&#8221; el Chupacabras y asesina a 12 animales en Chihuahua &#8211; El Sol de M\u00e9xico<\/a><\/li>\n<li dir=\"ltr\"><a href=\"http:\/\/web.tiscali.it\/gedweb\/chupacabras.htm\">Nuova pagina 1<\/a><\/li>\n<li dir=\"ltr\"><a href=\"https:\/\/www.youtube.com\/watch?v=Sh7VgNqCg7g\">Aseguran que el chupacabras ataca una comunidad de Guatemala | Al Rojo Vivo | Telemundo &#8211; YouTube<\/a><\/li>\n<li dir=\"ltr\"><a href=\"https:\/\/www.eldiariodelarepublica.com\/nota\/2018-4-17-21-48-49-denuncian-misteriosas-muertes-de-terneros-en-un-campo-de-san-pablo\">Denuncian misteriosas muertes de terneros en un campo de San Pablo<\/a><\/li>\n<li dir=\"ltr\"><a href=\"http:\/\/www.snt.com.py\/actualidad\/el-chupacabras-volvio-a-atacar-y-quedo-registrado-en-una-foto-que-aterro-a-todos-29268\">El &#8220;chupacabras&#8221; volvi\u00f3 a atacar y qued\u00f3 registrado en una foto que aterr\u00f3 a todos | SNT<\/a><\/li>\n<li dir=\"ltr\"><a href=\"https:\/\/www.segretiemisteri.com\/2013\/06\/nuovo-attacco-del-chupacabras-in-alagoas-brasile\/\">https:\/\/www.segretiemisteri.com\/2013\/06\/nuovo-attacco-del-chupacabras-in-alagoas-brasile\/<\/a><\/li>\n<li dir=\"ltr\"><a href=\"http:\/\/www.visionovni.com.ar\/archivos\/1067\">MUEREN 42 OVEJAS EN COMAYAGUA, HONDURAS \u2013 Vision OVNI<\/a><\/li>\n<li dir=\"ltr\"><a href=\"http:\/\/www.chupacabramania.com\/\">Chupacabra Mania &#8211; Tutto sul chupacabra, paranormale e mistero<\/a><\/li>\n<li dir=\"ltr\"><a href=\"https:\/\/www.laprensa.hn\/csp\/mediapool\/sites\/LaPrensa\/Sucesos\/Policiales\/story.csp?cid=365931&amp;sid=951&amp;fid=98#.UUqSdo48kz0\">Culpan al &#8216;chupacabras&#8217; por muerte de 42 ovejas en Comayagua &#8211; Diario La Prensa<\/a><\/li>\n<li dir=\"ltr\"><a href=\"http:\/\/www.visionovni.com.ar\/archivos\/1088\">NOVOS ATAQUES DE OVELHAS EM COMAYAGUA, HONDURAS &#8211; Vision UFO<\/a><\/li>\n<li dir=\"ltr\"><a href=\"https:\/\/www.folhadelondrina.com.br\/cidades\/laudo-diz-que-chupa-cabras-e-um-cao-25877.html\">https:\/\/www.folhadelondrina.com.br\/cidades\/laudo-diz-que-chupa-cabras-e-um-cao-25877.html<\/a><\/li>\n<li dir=\"ltr\"><a href=\"https:\/\/remezcla.com\/features\/culture\/chupacabra-sightings-this-year\/\">A Running List of Chupacabra Sightings This Year<\/a><\/li>\n<li dir=\"ltr\"><a href=\"https:\/\/g1.globo.com\/sp\/sorocaba-jundiai\/noticia\/2019\/05\/10\/chupa-cabra-ha-20-anos-lenda-sobre-bicho-que-mutilava-animais-assustou-moradores-no-interior-de-sp.ghtml\">Chupa-cabra: h\u00e1 20 anos, lenda sobre bicho que mutilava animais assustou moradores no interior de SP | Sorocaba e Jundia\u00ed | G1<\/a><\/li>\n<li dir=\"ltr\"><a href=\"http:\/\/www.ufos-aliens.co.uk\/chupa\/chupacabras.dwt\">The Chupacabras<\/a><\/li>\n<li dir=\"ltr\"><a href=\"http:\/\/news.bbc.co.uk\/2\/hi\/americas\/912942.stm\">BBC News | AMERICAS | Experts sink teeth into goat-sucker<\/a><\/li>\n<li dir=\"ltr\"><a href=\"https:\/\/www.clarin.com\/rural\/misterio-santa-fe-respuesta-cientifica-caso-vacas-mutiladas_0_SJfUt7USQ.html\">Misterio en Santa Fe: la respuesta cient\u00edfica al caso de las vacas mutiladas &#8211; Clar\u00edn<\/a><\/li>\n<li dir=\"ltr\"><a href=\"http:\/\/www.inreview.com\/topic-609.html\">Mystery Creature Reported In Argentina &#8211; Animal Planet<\/a><\/li>\n<li dir=\"ltr\"><a href=\"https:\/\/rense.com\/general35\/strangecreatureeating.htm\">Strange Creature Eating Large Animals In Argentina?<\/a><\/li>\n<li dir=\"ltr\"><a href=\"https:\/\/rense.com\/\/general37\/crcass.htm\">Unknown Animal Carcass Found In Argentina<\/a><\/li>\n<li dir=\"ltr\"><a href=\"https:\/\/www.mirror.co.uk\/news\/weird-news\/mystery-blood-sucking-fanged-creatures-7750990\">Mystery of &#8216;blood-sucking&#8217; fanged creatures &#8216;captured and killed on village farm after attacking livestock&#8217; &#8211; Mirror Online<\/a><\/li>\n<li dir=\"ltr\"><a href=\"http:\/\/www.sott.net\/signs\/signs_creatures_supplement.htm\">http:\/\/www.sott.net\/signs\/signs_creatures_supplement.htm<\/a><\/li>\n<li dir=\"ltr\"><a href=\"https:\/\/www.dogmacero.org\/2012\/09\/03\/un-ser-de-aspecto-humanoide-causa-panico-en-rivadavia-salta-argentina\/\">UN SER DE ASPECTO HUMANOIDE CAUSA PANICO EN RIVADAVIA (SALTA, ARGENTINA) \u2013 DogmaCero<\/a><\/li>\n<li dir=\"ltr\"><a href=\"http:\/\/www.ufoinfo.com\/roundup\/v08\/rnd0810.shtml\">UFO ROUNDUP Volume 8 N\u00famero 10<\/a><\/li>\n<li dir=\"ltr\"><a href=\"http:\/\/www.ufoinfo.com\/roundup\/v07\/rnd0730.shtml\">UFO ROUNDUP Volume 7 N\u00famero 30<\/a><\/li>\n<li dir=\"ltr\"><a href=\"https:\/\/rense.com\/general27\/sevenmorecattle.htm\">Seven More Cattle Mutilated In Argentina<\/a><\/li>\n<\/ol>\n","protected":false},"excerpt":{"rendered":"<p>Em v\u00e1rios pa\u00edses onde o Chupacabras se manifestou, diversas pessoas tiveram a desagr\u00e1vel experi\u00eancia de serem atacadas pela criatura. Alguns casos, de forma bastante tr\u00e1gica. Artigo anterior sobre o Chupacabras Pr\u00f3ximo artigo sobre o Chupacabras A regi\u00e3o de Gu\u00e1nica, uma localidade no extremo sul da ilha de Porto Rico, foi uma entre tantas outras localidades [&hellip;]<\/p>\n","protected":false},"author":5,"featured_media":5713,"comment_status":"open","ping_status":"open","sticky":false,"template":"","format":"standard","meta":{"inline_featured_image":false},"categories":[143,140,1],"tags":[],"_links":{"self":[{"href":"https:\/\/www.fenomenum.com.br\/novo\/wp-json\/wp\/v2\/posts\/5701"}],"collection":[{"href":"https:\/\/www.fenomenum.com.br\/novo\/wp-json\/wp\/v2\/posts"}],"about":[{"href":"https:\/\/www.fenomenum.com.br\/novo\/wp-json\/wp\/v2\/types\/post"}],"author":[{"embeddable":true,"href":"https:\/\/www.fenomenum.com.br\/novo\/wp-json\/wp\/v2\/users\/5"}],"replies":[{"embeddable":true,"href":"https:\/\/www.fenomenum.com.br\/novo\/wp-json\/wp\/v2\/comments?post=5701"}],"version-history":[{"count":1,"href":"https:\/\/www.fenomenum.com.br\/novo\/wp-json\/wp\/v2\/posts\/5701\/revisions"}],"predecessor-version":[{"id":7095,"href":"https:\/\/www.fenomenum.com.br\/novo\/wp-json\/wp\/v2\/posts\/5701\/revisions\/7095"}],"wp:featuredmedia":[{"embeddable":true,"href":"https:\/\/www.fenomenum.com.br\/novo\/wp-json\/wp\/v2\/media\/5713"}],"wp:attachment":[{"href":"https:\/\/www.fenomenum.com.br\/novo\/wp-json\/wp\/v2\/media?parent=5701"}],"wp:term":[{"taxonomy":"category","embeddable":true,"href":"https:\/\/www.fenomenum.com.br\/novo\/wp-json\/wp\/v2\/categories?post=5701"},{"taxonomy":"post_tag","embeddable":true,"href":"https:\/\/www.fenomenum.com.br\/novo\/wp-json\/wp\/v2\/tags?post=5701"}],"curies":[{"name":"wp","href":"https:\/\/api.w.org\/{rel}","templated":true}]}}