{"id":5787,"date":"2022-04-09T10:24:05","date_gmt":"2022-04-09T13:24:05","guid":{"rendered":"https:\/\/www.fenomenum.com.br\/?p=5787"},"modified":"2022-04-09T10:24:05","modified_gmt":"2022-04-09T13:24:05","slug":"comprovacoes-fisicas-vestigios-no-solo","status":"publish","type":"post","link":"https:\/\/www.fenomenum.com.br\/novo\/comprovacoes-fisicas-vestigios-no-solo\/","title":{"rendered":"Comprova\u00e7\u00f5es F\u00edsicas &#8211; Vest\u00edgios no Solo"},"content":{"rendered":"<section id=\"inner-headline\">\n<div class=\"container\">\n<div class=\"row\">\n<div id=\"resumo\" class=\"resumo\" style=\"padding-left: 40px;\"><strong>In\u00fameros casos ufol\u00f3gicos s\u00e3o apoiados por evid\u00eancias e vest\u00edgios f\u00edsicos gerados pela ocorr\u00eancia ufol\u00f3gica.<\/strong><\/div>\n<\/div>\n<\/div>\n<\/section>\n<div class=\"col-lg-8\">\n<hr \/>\n<\/div>\n<div>\n<p>Esta categoria re\u00fane todos os casos em que a passagem ou pouso do OVNI, ou do aparelho voador identificado, produzem sinais no solo ou na vegeta\u00e7\u00e3o.<\/p>\n<p>Exemplos de casos deste tipo:<\/p>\n<\/div>\n<div><\/div>\n<div>\n<table style=\"height: 23425px; width: 100%; border-collapse: collapse;\" border=\"1\">\n<tbody>\n<tr style=\"height: 24px;\">\n<td style=\"width: 7.1429%; height: 24px; background-color: #d3dde3; vertical-align: top;\">\n<h3><strong>N\u00ba\u00a0<\/strong><\/h3>\n<\/td>\n<td style=\"width: 92.8571%; height: 24px; background-color: #d3dde3;\">\n<h3>Descri\u00e7\u00e3o<\/h3>\n<\/td>\n<\/tr>\n<tr style=\"height: 24px;\">\n<td style=\"width: 7.1429%; height: 24px; vertical-align: top;\">1<\/td>\n<td style=\"width: 92.8571%; height: 24px;\"><a href=\"https:\/\/www.fenomenum.com.br\/caso-kathie-davies-debbie-thomas\/\"><strong><img loading=\"lazy\" class=\"aligncenter wp-image-4547 size-full\" src=\"https:\/\/www.fenomenum.com.br\/novo\/wp-content\/uploads\/2022\/03\/pousokathie3.jpg\" alt=\"\" width=\"435\" height=\"377\" \/><\/strong><\/a><\/p>\n<p><a href=\"https:\/\/www.fenomenum.com.br\/caso-kathie-davies-debbie-thomas\/\"><strong>Caso Kathie Davis<\/strong> <\/a>&#8211; Indian\u00e1polis, Indiana, EUA &#8211; 30\/06\/1983<\/p>\n<p>OVNI pousou no quintal da abduzida produzindo uma marca no gramado. Exames indicaram que o solo no interior da marca estava est\u00e9ril e seria necess\u00e1rio submeter amostras de terra durante 6 horas a 400\u00ba C para reproduzir a condi\u00e7\u00e3o das amostras afetadas.<\/td>\n<\/tr>\n<tr style=\"height: 318px;\">\n<td style=\"width: 7.1429%; vertical-align: top; height: 318px;\">2<\/td>\n<td style=\"width: 92.8571%; height: 318px;\"><a href=\"https:\/\/www.fenomenum.com.br\/caso-trans-en-provence\/\"><img loading=\"lazy\" class=\"aligncenter wp-image-4449 size-full\" src=\"https:\/\/www.fenomenum.com.br\/novo\/wp-content\/uploads\/2022\/03\/trans-en-provence-1.jpg\" alt=\"\" width=\"250\" height=\"173\" srcset=\"https:\/\/www.fenomenum.com.br\/novo\/wp-content\/uploads\/2022\/03\/trans-en-provence-1.jpg 250w, https:\/\/www.fenomenum.com.br\/novo\/wp-content\/uploads\/2022\/03\/trans-en-provence-1-150x104.jpg 150w, https:\/\/www.fenomenum.com.br\/novo\/wp-content\/uploads\/2022\/03\/trans-en-provence-1-50x35.jpg 50w, https:\/\/www.fenomenum.com.br\/novo\/wp-content\/uploads\/2022\/03\/trans-en-provence-1-100x69.jpg 100w, https:\/\/www.fenomenum.com.br\/novo\/wp-content\/uploads\/2022\/03\/trans-en-provence-1-200x138.jpg 200w\" sizes=\"(max-width: 250px) 100vw, 250px\" \/><\/a><\/p>\n<p><strong><a href=\"https:\/\/www.fenomenum.com.br\/caso-trans-en-provence\/\">Pouso em Trans-en-Provence<\/a><\/strong>, Fran\u00e7a &#8211; 08\/01\/1981<\/p>\n<p>OVNI pousa em uma fazenda. Analises detectaram anomalias no solo e nas plantas no local que apresentaram envelhecimento precoce.<\/td>\n<\/tr>\n<tr style=\"height: 523px;\">\n<td style=\"width: 7.1429%; vertical-align: top; height: 523px;\">3<\/td>\n<td style=\"width: 92.8571%; height: 523px;\"><a href=\"https:\/\/www.fenomenum.com.br\/caso-delphos\/\"><img loading=\"lazy\" class=\"aligncenter wp-image-2819 size-full\" src=\"https:\/\/www.fenomenum.com.br\/novo\/wp-content\/uploads\/2022\/03\/470_130646.jpg\" alt=\"\" width=\"470\" height=\"402\" srcset=\"https:\/\/www.fenomenum.com.br\/novo\/wp-content\/uploads\/2022\/03\/470_130646.jpg 470w, https:\/\/www.fenomenum.com.br\/novo\/wp-content\/uploads\/2022\/03\/470_130646-400x342.jpg 400w, https:\/\/www.fenomenum.com.br\/novo\/wp-content\/uploads\/2022\/03\/470_130646-250x214.jpg 250w, https:\/\/www.fenomenum.com.br\/novo\/wp-content\/uploads\/2022\/03\/470_130646-150x128.jpg 150w, https:\/\/www.fenomenum.com.br\/novo\/wp-content\/uploads\/2022\/03\/470_130646-50x43.jpg 50w, https:\/\/www.fenomenum.com.br\/novo\/wp-content\/uploads\/2022\/03\/470_130646-100x86.jpg 100w, https:\/\/www.fenomenum.com.br\/novo\/wp-content\/uploads\/2022\/03\/470_130646-200x171.jpg 200w, https:\/\/www.fenomenum.com.br\/novo\/wp-content\/uploads\/2022\/03\/470_130646-300x257.jpg 300w, https:\/\/www.fenomenum.com.br\/novo\/wp-content\/uploads\/2022\/03\/470_130646-350x299.jpg 350w, https:\/\/www.fenomenum.com.br\/novo\/wp-content\/uploads\/2022\/03\/470_130646-450x385.jpg 450w\" sizes=\"(max-width: 470px) 100vw, 470px\" \/><\/a><\/p>\n<p><strong><a href=\"https:\/\/www.fenomenum.com.br\/caso-delphos\/\">Pouso em Delphos, Kansas<\/a><\/strong>, EUA 02\/11\/1971<\/p>\n<p>OVNI pousa esterilizando o solo e deixando uma estranha luminesc\u00eancia que durou certo tempo.<\/td>\n<\/tr>\n<tr style=\"height: 72px;\">\n<td style=\"width: 7.1429%; vertical-align: top; height: 72px;\">4<\/td>\n<td style=\"width: 92.8571%; height: 72px;\"><strong><a href=\"https:\/\/www.fenomenum.com.br\/estragos-em-roaring-river\/\"><img loading=\"lazy\" class=\"aligncenter wp-image-5923 size-full\" src=\"https:\/\/www.fenomenum.com.br\/novo\/wp-content\/uploads\/2022\/04\/missou2.gif\" alt=\"\" width=\"400\" height=\"385\" \/><\/a><\/strong><\/p>\n<p><strong><a href=\"https:\/\/www.fenomenum.com.br\/estragos-em-roaring-river\/\">Estragos em Roaring River<\/a><\/strong>, Missouri, EUA 22\/11\/1966<\/p>\n<p>Ap\u00f3s passagem de OVNI descobre-se um acampamento destru\u00eddo de forma estranha. Havia arvores quebradas e queimadas, barracas incendiadas e suas estruturas met\u00e1licas derretidas<\/td>\n<\/tr>\n<tr style=\"height: 48px;\">\n<td style=\"width: 7.1429%; vertical-align: top; height: 48px;\">5<\/td>\n<td style=\"width: 92.8571%; height: 48px;\"><a href=\"https:\/\/www.fenomenum.com.br\/pouso-em-grange-reserve-australia\/\"><img loading=\"lazy\" class=\"aligncenter wp-image-2212 size-full\" src=\"https:\/\/www.fenomenum.com.br\/novo\/wp-content\/uploads\/2022\/03\/Westall1966.jpg\" alt=\"\" width=\"500\" height=\"332\" srcset=\"https:\/\/www.fenomenum.com.br\/novo\/wp-content\/uploads\/2022\/03\/Westall1966.jpg 500w, https:\/\/www.fenomenum.com.br\/novo\/wp-content\/uploads\/2022\/03\/Westall1966-400x266.jpg 400w, https:\/\/www.fenomenum.com.br\/novo\/wp-content\/uploads\/2022\/03\/Westall1966-250x166.jpg 250w, https:\/\/www.fenomenum.com.br\/novo\/wp-content\/uploads\/2022\/03\/Westall1966-150x100.jpg 150w, https:\/\/www.fenomenum.com.br\/novo\/wp-content\/uploads\/2022\/03\/Westall1966-50x33.jpg 50w, https:\/\/www.fenomenum.com.br\/novo\/wp-content\/uploads\/2022\/03\/Westall1966-100x66.jpg 100w, https:\/\/www.fenomenum.com.br\/novo\/wp-content\/uploads\/2022\/03\/Westall1966-200x133.jpg 200w, https:\/\/www.fenomenum.com.br\/novo\/wp-content\/uploads\/2022\/03\/Westall1966-300x199.jpg 300w, https:\/\/www.fenomenum.com.br\/novo\/wp-content\/uploads\/2022\/03\/Westall1966-350x232.jpg 350w, https:\/\/www.fenomenum.com.br\/novo\/wp-content\/uploads\/2022\/03\/Westall1966-450x299.jpg 450w\" sizes=\"(max-width: 500px) 100vw, 500px\" \/><\/a><\/p>\n<p><strong><a href=\"https:\/\/www.fenomenum.com.br\/pouso-em-grange-reserve-australia\/\">Pouso em Grange Reserve<\/a><\/strong> &#8211; Westall, Melbourne, Austr\u00e1lia 06\/04\/1966<\/p>\n<p>OVNI pousa sendo testemunhado por grade numero de testemunhas produzindo uma marca circular onde o solo ficou esterilizado<\/td>\n<\/tr>\n<tr style=\"height: 120px;\">\n<td style=\"width: 7.1429%; vertical-align: top; height: 120px;\">6<\/td>\n<td style=\"width: 92.8571%; height: 120px;\"><strong><a href=\"https:\/\/www.fenomenum.com.br\/pouso-em-tully-australia\/\"><img loading=\"lazy\" class=\"aligncenter wp-image-2139 size-full\" src=\"https:\/\/www.fenomenum.com.br\/novo\/wp-content\/uploads\/2022\/03\/tully.jpg\" alt=\"\" width=\"606\" height=\"456\" srcset=\"https:\/\/www.fenomenum.com.br\/novo\/wp-content\/uploads\/2022\/03\/tully.jpg 606w, https:\/\/www.fenomenum.com.br\/novo\/wp-content\/uploads\/2022\/03\/tully-400x301.jpg 400w, https:\/\/www.fenomenum.com.br\/novo\/wp-content\/uploads\/2022\/03\/tully-250x188.jpg 250w, https:\/\/www.fenomenum.com.br\/novo\/wp-content\/uploads\/2022\/03\/tully-150x113.jpg 150w, https:\/\/www.fenomenum.com.br\/novo\/wp-content\/uploads\/2022\/03\/tully-50x38.jpg 50w, https:\/\/www.fenomenum.com.br\/novo\/wp-content\/uploads\/2022\/03\/tully-100x75.jpg 100w, https:\/\/www.fenomenum.com.br\/novo\/wp-content\/uploads\/2022\/03\/tully-200x150.jpg 200w, https:\/\/www.fenomenum.com.br\/novo\/wp-content\/uploads\/2022\/03\/tully-300x226.jpg 300w, https:\/\/www.fenomenum.com.br\/novo\/wp-content\/uploads\/2022\/03\/tully-350x263.jpg 350w, https:\/\/www.fenomenum.com.br\/novo\/wp-content\/uploads\/2022\/03\/tully-450x339.jpg 450w, https:\/\/www.fenomenum.com.br\/novo\/wp-content\/uploads\/2022\/03\/tully-500x376.jpg 500w, https:\/\/www.fenomenum.com.br\/novo\/wp-content\/uploads\/2022\/03\/tully-550x414.jpg 550w\" sizes=\"(max-width: 606px) 100vw, 606px\" \/><\/a><\/strong><\/p>\n<p><strong><a href=\"https:\/\/www.fenomenum.com.br\/pouso-em-tully-australia\/\">Pouso em Tully<\/a><\/strong> &#8211; Tully, Queensland, Austr\u00e1lia 01\/07\/1965<\/p>\n<p>OVNI pousa em p\u00e2ntano deixando a vegeta\u00e7\u00e3o local amassada e disposta em sentido hor\u00e1rio.<\/td>\n<\/tr>\n<tr style=\"height: 120px;\">\n<td style=\"width: 7.1429%; vertical-align: top; height: 120px;\">7<\/td>\n<td style=\"width: 92.8571%; height: 120px;\"><strong><a href=\"https:\/\/www.fenomenum.com.br\/caso-valensole\/\"><img loading=\"lazy\" class=\"aligncenter wp-image-2072 size-full\" src=\"https:\/\/www.fenomenum.com.br\/novo\/wp-content\/uploads\/2022\/03\/Empreinte1nord.jpg\" alt=\"\" width=\"591\" height=\"445\" srcset=\"https:\/\/www.fenomenum.com.br\/novo\/wp-content\/uploads\/2022\/03\/Empreinte1nord.jpg 591w, https:\/\/www.fenomenum.com.br\/novo\/wp-content\/uploads\/2022\/03\/Empreinte1nord-400x301.jpg 400w, https:\/\/www.fenomenum.com.br\/novo\/wp-content\/uploads\/2022\/03\/Empreinte1nord-250x188.jpg 250w, https:\/\/www.fenomenum.com.br\/novo\/wp-content\/uploads\/2022\/03\/Empreinte1nord-150x113.jpg 150w, https:\/\/www.fenomenum.com.br\/novo\/wp-content\/uploads\/2022\/03\/Empreinte1nord-50x38.jpg 50w, https:\/\/www.fenomenum.com.br\/novo\/wp-content\/uploads\/2022\/03\/Empreinte1nord-100x75.jpg 100w, https:\/\/www.fenomenum.com.br\/novo\/wp-content\/uploads\/2022\/03\/Empreinte1nord-200x151.jpg 200w, https:\/\/www.fenomenum.com.br\/novo\/wp-content\/uploads\/2022\/03\/Empreinte1nord-300x226.jpg 300w, https:\/\/www.fenomenum.com.br\/novo\/wp-content\/uploads\/2022\/03\/Empreinte1nord-350x264.jpg 350w, https:\/\/www.fenomenum.com.br\/novo\/wp-content\/uploads\/2022\/03\/Empreinte1nord-450x339.jpg 450w, https:\/\/www.fenomenum.com.br\/novo\/wp-content\/uploads\/2022\/03\/Empreinte1nord-500x376.jpg 500w, https:\/\/www.fenomenum.com.br\/novo\/wp-content\/uploads\/2022\/03\/Empreinte1nord-550x414.jpg 550w\" sizes=\"(max-width: 591px) 100vw, 591px\" \/><\/a><\/strong><\/p>\n<p><strong><a href=\"https:\/\/www.fenomenum.com.br\/caso-valensole\/\">Caso Valensole<\/a><\/strong> &#8211; Valensole, Fran\u00e7a 19\/01\/1966<\/p>\n<p>Ap\u00f3s pouso de OVNI o solo ficou esterilizado. Al\u00e9m do circulo principal foram constatadas marcas do trem de pouso do objeto.<\/td>\n<\/tr>\n<tr style=\"height: 24px;\">\n<td style=\"width: 7.1429%; vertical-align: top; height: 24px;\">8<\/td>\n<td style=\"width: 92.8571%; height: 24px;\"><strong><a href=\"https:\/\/www.fenomenum.com.br\/caso-loonie-zamora\/\"><img loading=\"lazy\" class=\"aligncenter wp-image-2017 size-full\" src=\"https:\/\/www.fenomenum.com.br\/novo\/wp-content\/uploads\/2022\/03\/socorropadtraceif4.jpg\" alt=\"\" width=\"376\" height=\"364\" srcset=\"https:\/\/www.fenomenum.com.br\/novo\/wp-content\/uploads\/2022\/03\/socorropadtraceif4.jpg 376w, https:\/\/www.fenomenum.com.br\/novo\/wp-content\/uploads\/2022\/03\/socorropadtraceif4-250x242.jpg 250w, https:\/\/www.fenomenum.com.br\/novo\/wp-content\/uploads\/2022\/03\/socorropadtraceif4-150x145.jpg 150w, https:\/\/www.fenomenum.com.br\/novo\/wp-content\/uploads\/2022\/03\/socorropadtraceif4-50x48.jpg 50w, https:\/\/www.fenomenum.com.br\/novo\/wp-content\/uploads\/2022\/03\/socorropadtraceif4-100x97.jpg 100w, https:\/\/www.fenomenum.com.br\/novo\/wp-content\/uploads\/2022\/03\/socorropadtraceif4-200x194.jpg 200w, https:\/\/www.fenomenum.com.br\/novo\/wp-content\/uploads\/2022\/03\/socorropadtraceif4-300x290.jpg 300w, https:\/\/www.fenomenum.com.br\/novo\/wp-content\/uploads\/2022\/03\/socorropadtraceif4-350x339.jpg 350w\" sizes=\"(max-width: 376px) 100vw, 376px\" \/><\/a><\/strong><\/p>\n<p><strong><a href=\"https:\/\/www.fenomenum.com.br\/caso-loonie-zamora\/\">Caso Lonnie Zamora<\/a><\/strong> &#8211; Socorro, Novo M\u00e9xico, EUA 24\/04\/1964<\/p>\n<p>No local do pouso do OVNI foram encontradas pedras carbonizadas e marcas de trem de pouso<\/td>\n<\/tr>\n<tr style=\"height: 24px;\">\n<td style=\"width: 7.1429%; vertical-align: top; height: 24px;\">9<\/td>\n<td style=\"width: 92.8571%; height: 24px;\"><strong><a href=\"https:\/\/www.fenomenum.com.br\/caso-quarouble\/\"><img loading=\"lazy\" class=\"aligncenter wp-image-1580 size-full\" src=\"https:\/\/www.fenomenum.com.br\/novo\/wp-content\/uploads\/2022\/02\/335.jpg\" alt=\"\" width=\"450\" height=\"302\" srcset=\"https:\/\/www.fenomenum.com.br\/novo\/wp-content\/uploads\/2022\/02\/335.jpg 450w, https:\/\/www.fenomenum.com.br\/novo\/wp-content\/uploads\/2022\/02\/335-400x268.jpg 400w, https:\/\/www.fenomenum.com.br\/novo\/wp-content\/uploads\/2022\/02\/335-250x168.jpg 250w, https:\/\/www.fenomenum.com.br\/novo\/wp-content\/uploads\/2022\/02\/335-150x101.jpg 150w, https:\/\/www.fenomenum.com.br\/novo\/wp-content\/uploads\/2022\/02\/335-50x34.jpg 50w, https:\/\/www.fenomenum.com.br\/novo\/wp-content\/uploads\/2022\/02\/335-100x67.jpg 100w, https:\/\/www.fenomenum.com.br\/novo\/wp-content\/uploads\/2022\/02\/335-200x134.jpg 200w, https:\/\/www.fenomenum.com.br\/novo\/wp-content\/uploads\/2022\/02\/335-300x201.jpg 300w, https:\/\/www.fenomenum.com.br\/novo\/wp-content\/uploads\/2022\/02\/335-350x235.jpg 350w\" sizes=\"(max-width: 450px) 100vw, 450px\" \/><\/a><\/strong><\/p>\n<p><strong><a href=\"https:\/\/www.fenomenum.com.br\/caso-quarouble\/\">Caso Quarouble<\/a><\/strong> &#8211; Quarouble, Fran\u00e7a 10\/09\/1954<\/p>\n<p>Pouso de OVNI deixando marcas nos dormentes da ferrovia e deixando estruturas de ferro com fadiga necessitando trocas<\/td>\n<\/tr>\n<tr style=\"height: 24px;\">\n<td style=\"width: 7.1429%; vertical-align: top; height: 24px;\">10<\/td>\n<td style=\"width: 92.8571%; height: 24px;\"><a href=\"https:\/\/www.fenomenum.com.br\/pouso-de-ufo-em-base-da-forca-aerea-brasileira\/\"><img loading=\"lazy\" class=\"aligncenter wp-image-4908 size-full\" src=\"https:\/\/www.fenomenum.com.br\/novo\/wp-content\/uploads\/2022\/04\/eear.h1.jpg\" alt=\"\" width=\"573\" height=\"382\" \/><\/a><\/p>\n<p><strong><a href=\"https:\/\/www.fenomenum.com.br\/pouso-de-ufo-em-base-da-forca-aerea-brasileira\/\">Pouso de OVNI em Base da FAB<\/a><\/strong> &#8211; Guaratinguet\u00e1 (SP), Brasil 02\/12\/1996<\/p>\n<p>Um OVNI pousou em um charco ao lado de uma base da For\u00e7a A\u00e9rea Brasileira. No dia seguinte descobriu-se uma marca semelhante \u00e0 de Tully.<\/td>\n<\/tr>\n<tr style=\"height: 24px;\">\n<td style=\"width: 7.1429%; vertical-align: top; height: 24px;\">11<\/td>\n<td style=\"width: 92.8571%; height: 24px;\"><strong><a href=\"https:\/\/www.fenomenum.com.br\/o-caso-do-embornal\/\"><img loading=\"lazy\" class=\"aligncenter wp-image-4315 size-full\" src=\"https:\/\/www.fenomenum.com.br\/novo\/wp-content\/uploads\/2022\/03\/marca_embornal1.jpg\" alt=\"\" width=\"314\" height=\"235\" \/><\/a><\/strong><\/p>\n<p><strong><a href=\"https:\/\/www.fenomenum.com.br\/o-caso-do-embornal\/\">Caso do Embornal<\/a><\/strong> &#8211; Baependi (MG) 16\/05\/1979<br \/>\nIdentificadas 4 marcas, com 16 furos cada uma.<\/td>\n<\/tr>\n<tr style=\"height: 24px;\">\n<td style=\"width: 7.1429%; vertical-align: top; height: 24px;\">12<\/td>\n<td style=\"width: 92.8571%; height: 24px;\"><strong><a href=\"https:\/\/www.fenomenum.com.br\/o-fantastico-caso-lins\/\"><img loading=\"lazy\" class=\"aligncenter wp-image-2484 size-full\" src=\"https:\/\/www.fenomenum.com.br\/novo\/wp-content\/uploads\/2022\/03\/Caso-SIOANI-006-Foto6-Marca-de-Pouso.jpg\" alt=\"\" width=\"776\" height=\"522\" srcset=\"https:\/\/www.fenomenum.com.br\/novo\/wp-content\/uploads\/2022\/03\/Caso-SIOANI-006-Foto6-Marca-de-Pouso.jpg 776w, https:\/\/www.fenomenum.com.br\/novo\/wp-content\/uploads\/2022\/03\/Caso-SIOANI-006-Foto6-Marca-de-Pouso-400x269.jpg 400w, https:\/\/www.fenomenum.com.br\/novo\/wp-content\/uploads\/2022\/03\/Caso-SIOANI-006-Foto6-Marca-de-Pouso-650x437.jpg 650w, https:\/\/www.fenomenum.com.br\/novo\/wp-content\/uploads\/2022\/03\/Caso-SIOANI-006-Foto6-Marca-de-Pouso-250x168.jpg 250w, https:\/\/www.fenomenum.com.br\/novo\/wp-content\/uploads\/2022\/03\/Caso-SIOANI-006-Foto6-Marca-de-Pouso-768x517.jpg 768w, https:\/\/www.fenomenum.com.br\/novo\/wp-content\/uploads\/2022\/03\/Caso-SIOANI-006-Foto6-Marca-de-Pouso-150x101.jpg 150w, https:\/\/www.fenomenum.com.br\/novo\/wp-content\/uploads\/2022\/03\/Caso-SIOANI-006-Foto6-Marca-de-Pouso-50x34.jpg 50w, https:\/\/www.fenomenum.com.br\/novo\/wp-content\/uploads\/2022\/03\/Caso-SIOANI-006-Foto6-Marca-de-Pouso-100x67.jpg 100w, https:\/\/www.fenomenum.com.br\/novo\/wp-content\/uploads\/2022\/03\/Caso-SIOANI-006-Foto6-Marca-de-Pouso-200x135.jpg 200w, https:\/\/www.fenomenum.com.br\/novo\/wp-content\/uploads\/2022\/03\/Caso-SIOANI-006-Foto6-Marca-de-Pouso-300x202.jpg 300w, https:\/\/www.fenomenum.com.br\/novo\/wp-content\/uploads\/2022\/03\/Caso-SIOANI-006-Foto6-Marca-de-Pouso-350x235.jpg 350w, https:\/\/www.fenomenum.com.br\/novo\/wp-content\/uploads\/2022\/03\/Caso-SIOANI-006-Foto6-Marca-de-Pouso-450x303.jpg 450w, https:\/\/www.fenomenum.com.br\/novo\/wp-content\/uploads\/2022\/03\/Caso-SIOANI-006-Foto6-Marca-de-Pouso-500x336.jpg 500w, https:\/\/www.fenomenum.com.br\/novo\/wp-content\/uploads\/2022\/03\/Caso-SIOANI-006-Foto6-Marca-de-Pouso-550x370.jpg 550w\" sizes=\"(max-width: 776px) 100vw, 776px\" \/><\/a><\/strong><\/p>\n<p><strong><a href=\"https:\/\/www.fenomenum.com.br\/o-fantastico-caso-lins\/\">Caso Lins<\/a><\/strong> &#8211; Lins (SP), Brasil 27\/08\/1968<br \/>\nPouso de OVNI em proximidades de um hospital p\u00fablico. No local onde o objeto pousou surgiu um circulo est\u00e9ril.<\/td>\n<\/tr>\n<tr style=\"height: 24px;\">\n<td style=\"width: 7.1429%; vertical-align: top; height: 24px;\">13<\/td>\n<td style=\"width: 92.8571%; height: 24px;\"><a href=\"https:\/\/www.fenomenum.com.br\/caso-colombo\/\"><img loading=\"lazy\" class=\"aligncenter wp-image-4885 size-full\" src=\"https:\/\/www.fenomenum.com.br\/novo\/wp-content\/uploads\/2022\/04\/colomb3.jpg\" alt=\"\" width=\"697\" height=\"530\" \/><\/a><\/p>\n<p><a href=\"https:\/\/www.fenomenum.com.br\/caso-colombo\/\"><strong>Caso Colombo<\/strong><\/a> &#8211; Colombo (PR), Brasil 14\/05\/1997<br \/>\nSonda ufol\u00f3gica fez um v\u00f4o rasante a poucos metros do ch\u00e3o. Pela condi\u00e7\u00e3o as amostras encontradas na marca conclui-se que o objeto emitia radia\u00e7\u00e3o microondas.<\/td>\n<\/tr>\n<tr style=\"height: 24px;\">\n<td style=\"width: 7.1429%; vertical-align: top; height: 24px;\">14<\/td>\n<td style=\"width: 92.8571%; height: 24px;\"><a href=\"https:\/\/www.fenomenum.com.br\/caso-tuscumbia\/\"><img loading=\"lazy\" class=\"wp-image-2225 size-full aligncenter\" src=\"https:\/\/www.fenomenum.com.br\/novo\/wp-content\/uploads\/2022\/03\/9_tuscumbia_central_shaft_hole_dehydrated_soil.jpg\" alt=\"\" width=\"432\" height=\"293\" srcset=\"https:\/\/www.fenomenum.com.br\/novo\/wp-content\/uploads\/2022\/03\/9_tuscumbia_central_shaft_hole_dehydrated_soil.jpg 432w, https:\/\/www.fenomenum.com.br\/novo\/wp-content\/uploads\/2022\/03\/9_tuscumbia_central_shaft_hole_dehydrated_soil-400x271.jpg 400w, https:\/\/www.fenomenum.com.br\/novo\/wp-content\/uploads\/2022\/03\/9_tuscumbia_central_shaft_hole_dehydrated_soil-250x170.jpg 250w, https:\/\/www.fenomenum.com.br\/novo\/wp-content\/uploads\/2022\/03\/9_tuscumbia_central_shaft_hole_dehydrated_soil-150x102.jpg 150w, https:\/\/www.fenomenum.com.br\/novo\/wp-content\/uploads\/2022\/03\/9_tuscumbia_central_shaft_hole_dehydrated_soil-50x34.jpg 50w, https:\/\/www.fenomenum.com.br\/novo\/wp-content\/uploads\/2022\/03\/9_tuscumbia_central_shaft_hole_dehydrated_soil-100x68.jpg 100w, https:\/\/www.fenomenum.com.br\/novo\/wp-content\/uploads\/2022\/03\/9_tuscumbia_central_shaft_hole_dehydrated_soil-200x136.jpg 200w, https:\/\/www.fenomenum.com.br\/novo\/wp-content\/uploads\/2022\/03\/9_tuscumbia_central_shaft_hole_dehydrated_soil-300x203.jpg 300w, https:\/\/www.fenomenum.com.br\/novo\/wp-content\/uploads\/2022\/03\/9_tuscumbia_central_shaft_hole_dehydrated_soil-350x237.jpg 350w\" sizes=\"(max-width: 432px) 100vw, 432px\" \/><\/a><\/p>\n<p><strong><a href=\"https:\/\/www.fenomenum.com.br\/caso-tuscumbia\/\">Caso Tuscumbia<\/a><\/strong> &#8211; Tuscumbia, Missouri, EUA 14\/02\/1967<br \/>\nPouso de OVNI, avistamento de tripulantes e vest\u00edgios f\u00edsicos.<\/td>\n<\/tr>\n<tr style=\"height: 24px;\">\n<td style=\"width: 7.1429%; vertical-align: top; height: 24px;\">15<\/td>\n<td style=\"width: 92.8571%; height: 24px;\"><a href=\"https:\/\/www.fenomenum.com.br\/caso-lake-anten\/\"><img loading=\"lazy\" class=\"aligncenter wp-image-2653 size-full\" src=\"https:\/\/www.fenomenum.com.br\/novo\/wp-content\/uploads\/2022\/03\/FSR17-1-a.jpg\" alt=\"\" width=\"500\" height=\"319\" srcset=\"https:\/\/www.fenomenum.com.br\/novo\/wp-content\/uploads\/2022\/03\/FSR17-1-a.jpg 500w, https:\/\/www.fenomenum.com.br\/novo\/wp-content\/uploads\/2022\/03\/FSR17-1-a-400x255.jpg 400w, https:\/\/www.fenomenum.com.br\/novo\/wp-content\/uploads\/2022\/03\/FSR17-1-a-250x160.jpg 250w, https:\/\/www.fenomenum.com.br\/novo\/wp-content\/uploads\/2022\/03\/FSR17-1-a-150x96.jpg 150w, https:\/\/www.fenomenum.com.br\/novo\/wp-content\/uploads\/2022\/03\/FSR17-1-a-50x32.jpg 50w, https:\/\/www.fenomenum.com.br\/novo\/wp-content\/uploads\/2022\/03\/FSR17-1-a-100x64.jpg 100w, https:\/\/www.fenomenum.com.br\/novo\/wp-content\/uploads\/2022\/03\/FSR17-1-a-200x128.jpg 200w, https:\/\/www.fenomenum.com.br\/novo\/wp-content\/uploads\/2022\/03\/FSR17-1-a-300x191.jpg 300w, https:\/\/www.fenomenum.com.br\/novo\/wp-content\/uploads\/2022\/03\/FSR17-1-a-350x223.jpg 350w, https:\/\/www.fenomenum.com.br\/novo\/wp-content\/uploads\/2022\/03\/FSR17-1-a-450x287.jpg 450w\" sizes=\"(max-width: 500px) 100vw, 500px\" \/><\/a><\/p>\n<p><strong><a href=\"https:\/\/www.fenomenum.com.br\/caso-lake-anten\/\">Caso Lake Anten<\/a><\/strong> &#8211; Lake Anten, Su\u00e9cia 28\/08\/1970<br \/>\nMarca surge em um jardim ap\u00f3s o aparecimento de um disco voador.<\/td>\n<\/tr>\n<tr style=\"height: 24px;\">\n<td style=\"width: 7.1429%; vertical-align: top; height: 24px;\">16<\/td>\n<td style=\"width: 92.8571%; height: 24px;\"><strong><a href=\"https:\/\/www.fenomenum.com.br\/pouso-em-port-coquitlan\/\"><img loading=\"lazy\" class=\"aligncenter wp-image-3041 size-full\" src=\"https:\/\/www.fenomenum.com.br\/novo\/wp-content\/uploads\/2022\/03\/port.jpg\" alt=\"\" width=\"230\" height=\"164\" srcset=\"https:\/\/www.fenomenum.com.br\/novo\/wp-content\/uploads\/2022\/03\/port.jpg 230w, https:\/\/www.fenomenum.com.br\/novo\/wp-content\/uploads\/2022\/03\/port-150x107.jpg 150w, https:\/\/www.fenomenum.com.br\/novo\/wp-content\/uploads\/2022\/03\/port-50x36.jpg 50w, https:\/\/www.fenomenum.com.br\/novo\/wp-content\/uploads\/2022\/03\/port-100x71.jpg 100w, https:\/\/www.fenomenum.com.br\/novo\/wp-content\/uploads\/2022\/03\/port-200x143.jpg 200w\" sizes=\"(max-width: 230px) 100vw, 230px\" \/><\/a><\/strong><\/p>\n<p><strong><a href=\"https:\/\/www.fenomenum.com.br\/pouso-em-port-coquitlan\/\">Caso Port Coquitlam<\/a><\/strong> &#8211; Port Coquitlam, Col\u00fambia Brit\u00e2nica, Canad\u00e1 16 de Agosto de 1974<br \/>\nTr\u00eas garotos testemunham um pouso de disco voador que deixou vest\u00edgios f\u00edsicos no ambiente.<\/td>\n<\/tr>\n<tr style=\"height: 24px;\">\n<td style=\"width: 7.1429%; vertical-align: top; height: 24px;\">17<\/td>\n<td style=\"width: 92.8571%; height: 24px;\"><strong><a href=\"https:\/\/www.fenomenum.com.br\/pouso-de-ufo-em-mount-pleasant-canada\/\"><img loading=\"lazy\" class=\"aligncenter wp-image-3047 size-full\" src=\"https:\/\/www.fenomenum.com.br\/novo\/wp-content\/uploads\/2022\/03\/Mount-Pleasant-Ontario.jpg\" alt=\"\" width=\"386\" height=\"287\" srcset=\"https:\/\/www.fenomenum.com.br\/novo\/wp-content\/uploads\/2022\/03\/Mount-Pleasant-Ontario.jpg 386w, https:\/\/www.fenomenum.com.br\/novo\/wp-content\/uploads\/2022\/03\/Mount-Pleasant-Ontario-250x186.jpg 250w, https:\/\/www.fenomenum.com.br\/novo\/wp-content\/uploads\/2022\/03\/Mount-Pleasant-Ontario-150x112.jpg 150w, https:\/\/www.fenomenum.com.br\/novo\/wp-content\/uploads\/2022\/03\/Mount-Pleasant-Ontario-50x37.jpg 50w, https:\/\/www.fenomenum.com.br\/novo\/wp-content\/uploads\/2022\/03\/Mount-Pleasant-Ontario-100x74.jpg 100w, https:\/\/www.fenomenum.com.br\/novo\/wp-content\/uploads\/2022\/03\/Mount-Pleasant-Ontario-200x149.jpg 200w, https:\/\/www.fenomenum.com.br\/novo\/wp-content\/uploads\/2022\/03\/Mount-Pleasant-Ontario-300x223.jpg 300w, https:\/\/www.fenomenum.com.br\/novo\/wp-content\/uploads\/2022\/03\/Mount-Pleasant-Ontario-350x260.jpg 350w\" sizes=\"(max-width: 386px) 100vw, 386px\" \/><\/a><\/strong><\/p>\n<p><strong><a href=\"https:\/\/www.fenomenum.com.br\/pouso-de-ufo-em-mount-pleasant-canada\/\">Caso Mount Pleasant<\/a><\/strong> &#8211; Mount Pleasant, Ont\u00e1rio, Canad\u00e1 6 de Julho de 1975<br \/>\nDisco voador pousa em planta\u00e7\u00e3o de tabaco afetando solo e vegeta\u00e7\u00e3o.<\/td>\n<\/tr>\n<tr style=\"height: 24px;\">\n<td style=\"width: 7.1429%; vertical-align: top; height: 24px;\">18<\/td>\n<td style=\"width: 92.8571%; height: 24px;\"><a href=\"https:\/\/www.fenomenum.com.br\/caso-crespo\/\"><img loading=\"lazy\" class=\"aligncenter wp-image-5135 size-full\" src=\"https:\/\/www.fenomenum.com.br\/novo\/wp-content\/uploads\/2022\/04\/crespo06.jpg\" alt=\"\" width=\"320\" height=\"240\" \/><\/a><\/p>\n<p><strong><a href=\"https:\/\/www.fenomenum.com.br\/caso-crespo\/\">Caso Crespo<\/a><\/strong> &#8211; Crespo, Entre Rios, Argentina 22 de Dezembro de 2003<br \/>\nUm interessante caso de pouso de OVNI ocorrido em Crespo, Argentina.<\/td>\n<\/tr>\n<tr style=\"height: 24px;\">\n<td style=\"width: 7.1429%; vertical-align: top; height: 24px;\">19<\/td>\n<td style=\"width: 92.8571%; height: 24px;\"><img loading=\"lazy\" class=\"aligncenter wp-image-5926 size-full\" src=\"https:\/\/www.fenomenum.com.br\/novo\/wp-content\/uploads\/2022\/04\/alambra.jpg\" alt=\"\" width=\"437\" height=\"275\" \/><\/p>\n<p><strong>Caso Punta Indio<\/strong> &#8211; Punta Indio, baia de Samboromb\u00f3n, Argentina 6 de Fevereiro de 2005<br \/>\nEstranha marca circular, surgida em pasto, durante eventos ufol\u00f3gicos em Punta Indio, Argentina.<\/td>\n<\/tr>\n<tr style=\"height: 24px;\">\n<td style=\"width: 7.1429%; vertical-align: top; height: 24px;\">20<\/td>\n<td style=\"width: 92.8571%; height: 24px;\"><img loading=\"lazy\" class=\"aligncenter wp-image-5927 size-full\" src=\"https:\/\/www.fenomenum.com.br\/novo\/wp-content\/uploads\/2022\/04\/aveni72.jpg\" alt=\"\" width=\"441\" height=\"275\" \/><\/p>\n<p><strong>Caso La Plata<\/strong> &#8211; La Plata, Argentina, Janeiro de 1997<br \/>\nV\u00e1rios c\u00edrculos estranhos surgiram em um gramado em um bairro de La Plata.<\/td>\n<\/tr>\n<tr style=\"height: 24px;\">\n<td style=\"width: 7.1429%; vertical-align: top; height: 24px;\">21<\/td>\n<td style=\"width: 92.8571%; height: 24px;\"><img loading=\"lazy\" class=\"aligncenter wp-image-5929 size-full\" src=\"https:\/\/www.fenomenum.com.br\/novo\/wp-content\/uploads\/2022\/04\/nava04.jpg\" alt=\"\" width=\"383\" height=\"245\" \/><\/p>\n<p><strong>Caso Navarro<\/strong> &#8211; Navarro, Buenos Aires, Argentina 3 de Dezembro de 1991<\/p>\n<p>Marca circular, surgida em um campo, na localidade de Navarro, prov\u00edncia de Buenos Aires, Argentina, durante avistamento ufol\u00f3gico.<\/td>\n<\/tr>\n<tr style=\"height: 24px;\">\n<td style=\"width: 7.1429%; vertical-align: top; height: 24px;\">22<\/td>\n<td style=\"width: 92.8571%; height: 24px;\"><img loading=\"lazy\" class=\"aligncenter wp-image-5930 size-full\" src=\"https:\/\/www.fenomenum.com.br\/novo\/wp-content\/uploads\/2022\/04\/D10000271.jpg\" alt=\"\" width=\"400\" height=\"300\" \/><\/p>\n<p><strong>Caso Merlo<\/strong> &#8211; Buenos Aires, Argentina<\/p>\n<p>Novembro de 2006 Estranhas marcas surgiram no campo. Solo e plantas afetadas.<\/td>\n<\/tr>\n<tr style=\"height: 24px;\">\n<td style=\"width: 7.1429%; vertical-align: top; height: 24px;\">23<\/td>\n<td style=\"width: 92.8571%; height: 24px;\"><img loading=\"lazy\" class=\"aligncenter wp-image-5931 size-full\" src=\"https:\/\/www.fenomenum.com.br\/novo\/wp-content\/uploads\/2022\/04\/DSC05423.jpg\" alt=\"\" width=\"400\" height=\"300\" \/><\/p>\n<p><strong>Caso Dique Roggero<\/strong> &#8211; Dique Roggero, Moreno, Grande Buenos Aires, Argentina 25\/10\/2008<\/p>\n<p>Estranhas marcas surgiram no campo de um haras local. Solo e plantas afetadas.<\/td>\n<\/tr>\n<tr style=\"height: 24px;\">\n<td style=\"width: 7.1429%; vertical-align: top; height: 24px;\">24<\/td>\n<td style=\"width: 92.8571%; height: 24px;\"><img loading=\"lazy\" class=\"aligncenter wp-image-5932 size-full\" src=\"https:\/\/www.fenomenum.com.br\/novo\/wp-content\/uploads\/2022\/04\/manitoulin1.jpg\" alt=\"\" width=\"400\" height=\"287\" \/><\/p>\n<p><strong>Pouso em Manitoulin<\/strong> &#8211; Spring Bay, Manitoulin, EUA set\/1990<\/p>\n<p>Estranha marca de pouso, em solo arenoso, nas proximidades de Spring Bay, Manitoulin, Estados Unidos.<\/td>\n<\/tr>\n<tr style=\"height: 24px;\">\n<td style=\"width: 7.1429%; vertical-align: top; height: 24px;\">25<\/td>\n<td style=\"width: 92.8571%; height: 24px;\"><a href=\"https:\/\/www.fenomenum.com.br\/caso-matadepera\/\"><img loading=\"lazy\" class=\"aligncenter wp-image-2508 size-full\" src=\"https:\/\/www.fenomenum.com.br\/novo\/wp-content\/uploads\/2022\/03\/Slide90.jpg\" alt=\"\" width=\"945\" height=\"378\" srcset=\"https:\/\/www.fenomenum.com.br\/novo\/wp-content\/uploads\/2022\/03\/Slide90.jpg 945w, https:\/\/www.fenomenum.com.br\/novo\/wp-content\/uploads\/2022\/03\/Slide90-400x160.jpg 400w, https:\/\/www.fenomenum.com.br\/novo\/wp-content\/uploads\/2022\/03\/Slide90-650x260.jpg 650w, https:\/\/www.fenomenum.com.br\/novo\/wp-content\/uploads\/2022\/03\/Slide90-250x100.jpg 250w, https:\/\/www.fenomenum.com.br\/novo\/wp-content\/uploads\/2022\/03\/Slide90-768x307.jpg 768w, https:\/\/www.fenomenum.com.br\/novo\/wp-content\/uploads\/2022\/03\/Slide90-150x60.jpg 150w, https:\/\/www.fenomenum.com.br\/novo\/wp-content\/uploads\/2022\/03\/Slide90-50x20.jpg 50w, https:\/\/www.fenomenum.com.br\/novo\/wp-content\/uploads\/2022\/03\/Slide90-100x40.jpg 100w, https:\/\/www.fenomenum.com.br\/novo\/wp-content\/uploads\/2022\/03\/Slide90-200x80.jpg 200w, https:\/\/www.fenomenum.com.br\/novo\/wp-content\/uploads\/2022\/03\/Slide90-300x120.jpg 300w, https:\/\/www.fenomenum.com.br\/novo\/wp-content\/uploads\/2022\/03\/Slide90-350x140.jpg 350w, https:\/\/www.fenomenum.com.br\/novo\/wp-content\/uploads\/2022\/03\/Slide90-450x180.jpg 450w, https:\/\/www.fenomenum.com.br\/novo\/wp-content\/uploads\/2022\/03\/Slide90-500x200.jpg 500w, https:\/\/www.fenomenum.com.br\/novo\/wp-content\/uploads\/2022\/03\/Slide90-550x220.jpg 550w, https:\/\/www.fenomenum.com.br\/novo\/wp-content\/uploads\/2022\/03\/Slide90-800x320.jpg 800w\" sizes=\"(max-width: 945px) 100vw, 945px\" \/><\/a><\/p>\n<p><a href=\"https:\/\/www.fenomenum.com.br\/caso-matadepera\/\"><strong>Caso Matadepera<\/strong><\/a> &#8211; Matadepera, Barcelona, Espanha 29\/01\/1969<\/p>\n<p>OVNI sobrevoa a localidade de Matapedera, Barcelona, deixando marcas no solo.<\/td>\n<\/tr>\n<tr style=\"height: 24px;\">\n<td style=\"width: 7.1429%; vertical-align: top; height: 24px;\">26<\/td>\n<td style=\"width: 92.8571%; height: 24px;\"><a href=\"https:\/\/www.fenomenum.com.br\/pouso-de-ufo-em-sao-vicente\/\"><img loading=\"lazy\" class=\"aligncenter wp-image-4820 size-full\" src=\"https:\/\/www.fenomenum.com.br\/novo\/wp-content\/uploads\/2022\/04\/saovicente1.jpg\" alt=\"\" width=\"459\" height=\"300\" \/><\/a><\/p>\n<p><a href=\"https:\/\/www.fenomenum.com.br\/pouso-de-ufo-em-sao-vicente\/\"><strong>Caso S\u00e3o Vicente<\/strong><\/a> &#8211; S\u00e3o Vicente (SP) 1\/10\/1995<\/p>\n<p>Dois pescadores observam o pouso de um disco voador, em uma pequena ilha, em S\u00e3o Vicente, Litoral de S\u00e3o Paulo. No local, o objeto deixou uma marca circular e marcas derivadas de trem de pouso.<\/td>\n<\/tr>\n<tr style=\"height: 24px;\">\n<td style=\"width: 7.1429%; vertical-align: top; height: 24px;\">27<\/td>\n<td style=\"width: 92.8571%; height: 24px;\"><a href=\"https:\/\/www.fenomenum.com.br\/pouso-em-villaviciosa-espanha\/\"><img loading=\"lazy\" class=\"aligncenter wp-image-4137 size-full\" src=\"https:\/\/www.fenomenum.com.br\/novo\/wp-content\/uploads\/2022\/03\/aterrissagem4.jpg\" alt=\"\" width=\"154\" height=\"240\" \/><\/a><\/p>\n<p><strong><a href=\"https:\/\/www.fenomenum.com.br\/pouso-em-villaviciosa-espanha\/\">Caso Arroes<\/a><\/strong> &#8211; Arroes, Vilaviciosa, Espanha 25\/08\/1972<\/p>\n<p>OVNI pousa, deixando uma marca em forma de estrela em um prado.<\/td>\n<\/tr>\n<tr style=\"height: 24px;\">\n<td style=\"width: 7.1429%; vertical-align: top; height: 24px;\">28<\/td>\n<td style=\"width: 92.8571%; height: 24px;\"><strong><a href=\"https:\/\/www.fenomenum.com.br\/aterrissagem-de-ufo-em-burgos-espanha\/\"><img loading=\"lazy\" class=\"aligncenter wp-image-3056 size-full\" src=\"https:\/\/www.fenomenum.com.br\/novo\/wp-content\/uploads\/2022\/03\/capa-burgos.jpg\" alt=\"\" width=\"945\" height=\"378\" srcset=\"https:\/\/www.fenomenum.com.br\/novo\/wp-content\/uploads\/2022\/03\/capa-burgos.jpg 945w, https:\/\/www.fenomenum.com.br\/novo\/wp-content\/uploads\/2022\/03\/capa-burgos-400x160.jpg 400w, https:\/\/www.fenomenum.com.br\/novo\/wp-content\/uploads\/2022\/03\/capa-burgos-650x260.jpg 650w, https:\/\/www.fenomenum.com.br\/novo\/wp-content\/uploads\/2022\/03\/capa-burgos-250x100.jpg 250w, https:\/\/www.fenomenum.com.br\/novo\/wp-content\/uploads\/2022\/03\/capa-burgos-768x307.jpg 768w, https:\/\/www.fenomenum.com.br\/novo\/wp-content\/uploads\/2022\/03\/capa-burgos-150x60.jpg 150w, https:\/\/www.fenomenum.com.br\/novo\/wp-content\/uploads\/2022\/03\/capa-burgos-50x20.jpg 50w, https:\/\/www.fenomenum.com.br\/novo\/wp-content\/uploads\/2022\/03\/capa-burgos-100x40.jpg 100w, https:\/\/www.fenomenum.com.br\/novo\/wp-content\/uploads\/2022\/03\/capa-burgos-200x80.jpg 200w, https:\/\/www.fenomenum.com.br\/novo\/wp-content\/uploads\/2022\/03\/capa-burgos-300x120.jpg 300w, https:\/\/www.fenomenum.com.br\/novo\/wp-content\/uploads\/2022\/03\/capa-burgos-350x140.jpg 350w, https:\/\/www.fenomenum.com.br\/novo\/wp-content\/uploads\/2022\/03\/capa-burgos-450x180.jpg 450w, https:\/\/www.fenomenum.com.br\/novo\/wp-content\/uploads\/2022\/03\/capa-burgos-500x200.jpg 500w, https:\/\/www.fenomenum.com.br\/novo\/wp-content\/uploads\/2022\/03\/capa-burgos-550x220.jpg 550w, https:\/\/www.fenomenum.com.br\/novo\/wp-content\/uploads\/2022\/03\/capa-burgos-800x320.jpg 800w\" sizes=\"(max-width: 945px) 100vw, 945px\" \/><\/a><\/strong><\/p>\n<p><strong><a href=\"https:\/\/www.fenomenum.com.br\/aterrissagem-de-ufo-em-burgos-espanha\/\">Aterrisagem em Burgos<\/a><\/strong> &#8211; Quintaortu\u00f1o, Burgos, Espanha 1\u00ba\/01\/1975<\/p>\n<p>OVNIs pousam nas proximidades da auto-estrada nacional 623 deixando 5 marcas no solo.<\/td>\n<\/tr>\n<tr style=\"height: 379px;\">\n<td style=\"width: 7.1429%; vertical-align: top; height: 379px;\">29<\/td>\n<td style=\"width: 92.8571%; height: 379px;\"><a href=\"https:\/\/www.fenomenum.com.br\/caso-rosmead\/\"><img loading=\"lazy\" class=\"aligncenter wp-image-5934 size-full\" src=\"https:\/\/www.fenomenum.com.br\/novo\/wp-content\/uploads\/2022\/03\/africa-do-sul.jpg\" alt=\"\" width=\"300\" height=\"268\" \/><\/a><\/p>\n<p><strong><a href=\"https:\/\/www.fenomenum.com.br\/caso-rosmead\/\">Caso Rosmead<\/a><\/strong> &#8211; Rosmead, Africa do Sul 12 de Novembro de 1972<\/p>\n<p>Passagem de OVNI destr\u00f3i cancha poliesportiva.<\/td>\n<\/tr>\n<tr style=\"height: 378px;\">\n<td style=\"width: 7.1429%; vertical-align: top; height: 378px;\">30<\/td>\n<td style=\"width: 92.8571%; height: 378px;\"><a href=\"https:\/\/www.fenomenum.com.br\/caso-stephen-michalak\/\"><img loading=\"lazy\" class=\"aligncenter wp-image-2277 size-full\" src=\"https:\/\/www.fenomenum.com.br\/novo\/wp-content\/uploads\/2022\/03\/falcon-lake-manituba-michalak.jpg\" alt=\"\" width=\"393\" height=\"267\" srcset=\"https:\/\/www.fenomenum.com.br\/novo\/wp-content\/uploads\/2022\/03\/falcon-lake-manituba-michalak.jpg 393w, https:\/\/www.fenomenum.com.br\/novo\/wp-content\/uploads\/2022\/03\/falcon-lake-manituba-michalak-250x170.jpg 250w, https:\/\/www.fenomenum.com.br\/novo\/wp-content\/uploads\/2022\/03\/falcon-lake-manituba-michalak-150x102.jpg 150w, https:\/\/www.fenomenum.com.br\/novo\/wp-content\/uploads\/2022\/03\/falcon-lake-manituba-michalak-50x34.jpg 50w, https:\/\/www.fenomenum.com.br\/novo\/wp-content\/uploads\/2022\/03\/falcon-lake-manituba-michalak-100x68.jpg 100w, https:\/\/www.fenomenum.com.br\/novo\/wp-content\/uploads\/2022\/03\/falcon-lake-manituba-michalak-200x136.jpg 200w, https:\/\/www.fenomenum.com.br\/novo\/wp-content\/uploads\/2022\/03\/falcon-lake-manituba-michalak-300x204.jpg 300w, https:\/\/www.fenomenum.com.br\/novo\/wp-content\/uploads\/2022\/03\/falcon-lake-manituba-michalak-350x238.jpg 350w\" sizes=\"(max-width: 393px) 100vw, 393px\" \/><\/a><\/p>\n<p><strong><a href=\"https:\/\/www.fenomenum.com.br\/caso-stephen-michalak\/\">Caso Stephen Michalak<\/a><\/strong> &#8211; Falcon Lake, Manituba, Canad\u00e1 20 de maio de 1967<\/p>\n<p>OVNI pousado. Testemunha se aproximou e queimou-se no t\u00f3rax.<\/td>\n<\/tr>\n<tr style=\"height: 380px;\">\n<td style=\"width: 7.1429%; vertical-align: top; height: 380px;\">31<\/td>\n<td style=\"width: 92.8571%; height: 380px;\"><img loading=\"lazy\" class=\"aligncenter wp-image-5938 size-full\" src=\"https:\/\/www.fenomenum.com.br\/novo\/wp-content\/uploads\/2022\/04\/ufo_319.jpg\" alt=\"\" width=\"536\" height=\"269\" \/><\/p>\n<p><strong>Pouso em Nishhikawacho<\/strong> &#8211; Nishhikawacho, Jap\u00e3o 1986<\/p>\n<p>Caso de pouso ocorrido em Nishhikawacho, Jap\u00e3o<\/td>\n<\/tr>\n<tr style=\"height: 428px;\">\n<td style=\"width: 7.1429%; vertical-align: top; height: 428px;\">32<\/td>\n<td style=\"width: 92.8571%; height: 428px;\"><img loading=\"lazy\" class=\"aligncenter wp-image-5939 size-full\" src=\"https:\/\/www.fenomenum.com.br\/novo\/wp-content\/uploads\/2022\/04\/Kadima-Israel-1993-2-1.jpg\" alt=\"\" width=\"440\" height=\"317\" srcset=\"https:\/\/www.fenomenum.com.br\/novo\/wp-content\/uploads\/2022\/04\/Kadima-Israel-1993-2-1.jpg 440w, https:\/\/www.fenomenum.com.br\/novo\/wp-content\/uploads\/2022\/04\/Kadima-Israel-1993-2-1-400x288.jpg 400w, https:\/\/www.fenomenum.com.br\/novo\/wp-content\/uploads\/2022\/04\/Kadima-Israel-1993-2-1-250x180.jpg 250w, https:\/\/www.fenomenum.com.br\/novo\/wp-content\/uploads\/2022\/04\/Kadima-Israel-1993-2-1-150x108.jpg 150w, https:\/\/www.fenomenum.com.br\/novo\/wp-content\/uploads\/2022\/04\/Kadima-Israel-1993-2-1-50x36.jpg 50w, https:\/\/www.fenomenum.com.br\/novo\/wp-content\/uploads\/2022\/04\/Kadima-Israel-1993-2-1-100x72.jpg 100w, https:\/\/www.fenomenum.com.br\/novo\/wp-content\/uploads\/2022\/04\/Kadima-Israel-1993-2-1-200x144.jpg 200w, https:\/\/www.fenomenum.com.br\/novo\/wp-content\/uploads\/2022\/04\/Kadima-Israel-1993-2-1-300x216.jpg 300w, https:\/\/www.fenomenum.com.br\/novo\/wp-content\/uploads\/2022\/04\/Kadima-Israel-1993-2-1-350x252.jpg 350w\" sizes=\"(max-width: 440px) 100vw, 440px\" \/><\/p>\n<p>Pouso em Kadima &#8211; Kadima, Israel 1993<\/p>\n<p>UFO pousa em Kadima, Israel, deixando marcas no solo.<\/td>\n<\/tr>\n<tr style=\"height: 535px;\">\n<td style=\"width: 7.1429%; vertical-align: top; height: 535px;\">33<\/td>\n<td style=\"width: 92.8571%; height: 535px;\"><img loading=\"lazy\" class=\"aligncenter wp-image-5940 size-full\" src=\"https:\/\/www.fenomenum.com.br\/novo\/wp-content\/uploads\/2022\/04\/Denver-North-Carolina-August-29-2001-1.jpg\" alt=\"\" width=\"673\" height=\"424\" srcset=\"https:\/\/www.fenomenum.com.br\/novo\/wp-content\/uploads\/2022\/04\/Denver-North-Carolina-August-29-2001-1.jpg 673w, https:\/\/www.fenomenum.com.br\/novo\/wp-content\/uploads\/2022\/04\/Denver-North-Carolina-August-29-2001-1-400x252.jpg 400w, https:\/\/www.fenomenum.com.br\/novo\/wp-content\/uploads\/2022\/04\/Denver-North-Carolina-August-29-2001-1-650x410.jpg 650w, https:\/\/www.fenomenum.com.br\/novo\/wp-content\/uploads\/2022\/04\/Denver-North-Carolina-August-29-2001-1-250x158.jpg 250w, https:\/\/www.fenomenum.com.br\/novo\/wp-content\/uploads\/2022\/04\/Denver-North-Carolina-August-29-2001-1-150x95.jpg 150w, https:\/\/www.fenomenum.com.br\/novo\/wp-content\/uploads\/2022\/04\/Denver-North-Carolina-August-29-2001-1-50x32.jpg 50w, https:\/\/www.fenomenum.com.br\/novo\/wp-content\/uploads\/2022\/04\/Denver-North-Carolina-August-29-2001-1-100x63.jpg 100w, https:\/\/www.fenomenum.com.br\/novo\/wp-content\/uploads\/2022\/04\/Denver-North-Carolina-August-29-2001-1-200x126.jpg 200w, https:\/\/www.fenomenum.com.br\/novo\/wp-content\/uploads\/2022\/04\/Denver-North-Carolina-August-29-2001-1-300x189.jpg 300w, https:\/\/www.fenomenum.com.br\/novo\/wp-content\/uploads\/2022\/04\/Denver-North-Carolina-August-29-2001-1-350x221.jpg 350w, https:\/\/www.fenomenum.com.br\/novo\/wp-content\/uploads\/2022\/04\/Denver-North-Carolina-August-29-2001-1-450x284.jpg 450w, https:\/\/www.fenomenum.com.br\/novo\/wp-content\/uploads\/2022\/04\/Denver-North-Carolina-August-29-2001-1-500x315.jpg 500w, https:\/\/www.fenomenum.com.br\/novo\/wp-content\/uploads\/2022\/04\/Denver-North-Carolina-August-29-2001-1-550x347.jpg 550w\" sizes=\"(max-width: 673px) 100vw, 673px\" \/><\/p>\n<p>Pouso em Denver &#8211; Denver, Carolina do Norte, Estados Unidos 29 de Agosto de 2001<\/p>\n<p>UFO pousa na regi\u00e3o de Denver, Carolina do Norte, Estados Unidos e deixa marca circular no solo.<\/td>\n<\/tr>\n<tr style=\"height: 351px;\">\n<td style=\"width: 7.1429%; vertical-align: top; height: 351px;\">34<\/td>\n<td style=\"width: 92.8571%; height: 351px;\"><img loading=\"lazy\" class=\"aligncenter wp-image-5941 size-full\" src=\"https:\/\/www.fenomenum.com.br\/novo\/wp-content\/uploads\/2022\/04\/Forbes-Australia-December-21-1974-1.jpg\" alt=\"\" width=\"320\" height=\"240\" srcset=\"https:\/\/www.fenomenum.com.br\/novo\/wp-content\/uploads\/2022\/04\/Forbes-Australia-December-21-1974-1.jpg 320w, https:\/\/www.fenomenum.com.br\/novo\/wp-content\/uploads\/2022\/04\/Forbes-Australia-December-21-1974-1-250x188.jpg 250w, https:\/\/www.fenomenum.com.br\/novo\/wp-content\/uploads\/2022\/04\/Forbes-Australia-December-21-1974-1-150x113.jpg 150w, https:\/\/www.fenomenum.com.br\/novo\/wp-content\/uploads\/2022\/04\/Forbes-Australia-December-21-1974-1-50x38.jpg 50w, https:\/\/www.fenomenum.com.br\/novo\/wp-content\/uploads\/2022\/04\/Forbes-Australia-December-21-1974-1-100x75.jpg 100w, https:\/\/www.fenomenum.com.br\/novo\/wp-content\/uploads\/2022\/04\/Forbes-Australia-December-21-1974-1-200x150.jpg 200w, https:\/\/www.fenomenum.com.br\/novo\/wp-content\/uploads\/2022\/04\/Forbes-Australia-December-21-1974-1-300x225.jpg 300w\" sizes=\"(max-width: 320px) 100vw, 320px\" \/><\/p>\n<p><strong>Pouso em Forbes<\/strong> &#8211; Forbes, Austr\u00e1lia 21 de Dezembro de 1974<\/p>\n<p>UFO pousa em planta\u00e7\u00e3o na regi\u00e3o de Forbes, Austr\u00e1lia, danificando plantas do local.<\/td>\n<\/tr>\n<tr style=\"height: 1346px;\">\n<td style=\"width: 7.1429%; vertical-align: top; height: 1346px;\">35<\/td>\n<td style=\"width: 92.8571%; height: 1346px;\"><strong><a href=\"https:\/\/www.fenomenum.com.br\/contato-imediato-em-joinville-sc\/\"><img loading=\"lazy\" class=\"aligncenter wp-image-2749 size-full\" src=\"https:\/\/www.fenomenum.com.br\/novo\/wp-content\/uploads\/2022\/03\/OlariaTratada01.jpg\" alt=\"\" width=\"1035\" height=\"1428\" srcset=\"https:\/\/www.fenomenum.com.br\/novo\/wp-content\/uploads\/2022\/03\/OlariaTratada01.jpg 1035w, https:\/\/www.fenomenum.com.br\/novo\/wp-content\/uploads\/2022\/03\/OlariaTratada01-400x552.jpg 400w, https:\/\/www.fenomenum.com.br\/novo\/wp-content\/uploads\/2022\/03\/OlariaTratada01-650x897.jpg 650w, https:\/\/www.fenomenum.com.br\/novo\/wp-content\/uploads\/2022\/03\/OlariaTratada01-250x345.jpg 250w, https:\/\/www.fenomenum.com.br\/novo\/wp-content\/uploads\/2022\/03\/OlariaTratada01-768x1060.jpg 768w, https:\/\/www.fenomenum.com.br\/novo\/wp-content\/uploads\/2022\/03\/OlariaTratada01-150x207.jpg 150w, https:\/\/www.fenomenum.com.br\/novo\/wp-content\/uploads\/2022\/03\/OlariaTratada01-50x69.jpg 50w, https:\/\/www.fenomenum.com.br\/novo\/wp-content\/uploads\/2022\/03\/OlariaTratada01-100x138.jpg 100w, https:\/\/www.fenomenum.com.br\/novo\/wp-content\/uploads\/2022\/03\/OlariaTratada01-200x276.jpg 200w, https:\/\/www.fenomenum.com.br\/novo\/wp-content\/uploads\/2022\/03\/OlariaTratada01-300x414.jpg 300w, https:\/\/www.fenomenum.com.br\/novo\/wp-content\/uploads\/2022\/03\/OlariaTratada01-350x483.jpg 350w, https:\/\/www.fenomenum.com.br\/novo\/wp-content\/uploads\/2022\/03\/OlariaTratada01-450x621.jpg 450w, https:\/\/www.fenomenum.com.br\/novo\/wp-content\/uploads\/2022\/03\/OlariaTratada01-500x690.jpg 500w, https:\/\/www.fenomenum.com.br\/novo\/wp-content\/uploads\/2022\/03\/OlariaTratada01-550x759.jpg 550w, https:\/\/www.fenomenum.com.br\/novo\/wp-content\/uploads\/2022\/03\/OlariaTratada01-800x1104.jpg 800w\" sizes=\"(max-width: 1035px) 100vw, 1035px\" \/><\/a><\/strong><\/p>\n<p><strong><a href=\"https:\/\/www.fenomenum.com.br\/contato-imediato-em-joinville-sc\/\">Caso da Vila Baumer<\/a><\/strong> &#8211; Vila Baumer, Joinvile, Santa Catarina 23 de Setembro de 1968<\/p>\n<p>Pouso de um OVNI pr\u00f3ximo \u00e0 uma olaria resulta em uma marca no solo e danos \u00e0 constru\u00e7\u00f5es.<\/td>\n<\/tr>\n<tr style=\"height: 624px;\">\n<td style=\"width: 7.1429%; vertical-align: top; height: 624px;\">36<\/td>\n<td style=\"width: 92.8571%; height: 624px;\"><strong><a href=\"https:\/\/www.fenomenum.com.br\/caso-sao-jorge-do-ivai\/\"><img loading=\"lazy\" class=\"aligncenter wp-image-4741 size-full\" src=\"https:\/\/www.fenomenum.com.br\/novo\/wp-content\/uploads\/2022\/04\/ivai1.jpg\" alt=\"\" width=\"684\" height=\"489\" \/><\/a><\/strong><\/p>\n<p><strong><a href=\"https:\/\/www.fenomenum.com.br\/caso-sao-jorge-do-ivai\/\">Caso S\u00e3o Jorge do Iva\u00ed<\/a><\/strong> &#8211; S\u00e3o Jorge do Iva\u00ed, Paran\u00e1 Fevereiro de 1991<\/p>\n<p>Misteriosos c\u00edrculos com tr\u00eas perfura\u00e7\u00f5es sugiram do dia para a noite em uma planta\u00e7\u00e3o de soja. Houveram avistamentos de OVNIs na regi\u00e3o.<\/td>\n<\/tr>\n<tr style=\"height: 646px;\">\n<td style=\"width: 7.1429%; vertical-align: top; height: 646px;\">37<\/td>\n<td style=\"width: 92.8571%; height: 646px;\"><img loading=\"lazy\" class=\"aligncenter wp-image-5942 size-full\" src=\"https:\/\/www.fenomenum.com.br\/novo\/wp-content\/uploads\/2022\/04\/Columbia-Missouri-June-28-1973-1.jpg\" alt=\"\" width=\"315\" height=\"535\" srcset=\"https:\/\/www.fenomenum.com.br\/novo\/wp-content\/uploads\/2022\/04\/Columbia-Missouri-June-28-1973-1.jpg 315w, https:\/\/www.fenomenum.com.br\/novo\/wp-content\/uploads\/2022\/04\/Columbia-Missouri-June-28-1973-1-250x425.jpg 250w, https:\/\/www.fenomenum.com.br\/novo\/wp-content\/uploads\/2022\/04\/Columbia-Missouri-June-28-1973-1-150x255.jpg 150w, https:\/\/www.fenomenum.com.br\/novo\/wp-content\/uploads\/2022\/04\/Columbia-Missouri-June-28-1973-1-50x85.jpg 50w, https:\/\/www.fenomenum.com.br\/novo\/wp-content\/uploads\/2022\/04\/Columbia-Missouri-June-28-1973-1-100x170.jpg 100w, https:\/\/www.fenomenum.com.br\/novo\/wp-content\/uploads\/2022\/04\/Columbia-Missouri-June-28-1973-1-200x340.jpg 200w, https:\/\/www.fenomenum.com.br\/novo\/wp-content\/uploads\/2022\/04\/Columbia-Missouri-June-28-1973-1-300x510.jpg 300w\" sizes=\"(max-width: 315px) 100vw, 315px\" \/><\/p>\n<p><strong>Caso Columbia<\/strong> &#8211; Columbia, Missouri 28 de Junho de 1973<\/p>\n<p>UFO causa danos em \u00e1rvores na regi\u00e3o de Columbia, no Missouri, Estados Unidos.<\/td>\n<\/tr>\n<tr style=\"height: 471px;\">\n<td style=\"width: 7.1429%; vertical-align: top; height: 471px;\">38<\/td>\n<td style=\"width: 92.8571%; height: 471px;\"><img loading=\"lazy\" class=\"aligncenter wp-image-5943 size-full\" src=\"https:\/\/www.fenomenum.com.br\/novo\/wp-content\/uploads\/2022\/04\/Van-Horne-Iowa-July-12-1969-2-1.jpg\" alt=\"\" width=\"525\" height=\"360\" srcset=\"https:\/\/www.fenomenum.com.br\/novo\/wp-content\/uploads\/2022\/04\/Van-Horne-Iowa-July-12-1969-2-1.jpg 525w, https:\/\/www.fenomenum.com.br\/novo\/wp-content\/uploads\/2022\/04\/Van-Horne-Iowa-July-12-1969-2-1-400x274.jpg 400w, https:\/\/www.fenomenum.com.br\/novo\/wp-content\/uploads\/2022\/04\/Van-Horne-Iowa-July-12-1969-2-1-250x171.jpg 250w, https:\/\/www.fenomenum.com.br\/novo\/wp-content\/uploads\/2022\/04\/Van-Horne-Iowa-July-12-1969-2-1-150x103.jpg 150w, https:\/\/www.fenomenum.com.br\/novo\/wp-content\/uploads\/2022\/04\/Van-Horne-Iowa-July-12-1969-2-1-50x34.jpg 50w, https:\/\/www.fenomenum.com.br\/novo\/wp-content\/uploads\/2022\/04\/Van-Horne-Iowa-July-12-1969-2-1-100x69.jpg 100w, https:\/\/www.fenomenum.com.br\/novo\/wp-content\/uploads\/2022\/04\/Van-Horne-Iowa-July-12-1969-2-1-200x137.jpg 200w, https:\/\/www.fenomenum.com.br\/novo\/wp-content\/uploads\/2022\/04\/Van-Horne-Iowa-July-12-1969-2-1-300x206.jpg 300w, https:\/\/www.fenomenum.com.br\/novo\/wp-content\/uploads\/2022\/04\/Van-Horne-Iowa-July-12-1969-2-1-350x240.jpg 350w, https:\/\/www.fenomenum.com.br\/novo\/wp-content\/uploads\/2022\/04\/Van-Horne-Iowa-July-12-1969-2-1-450x309.jpg 450w, https:\/\/www.fenomenum.com.br\/novo\/wp-content\/uploads\/2022\/04\/Van-Horne-Iowa-July-12-1969-2-1-500x343.jpg 500w\" sizes=\"(max-width: 525px) 100vw, 525px\" \/><\/p>\n<p><strong>Caso Van Horne<\/strong> &#8211; Van Horne, Iowa, Estado Unidos 12 de Julho de 1969<\/p>\n<p>UFO pousa em planta\u00e7\u00e3o, em Van Horn, Iowa, Estados Unidos, danificando plantas e solo.<\/td>\n<\/tr>\n<tr style=\"height: 451px;\">\n<td style=\"width: 7.1429%; vertical-align: top; height: 451px;\">39<\/td>\n<td style=\"width: 92.8571%; height: 451px;\"><strong><a href=\"https:\/\/www.fenomenum.com.br\/pouso-em-saskatchewan\/\"><img loading=\"lazy\" class=\"aligncenter wp-image-3050 size-full\" src=\"https:\/\/www.fenomenum.com.br\/novo\/wp-content\/uploads\/2022\/03\/APRO23-23.jpg\" alt=\"\" width=\"500\" height=\"340\" srcset=\"https:\/\/www.fenomenum.com.br\/novo\/wp-content\/uploads\/2022\/03\/APRO23-23.jpg 500w, https:\/\/www.fenomenum.com.br\/novo\/wp-content\/uploads\/2022\/03\/APRO23-23-400x272.jpg 400w, https:\/\/www.fenomenum.com.br\/novo\/wp-content\/uploads\/2022\/03\/APRO23-23-250x170.jpg 250w, https:\/\/www.fenomenum.com.br\/novo\/wp-content\/uploads\/2022\/03\/APRO23-23-150x102.jpg 150w, https:\/\/www.fenomenum.com.br\/novo\/wp-content\/uploads\/2022\/03\/APRO23-23-50x34.jpg 50w, https:\/\/www.fenomenum.com.br\/novo\/wp-content\/uploads\/2022\/03\/APRO23-23-100x68.jpg 100w, https:\/\/www.fenomenum.com.br\/novo\/wp-content\/uploads\/2022\/03\/APRO23-23-200x136.jpg 200w, https:\/\/www.fenomenum.com.br\/novo\/wp-content\/uploads\/2022\/03\/APRO23-23-300x204.jpg 300w, https:\/\/www.fenomenum.com.br\/novo\/wp-content\/uploads\/2022\/03\/APRO23-23-350x238.jpg 350w, https:\/\/www.fenomenum.com.br\/novo\/wp-content\/uploads\/2022\/03\/APRO23-23-450x306.jpg 450w\" sizes=\"(max-width: 500px) 100vw, 500px\" \/><\/a><\/strong><\/p>\n<p><strong><a href=\"https:\/\/www.fenomenum.com.br\/pouso-em-saskatchewan\/\">Pouso em Saskatchewan<\/a><\/strong> &#8211; Langenburg, Saskatchewan, Canada 1\u00ba de Setembro de 1974<\/p>\n<p>Pouso de 5 discos voadores e presen\u00e7a de vest\u00edgios f\u00edsicos.<\/td>\n<\/tr>\n<tr style=\"height: 461px;\">\n<td style=\"width: 7.1429%; vertical-align: top; height: 461px;\">40<\/td>\n<td style=\"width: 92.8571%; height: 461px;\"><img loading=\"lazy\" class=\"aligncenter wp-image-5944 size-full\" src=\"https:\/\/www.fenomenum.com.br\/novo\/wp-content\/uploads\/2022\/04\/pt023c.jpg\" alt=\"\" width=\"492\" height=\"350\" \/><\/p>\n<p><strong>Pouso em Houston<\/strong> &#8211; Houston, Missouri, Estados Unidos 14 de Setembro de 1972<\/p>\n<p>UFO pousa em Houston, Missouri [EUA], deixando vest\u00edgios f\u00edsicos no solo.<\/td>\n<\/tr>\n<tr style=\"height: 331px;\">\n<td style=\"width: 7.1429%; vertical-align: top; height: 331px;\">41<\/td>\n<td style=\"width: 92.8571%; height: 331px;\"><strong><img loading=\"lazy\" class=\"aligncenter wp-image-5946 size-full\" src=\"https:\/\/www.fenomenum.com.br\/novo\/wp-content\/uploads\/2022\/04\/soil.jpg\" alt=\"\" width=\"286\" height=\"220\" \/><\/strong><\/p>\n<p><strong>Caso Grand-Mere<\/strong> &#8211; Caso Grand-Mere, Quebec, Canad\u00e1 24 de outubro de 1998<\/p>\n<p>UFO deixa vest\u00edgios f\u00edsicos em campo na regi\u00e3o de Grand Mere, Quebec, Canad\u00e1.<\/td>\n<\/tr>\n<tr style=\"height: 515px;\">\n<td style=\"width: 7.1429%; vertical-align: top; height: 515px;\">42<\/td>\n<td style=\"width: 92.8571%; height: 515px;\"><strong><img loading=\"lazy\" class=\"aligncenter wp-image-5947 size-full\" src=\"https:\/\/www.fenomenum.com.br\/novo\/wp-content\/uploads\/2022\/04\/56ccd925341e.jpg\" alt=\"\" width=\"687\" height=\"404\" \/><\/strong><\/p>\n<p><strong>Caso Rendlesham<\/strong> &#8211; Floresta Rendlesham, Inglaterra Dezembro de 1980<\/p>\n<p>UFO pousa em floresta pr\u00f3ximo \u00e0 bases a\u00e9reas militares e causa danos em plantas.<\/td>\n<\/tr>\n<tr style=\"height: 335px;\">\n<td style=\"width: 7.1429%; vertical-align: top; height: 335px;\">43<\/td>\n<td style=\"width: 92.8571%; height: 335px;\"><strong><img loading=\"lazy\" class=\"aligncenter wp-image-5948 size-full\" src=\"https:\/\/www.fenomenum.com.br\/novo\/wp-content\/uploads\/2022\/04\/ufo_323.jpg\" alt=\"\" width=\"302\" height=\"224\" \/><\/strong><\/p>\n<p><strong>Caso Gama<\/strong> &#8211; Bairro Gama, Bel\u00e9m, Par\u00e1 abril de 1996<\/p>\n<p>Marca de pouso associado \u00e0 um caso de abdu\u00e7\u00e3o ocorrido em Bel\u00e9m (PA). A marca surgiu no p\u00e1tio de uma igreja.<\/td>\n<\/tr>\n<tr style=\"height: 348px;\">\n<td style=\"width: 7.1429%; vertical-align: top; height: 348px;\">44<\/td>\n<td style=\"width: 92.8571%; height: 348px;\"><strong><img loading=\"lazy\" class=\"aligncenter wp-image-5949 size-full\" src=\"https:\/\/www.fenomenum.com.br\/novo\/wp-content\/uploads\/2022\/04\/ufo_66.jpg\" alt=\"\" width=\"360\" height=\"237\" \/><\/strong><\/p>\n<p><strong>Caso Scainei<\/strong> &#8211; Scainei, Rom\u00eania mar\u00e7o de 1976<\/p>\n<p>Marca de 2 metros de di\u00e2metro. Interior queimado.<\/td>\n<\/tr>\n<tr style=\"height: 363px;\">\n<td style=\"width: 7.1429%; vertical-align: top; height: 363px;\">45<\/td>\n<td style=\"width: 92.8571%; height: 363px;\"><strong><img loading=\"lazy\" class=\"aligncenter wp-image-5950 size-full\" src=\"https:\/\/www.fenomenum.com.br\/novo\/wp-content\/uploads\/2022\/04\/ufo_68.jpg\" alt=\"\" width=\"288\" height=\"252\" \/><\/strong><\/p>\n<p><strong>Caso Tamaj\u00f3n<\/strong> &#8211; Tamaj\u00f3n, Gadalajara, M\u00e9xico 5 de abril de 1975<\/p>\n<p>Pouso de OVNI em Tamaj\u00f3n, Gadalajara, M\u00e9xico. O terreno ficou vitrificado por a\u00e7\u00e3o do calor emitido pelo objeto.<\/td>\n<\/tr>\n<tr style=\"height: 24px;\">\n<td style=\"width: 7.1429%; vertical-align: top; height: 24px;\">46<\/td>\n<td style=\"width: 92.8571%; height: 24px;\"><strong>Caso Navarra<\/strong> &#8211; Navarra, Espanha OVNI pousa em Navarra, deixando o solo esterilizado.<\/td>\n<\/tr>\n<tr style=\"height: 403px;\">\n<td style=\"width: 7.1429%; vertical-align: top; height: 403px;\">47<\/td>\n<td style=\"width: 92.8571%; height: 403px;\"><strong><img loading=\"lazy\" class=\"aligncenter wp-image-5951 size-full\" src=\"https:\/\/www.fenomenum.com.br\/novo\/wp-content\/uploads\/2022\/04\/ufo_70.jpg\" alt=\"\" width=\"190\" height=\"292\" \/><\/strong><\/p>\n<p><strong>Pouso na Austr\u00e1lia<\/strong> Austr\u00e1lia<\/p>\n<p>OVNI produz perfura\u00e7\u00e3o no solo nas terras do granjeiro Robert Habner.<\/td>\n<\/tr>\n<tr style=\"height: 298px;\">\n<td style=\"width: 7.1429%; vertical-align: top; height: 298px;\">48<\/td>\n<td style=\"width: 92.8571%; height: 298px;\"><strong><img loading=\"lazy\" class=\"aligncenter wp-image-5952 size-full\" src=\"https:\/\/www.fenomenum.com.br\/novo\/wp-content\/uploads\/2022\/04\/ufo_71.jpg\" alt=\"\" width=\"400\" height=\"187\" \/><\/strong><\/p>\n<p><strong>South Virginia<\/strong> &#8211; South Virg\u00ednia, Estados Unidos 22 de abril de 1967<\/p>\n<p>OVNI pousa em uma estrada deixando marcas no local.<\/td>\n<\/tr>\n<tr style=\"height: 432px;\">\n<td style=\"width: 7.1429%; vertical-align: top; height: 432px;\">49<\/td>\n<td style=\"width: 92.8571%; height: 432px;\"><strong><img loading=\"lazy\" class=\"aligncenter wp-image-5953 size-full\" src=\"https:\/\/www.fenomenum.com.br\/novo\/wp-content\/uploads\/2022\/04\/ufo_72.jpg\" alt=\"\" width=\"144\" height=\"297\" \/><\/strong><\/p>\n<p><strong>Caso Barnesville<\/strong> &#8211; Barnesville, Minnesota, Estados Unidos<\/p>\n<p>Pequena cratera formada durante o pouso de um OVNI. Tinha um metro de di\u00e2metro. Ao redor da depress\u00e3o havia uma sust\u00e2ncia branca alcalina.<\/td>\n<\/tr>\n<tr style=\"height: 303px;\">\n<td style=\"width: 7.1429%; vertical-align: top; height: 303px;\">50<\/td>\n<td style=\"width: 92.8571%; height: 303px;\"><strong><img loading=\"lazy\" class=\"aligncenter wp-image-5954 size-full\" src=\"https:\/\/www.fenomenum.com.br\/novo\/wp-content\/uploads\/2022\/04\/ufo_74.jpg\" alt=\"\" width=\"328\" height=\"192\" \/><\/strong><\/p>\n<p><strong>Caso Sevilha<\/strong> &#8211; Sevilha, Espanha novembro de 1978<\/p>\n<p>Um OVNI pousou em Sevilla deixando marcas no solo. No local foram encontradas marcas de p\u00e9s cal\u00e7ados, de 42 cm.<\/td>\n<\/tr>\n<tr style=\"height: 376px;\">\n<td style=\"width: 7.1429%; vertical-align: top; height: 376px;\">51<\/td>\n<td style=\"width: 92.8571%; height: 376px;\"><strong><a href=\"https:\/\/www.fenomenum.com.br\/caso-podernone\/\"><img loading=\"lazy\" class=\"aligncenter wp-image-5154 size-full\" src=\"https:\/\/www.fenomenum.com.br\/novo\/wp-content\/uploads\/2022\/04\/ufo_322.jpg\" alt=\"\" width=\"376\" height=\"281\" \/><\/a><a href=\"https:\/\/www.fenomenum.com.br\/caso-podernone\/\">Caso Pordenone<\/a><\/strong> &#8211; Pordenone, It\u00e1lia 22 de setembro de 1995<\/p>\n<p>OVNI pousa pr\u00f3ximo \u00e0 uma rodovia entre as cidades de Malnisio e Aviano deixando uma marca de 10 metros de di\u00e2metro.<\/td>\n<\/tr>\n<tr style=\"height: 453px;\">\n<td style=\"width: 7.1429%; vertical-align: top; height: 453px;\">52<\/td>\n<td style=\"width: 92.8571%; height: 453px;\"><a href=\"https:\/\/www.fenomenum.com.br\/caso-podernone\/\"><strong><img loading=\"lazy\" class=\"aligncenter wp-image-5153 size-full\" src=\"https:\/\/www.fenomenum.com.br\/novo\/wp-content\/uploads\/2022\/04\/ufo_321.jpg\" alt=\"\" width=\"450\" height=\"342\" \/><\/strong><\/a><\/p>\n<p><a href=\"https:\/\/www.fenomenum.com.br\/caso-podernone\/\"><strong>Caso Pordenone<\/strong><\/a> &#8211; Pordenone, It\u00e1lia 27 de setembro de 1995<\/p>\n<p>OVNI pousa pr\u00f3ximo \u00e0 uma rodovia entre as cidades de Malnisio e Aviano deixando uma marca de 10 metros de di\u00e2metro.<\/td>\n<\/tr>\n<tr style=\"height: 95px;\">\n<td style=\"width: 7.1429%; vertical-align: top; height: 95px;\">53<\/td>\n<td style=\"width: 92.8571%; height: 95px;\"><strong>Marliens<\/strong>, Fran\u00e7a 5 de maio de 1967<\/p>\n<p>UFO pousa em campo arado e deixa marcas no solo.<\/td>\n<\/tr>\n<tr style=\"height: 492px;\">\n<td style=\"width: 7.1429%; vertical-align: top; height: 492px;\">54<\/td>\n<td style=\"width: 92.8571%; height: 492px;\"><a href=\"https:\/\/www.fenomenum.com.br\/pouso-em-pembroke\/\"><strong><img loading=\"lazy\" class=\"aligncenter wp-image-2641 size-full\" src=\"https:\/\/www.fenomenum.com.br\/novo\/wp-content\/uploads\/2022\/03\/pembroke.jpg\" alt=\"\" width=\"457\" height=\"357\" srcset=\"https:\/\/www.fenomenum.com.br\/novo\/wp-content\/uploads\/2022\/03\/pembroke.jpg 457w, https:\/\/www.fenomenum.com.br\/novo\/wp-content\/uploads\/2022\/03\/pembroke-400x312.jpg 400w, https:\/\/www.fenomenum.com.br\/novo\/wp-content\/uploads\/2022\/03\/pembroke-250x195.jpg 250w, https:\/\/www.fenomenum.com.br\/novo\/wp-content\/uploads\/2022\/03\/pembroke-150x117.jpg 150w, https:\/\/www.fenomenum.com.br\/novo\/wp-content\/uploads\/2022\/03\/pembroke-50x39.jpg 50w, https:\/\/www.fenomenum.com.br\/novo\/wp-content\/uploads\/2022\/03\/pembroke-100x78.jpg 100w, https:\/\/www.fenomenum.com.br\/novo\/wp-content\/uploads\/2022\/03\/pembroke-200x156.jpg 200w, https:\/\/www.fenomenum.com.br\/novo\/wp-content\/uploads\/2022\/03\/pembroke-300x234.jpg 300w, https:\/\/www.fenomenum.com.br\/novo\/wp-content\/uploads\/2022\/03\/pembroke-350x273.jpg 350w, https:\/\/www.fenomenum.com.br\/novo\/wp-content\/uploads\/2022\/03\/pembroke-450x352.jpg 450w\" sizes=\"(max-width: 457px) 100vw, 457px\" \/><\/strong><\/a><\/p>\n<p><a href=\"https:\/\/www.fenomenum.com.br\/pouso-em-pembroke\/\"><strong>Caso Pembroke<\/strong><\/a> &#8211; Chapeau, na Ilha de Allumette, Ottawa 11 de maio de 1969<\/p>\n<p>Pouso ocorrido em um per\u00edodo de grande intensidade de avistamentos na regi\u00e3o de Pembroke em Ottawa madrugada de 11 de maio de 1969.<\/td>\n<\/tr>\n<tr style=\"height: 461px;\">\n<td style=\"width: 7.1429%; vertical-align: top; height: 461px;\">55<\/td>\n<td style=\"width: 92.8571%; height: 461px;\"><a href=\"https:\/\/www.fenomenum.com.br\/caso-winnipeg\/\"><strong><img loading=\"lazy\" class=\"aligncenter wp-image-2370 size-full\" src=\"https:\/\/www.fenomenum.com.br\/novo\/wp-content\/uploads\/2022\/03\/pt02.jpg\" alt=\"\" width=\"203\" height=\"350\" srcset=\"https:\/\/www.fenomenum.com.br\/novo\/wp-content\/uploads\/2022\/03\/pt02.jpg 203w, https:\/\/www.fenomenum.com.br\/novo\/wp-content\/uploads\/2022\/03\/pt02-150x259.jpg 150w, https:\/\/www.fenomenum.com.br\/novo\/wp-content\/uploads\/2022\/03\/pt02-50x86.jpg 50w, https:\/\/www.fenomenum.com.br\/novo\/wp-content\/uploads\/2022\/03\/pt02-100x172.jpg 100w, https:\/\/www.fenomenum.com.br\/novo\/wp-content\/uploads\/2022\/03\/pt02-200x345.jpg 200w\" sizes=\"(max-width: 203px) 100vw, 203px\" \/><\/strong><\/a><\/p>\n<p><a href=\"https:\/\/www.fenomenum.com.br\/caso-winnipeg\/\"><strong>Caso Winnipeg<\/strong><\/a> &#8211; Winnipeg, Canad\u00e1 noite de 22 de outubro de 1967<\/p>\n<p>Avistamento de OVNI com vest\u00edgios f\u00edsicos no solo e efeitos na testemunha.<\/td>\n<\/tr>\n<tr style=\"height: 409px;\">\n<td style=\"width: 7.1429%; vertical-align: top; height: 409px;\">56<\/td>\n<td style=\"width: 92.8571%; height: 409px;\"><a href=\"https:\/\/www.fenomenum.com.br\/caso-jerinaldo\/\"><strong><img loading=\"lazy\" class=\"aligncenter wp-image-4756 size-full\" src=\"https:\/\/www.fenomenum.com.br\/novo\/wp-content\/uploads\/2022\/04\/jerinaldo1.jpg\" alt=\"\" width=\"151\" height=\"225\" \/><\/strong><\/a><\/p>\n<p><a href=\"https:\/\/www.fenomenum.com.br\/caso-jerinaldo\/\"><strong>Caso Jerinaldo<\/strong><\/a> &#8211; Sitio Ing\u00e1, 6 Km a Sudoeste de Acari (RN) 1991<\/p>\n<p>Jerinaldo voltava para casa a noite na zona rural de Acari quando um OVNI apareceu, posicionou-se sobre a testemunha emitindo um facho de luz.<br \/>\nJerinaldo assustado agarrou-se em uma arvore para escapar da luz do OVNI. A energia emanada pelo aparelho rachou e queimou a \u00e1rvore.<\/td>\n<\/tr>\n<tr style=\"height: 739px;\">\n<td style=\"width: 7.1429%; vertical-align: top; height: 739px;\">57<\/td>\n<td style=\"width: 92.8571%; height: 739px;\"><strong><img loading=\"lazy\" class=\"aligncenter wp-image-5957 size-full\" src=\"https:\/\/www.fenomenum.com.br\/novo\/wp-content\/uploads\/2022\/04\/pt027.jpg\" alt=\"\" width=\"643\" height=\"628\" \/><\/strong><\/p>\n<p><strong>Colorado<\/strong> [EUA] 11 de setembro de 1976<\/p>\n<p>UFO pousa, em zona rural no Colorado, Estados Unidos, deixando vest\u00edgios f\u00edsicos no solo.<\/td>\n<\/tr>\n<tr style=\"height: 342px;\">\n<td style=\"width: 7.1429%; vertical-align: top; height: 342px;\">58<\/td>\n<td style=\"width: 92.8571%; height: 342px;\"><strong><img loading=\"lazy\" class=\"aligncenter wp-image-5958 size-full\" src=\"https:\/\/www.fenomenum.com.br\/novo\/wp-content\/uploads\/2022\/04\/pt028.jpg\" alt=\"\" width=\"261\" height=\"231\" \/><\/strong><\/p>\n<p><strong>Jenkis<\/strong>, Missouri [EUA] 8 de outubro de 1978<\/p>\n<p>UFO pousa na regi\u00e3o de Jenkis, Missouri, Estados Unidos, danificando plantas no local.<\/td>\n<\/tr>\n<tr style=\"height: 300px;\">\n<td style=\"width: 7.1429%; vertical-align: top; height: 300px;\">59<\/td>\n<td style=\"width: 92.8571%; height: 300px;\"><strong><img loading=\"lazy\" class=\"aligncenter wp-image-5959 size-full\" src=\"https:\/\/www.fenomenum.com.br\/novo\/wp-content\/uploads\/2022\/04\/pt024.jpg\" alt=\"\" width=\"450\" height=\"189\" \/><\/strong><\/p>\n<p><strong>Columbus<\/strong>, Ohio [EUA] 1973<\/p>\n<p>UFO pousa em Columbus, Ohio, Estados Unidos, danificando plantas no local.<\/td>\n<\/tr>\n<tr style=\"height: 327px;\">\n<td style=\"width: 7.1429%; vertical-align: top; height: 327px;\">60<\/td>\n<td style=\"width: 92.8571%; height: 327px;\"><strong><img loading=\"lazy\" class=\"aligncenter wp-image-5960 size-full\" src=\"https:\/\/www.fenomenum.com.br\/novo\/wp-content\/uploads\/2022\/04\/pt021.jpg\" alt=\"\" width=\"250\" height=\"216\" \/><\/strong><\/p>\n<p><strong>Mulhouse-Riedisheim<\/strong>, Fran\u00e7a 25 de junho de 1971<\/p>\n<p>UFO pousa e deixa vest\u00edgios f\u00edsicos na regi\u00e3o de Mulhouse-Riedisheim, Fran\u00e7a.<\/td>\n<\/tr>\n<tr style=\"height: 295px;\">\n<td style=\"width: 7.1429%; vertical-align: top; height: 295px;\">61<\/td>\n<td style=\"width: 92.8571%; height: 295px;\"><img loading=\"lazy\" class=\"size-medium wp-image-6284 aligncenter\" src=\"https:\/\/www.fenomenum.com.br\/novo\/wp-content\/uploads\/2022\/04\/pt04b-300x184.jpg\" alt=\"\" width=\"300\" height=\"184\" \/><\/p>\n<p><strong>Columbus, Ohio [EUA],<\/strong> 1973<\/p>\n<p>UFO pousa em Columbus, Ohio, Estados Unidos, danificando plantas no local.<\/td>\n<\/tr>\n<tr style=\"height: 530px;\">\n<td style=\"width: 7.1429%; vertical-align: top; height: 530px;\">62<\/td>\n<td style=\"width: 92.8571%; height: 530px;\"><img loading=\"lazy\" class=\"aligncenter wp-image-6285 size-full\" src=\"https:\/\/www.fenomenum.com.br\/novo\/wp-content\/uploads\/2022\/04\/pt013b.jpg\" alt=\"\" width=\"629\" height=\"419\" \/><\/p>\n<p><strong>Etzikom, Alberta, Canad\u00e1<\/strong> &#8211; 19 de abril de 2001<\/p>\n<p>UFO pousa em Etzikom, Alberta, Canad\u00e1, deixando o solo ressecado no interior da marca.<\/td>\n<\/tr>\n<tr style=\"height: 463px;\">\n<td style=\"width: 7.1429%; vertical-align: top; height: 463px;\">63<\/td>\n<td style=\"width: 92.8571%; height: 463px;\"><img loading=\"lazy\" class=\"aligncenter wp-image-6286 size-full\" src=\"https:\/\/www.fenomenum.com.br\/novo\/wp-content\/uploads\/2022\/04\/OZKetteringPhoto-1.jpg\" alt=\"\" width=\"500\" height=\"352\" srcset=\"https:\/\/www.fenomenum.com.br\/novo\/wp-content\/uploads\/2022\/04\/OZKetteringPhoto-1.jpg 500w, https:\/\/www.fenomenum.com.br\/novo\/wp-content\/uploads\/2022\/04\/OZKetteringPhoto-1-400x282.jpg 400w, https:\/\/www.fenomenum.com.br\/novo\/wp-content\/uploads\/2022\/04\/OZKetteringPhoto-1-250x176.jpg 250w, https:\/\/www.fenomenum.com.br\/novo\/wp-content\/uploads\/2022\/04\/OZKetteringPhoto-1-150x106.jpg 150w, https:\/\/www.fenomenum.com.br\/novo\/wp-content\/uploads\/2022\/04\/OZKetteringPhoto-1-50x35.jpg 50w, https:\/\/www.fenomenum.com.br\/novo\/wp-content\/uploads\/2022\/04\/OZKetteringPhoto-1-100x70.jpg 100w, https:\/\/www.fenomenum.com.br\/novo\/wp-content\/uploads\/2022\/04\/OZKetteringPhoto-1-200x141.jpg 200w, https:\/\/www.fenomenum.com.br\/novo\/wp-content\/uploads\/2022\/04\/OZKetteringPhoto-1-300x211.jpg 300w, https:\/\/www.fenomenum.com.br\/novo\/wp-content\/uploads\/2022\/04\/OZKetteringPhoto-1-350x246.jpg 350w, https:\/\/www.fenomenum.com.br\/novo\/wp-content\/uploads\/2022\/04\/OZKetteringPhoto-1-450x317.jpg 450w\" sizes=\"(max-width: 500px) 100vw, 500px\" \/><\/p>\n<p><strong>Kettering, Tasmania<\/strong> &#8211; Fevereiro de 1976<\/p>\n<p>UFO pousa em Kettering, Tasmania, deixando a vegeta\u00e7\u00e3o local danificada.<\/td>\n<\/tr>\n<tr style=\"height: 417px;\">\n<td style=\"width: 7.1429%; vertical-align: top; height: 417px;\">64<\/td>\n<td style=\"width: 92.8571%; height: 417px;\"><img loading=\"lazy\" class=\"aligncenter wp-image-6287 size-full\" src=\"https:\/\/www.fenomenum.com.br\/novo\/wp-content\/uploads\/2022\/04\/Sarajevo2005e.jpg\" alt=\"\" width=\"500\" height=\"306\" \/><\/p>\n<p><strong>Sarajevo, B\u00f3snia<\/strong> &#8211; 8 de outubro de 2005<\/p>\n<p>UFO pousa em zona urbana na cidade de Sarajevo, na B\u00f3snia e deixando marcas no ch\u00e3o.<\/td>\n<\/tr>\n<tr style=\"height: 395px;\">\n<td style=\"width: 7.1429%; vertical-align: top; height: 395px;\">65<\/td>\n<td style=\"width: 92.8571%; height: 395px;\"><img loading=\"lazy\" class=\"aligncenter wp-image-6288 size-full\" src=\"https:\/\/www.fenomenum.com.br\/novo\/wp-content\/uploads\/2022\/04\/pt05.jpg\" alt=\"\" width=\"393\" height=\"284\" \/><\/p>\n<p><strong>Saint-Cyrille, Quebec, Canad\u00e1<\/strong> &#8211; 25 de junho de 1974<\/p>\n<p>UFO pousa em Saint-Cyrille, Quebec, Canad\u00e1, deixando a vegeta\u00e7\u00e3o local danificada.<\/td>\n<\/tr>\n<tr style=\"height: 293px;\">\n<td style=\"width: 7.1429%; vertical-align: top; height: 293px;\">66<\/td>\n<td style=\"width: 92.8571%; height: 293px;\"><img loading=\"lazy\" class=\"aligncenter wp-image-6289 size-full\" src=\"https:\/\/www.fenomenum.com.br\/novo\/wp-content\/uploads\/2022\/04\/9809116_orig.jpg\" alt=\"\" width=\"285\" height=\"182\" \/><\/p>\n<p><strong>Bankstown, Austr\u00e1lia<\/strong> &#8211; 14 de fevereiro 1966<\/p>\n<p>Circulo com 6 metros de di\u00e2metro, com vegeta\u00e7\u00e3o amassada.<\/td>\n<\/tr>\n<tr style=\"height: 409px;\">\n<td style=\"width: 7.1429%; vertical-align: top; height: 409px;\">67<\/td>\n<td style=\"width: 92.8571%; height: 409px;\"><img loading=\"lazy\" class=\"aligncenter wp-image-6290 size-full\" src=\"https:\/\/www.fenomenum.com.br\/novo\/wp-content\/uploads\/2022\/04\/ob_2cf465_17.png\" alt=\"\" width=\"187\" height=\"298\" \/><\/p>\n<p><strong>Poncey sur l\u2019Ignon, Fran\u00e7a &#8211;<\/strong> 4 de outubro de 1954<\/p>\n<p>Poudo de UFO deixa vest\u00edgios no solo.<\/td>\n<\/tr>\n<tr style=\"height: 527px;\">\n<td style=\"width: 7.1429%; vertical-align: top; height: 527px;\">68<\/td>\n<td style=\"width: 92.8571%; height: 527px;\"><img loading=\"lazy\" class=\"aligncenter wp-image-6291 size-full\" src=\"https:\/\/www.fenomenum.com.br\/novo\/wp-content\/uploads\/2022\/04\/ob_4f90ba_3.jpg\" alt=\"\" width=\"350\" height=\"416\" \/><\/p>\n<p><strong>Marcilly, Fran\u00e7a<\/strong> &#8211; Junho de 1989<\/p>\n<p>UFO deixa marca em planta\u00e7\u00e3o.<\/td>\n<\/tr>\n<tr style=\"height: 477px;\">\n<td style=\"width: 7.1429%; vertical-align: top; height: 477px;\">69<\/td>\n<td style=\"width: 92.8571%; height: 477px;\"><img loading=\"lazy\" class=\"aligncenter wp-image-6292 size-full\" src=\"https:\/\/www.fenomenum.com.br\/novo\/wp-content\/uploads\/2022\/04\/13476_html_m6fe5cf15-1.jpg\" alt=\"\" width=\"326\" height=\"366\" srcset=\"https:\/\/www.fenomenum.com.br\/novo\/wp-content\/uploads\/2022\/04\/13476_html_m6fe5cf15-1.jpg 326w, https:\/\/www.fenomenum.com.br\/novo\/wp-content\/uploads\/2022\/04\/13476_html_m6fe5cf15-1-250x281.jpg 250w, https:\/\/www.fenomenum.com.br\/novo\/wp-content\/uploads\/2022\/04\/13476_html_m6fe5cf15-1-150x168.jpg 150w, https:\/\/www.fenomenum.com.br\/novo\/wp-content\/uploads\/2022\/04\/13476_html_m6fe5cf15-1-50x56.jpg 50w, https:\/\/www.fenomenum.com.br\/novo\/wp-content\/uploads\/2022\/04\/13476_html_m6fe5cf15-1-100x112.jpg 100w, https:\/\/www.fenomenum.com.br\/novo\/wp-content\/uploads\/2022\/04\/13476_html_m6fe5cf15-1-200x225.jpg 200w, https:\/\/www.fenomenum.com.br\/novo\/wp-content\/uploads\/2022\/04\/13476_html_m6fe5cf15-1-300x337.jpg 300w\" sizes=\"(max-width: 326px) 100vw, 326px\" \/><\/p>\n<p><strong>Aterrissagem em Friol, Lugo, Espanha<\/strong> &#8211; 7 de mar\u00e7o de 1996<\/p>\n<p>UFO pousa em campo na Espanha e deixa vest\u00edgios no local.<\/td>\n<\/tr>\n<tr style=\"height: 816px;\">\n<td style=\"width: 7.1429%; vertical-align: top; height: 816px;\">70<\/td>\n<td style=\"width: 92.8571%; height: 816px;\"><img loading=\"lazy\" class=\"aligncenter wp-image-6293 size-large\" src=\"https:\/\/www.fenomenum.com.br\/novo\/wp-content\/uploads\/2022\/04\/huella-001-1024x807.jpg\" alt=\"\" width=\"1024\" height=\"807\" \/><\/p>\n<p><strong>Fuentec\u00e9n, Burgos, Espanha<\/strong> &#8211; 13 de fevereiro de 1981<\/p>\n<p>Um UFO pousa e deixa solo e vegeta\u00e7\u00e3o queimados.<\/td>\n<\/tr>\n<tr style=\"height: 314px;\">\n<td style=\"width: 7.1429%; vertical-align: top; height: 314px;\">71<\/td>\n<td style=\"width: 92.8571%; height: 314px;\"><img loading=\"lazy\" class=\"aligncenter wp-image-6342 size-full\" src=\"https:\/\/www.fenomenum.com.br\/novo\/wp-content\/uploads\/2022\/04\/Imagen-14.jpg\" alt=\"\" width=\"987\" height=\"694\" \/><\/p>\n<p>Santa Ana, Corrientes, Argentina &#8211; 1986<\/p>\n<p>UFO deixa marcas em pastagem de fazenda na Argentina.<\/td>\n<\/tr>\n<tr style=\"height: 342px;\">\n<td style=\"width: 7.1429%; vertical-align: top; height: 342px;\">72<\/td>\n<td style=\"width: 92.8571%; height: 342px;\"><img loading=\"lazy\" class=\"aligncenter wp-image-6343 size-full\" src=\"https:\/\/www.fenomenum.com.br\/novo\/wp-content\/uploads\/2022\/04\/14_o01b.jpg\" alt=\"\" width=\"492\" height=\"352\" \/><\/p>\n<p>Invercargill, Nova Zel\u00e2ndia &#8211; 6 de dezembro de 1978<\/p>\n<p>Um disco voador pousa no pasto de uma fazenda e deixa vest\u00edgios f\u00edsicos no local.<\/td>\n<\/tr>\n<tr style=\"height: 348px;\">\n<td style=\"width: 7.1429%; vertical-align: top; height: 348px;\">73<\/td>\n<td style=\"width: 92.8571%; height: 348px;\"><img loading=\"lazy\" class=\"aligncenter wp-image-6344 size-full\" src=\"https:\/\/www.fenomenum.com.br\/novo\/wp-content\/uploads\/2022\/04\/nmangelfirenov08-1.jpg\" alt=\"\" width=\"759\" height=\"559\" srcset=\"https:\/\/www.fenomenum.com.br\/novo\/wp-content\/uploads\/2022\/04\/nmangelfirenov08-1.jpg 759w, https:\/\/www.fenomenum.com.br\/novo\/wp-content\/uploads\/2022\/04\/nmangelfirenov08-1-400x295.jpg 400w, https:\/\/www.fenomenum.com.br\/novo\/wp-content\/uploads\/2022\/04\/nmangelfirenov08-1-650x479.jpg 650w, https:\/\/www.fenomenum.com.br\/novo\/wp-content\/uploads\/2022\/04\/nmangelfirenov08-1-250x184.jpg 250w, https:\/\/www.fenomenum.com.br\/novo\/wp-content\/uploads\/2022\/04\/nmangelfirenov08-1-150x110.jpg 150w, https:\/\/www.fenomenum.com.br\/novo\/wp-content\/uploads\/2022\/04\/nmangelfirenov08-1-50x37.jpg 50w, https:\/\/www.fenomenum.com.br\/novo\/wp-content\/uploads\/2022\/04\/nmangelfirenov08-1-100x74.jpg 100w, https:\/\/www.fenomenum.com.br\/novo\/wp-content\/uploads\/2022\/04\/nmangelfirenov08-1-200x147.jpg 200w, https:\/\/www.fenomenum.com.br\/novo\/wp-content\/uploads\/2022\/04\/nmangelfirenov08-1-300x221.jpg 300w, https:\/\/www.fenomenum.com.br\/novo\/wp-content\/uploads\/2022\/04\/nmangelfirenov08-1-350x258.jpg 350w, https:\/\/www.fenomenum.com.br\/novo\/wp-content\/uploads\/2022\/04\/nmangelfirenov08-1-450x331.jpg 450w, https:\/\/www.fenomenum.com.br\/novo\/wp-content\/uploads\/2022\/04\/nmangelfirenov08-1-500x368.jpg 500w, https:\/\/www.fenomenum.com.br\/novo\/wp-content\/uploads\/2022\/04\/nmangelfirenov08-1-550x405.jpg 550w\" sizes=\"(max-width: 759px) 100vw, 759px\" \/><\/p>\n<p>Angelfire, Novo M\u00e9xico &#8211; Novembro de 2008<\/p>\n<p>Marca circular surgida no pasto de uma fazenda. Nas proximidades do local, um animal foi encontrado mutilado.<\/td>\n<\/tr>\n<tr style=\"height: 155px;\">\n<td style=\"width: 7.1429%; vertical-align: top; height: 155px;\">74<\/td>\n<td style=\"width: 92.8571%; height: 155px;\"><img loading=\"lazy\" class=\"aligncenter wp-image-6345 size-large\" src=\"https:\/\/www.fenomenum.com.br\/novo\/wp-content\/uploads\/2022\/04\/Tooligie--1024x685.jpg\" alt=\"\" width=\"1024\" height=\"685\" \/><\/p>\n<p>Tooligie Hills, Australia &#8211; Dezembro de 1971<\/p>\n<p>Marca encontrada em uma fazenda em Tooligie Hills, Austr\u00e1lia.<\/td>\n<\/tr>\n<tr style=\"height: 283px;\">\n<td style=\"width: 7.1429%; vertical-align: top; height: 283px;\">75<\/td>\n<td style=\"width: 92.8571%; height: 283px;\"><img loading=\"lazy\" class=\"aligncenter wp-image-6346 size-full\" src=\"https:\/\/www.fenomenum.com.br\/novo\/wp-content\/uploads\/2022\/04\/8483897_orig.jpg\" alt=\"\" width=\"883\" height=\"601\" \/><\/p>\n<p>Bordertown, Austr\u00e1lia &#8211; 8 de dezembro de 1973<\/p>\n<p>Fazendeiro encontra sete circulos numa planta\u00e7\u00e3o de sua fazenda.<\/td>\n<\/tr>\n<tr style=\"height: 289px;\">\n<td style=\"width: 7.1429%; vertical-align: top; height: 289px;\">76<\/td>\n<td style=\"width: 92.8571%; height: 289px;\"><img loading=\"lazy\" class=\"aligncenter wp-image-6347 size-full\" src=\"https:\/\/www.fenomenum.com.br\/novo\/wp-content\/uploads\/2022\/04\/8171457_orig.jpg\" alt=\"\" width=\"739\" height=\"517\" \/><\/p>\n<p>Wokurna, Austr\u00e1lia &#8211; Dezembro de 1973<\/p>\n<p>UFO pousa em planta\u00e7\u00e3o de trigo em Wokurna, Austr\u00e1lia, danificando a vegeta\u00e7\u00e3o.<\/td>\n<\/tr>\n<tr style=\"height: 218px;\">\n<td style=\"width: 7.1429%; vertical-align: top; height: 218px;\">77<\/td>\n<td style=\"width: 92.8571%; height: 218px;\"><img loading=\"lazy\" class=\"aligncenter wp-image-6348 size-full\" src=\"https:\/\/www.fenomenum.com.br\/novo\/wp-content\/uploads\/2022\/04\/Pullabooka-New-South-Wales-Australia-Dec-1974-1.jpg\" alt=\"\" width=\"442\" height=\"205\" srcset=\"https:\/\/www.fenomenum.com.br\/novo\/wp-content\/uploads\/2022\/04\/Pullabooka-New-South-Wales-Australia-Dec-1974-1.jpg 442w, https:\/\/www.fenomenum.com.br\/novo\/wp-content\/uploads\/2022\/04\/Pullabooka-New-South-Wales-Australia-Dec-1974-1-400x186.jpg 400w, https:\/\/www.fenomenum.com.br\/novo\/wp-content\/uploads\/2022\/04\/Pullabooka-New-South-Wales-Australia-Dec-1974-1-250x116.jpg 250w, https:\/\/www.fenomenum.com.br\/novo\/wp-content\/uploads\/2022\/04\/Pullabooka-New-South-Wales-Australia-Dec-1974-1-150x70.jpg 150w, https:\/\/www.fenomenum.com.br\/novo\/wp-content\/uploads\/2022\/04\/Pullabooka-New-South-Wales-Australia-Dec-1974-1-50x23.jpg 50w, https:\/\/www.fenomenum.com.br\/novo\/wp-content\/uploads\/2022\/04\/Pullabooka-New-South-Wales-Australia-Dec-1974-1-100x46.jpg 100w, https:\/\/www.fenomenum.com.br\/novo\/wp-content\/uploads\/2022\/04\/Pullabooka-New-South-Wales-Australia-Dec-1974-1-200x93.jpg 200w, https:\/\/www.fenomenum.com.br\/novo\/wp-content\/uploads\/2022\/04\/Pullabooka-New-South-Wales-Australia-Dec-1974-1-300x139.jpg 300w, https:\/\/www.fenomenum.com.br\/novo\/wp-content\/uploads\/2022\/04\/Pullabooka-New-South-Wales-Australia-Dec-1974-1-350x162.jpg 350w\" sizes=\"(max-width: 442px) 100vw, 442px\" \/><\/p>\n<p>Pullabooka, Austr\u00e1lia &#8211; Dezembro de 1974<\/p>\n<p>UFO pousa em Pullaboka, Austr\u00e1lia, deixando vegeta\u00e7\u00e3o danificada.<\/td>\n<\/tr>\n<tr style=\"height: 256px;\">\n<td style=\"width: 7.1429%; vertical-align: top; height: 256px;\">78<\/td>\n<td style=\"width: 92.8571%; height: 256px;\"><img loading=\"lazy\" class=\"aligncenter wp-image-6349 size-full\" src=\"https:\/\/www.fenomenum.com.br\/novo\/wp-content\/uploads\/2022\/04\/1974-Forbes-New-South-Wales-Australia-21-Dec-1974-1.jpg\" alt=\"\" width=\"469\" height=\"276\" srcset=\"https:\/\/www.fenomenum.com.br\/novo\/wp-content\/uploads\/2022\/04\/1974-Forbes-New-South-Wales-Australia-21-Dec-1974-1.jpg 469w, https:\/\/www.fenomenum.com.br\/novo\/wp-content\/uploads\/2022\/04\/1974-Forbes-New-South-Wales-Australia-21-Dec-1974-1-400x235.jpg 400w, https:\/\/www.fenomenum.com.br\/novo\/wp-content\/uploads\/2022\/04\/1974-Forbes-New-South-Wales-Australia-21-Dec-1974-1-250x147.jpg 250w, https:\/\/www.fenomenum.com.br\/novo\/wp-content\/uploads\/2022\/04\/1974-Forbes-New-South-Wales-Australia-21-Dec-1974-1-150x88.jpg 150w, https:\/\/www.fenomenum.com.br\/novo\/wp-content\/uploads\/2022\/04\/1974-Forbes-New-South-Wales-Australia-21-Dec-1974-1-50x29.jpg 50w, https:\/\/www.fenomenum.com.br\/novo\/wp-content\/uploads\/2022\/04\/1974-Forbes-New-South-Wales-Australia-21-Dec-1974-1-100x59.jpg 100w, https:\/\/www.fenomenum.com.br\/novo\/wp-content\/uploads\/2022\/04\/1974-Forbes-New-South-Wales-Australia-21-Dec-1974-1-200x118.jpg 200w, https:\/\/www.fenomenum.com.br\/novo\/wp-content\/uploads\/2022\/04\/1974-Forbes-New-South-Wales-Australia-21-Dec-1974-1-300x177.jpg 300w, https:\/\/www.fenomenum.com.br\/novo\/wp-content\/uploads\/2022\/04\/1974-Forbes-New-South-Wales-Australia-21-Dec-1974-1-350x206.jpg 350w, https:\/\/www.fenomenum.com.br\/novo\/wp-content\/uploads\/2022\/04\/1974-Forbes-New-South-Wales-Australia-21-Dec-1974-1-450x265.jpg 450w\" sizes=\"(max-width: 469px) 100vw, 469px\" \/><\/p>\n<p>Forbes, Austr\u00e1lia &#8211; Dezembro de 1974<\/p>\n<p>UFO pousa em Forbes, Austr\u00e1lia, deixando marca circular no local<\/td>\n<\/tr>\n<tr style=\"height: 271px;\">\n<td style=\"width: 7.1429%; vertical-align: top; height: 271px;\">79<\/td>\n<td style=\"width: 92.8571%; height: 271px;\"><img loading=\"lazy\" class=\"aligncenter wp-image-6350 size-full\" src=\"https:\/\/www.fenomenum.com.br\/novo\/wp-content\/uploads\/2022\/04\/1969-Ibiuna-Brazil-17-June-1969-1.jpg\" alt=\"\" width=\"365\" height=\"233\" srcset=\"https:\/\/www.fenomenum.com.br\/novo\/wp-content\/uploads\/2022\/04\/1969-Ibiuna-Brazil-17-June-1969-1.jpg 365w, https:\/\/www.fenomenum.com.br\/novo\/wp-content\/uploads\/2022\/04\/1969-Ibiuna-Brazil-17-June-1969-1-250x160.jpg 250w, https:\/\/www.fenomenum.com.br\/novo\/wp-content\/uploads\/2022\/04\/1969-Ibiuna-Brazil-17-June-1969-1-150x96.jpg 150w, https:\/\/www.fenomenum.com.br\/novo\/wp-content\/uploads\/2022\/04\/1969-Ibiuna-Brazil-17-June-1969-1-50x32.jpg 50w, https:\/\/www.fenomenum.com.br\/novo\/wp-content\/uploads\/2022\/04\/1969-Ibiuna-Brazil-17-June-1969-1-100x64.jpg 100w, https:\/\/www.fenomenum.com.br\/novo\/wp-content\/uploads\/2022\/04\/1969-Ibiuna-Brazil-17-June-1969-1-200x128.jpg 200w, https:\/\/www.fenomenum.com.br\/novo\/wp-content\/uploads\/2022\/04\/1969-Ibiuna-Brazil-17-June-1969-1-300x192.jpg 300w, https:\/\/www.fenomenum.com.br\/novo\/wp-content\/uploads\/2022\/04\/1969-Ibiuna-Brazil-17-June-1969-1-350x223.jpg 350w\" sizes=\"(max-width: 365px) 100vw, 365px\" \/><\/p>\n<p>Ibi\u00fana (SP) &#8211; 26 de Junho de 1969<\/p>\n<p>UFO pousa em Ibi\u00fana, S\u00e3o Paulo, deixando o solo e a vegeta\u00e7\u00e3o danificados.<\/td>\n<\/tr>\n<tr style=\"height: 288px;\">\n<td style=\"width: 7.1429%; vertical-align: top; height: 288px;\">80<\/td>\n<td style=\"width: 92.8571%; height: 288px;\"><img loading=\"lazy\" class=\"aligncenter wp-image-6341 size-full\" src=\"https:\/\/www.fenomenum.com.br\/novo\/wp-content\/uploads\/2022\/04\/6198681.jpg\" alt=\"\" width=\"402\" height=\"280\" \/><\/p>\n<p>Rossburn, Manitoba, Canad\u00e1 &#8211; 1977<\/p>\n<p>UFO pousa ao lado de uma estrada, deixando vegeta\u00e7\u00e3o local danificada.<\/td>\n<\/tr>\n<tr style=\"height: 55px;\">\n<td style=\"width: 7.1429%; vertical-align: top; height: 34px;\">81<\/td>\n<td style=\"width: 92.8571%; height: 34px;\"><img loading=\"lazy\" class=\"aligncenter wp-image-6404 size-full\" src=\"https:\/\/www.fenomenum.com.br\/novo\/wp-content\/uploads\/2022\/04\/1975.jpg\" alt=\"\" width=\"320\" height=\"211\" \/><\/p>\n<p>Medford, Minessota &#8211; 2 de Novembro de 1975<\/p>\n<p>Duas mulheres observam o pouso de um UFO. O gramado ficou danificado e dentro do c\u00edrculo houve radia\u00e7\u00e3o elevada.<\/td>\n<\/tr>\n<tr style=\"height: 24px;\">\n<td style=\"width: 7.1429%; vertical-align: top; height: 24px;\">82<\/td>\n<td style=\"width: 92.8571%; height: 24px;\"><img loading=\"lazy\" class=\"aligncenter wp-image-6405 size-full\" src=\"https:\/\/www.fenomenum.com.br\/novo\/wp-content\/uploads\/2022\/04\/August71970.SaladareEthiopia-1.jpg\" alt=\"\" width=\"320\" height=\"224\" srcset=\"https:\/\/www.fenomenum.com.br\/novo\/wp-content\/uploads\/2022\/04\/August71970.SaladareEthiopia-1.jpg 320w, https:\/\/www.fenomenum.com.br\/novo\/wp-content\/uploads\/2022\/04\/August71970.SaladareEthiopia-1-250x175.jpg 250w, https:\/\/www.fenomenum.com.br\/novo\/wp-content\/uploads\/2022\/04\/August71970.SaladareEthiopia-1-150x105.jpg 150w, https:\/\/www.fenomenum.com.br\/novo\/wp-content\/uploads\/2022\/04\/August71970.SaladareEthiopia-1-50x35.jpg 50w, https:\/\/www.fenomenum.com.br\/novo\/wp-content\/uploads\/2022\/04\/August71970.SaladareEthiopia-1-100x70.jpg 100w, https:\/\/www.fenomenum.com.br\/novo\/wp-content\/uploads\/2022\/04\/August71970.SaladareEthiopia-1-200x140.jpg 200w, https:\/\/www.fenomenum.com.br\/novo\/wp-content\/uploads\/2022\/04\/August71970.SaladareEthiopia-1-300x210.jpg 300w\" sizes=\"(max-width: 320px) 100vw, 320px\" \/><\/p>\n<p>Saladare, Eti\u00f3pia &#8211; 7 de Agosto de 1970<\/p>\n<p>UFO causa danos em via p\u00fablica.<\/td>\n<\/tr>\n<tr style=\"height: 24px;\">\n<td style=\"width: 7.1429%; vertical-align: top; height: 24px;\">83<\/td>\n<td style=\"width: 92.8571%; height: 24px;\"><img loading=\"lazy\" class=\"aligncenter wp-image-6406 size-full\" src=\"https:\/\/www.fenomenum.com.br\/novo\/wp-content\/uploads\/2022\/04\/KofuCityJapan1975b-1.jpg\" alt=\"\" width=\"500\" height=\"313\" srcset=\"https:\/\/www.fenomenum.com.br\/novo\/wp-content\/uploads\/2022\/04\/KofuCityJapan1975b-1.jpg 500w, https:\/\/www.fenomenum.com.br\/novo\/wp-content\/uploads\/2022\/04\/KofuCityJapan1975b-1-400x250.jpg 400w, https:\/\/www.fenomenum.com.br\/novo\/wp-content\/uploads\/2022\/04\/KofuCityJapan1975b-1-250x157.jpg 250w, https:\/\/www.fenomenum.com.br\/novo\/wp-content\/uploads\/2022\/04\/KofuCityJapan1975b-1-150x94.jpg 150w, https:\/\/www.fenomenum.com.br\/novo\/wp-content\/uploads\/2022\/04\/KofuCityJapan1975b-1-50x31.jpg 50w, https:\/\/www.fenomenum.com.br\/novo\/wp-content\/uploads\/2022\/04\/KofuCityJapan1975b-1-100x63.jpg 100w, https:\/\/www.fenomenum.com.br\/novo\/wp-content\/uploads\/2022\/04\/KofuCityJapan1975b-1-200x125.jpg 200w, https:\/\/www.fenomenum.com.br\/novo\/wp-content\/uploads\/2022\/04\/KofuCityJapan1975b-1-300x188.jpg 300w, https:\/\/www.fenomenum.com.br\/novo\/wp-content\/uploads\/2022\/04\/KofuCityJapan1975b-1-350x219.jpg 350w, https:\/\/www.fenomenum.com.br\/novo\/wp-content\/uploads\/2022\/04\/KofuCityJapan1975b-1-450x282.jpg 450w\" sizes=\"(max-width: 500px) 100vw, 500px\" \/><\/p>\n<p>Kofu, Yamanshi, Jap\u00e3o &#8211; 23 de Fevereiro de 1975<\/p>\n<p>UFO pousa danificando estruturas de concreto.<\/td>\n<\/tr>\n<tr style=\"height: 24px;\">\n<td style=\"width: 7.1429%; vertical-align: top; height: 24px;\">84<\/td>\n<td style=\"width: 92.8571%; height: 24px;\"><img loading=\"lazy\" class=\"aligncenter wp-image-6407 size-full\" src=\"https:\/\/www.fenomenum.com.br\/novo\/wp-content\/uploads\/2022\/04\/robert_taylor.gif\" alt=\"\" width=\"500\" height=\"346\" \/><\/p>\n<p>Bonnybridge, Livingston, Inglaterra &#8211; Novembro de 1979<\/p>\n<p>Marca no solo, produzido por estranho objeto voador que pousou no local.<\/td>\n<\/tr>\n<tr style=\"height: 24px;\">\n<td style=\"width: 7.1429%; vertical-align: top; height: 24px;\">85<\/td>\n<td style=\"width: 92.8571%; height: 24px;\"><img loading=\"lazy\" class=\"aligncenter wp-image-6408 size-full\" src=\"https:\/\/www.fenomenum.com.br\/novo\/wp-content\/uploads\/2022\/04\/landing_trace_kelly-1.jpg\" alt=\"\" width=\"320\" height=\"234\" srcset=\"https:\/\/www.fenomenum.com.br\/novo\/wp-content\/uploads\/2022\/04\/landing_trace_kelly-1.jpg 320w, https:\/\/www.fenomenum.com.br\/novo\/wp-content\/uploads\/2022\/04\/landing_trace_kelly-1-250x183.jpg 250w, https:\/\/www.fenomenum.com.br\/novo\/wp-content\/uploads\/2022\/04\/landing_trace_kelly-1-150x110.jpg 150w, https:\/\/www.fenomenum.com.br\/novo\/wp-content\/uploads\/2022\/04\/landing_trace_kelly-1-50x37.jpg 50w, https:\/\/www.fenomenum.com.br\/novo\/wp-content\/uploads\/2022\/04\/landing_trace_kelly-1-100x73.jpg 100w, https:\/\/www.fenomenum.com.br\/novo\/wp-content\/uploads\/2022\/04\/landing_trace_kelly-1-200x146.jpg 200w, https:\/\/www.fenomenum.com.br\/novo\/wp-content\/uploads\/2022\/04\/landing_trace_kelly-1-300x219.jpg 300w\" sizes=\"(max-width: 320px) 100vw, 320px\" \/><\/p>\n<p>Narre Warren North, Victoria, Australia &#8211; 8 de Agosto de 1993<\/p>\n<p>Marca deixada por um UFO. A \u00e1rea interna da marca teve altera\u00e7\u00f5es qu\u00edmicas e magn\u00e9ticas.<\/td>\n<\/tr>\n<tr style=\"height: 24px;\">\n<td style=\"width: 7.1429%; vertical-align: top; height: 24px;\">86<\/td>\n<td style=\"width: 92.8571%; height: 24px;\"><img loading=\"lazy\" class=\"aligncenter wp-image-6409 size-full\" src=\"https:\/\/www.fenomenum.com.br\/novo\/wp-content\/uploads\/2022\/04\/louisburg2003.jpg\" alt=\"\" width=\"274\" height=\"224\" \/><\/p>\n<p>Louisburg, Miami [EUA] &#8211; 15 de Dezembro de 2003<\/p>\n<p>Circulo calcinado surge no pasto ap\u00f3s o pouso de uma esfera luminosa.<\/td>\n<\/tr>\n<tr style=\"height: 24px;\">\n<td style=\"width: 7.1429%; vertical-align: top; height: 24px;\">87<\/td>\n<td style=\"width: 92.8571%; height: 24px;\"><img loading=\"lazy\" class=\"aligncenter wp-image-6410 size-full\" src=\"https:\/\/www.fenomenum.com.br\/novo\/wp-content\/uploads\/2022\/04\/southern1999.jpg\" alt=\"\" width=\"630\" height=\"419\" \/><\/p>\n<p>Missouri [EUA] &#8211; 22 de Janeiro de 1999<\/p>\n<p>Circulo com vegeta\u00e7\u00e3o amassada foi encontrado ap\u00f3s apari\u00e7\u00e3o de UFO durante a nite, sobre uma fazenda.<\/td>\n<\/tr>\n<tr style=\"height: 24px;\">\n<td style=\"width: 7.1429%; vertical-align: top; height: 24px;\">88<\/td>\n<td style=\"width: 92.8571%; height: 24px;\"><img loading=\"lazy\" class=\"aligncenter wp-image-6411 size-full\" src=\"https:\/\/www.fenomenum.com.br\/novo\/wp-content\/uploads\/2022\/04\/buritama.jpg\" alt=\"\" width=\"320\" height=\"237\" \/><\/p>\n<p>Buritama, S\u00e3o Paulo &#8211; Junho de 2008<\/p>\n<p>Marca no solo, associada ao pouso de um disco voador.<\/td>\n<\/tr>\n<tr style=\"height: 24px;\">\n<td style=\"width: 7.1429%; vertical-align: top; height: 24px;\">89<\/td>\n<td style=\"width: 92.8571%; height: 24px;\"><img loading=\"lazy\" class=\"aligncenter wp-image-6412 size-full\" src=\"https:\/\/www.fenomenum.com.br\/novo\/wp-content\/uploads\/2022\/04\/detail1.jpg\" alt=\"\" width=\"400\" height=\"553\" \/><\/p>\n<p>Edmont, Alberta, Canad\u00e1 &#8211; 8 de Maio de 1967<\/p>\n<p>UFO deixa vest\u00edgios f\u00edsicos no solo.<\/td>\n<\/tr>\n<tr style=\"height: 24px;\">\n<td style=\"width: 7.1429%; vertical-align: top; height: 24px;\">90<\/td>\n<td style=\"width: 92.8571%; height: 24px;\"><img loading=\"lazy\" class=\"aligncenter wp-image-6413 size-full\" src=\"https:\/\/www.fenomenum.com.br\/novo\/wp-content\/uploads\/2022\/04\/cascas.jpg\" alt=\"\" width=\"910\" height=\"1070\" \/><\/p>\n<p><a href=\"https:\/\/www.fenomenum.com.br\/caso-gustavo-salick\/\"><strong>Antonina, Paran\u00e1 &#8211; 1982<\/strong><\/a><\/p>\n<p>Disco voador pousa em fazenda e deixa vegeta\u00e7\u00e3o local afetada por radia\u00e7\u00e3o e alta temperatura.<\/td>\n<\/tr>\n<tr style=\"height: 24px;\">\n<td style=\"width: 7.1429%; vertical-align: top; height: 24px;\">91<\/td>\n<td style=\"width: 92.8571%; height: 24px;\"><img loading=\"lazy\" class=\"aligncenter wp-image-6414 size-full\" src=\"https:\/\/www.fenomenum.com.br\/novo\/wp-content\/uploads\/2022\/04\/trace2_3.gif\" alt=\"\" width=\"446\" height=\"304\" \/><\/p>\n<p>Eau Claire, Wisconsin &#8211; Novembro de 1996<\/p>\n<p>Marca estranha no solo surgida ap\u00f3s caso de abdu\u00e7\u00e3o<\/td>\n<\/tr>\n<tr style=\"height: 24px;\">\n<td style=\"width: 7.1429%; vertical-align: top; height: 24px;\">92<\/td>\n<td style=\"width: 92.8571%; height: 24px;\"><img loading=\"lazy\" class=\"aligncenter wp-image-6415 size-full\" src=\"https:\/\/www.fenomenum.com.br\/novo\/wp-content\/uploads\/2022\/04\/huellaregimiento-1.jpg\" alt=\"\" width=\"400\" height=\"300\" srcset=\"https:\/\/www.fenomenum.com.br\/novo\/wp-content\/uploads\/2022\/04\/huellaregimiento-1.jpg 400w, https:\/\/www.fenomenum.com.br\/novo\/wp-content\/uploads\/2022\/04\/huellaregimiento-1-250x188.jpg 250w, https:\/\/www.fenomenum.com.br\/novo\/wp-content\/uploads\/2022\/04\/huellaregimiento-1-150x113.jpg 150w, https:\/\/www.fenomenum.com.br\/novo\/wp-content\/uploads\/2022\/04\/huellaregimiento-1-50x38.jpg 50w, https:\/\/www.fenomenum.com.br\/novo\/wp-content\/uploads\/2022\/04\/huellaregimiento-1-100x75.jpg 100w, https:\/\/www.fenomenum.com.br\/novo\/wp-content\/uploads\/2022\/04\/huellaregimiento-1-200x150.jpg 200w, https:\/\/www.fenomenum.com.br\/novo\/wp-content\/uploads\/2022\/04\/huellaregimiento-1-300x225.jpg 300w, https:\/\/www.fenomenum.com.br\/novo\/wp-content\/uploads\/2022\/04\/huellaregimiento-1-350x263.jpg 350w\" sizes=\"(max-width: 400px) 100vw, 400px\" \/><\/p>\n<p>Santa F\u00e9, Argentina &#8211; 24 de Novembro de 1999<\/p>\n<p>Marca circular surgida em um gramado, ap\u00f3s o pouso de um disco voador.<\/td>\n<\/tr>\n<tr style=\"height: 24px;\">\n<td style=\"width: 7.1429%; vertical-align: top; height: 24px;\">93<\/td>\n<td style=\"width: 92.8571%; height: 24px;\"><img loading=\"lazy\" class=\"aligncenter wp-image-6416 size-full\" src=\"https:\/\/www.fenomenum.com.br\/novo\/wp-content\/uploads\/2022\/04\/ovniatalaya1.jpg\" alt=\"\" width=\"400\" height=\"282\" \/><\/p>\n<p>Atalaya, Argentina &#8211; 4 de Mar\u00e7o de 1986<\/p>\n<p>V\u00e1rios c\u00edrculos surgem ap\u00f3s o aparecimento de UFOs sobre a regi\u00e3o. No interior das marcas, as plantas morreram e n\u00e3o voltaram mais a crescer.<\/td>\n<\/tr>\n<tr style=\"height: 24px;\">\n<td style=\"width: 7.1429%; vertical-align: top; height: 24px;\">94<\/td>\n<td style=\"width: 92.8571%; height: 24px;\"><img loading=\"lazy\" class=\"aligncenter wp-image-6417 size-full\" src=\"https:\/\/www.fenomenum.com.br\/novo\/wp-content\/uploads\/2022\/04\/ovni-lachapelle-06-12-73b2-1.jpg\" alt=\"\" width=\"350\" height=\"302\" srcset=\"https:\/\/www.fenomenum.com.br\/novo\/wp-content\/uploads\/2022\/04\/ovni-lachapelle-06-12-73b2-1.jpg 350w, https:\/\/www.fenomenum.com.br\/novo\/wp-content\/uploads\/2022\/04\/ovni-lachapelle-06-12-73b2-1-250x216.jpg 250w, https:\/\/www.fenomenum.com.br\/novo\/wp-content\/uploads\/2022\/04\/ovni-lachapelle-06-12-73b2-1-150x129.jpg 150w, https:\/\/www.fenomenum.com.br\/novo\/wp-content\/uploads\/2022\/04\/ovni-lachapelle-06-12-73b2-1-50x43.jpg 50w, https:\/\/www.fenomenum.com.br\/novo\/wp-content\/uploads\/2022\/04\/ovni-lachapelle-06-12-73b2-1-100x86.jpg 100w, https:\/\/www.fenomenum.com.br\/novo\/wp-content\/uploads\/2022\/04\/ovni-lachapelle-06-12-73b2-1-200x173.jpg 200w, https:\/\/www.fenomenum.com.br\/novo\/wp-content\/uploads\/2022\/04\/ovni-lachapelle-06-12-73b2-1-300x259.jpg 300w\" sizes=\"(max-width: 350px) 100vw, 350px\" \/><\/p>\n<p>Fabr\u00e8ges, Fran\u00e7a &#8211; Dezembro de 1973<\/p>\n<p>Tr\u00eas marcas resultantes de pouso de um UFO.<\/td>\n<\/tr>\n<tr style=\"height: 24px;\">\n<td style=\"width: 7.1429%; vertical-align: top; height: 24px;\">95<\/td>\n<td style=\"width: 92.8571%; height: 24px;\"><img loading=\"lazy\" class=\"aligncenter wp-image-6418 size-full\" src=\"https:\/\/www.fenomenum.com.br\/novo\/wp-content\/uploads\/2022\/04\/1634361.jpg\" alt=\"\" width=\"574\" height=\"332\" \/><\/p>\n<p>San Jos\u00e9 de la Esquina, Santa F\u00e9, Argentina &#8211; 31 de Dezembro de 2009<\/p>\n<p>Estranha marca surgiu em planta\u00e7\u00e3o de soja. Dentro do circulo a soja estava desidratada.<\/td>\n<\/tr>\n<tr style=\"height: 24px;\">\n<td style=\"width: 7.1429%; vertical-align: top; height: 24px;\">96<\/td>\n<td style=\"width: 92.8571%; height: 24px;\"><img loading=\"lazy\" class=\"aligncenter wp-image-6419 size-full\" src=\"https:\/\/www.fenomenum.com.br\/novo\/wp-content\/uploads\/2022\/04\/indianacircle3.jpg\" alt=\"\" width=\"630\" height=\"473\" \/><\/p>\n<p><strong><a href=\"https:\/\/www.fenomenum.com.br\/caso-lady-snippy\/\">Alamosa, Colorado [EUA]<\/a><\/strong> &#8211; Setembro de 1965<\/p>\n<p>Marca circular surgida pr\u00f3ximo \u00e0 um local onde uma \u00e9gua foi encontrada mutilada em circunst\u00e2ncIas estranhas.<\/td>\n<\/tr>\n<tr style=\"height: 24px;\">\n<td style=\"width: 7.1429%; vertical-align: top; height: 24px;\">97<\/td>\n<td style=\"width: 92.8571%; height: 24px;\"><img loading=\"lazy\" class=\"aligncenter wp-image-6420 size-full\" src=\"https:\/\/www.fenomenum.com.br\/novo\/wp-content\/uploads\/2022\/04\/ardenas-1994.jpg\" alt=\"\" width=\"361\" height=\"228\" \/><\/p>\n<p>Gu\u00e9-D&#8217;Hossus, Ardenas &#8211; 6 de Mar\u00e7o de 1994<\/p>\n<p>UFO pousa em \u00e1rea florestal, na regi\u00e3o das Ardenas, deixando marcas no solo.<\/td>\n<\/tr>\n<tr style=\"height: 24px;\">\n<td style=\"width: 7.1429%; vertical-align: top; height: 24px;\">98<\/td>\n<td style=\"width: 92.8571%; height: 24px;\"><img loading=\"lazy\" class=\"aligncenter wp-image-6422 size-large\" src=\"https:\/\/www.fenomenum.com.br\/novo\/wp-content\/uploads\/2022\/04\/SIOANI_SN008-1024x755.jpg\" alt=\"\" width=\"1024\" height=\"755\" \/><\/p>\n<p>Guaratinguet\u00e1, S\u00e3o Paulo &#8211; 30 de Julho de 1970<\/p>\n<p>Caso de Pouso de disco voador, e avistamento de tripulante, pesquisado pelo SIOANI. Objeto deixou marcas no local do pouso.<\/td>\n<\/tr>\n<tr style=\"height: 24px;\">\n<td style=\"width: 7.1429%; vertical-align: top; height: 24px;\">99<\/td>\n<td style=\"width: 92.8571%; height: 24px;\"><img loading=\"lazy\" class=\"aligncenter wp-image-6421 size-large\" src=\"https:\/\/www.fenomenum.com.br\/novo\/wp-content\/uploads\/2022\/04\/SIOANI-050-1024x678.jpg\" alt=\"\" width=\"1024\" height=\"678\" \/><\/p>\n<p>Lins, S\u00e3o Paulo &#8211; 7 de Junho de 1969<\/p>\n<p>Caso de pouso de disco voador, pesquisado pelo SIOANI. O objeto deixou marcas no local de pouso.<\/td>\n<\/tr>\n<tr style=\"height: 24px;\">\n<td style=\"width: 7.1429%; vertical-align: top; height: 24px;\">100<\/td>\n<td style=\"width: 92.8571%; height: 24px;\"><img loading=\"lazy\" class=\"aligncenter wp-image-6423 size-full\" src=\"https:\/\/www.fenomenum.com.br\/novo\/wp-content\/uploads\/2022\/04\/afa1988.jpg\" alt=\"\" width=\"1000\" height=\"696\" \/><\/p>\n<p>Pirassununga, S\u00e3o Paulo &#8211; 2 de Mar\u00e7o de 1988<\/p>\n<p>UFO pousa em canavial, pr\u00f3ximo \u00e0 base da For\u00e7a A\u00e9rea Brasileira, deixando a vegeta\u00e7\u00e3o local amassada.<\/td>\n<\/tr>\n<\/tbody>\n<\/table>\n<\/div>\n<div><\/div>\n","protected":false},"excerpt":{"rendered":"<p>In\u00fameros casos ufol\u00f3gicos s\u00e3o apoiados por evid\u00eancias e vest\u00edgios f\u00edsicos gerados pela ocorr\u00eancia ufol\u00f3gica. Esta categoria re\u00fane todos os casos em que a passagem ou pouso do OVNI, ou do aparelho voador identificado, produzem sinais no solo ou na vegeta\u00e7\u00e3o. Exemplos de casos deste tipo: N\u00ba\u00a0 Descri\u00e7\u00e3o 1 Caso Kathie Davis &#8211; Indian\u00e1polis, Indiana, EUA [&hellip;]<\/p>\n","protected":false},"author":5,"featured_media":4907,"comment_status":"open","ping_status":"open","sticky":false,"template":"","format":"standard","meta":{"inline_featured_image":false},"categories":[111],"tags":[],"_links":{"self":[{"href":"https:\/\/www.fenomenum.com.br\/novo\/wp-json\/wp\/v2\/posts\/5787"}],"collection":[{"href":"https:\/\/www.fenomenum.com.br\/novo\/wp-json\/wp\/v2\/posts"}],"about":[{"href":"https:\/\/www.fenomenum.com.br\/novo\/wp-json\/wp\/v2\/types\/post"}],"author":[{"embeddable":true,"href":"https:\/\/www.fenomenum.com.br\/novo\/wp-json\/wp\/v2\/users\/5"}],"replies":[{"embeddable":true,"href":"https:\/\/www.fenomenum.com.br\/novo\/wp-json\/wp\/v2\/comments?post=5787"}],"version-history":[{"count":0,"href":"https:\/\/www.fenomenum.com.br\/novo\/wp-json\/wp\/v2\/posts\/5787\/revisions"}],"wp:featuredmedia":[{"embeddable":true,"href":"https:\/\/www.fenomenum.com.br\/novo\/wp-json\/wp\/v2\/media\/4907"}],"wp:attachment":[{"href":"https:\/\/www.fenomenum.com.br\/novo\/wp-json\/wp\/v2\/media?parent=5787"}],"wp:term":[{"taxonomy":"category","embeddable":true,"href":"https:\/\/www.fenomenum.com.br\/novo\/wp-json\/wp\/v2\/categories?post=5787"},{"taxonomy":"post_tag","embeddable":true,"href":"https:\/\/www.fenomenum.com.br\/novo\/wp-json\/wp\/v2\/tags?post=5787"}],"curies":[{"name":"wp","href":"https:\/\/api.w.org\/{rel}","templated":true}]}}