{"id":6004,"date":"2022-04-13T16:28:50","date_gmt":"2022-04-13T19:28:50","guid":{"rendered":"https:\/\/www.fenomenum.com.br\/?p=6004"},"modified":"2022-04-13T16:28:50","modified_gmt":"2022-04-13T19:28:50","slug":"noiteoficial2","status":"publish","type":"post","link":"https:\/\/www.fenomenum.com.br\/novo\/noiteoficial2\/","title":{"rendered":"A Onda Ufol\u00f3gica de 1986"},"content":{"rendered":"<p style=\"padding-left: 40px;\"><strong>A revoada de UFOs na chamada Noite Oficial dos OVNIs n\u00e3o foi um evento isolado. O caso faz parte de uma grande onda ufol\u00f3gica, que atingiu praticamente todo o Brasil e que iniciou-se em 19 de mar\u00e7o, aumentando de intensidade em maio e finalizando em agosto daquele ano. Foram v\u00e1rias centenas de avistamentos a partir do solo, a m\u00e9dia e curta dist\u00e2ncia, registros por radar, pousos, fotografias e filmagens de estranhos objetos, al\u00e9m de contatos e abdu\u00e7\u00f5es.<\/strong><\/p>\n<hr \/>\n<table style=\"width: 100%; border-collapse: collapse; background-color: #fafafa;\">\n<tbody>\n<tr>\n<td style=\"width: 50%;\"><a href=\"https:\/\/www.fenomenum.com.br\/noiteoficial1\/\"><img loading=\"lazy\" class=\"alignnone wp-image-5349 size-full\" src=\"https:\/\/www.fenomenum.com.br\/novo\/wp-content\/uploads\/2022\/03\/esquerda.png\" alt=\"\" width=\"75\" height=\"75\" \/><\/a><\/td>\n<td style=\"width: 50%; text-align: right;\"><a href=\"https:\/\/www.fenomenum.com.br\/noiteoficial3\/\"><img loading=\"lazy\" class=\"alignright wp-image-5348 size-full\" src=\"https:\/\/www.fenomenum.com.br\/novo\/wp-content\/uploads\/2022\/03\/direita.png\" alt=\"\" width=\"75\" height=\"75\" \/><\/a><\/td>\n<\/tr>\n<tr>\n<td style=\"width: 50%;\"><a href=\"https:\/\/www.fenomenum.com.br\/noiteoficial1\">Artigo anterior sobre a Noite Oficial dos OVNIs<\/a><\/td>\n<td style=\"width: 50%; text-align: right;\"><a href=\"https:\/\/www.fenomenum.com.br\/noiteoficial3\">Pr\u00f3ximo artigo sobre a Noite Oficial dos OVNIs<\/a><\/td>\n<\/tr>\n<\/tbody>\n<\/table>\n<hr \/>\n<p>Por Jackson Luiz Camargo &#8211; ufojack@yahoo.com<\/p>\n<p>O Portal Fenomenum realizou uma compila\u00e7\u00e3o de casos, registrados pela imprensa, pela For\u00e7a A\u00e9rea Brasileira ou registrado por centros de pesquisa ufol\u00f3gica, espalhados pelos diversos estados brasileiros e que foram posteriormente investigados e divulgados pelos pesquisadores. Sendo assim, para compor a linha do tempo desta onda, usou-se como fonte os documentos oficiais da For\u00e7a A\u00e9rea Brasileira, j\u00e1 disponibilizados, jornais e revistas da \u00e9poca bem como estudos de v\u00e1rios grupos ufol\u00f3gicos nacionais. Para os casos citados indicaremos as refer\u00eancias de origem da informa\u00e7\u00e3o.<\/p>\n<p>O ano de 1986 foi muito rico em ocorr\u00eancias ufol\u00f3gicas. De norte \u00e0 sul do pa\u00eds, ocorreram in\u00fameros fatos ufol\u00f3gicos e milhares de pessoas foram testemunhas diretas de apari\u00e7\u00f5es de UFOs. Alguns casos ficaram restritos aos ambientes militares, sendo registrados apenas pelas For\u00e7as Armadas, enquanto outros foram investigados por grupos ufol\u00f3gicos espalhados em diversos estados da Federa\u00e7\u00e3o. Existem ainda in\u00fameros outros fatos, em n\u00famero muito maior, que ficaram restritos aos familiares ou mesmo \u00e0s testemunhas do fen\u00f4meno, que por medo ou avers\u00e3o \u00e0 publicidade, n\u00e3o relataram suas experi\u00eancias a ningu\u00e9m.<\/p>\n<p>\u00c9 interessante comparar os casos ocorridos nesse per\u00edodo, que foram registrados nos documentos oficiais da For\u00e7a A\u00e9rea, com os registros de uf\u00f3logos e grupos de pesquisa. Comparando-se estes bancos de dados, percebe-se padr\u00f5es interessantes de manifesta\u00e7\u00e3o.<\/p>\n<p>At\u00e9 1986, a FAB registrava, em m\u00e9dia, um caso ufol\u00f3gico a cada dois ou tr\u00eas meses. J\u00e1 os centros de pesquisas ufol\u00f3gicas registravam dois ou tr\u00eas casos por m\u00eas, relatando-os em boletins e revistas especializadas. Quando a Onda Ufol\u00f3gica de 1986 aconteceu, foram centenas de avistamentos registrados num per\u00edodo de apenas tr\u00eas meses.<\/p>\n<p>&nbsp;<\/p>\n<h3>Mar\u00e7o<\/h3>\n<p>A onda ufol\u00f3gica de 1986 teve in\u00edcio em 19 de mar\u00e7o, com um avistamento ocorrido em Pontal do Leme, Rio de Janeiro (RJ), e tendo como testemunha, Afonso H. Soares, que observou um UFO saindo do mar e emitindo luzes, a 400 metros da praia, por volta das 17h30 <sup>(28)<\/sup>.<\/p>\n<p>Neste mesmo dia, outros tr\u00eas imensos discos voadores foram observados, por volta das 1h40, em Florian\u00f3polis (SC). Os objetos emitiam intensa luz multicolorida e foram observados por aproximadamente 40 minutos. Durante a observa\u00e7\u00e3o, as testemunhas ouviram um forte zumbido<sup>(28)<\/sup>.<\/p>\n<p>No dia seguinte, 20 de mar\u00e7o, dois astr\u00f4nomos do Observat\u00f3rio de Bras\u00f3polis (MG), Rodrigo Campos e Ren\u00e9 Laporte, fotografando o cometa Halley registram a imagem de um UFO, usando seu telesc\u00f3pio. Tal fato foi noticiado na revista Afinal, de S\u00e3o Paulo, em 15 de abril do mesmo ano<sup>(28)<\/sup>.<\/p>\n<p>No dia 24 de mar\u00e7o, o senhor Jos\u00e9 Magalh\u00e3es e o comerciante Divino Lima observaram um objeto luminoso na regi\u00e3o de Fazenda Cachoeira, zona rural de Santa Isabel (RJ). O avistamento ocorreu por volta de 20 horas<sup>(45)<\/sup>.<\/p>\n<p>No dia seguinte, 25 de mar\u00e7o, os policiais militares Luiz Alberto de Ara\u00fajo e Jos\u00e9 Carlos do Rego Neto trafegavam, em sua viatura, pela estrada que liga Santa Isabel \u00e0 Conservat\u00f3ria, no Estado do Rio de Janeiro. Por volta das 19h30 avistaram um aparelho em forma de disco, que tinha luzes coloridas ao redor de sua fuselagem e que desapareceu rapidamente. Curiosamente, a bateria do ve\u00edculo mostrou-se descarregada, logo ap\u00f3s o avistamento <sup>(45)<\/sup>.<\/p>\n<div id=\"attachment_6068\" style=\"width: 802px\" class=\"wp-caption aligncenter\"><img aria-describedby=\"caption-attachment-6068\" loading=\"lazy\" class=\"wp-image-6068 size-full\" src=\"https:\/\/www.fenomenum.com.br\/novo\/wp-content\/uploads\/2022\/04\/003-Copia.jpg\" alt=\"\" width=\"792\" height=\"820\" \/><p id=\"caption-attachment-6068\" class=\"wp-caption-text\">(Superior esquerdo) Dona Terezinha Marlene de Oliveira; (superior direito) Sr. Luiz Os\u00f3rio Gomes; (\u00e0 esquerda) Jo\u00e3o Batista de Ara\u00fajo Lopes e o Sr. Sebasti\u00e3o Pereira Barbosa, o Natalino. Todos testemunhas de fatos ufol\u00f3gicos em Santa Isabel do Rio Preto (RJ), em Mar\u00e7o de 1986.<\/p><\/div>\n<p>&nbsp;<\/p>\n<p>Em 26 de mar\u00e7o, outro UFO foi observado no bairro Humait\u00e1, no Rio de Janeiro (RJ), por volta das 20h00. O objeto, que mudava de forma e cores, foi avistado durante cinco minutos por Marco Ant\u00f4nio Fernandes<sup>(28)<\/sup>.<\/p>\n<div id=\"attachment_6065\" style=\"width: 702px\" class=\"wp-caption aligncenter\"><img aria-describedby=\"caption-attachment-6065\" loading=\"lazy\" class=\"wp-image-6065 size-full\" src=\"https:\/\/www.fenomenum.com.br\/novo\/wp-content\/uploads\/2022\/04\/001.jpg\" alt=\"\" width=\"692\" height=\"483\" \/><p id=\"caption-attachment-6065\" class=\"wp-caption-text\">Desenho do objeto observado por Marco Antonio Fernandes, em 26 de mar\u00e7o de 1986, \u00e0s 20 horas. Cr\u00e9ditos: Irene Granchi<\/p><\/div>\n<p>&nbsp;<\/p>\n<p>Por fim, em 30 de mar\u00e7o, v\u00e1rios moradores da regi\u00e3o da Tijuca, no Rio de Janeiro (RJ), observaram um UFO, que emitia intenso flash, cruzando o c\u00e9u da regi\u00e3o<sup>(28)<\/sup>.<\/p>\n<h3>Abril<\/h3>\n<p>No m\u00eas de abril houve o aparecimento de um UFO nas proximidades da cidade de Paraibuna (SP). No dia 3 de abril, um UFO foi observado, por volta das 18h00 nas proximidades da Vila Militar, no Rio de Janeiro (RJ). O objeto dividiu-se em duas partes, sendo que uma subiu verticalmente, enquanto outra desceu aproximando-se de um ve\u00edculo onde estavam as quatro testemunhas<sup>(28)<\/sup>.<\/p>\n<p>Em 13 de abril, o uf\u00f3logo e capit\u00e3o da For\u00e7a A\u00e9rea Brasileira, Bas\u00edlio Baranoff e seu filho observaram um objeto voador luminoso, de cor amarelada na regi\u00e3o de S\u00e3o Jos\u00e9 dos Campos (SP). O objeto, que foi observado por volta das 18h30, tinha aspecto cintilante e permaneceu por mais de 15 minutos sobre a regi\u00e3o. O avistamento repetiu-se nos dias seguintes, com v\u00e1rias outras testemunhas<sup>(44)<\/sup>.<\/p>\n<p>Dias depois, por volta da meia noite de 19 de abril, um UFO, que emitia um feixe de luz azulada, foi observado pela psic\u00f3loga Mar\u00edlia Accioli e seu filho Cl\u00e1udio, na regi\u00e3o do Jardim Bot\u00e2nico, no Rio de Janeiro (RJ). Inicialmente, o objeto permaneceu est\u00e1tico sobre a regi\u00e3o, emitindo luz de cor avermelhada. Posteriormente ele mudou de cor e adquiriu um formato triangular, com colora\u00e7\u00e3o variando entre vermelho, verde e amarela<sup>(28)<\/sup>.<\/p>\n<p>Por fim, \u00e0s 21h50 de 30 de abril, v\u00e1rios plotes desconhecidos surgiram nas telas de radares do CINDACTA I, em Bras\u00edlia (DF). Os objetos apresentavam velocidade constante, por\u00e9m com varia\u00e7\u00f5es bruscas de dire\u00e7\u00e3o. O fato foi gravado a partir das telas de radares meteorol\u00f3gicos do Guama (DF)<sup>(17)<\/sup>.<\/p>\n<p>&nbsp;<\/p>\n<p>&nbsp;<\/p>\n<h3>Maio<\/h3>\n<p>Em 4 de maio de 1986, v\u00e1rios objetos voadores luminosos, com cores variando entre vermelha e azul, com aspecto cintilante, foram observados nas proximidades de Cumbica, em Guarulhos (SP)<sup>(44)<\/sup>. Dias depois, em 12 de maio, pilotos e controladores da Base A\u00e9rea de An\u00e1polis (GO) observam um objeto voador luminoso, que sobrevoava uma \u00e1rea 4 milhas ao norte de e apresentava colora\u00e7\u00e3o variando entre branco e vermelho, com luz intensa e baixa velocidade. Toda a observa\u00e7\u00e3o durou aproximadamente 10 minutos, sendo tamb\u00e9m confirmado visualmente pela aeronave PT-RCC, que voava nas proximidades da regi\u00e3o<sup>(19)<\/sup>.<\/p>\n<div id=\"attachment_6069\" style=\"width: 1090px\" class=\"wp-caption aligncenter\"><img aria-describedby=\"caption-attachment-6069\" loading=\"lazy\" class=\"wp-image-6069 size-full\" src=\"https:\/\/www.fenomenum.com.br\/novo\/wp-content\/uploads\/2022\/04\/joao-de-deus-o-imperio-1.jpg\" alt=\"\" width=\"1080\" height=\"810\" srcset=\"https:\/\/www.fenomenum.com.br\/novo\/wp-content\/uploads\/2022\/04\/joao-de-deus-o-imperio-1.jpg 1080w, https:\/\/www.fenomenum.com.br\/novo\/wp-content\/uploads\/2022\/04\/joao-de-deus-o-imperio-1-400x300.jpg 400w, https:\/\/www.fenomenum.com.br\/novo\/wp-content\/uploads\/2022\/04\/joao-de-deus-o-imperio-1-650x488.jpg 650w, https:\/\/www.fenomenum.com.br\/novo\/wp-content\/uploads\/2022\/04\/joao-de-deus-o-imperio-1-250x188.jpg 250w, https:\/\/www.fenomenum.com.br\/novo\/wp-content\/uploads\/2022\/04\/joao-de-deus-o-imperio-1-768x576.jpg 768w, https:\/\/www.fenomenum.com.br\/novo\/wp-content\/uploads\/2022\/04\/joao-de-deus-o-imperio-1-150x113.jpg 150w, https:\/\/www.fenomenum.com.br\/novo\/wp-content\/uploads\/2022\/04\/joao-de-deus-o-imperio-1-50x38.jpg 50w, https:\/\/www.fenomenum.com.br\/novo\/wp-content\/uploads\/2022\/04\/joao-de-deus-o-imperio-1-100x75.jpg 100w, https:\/\/www.fenomenum.com.br\/novo\/wp-content\/uploads\/2022\/04\/joao-de-deus-o-imperio-1-200x150.jpg 200w, https:\/\/www.fenomenum.com.br\/novo\/wp-content\/uploads\/2022\/04\/joao-de-deus-o-imperio-1-300x225.jpg 300w, https:\/\/www.fenomenum.com.br\/novo\/wp-content\/uploads\/2022\/04\/joao-de-deus-o-imperio-1-350x263.jpg 350w, https:\/\/www.fenomenum.com.br\/novo\/wp-content\/uploads\/2022\/04\/joao-de-deus-o-imperio-1-450x338.jpg 450w, https:\/\/www.fenomenum.com.br\/novo\/wp-content\/uploads\/2022\/04\/joao-de-deus-o-imperio-1-500x375.jpg 500w, https:\/\/www.fenomenum.com.br\/novo\/wp-content\/uploads\/2022\/04\/joao-de-deus-o-imperio-1-550x413.jpg 550w, https:\/\/www.fenomenum.com.br\/novo\/wp-content\/uploads\/2022\/04\/joao-de-deus-o-imperio-1-800x600.jpg 800w\" sizes=\"(max-width: 1080px) 100vw, 1080px\" \/><p id=\"caption-attachment-6069\" class=\"wp-caption-text\">Aeronave prefixo PT-RCC, envolvida nos eventos ufol\u00f3gicos de 4 de maio de 1986. Na \u00e9poca, a aeronave pertencia ao m\u00e9dium Jo\u00e3o de Deus. N\u00e3o se tem informa\u00e7\u00f5es se ele estava presente a bordo no momento do avistamento.<\/p><\/div>\n<p>&nbsp;<\/p>\n<p>Dias depois, em 17 de maio, um objeto voador luminoso, de cor amarelada, foi observado durante 15 minutos, no bairro Freguesia, no Rio de Janeiro (RJ)<sup>(28)<\/sup>. Neste mesmo dia, ao final da tarde, dois irm\u00e3os observaram dois objetos luminosos, de cor violeta, amarela e vermelha sobrevoando sua fazenda, na regi\u00e3o de Paquivira, em Macaparana, Pernambuco<sup>(53)<\/sup>.<\/p>\n<p>No dia seguinte, 18 de maio, ocorreu um novo avistamento, tamb\u00e9m no Rio de Janeiro (RJ). A testemunha, Dra. \u00c2ngela Strohscneider, observou, por volta das 3h30 da madrugada, objetos esf\u00e9ricos, de cor amarela ou dourada, evoluindo em forma\u00e7\u00e3o, sobre a regi\u00e3o do Jardim Bot\u00e2nico. Algumas horas mais tarde, \u00e0s 9h12, outra testemunha, Marcelo Viana, observou dois objetos voadores, um deles em forma de pi\u00e3o, deslocando-se da regi\u00e3o da Tijuca para o bairro Sumar\u00e9, tamb\u00e9m nos c\u00e9us da capital carioca<sup>(28)<\/sup>.<\/p>\n<div id=\"attachment_6067\" style=\"width: 1034px\" class=\"wp-caption aligncenter\"><img aria-describedby=\"caption-attachment-6067\" loading=\"lazy\" class=\"wp-image-6067 size-large\" src=\"https:\/\/www.fenomenum.com.br\/novo\/wp-content\/uploads\/2022\/04\/002-1024x427.jpg\" alt=\"\" width=\"1024\" height=\"427\" \/><p id=\"caption-attachment-6067\" class=\"wp-caption-text\">Desenho retratando o avistamento da Dra. Angela Strochneider, ocorrido em 18 de mar\u00e7o de 1986, no Rio de Janeiro. Cr\u00e9ditos: Irene Granchi<\/p><\/div>\n<p>&nbsp;<\/p>\n<p>O dia seguinte, 19 de maio, ocorreu a grande revoada de UFOs sobre territ\u00f3rio nacional, sendo testemunhados por militares da For\u00e7a A\u00e9rea Brasileira, pilotos civis e numerosas testemunhas em terra, nos estados de S\u00e3o Paulo, Rio de Janeiro e Goi\u00e1s. Os avistamentos come\u00e7aram por volta das 18h00, na regi\u00e3o de S\u00e3o Jos\u00e9 dos Campos (SP). No Rio de Janeiro, por volta das 19h00, tendo como testemunha a estilista Sonia Grumbach, que observou um objeto voador luminoso que deslocava-se aos saltos, em grande velocidade<sup>(28)<\/sup>. O mesmo fen\u00f4meno foi observado pelo ent\u00e3o Comandante do 4\u00ba Comando A\u00e9reo Regional, Brigadeiro S\u00f3crates Monteiro, que da janela do seu apartamento em Copacabana, observou junto \u00e0 sua esposa, um objeto brilhante que manobrava sobre o mar.<\/p>\n<p>Conforme a noite avan\u00e7ava, aumentava a aten\u00e7\u00e3o e a agita\u00e7\u00e3o no CINDACTA, tanto na divis\u00e3o de Tr\u00e1fego A\u00e9reo quanto na divis\u00e3o de Defesa A\u00e9rea. Douglas Avedikian era um dos operadores do CINDACTA I, de servi\u00e7o na noite de 19 de maio de 1986. Ele conta que entre 20h15 e 20h30 um avi\u00e3o Bandeirante, da companhia TAM e que fazia a rota Londrina \u2013 S\u00e3o Paulo, chamou o Centro Bras\u00edlia perguntando se havia algum tr\u00e1fego essencial, ou seja, vindo em dire\u00e7\u00e3o ao avi\u00e3o e j\u00e1 relativamente pr\u00f3ximo. Como n\u00e3o havia qualquer alvo desconhecido no radar, na regi\u00e3o indicada, o operador informou que nada havia de estranho. O piloto insistiu que havia um objeto aproximando-se do avi\u00e3o, em aparente rota de colis\u00e3o, vindo \u00e0 sua frente, \u00e0 direita.<\/p>\n<p>O controlador aumentou a defini\u00e7\u00e3o do radar, na localiza\u00e7\u00e3o da aeronave e continuou sem obter registros de qualquer sinal n\u00e3o identificado na posi\u00e7\u00e3o informada. Em seguida, o piloto, em p\u00e2nico, informou que o misterioso objeto estava passando rapidamente \u00e0 sua frente, tendo ao seu redor v\u00e1rias luzes que giravam muito r\u00e1pido e que logo desapareceu em alta velocidade. Pouco depois, outra aeronave, desta vez da TransBrasil, que fazia a rota Guarulhos-Bras\u00edlia, informou que estava avistando o mesmo tipo de fen\u00f4meno, sobre a regi\u00e3o de Arax\u00e1 (MG). Tais luzes estavam passando \u00e0 frente do avi\u00e3o, seguindo em dire\u00e7\u00e3o \u00e0 Bras\u00edlia (DF). N\u00e3o demorou muito e o ACC-BS come\u00e7ou a receber liga\u00e7\u00f5es de v\u00e1rias torres de controle dentro de sua \u00e1rea de jurisdi\u00e7\u00e3o. A Torre de Controle de Pirassununga questionou ao CINDACTA se os radares captavam alguma movimenta\u00e7\u00e3o diferente no c\u00e9u, sobre a cidade, onde est\u00e1 instalada a Academia da For\u00e7a A\u00e9rea (AFA), importante centro de forma\u00e7\u00e3o de pilotos. A Torre de Controle de Ribeir\u00e3o Preto (SP), por sua vez, questionou se Bras\u00edlia estava captando uma esp\u00e9cie de clar\u00e3o muito grande no c\u00e9u, na regi\u00e3o da cidade. Em ambos os casos, os radares n\u00e3o identificaram nada de anormal.<\/p>\n<p>Em Guaratinguet\u00e1 (SP), 2 mil militares que faziam forma\u00e7\u00e3o no p\u00e1tio da Escola de Especialistas da Aeron\u00e1utica (EEAR), testemunharam um blackout, seguido do aparecimento de v\u00e1rios objetos luminosos que cruzaram sobre o base. Outras instala\u00e7\u00f5es militares, em Pirassununga (SP), Taubat\u00e9 (SP), Resende (RJ) e a pr\u00f3pria sede do CINDACTA I, em Bras\u00edlia, tamb\u00e9m foram sobrevoados por objetos luminosos n\u00e3o identificados.<\/p>\n<p>Entre 21 horas e 21h30, o avi\u00e3o Xingu PT-MBZ aproximou-se de S\u00e3o Jos\u00e9 dos Campos (SP), tendo a bordo o Coronel Osiris Silva e o comandante Acyr Pereira. Seguindo as orienta\u00e7\u00f5es dos operadores de tr\u00e1fego a\u00e9reo, os pilotos tentaram, por quatro vezes, perseguir as estranhas luzes sobre a regi\u00e3o do Vale do Para\u00edba. Embora eles tivessem contato visual com tais objetos foi imposs\u00edvel aproximar-se deles para tentar identifica-los.<\/p>\n<p>Por volta das 23h10, foi a vez do Dr. Silvio Giglio, que observou objetos luminosos movimentando-se em zig-zag sobre a regi\u00e3o do bairro da Penha<sup>(28)<\/sup>. Eles eram esf\u00e9ricos, apresentavam cor amarela, verde, azul e vermelha. N\u00e3o muito longe dali, outra testemunha, Andr\u00e9 Moura, p\u00f4de observar um objeto luminoso que pairava est\u00e1tico sobre o litoral carioca. Repentinamente, um ca\u00e7a da For\u00e7a A\u00e9rea Brasileira tentou aproximar-se do objeto que acelerou afastando-se rapidamente da aeronave<sup>(1)<\/sup>. Em Bras\u00edlia (DF), o cantor e compositor Jos\u00e9 Dantas observou um objeto voador luminoso, de cor amarelada, descendo sobre um morro<sup>(24)<\/sup>.<\/p>\n<div id=\"attachment_6066\" style=\"width: 677px\" class=\"wp-caption aligncenter\"><img aria-describedby=\"caption-attachment-6066\" loading=\"lazy\" class=\"wp-image-6066 size-full\" src=\"https:\/\/www.fenomenum.com.br\/novo\/wp-content\/uploads\/2022\/04\/001-Copia.jpg\" alt=\"\" width=\"667\" height=\"565\" \/><p id=\"caption-attachment-6066\" class=\"wp-caption-text\">Desenho retratando a forma\u00e7\u00e3o de OVNIs, observada pelo Doutor Silvio Giglio, em 19 de maio de 1986, no Rio de Janeiro (RJ). Cr\u00e9ditos: Irene Granchi<\/p><\/div>\n<p>&nbsp;<\/p>\n<p>Na madrugada do dia 20 de maio, tripulantes de um avi\u00e3o cargueiro depara-se com um UFO, durante um voo entre Guarulhos e o Gale\u00e3o. O UFO observado era luminoso, deslocava-se a uma velocidade estimada de Mach 5 e foi registrado por radares do Cindacta 1, em Bras\u00edlia (DF). Ao longo do dia, outros avistamentos ocorreram.<\/p>\n<p>Em Ribeir\u00e3o Pires (SP), v\u00e1rios moradores dos bairros Santa Luzia observaram objetos luminosos no c\u00e9u. Entre as testemunhas destas apari\u00e7\u00f5es est\u00e1 Carlos Airton da Silva, na ocasi\u00e3o morando na rua Colorado, que observou, por volta das 20 horas, uma grande bola luminosa que mudava de cor, do vermelho para o amarelo, e que movimentava-se continuamente, para a esquerda e para a direita<sup>(53)<\/sup>. Nesse mesmo hor\u00e1rio, um objeto voador luminoso era avistado e captado pelos radares da FAB, novamente sobre a cidade de S\u00e3o Jos\u00e9 dos Campos (SP). Entre as testemunhas est\u00e3o controladores de voo e pilotos que voavam sobre a regi\u00e3o. Outra aeronave, um avi\u00e3o comercial voando entre Belo Horizonte e Uberl\u00e2ndia deparou-se com um UFO luminoso, de forma arredondada. O objeto, que emitia luz nas cores vermelha, verde e branca, foi testemunhado pelos tripulantes e por 27 passageiros da aeronave<sup>(23, 53)<\/sup>.<\/p>\n<p>No dia seguinte, 21 de maio, por volta das 14h00, um novo avistamento aconteceu, desta vez no Bairro \u00c1lvaro Wayne, em Fortaleza, Cear\u00e1. V\u00e1rios membros de uma mesma fam\u00edlia observaram um grande objeto, com tamanho estimado entre 150 e 200 metros de di\u00e2metro, com forma vari\u00e1vel e cor chumbo. O aparelho realizava movimentos laterais e desapareceu em alta velocidade. Quase no mesmo hor\u00e1rio, um objeto semelhante foi observado a partir do aeroporto de Teresina (PI)<sup>(28, 53)<\/sup>. \u00c0s 19h00 do mesmo dia, Kleber Alonso, Alexandre e Jos\u00e9 Wilker Ramos observam um objeto voador esf\u00e9rico, de apar\u00eancia leitosa sobre a regi\u00e3o de Ipuassu (SP)<sup>(28)<\/sup>. Meia hora depois, por volta das 19h30, Maria L\u00facia dos Santos, moradora da Rua Nepal, no bairro Capuava, em Santo Andr\u00e9 (SP), observou, junto com seu marido, outro objeto luminoso, que piscava continuamente e girava em torno de seu pr\u00f3prio eixo<sup>(53)<\/sup>. \u00c0 noite, Jos\u00e9 Ant\u00f4nio Lima observou, por volta das 19 horas, um objeto intensamente luminoso, que deslocava-se em zig-zag, em alt\u00edssima velocidade, sobre a cidade de Maring\u00e1, Paran\u00e1<sup>(53)<\/sup>. Em outro bairro, Jardim Liberdade, um grupo de crian\u00e7as que brincava no local, ficaram impressionados com a evolu\u00e7\u00e3o do objeto. Quase no mesmo hor\u00e1rio, um UFO foi avistado e filmado na zona oeste do Rio de Janeiro<sup>(30)<\/sup>.<\/p>\n<p>Pouco depois, nos primeiros minutos da quinta-feira, 22 de maio, v\u00e1rias pessoas, em pontos diferentes da cidade de Blumenau (SC), assistiram as evolu\u00e7\u00f5es de v\u00e1rios objetos luminosos sobre a cidade. Durante 5 minutos, tais luzes sobrevoaram a regi\u00e3o da prefeitura, sendo testemunhados por clientes da lanchonete Blu-Lanches<sup>(53)<\/sup>. Horas mais tarde, outra autoridade foi testemunha de um OVNI. Era o Superintendente da Policia Federal, Delegado Romeu Tuma, a bordo de um avi\u00e3o da Transbrasil, voando de Bras\u00edlia (DF) para S\u00e3o Paulo (SP), que da &#8220;cabine da tripula\u00e7\u00e3o&#8221; p\u00f4de, durante 15 min, acompanhar as evolu\u00e7\u00f5es do objeto que se deslocava com velocidade superior a 2.000 km por hora<sup>(53)<\/sup>.<\/p>\n<p>Mais tarde, naquele mesmo dia, outro avistamento, desta vez a 200 quil\u00f4metros de Belo Horizonte e a 15 quil\u00f4metros do munic\u00edpio de Concei\u00e7\u00e3o do Mato Dentro, na Serra do Cip\u00f3, entre os vilarejos de Tabuleiro (MG) e Rio Preto (MG). De madrugada, por volta das 3h45, um morador local Joaquim Ferreira de Aguiar (conhecido por Joaquim El\u00f3i), de 69 anos de idade e seus 8 filhos, foi acordado por um forte clar\u00e3o que entrava pelas frestas das paredes toscas de sua casa . Saindo da casa, a uns 30 metros de seu terreiro (p\u00e1tio), ele avistou um objeto aterrissado no ch\u00e3o que, atrav\u00e9s de um foco de luz, iluminava toda a regi\u00e3o. As testemunha ouviram vozes metalizadas, comunicando-se em uma linguagem desconhecida. Ap\u00f3s trinta minutos, o objeto decolou, emitindo ru\u00eddo, aumentando sua luminosidade e alterando sua cor para verde. Aproximadamente naquele mesmo hor\u00e1rio mas a 1 quil\u00f4metro de dist\u00e2ncia, um fen\u00f4meno foi observado pelo casal Santos, Paulo da Silva (25 anos) e Geralda Ferreira (de 30 anos). Naquela madrugada, os dois caminhavam pela estrada, dirigindo-se ao local indicado para o recadastramento eleitoral. Foi quando viram a aproxima\u00e7\u00e3o em disparada de imenso farol, vindo da dire\u00e7\u00e3o da resid\u00eancia de El\u00f3i. O farol chegou a bater nos fios de alta tens\u00e3o, &#8220;na encruzilhada de acesso aos dois povoados&#8221;, Tabuleiro e Rio Preto, onde o casal se achava. &#8220;Todas as luzes da regi\u00e3o apagaram-se&#8221;, menos a tal luminosidade do objeto e a da lanterna el\u00e9trica de Paulo e Geralda. Os dois correram para a casa mais pr\u00f3xima, pertencente a um senhor chamado Pedro. Mas, cegados pela luz, em p\u00e2nico, ficaram enroscados e machucados pelos fios da cerca de arame da casa do Sr. Pedro. O farol permaneceu ainda por alguns minutos sobre o casal, que se manteve agachado. Depois de a luz ter se apagado, foi poss\u00edvel enxergar no objeto uma roda menor, bem no meio da qual se via uma esp\u00e9cie de inscri\u00e7\u00e3o ou n\u00fameros<sup>(53)<\/sup>.<\/p>\n<p>Na noite de 22 de maio, um OVNI foi novamente observado sobre a cidade de Maring\u00e1, Paran\u00e1. O cinegrafista J. B. Siqueira (Foguinho) conseguiu filmar de dois pontos diferentes, um objeto luminoso, avermelhado, que piscava sem parar. A primeira tomada nas proximidades do Parque de Exposi\u00e7\u00f5es, e a segunda perto da torre da TV Globo. O v\u00eddeo chegou a ser mostrado no programa Fant\u00e1stico, dias depois<sup>(23, 30, 53)<\/sup>.<\/p>\n<p>Ainda na noite de 22 de maio, ocorreu outro avistamento, desta vez envolvendo uma aeronave comercial que havia decolado de Bras\u00edlia (DF) para Salvador (BA). O avistamento ocorreu por volta da 1 hora da madrugada, quando a aeronave estava a 14 mil metros de altitude. Novamente, um objeto luminoso foi observado e captado pelo radar da aeronave. Horas mais tarde, por volta das 14h30, surgiu um objeto voador desconhecido nas telas de radares da Base A\u00e9rea de An\u00e1polis (GO). Por volta das 23h30, novos alvos desconhecidos surgem nas telas dos radares em An\u00e1polis<sup>(17)<\/sup>. Neste caso tamb\u00e9m houve registro em v\u00eddeo das telas de radar, entre meia noite e 1h00, j\u00e1 no dia 23 de maio. Mais ou menos no mesmo hor\u00e1rio, ocorreu um avistamento em Blumenau (SC). V\u00e1rias pessoas pela cidade observaram v\u00e1rios objetos voadores luminosos sobrevoando a cidade durante v\u00e1rios minutos<sup>(53)<\/sup>. No Jardim Bot\u00e2nico, no Rio de Janeiro, um grupo de pessoas em uma festa, observaram um objeto luminoso esf\u00e9rico, sobrevoando a regi\u00e3o do Sumar\u00e9 <sup>(28)<\/sup>.<\/p>\n<p>\u00c0s 19h30, ocorreu novo avistamento de um disco voador na regi\u00e3o de Taboleiro (MG). Tal fato repetiu-se \u00e0s 22h00, tendo sido testemunhado por v\u00e1rias pessoas<sup>(53)<\/sup>. \u00c0s 20h10, em Bras\u00edlia (DF), um objeto voador, de formato circular e brilho amarelado foi observado sobre a cidade<sup>(10)<\/sup>. A cidade do Rio de Janeiro tamb\u00e9m seria visitada naquela noite. Por volta das 21h00, um objeto voador luminoso foi observado sobre a regi\u00e3o do bairro Jacarepagu\u00e1, emitindo luzes que variavam entre verde e vermelha<sup>(28)<\/sup>. Minutos depois, o objeto foi observado sobrevoando a regi\u00e3o do Corcovado e logo em seguida a cidade de Niter\u00f3i (RJ). O fato foi notificado \u00e0 For\u00e7a A\u00e9rea Brasileira, que registrou o fato<sup>(10)<\/sup>.\u00a0Ainda neste dia, em S\u00e3o Jos\u00e9 dos Campos, por volta das 21h30 v\u00e1rias pessoas observaram um objeto voador luminoso cruzando os c\u00e9us da cidade<sup>(44)<\/sup>. Ocorreram avistamentos tamb\u00e9m na regi\u00e3o de Santos (SP), e moradores da cidade entraram em contato com a Base A\u00e9rea de Santa Cruz, no Rio de Janeiro, relatando o fato<sup>(10)<\/sup>. Pouco depois, operadores do aeroporto Dr. Leite Lopes, de Ribeir\u00e3o Preto, relatarem ao CINDACTA, a presen\u00e7a de OVNIs sobre a regi\u00e3o.<\/p>\n<p>No come\u00e7o da madrugada de 24 de maio, v\u00e1rios pessoas observam um objeto voador luminoso evoluindo sobre a cidade do Rio de Janeiro (RJ), Santos (SP) e Florian\u00f3polis (SC)<sup>(53)<\/sup>. \u00c0s 21h20, daquele mesmo dia, radares registram a presen\u00e7a de um alvo desconhecido sobre a cidade do Rio de Janeiro (RJ)<sup>(17)<\/sup>.<\/p>\n<p>Horas mais tarde, nos primeiros minutos da madrugada de 25 de maio, cinco pessoas, em pontos diferentes da Itacuru\u00e7\u00e1, observam um objeto voador circular, de aproximadamente 20 metros de di\u00e2metro sobrevoar a cidade. Duas bi\u00f3logas e um m\u00e9dico, que pescavam na regi\u00e3o das ilhas Tropicais, observaram o aparelho, que sobrevoou a menos de 30 metros acima de suas cabe\u00e7as. Segundo uma das testemunhas, o objeto quando aproximou-se do grupo parecia enorme, do tamanho de uma casa de dois andares. Ele apresentava uma base girat\u00f3ria e uma faixa central, que girava no sentido oposto. A parte superior foi pouco observada, devido ao \u00e2ngulo de observa\u00e7\u00e3o, mas parte inferior apresentava um tri\u00e2ngulo com sali\u00eancia em dois lados e era contornado por um c\u00edrculo do qual partiam nervuras em toda a sua volta, parecendo met\u00e1licas. Seu brilho era fosco emanando cores que variavam do laranja ao violeta. Quando se afastou emitiu um brilho intenso, seguindo em dire\u00e7\u00e3o ao mar. O fato voltou a se repetir na madrugada do dia seguinte, por volta das 1h30<sup>(28)<\/sup>.<\/p>\n<p>Ainda no dia 25, o vigia Ant\u00f4nio Alves Ferreira era abduzido novamente, em Mirassol (SP) [<a href=\"https:\/\/www.fenomenum.com.br\/abducao-em-mirassol\/\" target=\"_blank\" rel=\"noopener\">Mais informa\u00e7\u00f5es sobre o caso<\/a>].<\/p>\n<p>Em 26 de maio, por volta das 14h30, quatro pessoas observaram cinco objetos voadores cintilantes, que emitiam luzes de cor branca e prateada, sobre a cidade de Bras\u00edlia (DF)<sup>(10)<\/sup>.<\/p>\n<p>Os pr\u00f3ximos avistamentos, inclu\u00eddos naquela onda, ocorreram \u00e0s 20h00, de 27 de maio, e tiveram lugar na Serra do Cip\u00f3. Dois funcion\u00e1rios da prefeitura de Concei\u00e7\u00e3o do Mato Dentro, o motorista Sebasti\u00e3o Lopes de Freitas e o ajudante Jos\u00e9 Geraldo de Almeida, viajavam de caminh\u00e3o pela regi\u00e3o de Tabuleiro. Repentinamente, uma luz, da qual sa\u00edam fagulha luminosas, surgiu sobre o ve\u00edculo acompanhando-os at\u00e9 entrada da cidade de Concei\u00e7\u00e3o do Mato Dentro, ainda em Minas Gerais. Durante a observa\u00e7\u00e3o, Sebasti\u00e3o notou que indicadores do painel do ve\u00edculo, antes engui\u00e7ados, funcionaram perfeitamente, ao mesmo tempo em que o ve\u00edculo perdia rendimento e velocidade.<\/p>\n<p><em>&#8220;At\u00e9 nas descidas e retas foi necess\u00e1rio engatar a primeira marcha para garantir o seu avan\u00e7o&#8221;.<\/em><\/p>\n<p>O ajudante Jos\u00e9 Geraldo informou que uma esp\u00e9cie de nuvem fraquinha cercava a luz do objeto, quando esta diminu\u00eda de intensidade, e quando recolhia seus fachos. Tamb\u00e9m na base do facho de luz dirigido ao caminh\u00e3o, Geraldo percebeu uma esp\u00e9cie de cruz, que tamb\u00e9m foi observada nos relatos dos moradores, em dias anteriores<sup>(53)<\/sup>.<\/p>\n<p>Na noite de ter\u00e7a-feira, 27 de maio, metade da popula\u00e7\u00e3o (cerca de 150 pessoas testemunhas) do bairro rural Boa Pastora, de Londrina, a 5 Km de Bandeirantes , observaram objetos luminosos por aproximadamente meia hora. Uma das testemunhas ligou os far\u00f3is de um trator e direcionou-os aos objetos, que imediatamente apagaram suas luzes. Ao desligar os far\u00f3is, os objetos luminosos voltaram a manobrar sobre a regi\u00e3o<sup>(53)<\/sup>.<\/p>\n<p>Ainda neste dia, uma aeronave comercial, operando o voo TF402, que decolou do aeroporto de Congonhas (SP) para o aeroporto de Varginha (MG), deparou-se com um objeto intensamente luminoso quando se encontrava nas proximidades de Bragan\u00e7a (SP). O objeto foi captado por radares, juntamente com a aeronave e deslocava-se a 813 n\u00f3s (1505,68 Km\/h). Pouco depois, o voo Varig 256, indo de Guarulhos (SP) para Confins (MG), deparou-se com o mesmo objeto na regi\u00e3o de Bragan\u00e7a (SP). O objeto, que emitia luz nas cores verde, vermelha e amarela, acompanhou a aeronave at\u00e9 o seu destino. Embora os radares de Bras\u00edlia (DF) e Belo Horizonte (MG) n\u00e3o tenham captado a presen\u00e7a do objeto junto \u00e0 aeronave, ele foi confirmado visualmente pelo operador da torre, Sargento Marco Aur\u00e9lio<sup>(17)<\/sup>. Mais ou menos no mesmo hor\u00e1rio, aproximadamente 150 pessoas observaram v\u00e1rios objetos voadores luminosos sobre a cidade de Londrina (PR). O avistamento durou aproximadamente 30 min.<\/p>\n<p>Em 28 de maio, UFOs s\u00e3o avistados \u00e0s 18h50, sobre o bairro do Leblon e \u00e0s 20h20 sobre o Flamengo, no Rio de Janeiro<sup>(28)<\/sup>. Houve avistamentos tamb\u00e9m em Monte Verde (MG), \u00e0s 19h45 e em S\u00e3o Paulo (SP), \u00e0s 20h00. Em todos os casos, os objetos descritos eram luminosos.<\/p>\n<p>No dia seguinte, 29 de maio, objetos voadores luminosos foram vistos em Florian\u00f3polis (0h15), Bras\u00edlia (19h20)<sup>(53)<\/sup>, S\u00e3o Jos\u00e9 dos Campos (21h10), S\u00e3o Paulo (22h30) e Santos (SP). O caso ocorrido em S\u00e3o Paulo (SP) envolveu uma equipe de reportagem, que gravava um comercial no alto do pr\u00e9dio do Banco do Estado de S\u00e3o Paulo, na Av. S\u00e3o Jo\u00e3o. A equipe observou e filmou um objeto multicolorido que ficou parado sobre a regi\u00e3o da Serra da Mantiqueira, nas proximidades da cidade de S\u00e3o Paulo (SP). Este objeto e outros que estavam em uma regi\u00e3o pr\u00f3xima foram captados por radares da For\u00e7a A\u00e9rea Brasileira<sup>(17, <\/sup><sup>30)<\/sup>. Em determinado momento, os objetos seguiram em dire\u00e7\u00e3o ao litoral, aproximando-se um outro objeto colossal que tamb\u00e9m era captado nos radares da FAB. Este objeto teria aproximadamente 11 quil\u00f4metros de extens\u00e3o e era avistado por moradores da cidade de Santos (SP). Os operadores testemunharam a aproxima\u00e7\u00e3o dos objetos menores junto ao maior, havendo jun\u00e7\u00e3o de plotes, indicando que tais objetos entraram no objeto maior, que em seguida desapareceu<sup>(31)<\/sup>.<\/p>\n<div id=\"attachment_6070\" style=\"width: 892px\" class=\"wp-caption aligncenter\"><img aria-describedby=\"caption-attachment-6070\" loading=\"lazy\" class=\"wp-image-6070 size-full\" src=\"https:\/\/www.fenomenum.com.br\/novo\/wp-content\/uploads\/2022\/04\/maio-e-junho.jpg\" alt=\"\" width=\"882\" height=\"720\" \/><p id=\"caption-attachment-6070\" class=\"wp-caption-text\">Mapa do Brasil, com indica\u00e7\u00e3o dos locais de avistamento ufol\u00f3gico durante a onda de 1986 (exceto os avistamentos de 19 e 20 de maio).<\/p><\/div>\n<h3><\/h3>\n<h3>Junho<\/h3>\n<p>O primeiro avistamento registrado ocorreu na noite de 2 de junho, quando um objeto voador esf\u00e9rico e luminoso foi observado sobre Bras\u00edlia (DF). O objeto emitia fachos luminosos nas cores vermelho e verde<sup>(53)<\/sup>. No dia seguinte, por volta das 21h40 moradores do conjunto residencial Parigot de Sousa, em Curitiba (PR), observaram um objeto voador luminoso, de cor avermelhada, realizando manobras sobre a regi\u00e3o<sup>(53)<\/sup>. Quase no mesmo hor\u00e1rio, um UFO pousou em um s\u00edtio nas proximidades da cidade de Passa Tempo (MG)<sup>(53)<\/sup>.<\/p>\n<p>No dia 4 de junho, um objeto voador luminoso foi observado por volta das 12h20, em Montes Claros (MG), por um piloto da companhia Cruzeiro do Sul<sup>(31, 53)<\/sup>. O objeto era extremamente brilhante. \u00c0s 17h45, um pequeno disco voador sobrevoou um ve\u00edculo trafegando em uma avenida de Curitiba (PR). Em seguida, tal objeto pairou por alguns minutos sobre um terreno baldio ao lado de um hospital e em seguida desaparecendo em alta velocidade em dire\u00e7\u00e3o \u00e0 Serra do Mar<sup>(53)<\/sup> [<a href=\"https:\/\/www.fenomenum.com.br\/o-caso-do-cajuru\/\">Saiba mais sobre esse caso clicando aqui<\/a>]. No come\u00e7o da noite, outro avistamento ocorreu, na desembocadura do rio Amazonas, na ba\u00eda de Guajar\u00e1, sendo testemunhado por um grande n\u00famero de pessoas aglomeradas na amurada do cais do mercado &#8220;Ver-o-Peso&#8221;, em Bel\u00e9m. O jornalista Porf\u00edrio da Rocha, do jornal &#8220;A Prov\u00edncia do Par\u00e1&#8221;, fotografou v\u00e1rias vezes o objeto em duas ocasi\u00f5es. A primeira do Boulevard Castilho Fran\u00e7a e depois do alto do pr\u00e9dio do jornal &#8220;O Liberal. O objeto, inicialmente intensamente luminoso, fazia pequenos movimentos circulares, sempre voltando \u00e0 sua posi\u00e7\u00e3o inicial. Sua cor variava entre o amarelo e o vermelho, ora reduzindo sua luminosidade, voltando ao normal pouco depois. O objeto desapareceu sobre a localidade de Bacarena<sup>(53)<\/sup>. Por volta das 20h00, um outro disco voador foi observado em Bandeirantes (PR)<sup>(18)<\/sup>.<\/p>\n<p>No dia 5 de junho, v\u00e1rios UFOs foram novamente registrados nas proximidades do aeroporto de Montes Claros (MG). As manobras dos objetos foram testemunhados por aproximadamente 20 pessoas por uma hora e meia<sup>(17)<\/sup>. Na Ilha de Paquet\u00e1, no Rio de Janeiro, foi observado um objeto grande, luminoso<sup>(28)<\/sup>. Em Curitiba, o CINDACTA II registrou v\u00e1rios objetos voadores, que foram confirmados visualmente por diferentes pessoas na cidade. O COMDA foi acionado, por\u00e9m nenhum ca\u00e7a foi enviado para intercepta\u00e7\u00e3o<sup>(44)<\/sup>.<\/p>\n<div id=\"attachment_6071\" style=\"width: 970px\" class=\"wp-caption aligncenter\"><img aria-describedby=\"caption-attachment-6071\" loading=\"lazy\" class=\"wp-image-6071 size-full\" src=\"https:\/\/www.fenomenum.com.br\/novo\/wp-content\/uploads\/2022\/04\/doc-1986.jpg\" alt=\"\" width=\"960\" height=\"720\" \/><p id=\"caption-attachment-6071\" class=\"wp-caption-text\">A Aeron\u00e1utica manteve forte vigil\u00e2ncia naquele per\u00edodo, registrando v\u00e1rios casos ufol\u00f3gicos em relat\u00f3rios oficiais.<\/p><\/div>\n<p>&nbsp;<\/p>\n<p>Em 7 de junho, quatro objetos voadores luminosos foram observados em Mangaratiba (RJ)<sup>(28)<\/sup>. Na mesma data, em Mirassol (SP), ocorreu uma nova abdu\u00e7\u00e3o de Ant\u00f4nio Carlos Ferreira.<\/p>\n<p>Em 12 de junho, \u00e0s 20h00h, uma aeronave comercial, voando entre Campinas (SP) e Vit\u00f3ria (RJ), deparou-se com dois objetos voadores de cor branca avermelhada, que voaram em ala com a aeronave. Pouco depois, um piloto de ca\u00e7a da For\u00e7a A\u00e9rea Brasileira avista um objeto voador luminoso de cor verde, vermelha, amarela e branca, acompanhando a aeronave. O ca\u00e7a parte em persegui\u00e7\u00e3o ao objeto que desaparece rapidamente. O objeto foi avistado tamb\u00e9m por outro ca\u00e7a naquela mesma noite<sup>(17)<\/sup>. No dia seguinte, dois UFOs luminosos s\u00e3o observados pr\u00f3ximo \u00e0 S\u00e3o Jos\u00e9 dos Campos (SP), voando a baixa altura<sup>(44)<\/sup>.<\/p>\n<p>Por volta da meia noite de 14 de junho, ocorreu a abdu\u00e7\u00e3o de Bete e D\u00e9bora, no Bairro Itaquera, em S\u00e3o Paulo (SP).<\/p>\n<p>Em 15 de junho, por volta das 8h00 da manh\u00e3, v\u00e1rias pessoas na cidade de Mirassol (SP), observam v\u00e1rios objetos voadores luminosos, de grandes dimens\u00f5es, evoluindo sobre a cidade<sup>(28)<\/sup>.<\/p>\n<p>\u00c0s 20h39, de 24 de junho, um alvo desconhecido aparece na tela de radar da Base A\u00e9rea de An\u00e1polis ao mesmo tempo objeto voador \u00e9 avistado por um piloto de ca\u00e7a em miss\u00e3o nas proximidades da Base. O ca\u00e7a acelerou a Mach 1.2, em persegui\u00e7\u00e3o ao objeto que rapidamente acelerou at\u00e9 sumir da tela de radar do ca\u00e7a. A acelera\u00e7\u00e3o do objeto foi tanta que a dist\u00e2ncia entre aeronave e ca\u00e7a passou de 8 milhas para 20 milhas em apenas 5 segundos<sup>(17)<\/sup>.<\/p>\n<h3>Agosto<\/h3>\n<p>Para o m\u00eas de julho n\u00e3o temos nenhum caso registrado, o que n\u00e3o quer dizer que n\u00e3o tenham ocorrido casos naquele per\u00edodo. Em agosto, encerrou-se onda ufol\u00f3gica iniciada em mar\u00e7o.\u00a0 O primeiro caso registrado ocorreu no dia 3, por volta das 18h30, em Vinhedo (SP), onde nove pessoas avistaram seis UFOs seguindo em dire\u00e7\u00e3o \u00e0 Campinas (SP)<sup>(16)<\/sup>.<\/p>\n<p>Em 5 de agosto, por volta das 19h46, um objeto voador circular foi observado por pilotos da aeronave PT-JTZ, em voo entre Rio de Janeiro (RJ) e Uberaba (MG). O UFO tinha grandes dimens\u00f5es, forma arredondada, cor branca e era intensamente iluminado<sup>(20)<\/sup>.<\/p>\n<p>Por volta das 18h50, de 12 de agosto, o navio brasileiro Renata, navegando de Rostok, Alemanha, para o Rio de Janeiro, depara-se um UFO luminoso a 77 milhas de dist\u00e2ncia da costa brasileira. Pouco depois o navio Patr\u00edcia observa um grande UFO circular, envolto em uma nebulosidade azul, seguindo rumo norte, em alta velocidade<sup>(21)<\/sup>. Naquela mesma noite, quatro aeronaves comerciais, em pontos diferentes relataram a presen\u00e7a de um objeto voador luminoso nas proximidades de Bras\u00edlia (DF)<sup>(16)<\/sup>.<\/p>\n<p>No dia 18 de Agosto, por volta das 22h14, v\u00e1rias pessoas observam um objeto voador luminoso sobre o Rio de Janeiro (RJ).<\/p>\n<p>Na noite de 21 de Agosto, por volta das 23h00, populares come\u00e7aram a telefonar para as emissoras de r\u00e1dio de S\u00e3o Vicente (SP), relatando que um OVNI estava sendo observado na regi\u00e3o da Pedreira. O objeto chegou a pousar, causando p\u00e2nico aos moradores, que procuraram a Delegacia de Pol\u00edcia, pedindo provid\u00eancias<sup>(49)<\/sup>.<\/p>\n<p>Na madrugada de 23 de Agosto, tamb\u00e9m por volta das 23h00, dezenas de pessoas, moradoras de Vicente de Carvalho, viram dois objetos ovalados no c\u00e9u. Um dos objetos, tinha visualmente metade do tamanho da Lua e brilhava intensamente, mudando continuamente de cor. Ao redor do objeto havia pequenas luzes multicoloridas, que piscavam de forma intermitente<sup>(49)<\/sup>.<\/p>\n<p>Em 27 de Agosto, por volta das 21h00, um voo comercial, com destino \u00e0 Uberaba (MG) deparou-se com v\u00e1rios UFOs que acompanharam o seu voo. Quarenta minutos depois, a aeronave PP-EFC deparou-se com um UFO, de formato ovalado que o acompanhou por aproximadamente 40 minutos nas proximidades de Uberaba (MG). Durante o avistamento, ouve troca de sinais luminosos entre a aeronave e o UFO. Todos os 13 passageiros da aeronave testemunharam o evento<sup>(16, 20)<\/sup>.<\/p>\n<p>Na madrugada de 29 de agosto, \u00e0s 5h10, o voo VASP 285, entre S\u00e3o Lu\u00eds (MA) e Rio de Janeiro (RJ), deparou-se com UFOs, que n\u00e3o foram registrados por radar<sup>(16)<\/sup>.<\/p>\n<p>Por fim, esta onda ufol\u00f3gica encerrou-se com alguns avistamentos relatados \u00e0 For\u00e7a A\u00e9rea, nos dias 21 e 22 de setembro de 1986. \u00c0s 21h15, de 21 de setembro, pilotos de duas aeronaves avistaram objetos luminosos, durante voos entre Rio de Janeiro e S\u00e3o Paulo. Logo depois, outra aeronave, fazendo um voo entre Rio de Janeiro e Bras\u00edlia relatou a presen\u00e7a de luzes acompanhando o avi\u00e3o. A FAB realizou grava\u00e7\u00f5es das telas de radares para posterior investiga\u00e7\u00e3o do incidente. Nas primeiras horas da madrugada do dia 22, duas outras aeronaves, um Bandeirante, da For\u00e7a A\u00e9rea Brasileira em voo entre S\u00e3o Jos\u00e9 dos Campos e Rio de Janeiro, e um avi\u00e3o da TransBrasil, voando entre Rio de Janeiro e Bras\u00edlia, relataram a presen\u00e7a de um UFO luminoso, sobre a regi\u00e3o serrana do Estado do Rio de Janeiro<sup>(15)<\/sup>.<\/p>\n<p>O ultimo avistamento ocorreu em 22 de setembro, por volta das 19h25, quando v\u00e1rias pessoas observaram um objeto brilhante, de cor branca e prateada, fazer movimentos err\u00e1ticos sobre um posto de fiscaliza\u00e7\u00e3o da Pol\u00edcia Rodovi\u00e1ria Federal, nas proximidades de Valpara\u00edzo (GO). O fato tamb\u00e9m comunicado \u00e0 For\u00e7a A\u00e9rea Brasileira, que registrou o caso.<\/p>\n<p>A onda ufol\u00f3gica de 1986 come\u00e7ou no m\u00eas de Mar\u00e7o e se alastrou pelo pa\u00eds, diminuindo em Julho, ressurgindo em Agosto e encerrou-se definitivamente em Setembro daquele ano. Assim como surgiu se encerrou sem que se soubesse o seu real motivo. Tampouco foi poss\u00edvel identificar a origem ou inten\u00e7\u00e3o das intelig\u00eancias que operavam tais equipamentos.<\/p>\n<p>Da mesma forma, \u00e9 imposs\u00edvel determinar o n\u00famero exato de ocorr\u00eancias e testemunhas envolvidas, ou mesmo os locais onde esses casos ocorreram.<\/p>\n<p>&nbsp;<\/p>\n<p><img loading=\"lazy\" class=\"aligncenter wp-image-6274 size-large\" src=\"https:\/\/www.fenomenum.com.br\/novo\/wp-content\/uploads\/2022\/04\/propaganda-noite-oficial-1-1024x576.jpg\" alt=\"\" width=\"1024\" height=\"576\" \/><\/p>\n<p>&nbsp;<\/p>\n<h2>Refer\u00eancias:<\/h2>\n<hr \/>\n<ol>\n<li>Arquivos CIPEX<\/li>\n<li>CAMARGO, Jackson Luiz. Noite Oficial dos UFOs no Brasil. Curitiba: Revista UFO, 2021.<\/li>\n<li>BA\u00c8RE, Mauro. UFOs e Extraterrestres: Uma Jornada em Busca da Verdade. S\u00e3o Paulo: Editora Brilho coletivo, 2021.<\/li>\n<li>PETIT, Marco Antonio. Um Mergulho na Ufologia Militar Brasileira. Campo Grande: Revista UFO, 2007.<\/li>\n<li>CAMARGO, Jackson Luiz. REVELA\u00c7\u00c3O: A Noite Oficial dos UFOs no Brasil. Revista UFO, n\u00ba 287, p. 26 \u00e0 38, Fevereiro de 2022.<\/li>\n<li>CAMARGO, Jackson Luiz. Um novo olhar sobre a espantosa onda ufol\u00f3gica brasileira de 1986. Revista UFO, n\u00ba 235, p. 42 \u00e0 50, Junho de 2016.<\/li>\n<li><a href=\"https:\/\/www.fenomenum.com.br\/documentos\/brasil\/noite\/1099244_12715.pdf\" target=\"_blank\" rel=\"noopener\">Of\u00edcio n\u00ba 008\/CMDO\/C-138, de 2 de junho de 1986, assinado pelo Comandante Interino do CODa, Brigadeiro Jos\u00e9 Pessoa Cavalcanti de Albuquerque, contendo o relat\u00f3rio final de investiga\u00e7\u00e3o dos fatos ocorridos na noite de 19 de maio de 1986. Arquivo em PDF, contendo 8 p\u00e1ginas (3.36 MB).<\/a><\/li>\n<li><a href=\"https:\/\/www.fenomenum.com.br\/documentos\/brasil\/noite\/1099258_12102.pdf\" target=\"_blank\" rel=\"noopener\">Relat\u00f3rio Manuscrito da For\u00e7a A\u00e9rea Brasileira; Telex da Base A\u00e9rea de An\u00e1polis para o Comdabra; relat\u00f3rio de voo e relat\u00f3rio dos pilotos envolvidos. Arquivo em PDF com 27 p\u00e1ginas (9.50 MB).<\/a><\/li>\n<li><a href=\"https:\/\/www.fenomenum.com.br\/documentos\/brasil\/noite\/1099257_12094.pdf\" target=\"_blank\" rel=\"noopener\">Relat\u00f3rio do Tenente Hugo Nunes Freitas, Chefe controlador do COpM I, para o Chefe da Se\u00e7\u00e3o de Informa\u00e7\u00f5es do COpM I. Arquivo em PDF com 4 p\u00e1ginas (1.65 MB).<\/a><\/li>\n<li><a href=\"https:\/\/www.fenomenum.com.br\/documentos\/brasil\/noite\/1099247_12720.pdf\" target=\"_blank\" rel=\"noopener\">Of\u00edcio n\u00ba 07\/OOP\/C-130, de 29 de maio de 1986, com encaminhamento de documentos e grava\u00e7\u00f5es, emitido pelo Comandante do CINDACTA I para o o Comandante do COMDA. Arquivo em PDF com 11 p\u00e1ginas (3.29 MB).<\/a><\/li>\n<li><a href=\"https:\/\/www.fenomenum.com.br\/documentos\/brasil\/noite\/1099251_12724.pdf\" target=\"_blank\" rel=\"noopener\">Of\u00edcio n\u00ba 001\/SCOAM\/C-046, emitido pelo comandante da Base A\u00e9rea de An\u00e1polis, Coronel Jo\u00e3o Fares Neto, para o Comandante do COMDA, contendo quatro relat\u00f3rio, sendo de 3 pilotos de ca\u00e7a e de um controlador de voo. Arquivo em PDF com 5 p\u00e1ginas (1.95 MB).<\/a><\/li>\n<li><a href=\"https:\/\/www.fenomenum.com.br\/documentos\/brasil\/noite\/1099250_12723.pdf\" target=\"_blank\" rel=\"noopener\">Relat\u00f3rio pessoal do Capit\u00e3o M\u00e1rcio Jord\u00e3o, sobre seu voo de intercepta\u00e7\u00e3o \u00e0 OVNIs, em 19 de maio de 1986. Arquivo em PDF, com uma p\u00e1gina (421 Kb).<\/a><\/li>\n<li><a href=\"https:\/\/www.fenomenum.com.br\/documentos\/brasil\/noite\/1099249_12722.pdf\" target=\"_blank\" rel=\"noopener\">Relat\u00f3rio pessoal do Tenente Kleber Marinho, sobre seu voo de intercepta\u00e7\u00e3o \u00e0 OVNIs, em 19 de maio de 1986. Arquivo em PDF, com 2 p\u00e1ginas (362 Kb).<\/a><\/li>\n<li><a href=\"https:\/\/www.fenomenum.com.br\/documentos\/brasil\/noite\/1099258_12104.pdf\" target=\"_blank\" rel=\"noopener\">Relat\u00f3rios de voo, de ca\u00e7as que decolaram em miss\u00e3o de intercepta\u00e7\u00e3o aos OVNIs, em 19 de maio de 1986. Arquivo em PDF, com 7 p\u00e1ginas (2.14 MB)<\/a>.<\/li>\n<li><a href=\"https:\/\/www.fenomenum.com.br\/documentos\/brasil\/noite\/1099243_12714.pdf\" target=\"_blank\" rel=\"noopener\">Despacho n\u00ba 022\/A2\/C-376, relatando fatos ufol\u00f3gicos ocorridos em setembro de 1986, envolvendo pilotos da FAB. Arquivo em PDF, contendo 9 p\u00e1ginas (2.84 MB).<\/a><\/li>\n<li><a href=\"https:\/\/www.fenomenum.com.br\/documentos\/brasil\/noite\/1099242_12711.pdf\" target=\"_blank\" rel=\"noopener\">Relat\u00f3rio Mensal do COpM, de agosto de 1986, contendo transcri\u00e7\u00e3o de ocorr\u00eancias ufol\u00f3gicas registradas pelo CINDACTA I, e dois question\u00e1rios feitos \u00e0 testemunhas. Arquivo em PDF contendo 17 p\u00e1ginas (4.54 MB).<\/a><\/li>\n<li><a href=\"https:\/\/www.fenomenum.com.br\/documentos\/brasil\/noite\/1099241_12710.pdf\" target=\"_blank\" rel=\"noopener\">Of\u00edcio n\u00ba 11\/OOP\/C-199, de 14 de julho de 1986, contendo relatos, depoimentos e transcri\u00e7\u00f5es do livro do Ajudante de Chefe Controlador do COpM, envolvendo registros de OVNIs em maio e junho de 1986. Arquivo em PDF contendo 19 p\u00e1ginas (4.27 MB)<\/a><\/li>\n<li><a href=\"https:\/\/www.fenomenum.com.br\/documentos\/brasil\/noite\/1099240_12709.pdf\" target=\"_blank\" rel=\"noopener\">Informe n\u00ba 005\/SI\/86-CINDACTA II, de 5 de junho de 1986, referente \u00e0 aparecimento de OVNI pr\u00f3ximo \u00e0 cidade de Bandeirante (PR). Arquivo em PDF, com 1 p\u00e1gina (483 KB).<\/a><\/li>\n<li><a href=\"https:\/\/www.fenomenum.com.br\/documentos\/brasil\/noite\/1099248_12721.pdf\" target=\"_blank\" rel=\"noopener\">Relat\u00f3rio de avistamentos ufol\u00f3gicos registrados pela FAB nas noites seguintes \u00e0 Noite Oficial. Arquivo em PDF, com 12 p\u00e1ginas (2.63 MB).<\/a><\/li>\n<li><a href=\"https:\/\/www.fenomenum.com.br\/documentos\/brasil\/noite\/1099246_12719.pdf\" target=\"_blank\" rel=\"noopener\">Of\u00edcio n\u00ba 006\/A-2\/C-046, do Comandante do III COMAR, contendo relat\u00f3rios de avistamentos ufol\u00f3gicos na regi\u00e3o de Uberaba, em 5 e 28 de Agosto de 1986. Arquivo em PDF contendo 3 p\u00e1ginas (1.30 MB).<\/a><\/li>\n<li><a href=\"https:\/\/www.fenomenum.com.br\/documentos\/brasil\/noite\/1099256_12095.pdf\" target=\"_blank\" rel=\"noopener\">Telex contendo relato de avistamento na costa do Esp\u00edrito Santo, em agosto de 1986. Arquivo em PDF, contendo 2 p\u00e1ginas (494 KB).<\/a><\/li>\n<li><a href=\"https:\/\/www.fenomenum.com.br\/documentos\/brasil\/noite\/1099255_12686.pdf\" target=\"_blank\" rel=\"noopener\">Transcri\u00e7\u00e3o do Livro de Ocorr\u00eancia Operacional do Ajudante Chefe Controlador, com relato de avistamento de piloto de ca\u00e7a em Junho de 1986. Arquivo em PDF contendo 2 p\u00e1ginas (774 Kb).<\/a><\/li>\n<li><a href=\"https:\/\/www.fenomenum.com.br\/documentos\/brasil\/noite\/1099252_12728.pdf\" target=\"_blank\" rel=\"noopener\">Reportagens de jornal, coletadas pela FAB, sobre os eventos de 19 de maio de 1986 (1). Arquivo em PDF, contendo 4 p\u00e1ginas (6.06 MB).<\/a><\/li>\n<li><a href=\"https:\/\/www.fenomenum.com.br\/documentos\/brasil\/noite\/1099252_12727.pdf\" target=\"_blank\" rel=\"noopener\">Reportagens de jornal, coletadas pela FAB, sobre os eventos de 19 de maio de 1986 (2). Arquivo em PDF, contendo 8 p\u00e1ginas (9.34 MB).<\/a><\/li>\n<li><a href=\"https:\/\/www.fenomenum.com.br\/documentos\/brasil\/noite\/1099252_12726.pdf\" target=\"_blank\" rel=\"noopener\">Reportagens de jornal, coletadas pela FAB, sobre os eventos de 19 de maio de 1986 (3). Arquivo em PDF, contendo 5 p\u00e1ginas (8.85 MB).<\/a><\/li>\n<li><a href=\"https:\/\/www.fenomenum.com.br\/documentos\/brasil\/noite\/1986_arquivos_eua_noite_oficial.pdf\" target=\"_blank\" rel=\"noopener\">Documento do Departamento de Defesa dos Estados Unidos, emitido com base em informes da Embaixada dos Estados Unidos no Brasil. Cont\u00e9m duas p\u00e1ginas (136 KB).<\/a><\/li>\n<li>REIS, Carlos Alberto. Voltam os Discos Voadores (e com intensidade m\u00e1xima)!. Revista PSI-UFO n\u00ba 1, p. 29 \u00e0 31. Setembro de 1986.<\/li>\n<li>GRANCHI, Irene. OVNIS Entre o C\u00e9u e a Terra: N\u00e3o se tapa o Sol com a peneira!!! Revista PSI-UFO n\u00ba 1, p. 32 \u00e0 35. Setembro de 1986.<\/li>\n<li>GEVAERD, A. J. Aconteceu tudo de novo: Voltam os OVNIs! Revista Ufologia Nacional e Internacional, n\u00ba 10, p. 4 e 7. Outubro de 1986.<\/li>\n<li>COVO, Claudeir. Maio de 1986: A mobiliza\u00e7\u00e3o no c\u00e9u brasileiro. Revista Planeta: O Assunto \u00e9 Ufologia,\u00a0 n\u00ba 14, p. 12 \u00e0 23.<\/li>\n<li>AMPEU Pesquisa. OVNIs em Montes Claros &#8211; Um Espanto. Revista UFO L\u00f3gica., p.4 e 5. Outubro de 1987.<\/li>\n<li>CARMO, Alberto Francisco. FAB e OVNIs: Opini\u00e3o. Revista UFO L\u00f3gica., p.18. Outubro de 1987.<\/li>\n<li><a href=\"https:\/\/www.fenomenum.com.br\/documentos\/brasil\/noite\/Noite%20oficial%20parte1.doc\" target=\"_blank\" rel=\"noopener\">RAAD, Mariana. A Noite!: Objetos voadores n\u00e3o identificados nos c\u00e9us do Brasil. Revista For\u00e7a A\u00e9rea, Ano 11, n\u00ba 43, p.44 \u00e0 55. Junho, Julho e Agosto de 2006.<\/a><\/li>\n<li>ALBINO, Wallacy. Avi\u00f5es versus UFOs. Revista UFO, ed. 94, p. 14 \u00e0 19. Dezembro de 2003<\/li>\n<li>BOAVENTURA JR, Edison. Maio de 1986: Continua o Sil\u00eancio!. Boletim GUG, n\u00ba 40, p. e 7. Abril\/Junho de 1996.<\/li>\n<li>Coronel Ariel Sanch\u00e9z, em entrevista \u00e0 A.J. Gevaerd, publicado na Revista UFO, edi\u00e7\u00f5es 185 e 186, de Fevereiro e Mar\u00e7o de 2012.<\/li>\n<li>COVO, Claudeir. Confirmado: Os registros militares sobre a Noite Oficial dos UFOs no Brasil, de 19 de maio de 1986, coincidem com as investiga\u00e7\u00f5es realizadas por uf\u00f3logos civis sobre aquela que \u00e9 considerada a maior movimenta\u00e7\u00e3o ufol\u00f3gica do pa\u00eds. Revista UFO, ed. 111, p. 18 \u00e0 21, de Junho de 2005.<\/li>\n<li>MARTINHO, Jeferson. UFOs registrados pela Aeron\u00e1utica Brasileira. Revista UFO n\u00ba 78, p. 14 \u00e0 19. Agosto de 2001.<\/li>\n<li>\u00c9 hora de encerrar o segredo sobre os discos voadores. Revista UFO, n\u00ba 200, p. 15 \u00e0 25. Maio de 2013.<\/li>\n<li>PETIT, Marco Antonio. Invas\u00e3o: O Governo Brasileiro libera documentos secretos sobre a Noite Oficial dos UFOs no Brasil, que confirmam que uma grande frota de UFOs sobrevoou o pa\u00eds em 19 de maio de 1986. Revista UFO, n\u00ba 200, p. 44 \u00e0 51. Maio de 2013.<\/li>\n<li>PETIT, Marco Antonio. Moreira Lima faz revela\u00e7\u00f5es sobre UFOs. Revista UFO n\u00ba49, p. 12 \u00e0 16. Fevereiro de 1997.<\/li>\n<li>MARTINHO, Jeferson. Pol\u00edtica com tom ufol\u00f3gico.\u00a0 Revista UFO, n\u00ba 99, p. 12 \u00e0 15. Maio de 2004.<\/li>\n<li>Lockheed SR-71 Blackbird. Revista Asas de Guerra, n\u00ba 7, p. 134 \u00e0 137. 1997<\/li>\n<li>BARANOFF, Bas\u00edlio. Onda ufol\u00f3gica de 19\/05\/86. Revista PSI-UFO, n\u00ba 4, p; 28 \u00e0 33, de Janeiro\/Fevereiro de 1987.<\/li>\n<li>PETIT, Marco Antonio. OVNIs no Rio de Janeiro. Revista PSI-UFO, n\u00ba 3, p.11 \u00e0 15, de Novembro\/Dezembro de 1986.<\/li>\n<li>CURY, Rafael. Discos Voadores e a FAB. Revista Realismo Fant\u00e1stico n\u00ba 6,\u00a0 p. 26 \u00e0 28.\u00a0 Julho de 1995.<\/li>\n<li>PETIT, Marco Antonio. Fim do Acobertamento ufol\u00f3gico: A hora da verdade. Revista UFO, edi\u00e7\u00e3o 138, p. 16 \u00e0 19. Janeiro de 2008.<\/li>\n<li>VISONI, Rodrigo Moura. A Noite Oficial dos OVNIs. Aeromagazine, n\u00ba 301, p. 74-81. Junho de 2019.<\/li>\n<li>BOAVENTURA Jr, Edison e SANTANA, S\u00e9rgio. Noite Oficial dos OVNIs: Dez dias de invas\u00f5es nos c\u00e9us do Brasil. Revista OVNI Pesquisa, n\u00ba 2, p. 6 \u00e0 p. 11. Agosto de 2018.<\/li>\n<li>SANTANA, S\u00e9rgio. A Noite Oficial dos OVNIs. Revista OVNI Pesquisa, n\u00ba 6, p.20 \u00e0 22. Julho de 2020.<\/li>\n<li>BOAVENTURA JR, Edison. A Noite Oficial dos OVNIs. Revista OVNI Pesquisa, n\u00ba 6, p. 24. Julho de 2020.<\/li>\n<li>OLIVEIRA, Rafaela. Eventos extraordin\u00e1rios sendo tratados com descaso. Revista OVNI Pesquisa, n\u00ba 6, p. 24. Julho de 2020.<\/li>\n<li><a href=\"https:\/\/www.fenomenum.com.br\/novo\/wp-content\/uploads\/2022\/03\/B_SBEDV_168_173.pdf\" target=\"_blank\" rel=\"noopener\">Macro Efeitos da\u00a0 Micro-onda de 1986. Boletim da Sociedade Brasileira de Estudos de Discos Voadores, n\u00ba 168\/173, de Janeiro\/Dezembro de 1986.<\/a><\/li>\n<li><a href=\"https:\/\/www.tvkz.com.br\/regiao\/araxa\/ovnis-foram-vistos-em-araxa-e-uberlandia-na-noite-dos-discos\/12014\" target=\"_blank\" rel=\"noopener\">https:\/\/www.tvkz.com.br\/regiao\/araxa\/ovnis-foram-vistos-em-araxa-e-uberlandia-na-noite-dos-discos\/12014<\/a><\/li>\n<li><a href=\"https:\/\/oberhalbthoth.blogspot.com\/2018\/05\/a-noite-oficial-dos-ovnis-no-brasil_19.html\" target=\"_blank\" rel=\"noopener\">https:\/\/oberhalbthoth.blogspot.com\/2018\/05\/a-noite-oficial-dos-ovnis-no-brasil_19.html<\/a><\/li>\n<li><a href=\"https:\/\/portalcontexto.com\/anapolis-esteve-na-rota-da-noite-oficial-dos-ovnis-no-brasil-ha-35-anos\/\" target=\"_blank\" rel=\"noopener\">https:\/\/portalcontexto.com\/anapolis-esteve-na-rota-da-noite-oficial-dos-ovnis-no-brasil-ha-35-anos\/<\/a><\/li>\n<li><a href=\"https:\/\/www.bbc.com\/portuguese\/brasil-59953278\" target=\"_blank\" rel=\"noopener\">https:\/\/www.bbc.com\/portuguese\/brasil-59953278<\/a><\/li>\n<li><a href=\"https:\/\/g1.globo.com\/ciencia\/noticia\/2022\/01\/14\/a-noite-em-que-21-ovnis-invadiram-o-espaco-aereo-brasileiro-e-foram-perseguidos-por-cacas-da-fab.ghtml\" target=\"_blank\" rel=\"noopener\">https:\/\/g1.globo.com\/ciencia\/noticia\/2022\/01\/14\/a-noite-em-que-21-ovnis-invadiram-o-espaco-aereo-brasileiro-e-foram-perseguidos-por-cacas-da-fab.ghtml<\/a><\/li>\n<li><a href=\"https:\/\/economia.uol.com.br\/todos-a-bordo\/2021\/05\/18\/noite-oficial-ovnis-35-anos.htm\" target=\"_blank\" rel=\"noopener\">https:\/\/economia.uol.com.br\/todos-a-bordo\/2021\/05\/18\/noite-oficial-ovnis-35-anos.htm<\/a><\/li>\n<li><a href=\"https:\/\/www1.folha.uol.com.br\/ciencia\/2022\/01\/a-noite-em-que-21-ovnis-invadiram-o-espaco-aereo-brasileiro-e-foram-perseguidos-por-cacas-da-fab.shtml\" target=\"_blank\" rel=\"noopener\">https:\/\/www1.folha.uol.com.br\/ciencia\/2022\/01\/a-noite-em-que-21-ovnis-invadiram-o-espaco-aereo-brasileiro-e-foram-perseguidos-por-cacas-da-fab.shtml<\/a><\/li>\n<li><a href=\"https:\/\/noticias.r7.com\/hora-7\/noite-oficial-dos-ovnis-os-misterios-do-maior-caso-ufologico-brasileiro-22032019\" target=\"_blank\" rel=\"noopener\">https:\/\/noticias.r7.com\/hora-7\/noite-oficial-dos-ovnis-os-misterios-do-maior-caso-ufologico-brasileiro-22032019<\/a><\/li>\n<li><a href=\"https:\/\/www.aereo.jor.br\/2022\/01\/16\/a-noite-em-que-21-ovnis-foram-perseguidos-por-cacas-da-forca-aerea-brasileira\/\" target=\"_blank\" rel=\"noopener\">https:\/\/www.aereo.jor.br\/2022\/01\/16\/a-noite-em-que-21-ovnis-foram-perseguidos-por-cacas-da-forca-aerea-brasileira\/<\/a><\/li>\n<li><a href=\"https:\/\/sjc.com.br\/2020\/06\/28\/noite-oficial-dos-ovnis\/\" target=\"_blank\" rel=\"noopener\">https:\/\/sjc.com.br\/2020\/06\/28\/noite-oficial-dos-ovnis\/<\/a><\/li>\n<li><a href=\"https:\/\/aventurasnahistoria.uol.com.br\/noticias\/reportagem\/noite-dos-ovinis-um-misterio-de-34-anos-nao-solucionado-pela-forca-aera-brasileira.phtml\" target=\"_blank\" rel=\"noopener\">https:\/\/aventurasnahistoria.uol.com.br\/noticias\/reportagem\/noite-dos-ovinis-um-misterio-de-34-anos-nao-solucionado-pela-forca-aera-brasileira.phtml<\/a><\/li>\n<li><a href=\"https:\/\/history.uol.com.br\/ovnis-e-misterios\/noite-oficial-dos-ovnis-continua-ser-um-dos-maiores-misterios-ufologicos-do\" target=\"_blank\" rel=\"noopener\">https:\/\/history.uol.com.br\/ovnis-e-misterios\/noite-oficial-dos-ovnis-continua-ser-um-dos-maiores-misterios-ufologicos-do<\/a><\/li>\n<li><a href=\"https:\/\/redegeek.com.br\/2017\/09\/19\/ultrageek-305-noite-oficial-dos-ovnis\/\" target=\"_blank\" rel=\"noopener\">https:\/\/redegeek.com.br\/2017\/09\/19\/ultrageek-305-noite-oficial-dos-ovnis\/<\/a><\/li>\n<li><a href=\"https:\/\/www.sjcantigamente.com.br\/34-anos-da-noite-oficial-dos-ovnis\/\" target=\"_blank\" rel=\"noopener\">https:\/\/www.sjcantigamente.com.br\/34-anos-da-noite-oficial-dos-ovnis\/<\/a><\/li>\n<li><a href=\"https:\/\/www.saindodamatrix.com.br\/noite-oficial-dos-ovnis\/\" target=\"_blank\" rel=\"noopener\">https:\/\/www.saindodamatrix.com.br\/noite-oficial-dos-ovnis\/<\/a><\/li>\n<li><a href=\"https:\/\/www.megacurioso.com.br\/ciencia\/120957-noite-dos-discos-voadores-assustou-o-brasil-ha-quase-36-anos.htm\" target=\"_blank\" rel=\"noopener\">https:\/\/www.megacurioso.com.br\/ciencia\/120957-noite-dos-discos-voadores-assustou-o-brasil-ha-quase-36-anos.htm<\/a><\/li>\n<li><a href=\"https:\/\/www.taiadaweb.com.br\/a-noite-dos-ovnis-21-ovnis-estiveram-em-sjc-e-cacapava-e-foram-perseguidos-por-cacas-da-fab\/\" target=\"_blank\" rel=\"noopener\">https:\/\/www.taiadaweb.com.br\/a-noite-dos-ovnis-21-ovnis-estiveram-em-sjc-e-cacapava-e-foram-perseguidos-por-cacas-da-fab\/<\/a><\/li>\n<li><a href=\"https:\/\/www.mundofreak.com.br\/2018\/02\/22\/mundo-freak-confidencial-190-noite-oficial-dos-ovnis\/\" target=\"_blank\" rel=\"noopener\">https:\/\/www.mundofreak.com.br\/2018\/02\/22\/mundo-freak-confidencial-190-noite-oficial-dos-ovnis\/<\/a><\/li>\n<li><a href=\"https:\/\/www.eusemfronteiras.com.br\/relatos-noite-oficial-dos-ovnis\/\" target=\"_blank\" rel=\"noopener\">https:\/\/www.eusemfronteiras.com.br\/relatos-noite-oficial-dos-ovnis\/<\/a><\/li>\n<li><a href=\"https:\/\/jws.com.br\/2022\/01\/a-noite-dos-ovnis-no-brasil-entrevista-com-ozires-silva-fundador-da-embraer\/\" target=\"_blank\" rel=\"noopener\">https:\/\/jws.com.br\/2022\/01\/a-noite-dos-ovnis-no-brasil-entrevista-com-ozires-silva-fundador-da-embraer\/<\/a><\/li>\n<li><a href=\"https:\/\/rollingstone.uol.com.br\/noticia\/ha-35-anos-noite-dos-discos-voadores-assustou-moradores-em-estados-do-brasil\/\" target=\"_blank\" rel=\"noopener\">https:\/\/rollingstone.uol.com.br\/noticia\/ha-35-anos-noite-dos-discos-voadores-assustou-moradores-em-estados-do-brasil\/<\/a><\/li>\n<li><a href=\"https:\/\/ufosfacts.org\/2021\/09\/23\/relatorio-noite-oficial-dos-ufos-ministerio-da-aeronautica\/\" target=\"_blank\" rel=\"noopener\">https:\/\/ufosfacts.org\/2021\/09\/23\/relatorio-noite-oficial-dos-ufos-ministerio-da-aeronautica\/<\/a><\/li>\n<li><a href=\"https:\/\/www.wemystic.com.br\/noite-oficial-dos-ovnis\/\" target=\"_blank\" rel=\"noopener\">https:\/\/www.wemystic.com.br\/noite-oficial-dos-ovnis\/<\/a><\/li>\n<li><a href=\"https:\/\/7minutos.com.br\/noticias\/anapolis\/anapolis-esteve-na-rota-da-noite-oficial-dos-ovnis-no-brasil-ha-35-anos\/\" target=\"_blank\" rel=\"noopener\">https:\/\/7minutos.com.br\/noticias\/anapolis\/anapolis-esteve-na-rota-da-noite-oficial-dos-ovnis-no-brasil-ha-35-anos\/<\/a><\/li>\n<li><a href=\"http:\/\/www.portalburn.com.br\/tag\/noite-oficial-dos-ovnis\/\" target=\"_blank\" rel=\"noopener\">http:\/\/www.portalburn.com.br\/tag\/noite-oficial-dos-ovnis\/<\/a><\/li>\n<li><a href=\"https:\/\/ufosfacts.wordpress.com\/2012\/06\/14\/noite-oficial-dos-ovnis-no-brasil\/\" target=\"_blank\" rel=\"noopener\">https:\/\/ufosfacts.wordpress.com\/2012\/06\/14\/noite-oficial-dos-ovnis-no-brasil\/<\/a><\/li>\n<li><a href=\"https:\/\/www.pressreader.com\/brazil\/mundo-em-foco\/20220131\/281934546367070\" target=\"_blank\" rel=\"noopener\">https:\/\/www.pressreader.com\/brazil\/mundo-em-foco\/20220131\/281934546367070<\/a><\/li>\n<li><a href=\"https:\/\/arquivoufo.com.br\/2012\/04\/19\/21-ovnis-foram-perseguidos-por-cacas-sobre-o-ceu-de-sao-paulo-1986\/\" target=\"_blank\" rel=\"noopener\">https:\/\/arquivoufo.com.br\/2012\/04\/19\/21-ovnis-foram-perseguidos-por-cacas-sobre-o-ceu-de-sao-paulo-1986\/<\/a><\/li>\n<li><a href=\"https:\/\/arquivoufo.com.br\/2017\/06\/21\/noite-oficial-dos-ovnis-e-o-caso-ufologico-mais-legitimo-do-mundo\/\" target=\"_blank\" rel=\"noopener\">https:\/\/arquivoufo.com.br\/2017\/06\/21\/noite-oficial-dos-ovnis-e-o-caso-ufologico-mais-legitimo-do-mundo\/<\/a><\/li>\n<li><a href=\"https:\/\/portalcontexto.com\/anapolis-esteve-na-rota-da-noite-oficial-dos-ovnis-no-brasil-ha-35-anos\/\" target=\"_blank\" rel=\"noopener\">https:\/\/portalcontexto.com\/anapolis-esteve-na-rota-da-noite-oficial-dos-ovnis-no-brasil-ha-35-anos\/<\/a><\/li>\n<li><a href=\"https:\/\/livrosderomancebeatrizfield.blogspot.com\/2016\/10\/curiosidades-sobre-noite-oficial-dos.html\" target=\"_blank\" rel=\"noopener\">https:\/\/livrosderomancebeatrizfield.blogspot.com\/2016\/10\/curiosidades-sobre-noite-oficial-dos.html<\/a><\/li>\n<li>SILVA, Ozires. A decolagem de um sonho: Hist\u00f3ria da Cria\u00e7\u00e3o da Embraer. S\u00e3o Paulo: Lemos Editorial, 1998.<\/li>\n<li><a href=\"https:\/\/fenomenum.com.br\/documentos\/brasil\/noite\/audios\/fita%2001%20-%201195267_54489.mp3\" target=\"_blank\" rel=\"noopener\">Grava\u00e7\u00f5es da Noite Oficial: Fita 1 &#8211; Lado A &#8211; Audio da Torre de Controle do Aeroporto de S\u00e3o Jos\u00e9 dos Campos<\/a><\/li>\n<li><a href=\"https:\/\/fenomenum.com.br\/documentos\/brasil\/noite\/audios\/fita 01 - 1195267_54490.mp3\" target=\"_blank\" rel=\"noopener\">Grava\u00e7\u00f5es da Noite Oficial: Fita 1 &#8211; Lado B &#8211; Audio da Torre de Controle do Aeroporto de S\u00e3o Jos\u00e9 dos Campos<\/a><\/li>\n<li><a href=\"https:\/\/fenomenum.com.br\/documentos\/brasil\/noite\/audios\/fita 02 - 1195268_54491.mp3\" target=\"_blank\" rel=\"noopener\">Grava\u00e7\u00f5es da Noite Oficial: Fita 2 &#8211; Lado A &#8211; Audio da Torre de Controle do Aeroporto de S\u00e3o Jos\u00e9 dos Campos<\/a><\/li>\n<li><a href=\"https:\/\/fenomenum.com.br\/documentos\/brasil\/noite\/audios\/fita 02 - 1195268_54492.mp3\" target=\"_blank\" rel=\"noopener\">Grava\u00e7\u00f5es da Noite Oficial: Fita 2 &#8211; Lado B &#8211; Audio da Torre de Controle do Aeroporto de S\u00e3o Jos\u00e9 dos Campos<\/a><\/li>\n<li><a href=\"https:\/\/fenomenum.com.br\/documentos\/brasil\/noite\/audios\/fita 03 - 1195269_54512.mp3\" target=\"_blank\" rel=\"noopener\">Grava\u00e7\u00f5es da Noite Oficial: Fita 3 &#8211; Lado A &#8211; Audio da Torre de Controle do Aeroporto de S\u00e3o Jos\u00e9 dos Campos<\/a><\/li>\n<li><a href=\"https:\/\/fenomenum.com.br\/documentos\/brasil\/noite\/audios\/fita 03 - 1195269_54513.mp3\" target=\"_blank\" rel=\"noopener\">Grava\u00e7\u00f5es da Noite Oficial: Fita 3 &#8211; Lado B &#8211; Audio da Torre de Controle do Aeroporto de S\u00e3o Jos\u00e9 dos Campos<\/a><\/li>\n<li><a href=\"https:\/\/fenomenum.com.br\/documentos\/brasil\/noite\/audios\/fita 04 - 1195270_54508.mp3\" target=\"_blank\" rel=\"noopener\">Grava\u00e7\u00f5es da Noite Oficial: Fita 4 &#8211; Lado A &#8211; Grava\u00e7\u00e3o das Comunica\u00e7\u00f5es entre o ca\u00e7a Jaguar 98 e a Defesa A\u00e9rea<\/a><\/li>\n<li><a href=\"https:\/\/fenomenum.com.br\/documentos\/brasil\/noite\/audios\/fita 04 - 1195270_54509.mp3\" target=\"_blank\" rel=\"noopener\">Grava\u00e7\u00f5es da Noite Oficial: Fita 4 &#8211; Lado B &#8211; Grava\u00e7\u00e3o das Comunica\u00e7\u00f5es entre o ca\u00e7a Jaguar 98 e a Defesa A\u00e9rea<\/a><\/li>\n<li><a href=\"https:\/\/fenomenum.com.br\/documentos\/brasil\/noite\/audios\/fita 05 - 1195271_54510.mp3\" target=\"_blank\" rel=\"noopener\">Grava\u00e7\u00f5es da Noite Oficial: Fita 5 &#8211; Lado A &#8211; Grava\u00e7\u00e3o das Comunica\u00e7\u00f5es entre o ca\u00e7a Jambock 07 e a Defesa A\u00e9rea<\/a><\/li>\n<li><a href=\"https:\/\/fenomenum.com.br\/documentos\/brasil\/noite\/audios\/fita 05 - 1195271_54511.mp3\" target=\"_blank\" rel=\"noopener\">Grava\u00e7\u00f5es da Noite Oficial: Fita 5 &#8211; Lado B &#8211; Grava\u00e7\u00e3o das Comunica\u00e7\u00f5es entre o ca\u00e7a Jambock 07 e a Defesa A\u00e9rea<\/a><\/li>\n<li><a href=\"https:\/\/fenomenum.com.br\/documentos\/brasil\/noite\/audios\/fita 06 - 1195272_54493.mp3\" target=\"_blank\" rel=\"noopener\">Grava\u00e7\u00f5es da Noite Oficial: Fita 6 &#8211; Lado A &#8211; Grava\u00e7\u00e3o das Comunica\u00e7\u00f5es entre o ca\u00e7a Jaguar-116 e a Defesa A\u00e9rea<\/a><\/li>\n<li><a href=\"https:\/\/fenomenum.com.br\/documentos\/brasil\/noite\/audios\/fita 06 - 1195272_54493.mp3\" target=\"_blank\" rel=\"noopener\">Grava\u00e7\u00f5es da Noite Oficial: Fita 6 &#8211; Lado B &#8211; Grava\u00e7\u00e3o das Comunica\u00e7\u00f5es entre o ca\u00e7a Jaguar-116 e a Defesa A\u00e9rea<\/a><\/li>\n<li><a href=\"https:\/\/fenomenum.com.br\/documentos\/brasil\/noite\/audios\/fita 07 - 1195273_54495.mp3\" target=\"_blank\" rel=\"noopener\">Grava\u00e7\u00f5es da Noite Oficial: Fita 7 &#8211; Lado A &#8211; Grava\u00e7\u00f5es telef\u00f4nicas diversas<\/a><\/li>\n<li><a href=\"https:\/\/fenomenum.com.br\/documentos\/brasil\/noite\/audios\/fita 08 - 1195274_54496.mp3\" target=\"_blank\" rel=\"noopener\">Grava\u00e7\u00f5es da Noite Oficial: Fita 8 &#8211; Lado A &#8211; Grava\u00e7\u00e3o das Comunica\u00e7\u00f5es entre o ca\u00e7a Jambock- 17 e a Defesa A\u00e9rea<\/a><\/li>\n<li><a href=\"https:\/\/fenomenum.com.br\/documentos\/brasil\/noite\/audios\/fita 08 - 1195274_54497.mp3\" target=\"_blank\" rel=\"noopener\">Grava\u00e7\u00f5es da Noite Oficial: Fita 8 &#8211; Lado B &#8211; Grava\u00e7\u00e3o das Comunica\u00e7\u00f5es entre o ca\u00e7a Jambock- 17 e a Defesa A\u00e9rea<\/a><\/li>\n<li>ROCHA JR, J. S. Invas\u00e3o de Tr\u00e1fego A\u00e9reo em 1986. Revista UFO, n\u00ba 55, p. 27. Novembro de 1997.<\/li>\n<\/ol>\n","protected":false},"excerpt":{"rendered":"<p>A revoada de UFOs na chamada Noite Oficial dos OVNIs n\u00e3o foi um evento isolado. O caso faz parte de uma grande onda ufol\u00f3gica, que atingiu praticamente todo o Brasil e que iniciou-se em 19 de mar\u00e7o, aumentando de intensidade em maio e finalizando em agosto daquele ano. Foram v\u00e1rias centenas de avistamentos a partir [&hellip;]<\/p>\n","protected":false},"author":5,"featured_media":6072,"comment_status":"open","ping_status":"open","sticky":false,"template":"","format":"standard","meta":{"inline_featured_image":false},"categories":[123],"tags":[],"_links":{"self":[{"href":"https:\/\/www.fenomenum.com.br\/novo\/wp-json\/wp\/v2\/posts\/6004"}],"collection":[{"href":"https:\/\/www.fenomenum.com.br\/novo\/wp-json\/wp\/v2\/posts"}],"about":[{"href":"https:\/\/www.fenomenum.com.br\/novo\/wp-json\/wp\/v2\/types\/post"}],"author":[{"embeddable":true,"href":"https:\/\/www.fenomenum.com.br\/novo\/wp-json\/wp\/v2\/users\/5"}],"replies":[{"embeddable":true,"href":"https:\/\/www.fenomenum.com.br\/novo\/wp-json\/wp\/v2\/comments?post=6004"}],"version-history":[{"count":0,"href":"https:\/\/www.fenomenum.com.br\/novo\/wp-json\/wp\/v2\/posts\/6004\/revisions"}],"wp:featuredmedia":[{"embeddable":true,"href":"https:\/\/www.fenomenum.com.br\/novo\/wp-json\/wp\/v2\/media\/6072"}],"wp:attachment":[{"href":"https:\/\/www.fenomenum.com.br\/novo\/wp-json\/wp\/v2\/media?parent=6004"}],"wp:term":[{"taxonomy":"category","embeddable":true,"href":"https:\/\/www.fenomenum.com.br\/novo\/wp-json\/wp\/v2\/categories?post=6004"},{"taxonomy":"post_tag","embeddable":true,"href":"https:\/\/www.fenomenum.com.br\/novo\/wp-json\/wp\/v2\/tags?post=6004"}],"curies":[{"name":"wp","href":"https:\/\/api.w.org\/{rel}","templated":true}]}}