{"id":6462,"date":"2022-04-22T14:55:00","date_gmt":"2022-04-22T17:55:00","guid":{"rendered":"https:\/\/www.fenomenum.com.br\/?p=6462"},"modified":"2025-04-21T16:07:37","modified_gmt":"2025-04-21T19:07:37","slug":"noiteoficial18","status":"publish","type":"post","link":"https:\/\/www.fenomenum.com.br\/novo\/noiteoficial18\/","title":{"rendered":"Noite Oficial: Desdobramentos Internacionais"},"content":{"rendered":"<p style=\"padding-left: 40px;\"><strong>Coronel da For\u00e7a A\u00e9rea do Uruguai revela: enquanto ca\u00e7as da For\u00e7a A\u00e9rea Brasileira perseguiam UFOs no Brasil, ca\u00e7as da For\u00e7a A\u00e9rea do Uruguai tamb\u00e9m perseguiam UFOs no pa\u00eds.\u00a0<\/strong><\/p>\n<hr \/>\n<table style=\"width: 100%; border-collapse: collapse; background-color: #fafafa; height: 115px;\">\n<tbody>\n<tr style=\"height: 91px;\">\n<td style=\"width: 50%; height: 91px;\"><a href=\"https:\/\/www.fenomenum.com.br\/noiteoficial17\/\"><img loading=\"lazy\" class=\"alignnone wp-image-5349 size-full\" src=\"https:\/\/www.fenomenum.com.br\/novo\/wp-content\/uploads\/2022\/03\/esquerda.png\" alt=\"\" width=\"75\" height=\"75\" \/><\/a><\/td>\n<td style=\"width: 50%; text-align: right; height: 91px;\"><a href=\"https:\/\/www.fenomenum.com.br\/noiteoficial19\/\"><img loading=\"lazy\" class=\"alignright wp-image-5348 size-full\" src=\"https:\/\/www.fenomenum.com.br\/novo\/wp-content\/uploads\/2022\/03\/direita.png\" alt=\"\" width=\"75\" height=\"75\" \/><\/a><\/td>\n<\/tr>\n<tr style=\"height: 24px;\">\n<td style=\"width: 50%; height: 24px;\"><a href=\"https:\/\/www.fenomenum.com.br\/noiteoficial17\">Artigo anterior sobre a Noite Oficial dos OVNIs<\/a><\/td>\n<td style=\"width: 50%; text-align: right; height: 24px;\"><a href=\"https:\/\/www.fenomenum.com.br\/noiteoficial19\">Pr\u00f3ximo artigo sobre a Noite Oficial<\/a><\/td>\n<\/tr>\n<\/tbody>\n<\/table>\n<hr \/>\n<p>No final do ano de 2011, o uf\u00f3logo A. J. Gevaerd esteve em visita \u00e0 sede do CRIDOVNI, um \u00f3rg\u00e3o de pesquisa ufol\u00f3gica oficial do governo do Uruguai, funcionando dentro da For\u00e7a A\u00e9rea daquele pa\u00eds, onde entrevistou o Coronel Ariel Sanchez, respons\u00e1vel pelo departamento. Ao longo da entrevista, muito reveladora, Coronel Sanchez relata que na noite de 19 de maio de 1986, a For\u00e7a A\u00e9rea do Uruguai tamb\u00e9m envolveu-se em persegui\u00e7\u00e3o \u00e0 OVNIs, com as mesmas caracter\u00edsticas daqueles documentados no Brasil, no mesmo hor\u00e1rio. A seguir, transcreveremos na \u00edntegra a entrevista, publicada nas edi\u00e7\u00f5es 185 e 186, da revista UFO.<\/p>\n<div id=\"attachment_6464\" style=\"width: 390px\" class=\"wp-caption aligncenter\"><img aria-describedby=\"caption-attachment-6464\" loading=\"lazy\" class=\"wp-image-6464 size-full\" src=\"https:\/\/www.fenomenum.com.br\/novo\/wp-content\/uploads\/2022\/04\/7fea11c2b15e84962c02d4497af0a3211533226481-1-1.jpg\" alt=\"\" width=\"380\" height=\"490\" srcset=\"https:\/\/www.fenomenum.com.br\/novo\/wp-content\/uploads\/2022\/04\/7fea11c2b15e84962c02d4497af0a3211533226481-1-1.jpg 380w, https:\/\/www.fenomenum.com.br\/novo\/wp-content\/uploads\/2022\/04\/7fea11c2b15e84962c02d4497af0a3211533226481-1-1-250x322.jpg 250w, https:\/\/www.fenomenum.com.br\/novo\/wp-content\/uploads\/2022\/04\/7fea11c2b15e84962c02d4497af0a3211533226481-1-1-150x193.jpg 150w, https:\/\/www.fenomenum.com.br\/novo\/wp-content\/uploads\/2022\/04\/7fea11c2b15e84962c02d4497af0a3211533226481-1-1-50x64.jpg 50w, https:\/\/www.fenomenum.com.br\/novo\/wp-content\/uploads\/2022\/04\/7fea11c2b15e84962c02d4497af0a3211533226481-1-1-100x129.jpg 100w, https:\/\/www.fenomenum.com.br\/novo\/wp-content\/uploads\/2022\/04\/7fea11c2b15e84962c02d4497af0a3211533226481-1-1-200x258.jpg 200w, https:\/\/www.fenomenum.com.br\/novo\/wp-content\/uploads\/2022\/04\/7fea11c2b15e84962c02d4497af0a3211533226481-1-1-300x387.jpg 300w, https:\/\/www.fenomenum.com.br\/novo\/wp-content\/uploads\/2022\/04\/7fea11c2b15e84962c02d4497af0a3211533226481-1-1-350x451.jpg 350w\" sizes=\"(max-width: 380px) 100vw, 380px\" \/><p id=\"caption-attachment-6464\" class=\"wp-caption-text\">Coronel Ariel Sanchez, militar respons\u00e1vel pela Comisi\u00f3n Receptadora y Investigadora de Denuncias de Objectos Voladores No Identificados (Cridovni), que investiga UFOs no Uruguai<\/p><\/div>\n<p>&nbsp;<\/p>\n<p>&#8212;<\/p>\n<p><strong>Voc\u00eas conduzem no Uruguai investiga\u00e7\u00f5es ufol\u00f3gicas de maneira \u00fanica, levantando ocorr\u00eancias de avistamentos e contatos de forma oficial, nos locais onde ocorrem, com a m\u00e1xima rapidez e metodologia militar. \u00c9 o que poder\u00edamos chamar de \u201cos verdadeiros Arquivo-X\u201d. Diga-nos, coronel, como \u00e9 a vida de um \u201cuf\u00f3logo oficial\u201d, algu\u00e9m que tem a Ufologia como uma miss\u00e3o militar?<\/strong>\u00a0Levamos uma vida normal, mas com muitas responsabilidades, j\u00e1 que representamos a For\u00e7a A\u00e9rea Uruguaia (FAU) nesse trabalho, ou seja, representamos o Estado Uruguaio no momento de emitir relat\u00f3rios de nossas descobertas. Na Comiss\u00e3o temos que ter certa postura para podermos nos dirigir \u00e0s testemunhas ou nos relacionarmos com a imprensa. E, sobretudo, temos que agir com imparcialidade e objetividade no manuseio da quest\u00e3o ufol\u00f3gica, para n\u00e3o estimular nem desestimular investiga\u00e7\u00f5es, e ainda demonstrar a maior seriedade poss\u00edvel no momento de transmitir a informa\u00e7\u00e3o obtida em algum trabalho de campo. N\u00e3o podemos, como representantes da FAU, sair de forma apressada fazendo relat\u00f3rios conclusivos sobre fatos que ainda exijam mais averigua\u00e7\u00f5es. Enfim, devemos ser muito comedidos em nosso trabalho, n\u00e3o para ocultar fatos, mas para bem informar o p\u00fablico \u2014 que deve ser respeitado.<\/p>\n<p><strong>Consta que foi o seu pai, tamb\u00e9m militar, quem iniciou a Cridovni, em 1979. E o senhor, desde quando est\u00e1 envolvido com as atividades da entidade? Foi por exemplo dele?<\/strong>\u00a0N\u00e3o exatamente. Estou h\u00e1 20 anos na entidade, tendo ingressado primeiramente como primeiro-tenente, convidado pelo coronel Carlos Prieto, que era o presidente da Comiss\u00e3o na \u00e9poca. Ele viu que eu tinha perfil adequado para trabalhar nessa atividade, e me deu a atribui\u00e7\u00e3o de secret\u00e1rio do \u00f3rg\u00e3o. Ou seja, comecei na Comiss\u00e3o cuidando de seus arquivos. Tive que l\u00ea-los um por um e aprender muitos casos quase que de mem\u00f3ria para depois poder trabalhar nas investiga\u00e7\u00f5es de fato e passar a responder \u00e0 imprensa sobre determinados assuntos. Como membro de uma institui\u00e7\u00e3o oficial, e ainda mais lidando com um tema com UFOs, deve-se conhec\u00ea-lo a fundo e explicar os casos que t\u00ednhamos investigado sem erros. H\u00e1 aproximadamente quatro anos sou presidente da Comiss\u00e3o, que j\u00e1 chega a 32 anos de exerc\u00edcio sem interrup\u00e7\u00e3o, desde que foi fundada, em 1979.<\/p>\n<p><strong>O que o senhor diria que \u00e9 o maior patrim\u00f4nio da Cridovni, fora, naturalmente, suas investiga\u00e7\u00f5es e conclus\u00f5es?<\/strong>\u00a0Eu diria que o que temos de mais importante s\u00e3o nossos recursos humanos. Sim, o patrim\u00f4nio humano da entidade, representado por nosso grupo de pesquisadores e analistas, \u00e9 nosso maior bem, muito al\u00e9m da tecnologia ou dos recursos estruturais ou funcionais de que dispomos para realizar nosso trabalho. O que h\u00e1 de mais importante na Comiss\u00e3o s\u00e3o seus membros, que t\u00eam as atribui\u00e7\u00f5es t\u00e9cnicas necess\u00e1rias para oferecer \u00e0 For\u00e7a A\u00e9rea Uruguaia (FAU), e consequentemente ao Governo Uruguaio, informa\u00e7\u00f5es consistentes sobre o Fen\u00f4meno UFO em nosso pa\u00eds.<\/p>\n<p><strong>Quantos casos ufol\u00f3gicos a Cridovni investigou antes que o senhor ingressasse nela, e quantos depois disso?<\/strong>\u00a0A Comiss\u00e3o tem atualmente mais de 2.200 registros de avistamentos recebidos durante os \u00faltimos 30 anos, dos quais cerca de 1.250 casos foram investigados. Isso quer dizer que nem sempre uma den\u00fancia [Relato] se transforma em uma investiga\u00e7\u00e3o, pois ele pode ter pouca informa\u00e7\u00e3o para que se abra um procedimento. Nesses casos, registramos o que aconteceu, o que foi visto, em que data e hora etc, mas havendo poucos dados para trabalhar, paramos a\u00ed. No entanto, se uma den\u00fancia \u00e9 boa, se h\u00e1 testemunhas ou evid\u00eancias consistentes, ent\u00e3o abrimos uma investiga\u00e7\u00e3o, que se transforma no que chamamos de um \u201ccaso ufol\u00f3gico\u201d.<br \/>\n<br class=\"\\&quot;Intertitulo2\\&quot;\" \/><\/p>\n<h3><span class=\"\\&quot;Intertitulo2\\&quot;\">Elevado \u201cn\u00edvel de estranheza\u201d<\/span><\/h3>\n<p><strong>Basicamente, o procedimento investigativo da Cridovni \u00e9 semelhante ao adotado por uf\u00f3logos civis?<\/strong>\u00a0Sim, e \u00e9 devido \u00e0 falta de dados mais detalhados sobre determinados acontecimentos que, das 2.200 den\u00fancias que recebemos, pouco mais de 50% foram investigadas. E desse total de 1.250 registros, temos cerca de 40 que s\u00e3o classificados como casos ufol\u00f3gicos \u2014 aqueles que ficaram sem resolu\u00e7\u00e3o, sem uma explica\u00e7\u00e3o cient\u00edfica que determinasse a natureza do objeto observado. S\u00e3o eventos n\u00e3o convencionais para os quais nosso conhecimento aeron\u00e1utico e espacial n\u00e3o tem explica\u00e7\u00e3o at\u00e9 o momento. Eles s\u00e3o bastante estranhos e peculiares, apresentam um alto n\u00edvel de estranheza e n\u00e3o nos permitem chegar a uma conclus\u00e3o.<\/p>\n<p><strong>\u00c9 um n\u00famero consider\u00e1vel de ocorr\u00eancias confirmadas, um pouco acima da m\u00e9dia mundial devido ao fato de a Cridovni trabalhar com padr\u00f5es mais rigorosos, n\u00e3o aplicados pela Ufologia Civil. Ao falar em \u201cn\u00edvel de estranheza\u201d creio que voc\u00eas trabalham com a classifica\u00e7\u00e3o de avistamentos criada pelo astr\u00f4nomo J. A. Hynek, certo?<\/strong>\u00a0A de Hynek foi a sistem\u00e1tica de classifica\u00e7\u00e3o de casos ufol\u00f3gicos que usamos inicialmente em nosso trabalho. Mas ela foi modificada e melhorada para que pud\u00e9ssemos adapt\u00e1-la \u00e0s nossas necessidades. Como se sabe, segundo Hynek, uma s\u00e9rie de fatores pode aumentar o \u201cn\u00edvel de estranheza\u201d de uma ocorr\u00eancia, assim como o \u201cn\u00edvel de credibilidade\u201d das testemunhas. Uma conjun\u00e7\u00e3o desses fatores, quando elevados, nos leva a considerar mais uma ocorr\u00eancia ufol\u00f3gica.<\/p>\n<p><strong>E desses cerca de 40 casos ufol\u00f3gicos de alto n\u00edvel de estranheza que a Cridovni pesquisou, qual o senhor poderia dizer que mais lhe chamou a aten\u00e7\u00e3o? Poderia descrev\u00ea-lo?<\/strong>\u00a0Sim. O epis\u00f3dio mais impactante que tivemos foram persegui\u00e7\u00f5es de avi\u00f5es de combate uruguaios a objetos voadores n\u00e3o identificados, especialmente uma ocorrida em 1986. Duas aeronaves militares tentaram interceptar um UFO que cortava o espa\u00e7o a\u00e9reo do pa\u00eds sem autoriza\u00e7\u00e3o e sem identifica\u00e7\u00e3o \u2014 creio que no mesmo ano e m\u00eas em que em seu pa\u00eds se deu a chamada Noite Oficial dos UFOs no Brasil, em 19 de maio de 1986 [Veja edi\u00e7\u00e3o UFO 170, agora dispon\u00edvel na \u00edntegra em ufo.com.br].<\/p>\n<p><strong>O senhor acredita que tal persegui\u00e7\u00e3o se deu no Uruguai como parte do mesmo fen\u00f4meno que ocorria no Brasil, quando mais de 20 UFOs esf\u00e9ricos e com cerca de 100 m de di\u00e2metro congestionaram os radares de v\u00e1rias capitais da Regi\u00e3o Sudeste, sendo interceptados por sete ca\u00e7as da For\u00e7a A\u00e9rea Brasileira (FAB)?\u00a0<\/strong>Tenho que verificar a data em nossos documentos, mas \u00e9 poss\u00edvel. Eram cerca de 20h30 e os dois avi\u00f5es de combate a que me referi buscaram se aproximar de um objeto que fazia evolu\u00e7\u00f5es sobre uma represa. Eles tentaram alcan\u00e7ar o UFO por duas vezes, mas sem \u00eaxito porque o objeto fez manobras evasivas a uma velocidade t\u00e3o alta que nossas aeronaves n\u00e3o tiveram chance de acompanh\u00e1-los.<\/p>\n<p><strong>Quais foram os procedimentos adotados na investiga\u00e7\u00e3o do caso?<\/strong>\u00a0Registramos todos os detalhes de voo dos avi\u00f5es, seu tempo de dura\u00e7\u00e3o, velocidade etc, e interrogamos detalhadamente os pilotos. Eram quatro aviadores em dois avi\u00f5es modelo FMA IA 58 Pucar\u00e1, um bimotor turbo\u00e9lice de combate ligeiro, de projeto e constru\u00e7\u00e3o argentina [O nome significa fortaleza em idioma qu\u00e9chua e o avi\u00e3o foi muito usado durante a Guerra das Malvinas]. Os Pucar\u00e1s alcan\u00e7am uma velocidade de 400 a 500 km\/h, mas o UFO desenvolveu uma velocidade muito maior, que estimamos em nossa investiga\u00e7\u00e3o em cerca de 1.000 km\/h, ou seja, o dobro da velocidade dos avi\u00f5es ou mais.<\/p>\n<p><strong>Al\u00e9m da extrema velocidade do UFO, ele demonstrou alguma outra particularidade que indicasse uma origem extraordin\u00e1ria?<\/strong>\u00a0Sim, um fato peculiar foi que o objeto mudou de cor ao acelerar, indo do amarelo para o laranja e depois para um tom vermelho. Ele se afastou com uma velocidade vertiginosa, at\u00e9 que se perdeu de vista. Na segunda tentativa de intercepta\u00e7\u00e3o ocorreu o mesmo processo: quando os Pucar\u00e1s se aproximavam do UFO, ele disparava a enorme velocidade no sentido oeste. Sem ter o que fazer, os pilotos desistiram da persegui\u00e7\u00e3o e retomaram.<\/p>\n<div id=\"attachment_6465\" style=\"width: 618px\" class=\"wp-caption aligncenter\"><img aria-describedby=\"caption-attachment-6465\" loading=\"lazy\" class=\"wp-image-6465 size-full\" src=\"https:\/\/www.fenomenum.com.br\/novo\/wp-content\/uploads\/2022\/04\/2-pucar-a-58-fau-1.jpg\" alt=\"\" width=\"608\" height=\"399\" srcset=\"https:\/\/www.fenomenum.com.br\/novo\/wp-content\/uploads\/2022\/04\/2-pucar-a-58-fau-1.jpg 608w, https:\/\/www.fenomenum.com.br\/novo\/wp-content\/uploads\/2022\/04\/2-pucar-a-58-fau-1-400x263.jpg 400w, https:\/\/www.fenomenum.com.br\/novo\/wp-content\/uploads\/2022\/04\/2-pucar-a-58-fau-1-250x164.jpg 250w, https:\/\/www.fenomenum.com.br\/novo\/wp-content\/uploads\/2022\/04\/2-pucar-a-58-fau-1-150x98.jpg 150w, https:\/\/www.fenomenum.com.br\/novo\/wp-content\/uploads\/2022\/04\/2-pucar-a-58-fau-1-50x33.jpg 50w, https:\/\/www.fenomenum.com.br\/novo\/wp-content\/uploads\/2022\/04\/2-pucar-a-58-fau-1-100x66.jpg 100w, https:\/\/www.fenomenum.com.br\/novo\/wp-content\/uploads\/2022\/04\/2-pucar-a-58-fau-1-200x131.jpg 200w, https:\/\/www.fenomenum.com.br\/novo\/wp-content\/uploads\/2022\/04\/2-pucar-a-58-fau-1-300x197.jpg 300w, https:\/\/www.fenomenum.com.br\/novo\/wp-content\/uploads\/2022\/04\/2-pucar-a-58-fau-1-350x230.jpg 350w, https:\/\/www.fenomenum.com.br\/novo\/wp-content\/uploads\/2022\/04\/2-pucar-a-58-fau-1-450x295.jpg 450w, https:\/\/www.fenomenum.com.br\/novo\/wp-content\/uploads\/2022\/04\/2-pucar-a-58-fau-1-500x328.jpg 500w, https:\/\/www.fenomenum.com.br\/novo\/wp-content\/uploads\/2022\/04\/2-pucar-a-58-fau-1-550x361.jpg 550w\" sizes=\"(max-width: 608px) 100vw, 608px\" \/><p id=\"caption-attachment-6465\" class=\"wp-caption-text\">Ca\u00e7as Pucar\u00e1, semelhantes aos usados em tentativas de intercepta\u00e7a\u00f5 \u00e0 OVNIs, na noite de 19 de maio de 1986, sobre o Uruguai.<\/p><\/div>\n<p>&nbsp;<\/p>\n<h3><span class=\"\\&quot;Intertitulo2\\&quot;\">O UFO brincava com os pilotos<\/span><\/h3>\n<p><strong>Por quanto tempo demorou a segunda tentativa de intercepta\u00e7\u00e3o?<\/strong>\u00a0Por poucos minutos, pois no momento em que os pilotos observavam o UFO e tentaram alcan\u00e7\u00e1-lo, logo o aparelho se evadiu do local. O curioso \u00e9 que ele acabava retornando ao mesmo ponto onde estava quando os avi\u00f5es retomavam sua rota original \u2014 era como se estivesse brincando com nossos aviadores. Em dado momento, o objeto come\u00e7ou a circular ao redor da represa. Quando nossos pilotos o viram fazendo isso, n\u00e3o puderam crer e voltaram novamente a tentar a intercepta\u00e7\u00e3o em uma manobra muito r\u00e1pida \u2014 com uns 30 ou 40 segundos de rea\u00e7\u00e3o. E o que ocorreu? O objeto, quando percebeu que os avi\u00f5es estavam se aproximando, disparou a grande velocidade no sentido oeste e mudando outra vez de cor, e n\u00e3o foi mais visto.<\/p>\n<p><strong>Impressionante. E o que se passou aos aviadores ap\u00f3s toda essa experi\u00eancia?<\/strong>\u00a0Eles cancelaram seu treinamento, pois aquele havia sido um fato muito estressante, e voltaram \u00e0 Base A\u00e9rea de Durazno [A mais importante instala\u00e7\u00e3o da For\u00e7a A\u00e9rea Uruguaia (FAU), localizada bem no meio do pa\u00eds], de onde n\u00e3o estavam longe. Ao chegarem, relataram aos oficiais o que havia sucedido. O curioso \u00e9 que, quando aterrissaram, souberam que em Montevid\u00e9u havia ocorrido um apag\u00e3o em toda a cidade por alguns minutos, devido ao superaquecimento de uma linha de transmiss\u00e3o el\u00e9trica que vinha justamente da usina el\u00e9trica localizada na represa que aquele UFO estava sobrevoando. Deixe-me acrescentar que a base de Durazno \u00e9 onde se concentram as opera\u00e7\u00f5es de treinamento de aviadores, onde h\u00e1 in\u00fameras aeronaves de v\u00e1rios tipos.<\/p>\n<p><strong>A Cridovni chegou a fazer uma associa\u00e7\u00e3o dos fatos, ou seja, do sobrevoo da represa com o apag\u00e3o em Montevid\u00e9u?<\/strong>\u00a0Sim. Cremos que aquele objeto deve ter interagido de alguma maneira com a linha de transmiss\u00e3o, levando ao seu superaquecimento. Essa \u00e9 uma suposi\u00e7\u00e3o baseada nos informes t\u00e9cnicos da empresa que proporciona a energia el\u00e9trica ao pa\u00eds, a Usinas y Trasmisiones El\u00e9ctricas (UTE). Seus t\u00e9cnicos conclu\u00edram que houve aquecimento demasiado em alguns transformadores instalados ao longo da linha de transmiss\u00e3o que alimenta a capital, e supomos que pode ter sido resultado daquela ocorr\u00eancia, pois por alguma raz\u00e3o aquele objeto estava sobre a represa \u2014 alguma coisa ele estava fazendo l\u00e1, mas n\u00e3o sabemos o qu\u00ea. Os vigilantes e oper\u00e1rios da usina do local tamb\u00e9m observaram o UFO voando ao redor da represa naquela noite \u2014 ou seja, o objeto foi visto da terra e do ar, o que n\u00e3o deixa d\u00favidas sobre sua materialidade.<\/p>\n<p><strong>O senhor conversou com os pilotos dos Pucar\u00e1s? Qual era seu estado emocional?<\/strong>\u00a0Eles estavam bastante surpresos com o que tinham visto. Cheguei a entrevistar pessoalmente os quatro pilotos, fazendo-o separadamente, um a um, como instrui nosso protocolo de investiga\u00e7\u00e3o ufol\u00f3gica, e todos os relatos coincidiam quanto \u00e0 descri\u00e7\u00e3o do objeto observado e \u00e0s manobras que efetuou. Os aviadores estavam impactados com o que viveram.<\/p>\n<p><strong>N\u00e3o \u00e9 para menos, coronel. Mas eles continuam trabalhando na For\u00e7a A\u00e9rea?<\/strong>\u00a0Dos quatro aviadores, apenas um segue trabalhando aqui na For\u00e7a A\u00e9rea.<\/p>\n<h3><span class=\"\\&quot;Intertitulo2\\&quot;\">Protocolo de intercepta\u00e7\u00e3o<\/span><\/h3>\n<p><strong>O senhor gostaria de estar no lugar deles? Qual teria sido sua rea\u00e7\u00e3o caso estivesse no comando de um daqueles avi\u00f5es?<\/strong>\u00a0Gostaria muito [Risos], mas acho que minha rea\u00e7\u00e3o tamb\u00e9m teria sido de total surpresa. Na verdade, n\u00e3o sei que atitude teria tomado naquela hora \u2014 nunca se sabe. Os avi\u00f5es envolvidos na persegui\u00e7\u00e3o eram de combate e poderia ter ocorrido algum tipo de hostilidade de qualquer uma das partes, uma rea\u00e7\u00e3o de cunho b\u00e9lico \u2014 apesar de, nesses casos, o aviador ser obrigado a solicitar ordens superiores para executar algum tipo de a\u00e7\u00e3o, como para disparar um canh\u00e3o ou um foguete. Isso tamb\u00e9m segue um protocolo no pa\u00eds. Por lei, o Uruguai n\u00e3o pode atirar contra qualquer aeronave, salvo se ordenado pelo presidente ou em situa\u00e7\u00f5es de combate real. Assim, um piloto pode at\u00e9 pensar em fazer qualquer coisa, mas est\u00e1 sujeito \u00e0s ordens superiores e ao protocolo de intercepta\u00e7\u00e3o de um ve\u00edculo n\u00e3o conhecido.<\/p>\n<p><strong>Compreendo. Al\u00e9m desse caso investigado pela Cridovni, de natureza militar, h\u00e1 algum outro que seja igualmente impactante, por\u00e9m vivido por testemunhas civis? Poderia descrev\u00ea-lo?<\/strong>\u00a0Sim, trata-se de um epis\u00f3dio ocorrido com a tripula\u00e7\u00e3o de um avi\u00e3o da For\u00e7a A\u00e9rea que, em determinada \u00e9poca, era usado para transporte regular de civis pelo continente, sendo tamb\u00e9m operado por civis. A aeronave fazia o trajeto entre Assun\u00e7\u00e3o, no Paraguai, e Montevid\u00e9u quando algo ocorreu. O caso se deu e foi investigado em 1979. Quando o avi\u00e3o j\u00e1 estava em territ\u00f3rio uruguaio, passou a ser acompanhado por uma esfera luminosa bem ao seu lado e durante boa parte do trajeto restante at\u00e9 a capital. Quando a tripula\u00e7\u00e3o viu o objeto, consultou a central de controle de tr\u00e1fego a\u00e9reo para verificar se havia algum avi\u00e3o que pudesse estar sem comunica\u00e7\u00e3o ali, causando aquele efeito, talvez uma aeronave que n\u00e3o fosse de conhecimento dos controladores. Mas a resposta foi que n\u00e3o havia qualquer avi\u00e3o naquela situa\u00e7\u00e3o por perto.<\/p>\n<p><strong>O que ocorreu em seguida? Qual foi a rea\u00e7\u00e3o do piloto da aeronave?<\/strong>\u00a0Os pilotos, comiss\u00e1rios e passageiros come\u00e7aram ent\u00e3o a observar o estranho objeto, mas n\u00e3o estavam nem um pouco contentes por terem um aparelho n\u00e3o identificado voando ao seu lado \u2014 e ficaram nervosos principalmente por causa do risco que poderia causar \u00e0 seguran\u00e7a do voo. Para ver se o objeto reagia a alguma manobra do avi\u00e3o, o piloto acendeu as luzes de aterrissagem, que s\u00e3o bastante potentes. Nesse momento, o UFO \u2014 que estava a mais ou menos 700 m de dist\u00e2ncia \u2014 se aproximou do avi\u00e3o e se colocou ao lado de sua asa esquerda. A tripula\u00e7\u00e3o se assustou ainda mais e passou a sentir imediatamente um estranho cheiro de material pl\u00e1stico queimado, como de baquelite, com que \u00e9 feito o painel de controle do avi\u00e3o. Ent\u00e3o o piloto apagou as luzes e o artefato se afastou, ou seja, mais uma vez reagiu ao est\u00edmulo dado. Podemos dizer que tais aparelhos reagem de alguma maneira \u00e0 luz.<\/p>\n<p><strong>Quanto tempo durou esse epis\u00f3dio? Houve algum dano aos equipamentos da aeronave?<\/strong>\u00a0N\u00e3o, o caso todo foi breve, durou um ou dois minutos. E foi por pouco tempo porque, no momento em que o UFO se aproximou do avi\u00e3o e todos come\u00e7aram a sentir cheiro de queimado, logo o piloto apagou as luzes de aterrissagem, que era o que atra\u00eda o estranho aparelho. N\u00e3o chegou a haver fuma\u00e7a na cabine, apenas o cheiro de pl\u00e1stico queimado. Mas foi o suficiente para que surgisse medo de que ocorreria um inc\u00eandio no painel de controle. O cheiro acabou saindo pelos dutos de ventila\u00e7\u00e3o e o objeto se afastou.<\/p>\n<p><strong>O senhor tamb\u00e9m entrevistou esse piloto e a tripula\u00e7\u00e3o do avi\u00e3o?<\/strong>\u00a0N\u00e3o. Naquela \u00e9poca eu n\u00e3o estava na Comiss\u00e3o, pois ingressei nela 10 anos depois, em 1989. Mas, evidentemente, me inteirei dos detalhes. Por exemplo, de como os passageiros haviam visto o objeto e que um deles tinha, inclusive, uma c\u00e2mera fotogr\u00e1fica. Um dos comiss\u00e1rios de bordo avisou o piloto disso, que lhe pediu para instruir o passageiro para que fizesse fotos do UFO. O fato \u00e9 que, durante certo tempo, todos observavam o objeto, enquanto o comandante tentava controlar a situa\u00e7\u00e3o para que n\u00e3o houvesse p\u00e2nico. Quando chegava a Montevid\u00e9u e o piloto pedia permiss\u00e3o para aterrissar, o UFO j\u00e1 n\u00e3o estava mais t\u00e3o perto. O avi\u00e3o desceu lentamente, atravessando uma camada de nuvens, e quando o UFO j\u00e1 podia ser avistado novamente, dentro do processo de pouso, j\u00e1 se encontrava bem distante da aeronave. Em solo, as testemunhas foram entrevistadas e os negativos da c\u00e2mera fotogr\u00e1fica foram requisitados pelas autoridades.<\/p>\n<p><strong>O que aconteceu com as fotografias? Elas foram analisadas?<\/strong>\u00a0Sim, foram analisadas e temos o relat\u00f3rio, que foi muito interessante. A conclus\u00e3o dos especialistas, embora um tanto subjetiva, \u00e9 de que o que produziu a imagem na foto foi uma fonte luminosa muito forte. Os pilotos tamb\u00e9m estranharam um objeto como aquele estar a uma altitude t\u00e3o grande, descartando a possibilidade de que pudessem ser fen\u00f4menos luminosos como plasmas ou desprendidos de alguma rede el\u00e9trica ou torre de alta tens\u00e3o, ou at\u00e9 mesmo que fosse algum tipo de plasma meteorol\u00f3gico \u2014 pois \u00e9 muito dif\u00edcil que pudesse chegar \u00e0quela altitude e reagir \u00e0s manobras de acendimento e apagamento das luzes de aterrissagem, como reagiu. O UFO n\u00e3o flutuava livremente, mas acompanhava uma aeronave a uma determinada velocidade, e esse \u00e9 um dos casos n\u00e3o convencionais que se encontram abertos nos arquivos da Comiss\u00e3o.<\/p>\n<p><strong>Certamente s\u00e3o dois casos emblem\u00e1ticos, ambos envolvendo aeronaves e tripula\u00e7\u00f5es civis e militares. Mas e os casos que envolveram civis, pessoas desconhecidas que ligaram para voc\u00eas e relataram um avistamento? Qual \u00e9 o acontecimento do g\u00eanero que mais o impactou?\u00a0<\/strong>H\u00e1 muitos casos dos quais podemos falar, alguns antigos e outros recentes, todos muito interessantes. Por exemplo, o de uma fam\u00edlia que estava em uma est\u00e2ncia do departamento [Estado] de Tacuaremb\u00f3, em tarefas dom\u00e9sticas. J\u00e1 era noite e estavam todos assistindo televis\u00e3o, antes de irem dormir, quando come\u00e7aram a notar uma interfer\u00eancia na imagem do aparelho. Logo pensaram que, como havia um pouco de vento, a antena talvez tivesse se movido ou girado. Um dos membros da fam\u00edlia saiu para checar e, ao olhar para cima, viu que a antena estava normal, mas que havia um objeto luminoso sobre a casa.<\/p>\n<p><strong>O que ocorreu em seguida? Era de fato o UFO que causava interfer\u00eancia na imagem do aparelho?<\/strong>\u00a0Aparentemente, sim. Quando todos sa\u00edram da casa, viram o artefato se movimentar em dire\u00e7\u00e3o a um campo e fazer manobras diversas. Era um objeto vermelho que se movia muito rapidamente e \u00e0 baixa altitude. Em determinado momento, a fam\u00edlia ficou amedrontada e voltou para o interior da resid\u00eancia \u2014 mas os pais e os filhos homens seguiram observando pela janela o espet\u00e1culo. O UFO se aproximou da casa, sempre indo e voltando, at\u00e9 que passou por cima da habita\u00e7\u00e3o. Nesse instante, todos ouviram um barulho forte e a antena foi como que arrancada de sua posi\u00e7\u00e3o e atirada ao ch\u00e3o. Obviamente o objeto se chocou contra ela e a derrubou.<\/p>\n<h3><span class=\"\\&quot;Intertitulo2\\&quot;\">Todos entrincheirados na casa<\/span><\/h3>\n<p><strong>Talvez a nave estivesse sendo comandada por maus pilotos&#8230;<\/strong>\u00a0Sim, maus pilotos [Risos]. Fora o barulho da antena, n\u00e3o havia outros ru\u00eddos e se ouvia apenas um pequeno zumbido que ia e voltava fora de casa. Em dado momento, temeroso de que algo pior ocorresse, o pai pegou uma arma e se prontificou a defender a fam\u00edlia. Mas dali a pouco a luz da habita\u00e7\u00e3o tamb\u00e9m foi encerrada \u2014 a fam\u00edlia tinha luz el\u00e9trica a partir de um moinho pr\u00f3ximo. Todos ficaram entrincheirados na casa, olhando pela janela aquela luz que passava para l\u00e1 e para c\u00e1. E voltaram a v\u00ea-la outra vez sobre o campo, j\u00e1 mais distante, continuando seu movimento oscilante at\u00e9 desaparecer. Naquela noite ningu\u00e9m na casa conseguiu dormir&#8230;<\/p>\n<p><strong>Houve algum tipo de evid\u00eancia f\u00edsica relevante ou marca da passagem do artefato sobre o campo?<\/strong>\u00a0No outro dia, quando os membros da fam\u00edlia sa\u00edram para percorrer o local com os pe\u00f5es que haviam chegado para trabalhar na propriedade, encontraram marcas de pasto queimado e outros fatos estranhos. O mais surpreendente foi que tamb\u00e9m havia sinal de queimado em uma pedra que existia no campo \u2014 uma grande marca circular foi formada sobre o pasto, atingindo tamb\u00e9m aquela pedra. Ora, para queimar uma pedra \u00e9 necess\u00e1ria uma quantidade substancial de calor, uma fonte aut\u00f3gena que provesse algo da ordem de 5.000 ou 6.000 graus, mas isso levaria \u00e0 completa incinera\u00e7\u00e3o do pasto, que estava apenas queimado. Como explicar isso?<\/p>\n<p><strong>Os estudiosos encontraram uma explica\u00e7\u00e3o para essa anormalidade?<\/strong>\u00a0Alguns grupos civis de Ufologia tamb\u00e9m investigaram o caso, e forneceram informa\u00e7\u00f5es \u00e0 Comiss\u00e3o. Foi uma pesquisa bastante interessante e esse \u00e9 outro caso que ficou aberto, pois nunca se determinou cientificamente o que poderia ter causado aquele efeito \u2014 inclusive, a marca de queimado permaneceu ali durante muitos anos, como v\u00e1rios integrantes da nossa entidade constataram. Esse \u00e9 um epis\u00f3dio de quase 30 anos, mas muito impactante, ocorrido justamente quando a Comiss\u00e3o havia come\u00e7ado o seu trabalho.<\/p>\n<p><strong>Esses casos que o senhor descreve s\u00e3o como certos cl\u00e1ssicos da Ufologia Mundial, que ocorreram tanto no Uruguai como no Brasil, Argentina, Chile, Fran\u00e7a, Estados Unidos etc. S\u00e3o indubit\u00e1veis. Mas qual a posi\u00e7\u00e3o da Cridovni a respeito deles? O que viram as testemunhas? Naves provenientes do espa\u00e7o exterior?<\/strong>\u00a0Essa \u00e9 justamente uma das coisas que nos frustram, porque n\u00e3o sabemos o que s\u00e3o tais objetos. Mas n\u00e3o podemos assegurar que tenham origem terrestre, que sejam um fen\u00f4meno f\u00edsico, porque nos casos que relatei \u00e9 imposs\u00edvel se obter uma explica\u00e7\u00e3o convencional, cient\u00edfica. Poder\u00edamos argumentar que se tratam do desprendimento de algum tipo de g\u00e1s em formato globular, ou de outro tipo de elemento que possa ascender e acompanhar um avi\u00e3o, ou possa ser perseguido por avi\u00f5es de combate etc. Mas essas n\u00e3o s\u00e3o explica\u00e7\u00f5es razo\u00e1veis e fisicamente aceit\u00e1veis.<\/p>\n<p><strong>Podemos dizer, ent\u00e3o, que se trata de ve\u00edculos materiais constru\u00eddos com uma tecnologia n\u00e3o existente na Terra, ou seja, de naves alien\u00edgenas?\u00a0<\/strong>Bem, o fato \u00e9 que o que ocorreu com essa fam\u00edlia em um campo de Tacuaremb\u00f3 vem se repetindo em outros locais. Esse \u00e9 um avistamento t\u00edpico, e h\u00e1 muitos outros epis\u00f3dios de artefatos de formas s\u00f3lidas, como os cl\u00e1ssicos discos voadores. Temos em nossos arquivos todos os tipos de casos que se pode encontrar na s\u00e9rie Arquivo-X. \u00c9 verdade! E n\u00e3o temos uma resposta para eles. N\u00e3o sabemos se estamos lidando com fen\u00f4menos f\u00edsicos desconhecidos ou de outra natureza. H\u00e1 hip\u00f3teses ousadas para explic\u00e1-los, como a apresentada pelo Projeto Hessdalen, na Noruega, de que se trata de microburacos negros que se formam em baixa altura na atmosfera [Veja detalhes no DVD Portal, c\u00f3digo DVD-032 da cole\u00e7\u00e3o Videoteca UFO. Confira na se\u00e7\u00e3o Shopping UFO desta edi\u00e7\u00e3o e no Portal UFO: ufo.com.br]. Mas e se forem mesmo ve\u00edculos extraterrestres? A For\u00e7a A\u00e9rea n\u00e3o descarta nada. Mas o que acontece \u00e9 que tamb\u00e9m n\u00e3o temos evid\u00eancias para poder afirmar coisa alguma.<\/p>\n<p><strong>O receio \u00e9 de se colocar uma etiqueta que diga \u201c\u00e9 isso\u201d?<\/strong>\u00a0Claro. N\u00e3o temos elementos que possam nos ajudar a determinar a natureza desses ve\u00edculos. O que podemos dizer \u00e9 que s\u00e3o casos muito estranhos e que temos que ter a porta aberta para v\u00e1rias hip\u00f3teses. H\u00e1 padr\u00f5es de comportamento muito comuns a todos os acontecimentos que pesquisamos, e por isso criamos o Centro Regional de Investigaci\u00f3n de Fen\u00f3menos Aeroespaciales y Terrestres (Crifat), essa uma entidade civil formada tamb\u00e9m por membros de fora da Aeron\u00e1utica. Vimos que h\u00e1 um padr\u00e3o em muitos desses fen\u00f4menos, que s\u00e3o iguais na Argentina, Brasil, Chile, Uruguai etc. Mas n\u00e3o sabemos o que significam. Por isso, \u00e9 bom ter contato com grupos de investiga\u00e7\u00e3o de todos os pa\u00edses, pois podemos trocar informa\u00e7\u00f5es e talvez chegar a algumas conclus\u00f5es \u2014 que sozinhos n\u00e3o poder\u00edamos alcan\u00e7ar.<\/p>\n<h3><span class=\"\\&quot;Intertitulo2\\&quot;\">O fen\u00f4meno n\u00e3o \u00e9 perigoso<\/span><\/h3>\n<p><strong>Cientistas tamb\u00e9m?<\/strong>\u00a0Sim, tamb\u00e9m \u00e9 importante que integremos mais cientistas e t\u00e9cnicos a esse trabalho, que possam cooperar com as for\u00e7as a\u00e9reas dos pa\u00edses que o desenvolvem, pois o objeto de nosso estudo \u00e9 algo que est\u00e1 no c\u00e9u \u2014 embora, pelo menos no Uruguai, n\u00e3o demonstre ser um fen\u00f4meno perigoso para o ser humano. Mas \u00e9 algo que est\u00e1 a\u00ed, que afeta nosso espa\u00e7o a\u00e9reo em algumas ocasi\u00f5es, e por isso interessa \u00e0 For\u00e7a A\u00e9rea investigar o tema de forma cient\u00edfica, t\u00e9cnica e tamb\u00e9m, \u00e9 claro, do ponto de vista militar e estrat\u00e9gico \u2014 esse \u00e9 trabalho da Comiss\u00e3o.<\/p>\n<p><strong>E qual \u00e9 a opini\u00e3o da pessoa Ariel S\u00e1nchez, n\u00e3o do coronel Ariel S\u00e1nchez, sobre o que s\u00e3o esses objetos?<\/strong>\u00a0\u00c9 muito dif\u00edcil me desvincular de minha profiss\u00e3o como militar e me manifestar como civil, porque quando emito uma opini\u00e3o, na verdade a estou fazendo como militar \u2014 as pessoas me veem apenas de uma forma. Por isso, procuro ser objetivo, mas sem estimular nem desestimular ideias que possam existir sobre o Fen\u00f4meno UFO. Penso que alguns dos casos que investigamos devem ter explica\u00e7\u00e3o cient\u00edfica, mas n\u00e3o sei qual. H\u00e1 muitas hip\u00f3teses dispon\u00edveis e eu trabalho com evid\u00eancias, pois minha cabe\u00e7a \u00e9 a de um investigador \u2014 para se poder fazer algo nesse estudo, h\u00e1 que se ter evid\u00eancias em cima da mesa, e eu as tenho analisado exaustivamente. Se entrarmos no plano das minhas convic\u00e7\u00f5es, estaremos falando de cren\u00e7as, algo mais voltado para o lado espiritual. Eu prefiro as evid\u00eancias cient\u00edficas da manifesta\u00e7\u00e3o ufol\u00f3gica, pois creio que essas me convencer\u00e3o e a todo mundo. Os UFOs n\u00e3o podem ser uma quest\u00e3o de f\u00e9 ou algo que um indiv\u00edduo quer que sejam.<\/p>\n<p><strong>O senhor acredita em vida extraterrestre mais avan\u00e7ada existindo em planetas fora do Sistema Solar?<\/strong>\u00a0Sim, creio que exista vida inteligente em outros sistemas planet\u00e1rios. No universo tem que haver outras formas de exist\u00eancia tamb\u00e9m do ponto de vista de organismos, de c\u00e9lulas, enfim. De certa forma, j\u00e1 se comprovou que em Marte existiu algum tipo de vida, e at\u00e9 \u00e1gua j\u00e1 foi encontrada l\u00e1 \u2014 como me parece que na Lua tamb\u00e9m, debaixo das camadas de terra.<\/p>\n<p><strong>Ser\u00e1 que tais esp\u00e9cies, l\u00e1 em seus mundos, tamb\u00e9m estariam se perguntando se h\u00e1 vida inteligente em outros planetas?<\/strong>\u00a0Boa quest\u00e3o! Penso que sim, porque ser\u00edamos ignorantes se f\u00f4ssemos contra as teorias levantadas por Frank Drake, como sua famosa equa\u00e7\u00e3o, e de outros que j\u00e1 aventaram a possibilidade de exist\u00eancia de m\u00faltiplas formas de vida no universo [Veja edi\u00e7\u00e3o UFO 179, agora dispon\u00edvel na \u00edntegra em ufo.com.br].<\/p>\n<p>O<strong>\u00a0senhor descreveu alguns casos ufol\u00f3gicos interessantes. Poderia explicar como se d\u00e1 o mecanismo de investiga\u00e7\u00e3o da Cridovni do princ\u00edpio ao fim, ou seja, desde o momento em que algu\u00e9m lhes d\u00e1 a informa\u00e7\u00e3o de um fato at\u00e9 a emiss\u00e3o de um relat\u00f3rio final?\u00a0<\/strong>Bem, funciona assim: uma vez recebida uma liga\u00e7\u00e3o pela central telef\u00f4nica da For\u00e7a A\u00e9rea, \u00e9 colocado em pr\u00e1tica o procedimento normal que adotamos, que \u00e9 destacar um grupo de investigadores da Comiss\u00e3o para ir ao local, entrevistar as testemunhas e recolher poss\u00edveis evid\u00eancias dos fatos. Esse grupo, normalmente composto de duas ou tr\u00eas pessoas, chega \u00e0 \u00e1rea dos acontecimentos e fala com os observadores, que oferecem seu relato e as eventuais evid\u00eancias do que se passou, como fotos, v\u00eddeos etc. Faz-se ent\u00e3o um reconhecimento do local, se \u00e9 uma regi\u00e3o arborizada, montanhosa, com rios, linhas de alta tens\u00e3o, aeroportos pr\u00f3ximos etc, para se elaborar um mapa geogr\u00e1fico \u2014 tamb\u00e9m tiramos fotografias e falamos com os vizinhos das testemunhas.<\/p>\n<p><strong>Enfim, uma t\u00edpica investiga\u00e7\u00e3o ufol\u00f3gica?<\/strong>\u00a0Exatamente. \u00c9 uma investiga\u00e7\u00e3o de estilo policial, porque se fala com as testemunhas, mas igualmente se vai \u00e0s casas dos vizinhos para se perguntar se eles tamb\u00e9m viram algo estranho que corroborem os dados \u2014 muitas vezes se levantam mais informa\u00e7\u00f5es a partir de outros observadores.<\/p>\n<p><strong>E se houve aterrissagem de um artefato voador, s\u00e3o coletadas amostras?<\/strong>\u00a0Sim. Se h\u00e1 alguma indica\u00e7\u00e3o de que possa ter havido um pouso, a aterrissagem de algo estranho, se toma amostras da marca deixada e do campo fora dela para podermos ter uma ideia dos compostos minerais ou qu\u00edmicos que existem naquele terreno. Ap\u00f3s levantarmos todas as informa\u00e7\u00f5es e evid\u00eancias dispon\u00edveis, havendo algo que se possa analisar em laborat\u00f3rio, enviamos \u00e0 Dire\u00e7\u00e3o Nacional de Mineralogia e Geografia do Uruguai. Uma equipe de l\u00e1 faz a an\u00e1lise dos materiais enviados e nos informa os resultados.<\/p>\n<p><strong>E qual \u00e9 o passo seguinte do processo investigativo da Cridovni?<\/strong>\u00a0Depois de colher toda essa informa\u00e7\u00e3o, a levamos para a mesa de trabalho do Departamento T\u00e9cnico da entidade e a avaliamos. As coisas na Comiss\u00e3o s\u00e3o bem divididas. Por exemplo, foi um grupo do Departamento Operativo quem fez o levantamento prim\u00e1rio e coletou informa\u00e7\u00f5es e evid\u00eancias, submetendo-as \u00e0s an\u00e1lises. J\u00e1 os resultados s\u00e3o tratados pelo nosso Departamento T\u00e9cnico, que avalia a investiga\u00e7\u00e3o e, se for o caso, pode pedir que se entreviste outra vez as testemunhas, para que sejam adicionados novos dados ou sejam sugeridas novas perguntas que o Departamento Operativo n\u00e3o fez naquele momento. Assim, temos a possibilidade de voltar aos observadores e buscar novas evid\u00eancias que talvez n\u00e3o tenham sido pedidas na primeira investiga\u00e7\u00e3o.<\/p>\n<h3><span class=\"\\&quot;Intertitulo2\\&quot;\">Ponto de vista aeron\u00e1utico<\/span><\/h3>\n<p><strong>Quais s\u00e3o as outras atribui\u00e7\u00f5es do Departamento Operativo da Cridovni?<\/strong>\u00a0O grupo tamb\u00e9m faz uma reconstitui\u00e7\u00e3o das circunst\u00e2ncias do avistamento do ponto de vista aeron\u00e1utico, ou seja, procuramos informa\u00e7\u00f5es sobre aeronaves militares ou civis que tenham passado pelo local, dados sobre movimenta\u00e7\u00e3o de sat\u00e9lites na zona na hora em que sucederam os fatos, informa\u00e7\u00f5es de car\u00e1ter astron\u00f4mico, meteorol\u00f3gico, geol\u00f3gico etc. Ah, claro, tamb\u00e9m tentamos saber se houve alguma manobra militar nas imedia\u00e7\u00f5es \u2014 coisa que j\u00e1 nos ocorreu algumas vezes e pode confundir as pessoas, que pensar\u00e3o tratar-se de UFOs. Enfim, se busca levantar toda a informa\u00e7\u00e3o poss\u00edvel que possa complementar a investiga\u00e7\u00e3o.<\/p>\n<p><strong>Em m\u00e9dia, quanto tempo dura uma investiga\u00e7\u00e3o, desde a primeira entrevista com as testemunhas at\u00e9 sua conclus\u00e3o final?<\/strong>\u00a0Pode durar uma semana, em geral. Depende dos fatos. Se h\u00e1 evid\u00eancias f\u00edsicas, como amostras a serem analisadas, o laborat\u00f3rio pode demorar alguns dias para nos entregar os resultados. Se temos evid\u00eancias fotogr\u00e1ficas, os t\u00e9cnicos tamb\u00e9m podem demorar mais outros dias para emitir seus laudos. \u00c0s vezes demora porque n\u00e3o temos pessoal exclusivo para fazer esses trabalhos. N\u00f3s utilizamos recursos do Estado Uruguaio, da For\u00e7a A\u00e9rea e de universidades parceiras. J\u00e1 quanto \u00e0s an\u00e1lises de imagens, temos a sorte de contar com um grupo que trabalha com fotografia a\u00e9rea na Base de Boiso Lanza, e quando necessitamos de um servi\u00e7o, lhe enviamos as evid\u00eancias fotogr\u00e1ficas.<\/p>\n<p><strong>Todo o processo de investiga\u00e7\u00e3o da Cridovni parece bem meticuloso, com v\u00e1rias fases e dupla checagem dos fatos.<\/strong>\u00a0Sim, e estimo que uma conclus\u00e3o sobre um determinado caso pode demorar entre uma semana e 10 dias. Por exemplo, h\u00e1 pouco tempo, quando a sele\u00e7\u00e3o de futebol do Uruguai chegou a Montevid\u00e9u, vinda da Copa do Mundo, durante os festejos de sua classifica\u00e7\u00e3o surgiu uma s\u00e9rie de fotos de anomalias a\u00e9reas, e elas foram todas analisadas [Veja edi\u00e7\u00e3o UFO 170, idem]. Esse trabalho nos tomou quase duas semanas, porque conforme as not\u00edcias sa\u00edam nos jornais, passaram a aparecer mais e mais fotos \u2014 tanto que, devido \u00e0 quantidade de e-mails recebidos, o servidor da Comiss\u00e3o ficou saturado. No total recebemos mais de 60 fotos, mas que n\u00e3o eram apenas daquele acontecimento, por\u00e9m de v\u00e1rios outros, em diversos lugares e \u00e9pocas. Precisamos de quase duas semanas para analisar todas.<\/p>\n<p><strong>E o que era, afinal, o objeto registrado durante a chegada da sele\u00e7\u00e3o uruguaia?<\/strong>\u00a0Com rela\u00e7\u00e3o ao que foi fotografado durante os festejos, como houve fotos obtidas de diferentes \u00e2ngulos, pudemos concluir que se tratava de um objeto conhecido, que podia ser um bal\u00e3o de nylon ou de papel. Muitos bal\u00f5es foram soltos naquela ocasi\u00e3o e confundiram as pessoas quando baixavam as fotos em seus computadores \u2014 n\u00e3o houve testemunhos diretos desse fato, apenas fotos.<\/p>\n<p><strong>Perfeito. Voltando ao seu m\u00e9todo investigativo, descreva as outras fases dos procedimentos da Cridovni, por favor?<\/strong>\u00a0Depois que temos todos os dados e informa\u00e7\u00f5es sobre um determinado caso, fazemos cinco perguntas b\u00e1sicas: 1) se h\u00e1 possibilidade de fraude por parte da testemunha; 2) se h\u00e1 possibilidade de fraude por parte de terceiros; 3) se h\u00e1 possibilidade de ilus\u00e3o psicol\u00f3gica dos envolvidos; 4) se h\u00e1 possibilidade de se tratar de um fato convencional n\u00e3o identificado pela testemunha; e 5) se h\u00e1 possibilidade de algo n\u00e3o convencional. S\u00e3o esses \u00faltimos os casos mais interessantes, e somente depois de esgotadas todas essas perguntas \u00e9 que estamos aptos para come\u00e7ar nossas an\u00e1lises de testemunhos e evid\u00eancias. Entre outras coisas, contamos com psic\u00f3logos na Comiss\u00e3o para se realizar um perfil dos observadores. Tamb\u00e9m temos astr\u00f4nomos, engenheiros, pilotos, controladores de voo, meteorologistas etc. Como j\u00e1 falei, h\u00e1 uma quantidade muito rica de recursos humanos, e de diferentes disciplinas, para que possamos avaliar cada caso. Depois de tudo isso, a documenta\u00e7\u00e3o passa ao Departamento T\u00e9cnico, que analisa e finalmente elabora um relat\u00f3rio final sobre o acontecimento.<\/p>\n<p><strong>O senhor falou que s\u00e3o duas ou tr\u00eas as pessoas escolhidas para irem a campo falar com as testemunhas. Com base em que elas s\u00e3o selecionadas? E v\u00e3o com uniforme militar?\u00a0<\/strong>Sim, v\u00e3o com uniformes e \u00e0s vezes at\u00e9 em carros militares, depende da situa\u00e7\u00e3o. Por exemplo, pode ser que me liguem em casa \u00e0s 10 horas da noite, por causa de algo que esteja ocorrendo naquele momento, e tenho que sair imediatamente. Ligo para algum oficial ou mesmo para um civil da Comiss\u00e3o para que possa me acompanhar naquela miss\u00e3o, e sa\u00edmos em uma equipe de duas ou tr\u00eas pessoas, dependendo da urg\u00eancia e da disponibilidade de pessoal naquele momento. \u00c9 importante que se diga que recebemos chamadas a qualquer instante e temos que estar preparados. Sou eu quem decide quem vai a campo, e posso nomear um oficial ou um civil da Comiss\u00e3o, ou sair eu mesmo em miss\u00e3o.<\/p>\n<h3><span class=\"\\&quot;Intertitulo2\\&quot;\">Opera\u00e7\u00f5es conjuntas<\/span><\/h3>\n<p><strong>Quantos s\u00e3o os uf\u00f3logos civis da Cridovni e o que fazem?<\/strong>\u00a0S\u00e3o v\u00e1rios antigos investigadores, alguns deles provenientes de grupos de pesquisas uruguaios, convidados para tomar parte do grupo quando ele foi criado. Nos anos 70, havia uma meia d\u00fazia de organiza\u00e7\u00f5es civis que trabalhavam com Ufologia no Uruguai, e quando a For\u00e7a A\u00e9rea formou a Comiss\u00e3o, em 1979, todos foram convidados a participar de um trabalho de investiga\u00e7\u00e3o conjunta.<\/p>\n<p><strong>Isso \u00e9 fant\u00e1stico! \u00c9 justamente o que buscamos junto \u00e0 For\u00e7a A\u00e9rea Brasileira (FAB), atrav\u00e9s de nossa campanha UFOs: Liberdade de Informa\u00e7\u00e3o J\u00e1.<\/strong>\u00a0Obrigado. Assim, no in\u00edcio, em torno de 30 pessoas da Comunidade Ufol\u00f3gica Uruguaia entraram e permanecem na Comiss\u00e3o. Mas depois o grupo diminuiu um pouco, passando a ter uns 20 pesquisadores, e hoje somos entre 12 e 18 membros entre civis e militares.<\/p>\n<p><strong>Desses, quantos s\u00e3o os civis e quantos s\u00e3o os militares?\u00a0<\/strong>Em atividade, nesse momento, somos apenas tr\u00eas militares \u2014 um tenente, um tenente-coronel e um coronel, que \u00e9 o presidente da Comiss\u00e3o, eu. Mas j\u00e1 tenho mais dois oficiais escalados para o trabalho, quando ent\u00e3o seremos cinco militares em atividade. E temos ainda mais oito pesquisadores civis, constituindo um grupo de 12 membros permanentes. Fora esses, temos tamb\u00e9m integrantes eventuais, assessores que colaboram conosco dependendo de cada caso. Por exemplo, se precisamos de an\u00e1lises fotogr\u00e1ficas, contamos n\u00e3o s\u00f3 com um grupo de analistas da For\u00e7a A\u00e9rea \u2014 que nos empresta seus membros \u2014, mas tamb\u00e9m com um engenheiro especializado em an\u00e1lises de imagens, que igualmente participa das investiga\u00e7\u00f5es. O staff permanente da Comiss\u00e3o \u00e9 de 12 pessoas, cinco oficiais e sete civis.<\/p>\n<p><strong>Quando se chega ao resultado final de uma investiga\u00e7\u00e3o ufol\u00f3gica e se descobre que o objeto observado n\u00e3o \u00e9 algo convencional, o que se faz?<\/strong>\u00a0Quando as conclus\u00f5es s\u00e3o de que a observa\u00e7\u00e3o foi causada por algo n\u00e3o convencional, o caso \u00e9 arquivado, mas fica pendente, pois n\u00e3o h\u00e1 nada que se possa fazer com ele \u2014 a menos que apare\u00e7am novas informa\u00e7\u00f5es que determinem que, afinal, se tratou de algo convencional.<\/p>\n<p><strong>Arquivadas? Mas n\u00e3o s\u00e3o justamente esses os casos mais interessantes que sobram quando se peneira todos os outros que t\u00eam poss\u00edveis explica\u00e7\u00f5es?<\/strong>\u00a0Sim, e dou um exemplo. Suponha que tenhamos um objeto triangular negro fotografado e visto pela tripula\u00e7\u00e3o de uma aeronave militar, que tenha conseguido alcan\u00e7\u00e1-lo e persegui-lo. Esse \u00e9, no momento, um caso n\u00e3o convencional. Mas imagine que depois de alguns anos descobrimos que se tratava de um avi\u00e3o experimental de alguma for\u00e7a a\u00e9rea amiga, que estava, digamos, sem comunica\u00e7\u00e3o e perdido na regi\u00e3o. Essa informa\u00e7\u00e3o pode chegar muitos anos depois e nos for\u00e7ar\u00e1 a reabrir o caso para d\u00e1-lo como esclarecido. Assim, sempre deixamos os arquivos pendentes \u00e0 espera de novas informa\u00e7\u00f5es que n\u00e3o temos no momento.<\/p>\n<p><strong>E em casos de ocorr\u00eancias n\u00e3o convencionais significativas, quem voc\u00eas t\u00eam que informar? O comandante da For\u00e7a A\u00e9rea Uruguaia (FAU), o presidente da Rep\u00fablica, enfim, algum departamento ou outro \u00f3rg\u00e3o do pa\u00eds?<\/strong>\u00a0Sim. Nesses casos, sempre informamos os fatos ao comandante da For\u00e7a A\u00e9rea, pois nossa Comiss\u00e3o est\u00e1 subordinada a ele e tenho que lhe relatar qualquer coisa que ocorra no pa\u00eds e que envolva a arma \u2014 algo que possa ser n\u00e3o convencional, por exemplo. Em seguida a informa\u00e7\u00e3o segue para o ministro da Defesa e para o presidente da Rep\u00fablica. E no caso de a ocorr\u00eancia ser muito importante, fica a cargo do presidente decidir o que fazer.<\/p>\n<h3><span class=\"\\&quot;Intertitulo2\\&quot;\">Conhecimento do presidente<\/span><\/h3>\n<p><strong>Mas voc\u00eas t\u00eam ideia do que ele faria com uma informa\u00e7\u00e3o como essa, ou comunicam o fato apenas por obriga\u00e7\u00e3o?\u00a0<\/strong>N\u00f3s lhe informamos para que esteja ciente do que se passa em nosso territ\u00f3rio, pois \u00e9 de sua compet\u00eancia. Houve um caso ufol\u00f3gico muito interessante, ocorrido em nosso pa\u00eds, que responde um pouco \u00e0 sua pergunta. Em 2007, recebemos o relato de um avi\u00e3o da companhia alem\u00e3 Lufthansa, que estava indo do Aeroporto de Ezeiza, em Buenos Aires, para a Europa e teria que atravessar parte dos territ\u00f3rios uruguaio e brasileiro. Exatamente sobre o Rio da Plata, os pilotos observaram um objeto que cruzou o c\u00e9u de baixo para cima, bem perto do avi\u00e3o e em velocidade muito alta \u2014 aquilo passou a metros da cabine da aeronave. Esse caso foi tratado de tal forma que chegou ao conhecimento do presidente.<\/p>\n<p><strong>A Cridovni tem obriga\u00e7\u00e3o de informar tudo o que apura por meio dessa linha de comando?\u00a0<\/strong>N\u00e3o. Nossa obriga\u00e7\u00e3o \u00e9 de informar apenas nosso superior imediato, que \u00e9 o comandante da For\u00e7a A\u00e9rea. Mas em um caso como o de 2007, que envolveu a interven\u00e7\u00e3o de um pa\u00eds vizinho, houve exce\u00e7\u00f5es. N\u00f3s passamos informa\u00e7\u00f5es \u00e0 For\u00e7a A\u00e9rea Argentina (FAA) e conversei pessoalmente com o chefe de rela\u00e7\u00f5es p\u00fablicas daquela arma, na \u00e9poca, que descartou totalmente que tivesse sido um m\u00edssil ou uma aeronave secreta de seu pa\u00eds. Assim, acabou sendo necess\u00e1rio informar tamb\u00e9m o ministro da Defesa.<\/p>\n<p><strong>E como ficam os arquivos dos casos que voc\u00eas investigam? Por exemplo, se um civil vai \u00e0 Cridovni e pede para ver os documentos de um epis\u00f3dio como esse da Lufthansa, de 2007, ele poder\u00e1 ter acesso ao material?<\/strong>\u00a0Sim, mas n\u00e3o podemos entregar os arquivos \u00e0 pessoa, como se fossem livros de uma biblioteca. O interessado far\u00e1 a solicita\u00e7\u00e3o, n\u00f3s procuraremos a informa\u00e7\u00e3o desejada e, se a localizarmos, mostramos os arquivos e diremos qual foi nossa conclus\u00e3o. As pessoas podem ver o que aconteceu e o que n\u00e3o aconteceu com rela\u00e7\u00e3o a cada caso que investigamos aqui na Comiss\u00e3o. Claro que n\u00e3o podemos mostrar todas as 1.200 ocorr\u00eancias que pesquisamos porque isso seria uma loucura \u2014 simplesmente n\u00e3o h\u00e1 disponibilidade de tempo e nem de pessoal para tanto. Por isso, oferecemos acesso apenas aos casos que nos solicitam. Por exemplo, se algu\u00e9m quer saber o que se passou no Uruguai no ano de 1986, quantos relatos recebemos, n\u00f3s mostramos os arquivos, dizemos detalhes dos casos etc. Aqui n\u00e3o h\u00e1 segredos.<\/p>\n<p><strong>\u00c9 muito bom saber disso, coronel. Mas&#8230; N\u00e3o h\u00e1 mesmo segredo algum? Nem de casos mais graves?<\/strong>\u00a0N\u00e3o, lhe asseguro que n\u00e3o existe. N\u00f3s sempre damos todas as informa\u00e7\u00f5es que nos pedem. O que n\u00e3o podemos fazer, como falei h\u00e1 pouco \u2014 e biblioteca alguma no mundo faria \u2014, \u00e9 dar ou mostrar a algu\u00e9m todos os livros e arquivos de uma s\u00f3 vez, para que sejam levados ou consultados pelos interessados.<\/p>\n<p><strong>Houve algum caso muito grave, entre os pesquisados pela Cridovni, em que voc\u00eas receberam determina\u00e7\u00e3o, instru\u00e7\u00e3o ou recomenda\u00e7\u00e3o de que n\u00e3o fosse divulgado publicamente, ou os seus resultados? Como ordens do ministro ou do presidente, por exemplo?<\/strong>\u00a0N\u00e3o, at\u00e9 agora n\u00e3o. Temos levado ao conhecimento p\u00fablico todos os fatos que nos chegam e os resultados de nossas investiga\u00e7\u00f5es \u2014 at\u00e9 mesmo casos envolvendo as pr\u00f3prias aeronaves da For\u00e7a A\u00e9rea Uruguaia (FAU) e nossos pilotos. Simplesmente, nunca houve necessidade de ocultamento de qualquer epis\u00f3dio, pois n\u00e3o h\u00e1 raz\u00e3o para isso. A Comiss\u00e3o n\u00e3o estimula e nem desestimula a quest\u00e3o ufol\u00f3gica, e ocultar informa\u00e7\u00f5es \u00e9 algo que nunca fizemos em mais de 30 anos. Veja que lhe relatei at\u00e9 mesmo o caso dos avi\u00f5es P\u00facaras que perseguiram um UFO sobre uma represa no pa\u00eds e n\u00e3o puderam alcan\u00e7\u00e1-lo. \u201cN\u00e3o nos treme o pulso dar essa informa\u00e7\u00e3o<\/p>\n<p><strong>Como militar na ativa da For\u00e7a A\u00e9rea Uruguaia (FAU), o senhor tem a facilidade de se comunicar com seus colegas das for\u00e7as armadas de outros pa\u00edses para tratar de temas relativos \u00e0 avia\u00e7\u00e3o. O mesmo ocorre com casos ufol\u00f3gicos?<\/strong>\u00a0Sim, em casos interessantes podemos fazer uso da facilidade que existe, atrav\u00e9s da nossa For\u00e7a A\u00e9rea, de podermos nos comunicar com colegas do Brasil, da Argentina ou do Chile, e intercambiar dados que nos permitam avaliar algumas den\u00fancias de objetos voadores n\u00e3o identificados que tenhamos aqui sendo investigados. Creio que, em n\u00edvel de consultas internacionais, isso \u00e9 o que temos de mais importante.<br \/>\n<strong><br \/>\nA respeito disso, voc\u00eas, na Cridovni, t\u00eam conhecimento de algum protocolo que exista exclusivamente entre as for\u00e7as armadas do continente, ou de outras partes do mundo, para estabelecer regras de coopera\u00e7\u00e3o nesses casos? Um militar equatoriano nos informou, e um brasileiro confirmou, que h\u00e1 um protocolo de rela\u00e7\u00f5es que estaria acima das diferen\u00e7as pol\u00edticas dos governantes dos pa\u00edses, que estabeleceria como algo deve ser tratado em n\u00edvel militar. Esse sistema tamb\u00e9m inclui casos ufol\u00f3gicos?<\/strong>\u00a0O que existe na Am\u00e9rica do Sul s\u00e3o reuni\u00f5es realizadas anualmente com membros das for\u00e7as a\u00e9reas do continente. A elas comparecem os comandantes da Aeron\u00e1utica de cada pa\u00eds para discutirem diferentes problemas, como de log\u00edstica, interc\u00e2mbio, cursos para pilotos ou para pessoal de terra etc. Nelas tamb\u00e9m se discutem diversas quest\u00f5es que for\u00e7as a\u00e9reas sul-americanas t\u00eam e se realiza troca de dados e informa\u00e7\u00f5es. A coordena\u00e7\u00e3o das aeron\u00e1uticas amigas permite o melhor aproveitamento dos recursos de cada uma. Nessas reuni\u00f5es tamb\u00e9m se pode discutir o tema ufol\u00f3gico, e n\u00e3o nego isso, mas n\u00e3o me consta que ele esteja na pauta de discuss\u00f5es como algo oficial. O assunto pode estar, entretanto, na agenda de diferentes comandantes dos pa\u00edses participantes.<\/p>\n<h3><span class=\"\\&quot;Intertitulo2\\&quot;\">Reuni\u00f5es militares<\/span><\/h3>\n<p><strong>O senhor tem conhecimento de alguma reuni\u00e3o em que o tema ufol\u00f3gico foi tratado, pelo menos como tema secund\u00e1rio?\u00a0<\/strong>Especificamente sobre o assunto, n\u00e3o. Mas posso afirmar que h\u00e1 reuni\u00f5es de comandantes das for\u00e7as a\u00e9reas do continente, \u00e0s vezes no Uruguai, no Brasil ou na Argentina, para se estabelecer coordenadas de trabalho ou novas rotas a\u00e9reas que atravessam diferentes pa\u00edses, e examinar quais servi\u00e7os uma na\u00e7\u00e3o pode oferecer \u00e0s outras, desde combust\u00edvel, novos aeroportos, servi\u00e7os em terra, aeronaves militares de apoio etc. S\u00e3o todas reuni\u00f5es de trabalho e coordena\u00e7\u00e3o entre as for\u00e7as a\u00e9reas, para que possam trabalhar de forma conjunta na Am\u00e9rica do Sul, mas isso \u00e9 de conhecimento p\u00fablico e geralmente se informa os resultados \u00e0 imprensa.<\/p>\n<p><strong>Perfeito. Os militares brasileiros j\u00e1 fizeram alguma requisi\u00e7\u00e3o ou consulta \u00e0 Cridovni sobre casos ufol\u00f3gicos, seja de forma oficial ou extraoficial?<\/strong>\u00a0Desde que estou na Comiss\u00e3o, h\u00e1 20 anos, n\u00e3o me consta que o seu governo tenha nos consultado sobre qualquer quest\u00e3o ufol\u00f3gica. Eu sim, pessoalmente, em algumas comemora\u00e7\u00f5es do Dia da For\u00e7a A\u00e9rea, aqui no Uruguai, quando se faz uma reuni\u00e3o com todos os agregados militares de outras na\u00e7\u00f5es operando no pa\u00eds, tive a oportunidade de trocar ideias sobre a quest\u00e3o com membros da Aeron\u00e1utica Brasileira. Mas foram apenas conversas para eu saber se havia alguma nova experi\u00eancia l\u00e1 ou se j\u00e1 estaria funcionando alguma comiss\u00e3o oficial para tratar do tema no Brasil \u2014 mas isso nunca me foi confirmado.<\/p>\n<p><strong>E quanto \u00e0 For\u00e7a A\u00e9rea Norte-Americana (USAF), assim como a Russa, a Francesa, a Inglesa ou qualquer outra? A Cridovni j\u00e1 recebeu alguma requisi\u00e7\u00e3o ou consulta sobre casos ufol\u00f3gicos dessas na\u00e7\u00f5es?<\/strong>\u00a0N\u00e3o, nunca tivemos interc\u00e2mbio de informa\u00e7\u00f5es com elas e n\u00e3o tenho conhecimento de que qualquer uma dessas for\u00e7as a\u00e9reas tenha se interessado pelo nosso trabalho.<\/p>\n<p><strong>O senhor conhece algum grupo semelhante \u00e0 Cridovni que esteja lidando oficialmente com o Fen\u00f4meno UFO em outra na\u00e7\u00e3o do mundo?<\/strong>\u00a0Sim, temos no Chile o Centro de Estudios de Fen\u00f3menos A\u00e9reos An\u00f3malos (CEFAA) e no Peru a Oficina de Investigaci\u00f3n de Fen\u00f3menos An\u00f3malos Aeroespaciales (OIFAA), essa que me parece ser apenas um escrit\u00f3rio. E sei tamb\u00e9m que h\u00e1 um grupo ou departamento na For\u00e7a A\u00e9rea Equatoriana (FAE) dedicada \u00e0 quest\u00e3o. Fora essas, sei que foram abertas comiss\u00f5es de trabalho nos Estados Unidos, como o Relat\u00f3rio Condon e o Projeto Blue Book, mas foram fechadas em seguida. Tudo isso est\u00e1 em livros e revistas. Mas, em atividade permanente, a \u00fanica que existe no mundo, nesse momento, \u00e9 a nossa Comiss\u00e3o. Outras foram abertas antes e depois dela, mas j\u00e1 est\u00e3o encerradas. No caso do CEFAA ou da OIFAA, parece-me que foram instaladas e funcionaram por algum tempo, e depois deixaram de operar ou tiveram seu trabalho interrompido. Isso \u00e9 diferente do que ocorre no Uruguai, onde a Comiss\u00e3o est\u00e1 com 32 anos de exist\u00eancia ativa e ininterrupta.<\/p>\n<p><strong>Certamente, \u00e9 um feito, pelo qual a Cridovni merece nossos parab\u00e9ns. Mas, diga, por favor, se \u00e9 verdade que a sua entidade elaborou um modelo de trabalho de pesquisas ufol\u00f3gicas e o levou para instruir militares de outras na\u00e7\u00f5es? Parece que a OIFAA foi criada em cima do modelo desenvolvido por voc\u00eas?\u00a0<\/strong>Isso ocorreu no Chile. Quando se criou o CEFAA, uma delega\u00e7\u00e3o da For\u00e7a A\u00e9rea Uruguaia (FAU) foi a um evento internacional de avia\u00e7\u00e3o realizado naquele pa\u00eds \u2014 a Feira Internacional do Ar e do Espa\u00e7o (FIDAE) \u2014 e ali eu tive a oportunidade de contatar o general Ricardo Berm\u00fadez e o senhor Gustavo Rodriguez, que est\u00e3o \u00e0 frente da entidade de pesquisa ufol\u00f3gica chilena. A eles fiz a apresenta\u00e7\u00e3o de como a Cridovni trabalhava no Uruguai, e tamb\u00e9m lhes entreguei um pequeno livro sobre como aplicamos um sistema que desenvolvemos para avaliar casos ufol\u00f3gicos. Ainda lhes ofereci uma s\u00e9rie de conselhos e recomenda\u00e7\u00f5es para que pudessem levar a cabo seu trabalho. Se voc\u00ea observar como est\u00e1 estabelecido o Centro de Estudios de Fen\u00f3menos A\u00e9reos An\u00f3malos (CEFAA) e a forma como trabalham, ver\u00e1 que tem opera\u00e7\u00f5es praticamente id\u00eanticas \u00e0s que fazemos na Comiss\u00e3o.<\/p>\n<h3><span class=\"\\&quot;Intertitulo2\\&quot;\">Reconhecimento internacional<\/span><\/h3>\n<p><strong>\u00c9 a Cridovni fazendo escola, coronel&#8230;<\/strong>\u00a0Sim, e tenho o orgulho de ter escutado do pr\u00f3prio general Berm\u00fadez um agradecimento pelo apoio que a Comiss\u00e3o lhe ofereceu para que pudesse criar uma entidade similar de pesquisas ufol\u00f3gicas no Chile. Ele tamb\u00e9m j\u00e1 manifestou sua gratid\u00e3o de forma p\u00fablica em v\u00e1rias ocasi\u00f5es.<br \/>\n<strong><br \/>\nE sobre o que acontece no Brasil, voc\u00eas t\u00eam informa\u00e7\u00f5es se nossos militares investigam ou n\u00e3o o assunto oficialmente?\u00a0<\/strong>N\u00e3o. Oficialmente, n\u00e3o temos nada da For\u00e7a A\u00e9rea Brasileira (FAB). A \u00fanica coisa que sabemos \u00e9 que alguns civis pediram a desclassifica\u00e7\u00e3o de seus arquivos ufol\u00f3gicos secretos, atrav\u00e9s do grupo que voc\u00ea integra, a Comiss\u00e3o Brasileira de Uf\u00f3logos (CBU), para buscar que o tema seja tratado com mais transpar\u00eancia no Brasil.<\/p>\n<p><strong>Sim, a FAB realizou uma desclassifica\u00e7\u00e3o de documentos secretos \u2014 creio que a primeira no continente \u2014 e hoje temos liberados arquivos dos anos 50 at\u00e9 2010, que se encontram dispon\u00edveis ao p\u00fablico no Arquivo Nacional, em Bras\u00edlia.\u00a0<\/strong>Sim, disso estamos sabendo atrav\u00e9s de informes anteriores e da confer\u00eancia que voc\u00ea realizou em nosso congresso, durante o qual gentilmente nos ofereceu um CD com c\u00f3pia de todo esse material j\u00e1 liberado pela FAB.<\/p>\n<p><strong>O senhor tamb\u00e9m sabe que parte das reivindica\u00e7\u00f5es da CBU \u00e9 de que a FAB estabele\u00e7a uma comiss\u00e3o mista, civil e militar, para pesquisa ufol\u00f3gica, aproximadamente nos moldes da Cridovni? Apesar da abertura ufol\u00f3gica que j\u00e1 conquistamos no Brasil, isso ainda falta ocorrer. O que o senhor pensa da nossa reivindica\u00e7\u00e3o?<\/strong>\u00a0Acho que as for\u00e7as a\u00e9reas de todas as na\u00e7\u00f5es do mundo deveriam investigar os UFOs, pois s\u00e3o objetos que est\u00e3o sobrevoando seus territ\u00f3rios. Ou seja, deveria ser obriga\u00e7\u00e3o de todos os pa\u00edses \u2014 tenham ou n\u00e3o um \u00f3rg\u00e3o como a Comiss\u00e3o \u2014 investigar ve\u00edculos que sejam detectados por radares ou vistos por testemunhas, para saber o que est\u00e1 acontecendo. Isso \u00e9 o que ocorre aqui no Uruguai, onde, quando os casos relatados t\u00eam alto n\u00edvel de estranheza [Veja a primeira parte da entrevista na edi\u00e7\u00e3o UFO 185], a Comiss\u00e3o \u00e9 ativada para analisar as caracter\u00edsticas de voo de tais aparelhos, j\u00e1 que essa n\u00e3o \u00e9 tarefa dos controladores de tr\u00e1fego a\u00e9reo, que cuidam dos voos regulares que entram ou saem do pa\u00eds.<\/p>\n<p><strong>E por que, em sua opini\u00e3o, os pa\u00edses relutam em tratar da quest\u00e3o?<\/strong>\u00a0Bem, na verdade, todos os pa\u00edses do mundo investigam UFOs, mas n\u00e3o como m\u00e1quinas extraterrestres \u2014 o problema \u00e9 que muita gente pensa que os UFOs t\u00eam necessariamente origem extraterrestre. Ora, a maioria das observa\u00e7\u00f5es resulta em algo identificado, que n\u00e3o \u00e9 nada extraordin\u00e1rio. Assim, as na\u00e7\u00f5es que mant\u00eam seus territ\u00f3rios sob vigil\u00e2ncia est\u00e3o, direta ou indiretamente, investigando UFOs. Elas apenas n\u00e3o os tratam como ve\u00edculos alien\u00edgenas. Existe muita coisa nesse meio que n\u00e3o \u00e9 real, muitas teorias conspirat\u00f3rias sobre essa quest\u00e3o.<\/p>\n<h3><span class=\"\\&quot;Intertitulo2\\&quot;\">Controle de tr\u00e1fego a\u00e9reo<\/span><\/h3>\n<p><strong>A fantasia popular atrapalha as investiga\u00e7\u00f5es s\u00e9rias do Fen\u00f4meno UFO?<\/strong>\u00a0Sim. O que podemos dizer \u00e9 que todas as for\u00e7as a\u00e9reas do mundo controlam o espa\u00e7o a\u00e9reo de seus pa\u00edses, mas o que n\u00e3o se v\u00ea ou n\u00e3o se detecta no radar n\u00e3o pode ser investigado. No entanto, com a ajuda dos cidad\u00e3os, que recorrem \u00e0s autoridades quando veem coisas estranhas nos c\u00e9us, comiss\u00f5es como a nossa podem ser formadas ou ativadas para que investiguem tais ocorr\u00eancias \u2014 e isso pode levar \u00e0 confirma\u00e7\u00e3o de que um UFO pode ser \u201calgo mais\u201d.<\/p>\n<p><strong>E quando isso ocorre, o que fazer com a informa\u00e7\u00e3o de que algo visto ou detectado tenha uma origem extraordin\u00e1ria?<\/strong>\u00a0Isso depende de cada \u00f3rg\u00e3o, de cada pa\u00eds. Aqui no Uruguai, em nossa Comiss\u00e3o, trabalhamos dando apoio \u00e0s tarefas de controle de tr\u00e1fego a\u00e9reo que faz a Aeron\u00e1utica e tamb\u00e9m oferecemos subs\u00eddios \u00e0 pesquisa cient\u00edfica da quest\u00e3o. O que temos detectado e visto \u00e9 um fen\u00f4meno que n\u00e3o se comporta de maneira normal. \u00c9 algo extraordin\u00e1rio \u2014 os tais 3% dos quais falamos [Veja a primeira parte da entrevista na edi\u00e7\u00e3o UFO 185] \u2014 que investigamos de forma cient\u00edfica para tentar chegarmos a alguma conclus\u00e3o sobre sua natureza. E isso \u00e9 dif\u00edcil, porque sempre nos faltam provas, comprova\u00e7\u00f5es e evid\u00eancias, pois n\u00e3o podemos repetir esses fen\u00f4menos em laborat\u00f3rio. Se pud\u00e9ssemos, seria muito f\u00e1cil.<\/p>\n<p><strong>Isso seria o ideal&#8230;<\/strong>\u00a0Sim. Mas, seja como for, todas as for\u00e7as a\u00e9reas do mundo controlam seus c\u00e9us, e podem tamb\u00e9m estar registrando UFOs. Muitas coisas podem escapar ao seu controle, mas elas investigam o que podem. Por\u00e9m, bom mesmo seria se houvesse comiss\u00f5es como a Cridovni em todas as partes do globo, at\u00e9 para trocarmos informa\u00e7\u00f5es.<\/p>\n<p><strong>Vendo por esse \u00e2ngulo, coronel, n\u00e3o parece irrespons\u00e1vel que n\u00e3o existam entidades como a Cridovni em outras partes do mundo? Se os UFOs s\u00e3o um fen\u00f4meno t\u00e3o s\u00e9rio, coisa da qual voc\u00eas aqui no Uruguai t\u00eam plena consci\u00eancia, e por isso fazem esse trabalho, o mesmo teriam que fazer Argentina, Brasil, Bol\u00edvia, Peru, M\u00e9xico, Estados Unidos, todos os pa\u00edses, enfim&#8230;\u00a0<\/strong>Acho que muitas dessas na\u00e7\u00f5es est\u00e3o fazendo suas pesquisas, apenas n\u00e3o as tornam p\u00fablicas. Ali\u00e1s, elas n\u00e3o t\u00eam porque anunciar que est\u00e3o investigando um fen\u00f4meno desconhecido em seu espa\u00e7o a\u00e9reo, porque poderiam interferir em outras \u00e1reas. N\u00e3o se esque\u00e7a de que pa\u00edses como os Estados Unidos, Fran\u00e7a, Russia etc, s\u00e3o na\u00e7\u00f5es envolvidas em uma corrida armamentista militar diferente da que est\u00e3o os nossos pa\u00edses, aqui no continente. Eles podem estar desenvolvendo ve\u00edculos com tecnologia aeron\u00e1utica ainda desconhecida, que as pessoas veem e pensam que s\u00e3o UFOs, e isso pode atrapalhar tais experimentos. H\u00e1 muita concorr\u00eancia entre tais na\u00e7\u00f5es. Nos Estados Unidos, por exemplo, h\u00e1 empresas de desenvolvimento aeroespacial que t\u00eam novos prot\u00f3tipos de aeronaves, tanto comerciais como militares, ou prot\u00f3tipos de sat\u00e9lites e foguetes que est\u00e3o competindo com companhias de outros pa\u00edses.<\/p>\n<p><strong>O senhor acredita que uma parte das observa\u00e7\u00f5es ufol\u00f3gicas tenha origem em testes militares?<\/strong>\u00a0Sim, pode acontecer de as for\u00e7as a\u00e9reas que operam em conjunto com empresas civis no desenvolvimento aeroespacial n\u00e3o tenham interesse em tornar p\u00fablico que est\u00e3o lan\u00e7ando um novo tipo de foguete propulsor de sat\u00e9lites, por exemplo, algo com tecnologia diferente da que podem ter as companhias concorrentes. Por isso, faltam informa\u00e7\u00f5es para avaliarmos muitos casos ufol\u00f3gicos. Uma testemunha que viu algum tipo de foguete desconhecido no c\u00e9u pode achar que era uma nave extraterrestre \u2014 e se for divulgado o que ela realmente viu, a concorr\u00eancia pode pesquisar ou copiar o novo ve\u00edculo. Temos a\u00ed um problema de natureza econ\u00f4mica. E veja que mesmo pa\u00edses como Brasil, Argentina e Chile est\u00e3o em uma corrida aeroespacial.<\/p>\n<p><strong>O Fen\u00f4meno UFO ocorre no Uruguai da mesma forma como em todo o mundo, e os governos e suas for\u00e7as a\u00e9reas \u2014 especialmente do nosso continente \u2014 deveriam estar mais interessados em trocar informa\u00e7\u00f5es a respeito. Ou, pelo menos, institui\u00e7\u00f5es como Cridovni, CEFAA e OIFAA deveriam ter contato mais firme entre si para intercambiar dados para benef\u00edcio de todos. O que o senhor acha?<\/strong>\u00a0Acho que temos alguma coisa positiva quanto a isso. Tenho falado regularmente com os amigos peruanos e chilenos \u2014 especialmente o comandante Julio Chamorro, da OIFAA [Consultor da Revista UFO], e o general Ricardo Berm\u00fadez, do CEFAA \u2014 sobre fazermos reuni\u00f5es para tratar do problema. Tamb\u00e9m discutimos formas de motivar outros pa\u00edses para que se unam a n\u00f3s nesse esfor\u00e7o, criando comiss\u00f5es dentro de suas for\u00e7as a\u00e9reas para todos podermos trabalhar de forma conjunta com o fen\u00f4meno \u2014 que, como voc\u00ea bem disse, ocorre em todo o mundo por igual. Seria interessante fomentar isso e eu j\u00e1 propus tais coisas, mas a quest\u00e3o \u00e9 se as propostas v\u00e3o encontrar receptividade nas demais na\u00e7\u00f5es e se elas v\u00e3o incorporar a quest\u00e3o ufol\u00f3gica ao trabalho de suas for\u00e7as a\u00e9reas. Seria muito importante que o tema fosse tratado nas reuni\u00f5es que elas realizam anualmente.<\/p>\n<p><strong>A Cridovni ou a For\u00e7a A\u00e9rea Uruguaia (FAU) estaria interessada em propor isso de forma oficial a outros pa\u00edses?<\/strong>\u00a0Na verdade, j\u00e1 propus isso em congressos de que participei no Chile e na Argentina. J\u00e1 mencionei v\u00e1rias vezes as vantagens de podermos trocar informa\u00e7\u00f5es e, como disse, tamb\u00e9m mandei nosso sistema de trabalho \u00e0 comiss\u00e3o de pesquisas ufol\u00f3gicas chilena, que o passou \u00e0 peruana \u2014 e parece que a equatoriana tamb\u00e9m trabalha com os mesmos m\u00e9todos que elaboramos. O que quero dizer \u00e9 que j\u00e1 houve um eco ao trabalho que realizamos, e isso nos interessa, pois talvez assim cheguemos a conclus\u00f5es mais r\u00e1pidas sobre esse fen\u00f4meno. Trabalhando juntos, nosso banco de dados ser\u00e1 maior e nosso interc\u00e2mbio e di\u00e1logo com outros grupos tamb\u00e9m ser\u00e1 mais amplo. Da\u00ed, creio que poderemos chegar a algumas respostas sobre o tema.<\/p>\n<h3><span class=\"\\&quot;Intertitulo2\\&quot;\">Registros de\u00a0<\/span><span class=\"\\&quot;Intertitulo1\\&quot;\">UFOs<\/span><span class=\"\\&quot;Intertitulo2\\&quot;\">\u00a0por pilotos<\/span><\/h3>\n<p><strong>No Brasil, h\u00e1 anos, quando \u00e9 feita uma observa\u00e7\u00e3o ufol\u00f3gica por um piloto \u2014 seja civil ou militar, brasileiro ou mesmo estrangeiro, mas que esteja voando em nosso pa\u00eds \u2014, ele \u00e9 obrigado a preencher um formul\u00e1rio pr\u00f3prio que est\u00e1 dispon\u00edvel nos centros de controle de tr\u00e1fego a\u00e9reo de nossos aeroportos, que se encarregar\u00e3o de encaminh\u00e1-lo ao Comando de Defesa Aeroespacial Brasileiro (Comdabra), em Bras\u00edlia. Pelo menos em teoria, pois muitos decidem n\u00e3o registrar oficialmente o fato. Existe algo assim no Uruguai?<\/strong>\u00a0Aqui, quando um piloto civil ou militar tem algum incidente em voo, seja de que tipo for, ele tem a obriga\u00e7\u00e3o de informar o fato aos \u00f3rg\u00e3os aeron\u00e1uticos \u2014 e existe um formul\u00e1rio pr\u00f3prio para se relatar incidentes ocorridos no \u00e2mbito da Aeron\u00e1utica civil. Os pilotos devem registrar ocorr\u00eancias que tenham colocado em risco a opera\u00e7\u00e3o de suas aeronaves. \u00c9 dessa forma que acabamos recebendo relatos de muitos deles com descri\u00e7\u00f5es de avistamentos de estranhos objetos. Ontem mesmo, ao ir ao Aeroporto de Carrasco, aqui em Montevid\u00e9u, encontrei um amigo comandante da companhia Pluna que me relatou um avistamento que teve em voo. Eu j\u00e1 formalizei um pedido de mais detalhes do fato. Os pilotos geralmente colaboram com nosso trabalho e nos enviam seus relatos, mas \u00e9 claro que h\u00e1 aqueles que preferem n\u00e3o informar nada \u2014 e assim nunca sabemos de ocorr\u00eancias ufol\u00f3gicas que poderiam ser pesquisadas.<\/p>\n<h3><span class=\"\\&quot;Intertitulo2\\&quot;\">Um Sioani modernizado<\/span><\/h3>\n<p><strong>No Brasil, em 1969, tivemos uma comiss\u00e3o oficial de pesquisas ufol\u00f3gicas chamada Sistema de Investiga\u00e7\u00e3o de Objetos A\u00e9reos N\u00e3o Identificados (Sioani), uma corpora\u00e7\u00e3o semelhante \u00e0 Cridovni, por\u00e9m com estrutura maior, j\u00e1 que o pa\u00eds \u00e9 maior e h\u00e1 mais casos para investigar. O Sioani tinha membros civis e militares fazendo o mesmo que voc\u00eas fazem no Uruguai, mas fechou no come\u00e7o dos anos 70. Desde ent\u00e3o, n\u00e3o h\u00e1 mais nada oficial em andamento no pa\u00eds para pesquisar discos voadores. O senhor sabia disso?<\/strong>\u00a0Sim. Acompanhei um pouco a trajet\u00f3ria do Sioani e lamento que tenha fechado, mas, pelo que eu soube, a campanha UFOs: Liberdade de Informa\u00e7\u00e3o J\u00e1 quer reabrir a entidade modernizada [Veja edi\u00e7\u00f5es UFO 156 e 158, agora dispon\u00edveis na \u00edntegra em ufo.com.br].<\/p>\n<p><strong>Sim. O movimento obteve at\u00e9 agora a libera\u00e7\u00e3o de documentos secretos dos anos 50 at\u00e9 2009. Por\u00e9m, algo importante ocorreu em agosto de 2009, quando o comandante da For\u00e7a A\u00e9rea Brasileira (FAB), o brigadeiro Juniti Saito, expediu determina\u00e7\u00e3o para que todos os casos ufol\u00f3gicos registrados pela arma \u2014 especialmente relatados por pilotos \u2014 sejam enviados ao Arquivo Nacional, em Bras\u00edlia, para conhecimento p\u00fablico. \u00c9 uma grande inova\u00e7\u00e3o, mas o problema \u00e9 que Saito n\u00e3o mencionou se, no processo, ir\u00e1 mandar investigar tais casos, o que gerou d\u00favida entre os uf\u00f3logos brasileiros. O senhor acredita ser poss\u00edvel que epis\u00f3dios envolvendo avi\u00f5es comerciais com 100 ou 200 pessoas a bordo sejam apenas registrados pela Aeron\u00e1utica, mas n\u00e3o investigados?\u00a0<\/strong>Bem, n\u00e3o conhe\u00e7o os procedimentos internos adotados pela FAB, e ent\u00e3o n\u00e3o posso opinar sobre isso. Mas me parece que, se a arma estiver recebendo relatos de avistamentos ufol\u00f3gicos, eles devem passar por alguma investiga\u00e7\u00e3o, e s\u00f3 ent\u00e3o os resultados devem ser enviados ao Arquivo Nacional para que as pessoas possam tomar conhecimento dos fatos. N\u00e3o acho que a FAB deva receber tais registros para n\u00e3o investig\u00e1-los \u2014 ainda que enviar tais casos ao Arquivo mostre certa transpar\u00eancia nos seus atos.<\/p>\n<p><strong>A determina\u00e7\u00e3o do brigadeiro Saito causou estranheza a todos, primeiro devido \u00e0 sua pr\u00f3pria natureza e ineditismo, e depois porque n\u00e3o deixou claro o que vai acontecer com os relatos recebidos. Afinal, estamos falando de avi\u00f5es comerciais repletos de passageiros e em rota entre grandes cidades, que podem ter tido contato com UFOs. S\u00e3o fatos muito s\u00e9rios para que a FAB n\u00e3o abra uma investiga\u00e7\u00e3o a respeito.\u00a0<\/strong>O que pode estar acontecendo \u00e9 que talvez os relatos vindos de avi\u00f5es comerciais tenham sua investiga\u00e7\u00e3o feita pela avia\u00e7\u00e3o civil. Parece que no Brasil, tanto quanto no Uruguai, a avia\u00e7\u00e3o comercial \u00e9 independente da For\u00e7a A\u00e9rea, certo? Nesse caso, \u00e9 poss\u00edvel que o meio aeron\u00e1utico civil se incumba desses casos. H\u00e1 pa\u00edses em que os avistamentos a\u00e9reos n\u00e3o s\u00e3o investigados pelos militares, mas por civis. O Centro de Estudios de Fen\u00f3menos A\u00e9reos An\u00f3malos (CEFAA), por exemplo, est\u00e1 alojado na estrutura da Escola T\u00e9cnica da Aeron\u00e1utica, que pertence \u00e0 Dire\u00e7\u00e3o Nacional de Avia\u00e7\u00e3o Civil chilena, e n\u00e3o \u00e0 For\u00e7a A\u00e9rea. Talvez o Brasil esteja fazendo a mesma coisa. J\u00e1 no Uruguai \u00e9 diferente: a Comiss\u00e3o depende diretamente do comando da For\u00e7a A\u00e9rea. Isso deve ser levado em conta. Talvez no Brasil os relatos vindos de pilotos civis estejam sendo encarados pelo meio aeron\u00e1utico civil.<\/p>\n<p><strong>Creio que a tarefa de investigar tais casos aeron\u00e1uticos, sejam eles relatados por civis ou militares, teria que ser da For\u00e7a A\u00e9rea de cada pa\u00eds, como ocorre no Uruguai, e assim deveria ocorrer tamb\u00e9m no Brasil. At\u00e9 porque, at\u00e9 onde sabemos, a avia\u00e7\u00e3o civil n\u00e3o tem nenhum departamento de investiga\u00e7\u00e3o de casos ufol\u00f3gicos no pa\u00eds.<\/strong>\u00a0Sim, teria que ser uma responsabilidade militar, mas em certos pa\u00edses, como o Chile, por exemplo, n\u00e3o \u00e9 assim. Pode ser que, no futuro, haja um departamento em seu pa\u00eds que se envolva com o tema. N\u00e3o sei se ter\u00e1 natureza militar ou civil.<\/p>\n<p><strong>Esse \u00e9 nosso objetivo principal, que esperamos ver atingido em breve atrav\u00e9s da campanha UFOs: Liberdade de Informa\u00e7\u00e3o J\u00e1 \u2014 coisa que j\u00e1 nos foi prometida. E se ocorrer, ser\u00e1 muito importante que voc\u00eas, da Cridovni, por terem tanta experi\u00eancia acumulada, venham ao Brasil apresentar seu modelo de trabalho e nos demonstrar como o realizam no Uruguai, pois o fazem de maneira exemplar.\u00a0<\/strong>Ser\u00e1 um prazer. As tarefas de investiga\u00e7\u00e3o ufol\u00f3gica que realizamos s\u00e3o muito simples e, creio, muito l\u00f3gicas tamb\u00e9m. Seguimos um padr\u00e3o, um protocolo de investiga\u00e7\u00e3o, e mais nada \u2014 n\u00e3o inventamos nada ex\u00f3tico. O que fizemos aqui, no come\u00e7o, foi pegar a tabela de classifica\u00e7\u00e3o de casos ufol\u00f3gicos de J. A. Hynek, que lida com o \u201cn\u00edvel de estranheza\u201d de uma ocorr\u00eancia e o \u201cn\u00edvel de credibilidade\u201d das testemunhas, e a modificamos e ampliamos para adapt\u00e1-la \u00e0s nossas necessidades [Veja a primeira parte da entrevista, na edi\u00e7\u00e3o UFO 185].<\/p>\n<p><strong>Perfeito. Agora, coronel, gostaria de saber que conhecimento o senhor e sua equipe t\u00eam a respeito da Ufologia e dos casos brasileiros, como a Opera\u00e7\u00e3o Prato, o Caso Varginha, a Noite Oficial dos UFOs e outros?<\/strong>\u00a0Gra\u00e7as \u00e0 Revista UFO, temos um conhecimento muito amplo desses acontecimentos \u2014 e, em particular, o que mais me interessa, da Opera\u00e7\u00e3o Prato, de 1977. Essa me parece uma situa\u00e7\u00e3o muito impactante. Dos casos mais emblem\u00e1ticos e que se tornaram consagrados no Brasil, como a Noite Oficial dos UFOs, Varginha e um outro que n\u00e3o me recordo nesse momento, creio que a Opera\u00e7\u00e3o \u00e9 o epis\u00f3dio mais importante, por todo seu desenvolvimento, a forma como a popula\u00e7\u00e3o local foi afetada pelos objetos n\u00e3o identificados, os ataques \u00e0s v\u00edtimas \u2014 inclusive por envolver a morte de quatro pessoas durante a onda chupa-chupa naquelas regi\u00f5es [Veja edi\u00e7\u00f5es UFO 114 a 117, agora dispon\u00edveis na \u00edntegra em ufo.com.br]. Esse \u00e9 um caso de cuja investiga\u00e7\u00e3o eu gostaria de ter participado.<\/p>\n<h3><span class=\"\\&quot;Intertitulo2\\&quot;\">Ataques por extraterrestres<\/span><\/h3>\n<p><strong>Creio que tamb\u00e9m teria sido uma satisfa\u00e7\u00e3o ao coronel Uyrang\u00ea Hollanda, comandante da Opera\u00e7\u00e3o Prato, que o senhor o tivesse acompanhado nas investiga\u00e7\u00f5es. <\/strong>Teria sido uma honra e um prazer para mim, porque realmente seu trabalho foi muito importante.<\/p>\n<p><strong>E por falar nisso, j\u00e1 houve algo semelhante \u00e0 onda chupa-chupa ou \u00e0 Opera\u00e7\u00e3o Prato no Uruguai? Um per\u00edodo de grande atividade ufol\u00f3gica, em que tivessem sido registrados at\u00e9 ataques por extraterrestres, seguido de uma investiga\u00e7\u00e3o oficial?<\/strong>\u00a0N\u00e3o, nada semelhante \u00e0 onda chupa-chupa e nem \u00e0 Opera\u00e7\u00e3o Prato ocorreu por aqui. Ali\u00e1s, em linhas gerais, tomando os 3% de todos os casos ufol\u00f3gicos que investigamos, aqueles 40 casos que n\u00e3o podemos explicar [Veja a primeira parte da entrevista, na edi\u00e7\u00e3o UFO 185], podemos deduzir que o fen\u00f4meno n\u00e3o demonstra agressividade em nosso pa\u00eds.<\/p>\n<p><strong>N\u00e3o h\u00e1 nenhum caso de ataque a pessoas por objetos n\u00e3o identificados ou seres estranhos no Uruguai?\u00a0<\/strong>Exceto um ou dois acontecimentos, n\u00e3o h\u00e1 nada assim aqui. Lembro-me de um caso em que uma grande esfera apareceu \u00e0 noite para uma pessoa que vinha caminhando, que a descreveu como um pequeno Sol. O observador ficou muito queimado, como se tivesse sido exposto ao Sol durante algumas horas ou dormido na praia. Sua pele ficou bem bronzeada, escura mesmo. Esse \u00e9 um dos poucos casos ocorridos aqui em que algu\u00e9m saiu afetado.<\/p>\n<p><strong>Casos de queimaduras provocadas pela luminosidade de discos voadores s\u00e3o comuns em todo o mundo, mas no Uruguai s\u00f3 houve esse?<\/strong>\u00a0Ah, houve outro epis\u00f3dio em uma fazenda da regi\u00e3o de Aurora, no interior do pa\u00eds, que tamb\u00e9m foi emblem\u00e1tico. Mas ele n\u00e3o foi investigado pela Comiss\u00e3o, que n\u00e3o existia naquela \u00e9poca, e sim por grupos civis \u2014 que depois cederam seus arquivos para n\u00f3s. O dono da propriedade tamb\u00e9m relatou ter ficado com algumas queimaduras, como se tivesse sido exposto ao Sol durante bastante tempo. Ele disse que isso ocorreu devido a um raio emitido de uma suposta nave, que tamb\u00e9m teria atingido uma \u00e1rvore e matado um touro, um c\u00e3o e v\u00e1rios animais. Esse \u00e9 outro caso de que lembro em que pessoas foram afetadas. Mas, de qualquer forma, o Fen\u00f4meno UFO \u2014 pelo menos aqui no Uruguai \u2014 demonstrou ser inofensivo para as pessoas.<\/p>\n<p><strong>E casos mais extremos, como de abdu\u00e7\u00f5es alien\u00edgenas e implantes? H\u00e1 ocorr\u00eancias ufol\u00f3gicas assim em seu pa\u00eds?\u00a0<\/strong>Sim, em baixa porcentagem, mas aqui tamb\u00e9m h\u00e1 casos desse tipo. Temos uma variedade de acontecimentos como \u00e0s vezes encontramos nas s\u00e9ries de TV, tal como Arquivo-X. H\u00e1 aqui relatos de abdu\u00e7\u00f5es e casos de pessoas que dizem ter implantes em seus corpos. Inclusive, h\u00e1 uma testemunha recente que alega ter uma dessas pe\u00e7as \u2014 ainda n\u00e3o foi poss\u00edvel marcar uma pesquisa com ela, mas estamos para fazer uma an\u00e1lise do local onde ela diz que o implante estaria. O cidad\u00e3o j\u00e1 afirmou que n\u00e3o h\u00e1 problema algum que fa\u00e7amos uma radiografia ou uma ecografia em sua perna, onde estaria o tal objeto, e estamos nos preparando para realizar tais procedimentos. Essas coisas sempre exigem cautela, pois h\u00e1 leis rigorosas em nosso pa\u00eds. Na hora de pedir um exame m\u00e9dico, \u00e9 preciso ter certa seguran\u00e7a do que se procura, para que mais tarde n\u00e3o haja nenhum problema legal.<\/p>\n<p><strong>E os casos de abdu\u00e7\u00e3o, como s\u00e3o?\u00a0<\/strong>Bem, sobre esse g\u00eanero de ocorr\u00eancias temos recebido alguns relatos. H\u00e1, inclusive, o caso de uma pessoa que, dormindo com sua esposa, \u00e0 noite, acordava e de repente tinha seu corpo enrijecido, e ent\u00e3o via surgir seres como os cl\u00e1ssicos grays [Cinzas] ao seu redor. Ela diz sentir, nessa hora, como se alguma coisa fosse introduzida em seu t\u00f3rax e abdome, algo que d\u00f3i e que a faz querer gritar, mas ela n\u00e3o consegue. Eu investiguei esse caso pessoalmente, falando com a testemunha e com a fam\u00edlia separadamente. O que pod\u00edamos fazer, al\u00e9m disso, era tentar uma regress\u00e3o hipn\u00f3tica, mas ela n\u00e3o foi autorizada pela pessoa e o caso acabou arquivado.<\/p>\n<p><strong>A testemunha n\u00e3o aceitou ser submetida a uma regress\u00e3o hipn\u00f3tica? Por qu\u00ea?<\/strong>\u00a0N\u00e3o, n\u00e3o aceitou. N\u00f3s nos propusemos a fazer isso com todas as garantias, mas ela ainda assim n\u00e3o aceitou. E como n\u00e3o t\u00ednhamos evid\u00eancias muito contundentes de que fosse uma abdu\u00e7\u00e3o de fato, exceto pelo relato da pessoa \u2014 tanto sua esposa como os filhos nunca notaram nada estranho na casa que pudesse indicar algo desse tipo \u2014, arquivamos. O melhor seria se pud\u00e9ssemos ter feito a regress\u00e3o para tentarmos encontrar algo mais.<\/p>\n<h3><span class=\"\\&quot;Intertitulo2\\&quot;\">Regress\u00e3o hipn\u00f3tica<\/span><\/h3>\n<p><strong>Em casos em que regress\u00f5es s\u00e3o necess\u00e1rias, a Cridovni tamb\u00e9m est\u00e1 preparada para realiz\u00e1-las? Voc\u00eas t\u00eam profissionais para isso? <\/strong>Sim, temos m\u00e9dicos, psiquiatras e psic\u00f3logos que podem desempenhar esse trabalho e nos dar uma opini\u00e3o profissional sobre tais casos. Mas, at\u00e9 agora, n\u00e3o fizemos nenhuma regress\u00e3o hipn\u00f3tica em ocorr\u00eancias ufol\u00f3gicas que nos foram informadas. N\u00e3o tem havido registro de casos que tenham necessidade de ser pesquisados com essa t\u00e9cnica, mas temos recebido relatos de pessoas que dizem ter estado dentro de naves. Recordo-me de um em que uma menina estava em uma festa na casa de uns amigos e se afastou dali brincando de esconder, indo para um terreno baldio, e voltou dizendo ter entrado em um aparelho que estava estacionado ali. A jovem afirmou que viu alguns seres naquele local e que eles a convidaram para ver a nave por dentro, acompanhando-a at\u00e9 l\u00e1. Mas depois ela ficou com medo e desceu as escadas pelas quais havia subido e dirigiu-se a casa onde ocorria a festa de anivers\u00e1rio.<br \/>\n<strong><br \/>\nE o que aconteceu em seguida? Como a Cridovni tratou desse caso?<\/strong>\u00a0Bem, a menina ent\u00e3o contou o que se passara para sua m\u00e3e e a fam\u00edlia inteira saiu para ir ao terreno ver a tal nave, mas ningu\u00e9m encontrou qualquer coisa ali. N\u00f3s fomos informados do fato e nos deslocamos at\u00e9 o local, mas tamb\u00e9m n\u00e3o achamos marcas que corroborassem a hist\u00f3ria da jovem. Da\u00ed, fizemos um estudo psicol\u00f3gico dela, com autoriza\u00e7\u00e3o dos pais, para termos ideia da veracidade de seu relato, mas igualmente n\u00e3o encontramos nada que confirmasse o que a menina contou. Temos um staff na \u00e1rea de psicologia e psiquiatria que nos apoia nesse tipo de trabalho, para sabermos se estamos ou n\u00e3o diante de uma testemunha confi\u00e1vel.<\/p>\n<p><strong>A Cridovni tem algum protocolo ou procedimento j\u00e1 estabelecido para o caso de abdu\u00e7\u00f5es alien\u00edgenas, se for necess\u00e1rio?\u00a0<\/strong>N\u00e3o temos um protocolo exclusivamente para abdu\u00e7\u00f5es, mas seguimos o procedimento normal de investiga\u00e7\u00e3o quando h\u00e1 relatos desse tipo. Primeiramente, pedimos \u00e0 testemunha que fa\u00e7a uma entrevista com psic\u00f3logos que indicamos, que lhe fazem uma s\u00e9rie de perguntas, e avaliamos o resultado a que eles chegam. \u00c0s vezes encontramos pessoas que est\u00e3o psicologicamente desequilibradas, e nossos profissionais detectam isso. Mas, em muitas ocasi\u00f5es, concordamos com eles quando um caso merece ser investigado.<\/p>\n<p><strong>Ainda nessa linha de casos extremos, h\u00e1 no Uruguai ocorr\u00eancias mais controversas estudas pela Cridovni, como de contatados, pessoas que dizem estar em sintonia com extraterrestres quando querem?<\/strong>\u00a0A Comiss\u00e3o tenta n\u00e3o estimular nem desestimular essas cren\u00e7as, como j\u00e1 disse anteriormente \u2014 as pessoas s\u00e3o livres para fazer a afirma\u00e7\u00e3o que quiserem. Mas realizamos um trabalho profissional para ver qual a porcentagem de verdade que pode existir em tais afirma\u00e7\u00f5es. E eu diria que, em 99,9% dos casos, o que est\u00e1 sendo afirmado n\u00e3o corresponde \u00e0 realidade. Ou seja, at\u00e9 agora ningu\u00e9m que tenha se apresentado a n\u00f3s como contatado demonstrou ter de fato tal capacidade. Percebemos, no entanto, que essas pessoas parecem ter uma sensibilidade diferente, um comportamento distinto das demais. S\u00e3o at\u00e9 muito boas, mas, nesse ponto, est\u00e3o fora da realidade. Pelo menos cientificamente n\u00e3o se pode comprovar que o que afirmam seja verdade.<\/p>\n<p><strong>H\u00e1 algum tempo a Cridovni recebeu um complemento, uma organiza\u00e7\u00e3o paralela chamada Centro Regional Investigador de Fen\u00f3menos Aeroespaciais e Terrestres (Crifat). Com que objetivo ela foi criada?<\/strong>\u00a0Essa foi uma ideia minha. Meu objetivo era criar um grupo de pesquisas que atuasse em toda a Am\u00e9rica Latina e que reunisse as demais entidades do g\u00eanero \u2014 como a Associa\u00e7\u00e3o Uruguaia de Futebol, por exemplo, que agrupa todas as equipes dedicadas ao esporte no pa\u00eds, ou a FIFA, que re\u00fane todas as sele\u00e7\u00f5es de futebol do mundo. Mas pretend\u00edamos fazer isso com \u00e2mbito regional, no continente.<\/p>\n<h3><span class=\"\\&quot;Intertitulo2\\&quot;\">Um grande banco de dados<\/span><\/h3>\n<p><strong>E como a Crifat foi implantada? Teve sucesso em seu funcionamento?<\/strong>\u00a0J\u00e1 tratei do assunto com alguns amigos da Argentina e Chile, assim como falei com voc\u00ea sobre a ideia de formar esse centro regional na Am\u00e9rica do Sul, que pudesse coletar informa\u00e7\u00f5es de casos ufol\u00f3gicos e tamb\u00e9m disseminar tais dados entre todos seus membros. A ideia era de se criar um grande banco de dados em benef\u00edcio de todos. Mas acabou sendo dif\u00edcil fazer com que os grupos convidados adotassem o nosso sistema de trabalho, que \u00e9 semelhante ao que a Comiss\u00e3o usa. Veja que o pr\u00f3prio nome da entidade \u2014 Centro Regional de Investiga\u00e7\u00e3o de Fen\u00f4menos Aeroespaciais e Terrestres \u2014 j\u00e1 define que suas opera\u00e7\u00f5es visam tratar da fenomenologia ufol\u00f3gica ocorrida no c\u00e9u, em terra ou na \u00e1gua. O objetivo inicial era atrair grupos do Uruguai, Argentina, Chile e Brasil para atuarem segundo uma mesma linha de trabalho \u2014 e seus resultados poderiam ser usados pela Comiss\u00e3o.<\/p>\n<p><strong>E qual seria a raz\u00e3o de o m\u00e9todo de investiga\u00e7\u00e3o ufol\u00f3gica da Crifat ser adotado pelas demais entidades que a ela se associassem?<\/strong>\u00a0As vantagens s\u00e3o muitas, entre elas termos uma padroniza\u00e7\u00e3o de m\u00e9todos. Por exemplo, n\u00e3o sei se o sistema usado no Brasil pode ser compat\u00edvel com o nosso, e assim, quando algum grupo em seu pa\u00eds me enviar um caso para que eu d\u00ea minha opini\u00e3o, n\u00e3o saberei avali\u00e1-lo devido \u00e0 diferen\u00e7a entre os m\u00e9todos empregados. Mas se tivermos todos usando os mesmos procedimentos, teremos uma base de dados padronizada e mais facilmente examin\u00e1vel \u2014 ou seja, estaremos \u201cfalando o mesmo idioma\u201d em mat\u00e9ria de investiga\u00e7\u00e3o ufol\u00f3gica.<\/p>\n<p><strong>Isso n\u00e3o ser\u00e1 tarefa f\u00e1cil&#8230;<\/strong>\u00a0N\u00e3o, n\u00e3o. Reconhe\u00e7o que tal objetivo \u00e9 bastante dif\u00edcil de ser atingido, porque na Am\u00e9rica do Sul temos grupos que encaram a fenomenologia ufol\u00f3gica de formas muito diferentes. Alguns o fazem sob o ponto de vista cient\u00edfico, outros de maneira esot\u00e9rica ou espiritual, e h\u00e1 ainda outras linhas de pensamento \u2014 como os grupos de contatados, a exemplo do Rama [Entidade criada pelos peruanos Carlos e Sixto Paz nos anos 70, difundida em todo o mundo e praticamente extinta. No Brasil, converteu-se em Projeto Amar e est\u00e1 fechado], que n\u00e3o fazem investiga\u00e7\u00e3o e apenas afirmam estar em sintonia com outras esp\u00e9cies c\u00f3smicas.<\/p>\n<p><strong>A ideia da Crifat \u00e9 excelente, mas implement\u00e1-la ser\u00e1 um trabalho herc\u00faleo&#8230;<\/strong>\u00a0Sim, mas os benef\u00edcios seriam in\u00fameros, al\u00e9m dos que j\u00e1 descrevi. Usando o mesmo sistema de avalia\u00e7\u00e3o de casos ufol\u00f3gicos, podemos todos trabalhar de forma conjunta, o quem representa at\u00e9 mesmo menos gastos. Os resultados, por outro lado, podem ser espetaculares. Teremos condi\u00e7\u00f5es de analisar muito mais ocorr\u00eancias e ter com mais precis\u00e3o informa\u00e7\u00f5es sobre a fenomenologia que se apresenta, tais como formas, cores, movimentos, trajet\u00f3rias, comportamentos etc de discos voadores pesquisados com um mesmo sistema. Assim, hipoteticamente, poder\u00edamos dizer: o Fen\u00f4meno UFO se manifesta dessa maneira em determinada \u00e9poca do ano, fazendo-o com esse comportamento, apresentando tais formas e cores etc. De outra maneira, como poder\u00edamos saber se tais objetos t\u00eam as mesmas caracter\u00edsticas no Brasil, Argentina, Uruguai e Chile, se n\u00e3o temos um banco de dados \u00fanico?<\/p>\n<p><strong>Realmente, isso seria excelente. E mais ainda em n\u00edvel mundial, caso se conseguisse que um expressivo n\u00famero de entidades de pesquisas ufol\u00f3gicas em todo o globo aderisse. Essa foi, ali\u00e1s, uma tentativa que teve Hynek nos anos 80, mas que n\u00e3o funcionou.<\/strong>\u00a0Sim, seria. Mas sigo tentando estabelecer a Crifat dentro dos objetivos propostos inicialmente. N\u00e3o desisto.<\/p>\n<p><strong>Perfeito, coronel. Voltando agora \u00e0 casu\u00edstica ufol\u00f3gica, o senhor comentou [Veja a primeira parte da entrevista, na edi\u00e7\u00e3o UFO 185] que, durante a chamada Noite Oficial dos UFOs no Brasil, em maio de 1986, houve troca de informa\u00e7\u00f5es entre a Cridovni e a For\u00e7a A\u00e9rea Brasileira (FAB). Como ocorreu isso?<\/strong>\u00a0Naquela \u00e9poca eu estava trabalhando nos radares do centro de controle de tr\u00e1fego a\u00e9reo uruguaio e soube dos fatos relativos \u00e0quela ocorr\u00eancia em seu pa\u00eds. A Comiss\u00e3o levantou informa\u00e7\u00f5es sobre o acontecido no Brasil porque aqui no Uruguai tamb\u00e9m tivemos avistamentos na mesma \u00e9poca \u2014 como o caso dos avi\u00f5es Pucar\u00e1 \u2014 e quer\u00edamos comparar os dados brasileiros com os nossos. Entre eles, em especial, se o que foi avistado pelos pilotos de seu pa\u00eds era o mesmo que fora testemunhado pelos daqui, e descobrimos que algumas peculiaridades de ambas as ocorr\u00eancias eram similares \u2014 nos dois casos foram avistadas esferas luminosas. O que chamou muito nossa aten\u00e7\u00e3o foi que a Aeron\u00e1utica brasileira perseguiu uma frota de UFOs sobre a Regi\u00e3o Sudeste, especialmente sobre o Rio de Janeiro e S\u00e3o Paulo.<\/p>\n<p><strong>Como a Cridovni obteve informa\u00e7\u00f5es sobre a Noite Oficial dos UFOs no Brasil para comparar tal acontecimento com os uruguaios?<\/strong>\u00a0Na ocasi\u00e3o, o coronel Eduardo Aguirre, que foi o primeiro presidente da Comiss\u00e3o, fez algumas consultas ao adido militar do consulado brasileiro em Montevid\u00e9u, um representante da sua For\u00e7a A\u00e9rea. Tamb\u00e9m houve muita informa\u00e7\u00e3o divulgada pela imprensa dos dois pa\u00edses, da qual pudemos tirar alguma informa\u00e7\u00e3o. Fomos muito bem atendidos e recebemos dados bem \u00fateis da FAB, que nos permitiram ver que algo similar \u00e0 noite oficial ocorreu aqui do lado uruguaio. N\u00e3o sei se foram os mesmos objetos os observados, mas eram bem similares quanto \u00e0 forma, suas cores e luminosidade.<br \/>\n<br class=\"\\&quot;Intertitulo2\\&quot;\" \/><\/p>\n<h3><span class=\"\\&quot;Intertitulo2\\&quot;\">Quantidade e qualidade<\/span><\/h3>\n<p><strong>\u00c0 frente de um \u00f3rg\u00e3o oficial de pesquisas ufol\u00f3gicas, como a Cridovni, o senhor percebeu se houve recentemente algum aumento no n\u00famero de ocorr\u00eancias, em termos globais? <\/strong>O que me parece ter acontecido foi um aumento na quantidade de informa\u00e7\u00e3o sobre o tema. Hoje, gra\u00e7as aos meios de comunica\u00e7\u00e3o e \u00e0 internet, contamos com muito mais dados do que antes. Podemos, por exemplo, conhecer em tempo real detalhes de uma ocorr\u00eancia de avistamento na Europa, se ela \u00e9 registrada pela m\u00eddia e pela rede mundial. J\u00e1 no Uruguai houve uma diminui\u00e7\u00e3o do n\u00famero de relatos de novos casos, ao passo que aumentou sua qualidade. Se antes havia 100 relatos por ano, agora temos 30 ou 40, mas s\u00e3o mais elaborados e completos \u2014 hoje, o cidad\u00e3o, ao ver um objeto que n\u00e3o conhece, j\u00e1 descarta a possibilidade de ser um sat\u00e9lite, avi\u00e3o ou qualquer outro fen\u00f4meno atmosf\u00e9rico ou meteorol\u00f3gico.<\/p>\n<p><strong>O que o senhor espera para o futuro da Ufologia, digamos em 10 ou 20 anos? O fen\u00f4meno ir\u00e1 aumentar em intensidade, a pesquisa estar\u00e1 em um est\u00e1gio mais avan\u00e7ado? Que quadro, enfim, o senhor imagina que teremos?<\/strong>\u00a0Pelo que temos visto nesses \u00faltimos 30 anos, penso que no futuro a qualidade dos relatos que receberemos vai melhorar ainda mais, que \u00e9 o que j\u00e1 estamos vendo. Se voc\u00ea tivesse feito essa pergunta em 1979, quando a Comiss\u00e3o foi inaugurada, talvez eu tivesse dito que as pesquisas e investiga\u00e7\u00f5es iriam continuar \u00e0 espera de algo novo, ou talvez que a quantidade de relatos aumentaria. No entanto, o que vemos \u00e9 que aumentou sua qualidade, n\u00e3o quantidade \u2014 e acho que dentro de uma ou duas d\u00e9cadas ela ser\u00e1 ainda maior e teremos algo mais definido quanto ao fen\u00f4meno. Esse \u00e9 meu progn\u00f3stico. Talvez tenhamos a sorte de encontrar alguma civiliza\u00e7\u00e3o extraterrestre inteligente em 10 ou 20 anos. Tomara!<\/p>\n<p><strong>O senhor acredita que a intelig\u00eancia que est\u00e1 por tr\u00e1s do Fen\u00f4meno UFO, seja ela de natureza extraterrestre, ultraterrestre ou qualquer outra, est\u00e1 tentando se aproximar de n\u00f3s com algum prop\u00f3sito espec\u00edfico?\u00a0<\/strong>\u00c9 dif\u00edcil ter certeza, mas penso que sim. Essa \u00e9 uma das minhas hip\u00f3teses para explicar a fenomenologia, algo relacionado a extraterrestres. Mas, ao passo que n\u00e3o posso descartar essa ideia, tamb\u00e9m n\u00e3o posso assegurar que estejamos sendo visitados por outras intelig\u00eancias. De maneira l\u00f3gica, a possibilidade existe. Acho que assim como v\u00e1rios pa\u00edses est\u00e3o enviando sondas espaciais para explorar o Sistema Solar, uma civiliza\u00e7\u00e3o igual \u00e0 nossa \u2014 e n\u00e3o precisa ser superior, apenas igual \u00e0 nossa \u2014 tamb\u00e9m pode estar enviando seus aparelhos para c\u00e1. Talvez alguma ra\u00e7a vivendo em um sistema planet\u00e1rio vizinho esteja enviando sondas em nossa dire\u00e7\u00e3o, para fotografar e explorar a Terra e os diferentes planetas do Sistema Solar. Por que n\u00e3o?<\/p>\n<p><strong>Quem sabe tal civiliza\u00e7\u00e3o seja mais adiantada do que a terrestre&#8230;\u00a0<\/strong>Sim, e se for mais adiantada, poderia enviar at\u00e9 tripulantes em tais aparelhos. Mas, n\u00e3o pensemos que sejam mais adiantadas, pelo menos por enquanto. Pensemos apenas que sejam outra semente de vida que caiu em um sistema planet\u00e1rio vizinho ao nosso, e que envia somente sondas rob\u00f3ticas para c\u00e1, tais como as nossas enviadas para o espa\u00e7o. Apenas isso j\u00e1 seria algo extraordin\u00e1rio.<\/p>\n<p><strong>Sobre nossos poss\u00edveis vizinhos c\u00f3smicos, o que o senhor pensa das declara\u00e7\u00f5es feitas recentemente por Stephen Hawking, cientista reconhecido em todo o mundo, que disse que, se extraterrestres vierem \u00e0 Terra, poderemos ter uma surpresa bem desagrad\u00e1vel?<\/strong>\u00a0Quando se ouve algu\u00e9m como Hawking dizer que temos que ter cuidado quando nos encontrarmos com uma civiliza\u00e7\u00e3o superior \u00e0 nossa, logo se pensa: bem, ele deve saber de algo que n\u00f3s n\u00e3o sabemos \u2014 Hawking n\u00e3o faria uma afirma\u00e7\u00e3o dessas sem alguma base s\u00f3lida. Mas o que ele diz \u00e9 certo. Veja o exemplo do contato que os espanh\u00f3is tiveram com as civiliza\u00e7\u00f5es ind\u00edgenas aqui da Am\u00e9rica do Sul, na Idade M\u00e9dia: a experi\u00eancia foi bastante ruim para os primitivos, n\u00e3o \u00e9 verdade? Como se sabe, uma civiliza\u00e7\u00e3o mais poderosa e avan\u00e7ada, como era a europeia daquela \u00e9poca, se comparada \u00e0s na\u00e7\u00f5es ind\u00edgenas que aqui havia, ao se aproximar de uma mais fraca e despreparada, tende a aniquilar essa \u00faltima. Isso ocorreu aos incas, aos maias e aos astecas, por exemplo.<\/p>\n<p><strong>Podemos de fato estar em risco caso outras esp\u00e9cies c\u00f3smicas venham at\u00e9 aqui?<\/strong>\u00a0Creio que o que Hawking disse foi que o contato com uma civiliza\u00e7\u00e3o superior a nossa, que possa vir at\u00e9 aqui em busca de certos recursos naturais, que talvez lhes faltem, pode ser algo perigoso para a humanidade. Mas, na verdade, isso depender\u00e1 do objetivo que efetivamente tenham. Pode ser que venham em busca de algum conhecimento cient\u00edfico que detenhamos, ou de aprendizagem em t\u00e9cnicas de coloniza\u00e7\u00e3o&#8230;<\/p>\n<p>&nbsp;<\/p>\n<p><img loading=\"lazy\" class=\"aligncenter wp-image-6274 size-large\" src=\"https:\/\/www.fenomenum.com.br\/novo\/wp-content\/uploads\/2022\/04\/propaganda-noite-oficial-1-1024x576.jpg\" alt=\"\" width=\"1024\" height=\"576\" \/><\/p>\n<p>&nbsp;<\/p>\n<h2>Refer\u00eancias:<\/h2>\n<hr \/>\n<ol>\n<li>Arquivos CIPEX<\/li>\n<li>CAMARGO, Jackson Luiz. Noite Oficial dos UFOs no Brasil. Curitiba: Revista UFO, 2021.<\/li>\n<li>BA\u00c8RE, Mauro. UFOs e Extraterrestres: Uma Jornada em Busca da Verdade. S\u00e3o Paulo: Editora Brilho coletivo, 2021.<\/li>\n<li>PETIT, Marco Antonio. Um Mergulho na Ufologia Militar Brasileira. Campo Grande: Revista UFO, 2007.<\/li>\n<li>CAMARGO, Jackson Luiz. REVELA\u00c7\u00c3O: A Noite Oficial dos UFOs no Brasil. Revista UFO, n\u00ba 287, p. 26 \u00e0 38, Fevereiro de 2022.<\/li>\n<li>CAMARGO, Jackson Luiz. Um novo olhar sobre a espantosa onda ufol\u00f3gica brasileira de 1986. Revista UFO, n\u00ba 235, p. 42 \u00e0 50, Junho de 2016.<\/li>\n<li><a href=\"https:\/\/www.fenomenum.com.br\/documentos\/brasil\/noite\/1099244_12715.pdf\" target=\"_blank\" rel=\"noopener\">Of\u00edcio n\u00ba 008\/CMDO\/C-138, de 2 de junho de 1986, assinado pelo Comandante Interino do CODa, Brigadeiro Jos\u00e9 Pessoa Cavalcanti de Albuquerque, contendo o relat\u00f3rio final de investiga\u00e7\u00e3o dos fatos ocorridos na noite de 19 de maio de 1986. Arquivo em PDF, contendo 8 p\u00e1ginas (3.36 MB).<\/a><\/li>\n<li><a href=\"https:\/\/www.fenomenum.com.br\/documentos\/brasil\/noite\/1099258_12102.pdf\" target=\"_blank\" rel=\"noopener\">Relat\u00f3rio Manuscrito da For\u00e7a A\u00e9rea Brasileira; Telex da Base A\u00e9rea de An\u00e1polis para o Comdabra; relat\u00f3rio de voo e relat\u00f3rio dos pilotos envolvidos. Arquivo em PDF com 27 p\u00e1ginas (9.50 MB).<\/a><\/li>\n<li><a href=\"https:\/\/www.fenomenum.com.br\/documentos\/brasil\/noite\/1099257_12094.pdf\" target=\"_blank\" rel=\"noopener\">Relat\u00f3rio do Tenente Hugo Nunes Freitas, Chefe controlador do COpM I, para o Chefe da Se\u00e7\u00e3o de Informa\u00e7\u00f5es do COpM I. Arquivo em PDF com 4 p\u00e1ginas (1.65 MB).<\/a><\/li>\n<li><a href=\"https:\/\/www.fenomenum.com.br\/documentos\/brasil\/noite\/1099247_12720.pdf\" target=\"_blank\" rel=\"noopener\">Of\u00edcio n\u00ba 07\/OOP\/C-130, de 29 de maio de 1986, com encaminhamento de documentos e grava\u00e7\u00f5es, emitido pelo Comandante do CINDACTA I para o o Comandante do COMDA. Arquivo em PDF com 11 p\u00e1ginas (3.29 MB).<\/a><\/li>\n<li><a href=\"https:\/\/www.fenomenum.com.br\/documentos\/brasil\/noite\/1099251_12724.pdf\" target=\"_blank\" rel=\"noopener\">Of\u00edcio n\u00ba 001\/SCOAM\/C-046, emitido pelo comandante da Base A\u00e9rea de An\u00e1polis, Coronel Jo\u00e3o Fares Neto, para o Comandante do COMDA, contendo quatro relat\u00f3rio, sendo de 3 pilotos de ca\u00e7a e de um controlador de voo. Arquivo em PDF com 5 p\u00e1ginas (1.95 MB).<\/a><\/li>\n<li><a href=\"https:\/\/www.fenomenum.com.br\/documentos\/brasil\/noite\/1099250_12723.pdf\" target=\"_blank\" rel=\"noopener\">Relat\u00f3rio pessoal do Capit\u00e3o M\u00e1rcio Jord\u00e3o, sobre seu voo de intercepta\u00e7\u00e3o \u00e0 OVNIs, em 19 de maio de 1986. Arquivo em PDF, com uma p\u00e1gina (421 Kb).<\/a><\/li>\n<li><a href=\"https:\/\/www.fenomenum.com.br\/documentos\/brasil\/noite\/1099249_12722.pdf\" target=\"_blank\" rel=\"noopener\">Relat\u00f3rio pessoal do Tenente Kleber Marinho, sobre seu voo de intercepta\u00e7\u00e3o \u00e0 OVNIs, em 19 de maio de 1986. Arquivo em PDF, com 2 p\u00e1ginas (362 Kb).<\/a><\/li>\n<li><a href=\"https:\/\/www.fenomenum.com.br\/documentos\/brasil\/noite\/1099258_12104.pdf\" target=\"_blank\" rel=\"noopener\">Relat\u00f3rios de voo, de ca\u00e7as que decolaram em miss\u00e3o de intercepta\u00e7\u00e3o aos OVNIs, em 19 de maio de 1986. Arquivo em PDF, com 7 p\u00e1ginas (2.14 MB)<\/a>.<\/li>\n<li><a href=\"https:\/\/www.fenomenum.com.br\/documentos\/brasil\/noite\/1099243_12714.pdf\" target=\"_blank\" rel=\"noopener\">Despacho n\u00ba 022\/A2\/C-376, relatando fatos ufol\u00f3gicos ocorridos em setembro de 1986, envolvendo pilotos da FAB. Arquivo em PDF, contendo 9 p\u00e1ginas (2.84 MB).<\/a><\/li>\n<li><a href=\"https:\/\/www.fenomenum.com.br\/documentos\/brasil\/noite\/1099242_12711.pdf\" target=\"_blank\" rel=\"noopener\">Relat\u00f3rio Mensal do COpM, de agosto de 1986, contendo transcri\u00e7\u00e3o de ocorr\u00eancias ufol\u00f3gicas registradas pelo CINDACTA I, e dois question\u00e1rios feitos \u00e0 testemunhas. Arquivo em PDF contendo 17 p\u00e1ginas (4.54 MB).<\/a><\/li>\n<li><a href=\"https:\/\/www.fenomenum.com.br\/documentos\/brasil\/noite\/1099241_12710.pdf\" target=\"_blank\" rel=\"noopener\">Of\u00edcio n\u00ba 11\/OOP\/C-199, de 14 de julho de 1986, contendo relatos, depoimentos e transcri\u00e7\u00f5es do livro do Ajudante de Chefe Controlador do COpM, envolvendo registros de OVNIs em maio e junho de 1986. Arquivo em PDF contendo 19 p\u00e1ginas (4.27 MB)<\/a><\/li>\n<li><a href=\"https:\/\/www.fenomenum.com.br\/documentos\/brasil\/noite\/1099240_12709.pdf\" target=\"_blank\" rel=\"noopener\">Informe n\u00ba 005\/SI\/86-CINDACTA II, de 5 de junho de 1986, referente \u00e0 aparecimento de OVNI pr\u00f3ximo \u00e0 cidade de Bandeirante (PR). Arquivo em PDF, com 1 p\u00e1gina (483 KB).<\/a><\/li>\n<li><a href=\"https:\/\/www.fenomenum.com.br\/documentos\/brasil\/noite\/1099248_12721.pdf\" target=\"_blank\" rel=\"noopener\">Relat\u00f3rio de avistamentos ufol\u00f3gicos registrados pela FAB nas noites seguintes \u00e0 Noite Oficial. Arquivo em PDF, com 12 p\u00e1ginas (2.63 MB).<\/a><\/li>\n<li><a href=\"https:\/\/www.fenomenum.com.br\/documentos\/brasil\/noite\/1099246_12719.pdf\" target=\"_blank\" rel=\"noopener\">Of\u00edcio n\u00ba 006\/A-2\/C-046, do Comandante do III COMAR, contendo relat\u00f3rios de avistamentos ufol\u00f3gicos na regi\u00e3o de Uberaba, em 5 e 28 de Agosto de 1986. Arquivo em PDF contendo 3 p\u00e1ginas (1.30 MB).<\/a><\/li>\n<li><a href=\"https:\/\/www.fenomenum.com.br\/documentos\/brasil\/noite\/1099256_12095.pdf\" target=\"_blank\" rel=\"noopener\">Telex contendo relato de avistamento na costa do Esp\u00edrito Santo, em agosto de 1986. Arquivo em PDF, contendo 2 p\u00e1ginas (494 KB).<\/a><\/li>\n<li><a href=\"https:\/\/www.fenomenum.com.br\/documentos\/brasil\/noite\/1099255_12686.pdf\" target=\"_blank\" rel=\"noopener\">Transcri\u00e7\u00e3o do Livro de Ocorr\u00eancia Operacional do Ajudante Chefe Controlador, com relato de avistamento de piloto de ca\u00e7a em Junho de 1986. Arquivo em PDF contendo 2 p\u00e1ginas (774 Kb).<\/a><\/li>\n<li><a href=\"https:\/\/www.fenomenum.com.br\/documentos\/brasil\/noite\/1099252_12728.pdf\" target=\"_blank\" rel=\"noopener\">Reportagens de jornal, coletadas pela FAB, sobre os eventos de 19 de maio de 1986 (1). Arquivo em PDF, contendo 4 p\u00e1ginas (6.06 MB).<\/a><\/li>\n<li><a href=\"https:\/\/www.fenomenum.com.br\/documentos\/brasil\/noite\/1099252_12727.pdf\" target=\"_blank\" rel=\"noopener\">Reportagens de jornal, coletadas pela FAB, sobre os eventos de 19 de maio de 1986 (2). Arquivo em PDF, contendo 8 p\u00e1ginas (9.34 MB).<\/a><\/li>\n<li><a href=\"https:\/\/www.fenomenum.com.br\/documentos\/brasil\/noite\/1099252_12726.pdf\" target=\"_blank\" rel=\"noopener\">Reportagens de jornal, coletadas pela FAB, sobre os eventos de 19 de maio de 1986 (3). Arquivo em PDF, contendo 5 p\u00e1ginas (8.85 MB).<\/a><\/li>\n<li><a href=\"https:\/\/www.fenomenum.com.br\/documentos\/brasil\/noite\/1986_arquivos_eua_noite_oficial.pdf\" target=\"_blank\" rel=\"noopener\">Documento do Departamento de Defesa dos Estados Unidos, emitido com base em informes da Embaixada dos Estados Unidos no Brasil. Cont\u00e9m duas p\u00e1ginas (136 KB).<\/a><\/li>\n<li>REIS, Carlos Alberto. Voltam os Discos Voadores (e com intensidade m\u00e1xima)!. Revista PSI-UFO n\u00ba 1, p. 29 \u00e0 31. Setembro de 1986.<\/li>\n<li>GRANCHI, Irene. OVNIS Entre o C\u00e9u e a Terra: N\u00e3o se tapa o Sol com a peneira!!! Revista PSI-UFO n\u00ba 1, p. 32 \u00e0 35. Setembro de 1986.<\/li>\n<li>GEVAERD, A. J. Aconteceu tudo de novo: Voltam os OVNIs! Revista Ufologia Nacional e Internacional, n\u00ba 10, p. 4 e 7. Outubro de 1986.<\/li>\n<li>COVO, Claudeir. Maio de 1986: A mobiliza\u00e7\u00e3o no c\u00e9u brasileiro. Revista Planeta: O Assunto \u00e9 Ufologia,\u00a0 n\u00ba 14, p. 12 \u00e0 23.<\/li>\n<li>AMPEU Pesquisa. OVNIs em Montes Claros &#8211; Um Espanto. Revista UFO L\u00f3gica., p.4 e 5. Outubro de 1987.<\/li>\n<li>CARMO, Alberto Francisco. FAB e OVNIs: Opini\u00e3o. Revista UFO L\u00f3gica., p.18. Outubro de 1987.<\/li>\n<li><a href=\"https:\/\/www.fenomenum.com.br\/documentos\/brasil\/noite\/Noite%20oficial%20parte1.doc\" target=\"_blank\" rel=\"noopener\">RAAD, Mariana. A Noite!: Objetos voadores n\u00e3o identificados nos c\u00e9us do Brasil. Revista For\u00e7a A\u00e9rea, Ano 11, n\u00ba 43, p.44 \u00e0 55. Junho, Julho e Agosto de 2006.<\/a><\/li>\n<li>ALBINO, Wallacy. Avi\u00f5es versus UFOs. Revista UFO, ed. 94, p. 14 \u00e0 19. Dezembro de 2003<\/li>\n<li>BOAVENTURA JR, Edison. Maio de 1986: Continua o Sil\u00eancio!. Boletim GUG, n\u00ba 40, p. e 7. Abril\/Junho de 1996.<\/li>\n<li>Coronel Ariel Sanch\u00e9z, em entrevista \u00e0 A.J. Gevaerd, publicado na Revista UFO, edi\u00e7\u00f5es 185 e 186, de Fevereiro e Mar\u00e7o de 2012.<\/li>\n<li>COVO, Claudeir. Confirmado: Os registros militares sobre a Noite Oficial dos UFOs no Brasil, de 19 de maio de 1986, coincidem com as investiga\u00e7\u00f5es realizadas por uf\u00f3logos civis sobre aquela que \u00e9 considerada a maior movimenta\u00e7\u00e3o ufol\u00f3gica do pa\u00eds. Revista UFO, ed. 111, p. 18 \u00e0 21, de Junho de 2005.<\/li>\n<li>MARTINHO, Jeferson. UFOs registrados pela Aeron\u00e1utica Brasileira. Revista UFO n\u00ba 78, p. 14 \u00e0 19. Agosto de 2001.<\/li>\n<li>\u00c9 hora de encerrar o segredo sobre os discos voadores. Revista UFO, n\u00ba 200, p. 15 \u00e0 25. Maio de 2013.<\/li>\n<li>PETIT, Marco Antonio. Invas\u00e3o: O Governo Brasileiro libera documentos secretos sobre a Noite Oficial dos UFOs no Brasil, que confirmam que uma grande frota de UFOs sobrevoou o pa\u00eds em 19 de maio de 1986. Revista UFO, n\u00ba 200, p. 44 \u00e0 51. Maio de 2013.<\/li>\n<li>PETIT, Marco Antonio. Moreira Lima faz revela\u00e7\u00f5es sobre UFOs. Revista UFO n\u00ba49, p. 12 \u00e0 16. Fevereiro de 1997.<\/li>\n<li>MARTINHO, Jeferson. Pol\u00edtica com tom ufol\u00f3gico.\u00a0 Revista UFO, n\u00ba 99, p. 12 \u00e0 15. Maio de 2004.<\/li>\n<li>Lockheed SR-71 Blackbird. Revista Asas de Guerra, n\u00ba 7, p. 134 \u00e0 137. 1997<\/li>\n<li>BARANOFF, Bas\u00edlio. Onda ufol\u00f3gica de 19\/05\/86. Revista PSI-UFO, n\u00ba 4, p; 28 \u00e0 33, de Janeiro\/Fevereiro de 1987.<\/li>\n<li>PETIT, Marco Antonio. OVNIs no Rio de Janeiro. Revista PSI-UFO, n\u00ba 3, p.11 \u00e0 15, de Novembro\/Dezembro de 1986.<\/li>\n<li>CURY, Rafael. Discos Voadores e a FAB. Revista Realismo Fant\u00e1stico n\u00ba 6,\u00a0 p. 26 \u00e0 28.\u00a0 Julho de 1995.<\/li>\n<li>PETIT, Marco Antonio. Fim do Acobertamento ufol\u00f3gico: A hora da verdade. Revista UFO, edi\u00e7\u00e3o 138, p. 16 \u00e0 19. Janeiro de 2008.<\/li>\n<li>VISONI, Rodrigo Moura. A Noite Oficial dos OVNIs. Aeromagazine, n\u00ba 301, p. 74-81. Junho de 2019.<\/li>\n<li>BOAVENTURA Jr, Edison e SANTANA, S\u00e9rgio. Noite Oficial dos OVNIs: Dez dias de invas\u00f5es nos c\u00e9us do Brasil. Revista OVNI Pesquisa, n\u00ba 2, p. 6 \u00e0 p. 11. Agosto de 2018.<\/li>\n<li>SANTANA, S\u00e9rgio. A Noite Oficial dos OVNIs. Revista OVNI Pesquisa, n\u00ba 6, p.20 \u00e0 22. Julho de 2020.<\/li>\n<li>BOAVENTURA JR, Edison. A Noite Oficial dos OVNIs. Revista OVNI Pesquisa, n\u00ba 6, p. 24. Julho de 2020.<\/li>\n<li>OLIVEIRA, Rafaela. Eventos extraordin\u00e1rios sendo tratados com descaso. Revista OVNI Pesquisa, n\u00ba 6, p. 24. Julho de 2020.<\/li>\n<li><a href=\"https:\/\/www.fenomenum.com.br\/novo\/wp-content\/uploads\/2022\/03\/B_SBEDV_168_173.pdf\" target=\"_blank\" rel=\"noopener\">Macro Efeitos da\u00a0 Micro-onda de 1986. Boletim da Sociedade Brasileira de Estudos de Discos Voadores, n\u00ba 168\/173, de Janeiro\/Dezembro de 1986.<\/a><\/li>\n<li><a href=\"https:\/\/www.tvkz.com.br\/regiao\/araxa\/ovnis-foram-vistos-em-araxa-e-uberlandia-na-noite-dos-discos\/12014\" target=\"_blank\" rel=\"noopener\">https:\/\/www.tvkz.com.br\/regiao\/araxa\/ovnis-foram-vistos-em-araxa-e-uberlandia-na-noite-dos-discos\/12014<\/a><\/li>\n<li><a href=\"https:\/\/oberhalbthoth.blogspot.com\/2018\/05\/a-noite-oficial-dos-ovnis-no-brasil_19.html\" target=\"_blank\" rel=\"noopener\">https:\/\/oberhalbthoth.blogspot.com\/2018\/05\/a-noite-oficial-dos-ovnis-no-brasil_19.html<\/a><\/li>\n<li><a href=\"https:\/\/portalcontexto.com\/anapolis-esteve-na-rota-da-noite-oficial-dos-ovnis-no-brasil-ha-35-anos\/\" target=\"_blank\" rel=\"noopener\">https:\/\/portalcontexto.com\/anapolis-esteve-na-rota-da-noite-oficial-dos-ovnis-no-brasil-ha-35-anos\/<\/a><\/li>\n<li><a href=\"https:\/\/www.bbc.com\/portuguese\/brasil-59953278\" target=\"_blank\" rel=\"noopener\">https:\/\/www.bbc.com\/portuguese\/brasil-59953278<\/a><\/li>\n<li><a href=\"https:\/\/g1.globo.com\/ciencia\/noticia\/2022\/01\/14\/a-noite-em-que-21-ovnis-invadiram-o-espaco-aereo-brasileiro-e-foram-perseguidos-por-cacas-da-fab.ghtml\" target=\"_blank\" rel=\"noopener\">https:\/\/g1.globo.com\/ciencia\/noticia\/2022\/01\/14\/a-noite-em-que-21-ovnis-invadiram-o-espaco-aereo-brasileiro-e-foram-perseguidos-por-cacas-da-fab.ghtml<\/a><\/li>\n<li><a href=\"https:\/\/economia.uol.com.br\/todos-a-bordo\/2021\/05\/18\/noite-oficial-ovnis-35-anos.htm\" target=\"_blank\" rel=\"noopener\">https:\/\/economia.uol.com.br\/todos-a-bordo\/2021\/05\/18\/noite-oficial-ovnis-35-anos.htm<\/a><\/li>\n<li><a href=\"https:\/\/www1.folha.uol.com.br\/ciencia\/2022\/01\/a-noite-em-que-21-ovnis-invadiram-o-espaco-aereo-brasileiro-e-foram-perseguidos-por-cacas-da-fab.shtml\" target=\"_blank\" rel=\"noopener\">https:\/\/www1.folha.uol.com.br\/ciencia\/2022\/01\/a-noite-em-que-21-ovnis-invadiram-o-espaco-aereo-brasileiro-e-foram-perseguidos-por-cacas-da-fab.shtml<\/a><\/li>\n<li><a href=\"https:\/\/noticias.r7.com\/hora-7\/noite-oficial-dos-ovnis-os-misterios-do-maior-caso-ufologico-brasileiro-22032019\" target=\"_blank\" rel=\"noopener\">https:\/\/noticias.r7.com\/hora-7\/noite-oficial-dos-ovnis-os-misterios-do-maior-caso-ufologico-brasileiro-22032019<\/a><\/li>\n<li><a href=\"https:\/\/www.aereo.jor.br\/2022\/01\/16\/a-noite-em-que-21-ovnis-foram-perseguidos-por-cacas-da-forca-aerea-brasileira\/\" target=\"_blank\" rel=\"noopener\">https:\/\/www.aereo.jor.br\/2022\/01\/16\/a-noite-em-que-21-ovnis-foram-perseguidos-por-cacas-da-forca-aerea-brasileira\/<\/a><\/li>\n<li><a href=\"https:\/\/sjc.com.br\/2020\/06\/28\/noite-oficial-dos-ovnis\/\" target=\"_blank\" rel=\"noopener\">https:\/\/sjc.com.br\/2020\/06\/28\/noite-oficial-dos-ovnis\/<\/a><\/li>\n<li><a href=\"https:\/\/aventurasnahistoria.uol.com.br\/noticias\/reportagem\/noite-dos-ovinis-um-misterio-de-34-anos-nao-solucionado-pela-forca-aera-brasileira.phtml\" target=\"_blank\" rel=\"noopener\">https:\/\/aventurasnahistoria.uol.com.br\/noticias\/reportagem\/noite-dos-ovinis-um-misterio-de-34-anos-nao-solucionado-pela-forca-aera-brasileira.phtml<\/a><\/li>\n<li><a href=\"https:\/\/history.uol.com.br\/ovnis-e-misterios\/noite-oficial-dos-ovnis-continua-ser-um-dos-maiores-misterios-ufologicos-do\" target=\"_blank\" rel=\"noopener\">https:\/\/history.uol.com.br\/ovnis-e-misterios\/noite-oficial-dos-ovnis-continua-ser-um-dos-maiores-misterios-ufologicos-do<\/a><\/li>\n<li><a href=\"https:\/\/redegeek.com.br\/2017\/09\/19\/ultrageek-305-noite-oficial-dos-ovnis\/\" target=\"_blank\" rel=\"noopener\">https:\/\/redegeek.com.br\/2017\/09\/19\/ultrageek-305-noite-oficial-dos-ovnis\/<\/a><\/li>\n<li><a href=\"https:\/\/www.sjcantigamente.com.br\/34-anos-da-noite-oficial-dos-ovnis\/\" target=\"_blank\" rel=\"noopener\">https:\/\/www.sjcantigamente.com.br\/34-anos-da-noite-oficial-dos-ovnis\/<\/a><\/li>\n<li><a href=\"https:\/\/www.saindodamatrix.com.br\/noite-oficial-dos-ovnis\/\" target=\"_blank\" rel=\"noopener\">https:\/\/www.saindodamatrix.com.br\/noite-oficial-dos-ovnis\/<\/a><\/li>\n<li><a href=\"https:\/\/www.megacurioso.com.br\/ciencia\/120957-noite-dos-discos-voadores-assustou-o-brasil-ha-quase-36-anos.htm\" target=\"_blank\" rel=\"noopener\">https:\/\/www.megacurioso.com.br\/ciencia\/120957-noite-dos-discos-voadores-assustou-o-brasil-ha-quase-36-anos.htm<\/a><\/li>\n<li><a href=\"https:\/\/www.taiadaweb.com.br\/a-noite-dos-ovnis-21-ovnis-estiveram-em-sjc-e-cacapava-e-foram-perseguidos-por-cacas-da-fab\/\" target=\"_blank\" rel=\"noopener\">https:\/\/www.taiadaweb.com.br\/a-noite-dos-ovnis-21-ovnis-estiveram-em-sjc-e-cacapava-e-foram-perseguidos-por-cacas-da-fab\/<\/a><\/li>\n<li><a href=\"https:\/\/www.mundofreak.com.br\/2018\/02\/22\/mundo-freak-confidencial-190-noite-oficial-dos-ovnis\/\" target=\"_blank\" rel=\"noopener\">https:\/\/www.mundofreak.com.br\/2018\/02\/22\/mundo-freak-confidencial-190-noite-oficial-dos-ovnis\/<\/a><\/li>\n<li><a href=\"https:\/\/www.eusemfronteiras.com.br\/relatos-noite-oficial-dos-ovnis\/\" target=\"_blank\" rel=\"noopener\">https:\/\/www.eusemfronteiras.com.br\/relatos-noite-oficial-dos-ovnis\/<\/a><\/li>\n<li><a href=\"https:\/\/jws.com.br\/2022\/01\/a-noite-dos-ovnis-no-brasil-entrevista-com-ozires-silva-fundador-da-embraer\/\" target=\"_blank\" rel=\"noopener\">https:\/\/jws.com.br\/2022\/01\/a-noite-dos-ovnis-no-brasil-entrevista-com-ozires-silva-fundador-da-embraer\/<\/a><\/li>\n<li><a href=\"https:\/\/rollingstone.uol.com.br\/noticia\/ha-35-anos-noite-dos-discos-voadores-assustou-moradores-em-estados-do-brasil\/\" target=\"_blank\" rel=\"noopener\">https:\/\/rollingstone.uol.com.br\/noticia\/ha-35-anos-noite-dos-discos-voadores-assustou-moradores-em-estados-do-brasil\/<\/a><\/li>\n<li><a href=\"https:\/\/ufosfacts.org\/2021\/09\/23\/relatorio-noite-oficial-dos-ufos-ministerio-da-aeronautica\/\" target=\"_blank\" rel=\"noopener\">https:\/\/ufosfacts.org\/2021\/09\/23\/relatorio-noite-oficial-dos-ufos-ministerio-da-aeronautica\/<\/a><\/li>\n<li><a href=\"https:\/\/www.wemystic.com.br\/noite-oficial-dos-ovnis\/\" target=\"_blank\" rel=\"noopener\">https:\/\/www.wemystic.com.br\/noite-oficial-dos-ovnis\/<\/a><\/li>\n<li><a href=\"https:\/\/7minutos.com.br\/noticias\/anapolis\/anapolis-esteve-na-rota-da-noite-oficial-dos-ovnis-no-brasil-ha-35-anos\/\" target=\"_blank\" rel=\"noopener\">https:\/\/7minutos.com.br\/noticias\/anapolis\/anapolis-esteve-na-rota-da-noite-oficial-dos-ovnis-no-brasil-ha-35-anos\/<\/a><\/li>\n<li><a href=\"http:\/\/www.portalburn.com.br\/tag\/noite-oficial-dos-ovnis\/\" target=\"_blank\" rel=\"noopener\">http:\/\/www.portalburn.com.br\/tag\/noite-oficial-dos-ovnis\/<\/a><\/li>\n<li><a href=\"https:\/\/ufosfacts.wordpress.com\/2012\/06\/14\/noite-oficial-dos-ovnis-no-brasil\/\" target=\"_blank\" rel=\"noopener\">https:\/\/ufosfacts.wordpress.com\/2012\/06\/14\/noite-oficial-dos-ovnis-no-brasil\/<\/a><\/li>\n<li><a href=\"https:\/\/www.pressreader.com\/brazil\/mundo-em-foco\/20220131\/281934546367070\" target=\"_blank\" rel=\"noopener\">https:\/\/www.pressreader.com\/brazil\/mundo-em-foco\/20220131\/281934546367070<\/a><\/li>\n<li><a href=\"https:\/\/arquivoufo.com.br\/2012\/04\/19\/21-ovnis-foram-perseguidos-por-cacas-sobre-o-ceu-de-sao-paulo-1986\/\" target=\"_blank\" rel=\"noopener\">https:\/\/arquivoufo.com.br\/2012\/04\/19\/21-ovnis-foram-perseguidos-por-cacas-sobre-o-ceu-de-sao-paulo-1986\/<\/a><\/li>\n<li><a href=\"https:\/\/arquivoufo.com.br\/2017\/06\/21\/noite-oficial-dos-ovnis-e-o-caso-ufologico-mais-legitimo-do-mundo\/\" target=\"_blank\" rel=\"noopener\">https:\/\/arquivoufo.com.br\/2017\/06\/21\/noite-oficial-dos-ovnis-e-o-caso-ufologico-mais-legitimo-do-mundo\/<\/a><\/li>\n<li><a href=\"https:\/\/portalcontexto.com\/anapolis-esteve-na-rota-da-noite-oficial-dos-ovnis-no-brasil-ha-35-anos\/\" target=\"_blank\" rel=\"noopener\">https:\/\/portalcontexto.com\/anapolis-esteve-na-rota-da-noite-oficial-dos-ovnis-no-brasil-ha-35-anos\/<\/a><\/li>\n<li><a href=\"https:\/\/livrosderomancebeatrizfield.blogspot.com\/2016\/10\/curiosidades-sobre-noite-oficial-dos.html\" target=\"_blank\" rel=\"noopener\">https:\/\/livrosderomancebeatrizfield.blogspot.com\/2016\/10\/curiosidades-sobre-noite-oficial-dos.html<\/a><\/li>\n<li>SILVA, Ozires. A decolagem de um sonho: Hist\u00f3ria da Cria\u00e7\u00e3o da Embraer. S\u00e3o Paulo: Lemos Editorial, 1998.<\/li>\n<li><a href=\"https:\/\/fenomenum.com.br\/documentos\/brasil\/noite\/audios\/fita%2001%20-%201195267_54489.mp3\" target=\"_blank\" rel=\"noopener\">Grava\u00e7\u00f5es da Noite Oficial: Fita 1 &#8211; Lado A &#8211; Audio da Torre de Controle do Aeroporto de S\u00e3o Jos\u00e9 dos Campos<\/a><\/li>\n<li><a href=\"https:\/\/fenomenum.com.br\/documentos\/brasil\/noite\/audios\/fita 01 - 1195267_54490.mp3\" target=\"_blank\" rel=\"noopener\">Grava\u00e7\u00f5es da Noite Oficial: Fita 1 &#8211; Lado B &#8211; Audio da Torre de Controle do Aeroporto de S\u00e3o Jos\u00e9 dos Campos<\/a><\/li>\n<li><a href=\"https:\/\/fenomenum.com.br\/documentos\/brasil\/noite\/audios\/fita 02 - 1195268_54491.mp3\" target=\"_blank\" rel=\"noopener\">Grava\u00e7\u00f5es da Noite Oficial: Fita 2 &#8211; Lado A &#8211; Audio da Torre de Controle do Aeroporto de S\u00e3o Jos\u00e9 dos Campos<\/a><\/li>\n<li><a href=\"https:\/\/fenomenum.com.br\/documentos\/brasil\/noite\/audios\/fita 02 - 1195268_54492.mp3\" target=\"_blank\" rel=\"noopener\">Grava\u00e7\u00f5es da Noite Oficial: Fita 2 &#8211; Lado B &#8211; Audio da Torre de Controle do Aeroporto de S\u00e3o Jos\u00e9 dos Campos<\/a><\/li>\n<li><a href=\"https:\/\/fenomenum.com.br\/documentos\/brasil\/noite\/audios\/fita 03 - 1195269_54512.mp3\" target=\"_blank\" rel=\"noopener\">Grava\u00e7\u00f5es da Noite Oficial: Fita 3 &#8211; Lado A &#8211; Audio da Torre de Controle do Aeroporto de S\u00e3o Jos\u00e9 dos Campos<\/a><\/li>\n<li><a href=\"https:\/\/fenomenum.com.br\/documentos\/brasil\/noite\/audios\/fita 03 - 1195269_54513.mp3\" target=\"_blank\" rel=\"noopener\">Grava\u00e7\u00f5es da Noite Oficial: Fita 3 &#8211; Lado B &#8211; Audio da Torre de Controle do Aeroporto de S\u00e3o Jos\u00e9 dos Campos<\/a><\/li>\n<li><a href=\"https:\/\/fenomenum.com.br\/documentos\/brasil\/noite\/audios\/fita 04 - 1195270_54508.mp3\" target=\"_blank\" rel=\"noopener\">Grava\u00e7\u00f5es da Noite Oficial: Fita 4 &#8211; Lado A &#8211; Grava\u00e7\u00e3o das Comunica\u00e7\u00f5es entre o ca\u00e7a Jaguar 98 e a Defesa A\u00e9rea<\/a><\/li>\n<li><a href=\"https:\/\/fenomenum.com.br\/documentos\/brasil\/noite\/audios\/fita 04 - 1195270_54509.mp3\" target=\"_blank\" rel=\"noopener\">Grava\u00e7\u00f5es da Noite Oficial: Fita 4 &#8211; Lado B &#8211; Grava\u00e7\u00e3o das Comunica\u00e7\u00f5es entre o ca\u00e7a Jaguar 98 e a Defesa A\u00e9rea<\/a><\/li>\n<li><a href=\"https:\/\/fenomenum.com.br\/documentos\/brasil\/noite\/audios\/fita 05 - 1195271_54510.mp3\" target=\"_blank\" rel=\"noopener\">Grava\u00e7\u00f5es da Noite Oficial: Fita 5 &#8211; Lado A &#8211; Grava\u00e7\u00e3o das Comunica\u00e7\u00f5es entre o ca\u00e7a Jambock 07 e a Defesa A\u00e9rea<\/a><\/li>\n<li><a href=\"https:\/\/fenomenum.com.br\/documentos\/brasil\/noite\/audios\/fita 05 - 1195271_54511.mp3\" target=\"_blank\" rel=\"noopener\">Grava\u00e7\u00f5es da Noite Oficial: Fita 5 &#8211; Lado B &#8211; Grava\u00e7\u00e3o das Comunica\u00e7\u00f5es entre o ca\u00e7a Jambock 07 e a Defesa A\u00e9rea<\/a><\/li>\n<li><a href=\"https:\/\/fenomenum.com.br\/documentos\/brasil\/noite\/audios\/fita 06 - 1195272_54493.mp3\" target=\"_blank\" rel=\"noopener\">Grava\u00e7\u00f5es da Noite Oficial: Fita 6 &#8211; Lado A &#8211; Grava\u00e7\u00e3o das Comunica\u00e7\u00f5es entre o ca\u00e7a Jaguar-116 e a Defesa A\u00e9rea<\/a><\/li>\n<li><a href=\"https:\/\/fenomenum.com.br\/documentos\/brasil\/noite\/audios\/fita 06 - 1195272_54493.mp3\" target=\"_blank\" rel=\"noopener\">Grava\u00e7\u00f5es da Noite Oficial: Fita 6 &#8211; Lado B &#8211; Grava\u00e7\u00e3o das Comunica\u00e7\u00f5es entre o ca\u00e7a Jaguar-116 e a Defesa A\u00e9rea<\/a><\/li>\n<li><a href=\"https:\/\/fenomenum.com.br\/documentos\/brasil\/noite\/audios\/fita 07 - 1195273_54495.mp3\" target=\"_blank\" rel=\"noopener\">Grava\u00e7\u00f5es da Noite Oficial: Fita 7 &#8211; Lado A &#8211; Grava\u00e7\u00f5es telef\u00f4nicas diversas<\/a><\/li>\n<li><a href=\"https:\/\/fenomenum.com.br\/documentos\/brasil\/noite\/audios\/fita 08 - 1195274_54496.mp3\" target=\"_blank\" rel=\"noopener\">Grava\u00e7\u00f5es da Noite Oficial: Fita 8 &#8211; Lado A &#8211; Grava\u00e7\u00e3o das Comunica\u00e7\u00f5es entre o ca\u00e7a Jambock- 17 e a Defesa A\u00e9rea<\/a><\/li>\n<li><a href=\"https:\/\/fenomenum.com.br\/documentos\/brasil\/noite\/audios\/fita 08 - 1195274_54497.mp3\" target=\"_blank\" rel=\"noopener\">Grava\u00e7\u00f5es da Noite Oficial: Fita 8 &#8211; Lado B &#8211; Grava\u00e7\u00e3o das Comunica\u00e7\u00f5es entre o ca\u00e7a Jambock- 17 e a Defesa A\u00e9rea<\/a><\/li>\n<li>ROCHA JR, J. S. Invas\u00e3o de Tr\u00e1fego A\u00e9reo em 1986. Revista UFO, n\u00ba 55, p. 27. Novembro de 1997.<\/li>\n<li>EQUIPE UFO. Entrevista com Brigadeiro S\u00f3crates Monteiro. Revista UFO, 163. Mar\u00e7o de 2010<\/li>\n<li><a href=\"https:\/\/www.youtube.com\/watch?v=1O0lNc99ES0\" target=\"_blank\" rel=\"noopener\">Reportagem do programa Fant\u00e1stico da Rede Globo exibido em 22\/05\/2016.<\/a><\/li>\n<\/ol>\n","protected":false},"excerpt":{"rendered":"<p>Coronel da For\u00e7a A\u00e9rea do Uruguai revela: enquanto ca\u00e7as da For\u00e7a A\u00e9rea Brasileira perseguiam UFOs no Brasil, ca\u00e7as da For\u00e7a A\u00e9rea do Uruguai tamb\u00e9m perseguiam UFOs no pa\u00eds.\u00a0 Artigo anterior sobre a Noite Oficial dos OVNIs Pr\u00f3ximo artigo sobre a Noite Oficial No final do ano de 2011, o uf\u00f3logo A. J. Gevaerd esteve em [&hellip;]<\/p>\n","protected":false},"author":5,"featured_media":6466,"comment_status":"open","ping_status":"open","sticky":false,"template":"","format":"standard","meta":{"inline_featured_image":false},"categories":[123,1],"tags":[],"_links":{"self":[{"href":"https:\/\/www.fenomenum.com.br\/novo\/wp-json\/wp\/v2\/posts\/6462"}],"collection":[{"href":"https:\/\/www.fenomenum.com.br\/novo\/wp-json\/wp\/v2\/posts"}],"about":[{"href":"https:\/\/www.fenomenum.com.br\/novo\/wp-json\/wp\/v2\/types\/post"}],"author":[{"embeddable":true,"href":"https:\/\/www.fenomenum.com.br\/novo\/wp-json\/wp\/v2\/users\/5"}],"replies":[{"embeddable":true,"href":"https:\/\/www.fenomenum.com.br\/novo\/wp-json\/wp\/v2\/comments?post=6462"}],"version-history":[{"count":1,"href":"https:\/\/www.fenomenum.com.br\/novo\/wp-json\/wp\/v2\/posts\/6462\/revisions"}],"predecessor-version":[{"id":7052,"href":"https:\/\/www.fenomenum.com.br\/novo\/wp-json\/wp\/v2\/posts\/6462\/revisions\/7052"}],"wp:featuredmedia":[{"embeddable":true,"href":"https:\/\/www.fenomenum.com.br\/novo\/wp-json\/wp\/v2\/media\/6466"}],"wp:attachment":[{"href":"https:\/\/www.fenomenum.com.br\/novo\/wp-json\/wp\/v2\/media?parent=6462"}],"wp:term":[{"taxonomy":"category","embeddable":true,"href":"https:\/\/www.fenomenum.com.br\/novo\/wp-json\/wp\/v2\/categories?post=6462"},{"taxonomy":"post_tag","embeddable":true,"href":"https:\/\/www.fenomenum.com.br\/novo\/wp-json\/wp\/v2\/tags?post=6462"}],"curies":[{"name":"wp","href":"https:\/\/api.w.org\/{rel}","templated":true}]}}