{"id":6548,"date":"2022-04-27T22:04:11","date_gmt":"2022-04-28T01:04:11","guid":{"rendered":"https:\/\/www.fenomenum.com.br\/?p=6548"},"modified":"2025-04-21T16:07:46","modified_gmt":"2025-04-21T19:07:46","slug":"noiteoficial24","status":"publish","type":"post","link":"https:\/\/www.fenomenum.com.br\/novo\/noiteoficial24\/","title":{"rendered":"Noite Oficial: Entrevista com o Controlador S\u00e9rgio Mota"},"content":{"rendered":"<p style=\"padding-left: 40px;\"><strong>S\u00e9rgio Mota da Silva era Sargento da Aeron\u00e1utica, controlador de voo e estava de servi\u00e7o na noite de 19 para 20 de maio de 1986. \u00c9 uma das testemunhas centrais dos eventos relacionados \u00e0 Noite Oficial dos OVNIs.<\/strong><\/p>\n<hr \/>\n<table style=\"width: 100%; border-collapse: collapse; background-color: #fafafa; height: 115px;\">\n<tbody>\n<tr style=\"height: 91px;\">\n<td style=\"width: 50%; height: 91px;\"><a href=\"https:\/\/www.fenomenum.com.br\/noiteoficial23\/\"><img loading=\"lazy\" class=\"alignnone wp-image-5349 size-full\" src=\"https:\/\/www.fenomenum.com.br\/novo\/wp-content\/uploads\/2022\/03\/esquerda.png\" alt=\"\" width=\"75\" height=\"75\" \/><\/a><\/td>\n<td style=\"width: 50%; text-align: right; height: 91px;\"><a href=\"https:\/\/www.fenomenum.com.br\/noiteoficial25\/\"><img loading=\"lazy\" class=\"alignright wp-image-5348 size-full\" src=\"https:\/\/www.fenomenum.com.br\/novo\/wp-content\/uploads\/2022\/03\/direita.png\" alt=\"\" width=\"75\" height=\"75\" \/><\/a><\/td>\n<\/tr>\n<tr style=\"height: 24px;\">\n<td style=\"width: 50%; height: 24px;\"><a href=\"https:\/\/www.fenomenum.com.br\/noiteoficial23\">Artigo anterior sobre a Noite Oficial dos OVNIs<\/a><\/td>\n<td style=\"width: 50%; text-align: right; height: 24px;\"><a href=\"https:\/\/www.fenomenum.com.br\/noiteoficial25\">Pr\u00f3ximo artigo sobre a Noite Oficial<\/a><\/td>\n<\/tr>\n<\/tbody>\n<\/table>\n<hr \/>\n<p>Por Jackson Luiz Camargo &#8211; ufojack@yahoo.com<\/p>\n<p>&nbsp;<\/p>\n<p>Por volta das 18 horas da noite de 1986, o ent\u00e3o Sargento S\u00e9rgio Mota da Silva iniciava mais um turno de trabalho na Torre de Controle de S\u00e3o Jos\u00e9 dos Campos (SP). Ele n\u00e3o imaginava que aquela noite de 19 de maio seria uma das mais memor\u00e1veis de sua vida. Acostumado com as rotinas do Controle de Tr\u00e1fego A\u00e9reo, ele reconhecia a exist\u00eancia do Fen\u00f4meno UFO e das implica\u00e7\u00f5es desse enigma dentro de sua profiss\u00e3o. Logo assumiu seu posto e uma das primeiras a\u00e7\u00f5es do seu turno foi gerenciar a decolagem do voo 703, da Rio-Sul, com destino ao Rio de Janeiro (RJ).<\/p>\n<p>Foi nesse momento que S\u00e9rgio observou um foco de luz parado no c\u00e9u a noroeste de S\u00e3o Jos\u00e9 dos Campos, e que assemelhava-se \u00e0 um farol de aeronave visto de frente. Aquela estranha luz permaneceu parada no c\u00e9u, intrigando-o, pois se fosse um avi\u00e3o seria percept\u00edvel seu deslocamento. Devido \u00e0 estranheza do fato e aos protocolos de identifica\u00e7\u00e3o de objetos a\u00e9reo, sejam aeronaves ou UFOs, propriamente ditos, ele ligou para a Torre de Controle do Aeroporto de Guarulhos, para confirmar se havia algum tipo de tr\u00e1fego de aeronave, seguindo para pouso naquela cidade e tendo como rota de aproxima\u00e7\u00e3o a regi\u00e3o de S\u00e3o Jos\u00e9. Ap\u00f3s a negativa do operador, o controlador forneceu maiores detalhes do que estava observando naquele momento, descrevendo-o como um farol esquisito. Enquanto falava com o operador de Guarulhos, o objeto desapareceu e tornou a aparecer, desta vez com um brilho mais intenso. O que se seguiu, ao longo de toda a noite, nas palavras do pr\u00f3prio S\u00e9rgio Mota, foi um verdadeiro festival dos discos voadores, que perdurou at\u00e9 o amanhecer do dia seguinte.<\/p>\n<div id=\"attachment_6549\" style=\"width: 955px\" class=\"wp-caption aligncenter\"><img aria-describedby=\"caption-attachment-6549\" loading=\"lazy\" class=\"wp-image-6549 size-full\" src=\"https:\/\/www.fenomenum.com.br\/novo\/wp-content\/uploads\/2022\/04\/capas-sergio-mota-2.jpg\" alt=\"\" width=\"945\" height=\"378\" srcset=\"https:\/\/www.fenomenum.com.br\/novo\/wp-content\/uploads\/2022\/04\/capas-sergio-mota-2.jpg 945w, https:\/\/www.fenomenum.com.br\/novo\/wp-content\/uploads\/2022\/04\/capas-sergio-mota-2-400x160.jpg 400w, https:\/\/www.fenomenum.com.br\/novo\/wp-content\/uploads\/2022\/04\/capas-sergio-mota-2-650x260.jpg 650w, https:\/\/www.fenomenum.com.br\/novo\/wp-content\/uploads\/2022\/04\/capas-sergio-mota-2-250x100.jpg 250w, https:\/\/www.fenomenum.com.br\/novo\/wp-content\/uploads\/2022\/04\/capas-sergio-mota-2-768x307.jpg 768w, https:\/\/www.fenomenum.com.br\/novo\/wp-content\/uploads\/2022\/04\/capas-sergio-mota-2-150x60.jpg 150w, https:\/\/www.fenomenum.com.br\/novo\/wp-content\/uploads\/2022\/04\/capas-sergio-mota-2-50x20.jpg 50w, https:\/\/www.fenomenum.com.br\/novo\/wp-content\/uploads\/2022\/04\/capas-sergio-mota-2-100x40.jpg 100w, https:\/\/www.fenomenum.com.br\/novo\/wp-content\/uploads\/2022\/04\/capas-sergio-mota-2-200x80.jpg 200w, https:\/\/www.fenomenum.com.br\/novo\/wp-content\/uploads\/2022\/04\/capas-sergio-mota-2-300x120.jpg 300w, https:\/\/www.fenomenum.com.br\/novo\/wp-content\/uploads\/2022\/04\/capas-sergio-mota-2-350x140.jpg 350w, https:\/\/www.fenomenum.com.br\/novo\/wp-content\/uploads\/2022\/04\/capas-sergio-mota-2-450x180.jpg 450w, https:\/\/www.fenomenum.com.br\/novo\/wp-content\/uploads\/2022\/04\/capas-sergio-mota-2-500x200.jpg 500w, https:\/\/www.fenomenum.com.br\/novo\/wp-content\/uploads\/2022\/04\/capas-sergio-mota-2-550x220.jpg 550w, https:\/\/www.fenomenum.com.br\/novo\/wp-content\/uploads\/2022\/04\/capas-sergio-mota-2-800x320.jpg 800w\" sizes=\"(max-width: 945px) 100vw, 945px\" \/><p id=\"caption-attachment-6549\" class=\"wp-caption-text\">S\u00e9rgio Mota da Silva na torre de controle de S\u00e3o Jos\u00e9 dos Campos<\/p><\/div>\n<p>&nbsp;<\/p>\n<p>Ao sair do seu turno de servi\u00e7o, ele permaneceu no escrit\u00f3rio, junto ao seu oficial superior, Tenente Domingos, onde permaneceu, at\u00e9 por volta das 10h30 redigindo seu relat\u00f3rio sobre os eventos por ele vivenciados. Em dado momento, os rep\u00f3rteres chegaram ao local, pedindo ao oficial superior que informasse o nome do controlador de voo, em servi\u00e7o naquela noite e que teria testemunhado fen\u00f4menos ins\u00f3litos ocorridos no c\u00e9u, ao longo da noite.<\/p>\n<p>Como Tenente Domingos recusou a informa\u00e7\u00e3o, ele permaneceu quietinho, na mesa ao lado, redigindo seu relat\u00f3rio, enquanto os jornalistas insistiam no acesso \u00e0 informa\u00e7\u00e3o junto ao oficial superior.<\/p>\n<p>Ao longo dos anos, o controlador de voo S\u00e9rgio Mota manteve discri\u00e7\u00e3o, acompanhando de longe o meio ufol\u00f3gico, inclusive assistindo congressos ufol\u00f3gicos, inc\u00f3gnito na plat\u00e9ia. Frente \u00e0 imprensa tamb\u00e9m manteve-se discreto, sendo que sua primeira entrevista p\u00fablica, embora ocultando seu rosto, sobre os fatos de maio de 1986 s\u00f3 ocorreu em Maio de 2016, em uma entrevista para o programa Fant\u00e1stico, da Rede Globo, e que pode ser conferido no <strong><a href=\"https:\/\/www.youtube.com\/c\/JacksonCamargo\" target=\"_blank\" rel=\"noopener\">Canal Jackson Camargo<\/a><\/strong>, e tamb\u00e9m logo abaixo:.<\/p>\n<p><iframe loading=\"lazy\" title=\"YouTube video player\" src=\"https:\/\/www.youtube.com\/embed\/1O0lNc99ES0\" width=\"560\" height=\"315\" frameborder=\"0\" allowfullscreen=\"allowfullscreen\"><\/iframe><\/p>\n<p>Sua segunda participa\u00e7\u00e3o p\u00fablica ocorreu em 16 de abril de 2021, no programa do Ratinho, que na ocasi\u00e3o fez uma mat\u00e9ria especial sobre o caso, marcando os 35 anos da chamada Noite Oficial dos OVNIs. Neste programa, pela primeira vez, o Sargento S\u00e9rgio Mota da Silva mostrou-se publicamente, apresentando detalhes de sua experi\u00eancia naquela noite e informa\u00e7\u00f5es sobre os dias seguintes \u00e0 Noite Oficial. O v\u00eddeo da reportagem do programa Ratinho pode ser visto, tamb\u00e9m no <strong><a href=\"https:\/\/www.youtube.com\/c\/JacksonCamargo\" target=\"_blank\" rel=\"noopener\">Canal Jackson Camargo<\/a><\/strong>, e tamb\u00e9m logo abaixo:<\/p>\n<p><iframe loading=\"lazy\" title=\"YouTube video player\" src=\"https:\/\/www.youtube.com\/embed\/zeT1Bm-FOw0\" width=\"560\" height=\"315\" frameborder=\"0\" allowfullscreen=\"allowfullscreen\"><\/iframe><\/p>\n<p>&nbsp;<\/p>\n<p>Em 5 de outubro de 2021, pudemos entrevistar o controlador de voo S\u00e9rgio Mota da Silva, em sua casa, no interior do estado de S\u00e3o Paulo, em uma cidade pr\u00f3xima \u00e0 Campinas. Uma pessoa culta, educada e gentil, que nos recebeu bem e falou sobre v\u00e1rios assuntos, notadamente a Noite Oficial dos OVNIs e os fatos por ele vivenciados. Alguns trechos no come\u00e7o e no final da entrevista foram omitidos, tanto pra preservar aspectos pessoais quanto por solicita\u00e7\u00e3o dele, pois envolviam outras pessoas, militares ou pilotos, que n\u00e3o devem ser expostos publicamente, em fun\u00e7\u00e3o de suas profiss\u00f5es e por quest\u00f5es de privacidade a qual respeitamos.<\/p>\n<p>Vamos \u00e0 entrevista:<\/p>\n<p>&nbsp;<\/p>\n<p><strong>O primeiro objeto apareceu que horas, mais ou menos?<\/strong><\/p>\n<p>H\u00e1&#8230; por volta de 18 horas, mais ou menos, a hora que eu subi para render o colega. Ele saiu \u00e0s 18, n\u00e9? Foi na hora que eu subi, eu j\u00e1, com o Sol baixando, escurecendo, e o cara l\u00e1, brilhando. Eu perguntei pro cara e esse avi\u00e3o chegando&#8230; e esse tr\u00e1fego a\u00ed e ele disse que n\u00e3o tinha nada.<\/p>\n<p>&nbsp;<\/p>\n<p><strong>Ent\u00e3o j\u00e1 logo no come\u00e7o dos \u00e1udios existe um corte na grava\u00e7\u00e3o, alguma coisa assim? Porque eu marquei em uma planilha o tempo dos registros de acordo com o \u00e1udio e o avi\u00e3o do Ozires pousou \u00e0s 21h30, mais ou menos n\u00e9?<\/strong><\/p>\n<p>Por a\u00ed&#8230;<\/p>\n<p>&nbsp;<\/p>\n<p><strong>Ent\u00e3o, existe um lapso de tempo nos \u00e1udios. <\/strong><\/p>\n<p>\u00c9. Tem um pouco de tudo naqueles \u00e1udios l\u00e1, sabe? Tem qualidade baixa de \u00e1udio, tem distor\u00e7\u00e3o de \u00e1udio por conta da fita de grava\u00e7\u00e3o que era usada na \u00e9poca, que eram fitas magn\u00e9ticas e tamb\u00e9m houve corte de grava\u00e7\u00e3o, por isso essa diverg\u00eancia de hor\u00e1rios.<\/p>\n<p>&nbsp;<\/p>\n<p><strong>At\u00e9 que horas durou o avistamento. At\u00e9 que horas eles apareceram?<\/strong><\/p>\n<p>Ah&#8230; J\u00e1 estava amanhecendo o dia. Era cinco e pouco da manh\u00e3\u00a0 foi a hora que j\u00e1 n\u00e3o vi, porque estava clareando e n\u00e3o conseguia ver mais nada. E o pessoal do radar informou que eles estavam desaparecendo. Os ca\u00e7as j\u00e1 tinham pousado, porque os ca\u00e7as n\u00e3o pegaram nada, n\u00e3o chegavam perto, n\u00e3o conseguiam fazer nada, ent\u00e3o voltaram. A\u00ed foi o coment\u00e1rio que o outro (ca\u00e7a) quase tinha ca\u00eddo por l\u00e1. Acabou a festa por volta das cinco e qualquer coisa da manh\u00e3. Eu, \u00e0s seis horas sa\u00ed de servi\u00e7o. O cara que chegou pra me render j\u00e1 sabia da confus\u00e3o. J\u00e1 tinha sido avisado pra ele o rolo que estava acontecendo na torre. Durante a noite chegou mais um suboficial que ficou comigo l\u00e1 um tempo acompanhando, depois meu chefe chegou tamb\u00e9m. No tempo em que eu estava sozinho, fiquei como um doido desesperado l\u00e1, tentando atender telefone, falar com todo mundo ao mesmo tempo. Eu fiquei com tr\u00eas telefones fora do gancho, falando com os tr\u00eas ao mesmo tempo. Enquanto o Ozires estava voando, eu ficava com um telefone e um microfone. Mas depois, quando a gente pousou, eu fiquei com tr\u00eas telefones. A\u00ed ent\u00e3o eu falava com S\u00e3o Paulo, Defesa A\u00e9rea e Centro Bras\u00edlia, falando com os tr\u00eas ao mesmo tempo. Eles falavam: \u201cest\u00e1 vendo em tal lugar?\u201d&#8230;Ai eu falava: \u201cestou vendo\u201d&#8230; A\u00ed Bras\u00edlia: \u201cEu n\u00e3o to vendo\u201d e depois: \u201cagora to vendo&#8230;\u201d.<\/p>\n<p>&nbsp;<\/p>\n<p><strong>O que mais lhe impressionou naquela noite?<\/strong><\/p>\n<p>Foram aqueles caras l\u00e1 n\u00e9? Com quem eu consegui interagir. O fato de que eles&#8230; Quando o pessoal me perguntou o que eu acho disso, eu n\u00e3o sei . Eu n\u00e3o acredito nos homens verdes, digamos assim. Mas aquelas coisas eram comandadas de modo inteligente. N\u00e3o eram coisas aleat\u00f3rias. E pra mim uma prova \u00e9 o fato de que eu consegui interagir com tr\u00eas deles. Eles simplesmente respondiam aos meus comandos de balizamento de pista. Ent\u00e3o, se n\u00e3o fossem inteligentes,\u00a0 ignorariam aquilo que eu estava fazendo. E talvez tamb\u00e9m aquilo que eu acredito hoje em dia&#8230; Telepatia? N\u00e3o sei. Mas de algum modo eu quis interagir com eles e eles responderam. Ent\u00e3o, eu acho assim mais interessante, como coisas que o Gerson Maciel de Brito comentou, n\u00e9? H\u00e1 alguma forma de intelig\u00eancia nesses fen\u00f4menos. Que tecnologia eles tem? Quem sabe? Sem chance de entender o que eles s\u00e3o de fato, n\u00e9? Porque o comportamento deles era interessante. Eles faziam curvas absurdas, n\u00e9? O ser humano, a estrutura do ser humano n\u00e3o resistiria \u00e0 essas curvas, mas ser\u00e1 que n\u00e3o existem vidas com outras consist\u00eancias org\u00e2nicas, que estejam imunes \u00e0 esses efeitos de acelera\u00e7\u00e3o que n\u00f3s estamos sujeitos? N\u00e3o sei.<\/p>\n<p>&nbsp;<\/p>\n<p><strong>Pois \u00e9. Talvez anulando a gravidade no ambiente interno&#8230;<\/strong><\/p>\n<p>Ou talvez o que alguns militares americanos j\u00e1 aventaram&#8230; N\u00f3s fazemos drones. Quem sabe eles tamb\u00e9m n\u00e3o tenham drones? Quem sabe essas coisas n\u00e3o s\u00e3o drones? N\u00f3s temos&#8230; Eu estava vendo essa quest\u00e3o dessa guerra l\u00e1 na regi\u00e3o da Europa l\u00e1, acho que na regi\u00e3o do Kosovo, tem guerra naquela \u00e1rea, e tem relato de um drone autossuficiente que matou seres humanos. Ele escolheu os alvos e abateu. \u00c9 o primeiro caso, parece, relatado de m\u00e1quinas, agindo de modo independente, abaterem seres humanos. Se n\u00f3s fazemos drones com essa capacidade, o que ser\u00e1 que tem por a\u00ed solto, n\u00e9?<\/p>\n<p>&nbsp;<\/p>\n<p><strong>E aquele caso do voo rasante, pr\u00f3ximo \u00e0 torre?<\/strong><\/p>\n<p>Ao lado da Torre tem os hangares da Embraer. Em outro lado tem a REVAP (refinaria do Vale do Para\u00edba). Ele passou na altura dos vidros da torre, s\u00f3 que afastado, n\u00e9?. Parecia realmente alguma coisa s\u00f3lida. Mas eu j\u00e1 n\u00e3o sei dizer se era ou se n\u00e3o era.<\/p>\n<div id=\"attachment_6550\" style=\"width: 810px\" class=\"wp-caption aligncenter\"><img aria-describedby=\"caption-attachment-6550\" loading=\"lazy\" class=\"wp-image-6550 size-full\" src=\"https:\/\/www.fenomenum.com.br\/novo\/wp-content\/uploads\/2022\/04\/122664645_bbcbrasil_srgiomotadasilvanatorredecontroledesojosdoscampos_acervopessoal2.jpg-1-1.webp\" alt=\"\" width=\"800\" height=\"450\" srcset=\"https:\/\/www.fenomenum.com.br\/novo\/wp-content\/uploads\/2022\/04\/122664645_bbcbrasil_srgiomotadasilvanatorredecontroledesojosdoscampos_acervopessoal2.jpg-1-1.webp 800w, https:\/\/www.fenomenum.com.br\/novo\/wp-content\/uploads\/2022\/04\/122664645_bbcbrasil_srgiomotadasilvanatorredecontroledesojosdoscampos_acervopessoal2.jpg-1-1-400x225.webp 400w, https:\/\/www.fenomenum.com.br\/novo\/wp-content\/uploads\/2022\/04\/122664645_bbcbrasil_srgiomotadasilvanatorredecontroledesojosdoscampos_acervopessoal2.jpg-1-1-650x366.webp 650w, https:\/\/www.fenomenum.com.br\/novo\/wp-content\/uploads\/2022\/04\/122664645_bbcbrasil_srgiomotadasilvanatorredecontroledesojosdoscampos_acervopessoal2.jpg-1-1-250x141.webp 250w, https:\/\/www.fenomenum.com.br\/novo\/wp-content\/uploads\/2022\/04\/122664645_bbcbrasil_srgiomotadasilvanatorredecontroledesojosdoscampos_acervopessoal2.jpg-1-1-768x432.webp 768w, https:\/\/www.fenomenum.com.br\/novo\/wp-content\/uploads\/2022\/04\/122664645_bbcbrasil_srgiomotadasilvanatorredecontroledesojosdoscampos_acervopessoal2.jpg-1-1-150x84.webp 150w, https:\/\/www.fenomenum.com.br\/novo\/wp-content\/uploads\/2022\/04\/122664645_bbcbrasil_srgiomotadasilvanatorredecontroledesojosdoscampos_acervopessoal2.jpg-1-1-50x28.webp 50w, https:\/\/www.fenomenum.com.br\/novo\/wp-content\/uploads\/2022\/04\/122664645_bbcbrasil_srgiomotadasilvanatorredecontroledesojosdoscampos_acervopessoal2.jpg-1-1-100x56.webp 100w, https:\/\/www.fenomenum.com.br\/novo\/wp-content\/uploads\/2022\/04\/122664645_bbcbrasil_srgiomotadasilvanatorredecontroledesojosdoscampos_acervopessoal2.jpg-1-1-200x113.webp 200w, https:\/\/www.fenomenum.com.br\/novo\/wp-content\/uploads\/2022\/04\/122664645_bbcbrasil_srgiomotadasilvanatorredecontroledesojosdoscampos_acervopessoal2.jpg-1-1-300x169.webp 300w, https:\/\/www.fenomenum.com.br\/novo\/wp-content\/uploads\/2022\/04\/122664645_bbcbrasil_srgiomotadasilvanatorredecontroledesojosdoscampos_acervopessoal2.jpg-1-1-350x197.webp 350w, https:\/\/www.fenomenum.com.br\/novo\/wp-content\/uploads\/2022\/04\/122664645_bbcbrasil_srgiomotadasilvanatorredecontroledesojosdoscampos_acervopessoal2.jpg-1-1-450x253.webp 450w, https:\/\/www.fenomenum.com.br\/novo\/wp-content\/uploads\/2022\/04\/122664645_bbcbrasil_srgiomotadasilvanatorredecontroledesojosdoscampos_acervopessoal2.jpg-1-1-500x281.webp 500w, https:\/\/www.fenomenum.com.br\/novo\/wp-content\/uploads\/2022\/04\/122664645_bbcbrasil_srgiomotadasilvanatorredecontroledesojosdoscampos_acervopessoal2.jpg-1-1-550x309.webp 550w\" sizes=\"(max-width: 800px) 100vw, 800px\" \/><p id=\"caption-attachment-6550\" class=\"wp-caption-text\">S\u00e9rgio Mota da Silva na torre de controle de S\u00e3o Jos\u00e9 dos Campos<\/p><\/div>\n<p>&nbsp;<\/p>\n<p><strong>Certo. E aquele que passa um ou dois objetos voando baixo, que deixam impressionado?<\/strong><\/p>\n<p>\u00c9 esse cara. Ele passou do lado da torre. Tr\u00eas luzes.<\/p>\n<p>&nbsp;<\/p>\n<p><strong>E nesse momento que ele passou, tinha mais dois objetos?<\/strong><\/p>\n<p>N\u00e3o. Eram ele. Era&#8230; Eles vinham&#8230; Assim&#8230; Tinha dois atr\u00e1s e um na frente. Um tri\u00e2ngulo. E passaram.<\/p>\n<p>&nbsp;<\/p>\n<p><strong>A ent\u00e3o voc\u00ea falava no \u00e1udio os objetos voando em ala \u00e9 ent\u00e3o por que era triangular ent\u00e3o? N\u00e3o era tr\u00eas objetos ent\u00e3o. Era um?<\/strong><\/p>\n<p>Eu acho. Quando eu vi, eu pensei que eram tr\u00eas [objetos]. Quando passou do lado tinha impress\u00e3o que era um. E ele tinha um na frente\u2026 Como as luzes de um avi\u00e3o. Eram as luzes dele. E a impress\u00e3o que tinha \u00e9 de que era um objeto s\u00f3lido porque eu n\u00e3o vi direito as luzes da refinaria al\u00e9m dele. Era como se ficasse escuro na hora que ele passou. Ent\u00e3o fiquei na d\u00favida, se era tr\u00eas objetos ou um objeto com tr\u00eas luzes. Eu fiquei na d\u00favida. At\u00e9 hoje eu fico meio na d\u00favida com aquilo ali. Mas aparentemente, a princ\u00edpio eram tr\u00eas objetos voando juntos. Quando o Ozires vem, eu vejo uma luz. Quando o Ozires vem pro pouso, eu vejo duas luzes. Quando passa do lado da torre, o cara vira e a\u00ed eu vejo duas, uma embaixo, uma em cima e uma na frente. Era um tri\u00e2ngulo. Ent\u00e3o, era um cara inteiro, \u00fanico, ou s\u00e3o tr\u00eas? Porque eu vejo, eu vejo dois e ai quando ele passa e vejo tr\u00eas.<\/p>\n<p>&nbsp;<\/p>\n<p><strong>Tem duas hist\u00f3rias que eu ouvi, envolvendo a Noite Oficial e que eu n\u00e3o consegui confirmar. A primeira \u00e9 de que americanos vieram para ajudar a investigar o caso.<\/strong><\/p>\n<p>Ouvi falar tamb\u00e9m. N\u00e3o sei se \u00e9 verdade.<\/p>\n<p>&nbsp;<\/p>\n<p><strong>Eu tentei e at\u00e9 citei no livro e coloquei como sendo algo, como sendo boatos assim. N\u00e3o tem nada de comprove aquilo, ent\u00e3o, ficou ao crit\u00e9rio do leitor acreditar ou n\u00e3o.<\/strong><\/p>\n<p>O que pode ter acontecido. Pode ter vindo realmente algu\u00e9m vindo at\u00e9 aqui, para S\u00e3o Jos\u00e9 dos Campos investigar isso. Como tamb\u00e9m n\u00e3o, porque no Centro T\u00e9cnico Aeroespacial na \u00e9poca, n\u00f3s receb\u00edamos constantemente avi\u00f5es militares de fora. Recebemos pessoal da For\u00e7a A\u00e9rea Norte Americana, recebemos pessoal do Peru, pessoal de outros pa\u00edses da Am\u00e9rica do Sul. O pessoal na \u00e9poca, a f\u00e1brica operava produzindo aeronaves do tipo Tucano e havia muitos compradores. O Brasil estava participando de competi\u00e7\u00f5es internacionais para comprar esses Tucanos. Ent\u00e3o, volte e meia tinha algu\u00e9m estrangeiro aqui. Principalmente americanos, estavam aqui. Volte e meia eles estavam aqui. O que pode ter acontecido \u00e9 algum rep\u00f3rter ter visto uma aeronave militar l\u00e1 estacionada no p\u00e1tio das autoridades e linkou as coisas, n\u00e9. \u201cOs americanos est\u00e3o investigando\u201d. Ent\u00e3o, pode ser isso.<\/p>\n<p>&nbsp;<\/p>\n<p><strong>Outra hist\u00f3ria \u00e9 sobre filmagens que teriam sido feitas naquela noite, daqueles objetos. Chegou a ouvir algo assim? <\/strong><\/p>\n<p>N\u00e3o cheguei a ouvir coment\u00e1rio. Mas naquela \u00e9poca n\u00f3s t\u00ednhamos instala\u00e7\u00f5es de pesquisa e muitas delas disp\u00f5em de sistemas de filmagem, para telemetria. Na \u00e9poca se fazia telemetria de avi\u00f5es, e experi\u00eancias. Os caras tinham instala\u00e7\u00f5es de filmagens, havia c\u00e2meras l\u00e1 no campo de provas de motores de foguetes, ent\u00e3o todos os lugares l\u00e1 dentro havia c\u00e2meras externas. At\u00e9 c\u00e2meras de seguran\u00e7a mesmo das pr\u00f3prias instala\u00e7\u00f5es. Pode uma destas c\u00e2meras ter captado alguma coisa. N\u00e3o descarto isso. Mas que algu\u00e9m filmou, pode ter acontecido, mas eu n\u00e3o ouvi algu\u00e9m falar.<\/p>\n<p>&nbsp;<\/p>\n<p><strong>E aquela informa\u00e7\u00e3o sobre o UFO de 11 Km?<\/strong><\/p>\n<p>\u00c9 verdade. O que aconteceu&#8230; Na noite em que eles voltaram, na segunda noite, no caso, 10 noites depois, os caras voltaram, os ca\u00e7as n\u00e3o foram atr\u00e1s, ningu\u00e9m saiu. O Comando da Aeron\u00e1utica disse que ningu\u00e9m ia. E esse colega me reportou pelo telefone: \u201cBicho, apareceu um tro\u00e7o no mar, l\u00e1 perto de Santos e pelo radar aqui, aquilo tem uns 11 km de di\u00e2metro. \u00c9 gigantesco. E os outros objetos est\u00e3o todos corrigindo pra ele. T\u00e1 todo mundo voando na dire\u00e7\u00e3o dele&#8221;. Ent\u00e3o, os 20 e tantos objetos que estavam voando na \u00e1rea, na hora que ele apareceu no radar do nada, ele apareceu chegando, os caras cruzaram pra ele. Quando todos se fundiram, a chamada fus\u00e3o de alvos, quando eles se fundiram, a\u00ed aquilo desapareceu do radar como um passe de m\u00e1gica. Assim como surgiu do nada, pro nada foi.<\/p>\n<p>&nbsp;<\/p>\n<p><strong>Nossa, 11 Km \u00e9 gigantesco.<\/strong><\/p>\n<p>\u00c9. E tamb\u00e9m n\u00e3o foi relatado nada pelo pessoal. Eu mesmo n\u00e3o relatei nada, porque n\u00e3o foi na minha \u00e1rea, eu n\u00e3o vi nada. Eu n\u00e3o podia relatar o que o colega disse pra mim que tinha visto. Ent\u00e3o n\u00e3o relatei.<\/p>\n<p>&nbsp;<\/p>\n<p><strong>Tem informa\u00e7\u00f5es de pessoas que viram, l\u00e1 da orla de Santos (SP), viram um objeto grande sobre o mar, mas n\u00e3o tinha no\u00e7\u00e3o do tamanho. N\u00e3o tinha no\u00e7\u00e3o de dist\u00e2ncia, ent\u00e3o n\u00e3o podia dizer o tamanho da coisa. <\/strong><\/p>\n<p>\u00c9&#8230; Ele estava pertinho do litoral. O colega disse que ele estava muito perto de Santos (SP). E na \u00e9poca ainda, a Base A\u00e9rea, ainda havia a Base A\u00e9rea de Santos, e havia a Torre de Controle em Santos. S\u00f3 que eu acho que naquele hor\u00e1rio, a Torre estava fechada. Sen\u00e3o provavelmente o operador da torre teria visto objeto l\u00e1 sobre o mar.<\/p>\n<p>&nbsp;<\/p>\n<p><strong>Nossa. Interessante.\u00a0E os tamanhos dos objetos da Noite Oficial?<\/strong><\/p>\n<p>Cara&#8230; Uma brazinha de cigarro. S\u00f3 um pontinho vermelho passando. A maior parte pontinhos vermelhos. O \u00fanico que era destac\u00e1vel e que era muito bonito pela qualidade do brilho dele foi o que eu avistei, que eu descartei ser um avi\u00e3o, porque a olho n\u00fa eu olhava e via um farol. Dava aquelas varia\u00e7\u00f5es como se fosse uma aeronave se movimentando. A\u00ed quando eu botei o bin\u00f3culo pra olhar ele n\u00e3o era o farol de um avi\u00e3o. A luz variava em todas as dire\u00e7\u00f5es e ficava mudando de cor o tempo todo. Ficava azul vermelho, branco, amarelo. Ficava fazendo aquelas mudan\u00e7as de cor. Como se estivesse cintilando. E quando eu tirava o bin\u00f3culo ficava s\u00f3 aquele foco branco, com algumas varia\u00e7\u00f5ezinhas. Quando eu botava no bin\u00f3culo e amplificava, ele vibrava o tempo todo. A\u00ed eu falei, isso n\u00e3o \u00e9 avi\u00e3o. Farol de avi\u00e3o n\u00e3o \u00e9 como isso. Isso \u00e9 qualquer coisa, menos um avi\u00e3o. E com o passar do tempo aquilo foi quase que&#8230; Eu olhava para aquilo e falava isso n\u00e3o \u00e9 avi\u00e3o. Eu n\u00e3o to alucinando e os caras est\u00e3o dizendo que n\u00e3o est\u00e3o vendo nada.<\/p>\n<p>&nbsp;<\/p>\n<p><strong>E qual a explica\u00e7\u00e3o para estes eventos, na sua opini\u00e3o?<\/strong><\/p>\n<p>Houve um caso ocorrido aqui em Campinas (SP), pois eu trabalho no aeroporto de Campinas, e o que aconteceu l\u00e1, envolveu tr\u00eas colegas. Eu e mais tr\u00eas colegas. Eu estava na posi\u00e7\u00e3o Torre, trabalhando, pousando e decolando avi\u00e3o. A\u00ed uma colega vira e diz assim: \u201c<em>\u00d4 Mota e aquela hist\u00f3ria l\u00e1 de S\u00e3o Jos\u00e9 dos Campos (SP)?<\/em>\u201d A\u00ed eu olhei pra ela e disse: \u201c<em>Que isso menina? Que hist\u00f3ria de S\u00e3o Jos\u00e9 dos Campos?<\/em>\u201d&#8230; \u201cA<em>h. A hist\u00f3ria dos OVNIs em S\u00e3o Jos\u00e9&#8230;<\/em>\u201d. Eu nunca tinha falado no assunto com ningu\u00e9m. Eu olhei pra ela e falei: \u201c<em>Como \u00e9 que voc\u00ea est\u00e1 sabendo essa hist\u00f3ria?<\/em>\u201d. \u201c<em>U\u00e9&#8230; T\u00e1 na Internet!<\/em>\u201d. \u201c<em>Como na Internet?<\/em>\u201d. \u201c<em>Ah&#8230; O Comando da Aeron\u00e1utica est\u00e1 liberando e tem o livro de ocorr\u00eancia l\u00e1 na Internet<\/em>\u201d. A\u00ed catei o celular e olhei l\u00e1 o livro de ocorr\u00eancia. Fotoc\u00f3pia da p\u00e1gina do livro. E falei: \u201c<em>\u00c9 mesmo&#8230; Est\u00e3o divulgando<\/em>\u201d. Ela disse: \u201c<em>conta pra gente?<\/em>\u201d. A\u00ed fui contando pra eles e a gente trabalhando. Em um dado momento&#8230; Ent\u00e3o, tinha uma colega \u00e0 minha esquerda, e mais duas colegas \u00e0 direita, uma controlando o tr\u00e1fego de avi\u00f5es no solo, eu cuidando do pouso e decolagem, a outra a me auxiliar, e a outra l\u00e1 do lado dando autoriza\u00e7\u00e3o de tr\u00e1fego para os avi\u00f5es, ou seja, aprovando os planos de voo. E atr\u00e1s, um encarregado da equipe. Eu contando pra elas o que tinha acontecido e de repente, na frente da torre, acima de Campinas (SP) acendeu um farolz\u00e3o, azulado, monstruoso, na frente da torre. A\u00ed todo mundo falou: &#8220;<em>O que \u00e9 aquilo? Voc\u00eas est\u00e3o vendo luz \u00e9? Estamos vendo&#8221;<\/em>&#8230; O cara fez um movimento bem grande na nossa frente. Come\u00e7ou a subir devagarinho, virou assim pra cima e vupt pro c\u00e9u. Mas, disparou pro c\u00e9u como um raio. A\u00ed eu fiquei pensativo: \u201c<em>Puxa, que luz \u00e9 essa&#8221;,<\/em> e todo mundo abaixou para olhar o cara sumir no c\u00e9u. Passou assim no meio das nuvens e disparando pra cima. E pela nossa experi\u00eancia em avia\u00e7\u00e3o, aquilo n\u00e3o era avi\u00e3o, aquilo n\u00e3o era helic\u00f3ptero, aquilo n\u00e3o era bal\u00e3o com cangalha, n\u00e3o era nada. Porque o cara fez assim, acendeu na cara da gente, aquele farolz\u00e3o gigante, fez assim, virou pra cima o farol, s\u00f3 uma parte final est\u00e1vamos vendo, outra parte virada pra cima, iluminou as nuvens e subiu.<\/p>\n<p>&nbsp;<\/p>\n<p><strong>N\u00e3o apareceu no radar?<\/strong><\/p>\n<p>Nada. Nada. Zero radar. N\u00f3s olhamos no radar e n\u00e3o tinha nada no radar. A\u00ed falamos: &#8220;<em>puxa, vi azul<\/em>&#8220;. A minha colega: \u201c<em>N\u00e3o! Era vermelho<\/em>\u201d. A outra: \u201c<em>N\u00e3o! Era verde<\/em>\u201d. Ai ficou, cada um viu uma cor, mas n\u00f3s tr\u00eas vimos a mesma coisa. E o encarregado da equipe l\u00e1 atr\u00e1s ficou olhando, assim, sem entender nada. \u201c<em>Que foi?<\/em>\u201d. A\u00ed falamos pra ele e ele disse: \u201c<em>Mas eu n\u00e3o vi nada! Na hora que voc\u00eas disseram eu n\u00e3o vi nada. Eu olhei e n\u00e3o vi nada. N\u00e3o tinha nada l\u00e1 fora<\/em>\u201d. E ele achou que a gente estava de brincadeira. Que a gente tinha combinado. Ele falou: \u201c<em>Porra, eu n\u00e3o vi nada<\/em>\u201d. A gente: \u201c<em>aconteceu isso, e isso, e isso<\/em>\u201d. A gente ficou assim.<\/p>\n<p>&nbsp;<\/p>\n<p><strong>Interessante.<\/strong><\/p>\n<p>\u00c9 por isso que eu tenho essa cren\u00e7a hoje em dia, de que de algum modo, a gente interfere e provoca esses fen\u00f4menos. Quando eu comecei a contar pra elas o que tinha acontecido, de algum modo, talvez o campo energ\u00e9tico delas e o meu possa ter provocado aquele fen\u00f4meno. Possa ter provocado essa intera\u00e7\u00e3o com essas dimens\u00f5es, pois aquilo simplesmente apareceu na cara da gente, fez aquele show e foi embora.<\/p>\n<p>&nbsp;<\/p>\n<p><strong>N\u00e3o fizeram nenhum registro oficial, nada?<\/strong><\/p>\n<p>N\u00e3o. O encarregado, que tinha que fazer, disse: \u201c<em>Eu n\u00e3o vi, eu n\u00e3o relato<\/em>\u201d. Ent\u00e3o ficou por isso mesmo.<\/p>\n<p>&nbsp;<\/p>\n<p><strong>Geralmente quando ocorre um fato estranho voc\u00eas fazem um registro no livro de ocorr\u00eancias da Torre.<\/strong><\/p>\n<p>\u00c9. Tem o Livro de Ocorr\u00eancia da Torre e tem formul\u00e1rios espec\u00edficos pra isso.<\/p>\n<p>&nbsp;<\/p>\n<p><strong>Sim. No caso da Noite Oficial, foi feito alguma coisa, algum registro de torre, ou algo assim?<\/strong><\/p>\n<p>Foi, foi foi. Eu passei, eu fiz o relato no livro, depois eu preenchi uma tonelada de papel l\u00e1 descrevendo da maneira mais suscinta poss\u00edvel o que eu tinha visto. Foi o que me custou&#8230; Eu cheguei, eu sai de servi\u00e7o \u00e0s 6 horas da manh\u00e3 e cheguei em casa mais de 11 horas da manh\u00e3.<\/p>\n<p>&nbsp;<\/p>\n<p><strong>Isso confirma que\u00a0 nem todos os documentos oficiais envolvendo a Noite Oficial foram liberados.<\/strong><\/p>\n<p>Eu acredito que sim. Porque o que eu vi liberarem a\u00ed foi&#8230; Se bem que eu n\u00e3o vi os outros documentos que foram liberados, n\u00e9. O Comando da Aeron\u00e1utica liberou um monte de coisa. N\u00e3o sei quantas mil formul\u00e1rios, de documentos, liberados. Eu n\u00e3o sei do caso que me toca o que que foi liberado. Realmente eu n\u00e3o sei.<\/p>\n<p>&nbsp;<\/p>\n<p><strong>\u00c9&#8230; D\u00e1 umas, se n\u00e3o me engano, \u00e9 183 p\u00e1ginas sobre 1986. <\/strong><\/p>\n<p>\u00c9 bastante.<\/p>\n<p>&nbsp;<\/p>\n<p><strong>Mas livros de registros da torre eu n\u00e3o vi nenhum. E uma coisa que eu n\u00e3o vi tamb\u00e9m nos documentos \u00e9 depoimento de pilotos comerciais voando naquela noite.<\/strong><\/p>\n<p>O que acontece. O Gerson Maciel de Brito me contou uma coisa que era comum entre os pilotos, n\u00e9. Ele falou: \u201cOlha&#8230; Quando os pilotos avistam n\u00e3o falam por causa do psiquiatra, da consulta, daquele neg\u00f3cio todo. E quando aconteceu isso a\u00ed em S\u00e3o Jos\u00e9 e com ele o evento, e o dele foi p\u00fablico, n\u00e9&#8230;<\/p>\n<p>&nbsp;<\/p>\n<h3>Um fen\u00f4meno interativo<\/h3>\n<p>Dentro dos trechos que n\u00e3o transcrevemos aqui, o controlador S\u00e9rgio Mota aprofunda seu ponto de vista em rela\u00e7\u00e3o ao fen\u00f4meno ufol\u00f3gico. Baseado na experi\u00eancia ocorrida com ele e seus colegas, na Torre de Controle de Campinas, al\u00e9m de outras experi\u00eancias pessoais, Mota acredita que a mente humana, de alguma forma, pode se conectar \u00e0 essas intelig\u00eancias de modo que a partir dessa conex\u00e3o estabelecida, o fen\u00f4meno se manifesta. E como tal fen\u00f4meno se conecta \u00e0 mente da testemunha, sua pr\u00f3pria percep\u00e7\u00e3o desta pode ser influenciada de alguma forma, o que explicaria, por exemplo, a diferen\u00e7a na cor percebida no avistamento ocorrido em Campinas.<\/p>\n<p>&nbsp;<\/p>\n<p>&nbsp;<\/p>\n<p>&nbsp;<\/p>\n<p>&nbsp;<\/p>\n<p>&nbsp;<\/p>\n<p>&nbsp;<\/p>\n","protected":false},"excerpt":{"rendered":"<p>S\u00e9rgio Mota da Silva era Sargento da Aeron\u00e1utica, controlador de voo e estava de servi\u00e7o na noite de 19 para 20 de maio de 1986. \u00c9 uma das testemunhas centrais dos eventos relacionados \u00e0 Noite Oficial dos OVNIs. Artigo anterior sobre a Noite Oficial dos OVNIs Pr\u00f3ximo artigo sobre a Noite Oficial Por Jackson Luiz [&hellip;]<\/p>\n","protected":false},"author":5,"featured_media":6563,"comment_status":"open","ping_status":"open","sticky":false,"template":"","format":"standard","meta":{"inline_featured_image":false},"categories":[123,1],"tags":[],"_links":{"self":[{"href":"https:\/\/www.fenomenum.com.br\/novo\/wp-json\/wp\/v2\/posts\/6548"}],"collection":[{"href":"https:\/\/www.fenomenum.com.br\/novo\/wp-json\/wp\/v2\/posts"}],"about":[{"href":"https:\/\/www.fenomenum.com.br\/novo\/wp-json\/wp\/v2\/types\/post"}],"author":[{"embeddable":true,"href":"https:\/\/www.fenomenum.com.br\/novo\/wp-json\/wp\/v2\/users\/5"}],"replies":[{"embeddable":true,"href":"https:\/\/www.fenomenum.com.br\/novo\/wp-json\/wp\/v2\/comments?post=6548"}],"version-history":[{"count":1,"href":"https:\/\/www.fenomenum.com.br\/novo\/wp-json\/wp\/v2\/posts\/6548\/revisions"}],"predecessor-version":[{"id":7057,"href":"https:\/\/www.fenomenum.com.br\/novo\/wp-json\/wp\/v2\/posts\/6548\/revisions\/7057"}],"wp:featuredmedia":[{"embeddable":true,"href":"https:\/\/www.fenomenum.com.br\/novo\/wp-json\/wp\/v2\/media\/6563"}],"wp:attachment":[{"href":"https:\/\/www.fenomenum.com.br\/novo\/wp-json\/wp\/v2\/media?parent=6548"}],"wp:term":[{"taxonomy":"category","embeddable":true,"href":"https:\/\/www.fenomenum.com.br\/novo\/wp-json\/wp\/v2\/categories?post=6548"},{"taxonomy":"post_tag","embeddable":true,"href":"https:\/\/www.fenomenum.com.br\/novo\/wp-json\/wp\/v2\/tags?post=6548"}],"curies":[{"name":"wp","href":"https:\/\/api.w.org\/{rel}","templated":true}]}}