{"id":6553,"date":"2022-04-28T09:42:21","date_gmt":"2022-04-28T12:42:21","guid":{"rendered":"https:\/\/www.fenomenum.com.br\/?p=6553"},"modified":"2025-04-21T16:07:44","modified_gmt":"2025-04-21T19:07:44","slug":"noiteoficial25","status":"publish","type":"post","link":"https:\/\/www.fenomenum.com.br\/novo\/noiteoficial25\/","title":{"rendered":"Noite Oficial: Entrevista com Brigadeiro. S\u00f3crates Monteiro"},"content":{"rendered":"<p style=\"padding-left: 40px;\"><strong>Entrevista com o Brigadeiro S\u00f3crates Monteiro, que fala sobre Ufologia, libera\u00e7\u00e3o de documentos oficiais e sobre seu avistamento do fen\u00f4meno ocorrido na Noite Oficial dos OVNis, em 19 de maio de 1986.<\/strong><\/p>\n<hr \/>\n<table style=\"width: 100%; border-collapse: collapse; background-color: #fafafa; height: 115px;\">\n<tbody>\n<tr style=\"height: 91px;\">\n<td style=\"width: 50%; height: 91px;\"><a href=\"https:\/\/www.fenomenum.com.br\/noiteoficial24\/\"><img loading=\"lazy\" class=\"alignnone wp-image-5349 size-full\" src=\"https:\/\/www.fenomenum.com.br\/novo\/wp-content\/uploads\/2022\/03\/esquerda.png\" alt=\"\" width=\"75\" height=\"75\" \/><\/a><\/td>\n<td style=\"width: 50%; text-align: right; height: 91px;\"><a href=\"https:\/\/www.fenomenum.com.br\/noiteoficial26\/\"><img loading=\"lazy\" class=\"alignright wp-image-5348 size-full\" src=\"https:\/\/www.fenomenum.com.br\/novo\/wp-content\/uploads\/2022\/03\/direita.png\" alt=\"\" width=\"75\" height=\"75\" \/><\/a><\/td>\n<\/tr>\n<tr style=\"height: 24px;\">\n<td style=\"width: 50%; height: 24px;\"><a href=\"https:\/\/www.fenomenum.com.br\/noiteoficial24\">Artigo anterior sobre a Noite Oficial dos OVNIs<\/a><\/td>\n<td style=\"width: 50%; text-align: right; height: 24px;\"><a href=\"https:\/\/www.fenomenum.com.br\/noiteoficial26\">Pr\u00f3ximo artigo sobre a Noite Oficial<\/a><\/td>\n<\/tr>\n<\/tbody>\n<\/table>\n<hr \/>\n<p>Por A. J. Gevaerd, para a Revista UFO, 163<\/p>\n<p>&nbsp;<\/p>\n<p>Cresce a cada dia a lista de militares que j\u00e1 n\u00e3o concordam mais com o sigilo imposto \u00e0 presen\u00e7a alien\u00edgena na Terra. No final de outubro foi a vez do tenente-brigadeiro S\u00f3crates da Costa Monteiro, que recebeu a Revista UFO e concedeu entrevista exclusiva, fazendo significativas declara\u00e7\u00f5es sobre a manifesta\u00e7\u00e3o de UFOs em nosso pa\u00eds. Monteiro foi ministro da Aeron\u00e1utica do Governo Collor, no per\u00edodo de 1990-1992, e ocupou in\u00fameras posi\u00e7\u00f5es de destaque no meio militar brasileiro. A entrevista se deu em sua resid\u00eancia, no Rio de Janeiro, e foi conduzida pelo editor A. J. Gevaerd, pelo co-editor Marco Antonio Petit e pelos consultores Francisco Pires de Campos e Arthur Ferreira Neto. Foram mais de duas horas de interessante e proveitosa conversa, em que o oficial sentiu-se \u00e0 vontade e sem qualquer constrangimento para falar sobre os discos voadores, como outros que tamb\u00e9m j\u00e1 prestaram depoimento \u00e0 UFO.<\/p>\n<p>Monteiro est\u00e1 na Reserva da For\u00e7a A\u00e9rea Brasileira (FAB) h\u00e1 anos, mas mant\u00e9m v\u00ednculos com militares na ativa de v\u00e1rios setores do oficialato brasileiro. Tem mem\u00f3ria extremamente l\u00facida de fatos marcantes sobre suas atividades e \u2013 de especial interesse para a Ufologia \u2013 sobre como o pa\u00eds lidou com a quest\u00e3o durante o tempo em que esteve na ativa. Como outros ministros, antes e depois dele, Monteiro tamb\u00e9m teve acesso as= informa\u00e7\u00f5es de gravidade sobre a manifesta\u00e7\u00e3o de outras esp\u00e9cies c\u00f3smicas em nosso pa\u00eds, relatando alguns casos. Apesar de ter sido piloto de v\u00e1rios tipos de aeronaves, inclusive de ca\u00e7a, nas quais tem mais de 5 mil horas de voo, n\u00e3o teve experi\u00eancias a bordo, mas em solo, junto de sua esposa.<\/p>\n<p>O militar foi comandante do I Centro Integrado de Defesa A\u00e9rea e Controle de Tr\u00e1fego A\u00e9reo (CINDACTA I), em Bras\u00edlia, fase em que esteve \u00e0 frente do registro de ocorr\u00eancias ufol\u00f3gicas em todo o pa\u00eds, em especial na \u00e1rea do Distrito Federal e Regi\u00e3o Sudeste. Ele revelou que as observa\u00e7\u00f5es de objetos voadores n\u00e3o identificados j\u00e1 eram constantes nas telas de radar do \u00f3rg\u00e3o bem antes dele assumir seu comando, que todos os casos eram meticulosamente anotados e que alguns acabavam sendo investigados pela Aeron\u00e1utica. Na ocasi\u00e3o ainda n\u00e3o se empregava o termo \u201c<em>tr\u00e1fego hotel<\/em>\u201d para designar UFOs [Veja edi\u00e7\u00e3o UFO 111].<\/p>\n<p>&nbsp;<\/p>\n<p><span class=\"destaqueOlho\">&#8220;<em>Os arquivos ufol\u00f3gicos devem ser abertos e voc\u00eas devem continuar sua a\u00e7\u00e3o junto ao Governo para garantir que isso ocorra<\/em>&#8220;.<br \/>\n&#8211; Brigadeiro S\u00f3crates da Costa Monteiro<br \/>\n<\/span><\/p>\n<p>&nbsp;<\/p>\n<div id=\"attachment_6556\" style=\"width: 805px\" class=\"wp-caption aligncenter\"><img aria-describedby=\"caption-attachment-6556\" loading=\"lazy\" class=\"wp-image-6556 size-full\" src=\"https:\/\/www.fenomenum.com.br\/novo\/wp-content\/uploads\/2022\/04\/7c18b4db60a31313c591ef4325420c6d1528833092-1-1.jpg\" alt=\"\" width=\"795\" height=\"415\" srcset=\"https:\/\/www.fenomenum.com.br\/novo\/wp-content\/uploads\/2022\/04\/7c18b4db60a31313c591ef4325420c6d1528833092-1-1.jpg 795w, https:\/\/www.fenomenum.com.br\/novo\/wp-content\/uploads\/2022\/04\/7c18b4db60a31313c591ef4325420c6d1528833092-1-1-400x209.jpg 400w, https:\/\/www.fenomenum.com.br\/novo\/wp-content\/uploads\/2022\/04\/7c18b4db60a31313c591ef4325420c6d1528833092-1-1-650x339.jpg 650w, https:\/\/www.fenomenum.com.br\/novo\/wp-content\/uploads\/2022\/04\/7c18b4db60a31313c591ef4325420c6d1528833092-1-1-250x131.jpg 250w, https:\/\/www.fenomenum.com.br\/novo\/wp-content\/uploads\/2022\/04\/7c18b4db60a31313c591ef4325420c6d1528833092-1-1-768x401.jpg 768w, https:\/\/www.fenomenum.com.br\/novo\/wp-content\/uploads\/2022\/04\/7c18b4db60a31313c591ef4325420c6d1528833092-1-1-150x78.jpg 150w, https:\/\/www.fenomenum.com.br\/novo\/wp-content\/uploads\/2022\/04\/7c18b4db60a31313c591ef4325420c6d1528833092-1-1-50x26.jpg 50w, https:\/\/www.fenomenum.com.br\/novo\/wp-content\/uploads\/2022\/04\/7c18b4db60a31313c591ef4325420c6d1528833092-1-1-100x52.jpg 100w, https:\/\/www.fenomenum.com.br\/novo\/wp-content\/uploads\/2022\/04\/7c18b4db60a31313c591ef4325420c6d1528833092-1-1-200x104.jpg 200w, https:\/\/www.fenomenum.com.br\/novo\/wp-content\/uploads\/2022\/04\/7c18b4db60a31313c591ef4325420c6d1528833092-1-1-300x157.jpg 300w, https:\/\/www.fenomenum.com.br\/novo\/wp-content\/uploads\/2022\/04\/7c18b4db60a31313c591ef4325420c6d1528833092-1-1-350x183.jpg 350w, https:\/\/www.fenomenum.com.br\/novo\/wp-content\/uploads\/2022\/04\/7c18b4db60a31313c591ef4325420c6d1528833092-1-1-450x235.jpg 450w, https:\/\/www.fenomenum.com.br\/novo\/wp-content\/uploads\/2022\/04\/7c18b4db60a31313c591ef4325420c6d1528833092-1-1-500x261.jpg 500w, https:\/\/www.fenomenum.com.br\/novo\/wp-content\/uploads\/2022\/04\/7c18b4db60a31313c591ef4325420c6d1528833092-1-1-550x287.jpg 550w\" sizes=\"(max-width: 795px) 100vw, 795px\" \/><p id=\"caption-attachment-6556\" class=\"wp-caption-text\">Brigadeiro S\u00f3crates da Costa Monteiro teve acesso a informa\u00e7\u00f5es de fatos graves envolvendo UFOs no Brasil. Cr\u00e9ditos: ARQUIVO UFO<\/p><\/div>\n<h3><span class=\"Intertitulo2\">\u201cTecnologia mais avan\u00e7ada que a nossa\u201d<\/span><\/h3>\n<p>Em meio a v\u00e1rias ocorr\u00eancias, Monteiro descreveu uma situa\u00e7\u00e3o em que a esta\u00e7\u00e3o de radar do CINDACTA no Gama (DF) foi sobrevoada em baixa altitude por um objeto disc\u00f3ide de grandes propor\u00e7\u00f5es, e que seus homens, sem saberem como proceder, simplesmente abriram fogo contra o intruso. Ao saber disso, por telefone, Monteiro deu-lhes ordens expressas para interromperem o tiroteio imediatamente. \u201c<em>Eles t\u00eam uma tecnologia muito mais avan\u00e7ada do que a nossa e n\u00e3o sabemos como reagiriam \u00e0 nossa a\u00e7\u00e3o<\/em>\u201d, disse referindo-se aos tripulantes da nave, informando ainda que esta era a doutrina adotada na \u00e9poca, ou seja, n\u00e3o agredir para n\u00e3o sofrer as consequ\u00eancias.<\/p>\n<p>O entrevistado tamb\u00e9m foi comandante do IV Comando A\u00e9reo Regional (COMAR 4), localizado em S\u00e3o Paulo, \u00f3rg\u00e3o que controla o espa\u00e7o a\u00e9reo da Regi\u00e3o Sudeste. Assim, esteve sob sua jurisdi\u00e7\u00e3o a chamada Noite Oficial dos UFOs no Brasil, ocorrida em 19 de maio de 1986, quando o Rio de Janeiro, S\u00e3o Paulo e Goi\u00e1s foram inundados com o aparecimento de mais de 20 esferas voadoras de cerca de 100 m de di\u00e2metro cada, que acabaram sendo perseguidas por sete ca\u00e7as F-5E e Mirage da FAB, enviados das bases a\u00e9reas de Santa Cruz (RJ) e de An\u00e1polis (GO).<\/p>\n<p>Este \u00e9 um dos casos ufol\u00f3gicos mais importantes do pa\u00eds e base da campanha UFOs: Liberdade de Informa\u00e7\u00e3o J\u00e1. Entre as testemunhas envolvidas estava o ent\u00e3o presidente da Embraer Ozires Silva, que, a bordo de um avi\u00e3o Xingu em v\u00f4o entre Bras\u00edlia e S\u00e3o Jos\u00e9 do Campos, avistou alguns dos objetos e chegou a persegui-los sobre o nordeste do estado de S\u00e3o Paulo [Veja edi\u00e7\u00e3o UFO 140]. Como se sabe, o ent\u00e3o ministro da Aeron\u00e1utica na \u00e9poca, brigadeiro Oct\u00e1vio Moreira Lima, chegou a ir \u00e0 TV em rede nacional, no dia seguinte, para admitir a \u201cinvas\u00e3o\u201d do espa\u00e7o a\u00e9reo brasileiro por UFOs [Veja edi\u00e7\u00e3o UFO 049]. Ambos, Silva e Moreira Lima, s\u00e3o amigos de Monteiro e o primeiro lhe confidenciou detalhes de seu avistamento, que ser\u00e3o oportunamente revelados na UFO.<\/p>\n<p>&nbsp;<\/p>\n<h3><span class=\"Intertitulo2\">\u201cCerta forma de intelig\u00eancia\u201d<\/span><\/h3>\n<p>Como se soube atrav\u00e9s da edi\u00e7\u00e3o UFO 160, o Governo Federal acaba de liberar um documento important\u00edssimo sobre a Noite Oficial dos UFOs no Brasil, em que admite que os artefatos observados eram \u201c<em>s\u00f3lidos e refletiam certa forma de intelig\u00eancia<\/em>\u201d, al\u00e9m de realizarem manobras espantosas. O documento pode ser acessado no Portal UFO [ufo.com.br]. Devido \u00e0 esta libera\u00e7\u00e3o, o assunto central da entrevista com Monteiro, naturalmente, foi a ocorr\u00eancia de 19 de maio de 1986, que foi confirmada de diversas formas pelo militar, inclusive com detalhes at\u00e9 ent\u00e3o desconhecidos. A ele s\u00e3o atribu\u00eddas algumas contundentes declara\u00e7\u00f5es sobre os fatos, prestadas na \u00e9poca. Por exemplo, ele teria dito que \u201c<em>h\u00e1 muitos anos esses casos v\u00eam sendo registrados pela Aeron\u00e1utica\u201d e que os UFOs \u201cpassaram de 250 para 1.500 km\/h em fra\u00e7\u00e3o de segundo\u201d. <\/em>Monteiro tamb\u00e9m teria afirmado que<em> \u201ca FAB filmou todo o evento em v\u00eddeotapes<\/em>\u201d. Tais fatos foram agora complementados por ele.<\/p>\n<p>Referindo-se aos UFOs sempre com o termo \u201c<em>anomalias eletr\u00f4nicas<\/em>\u201d, segundo ele devido \u201c<em>\u00e0 falta de uma explica\u00e7\u00e3o melhor para o que eram aqueles objetos<\/em>\u201d, o entrevistado disse que sua velocidade era realmente estarrecedora e que os ca\u00e7as conseguiam se aproximar deles apenas por alguns instantes, porque em seguida os intrusos disparavam com fant\u00e1stica rapidez. \u201c<em>N\u00e3o havia como nos aproximarmos mais, e ent\u00e3o acabamos abandonando as buscas, que duraram muitas horas naquela madrugada<\/em>\u201d. H\u00e1 refer\u00eancia de que os UFOs chegaram a atingir a velocidade de Mach 15, ou seja, 15 vezes a velocidade do som, o que Monteiro disse ser poss\u00edvel, embora os instrumentos tivessem medido apenas perto de 3.500 km\/h. \u201c<em>Depois disso podem ter sofrido distor\u00e7\u00f5es naturais de leitura<\/em>\u201d.<\/p>\n<p>Quanto \u00e0 For\u00e7a A\u00e9rea Brasileira (FAB) ter gravado os fatos em videotapes, como afirmado na \u00e9poca dos acontecimentos, Monteiro disse que, na verdade, o \u00f3rg\u00e3o \u2013 em especial o CINDACTA \u2013 sempre anotava sistematicamente o que ocorria nas telas de radar, e que tudo aquilo foi registrado em grava\u00e7\u00f5es apropriadas feitas a partir dos instrumentos. Mas disse que a cada 30 dias as fitas s\u00e3o apagadas e reutilizadas, n\u00e3o sabendo se estas que cont\u00eam informa\u00e7\u00f5es sobre os fatos de maio de 86 tamb\u00e9m o foram.<span class=\"Intertitulo2\"><br \/>\n<\/span><\/p>\n<p>&nbsp;<\/p>\n<h3><span class=\"Intertitulo2\">Outras esp\u00e9cies<\/span><\/h3>\n<p>O entrevistado foi cauteloso o tempo todo. Inicialmente fechado, foi cedendo \u00e0 press\u00e3o dos entrevistadores e deixando claro que, assim como outros graduados militares brasileiros, ele tamb\u00e9m tem clara no\u00e7\u00e3o de que estamos sendo visitados por outras esp\u00e9cies c\u00f3smicas. Mesmo que no in\u00edcio da conversa tenha se referido aos UFOs como anomalias eletr\u00f4nicas, aos poucos foi falando em \u201celes\u201d para designar seus tripulantes, em \u201cnaves\u201d para efetivamente descrever o que eram seus ve\u00edculos, mencionando ainda sua \u201ctecnologia\u201d. Tamb\u00e9m se referiu abertamente \u00e0s intelig\u00eancias por tr\u00e1s do fen\u00f4meno, sugerindo de forma expl\u00edcita que estamos diante de civiliza\u00e7\u00f5es superiores.<\/p>\n<p>Esta foi a afirma\u00e7\u00e3o mais contundente de Monteiro, que ele deu ao final da entrevista, quando voltou a se referir ao caso em que seus homens atiravam num disco voador sobre a esta\u00e7\u00e3o de radar do Gama, e que ele teve que intervir imediatamente, \u201c<em>pois a rea\u00e7\u00e3o deles poderia ser tr\u00e1gica para n\u00f3s<\/em>\u201d. Para tanto, usou como analogia o Caso Mantell, ocorrido nos Estados Unidos em 1948, em que o piloto Thomas Mantell encontrou a morte e seu avi\u00e3o foi destro\u00e7ado ap\u00f3s a persegui\u00e7\u00e3o a um UFO. \u201c<em>Por isso, quando perseguiam tais \u2018anomalias eletr\u00f4nicas\u2019, nossos ca\u00e7as o faziam com cautela<\/em>\u201d.<\/p>\n<p>&nbsp;<\/p>\n<h3><span class=\"Intertitulo2\">Apoio \u00e0 liberdade de informa\u00e7\u00e3o<\/span><\/h3>\n<p>Ao fim da conversa, quando j\u00e1 estava mais confort\u00e1vel diante das perguntas da Equipe UFO, passou a se referir a tais anomalias praticamente rindo de sua pr\u00f3pria interpreta\u00e7\u00e3o do fen\u00f4meno e admitindo que usava a express\u00e3o apenas \u201c<em>por n\u00e3o ter um UFO nas m\u00e3os para poder dizer exatamente o que s\u00e3o<\/em>\u201d.<\/p>\n<p>Enfim, o tenente-brigadeiro S\u00f3crates da Costa Monteiro \u00e9 mais um homem do meio militar brasileiro que, reconhecendo a s\u00e9ria miss\u00e3o dos uf\u00f3logos da Revista UFO em levantar detalhes da presen\u00e7a alien\u00edgena na Terra para informar \u00e0 sociedade, oferece seu apoio \u00e0 campanha UFOs: Liberdade de Informa\u00e7\u00e3o J\u00e1, conduzida pela Comiss\u00e3o Brasileira de Uf\u00f3logos (CBU) atrav\u00e9s da publica\u00e7\u00e3o. Como seus colegas anteriormente entrevistados \u2013 entre eles o brigadeiro Jos\u00e9 Carlos Pereira e os coron\u00e9is Uyrang\u00ea Hollanda, Gabriel Brasil e Antonio Celente Videira \u2013, ele admite a seriedade da manifesta\u00e7\u00e3o ufol\u00f3gica em Territ\u00f3rio Nacional e a necessidade de se tratar dela de forma transparente.<\/p>\n<div id=\"attachment_6557\" style=\"width: 340px\" class=\"wp-caption aligncenter\"><img aria-describedby=\"caption-attachment-6557\" loading=\"lazy\" class=\"wp-image-6557 size-full\" src=\"https:\/\/www.fenomenum.com.br\/novo\/wp-content\/uploads\/2022\/04\/t88597815.jpg\" alt=\"\" width=\"330\" height=\"221\" \/><p id=\"caption-attachment-6557\" class=\"wp-caption-text\">Na foto [A partir da esquerda] Monteiro est\u00e1 com Gevaerd, Petit e Campos. Cr\u00e9ditos: Arquivo UFO<\/p><\/div>\n<p>No encerramento dos trabalhos, Monteiro declarou: \u201c<em>Os arquivos ufol\u00f3gicos devem ser abertos e voc\u00eas devem continuar sua a\u00e7\u00e3o junto ao Governo, para garantir que isso ocorra<\/em>\u201d. O conte\u00fado integral desta entrevista ser\u00e1 publicado na pr\u00f3xima edi\u00e7\u00e3o da Revista UFO. O editor deseja agradecer \u00e0 leitora e colaboradora Magaly Mendon\u00e7a Lima, que convenceu o militar a conced\u00ea-la, e ao consultor Francisco Pires de Campos, por viabiliz\u00e1-la.<\/p>\n<p>&nbsp;<\/p>\n<h3>Artigo completo e entrevista<\/h3>\n<p>O mais recente militar a aderir ao clima de abertura ufol\u00f3gica em nosso pa\u00eds deixa claro, em sua entrevista, que os uf\u00f3logos brasileiros est\u00e3o no caminho certo ao buscarem o reconhecimento oficial da exist\u00eancia e a\u00e7\u00e3o de discos voadores em nossos c\u00e9us. Mais do que isso, o tenente-brigadeiro S\u00f3crates da Costa Monteiro tamb\u00e9m admite o desejo de conhecer de perto a tecnologia de nossos visitantes, e afirma: \u201c<em>Se tivessem me pedido para abrir os arquivos secretos na minha \u00e9poca como ministro da Aeron\u00e1utica, eu abriria<\/em>\u201d. Com sua manifesta\u00e7\u00e3o, cresce ainda mais a lista de oficiais que j\u00e1 n\u00e3o concordam mais com o sigilo imposto \u00e0 presen\u00e7a alien\u00edgena na Terra.<\/p>\n<div id=\"attachment_6558\" style=\"width: 787px\" class=\"wp-caption aligncenter\"><img aria-describedby=\"caption-attachment-6558\" loading=\"lazy\" class=\"wp-image-6558 size-full\" src=\"https:\/\/www.fenomenum.com.br\/novo\/wp-content\/uploads\/2022\/04\/cnot_4431.jpg\" alt=\"\" width=\"777\" height=\"550\" \/><p id=\"caption-attachment-6558\" class=\"wp-caption-text\">Mais um militar revela o que sabe sobre os UFOs<\/p><\/div>\n<p>&nbsp;<\/p>\n<p>Monteiro foi ministro da Aeron\u00e1utica entre 1990 e 1992, durante o Governo Fernando Collor de Mello, e ocupou diversas posi\u00e7\u00f5es de destaque no meio militar brasileiro. Ainda hoje, mesmo na Reserva da For\u00e7a A\u00e9rea Brasileira (FAB) h\u00e1 anos, mant\u00e9m v\u00ednculos com militares na ativa de v\u00e1rios setores do oficialato nacional. Como comandante do I Centro Integrado de Defesa A\u00e9rea e Controle de Tr\u00e1fego A\u00e9reo (CINDACTA I), em Bras\u00edlia, o entrevistado esteve \u00e0 frente do registro de ocorr\u00eancias ufol\u00f3gicas em todo o pa\u00eds, em especial na \u00e1rea do Distrito Federal e Regi\u00e3o Sudeste. E revela nestas p\u00e1ginas que observa\u00e7\u00f5es e detec\u00e7\u00f5es de UFOs j\u00e1 eram constantes nas telas de radar do \u00f3rg\u00e3o bem antes dele assumir seu comando \u2013 e que todos os casos eram meticulosamente anotados pela Aeron\u00e1utica, e alguns investigados.<\/p>\n<p>&nbsp;<\/p>\n<h3><span class=\"\\&quot;Intertitulo2\\&quot;\">\u201cOs objetos chegaram a 4.000 km\/h\u201d<\/span><\/h3>\n<p>Com mem\u00f3ria l\u00facida de suas atividades militares, que incluem desde ser piloto do Correio A\u00e9reo Nacional a comandante de importantes destacamentos, como o 7<sup>o<\/sup> Comando A\u00e9reo Regional (COMAR VII), em Manaus, Monteiro relata aqui, pela primeira vez, seu interesse pela Ufologia e como o pa\u00eds lidou com a quest\u00e3o durante o tempo em que esteve na ativa. Como outros que ocuparam as mesmas pastas antes dele, o entrevistado tamb\u00e9m teve acesso a informa\u00e7\u00f5es de gravidade sobre a manifesta\u00e7\u00e3o de outras esp\u00e9cies c\u00f3smicas em nosso pa\u00eds, relatando alguns casos. Apesar de ter sido piloto de v\u00e1rios tipos de aeronaves, inclusive de ca\u00e7a, nas quais tem mais de 5 mil horas de voo, n\u00e3o teve experi\u00eancias ufol\u00f3gicas a bordo, mas em solo, junto de sua esposa, no Rio de Janeiro.<\/p>\n<p>O brigadeiro S\u00f3crates Monteiro tamb\u00e9m foi comandante do 4o Comando A\u00e9reo Regional (COMAR 4), localizado em S\u00e3o Paulo, \u00f3rg\u00e3o que controla o espa\u00e7o a\u00e9reo da Regi\u00e3o Sudeste. Desta forma, estava sob sua jurisdi\u00e7\u00e3o toda a \u00e1rea do Territ\u00f3rio Nacional sobre a qual se desenvolveu a chamada Noite Oficial dos UFOs no Brasil, em 19 de maio de 1986, um dos pilares da campanha UFOs: Liberdade de Informa\u00e7\u00e3o J\u00e1. Na ocasi\u00e3o, como se sabe, o Rio de Janeiro, S\u00e3o Paulo e Goi\u00e1s foram inundados com o aparecimento de mais de 20 esferas voadoras de cerca de 100 m de di\u00e2metro cada, que acabaram sendo perseguidas por sete ca\u00e7as F-5E e Mirage da FAB, enviados das bases a\u00e9reas de Santa Cruz (RJ) e de An\u00e1polis (GO). \u201c<em>Meus t\u00e9cnicos me informaram que os objetos chegaram a 4.000 km\/h, mas esta velocidade \u00e9 grande demais para os radares, que perdem sua precis\u00e3o<\/em>\u201d, declarou.<\/p>\n<p>Ao relatar com exclusividade para a Revista UFO um caso espantoso ocorrido dentro das instala\u00e7\u00f5es do CINDACTA, na cidade do Gama (DF), Monteiro reconheceu que os tripulantes da nave em quest\u00e3o eram detentores de elevada tecnologia. Seus homens no local, sem sua autoriza\u00e7\u00e3o e sem saberem como proceder, simplesmente abriram fogo contra no intruso. Ao saber disso, por telefone, o brigadeiro deu-lhes ordens para interromperem o tiroteio imediatamente. \u201c<em>Eles t\u00eam uma tecnologia muito mais avan\u00e7ada do que a nossa e n\u00e3o sabemos como reagiriam \u00e0 nossa a\u00e7\u00e3o<\/em>\u201d. Em mais de uma vez durante a entrevista Monteiro se referiu \u00e0s esp\u00e9cies que nos visitam como mais evolu\u00eddas, mas isso n\u00e3o pareceu f\u00e1cil para ele. No in\u00edcio do di\u00e1logo, com muitas reservas naturais, se referia ao fen\u00f4meno como \u201c<em>anomalias eletr\u00f4nicas<\/em>\u201d, \u201cna falta de um termo mais apropriado\u201d. Mas, aos poucos, foi se abrindo e chegou v\u00e1rias vezes a rir de sua interpreta\u00e7\u00e3o, deixando claro que, na verdade, sempre soube da proced\u00eancia extraterrestre dos UFOs.<\/p>\n<p>Amigo de outros militares envolvidos em incidentes ufol\u00f3gicos, como o ex-presidente da Embraer Ozires Silva e o ex-ministro da Aeron\u00e1utica Oct\u00e1vio Moreira Lima, Monteiro confessa sua imensa curiosidade quanto aos discos voadores. \u201c<em>Queria logo entrar naquele \u2018tro\u00e7o\u2019 e ver como \u00e9<\/em>\u201d. A ele s\u00e3o atribu\u00eddas algumas outras contundentes declara\u00e7\u00f5es sobre a chamada Noite Oficial dos UFOs no Brasil, agora trazida \u00e0 tona em importante documento liberado pelo Governo Federal [Veja UFO 160]. Por exemplo, ele teria dito que \u201c<em>h\u00e1 muitos anos esses casos v\u00eam sendo registrados pela Aeron\u00e1utica<\/em>\u201d e que os UFOs \u201c<em>passaram de 250 para 1.500 km\/h em fra\u00e7\u00e3o de segundos<\/em>\u201d. Monteiro tamb\u00e9m teria afirmado que \u201c<em>a FAB gravou todo o evento em fitas magn\u00e9ticas<\/em>\u201d. Tais fatos s\u00e3o agora complementados por ele.<\/p>\n<p>Embora cada vez mais aberto quanto \u00e0 exist\u00eancia de outras formas de vida inteligente, o entrevistado foi cauteloso o tempo todo. Cedendo \u00e0 press\u00e3o dos entrevistadores, acabou deixando claro que, assim como outros graduados oficiais brasileiros, tamb\u00e9m est\u00e1 consciente de que estamos sendo visitados por esp\u00e9cies c\u00f3smicas mais avan\u00e7adas. \u201c<em>Sabemos que elas n\u00e3o representam amea\u00e7a a n\u00f3s, e tenho a convic\u00e7\u00e3o de que sua aproxima\u00e7\u00e3o \u00e9 para nos conhecer<\/em>\u201d. Estas palavras, enunciadas por um dos homens respons\u00e1veis pela implanta\u00e7\u00e3o do importante Sistema de Vigil\u00e2ncia da Amaz\u00f4nia (SIVAM), assim como da privatiza\u00e7\u00e3o da Embraer, se revestem de significado especial.<\/p>\n<p>Como se ver\u00e1 em mais uma marcante entrevista da Revista UFO, o tenente-brigadeiro S\u00f3crates da Costa Monteiro \u00e9 outro destacado integrante do meio militar brasileiro que reconhece a seriedade da miss\u00e3o dos uf\u00f3logos em levantar conhecimento sobre a presen\u00e7a alien\u00edgena na Terra \u00e0 sociedade, e presta seu apoio e solidariedade \u00e0 campanha UFOs: Liberdade de Informa\u00e7\u00e3o J\u00e1, conduzida pela Comiss\u00e3o Brasileira de Uf\u00f3logos (CBU) atrav\u00e9s desta publica\u00e7\u00e3o. Como seus colegas que ocuparam este espa\u00e7o antes, Monteiro tamb\u00e9m \u00e9 claro em dizer que cabe aos uf\u00f3logos a determina\u00e7\u00e3o da natureza do Fen\u00f4meno UFO, e \u00e0s institui\u00e7\u00f5es governamentais dar-lhes apoio.<\/p>\n<p>&nbsp;<\/p>\n<p><strong>Brigadeiro, gostaria de come\u00e7ar esta entrevista agradecendo sua gentileza em nos receber e fazendo uma pergunta para qual muita gente espera ouvir sua resposta: durante sua longa carreira militar, fora dela ou quando foi ministro da Aeron\u00e1utica, o senhor teve alguma experi\u00eancia ufol\u00f3gica?<\/strong><br \/>\nBem, isso depende do que se entende por experi\u00eancia ufol\u00f3gica. Mas posso dizer que j\u00e1 vi coisas que me chamaram a aten\u00e7\u00e3o. Inclusive minha esposa participou de um momento destes. O fato ocorreu durante aquela noite em que muitos estranhos objetos foram vistos sobre Rio, S\u00e3o Paulo e S\u00e3o Jos\u00e9 dos Campos [A Noite Oficial dos UFOs no Brasil]. Ela estava na sacada de nosso apartamento no Rio, que tem uma vista para o mar de Copacabana, quando viu uma luz bizarra no c\u00e9u e deu um salto. Ela olhou para mim e disse: \u201c<em>\u00c9 um disco voador\u201d. Na hora, vendo aquilo e a rea\u00e7\u00e3o de minha esposa, retruquei brincando: \u201cN\u00e3o sei o que \u00e9 aquilo, mas se voc\u00ea disser alguma coisa a algu\u00e9m eu ponho voc\u00ea de castigo. Voc\u00ea n\u00e3o viu nada, voc\u00ea n\u00e3o sabe de nada. Se n\u00e3o se calar, vai criar problema para si mesma. E eu tamb\u00e9m n\u00e3o direi nada<\/em>\u201d. Mas fui apanhar um bin\u00f3culo possante que eu tinha, da Marinha, atrav\u00e9s do qual vi melhor a tal luz.<\/p>\n<p><strong>O que o senhor pensou que pudesse ser aquilo, j\u00e1 que, com tamanho conhecimento de aeron\u00e1utica, certamente descartou como algo conhecido?<\/strong><br \/>\nO que era, realmente n\u00e3o posso dizer. Mas, naquela mesma noite, o Ozires Silva teve uma experi\u00eancia semelhante. Voc\u00eas conhecem a hist\u00f3ria dele, n\u00e3o? Ele estava indo de Bras\u00edlia para S\u00e3o Jos\u00e9 dos Campos, quando viu uma luz n\u00e3o identificada ao lado do seu avi\u00e3o, um modelo Xingu da Embraer. O Ozires foi entrevistado pela TV no dia seguinte e disse: \u201c<em>Realmente, aquela luz veio do meu lado, me acompanhou por bastante tempo e passava de um lado para o outro da aeronave<\/em>\u201d. Quando ouvi aquilo, falei para ele: \u201c<em>Agora o mundo est\u00e1 perdido, voc\u00ea n\u00e3o vai conseguir esconder isso de ningu\u00e9m<\/em>\u201d. Ele riu. O Ozires era meu colega de turma, meu amigo pessoal e tinha toda intimidade comigo. Ao ouvir sua descri\u00e7\u00e3o, minha esposa disse a ele: \u201c<em>Pois \u00e9, Ozires, eu e o S\u00f3crates tamb\u00e9m vimos<\/em>\u201d. Noutra entrevista que deu, ele acabou se referindo a minha observa\u00e7\u00e3o com minha esposa. Enfim, o caso agora \u00e9 conhecido. Por\u00e9m, para mim, dar um testemunho pessoal do g\u00eanero \u00e9 coisa com a qual eu teria dificuldades, porque nunca vi nada muito claro, nada que eu possa simplesmente dizer que n\u00e3o \u00e9 humano. Algo que eu pudesse falar assim: [Como se diante de uma entidade] \u201c<em>O senhor n\u00e3o \u00e9 humano, \u00e9 extraterrestre<\/em>\u201d. Ent\u00e3o, nunca vi nada desse tipo, mas vi fen\u00f4menos no c\u00e9u, aos quais eu dei o nome de \u201c<em>anomalias eletr\u00f4nicas<\/em>\u201d.<\/p>\n<p><strong>Anomalias eletr\u00f4nicas? O que s\u00e3o elas, brigadeiro?<\/strong><br \/>\nS\u00e3o fen\u00f4menos que ocorrem no c\u00e9u para os quais n\u00e3o temos compreens\u00e3o. Deixem-me explicar melhor, pois quando eu fui comandante do Centro Integrado de Defesa A\u00e9rea e Controle de Tr\u00e1fego A\u00e9reo (CINDACTA ), em Bras\u00edlia, t\u00ednhamos muitos casos. Ali\u00e1s, voc\u00eas sabem que o CINDACTA tem um sistema de opera\u00e7\u00f5es muito sofisticado. Iguais a ele, quando foi criado, havia apenas dois na Am\u00e9rica Latina \u2013 um era o metr\u00f4 da Cidade do M\u00e9xico e outro o metr\u00f4 de S\u00e3o Paulo. O CINDACTA integrava todo o Territ\u00f3rio Nacional com um potente sistema de computadores e em tempo real. N\u00f3s grav\u00e1vamos tudo que se passava em nossos radares, tudo que era captado era guardado durante 30 dias. Depois deste per\u00edodo n\u00f3s desgrav\u00e1vamos as fitas para que pudessem ser usadas novamente nas grava\u00e7\u00f5es seguintes. E \u00e0s vezes apareciam uns sinais nas telas, de objetos que paravam e se movimentavam, e a gente n\u00e3o sabia o que eram. Ent\u00e3o, anot\u00e1vamos tudo aquilo e, na falta de um nome melhor, cham\u00e1vamos tais artefatos de \u201c<em>anomalias eletr\u00f4nicas<\/em>\u201d [Na \u00e9poca, ainda n\u00e3o se empregava a express\u00e3o \u201c<em>Tr\u00e1fego Hotel<\/em>\u201d]. Sim, porque era algo eletr\u00f4nico e a gente n\u00e3o sabia do que se tratava.<\/p>\n<p><strong>Al\u00e9m das detec\u00e7\u00f5es das tais anomalias, o senhor chegou a receber relatos de pessoas sobre observa\u00e7\u00f5es de objetos voadores n\u00e3o identificados?<\/strong><br \/>\nSim, sim. \u00c0s vezes apareciam pessoas querendo me contar hist\u00f3rias de coisas que tinham visto, tanto militares como civis. Um caso em especial chamou a minha aten\u00e7\u00e3o, pois envolveu nossas instala\u00e7\u00f5es de uma forma muito s\u00e9ria. O CINDACTA tinha em uma cidade vizinha a Bras\u00edlia, o Gama, uma constru\u00e7\u00e3o onde estavam implantados seus radares e a \u00e1rea das telecomunica\u00e7\u00f5es. O comandante daquelas instala\u00e7\u00f5es era o capit\u00e3o Jo\u00e3o Bernardo Vieira. Eu tinha acabado de assumir o comando do Centro Integrado de Defesa A\u00e9rea e Controle de Tr\u00e1fego A\u00e9reo (CINDACTA ), h\u00e1 n\u00e3o mais de uns dois meses, quando, numa noite, por volta das 22h00, o Vieira me telefonou dizendo que os radares do Gama estavam sendo sobrevoados por estranhos objetos. \u201c<em>Comandante, isso aqui est\u00e1 cheio de discos voadores<\/em>\u201d, disse-me. E eu falei para ele: \u201c<em>N\u00e3o seja maluco rapaz, fala s\u00e9rio<\/em>\u201d. E ele insistiu: \u201c<em>N\u00e3o, eles est\u00e3o aqui mesmo, comandante. E est\u00e3o jogando pedra na gente<\/em>\u201d. O Vieira ainda disse que uns soldados haviam dado tiros no objeto, e eu ent\u00e3o os proibi imediatamente de atirar. \u201c<em>N\u00e3o atirem em coisa alguma. Recolha todo mundo para dentro dos pavilh\u00f5es, pois n\u00e3o quero ningu\u00e9m perto desta coisa<\/em>\u201d. Os objetos tinham luzes que piscavam, mudavam de cor e que tamb\u00e9m se deslocavam vagarosamente em seu entorno.<\/p>\n<div id=\"attachment_6559\" style=\"width: 340px\" class=\"wp-caption aligncenter\"><img aria-describedby=\"caption-attachment-6559\" loading=\"lazy\" class=\"wp-image-6559 size-full\" src=\"https:\/\/www.fenomenum.com.br\/novo\/wp-content\/uploads\/2022\/04\/t193264507.jpg\" alt=\"\" width=\"330\" height=\"248\" \/><p id=\"caption-attachment-6559\" class=\"wp-caption-text\">O COMAR IV, em S\u00e3o Paulo, instala\u00e7\u00e3o militar mais diretamente envolvida no controle da detec\u00e7\u00e3o e persegui\u00e7\u00e3o aos objetos durante a Noite Oficial dos UFOs no Brasil<\/p><\/div>\n<p>&nbsp;<\/p>\n<p><strong>Isso \u00e9 muito impressionante, brigadeiro. Mas como as naves poderiam jogar pedras nos soldados, o senhor tem alguma explica\u00e7\u00e3o para isso?<\/strong><br \/>\nBem, eu n\u00e3o sei, apenas ouvi o Vieira me relatar isso: \u201c<em>Est\u00e3o jogando pedra na gente<\/em>\u201d. Imagino que um objeto qualquer movido a propuls\u00e3o tenha com suas a\u00e7\u00f5es levantado pedras do ch\u00e3o, e os soldados que estavam perto acharam que aquilo os estava agredindo. Ou que os pilotos daquela \u201c<em>coisa<\/em>\u201d emitiram um jato de grande pot\u00eancia para levantar as pedras e assustar os soldados, para n\u00e3o terem que tomar uma atitude mais dr\u00e1stica. Eles t\u00eam uma tecnologia muito mais avan\u00e7ada do que a nossa e n\u00e3o sabemos como reagiriam \u00e0 nossa a\u00e7\u00e3o. O Vieira me disse que havia cerca de 25 soldados presentes, e determinei que fossem todos recolhidos num audit\u00f3rio e recebessem uma folha de papel cada um para descrever exatamente o que viram. \u201c<em>Est\u00e3o proibidos de falar um com o outro, e voc\u00ea toma conta para que isso n\u00e3o ocorra<\/em>\u201d, ordenei ao Vieira. Queria que os soldados fizessem uma descri\u00e7\u00e3o exata do que viram e que o Vieira trouxesse as folhas no dia seguinte, \u00e0s 08h00, no meu gabinete no CINDACTA . E ent\u00e3o ele assim procedeu.<\/p>\n<p><strong>Os tiros desferidos contra os discos voadores os atingiram?<\/strong><br \/>\nN\u00e3o.<\/p>\n<p><strong>Qual foi o resultado de sua pesquisa sobre o caso? Foi poss\u00edvel determinar o que era aquele objeto sobre os radares do CINDACTA no Gama?<br \/>\n<\/strong>Veja, os nossos soldados s\u00e3o muito primitivos. Voc\u00ea sabe, soldados n\u00e3o s\u00e3o muito cultos e t\u00eam dificuldade de fazer uma descri\u00e7\u00e3o precisa do que v\u00eaem. Mas deu para perceber, nas folhas com os desenhos, que eles tinham observado um \u201c<em>neg\u00f3cio<\/em>\u201d estranho. Algo que tinha luzes que mudavam de cor, e que aquilo chegou bem perto deles. Um dos homens perguntou ao Vieira se podia abrir fogo naquilo, e assim come\u00e7aram os disparos. Todos disseram a mesma coisa, e eu anotei aquilo tudo num relat\u00f3rio e encaminhei ao Estado-Maior da Aeron\u00e1utica (EMAER). N\u00e3o dei palpite de coisa alguma e n\u00e3o emiti opini\u00e3o. No envelope que mandei ao EMAER estavam todas as informa\u00e7\u00f5es que eu tinha, e aquilo ficou guardado.<\/p>\n<p><strong><br \/>\nE o capit\u00e3o Vieira, o que diz sobre isso?<\/strong><br \/>\nEu perdi contato com ele. Mas imagine que h\u00e1 alguns dias, quando fui fazer um exame em meu cardiologista, encontrei um camarada que eu conhecia e me perguntou se lembrava dele. Antes que pudesse responder, ele riu e me disse: \u201c<em>Sou o Vieira, o capit\u00e3o do CINDACTA no Gama<\/em>\u201d. Claro que eu recordava, mas muitas pessoas passaram sob meu comando para lembrar detalhes. \u201c<em>O Vieira do disco voador?<\/em>\u201d, perguntei. \u201c<em>Esse mesmo<\/em>\u201d, disse o homem. \u00c9 curioso que isso tenha ocorrido nesta semana, justamente alguns dias antes de lhes conceder esta entrevista. Vejam que coincid\u00eancia, pois eu n\u00e3o o via h\u00e1 mais de 20 anos e agora reencontro este camarada. At\u00e9 lhe disse que voc\u00eas viriam e perguntei se aceitaria dar algum depoimento, e ele disse que sim. \u201c<em>Diga-lhe que me procurem<\/em>\u201d [A entrevista com o militar ser\u00e1 realizada dentro de algumas semanas].<\/p>\n<div id=\"attachment_6560\" style=\"width: 340px\" class=\"wp-caption aligncenter\"><img aria-describedby=\"caption-attachment-6560\" loading=\"lazy\" class=\"wp-image-6560 size-full\" src=\"https:\/\/www.fenomenum.com.br\/novo\/wp-content\/uploads\/2022\/04\/t94281670.jpg\" alt=\"\" width=\"330\" height=\"144\" \/><p id=\"caption-attachment-6560\" class=\"wp-caption-text\">O ent\u00e3o ministro da Aeron\u00e1utica Moreira Lima acompanhou os fatos com o brigadeiro Jos\u00e9 Carlos Pereira e Ozires Silva<\/p><\/div>\n<p>&nbsp;<\/p>\n<p><strong>O senhor tem mais algum relato como este para nos dar?<\/strong><br \/>\nSim, tenho outro que partiu de um m\u00e9dico paulista. A hist\u00f3ria \u00e9 a seguinte: o meu cardiologista determinou que eu fizesse uma cinecoronariografia, que \u00e9 a ingest\u00e3o de contraste nas coron\u00e1rias para se obter imagens das art\u00e9rias que permitem ver se est\u00e3o abertas ou obstru\u00eddas. Mas eu n\u00e3o quis fazer isso no Rio e fui para S\u00e3o Paulo, me submeter ao exame no Hospital S\u00edrio Liban\u00eas, cuja diretoria conhecia por ter lhes resolvido uns problemas de importa\u00e7\u00e3o de equipamentos, retidos pela Infraero. Eram m\u00e1quinas para exames, e como eles tinham dificuldade de caixa para liberar os instrumentos, fiz um acordo com eles: se o S\u00edrio Liban\u00eas desse atendimento gratuito a certa quantidade de pessoas carentes, eu autorizaria a libera\u00e7\u00e3o. Foi o que aconteceu e eles agiram corretamente dentro de nosso acordo.<\/p>\n<p><strong>Mas como surgiu o relato que o senhor vai nos narrar?<br \/>\n<\/strong>No dia seguinte ao exame, v\u00e1rios m\u00e9dicos vieram ao meu quarto me cumprimentar pela atitude e ent\u00e3o conversamos. Quando todos iam saindo, um deles ficou no quarto e puxou conversa sobre UFOs. N\u00e3o me lembro seu nome agora, mas ele foi bem direto: \u201c<em>Brigadeiro, posso fazer uma pergunta?<\/em>\u201d Respondi que sim, claro. E l\u00e1 veio ele: \u201c<em>O senhor acredita em discos voadores?<\/em>\u201d Respondi meio surpreso: \u201c<em>Ah, doutor, esse tipo de pergunta estou cansado de receber. N\u00e3o sei se existem discos voadores ou n\u00e3o, mas cada um acredita no que quiser<\/em>\u201d. Ele ent\u00e3o disse que era de uma cidade do interior de S\u00e3o Paulo e que, ao voltar para l\u00e1 para um fim de semana, hospedando-se em um hotel na via principal, foi \u00e0 varanda por volta das 02h00 e viu um fen\u00f4meno. \u201c<em>Era uma coisa enorme simplesmente descendo ali na pra\u00e7a<\/em>\u201d. Eu questionei que coisa enorme era aquela, e ele foi ainda mais direto: \u201c<em>Era um disco voador!<\/em>\u201d E pediu que eu o orientasse quanto ao que fazer e perguntou se podia contar o que viu. Disse que sim, oras, pois ele podia fazer o que quisesse \u2013 mas falei que eu n\u00e3o dava palpites. Ele ent\u00e3o descreveu o artefato e falou que estava bem perto daquela coisa, a n\u00e3o mais do que uns 30 m. Fiquei impressionado com a firmeza daquele m\u00e9dico e com a sua coragem em sustentar ter visto um disco voador, assim com todas as letras. Mas nunca mais o vi e nem sei se ainda est\u00e1 no S\u00edrio Liban\u00eas.<\/p>\n<p><strong>Esta parece ser uma caracter\u00edstica de quem v\u00ea algo assim t\u00e3o perto. E quanto a casos de objetos pr\u00f3ximos ou seguindo avi\u00f5es, o senhor chegou a conhecer algum?<\/strong><br \/>\nSim, algumas vezes os radares do CINDACTA captavam coisas estranhas. Por exemplo, pilotos que voavam de Bras\u00edlia para S\u00e3o Paulo normalmente nos comunicavam que estavam vendo luzes acompanhando suas aeronaves. N\u00f3s faz\u00edamos ent\u00e3o as perguntas de praxe pelo r\u00e1dio: h\u00e1 quanto tempo est\u00e3o sendo acompanhados, a que altura estavam, coisas assim. Nossas perguntas eram para tentar identificar mais detalhes sobre aquilo que estava sendo descrito. Depois anot\u00e1vamos tudo e comunic\u00e1vamos ao Estado-Maior da Aeron\u00e1utica, que era o procedimento recomendado, embora sem emitirmos opini\u00e3o.<\/p>\n<p><strong>Este procedimento de comunicar ao EMAER era feito a partir de alguma diretriz anteriormente estabelecida ou por vontade pr\u00f3pria sua?<\/strong><br \/>\nBem, na verdade, n\u00f3s inform\u00e1vamos porque n\u00e3o sab\u00edamos o que mais fazer. E n\u00e3o d\u00e1vamos opini\u00e3o por n\u00e3o sabermos o que exatamente dizer. Veja bem, se eu dissesse que t\u00ednhamos detectado um disco voador, eles [Os militares do EMAER] iriam pedir para que eu descrevesse o tal objeto, e eu n\u00e3o podia descrever coisa alguma, pois eram apenas pontos no radar, nada mais. Ent\u00e3o dizia apenas: \u201c<em>Olhem, tem uma luz aqui que foi detectada no radar, que estou chamando de anomalia eletr\u00f4nica<\/em>\u201d. Este era sempre o apelido que eu dava para tais fen\u00f4menos, na falta de um melhor.<\/p>\n<p><strong>H\u00e1 algum caso espec\u00edfico de piloto que tenha tido alguma experi\u00eancia com UFOs, que o senhor possa nos narrar?<\/strong><br \/>\nAlguns colegas militares me disseram ter visto luzes em v\u00f4o, que elas mudavam de cor e que \u00e0s vezes acompanhavam seus avi\u00f5es. Ou que tais luzes apareciam e desapareciam de repente, numa velocidade extraordin\u00e1ria. Estas s\u00e3o hist\u00f3rias que ouvi muitas vezes, e como sou muito curioso, pesquisei um pouco. Por exemplo, sei atrav\u00e9s do projeto Blue Book, da USAF, que muitos pilotos foram seguidos por anomalias, e alguns at\u00e9 perderam a vida, como o capit\u00e3o Thomas Mantell, em janeiro de 1948. Ele desapareceu cruzando com um objeto que n\u00e3o conseguiu identificar. Seu avi\u00e3o, destro\u00e7ado, foi encontrado a alguns quil\u00f4metros de onde sumiu no radar. Tem gente que n\u00e3o acredita, assim como tem quem acredita. Uns acham que tais fen\u00f4menos s\u00e3o apenas meteorol\u00f3gicos. J\u00e1 eu acho que tudo \u00e9 poss\u00edvel&#8230;<\/p>\n<p><strong>Brigadeiro, como o senhor sabe, a Comiss\u00e3o Brasileira de Uf\u00f3logos (CBU) iniciou um movimento h\u00e1 seis anos para pedir ao Governo que abra seus arquivos. A campanha UFOs: Liberdade de Informa\u00e7\u00e3o J\u00e1 teve bons resultados at\u00e9 agora. Por exemplo, fomos convidados pelo ent\u00e3o comandante da Aeron\u00e1utica, Luiz Carlos da Silva Bueno, em 20 de maio de 2005, para irmos a Bras\u00edlia conhecer as instala\u00e7\u00f5es do CINDACTA e do COMDABRA.<\/strong><br \/>\nSim, eu sei. Voc\u00eas foram recebidos pelo brigadeiro Atheneu Azambuja e puderam ver documentos em uma sala.<\/p>\n<p><strong>Sim, mas tivemos apenas autoriza\u00e7\u00e3o para examinar os tais documentos, sem poder copi\u00e1-los. Por isso continuamos nossa campanha, pois, apesar da vit\u00f3ria, quer\u00edamos mais. Finalmente, desde 2008 para c\u00e1, o Governo come\u00e7ou a liberar pastas que antes eram secretas, que gostaria de lhe apresentar.<\/strong><br \/>\nEstou a par de que est\u00e3o sendo liberados alguns pap\u00e9is.<\/p>\n<p><strong>Exato, e entre eles est\u00e3o documentos da chamada Opera\u00e7\u00e3o Prato, que aconteceu na Amaz\u00f4nia, em 1977, e teve como comandante o coronel Uyrang\u00ea Hollanda. Na \u00e9poca ele era capit\u00e3o intendente, depois subindo a coronel. Entre os documentos h\u00e1 at\u00e9 alguns do extinto Servi\u00e7o Nacional de Informa\u00e7\u00f5es (SNI), que nem sab\u00edamos que existiam.<\/strong><br \/>\nPelo que eu vejo, voc\u00eas tiveram acesso a documentos do EMAER, que est\u00e1 come\u00e7ando a abrir seus arquivos. Apenas eu, enquanto comandante do CINDACTA , mandei 25 depoimentos de avistamentos ufol\u00f3gicos, que devem ainda estar l\u00e1.<\/p>\n<p><strong>O senhor tinha conhecimento do envolvimento do SNI na pesquisa de casos da Opera\u00e7\u00e3o Prato ou mesmo de outros avistamentos ufol\u00f3gicos no pa\u00eds?<\/strong><br \/>\nN\u00e3o, apenas sabia do EMAER.<\/p>\n<p><strong>E sobre a Opera\u00e7\u00e3o Prato, o que senhor sabia?<\/strong><br \/>\nN\u00e3o muito, exceto que ocorreu algo na Amaz\u00f4nia, sob os ausp\u00edcios do brigadeiro Prot\u00e1sio [Lopes de Oliveira], em 1977. Como voc\u00eas sabem, eu fui comandante do 7o Comando A\u00e9reo Regional (COMAR VII), em Manaus, e isso a\u00ed aconteceu no 1o Comando A\u00e9reo Regional (COMAR I), em Bel\u00e9m.<\/p>\n<p><strong>Exato, a Opera\u00e7\u00e3o Prato foi organizada no COMAR I e levada a efeito na ilha de Colares, a 80 km de Bel\u00e9m. Os documentos liberados mostram, inclusive, as rotas que os UFOs faziam, seus formatos e tamanhos etc.<\/strong><br \/>\nTudo isso aqui [Apontando para os pap\u00e9is apresentados a ele] \u00e9 documento oficial do Governo? Voc\u00eas tiveram acesso a isso?<\/p>\n<p><strong>Sim, tivemos. Estas s\u00e3o c\u00f3pias dos originais dando conta de tudo o que aconteceu naquela \u00e9poca. Agora, igualmente interessante s\u00e3o os documentos que o Governo acaba de liberar, que dizem respeito a uma ocorr\u00eancia em 19 de maio de 1986, esta que teve o Ozires Silva como personagem central e a que chamamos de Noite Oficial dos UFOs no Brasil.<\/strong><br \/>\nInteressante, muito interessante. Estou vendo aqui, entre os documentos liberados sobre aquela noite, um relat\u00f3rio de ocorr\u00eancias assinado pelo brigadeiro Jos\u00e9 Pessoa Cavalcanti de Albuquerque&#8230;<\/p>\n<h3><span class=\"\\&quot;Intertitulo2\\&quot;\">Identifica\u00e7\u00e3o dos \u201cintrusos\u201d<\/span><\/h3>\n<p><strong>Isso. Neste documento o brigadeiro Albuquerque descreve que os objetos aceleravam a altas velocidades, paravam no ar, faziam ziguezague etc. E que ora eram perseguidos pelos pilotos dos ca\u00e7as enviados para identific\u00e1-los, ora eram perseguidos por eles [Veja edi\u00e7\u00e3o UFO 160].<\/strong><br \/>\nEntendo. Quem tomava as decis\u00f5es na \u00e9poca era o Comando de Defesa A\u00e9rea (CODA), \u00f3rg\u00e3o encarregado de monitorar qualquer objeto n\u00e3o identificado que pudesse significar uma amea\u00e7a ao pa\u00eds. A ele competia decolar ca\u00e7as como o Mirage e o F-5E para se aproximarem e faz\u00ea-los identificar os intrusos. \u00c9 l\u00e1 que nasce a busca por qualquer coisa estranha.<\/p>\n<p><strong>Sim, hoje sabemos disso, atrav\u00e9s deste documento liberado pelo Governo. Mas ainda faltam-nos dados para fechar todo o cen\u00e1rio daquela noite. Por exemplo, o senhor, na ocasi\u00e3o, era comandante do 4o Comando A\u00e9reo Regional (COMAR IV), de S\u00e3o Paulo, que tinha responsabilidade direta sobre os acontecimentos. O senhor acompanhou a ocorr\u00eancia?<\/strong><br \/>\nN\u00e3o, n\u00e3o acompanhei. Foi na mesma noite em que minha esposa viu aquela luz no Rio, e eu estava com ela quando os Mirage e F-5E foram lan\u00e7ados para identificar os objetos que estavam sobre Rio e S\u00e3o Paulo. Simultaneamente, o Ozires Silva ia de Bras\u00edlia para S\u00e3o Jos\u00e9 dos Campos e assistiu ao fen\u00f4meno.<\/p>\n<p><strong>Mas o senhor n\u00e3o acompanhou os fatos, sendo comandante do COMAR IV? H\u00e1 at\u00e9 algumas declara\u00e7\u00f5es da \u00e9poca, publicadas pela imprensa, que foram atribu\u00eddas ao senhor! Por exemplo, que teria dito, entre outras coisas, que tais fatos j\u00e1 vinham ocorrendo h\u00e1 anos e que a FAB tinha conhecimento deles. Tudo isso est\u00e1 publicado. O que pode dizer sobre o assunto?<\/strong><br \/>\nPerfeitamente, agora me lembro. Mas n\u00e3o tive a oportunidade de ver estes fatos acontecerem na hora. Apenas sabia que os radares haviam captado objetos estranhos ou, mais uma vez, anomalias eletr\u00f4nicas, e colocamos tudo em relat\u00f3rios que mandamos para o EMAER, caminho correto para se fazer qualquer comunica\u00e7\u00e3o.<\/p>\n<p><strong>O senhor recebeu alguma resposta do \u00f3rg\u00e3o neste caso ou em outro que tenha comunicado a ele? E ainda, recebia alguma informa\u00e7\u00e3o ou determina\u00e7\u00e3o quanto ao que fazer nestes casos?<\/strong><br \/>\nN\u00e3o, mas eu sei o que eles faziam. Na falta de terem o que dizer e na aus\u00eancia de qualquer explica\u00e7\u00e3o plaus\u00edvel, os relat\u00f3rios eram engavetados na esperan\u00e7a de que um dia surgisse uma explica\u00e7\u00e3o que nos desse uma luz.<\/p>\n<p><strong>O senhor tem conhecimento de que algum dia o Governo, o EMAER ou mesmo o CODA tivesse institu\u00eddo uma comiss\u00e3o para pesquisar estes assuntos, para que n\u00e3o ficassem mais engavetados?<\/strong><br \/>\nQuando fui ministro da Aeron\u00e1utica e este tipo de material chegava \u00e0s minhas m\u00e3os, eu apenas fazia o que se fazia normalmente: engavetava, mas numa gaveta pr\u00f3pria onde todos os eventos semelhantes eram guardados. Era uma pasta \u00fanica para n\u00e3o se perder a origem dos relat\u00f3rios. Na aus\u00eancia de qualquer explica\u00e7\u00e3o, n\u00f3s fic\u00e1vamos aguardando que um dia as tiv\u00e9ssemos. Eu mandava pesquisar os fatos, mas n\u00e3o era uma sindic\u00e2ncia nem um inqu\u00e9rito, apenas uma esp\u00e9cie de vistoria.<\/p>\n<p><strong>Estas vistorias eram rotineiras ou se aplicavam a apenas alguns casos?<\/strong><br \/>\nElas ocorriam somente em algumas situa\u00e7\u00f5es, quando consider\u00e1vamos que valia \u00e0 pena investig\u00e1-las. Quando a descri\u00e7\u00e3o do evento tinha credibilidade, eu tentava obter informa\u00e7\u00f5es mais concretas.<\/p>\n<p><strong>Como ocorriam tais vistorias?<\/strong><br \/>\nEu mandava algu\u00e9m para conversar discretamente com pessoas da localidade onde o fato ocorreu, pessoas que pudessem ter liga\u00e7\u00e3o com o que foi registrado. Faz\u00edamos tamb\u00e9m uma averigua\u00e7\u00e3o da \u00e1rea com o cabloco que foi testemunha, porque normalmente tais fatos n\u00e3o aconteciam nas grandes cidades, apenas no campo ou em cidades pequenas \u2013 pelo menos at\u00e9 onde eu sei pelos fatos que chegavam ao meu conhecimento. Isso vem acontecendo no Brasil desde os anos 50, que eu me lembre, quando os oficiais da Base A\u00e9rea de Gravata\u00ed, no Rio Grande do Sul, viram objetos estranhos e a grande altitude, em plena luz do dia. Creio que em 1954.<\/p>\n<p><strong>E o senhor j\u00e1 era militar naquela \u00e9poca? Ocupava que cargo?<\/strong><br \/>\nSim, j\u00e1 estava na Aeron\u00e1utica e era tenente. O evento foi registrado em Gravata\u00ed e causou como\u00e7\u00e3o, porque envolveu at\u00e9 oficiais de alta patente, como o brigadeiro Jos\u00e9 Hernani.<\/p>\n<p><strong>Brigadeiro, voltemos \u00e0 chamada Noite Oficial dos UFOs no Brasil, quando houve o acionamento de aeronaves para identifica\u00e7\u00e3o dos objetos. Naquela ocasi\u00e3o o senhor disse que h\u00e1 muitos anos a FAB vinha registrando tais casos. Disse ainda que os artefatos passaram de 250 para 1.500 km\/h em fra\u00e7\u00e3o de segundos. Tal dado est\u00e1 confirmado no documento recentemente liberado pelo Governo, que afirma que os UFOs iam de uma velocidade muito baixa para uma supers\u00f4nica. O que pode acrescentar sobre isso?<\/strong><br \/>\nOs meus t\u00e9cnicos me informaram [Que os objetos chegaram a] 4.000 km\/h, mas esta velocidade \u00e9 grande demais para os radares, que perdem sua precis\u00e3o. Por isso n\u00e3o podemos afirmar que eles voavam mesmo a 4.000 km\/h. Mas desapareceram das telas t\u00e3o rapidamente que o sistema de computa\u00e7\u00e3o do CINDACTA nos deu uma velocidade que poderia estar distorcida. N\u00f3s n\u00e3o pod\u00edamos t\u00e9cnica e cientificamente dizer 4.000 km\/h. O que sab\u00edamos ao certo \u00e9 que os objetos estavam a uns 800 km\/h, mais ou menos, e de repente dispararam numa velocidade t\u00e3o grande que desapareceram das telas. Os t\u00e9cnicos afirmaram que isso se deu a 4.000 km\/h, mas eu n\u00e3o endosso.<\/p>\n<p><strong>Quando isso aconteceu e o radar detectou que os objetos aceleraram daquela maneira, o senhor continuou achando que poderiam ser anomalias eletr\u00f4nicas?<br \/>\n<\/strong>Bem, eu continuei chamando aquilo de anomalias eletr\u00f4nicas, mas porque n\u00e3o tinha outro nome para dar \u00e0quilo [Come\u00e7ando a rir sobre o uso do termo].<\/p>\n<p><strong>Mas o que o senhor imagina que sejam tais objetos? Qual \u00e9 sua opini\u00e3o?<\/strong><br \/>\nEu n\u00e3o imagino nada e n\u00e3o tenho opini\u00e3o pessoal.<\/p>\n<p><strong>Por algum momento o senhor pensou que poderiam ser naves ou objetos procedentes de outros planetas, com outra forma de intelig\u00eancia em seu interior?<\/strong><br \/>\nEu gostaria de pensar que sim. Gostaria de poder lhe dizer que acredito nisso, que tenho certeza disso, mas sou um pouco c\u00e9tico com rela\u00e7\u00e3o \u00e0quilo que n\u00e3o posso comprovar, e por isso n\u00e3o afirmo. No entanto, se voc\u00ea me perguntar se acho isso uma invencionice ou \u201c<em>conversa fiada<\/em>\u201d, lhe digo que n\u00e3o, pois n\u00e3o acho que seja. Agora, o que s\u00e3o tais coisas, eu n\u00e3o sei.<\/p>\n<p><strong>Mesmo assim, permita-me insistir e perguntar novamente o que o senhor imagina que sejam?<\/strong><br \/>\nOlhe, eu acho muito dif\u00edcil dizermos que n\u00e3o pode existir nada fora do nosso conhecimento, al\u00e9m do nosso mundo. Isso seria uma leviandade. Gostaria de poder lhe dizer que creio que \u201c<em>eles<\/em>\u201d est\u00e3o por a\u00ed, mas eu n\u00e3o tive nenhuma oportunidade de v\u00ea-los de perto. N\u00e3o tenho dados concretos a respeito destes objetos para ajudar voc\u00eas. Acreditem, adoraria poder dizer que quero me juntar a voc\u00eas para pesquisar este \u201c<em>neg\u00f3cio<\/em>\u201d, mas n\u00e3o tenho condi\u00e7\u00f5es.<\/p>\n<p><strong>Como o senhor havia dito naquela ocasi\u00e3o que h\u00e1 muitos anos a For\u00e7a A\u00e9rea Brasileira (FAB) vinha registrando casos de avistamentos ufol\u00f3gicos, poderia nos relatar algum que tenha a magnitude deste?<\/strong><br \/>\nSim, considero os casos de observa\u00e7\u00f5es m\u00faltiplas em Gravata\u00ed, no Rio Grande do Sul, uma ocorr\u00eancia significante.<\/p>\n<p><strong>Al\u00e9m do epis\u00f3dio de Gravata\u00ed, por sua import\u00e2ncia, e aquele descrito como a Noite Oficial dos UFOs no Brasil, o senhor se lembra de mais algum de tamanha gravidade, em que jatos tenham sido enviados para identificar e interceptar UFOs?<\/strong><br \/>\nN\u00e3o, n\u00e3o me lembro de nenhum. At\u00e9 porque, n\u00f3s segu\u00edamos uma esp\u00e9cie de doutrina: a de n\u00e3o comentar o assunto se n\u00e3o pod\u00edamos comprovar os fatos. Assim, evit\u00e1vamos comentar os casos por falta de dados concretos que nos permitissem afirmar o que eram aqueles objetos. Tamb\u00e9m havia a quest\u00e3o dos fen\u00f4menos meteorol\u00f3gicos, que n\u00e3o podiam ser descartados, como bal\u00f5es, que v\u00e3o a grandes altitudes.<\/p>\n<p><strong>Sim, \u00e9 verdade. Mas os radares do CINDACTA e os pilotos dos ca\u00e7as, muito bem treinados, n\u00e3o fariam tal confus\u00e3o&#8230;<\/strong><br \/>\nClaro, mas s\u00e3o quest\u00f5es a serem consideradas de todas as formas. Al\u00e9m de outros fen\u00f4menos meteorol\u00f3gicos, como o fogo de santelmo, por exemplo, que \u00e9 uma luz \u00e0s vezes azulada e muito forte que ora fica parada no ar e ora se desloca. Uma varia\u00e7\u00e3o dela \u00e9 vista com freq\u00fc\u00eancia nos cemit\u00e9rios, porque mat\u00e9ria org\u00e2nica fica ali se degradando por um bom tempo e produz um g\u00e1s que, em contato com o ar, gera uma luz azulada, esta que chamamos de fogo de santelmo.<\/p>\n<p><strong>Muitos pilotos relataram ter visto fogo de santelmo, mas o que descrevem s\u00e3o fen\u00f4menos que muitas vezes podem ser associados a ocorr\u00eancias ufol\u00f3gicas. Por exemplo, os foo-fighters da Segunda Guerra Mundial.<\/strong><br \/>\nQuem \u00e9 piloto j\u00e1 viu fogo de santelmo no c\u00e9u, como eu tamb\u00e9m vi um monte de vezes. Ele chega a entrar nos avi\u00f5es atravessando sua fuselagem. Eu voei modelos C-47 e DC-3 na Amaz\u00f4nia, para o Correio A\u00e9reo Nacional, e via muito disso. Fiz mais de 2.000 horas de v\u00f4o l\u00e1 e testemunhei muitas tempestades el\u00e9tricas, que geram fen\u00f4menos estranhos. H\u00e1 outros curiosos efeitos atmosf\u00e9ricos que tamb\u00e9m devem ser considerados \u2013 fogo el\u00e9trico ou fogo de santelmo \u00e9 apenas um deles. A luz fica no cubo da h\u00e9lice e ent\u00e3o pula de um lado para o outro e vai embora. A gente fica at\u00e9 com medo de se queimar. Isso j\u00e1 aconteceu v\u00e1rias vezes comigo em meu avi\u00e3o, e \u00e9 por isso que quando uma luz aparece l\u00e1 de longe o piloto j\u00e1 fala: \u201c<em>\u00c9 fogo de santelmo, se cuida<\/em>\u201d. Mas nem tudo pode ser explicado assim, at\u00e9 porque fogo de santelmo \u00e9 uma bolinha pequena que pula dentro da cabine do avi\u00e3o, e h\u00e1 casos de luzes bem maiores&#8230; Enfim, todo piloto da avia\u00e7\u00e3o comercial que voa a 10.000 m j\u00e1 viu isso.<\/p>\n<p><strong>H\u00e1 outra afirma\u00e7\u00e3o da \u00e9poca da Noite Oficial dos UFOs no Brasil tamb\u00e9m atribu\u00edda ao senhor, de que a FAB teria filmado todo o evento em videotapes. Isso procede?<\/strong><br \/>\nN\u00e3o. Na verdade, todo o evento foi gravado em fitas magn\u00e9ticas, n\u00e3o filmado. O radar tem um dispositivo que grava tudo o que \u00e9 registrado, e n\u00f3s arquivamos estas grava\u00e7\u00f5es por 30 dias, como j\u00e1 falei. Depois disso apagamos, se n\u00e3o ter\u00edamos pilhas de fitas magn\u00e9ticas.<\/p>\n<p><strong>Mas mesmo a grava\u00e7\u00e3o de um evento da import\u00e2ncia do ocorrido na noite de 19 de maio de 1986, que levou ao acionamento de aeronaves de intercepta\u00e7\u00e3o e tudo o mais, foi apagada?<\/strong><br \/>\nBem, quando \u00e9 algo assim a gente \u00e0s vezes esperava um pouco mais para desgravar, uns dois ou tr\u00eas meses. Mas depois disso as fitas eram apagadas do mesmo jeito, pelos motivos que j\u00e1 expus. Agora, o CINDACTA gravou coisas assim v\u00e1rias vezes. N\u00e3o foi uma ou duas n\u00e3o, mas muitas vezes. E sempre os relat\u00f3rios [Emitidos] iam sem coment\u00e1rios de nossa parte, por n\u00e3o sabermos o que explicar.<\/p>\n<h3><span class=\"\\&quot;Intertitulo2\\&quot;\">Centenas de casos ufol\u00f3gicos<\/span><\/h3>\n<p><strong>Sobre o epis\u00f3dio de que estamos falando quanto estes outros que agora o senhor relata, algum dia recebeu qualquer press\u00e3o ou requisi\u00e7\u00e3o de um governo estrangeiro para lhe passar tais informa\u00e7\u00f5es?<\/strong><br \/>\nN\u00e3o. Pelo menos no meu tempo como ministro isso nunca aconteceu ou n\u00e3o \u00e9 do meu conhecimento.<\/p>\n<p><strong>Segundo o brigadeiro Jos\u00e9 Carlos Pereira [Entrevistado das edi\u00e7\u00f5es UFO 141 e 142], o Estado-Maior da Aeron\u00e1utica (EMAER) j\u00e1 registrou centenas de casos de avistamentos ufol\u00f3gicos desde os anos 50. O senhor confirma isso?<\/strong><br \/>\nBem, o brigadeiro Pereira foi chefe do EMAER durante uma certa \u00e9poca, e assim, \u00e9 claro, este material estava na gaveta dele e ele poderia ver aquilo quando quisesse.<\/p>\n<p><strong>Ele inclusive nos declarou, em entrevista recente, que \u201c\u00e9 hora de encerrar o segredo sobre os UFOs\u201d, assim como disse que \u201cos arquivos secretos sobre os UFOs devem ser abertos\u201d, dando um apoio muito forte para a campanha UFOs: Liberdade de Informa\u00e7\u00e3o J\u00e1 que n\u00f3s estamos realizando. O que o senhor pensa destas declara\u00e7\u00f5es?<\/strong><br \/>\nPenso que elas t\u00eam duas interpreta\u00e7\u00f5es. A primeira \u00e9 a de que precisamos abrir [Os arquivos secretos] para esclarecer do que se trata este fen\u00f4meno, ou ent\u00e3o, a segunda, para evitarmos que digam que estamos escondendo a verdade. J\u00e1 posso ver algu\u00e9m dizer: \u201c<em>O Governo est\u00e1 escondendo fen\u00f4menos misteriosos do povo<\/em>\u201d. Isso n\u00e3o \u00e9 certo. Ent\u00e3o, deve-se abrir logo os arquivos para que ningu\u00e9m possa dizer uma coisa dessas. N\u00e3o podemos ficar em posi\u00e7\u00e3o desconfort\u00e1vel quanto a isso.<\/p>\n<p><strong>O brigadeiro Pereira fala exatamente o mesmo. E mais, ele diz que a popula\u00e7\u00e3o n\u00e3o tem medo do que \u00e9 transparente, mas do que \u00e9 opaco. E ainda faz a seguinte coloca\u00e7\u00e3o: se os documentos n\u00e3o afetam a seguran\u00e7a nacional, n\u00e3o p\u00f5em em risco a popula\u00e7\u00e3o e n\u00e3o violam a privacidade das pessoas citadas, t\u00eam que ser abertos. O senhor \u00e9 da mesma opini\u00e3o?<\/strong><br \/>\nSem d\u00favida alguma. E mais, eu n\u00e3o abri [Os arquivos secretos] antes, quando estava no minist\u00e9rio, porque n\u00e3o me pediram. Se tivessem me pedido, teria aberto.<\/p>\n<p><strong>Mesmo que tais documentos contenham casos extremos, como o da Noite Oficial, em que jatos da FAB foram enviados para interceptar objetos de natureza desconhecida?<\/strong><br \/>\nSim, mesmo em casos assim temos que abrir. E veja que os jatos foram enviados e n\u00e3o chegaram nem perto dos objetos. N\u00f3s estamos falando de UFOs [O entrevistado j\u00e1 n\u00e3o fala mais de anomalias eletr\u00f4nicas], e os jatos n\u00e3o chegaram sequer pr\u00f3ximos deles.<\/p>\n<p><strong>O senhor atribui a impossibilidade de interceptar os objetos a uma suposta elevada tecnologia que teriam, superior \u00e0 nossa?<\/strong><br \/>\nSim, [Por isso] n\u00e3o temos nem como chegar perto destas coisas, que v\u00e3o a milhares de quil\u00f4metros por hora de repente. O Ozires Silva viu isso, minha mulher viu isso e eu tamb\u00e9m vi, como j\u00e1 descrevi. Era uma luz forte e parada no c\u00e9u. Fiquei olhando aquilo e esperando que fizesse uma curva para a esquerda ou para a direita. Mas aquilo n\u00e3o fez curva alguma e deduzi que estava voando direto na minha dire\u00e7\u00e3o, embora aparentemente continuasse parado.<\/p>\n<p><strong>Que pensamentos vieram \u00e0 sua cabe\u00e7a naquele instante?<br \/>\n<\/strong>Eu sou muito realista quanto a estas coisas e pensei que queria logo entrar naquele \u201c<em>tro\u00e7o<\/em>\u201d e ver como era. Isso j\u00e1 havia me passado pela cabe\u00e7a muitos anos antes.<\/p>\n<p><strong>Como assim? Quando isso ocorreu?<\/strong><br \/>\nEm 1950, quando eu ainda era cadete. Eu estava fazendo um treinamento com v\u00f4o em forma\u00e7\u00e3o sobre a Barra da Tijuca e eu algo que parecia um bal\u00e3o, na falta de outra explica\u00e7\u00e3o. Meu instrutor olhou para aquilo e confirmou que poderia ser um bal\u00e3o, mas de repente ele sumiu. Logo depois, a revista O Cruzeiro publicou uma reportagem intitulada Disco Voador na Barra da Tijuca. Se os senhores forem ao arquivo da publica\u00e7\u00e3o, v\u00e3o encontrar a descri\u00e7\u00e3o do que foi visto naquele dia, que acho que era o mesmo que eu vi voando em grupo com outros cadetes da FAB. O Cruzeiro inclusive descreveu que uma esquadrilha de avi\u00f5es que voava nas imedia\u00e7\u00f5es deveria ter visto o objeto, numa refer\u00eancia a n\u00f3s.<\/p>\n<p><strong>De fato, h\u00e1 at\u00e9 uma passagem no livro A B\u00edblia e os Discos Voadores, de Fernando Cleto Nunes Pereira [Editora Ediouro, 1986], de que um cadete do Campo dos Afonsos teria observado o UFO que foi fotografado pela revista O Cruzeiro.<\/strong><br \/>\nPode ser eu ou qualquer outro cadete. Mas eu vi um \u201c<em>neg\u00f3cio<\/em>\u201d l\u00e1 na Barra da Tijuca que podia ser um bal\u00e3o. Isso aconteceu no mesmo dia e na mesma hora em que o UFO foi fotografado. Para mim era um bal\u00e3o, mas, quando saiu a revista O Cruzeiro, no domingo seguinte, a mat\u00e9ria afirmava que era um disco voador. Eu n\u00e3o vi nada que pudesse ser um disco, apenas um bal\u00e3o, digo mais uma vez \u2013 novamente na falta de outro nome para dar \u00e0quilo [Inquirido, o entrevistado n\u00e3o sabia da pol\u00eamica que existe em torno das fotos de um suposto UFO feitas por Ed Keffel, rep\u00f3rter de O Cruzeiro e parceiro de Jo\u00e3o Martins, taxadas como falsas por quase toda a Comunidade Ufol\u00f3gica Brasileira].<\/p>\n<p><strong>O objeto estava parado no ar? N\u00e3o se deslocava nem se mexia?<br \/>\n<\/strong>Bem, quando a gente est\u00e1 voando, perde-se a refer\u00eancia de posi\u00e7\u00e3o de algo no c\u00e9u, e fica dif\u00edcil dizer se aquilo se mexeu ou n\u00e3o, se foi para um lado ou para outro.<\/p>\n<p><strong>Brigadeiro, o senhor sabe que hoje o anseio dos uf\u00f3logos brasileiros \u00e9 ter o reconhecimento governamental da exist\u00eancia dos discos voadores, assim como a abertura dos arquivos oficiais. Mas h\u00e1 mais: queremos tamb\u00e9m constituir uma comiss\u00e3o de pesquisa ufol\u00f3gica conjunta entre militares da Aeron\u00e1utica, na ativa ou n\u00e3o, e uf\u00f3logos civis. Queremos realizar a\u00e7\u00f5es conjuntas de levantamento e an\u00e1lise de casos, tanto aqueles que os militares t\u00eam em seus arquivos quanto os dos civis. Poder\u00edamos contar com seu apoio para isso?<\/strong><br \/>\nCertamente, sem d\u00favida. J\u00e1 quanto \u00e0 Aeron\u00e1utica, como institui\u00e7\u00e3o, eu penso que se voc\u00eas tiverem a capacidade ou a sorte de terem acesso a dados mais concretos, o \u00f3rg\u00e3o vai us\u00e1-los para buscar explica\u00e7\u00f5es na \u00e1rea, para obter mais dados.<\/p>\n<p><strong>E como o senhor sugere que possamos abordar a Aeron\u00e1utica com uma proposta deste tipo, para o in\u00edcio de trabalhos conjuntos?<\/strong><br \/>\nCreio que encontrando novos fatos.<\/p>\n<p><strong>Bem, fatos n\u00f3s temos centenas. Por isso, o que precisamos agora \u00e9 de um acesso institucional, burocr\u00e1tico, para que o projeto seja levado a efeito oficialmente.<\/strong><br \/>\nComo \u00e9 que voc\u00eas tiveram acesso a toda esta documenta\u00e7\u00e3o que me trouxeram e que est\u00e3o me mostrando?<\/p>\n<p><strong>Solicitando formalmente \u00e0 Aeron\u00e1utica e a v\u00e1rios de seus \u00f3rg\u00e3os, como parte dos procedimentos iniciados com a chamada Carta de Bras\u00edlia e, depois, com o Dossi\u00ea UFO Brasil [Veja edi\u00e7\u00f5es UFO 155 e 158]. Quem mais liberou material foi o Centro de Documenta\u00e7\u00e3o e Hist\u00f3rico da Aeron\u00e1utica (Cendoc).<\/strong><br \/>\nEnt\u00e3o, se \u00e9 assim, voc\u00eas devem seguir esta linha. O \u00f3rg\u00e3o que mais deu \u00e9 o que est\u00e1 mais dispon\u00edvel para ser acessado para uma proposta como esta. Vou ver se eu consigo algo para voc\u00eas neste sentido.<\/p>\n<p><strong>Agradecemos muito. Agora, com rela\u00e7\u00e3o ao tempo em que o senhor serviu como comandante do 7o Comando A\u00e9reo Regional (COMAR VII), em Manaus, teria algum relato de avistamento de UFOs para nos narrar, ocorrido naquela \u00e1rea?<\/strong><br \/>\nN\u00e3o, l\u00e1 n\u00e3o tive conhecimento de nada. Apesar de ser uma regi\u00e3o de intenso tr\u00e1fego a\u00e9reo, como \u00e9 o caso do Aeroporto de Boa Vista, em Roraima, que era o mais movimentado do Brasil devido ao garimpo \u2013 em certa \u00e9poca eram mais de 200 v\u00f4os di\u00e1rios, geralmente de monomotores. Havia muita explora\u00e7\u00e3o de cassiterita na \u00e9poca.<\/p>\n<p><strong>Tamanho movimento de avi\u00f5es requeria extremo cuidado por parte do controle do tr\u00e1fego a\u00e9reo, n\u00e3o?<\/strong><br \/>\nSim. Por isso, dois meses depois de eu assumir o Minist\u00e9rio da Aeron\u00e1utica, levei o presidente \u00e0 \u00e1rea e lhe fiz a proposta de implanta\u00e7\u00e3o de um sistema que permitisse conhecer tudo o que acontecia na Amaz\u00f4nia. Este projeto \u00e9 hoje o Sistema de Vigil\u00e2ncia da Amaz\u00f4nia (SIVAM), elaborado pelas For\u00e7as Armadas para monitorar o espa\u00e7o a\u00e9reo de toda a regi\u00e3o. A iniciativa conta com uma parte civil, o Sistema de Prote\u00e7\u00e3o da Amaz\u00f4nia (SIPAM). O presidente aceitou a id\u00e9ia e o programa acabou sendo implantado anos depois.<\/p>\n<p><strong>O senhor j\u00e1 n\u00e3o estava mais no Minist\u00e9rio quando o SIVAM come\u00e7ou a funcionar, n\u00e3o \u00e9? Mas, mesmo assim, n\u00e3o teve conhecimento de qualquer ocorr\u00eancia ufol\u00f3gica na Amaz\u00f4nia, seja envolvendo piloto civil ou militar?<\/strong><br \/>\nN\u00e3o, nada. Na Amaz\u00f4nia n\u00e3o havia nada naquela \u00e9poca, s\u00f3 chuva.<\/p>\n<p><strong>Brigadeiro, voltando ao epis\u00f3dio da Noite Oficial dos UFOs no Brasil, temos uma quest\u00e3o nova. Na ocasi\u00e3o, quando alguns setores da imprensa tentaram diminuir a import\u00e2ncia do caso, outros argumentaram que a For\u00e7a A\u00e9rea jamais iria despachar ca\u00e7as a jato, e menos ainda sete deles, simultaneamente, para interceptar algo banal no c\u00e9u, como pontos aleat\u00f3rios no radar, pois h\u00e1 custos elevad\u00edssimos envolvidos.<\/strong><br \/>\nCertamente que n\u00e3o. Mas, de qualquer forma, este tipo de opera\u00e7\u00e3o de intercepta\u00e7\u00e3o \u00e9 curto. Ningu\u00e9m faz uma intercepta\u00e7\u00e3o de duas ou tr\u00eas horas, por exemplo. Ela dura no m\u00e1ximo meia hora, 40 minutos. O ca\u00e7a geralmente vai at\u00e9 o local, averigua, identifica ou n\u00e3o o alvo e retorna \u00e0 base. Mas o custo \u00e9 alto, sim.<\/p>\n<p><strong>Ent\u00e3o a Aeron\u00e1utica n\u00e3o mandaria seus ca\u00e7as, caso n\u00e3o fosse algo muito s\u00e9rio?<\/strong><br \/>\nN\u00e3o mandaria. Mas deixem eu lhes contar uma hist\u00f3ria. Quando houve a Guerra das Malvinas, em 1982, eu era comandante do CINDACTA e n\u00f3s pegamos nas telas um avi\u00e3o se aproximando do Territ\u00f3rio Nacional pelo norte, na \u00e1rea de Bel\u00e9m, onde t\u00ednhamos radares. N\u00f3s sab\u00edamos que era um avi\u00e3o Ilyushin russo que havia sa\u00eddo de Havana e se dirigia para Buenos Aires, tendo que passar sobre o Brasil. N\u00e3o sab\u00edamos quem era seu comandante, mas sab\u00edamos que a bordo estava o embaixador cubano na Argentina, que levava consigo uma mala com 200 mil d\u00f3lares \u2013 para que, eu n\u00e3o sei. O jato entrou no Territ\u00f3rio Nacional e n\u00e3o comunicou ao controle de Bras\u00edlia. Imediatamente, o Centro de Opera\u00e7\u00f5es Militares se preparou para pegar o intruso e fez decolarem dois ca\u00e7as Mirage. Era quinta-feira, v\u00e9spera da Sexta-Feira da Paix\u00e3o, e havia uma tempestade enorme em Bras\u00edlia. A pista de decolagem dos jatos estava apagada, pois perdemos a eletricidade. Ent\u00e3o, acendemos lampi\u00f5es a iluminamos para a decolagem dos Mirage, \u00e0s 22h00, para interceptar o avi\u00e3o cubano. Eles deram ordem para o intruso voltar e pousar em Bras\u00edlia, mas os pilotos fingiram que n\u00e3o ouviram. A\u00ed os Mirage acenderam seus far\u00f3is ao lado do avi\u00e3o cubano e finalmente seus pilotos viram que n\u00e3o tinham alternativa, voltando ent\u00e3o para pouso na capital. Ou seja, nosso sistema de detec\u00e7\u00e3o e de intercepta\u00e7\u00e3o funciona mesmo! [Enf\u00e1tico] Mas, se o Ilyushin n\u00e3o pousasse em Bras\u00edlia, n\u00f3s n\u00e3o saber\u00edamos o que fazer, porque nenhuma autoridade brasileira teria coragem para dar ordem para atirar no intruso. Agora \u00e9 diferente e j\u00e1 existe a Lei do Abate.<\/p>\n<h3><span class=\"\\&quot;Intertitulo2\\&quot;\">Documentos engavetados<\/span><\/h3>\n<p><strong>Em 19 de maio de 1986, no entanto, os ca\u00e7as n\u00e3o conseguiram for\u00e7ar os intrusos, no caso os UFOs, a pousarem. O relat\u00f3rio que agora temos liberado mostra como, um a um, os ca\u00e7as foram disparados, o que viram e o que detectaram etc, e como tentaram, em v\u00e3o, se aproximar dos objetos. Houve momentos em que, de perseguidores, os pilotos dos ca\u00e7as da Aeron\u00e1utica acabaram se tornando os perseguidos. Um dos UFOs, em espantosa velocidade, chegou em instantes a mais de 180 km Oceano Atl\u00e2ntico adentro, na costa de S\u00e3o Paulo, para depois voltar e perseguir um dos ca\u00e7as.<\/strong><br \/>\n\u00c9 verdade, o que a gente constata \u00e9 que n\u00e3o se consegue chegar perto dos objetos. Neste caso, v\u00e1rias vezes os pilotos tentaram se aproximar, mas os UFOs aumentaram sua velocidade e os deixaram para tr\u00e1s.<\/p>\n<p><strong>\u00c9 impressionante. Por\u00e9m, tudo isso foi detectado pelos radares de solo e que estavam a bordo dos ca\u00e7as, e os UFOs estavam sendo observados simultaneamente pelos pilotos e pelo Ozires Silva.<\/strong><br \/>\nEnt\u00e3o eram \u201c<em>anomalias eletr\u00f4nicas visuais<\/em>\u201d [Rindo cada vez mais que repete o termo].<\/p>\n<p><strong>O senhor chegou a conversar com os pilotos daqueles ca\u00e7as ou com outros militares envolvidos, como o comandante do Comando de Defesa A\u00e9rea (CODA), major-aviador Ney Cerqueira, hoje coronel da Reserva? Ou ent\u00e3o com o ex-ministro da Aeron\u00e1utica na \u00e9poca, brigadeiro Oct\u00e1vio Moreira Lima?<\/strong><br \/>\nN\u00e3o, n\u00e3o falei com nenhum deles porque eu n\u00e3o tinha a inten\u00e7\u00e3o de pesquisar aquilo com profundidade, pois sabia que n\u00e3o ia chegar a lugar nenhum.<\/p>\n<p><strong>Como sabia que n\u00e3o ia chegar a lugar nenhum?<\/strong><br \/>\nPorque nunca ningu\u00e9m chegou, pelo menos aqui no Brasil, pelo que estou informado. Se estiver errado, me corrijam.<\/p>\n<p><strong>Mas a pesquisa nos leva, pelo menos, a um determinado ponto.<\/strong><br \/>\nSim, e um dia a gente vai chegar l\u00e1.<\/p>\n<p><strong>De qualquer forma, uma manifesta\u00e7\u00e3o t\u00e3o maci\u00e7a de objetos n\u00e3o identificados sobre o Territ\u00f3rio Nacional, como aquela, que, segundo fontes, chegou a 21 artefatos esf\u00e9ricos de cerca de 100 m de di\u00e2metro cada, n\u00e3o seria um perigo \u00e0 seguran\u00e7a nacional, para o tr\u00e1fego a\u00e9reo civil, especialmente no hor\u00e1rio em que aquilo aconteceu?<\/strong><br \/>\nN\u00e3o, porque n\u00f3s sab\u00edamos que n\u00e3o havia amea\u00e7a. T\u00ednhamos a convic\u00e7\u00e3o de que, na realidade, [A inten\u00e7\u00e3o deles] era aproxima\u00e7\u00e3o para conhecer.<\/p>\n<p><strong>Para conhecer o que ou quem? N\u00f3s?<\/strong><br \/>\nSim, para nos conhecer.<\/p>\n<p><strong>Mas se o senhor pensa assim, \u00e9 porque reconhece que \u201celes\u201d existem, ou seja, que s\u00e3o seres inteligentes e que querem nos conhecer.<\/strong><br \/>\nBem, eram anomalias eletr\u00f4nicas [Rindo ainda mais e j\u00e1 admitindo sua postura]&#8230;<\/p>\n<p><strong class=\"text-strong\">A essa altura dos acontecimentos, quando at\u00e9 o Governo est\u00e1 liberando informa\u00e7\u00f5es, j\u00e1 n\u00e3o d\u00e1 mais para n\u00e3o se reconhecer isso, n\u00e3o \u00e9?<\/strong><br \/>\n&#8230; Amigos, eu lhes garanto uma coisa: se eu tivesse provas da realidade dos UFOs que pudesse oferecer a voc\u00eas, como estes documentos que me trouxeram, eu lhes daria imediatamente. Agora, infelizmente eu n\u00e3o tenho tais provas. Mas conhe\u00e7o muita gente s\u00e9ria que teve experi\u00eancias, e posso lhes dar alguns nomes. Por exemplo, o Jos\u00e9 Alu\u00edzio Borges, que foi diretor-geral do Banco Real. Ele estava em uma fazenda nos arredores de Campo Grande (MS) e viu um disco voador. \u201c<em>Era um clar\u00e3o enorme de madrugada, que passou na frente da gente<\/em>\u201d, me descreveu [Procurado para dar depoimento, a testemunha n\u00e3o foi localizada].<\/p>\n<p><strong class=\"text-strong\">Seu amigo ficou impressionado com o que viu, como o senhor ao observar aquela luz junto com sua esposa, que nos descreveu?<\/strong><br \/>\nSim. Veja, o ser humano tem uma tend\u00eancia natural para buscar o estranho, o desconhecido. E aqui, no Brasil, herdamos isso do povo lusitano. Teve um camarada, uns 300 anos atr\u00e1s, que fez coisas not\u00e1veis. Era Bartolomeu Gusm\u00e3o. Ele colocou um bal\u00e3ozinho para subir no sal\u00e3o do rei de Portugal, para mostrar-lhe que era poss\u00edvel voar. Antes disso, ao descrever o que ia fazer, todos riram dele. Mas ao verem o bal\u00e3ozinho subir, o aplaudiram. Gusm\u00e3o ent\u00e3o pediu ao rei licen\u00e7a para explorar aquele m\u00e9todo de transporte, e da\u00ed quantas pessoas se inspiraram nisso e fizeram experimentos semelhantes? D\u00e1 para imaginar que algu\u00e9m tenha pensado em inventar um processo de transporte h\u00e1 mais de 300 anos?<\/p>\n<p><strong class=\"text-strong\">O senhor narrou em detalhes, no in\u00edcio de nossa conversa, o caso ocorrido nas instala\u00e7\u00f5es de radar do CINDACTA no Gama. Mas o senhor conhece algum outro caso, durante o per\u00edodo em que esteve no comando do \u00f3rg\u00e3o ou n\u00e3o, em que militares tamb\u00e9m dispararam contra UFOs? Ou de ca\u00e7as que teriam atirado contra objetos no ar?<\/strong><br \/>\nDesconhe\u00e7o qualquer caso assim. At\u00e9 porque, na \u00e9poca n\u00f3s sab\u00edamos que n\u00e3o agredir era doutrina a ser seguida.<\/p>\n<p><strong class=\"text-strong\">Esta doutrina partia de quem ou de que \u00f3rg\u00e3o?<\/strong><br \/>\nDe ningu\u00e9m, apenas esta era a nossa l\u00f3gica, porque sab\u00edamos que o artefato ou a nave que tivesse capacidade de fazer aquele tipo de manobras, que tivesse tamanho desempenho, n\u00e3o poderia ser atingida. Ou seria loucura de nossa parte fazer alguma coisa contra ela. N\u00f3s sab\u00edamos disso e ningu\u00e9m era louco de tentar agredir aquilo. Aquele \u201c<em>neg\u00f3cio<\/em>\u201d poderia jogar um raio em cima de n\u00f3s que nos liquidaria. Mas isso n\u00e3o nos impedia de tentarmos nos aproximar para vermos aquelas naves de perto. Na verdade, todo mundo [No meio militar] estava louco para ver um UFO de perto&#8230;<\/p>\n<p><strong class=\"text-strong\">Esta doutrina era algo formalizado, dentro de seus regulamentos?<\/strong><br \/>\nN\u00e3o, era informal. Era um consenso natural nosso, dos pilotos e comandantes. Um chegava para o outro e perguntava: \u201c<em>Vem c\u00e1, voc\u00ea atira naquilo?<\/em>\u201d E a resposta certamente seria: \u201c<em>Atiro nada, n\u00e3o sou louco<\/em>\u201d. Inclusive, como t\u00ednhamos a convic\u00e7\u00e3o de que n\u00e3o conseguir\u00edamos chegar nem perto deles para uma a\u00e7\u00e3o, n\u00e3o havia um procedimento definido para adotar nestas situa\u00e7\u00f5es.<\/p>\n<p><strong class=\"text-strong\">E no caso da Noite Oficial, em que os ca\u00e7as Mirage e F-5E decolaram armados, segundo nos confirmou o brigadeiro Pereira, n\u00e3o havia uma inten\u00e7\u00e3o de atirar?<\/strong><br \/>\nN\u00e3o. Aqueles avi\u00f5es partiram armados porque todo avi\u00e3o de intercepta\u00e7\u00e3o decola armado sempre. N\u00e3o tenha d\u00favida. Porque, se um dia for necess\u00e1rio o uso da for\u00e7a, para defesa ou agress\u00e3o, estaremos preparados.<\/p>\n<p><strong class=\"text-strong\">N\u00e3o havia receio, por parte dos militares que acompanhavam as manobras, de que os ca\u00e7as armados pudessem ser interpretados pelos tripulantes dos UFOs como uma amea\u00e7a?<\/strong><br \/>\nEu tinha medo disso, sim. Queria que f\u00f4ssemos l\u00e1 ver, mas n\u00e3o que cheg\u00e1ssemos muito perto [Neste ponto, contradisse sua declara\u00e7\u00e3o inicial de que n\u00e3o acompanhara as opera\u00e7\u00f5es da Noite Oficial, por estar no Rio]. Ademais, como poderiam saber se estamos armados?<\/p>\n<p><strong class=\"text-strong\">Bem, talvez tenham tecnologia para detectar armamento nos ca\u00e7as, j\u00e1 que demonstram possu\u00ed-la em tantas outras situa\u00e7\u00f5es.<\/strong><br \/>\n\u00c9, pode ser. Esta quest\u00e3o de tecnologia \u00e9 interessante. Sabemos que a velocidade da luz \u00e9 um limite para n\u00f3s, por enquanto. Mas um dia vamos ultrapassar tal fronteira, e a\u00ed talvez a gente entenda o que est\u00e1 acontecendo agora.<\/p>\n<p><strong class=\"text-strong\">Perfeito. Brigadeiro, para encerrar, o que o senhor nos diz sobre toda documenta\u00e7\u00e3o que ainda permanece nos arquivos governamentais, pastas e mais pastas que ainda n\u00e3o foram abertas pelo Governo? O que se deve fazer a respeito?<\/strong><br \/>\nAcho que o que deve ser feito \u00e9 o que est\u00e1 sendo feito, ou seja, esta abertura for\u00e7ada pelos uf\u00f3logos. O Governo deve convocar pessoas inteligentes, cultas e que tenham interesse pelo assunto, e fazer chegar \u00e0s suas m\u00e3os tal material \u2013 ou facilitar seu acesso aos locais onde esteja.<\/p>\n<p><strong class=\"text-strong\">O senhor ap\u00f3ia a campanha UFOs: Liberdade de Informa\u00e7\u00e3o J\u00e1, que estamos fazendo para pedir ao Governo que abra estes documentos?<\/strong><br \/>\nPode ter certeza disso! Os arquivos devem ser abertos e voc\u00eas devem continuar sua a\u00e7\u00e3o junto ao Governo, para garantir que isso ocorra [Enf\u00e1tico]. Da\u00ed voc\u00eas depois me contam o que conseguirem al\u00e9m do que j\u00e1 t\u00eam.<\/p>\n<p>&nbsp;<\/p>\n<p>&nbsp;<\/p>\n<p>&nbsp;<\/p>\n<p><img loading=\"lazy\" class=\"aligncenter wp-image-6274 size-large\" src=\"https:\/\/www.fenomenum.com.br\/novo\/wp-content\/uploads\/2022\/04\/propaganda-noite-oficial-1-1024x576.jpg\" alt=\"\" width=\"1024\" height=\"576\" \/><\/p>\n<p>&nbsp;<\/p>\n<h2>Refer\u00eancias:<\/h2>\n<hr \/>\n<ol>\n<li>Arquivos CIPEX<\/li>\n<li>CAMARGO, Jackson Luiz. Noite Oficial dos UFOs no Brasil. Curitiba: Revista UFO, 2021.<\/li>\n<li>BA\u00c8RE, Mauro. UFOs e Extraterrestres: Uma Jornada em Busca da Verdade. S\u00e3o Paulo: Editora Brilho coletivo, 2021.<\/li>\n<li>PETIT, Marco Antonio. Um Mergulho na Ufologia Militar Brasileira. Campo Grande: Revista UFO, 2007.<\/li>\n<li>CAMARGO, Jackson Luiz. REVELA\u00c7\u00c3O: A Noite Oficial dos UFOs no Brasil. Revista UFO, n\u00ba 287, p. 26 \u00e0 38, Fevereiro de 2022.<\/li>\n<li>CAMARGO, Jackson Luiz. Um novo olhar sobre a espantosa onda ufol\u00f3gica brasileira de 1986. Revista UFO, n\u00ba 235, p. 42 \u00e0 50, Junho de 2016.<\/li>\n<li><a href=\"https:\/\/www.fenomenum.com.br\/documentos\/brasil\/noite\/1099244_12715.pdf\" target=\"_blank\" rel=\"noopener\">Of\u00edcio n\u00ba 008\/CMDO\/C-138, de 2 de junho de 1986, assinado pelo Comandante Interino do CODa, Brigadeiro Jos\u00e9 Pessoa Cavalcanti de Albuquerque, contendo o relat\u00f3rio final de investiga\u00e7\u00e3o dos fatos ocorridos na noite de 19 de maio de 1986. Arquivo em PDF, contendo 8 p\u00e1ginas (3.36 MB).<\/a><\/li>\n<li><a href=\"https:\/\/www.fenomenum.com.br\/documentos\/brasil\/noite\/1099258_12102.pdf\" target=\"_blank\" rel=\"noopener\">Relat\u00f3rio Manuscrito da For\u00e7a A\u00e9rea Brasileira; Telex da Base A\u00e9rea de An\u00e1polis para o Comdabra; relat\u00f3rio de voo e relat\u00f3rio dos pilotos envolvidos. Arquivo em PDF com 27 p\u00e1ginas (9.50 MB).<\/a><\/li>\n<li><a href=\"https:\/\/www.fenomenum.com.br\/documentos\/brasil\/noite\/1099257_12094.pdf\" target=\"_blank\" rel=\"noopener\">Relat\u00f3rio do Tenente Hugo Nunes Freitas, Chefe controlador do COpM I, para o Chefe da Se\u00e7\u00e3o de Informa\u00e7\u00f5es do COpM I. Arquivo em PDF com 4 p\u00e1ginas (1.65 MB).<\/a><\/li>\n<li><a href=\"https:\/\/www.fenomenum.com.br\/documentos\/brasil\/noite\/1099247_12720.pdf\" target=\"_blank\" rel=\"noopener\">Of\u00edcio n\u00ba 07\/OOP\/C-130, de 29 de maio de 1986, com encaminhamento de documentos e grava\u00e7\u00f5es, emitido pelo Comandante do CINDACTA I para o o Comandante do COMDA. Arquivo em PDF com 11 p\u00e1ginas (3.29 MB).<\/a><\/li>\n<li><a href=\"https:\/\/www.fenomenum.com.br\/documentos\/brasil\/noite\/1099251_12724.pdf\" target=\"_blank\" rel=\"noopener\">Of\u00edcio n\u00ba 001\/SCOAM\/C-046, emitido pelo comandante da Base A\u00e9rea de An\u00e1polis, Coronel Jo\u00e3o Fares Neto, para o Comandante do COMDA, contendo quatro relat\u00f3rio, sendo de 3 pilotos de ca\u00e7a e de um controlador de voo. Arquivo em PDF com 5 p\u00e1ginas (1.95 MB).<\/a><\/li>\n<li><a href=\"https:\/\/www.fenomenum.com.br\/documentos\/brasil\/noite\/1099250_12723.pdf\" target=\"_blank\" rel=\"noopener\">Relat\u00f3rio pessoal do Capit\u00e3o M\u00e1rcio Jord\u00e3o, sobre seu voo de intercepta\u00e7\u00e3o \u00e0 OVNIs, em 19 de maio de 1986. Arquivo em PDF, com uma p\u00e1gina (421 Kb).<\/a><\/li>\n<li><a href=\"https:\/\/www.fenomenum.com.br\/documentos\/brasil\/noite\/1099249_12722.pdf\" target=\"_blank\" rel=\"noopener\">Relat\u00f3rio pessoal do Tenente Kleber Marinho, sobre seu voo de intercepta\u00e7\u00e3o \u00e0 OVNIs, em 19 de maio de 1986. Arquivo em PDF, com 2 p\u00e1ginas (362 Kb).<\/a><\/li>\n<li><a href=\"https:\/\/www.fenomenum.com.br\/documentos\/brasil\/noite\/1099258_12104.pdf\" target=\"_blank\" rel=\"noopener\">Relat\u00f3rios de voo, de ca\u00e7as que decolaram em miss\u00e3o de intercepta\u00e7\u00e3o aos OVNIs, em 19 de maio de 1986. Arquivo em PDF, com 7 p\u00e1ginas (2.14 MB)<\/a>.<\/li>\n<li><a href=\"https:\/\/www.fenomenum.com.br\/documentos\/brasil\/noite\/1099243_12714.pdf\" target=\"_blank\" rel=\"noopener\">Despacho n\u00ba 022\/A2\/C-376, relatando fatos ufol\u00f3gicos ocorridos em setembro de 1986, envolvendo pilotos da FAB. Arquivo em PDF, contendo 9 p\u00e1ginas (2.84 MB).<\/a><\/li>\n<li><a href=\"https:\/\/www.fenomenum.com.br\/documentos\/brasil\/noite\/1099242_12711.pdf\" target=\"_blank\" rel=\"noopener\">Relat\u00f3rio Mensal do COpM, de agosto de 1986, contendo transcri\u00e7\u00e3o de ocorr\u00eancias ufol\u00f3gicas registradas pelo CINDACTA I, e dois question\u00e1rios feitos \u00e0 testemunhas. Arquivo em PDF contendo 17 p\u00e1ginas (4.54 MB).<\/a><\/li>\n<li><a href=\"https:\/\/www.fenomenum.com.br\/documentos\/brasil\/noite\/1099241_12710.pdf\" target=\"_blank\" rel=\"noopener\">Of\u00edcio n\u00ba 11\/OOP\/C-199, de 14 de julho de 1986, contendo relatos, depoimentos e transcri\u00e7\u00f5es do livro do Ajudante de Chefe Controlador do COpM, envolvendo registros de OVNIs em maio e junho de 1986. Arquivo em PDF contendo 19 p\u00e1ginas (4.27 MB)<\/a><\/li>\n<li><a href=\"https:\/\/www.fenomenum.com.br\/documentos\/brasil\/noite\/1099240_12709.pdf\" target=\"_blank\" rel=\"noopener\">Informe n\u00ba 005\/SI\/86-CINDACTA II, de 5 de junho de 1986, referente \u00e0 aparecimento de OVNI pr\u00f3ximo \u00e0 cidade de Bandeirante (PR). Arquivo em PDF, com 1 p\u00e1gina (483 KB).<\/a><\/li>\n<li><a href=\"https:\/\/www.fenomenum.com.br\/documentos\/brasil\/noite\/1099248_12721.pdf\" target=\"_blank\" rel=\"noopener\">Relat\u00f3rio de avistamentos ufol\u00f3gicos registrados pela FAB nas noites seguintes \u00e0 Noite Oficial. Arquivo em PDF, com 12 p\u00e1ginas (2.63 MB).<\/a><\/li>\n<li><a href=\"https:\/\/www.fenomenum.com.br\/documentos\/brasil\/noite\/1099246_12719.pdf\" target=\"_blank\" rel=\"noopener\">Of\u00edcio n\u00ba 006\/A-2\/C-046, do Comandante do III COMAR, contendo relat\u00f3rios de avistamentos ufol\u00f3gicos na regi\u00e3o de Uberaba, em 5 e 28 de Agosto de 1986. Arquivo em PDF contendo 3 p\u00e1ginas (1.30 MB).<\/a><\/li>\n<li><a href=\"https:\/\/www.fenomenum.com.br\/documentos\/brasil\/noite\/1099256_12095.pdf\" target=\"_blank\" rel=\"noopener\">Telex contendo relato de avistamento na costa do Esp\u00edrito Santo, em agosto de 1986. Arquivo em PDF, contendo 2 p\u00e1ginas (494 KB).<\/a><\/li>\n<li><a href=\"https:\/\/www.fenomenum.com.br\/documentos\/brasil\/noite\/1099255_12686.pdf\" target=\"_blank\" rel=\"noopener\">Transcri\u00e7\u00e3o do Livro de Ocorr\u00eancia Operacional do Ajudante Chefe Controlador, com relato de avistamento de piloto de ca\u00e7a em Junho de 1986. Arquivo em PDF contendo 2 p\u00e1ginas (774 Kb).<\/a><\/li>\n<li><a href=\"https:\/\/www.fenomenum.com.br\/documentos\/brasil\/noite\/1099252_12728.pdf\" target=\"_blank\" rel=\"noopener\">Reportagens de jornal, coletadas pela FAB, sobre os eventos de 19 de maio de 1986 (1). Arquivo em PDF, contendo 4 p\u00e1ginas (6.06 MB).<\/a><\/li>\n<li><a href=\"https:\/\/www.fenomenum.com.br\/documentos\/brasil\/noite\/1099252_12727.pdf\" target=\"_blank\" rel=\"noopener\">Reportagens de jornal, coletadas pela FAB, sobre os eventos de 19 de maio de 1986 (2). Arquivo em PDF, contendo 8 p\u00e1ginas (9.34 MB).<\/a><\/li>\n<li><a href=\"https:\/\/www.fenomenum.com.br\/documentos\/brasil\/noite\/1099252_12726.pdf\" target=\"_blank\" rel=\"noopener\">Reportagens de jornal, coletadas pela FAB, sobre os eventos de 19 de maio de 1986 (3). Arquivo em PDF, contendo 5 p\u00e1ginas (8.85 MB).<\/a><\/li>\n<li><a href=\"https:\/\/www.fenomenum.com.br\/documentos\/brasil\/noite\/1986_arquivos_eua_noite_oficial.pdf\" target=\"_blank\" rel=\"noopener\">Documento do Departamento de Defesa dos Estados Unidos, emitido com base em informes da Embaixada dos Estados Unidos no Brasil. Cont\u00e9m duas p\u00e1ginas (136 KB).<\/a><\/li>\n<li>REIS, Carlos Alberto. Voltam os Discos Voadores (e com intensidade m\u00e1xima)!. Revista PSI-UFO n\u00ba 1, p. 29 \u00e0 31. Setembro de 1986.<\/li>\n<li>GRANCHI, Irene. OVNIS Entre o C\u00e9u e a Terra: N\u00e3o se tapa o Sol com a peneira!!! Revista PSI-UFO n\u00ba 1, p. 32 \u00e0 35. Setembro de 1986.<\/li>\n<li>GEVAERD, A. J. Aconteceu tudo de novo: Voltam os OVNIs! Revista Ufologia Nacional e Internacional, n\u00ba 10, p. 4 e 7. Outubro de 1986.<\/li>\n<li>COVO, Claudeir. Maio de 1986: A mobiliza\u00e7\u00e3o no c\u00e9u brasileiro. Revista Planeta: O Assunto \u00e9 Ufologia,\u00a0 n\u00ba 14, p. 12 \u00e0 23.<\/li>\n<li>AMPEU Pesquisa. OVNIs em Montes Claros &#8211; Um Espanto. Revista UFO L\u00f3gica., p.4 e 5. Outubro de 1987.<\/li>\n<li>CARMO, Alberto Francisco. FAB e OVNIs: Opini\u00e3o. Revista UFO L\u00f3gica., p.18. Outubro de 1987.<\/li>\n<li><a href=\"https:\/\/www.fenomenum.com.br\/documentos\/brasil\/noite\/Noite%20oficial%20parte1.doc\" target=\"_blank\" rel=\"noopener\">RAAD, Mariana. A Noite!: Objetos voadores n\u00e3o identificados nos c\u00e9us do Brasil. Revista For\u00e7a A\u00e9rea, Ano 11, n\u00ba 43, p.44 \u00e0 55. Junho, Julho e Agosto de 2006.<\/a><\/li>\n<li>ALBINO, Wallacy. Avi\u00f5es versus UFOs. Revista UFO, ed. 94, p. 14 \u00e0 19. Dezembro de 2003<\/li>\n<li>BOAVENTURA JR, Edison. Maio de 1986: Continua o Sil\u00eancio!. Boletim GUG, n\u00ba 40, p. e 7. Abril\/Junho de 1996.<\/li>\n<li>Coronel Ariel Sanch\u00e9z, em entrevista \u00e0 A.J. Gevaerd, publicado na Revista UFO, edi\u00e7\u00f5es 185 e 186, de Fevereiro e Mar\u00e7o de 2012.<\/li>\n<li>COVO, Claudeir. Confirmado: Os registros militares sobre a Noite Oficial dos UFOs no Brasil, de 19 de maio de 1986, coincidem com as investiga\u00e7\u00f5es realizadas por uf\u00f3logos civis sobre aquela que \u00e9 considerada a maior movimenta\u00e7\u00e3o ufol\u00f3gica do pa\u00eds. Revista UFO, ed. 111, p. 18 \u00e0 21, de Junho de 2005.<\/li>\n<li>MARTINHO, Jeferson. UFOs registrados pela Aeron\u00e1utica Brasileira. Revista UFO n\u00ba 78, p. 14 \u00e0 19. Agosto de 2001.<\/li>\n<li>\u00c9 hora de encerrar o segredo sobre os discos voadores. Revista UFO, n\u00ba 200, p. 15 \u00e0 25. Maio de 2013.<\/li>\n<li>PETIT, Marco Antonio. Invas\u00e3o: O Governo Brasileiro libera documentos secretos sobre a Noite Oficial dos UFOs no Brasil, que confirmam que uma grande frota de UFOs sobrevoou o pa\u00eds em 19 de maio de 1986. Revista UFO, n\u00ba 200, p. 44 \u00e0 51. Maio de 2013.<\/li>\n<li>PETIT, Marco Antonio. Moreira Lima faz revela\u00e7\u00f5es sobre UFOs. Revista UFO n\u00ba49, p. 12 \u00e0 16. Fevereiro de 1997.<\/li>\n<li>MARTINHO, Jeferson. Pol\u00edtica com tom ufol\u00f3gico.\u00a0 Revista UFO, n\u00ba 99, p. 12 \u00e0 15. Maio de 2004.<\/li>\n<li>Lockheed SR-71 Blackbird. Revista Asas de Guerra, n\u00ba 7, p. 134 \u00e0 137. 1997<\/li>\n<li>BARANOFF, Bas\u00edlio. Onda ufol\u00f3gica de 19\/05\/86. Revista PSI-UFO, n\u00ba 4, p; 28 \u00e0 33, de Janeiro\/Fevereiro de 1987.<\/li>\n<li>PETIT, Marco Antonio. OVNIs no Rio de Janeiro. Revista PSI-UFO, n\u00ba 3, p.11 \u00e0 15, de Novembro\/Dezembro de 1986.<\/li>\n<li>CURY, Rafael. Discos Voadores e a FAB. Revista Realismo Fant\u00e1stico n\u00ba 6,\u00a0 p. 26 \u00e0 28.\u00a0 Julho de 1995.<\/li>\n<li>PETIT, Marco Antonio. Fim do Acobertamento ufol\u00f3gico: A hora da verdade. Revista UFO, edi\u00e7\u00e3o 138, p. 16 \u00e0 19. Janeiro de 2008.<\/li>\n<li>VISONI, Rodrigo Moura. A Noite Oficial dos OVNIs. Aeromagazine, n\u00ba 301, p. 74-81. Junho de 2019.<\/li>\n<li>BOAVENTURA Jr, Edison e SANTANA, S\u00e9rgio. Noite Oficial dos OVNIs: Dez dias de invas\u00f5es nos c\u00e9us do Brasil. Revista OVNI Pesquisa, n\u00ba 2, p. 6 \u00e0 p. 11. Agosto de 2018.<\/li>\n<li>SANTANA, S\u00e9rgio. A Noite Oficial dos OVNIs. Revista OVNI Pesquisa, n\u00ba 6, p.20 \u00e0 22. Julho de 2020.<\/li>\n<li>BOAVENTURA JR, Edison. A Noite Oficial dos OVNIs. Revista OVNI Pesquisa, n\u00ba 6, p. 24. Julho de 2020.<\/li>\n<li>OLIVEIRA, Rafaela. Eventos extraordin\u00e1rios sendo tratados com descaso. Revista OVNI Pesquisa, n\u00ba 6, p. 24. Julho de 2020.<\/li>\n<li><a href=\"https:\/\/www.fenomenum.com.br\/novo\/wp-content\/uploads\/2022\/03\/B_SBEDV_168_173.pdf\" target=\"_blank\" rel=\"noopener\">Macro Efeitos da\u00a0 Micro-onda de 1986. Boletim da Sociedade Brasileira de Estudos de Discos Voadores, n\u00ba 168\/173, de Janeiro\/Dezembro de 1986.<\/a><\/li>\n<li><a href=\"https:\/\/www.tvkz.com.br\/regiao\/araxa\/ovnis-foram-vistos-em-araxa-e-uberlandia-na-noite-dos-discos\/12014\" target=\"_blank\" rel=\"noopener\">https:\/\/www.tvkz.com.br\/regiao\/araxa\/ovnis-foram-vistos-em-araxa-e-uberlandia-na-noite-dos-discos\/12014<\/a><\/li>\n<li><a href=\"https:\/\/oberhalbthoth.blogspot.com\/2018\/05\/a-noite-oficial-dos-ovnis-no-brasil_19.html\" target=\"_blank\" rel=\"noopener\">https:\/\/oberhalbthoth.blogspot.com\/2018\/05\/a-noite-oficial-dos-ovnis-no-brasil_19.html<\/a><\/li>\n<li><a href=\"https:\/\/portalcontexto.com\/anapolis-esteve-na-rota-da-noite-oficial-dos-ovnis-no-brasil-ha-35-anos\/\" target=\"_blank\" rel=\"noopener\">https:\/\/portalcontexto.com\/anapolis-esteve-na-rota-da-noite-oficial-dos-ovnis-no-brasil-ha-35-anos\/<\/a><\/li>\n<li><a href=\"https:\/\/www.bbc.com\/portuguese\/brasil-59953278\" target=\"_blank\" rel=\"noopener\">https:\/\/www.bbc.com\/portuguese\/brasil-59953278<\/a><\/li>\n<li><a href=\"https:\/\/g1.globo.com\/ciencia\/noticia\/2022\/01\/14\/a-noite-em-que-21-ovnis-invadiram-o-espaco-aereo-brasileiro-e-foram-perseguidos-por-cacas-da-fab.ghtml\" target=\"_blank\" rel=\"noopener\">https:\/\/g1.globo.com\/ciencia\/noticia\/2022\/01\/14\/a-noite-em-que-21-ovnis-invadiram-o-espaco-aereo-brasileiro-e-foram-perseguidos-por-cacas-da-fab.ghtml<\/a><\/li>\n<li><a href=\"https:\/\/economia.uol.com.br\/todos-a-bordo\/2021\/05\/18\/noite-oficial-ovnis-35-anos.htm\" target=\"_blank\" rel=\"noopener\">https:\/\/economia.uol.com.br\/todos-a-bordo\/2021\/05\/18\/noite-oficial-ovnis-35-anos.htm<\/a><\/li>\n<li><a href=\"https:\/\/www1.folha.uol.com.br\/ciencia\/2022\/01\/a-noite-em-que-21-ovnis-invadiram-o-espaco-aereo-brasileiro-e-foram-perseguidos-por-cacas-da-fab.shtml\" target=\"_blank\" rel=\"noopener\">https:\/\/www1.folha.uol.com.br\/ciencia\/2022\/01\/a-noite-em-que-21-ovnis-invadiram-o-espaco-aereo-brasileiro-e-foram-perseguidos-por-cacas-da-fab.shtml<\/a><\/li>\n<li><a href=\"https:\/\/noticias.r7.com\/hora-7\/noite-oficial-dos-ovnis-os-misterios-do-maior-caso-ufologico-brasileiro-22032019\" target=\"_blank\" rel=\"noopener\">https:\/\/noticias.r7.com\/hora-7\/noite-oficial-dos-ovnis-os-misterios-do-maior-caso-ufologico-brasileiro-22032019<\/a><\/li>\n<li><a href=\"https:\/\/www.aereo.jor.br\/2022\/01\/16\/a-noite-em-que-21-ovnis-foram-perseguidos-por-cacas-da-forca-aerea-brasileira\/\" target=\"_blank\" rel=\"noopener\">https:\/\/www.aereo.jor.br\/2022\/01\/16\/a-noite-em-que-21-ovnis-foram-perseguidos-por-cacas-da-forca-aerea-brasileira\/<\/a><\/li>\n<li><a href=\"https:\/\/sjc.com.br\/2020\/06\/28\/noite-oficial-dos-ovnis\/\" target=\"_blank\" rel=\"noopener\">https:\/\/sjc.com.br\/2020\/06\/28\/noite-oficial-dos-ovnis\/<\/a><\/li>\n<li><a href=\"https:\/\/aventurasnahistoria.uol.com.br\/noticias\/reportagem\/noite-dos-ovinis-um-misterio-de-34-anos-nao-solucionado-pela-forca-aera-brasileira.phtml\" target=\"_blank\" rel=\"noopener\">https:\/\/aventurasnahistoria.uol.com.br\/noticias\/reportagem\/noite-dos-ovinis-um-misterio-de-34-anos-nao-solucionado-pela-forca-aera-brasileira.phtml<\/a><\/li>\n<li><a href=\"https:\/\/history.uol.com.br\/ovnis-e-misterios\/noite-oficial-dos-ovnis-continua-ser-um-dos-maiores-misterios-ufologicos-do\" target=\"_blank\" rel=\"noopener\">https:\/\/history.uol.com.br\/ovnis-e-misterios\/noite-oficial-dos-ovnis-continua-ser-um-dos-maiores-misterios-ufologicos-do<\/a><\/li>\n<li><a href=\"https:\/\/redegeek.com.br\/2017\/09\/19\/ultrageek-305-noite-oficial-dos-ovnis\/\" target=\"_blank\" rel=\"noopener\">https:\/\/redegeek.com.br\/2017\/09\/19\/ultrageek-305-noite-oficial-dos-ovnis\/<\/a><\/li>\n<li><a href=\"https:\/\/www.sjcantigamente.com.br\/34-anos-da-noite-oficial-dos-ovnis\/\" target=\"_blank\" rel=\"noopener\">https:\/\/www.sjcantigamente.com.br\/34-anos-da-noite-oficial-dos-ovnis\/<\/a><\/li>\n<li><a href=\"https:\/\/www.saindodamatrix.com.br\/noite-oficial-dos-ovnis\/\" target=\"_blank\" rel=\"noopener\">https:\/\/www.saindodamatrix.com.br\/noite-oficial-dos-ovnis\/<\/a><\/li>\n<li><a href=\"https:\/\/www.megacurioso.com.br\/ciencia\/120957-noite-dos-discos-voadores-assustou-o-brasil-ha-quase-36-anos.htm\" target=\"_blank\" rel=\"noopener\">https:\/\/www.megacurioso.com.br\/ciencia\/120957-noite-dos-discos-voadores-assustou-o-brasil-ha-quase-36-anos.htm<\/a><\/li>\n<li><a href=\"https:\/\/www.taiadaweb.com.br\/a-noite-dos-ovnis-21-ovnis-estiveram-em-sjc-e-cacapava-e-foram-perseguidos-por-cacas-da-fab\/\" target=\"_blank\" rel=\"noopener\">https:\/\/www.taiadaweb.com.br\/a-noite-dos-ovnis-21-ovnis-estiveram-em-sjc-e-cacapava-e-foram-perseguidos-por-cacas-da-fab\/<\/a><\/li>\n<li><a href=\"https:\/\/www.mundofreak.com.br\/2018\/02\/22\/mundo-freak-confidencial-190-noite-oficial-dos-ovnis\/\" target=\"_blank\" rel=\"noopener\">https:\/\/www.mundofreak.com.br\/2018\/02\/22\/mundo-freak-confidencial-190-noite-oficial-dos-ovnis\/<\/a><\/li>\n<li><a href=\"https:\/\/www.eusemfronteiras.com.br\/relatos-noite-oficial-dos-ovnis\/\" target=\"_blank\" rel=\"noopener\">https:\/\/www.eusemfronteiras.com.br\/relatos-noite-oficial-dos-ovnis\/<\/a><\/li>\n<li><a href=\"https:\/\/jws.com.br\/2022\/01\/a-noite-dos-ovnis-no-brasil-entrevista-com-ozires-silva-fundador-da-embraer\/\" target=\"_blank\" rel=\"noopener\">https:\/\/jws.com.br\/2022\/01\/a-noite-dos-ovnis-no-brasil-entrevista-com-ozires-silva-fundador-da-embraer\/<\/a><\/li>\n<li><a href=\"https:\/\/rollingstone.uol.com.br\/noticia\/ha-35-anos-noite-dos-discos-voadores-assustou-moradores-em-estados-do-brasil\/\" target=\"_blank\" rel=\"noopener\">https:\/\/rollingstone.uol.com.br\/noticia\/ha-35-anos-noite-dos-discos-voadores-assustou-moradores-em-estados-do-brasil\/<\/a><\/li>\n<li><a href=\"https:\/\/ufosfacts.org\/2021\/09\/23\/relatorio-noite-oficial-dos-ufos-ministerio-da-aeronautica\/\" target=\"_blank\" rel=\"noopener\">https:\/\/ufosfacts.org\/2021\/09\/23\/relatorio-noite-oficial-dos-ufos-ministerio-da-aeronautica\/<\/a><\/li>\n<li><a href=\"https:\/\/www.wemystic.com.br\/noite-oficial-dos-ovnis\/\" target=\"_blank\" rel=\"noopener\">https:\/\/www.wemystic.com.br\/noite-oficial-dos-ovnis\/<\/a><\/li>\n<li><a href=\"https:\/\/7minutos.com.br\/noticias\/anapolis\/anapolis-esteve-na-rota-da-noite-oficial-dos-ovnis-no-brasil-ha-35-anos\/\" target=\"_blank\" rel=\"noopener\">https:\/\/7minutos.com.br\/noticias\/anapolis\/anapolis-esteve-na-rota-da-noite-oficial-dos-ovnis-no-brasil-ha-35-anos\/<\/a><\/li>\n<li><a href=\"http:\/\/www.portalburn.com.br\/tag\/noite-oficial-dos-ovnis\/\" target=\"_blank\" rel=\"noopener\">http:\/\/www.portalburn.com.br\/tag\/noite-oficial-dos-ovnis\/<\/a><\/li>\n<li><a href=\"https:\/\/ufosfacts.wordpress.com\/2012\/06\/14\/noite-oficial-dos-ovnis-no-brasil\/\" target=\"_blank\" rel=\"noopener\">https:\/\/ufosfacts.wordpress.com\/2012\/06\/14\/noite-oficial-dos-ovnis-no-brasil\/<\/a><\/li>\n<li><a href=\"https:\/\/www.pressreader.com\/brazil\/mundo-em-foco\/20220131\/281934546367070\" target=\"_blank\" rel=\"noopener\">https:\/\/www.pressreader.com\/brazil\/mundo-em-foco\/20220131\/281934546367070<\/a><\/li>\n<li><a href=\"https:\/\/arquivoufo.com.br\/2012\/04\/19\/21-ovnis-foram-perseguidos-por-cacas-sobre-o-ceu-de-sao-paulo-1986\/\" target=\"_blank\" rel=\"noopener\">https:\/\/arquivoufo.com.br\/2012\/04\/19\/21-ovnis-foram-perseguidos-por-cacas-sobre-o-ceu-de-sao-paulo-1986\/<\/a><\/li>\n<li><a href=\"https:\/\/arquivoufo.com.br\/2017\/06\/21\/noite-oficial-dos-ovnis-e-o-caso-ufologico-mais-legitimo-do-mundo\/\" target=\"_blank\" rel=\"noopener\">https:\/\/arquivoufo.com.br\/2017\/06\/21\/noite-oficial-dos-ovnis-e-o-caso-ufologico-mais-legitimo-do-mundo\/<\/a><\/li>\n<li><a href=\"https:\/\/portalcontexto.com\/anapolis-esteve-na-rota-da-noite-oficial-dos-ovnis-no-brasil-ha-35-anos\/\" target=\"_blank\" rel=\"noopener\">https:\/\/portalcontexto.com\/anapolis-esteve-na-rota-da-noite-oficial-dos-ovnis-no-brasil-ha-35-anos\/<\/a><\/li>\n<li><a href=\"https:\/\/livrosderomancebeatrizfield.blogspot.com\/2016\/10\/curiosidades-sobre-noite-oficial-dos.html\" target=\"_blank\" rel=\"noopener\">https:\/\/livrosderomancebeatrizfield.blogspot.com\/2016\/10\/curiosidades-sobre-noite-oficial-dos.html<\/a><\/li>\n<li>SILVA, Ozires. A decolagem de um sonho: Hist\u00f3ria da Cria\u00e7\u00e3o da Embraer. S\u00e3o Paulo: Lemos Editorial, 1998.<\/li>\n<li><a href=\"https:\/\/fenomenum.com.br\/documentos\/brasil\/noite\/audios\/fita%2001%20-%201195267_54489.mp3\" target=\"_blank\" rel=\"noopener\">Grava\u00e7\u00f5es da Noite Oficial: Fita 1 &#8211; Lado A &#8211; Audio da Torre de Controle do Aeroporto de S\u00e3o Jos\u00e9 dos Campos<\/a><\/li>\n<li><a href=\"https:\/\/fenomenum.com.br\/documentos\/brasil\/noite\/audios\/fita 01 - 1195267_54490.mp3\" target=\"_blank\" rel=\"noopener\">Grava\u00e7\u00f5es da Noite Oficial: Fita 1 &#8211; Lado B &#8211; Audio da Torre de Controle do Aeroporto de S\u00e3o Jos\u00e9 dos Campos<\/a><\/li>\n<li><a href=\"https:\/\/fenomenum.com.br\/documentos\/brasil\/noite\/audios\/fita 02 - 1195268_54491.mp3\" target=\"_blank\" rel=\"noopener\">Grava\u00e7\u00f5es da Noite Oficial: Fita 2 &#8211; Lado A &#8211; Audio da Torre de Controle do Aeroporto de S\u00e3o Jos\u00e9 dos Campos<\/a><\/li>\n<li><a href=\"https:\/\/fenomenum.com.br\/documentos\/brasil\/noite\/audios\/fita 02 - 1195268_54492.mp3\" target=\"_blank\" rel=\"noopener\">Grava\u00e7\u00f5es da Noite Oficial: Fita 2 &#8211; Lado B &#8211; Audio da Torre de Controle do Aeroporto de S\u00e3o Jos\u00e9 dos Campos<\/a><\/li>\n<li><a href=\"https:\/\/fenomenum.com.br\/documentos\/brasil\/noite\/audios\/fita 03 - 1195269_54512.mp3\" target=\"_blank\" rel=\"noopener\">Grava\u00e7\u00f5es da Noite Oficial: Fita 3 &#8211; Lado A &#8211; Audio da Torre de Controle do Aeroporto de S\u00e3o Jos\u00e9 dos Campos<\/a><\/li>\n<li><a href=\"https:\/\/fenomenum.com.br\/documentos\/brasil\/noite\/audios\/fita 03 - 1195269_54513.mp3\" target=\"_blank\" rel=\"noopener\">Grava\u00e7\u00f5es da Noite Oficial: Fita 3 &#8211; Lado B &#8211; Audio da Torre de Controle do Aeroporto de S\u00e3o Jos\u00e9 dos Campos<\/a><\/li>\n<li><a href=\"https:\/\/fenomenum.com.br\/documentos\/brasil\/noite\/audios\/fita 04 - 1195270_54508.mp3\" target=\"_blank\" rel=\"noopener\">Grava\u00e7\u00f5es da Noite Oficial: Fita 4 &#8211; Lado A &#8211; Grava\u00e7\u00e3o das Comunica\u00e7\u00f5es entre o ca\u00e7a Jaguar 98 e a Defesa A\u00e9rea<\/a><\/li>\n<li><a href=\"https:\/\/fenomenum.com.br\/documentos\/brasil\/noite\/audios\/fita 04 - 1195270_54509.mp3\" target=\"_blank\" rel=\"noopener\">Grava\u00e7\u00f5es da Noite Oficial: Fita 4 &#8211; Lado B &#8211; Grava\u00e7\u00e3o das Comunica\u00e7\u00f5es entre o ca\u00e7a Jaguar 98 e a Defesa A\u00e9rea<\/a><\/li>\n<li><a href=\"https:\/\/fenomenum.com.br\/documentos\/brasil\/noite\/audios\/fita 05 - 1195271_54510.mp3\" target=\"_blank\" rel=\"noopener\">Grava\u00e7\u00f5es da Noite Oficial: Fita 5 &#8211; Lado A &#8211; Grava\u00e7\u00e3o das Comunica\u00e7\u00f5es entre o ca\u00e7a Jambock 07 e a Defesa A\u00e9rea<\/a><\/li>\n<li><a href=\"https:\/\/fenomenum.com.br\/documentos\/brasil\/noite\/audios\/fita 05 - 1195271_54511.mp3\" target=\"_blank\" rel=\"noopener\">Grava\u00e7\u00f5es da Noite Oficial: Fita 5 &#8211; Lado B &#8211; Grava\u00e7\u00e3o das Comunica\u00e7\u00f5es entre o ca\u00e7a Jambock 07 e a Defesa A\u00e9rea<\/a><\/li>\n<li><a href=\"https:\/\/fenomenum.com.br\/documentos\/brasil\/noite\/audios\/fita 06 - 1195272_54493.mp3\" target=\"_blank\" rel=\"noopener\">Grava\u00e7\u00f5es da Noite Oficial: Fita 6 &#8211; Lado A &#8211; Grava\u00e7\u00e3o das Comunica\u00e7\u00f5es entre o ca\u00e7a Jaguar-116 e a Defesa A\u00e9rea<\/a><\/li>\n<li><a href=\"https:\/\/fenomenum.com.br\/documentos\/brasil\/noite\/audios\/fita 06 - 1195272_54493.mp3\" target=\"_blank\" rel=\"noopener\">Grava\u00e7\u00f5es da Noite Oficial: Fita 6 &#8211; Lado B &#8211; Grava\u00e7\u00e3o das Comunica\u00e7\u00f5es entre o ca\u00e7a Jaguar-116 e a Defesa A\u00e9rea<\/a><\/li>\n<li><a href=\"https:\/\/fenomenum.com.br\/documentos\/brasil\/noite\/audios\/fita 07 - 1195273_54495.mp3\" target=\"_blank\" rel=\"noopener\">Grava\u00e7\u00f5es da Noite Oficial: Fita 7 &#8211; Lado A &#8211; Grava\u00e7\u00f5es telef\u00f4nicas diversas<\/a><\/li>\n<li><a href=\"https:\/\/fenomenum.com.br\/documentos\/brasil\/noite\/audios\/fita 08 - 1195274_54496.mp3\" target=\"_blank\" rel=\"noopener\">Grava\u00e7\u00f5es da Noite Oficial: Fita 8 &#8211; Lado A &#8211; Grava\u00e7\u00e3o das Comunica\u00e7\u00f5es entre o ca\u00e7a Jambock- 17 e a Defesa A\u00e9rea<\/a><\/li>\n<li><a href=\"https:\/\/fenomenum.com.br\/documentos\/brasil\/noite\/audios\/fita 08 - 1195274_54497.mp3\" target=\"_blank\" rel=\"noopener\">Grava\u00e7\u00f5es da Noite Oficial: Fita 8 &#8211; Lado B &#8211; Grava\u00e7\u00e3o das Comunica\u00e7\u00f5es entre o ca\u00e7a Jambock- 17 e a Defesa A\u00e9rea<\/a><\/li>\n<li>ROCHA JR, J. S. Invas\u00e3o de Tr\u00e1fego A\u00e9reo em 1986. Revista UFO, n\u00ba 55, p. 27. Novembro de 1997.<\/li>\n<li>EQUIPE UFO. Entrevista com Brigadeiro S\u00f3crates Monteiro. Revista UFO, 163. Mar\u00e7o de 2010<\/li>\n<li><a href=\"https:\/\/www.youtube.com\/watch?v=1O0lNc99ES0\" target=\"_blank\" rel=\"noopener\">Reportagem do programa Fant\u00e1stico da Rede Globo exibido em 22\/05\/2016.<\/a><\/li>\n<\/ol>\n","protected":false},"excerpt":{"rendered":"<p>Entrevista com o Brigadeiro S\u00f3crates Monteiro, que fala sobre Ufologia, libera\u00e7\u00e3o de documentos oficiais e sobre seu avistamento do fen\u00f4meno ocorrido na Noite Oficial dos OVNis, em 19 de maio de 1986. Artigo anterior sobre a Noite Oficial dos OVNIs Pr\u00f3ximo artigo sobre a Noite Oficial Por A. J. Gevaerd, para a Revista UFO, 163 [&hellip;]<\/p>\n","protected":false},"author":5,"featured_media":6555,"comment_status":"open","ping_status":"open","sticky":false,"template":"","format":"standard","meta":{"inline_featured_image":false},"categories":[123,1],"tags":[],"_links":{"self":[{"href":"https:\/\/www.fenomenum.com.br\/novo\/wp-json\/wp\/v2\/posts\/6553"}],"collection":[{"href":"https:\/\/www.fenomenum.com.br\/novo\/wp-json\/wp\/v2\/posts"}],"about":[{"href":"https:\/\/www.fenomenum.com.br\/novo\/wp-json\/wp\/v2\/types\/post"}],"author":[{"embeddable":true,"href":"https:\/\/www.fenomenum.com.br\/novo\/wp-json\/wp\/v2\/users\/5"}],"replies":[{"embeddable":true,"href":"https:\/\/www.fenomenum.com.br\/novo\/wp-json\/wp\/v2\/comments?post=6553"}],"version-history":[{"count":1,"href":"https:\/\/www.fenomenum.com.br\/novo\/wp-json\/wp\/v2\/posts\/6553\/revisions"}],"predecessor-version":[{"id":7056,"href":"https:\/\/www.fenomenum.com.br\/novo\/wp-json\/wp\/v2\/posts\/6553\/revisions\/7056"}],"wp:featuredmedia":[{"embeddable":true,"href":"https:\/\/www.fenomenum.com.br\/novo\/wp-json\/wp\/v2\/media\/6555"}],"wp:attachment":[{"href":"https:\/\/www.fenomenum.com.br\/novo\/wp-json\/wp\/v2\/media?parent=6553"}],"wp:term":[{"taxonomy":"category","embeddable":true,"href":"https:\/\/www.fenomenum.com.br\/novo\/wp-json\/wp\/v2\/categories?post=6553"},{"taxonomy":"post_tag","embeddable":true,"href":"https:\/\/www.fenomenum.com.br\/novo\/wp-json\/wp\/v2\/tags?post=6553"}],"curies":[{"name":"wp","href":"https:\/\/api.w.org\/{rel}","templated":true}]}}