{"id":6564,"date":"2022-04-28T12:58:36","date_gmt":"2022-04-28T15:58:36","guid":{"rendered":"https:\/\/www.fenomenum.com.br\/?p=6564"},"modified":"2022-04-28T12:58:36","modified_gmt":"2022-04-28T15:58:36","slug":"noiteoficial26","status":"publish","type":"post","link":"https:\/\/www.fenomenum.com.br\/novo\/noiteoficial26\/","title":{"rendered":"Noite Oficial: Entrevista com Militar da Marinha"},"content":{"rendered":"<p style=\"padding-left: 40px;\"><strong>Uma das caracter\u00edsticas mais interessantes das manifesta\u00e7\u00f5es ocorridas na Noite de 19 de Maio de 1986 diz respeito ao claro interesse dessas intelig\u00eancias nas diversas instala\u00e7\u00f5es militares espalhadas em diversos estados brasileiros. Na \u00e1rea de Bras\u00edlia, uma das instala\u00e7\u00f5es sobrevoadas foi o CADEST, Centro de Adestramento da Marinha, situada na regi\u00e3o do Gama (DF). Nesta entrevista, uma testemunha do fato relata o que viu.<\/strong><\/p>\n<hr \/>\n<table style=\"width: 100%; border-collapse: collapse; background-color: #fafafa; height: 115px;\">\n<tbody>\n<tr style=\"height: 91px;\">\n<td style=\"width: 50%; height: 91px;\"><a href=\"https:\/\/www.fenomenum.com.br\/noiteoficial25\/\"><img loading=\"lazy\" class=\"alignnone wp-image-5349 size-full\" src=\"https:\/\/www.fenomenum.com.br\/novo\/wp-content\/uploads\/2022\/03\/esquerda.png\" alt=\"\" width=\"75\" height=\"75\" \/><\/a><\/td>\n<td style=\"width: 50%; text-align: right; height: 91px;\"><a href=\"https:\/\/www.fenomenum.com.br\/noiteoficial27\/\"><img loading=\"lazy\" class=\"alignright wp-image-5348 size-full\" src=\"https:\/\/www.fenomenum.com.br\/novo\/wp-content\/uploads\/2022\/03\/direita.png\" alt=\"\" width=\"75\" height=\"75\" \/><\/a><\/td>\n<\/tr>\n<tr style=\"height: 24px;\">\n<td style=\"width: 50%; height: 24px;\"><a href=\"https:\/\/www.fenomenum.com.br\/noiteoficial25\">Artigo anterior sobre a Noite Oficial dos OVNIs<\/a><\/td>\n<td style=\"width: 50%; text-align: right; height: 24px;\"><a href=\"https:\/\/www.fenomenum.com.br\/noiteoficial27\">Pr\u00f3ximo artigo sobre a Noite Oficial<\/a><\/td>\n<\/tr>\n<\/tbody>\n<\/table>\n<hr \/>\n<p>Por Jackson Luiz Camargo<\/p>\n<p>Em 15 de janeiro de 2022 pudemos conversar com um ex-militar da Marinha, que em 1986 era recruta do Corpo de Fusileiros Navais, em treinamento no Centro de Adestramento da Marinha (CADEST), hoje com o nome de Centro de Instru\u00e7\u00e3o de Bras\u00edlia (CIAB). Ele, juntamente com outros 120 militares, presentes na ocasi\u00e3o, testemunharam a evolu\u00e7\u00e3o de alguns objetos, ocasionando grande impacto emocional em algumas testemunhas, que tiveram de ser amparadas. Hoje pastor prebiteriano, ele descreve a experi\u00eancia vivida em 1986 e sua vis\u00e3o sobre o tema.<\/p>\n<p>&nbsp;<\/p>\n<p>Boa tarde. Meu nome \u00e9 Antonio. Eu servi a Marinha em 1986. Nessa ocasi\u00e3o a\u00ed eu estava aquartelado e o pessoal da Marinha fica no Gama, na rota de descida dos avi\u00f5es pro Aeroporto de Bras\u00edlia. Ent\u00e3o, todos os voos ali, eles passam muito baixo, em cima do quartel. Ent\u00e3o, a gente estava acostumado a ver a movimenta\u00e7\u00e3o dos avi\u00f5es, dia e noite. Isso era muito comum, muito normal. Nesse dia, a gente estava tomando o ch\u00e1 da noite, mais ou menos umas 21 horas, quando aconteceu esse epis\u00f3dio a\u00ed.<\/p>\n<p><strong>O CADEST \u00e9 em Bras\u00edlia, n\u00e3o \u00e9?<\/strong><br \/>\nSim. Ele fica na margem da BR 040, perto do Gama (DF). \u00c9ramos 120 pessoas.<\/p>\n<p><strong>Interessante. 120 pessoas viram?<\/strong><br \/>\nSim. 120. Apareceram essas luzes. Eram 3 coloridas. Uma grande ao centro e outras 2 laterais.<\/p>\n<p><strong>Puxa&#8230; 3 luzes coloridas? Interessante! E como era o movimento? Ou estavam paradas?<\/strong><br \/>\nFicaram paradas. A principio a gente pensou que era algum avi\u00e3o.<\/p>\n<p><strong>Ah sim. Por quanto tempo elas permaneceram vis\u00edveis?<\/strong><br \/>\nPor alguns minutos uns 5 pelo menos. De repente elas come\u00e7aram a se fundir. As laterais foram se esmaecendo e a do centro foi crescendo.<\/p>\n<p><strong>Interessante!<br \/>\n<\/strong>Quando ela se firmou ela ficou um pouco menor que a lua cheia. Ate ent\u00e3o estava todo mundo olhando curioso.<\/p>\n<p><strong>Puxa&#8230; Ainda assim visualmente \u00e9 algo impressionante.<br \/>\n<\/strong>Foi quando ela saiu de onde estava e cruzou o c\u00e9u numa velocidade incr\u00edvel. Nessa hora todo mundo bambeou as pernas.<\/p>\n<p><strong>Interessante.Mas houve algum tumulto?<\/strong><br \/>\nUm susto geral. Copos de ch\u00e1 caindo ao ch\u00e3o.<\/p>\n<p><strong>Como ficou o estado emocional das pessoas quando o objeto desapareceu?<\/strong><br \/>\nAlgumas pessoas precisaram ser amparadas. E o objeto continuou fazendo zig zag. Ate que parou no alto. E todo mundo de olhar fixo nela. Ela ficou parada novamente. E foi diminuindo gradativamente at\u00e9 que desapareceu. N\u00e3o dava pra saber se ela estava se afastando ou se estava diminuindo. N\u00e3o houve nenhum barulho. Todos ficaram espantados. Adrenalina l\u00e1 em cima. No dia seguinte estavam nos jornais as not\u00edcias dos avistamentos.<\/p>\n<div id=\"attachment_6568\" style=\"width: 1034px\" class=\"wp-caption aligncenter\"><img aria-describedby=\"caption-attachment-6568\" loading=\"lazy\" class=\"wp-image-6568 size-large\" src=\"https:\/\/www.fenomenum.com.br\/novo\/wp-content\/uploads\/2022\/04\/ciab-cadest-1024x619.jpg\" alt=\"\" width=\"1024\" height=\"619\" \/><p id=\"caption-attachment-6568\" class=\"wp-caption-text\">O CIAB (antigo Cadest), fica ao sul da cidade de Bras\u00edlia e \u00e9 uma \u00e1rea de instru\u00e7\u00e3o da Marinha. Ali estavam 120 militares, na noite de 19 para 20 de maio de 1986, testemunhando a passagem de tr\u00eas luzes, que deixaram os militares locais impressionados.<\/p><\/div>\n<p>&nbsp;<\/p>\n<p><strong>Entre as testemunhas, todos eram recrutas ou havia oficiais presentes?<br \/>\n<\/strong>Oficiais n\u00e3o. \u00c9ramos recrutas. A noite s\u00f3 ficavam conosco um soldado e um cabo. O oficial de dia ficava no gabinete dele<\/p>\n<p><strong>Entendi. E depois disso, houve alguma determina\u00e7\u00e3o dos superiores, referente aos eventos? Algum tipo de questionamento ou investiga\u00e7\u00e3o?<br \/>\n<\/strong>N\u00e3o. S\u00f3 o coment\u00e1rio entre n\u00f3s mesmos. E sobre o jornal foi noticiado pelo cabo. Depois eu tive acesso a todas as reportagens e notici\u00e1rios.<\/p>\n<p><strong>Entendi. Interessante seu relato.<\/strong><br \/>\nRealmente, foi um fato muito divulgado na \u00e9poca. Eu sempre estranhei que nunca falam de Bras\u00edlia. Falam de S\u00e3o Jos\u00e9 dos Campos (SP), Rio de Janeiro, mas nunca Bras\u00edlia.<\/p>\n<p><strong>Sim, pouco se fala dos avistamentos ali. Por isso eu sempre busco os relatos das testemunhas, principalmente militares nas diferentes regi\u00f5es onde o fato ocorreu, para entender melhor a din\u00e2mica disso tudo.<\/strong><br \/>\nMas nos jornais de Brasilia foram relatados essas estranhas luzes.<\/p>\n<p><strong>O que eu consegui apurar \u00e9 que pelo menos 3 avi\u00f5es chegando em Bras\u00edlia tiveram encontros com esses objetos naquela noite.<\/strong><br \/>\nEnt\u00e3o. Esse evento me marcou muito. Nunca vi nada igual. E o que eu vi nao era humanamente explic\u00e1vel.<\/p>\n<p><strong>Foi mesmo impressionante. Embora eu n\u00e3o tenha visto nada naquela noite, os relatos me impressionam muito.<\/strong><br \/>\nHoje sou pastor, e naquela \u00e9poca eu tinha 19 anos, mas n\u00e3o cheguei ate hoje a uma conclus\u00e3o.<\/p>\n<p><strong>Hoje, dentro da sua f\u00e9, como encara esses fen\u00f4menos?<\/strong><br \/>\nEnt\u00e3o. [Risadas]. Sou pela B\u00edblia. Na B\u00edblia n\u00e3o h\u00e1 nenhuma refer\u00eancia de que h\u00e1 vida inteligente fora da Terra. Mas tamb\u00e9m n\u00e3o diz que n\u00e3o haja.<\/p>\n<p><strong>Entendi. Ah&#8230; Antes que eu me esque\u00e7a&#8230; Como eu compilo esses casos eu sempre pe\u00e7o a autoriza\u00e7\u00e3o para divulga\u00e7\u00e3o de seu nome em caso de divulga\u00e7\u00e3o das informa\u00e7\u00f5es sobre esses avistamentos. Caso o senhor n\u00e3o autorize a divulga\u00e7\u00e3o do seu nome eu omito dados de identifica\u00e7\u00e3o. O que o senhor prefere?<\/strong><br \/>\nN\u00e3o me incomodo. Pode divulgar. S\u00f3 pe\u00e7o que me passe o link ou artigo pra eu ler.\u00a0 Me interesso pelo assunto.<\/p>\n<p><strong>Interessante mesmo. Gostei muito a forma como o senhor encara o tema, com muita racionalidade.\u00a0<\/strong><br \/>\nGostei tamb\u00e9m da sua abordagem. Outro dia topei com um colega do quartel e perguntei sobre o epis\u00f3dio e ele disse que n\u00e3o se recordava. Eu fiquei surpreso pois foi muito marcante.<\/p>\n<p><strong>Interessante. O fen\u00f4meno o impactou de modo diferente.<\/strong><br \/>\nSim. Acredito nisso.<\/p>\n<p>&nbsp;<\/p>\n<p>&nbsp;<\/p>\n<p><img loading=\"lazy\" class=\"aligncenter wp-image-6274 size-large\" src=\"https:\/\/www.fenomenum.com.br\/novo\/wp-content\/uploads\/2022\/04\/propaganda-noite-oficial-1-1024x576.jpg\" alt=\"\" width=\"1024\" height=\"576\" \/><\/p>\n<p>&nbsp;<\/p>\n<h2>Refer\u00eancias:<\/h2>\n<hr \/>\n<ol>\n<li>Arquivos CIPEX<\/li>\n<li>CAMARGO, Jackson Luiz. Noite Oficial dos UFOs no Brasil. Curitiba: Revista UFO, 2021.<\/li>\n<li>BA\u00c8RE, Mauro. UFOs e Extraterrestres: Uma Jornada em Busca da Verdade. S\u00e3o Paulo: Editora Brilho coletivo, 2021.<\/li>\n<li>PETIT, Marco Antonio. Um Mergulho na Ufologia Militar Brasileira. Campo Grande: Revista UFO, 2007.<\/li>\n<li>CAMARGO, Jackson Luiz. REVELA\u00c7\u00c3O: A Noite Oficial dos UFOs no Brasil. Revista UFO, n\u00ba 287, p. 26 \u00e0 38, Fevereiro de 2022.<\/li>\n<li>CAMARGO, Jackson Luiz. Um novo olhar sobre a espantosa onda ufol\u00f3gica brasileira de 1986. Revista UFO, n\u00ba 235, p. 42 \u00e0 50, Junho de 2016.<\/li>\n<li><a href=\"https:\/\/www.fenomenum.com.br\/documentos\/brasil\/noite\/1099244_12715.pdf\" target=\"_blank\" rel=\"noopener\">Of\u00edcio n\u00ba 008\/CMDO\/C-138, de 2 de junho de 1986, assinado pelo Comandante Interino do CODa, Brigadeiro Jos\u00e9 Pessoa Cavalcanti de Albuquerque, contendo o relat\u00f3rio final de investiga\u00e7\u00e3o dos fatos ocorridos na noite de 19 de maio de 1986. Arquivo em PDF, contendo 8 p\u00e1ginas (3.36 MB).<\/a><\/li>\n<li><a href=\"https:\/\/www.fenomenum.com.br\/documentos\/brasil\/noite\/1099258_12102.pdf\" target=\"_blank\" rel=\"noopener\">Relat\u00f3rio Manuscrito da For\u00e7a A\u00e9rea Brasileira; Telex da Base A\u00e9rea de An\u00e1polis para o Comdabra; relat\u00f3rio de voo e relat\u00f3rio dos pilotos envolvidos. Arquivo em PDF com 27 p\u00e1ginas (9.50 MB).<\/a><\/li>\n<li><a href=\"https:\/\/www.fenomenum.com.br\/documentos\/brasil\/noite\/1099257_12094.pdf\" target=\"_blank\" rel=\"noopener\">Relat\u00f3rio do Tenente Hugo Nunes Freitas, Chefe controlador do COpM I, para o Chefe da Se\u00e7\u00e3o de Informa\u00e7\u00f5es do COpM I. Arquivo em PDF com 4 p\u00e1ginas (1.65 MB).<\/a><\/li>\n<li><a href=\"https:\/\/www.fenomenum.com.br\/documentos\/brasil\/noite\/1099247_12720.pdf\" target=\"_blank\" rel=\"noopener\">Of\u00edcio n\u00ba 07\/OOP\/C-130, de 29 de maio de 1986, com encaminhamento de documentos e grava\u00e7\u00f5es, emitido pelo Comandante do CINDACTA I para o o Comandante do COMDA. Arquivo em PDF com 11 p\u00e1ginas (3.29 MB).<\/a><\/li>\n<li><a href=\"https:\/\/www.fenomenum.com.br\/documentos\/brasil\/noite\/1099251_12724.pdf\" target=\"_blank\" rel=\"noopener\">Of\u00edcio n\u00ba 001\/SCOAM\/C-046, emitido pelo comandante da Base A\u00e9rea de An\u00e1polis, Coronel Jo\u00e3o Fares Neto, para o Comandante do COMDA, contendo quatro relat\u00f3rio, sendo de 3 pilotos de ca\u00e7a e de um controlador de voo. Arquivo em PDF com 5 p\u00e1ginas (1.95 MB).<\/a><\/li>\n<li><a href=\"https:\/\/www.fenomenum.com.br\/documentos\/brasil\/noite\/1099250_12723.pdf\" target=\"_blank\" rel=\"noopener\">Relat\u00f3rio pessoal do Capit\u00e3o M\u00e1rcio Jord\u00e3o, sobre seu voo de intercepta\u00e7\u00e3o \u00e0 OVNIs, em 19 de maio de 1986. Arquivo em PDF, com uma p\u00e1gina (421 Kb).<\/a><\/li>\n<li><a href=\"https:\/\/www.fenomenum.com.br\/documentos\/brasil\/noite\/1099249_12722.pdf\" target=\"_blank\" rel=\"noopener\">Relat\u00f3rio pessoal do Tenente Kleber Marinho, sobre seu voo de intercepta\u00e7\u00e3o \u00e0 OVNIs, em 19 de maio de 1986. Arquivo em PDF, com 2 p\u00e1ginas (362 Kb).<\/a><\/li>\n<li><a href=\"https:\/\/www.fenomenum.com.br\/documentos\/brasil\/noite\/1099258_12104.pdf\" target=\"_blank\" rel=\"noopener\">Relat\u00f3rios de voo, de ca\u00e7as que decolaram em miss\u00e3o de intercepta\u00e7\u00e3o aos OVNIs, em 19 de maio de 1986. Arquivo em PDF, com 7 p\u00e1ginas (2.14 MB)<\/a>.<\/li>\n<li><a href=\"https:\/\/www.fenomenum.com.br\/documentos\/brasil\/noite\/1099243_12714.pdf\" target=\"_blank\" rel=\"noopener\">Despacho n\u00ba 022\/A2\/C-376, relatando fatos ufol\u00f3gicos ocorridos em setembro de 1986, envolvendo pilotos da FAB. Arquivo em PDF, contendo 9 p\u00e1ginas (2.84 MB).<\/a><\/li>\n<li><a href=\"https:\/\/www.fenomenum.com.br\/documentos\/brasil\/noite\/1099242_12711.pdf\" target=\"_blank\" rel=\"noopener\">Relat\u00f3rio Mensal do COpM, de agosto de 1986, contendo transcri\u00e7\u00e3o de ocorr\u00eancias ufol\u00f3gicas registradas pelo CINDACTA I, e dois question\u00e1rios feitos \u00e0 testemunhas. Arquivo em PDF contendo 17 p\u00e1ginas (4.54 MB).<\/a><\/li>\n<li><a href=\"https:\/\/www.fenomenum.com.br\/documentos\/brasil\/noite\/1099241_12710.pdf\" target=\"_blank\" rel=\"noopener\">Of\u00edcio n\u00ba 11\/OOP\/C-199, de 14 de julho de 1986, contendo relatos, depoimentos e transcri\u00e7\u00f5es do livro do Ajudante de Chefe Controlador do COpM, envolvendo registros de OVNIs em maio e junho de 1986. Arquivo em PDF contendo 19 p\u00e1ginas (4.27 MB)<\/a><\/li>\n<li><a href=\"https:\/\/www.fenomenum.com.br\/documentos\/brasil\/noite\/1099240_12709.pdf\" target=\"_blank\" rel=\"noopener\">Informe n\u00ba 005\/SI\/86-CINDACTA II, de 5 de junho de 1986, referente \u00e0 aparecimento de OVNI pr\u00f3ximo \u00e0 cidade de Bandeirante (PR). Arquivo em PDF, com 1 p\u00e1gina (483 KB).<\/a><\/li>\n<li><a href=\"https:\/\/www.fenomenum.com.br\/documentos\/brasil\/noite\/1099248_12721.pdf\" target=\"_blank\" rel=\"noopener\">Relat\u00f3rio de avistamentos ufol\u00f3gicos registrados pela FAB nas noites seguintes \u00e0 Noite Oficial. Arquivo em PDF, com 12 p\u00e1ginas (2.63 MB).<\/a><\/li>\n<li><a href=\"https:\/\/www.fenomenum.com.br\/documentos\/brasil\/noite\/1099246_12719.pdf\" target=\"_blank\" rel=\"noopener\">Of\u00edcio n\u00ba 006\/A-2\/C-046, do Comandante do III COMAR, contendo relat\u00f3rios de avistamentos ufol\u00f3gicos na regi\u00e3o de Uberaba, em 5 e 28 de Agosto de 1986. Arquivo em PDF contendo 3 p\u00e1ginas (1.30 MB).<\/a><\/li>\n<li><a href=\"https:\/\/www.fenomenum.com.br\/documentos\/brasil\/noite\/1099256_12095.pdf\" target=\"_blank\" rel=\"noopener\">Telex contendo relato de avistamento na costa do Esp\u00edrito Santo, em agosto de 1986. Arquivo em PDF, contendo 2 p\u00e1ginas (494 KB).<\/a><\/li>\n<li><a href=\"https:\/\/www.fenomenum.com.br\/documentos\/brasil\/noite\/1099255_12686.pdf\" target=\"_blank\" rel=\"noopener\">Transcri\u00e7\u00e3o do Livro de Ocorr\u00eancia Operacional do Ajudante Chefe Controlador, com relato de avistamento de piloto de ca\u00e7a em Junho de 1986. Arquivo em PDF contendo 2 p\u00e1ginas (774 Kb).<\/a><\/li>\n<li><a href=\"https:\/\/www.fenomenum.com.br\/documentos\/brasil\/noite\/1099252_12728.pdf\" target=\"_blank\" rel=\"noopener\">Reportagens de jornal, coletadas pela FAB, sobre os eventos de 19 de maio de 1986 (1). Arquivo em PDF, contendo 4 p\u00e1ginas (6.06 MB).<\/a><\/li>\n<li><a href=\"https:\/\/www.fenomenum.com.br\/documentos\/brasil\/noite\/1099252_12727.pdf\" target=\"_blank\" rel=\"noopener\">Reportagens de jornal, coletadas pela FAB, sobre os eventos de 19 de maio de 1986 (2). Arquivo em PDF, contendo 8 p\u00e1ginas (9.34 MB).<\/a><\/li>\n<li><a href=\"https:\/\/www.fenomenum.com.br\/documentos\/brasil\/noite\/1099252_12726.pdf\" target=\"_blank\" rel=\"noopener\">Reportagens de jornal, coletadas pela FAB, sobre os eventos de 19 de maio de 1986 (3). Arquivo em PDF, contendo 5 p\u00e1ginas (8.85 MB).<\/a><\/li>\n<li><a href=\"https:\/\/www.fenomenum.com.br\/documentos\/brasil\/noite\/1986_arquivos_eua_noite_oficial.pdf\" target=\"_blank\" rel=\"noopener\">Documento do Departamento de Defesa dos Estados Unidos, emitido com base em informes da Embaixada dos Estados Unidos no Brasil. Cont\u00e9m duas p\u00e1ginas (136 KB).<\/a><\/li>\n<li>REIS, Carlos Alberto. Voltam os Discos Voadores (e com intensidade m\u00e1xima)!. Revista PSI-UFO n\u00ba 1, p. 29 \u00e0 31. Setembro de 1986.<\/li>\n<li>GRANCHI, Irene. OVNIS Entre o C\u00e9u e a Terra: N\u00e3o se tapa o Sol com a peneira!!! Revista PSI-UFO n\u00ba 1, p. 32 \u00e0 35. Setembro de 1986.<\/li>\n<li>GEVAERD, A. J. Aconteceu tudo de novo: Voltam os OVNIs! Revista Ufologia Nacional e Internacional, n\u00ba 10, p. 4 e 7. Outubro de 1986.<\/li>\n<li>COVO, Claudeir. Maio de 1986: A mobiliza\u00e7\u00e3o no c\u00e9u brasileiro. Revista Planeta: O Assunto \u00e9 Ufologia,\u00a0 n\u00ba 14, p. 12 \u00e0 23.<\/li>\n<li>AMPEU Pesquisa. OVNIs em Montes Claros &#8211; Um Espanto. Revista UFO L\u00f3gica., p.4 e 5. Outubro de 1987.<\/li>\n<li>CARMO, Alberto Francisco. FAB e OVNIs: Opini\u00e3o. Revista UFO L\u00f3gica., p.18. Outubro de 1987.<\/li>\n<li><a href=\"https:\/\/www.fenomenum.com.br\/documentos\/brasil\/noite\/Noite%20oficial%20parte1.doc\" target=\"_blank\" rel=\"noopener\">RAAD, Mariana. A Noite!: Objetos voadores n\u00e3o identificados nos c\u00e9us do Brasil. Revista For\u00e7a A\u00e9rea, Ano 11, n\u00ba 43, p.44 \u00e0 55. Junho, Julho e Agosto de 2006.<\/a><\/li>\n<li>ALBINO, Wallacy. Avi\u00f5es versus UFOs. Revista UFO, ed. 94, p. 14 \u00e0 19. Dezembro de 2003<\/li>\n<li>BOAVENTURA JR, Edison. Maio de 1986: Continua o Sil\u00eancio!. Boletim GUG, n\u00ba 40, p. e 7. Abril\/Junho de 1996.<\/li>\n<li>Coronel Ariel Sanch\u00e9z, em entrevista \u00e0 A.J. Gevaerd, publicado na Revista UFO, edi\u00e7\u00f5es 185 e 186, de Fevereiro e Mar\u00e7o de 2012.<\/li>\n<li>COVO, Claudeir. Confirmado: Os registros militares sobre a Noite Oficial dos UFOs no Brasil, de 19 de maio de 1986, coincidem com as investiga\u00e7\u00f5es realizadas por uf\u00f3logos civis sobre aquela que \u00e9 considerada a maior movimenta\u00e7\u00e3o ufol\u00f3gica do pa\u00eds. Revista UFO, ed. 111, p. 18 \u00e0 21, de Junho de 2005.<\/li>\n<li>MARTINHO, Jeferson. UFOs registrados pela Aeron\u00e1utica Brasileira. Revista UFO n\u00ba 78, p. 14 \u00e0 19. Agosto de 2001.<\/li>\n<li>\u00c9 hora de encerrar o segredo sobre os discos voadores. Revista UFO, n\u00ba 200, p. 15 \u00e0 25. Maio de 2013.<\/li>\n<li>PETIT, Marco Antonio. Invas\u00e3o: O Governo Brasileiro libera documentos secretos sobre a Noite Oficial dos UFOs no Brasil, que confirmam que uma grande frota de UFOs sobrevoou o pa\u00eds em 19 de maio de 1986. Revista UFO, n\u00ba 200, p. 44 \u00e0 51. Maio de 2013.<\/li>\n<li>PETIT, Marco Antonio. Moreira Lima faz revela\u00e7\u00f5es sobre UFOs. Revista UFO n\u00ba49, p. 12 \u00e0 16. Fevereiro de 1997.<\/li>\n<li>MARTINHO, Jeferson. Pol\u00edtica com tom ufol\u00f3gico.\u00a0 Revista UFO, n\u00ba 99, p. 12 \u00e0 15. Maio de 2004.<\/li>\n<li>Lockheed SR-71 Blackbird. Revista Asas de Guerra, n\u00ba 7, p. 134 \u00e0 137. 1997<\/li>\n<li>BARANOFF, Bas\u00edlio. Onda ufol\u00f3gica de 19\/05\/86. Revista PSI-UFO, n\u00ba 4, p; 28 \u00e0 33, de Janeiro\/Fevereiro de 1987.<\/li>\n<li>PETIT, Marco Antonio. OVNIs no Rio de Janeiro. Revista PSI-UFO, n\u00ba 3, p.11 \u00e0 15, de Novembro\/Dezembro de 1986.<\/li>\n<li>CURY, Rafael. Discos Voadores e a FAB. Revista Realismo Fant\u00e1stico n\u00ba 6,\u00a0 p. 26 \u00e0 28.\u00a0 Julho de 1995.<\/li>\n<li>PETIT, Marco Antonio. Fim do Acobertamento ufol\u00f3gico: A hora da verdade. Revista UFO, edi\u00e7\u00e3o 138, p. 16 \u00e0 19. Janeiro de 2008.<\/li>\n<li>VISONI, Rodrigo Moura. A Noite Oficial dos OVNIs. Aeromagazine, n\u00ba 301, p. 74-81. Junho de 2019.<\/li>\n<li>BOAVENTURA Jr, Edison e SANTANA, S\u00e9rgio. Noite Oficial dos OVNIs: Dez dias de invas\u00f5es nos c\u00e9us do Brasil. Revista OVNI Pesquisa, n\u00ba 2, p. 6 \u00e0 p. 11. Agosto de 2018.<\/li>\n<li>SANTANA, S\u00e9rgio. A Noite Oficial dos OVNIs. Revista OVNI Pesquisa, n\u00ba 6, p.20 \u00e0 22. Julho de 2020.<\/li>\n<li>BOAVENTURA JR, Edison. A Noite Oficial dos OVNIs. Revista OVNI Pesquisa, n\u00ba 6, p. 24. Julho de 2020.<\/li>\n<li>OLIVEIRA, Rafaela. Eventos extraordin\u00e1rios sendo tratados com descaso. Revista OVNI Pesquisa, n\u00ba 6, p. 24. Julho de 2020.<\/li>\n<li><a href=\"https:\/\/www.fenomenum.com.br\/novo\/wp-content\/uploads\/2022\/03\/B_SBEDV_168_173.pdf\" target=\"_blank\" rel=\"noopener\">Macro Efeitos da\u00a0 Micro-onda de 1986. Boletim da Sociedade Brasileira de Estudos de Discos Voadores, n\u00ba 168\/173, de Janeiro\/Dezembro de 1986.<\/a><\/li>\n<li><a href=\"https:\/\/www.tvkz.com.br\/regiao\/araxa\/ovnis-foram-vistos-em-araxa-e-uberlandia-na-noite-dos-discos\/12014\" target=\"_blank\" rel=\"noopener\">https:\/\/www.tvkz.com.br\/regiao\/araxa\/ovnis-foram-vistos-em-araxa-e-uberlandia-na-noite-dos-discos\/12014<\/a><\/li>\n<li><a href=\"https:\/\/oberhalbthoth.blogspot.com\/2018\/05\/a-noite-oficial-dos-ovnis-no-brasil_19.html\" target=\"_blank\" rel=\"noopener\">https:\/\/oberhalbthoth.blogspot.com\/2018\/05\/a-noite-oficial-dos-ovnis-no-brasil_19.html<\/a><\/li>\n<li><a href=\"https:\/\/portalcontexto.com\/anapolis-esteve-na-rota-da-noite-oficial-dos-ovnis-no-brasil-ha-35-anos\/\" target=\"_blank\" rel=\"noopener\">https:\/\/portalcontexto.com\/anapolis-esteve-na-rota-da-noite-oficial-dos-ovnis-no-brasil-ha-35-anos\/<\/a><\/li>\n<li><a href=\"https:\/\/www.bbc.com\/portuguese\/brasil-59953278\" target=\"_blank\" rel=\"noopener\">https:\/\/www.bbc.com\/portuguese\/brasil-59953278<\/a><\/li>\n<li><a href=\"https:\/\/g1.globo.com\/ciencia\/noticia\/2022\/01\/14\/a-noite-em-que-21-ovnis-invadiram-o-espaco-aereo-brasileiro-e-foram-perseguidos-por-cacas-da-fab.ghtml\" target=\"_blank\" rel=\"noopener\">https:\/\/g1.globo.com\/ciencia\/noticia\/2022\/01\/14\/a-noite-em-que-21-ovnis-invadiram-o-espaco-aereo-brasileiro-e-foram-perseguidos-por-cacas-da-fab.ghtml<\/a><\/li>\n<li><a href=\"https:\/\/economia.uol.com.br\/todos-a-bordo\/2021\/05\/18\/noite-oficial-ovnis-35-anos.htm\" target=\"_blank\" rel=\"noopener\">https:\/\/economia.uol.com.br\/todos-a-bordo\/2021\/05\/18\/noite-oficial-ovnis-35-anos.htm<\/a><\/li>\n<li><a href=\"https:\/\/www1.folha.uol.com.br\/ciencia\/2022\/01\/a-noite-em-que-21-ovnis-invadiram-o-espaco-aereo-brasileiro-e-foram-perseguidos-por-cacas-da-fab.shtml\" target=\"_blank\" rel=\"noopener\">https:\/\/www1.folha.uol.com.br\/ciencia\/2022\/01\/a-noite-em-que-21-ovnis-invadiram-o-espaco-aereo-brasileiro-e-foram-perseguidos-por-cacas-da-fab.shtml<\/a><\/li>\n<li><a href=\"https:\/\/noticias.r7.com\/hora-7\/noite-oficial-dos-ovnis-os-misterios-do-maior-caso-ufologico-brasileiro-22032019\" target=\"_blank\" rel=\"noopener\">https:\/\/noticias.r7.com\/hora-7\/noite-oficial-dos-ovnis-os-misterios-do-maior-caso-ufologico-brasileiro-22032019<\/a><\/li>\n<li><a href=\"https:\/\/www.aereo.jor.br\/2022\/01\/16\/a-noite-em-que-21-ovnis-foram-perseguidos-por-cacas-da-forca-aerea-brasileira\/\" target=\"_blank\" rel=\"noopener\">https:\/\/www.aereo.jor.br\/2022\/01\/16\/a-noite-em-que-21-ovnis-foram-perseguidos-por-cacas-da-forca-aerea-brasileira\/<\/a><\/li>\n<li><a href=\"https:\/\/sjc.com.br\/2020\/06\/28\/noite-oficial-dos-ovnis\/\" target=\"_blank\" rel=\"noopener\">https:\/\/sjc.com.br\/2020\/06\/28\/noite-oficial-dos-ovnis\/<\/a><\/li>\n<li><a href=\"https:\/\/aventurasnahistoria.uol.com.br\/noticias\/reportagem\/noite-dos-ovinis-um-misterio-de-34-anos-nao-solucionado-pela-forca-aera-brasileira.phtml\" target=\"_blank\" rel=\"noopener\">https:\/\/aventurasnahistoria.uol.com.br\/noticias\/reportagem\/noite-dos-ovinis-um-misterio-de-34-anos-nao-solucionado-pela-forca-aera-brasileira.phtml<\/a><\/li>\n<li><a href=\"https:\/\/history.uol.com.br\/ovnis-e-misterios\/noite-oficial-dos-ovnis-continua-ser-um-dos-maiores-misterios-ufologicos-do\" target=\"_blank\" rel=\"noopener\">https:\/\/history.uol.com.br\/ovnis-e-misterios\/noite-oficial-dos-ovnis-continua-ser-um-dos-maiores-misterios-ufologicos-do<\/a><\/li>\n<li><a href=\"https:\/\/redegeek.com.br\/2017\/09\/19\/ultrageek-305-noite-oficial-dos-ovnis\/\" target=\"_blank\" rel=\"noopener\">https:\/\/redegeek.com.br\/2017\/09\/19\/ultrageek-305-noite-oficial-dos-ovnis\/<\/a><\/li>\n<li><a href=\"https:\/\/www.sjcantigamente.com.br\/34-anos-da-noite-oficial-dos-ovnis\/\" target=\"_blank\" rel=\"noopener\">https:\/\/www.sjcantigamente.com.br\/34-anos-da-noite-oficial-dos-ovnis\/<\/a><\/li>\n<li><a href=\"https:\/\/www.saindodamatrix.com.br\/noite-oficial-dos-ovnis\/\" target=\"_blank\" rel=\"noopener\">https:\/\/www.saindodamatrix.com.br\/noite-oficial-dos-ovnis\/<\/a><\/li>\n<li><a href=\"https:\/\/www.megacurioso.com.br\/ciencia\/120957-noite-dos-discos-voadores-assustou-o-brasil-ha-quase-36-anos.htm\" target=\"_blank\" rel=\"noopener\">https:\/\/www.megacurioso.com.br\/ciencia\/120957-noite-dos-discos-voadores-assustou-o-brasil-ha-quase-36-anos.htm<\/a><\/li>\n<li><a href=\"https:\/\/www.taiadaweb.com.br\/a-noite-dos-ovnis-21-ovnis-estiveram-em-sjc-e-cacapava-e-foram-perseguidos-por-cacas-da-fab\/\" target=\"_blank\" rel=\"noopener\">https:\/\/www.taiadaweb.com.br\/a-noite-dos-ovnis-21-ovnis-estiveram-em-sjc-e-cacapava-e-foram-perseguidos-por-cacas-da-fab\/<\/a><\/li>\n<li><a href=\"https:\/\/www.mundofreak.com.br\/2018\/02\/22\/mundo-freak-confidencial-190-noite-oficial-dos-ovnis\/\" target=\"_blank\" rel=\"noopener\">https:\/\/www.mundofreak.com.br\/2018\/02\/22\/mundo-freak-confidencial-190-noite-oficial-dos-ovnis\/<\/a><\/li>\n<li><a href=\"https:\/\/www.eusemfronteiras.com.br\/relatos-noite-oficial-dos-ovnis\/\" target=\"_blank\" rel=\"noopener\">https:\/\/www.eusemfronteiras.com.br\/relatos-noite-oficial-dos-ovnis\/<\/a><\/li>\n<li><a href=\"https:\/\/jws.com.br\/2022\/01\/a-noite-dos-ovnis-no-brasil-entrevista-com-ozires-silva-fundador-da-embraer\/\" target=\"_blank\" rel=\"noopener\">https:\/\/jws.com.br\/2022\/01\/a-noite-dos-ovnis-no-brasil-entrevista-com-ozires-silva-fundador-da-embraer\/<\/a><\/li>\n<li><a href=\"https:\/\/rollingstone.uol.com.br\/noticia\/ha-35-anos-noite-dos-discos-voadores-assustou-moradores-em-estados-do-brasil\/\" target=\"_blank\" rel=\"noopener\">https:\/\/rollingstone.uol.com.br\/noticia\/ha-35-anos-noite-dos-discos-voadores-assustou-moradores-em-estados-do-brasil\/<\/a><\/li>\n<li><a href=\"https:\/\/ufosfacts.org\/2021\/09\/23\/relatorio-noite-oficial-dos-ufos-ministerio-da-aeronautica\/\" target=\"_blank\" rel=\"noopener\">https:\/\/ufosfacts.org\/2021\/09\/23\/relatorio-noite-oficial-dos-ufos-ministerio-da-aeronautica\/<\/a><\/li>\n<li><a href=\"https:\/\/www.wemystic.com.br\/noite-oficial-dos-ovnis\/\" target=\"_blank\" rel=\"noopener\">https:\/\/www.wemystic.com.br\/noite-oficial-dos-ovnis\/<\/a><\/li>\n<li><a href=\"https:\/\/7minutos.com.br\/noticias\/anapolis\/anapolis-esteve-na-rota-da-noite-oficial-dos-ovnis-no-brasil-ha-35-anos\/\" target=\"_blank\" rel=\"noopener\">https:\/\/7minutos.com.br\/noticias\/anapolis\/anapolis-esteve-na-rota-da-noite-oficial-dos-ovnis-no-brasil-ha-35-anos\/<\/a><\/li>\n<li><a href=\"http:\/\/www.portalburn.com.br\/tag\/noite-oficial-dos-ovnis\/\" target=\"_blank\" rel=\"noopener\">http:\/\/www.portalburn.com.br\/tag\/noite-oficial-dos-ovnis\/<\/a><\/li>\n<li><a href=\"https:\/\/ufosfacts.wordpress.com\/2012\/06\/14\/noite-oficial-dos-ovnis-no-brasil\/\" target=\"_blank\" rel=\"noopener\">https:\/\/ufosfacts.wordpress.com\/2012\/06\/14\/noite-oficial-dos-ovnis-no-brasil\/<\/a><\/li>\n<li><a href=\"https:\/\/www.pressreader.com\/brazil\/mundo-em-foco\/20220131\/281934546367070\" target=\"_blank\" rel=\"noopener\">https:\/\/www.pressreader.com\/brazil\/mundo-em-foco\/20220131\/281934546367070<\/a><\/li>\n<li><a href=\"https:\/\/arquivoufo.com.br\/2012\/04\/19\/21-ovnis-foram-perseguidos-por-cacas-sobre-o-ceu-de-sao-paulo-1986\/\" target=\"_blank\" rel=\"noopener\">https:\/\/arquivoufo.com.br\/2012\/04\/19\/21-ovnis-foram-perseguidos-por-cacas-sobre-o-ceu-de-sao-paulo-1986\/<\/a><\/li>\n<li><a href=\"https:\/\/arquivoufo.com.br\/2017\/06\/21\/noite-oficial-dos-ovnis-e-o-caso-ufologico-mais-legitimo-do-mundo\/\" target=\"_blank\" rel=\"noopener\">https:\/\/arquivoufo.com.br\/2017\/06\/21\/noite-oficial-dos-ovnis-e-o-caso-ufologico-mais-legitimo-do-mundo\/<\/a><\/li>\n<li><a href=\"https:\/\/portalcontexto.com\/anapolis-esteve-na-rota-da-noite-oficial-dos-ovnis-no-brasil-ha-35-anos\/\" target=\"_blank\" rel=\"noopener\">https:\/\/portalcontexto.com\/anapolis-esteve-na-rota-da-noite-oficial-dos-ovnis-no-brasil-ha-35-anos\/<\/a><\/li>\n<li><a href=\"https:\/\/livrosderomancebeatrizfield.blogspot.com\/2016\/10\/curiosidades-sobre-noite-oficial-dos.html\" target=\"_blank\" rel=\"noopener\">https:\/\/livrosderomancebeatrizfield.blogspot.com\/2016\/10\/curiosidades-sobre-noite-oficial-dos.html<\/a><\/li>\n<li>SILVA, Ozires. A decolagem de um sonho: Hist\u00f3ria da Cria\u00e7\u00e3o da Embraer. S\u00e3o Paulo: Lemos Editorial, 1998.<\/li>\n<li><a href=\"https:\/\/fenomenum.com.br\/documentos\/brasil\/noite\/audios\/fita%2001%20-%201195267_54489.mp3\" target=\"_blank\" rel=\"noopener\">Grava\u00e7\u00f5es da Noite Oficial: Fita 1 &#8211; Lado A &#8211; Audio da Torre de Controle do Aeroporto de S\u00e3o Jos\u00e9 dos Campos<\/a><\/li>\n<li><a href=\"https:\/\/fenomenum.com.br\/documentos\/brasil\/noite\/audios\/fita 01 - 1195267_54490.mp3\" target=\"_blank\" rel=\"noopener\">Grava\u00e7\u00f5es da Noite Oficial: Fita 1 &#8211; Lado B &#8211; Audio da Torre de Controle do Aeroporto de S\u00e3o Jos\u00e9 dos Campos<\/a><\/li>\n<li><a href=\"https:\/\/fenomenum.com.br\/documentos\/brasil\/noite\/audios\/fita 02 - 1195268_54491.mp3\" target=\"_blank\" rel=\"noopener\">Grava\u00e7\u00f5es da Noite Oficial: Fita 2 &#8211; Lado A &#8211; Audio da Torre de Controle do Aeroporto de S\u00e3o Jos\u00e9 dos Campos<\/a><\/li>\n<li><a href=\"https:\/\/fenomenum.com.br\/documentos\/brasil\/noite\/audios\/fita 02 - 1195268_54492.mp3\" target=\"_blank\" rel=\"noopener\">Grava\u00e7\u00f5es da Noite Oficial: Fita 2 &#8211; Lado B &#8211; Audio da Torre de Controle do Aeroporto de S\u00e3o Jos\u00e9 dos Campos<\/a><\/li>\n<li><a href=\"https:\/\/fenomenum.com.br\/documentos\/brasil\/noite\/audios\/fita 03 - 1195269_54512.mp3\" target=\"_blank\" rel=\"noopener\">Grava\u00e7\u00f5es da Noite Oficial: Fita 3 &#8211; Lado A &#8211; Audio da Torre de Controle do Aeroporto de S\u00e3o Jos\u00e9 dos Campos<\/a><\/li>\n<li><a href=\"https:\/\/fenomenum.com.br\/documentos\/brasil\/noite\/audios\/fita 03 - 1195269_54513.mp3\" target=\"_blank\" rel=\"noopener\">Grava\u00e7\u00f5es da Noite Oficial: Fita 3 &#8211; Lado B &#8211; Audio da Torre de Controle do Aeroporto de S\u00e3o Jos\u00e9 dos Campos<\/a><\/li>\n<li><a href=\"https:\/\/fenomenum.com.br\/documentos\/brasil\/noite\/audios\/fita 04 - 1195270_54508.mp3\" target=\"_blank\" rel=\"noopener\">Grava\u00e7\u00f5es da Noite Oficial: Fita 4 &#8211; Lado A &#8211; Grava\u00e7\u00e3o das Comunica\u00e7\u00f5es entre o ca\u00e7a Jaguar 98 e a Defesa A\u00e9rea<\/a><\/li>\n<li><a href=\"https:\/\/fenomenum.com.br\/documentos\/brasil\/noite\/audios\/fita 04 - 1195270_54509.mp3\" target=\"_blank\" rel=\"noopener\">Grava\u00e7\u00f5es da Noite Oficial: Fita 4 &#8211; Lado B &#8211; Grava\u00e7\u00e3o das Comunica\u00e7\u00f5es entre o ca\u00e7a Jaguar 98 e a Defesa A\u00e9rea<\/a><\/li>\n<li><a href=\"https:\/\/fenomenum.com.br\/documentos\/brasil\/noite\/audios\/fita 05 - 1195271_54510.mp3\" target=\"_blank\" rel=\"noopener\">Grava\u00e7\u00f5es da Noite Oficial: Fita 5 &#8211; Lado A &#8211; Grava\u00e7\u00e3o das Comunica\u00e7\u00f5es entre o ca\u00e7a Jambock 07 e a Defesa A\u00e9rea<\/a><\/li>\n<li><a href=\"https:\/\/fenomenum.com.br\/documentos\/brasil\/noite\/audios\/fita 05 - 1195271_54511.mp3\" target=\"_blank\" rel=\"noopener\">Grava\u00e7\u00f5es da Noite Oficial: Fita 5 &#8211; Lado B &#8211; Grava\u00e7\u00e3o das Comunica\u00e7\u00f5es entre o ca\u00e7a Jambock 07 e a Defesa A\u00e9rea<\/a><\/li>\n<li><a href=\"https:\/\/fenomenum.com.br\/documentos\/brasil\/noite\/audios\/fita 06 - 1195272_54493.mp3\" target=\"_blank\" rel=\"noopener\">Grava\u00e7\u00f5es da Noite Oficial: Fita 6 &#8211; Lado A &#8211; Grava\u00e7\u00e3o das Comunica\u00e7\u00f5es entre o ca\u00e7a Jaguar-116 e a Defesa A\u00e9rea<\/a><\/li>\n<li><a href=\"https:\/\/fenomenum.com.br\/documentos\/brasil\/noite\/audios\/fita 06 - 1195272_54493.mp3\" target=\"_blank\" rel=\"noopener\">Grava\u00e7\u00f5es da Noite Oficial: Fita 6 &#8211; Lado B &#8211; Grava\u00e7\u00e3o das Comunica\u00e7\u00f5es entre o ca\u00e7a Jaguar-116 e a Defesa A\u00e9rea<\/a><\/li>\n<li><a href=\"https:\/\/fenomenum.com.br\/documentos\/brasil\/noite\/audios\/fita 07 - 1195273_54495.mp3\" target=\"_blank\" rel=\"noopener\">Grava\u00e7\u00f5es da Noite Oficial: Fita 7 &#8211; Lado A &#8211; Grava\u00e7\u00f5es telef\u00f4nicas diversas<\/a><\/li>\n<li><a href=\"https:\/\/fenomenum.com.br\/documentos\/brasil\/noite\/audios\/fita 08 - 1195274_54496.mp3\" target=\"_blank\" rel=\"noopener\">Grava\u00e7\u00f5es da Noite Oficial: Fita 8 &#8211; Lado A &#8211; Grava\u00e7\u00e3o das Comunica\u00e7\u00f5es entre o ca\u00e7a Jambock- 17 e a Defesa A\u00e9rea<\/a><\/li>\n<li><a href=\"https:\/\/fenomenum.com.br\/documentos\/brasil\/noite\/audios\/fita 08 - 1195274_54497.mp3\" target=\"_blank\" rel=\"noopener\">Grava\u00e7\u00f5es da Noite Oficial: Fita 8 &#8211; Lado B &#8211; Grava\u00e7\u00e3o das Comunica\u00e7\u00f5es entre o ca\u00e7a Jambock- 17 e a Defesa A\u00e9rea<\/a><\/li>\n<li>ROCHA JR, J. S. Invas\u00e3o de Tr\u00e1fego A\u00e9reo em 1986. Revista UFO, n\u00ba 55, p. 27. Novembro de 1997.<\/li>\n<li>EQUIPE UFO. Entrevista com Brigadeiro S\u00f3crates Monteiro. Revista UFO, 163. Mar\u00e7o de 2010<\/li>\n<li><a href=\"https:\/\/www.youtube.com\/watch?v=1O0lNc99ES0\" target=\"_blank\" rel=\"noopener\">Reportagem do programa Fant\u00e1stico da Rede Globo exibido em 22\/05\/2016.<\/a><\/li>\n<\/ol>\n","protected":false},"excerpt":{"rendered":"<p>Uma das caracter\u00edsticas mais interessantes das manifesta\u00e7\u00f5es ocorridas na Noite de 19 de Maio de 1986 diz respeito ao claro interesse dessas intelig\u00eancias nas diversas instala\u00e7\u00f5es militares espalhadas em diversos estados brasileiros. Na \u00e1rea de Bras\u00edlia, uma das instala\u00e7\u00f5es sobrevoadas foi o CADEST, Centro de Adestramento da Marinha, situada na regi\u00e3o do Gama (DF). Nesta [&hellip;]<\/p>\n","protected":false},"author":5,"featured_media":6569,"comment_status":"open","ping_status":"open","sticky":false,"template":"","format":"standard","meta":{"inline_featured_image":false},"categories":[123],"tags":[],"_links":{"self":[{"href":"https:\/\/www.fenomenum.com.br\/novo\/wp-json\/wp\/v2\/posts\/6564"}],"collection":[{"href":"https:\/\/www.fenomenum.com.br\/novo\/wp-json\/wp\/v2\/posts"}],"about":[{"href":"https:\/\/www.fenomenum.com.br\/novo\/wp-json\/wp\/v2\/types\/post"}],"author":[{"embeddable":true,"href":"https:\/\/www.fenomenum.com.br\/novo\/wp-json\/wp\/v2\/users\/5"}],"replies":[{"embeddable":true,"href":"https:\/\/www.fenomenum.com.br\/novo\/wp-json\/wp\/v2\/comments?post=6564"}],"version-history":[{"count":0,"href":"https:\/\/www.fenomenum.com.br\/novo\/wp-json\/wp\/v2\/posts\/6564\/revisions"}],"wp:featuredmedia":[{"embeddable":true,"href":"https:\/\/www.fenomenum.com.br\/novo\/wp-json\/wp\/v2\/media\/6569"}],"wp:attachment":[{"href":"https:\/\/www.fenomenum.com.br\/novo\/wp-json\/wp\/v2\/media?parent=6564"}],"wp:term":[{"taxonomy":"category","embeddable":true,"href":"https:\/\/www.fenomenum.com.br\/novo\/wp-json\/wp\/v2\/categories?post=6564"},{"taxonomy":"post_tag","embeddable":true,"href":"https:\/\/www.fenomenum.com.br\/novo\/wp-json\/wp\/v2\/tags?post=6564"}],"curies":[{"name":"wp","href":"https:\/\/api.w.org\/{rel}","templated":true}]}}