{"id":978,"date":"2022-02-17T16:18:49","date_gmt":"2022-02-17T19:18:49","guid":{"rendered":"https:\/\/www.fenomenum.com.br\/novo\/?p=978"},"modified":"2025-04-21T13:37:41","modified_gmt":"2025-04-21T16:37:41","slug":"o-disco-voador-luminoso","status":"publish","type":"post","link":"https:\/\/www.fenomenum.com.br\/novo\/o-disco-voador-luminoso\/","title":{"rendered":"O Disco Voador Luminoso"},"content":{"rendered":"<section id=\"inner-headline\">\n<div class=\"container\">\n<div class=\"row\">\n<div id=\"resumo\" class=\"resumo\" style=\"padding-left: 40px;\"><strong>A famosa fotografia de um disco voador luminoso, atribu\u00edda \u00e0 Apollo 12, \u00e9 mais um caso de erro de interpreta\u00e7\u00e3o.<\/strong><\/div>\n<\/div>\n<\/div>\n<\/section>\n<div>\n<hr \/>\n<\/div>\n<div>\n<p>Desde o in\u00edcio do Programa Apollo especula-se sobre poss\u00edveis contatos com naves e alien\u00edgenas durante as miss\u00f5es. Muitos uf\u00f3logos, entusiasmados com a possibilidade, condicionaram-se a tal ponto, chegando a ver coisas onde elas n\u00e3o existem. Em outros casos houveram confus\u00f5es e m\u00e1s interpreta\u00e7\u00f5es em poss\u00edveis objetos. Assim, peda\u00e7os da pr\u00f3pria c\u00e1psula, restos de foguete e gazes da pr\u00f3pria propuls\u00e3o da nave acabaram sendo rotulados como naves e divulgadas no meio ufol\u00f3gico como tal.<\/p>\n<p>Infelizmente, a maioria absoluta dos uf\u00f3logos apenas reproduziram estas imagens sem checar nos arquivos da NASA se elas eram procedentes e ver\u00eddicas ou n\u00e3o. Neste artigo apresentamos as mais conhecidas e provamos que estes OVNIs est\u00e3o muito bem identificados.<\/p>\n<p>O primeiro caso de Falso OVNI \u00e9 o de um objeto, com formato claramente discoidal, bastante luminoso aparentemente pr\u00f3ximo \u00e0 c\u00e1psula. De fato a imagem realmente impressiona e confunde.<\/p>\n<p>&nbsp;<\/p>\n<\/div>\n<section id=\"content\">\n<div class=\"container\">\n<div class=\"row\">\n<div class=\"col-lg-8\">\n<div id=\"attachment_993\" style=\"width: 668px\" class=\"wp-caption aligncenter\"><img aria-describedby=\"caption-attachment-993\" loading=\"lazy\" class=\"wp-image-993 size-full\" src=\"https:\/\/www.fenomenum.com.br\/novo\/wp-content\/uploads\/2022\/02\/disco1.jpg\" alt=\"\" width=\"658\" height=\"550\" srcset=\"https:\/\/www.fenomenum.com.br\/novo\/wp-content\/uploads\/2022\/02\/disco1.jpg 658w, https:\/\/www.fenomenum.com.br\/novo\/wp-content\/uploads\/2022\/02\/disco1-400x334.jpg 400w, https:\/\/www.fenomenum.com.br\/novo\/wp-content\/uploads\/2022\/02\/disco1-650x543.jpg 650w, https:\/\/www.fenomenum.com.br\/novo\/wp-content\/uploads\/2022\/02\/disco1-250x209.jpg 250w, https:\/\/www.fenomenum.com.br\/novo\/wp-content\/uploads\/2022\/02\/disco1-150x125.jpg 150w, https:\/\/www.fenomenum.com.br\/novo\/wp-content\/uploads\/2022\/02\/disco1-50x42.jpg 50w, https:\/\/www.fenomenum.com.br\/novo\/wp-content\/uploads\/2022\/02\/disco1-100x84.jpg 100w, https:\/\/www.fenomenum.com.br\/novo\/wp-content\/uploads\/2022\/02\/disco1-200x167.jpg 200w, https:\/\/www.fenomenum.com.br\/novo\/wp-content\/uploads\/2022\/02\/disco1-300x251.jpg 300w, https:\/\/www.fenomenum.com.br\/novo\/wp-content\/uploads\/2022\/02\/disco1-350x293.jpg 350w, https:\/\/www.fenomenum.com.br\/novo\/wp-content\/uploads\/2022\/02\/disco1-450x376.jpg 450w, https:\/\/www.fenomenum.com.br\/novo\/wp-content\/uploads\/2022\/02\/disco1-500x418.jpg 500w, https:\/\/www.fenomenum.com.br\/novo\/wp-content\/uploads\/2022\/02\/disco1-550x460.jpg 550w\" sizes=\"(max-width: 658px) 100vw, 658px\" \/><p id=\"caption-attachment-993\" class=\"wp-caption-text\">Fotografia que circula nos meios ufol\u00f3gicos atribu\u00edda aos astronautas da Apollo 12. Afirma-se que este objeto seria um disco voador avistado pr\u00f3ximo \u00e0 c\u00e1psula e fotografado pelos astronautas.<\/p><\/div>\n<\/div>\n<\/div>\n<\/div>\n<\/section>\n<p>&nbsp;<\/p>\n<p>Analisando-se toda a seq\u00fc\u00eancia de imagens da Miss\u00e3o Apollo 9 percebemos que o objeto \u00e9 na verdade parte do foguete propulsor que colocou a c\u00e1psula no espa\u00e7o. Para comprovar o que afirmamos aqui apresentamos toda a seq\u00fc\u00eancia fotogr\u00e1fica obtida na ocasi\u00e3o.<\/p>\n<p>No arquivo de imagens a identifica\u00e7\u00e3o da fotografia segue algumas regras. Por exemplo AS12-50-7327. O AS12 identifica a miss\u00e3o em que a fotografia foi obtida. O n\u00famero 50 identifica o rolo de filme em que a fotografia se encontra. A ultima numera\u00e7\u00e3o, 7327 \u00e9 o n\u00famero da fotografia.<\/p>\n<p>No caso do falso OVNI as fotografias foram obtidas pelos astronautas da Apollo 12 ap\u00f3s entrar em \u00f3rbita terrestre. As duas primeiras imagens, AS12-50-7325 e AS12-50-7326 mostram nosso planeta j\u00e1 a uma certa dist\u00e2ncia. As tr\u00eas fotos seguintes, AS12-50-7327, 7328 e 7329 mostram o momento da separa\u00e7\u00e3o entre a c\u00e1psula e o m\u00f3dulo propulsor. V\u00ea-se a c\u00e1psula pr\u00f3xima e fagulhas de gazes derivados da separa\u00e7\u00e3o.<\/p>\n<div id=\"attachment_982\" style=\"width: 918px\" class=\"wp-caption alignnone\"><img aria-describedby=\"caption-attachment-982\" loading=\"lazy\" class=\"wp-image-982 size-large\" src=\"https:\/\/www.fenomenum.com.br\/novo\/wp-content\/uploads\/2022\/02\/AS12-50-7327-908x1024.png\" alt=\"\" width=\"908\" height=\"1024\" \/><p id=\"caption-attachment-982\" class=\"wp-caption-text\">Fotografia AS12-50-7327, obtida pouco ap\u00f3s in\u00edcio do processo de desempacotamento do M\u00f3dulo Lunar. O adaptador ainda estava pr\u00f3ximo ao M\u00f3dulo de Comando da Apollo 12.<\/p><\/div>\n<p>&nbsp;<\/p>\n<div id=\"attachment_983\" style=\"width: 918px\" class=\"wp-caption alignnone\"><img aria-describedby=\"caption-attachment-983\" loading=\"lazy\" class=\"wp-image-983 size-large\" src=\"https:\/\/www.fenomenum.com.br\/novo\/wp-content\/uploads\/2022\/02\/AS12-50-7328-908x1024.png\" alt=\"\" width=\"908\" height=\"1024\" \/><p id=\"caption-attachment-983\" class=\"wp-caption-text\">Fotografia AS12-50-7328, obtida pouco ap\u00f3s in\u00edcio do processo de desempacotamento do M\u00f3dulo Lunar. O adaptador ainda estava pr\u00f3ximo ao M\u00f3dulo de Comando da Apollo 12.<\/p><\/div>\n<p>&nbsp;<\/p>\n<div id=\"attachment_984\" style=\"width: 918px\" class=\"wp-caption aligncenter\"><img aria-describedby=\"caption-attachment-984\" loading=\"lazy\" class=\"wp-image-984 size-large\" src=\"https:\/\/www.fenomenum.com.br\/novo\/wp-content\/uploads\/2022\/02\/AS12-50-7329-908x1024.png\" alt=\"\" width=\"908\" height=\"1024\" \/><p id=\"caption-attachment-984\" class=\"wp-caption-text\">Fotografia AS12-50-7329, obtida pouco ap\u00f3s in\u00edcio do processo de desempacotamento do M\u00f3dulo Lunar. O adaptador ainda estava pr\u00f3ximo ao M\u00f3dulo de Comando da Apollo 12.<\/p><\/div>\n<p>&nbsp;<\/p>\n<p>J\u00e1 na fotografia AS12-50-7335 at\u00e9 a 7350 temos o m\u00f3dulo j\u00e1 mais afastado e inclinando-se no espa\u00e7o, ficando com a boca iluminada pela luz solar e o resto mergulhado em sombra.<\/p>\n<p>&nbsp;<\/p>\n<div id=\"attachment_985\" style=\"width: 918px\" class=\"wp-caption aligncenter\"><img aria-describedby=\"caption-attachment-985\" loading=\"lazy\" class=\"wp-image-985 size-large\" src=\"https:\/\/www.fenomenum.com.br\/novo\/wp-content\/uploads\/2022\/02\/AS12-50-7335-908x1024.png\" alt=\"\" width=\"908\" height=\"1024\" \/><p id=\"caption-attachment-985\" class=\"wp-caption-text\">A AS12-50-7335 mostra o afastamento do adaptador, que vai lentamente inclinando-se criando um interessante efeito de luz e sombra.<\/p><\/div>\n<p>&nbsp;<\/p>\n<div id=\"attachment_986\" style=\"width: 918px\" class=\"wp-caption alignnone\"><img aria-describedby=\"caption-attachment-986\" loading=\"lazy\" class=\"wp-image-986 size-large\" src=\"https:\/\/www.fenomenum.com.br\/novo\/wp-content\/uploads\/2022\/02\/AS12-50-7336-908x1024.png\" alt=\"\" width=\"908\" height=\"1024\" \/><p id=\"caption-attachment-986\" class=\"wp-caption-text\">A AS12-50-7336 mostra o afastamento do adaptador, que vai lentamente inclinando-se criando um interessante efeito de luz e sombra.<\/p><\/div>\n<p>&nbsp;<\/p>\n<div id=\"attachment_987\" style=\"width: 918px\" class=\"wp-caption alignnone\"><img aria-describedby=\"caption-attachment-987\" loading=\"lazy\" class=\"wp-image-987 size-large\" src=\"https:\/\/www.fenomenum.com.br\/novo\/wp-content\/uploads\/2022\/02\/AS12-50-7337-908x1024.png\" alt=\"\" width=\"908\" height=\"1024\" \/><p id=\"caption-attachment-987\" class=\"wp-caption-text\">A AS12-50-7337 mostra o afastamento do adaptador, que vai lentamente inclinando-se criando um interessante efeito de luz e sombra.<\/p><\/div>\n<p>&nbsp;<\/p>\n<div id=\"attachment_988\" style=\"width: 918px\" class=\"wp-caption alignnone\"><img aria-describedby=\"caption-attachment-988\" loading=\"lazy\" class=\"wp-image-988 size-large\" src=\"https:\/\/www.fenomenum.com.br\/novo\/wp-content\/uploads\/2022\/02\/AS12-50-7340-908x1024.png\" alt=\"\" width=\"908\" height=\"1024\" \/><p id=\"caption-attachment-988\" class=\"wp-caption-text\">A AS12-50-7340 mostra o afastamento do adaptador, que vai lentamente inclinando-se criando um interessante efeito de luz e sombra.<\/p><\/div>\n<p>&nbsp;<\/p>\n<div id=\"attachment_989\" style=\"width: 918px\" class=\"wp-caption alignnone\"><img aria-describedby=\"caption-attachment-989\" loading=\"lazy\" class=\"wp-image-989 size-large\" src=\"https:\/\/www.fenomenum.com.br\/novo\/wp-content\/uploads\/2022\/02\/AS12-50-7341-908x1024.png\" alt=\"\" width=\"908\" height=\"1024\" \/><p id=\"caption-attachment-989\" class=\"wp-caption-text\">A AS12-50-7341 mostra o afastamento do adaptador, que vai lentamente inclinando-se criando um interessante efeito de luz e sombra.<\/p><\/div>\n<p>&nbsp;<\/p>\n<div id=\"attachment_990\" style=\"width: 918px\" class=\"wp-caption alignnone\"><img aria-describedby=\"caption-attachment-990\" loading=\"lazy\" class=\"wp-image-990 size-large\" src=\"https:\/\/www.fenomenum.com.br\/novo\/wp-content\/uploads\/2022\/02\/AS12-50-7344-908x1024.png\" alt=\"\" width=\"908\" height=\"1024\" \/><p id=\"caption-attachment-990\" class=\"wp-caption-text\">A AS12-50-7344 mostra o afastamento do adaptador, que vai lentamente inclinando-se criando um interessante efeito de luz e sombra.<\/p><\/div>\n<p>&nbsp;<\/p>\n<div id=\"attachment_991\" style=\"width: 918px\" class=\"wp-caption alignnone\"><img aria-describedby=\"caption-attachment-991\" loading=\"lazy\" class=\"wp-image-991 size-large\" src=\"https:\/\/www.fenomenum.com.br\/novo\/wp-content\/uploads\/2022\/02\/AS12-50-7345-908x1024.png\" alt=\"\" width=\"908\" height=\"1024\" \/><p id=\"caption-attachment-991\" class=\"wp-caption-text\">A AS12-50-7345 mostra o afastamento do adaptador, que vai lentamente inclinando-se criando um interessante efeito de luz e sombra.<\/p><\/div>\n<p>&nbsp;<\/p>\n<div id=\"attachment_992\" style=\"width: 918px\" class=\"wp-caption aligncenter\"><img aria-describedby=\"caption-attachment-992\" loading=\"lazy\" class=\"wp-image-992 size-large\" src=\"https:\/\/www.fenomenum.com.br\/novo\/wp-content\/uploads\/2022\/02\/AS12-50-7346-908x1024.png\" alt=\"\" width=\"908\" height=\"1024\" \/><p id=\"caption-attachment-992\" class=\"wp-caption-text\">A AS12-50-7346 mostra o afastamento do adaptador, que vai lentamente inclinando-se criando um interessante efeito de luz e sombra.<\/p><\/div>\n<p>&nbsp;<\/p>\n<p>Se ainda restar alguma d\u00favida basta darmos uma olhada nas imagens seguintes para ter a certeza de o tal OVNI n\u00e3o passa de um m\u00f3dulo descartado. S\u00e3o amplia\u00e7\u00f5es realizadas a partir de imagens em alta resolu\u00e7\u00e3o sem qualquer tipo de tratamento especial. Percebe-se que as alegadas imagens de OVNIs s\u00e3o imagens desfocadas do objeto.<\/p>\n<div id=\"attachment_994\" style=\"width: 375px\" class=\"wp-caption aligncenter\"><img aria-describedby=\"caption-attachment-994\" loading=\"lazy\" class=\"wp-image-994 size-full\" src=\"https:\/\/www.fenomenum.com.br\/novo\/wp-content\/uploads\/2022\/02\/satvhighres.jpg\" alt=\"\" width=\"365\" height=\"290\" srcset=\"https:\/\/www.fenomenum.com.br\/novo\/wp-content\/uploads\/2022\/02\/satvhighres.jpg 365w, https:\/\/www.fenomenum.com.br\/novo\/wp-content\/uploads\/2022\/02\/satvhighres-250x199.jpg 250w, https:\/\/www.fenomenum.com.br\/novo\/wp-content\/uploads\/2022\/02\/satvhighres-150x119.jpg 150w, https:\/\/www.fenomenum.com.br\/novo\/wp-content\/uploads\/2022\/02\/satvhighres-50x40.jpg 50w, https:\/\/www.fenomenum.com.br\/novo\/wp-content\/uploads\/2022\/02\/satvhighres-100x79.jpg 100w, https:\/\/www.fenomenum.com.br\/novo\/wp-content\/uploads\/2022\/02\/satvhighres-200x159.jpg 200w, https:\/\/www.fenomenum.com.br\/novo\/wp-content\/uploads\/2022\/02\/satvhighres-300x238.jpg 300w, https:\/\/www.fenomenum.com.br\/novo\/wp-content\/uploads\/2022\/02\/satvhighres-350x278.jpg 350w\" sizes=\"(max-width: 365px) 100vw, 365px\" \/><p id=\"caption-attachment-994\" class=\"wp-caption-text\">Comparativo entre a fotografia original e seu detalhes com o modelo de adaptador utilizado para o M\u00f3dulo Lunar, no Programa Apollo.<\/p><\/div>\n<div>\n<p>Infelizmente esse caso n\u00e3o \u00e9 \u00fanico. Existem in\u00fameras outras em que fagulhas do m\u00f3dulo, peda\u00e7os da c\u00e1psula, m\u00f3dulos descartados ou em manobras, reflexos, etc., s\u00e3o utilizados como exemplos de registros ufol\u00f3gicos.<\/p>\n<p>&nbsp;<\/p>\n<\/div>\n<p><a name=\"comentarios\"><\/a><\/p>\n<h2>Refer\u00eancias:<\/h2>\n<hr \/>\n<ol>\n<li><a href=\"https:\/\/tothemoon.ser.asu.edu\/gallery\/Apollo\/12\/Hasselblad%20500EL%2070%20mm\">March to the Moon<\/a><\/li>\n<li><a href=\"https:\/\/www.flickr.com\/photos\/projectapolloarchive\/albums\/72157656754109323\">Flickr Apollo\u00a0<\/a><\/li>\n<\/ol>\n<p>&nbsp;<\/p>\n<p>&nbsp;<\/p>\n","protected":false},"excerpt":{"rendered":"<p>A famosa fotografia de um disco voador luminoso, atribu\u00edda \u00e0 Apollo 12, \u00e9 mais um caso de erro de interpreta\u00e7\u00e3o. Desde o in\u00edcio do Programa Apollo especula-se sobre poss\u00edveis contatos com naves e alien\u00edgenas durante as miss\u00f5es. Muitos uf\u00f3logos, entusiasmados com a possibilidade, condicionaram-se a tal ponto, chegando a ver coisas onde elas n\u00e3o existem. [&hellip;]<\/p>\n","protected":false},"author":4,"featured_media":993,"comment_status":"open","ping_status":"open","sticky":false,"template":"","format":"standard","meta":{"inline_featured_image":false},"categories":[118],"tags":[],"_links":{"self":[{"href":"https:\/\/www.fenomenum.com.br\/novo\/wp-json\/wp\/v2\/posts\/978"}],"collection":[{"href":"https:\/\/www.fenomenum.com.br\/novo\/wp-json\/wp\/v2\/posts"}],"about":[{"href":"https:\/\/www.fenomenum.com.br\/novo\/wp-json\/wp\/v2\/types\/post"}],"author":[{"embeddable":true,"href":"https:\/\/www.fenomenum.com.br\/novo\/wp-json\/wp\/v2\/users\/4"}],"replies":[{"embeddable":true,"href":"https:\/\/www.fenomenum.com.br\/novo\/wp-json\/wp\/v2\/comments?post=978"}],"version-history":[{"count":1,"href":"https:\/\/www.fenomenum.com.br\/novo\/wp-json\/wp\/v2\/posts\/978\/revisions"}],"predecessor-version":[{"id":7023,"href":"https:\/\/www.fenomenum.com.br\/novo\/wp-json\/wp\/v2\/posts\/978\/revisions\/7023"}],"wp:featuredmedia":[{"embeddable":true,"href":"https:\/\/www.fenomenum.com.br\/novo\/wp-json\/wp\/v2\/media\/993"}],"wp:attachment":[{"href":"https:\/\/www.fenomenum.com.br\/novo\/wp-json\/wp\/v2\/media?parent=978"}],"wp:term":[{"taxonomy":"category","embeddable":true,"href":"https:\/\/www.fenomenum.com.br\/novo\/wp-json\/wp\/v2\/categories?post=978"},{"taxonomy":"post_tag","embeddable":true,"href":"https:\/\/www.fenomenum.com.br\/novo\/wp-json\/wp\/v2\/tags?post=978"}],"curies":[{"name":"wp","href":"https:\/\/api.w.org\/{rel}","templated":true}]}}